{"id":3903,"date":"2025-01-17T16:38:00","date_gmt":"2025-01-17T19:38:00","guid":{"rendered":"https:\/\/www.fracturaexpuesta.com.ar\/gotan\/?p=3903"},"modified":"2025-03-04T22:52:59","modified_gmt":"2025-03-05T01:52:59","slug":"los-consejos-de-edmundo-rivero-a-la-hora-de-cantar","status":"publish","type":"post","link":"https:\/\/www.fracturaexpuesta.com.ar\/gotan\/los-consejos-de-edmundo-rivero-a-la-hora-de-cantar\/","title":{"rendered":"Los consejos de Edmundo Rivero a la hora de cantar"},"content":{"rendered":"\n<p class=\"wp-block-paragraph\">En febrero se cumplen 40 a\u00f1os de la edici\u00f3n de <em>Las voces, Gardel y el canto<\/em>, el libro con el que Edmundo Rivero dej\u00f3 plasmado el testimonio y la experiencia en su oficio de cantor.<\/p>\n\n\n\n<p class=\"wp-block-paragraph\">Con la publicaci\u00f3n del material, Rivero se adentr\u00f3 en un riguroso estudio que ofrece trayectorias filos\u00f3ficas, hist\u00f3ricas, t\u00e9cnicas y personales sobre la voz, la relevancia y caracter\u00edsticas de Gardel en la cultura vocal y una serie de recomendaciones y observaciones acerca del arte de cantar.<\/p>\n\n\n\n<figure class=\"wp-block-image size-full\"><img loading=\"lazy\" decoding=\"async\" width=\"809\" height=\"1103\" src=\"https:\/\/www.fracturaexpuesta.com.ar\/gotan\/wp-content\/uploads\/2025\/03\/Edmundo-Rivero-Las-voces-Gardel-y-el-canto-1985_page-0001.jpg\" alt=\"\" class=\"wp-image-3904\"\/><figcaption class=\"wp-element-caption\"><em><mark style=\"background-color:rgba(0, 0, 0, 0)\" class=\"has-inline-color has-cyan-bluish-gray-color\">La portada del libro de Edmundo Rivero (1985)<\/mark><\/em><\/figcaption><\/figure>\n\n\n\n<p class=\"wp-block-paragraph\">\u201cLes dejo una serie de experiencias y observaciones hechas a lo largo de mi actividad\u201d, dice Rivero en el texto inicial de su libro.<\/p>\n\n\n\n<p class=\"wp-block-paragraph\">Y contin\u00faa: \u201cCreo que el secreto reside, primero, en el cuidado personal, basado en un lema que se me ocurri\u00f3 hace tiempo: el hombre se perjudica por la boca, por lo que come indiscriminadamente y por lo que habla. Esto se puede evitar dedic\u00e1ndose con amor a la profesi\u00f3n y al semejante, que es el depositario de lo que uno canta y que espera que no se le defraude\u201d.<\/p>\n\n\n\n<p class=\"wp-block-paragraph\">\u201cEl feo\u201d \u2013o \u201cGaucho\u201d como lo apodaba Troilo- cruz\u00f3 el barrio sin regresar el 18 de enero de 1986, a casi un a\u00f1o de haber publicado su libro.<\/p>\n\n\n\n<p class=\"wp-block-paragraph\">Pasaron 39 a\u00f1os de la partida de una de las voces fundamentales del tango, aire de voz sustanciosa que supo reponerse con integridad y disciplina a las resistencias y sorderas de la doxa tanguera, la misma disciplina que vierte en las p\u00e1ginas de Las voces, Gardel y el canto.<\/p>\n\n\n\n<h2 class=\"wp-block-heading\">10 consejos de Rivero al momento de cantar<\/h2>\n\n\n\n<p class=\"wp-block-paragraph\"><strong>1)<\/strong> \u201cEl elemento m\u00e1s importante para la emisi\u00f3n de la voz es el aire. Para tener gran capacidad de aire hay que saber inspirarlo y expirarlo, de tal modo que no exija esfuerzo alguno\u201d (\u2026) La voz est\u00e1 puesta por naturaleza; no hay que tratar de cantar en otro timbre porque se da\u00f1a, tampoco hacerlo forzando la tesitura\u201d.<\/p>\n\n\n\n<p class=\"wp-block-paragraph\"><strong>2)<\/strong> \u201cEn mi larga experiencia en el canto, siempre se acercan a El Viejo Almac\u00e9n chicos y j\u00f3venes o gente mayor para que los escuche. De este modo, a trav\u00e9s de la expresi\u00f3n de estos cantores, he logrado interiorizarme de una peculiar mentalidad, que fue clasificada por Rossini con muy buen humor: hay quienes saben cantar y no tienen voz, hay otros que tienen voz y no saben cantar, est\u00e1n los que saben cantar y tienen voz y est\u00e1n los que no saben cantar ni tienen voz. Estos \u00faltimos son los que creen que saben y como no saben que no saben, son adem\u00e1s, los que nunca aprenden porque no aceptan indicaciones de los que saben\u201d.<\/p>\n\n\n\n<figure class=\"wp-block-image size-full\"><img loading=\"lazy\" decoding=\"async\" width=\"1507\" height=\"1507\" src=\"https:\/\/www.fracturaexpuesta.com.ar\/gotan\/wp-content\/uploads\/2025\/03\/edmundo-rivero.jpg\" alt=\"\" class=\"wp-image-3908\"\/><figcaption class=\"wp-element-caption\"><em><mark style=\"background-color:rgba(0, 0, 0, 0)\" class=\"has-inline-color has-cyan-bluish-gray-color\">Edmundo Rivero<\/mark><\/em><\/figcaption><\/figure>\n\n\n\n<p class=\"wp-block-paragraph\"><strong>3)<\/strong> De mi experiencia de muchos a\u00f1os como cantante, he aprendido algunas cosas que deben tener en cuenta los que reci\u00e9n se inician en este arte.<\/p>\n\n\n\n<p class=\"wp-block-paragraph\">\u2014 aprender bien el tema.<br>\u2014 crear en la mente paisajes donde se desarrolla el tema.<br>\u2014 practicar ejercicios con lectura.<br>\u2014 habitar y aprender de memoria la letra, recitarla ante el espejo con sus comas y silencios, etc.<br>\u2014 agregar la m\u00fasica a la palabra.<br>\u2014 buscar el tono de acuerdo a su timbre, a su tesitura y al tema.<br>\u2014 si el tema es alegre, el tono m\u00e1s alto posible; si es dram\u00e1tico, lo m\u00e1s bajo y en algunos casos, gregoriano.<br>\u2014 el tiempo, si es alegre, m\u00e1s r\u00e1pido; si es drama, m\u00e1s lento.<br>\u2014 interpretar.<br>\u2014 ver memorias.<br>\u2014 aplicaci\u00f3n de la voz (adornos \u00fatiles para embellecer sonidos y palabras, expresi\u00f3n justa).<br>\u2014 sensaciones del tema.<br>\u2014 en finales de frase, cuando la s\u00edlaba es grave, \u201cla ante\u00faltima nota\u201d, lizarla hasta la \u00faltima que cierra el comp\u00e1s, apoyando los tiempos fuertes para conservar el ritmo dentro del comp\u00e1s.<\/p>\n\n\n\n<figure class=\"wp-block-image size-full\"><img loading=\"lazy\" decoding=\"async\" width=\"913\" height=\"1290\" src=\"https:\/\/www.fracturaexpuesta.com.ar\/gotan\/wp-content\/uploads\/2025\/03\/Edmundo-Rivero-Las-voces-Gardel-y-el-canto-1985_page-0061.jpg\" alt=\"\" class=\"wp-image-3911\"\/><figcaption class=\"wp-element-caption\"><em>Una de las p\u00e1ginas del libro de Rivero.<\/em><\/figcaption><\/figure>\n\n\n\n<p class=\"wp-block-paragraph\"><strong>4)<\/strong> \u201cEl cantante que gana popularidad debe despu\u00e9s conquistar prestigio. Una vez logrado \u00e9ste, debe cuidarlo tanto como a la voz. No hay que olvidar que \u00e9l dejar\u00e1 de cantar pero que el prestigio perdurar\u00e1 y se agrandar\u00e1 en el tiempo\u201d.<\/p>\n\n\n\n<p class=\"wp-block-paragraph\"><strong>5)<\/strong> \u201cAl comenzar la funci\u00f3n, siempre debe colocarse un tema conocido y gustado por el p\u00fablico; al finalizar, debe interpretarse el de m\u00e1s impacto en el repertorio. Dicen los italianos: empieza bien y termina bien, lo dem\u00e1s es para que se destaque el final\u201d.<\/p>\n\n\n\n<p class=\"wp-block-paragraph\"><strong>6)<\/strong> \u201cEs preferible que los temas nuestros sean contados y no cantados\u201d.<\/p>\n\n\n\n<figure class=\"wp-block-embed is-type-video is-provider-youtube wp-block-embed-youtube wp-embed-aspect-4-3 wp-has-aspect-ratio\"><div class=\"wp-block-embed__wrapper\">\n<iframe loading=\"lazy\" title=\"Edmundo Rivero  -  Sur\" width=\"1170\" height=\"878\" src=\"https:\/\/www.youtube.com\/embed\/WYd1JrlYyI0?feature=oembed\" frameborder=\"0\" allow=\"accelerometer; autoplay; clipboard-write; encrypted-media; gyroscope; picture-in-picture; web-share\" referrerpolicy=\"strict-origin-when-cross-origin\" allowfullscreen><\/iframe>\n<\/div><\/figure>\n\n\n\n<p class=\"wp-block-paragraph\"><strong>7)<\/strong> \u201cDice la gente del campo con respecto a cierto cantor: \u2018No canta bien pero canta fuerte\u2019. Esta sabia observaci\u00f3n instintiva significa que es preferible cantar a media voz que con toda ella, salvo en ocasiones que lo exijan la melod\u00eda y la letra\u201d.<\/p>\n\n\n\n<p class=\"wp-block-paragraph\"><strong>8)<\/strong> \u201cLa voz tiene que estar al servicio del tema y no a la inversa\u201d.<\/p>\n\n\n\n<p class=\"wp-block-paragraph\"><strong>9)<\/strong> \u201cSiempre hay que vocalizar antes de la primera funci\u00f3n (si hay varias). El artista debe estar en el camar\u00edn en perfecto estado: haber descansado por lo menos 8 horas, hablar lo menos posible hasta pasadas las 10 o 12 horas de la funci\u00f3n anterior. Ingerir alimentos livianos lo menos 2 o 3 horas antes. Hacer ejercicios respiratorios adecuados al canto, de acuerdo a lo indicado por el maestro. Llegar lo menos 1 hora antes al lugar de la actuaci\u00f3n para aclimatarse al ambiente, al cambio de temperatura y vocalizar media hora como m\u00ednimo\u201d.<\/p>\n\n\n\n<p class=\"wp-block-paragraph\"><strong>10)<\/strong> \u201cEl cantante es el encargado de hacer sentir lo que siente, creer lo que \u00e9l cree, acomodar la voluntad del oyente a la suya, hacer sentir sus sensaciones, que son las mismas que le traduce el tema\u201d.<\/p>\n\n\n\n<h2 class=\"wp-block-heading\">Bonus track<\/h2>\n\n\n\n<p class=\"wp-block-paragraph\">\u201cLas manos: apoyar\u00e1n la palabra. Recordemos que el primer idioma del hombre fue el gesto. En la \u00e9poca actual a\u00fan se usa para se\u00f1alar e indicar posiciones: alto, bajo, gordo, peque\u00f1o. Con los dedos, para rubricar el total\u201d.<\/p>\n\n\n\n<p class=\"wp-block-paragraph\">\u201cNo debe olvidarse nunca que se puede tener un gran instinto art\u00edstico, un impulso natural con mucho encanto, un buen color de voz, pero todo esto, por bueno que sea, es necesario cultivarlo. Eso es lo que hizo Gardel. Sigamos su ejemplo\u201d.<\/p>\n\n\n\n<figure class=\"wp-block-image size-full\"><img loading=\"lazy\" decoding=\"async\" width=\"1024\" height=\"835\" src=\"https:\/\/www.fracturaexpuesta.com.ar\/gotan\/wp-content\/uploads\/2025\/03\/Anibal-Troilo-Edmundo-Rivero.jpg\" alt=\"\" class=\"wp-image-3913\"\/><figcaption class=\"wp-element-caption\"><em><mark style=\"background-color:rgba(0, 0, 0, 0)\" class=\"has-inline-color has-cyan-bluish-gray-color\">An\u00edbal Troilo y Edmundo Rivero<\/mark><\/em><\/figcaption><\/figure>\n","protected":false},"excerpt":{"rendered":"<p>A cuatro d\u00e9cadas de la aparici\u00f3n del libro &#8220;Las voces, Gardel y el canto&#8221;, de Edmundo Rivero. A 39 a\u00f1os de su muerte.<\/p>\n","protected":false},"author":1,"featured_media":61,"comment_status":"open","ping_status":"open","sticky":false,"template":"","format":"standard","meta":{"footnotes":""},"categories":[7],"tags":[73,74,72],"class_list":["post-3903","post","type-post","status-publish","format-standard","has-post-thumbnail","hentry","category-noticias","tag-edmundo-rivero","tag-gardel","tag-libros"],"yoast_head":"<!-- This site is optimized with the Yoast SEO plugin v28.4 - https:\/\/yoast.com\/product\/yoast-seo-wordpress\/ -->\n<title>Los consejos de Edmundo Rivero a la hora de cantar &#187; Fractura Expuesta | Tango!<\/title>\n<meta name=\"robots\" content=\"index, follow, max-snippet:-1, max-image-preview:large, max-video-preview:-1\" \/>\n<link rel=\"canonical\" href=\"https:\/\/www.fracturaexpuesta.com.ar\/gotan\/los-consejos-de-edmundo-rivero-a-la-hora-de-cantar\/\" \/>\n<meta property=\"og:locale\" content=\"es_ES\" \/>\n<meta property=\"og:type\" content=\"article\" \/>\n<meta property=\"og:title\" content=\"Los consejos de Edmundo Rivero a la hora de cantar &#187; Fractura Expuesta | Tango!\" \/>\n<meta property=\"og:description\" content=\"A cuatro d\u00e9cadas de la aparici\u00f3n del libro &quot;Las voces, Gardel y el canto&quot;, de Edmundo Rivero. A 39 a\u00f1os de su muerte.\" \/>\n<meta property=\"og:url\" content=\"https:\/\/www.fracturaexpuesta.com.ar\/gotan\/los-consejos-de-edmundo-rivero-a-la-hora-de-cantar\/\" \/>\n<meta property=\"og:site_name\" content=\"Fractura Expuesta | Tango!\" \/>\n<meta property=\"article:author\" content=\"https:\/\/www.facebook.com\/fracturaexpuestaok\" \/>\n<meta property=\"article:published_time\" content=\"2025-01-17T19:38:00+00:00\" \/>\n<meta property=\"article:modified_time\" content=\"2025-03-05T01:52:59+00:00\" \/>\n<meta property=\"og:image\" content=\"https:\/\/www.fracturaexpuesta.com.ar\/gotan\/wp-content\/uploads\/2025\/02\/edmundo-rivero-las-voces-gardel-y-el-canto.png\" \/>\n\t<meta property=\"og:image:width\" content=\"950\" \/>\n\t<meta property=\"og:image:height\" content=\"600\" \/>\n\t<meta property=\"og:image:type\" content=\"image\/png\" \/>\n<meta name=\"author\" content=\"Fractura Expuesta\" \/>\n<meta name=\"twitter:card\" content=\"summary_large_image\" \/>\n<meta name=\"twitter:creator\" content=\"@https:\/\/x.com\/fracturatango\" \/>\n<meta name=\"twitter:label1\" content=\"Escrito por\" \/>\n\t<meta name=\"twitter:data1\" content=\"Fractura Expuesta\" \/>\n\t<meta name=\"twitter:label2\" content=\"Tiempo de lectura\" \/>\n\t<meta name=\"twitter:data2\" content=\"5 minutos\" \/>\n<script type=\"application\/ld+json\" class=\"yoast-schema-graph\">{\"@context\":\"https:\\\/\\\/schema.org\",\"@graph\":[{\"@type\":\"Article\",\"@id\":\"https:\\\/\\\/www.fracturaexpuesta.com.ar\\\/gotan\\\/los-consejos-de-edmundo-rivero-a-la-hora-de-cantar\\\/#article\",\"isPartOf\":{\"@id\":\"https:\\\/\\\/www.fracturaexpuesta.com.ar\\\/gotan\\\/los-consejos-de-edmundo-rivero-a-la-hora-de-cantar\\\/\"},\"author\":{\"name\":\"Fractura Expuesta\",\"@id\":\"https:\\\/\\\/www.fracturaexpuesta.com.ar\\\/gotan\\\/#\\\/schema\\\/person\\\/d8266939f778485b13ad2174aa9e199e\"},\"headline\":\"Los consejos de Edmundo Rivero a la hora de cantar\",\"datePublished\":\"2025-01-17T19:38:00+00:00\",\"dateModified\":\"2025-03-05T01:52:59+00:00\",\"mainEntityOfPage\":{\"@id\":\"https:\\\/\\\/www.fracturaexpuesta.com.ar\\\/gotan\\\/los-consejos-de-edmundo-rivero-a-la-hora-de-cantar\\\/\"},\"wordCount\":1041,\"commentCount\":0,\"publisher\":{\"@id\":\"https:\\\/\\\/www.fracturaexpuesta.com.ar\\\/gotan\\\/#organization\"},\"image\":{\"@id\":\"https:\\\/\\\/www.fracturaexpuesta.com.ar\\\/gotan\\\/los-consejos-de-edmundo-rivero-a-la-hora-de-cantar\\\/#primaryimage\"},\"thumbnailUrl\":\"https:\\\/\\\/www.fracturaexpuesta.com.ar\\\/gotan\\\/wp-content\\\/uploads\\\/2025\\\/02\\\/edmundo-rivero-las-voces-gardel-y-el-canto.png\",\"keywords\":[\"edmundo rivero\",\"gardel\",\"libros\"],\"articleSection\":[\"Noticias\"],\"inLanguage\":\"es-AR\",\"potentialAction\":[{\"@type\":\"CommentAction\",\"name\":\"Comment\",\"target\":[\"https:\\\/\\\/www.fracturaexpuesta.com.ar\\\/gotan\\\/los-consejos-de-edmundo-rivero-a-la-hora-de-cantar\\\/#respond\"]}]},{\"@type\":\"WebPage\",\"@id\":\"https:\\\/\\\/www.fracturaexpuesta.com.ar\\\/gotan\\\/los-consejos-de-edmundo-rivero-a-la-hora-de-cantar\\\/\",\"url\":\"https:\\\/\\\/www.fracturaexpuesta.com.ar\\\/gotan\\\/los-consejos-de-edmundo-rivero-a-la-hora-de-cantar\\\/\",\"name\":\"Los consejos de Edmundo Rivero a la hora de cantar &#187; Fractura Expuesta | Tango!\",\"isPartOf\":{\"@id\":\"https:\\\/\\\/www.fracturaexpuesta.com.ar\\\/gotan\\\/#website\"},\"primaryImageOfPage\":{\"@id\":\"https:\\\/\\\/www.fracturaexpuesta.com.ar\\\/gotan\\\/los-consejos-de-edmundo-rivero-a-la-hora-de-cantar\\\/#primaryimage\"},\"image\":{\"@id\":\"https:\\\/\\\/www.fracturaexpuesta.com.ar\\\/gotan\\\/los-consejos-de-edmundo-rivero-a-la-hora-de-cantar\\\/#primaryimage\"},\"thumbnailUrl\":\"https:\\\/\\\/www.fracturaexpuesta.com.ar\\\/gotan\\\/wp-content\\\/uploads\\\/2025\\\/02\\\/edmundo-rivero-las-voces-gardel-y-el-canto.png\",\"datePublished\":\"2025-01-17T19:38:00+00:00\",\"dateModified\":\"2025-03-05T01:52:59+00:00\",\"breadcrumb\":{\"@id\":\"https:\\\/\\\/www.fracturaexpuesta.com.ar\\\/gotan\\\/los-consejos-de-edmundo-rivero-a-la-hora-de-cantar\\\/#breadcrumb\"},\"inLanguage\":\"es-AR\",\"potentialAction\":[{\"@type\":\"ReadAction\",\"target\":[\"https:\\\/\\\/www.fracturaexpuesta.com.ar\\\/gotan\\\/los-consejos-de-edmundo-rivero-a-la-hora-de-cantar\\\/\"]}]},{\"@type\":\"ImageObject\",\"inLanguage\":\"es-AR\",\"@id\":\"https:\\\/\\\/www.fracturaexpuesta.com.ar\\\/gotan\\\/los-consejos-de-edmundo-rivero-a-la-hora-de-cantar\\\/#primaryimage\",\"url\":\"https:\\\/\\\/www.fracturaexpuesta.com.ar\\\/gotan\\\/wp-content\\\/uploads\\\/2025\\\/02\\\/edmundo-rivero-las-voces-gardel-y-el-canto.png\",\"contentUrl\":\"https:\\\/\\\/www.fracturaexpuesta.com.ar\\\/gotan\\\/wp-content\\\/uploads\\\/2025\\\/02\\\/edmundo-rivero-las-voces-gardel-y-el-canto.png\",\"width\":950,\"height\":600},{\"@type\":\"BreadcrumbList\",\"@id\":\"https:\\\/\\\/www.fracturaexpuesta.com.ar\\\/gotan\\\/los-consejos-de-edmundo-rivero-a-la-hora-de-cantar\\\/#breadcrumb\",\"itemListElement\":[{\"@type\":\"ListItem\",\"position\":1,\"name\":\"Inicio\",\"item\":\"https:\\\/\\\/www.fracturaexpuesta.com.ar\\\/gotan\\\/\"},{\"@type\":\"ListItem\",\"position\":2,\"name\":\"Los consejos de Edmundo Rivero a la hora de cantar\"}]},{\"@type\":\"WebSite\",\"@id\":\"https:\\\/\\\/www.fracturaexpuesta.com.ar\\\/gotan\\\/#website\",\"url\":\"https:\\\/\\\/www.fracturaexpuesta.com.ar\\\/gotan\\\/\",\"name\":\"Fractura Expuesta | Tango!\",\"description\":\"\",\"publisher\":{\"@id\":\"https:\\\/\\\/www.fracturaexpuesta.com.ar\\\/gotan\\\/#organization\"},\"potentialAction\":[{\"@type\":\"SearchAction\",\"target\":{\"@type\":\"EntryPoint\",\"urlTemplate\":\"https:\\\/\\\/www.fracturaexpuesta.com.ar\\\/gotan\\\/?s={search_term_string}\"},\"query-input\":{\"@type\":\"PropertyValueSpecification\",\"valueRequired\":true,\"valueName\":\"search_term_string\"}}],\"inLanguage\":\"es-AR\"},{\"@type\":\"Organization\",\"@id\":\"https:\\\/\\\/www.fracturaexpuesta.com.ar\\\/gotan\\\/#organization\",\"name\":\"Fractura Expuesta | Tango!\",\"url\":\"https:\\\/\\\/www.fracturaexpuesta.com.ar\\\/gotan\\\/\",\"logo\":{\"@type\":\"ImageObject\",\"inLanguage\":\"es-AR\",\"@id\":\"https:\\\/\\\/www.fracturaexpuesta.com.ar\\\/gotan\\\/#\\\/schema\\\/logo\\\/image\\\/\",\"url\":\"https:\\\/\\\/www.fracturaexpuesta.com.ar\\\/gotan\\\/wp-content\\\/uploads\\\/2025\\\/03\\\/avatar2centroOK.jpg\",\"contentUrl\":\"https:\\\/\\\/www.fracturaexpuesta.com.ar\\\/gotan\\\/wp-content\\\/uploads\\\/2025\\\/03\\\/avatar2centroOK.jpg\",\"width\":600,\"height\":600,\"caption\":\"Fractura Expuesta | Tango!\"},\"image\":{\"@id\":\"https:\\\/\\\/www.fracturaexpuesta.com.ar\\\/gotan\\\/#\\\/schema\\\/logo\\\/image\\\/\"}},{\"@type\":\"Person\",\"@id\":\"https:\\\/\\\/www.fracturaexpuesta.com.ar\\\/gotan\\\/#\\\/schema\\\/person\\\/d8266939f778485b13ad2174aa9e199e\",\"name\":\"Fractura Expuesta\",\"image\":{\"@type\":\"ImageObject\",\"inLanguage\":\"es-AR\",\"@id\":\"https:\\\/\\\/secure.gravatar.com\\\/avatar\\\/c4bad1eb9f93dd4a42df3aa8b8e8b882ff893fcea188ee15488a845db442d7ec?s=96&d=mm&r=g\",\"url\":\"https:\\\/\\\/secure.gravatar.com\\\/avatar\\\/c4bad1eb9f93dd4a42df3aa8b8e8b882ff893fcea188ee15488a845db442d7ec?s=96&d=mm&r=g\",\"contentUrl\":\"https:\\\/\\\/secure.gravatar.com\\\/avatar\\\/c4bad1eb9f93dd4a42df3aa8b8e8b882ff893fcea188ee15488a845db442d7ec?s=96&d=mm&r=g\",\"caption\":\"Fractura Expuesta\"},\"description\":\"Sitio de tango y noticias culturales. Desde 2003, el espacio referente del tango de estos tiempos.\",\"sameAs\":[\"https:\\\/\\\/www.fracturaexpuesta.com.ar\",\"https:\\\/\\\/www.facebook.com\\\/fracturaexpuestaok\",\"https:\\\/\\\/www.instagram.com\\\/fracturaexpuesta\",\"https:\\\/\\\/x.com\\\/https:\\\/\\\/x.com\\\/fracturatango\",\"https:\\\/\\\/www.youtube.com\\\/channel\\\/UCojA8Q0QDpnncOL8sfTHOHg\"],\"url\":\"https:\\\/\\\/www.fracturaexpuesta.com.ar\\\/gotan\\\/author\\\/fractura-expuesta\\\/\"}]}<\/script>\n<!-- \/ Yoast SEO plugin. -->","yoast_head_json":{"title":"Los consejos de Edmundo Rivero a la hora de cantar &#187; Fractura Expuesta | Tango!","robots":{"index":"index","follow":"follow","max-snippet":"max-snippet:-1","max-image-preview":"max-image-preview:large","max-video-preview":"max-video-preview:-1"},"canonical":"https:\/\/www.fracturaexpuesta.com.ar\/gotan\/los-consejos-de-edmundo-rivero-a-la-hora-de-cantar\/","og_locale":"es_ES","og_type":"article","og_title":"Los consejos de Edmundo Rivero a la hora de cantar &#187; Fractura Expuesta | Tango!","og_description":"A cuatro d\u00e9cadas de la aparici\u00f3n del libro \"Las voces, Gardel y el canto\", de Edmundo Rivero. A 39 a\u00f1os de su muerte.","og_url":"https:\/\/www.fracturaexpuesta.com.ar\/gotan\/los-consejos-de-edmundo-rivero-a-la-hora-de-cantar\/","og_site_name":"Fractura Expuesta | Tango!","article_author":"https:\/\/www.facebook.com\/fracturaexpuestaok","article_published_time":"2025-01-17T19:38:00+00:00","article_modified_time":"2025-03-05T01:52:59+00:00","og_image":[{"width":950,"height":600,"url":"https:\/\/www.fracturaexpuesta.com.ar\/gotan\/wp-content\/uploads\/2025\/02\/edmundo-rivero-las-voces-gardel-y-el-canto.png","type":"image\/png"}],"author":"Fractura Expuesta","twitter_card":"summary_large_image","twitter_creator":"@https:\/\/x.com\/fracturatango","twitter_misc":{"Escrito por":"Fractura Expuesta","Tiempo de lectura":"5 minutos"},"schema":{"@context":"https:\/\/schema.org","@graph":[{"@type":"Article","@id":"https:\/\/www.fracturaexpuesta.com.ar\/gotan\/los-consejos-de-edmundo-rivero-a-la-hora-de-cantar\/#article","isPartOf":{"@id":"https:\/\/www.fracturaexpuesta.com.ar\/gotan\/los-consejos-de-edmundo-rivero-a-la-hora-de-cantar\/"},"author":{"name":"Fractura Expuesta","@id":"https:\/\/www.fracturaexpuesta.com.ar\/gotan\/#\/schema\/person\/d8266939f778485b13ad2174aa9e199e"},"headline":"Los consejos de Edmundo Rivero a la hora de cantar","datePublished":"2025-01-17T19:38:00+00:00","dateModified":"2025-03-05T01:52:59+00:00","mainEntityOfPage":{"@id":"https:\/\/www.fracturaexpuesta.com.ar\/gotan\/los-consejos-de-edmundo-rivero-a-la-hora-de-cantar\/"},"wordCount":1041,"commentCount":0,"publisher":{"@id":"https:\/\/www.fracturaexpuesta.com.ar\/gotan\/#organization"},"image":{"@id":"https:\/\/www.fracturaexpuesta.com.ar\/gotan\/los-consejos-de-edmundo-rivero-a-la-hora-de-cantar\/#primaryimage"},"thumbnailUrl":"https:\/\/www.fracturaexpuesta.com.ar\/gotan\/wp-content\/uploads\/2025\/02\/edmundo-rivero-las-voces-gardel-y-el-canto.png","keywords":["edmundo rivero","gardel","libros"],"articleSection":["Noticias"],"inLanguage":"es-AR","potentialAction":[{"@type":"CommentAction","name":"Comment","target":["https:\/\/www.fracturaexpuesta.com.ar\/gotan\/los-consejos-de-edmundo-rivero-a-la-hora-de-cantar\/#respond"]}]},{"@type":"WebPage","@id":"https:\/\/www.fracturaexpuesta.com.ar\/gotan\/los-consejos-de-edmundo-rivero-a-la-hora-de-cantar\/","url":"https:\/\/www.fracturaexpuesta.com.ar\/gotan\/los-consejos-de-edmundo-rivero-a-la-hora-de-cantar\/","name":"Los consejos de Edmundo Rivero a la hora de cantar &#187; Fractura Expuesta | Tango!","isPartOf":{"@id":"https:\/\/www.fracturaexpuesta.com.ar\/gotan\/#website"},"primaryImageOfPage":{"@id":"https:\/\/www.fracturaexpuesta.com.ar\/gotan\/los-consejos-de-edmundo-rivero-a-la-hora-de-cantar\/#primaryimage"},"image":{"@id":"https:\/\/www.fracturaexpuesta.com.ar\/gotan\/los-consejos-de-edmundo-rivero-a-la-hora-de-cantar\/#primaryimage"},"thumbnailUrl":"https:\/\/www.fracturaexpuesta.com.ar\/gotan\/wp-content\/uploads\/2025\/02\/edmundo-rivero-las-voces-gardel-y-el-canto.png","datePublished":"2025-01-17T19:38:00+00:00","dateModified":"2025-03-05T01:52:59+00:00","breadcrumb":{"@id":"https:\/\/www.fracturaexpuesta.com.ar\/gotan\/los-consejos-de-edmundo-rivero-a-la-hora-de-cantar\/#breadcrumb"},"inLanguage":"es-AR","potentialAction":[{"@type":"ReadAction","target":["https:\/\/www.fracturaexpuesta.com.ar\/gotan\/los-consejos-de-edmundo-rivero-a-la-hora-de-cantar\/"]}]},{"@type":"ImageObject","inLanguage":"es-AR","@id":"https:\/\/www.fracturaexpuesta.com.ar\/gotan\/los-consejos-de-edmundo-rivero-a-la-hora-de-cantar\/#primaryimage","url":"https:\/\/www.fracturaexpuesta.com.ar\/gotan\/wp-content\/uploads\/2025\/02\/edmundo-rivero-las-voces-gardel-y-el-canto.png","contentUrl":"https:\/\/www.fracturaexpuesta.com.ar\/gotan\/wp-content\/uploads\/2025\/02\/edmundo-rivero-las-voces-gardel-y-el-canto.png","width":950,"height":600},{"@type":"BreadcrumbList","@id":"https:\/\/www.fracturaexpuesta.com.ar\/gotan\/los-consejos-de-edmundo-rivero-a-la-hora-de-cantar\/#breadcrumb","itemListElement":[{"@type":"ListItem","position":1,"name":"Inicio","item":"https:\/\/www.fracturaexpuesta.com.ar\/gotan\/"},{"@type":"ListItem","position":2,"name":"Los consejos de Edmundo Rivero a la hora de cantar"}]},{"@type":"WebSite","@id":"https:\/\/www.fracturaexpuesta.com.ar\/gotan\/#website","url":"https:\/\/www.fracturaexpuesta.com.ar\/gotan\/","name":"Fractura Expuesta | Tango!","description":"","publisher":{"@id":"https:\/\/www.fracturaexpuesta.com.ar\/gotan\/#organization"},"potentialAction":[{"@type":"SearchAction","target":{"@type":"EntryPoint","urlTemplate":"https:\/\/www.fracturaexpuesta.com.ar\/gotan\/?s={search_term_string}"},"query-input":{"@type":"PropertyValueSpecification","valueRequired":true,"valueName":"search_term_string"}}],"inLanguage":"es-AR"},{"@type":"Organization","@id":"https:\/\/www.fracturaexpuesta.com.ar\/gotan\/#organization","name":"Fractura Expuesta | Tango!","url":"https:\/\/www.fracturaexpuesta.com.ar\/gotan\/","logo":{"@type":"ImageObject","inLanguage":"es-AR","@id":"https:\/\/www.fracturaexpuesta.com.ar\/gotan\/#\/schema\/logo\/image\/","url":"https:\/\/www.fracturaexpuesta.com.ar\/gotan\/wp-content\/uploads\/2025\/03\/avatar2centroOK.jpg","contentUrl":"https:\/\/www.fracturaexpuesta.com.ar\/gotan\/wp-content\/uploads\/2025\/03\/avatar2centroOK.jpg","width":600,"height":600,"caption":"Fractura Expuesta | Tango!"},"image":{"@id":"https:\/\/www.fracturaexpuesta.com.ar\/gotan\/#\/schema\/logo\/image\/"}},{"@type":"Person","@id":"https:\/\/www.fracturaexpuesta.com.ar\/gotan\/#\/schema\/person\/d8266939f778485b13ad2174aa9e199e","name":"Fractura Expuesta","image":{"@type":"ImageObject","inLanguage":"es-AR","@id":"https:\/\/secure.gravatar.com\/avatar\/c4bad1eb9f93dd4a42df3aa8b8e8b882ff893fcea188ee15488a845db442d7ec?s=96&d=mm&r=g","url":"https:\/\/secure.gravatar.com\/avatar\/c4bad1eb9f93dd4a42df3aa8b8e8b882ff893fcea188ee15488a845db442d7ec?s=96&d=mm&r=g","contentUrl":"https:\/\/secure.gravatar.com\/avatar\/c4bad1eb9f93dd4a42df3aa8b8e8b882ff893fcea188ee15488a845db442d7ec?s=96&d=mm&r=g","caption":"Fractura Expuesta"},"description":"Sitio de tango y noticias culturales. Desde 2003, el espacio referente del tango de estos tiempos.","sameAs":["https:\/\/www.fracturaexpuesta.com.ar","https:\/\/www.facebook.com\/fracturaexpuestaok","https:\/\/www.instagram.com\/fracturaexpuesta","https:\/\/x.com\/https:\/\/x.com\/fracturatango","https:\/\/www.youtube.com\/channel\/UCojA8Q0QDpnncOL8sfTHOHg"],"url":"https:\/\/www.fracturaexpuesta.com.ar\/gotan\/author\/fractura-expuesta\/"}]}},"_links":{"self":[{"href":"https:\/\/www.fracturaexpuesta.com.ar\/gotan\/wp-json\/wp\/v2\/posts\/3903","targetHints":{"allow":["GET"]}}],"collection":[{"href":"https:\/\/www.fracturaexpuesta.com.ar\/gotan\/wp-json\/wp\/v2\/posts"}],"about":[{"href":"https:\/\/www.fracturaexpuesta.com.ar\/gotan\/wp-json\/wp\/v2\/types\/post"}],"author":[{"embeddable":true,"href":"https:\/\/www.fracturaexpuesta.com.ar\/gotan\/wp-json\/wp\/v2\/users\/1"}],"replies":[{"embeddable":true,"href":"https:\/\/www.fracturaexpuesta.com.ar\/gotan\/wp-json\/wp\/v2\/comments?post=3903"}],"version-history":[{"count":6,"href":"https:\/\/www.fracturaexpuesta.com.ar\/gotan\/wp-json\/wp\/v2\/posts\/3903\/revisions"}],"predecessor-version":[{"id":3914,"href":"https:\/\/www.fracturaexpuesta.com.ar\/gotan\/wp-json\/wp\/v2\/posts\/3903\/revisions\/3914"}],"wp:featuredmedia":[{"embeddable":true,"href":"https:\/\/www.fracturaexpuesta.com.ar\/gotan\/wp-json\/wp\/v2\/media\/61"}],"wp:attachment":[{"href":"https:\/\/www.fracturaexpuesta.com.ar\/gotan\/wp-json\/wp\/v2\/media?parent=3903"}],"wp:term":[{"taxonomy":"category","embeddable":true,"href":"https:\/\/www.fracturaexpuesta.com.ar\/gotan\/wp-json\/wp\/v2\/categories?post=3903"},{"taxonomy":"post_tag","embeddable":true,"href":"https:\/\/www.fracturaexpuesta.com.ar\/gotan\/wp-json\/wp\/v2\/tags?post=3903"}],"curies":[{"name":"wp","href":"https:\/\/api.w.org\/{rel}","templated":true}]}}