{"id":3924,"date":"2025-02-19T16:58:00","date_gmt":"2025-02-19T19:58:00","guid":{"rendered":"https:\/\/www.fracturaexpuesta.com.ar\/gotan\/?p=3924"},"modified":"2025-03-04T17:08:23","modified_gmt":"2025-03-04T20:08:23","slug":"picadito-de-tango-60-la-guitarra-del-tango-en-rosario-y-gonzalez-calo-de-estreno","status":"publish","type":"post","link":"https:\/\/www.fracturaexpuesta.com.ar\/gotan\/picadito-de-tango-60-la-guitarra-del-tango-en-rosario-y-gonzalez-calo-de-estreno\/","title":{"rendered":"Picadito de tango #60: la guitarra del tango en Rosario y Gonz\u00e1lez Calo de estreno"},"content":{"rendered":"\n<h2 class=\"wp-block-heading\">Un estudio de la guitarra tanguera desde Rosario<\/h2>\n\n\n\n<p class=\"wp-block-paragraph\">El guitarrista y docente Facundo Madrid (Furacero Quinteto) public\u00f3 recientemente <strong><em>La guitarra del tango en Rosario<\/em><\/strong>, un libro que explora el desarrollo hist\u00f3rico y cultural de los guitarristas del g\u00e9nero en la mencionada ciudad santafesina.<\/p>\n\n\n\n<p class=\"wp-block-paragraph\">El <strong>material de investigaci\u00f3n<\/strong> re\u00fane un inventario de m\u00fasicos, de canciones, discograf\u00edas, partituras, estilos, libros, premios, entrevistas, escenarios, instituciones, escuelas y programas de difusi\u00f3n, todo enfocado desde el territorio rosarino y guitarr\u00edstico. A la vez, compila an\u00e9cdotas, entrevistas y testimonios de los protagonistas.<\/p>\n\n\n\n<p class=\"wp-block-paragraph\">\u201cSu rica tradici\u00f3n musical ha sido un punto clave en la evoluci\u00f3n del tango, desde sus or\u00edgenes hasta su resurgimiento en las \u00faltimas dos d\u00e9cadas\u201d, remarca Madrid sobre el aporte rosarino al acervo tanguero.<\/p>\n\n\n\n<figure class=\"wp-block-image size-full\"><img loading=\"lazy\" decoding=\"async\" width=\"1080\" height=\"1081\" src=\"https:\/\/www.fracturaexpuesta.com.ar\/gotan\/wp-content\/uploads\/2025\/02\/La-guitarra-del-tango-en-Rosario-Editorial-Tinta-libre-2024.jpg\" alt=\"\" class=\"wp-image-3927\"\/><figcaption class=\"wp-element-caption\"><em><mark style=\"background-color:rgba(0, 0, 0, 0)\" class=\"has-inline-color has-cyan-bluish-gray-color\">Portada del libro de Facundo Madrid.<\/mark><\/em><\/figcaption><\/figure>\n\n\n\n<p class=\"wp-block-paragraph\">\u201cRosario sigue siendo un basti\u00f3n del tango, con una nueva generaci\u00f3n de m\u00fasicos que contin\u00faa el legado de este g\u00e9nero, asegurando su evoluci\u00f3n y relevancia en el panorama cultural argentino\u201d, dice al autor de La guitarra del tango en Rosario (Tinta Libre Ediciones).<\/p>\n\n\n\n<h2 class=\"wp-block-heading\">La nueva tradici\u00f3n<\/h2>\n\n\n\n<p class=\"wp-block-paragraph\"><em>Escaleras, candilazos y bald\u00edos <\/em>es el t\u00edtulo del nuevo \u00e1lbum del <strong>Quinteto Criollo Gonz\u00e1lez Calo<\/strong> en conjunto con el cantante <strong>Juan Seren<\/strong>.<\/p>\n\n\n\n<p class=\"wp-block-paragraph\">Recientemente lanzado en plataformas digitales, el material \u2013el tercero del quinteto- re\u00fane obras originales que sellan un destacado trabajo en materia de composici\u00f3n musical y po\u00e9tica.<\/p>\n\n\n\n<p class=\"wp-block-paragraph\">La escritura de Seren y las notas del bandoneonista Gonz\u00e1lez Calo siguen afianzando una dupla que, en su encuentro, fortalecen el car\u00e1cter distintivo de un grupo clave dentro de la escena actual del tango.<\/p>\n\n\n\n<figure class=\"wp-block-embed is-type-video is-provider-youtube wp-block-embed-youtube wp-embed-aspect-16-9 wp-has-aspect-ratio\"><div class=\"wp-block-embed__wrapper\">\n<iframe loading=\"lazy\" title=\"ESCALERAS, CANDILAZOS Y BALD\u00cdOS - Disco completo - Quinteto Criollo Gonz\u00e1lez Calo &amp; Juan Seren\" width=\"1170\" height=\"658\" src=\"https:\/\/www.youtube.com\/embed\/wcwL1vecPn8?feature=oembed\" frameborder=\"0\" allow=\"accelerometer; autoplay; clipboard-write; encrypted-media; gyroscope; picture-in-picture; web-share\" referrerpolicy=\"strict-origin-when-cross-origin\" allowfullscreen><\/iframe>\n<\/div><figcaption class=\"wp-element-caption\"><em>El disco completo del Quinteto Criollo Gonz\u00e1lez Calo.<\/em><\/figcaption><\/figure>\n","protected":false},"excerpt":{"rendered":"<p>Noticias breves (pero contundentes) de la escena contempor\u00e1nea del tango.<\/p>\n","protected":false},"author":1,"featured_media":3925,"comment_status":"open","ping_status":"open","sticky":false,"template":"","format":"standard","meta":{"footnotes":""},"categories":[7],"tags":[81,79,72,77,78,80],"class_list":["post-3924","post","type-post","status-publish","format-standard","has-post-thumbnail","hentry","category-noticias","tag-discos","tag-facundo-madrid","tag-libros","tag-picadito-de-tango","tag-quinteto-criollo-gonzalez-calo","tag-rosario"],"yoast_head":"<!-- This site is optimized with the Yoast SEO plugin v28.4 - https:\/\/yoast.com\/product\/yoast-seo-wordpress\/ -->\n<title>Picadito de tango #60: la guitarra del tango en Rosario y Gonz\u00e1lez Calo de estreno &#187; Fractura Expuesta | Tango!<\/title>\n<meta name=\"robots\" content=\"index, follow, max-snippet:-1, max-image-preview:large, max-video-preview:-1\" \/>\n<link rel=\"canonical\" href=\"https:\/\/www.fracturaexpuesta.com.ar\/gotan\/picadito-de-tango-60-la-guitarra-del-tango-en-rosario-y-gonzalez-calo-de-estreno\/\" \/>\n<meta property=\"og:locale\" content=\"es_ES\" \/>\n<meta property=\"og:type\" content=\"article\" \/>\n<meta property=\"og:title\" content=\"Picadito de tango #60: la guitarra del tango en Rosario y Gonz\u00e1lez Calo de estreno &#187; Fractura Expuesta | Tango!\" \/>\n<meta property=\"og:description\" content=\"Noticias breves (pero contundentes) de la escena contempor\u00e1nea del tango.\" \/>\n<meta property=\"og:url\" content=\"https:\/\/www.fracturaexpuesta.com.ar\/gotan\/picadito-de-tango-60-la-guitarra-del-tango-en-rosario-y-gonzalez-calo-de-estreno\/\" \/>\n<meta property=\"og:site_name\" content=\"Fractura Expuesta | Tango!\" \/>\n<meta property=\"article:author\" content=\"https:\/\/www.facebook.com\/fracturaexpuestaok\" \/>\n<meta property=\"article:published_time\" content=\"2025-02-19T19:58:00+00:00\" \/>\n<meta property=\"article:modified_time\" content=\"2025-03-04T20:08:23+00:00\" \/>\n<meta property=\"og:image\" content=\"https:\/\/www.fracturaexpuesta.com.ar\/gotan\/wp-content\/uploads\/2025\/03\/picadito-tango-60.jpg\" \/>\n\t<meta property=\"og:image:width\" content=\"950\" \/>\n\t<meta property=\"og:image:height\" content=\"650\" \/>\n\t<meta property=\"og:image:type\" content=\"image\/jpeg\" \/>\n<meta name=\"author\" content=\"Fractura Expuesta\" \/>\n<meta name=\"twitter:card\" content=\"summary_large_image\" \/>\n<meta name=\"twitter:creator\" content=\"@https:\/\/x.com\/fracturatango\" \/>\n<meta name=\"twitter:label1\" content=\"Escrito por\" \/>\n\t<meta name=\"twitter:data1\" content=\"Fractura Expuesta\" \/>\n\t<meta name=\"twitter:label2\" content=\"Tiempo de lectura\" \/>\n\t<meta name=\"twitter:data2\" content=\"1 minuto\" \/>\n<script type=\"application\/ld+json\" class=\"yoast-schema-graph\">{\"@context\":\"https:\\\/\\\/schema.org\",\"@graph\":[{\"@type\":\"Article\",\"@id\":\"https:\\\/\\\/www.fracturaexpuesta.com.ar\\\/gotan\\\/picadito-de-tango-60-la-guitarra-del-tango-en-rosario-y-gonzalez-calo-de-estreno\\\/#article\",\"isPartOf\":{\"@id\":\"https:\\\/\\\/www.fracturaexpuesta.com.ar\\\/gotan\\\/picadito-de-tango-60-la-guitarra-del-tango-en-rosario-y-gonzalez-calo-de-estreno\\\/\"},\"author\":{\"name\":\"Fractura Expuesta\",\"@id\":\"https:\\\/\\\/www.fracturaexpuesta.com.ar\\\/gotan\\\/#\\\/schema\\\/person\\\/d8266939f778485b13ad2174aa9e199e\"},\"headline\":\"Picadito de tango #60: la guitarra del tango en Rosario y Gonz\u00e1lez Calo de estreno\",\"datePublished\":\"2025-02-19T19:58:00+00:00\",\"dateModified\":\"2025-03-04T20:08:23+00:00\",\"mainEntityOfPage\":{\"@id\":\"https:\\\/\\\/www.fracturaexpuesta.com.ar\\\/gotan\\\/picadito-de-tango-60-la-guitarra-del-tango-en-rosario-y-gonzalez-calo-de-estreno\\\/\"},\"wordCount\":314,\"commentCount\":0,\"publisher\":{\"@id\":\"https:\\\/\\\/www.fracturaexpuesta.com.ar\\\/gotan\\\/#organization\"},\"image\":{\"@id\":\"https:\\\/\\\/www.fracturaexpuesta.com.ar\\\/gotan\\\/picadito-de-tango-60-la-guitarra-del-tango-en-rosario-y-gonzalez-calo-de-estreno\\\/#primaryimage\"},\"thumbnailUrl\":\"https:\\\/\\\/www.fracturaexpuesta.com.ar\\\/gotan\\\/wp-content\\\/uploads\\\/2025\\\/03\\\/picadito-tango-60.jpg\",\"keywords\":[\"discos\",\"facundo madrid\",\"libros\",\"picadito de tango\",\"quinteto criollo gonzalez calo\",\"rosario\"],\"articleSection\":[\"Noticias\"],\"inLanguage\":\"es-AR\",\"potentialAction\":[{\"@type\":\"CommentAction\",\"name\":\"Comment\",\"target\":[\"https:\\\/\\\/www.fracturaexpuesta.com.ar\\\/gotan\\\/picadito-de-tango-60-la-guitarra-del-tango-en-rosario-y-gonzalez-calo-de-estreno\\\/#respond\"]}]},{\"@type\":\"WebPage\",\"@id\":\"https:\\\/\\\/www.fracturaexpuesta.com.ar\\\/gotan\\\/picadito-de-tango-60-la-guitarra-del-tango-en-rosario-y-gonzalez-calo-de-estreno\\\/\",\"url\":\"https:\\\/\\\/www.fracturaexpuesta.com.ar\\\/gotan\\\/picadito-de-tango-60-la-guitarra-del-tango-en-rosario-y-gonzalez-calo-de-estreno\\\/\",\"name\":\"Picadito de tango #60: la guitarra del tango en Rosario y Gonz\u00e1lez Calo de estreno &#187; Fractura Expuesta | Tango!\",\"isPartOf\":{\"@id\":\"https:\\\/\\\/www.fracturaexpuesta.com.ar\\\/gotan\\\/#website\"},\"primaryImageOfPage\":{\"@id\":\"https:\\\/\\\/www.fracturaexpuesta.com.ar\\\/gotan\\\/picadito-de-tango-60-la-guitarra-del-tango-en-rosario-y-gonzalez-calo-de-estreno\\\/#primaryimage\"},\"image\":{\"@id\":\"https:\\\/\\\/www.fracturaexpuesta.com.ar\\\/gotan\\\/picadito-de-tango-60-la-guitarra-del-tango-en-rosario-y-gonzalez-calo-de-estreno\\\/#primaryimage\"},\"thumbnailUrl\":\"https:\\\/\\\/www.fracturaexpuesta.com.ar\\\/gotan\\\/wp-content\\\/uploads\\\/2025\\\/03\\\/picadito-tango-60.jpg\",\"datePublished\":\"2025-02-19T19:58:00+00:00\",\"dateModified\":\"2025-03-04T20:08:23+00:00\",\"breadcrumb\":{\"@id\":\"https:\\\/\\\/www.fracturaexpuesta.com.ar\\\/gotan\\\/picadito-de-tango-60-la-guitarra-del-tango-en-rosario-y-gonzalez-calo-de-estreno\\\/#breadcrumb\"},\"inLanguage\":\"es-AR\",\"potentialAction\":[{\"@type\":\"ReadAction\",\"target\":[\"https:\\\/\\\/www.fracturaexpuesta.com.ar\\\/gotan\\\/picadito-de-tango-60-la-guitarra-del-tango-en-rosario-y-gonzalez-calo-de-estreno\\\/\"]}]},{\"@type\":\"ImageObject\",\"inLanguage\":\"es-AR\",\"@id\":\"https:\\\/\\\/www.fracturaexpuesta.com.ar\\\/gotan\\\/picadito-de-tango-60-la-guitarra-del-tango-en-rosario-y-gonzalez-calo-de-estreno\\\/#primaryimage\",\"url\":\"https:\\\/\\\/www.fracturaexpuesta.com.ar\\\/gotan\\\/wp-content\\\/uploads\\\/2025\\\/03\\\/picadito-tango-60.jpg\",\"contentUrl\":\"https:\\\/\\\/www.fracturaexpuesta.com.ar\\\/gotan\\\/wp-content\\\/uploads\\\/2025\\\/03\\\/picadito-tango-60.jpg\",\"width\":950,\"height\":650},{\"@type\":\"BreadcrumbList\",\"@id\":\"https:\\\/\\\/www.fracturaexpuesta.com.ar\\\/gotan\\\/picadito-de-tango-60-la-guitarra-del-tango-en-rosario-y-gonzalez-calo-de-estreno\\\/#breadcrumb\",\"itemListElement\":[{\"@type\":\"ListItem\",\"position\":1,\"name\":\"Inicio\",\"item\":\"https:\\\/\\\/www.fracturaexpuesta.com.ar\\\/gotan\\\/\"},{\"@type\":\"ListItem\",\"position\":2,\"name\":\"Picadito de tango #60: la guitarra del tango en Rosario y Gonz\u00e1lez Calo de estreno\"}]},{\"@type\":\"WebSite\",\"@id\":\"https:\\\/\\\/www.fracturaexpuesta.com.ar\\\/gotan\\\/#website\",\"url\":\"https:\\\/\\\/www.fracturaexpuesta.com.ar\\\/gotan\\\/\",\"name\":\"Fractura Expuesta | Tango!\",\"description\":\"\",\"publisher\":{\"@id\":\"https:\\\/\\\/www.fracturaexpuesta.com.ar\\\/gotan\\\/#organization\"},\"potentialAction\":[{\"@type\":\"SearchAction\",\"target\":{\"@type\":\"EntryPoint\",\"urlTemplate\":\"https:\\\/\\\/www.fracturaexpuesta.com.ar\\\/gotan\\\/?s={search_term_string}\"},\"query-input\":{\"@type\":\"PropertyValueSpecification\",\"valueRequired\":true,\"valueName\":\"search_term_string\"}}],\"inLanguage\":\"es-AR\"},{\"@type\":\"Organization\",\"@id\":\"https:\\\/\\\/www.fracturaexpuesta.com.ar\\\/gotan\\\/#organization\",\"name\":\"Fractura Expuesta | Tango!\",\"url\":\"https:\\\/\\\/www.fracturaexpuesta.com.ar\\\/gotan\\\/\",\"logo\":{\"@type\":\"ImageObject\",\"inLanguage\":\"es-AR\",\"@id\":\"https:\\\/\\\/www.fracturaexpuesta.com.ar\\\/gotan\\\/#\\\/schema\\\/logo\\\/image\\\/\",\"url\":\"https:\\\/\\\/www.fracturaexpuesta.com.ar\\\/gotan\\\/wp-content\\\/uploads\\\/2025\\\/03\\\/avatar2centroOK.jpg\",\"contentUrl\":\"https:\\\/\\\/www.fracturaexpuesta.com.ar\\\/gotan\\\/wp-content\\\/uploads\\\/2025\\\/03\\\/avatar2centroOK.jpg\",\"width\":600,\"height\":600,\"caption\":\"Fractura Expuesta | Tango!\"},\"image\":{\"@id\":\"https:\\\/\\\/www.fracturaexpuesta.com.ar\\\/gotan\\\/#\\\/schema\\\/logo\\\/image\\\/\"}},{\"@type\":\"Person\",\"@id\":\"https:\\\/\\\/www.fracturaexpuesta.com.ar\\\/gotan\\\/#\\\/schema\\\/person\\\/d8266939f778485b13ad2174aa9e199e\",\"name\":\"Fractura Expuesta\",\"image\":{\"@type\":\"ImageObject\",\"inLanguage\":\"es-AR\",\"@id\":\"https:\\\/\\\/secure.gravatar.com\\\/avatar\\\/c4bad1eb9f93dd4a42df3aa8b8e8b882ff893fcea188ee15488a845db442d7ec?s=96&d=mm&r=g\",\"url\":\"https:\\\/\\\/secure.gravatar.com\\\/avatar\\\/c4bad1eb9f93dd4a42df3aa8b8e8b882ff893fcea188ee15488a845db442d7ec?s=96&d=mm&r=g\",\"contentUrl\":\"https:\\\/\\\/secure.gravatar.com\\\/avatar\\\/c4bad1eb9f93dd4a42df3aa8b8e8b882ff893fcea188ee15488a845db442d7ec?s=96&d=mm&r=g\",\"caption\":\"Fractura Expuesta\"},\"description\":\"Sitio de tango y noticias culturales. Desde 2003, el espacio referente del tango de estos tiempos.\",\"sameAs\":[\"https:\\\/\\\/www.fracturaexpuesta.com.ar\",\"https:\\\/\\\/www.facebook.com\\\/fracturaexpuestaok\",\"https:\\\/\\\/www.instagram.com\\\/fracturaexpuesta\",\"https:\\\/\\\/x.com\\\/https:\\\/\\\/x.com\\\/fracturatango\",\"https:\\\/\\\/www.youtube.com\\\/channel\\\/UCojA8Q0QDpnncOL8sfTHOHg\"],\"url\":\"https:\\\/\\\/www.fracturaexpuesta.com.ar\\\/gotan\\\/author\\\/fractura-expuesta\\\/\"}]}<\/script>\n<!-- \/ Yoast SEO plugin. -->","yoast_head_json":{"title":"Picadito de tango #60: la guitarra del tango en Rosario y Gonz\u00e1lez Calo de estreno &#187; Fractura Expuesta | Tango!","robots":{"index":"index","follow":"follow","max-snippet":"max-snippet:-1","max-image-preview":"max-image-preview:large","max-video-preview":"max-video-preview:-1"},"canonical":"https:\/\/www.fracturaexpuesta.com.ar\/gotan\/picadito-de-tango-60-la-guitarra-del-tango-en-rosario-y-gonzalez-calo-de-estreno\/","og_locale":"es_ES","og_type":"article","og_title":"Picadito de tango #60: la guitarra del tango en Rosario y Gonz\u00e1lez Calo de estreno &#187; Fractura Expuesta | Tango!","og_description":"Noticias breves (pero contundentes) de la escena contempor\u00e1nea del tango.","og_url":"https:\/\/www.fracturaexpuesta.com.ar\/gotan\/picadito-de-tango-60-la-guitarra-del-tango-en-rosario-y-gonzalez-calo-de-estreno\/","og_site_name":"Fractura Expuesta | Tango!","article_author":"https:\/\/www.facebook.com\/fracturaexpuestaok","article_published_time":"2025-02-19T19:58:00+00:00","article_modified_time":"2025-03-04T20:08:23+00:00","og_image":[{"width":950,"height":650,"url":"https:\/\/www.fracturaexpuesta.com.ar\/gotan\/wp-content\/uploads\/2025\/03\/picadito-tango-60.jpg","type":"image\/jpeg"}],"author":"Fractura Expuesta","twitter_card":"summary_large_image","twitter_creator":"@https:\/\/x.com\/fracturatango","twitter_misc":{"Escrito por":"Fractura Expuesta","Tiempo de lectura":"1 minuto"},"schema":{"@context":"https:\/\/schema.org","@graph":[{"@type":"Article","@id":"https:\/\/www.fracturaexpuesta.com.ar\/gotan\/picadito-de-tango-60-la-guitarra-del-tango-en-rosario-y-gonzalez-calo-de-estreno\/#article","isPartOf":{"@id":"https:\/\/www.fracturaexpuesta.com.ar\/gotan\/picadito-de-tango-60-la-guitarra-del-tango-en-rosario-y-gonzalez-calo-de-estreno\/"},"author":{"name":"Fractura Expuesta","@id":"https:\/\/www.fracturaexpuesta.com.ar\/gotan\/#\/schema\/person\/d8266939f778485b13ad2174aa9e199e"},"headline":"Picadito de tango #60: la guitarra del tango en Rosario y Gonz\u00e1lez Calo de estreno","datePublished":"2025-02-19T19:58:00+00:00","dateModified":"2025-03-04T20:08:23+00:00","mainEntityOfPage":{"@id":"https:\/\/www.fracturaexpuesta.com.ar\/gotan\/picadito-de-tango-60-la-guitarra-del-tango-en-rosario-y-gonzalez-calo-de-estreno\/"},"wordCount":314,"commentCount":0,"publisher":{"@id":"https:\/\/www.fracturaexpuesta.com.ar\/gotan\/#organization"},"image":{"@id":"https:\/\/www.fracturaexpuesta.com.ar\/gotan\/picadito-de-tango-60-la-guitarra-del-tango-en-rosario-y-gonzalez-calo-de-estreno\/#primaryimage"},"thumbnailUrl":"https:\/\/www.fracturaexpuesta.com.ar\/gotan\/wp-content\/uploads\/2025\/03\/picadito-tango-60.jpg","keywords":["discos","facundo madrid","libros","picadito de tango","quinteto criollo gonzalez calo","rosario"],"articleSection":["Noticias"],"inLanguage":"es-AR","potentialAction":[{"@type":"CommentAction","name":"Comment","target":["https:\/\/www.fracturaexpuesta.com.ar\/gotan\/picadito-de-tango-60-la-guitarra-del-tango-en-rosario-y-gonzalez-calo-de-estreno\/#respond"]}]},{"@type":"WebPage","@id":"https:\/\/www.fracturaexpuesta.com.ar\/gotan\/picadito-de-tango-60-la-guitarra-del-tango-en-rosario-y-gonzalez-calo-de-estreno\/","url":"https:\/\/www.fracturaexpuesta.com.ar\/gotan\/picadito-de-tango-60-la-guitarra-del-tango-en-rosario-y-gonzalez-calo-de-estreno\/","name":"Picadito de tango #60: la guitarra del tango en Rosario y Gonz\u00e1lez Calo de estreno &#187; Fractura Expuesta | Tango!","isPartOf":{"@id":"https:\/\/www.fracturaexpuesta.com.ar\/gotan\/#website"},"primaryImageOfPage":{"@id":"https:\/\/www.fracturaexpuesta.com.ar\/gotan\/picadito-de-tango-60-la-guitarra-del-tango-en-rosario-y-gonzalez-calo-de-estreno\/#primaryimage"},"image":{"@id":"https:\/\/www.fracturaexpuesta.com.ar\/gotan\/picadito-de-tango-60-la-guitarra-del-tango-en-rosario-y-gonzalez-calo-de-estreno\/#primaryimage"},"thumbnailUrl":"https:\/\/www.fracturaexpuesta.com.ar\/gotan\/wp-content\/uploads\/2025\/03\/picadito-tango-60.jpg","datePublished":"2025-02-19T19:58:00+00:00","dateModified":"2025-03-04T20:08:23+00:00","breadcrumb":{"@id":"https:\/\/www.fracturaexpuesta.com.ar\/gotan\/picadito-de-tango-60-la-guitarra-del-tango-en-rosario-y-gonzalez-calo-de-estreno\/#breadcrumb"},"inLanguage":"es-AR","potentialAction":[{"@type":"ReadAction","target":["https:\/\/www.fracturaexpuesta.com.ar\/gotan\/picadito-de-tango-60-la-guitarra-del-tango-en-rosario-y-gonzalez-calo-de-estreno\/"]}]},{"@type":"ImageObject","inLanguage":"es-AR","@id":"https:\/\/www.fracturaexpuesta.com.ar\/gotan\/picadito-de-tango-60-la-guitarra-del-tango-en-rosario-y-gonzalez-calo-de-estreno\/#primaryimage","url":"https:\/\/www.fracturaexpuesta.com.ar\/gotan\/wp-content\/uploads\/2025\/03\/picadito-tango-60.jpg","contentUrl":"https:\/\/www.fracturaexpuesta.com.ar\/gotan\/wp-content\/uploads\/2025\/03\/picadito-tango-60.jpg","width":950,"height":650},{"@type":"BreadcrumbList","@id":"https:\/\/www.fracturaexpuesta.com.ar\/gotan\/picadito-de-tango-60-la-guitarra-del-tango-en-rosario-y-gonzalez-calo-de-estreno\/#breadcrumb","itemListElement":[{"@type":"ListItem","position":1,"name":"Inicio","item":"https:\/\/www.fracturaexpuesta.com.ar\/gotan\/"},{"@type":"ListItem","position":2,"name":"Picadito de tango #60: la guitarra del tango en Rosario y Gonz\u00e1lez Calo de estreno"}]},{"@type":"WebSite","@id":"https:\/\/www.fracturaexpuesta.com.ar\/gotan\/#website","url":"https:\/\/www.fracturaexpuesta.com.ar\/gotan\/","name":"Fractura Expuesta | Tango!","description":"","publisher":{"@id":"https:\/\/www.fracturaexpuesta.com.ar\/gotan\/#organization"},"potentialAction":[{"@type":"SearchAction","target":{"@type":"EntryPoint","urlTemplate":"https:\/\/www.fracturaexpuesta.com.ar\/gotan\/?s={search_term_string}"},"query-input":{"@type":"PropertyValueSpecification","valueRequired":true,"valueName":"search_term_string"}}],"inLanguage":"es-AR"},{"@type":"Organization","@id":"https:\/\/www.fracturaexpuesta.com.ar\/gotan\/#organization","name":"Fractura Expuesta | Tango!","url":"https:\/\/www.fracturaexpuesta.com.ar\/gotan\/","logo":{"@type":"ImageObject","inLanguage":"es-AR","@id":"https:\/\/www.fracturaexpuesta.com.ar\/gotan\/#\/schema\/logo\/image\/","url":"https:\/\/www.fracturaexpuesta.com.ar\/gotan\/wp-content\/uploads\/2025\/03\/avatar2centroOK.jpg","contentUrl":"https:\/\/www.fracturaexpuesta.com.ar\/gotan\/wp-content\/uploads\/2025\/03\/avatar2centroOK.jpg","width":600,"height":600,"caption":"Fractura Expuesta | Tango!"},"image":{"@id":"https:\/\/www.fracturaexpuesta.com.ar\/gotan\/#\/schema\/logo\/image\/"}},{"@type":"Person","@id":"https:\/\/www.fracturaexpuesta.com.ar\/gotan\/#\/schema\/person\/d8266939f778485b13ad2174aa9e199e","name":"Fractura Expuesta","image":{"@type":"ImageObject","inLanguage":"es-AR","@id":"https:\/\/secure.gravatar.com\/avatar\/c4bad1eb9f93dd4a42df3aa8b8e8b882ff893fcea188ee15488a845db442d7ec?s=96&d=mm&r=g","url":"https:\/\/secure.gravatar.com\/avatar\/c4bad1eb9f93dd4a42df3aa8b8e8b882ff893fcea188ee15488a845db442d7ec?s=96&d=mm&r=g","contentUrl":"https:\/\/secure.gravatar.com\/avatar\/c4bad1eb9f93dd4a42df3aa8b8e8b882ff893fcea188ee15488a845db442d7ec?s=96&d=mm&r=g","caption":"Fractura Expuesta"},"description":"Sitio de tango y noticias culturales. Desde 2003, el espacio referente del tango de estos tiempos.","sameAs":["https:\/\/www.fracturaexpuesta.com.ar","https:\/\/www.facebook.com\/fracturaexpuestaok","https:\/\/www.instagram.com\/fracturaexpuesta","https:\/\/x.com\/https:\/\/x.com\/fracturatango","https:\/\/www.youtube.com\/channel\/UCojA8Q0QDpnncOL8sfTHOHg"],"url":"https:\/\/www.fracturaexpuesta.com.ar\/gotan\/author\/fractura-expuesta\/"}]}},"_links":{"self":[{"href":"https:\/\/www.fracturaexpuesta.com.ar\/gotan\/wp-json\/wp\/v2\/posts\/3924","targetHints":{"allow":["GET"]}}],"collection":[{"href":"https:\/\/www.fracturaexpuesta.com.ar\/gotan\/wp-json\/wp\/v2\/posts"}],"about":[{"href":"https:\/\/www.fracturaexpuesta.com.ar\/gotan\/wp-json\/wp\/v2\/types\/post"}],"author":[{"embeddable":true,"href":"https:\/\/www.fracturaexpuesta.com.ar\/gotan\/wp-json\/wp\/v2\/users\/1"}],"replies":[{"embeddable":true,"href":"https:\/\/www.fracturaexpuesta.com.ar\/gotan\/wp-json\/wp\/v2\/comments?post=3924"}],"version-history":[{"count":4,"href":"https:\/\/www.fracturaexpuesta.com.ar\/gotan\/wp-json\/wp\/v2\/posts\/3924\/revisions"}],"predecessor-version":[{"id":3931,"href":"https:\/\/www.fracturaexpuesta.com.ar\/gotan\/wp-json\/wp\/v2\/posts\/3924\/revisions\/3931"}],"wp:featuredmedia":[{"embeddable":true,"href":"https:\/\/www.fracturaexpuesta.com.ar\/gotan\/wp-json\/wp\/v2\/media\/3925"}],"wp:attachment":[{"href":"https:\/\/www.fracturaexpuesta.com.ar\/gotan\/wp-json\/wp\/v2\/media?parent=3924"}],"wp:term":[{"taxonomy":"category","embeddable":true,"href":"https:\/\/www.fracturaexpuesta.com.ar\/gotan\/wp-json\/wp\/v2\/categories?post=3924"},{"taxonomy":"post_tag","embeddable":true,"href":"https:\/\/www.fracturaexpuesta.com.ar\/gotan\/wp-json\/wp\/v2\/tags?post=3924"}],"curies":[{"name":"wp","href":"https:\/\/api.w.org\/{rel}","templated":true}]}}