{"id":3933,"date":"2025-02-03T17:31:00","date_gmt":"2025-02-03T20:31:00","guid":{"rendered":"https:\/\/www.fracturaexpuesta.com.ar\/gotan\/?p=3933"},"modified":"2025-03-04T17:53:50","modified_gmt":"2025-03-04T20:53:50","slug":"5-discos-de-tango-que-inauguran-el-2025","status":"publish","type":"post","link":"https:\/\/www.fracturaexpuesta.com.ar\/gotan\/5-discos-de-tango-que-inauguran-el-2025\/","title":{"rendered":"5 discos de tango que inauguran el 2025"},"content":{"rendered":"\n<p class=\"wp-block-paragraph\">A poco m\u00e1s de un mes del inicio de 2025, la producci\u00f3n actual de \u00e1lbumes de tango comienza a traer sus primeras novedades de la mano de los siguientes artistas y grupos.<\/p>\n\n\n\n<h2 class=\"wp-block-heading\">DAmico \u2013 DOSCERODOSX<\/h2>\n\n\n\n<p class=\"wp-block-paragraph\">El contrabajista y compositor Mat\u00edas D\u2019Amico lanza un trabajo solista en el que transfiere la atm\u00f3sfera tanguera a estilos como el neo soul, el hip hop y el jazz. Groove y bohemia de tango en <a href=\"https:\/\/damicomn.bandcamp.com\/album\/doscerodosx\" data-type=\"link\" data-id=\"https:\/\/damicomn.bandcamp.com\/album\/doscerodosx\" target=\"_blank\" rel=\"noreferrer noopener\">DOSCERODOSX<\/a>.<\/p>\n\n\n\n<figure class=\"wp-block-image size-full\"><img loading=\"lazy\" decoding=\"async\" width=\"1200\" height=\"1200\" src=\"https:\/\/www.fracturaexpuesta.com.ar\/gotan\/wp-content\/uploads\/2025\/02\/DAmico.jpg\" alt=\"\" class=\"wp-image-3938\"\/><figcaption class=\"wp-element-caption\"><em><mark style=\"background-color:rgba(0, 0, 0, 0)\" class=\"has-inline-color has-cyan-bluish-gray-color\">\u00abDOSCERODOSX\u00bb, de DAmico.<\/mark><\/em><\/figcaption><\/figure>\n\n\n\n<h2 class=\"wp-block-heading\">Lili Barthes \u2013 Testigos<\/h2>\n\n\n\n<p class=\"wp-block-paragraph\">La cantante presenta un material con un repertorio inspirado en la idea de \u201cser testigos de la vida de otro\u201d, cuenta. \u201cQue la vida de alguien no pase desapercibida porque tuvo testigos que vieron o vivieron momentos inolvidables\u201d, agrega Barthes sobre el perfil del <a href=\"https:\/\/open.spotify.com\/intl-es\/album\/2PIq3qXWKJCeckNT59CpDW\" data-type=\"link\" data-id=\"https:\/\/open.spotify.com\/intl-es\/album\/2PIq3qXWKJCeckNT59CpDW\" target=\"_blank\" rel=\"noreferrer noopener\">disco<\/a>.<\/p>\n\n\n\n<figure class=\"wp-block-image size-full\"><img loading=\"lazy\" decoding=\"async\" width=\"1080\" height=\"1082\" src=\"https:\/\/www.fracturaexpuesta.com.ar\/gotan\/wp-content\/uploads\/2025\/02\/Lili-Barthes.jpg\" alt=\"\" class=\"wp-image-3941\"\/><figcaption class=\"wp-element-caption\"><em><mark style=\"background-color:rgba(0, 0, 0, 0)\" class=\"has-inline-color has-cyan-bluish-gray-color\">\u00abTestigos\u00bb, de Lili Barthes.<\/mark><\/em><\/figcaption><\/figure>\n\n\n\n<h2 class=\"wp-block-heading\">Los P\u00faa Abajo \u2013 Lenguaje Tango<\/h2>\n\n\n\n<p class=\"wp-block-paragraph\">El d\u00fao de guitarras que integran \u00c1ngel Colacilli y Leandro Coratella dio a conocer un <a href=\"https:\/\/open.spotify.com\/intl-es\/album\/79QUg4wTdKiswdPMaLUluE\" data-type=\"link\" data-id=\"https:\/\/open.spotify.com\/intl-es\/album\/79QUg4wTdKiswdPMaLUluE\" target=\"_blank\" rel=\"noreferrer noopener\">nuevo \u00e1lbum<\/a> que explora versiones propias \u00abtraducidas\u00bb al tango de temas de Frank Zappa, Charles Mingus, Francisco T\u00e1rrega, The Rolling Stones, Depeche Mode, Charly Garc\u00eda y Bach.<\/p>\n\n\n\n<figure class=\"wp-block-image size-full\"><img loading=\"lazy\" decoding=\"async\" width=\"1080\" height=\"1080\" src=\"https:\/\/www.fracturaexpuesta.com.ar\/gotan\/wp-content\/uploads\/2025\/02\/Los-Pua-Abajo.jpg\" alt=\"\" class=\"wp-image-3942\"\/><figcaption class=\"wp-element-caption\"><em><mark style=\"background-color:rgba(0, 0, 0, 0)\" class=\"has-inline-color has-cyan-bluish-gray-color\">\u00abLenguaje Tango\u00bb, de Los p\u00faa abajo<\/mark><\/em><\/figcaption><\/figure>\n\n\n\n<h2 class=\"wp-block-heading\">Graciano 4 Cuarteto \u2013 Cara y Ceca<\/h2>\n\n\n\n<p class=\"wp-block-paragraph\">El grupo de tango instrumental contin\u00faa la sostenida senda de composiciones originales y novedosas comandadas por el guitarrista Juli\u00e1n Graciano. Como con Tango Inmersivo (2023) suman la experiencia de la alta calidad de sonido -Dolby Atmos- para su <a href=\"https:\/\/open.spotify.com\/intl-es\/album\/7qSU1RvzelQ9eVYrZsRZv2\" data-type=\"link\" data-id=\"https:\/\/open.spotify.com\/intl-es\/album\/7qSU1RvzelQ9eVYrZsRZv2\" target=\"_blank\" rel=\"noreferrer noopener\">reciente producci\u00f3n<\/a>.<\/p>\n\n\n\n<figure class=\"wp-block-image size-full\"><img loading=\"lazy\" decoding=\"async\" width=\"1200\" height=\"1200\" src=\"https:\/\/www.fracturaexpuesta.com.ar\/gotan\/wp-content\/uploads\/2025\/02\/Graciano-4-Cuarteto.jpg\" alt=\"\" class=\"wp-image-3946\"\/><figcaption class=\"wp-element-caption\"><em><mark style=\"background-color:rgba(0, 0, 0, 0)\" class=\"has-inline-color has-cyan-bluish-gray-color\">\u00abCara y ceca\u00bb, de Graciano 4 Cuarteto<\/mark><\/em><\/figcaption><\/figure>\n\n\n\n<h2 class=\"wp-block-heading\">Tango Klub \u2013 Mar\u00eda<\/h2>\n\n\n\n<p class=\"wp-block-paragraph\">Desde Alemania (Berl\u00edn), el pianista y compositor argentino Juan Pablo de Lucca presenta su nuevo proyecto Tango Klub. Esta vez, a trav\u00e9s del <a href=\"https:\/\/practicacomun.bandcamp.com\/album\/maria\" data-type=\"link\" data-id=\"https:\/\/practicacomun.bandcamp.com\/album\/maria\" target=\"_blank\" rel=\"noreferrer noopener\">EP Mar\u00eda<\/a> con el que se adentra al tango desde el territorio sonoro de lo experimental y electr\u00f3nico. Tres versiones de \u201cMar\u00eda\u201d, cada una explorando a su manera la uni\u00f3n entre el tango y los sintetizadores.<\/p>\n\n\n\n<figure class=\"wp-block-image size-full\"><img loading=\"lazy\" decoding=\"async\" width=\"700\" height=\"700\" src=\"https:\/\/www.fracturaexpuesta.com.ar\/gotan\/wp-content\/uploads\/2025\/02\/Tango-Klub.jpg\" alt=\"\" class=\"wp-image-3947\"\/><figcaption class=\"wp-element-caption\"><em><mark style=\"background-color:rgba(0, 0, 0, 0)\" class=\"has-inline-color has-cyan-bluish-gray-color\">\u00abMar\u00eda\u00bb, de Tango Klub<\/mark><\/em><\/figcaption><\/figure>\n","protected":false},"excerpt":{"rendered":"<p>El tango no se toma vacaciones. Lanzamientos recientes en la batea del 2\u00d74.<\/p>\n","protected":false},"author":1,"featured_media":3935,"comment_status":"open","ping_status":"open","sticky":false,"template":"","format":"standard","meta":{"footnotes":""},"categories":[83],"tags":[89,88,84,86,85,87],"class_list":["post-3933","post","type-post","status-publish","format-standard","has-post-thumbnail","hentry","category-discos","tag-graciano-4-cuarteto","tag-juan-pablo-de-lucca","tag-lili-barthes","tag-los-pua-abajo","tag-matias-damico","tag-tango-klub"],"yoast_head":"<!-- This site is optimized with the Yoast SEO plugin v28.4 - https:\/\/yoast.com\/product\/yoast-seo-wordpress\/ -->\n<title>5 discos de tango que inauguran el 2025 &#187; Fractura Expuesta | Tango!<\/title>\n<meta name=\"robots\" content=\"index, follow, max-snippet:-1, max-image-preview:large, max-video-preview:-1\" \/>\n<link rel=\"canonical\" href=\"https:\/\/www.fracturaexpuesta.com.ar\/gotan\/5-discos-de-tango-que-inauguran-el-2025\/\" \/>\n<meta property=\"og:locale\" content=\"es_ES\" \/>\n<meta property=\"og:type\" content=\"article\" \/>\n<meta property=\"og:title\" content=\"5 discos de tango que inauguran el 2025 &#187; Fractura Expuesta | Tango!\" \/>\n<meta property=\"og:description\" content=\"El tango no se toma vacaciones. Lanzamientos recientes en la batea del 2\u00d74.\" \/>\n<meta property=\"og:url\" content=\"https:\/\/www.fracturaexpuesta.com.ar\/gotan\/5-discos-de-tango-que-inauguran-el-2025\/\" \/>\n<meta property=\"og:site_name\" content=\"Fractura Expuesta | Tango!\" \/>\n<meta property=\"article:author\" content=\"https:\/\/www.facebook.com\/fracturaexpuestaok\" \/>\n<meta property=\"article:published_time\" content=\"2025-02-03T20:31:00+00:00\" \/>\n<meta property=\"article:modified_time\" content=\"2025-03-04T20:53:50+00:00\" \/>\n<meta property=\"og:image\" content=\"https:\/\/www.fracturaexpuesta.com.ar\/gotan\/wp-content\/uploads\/2025\/03\/5-discos-tango-2025.jpg\" \/>\n\t<meta property=\"og:image:width\" content=\"800\" \/>\n\t<meta property=\"og:image:height\" content=\"650\" \/>\n\t<meta property=\"og:image:type\" content=\"image\/jpeg\" \/>\n<meta name=\"author\" content=\"Fractura Expuesta\" \/>\n<meta name=\"twitter:card\" content=\"summary_large_image\" \/>\n<meta name=\"twitter:creator\" content=\"@https:\/\/x.com\/fracturatango\" \/>\n<meta name=\"twitter:label1\" content=\"Escrito por\" \/>\n\t<meta name=\"twitter:data1\" content=\"Fractura Expuesta\" \/>\n\t<meta name=\"twitter:label2\" content=\"Tiempo de lectura\" \/>\n\t<meta name=\"twitter:data2\" content=\"2 minutos\" \/>\n<script type=\"application\/ld+json\" class=\"yoast-schema-graph\">{\"@context\":\"https:\\\/\\\/schema.org\",\"@graph\":[{\"@type\":\"Article\",\"@id\":\"https:\\\/\\\/www.fracturaexpuesta.com.ar\\\/gotan\\\/5-discos-de-tango-que-inauguran-el-2025\\\/#article\",\"isPartOf\":{\"@id\":\"https:\\\/\\\/www.fracturaexpuesta.com.ar\\\/gotan\\\/5-discos-de-tango-que-inauguran-el-2025\\\/\"},\"author\":{\"name\":\"Fractura Expuesta\",\"@id\":\"https:\\\/\\\/www.fracturaexpuesta.com.ar\\\/gotan\\\/#\\\/schema\\\/person\\\/d8266939f778485b13ad2174aa9e199e\"},\"headline\":\"5 discos de tango que inauguran el 2025\",\"datePublished\":\"2025-02-03T20:31:00+00:00\",\"dateModified\":\"2025-03-04T20:53:50+00:00\",\"mainEntityOfPage\":{\"@id\":\"https:\\\/\\\/www.fracturaexpuesta.com.ar\\\/gotan\\\/5-discos-de-tango-que-inauguran-el-2025\\\/\"},\"wordCount\":320,\"commentCount\":1,\"publisher\":{\"@id\":\"https:\\\/\\\/www.fracturaexpuesta.com.ar\\\/gotan\\\/#organization\"},\"image\":{\"@id\":\"https:\\\/\\\/www.fracturaexpuesta.com.ar\\\/gotan\\\/5-discos-de-tango-que-inauguran-el-2025\\\/#primaryimage\"},\"thumbnailUrl\":\"https:\\\/\\\/www.fracturaexpuesta.com.ar\\\/gotan\\\/wp-content\\\/uploads\\\/2025\\\/03\\\/5-discos-tango-2025.jpg\",\"keywords\":[\"graciano 4 cuarteto\",\"juan pablo de lucca\",\"lili barthes\",\"los pua abajo\",\"matias damico\",\"tango klub\"],\"articleSection\":[\"Discos\"],\"inLanguage\":\"es-AR\",\"potentialAction\":[{\"@type\":\"CommentAction\",\"name\":\"Comment\",\"target\":[\"https:\\\/\\\/www.fracturaexpuesta.com.ar\\\/gotan\\\/5-discos-de-tango-que-inauguran-el-2025\\\/#respond\"]}]},{\"@type\":\"WebPage\",\"@id\":\"https:\\\/\\\/www.fracturaexpuesta.com.ar\\\/gotan\\\/5-discos-de-tango-que-inauguran-el-2025\\\/\",\"url\":\"https:\\\/\\\/www.fracturaexpuesta.com.ar\\\/gotan\\\/5-discos-de-tango-que-inauguran-el-2025\\\/\",\"name\":\"5 discos de tango que inauguran el 2025 &#187; Fractura Expuesta | Tango!\",\"isPartOf\":{\"@id\":\"https:\\\/\\\/www.fracturaexpuesta.com.ar\\\/gotan\\\/#website\"},\"primaryImageOfPage\":{\"@id\":\"https:\\\/\\\/www.fracturaexpuesta.com.ar\\\/gotan\\\/5-discos-de-tango-que-inauguran-el-2025\\\/#primaryimage\"},\"image\":{\"@id\":\"https:\\\/\\\/www.fracturaexpuesta.com.ar\\\/gotan\\\/5-discos-de-tango-que-inauguran-el-2025\\\/#primaryimage\"},\"thumbnailUrl\":\"https:\\\/\\\/www.fracturaexpuesta.com.ar\\\/gotan\\\/wp-content\\\/uploads\\\/2025\\\/03\\\/5-discos-tango-2025.jpg\",\"datePublished\":\"2025-02-03T20:31:00+00:00\",\"dateModified\":\"2025-03-04T20:53:50+00:00\",\"breadcrumb\":{\"@id\":\"https:\\\/\\\/www.fracturaexpuesta.com.ar\\\/gotan\\\/5-discos-de-tango-que-inauguran-el-2025\\\/#breadcrumb\"},\"inLanguage\":\"es-AR\",\"potentialAction\":[{\"@type\":\"ReadAction\",\"target\":[\"https:\\\/\\\/www.fracturaexpuesta.com.ar\\\/gotan\\\/5-discos-de-tango-que-inauguran-el-2025\\\/\"]}]},{\"@type\":\"ImageObject\",\"inLanguage\":\"es-AR\",\"@id\":\"https:\\\/\\\/www.fracturaexpuesta.com.ar\\\/gotan\\\/5-discos-de-tango-que-inauguran-el-2025\\\/#primaryimage\",\"url\":\"https:\\\/\\\/www.fracturaexpuesta.com.ar\\\/gotan\\\/wp-content\\\/uploads\\\/2025\\\/03\\\/5-discos-tango-2025.jpg\",\"contentUrl\":\"https:\\\/\\\/www.fracturaexpuesta.com.ar\\\/gotan\\\/wp-content\\\/uploads\\\/2025\\\/03\\\/5-discos-tango-2025.jpg\",\"width\":800,\"height\":650},{\"@type\":\"BreadcrumbList\",\"@id\":\"https:\\\/\\\/www.fracturaexpuesta.com.ar\\\/gotan\\\/5-discos-de-tango-que-inauguran-el-2025\\\/#breadcrumb\",\"itemListElement\":[{\"@type\":\"ListItem\",\"position\":1,\"name\":\"Inicio\",\"item\":\"https:\\\/\\\/www.fracturaexpuesta.com.ar\\\/gotan\\\/\"},{\"@type\":\"ListItem\",\"position\":2,\"name\":\"5 discos de tango que inauguran el 2025\"}]},{\"@type\":\"WebSite\",\"@id\":\"https:\\\/\\\/www.fracturaexpuesta.com.ar\\\/gotan\\\/#website\",\"url\":\"https:\\\/\\\/www.fracturaexpuesta.com.ar\\\/gotan\\\/\",\"name\":\"Fractura Expuesta | Tango!\",\"description\":\"\",\"publisher\":{\"@id\":\"https:\\\/\\\/www.fracturaexpuesta.com.ar\\\/gotan\\\/#organization\"},\"potentialAction\":[{\"@type\":\"SearchAction\",\"target\":{\"@type\":\"EntryPoint\",\"urlTemplate\":\"https:\\\/\\\/www.fracturaexpuesta.com.ar\\\/gotan\\\/?s={search_term_string}\"},\"query-input\":{\"@type\":\"PropertyValueSpecification\",\"valueRequired\":true,\"valueName\":\"search_term_string\"}}],\"inLanguage\":\"es-AR\"},{\"@type\":\"Organization\",\"@id\":\"https:\\\/\\\/www.fracturaexpuesta.com.ar\\\/gotan\\\/#organization\",\"name\":\"Fractura Expuesta | Tango!\",\"url\":\"https:\\\/\\\/www.fracturaexpuesta.com.ar\\\/gotan\\\/\",\"logo\":{\"@type\":\"ImageObject\",\"inLanguage\":\"es-AR\",\"@id\":\"https:\\\/\\\/www.fracturaexpuesta.com.ar\\\/gotan\\\/#\\\/schema\\\/logo\\\/image\\\/\",\"url\":\"https:\\\/\\\/www.fracturaexpuesta.com.ar\\\/gotan\\\/wp-content\\\/uploads\\\/2025\\\/03\\\/avatar2centroOK.jpg\",\"contentUrl\":\"https:\\\/\\\/www.fracturaexpuesta.com.ar\\\/gotan\\\/wp-content\\\/uploads\\\/2025\\\/03\\\/avatar2centroOK.jpg\",\"width\":600,\"height\":600,\"caption\":\"Fractura Expuesta | Tango!\"},\"image\":{\"@id\":\"https:\\\/\\\/www.fracturaexpuesta.com.ar\\\/gotan\\\/#\\\/schema\\\/logo\\\/image\\\/\"}},{\"@type\":\"Person\",\"@id\":\"https:\\\/\\\/www.fracturaexpuesta.com.ar\\\/gotan\\\/#\\\/schema\\\/person\\\/d8266939f778485b13ad2174aa9e199e\",\"name\":\"Fractura Expuesta\",\"image\":{\"@type\":\"ImageObject\",\"inLanguage\":\"es-AR\",\"@id\":\"https:\\\/\\\/secure.gravatar.com\\\/avatar\\\/c4bad1eb9f93dd4a42df3aa8b8e8b882ff893fcea188ee15488a845db442d7ec?s=96&d=mm&r=g\",\"url\":\"https:\\\/\\\/secure.gravatar.com\\\/avatar\\\/c4bad1eb9f93dd4a42df3aa8b8e8b882ff893fcea188ee15488a845db442d7ec?s=96&d=mm&r=g\",\"contentUrl\":\"https:\\\/\\\/secure.gravatar.com\\\/avatar\\\/c4bad1eb9f93dd4a42df3aa8b8e8b882ff893fcea188ee15488a845db442d7ec?s=96&d=mm&r=g\",\"caption\":\"Fractura Expuesta\"},\"description\":\"Sitio de tango y noticias culturales. Desde 2003, el espacio referente del tango de estos tiempos.\",\"sameAs\":[\"https:\\\/\\\/www.fracturaexpuesta.com.ar\",\"https:\\\/\\\/www.facebook.com\\\/fracturaexpuestaok\",\"https:\\\/\\\/www.instagram.com\\\/fracturaexpuesta\",\"https:\\\/\\\/x.com\\\/https:\\\/\\\/x.com\\\/fracturatango\",\"https:\\\/\\\/www.youtube.com\\\/channel\\\/UCojA8Q0QDpnncOL8sfTHOHg\"],\"url\":\"https:\\\/\\\/www.fracturaexpuesta.com.ar\\\/gotan\\\/author\\\/fractura-expuesta\\\/\"}]}<\/script>\n<!-- \/ Yoast SEO plugin. -->","yoast_head_json":{"title":"5 discos de tango que inauguran el 2025 &#187; Fractura Expuesta | Tango!","robots":{"index":"index","follow":"follow","max-snippet":"max-snippet:-1","max-image-preview":"max-image-preview:large","max-video-preview":"max-video-preview:-1"},"canonical":"https:\/\/www.fracturaexpuesta.com.ar\/gotan\/5-discos-de-tango-que-inauguran-el-2025\/","og_locale":"es_ES","og_type":"article","og_title":"5 discos de tango que inauguran el 2025 &#187; Fractura Expuesta | Tango!","og_description":"El tango no se toma vacaciones. Lanzamientos recientes en la batea del 2\u00d74.","og_url":"https:\/\/www.fracturaexpuesta.com.ar\/gotan\/5-discos-de-tango-que-inauguran-el-2025\/","og_site_name":"Fractura Expuesta | Tango!","article_author":"https:\/\/www.facebook.com\/fracturaexpuestaok","article_published_time":"2025-02-03T20:31:00+00:00","article_modified_time":"2025-03-04T20:53:50+00:00","og_image":[{"width":800,"height":650,"url":"https:\/\/www.fracturaexpuesta.com.ar\/gotan\/wp-content\/uploads\/2025\/03\/5-discos-tango-2025.jpg","type":"image\/jpeg"}],"author":"Fractura Expuesta","twitter_card":"summary_large_image","twitter_creator":"@https:\/\/x.com\/fracturatango","twitter_misc":{"Escrito por":"Fractura Expuesta","Tiempo de lectura":"2 minutos"},"schema":{"@context":"https:\/\/schema.org","@graph":[{"@type":"Article","@id":"https:\/\/www.fracturaexpuesta.com.ar\/gotan\/5-discos-de-tango-que-inauguran-el-2025\/#article","isPartOf":{"@id":"https:\/\/www.fracturaexpuesta.com.ar\/gotan\/5-discos-de-tango-que-inauguran-el-2025\/"},"author":{"name":"Fractura Expuesta","@id":"https:\/\/www.fracturaexpuesta.com.ar\/gotan\/#\/schema\/person\/d8266939f778485b13ad2174aa9e199e"},"headline":"5 discos de tango que inauguran el 2025","datePublished":"2025-02-03T20:31:00+00:00","dateModified":"2025-03-04T20:53:50+00:00","mainEntityOfPage":{"@id":"https:\/\/www.fracturaexpuesta.com.ar\/gotan\/5-discos-de-tango-que-inauguran-el-2025\/"},"wordCount":320,"commentCount":1,"publisher":{"@id":"https:\/\/www.fracturaexpuesta.com.ar\/gotan\/#organization"},"image":{"@id":"https:\/\/www.fracturaexpuesta.com.ar\/gotan\/5-discos-de-tango-que-inauguran-el-2025\/#primaryimage"},"thumbnailUrl":"https:\/\/www.fracturaexpuesta.com.ar\/gotan\/wp-content\/uploads\/2025\/03\/5-discos-tango-2025.jpg","keywords":["graciano 4 cuarteto","juan pablo de lucca","lili barthes","los pua abajo","matias damico","tango klub"],"articleSection":["Discos"],"inLanguage":"es-AR","potentialAction":[{"@type":"CommentAction","name":"Comment","target":["https:\/\/www.fracturaexpuesta.com.ar\/gotan\/5-discos-de-tango-que-inauguran-el-2025\/#respond"]}]},{"@type":"WebPage","@id":"https:\/\/www.fracturaexpuesta.com.ar\/gotan\/5-discos-de-tango-que-inauguran-el-2025\/","url":"https:\/\/www.fracturaexpuesta.com.ar\/gotan\/5-discos-de-tango-que-inauguran-el-2025\/","name":"5 discos de tango que inauguran el 2025 &#187; Fractura Expuesta | Tango!","isPartOf":{"@id":"https:\/\/www.fracturaexpuesta.com.ar\/gotan\/#website"},"primaryImageOfPage":{"@id":"https:\/\/www.fracturaexpuesta.com.ar\/gotan\/5-discos-de-tango-que-inauguran-el-2025\/#primaryimage"},"image":{"@id":"https:\/\/www.fracturaexpuesta.com.ar\/gotan\/5-discos-de-tango-que-inauguran-el-2025\/#primaryimage"},"thumbnailUrl":"https:\/\/www.fracturaexpuesta.com.ar\/gotan\/wp-content\/uploads\/2025\/03\/5-discos-tango-2025.jpg","datePublished":"2025-02-03T20:31:00+00:00","dateModified":"2025-03-04T20:53:50+00:00","breadcrumb":{"@id":"https:\/\/www.fracturaexpuesta.com.ar\/gotan\/5-discos-de-tango-que-inauguran-el-2025\/#breadcrumb"},"inLanguage":"es-AR","potentialAction":[{"@type":"ReadAction","target":["https:\/\/www.fracturaexpuesta.com.ar\/gotan\/5-discos-de-tango-que-inauguran-el-2025\/"]}]},{"@type":"ImageObject","inLanguage":"es-AR","@id":"https:\/\/www.fracturaexpuesta.com.ar\/gotan\/5-discos-de-tango-que-inauguran-el-2025\/#primaryimage","url":"https:\/\/www.fracturaexpuesta.com.ar\/gotan\/wp-content\/uploads\/2025\/03\/5-discos-tango-2025.jpg","contentUrl":"https:\/\/www.fracturaexpuesta.com.ar\/gotan\/wp-content\/uploads\/2025\/03\/5-discos-tango-2025.jpg","width":800,"height":650},{"@type":"BreadcrumbList","@id":"https:\/\/www.fracturaexpuesta.com.ar\/gotan\/5-discos-de-tango-que-inauguran-el-2025\/#breadcrumb","itemListElement":[{"@type":"ListItem","position":1,"name":"Inicio","item":"https:\/\/www.fracturaexpuesta.com.ar\/gotan\/"},{"@type":"ListItem","position":2,"name":"5 discos de tango que inauguran el 2025"}]},{"@type":"WebSite","@id":"https:\/\/www.fracturaexpuesta.com.ar\/gotan\/#website","url":"https:\/\/www.fracturaexpuesta.com.ar\/gotan\/","name":"Fractura Expuesta | Tango!","description":"","publisher":{"@id":"https:\/\/www.fracturaexpuesta.com.ar\/gotan\/#organization"},"potentialAction":[{"@type":"SearchAction","target":{"@type":"EntryPoint","urlTemplate":"https:\/\/www.fracturaexpuesta.com.ar\/gotan\/?s={search_term_string}"},"query-input":{"@type":"PropertyValueSpecification","valueRequired":true,"valueName":"search_term_string"}}],"inLanguage":"es-AR"},{"@type":"Organization","@id":"https:\/\/www.fracturaexpuesta.com.ar\/gotan\/#organization","name":"Fractura Expuesta | Tango!","url":"https:\/\/www.fracturaexpuesta.com.ar\/gotan\/","logo":{"@type":"ImageObject","inLanguage":"es-AR","@id":"https:\/\/www.fracturaexpuesta.com.ar\/gotan\/#\/schema\/logo\/image\/","url":"https:\/\/www.fracturaexpuesta.com.ar\/gotan\/wp-content\/uploads\/2025\/03\/avatar2centroOK.jpg","contentUrl":"https:\/\/www.fracturaexpuesta.com.ar\/gotan\/wp-content\/uploads\/2025\/03\/avatar2centroOK.jpg","width":600,"height":600,"caption":"Fractura Expuesta | Tango!"},"image":{"@id":"https:\/\/www.fracturaexpuesta.com.ar\/gotan\/#\/schema\/logo\/image\/"}},{"@type":"Person","@id":"https:\/\/www.fracturaexpuesta.com.ar\/gotan\/#\/schema\/person\/d8266939f778485b13ad2174aa9e199e","name":"Fractura Expuesta","image":{"@type":"ImageObject","inLanguage":"es-AR","@id":"https:\/\/secure.gravatar.com\/avatar\/c4bad1eb9f93dd4a42df3aa8b8e8b882ff893fcea188ee15488a845db442d7ec?s=96&d=mm&r=g","url":"https:\/\/secure.gravatar.com\/avatar\/c4bad1eb9f93dd4a42df3aa8b8e8b882ff893fcea188ee15488a845db442d7ec?s=96&d=mm&r=g","contentUrl":"https:\/\/secure.gravatar.com\/avatar\/c4bad1eb9f93dd4a42df3aa8b8e8b882ff893fcea188ee15488a845db442d7ec?s=96&d=mm&r=g","caption":"Fractura Expuesta"},"description":"Sitio de tango y noticias culturales. Desde 2003, el espacio referente del tango de estos tiempos.","sameAs":["https:\/\/www.fracturaexpuesta.com.ar","https:\/\/www.facebook.com\/fracturaexpuestaok","https:\/\/www.instagram.com\/fracturaexpuesta","https:\/\/x.com\/https:\/\/x.com\/fracturatango","https:\/\/www.youtube.com\/channel\/UCojA8Q0QDpnncOL8sfTHOHg"],"url":"https:\/\/www.fracturaexpuesta.com.ar\/gotan\/author\/fractura-expuesta\/"}]}},"_links":{"self":[{"href":"https:\/\/www.fracturaexpuesta.com.ar\/gotan\/wp-json\/wp\/v2\/posts\/3933","targetHints":{"allow":["GET"]}}],"collection":[{"href":"https:\/\/www.fracturaexpuesta.com.ar\/gotan\/wp-json\/wp\/v2\/posts"}],"about":[{"href":"https:\/\/www.fracturaexpuesta.com.ar\/gotan\/wp-json\/wp\/v2\/types\/post"}],"author":[{"embeddable":true,"href":"https:\/\/www.fracturaexpuesta.com.ar\/gotan\/wp-json\/wp\/v2\/users\/1"}],"replies":[{"embeddable":true,"href":"https:\/\/www.fracturaexpuesta.com.ar\/gotan\/wp-json\/wp\/v2\/comments?post=3933"}],"version-history":[{"count":5,"href":"https:\/\/www.fracturaexpuesta.com.ar\/gotan\/wp-json\/wp\/v2\/posts\/3933\/revisions"}],"predecessor-version":[{"id":3948,"href":"https:\/\/www.fracturaexpuesta.com.ar\/gotan\/wp-json\/wp\/v2\/posts\/3933\/revisions\/3948"}],"wp:featuredmedia":[{"embeddable":true,"href":"https:\/\/www.fracturaexpuesta.com.ar\/gotan\/wp-json\/wp\/v2\/media\/3935"}],"wp:attachment":[{"href":"https:\/\/www.fracturaexpuesta.com.ar\/gotan\/wp-json\/wp\/v2\/media?parent=3933"}],"wp:term":[{"taxonomy":"category","embeddable":true,"href":"https:\/\/www.fracturaexpuesta.com.ar\/gotan\/wp-json\/wp\/v2\/categories?post=3933"},{"taxonomy":"post_tag","embeddable":true,"href":"https:\/\/www.fracturaexpuesta.com.ar\/gotan\/wp-json\/wp\/v2\/tags?post=3933"}],"curies":[{"name":"wp","href":"https:\/\/api.w.org\/{rel}","templated":true}]}}