{"id":3957,"date":"2025-03-12T20:10:54","date_gmt":"2025-03-12T23:10:54","guid":{"rendered":"https:\/\/www.fracturaexpuesta.com.ar\/gotan\/?p=3957"},"modified":"2025-03-12T20:44:33","modified_gmt":"2025-03-12T23:44:33","slug":"rubro-por-rubro-conoce-a-todos-los-grupos-y-artistas-nominados-en-los-premios-tango-siglo-xxi","status":"publish","type":"post","link":"https:\/\/www.fracturaexpuesta.com.ar\/gotan\/rubro-por-rubro-conoce-a-todos-los-grupos-y-artistas-nominados-en-los-premios-tango-siglo-xxi\/","title":{"rendered":"Rubro por rubro: conoc\u00e9 a todos los grupos y artistas nominados en los \u00abPremios Tango Siglo XXI\u00bb"},"content":{"rendered":"\n<p class=\"wp-block-paragraph\">El tango de hoy tiene ahora su premiaci\u00f3n especial.<\/p>\n\n\n\n<p class=\"wp-block-paragraph\">Con la edici\u00f3n debut, los <strong>Premios Tango Siglo XXI<\/strong> comienzan un camino para <strong>reconocer a la producci\u00f3n discogr\u00e1fica del g\u00e9nero<\/strong>.<\/p>\n\n\n\n<p class=\"wp-block-paragraph\">Una iniciativa impulsada por periodistas especializados, gestores y comunicadores y enfocada de lleno a distinguir la labor art\u00edstica de quienes construyen el panorama actual del 2\u00d74.<\/p>\n\n\n\n<p class=\"wp-block-paragraph\">Se trata, al fin de cuentas, de &#8220;visibilizar la diversidad estil\u00edstica y contribuir a la difusi\u00f3n de varias generaciones de artistas que llevan m\u00e1s de 25 a\u00f1os redefiniendo este g\u00e9nero&#8221;, explican los organizadores Andr\u00e9s Valenzuela (Tandas Nuevas), Nacho VIllabona (Ciclo Mistongo) y Ximena Pascutti (XP Prensa).<\/p>\n\n\n\n<p class=\"wp-block-paragraph\">&#8220;Queremos celebrar y poner en el centro de la escena al tango actual&#8221;, agregan.<\/p>\n\n\n\n<h2 class=\"wp-block-heading\">Qui\u00e9nes, cu\u00e1ndo, d\u00f3nde<\/h2>\n\n\n\n<p class=\"wp-block-paragraph\">Hace pocas horas, los <a href=\"https:\/\/www.instagram.com\/premiostangosigloxxi\/\" target=\"_blank\" rel=\"noreferrer noopener\">Premios Tango Siglo XXI<\/a> -que tienen a V\u00edctor Lavall\u00e9n como padrino- dieron a conocer sus <strong>12 categor\u00edas<\/strong> elegidas por un jurado de comunicadores de medios vinculados a la escena.<\/p>\n\n\n\n<p class=\"wp-block-paragraph\">&#8220;Son m\u00e1s de 100 producciones discogr\u00e1ficas lanzadas en 2024&#8221;, contaron en la conferencia de prensa acerca del volumen de la selecci\u00f3n.<\/p>\n\n\n\n<p class=\"wp-block-paragraph\">Tras develarse las ternas y cuaternas, se inform\u00f3 adem\u00e1s la realizaci\u00f3n de una <strong>votaci\u00f3n general<\/strong> abierta al p\u00fablico, proceso que durar\u00e1 hasta<strong> el 26 de marzo<\/strong>. Se podr\u00e1 votar a trav\u00e9s del sitio web de los premios.<\/p>\n\n\n\n<p class=\"wp-block-paragraph\">La <strong>premiaci\u00f3n<\/strong>, finalmente, tendr\u00e1 lugar el <strong>9 de abril <\/strong>en el Centro Cultural de la Cooperaci\u00f3n y contar\u00e1 -adem\u00e1s de los premios a las mejores producciones musicales- con distinciones especiales en otros rubros que reconocer\u00e1n la trayectoria y el aporte al desarrollo del tango contempor\u00e1neo.<\/p>\n\n\n\n<h2 class=\"wp-block-heading\">Todos los nominados a los Premios Tango Siglo XXI<\/h2>\n\n\n\n<p class=\"wp-block-paragraph\"><strong> &#8211; Disco Orquesta instrumental<\/strong><\/p>\n\n\n\n<p class=\"wp-block-paragraph\"><em>Neot\u00edpico<\/em> &#8211; Ramiro Boero Orquesta<br><em>Contra las cuerdas<\/em> &#8211; Nicol\u00e1s &amp; Alejandro Guerschberg<br><em>Piazzolla para orquesta t\u00edpica<\/em> &#8211; Daniel Ruggiero<br><em>En vivo en el Col\u00f3n<\/em> &#8211; N\u00e9stor Marconi y la Orquesta de Tango de Buenos Aires<\/p>\n\n\n\n<p class=\"wp-block-paragraph\">\u2013 <strong>Disco grupo de c\u00e1mara instrumental<\/strong><\/p>\n\n\n\n<p class=\"wp-block-paragraph\"><em>Costero criollo<\/em> \u2013 Noelia Sinkunas y Milagros Caliva<br><em>Todas las cosas y el tiempo<\/em> \u2013 Ramiro Gallo Quinteto<br><em>P\u00f3cima<\/em> \u2013 Chapeau D\u00fao (Valeria Martin y Daniela Mercado)<\/p>\n\n\n\n<p class=\"wp-block-paragraph\">\u2013 <strong>Disco cantor\/cantora<\/strong><\/p>\n\n\n\n<p class=\"wp-block-paragraph\"><em>La noche<\/em> \u2013 Lidia Borda y Daniel Godfrid<br><em>Manzi-Mores de c\u00e1mara<\/em> \u2013 Flor Cozzani<br><em>Sembremos<\/em> \u2013 Eliana Sosa<\/p>\n\n\n\n<p class=\"wp-block-paragraph\">\u2013 <strong>Tango canci\u00f3n<\/strong><\/p>\n\n\n\n<p class=\"wp-block-paragraph\"><em>Revuelo sur<\/em> \u2013 Susy Shock<br><em>La inevitable tentaci\u00f3n de ir a contramano<\/em> \u2013 Sexteto Fantasma<br><em>La banda calavera<\/em> \u2013 Cinzarazi XL y Agua Sucia<\/p>\n\n\n\n<p class=\"wp-block-paragraph\">\u2013 <strong>Disco solista instrumental<\/strong><\/p>\n\n\n\n<p class=\"wp-block-paragraph\"><em>Que Grrrande vol.2<\/em> \u2013 Dipi Kvitko<br><em>Uni\u00f3n y perseverancia<\/em> \u2013 Noelia Sinkunas<br><em>Instituciones: de la prima a la bordona<\/em> \u2013 Nahuel Roth<\/p>\n\n\n\n<p class=\"wp-block-paragraph\">\u2013 <strong>Tango criollo<\/strong><\/p>\n\n\n\n<p class=\"wp-block-paragraph\"><em>Chafalon\u00eda<\/em> \u2013 Pira\u00f1a<br><em>Cuartetos Guitarreros<\/em> \u2013 Adam Tully<br><em>Lado B: tambi\u00e9n tocamos en milongas<\/em> \u2013 La Llevada<br><em>Estafa piramidal<\/em> \u2013 La Runfla<\/p>\n\n\n\n<p class=\"wp-block-paragraph\">\u2013 <strong>Tango milonguero<\/strong><\/p>\n\n\n\n<p class=\"wp-block-paragraph\"><em>Noches con Di Sarli<\/em> \u2013 Orquesta DiSarliana<br><em>Cantoras<\/em> \u2013 Orquesta T\u00edpica Pichuco<br><em>D\u2019Arienzo Anticrisis<\/em> \u2013 Tango Bardo<\/p>\n\n\n\n<p class=\"wp-block-paragraph\">\u2013 <strong>Tango nuevas tendencias<\/strong><\/p>\n\n\n\n<p class=\"wp-block-paragraph\"><em>Noche random<\/em> \u2013 Astillero<br><em>Cosmof\u00f3nico<\/em> \u2013 Bernardo Monk<br><em>Basta<\/em> \u2013 Fern\u00e1ndez Fierro<\/p>\n\n\n\n<p class=\"wp-block-paragraph\">\u2013 <strong>Tango fusi\u00f3n<\/strong><\/p>\n\n\n\n<p class=\"wp-block-paragraph\"><em>Potrero<\/em> \u2013 Tangology<br><em>Gardel <\/em>\u2013 Hern\u00e1n Jacinto Tr\u00edo<br><em>Despu\u00e9s de la tormenta<\/em> \u2013 Pablo Gignoli<\/p>\n\n\n\n<p class=\"wp-block-paragraph\">\u2013 <strong>Electrotango<\/strong><\/p>\n\n\n\n<p class=\"wp-block-paragraph\"><em>Anarcolonga (en vivo)<\/em> \u2013 Narcotango<br><em>Cuore Griyo<\/em> \u2013 Dock Sud<br><em>Milongueros<\/em> \u2013 Tangorra y Eliana Sosa<\/p>\n\n\n\n<p class=\"wp-block-paragraph\">\u2013 <strong>EP obras originales<\/strong><\/p>\n\n\n\n<p class=\"wp-block-paragraph\"><em>Tangotr\u00f3pikas<\/em> \u2013 Gisela Magri<br><em>Ciudad Verdugo<\/em> \u2013 Pablo Sensottera<br><em>Crash (vivo)<\/em> \u2013 Siniestra<\/p>\n\n\n\n<p class=\"wp-block-paragraph\">\u2013 <strong>EP obras cl\u00e1sicas\/versiones<\/strong><\/p>\n\n\n\n<p class=\"wp-block-paragraph\"><em>L\u2019art del tango. Vol 1<\/em> \u2013 Guyot, Gignoli, Delgado y Olalla<br><em>Las canciones m\u00e1s bellas<\/em> \u2013 Tango Ca\u00f1\u00f3n<br><em>Maleducado y milonguero<\/em> \u2013 Cuarteto Extraordinario<\/p>\n","protected":false},"excerpt":{"rendered":"<p>Se acerca la primera edici\u00f3n de los Premios Tango Siglo XXI. \u00abQueremos celebrar y poner en el centro de la escena al tango actual\u00bb, reafirman sus impulsores.<\/p>\n","protected":false},"author":1,"featured_media":3958,"comment_status":"open","ping_status":"open","sticky":false,"template":"","format":"standard","meta":{"footnotes":""},"categories":[7],"tags":[100,81,101,103,98,102],"class_list":["post-3957","post","type-post","status-publish","format-standard","has-post-thumbnail","hentry","category-noticias","tag-andres-valenzuela","tag-discos","tag-nacho-villbona","tag-premios","tag-premios-tango-siglo-xxi","tag-ximena-pascutti"],"yoast_head":"<!-- This site is optimized with the Yoast SEO plugin v28.4 - https:\/\/yoast.com\/product\/yoast-seo-wordpress\/ -->\n<title>Rubro por rubro: conoc\u00e9 a todos los grupos y artistas nominados en los \u00abPremios Tango Siglo XXI\u00bb &#187; Fractura Expuesta | Tango!<\/title>\n<meta name=\"description\" content=\"Se acerca la primera edici\u00f3n de los Premios Tango Siglo XXI. \u00abQueremos celebrar y poner en el centro de la escena al tango actual\u00bb, reafirman sus impulsores.\" \/>\n<meta name=\"robots\" content=\"index, follow, max-snippet:-1, max-image-preview:large, max-video-preview:-1\" \/>\n<link rel=\"canonical\" href=\"https:\/\/www.fracturaexpuesta.com.ar\/gotan\/rubro-por-rubro-conoce-a-todos-los-grupos-y-artistas-nominados-en-los-premios-tango-siglo-xxi\/\" \/>\n<meta property=\"og:locale\" content=\"es_ES\" \/>\n<meta property=\"og:type\" content=\"article\" \/>\n<meta property=\"og:title\" content=\"Rubro por rubro: conoc\u00e9 a todos los grupos y artistas nominados en los \u00abPremios Tango Siglo XXI\u00bb\" \/>\n<meta property=\"og:description\" content=\"Se acerca la primera edici\u00f3n de los Premios Tango Siglo XXI. \u00abQueremos celebrar y poner en el centro de la escena al tango actual\u00bb, reafirman sus impulsores.\" \/>\n<meta property=\"og:url\" content=\"https:\/\/www.fracturaexpuesta.com.ar\/gotan\/rubro-por-rubro-conoce-a-todos-los-grupos-y-artistas-nominados-en-los-premios-tango-siglo-xxi\/\" \/>\n<meta property=\"og:site_name\" content=\"Fractura Expuesta | Tango!\" \/>\n<meta property=\"article:author\" content=\"https:\/\/www.facebook.com\/fracturaexpuestaok\" \/>\n<meta property=\"article:published_time\" content=\"2025-03-12T23:10:54+00:00\" \/>\n<meta property=\"article:modified_time\" content=\"2025-03-12T23:44:33+00:00\" \/>\n<meta property=\"og:image\" content=\"https:\/\/www.fracturaexpuesta.com.ar\/gotan\/wp-content\/uploads\/2025\/03\/premios-tango-siglo-XXI.jpg\" \/>\n\t<meta property=\"og:image:width\" content=\"950\" \/>\n\t<meta property=\"og:image:height\" content=\"650\" \/>\n\t<meta property=\"og:image:type\" content=\"image\/jpeg\" \/>\n<meta name=\"author\" content=\"Fractura Expuesta\" \/>\n<meta name=\"twitter:card\" content=\"summary_large_image\" \/>\n<meta name=\"twitter:title\" content=\"Rubro por rubro: conoc\u00e9 a todos los grupos y artistas nominados en los \u00abPremios Tango Siglo XXI\u00bb\" \/>\n<meta name=\"twitter:description\" content=\"Se acerca la primera edici\u00f3n de los Premios Tango Siglo XXI. \u00abQueremos celebrar y poner en el centro de la escena al tango actual\u00bb, reafirman sus impulsores.\" \/>\n<meta name=\"twitter:image\" content=\"https:\/\/www.fracturaexpuesta.com.ar\/gotan\/wp-content\/uploads\/2025\/03\/premios-tango-siglo-XXI.jpg\" \/>\n<meta name=\"twitter:creator\" content=\"@https:\/\/x.com\/fracturatango\" \/>\n<meta name=\"twitter:label1\" content=\"Escrito por\" \/>\n\t<meta name=\"twitter:data1\" content=\"Fractura Expuesta\" \/>\n\t<meta name=\"twitter:label2\" content=\"Tiempo de lectura\" \/>\n\t<meta name=\"twitter:data2\" content=\"3 minutos\" \/>\n<script type=\"application\/ld+json\" class=\"yoast-schema-graph\">{\"@context\":\"https:\\\/\\\/schema.org\",\"@graph\":[{\"@type\":\"Article\",\"@id\":\"https:\\\/\\\/www.fracturaexpuesta.com.ar\\\/gotan\\\/rubro-por-rubro-conoce-a-todos-los-grupos-y-artistas-nominados-en-los-premios-tango-siglo-xxi\\\/#article\",\"isPartOf\":{\"@id\":\"https:\\\/\\\/www.fracturaexpuesta.com.ar\\\/gotan\\\/rubro-por-rubro-conoce-a-todos-los-grupos-y-artistas-nominados-en-los-premios-tango-siglo-xxi\\\/\"},\"author\":{\"name\":\"Fractura Expuesta\",\"@id\":\"https:\\\/\\\/www.fracturaexpuesta.com.ar\\\/gotan\\\/#\\\/schema\\\/person\\\/d8266939f778485b13ad2174aa9e199e\"},\"headline\":\"Rubro por rubro: conoc\u00e9 a todos los grupos y artistas nominados en los \u00abPremios Tango Siglo XXI\u00bb\",\"datePublished\":\"2025-03-12T23:10:54+00:00\",\"dateModified\":\"2025-03-12T23:44:33+00:00\",\"mainEntityOfPage\":{\"@id\":\"https:\\\/\\\/www.fracturaexpuesta.com.ar\\\/gotan\\\/rubro-por-rubro-conoce-a-todos-los-grupos-y-artistas-nominados-en-los-premios-tango-siglo-xxi\\\/\"},\"wordCount\":577,\"commentCount\":0,\"publisher\":{\"@id\":\"https:\\\/\\\/www.fracturaexpuesta.com.ar\\\/gotan\\\/#organization\"},\"image\":{\"@id\":\"https:\\\/\\\/www.fracturaexpuesta.com.ar\\\/gotan\\\/rubro-por-rubro-conoce-a-todos-los-grupos-y-artistas-nominados-en-los-premios-tango-siglo-xxi\\\/#primaryimage\"},\"thumbnailUrl\":\"https:\\\/\\\/www.fracturaexpuesta.com.ar\\\/gotan\\\/wp-content\\\/uploads\\\/2025\\\/03\\\/premios-tango-siglo-XXI.jpg\",\"keywords\":[\"andres valenzuela\",\"discos\",\"nacho villbona\",\"premios\",\"premios tango siglo XXI\",\"ximena pascutti\"],\"articleSection\":[\"Noticias\"],\"inLanguage\":\"es-AR\",\"potentialAction\":[{\"@type\":\"CommentAction\",\"name\":\"Comment\",\"target\":[\"https:\\\/\\\/www.fracturaexpuesta.com.ar\\\/gotan\\\/rubro-por-rubro-conoce-a-todos-los-grupos-y-artistas-nominados-en-los-premios-tango-siglo-xxi\\\/#respond\"]}]},{\"@type\":\"WebPage\",\"@id\":\"https:\\\/\\\/www.fracturaexpuesta.com.ar\\\/gotan\\\/rubro-por-rubro-conoce-a-todos-los-grupos-y-artistas-nominados-en-los-premios-tango-siglo-xxi\\\/\",\"url\":\"https:\\\/\\\/www.fracturaexpuesta.com.ar\\\/gotan\\\/rubro-por-rubro-conoce-a-todos-los-grupos-y-artistas-nominados-en-los-premios-tango-siglo-xxi\\\/\",\"name\":\"Rubro por rubro: conoc\u00e9 a todos los grupos y artistas nominados en los \u00abPremios Tango Siglo XXI\u00bb &#187; Fractura Expuesta | Tango!\",\"isPartOf\":{\"@id\":\"https:\\\/\\\/www.fracturaexpuesta.com.ar\\\/gotan\\\/#website\"},\"primaryImageOfPage\":{\"@id\":\"https:\\\/\\\/www.fracturaexpuesta.com.ar\\\/gotan\\\/rubro-por-rubro-conoce-a-todos-los-grupos-y-artistas-nominados-en-los-premios-tango-siglo-xxi\\\/#primaryimage\"},\"image\":{\"@id\":\"https:\\\/\\\/www.fracturaexpuesta.com.ar\\\/gotan\\\/rubro-por-rubro-conoce-a-todos-los-grupos-y-artistas-nominados-en-los-premios-tango-siglo-xxi\\\/#primaryimage\"},\"thumbnailUrl\":\"https:\\\/\\\/www.fracturaexpuesta.com.ar\\\/gotan\\\/wp-content\\\/uploads\\\/2025\\\/03\\\/premios-tango-siglo-XXI.jpg\",\"datePublished\":\"2025-03-12T23:10:54+00:00\",\"dateModified\":\"2025-03-12T23:44:33+00:00\",\"description\":\"Se acerca la primera edici\u00f3n de los Premios Tango Siglo XXI. \u00abQueremos celebrar y poner en el centro de la escena al tango actual\u00bb, reafirman sus impulsores.\",\"breadcrumb\":{\"@id\":\"https:\\\/\\\/www.fracturaexpuesta.com.ar\\\/gotan\\\/rubro-por-rubro-conoce-a-todos-los-grupos-y-artistas-nominados-en-los-premios-tango-siglo-xxi\\\/#breadcrumb\"},\"inLanguage\":\"es-AR\",\"potentialAction\":[{\"@type\":\"ReadAction\",\"target\":[\"https:\\\/\\\/www.fracturaexpuesta.com.ar\\\/gotan\\\/rubro-por-rubro-conoce-a-todos-los-grupos-y-artistas-nominados-en-los-premios-tango-siglo-xxi\\\/\"]}]},{\"@type\":\"ImageObject\",\"inLanguage\":\"es-AR\",\"@id\":\"https:\\\/\\\/www.fracturaexpuesta.com.ar\\\/gotan\\\/rubro-por-rubro-conoce-a-todos-los-grupos-y-artistas-nominados-en-los-premios-tango-siglo-xxi\\\/#primaryimage\",\"url\":\"https:\\\/\\\/www.fracturaexpuesta.com.ar\\\/gotan\\\/wp-content\\\/uploads\\\/2025\\\/03\\\/premios-tango-siglo-XXI.jpg\",\"contentUrl\":\"https:\\\/\\\/www.fracturaexpuesta.com.ar\\\/gotan\\\/wp-content\\\/uploads\\\/2025\\\/03\\\/premios-tango-siglo-XXI.jpg\",\"width\":950,\"height\":650,\"caption\":\"Premios Tango Siglo XXI\"},{\"@type\":\"BreadcrumbList\",\"@id\":\"https:\\\/\\\/www.fracturaexpuesta.com.ar\\\/gotan\\\/rubro-por-rubro-conoce-a-todos-los-grupos-y-artistas-nominados-en-los-premios-tango-siglo-xxi\\\/#breadcrumb\",\"itemListElement\":[{\"@type\":\"ListItem\",\"position\":1,\"name\":\"Inicio\",\"item\":\"https:\\\/\\\/www.fracturaexpuesta.com.ar\\\/gotan\\\/\"},{\"@type\":\"ListItem\",\"position\":2,\"name\":\"Rubro por rubro: conoc\u00e9 a todos los grupos y artistas nominados en los \u00abPremios Tango Siglo XXI\u00bb\"}]},{\"@type\":\"WebSite\",\"@id\":\"https:\\\/\\\/www.fracturaexpuesta.com.ar\\\/gotan\\\/#website\",\"url\":\"https:\\\/\\\/www.fracturaexpuesta.com.ar\\\/gotan\\\/\",\"name\":\"Fractura Expuesta | Tango!\",\"description\":\"\",\"publisher\":{\"@id\":\"https:\\\/\\\/www.fracturaexpuesta.com.ar\\\/gotan\\\/#organization\"},\"potentialAction\":[{\"@type\":\"SearchAction\",\"target\":{\"@type\":\"EntryPoint\",\"urlTemplate\":\"https:\\\/\\\/www.fracturaexpuesta.com.ar\\\/gotan\\\/?s={search_term_string}\"},\"query-input\":{\"@type\":\"PropertyValueSpecification\",\"valueRequired\":true,\"valueName\":\"search_term_string\"}}],\"inLanguage\":\"es-AR\"},{\"@type\":\"Organization\",\"@id\":\"https:\\\/\\\/www.fracturaexpuesta.com.ar\\\/gotan\\\/#organization\",\"name\":\"Fractura Expuesta | Tango!\",\"url\":\"https:\\\/\\\/www.fracturaexpuesta.com.ar\\\/gotan\\\/\",\"logo\":{\"@type\":\"ImageObject\",\"inLanguage\":\"es-AR\",\"@id\":\"https:\\\/\\\/www.fracturaexpuesta.com.ar\\\/gotan\\\/#\\\/schema\\\/logo\\\/image\\\/\",\"url\":\"https:\\\/\\\/www.fracturaexpuesta.com.ar\\\/gotan\\\/wp-content\\\/uploads\\\/2025\\\/03\\\/avatar2centroOK.jpg\",\"contentUrl\":\"https:\\\/\\\/www.fracturaexpuesta.com.ar\\\/gotan\\\/wp-content\\\/uploads\\\/2025\\\/03\\\/avatar2centroOK.jpg\",\"width\":600,\"height\":600,\"caption\":\"Fractura Expuesta | Tango!\"},\"image\":{\"@id\":\"https:\\\/\\\/www.fracturaexpuesta.com.ar\\\/gotan\\\/#\\\/schema\\\/logo\\\/image\\\/\"}},{\"@type\":\"Person\",\"@id\":\"https:\\\/\\\/www.fracturaexpuesta.com.ar\\\/gotan\\\/#\\\/schema\\\/person\\\/d8266939f778485b13ad2174aa9e199e\",\"name\":\"Fractura Expuesta\",\"image\":{\"@type\":\"ImageObject\",\"inLanguage\":\"es-AR\",\"@id\":\"https:\\\/\\\/secure.gravatar.com\\\/avatar\\\/c4bad1eb9f93dd4a42df3aa8b8e8b882ff893fcea188ee15488a845db442d7ec?s=96&d=mm&r=g\",\"url\":\"https:\\\/\\\/secure.gravatar.com\\\/avatar\\\/c4bad1eb9f93dd4a42df3aa8b8e8b882ff893fcea188ee15488a845db442d7ec?s=96&d=mm&r=g\",\"contentUrl\":\"https:\\\/\\\/secure.gravatar.com\\\/avatar\\\/c4bad1eb9f93dd4a42df3aa8b8e8b882ff893fcea188ee15488a845db442d7ec?s=96&d=mm&r=g\",\"caption\":\"Fractura Expuesta\"},\"description\":\"Sitio de tango y noticias culturales. Desde 2003, el espacio referente del tango de estos tiempos.\",\"sameAs\":[\"https:\\\/\\\/www.fracturaexpuesta.com.ar\",\"https:\\\/\\\/www.facebook.com\\\/fracturaexpuestaok\",\"https:\\\/\\\/www.instagram.com\\\/fracturaexpuesta\",\"https:\\\/\\\/x.com\\\/https:\\\/\\\/x.com\\\/fracturatango\",\"https:\\\/\\\/www.youtube.com\\\/channel\\\/UCojA8Q0QDpnncOL8sfTHOHg\"],\"url\":\"https:\\\/\\\/www.fracturaexpuesta.com.ar\\\/gotan\\\/author\\\/fractura-expuesta\\\/\"}]}<\/script>\n<!-- \/ Yoast SEO plugin. -->","yoast_head_json":{"title":"Rubro por rubro: conoc\u00e9 a todos los grupos y artistas nominados en los \u00abPremios Tango Siglo XXI\u00bb &#187; Fractura Expuesta | Tango!","description":"Se acerca la primera edici\u00f3n de los Premios Tango Siglo XXI. \u00abQueremos celebrar y poner en el centro de la escena al tango actual\u00bb, reafirman sus impulsores.","robots":{"index":"index","follow":"follow","max-snippet":"max-snippet:-1","max-image-preview":"max-image-preview:large","max-video-preview":"max-video-preview:-1"},"canonical":"https:\/\/www.fracturaexpuesta.com.ar\/gotan\/rubro-por-rubro-conoce-a-todos-los-grupos-y-artistas-nominados-en-los-premios-tango-siglo-xxi\/","og_locale":"es_ES","og_type":"article","og_title":"Rubro por rubro: conoc\u00e9 a todos los grupos y artistas nominados en los \u00abPremios Tango Siglo XXI\u00bb","og_description":"Se acerca la primera edici\u00f3n de los Premios Tango Siglo XXI. \u00abQueremos celebrar y poner en el centro de la escena al tango actual\u00bb, reafirman sus impulsores.","og_url":"https:\/\/www.fracturaexpuesta.com.ar\/gotan\/rubro-por-rubro-conoce-a-todos-los-grupos-y-artistas-nominados-en-los-premios-tango-siglo-xxi\/","og_site_name":"Fractura Expuesta | Tango!","article_author":"https:\/\/www.facebook.com\/fracturaexpuestaok","article_published_time":"2025-03-12T23:10:54+00:00","article_modified_time":"2025-03-12T23:44:33+00:00","og_image":[{"width":950,"height":650,"url":"https:\/\/www.fracturaexpuesta.com.ar\/gotan\/wp-content\/uploads\/2025\/03\/premios-tango-siglo-XXI.jpg","type":"image\/jpeg"}],"author":"Fractura Expuesta","twitter_card":"summary_large_image","twitter_title":"Rubro por rubro: conoc\u00e9 a todos los grupos y artistas nominados en los \u00abPremios Tango Siglo XXI\u00bb","twitter_description":"Se acerca la primera edici\u00f3n de los Premios Tango Siglo XXI. \u00abQueremos celebrar y poner en el centro de la escena al tango actual\u00bb, reafirman sus impulsores.","twitter_image":"https:\/\/www.fracturaexpuesta.com.ar\/gotan\/wp-content\/uploads\/2025\/03\/premios-tango-siglo-XXI.jpg","twitter_creator":"@https:\/\/x.com\/fracturatango","twitter_misc":{"Escrito por":"Fractura Expuesta","Tiempo de lectura":"3 minutos"},"schema":{"@context":"https:\/\/schema.org","@graph":[{"@type":"Article","@id":"https:\/\/www.fracturaexpuesta.com.ar\/gotan\/rubro-por-rubro-conoce-a-todos-los-grupos-y-artistas-nominados-en-los-premios-tango-siglo-xxi\/#article","isPartOf":{"@id":"https:\/\/www.fracturaexpuesta.com.ar\/gotan\/rubro-por-rubro-conoce-a-todos-los-grupos-y-artistas-nominados-en-los-premios-tango-siglo-xxi\/"},"author":{"name":"Fractura Expuesta","@id":"https:\/\/www.fracturaexpuesta.com.ar\/gotan\/#\/schema\/person\/d8266939f778485b13ad2174aa9e199e"},"headline":"Rubro por rubro: conoc\u00e9 a todos los grupos y artistas nominados en los \u00abPremios Tango Siglo XXI\u00bb","datePublished":"2025-03-12T23:10:54+00:00","dateModified":"2025-03-12T23:44:33+00:00","mainEntityOfPage":{"@id":"https:\/\/www.fracturaexpuesta.com.ar\/gotan\/rubro-por-rubro-conoce-a-todos-los-grupos-y-artistas-nominados-en-los-premios-tango-siglo-xxi\/"},"wordCount":577,"commentCount":0,"publisher":{"@id":"https:\/\/www.fracturaexpuesta.com.ar\/gotan\/#organization"},"image":{"@id":"https:\/\/www.fracturaexpuesta.com.ar\/gotan\/rubro-por-rubro-conoce-a-todos-los-grupos-y-artistas-nominados-en-los-premios-tango-siglo-xxi\/#primaryimage"},"thumbnailUrl":"https:\/\/www.fracturaexpuesta.com.ar\/gotan\/wp-content\/uploads\/2025\/03\/premios-tango-siglo-XXI.jpg","keywords":["andres valenzuela","discos","nacho villbona","premios","premios tango siglo XXI","ximena pascutti"],"articleSection":["Noticias"],"inLanguage":"es-AR","potentialAction":[{"@type":"CommentAction","name":"Comment","target":["https:\/\/www.fracturaexpuesta.com.ar\/gotan\/rubro-por-rubro-conoce-a-todos-los-grupos-y-artistas-nominados-en-los-premios-tango-siglo-xxi\/#respond"]}]},{"@type":"WebPage","@id":"https:\/\/www.fracturaexpuesta.com.ar\/gotan\/rubro-por-rubro-conoce-a-todos-los-grupos-y-artistas-nominados-en-los-premios-tango-siglo-xxi\/","url":"https:\/\/www.fracturaexpuesta.com.ar\/gotan\/rubro-por-rubro-conoce-a-todos-los-grupos-y-artistas-nominados-en-los-premios-tango-siglo-xxi\/","name":"Rubro por rubro: conoc\u00e9 a todos los grupos y artistas nominados en los \u00abPremios Tango Siglo XXI\u00bb &#187; Fractura Expuesta | Tango!","isPartOf":{"@id":"https:\/\/www.fracturaexpuesta.com.ar\/gotan\/#website"},"primaryImageOfPage":{"@id":"https:\/\/www.fracturaexpuesta.com.ar\/gotan\/rubro-por-rubro-conoce-a-todos-los-grupos-y-artistas-nominados-en-los-premios-tango-siglo-xxi\/#primaryimage"},"image":{"@id":"https:\/\/www.fracturaexpuesta.com.ar\/gotan\/rubro-por-rubro-conoce-a-todos-los-grupos-y-artistas-nominados-en-los-premios-tango-siglo-xxi\/#primaryimage"},"thumbnailUrl":"https:\/\/www.fracturaexpuesta.com.ar\/gotan\/wp-content\/uploads\/2025\/03\/premios-tango-siglo-XXI.jpg","datePublished":"2025-03-12T23:10:54+00:00","dateModified":"2025-03-12T23:44:33+00:00","description":"Se acerca la primera edici\u00f3n de los Premios Tango Siglo XXI. \u00abQueremos celebrar y poner en el centro de la escena al tango actual\u00bb, reafirman sus impulsores.","breadcrumb":{"@id":"https:\/\/www.fracturaexpuesta.com.ar\/gotan\/rubro-por-rubro-conoce-a-todos-los-grupos-y-artistas-nominados-en-los-premios-tango-siglo-xxi\/#breadcrumb"},"inLanguage":"es-AR","potentialAction":[{"@type":"ReadAction","target":["https:\/\/www.fracturaexpuesta.com.ar\/gotan\/rubro-por-rubro-conoce-a-todos-los-grupos-y-artistas-nominados-en-los-premios-tango-siglo-xxi\/"]}]},{"@type":"ImageObject","inLanguage":"es-AR","@id":"https:\/\/www.fracturaexpuesta.com.ar\/gotan\/rubro-por-rubro-conoce-a-todos-los-grupos-y-artistas-nominados-en-los-premios-tango-siglo-xxi\/#primaryimage","url":"https:\/\/www.fracturaexpuesta.com.ar\/gotan\/wp-content\/uploads\/2025\/03\/premios-tango-siglo-XXI.jpg","contentUrl":"https:\/\/www.fracturaexpuesta.com.ar\/gotan\/wp-content\/uploads\/2025\/03\/premios-tango-siglo-XXI.jpg","width":950,"height":650,"caption":"Premios Tango Siglo XXI"},{"@type":"BreadcrumbList","@id":"https:\/\/www.fracturaexpuesta.com.ar\/gotan\/rubro-por-rubro-conoce-a-todos-los-grupos-y-artistas-nominados-en-los-premios-tango-siglo-xxi\/#breadcrumb","itemListElement":[{"@type":"ListItem","position":1,"name":"Inicio","item":"https:\/\/www.fracturaexpuesta.com.ar\/gotan\/"},{"@type":"ListItem","position":2,"name":"Rubro por rubro: conoc\u00e9 a todos los grupos y artistas nominados en los \u00abPremios Tango Siglo XXI\u00bb"}]},{"@type":"WebSite","@id":"https:\/\/www.fracturaexpuesta.com.ar\/gotan\/#website","url":"https:\/\/www.fracturaexpuesta.com.ar\/gotan\/","name":"Fractura Expuesta | Tango!","description":"","publisher":{"@id":"https:\/\/www.fracturaexpuesta.com.ar\/gotan\/#organization"},"potentialAction":[{"@type":"SearchAction","target":{"@type":"EntryPoint","urlTemplate":"https:\/\/www.fracturaexpuesta.com.ar\/gotan\/?s={search_term_string}"},"query-input":{"@type":"PropertyValueSpecification","valueRequired":true,"valueName":"search_term_string"}}],"inLanguage":"es-AR"},{"@type":"Organization","@id":"https:\/\/www.fracturaexpuesta.com.ar\/gotan\/#organization","name":"Fractura Expuesta | Tango!","url":"https:\/\/www.fracturaexpuesta.com.ar\/gotan\/","logo":{"@type":"ImageObject","inLanguage":"es-AR","@id":"https:\/\/www.fracturaexpuesta.com.ar\/gotan\/#\/schema\/logo\/image\/","url":"https:\/\/www.fracturaexpuesta.com.ar\/gotan\/wp-content\/uploads\/2025\/03\/avatar2centroOK.jpg","contentUrl":"https:\/\/www.fracturaexpuesta.com.ar\/gotan\/wp-content\/uploads\/2025\/03\/avatar2centroOK.jpg","width":600,"height":600,"caption":"Fractura Expuesta | Tango!"},"image":{"@id":"https:\/\/www.fracturaexpuesta.com.ar\/gotan\/#\/schema\/logo\/image\/"}},{"@type":"Person","@id":"https:\/\/www.fracturaexpuesta.com.ar\/gotan\/#\/schema\/person\/d8266939f778485b13ad2174aa9e199e","name":"Fractura Expuesta","image":{"@type":"ImageObject","inLanguage":"es-AR","@id":"https:\/\/secure.gravatar.com\/avatar\/c4bad1eb9f93dd4a42df3aa8b8e8b882ff893fcea188ee15488a845db442d7ec?s=96&d=mm&r=g","url":"https:\/\/secure.gravatar.com\/avatar\/c4bad1eb9f93dd4a42df3aa8b8e8b882ff893fcea188ee15488a845db442d7ec?s=96&d=mm&r=g","contentUrl":"https:\/\/secure.gravatar.com\/avatar\/c4bad1eb9f93dd4a42df3aa8b8e8b882ff893fcea188ee15488a845db442d7ec?s=96&d=mm&r=g","caption":"Fractura Expuesta"},"description":"Sitio de tango y noticias culturales. Desde 2003, el espacio referente del tango de estos tiempos.","sameAs":["https:\/\/www.fracturaexpuesta.com.ar","https:\/\/www.facebook.com\/fracturaexpuestaok","https:\/\/www.instagram.com\/fracturaexpuesta","https:\/\/x.com\/https:\/\/x.com\/fracturatango","https:\/\/www.youtube.com\/channel\/UCojA8Q0QDpnncOL8sfTHOHg"],"url":"https:\/\/www.fracturaexpuesta.com.ar\/gotan\/author\/fractura-expuesta\/"}]}},"_links":{"self":[{"href":"https:\/\/www.fracturaexpuesta.com.ar\/gotan\/wp-json\/wp\/v2\/posts\/3957","targetHints":{"allow":["GET"]}}],"collection":[{"href":"https:\/\/www.fracturaexpuesta.com.ar\/gotan\/wp-json\/wp\/v2\/posts"}],"about":[{"href":"https:\/\/www.fracturaexpuesta.com.ar\/gotan\/wp-json\/wp\/v2\/types\/post"}],"author":[{"embeddable":true,"href":"https:\/\/www.fracturaexpuesta.com.ar\/gotan\/wp-json\/wp\/v2\/users\/1"}],"replies":[{"embeddable":true,"href":"https:\/\/www.fracturaexpuesta.com.ar\/gotan\/wp-json\/wp\/v2\/comments?post=3957"}],"version-history":[{"count":14,"href":"https:\/\/www.fracturaexpuesta.com.ar\/gotan\/wp-json\/wp\/v2\/posts\/3957\/revisions"}],"predecessor-version":[{"id":4356,"href":"https:\/\/www.fracturaexpuesta.com.ar\/gotan\/wp-json\/wp\/v2\/posts\/3957\/revisions\/4356"}],"wp:featuredmedia":[{"embeddable":true,"href":"https:\/\/www.fracturaexpuesta.com.ar\/gotan\/wp-json\/wp\/v2\/media\/3958"}],"wp:attachment":[{"href":"https:\/\/www.fracturaexpuesta.com.ar\/gotan\/wp-json\/wp\/v2\/media?parent=3957"}],"wp:term":[{"taxonomy":"category","embeddable":true,"href":"https:\/\/www.fracturaexpuesta.com.ar\/gotan\/wp-json\/wp\/v2\/categories?post=3957"},{"taxonomy":"post_tag","embeddable":true,"href":"https:\/\/www.fracturaexpuesta.com.ar\/gotan\/wp-json\/wp\/v2\/tags?post=3957"}],"curies":[{"name":"wp","href":"https:\/\/api.w.org\/{rel}","templated":true}]}}