{"id":4015,"date":"2024-09-09T11:01:00","date_gmt":"2024-09-09T14:01:00","guid":{"rendered":"https:\/\/www.fracturaexpuesta.com.ar\/gotan\/?p=4015"},"modified":"2025-03-05T11:13:08","modified_gmt":"2025-03-05T14:13:08","slug":"natalia-lagos-di-vuelta-la-pagina-deje-todo-y-empece-a-dedicar-tiempo-a-componer","status":"publish","type":"post","link":"https:\/\/www.fracturaexpuesta.com.ar\/gotan\/natalia-lagos-di-vuelta-la-pagina-deje-todo-y-empece-a-dedicar-tiempo-a-componer\/","title":{"rendered":"Natalia Lagos: \u201cDi vuelta la p\u00e1gina, dej\u00e9 todo y empec\u00e9 a dedicar tiempo a componer\u201d"},"content":{"rendered":"\n<p class=\"wp-block-paragraph\">La cantante y pianista Natalia Lagos acaba de editar <em><strong>Matarlo y renacer<\/strong><\/em>, su tercer disco solista. Un material que demarca una profunda transformaci\u00f3n de su \u00abser artista\u00bb.<\/p>\n\n\n\n<p class=\"wp-block-paragraph\">\u00abPude aprender a ser una persona consecuente, disciplinada\u00bb, comenta Lagos.<\/p>\n\n\n\n<p class=\"wp-block-paragraph\">Son 8 canciones propias que condensan, seg\u00fan cuenta su creadora, \u00abla cr\u00f3nica de mi propia metamorfosis, en la cual transit\u00e9 desde la espera y la sumisi\u00f3n, hacia un estado de acci\u00f3n y empoderamiento\u00bb.<\/p>\n\n\n<div class=\"wp-block-image\">\n<figure class=\"aligncenter size-full\"><img loading=\"lazy\" decoding=\"async\" width=\"720\" height=\"1080\" src=\"https:\/\/www.fracturaexpuesta.com.ar\/gotan\/wp-content\/uploads\/2025\/03\/nati-lagos-matarlo-y-renacer-3.png\" alt=\"\" class=\"wp-image-4016\"\/><figcaption class=\"wp-element-caption\"><em><mark style=\"background-color:rgba(0, 0, 0, 0)\" class=\"has-inline-color has-cyan-bluish-gray-color\">Natalia Lagos presenta su disco \u00abMatarlo y renacer\u00bb<\/mark><\/em><\/figcaption><\/figure>\n<\/div>\n\n\n<p class=\"wp-block-paragraph\">Un disco que tiene como eje el sonido del tango y que escala, desde esa plataforma, a otros estilos como el blues, el rock y la canci\u00f3n, estilos que forman parte del acervo musical de Lagos.<\/p>\n\n\n\n<p class=\"wp-block-paragraph\">Se trata del \u00e1lbum \u00abm\u00e1s personal e \u00edntimo\u00bb de quien fuera, hasta hace no mucho tiempo atr\u00e1s, la \u00faltima cantante de la legendaria Fern\u00e1ndez Fierro.<\/p>\n\n\n\n<p class=\"wp-block-paragraph\">\u2013 <strong>Matarlo y renacer parece un disco que alude a un tiempo y un proceso de cambio\u2026<\/strong><\/p>\n\n\n\n<p class=\"wp-block-paragraph\">\u2013 Es un disco resultado de la pandemia, de ese tiempo de quietud, de introspecci\u00f3n y de desapego que fue la pandemia. Tuve un 2019 muy agitado con mi entrada a la Fern\u00e1ndez Fierro. Fue un a\u00f1o de mucha exposici\u00f3n, de mucho ser para afuera, escenario, notas y viajes. Y si bien fue una experiencia de much\u00edsimo aprendizaje, cuando empez\u00f3 la pandemia tuve que adaptarme a otra realidad, como tantos. En mi caso fue la realidad de estar puertas para adentro sin esa especie de legitimaci\u00f3n de mi ser m\u00fasica, de mi ser cantante. Fue un sentir que se hab\u00eda desplomado, de alguna manera, un sue\u00f1o. Tuve una especie de presagio.<\/p>\n\n\n\n<blockquote class=\"wp-block-quote is-layout-flow wp-block-quote-is-layout-flow\">\n<p class=\"has-text-align-center wp-block-paragraph\"><strong>\u00abUn viaje de reencuentro con el instrumento, con el piano, con la voz y con la composici\u00f3n\u00bb<\/strong><\/p>\n<\/blockquote>\n\n\n\n<p class=\"wp-block-paragraph\">\u2013 <strong>\u00bfQu\u00e9 presagio?<\/strong><\/p>\n\n\n\n<p class=\"wp-block-paragraph\">\u2013 Me di cuenta que esto iba a durar bastante tiempo y que cuando terminara la pandemia no iba a ser la misma persona. Y todo esto sin poder ponerlo en palabras. Pero eso inici\u00f3 un viaje de reencuentro con el instrumento, con el piano, con la voz y con la composici\u00f3n. Vi que ten\u00eda tiempo para estudiar, para empezar a maquetar algunas canciones. Ese tiempo me devolvi\u00f3 a m\u00ed y me devolvi\u00f3 ese deseo de ser solista, que en realidad estuvo siempre dentro m\u00edo pero que estaba medianamente desatendido. Y est\u00e1 bien, porque en el medio me interes\u00f3 hacer otras cosas, cosas gros\u00edsimas que de cierto modo tambi\u00e9n maduraron mi ser artista.<\/p>\n\n\n\n<figure class=\"wp-block-image size-full\"><img loading=\"lazy\" decoding=\"async\" width=\"1080\" height=\"1080\" src=\"https:\/\/www.fracturaexpuesta.com.ar\/gotan\/wp-content\/uploads\/2025\/03\/nati-lagos-matarlo-y-renacer-1.png\" alt=\"\" class=\"wp-image-4017\"\/><figcaption class=\"wp-element-caption\"><em><mark style=\"background-color:rgba(0, 0, 0, 0)\" class=\"has-inline-color has-cyan-bluish-gray-color\">Lagos: \u00abMi tiempo estaba un poco lleno de hacer m\u00fasica para otros\u00bb<\/mark><\/em><\/figcaption><\/figure>\n\n\n\n<p class=\"wp-block-paragraph\">\u2013 <strong>\u00bfY c\u00f3mo se pas\u00f3 entonces de ese presagio, de esos presentimientos, a la acci\u00f3n y la creaci\u00f3n?<\/strong><\/p>\n\n\n\n<p class=\"wp-block-paragraph\">\u2013 En 2021 entend\u00ed que ten\u00eda que darle un lugar a todo eso y con muchas contradicciones dej\u00e9 la Fern\u00e1ndez Fierro. Luego dej\u00e9 tambi\u00e9n trabajos que yo hac\u00eda con d\u00faos o trabajos con muchos amigos que admiro. Mi tiempo estaba un poco lleno de hacer m\u00fasica para otros, no ten\u00eda espacio real para poder sentarme a componer. Di vuelta la p\u00e1gina. Dej\u00e9 todo, salvo la docencia que es mi sustento de vida, y arranqu\u00e9 a dedicar porci\u00f3n de tiempo, grandes porciones de tiempo a componer. Contando el material que yo ya ten\u00eda un poco maquetado, inici\u00e9 un taller de composici\u00f3n con Edgardo Cardoso -lo recomiendo absolutamente con todo mi coraz\u00f3n- que me ayud\u00f3 a meterme en el juego, a volver a crear el espacio de juego.<\/p>\n\n\n\n<blockquote class=\"wp-block-quote is-layout-flow wp-block-quote-is-layout-flow\">\n<p class=\"has-text-align-center wp-block-paragraph\"><strong>\u00abPude aprender a ser una persona consecuente, disciplinada y entender que pod\u00eda llevar sola semejante proyecto como es la totalidad de las etapas de un disco\u00bb<\/strong><\/p>\n<\/blockquote>\n\n\n\n<p class=\"wp-block-paragraph\">Nati remarca ese espacio de experiencia de juego con la m\u00fasica. Tambi\u00e9n alude a una premisa que, desde sus encuentros con Cardoso, le dio empuje para perfilar otra idea de creador, diferente a la de \u201cesa imagen del artista deprimido, abrumado, que escribe canciones porque no puede soportar el dolor\u201d.<\/p>\n\n\n\n<p class=\"wp-block-paragraph\">\u2013 <strong>\u00bfY no es un poco as\u00ed? \u00bfNo sirven las canciones para soportar el dolor?<\/strong><\/p>\n\n\n\n<p class=\"wp-block-paragraph\">\u2013 Nos encantan esos artistas y canciones. Pero \u00bfqu\u00e9 pasa? Uno crece. Y con suerte, m\u00e1s o menos, orden\u00e1s algunas cuestiones de la vida. Y ah\u00ed ves que no te pasan tantas cosas. Y est\u00e1 bien que no te pasen cosas todo el tiempo porque si no estar\u00edamos todos en un psiqui\u00e1trico y no ac\u00e1, hablando de la obra. La vida empieza a ser m\u00e1s calma, cosa que agradezco.<\/p>\n\n\n\n<figure class=\"wp-block-image size-full\"><img loading=\"lazy\" decoding=\"async\" width=\"1080\" height=\"1080\" src=\"https:\/\/www.fracturaexpuesta.com.ar\/gotan\/wp-content\/uploads\/2025\/03\/nati-lagos-matarlo-y-renacer-2.png\" alt=\"\" class=\"wp-image-4019\"\/><figcaption class=\"wp-element-caption\"><em><mark style=\"background-color:rgba(0, 0, 0, 0)\" class=\"has-inline-color has-cyan-bluish-gray-color\">Natalia Lagos grabando su nuevo disco -y tercer- disco solista<\/mark><\/em><\/figcaption><\/figure>\n\n\n\n<p class=\"wp-block-paragraph\"><strong>\u2013 \u00bfSe puede jugar o experimentar en una vida calma, ordenada u organizada? \u00bfQueda tiempo?<\/strong><\/p>\n\n\n\n<p class=\"wp-block-paragraph\">\u2013 Claro, esa era la cuesti\u00f3n. \u00bfAnd\u00e1 a jugar en una vida calma, a hacerte un espacio para crear? Se empieza a complicar. La idea era que si no hab\u00eda tiempo porque trabaj\u00e1s mil horas, vas al supermercado o cuidas a tu perra o lo que sea, bueno\u2026 hab\u00eda que hac\u00e9rselo. Empec\u00e9 a levantarme a las seis de la ma\u00f1ana. Lo hice durante 8 meses para componer. Ah\u00ed pude aprender a ser una persona consecuente, disciplinada y entender que pod\u00eda llevar sola semejante proyecto como es la totalidad de las etapas de un disco. Eso fue lo m\u00e1s interesante de todo este proceso.<\/p>\n\n\n\n<p class=\"wp-block-paragraph\"><strong>\u2013 \u00bfQu\u00e9 es Matarlo y renacer?<\/strong><\/p>\n\n\n\n<p class=\"wp-block-paragraph\">\u2013 Es un disco de transformaci\u00f3n. Es un disco que comprend\u00ed, una vez compuesto, que hablaba de m\u00ed, cuando en realidad yo cre\u00ed haber estado inspirada muchas veces por libros, por pel\u00edculas, por series, por historias de amigas, de familia. Finalmente me di cuenta que es un disco que habla de m\u00ed, de mi propia historia.<\/p>\n\n\n\n<iframe style=\"border-radius:12px\" src=\"https:\/\/open.spotify.com\/embed\/album\/1fCBwQmlCStQGlUoxAIXDq?utm_source=generator\" width=\"100%\" height=\"352\" frameBorder=\"0\" allowfullscreen=\"\" allow=\"autoplay; clipboard-write; encrypted-media; fullscreen; picture-in-picture\" loading=\"lazy\"><\/iframe>\n","protected":false},"excerpt":{"rendered":"<p>Una charla con la cantautora sobre su transformaci\u00f3n art\u00edstica y su nuevo disco \u00abMatarlo y renacer\u00bb.<\/p>\n","protected":false},"author":1,"featured_media":4020,"comment_status":"open","ping_status":"open","sticky":false,"template":"","format":"standard","meta":{"footnotes":""},"categories":[83],"tags":[81,111],"class_list":["post-4015","post","type-post","status-publish","format-standard","has-post-thumbnail","hentry","category-discos","tag-discos","tag-natalia-lagos"],"yoast_head":"<!-- This site is optimized with the Yoast SEO plugin v28.4 - https:\/\/yoast.com\/product\/yoast-seo-wordpress\/ -->\n<title>Natalia Lagos: \u201cDi vuelta la p\u00e1gina, dej\u00e9 todo y empec\u00e9 a dedicar tiempo a componer\u201d &#187; Fractura Expuesta | Tango!<\/title>\n<meta name=\"robots\" content=\"index, follow, max-snippet:-1, max-image-preview:large, max-video-preview:-1\" \/>\n<link rel=\"canonical\" href=\"https:\/\/www.fracturaexpuesta.com.ar\/gotan\/natalia-lagos-di-vuelta-la-pagina-deje-todo-y-empece-a-dedicar-tiempo-a-componer\/\" \/>\n<meta property=\"og:locale\" content=\"es_ES\" \/>\n<meta property=\"og:type\" content=\"article\" \/>\n<meta property=\"og:title\" content=\"Natalia Lagos: \u201cDi vuelta la p\u00e1gina, dej\u00e9 todo y empec\u00e9 a dedicar tiempo a componer\u201d &#187; Fractura Expuesta | Tango!\" \/>\n<meta property=\"og:description\" content=\"Una charla con la cantautora sobre su transformaci\u00f3n art\u00edstica y su nuevo disco \u00abMatarlo y renacer\u00bb.\" \/>\n<meta property=\"og:url\" content=\"https:\/\/www.fracturaexpuesta.com.ar\/gotan\/natalia-lagos-di-vuelta-la-pagina-deje-todo-y-empece-a-dedicar-tiempo-a-componer\/\" \/>\n<meta property=\"og:site_name\" content=\"Fractura Expuesta | Tango!\" \/>\n<meta property=\"article:author\" content=\"https:\/\/www.facebook.com\/fracturaexpuestaok\" \/>\n<meta property=\"article:published_time\" content=\"2024-09-09T14:01:00+00:00\" \/>\n<meta property=\"article:modified_time\" content=\"2025-03-05T14:13:08+00:00\" \/>\n<meta property=\"og:image\" content=\"https:\/\/www.fracturaexpuesta.com.ar\/gotan\/wp-content\/uploads\/2025\/03\/nati-lagos-matarlo-y-renacer.jpg\" \/>\n\t<meta property=\"og:image:width\" content=\"950\" \/>\n\t<meta property=\"og:image:height\" content=\"600\" \/>\n\t<meta property=\"og:image:type\" content=\"image\/jpeg\" \/>\n<meta name=\"author\" content=\"Fractura Expuesta\" \/>\n<meta name=\"twitter:card\" content=\"summary_large_image\" \/>\n<meta name=\"twitter:creator\" content=\"@https:\/\/x.com\/fracturatango\" \/>\n<meta name=\"twitter:label1\" content=\"Escrito por\" \/>\n\t<meta name=\"twitter:data1\" content=\"Fractura Expuesta\" \/>\n\t<meta name=\"twitter:label2\" content=\"Tiempo de lectura\" \/>\n\t<meta name=\"twitter:data2\" content=\"5 minutos\" \/>\n<script type=\"application\/ld+json\" class=\"yoast-schema-graph\">{\"@context\":\"https:\\\/\\\/schema.org\",\"@graph\":[{\"@type\":\"Article\",\"@id\":\"https:\\\/\\\/www.fracturaexpuesta.com.ar\\\/gotan\\\/natalia-lagos-di-vuelta-la-pagina-deje-todo-y-empece-a-dedicar-tiempo-a-componer\\\/#article\",\"isPartOf\":{\"@id\":\"https:\\\/\\\/www.fracturaexpuesta.com.ar\\\/gotan\\\/natalia-lagos-di-vuelta-la-pagina-deje-todo-y-empece-a-dedicar-tiempo-a-componer\\\/\"},\"author\":{\"name\":\"Fractura Expuesta\",\"@id\":\"https:\\\/\\\/www.fracturaexpuesta.com.ar\\\/gotan\\\/#\\\/schema\\\/person\\\/d8266939f778485b13ad2174aa9e199e\"},\"headline\":\"Natalia Lagos: \u201cDi vuelta la p\u00e1gina, dej\u00e9 todo y empec\u00e9 a dedicar tiempo a componer\u201d\",\"datePublished\":\"2024-09-09T14:01:00+00:00\",\"dateModified\":\"2025-03-05T14:13:08+00:00\",\"mainEntityOfPage\":{\"@id\":\"https:\\\/\\\/www.fracturaexpuesta.com.ar\\\/gotan\\\/natalia-lagos-di-vuelta-la-pagina-deje-todo-y-empece-a-dedicar-tiempo-a-componer\\\/\"},\"wordCount\":964,\"commentCount\":0,\"publisher\":{\"@id\":\"https:\\\/\\\/www.fracturaexpuesta.com.ar\\\/gotan\\\/#organization\"},\"image\":{\"@id\":\"https:\\\/\\\/www.fracturaexpuesta.com.ar\\\/gotan\\\/natalia-lagos-di-vuelta-la-pagina-deje-todo-y-empece-a-dedicar-tiempo-a-componer\\\/#primaryimage\"},\"thumbnailUrl\":\"https:\\\/\\\/www.fracturaexpuesta.com.ar\\\/gotan\\\/wp-content\\\/uploads\\\/2025\\\/03\\\/nati-lagos-matarlo-y-renacer.jpg\",\"keywords\":[\"discos\",\"natalia lagos\"],\"articleSection\":[\"Discos\"],\"inLanguage\":\"es-AR\",\"potentialAction\":[{\"@type\":\"CommentAction\",\"name\":\"Comment\",\"target\":[\"https:\\\/\\\/www.fracturaexpuesta.com.ar\\\/gotan\\\/natalia-lagos-di-vuelta-la-pagina-deje-todo-y-empece-a-dedicar-tiempo-a-componer\\\/#respond\"]}]},{\"@type\":\"WebPage\",\"@id\":\"https:\\\/\\\/www.fracturaexpuesta.com.ar\\\/gotan\\\/natalia-lagos-di-vuelta-la-pagina-deje-todo-y-empece-a-dedicar-tiempo-a-componer\\\/\",\"url\":\"https:\\\/\\\/www.fracturaexpuesta.com.ar\\\/gotan\\\/natalia-lagos-di-vuelta-la-pagina-deje-todo-y-empece-a-dedicar-tiempo-a-componer\\\/\",\"name\":\"Natalia Lagos: \u201cDi vuelta la p\u00e1gina, dej\u00e9 todo y empec\u00e9 a dedicar tiempo a componer\u201d &#187; Fractura Expuesta | Tango!\",\"isPartOf\":{\"@id\":\"https:\\\/\\\/www.fracturaexpuesta.com.ar\\\/gotan\\\/#website\"},\"primaryImageOfPage\":{\"@id\":\"https:\\\/\\\/www.fracturaexpuesta.com.ar\\\/gotan\\\/natalia-lagos-di-vuelta-la-pagina-deje-todo-y-empece-a-dedicar-tiempo-a-componer\\\/#primaryimage\"},\"image\":{\"@id\":\"https:\\\/\\\/www.fracturaexpuesta.com.ar\\\/gotan\\\/natalia-lagos-di-vuelta-la-pagina-deje-todo-y-empece-a-dedicar-tiempo-a-componer\\\/#primaryimage\"},\"thumbnailUrl\":\"https:\\\/\\\/www.fracturaexpuesta.com.ar\\\/gotan\\\/wp-content\\\/uploads\\\/2025\\\/03\\\/nati-lagos-matarlo-y-renacer.jpg\",\"datePublished\":\"2024-09-09T14:01:00+00:00\",\"dateModified\":\"2025-03-05T14:13:08+00:00\",\"breadcrumb\":{\"@id\":\"https:\\\/\\\/www.fracturaexpuesta.com.ar\\\/gotan\\\/natalia-lagos-di-vuelta-la-pagina-deje-todo-y-empece-a-dedicar-tiempo-a-componer\\\/#breadcrumb\"},\"inLanguage\":\"es-AR\",\"potentialAction\":[{\"@type\":\"ReadAction\",\"target\":[\"https:\\\/\\\/www.fracturaexpuesta.com.ar\\\/gotan\\\/natalia-lagos-di-vuelta-la-pagina-deje-todo-y-empece-a-dedicar-tiempo-a-componer\\\/\"]}]},{\"@type\":\"ImageObject\",\"inLanguage\":\"es-AR\",\"@id\":\"https:\\\/\\\/www.fracturaexpuesta.com.ar\\\/gotan\\\/natalia-lagos-di-vuelta-la-pagina-deje-todo-y-empece-a-dedicar-tiempo-a-componer\\\/#primaryimage\",\"url\":\"https:\\\/\\\/www.fracturaexpuesta.com.ar\\\/gotan\\\/wp-content\\\/uploads\\\/2025\\\/03\\\/nati-lagos-matarlo-y-renacer.jpg\",\"contentUrl\":\"https:\\\/\\\/www.fracturaexpuesta.com.ar\\\/gotan\\\/wp-content\\\/uploads\\\/2025\\\/03\\\/nati-lagos-matarlo-y-renacer.jpg\",\"width\":950,\"height\":600},{\"@type\":\"BreadcrumbList\",\"@id\":\"https:\\\/\\\/www.fracturaexpuesta.com.ar\\\/gotan\\\/natalia-lagos-di-vuelta-la-pagina-deje-todo-y-empece-a-dedicar-tiempo-a-componer\\\/#breadcrumb\",\"itemListElement\":[{\"@type\":\"ListItem\",\"position\":1,\"name\":\"Inicio\",\"item\":\"https:\\\/\\\/www.fracturaexpuesta.com.ar\\\/gotan\\\/\"},{\"@type\":\"ListItem\",\"position\":2,\"name\":\"Natalia Lagos: \u201cDi vuelta la p\u00e1gina, dej\u00e9 todo y empec\u00e9 a dedicar tiempo a componer\u201d\"}]},{\"@type\":\"WebSite\",\"@id\":\"https:\\\/\\\/www.fracturaexpuesta.com.ar\\\/gotan\\\/#website\",\"url\":\"https:\\\/\\\/www.fracturaexpuesta.com.ar\\\/gotan\\\/\",\"name\":\"Fractura Expuesta | Tango!\",\"description\":\"\",\"publisher\":{\"@id\":\"https:\\\/\\\/www.fracturaexpuesta.com.ar\\\/gotan\\\/#organization\"},\"potentialAction\":[{\"@type\":\"SearchAction\",\"target\":{\"@type\":\"EntryPoint\",\"urlTemplate\":\"https:\\\/\\\/www.fracturaexpuesta.com.ar\\\/gotan\\\/?s={search_term_string}\"},\"query-input\":{\"@type\":\"PropertyValueSpecification\",\"valueRequired\":true,\"valueName\":\"search_term_string\"}}],\"inLanguage\":\"es-AR\"},{\"@type\":\"Organization\",\"@id\":\"https:\\\/\\\/www.fracturaexpuesta.com.ar\\\/gotan\\\/#organization\",\"name\":\"Fractura Expuesta | Tango!\",\"url\":\"https:\\\/\\\/www.fracturaexpuesta.com.ar\\\/gotan\\\/\",\"logo\":{\"@type\":\"ImageObject\",\"inLanguage\":\"es-AR\",\"@id\":\"https:\\\/\\\/www.fracturaexpuesta.com.ar\\\/gotan\\\/#\\\/schema\\\/logo\\\/image\\\/\",\"url\":\"https:\\\/\\\/www.fracturaexpuesta.com.ar\\\/gotan\\\/wp-content\\\/uploads\\\/2025\\\/03\\\/avatar2centroOK.jpg\",\"contentUrl\":\"https:\\\/\\\/www.fracturaexpuesta.com.ar\\\/gotan\\\/wp-content\\\/uploads\\\/2025\\\/03\\\/avatar2centroOK.jpg\",\"width\":600,\"height\":600,\"caption\":\"Fractura Expuesta | Tango!\"},\"image\":{\"@id\":\"https:\\\/\\\/www.fracturaexpuesta.com.ar\\\/gotan\\\/#\\\/schema\\\/logo\\\/image\\\/\"}},{\"@type\":\"Person\",\"@id\":\"https:\\\/\\\/www.fracturaexpuesta.com.ar\\\/gotan\\\/#\\\/schema\\\/person\\\/d8266939f778485b13ad2174aa9e199e\",\"name\":\"Fractura Expuesta\",\"image\":{\"@type\":\"ImageObject\",\"inLanguage\":\"es-AR\",\"@id\":\"https:\\\/\\\/secure.gravatar.com\\\/avatar\\\/c4bad1eb9f93dd4a42df3aa8b8e8b882ff893fcea188ee15488a845db442d7ec?s=96&d=mm&r=g\",\"url\":\"https:\\\/\\\/secure.gravatar.com\\\/avatar\\\/c4bad1eb9f93dd4a42df3aa8b8e8b882ff893fcea188ee15488a845db442d7ec?s=96&d=mm&r=g\",\"contentUrl\":\"https:\\\/\\\/secure.gravatar.com\\\/avatar\\\/c4bad1eb9f93dd4a42df3aa8b8e8b882ff893fcea188ee15488a845db442d7ec?s=96&d=mm&r=g\",\"caption\":\"Fractura Expuesta\"},\"description\":\"Sitio de tango y noticias culturales. Desde 2003, el espacio referente del tango de estos tiempos.\",\"sameAs\":[\"https:\\\/\\\/www.fracturaexpuesta.com.ar\",\"https:\\\/\\\/www.facebook.com\\\/fracturaexpuestaok\",\"https:\\\/\\\/www.instagram.com\\\/fracturaexpuesta\",\"https:\\\/\\\/x.com\\\/https:\\\/\\\/x.com\\\/fracturatango\",\"https:\\\/\\\/www.youtube.com\\\/channel\\\/UCojA8Q0QDpnncOL8sfTHOHg\"],\"url\":\"https:\\\/\\\/www.fracturaexpuesta.com.ar\\\/gotan\\\/author\\\/fractura-expuesta\\\/\"}]}<\/script>\n<!-- \/ Yoast SEO plugin. -->","yoast_head_json":{"title":"Natalia Lagos: \u201cDi vuelta la p\u00e1gina, dej\u00e9 todo y empec\u00e9 a dedicar tiempo a componer\u201d &#187; Fractura Expuesta | Tango!","robots":{"index":"index","follow":"follow","max-snippet":"max-snippet:-1","max-image-preview":"max-image-preview:large","max-video-preview":"max-video-preview:-1"},"canonical":"https:\/\/www.fracturaexpuesta.com.ar\/gotan\/natalia-lagos-di-vuelta-la-pagina-deje-todo-y-empece-a-dedicar-tiempo-a-componer\/","og_locale":"es_ES","og_type":"article","og_title":"Natalia Lagos: \u201cDi vuelta la p\u00e1gina, dej\u00e9 todo y empec\u00e9 a dedicar tiempo a componer\u201d &#187; Fractura Expuesta | Tango!","og_description":"Una charla con la cantautora sobre su transformaci\u00f3n art\u00edstica y su nuevo disco \u00abMatarlo y renacer\u00bb.","og_url":"https:\/\/www.fracturaexpuesta.com.ar\/gotan\/natalia-lagos-di-vuelta-la-pagina-deje-todo-y-empece-a-dedicar-tiempo-a-componer\/","og_site_name":"Fractura Expuesta | Tango!","article_author":"https:\/\/www.facebook.com\/fracturaexpuestaok","article_published_time":"2024-09-09T14:01:00+00:00","article_modified_time":"2025-03-05T14:13:08+00:00","og_image":[{"width":950,"height":600,"url":"https:\/\/www.fracturaexpuesta.com.ar\/gotan\/wp-content\/uploads\/2025\/03\/nati-lagos-matarlo-y-renacer.jpg","type":"image\/jpeg"}],"author":"Fractura Expuesta","twitter_card":"summary_large_image","twitter_creator":"@https:\/\/x.com\/fracturatango","twitter_misc":{"Escrito por":"Fractura Expuesta","Tiempo de lectura":"5 minutos"},"schema":{"@context":"https:\/\/schema.org","@graph":[{"@type":"Article","@id":"https:\/\/www.fracturaexpuesta.com.ar\/gotan\/natalia-lagos-di-vuelta-la-pagina-deje-todo-y-empece-a-dedicar-tiempo-a-componer\/#article","isPartOf":{"@id":"https:\/\/www.fracturaexpuesta.com.ar\/gotan\/natalia-lagos-di-vuelta-la-pagina-deje-todo-y-empece-a-dedicar-tiempo-a-componer\/"},"author":{"name":"Fractura Expuesta","@id":"https:\/\/www.fracturaexpuesta.com.ar\/gotan\/#\/schema\/person\/d8266939f778485b13ad2174aa9e199e"},"headline":"Natalia Lagos: \u201cDi vuelta la p\u00e1gina, dej\u00e9 todo y empec\u00e9 a dedicar tiempo a componer\u201d","datePublished":"2024-09-09T14:01:00+00:00","dateModified":"2025-03-05T14:13:08+00:00","mainEntityOfPage":{"@id":"https:\/\/www.fracturaexpuesta.com.ar\/gotan\/natalia-lagos-di-vuelta-la-pagina-deje-todo-y-empece-a-dedicar-tiempo-a-componer\/"},"wordCount":964,"commentCount":0,"publisher":{"@id":"https:\/\/www.fracturaexpuesta.com.ar\/gotan\/#organization"},"image":{"@id":"https:\/\/www.fracturaexpuesta.com.ar\/gotan\/natalia-lagos-di-vuelta-la-pagina-deje-todo-y-empece-a-dedicar-tiempo-a-componer\/#primaryimage"},"thumbnailUrl":"https:\/\/www.fracturaexpuesta.com.ar\/gotan\/wp-content\/uploads\/2025\/03\/nati-lagos-matarlo-y-renacer.jpg","keywords":["discos","natalia lagos"],"articleSection":["Discos"],"inLanguage":"es-AR","potentialAction":[{"@type":"CommentAction","name":"Comment","target":["https:\/\/www.fracturaexpuesta.com.ar\/gotan\/natalia-lagos-di-vuelta-la-pagina-deje-todo-y-empece-a-dedicar-tiempo-a-componer\/#respond"]}]},{"@type":"WebPage","@id":"https:\/\/www.fracturaexpuesta.com.ar\/gotan\/natalia-lagos-di-vuelta-la-pagina-deje-todo-y-empece-a-dedicar-tiempo-a-componer\/","url":"https:\/\/www.fracturaexpuesta.com.ar\/gotan\/natalia-lagos-di-vuelta-la-pagina-deje-todo-y-empece-a-dedicar-tiempo-a-componer\/","name":"Natalia Lagos: \u201cDi vuelta la p\u00e1gina, dej\u00e9 todo y empec\u00e9 a dedicar tiempo a componer\u201d &#187; Fractura Expuesta | Tango!","isPartOf":{"@id":"https:\/\/www.fracturaexpuesta.com.ar\/gotan\/#website"},"primaryImageOfPage":{"@id":"https:\/\/www.fracturaexpuesta.com.ar\/gotan\/natalia-lagos-di-vuelta-la-pagina-deje-todo-y-empece-a-dedicar-tiempo-a-componer\/#primaryimage"},"image":{"@id":"https:\/\/www.fracturaexpuesta.com.ar\/gotan\/natalia-lagos-di-vuelta-la-pagina-deje-todo-y-empece-a-dedicar-tiempo-a-componer\/#primaryimage"},"thumbnailUrl":"https:\/\/www.fracturaexpuesta.com.ar\/gotan\/wp-content\/uploads\/2025\/03\/nati-lagos-matarlo-y-renacer.jpg","datePublished":"2024-09-09T14:01:00+00:00","dateModified":"2025-03-05T14:13:08+00:00","breadcrumb":{"@id":"https:\/\/www.fracturaexpuesta.com.ar\/gotan\/natalia-lagos-di-vuelta-la-pagina-deje-todo-y-empece-a-dedicar-tiempo-a-componer\/#breadcrumb"},"inLanguage":"es-AR","potentialAction":[{"@type":"ReadAction","target":["https:\/\/www.fracturaexpuesta.com.ar\/gotan\/natalia-lagos-di-vuelta-la-pagina-deje-todo-y-empece-a-dedicar-tiempo-a-componer\/"]}]},{"@type":"ImageObject","inLanguage":"es-AR","@id":"https:\/\/www.fracturaexpuesta.com.ar\/gotan\/natalia-lagos-di-vuelta-la-pagina-deje-todo-y-empece-a-dedicar-tiempo-a-componer\/#primaryimage","url":"https:\/\/www.fracturaexpuesta.com.ar\/gotan\/wp-content\/uploads\/2025\/03\/nati-lagos-matarlo-y-renacer.jpg","contentUrl":"https:\/\/www.fracturaexpuesta.com.ar\/gotan\/wp-content\/uploads\/2025\/03\/nati-lagos-matarlo-y-renacer.jpg","width":950,"height":600},{"@type":"BreadcrumbList","@id":"https:\/\/www.fracturaexpuesta.com.ar\/gotan\/natalia-lagos-di-vuelta-la-pagina-deje-todo-y-empece-a-dedicar-tiempo-a-componer\/#breadcrumb","itemListElement":[{"@type":"ListItem","position":1,"name":"Inicio","item":"https:\/\/www.fracturaexpuesta.com.ar\/gotan\/"},{"@type":"ListItem","position":2,"name":"Natalia Lagos: \u201cDi vuelta la p\u00e1gina, dej\u00e9 todo y empec\u00e9 a dedicar tiempo a componer\u201d"}]},{"@type":"WebSite","@id":"https:\/\/www.fracturaexpuesta.com.ar\/gotan\/#website","url":"https:\/\/www.fracturaexpuesta.com.ar\/gotan\/","name":"Fractura Expuesta | Tango!","description":"","publisher":{"@id":"https:\/\/www.fracturaexpuesta.com.ar\/gotan\/#organization"},"potentialAction":[{"@type":"SearchAction","target":{"@type":"EntryPoint","urlTemplate":"https:\/\/www.fracturaexpuesta.com.ar\/gotan\/?s={search_term_string}"},"query-input":{"@type":"PropertyValueSpecification","valueRequired":true,"valueName":"search_term_string"}}],"inLanguage":"es-AR"},{"@type":"Organization","@id":"https:\/\/www.fracturaexpuesta.com.ar\/gotan\/#organization","name":"Fractura Expuesta | Tango!","url":"https:\/\/www.fracturaexpuesta.com.ar\/gotan\/","logo":{"@type":"ImageObject","inLanguage":"es-AR","@id":"https:\/\/www.fracturaexpuesta.com.ar\/gotan\/#\/schema\/logo\/image\/","url":"https:\/\/www.fracturaexpuesta.com.ar\/gotan\/wp-content\/uploads\/2025\/03\/avatar2centroOK.jpg","contentUrl":"https:\/\/www.fracturaexpuesta.com.ar\/gotan\/wp-content\/uploads\/2025\/03\/avatar2centroOK.jpg","width":600,"height":600,"caption":"Fractura Expuesta | Tango!"},"image":{"@id":"https:\/\/www.fracturaexpuesta.com.ar\/gotan\/#\/schema\/logo\/image\/"}},{"@type":"Person","@id":"https:\/\/www.fracturaexpuesta.com.ar\/gotan\/#\/schema\/person\/d8266939f778485b13ad2174aa9e199e","name":"Fractura Expuesta","image":{"@type":"ImageObject","inLanguage":"es-AR","@id":"https:\/\/secure.gravatar.com\/avatar\/c4bad1eb9f93dd4a42df3aa8b8e8b882ff893fcea188ee15488a845db442d7ec?s=96&d=mm&r=g","url":"https:\/\/secure.gravatar.com\/avatar\/c4bad1eb9f93dd4a42df3aa8b8e8b882ff893fcea188ee15488a845db442d7ec?s=96&d=mm&r=g","contentUrl":"https:\/\/secure.gravatar.com\/avatar\/c4bad1eb9f93dd4a42df3aa8b8e8b882ff893fcea188ee15488a845db442d7ec?s=96&d=mm&r=g","caption":"Fractura Expuesta"},"description":"Sitio de tango y noticias culturales. Desde 2003, el espacio referente del tango de estos tiempos.","sameAs":["https:\/\/www.fracturaexpuesta.com.ar","https:\/\/www.facebook.com\/fracturaexpuestaok","https:\/\/www.instagram.com\/fracturaexpuesta","https:\/\/x.com\/https:\/\/x.com\/fracturatango","https:\/\/www.youtube.com\/channel\/UCojA8Q0QDpnncOL8sfTHOHg"],"url":"https:\/\/www.fracturaexpuesta.com.ar\/gotan\/author\/fractura-expuesta\/"}]}},"_links":{"self":[{"href":"https:\/\/www.fracturaexpuesta.com.ar\/gotan\/wp-json\/wp\/v2\/posts\/4015","targetHints":{"allow":["GET"]}}],"collection":[{"href":"https:\/\/www.fracturaexpuesta.com.ar\/gotan\/wp-json\/wp\/v2\/posts"}],"about":[{"href":"https:\/\/www.fracturaexpuesta.com.ar\/gotan\/wp-json\/wp\/v2\/types\/post"}],"author":[{"embeddable":true,"href":"https:\/\/www.fracturaexpuesta.com.ar\/gotan\/wp-json\/wp\/v2\/users\/1"}],"replies":[{"embeddable":true,"href":"https:\/\/www.fracturaexpuesta.com.ar\/gotan\/wp-json\/wp\/v2\/comments?post=4015"}],"version-history":[{"count":3,"href":"https:\/\/www.fracturaexpuesta.com.ar\/gotan\/wp-json\/wp\/v2\/posts\/4015\/revisions"}],"predecessor-version":[{"id":4023,"href":"https:\/\/www.fracturaexpuesta.com.ar\/gotan\/wp-json\/wp\/v2\/posts\/4015\/revisions\/4023"}],"wp:featuredmedia":[{"embeddable":true,"href":"https:\/\/www.fracturaexpuesta.com.ar\/gotan\/wp-json\/wp\/v2\/media\/4020"}],"wp:attachment":[{"href":"https:\/\/www.fracturaexpuesta.com.ar\/gotan\/wp-json\/wp\/v2\/media?parent=4015"}],"wp:term":[{"taxonomy":"category","embeddable":true,"href":"https:\/\/www.fracturaexpuesta.com.ar\/gotan\/wp-json\/wp\/v2\/categories?post=4015"},{"taxonomy":"post_tag","embeddable":true,"href":"https:\/\/www.fracturaexpuesta.com.ar\/gotan\/wp-json\/wp\/v2\/tags?post=4015"}],"curies":[{"name":"wp","href":"https:\/\/api.w.org\/{rel}","templated":true}]}}