{"id":4203,"date":"2025-03-05T22:24:08","date_gmt":"2025-03-06T01:24:08","guid":{"rendered":"https:\/\/www.fracturaexpuesta.com.ar\/gotan\/?p=4203"},"modified":"2025-03-11T12:13:58","modified_gmt":"2025-03-11T15:13:58","slug":"presentan-corte-tango-un-podcast-enfocado-al-mundo-tanguero-de-rosario","status":"publish","type":"post","link":"https:\/\/www.fracturaexpuesta.com.ar\/gotan\/presentan-corte-tango-un-podcast-enfocado-al-mundo-tanguero-de-rosario\/","title":{"rendered":"Presentan &#8220;Corte Tango&#8221;, un podcast enfocado al mundo tanguero de Rosario"},"content":{"rendered":"\n<p class=\"wp-block-paragraph\">Este <strong>viernes 15<\/strong>, a las 21, se presentar\u00e1 en el Centro Cultural La Casa del Tango el podcast <strong>&#8220;Corte Tango&#8221;<\/strong>.<\/p>\n\n\n\n<p class=\"wp-block-paragraph\">Se trata de un trabajo que recorrer\u00e1 el <strong>universo tanguero de Rosario<\/strong> con la participaci\u00f3n de m\u00fasicos, docentes, compositoras, alumnos, bailarinas y gestoras de una ciudad con gran impulso de la poes\u00eda, la sonoridad y las expresiones del g\u00e9nero.<\/p>\n\n\n\n<p class=\"wp-block-paragraph\">El material es una producci\u00f3n general del La Casa del Tango, el espacio santafesino que promueve la cultura del tango en todas sus manifestaciones con un especial anclaje local.<\/p>\n\n\n\n<p class=\"wp-block-paragraph\"><\/p>\n","protected":false},"excerpt":{"rendered":"<p>Es una producci\u00f3n que recorrer\u00e1 la escena del tango en la ciudad santafesina. Contar\u00e1 con las voces de artistas, bailarines y gestores, entre otros.<\/p>\n","protected":false},"author":1,"featured_media":4204,"comment_status":"open","ping_status":"open","sticky":false,"template":"","format":"standard","meta":{"footnotes":""},"categories":[122],"tags":[123,130,124,80],"class_list":["post-4203","post","type-post","status-publish","format-standard","has-post-thumbnail","hentry","category-radar-tango","tag-casa-del-tango","tag-corte-tango","tag-podcast","tag-rosario"],"yoast_head":"<!-- This site is optimized with the Yoast SEO plugin v28.4 - https:\/\/yoast.com\/product\/yoast-seo-wordpress\/ -->\n<title>Presentan &quot;Corte Tango&quot;, un podcast enfocado al mundo tanguero de Rosario &#187; Fractura Expuesta | Tango!<\/title>\n<meta name=\"description\" content=\"Es una producci\u00f3n que recorrer\u00e1 la escena del tango en la ciudad santafesina. Contar\u00e1 con las voces de artistas, bailarines y gestores, entre otros.\" \/>\n<meta name=\"robots\" content=\"index, follow, max-snippet:-1, max-image-preview:large, max-video-preview:-1\" \/>\n<link rel=\"canonical\" href=\"https:\/\/www.fracturaexpuesta.com.ar\/gotan\/presentan-corte-tango-un-podcast-enfocado-al-mundo-tanguero-de-rosario\/\" \/>\n<meta property=\"og:locale\" content=\"es_ES\" \/>\n<meta property=\"og:type\" content=\"article\" \/>\n<meta property=\"og:title\" content=\"Presentan &quot;Corte Tango&quot;, un podcast enfocado al mundo tanguero de Rosario\" \/>\n<meta property=\"og:description\" content=\"Es una producci\u00f3n que recorrer\u00e1 la escena del tango en la ciudad santafesina. Contar\u00e1 con las voces de artistas, bailarines y gestores, entre otros.\" \/>\n<meta property=\"og:url\" content=\"https:\/\/www.fracturaexpuesta.com.ar\/gotan\/presentan-corte-tango-un-podcast-enfocado-al-mundo-tanguero-de-rosario\/\" \/>\n<meta property=\"og:site_name\" content=\"Fractura Expuesta | Tango!\" \/>\n<meta property=\"article:author\" content=\"https:\/\/www.facebook.com\/fracturaexpuestaok\" \/>\n<meta property=\"article:published_time\" content=\"2025-03-06T01:24:08+00:00\" \/>\n<meta property=\"article:modified_time\" content=\"2025-03-11T15:13:58+00:00\" \/>\n<meta property=\"og:image\" content=\"https:\/\/www.fracturaexpuesta.com.ar\/gotan\/wp-content\/uploads\/2025\/03\/casa-del-tango-rosario.jpg\" \/>\n\t<meta property=\"og:image:width\" content=\"1080\" \/>\n\t<meta property=\"og:image:height\" content=\"718\" \/>\n\t<meta property=\"og:image:type\" content=\"image\/jpeg\" \/>\n<meta name=\"author\" content=\"Fractura Expuesta\" \/>\n<meta name=\"twitter:card\" content=\"summary_large_image\" \/>\n<meta name=\"twitter:title\" content=\"Presentan &quot;Corte Tango&quot;, un podcast enfocado al mundo tanguero de Rosario\" \/>\n<meta name=\"twitter:description\" content=\"Es una producci\u00f3n que recorrer\u00e1 la escena del tango en la ciudad santafesina. Contar\u00e1 con las voces de artistas, bailarines y gestores, entre otros.\" \/>\n<meta name=\"twitter:image\" content=\"https:\/\/www.fracturaexpuesta.com.ar\/gotan\/wp-content\/uploads\/2025\/03\/casa-del-tango-rosario.jpg\" \/>\n<meta name=\"twitter:creator\" content=\"@https:\/\/x.com\/fracturatango\" \/>\n<meta name=\"twitter:label1\" content=\"Escrito por\" \/>\n\t<meta name=\"twitter:data1\" content=\"Fractura Expuesta\" \/>\n\t<meta name=\"twitter:label2\" content=\"Tiempo de lectura\" \/>\n\t<meta name=\"twitter:data2\" content=\"1 minuto\" \/>\n<script type=\"application\/ld+json\" class=\"yoast-schema-graph\">{\"@context\":\"https:\\\/\\\/schema.org\",\"@graph\":[{\"@type\":\"Article\",\"@id\":\"https:\\\/\\\/www.fracturaexpuesta.com.ar\\\/gotan\\\/presentan-corte-tango-un-podcast-enfocado-al-mundo-tanguero-de-rosario\\\/#article\",\"isPartOf\":{\"@id\":\"https:\\\/\\\/www.fracturaexpuesta.com.ar\\\/gotan\\\/presentan-corte-tango-un-podcast-enfocado-al-mundo-tanguero-de-rosario\\\/\"},\"author\":{\"name\":\"Fractura Expuesta\",\"@id\":\"https:\\\/\\\/www.fracturaexpuesta.com.ar\\\/gotan\\\/#\\\/schema\\\/person\\\/d8266939f778485b13ad2174aa9e199e\"},\"headline\":\"Presentan &#8220;Corte Tango&#8221;, un podcast enfocado al mundo tanguero de Rosario\",\"datePublished\":\"2025-03-06T01:24:08+00:00\",\"dateModified\":\"2025-03-11T15:13:58+00:00\",\"mainEntityOfPage\":{\"@id\":\"https:\\\/\\\/www.fracturaexpuesta.com.ar\\\/gotan\\\/presentan-corte-tango-un-podcast-enfocado-al-mundo-tanguero-de-rosario\\\/\"},\"wordCount\":102,\"commentCount\":0,\"publisher\":{\"@id\":\"https:\\\/\\\/www.fracturaexpuesta.com.ar\\\/gotan\\\/#organization\"},\"image\":{\"@id\":\"https:\\\/\\\/www.fracturaexpuesta.com.ar\\\/gotan\\\/presentan-corte-tango-un-podcast-enfocado-al-mundo-tanguero-de-rosario\\\/#primaryimage\"},\"thumbnailUrl\":\"https:\\\/\\\/www.fracturaexpuesta.com.ar\\\/gotan\\\/wp-content\\\/uploads\\\/2025\\\/03\\\/casa-del-tango-rosario.jpg\",\"keywords\":[\"casa del tango\",\"corte tango\",\"podcast\",\"rosario\"],\"articleSection\":[\"Radar Tango\"],\"inLanguage\":\"es-AR\",\"potentialAction\":[{\"@type\":\"CommentAction\",\"name\":\"Comment\",\"target\":[\"https:\\\/\\\/www.fracturaexpuesta.com.ar\\\/gotan\\\/presentan-corte-tango-un-podcast-enfocado-al-mundo-tanguero-de-rosario\\\/#respond\"]}]},{\"@type\":\"WebPage\",\"@id\":\"https:\\\/\\\/www.fracturaexpuesta.com.ar\\\/gotan\\\/presentan-corte-tango-un-podcast-enfocado-al-mundo-tanguero-de-rosario\\\/\",\"url\":\"https:\\\/\\\/www.fracturaexpuesta.com.ar\\\/gotan\\\/presentan-corte-tango-un-podcast-enfocado-al-mundo-tanguero-de-rosario\\\/\",\"name\":\"Presentan \\\"Corte Tango\\\", un podcast enfocado al mundo tanguero de Rosario &#187; Fractura Expuesta | Tango!\",\"isPartOf\":{\"@id\":\"https:\\\/\\\/www.fracturaexpuesta.com.ar\\\/gotan\\\/#website\"},\"primaryImageOfPage\":{\"@id\":\"https:\\\/\\\/www.fracturaexpuesta.com.ar\\\/gotan\\\/presentan-corte-tango-un-podcast-enfocado-al-mundo-tanguero-de-rosario\\\/#primaryimage\"},\"image\":{\"@id\":\"https:\\\/\\\/www.fracturaexpuesta.com.ar\\\/gotan\\\/presentan-corte-tango-un-podcast-enfocado-al-mundo-tanguero-de-rosario\\\/#primaryimage\"},\"thumbnailUrl\":\"https:\\\/\\\/www.fracturaexpuesta.com.ar\\\/gotan\\\/wp-content\\\/uploads\\\/2025\\\/03\\\/casa-del-tango-rosario.jpg\",\"datePublished\":\"2025-03-06T01:24:08+00:00\",\"dateModified\":\"2025-03-11T15:13:58+00:00\",\"description\":\"Es una producci\u00f3n que recorrer\u00e1 la escena del tango en la ciudad santafesina. Contar\u00e1 con las voces de artistas, bailarines y gestores, entre otros.\",\"breadcrumb\":{\"@id\":\"https:\\\/\\\/www.fracturaexpuesta.com.ar\\\/gotan\\\/presentan-corte-tango-un-podcast-enfocado-al-mundo-tanguero-de-rosario\\\/#breadcrumb\"},\"inLanguage\":\"es-AR\",\"potentialAction\":[{\"@type\":\"ReadAction\",\"target\":[\"https:\\\/\\\/www.fracturaexpuesta.com.ar\\\/gotan\\\/presentan-corte-tango-un-podcast-enfocado-al-mundo-tanguero-de-rosario\\\/\"]}]},{\"@type\":\"ImageObject\",\"inLanguage\":\"es-AR\",\"@id\":\"https:\\\/\\\/www.fracturaexpuesta.com.ar\\\/gotan\\\/presentan-corte-tango-un-podcast-enfocado-al-mundo-tanguero-de-rosario\\\/#primaryimage\",\"url\":\"https:\\\/\\\/www.fracturaexpuesta.com.ar\\\/gotan\\\/wp-content\\\/uploads\\\/2025\\\/03\\\/casa-del-tango-rosario.jpg\",\"contentUrl\":\"https:\\\/\\\/www.fracturaexpuesta.com.ar\\\/gotan\\\/wp-content\\\/uploads\\\/2025\\\/03\\\/casa-del-tango-rosario.jpg\",\"width\":1080,\"height\":718},{\"@type\":\"BreadcrumbList\",\"@id\":\"https:\\\/\\\/www.fracturaexpuesta.com.ar\\\/gotan\\\/presentan-corte-tango-un-podcast-enfocado-al-mundo-tanguero-de-rosario\\\/#breadcrumb\",\"itemListElement\":[{\"@type\":\"ListItem\",\"position\":1,\"name\":\"Inicio\",\"item\":\"https:\\\/\\\/www.fracturaexpuesta.com.ar\\\/gotan\\\/\"},{\"@type\":\"ListItem\",\"position\":2,\"name\":\"Presentan &#8220;Corte Tango&#8221;, un podcast enfocado al mundo tanguero de Rosario\"}]},{\"@type\":\"WebSite\",\"@id\":\"https:\\\/\\\/www.fracturaexpuesta.com.ar\\\/gotan\\\/#website\",\"url\":\"https:\\\/\\\/www.fracturaexpuesta.com.ar\\\/gotan\\\/\",\"name\":\"Fractura Expuesta | Tango!\",\"description\":\"\",\"publisher\":{\"@id\":\"https:\\\/\\\/www.fracturaexpuesta.com.ar\\\/gotan\\\/#organization\"},\"potentialAction\":[{\"@type\":\"SearchAction\",\"target\":{\"@type\":\"EntryPoint\",\"urlTemplate\":\"https:\\\/\\\/www.fracturaexpuesta.com.ar\\\/gotan\\\/?s={search_term_string}\"},\"query-input\":{\"@type\":\"PropertyValueSpecification\",\"valueRequired\":true,\"valueName\":\"search_term_string\"}}],\"inLanguage\":\"es-AR\"},{\"@type\":\"Organization\",\"@id\":\"https:\\\/\\\/www.fracturaexpuesta.com.ar\\\/gotan\\\/#organization\",\"name\":\"Fractura Expuesta | Tango!\",\"url\":\"https:\\\/\\\/www.fracturaexpuesta.com.ar\\\/gotan\\\/\",\"logo\":{\"@type\":\"ImageObject\",\"inLanguage\":\"es-AR\",\"@id\":\"https:\\\/\\\/www.fracturaexpuesta.com.ar\\\/gotan\\\/#\\\/schema\\\/logo\\\/image\\\/\",\"url\":\"https:\\\/\\\/www.fracturaexpuesta.com.ar\\\/gotan\\\/wp-content\\\/uploads\\\/2025\\\/03\\\/avatar2centroOK.jpg\",\"contentUrl\":\"https:\\\/\\\/www.fracturaexpuesta.com.ar\\\/gotan\\\/wp-content\\\/uploads\\\/2025\\\/03\\\/avatar2centroOK.jpg\",\"width\":600,\"height\":600,\"caption\":\"Fractura Expuesta | Tango!\"},\"image\":{\"@id\":\"https:\\\/\\\/www.fracturaexpuesta.com.ar\\\/gotan\\\/#\\\/schema\\\/logo\\\/image\\\/\"}},{\"@type\":\"Person\",\"@id\":\"https:\\\/\\\/www.fracturaexpuesta.com.ar\\\/gotan\\\/#\\\/schema\\\/person\\\/d8266939f778485b13ad2174aa9e199e\",\"name\":\"Fractura Expuesta\",\"image\":{\"@type\":\"ImageObject\",\"inLanguage\":\"es-AR\",\"@id\":\"https:\\\/\\\/secure.gravatar.com\\\/avatar\\\/c4bad1eb9f93dd4a42df3aa8b8e8b882ff893fcea188ee15488a845db442d7ec?s=96&d=mm&r=g\",\"url\":\"https:\\\/\\\/secure.gravatar.com\\\/avatar\\\/c4bad1eb9f93dd4a42df3aa8b8e8b882ff893fcea188ee15488a845db442d7ec?s=96&d=mm&r=g\",\"contentUrl\":\"https:\\\/\\\/secure.gravatar.com\\\/avatar\\\/c4bad1eb9f93dd4a42df3aa8b8e8b882ff893fcea188ee15488a845db442d7ec?s=96&d=mm&r=g\",\"caption\":\"Fractura Expuesta\"},\"description\":\"Sitio de tango y noticias culturales. Desde 2003, el espacio referente del tango de estos tiempos.\",\"sameAs\":[\"https:\\\/\\\/www.fracturaexpuesta.com.ar\",\"https:\\\/\\\/www.facebook.com\\\/fracturaexpuestaok\",\"https:\\\/\\\/www.instagram.com\\\/fracturaexpuesta\",\"https:\\\/\\\/x.com\\\/https:\\\/\\\/x.com\\\/fracturatango\",\"https:\\\/\\\/www.youtube.com\\\/channel\\\/UCojA8Q0QDpnncOL8sfTHOHg\"],\"url\":\"https:\\\/\\\/www.fracturaexpuesta.com.ar\\\/gotan\\\/author\\\/fractura-expuesta\\\/\"}]}<\/script>\n<!-- \/ Yoast SEO plugin. -->","yoast_head_json":{"title":"Presentan \"Corte Tango\", un podcast enfocado al mundo tanguero de Rosario &#187; Fractura Expuesta | Tango!","description":"Es una producci\u00f3n que recorrer\u00e1 la escena del tango en la ciudad santafesina. Contar\u00e1 con las voces de artistas, bailarines y gestores, entre otros.","robots":{"index":"index","follow":"follow","max-snippet":"max-snippet:-1","max-image-preview":"max-image-preview:large","max-video-preview":"max-video-preview:-1"},"canonical":"https:\/\/www.fracturaexpuesta.com.ar\/gotan\/presentan-corte-tango-un-podcast-enfocado-al-mundo-tanguero-de-rosario\/","og_locale":"es_ES","og_type":"article","og_title":"Presentan \"Corte Tango\", un podcast enfocado al mundo tanguero de Rosario","og_description":"Es una producci\u00f3n que recorrer\u00e1 la escena del tango en la ciudad santafesina. Contar\u00e1 con las voces de artistas, bailarines y gestores, entre otros.","og_url":"https:\/\/www.fracturaexpuesta.com.ar\/gotan\/presentan-corte-tango-un-podcast-enfocado-al-mundo-tanguero-de-rosario\/","og_site_name":"Fractura Expuesta | Tango!","article_author":"https:\/\/www.facebook.com\/fracturaexpuestaok","article_published_time":"2025-03-06T01:24:08+00:00","article_modified_time":"2025-03-11T15:13:58+00:00","og_image":[{"width":1080,"height":718,"url":"https:\/\/www.fracturaexpuesta.com.ar\/gotan\/wp-content\/uploads\/2025\/03\/casa-del-tango-rosario.jpg","type":"image\/jpeg"}],"author":"Fractura Expuesta","twitter_card":"summary_large_image","twitter_title":"Presentan \"Corte Tango\", un podcast enfocado al mundo tanguero de Rosario","twitter_description":"Es una producci\u00f3n que recorrer\u00e1 la escena del tango en la ciudad santafesina. Contar\u00e1 con las voces de artistas, bailarines y gestores, entre otros.","twitter_image":"https:\/\/www.fracturaexpuesta.com.ar\/gotan\/wp-content\/uploads\/2025\/03\/casa-del-tango-rosario.jpg","twitter_creator":"@https:\/\/x.com\/fracturatango","twitter_misc":{"Escrito por":"Fractura Expuesta","Tiempo de lectura":"1 minuto"},"schema":{"@context":"https:\/\/schema.org","@graph":[{"@type":"Article","@id":"https:\/\/www.fracturaexpuesta.com.ar\/gotan\/presentan-corte-tango-un-podcast-enfocado-al-mundo-tanguero-de-rosario\/#article","isPartOf":{"@id":"https:\/\/www.fracturaexpuesta.com.ar\/gotan\/presentan-corte-tango-un-podcast-enfocado-al-mundo-tanguero-de-rosario\/"},"author":{"name":"Fractura Expuesta","@id":"https:\/\/www.fracturaexpuesta.com.ar\/gotan\/#\/schema\/person\/d8266939f778485b13ad2174aa9e199e"},"headline":"Presentan &#8220;Corte Tango&#8221;, un podcast enfocado al mundo tanguero de Rosario","datePublished":"2025-03-06T01:24:08+00:00","dateModified":"2025-03-11T15:13:58+00:00","mainEntityOfPage":{"@id":"https:\/\/www.fracturaexpuesta.com.ar\/gotan\/presentan-corte-tango-un-podcast-enfocado-al-mundo-tanguero-de-rosario\/"},"wordCount":102,"commentCount":0,"publisher":{"@id":"https:\/\/www.fracturaexpuesta.com.ar\/gotan\/#organization"},"image":{"@id":"https:\/\/www.fracturaexpuesta.com.ar\/gotan\/presentan-corte-tango-un-podcast-enfocado-al-mundo-tanguero-de-rosario\/#primaryimage"},"thumbnailUrl":"https:\/\/www.fracturaexpuesta.com.ar\/gotan\/wp-content\/uploads\/2025\/03\/casa-del-tango-rosario.jpg","keywords":["casa del tango","corte tango","podcast","rosario"],"articleSection":["Radar Tango"],"inLanguage":"es-AR","potentialAction":[{"@type":"CommentAction","name":"Comment","target":["https:\/\/www.fracturaexpuesta.com.ar\/gotan\/presentan-corte-tango-un-podcast-enfocado-al-mundo-tanguero-de-rosario\/#respond"]}]},{"@type":"WebPage","@id":"https:\/\/www.fracturaexpuesta.com.ar\/gotan\/presentan-corte-tango-un-podcast-enfocado-al-mundo-tanguero-de-rosario\/","url":"https:\/\/www.fracturaexpuesta.com.ar\/gotan\/presentan-corte-tango-un-podcast-enfocado-al-mundo-tanguero-de-rosario\/","name":"Presentan \"Corte Tango\", un podcast enfocado al mundo tanguero de Rosario &#187; Fractura Expuesta | Tango!","isPartOf":{"@id":"https:\/\/www.fracturaexpuesta.com.ar\/gotan\/#website"},"primaryImageOfPage":{"@id":"https:\/\/www.fracturaexpuesta.com.ar\/gotan\/presentan-corte-tango-un-podcast-enfocado-al-mundo-tanguero-de-rosario\/#primaryimage"},"image":{"@id":"https:\/\/www.fracturaexpuesta.com.ar\/gotan\/presentan-corte-tango-un-podcast-enfocado-al-mundo-tanguero-de-rosario\/#primaryimage"},"thumbnailUrl":"https:\/\/www.fracturaexpuesta.com.ar\/gotan\/wp-content\/uploads\/2025\/03\/casa-del-tango-rosario.jpg","datePublished":"2025-03-06T01:24:08+00:00","dateModified":"2025-03-11T15:13:58+00:00","description":"Es una producci\u00f3n que recorrer\u00e1 la escena del tango en la ciudad santafesina. Contar\u00e1 con las voces de artistas, bailarines y gestores, entre otros.","breadcrumb":{"@id":"https:\/\/www.fracturaexpuesta.com.ar\/gotan\/presentan-corte-tango-un-podcast-enfocado-al-mundo-tanguero-de-rosario\/#breadcrumb"},"inLanguage":"es-AR","potentialAction":[{"@type":"ReadAction","target":["https:\/\/www.fracturaexpuesta.com.ar\/gotan\/presentan-corte-tango-un-podcast-enfocado-al-mundo-tanguero-de-rosario\/"]}]},{"@type":"ImageObject","inLanguage":"es-AR","@id":"https:\/\/www.fracturaexpuesta.com.ar\/gotan\/presentan-corte-tango-un-podcast-enfocado-al-mundo-tanguero-de-rosario\/#primaryimage","url":"https:\/\/www.fracturaexpuesta.com.ar\/gotan\/wp-content\/uploads\/2025\/03\/casa-del-tango-rosario.jpg","contentUrl":"https:\/\/www.fracturaexpuesta.com.ar\/gotan\/wp-content\/uploads\/2025\/03\/casa-del-tango-rosario.jpg","width":1080,"height":718},{"@type":"BreadcrumbList","@id":"https:\/\/www.fracturaexpuesta.com.ar\/gotan\/presentan-corte-tango-un-podcast-enfocado-al-mundo-tanguero-de-rosario\/#breadcrumb","itemListElement":[{"@type":"ListItem","position":1,"name":"Inicio","item":"https:\/\/www.fracturaexpuesta.com.ar\/gotan\/"},{"@type":"ListItem","position":2,"name":"Presentan &#8220;Corte Tango&#8221;, un podcast enfocado al mundo tanguero de Rosario"}]},{"@type":"WebSite","@id":"https:\/\/www.fracturaexpuesta.com.ar\/gotan\/#website","url":"https:\/\/www.fracturaexpuesta.com.ar\/gotan\/","name":"Fractura Expuesta | Tango!","description":"","publisher":{"@id":"https:\/\/www.fracturaexpuesta.com.ar\/gotan\/#organization"},"potentialAction":[{"@type":"SearchAction","target":{"@type":"EntryPoint","urlTemplate":"https:\/\/www.fracturaexpuesta.com.ar\/gotan\/?s={search_term_string}"},"query-input":{"@type":"PropertyValueSpecification","valueRequired":true,"valueName":"search_term_string"}}],"inLanguage":"es-AR"},{"@type":"Organization","@id":"https:\/\/www.fracturaexpuesta.com.ar\/gotan\/#organization","name":"Fractura Expuesta | Tango!","url":"https:\/\/www.fracturaexpuesta.com.ar\/gotan\/","logo":{"@type":"ImageObject","inLanguage":"es-AR","@id":"https:\/\/www.fracturaexpuesta.com.ar\/gotan\/#\/schema\/logo\/image\/","url":"https:\/\/www.fracturaexpuesta.com.ar\/gotan\/wp-content\/uploads\/2025\/03\/avatar2centroOK.jpg","contentUrl":"https:\/\/www.fracturaexpuesta.com.ar\/gotan\/wp-content\/uploads\/2025\/03\/avatar2centroOK.jpg","width":600,"height":600,"caption":"Fractura Expuesta | Tango!"},"image":{"@id":"https:\/\/www.fracturaexpuesta.com.ar\/gotan\/#\/schema\/logo\/image\/"}},{"@type":"Person","@id":"https:\/\/www.fracturaexpuesta.com.ar\/gotan\/#\/schema\/person\/d8266939f778485b13ad2174aa9e199e","name":"Fractura Expuesta","image":{"@type":"ImageObject","inLanguage":"es-AR","@id":"https:\/\/secure.gravatar.com\/avatar\/c4bad1eb9f93dd4a42df3aa8b8e8b882ff893fcea188ee15488a845db442d7ec?s=96&d=mm&r=g","url":"https:\/\/secure.gravatar.com\/avatar\/c4bad1eb9f93dd4a42df3aa8b8e8b882ff893fcea188ee15488a845db442d7ec?s=96&d=mm&r=g","contentUrl":"https:\/\/secure.gravatar.com\/avatar\/c4bad1eb9f93dd4a42df3aa8b8e8b882ff893fcea188ee15488a845db442d7ec?s=96&d=mm&r=g","caption":"Fractura Expuesta"},"description":"Sitio de tango y noticias culturales. Desde 2003, el espacio referente del tango de estos tiempos.","sameAs":["https:\/\/www.fracturaexpuesta.com.ar","https:\/\/www.facebook.com\/fracturaexpuestaok","https:\/\/www.instagram.com\/fracturaexpuesta","https:\/\/x.com\/https:\/\/x.com\/fracturatango","https:\/\/www.youtube.com\/channel\/UCojA8Q0QDpnncOL8sfTHOHg"],"url":"https:\/\/www.fracturaexpuesta.com.ar\/gotan\/author\/fractura-expuesta\/"}]}},"_links":{"self":[{"href":"https:\/\/www.fracturaexpuesta.com.ar\/gotan\/wp-json\/wp\/v2\/posts\/4203","targetHints":{"allow":["GET"]}}],"collection":[{"href":"https:\/\/www.fracturaexpuesta.com.ar\/gotan\/wp-json\/wp\/v2\/posts"}],"about":[{"href":"https:\/\/www.fracturaexpuesta.com.ar\/gotan\/wp-json\/wp\/v2\/types\/post"}],"author":[{"embeddable":true,"href":"https:\/\/www.fracturaexpuesta.com.ar\/gotan\/wp-json\/wp\/v2\/users\/1"}],"replies":[{"embeddable":true,"href":"https:\/\/www.fracturaexpuesta.com.ar\/gotan\/wp-json\/wp\/v2\/comments?post=4203"}],"version-history":[{"count":2,"href":"https:\/\/www.fracturaexpuesta.com.ar\/gotan\/wp-json\/wp\/v2\/posts\/4203\/revisions"}],"predecessor-version":[{"id":4207,"href":"https:\/\/www.fracturaexpuesta.com.ar\/gotan\/wp-json\/wp\/v2\/posts\/4203\/revisions\/4207"}],"wp:featuredmedia":[{"embeddable":true,"href":"https:\/\/www.fracturaexpuesta.com.ar\/gotan\/wp-json\/wp\/v2\/media\/4204"}],"wp:attachment":[{"href":"https:\/\/www.fracturaexpuesta.com.ar\/gotan\/wp-json\/wp\/v2\/media?parent=4203"}],"wp:term":[{"taxonomy":"category","embeddable":true,"href":"https:\/\/www.fracturaexpuesta.com.ar\/gotan\/wp-json\/wp\/v2\/categories?post=4203"},{"taxonomy":"post_tag","embeddable":true,"href":"https:\/\/www.fracturaexpuesta.com.ar\/gotan\/wp-json\/wp\/v2\/tags?post=4203"}],"curies":[{"name":"wp","href":"https:\/\/api.w.org\/{rel}","templated":true}]}}