{"id":4208,"date":"2025-03-06T22:41:59","date_gmt":"2025-03-07T01:41:59","guid":{"rendered":"https:\/\/www.fracturaexpuesta.com.ar\/gotan\/?p=4208"},"modified":"2025-03-11T15:15:13","modified_gmt":"2025-03-11T18:15:13","slug":"el-teatro-colon-de-mar-del-plata-sera-el-epicentro-de-la-semana-del-tango","status":"publish","type":"post","link":"https:\/\/www.fracturaexpuesta.com.ar\/gotan\/el-teatro-colon-de-mar-del-plata-sera-el-epicentro-de-la-semana-del-tango\/","title":{"rendered":"Mar del Plata en sinton\u00eda 2&#215;4: comienza una nueva &#8220;Semana del Tango&#8221;"},"content":{"rendered":"\n<p class=\"wp-block-paragraph\">Coincidiendo con el mes en el que se recuerda <strong>el nacimiento de \u00c1stor Piazzolla<\/strong> (Mar del Plata, 11 de marzo de 1921), la ciudad balnearia pondr\u00e1 en marcha una nueva edici\u00f3n de la <strong>Semana del Tango<\/strong>.<\/p>\n\n\n\n<p class=\"wp-block-paragraph\">La iniciativa marplatense se desarrollar\u00e1 del <strong>10 al 16 de marzo y tendr\u00e1 como epicentro al Teatro Municipal Col\u00f3n<\/strong>. Presentar\u00e1 conciertos y distintos espect\u00e1culos de danza y m\u00fasica.<\/p>\n\n\n\n<p class=\"wp-block-paragraph\"><strong>Lunes 10 de Marzo \/ 21 hs.<\/strong><\/p>\n\n\n\n<p class=\"wp-block-paragraph\">D&#8217; MOL &#8211; Experiencia NEO TANGO<\/p>\n\n\n\n<p class=\"wp-block-paragraph\"><strong>Mi\u00e9rcoles 12 de marzo \/ 21 hs.<\/strong><\/p>\n\n\n\n<p class=\"wp-block-paragraph\">SI YO TUVIERA EL CORAZ\u00d3N\u2026.ROTO DE AMOR<br>Ricardo M\u00e9ndez, Silvia Sab, en canto y el acompa\u00f1amiento musical de Oscar Salomoni en piano y C\u00e9sar Monz\u00f3n en guitarra. Di\u00e1logos y un recorrido musical por la m\u00fasica ciudadana, con un homenaje a Astor Piazzolla y tangos ayer y hoy.<\/p>\n\n\n\n<p class=\"wp-block-paragraph\"><strong>Jueves 13 de marzo \/ 21 hs.<\/strong><\/p>\n\n\n\n<p class=\"wp-block-paragraph\">LAS COMPOSITORAS DEL TANGO<br>Indaga acerca del rol de las mujeres como compositoras del g\u00e9nero musical ciudadano. La profesora y cantante Norma Sardella, arm\u00f3 este proyecto de rescate cultural, donde se cuenta historia y se canta la obra de compositoras como: Elo\u00edsa D\u00b4Herbil de Silva, Micaela Sastre, Paquita Bernardo, Mar\u00eda Luisa Carnelli, Mar\u00eda Isolina Godard, Herminia Velich, Mercedes Simone, Rosita Quiroga, Azucena Maizani, Nelly Omar y Marta Pizzo, entre otras.<br>Elenco: Soraya Ruth, Walter Canales, Norma Sardella y Dar\u00edo Landi (cantantes), Ariel Gez (guitarra), Eduardo Luc (piano), Guido Libralato (bandone\u00f3n), Bruno Viviani (bajo el\u00e9ctrico), Emmanuel Mar\u00edn &amp; Lola Guti\u00e9rrez (danza) y Daniel Canales (presentador \/ narrador \/ productor general).<\/p>\n\n\n\n<p class=\"wp-block-paragraph\"><strong>Viernes 14 de marzo \/ 21 hs.<\/strong><\/p>\n\n\n\n<p class=\"wp-block-paragraph\">CUESTI\u00d3N DE TANGO<br>SILVIA SAB &#8211; HER\u00c1N PARI &#8211; ORQUESTA DE TANGO DE NEUQU\u00c9N (director: Mtro. Enrique Nicol\u00e1s)<br>La m\u00fasica de Astor Piazzolla dir\u00e1 presente con el cl\u00e1sico \u201cAdi\u00f3s Nonino\u201d, como tambi\u00e9n \u201cSiempre se vuelve a Buenos Aires\u201d (Piazzolla y Bl\u00e1zquez) y cl\u00e1sicos de An\u00edbal Troilo (Toda mi vida).<\/p>\n\n\n\n<p class=\"wp-block-paragraph\"><strong>S\u00e1bado 15 de marzo \/ 21 hs.<\/strong><\/p>\n\n\n\n<p class=\"wp-block-paragraph\">SPINETTANGO &#8211; QUINTETO TRIUNFAL Y SANTIAGO MU\u00d1IZ<br>Spinettango es la uni\u00f3n de dos cl\u00e1sicos referentes de la cultura argentina: La poes\u00eda de Luis Alberto Spinetta y el g\u00e9nero musical representativo de nuestro pa\u00eds, el tango. Versiona canciones del Flaco en clave tangera, y el resultado es una original y aut\u00e9ntica obra que representa el ADN musical argentino.<\/p>\n\n\n\n<p class=\"wp-block-paragraph\"><strong>Domingo 16 de marzo \/ 21 hs.<\/strong><\/p>\n\n\n\n<p class=\"wp-block-paragraph\">PIAZZOLLA TANGO WORLD<br>2 NOMINACIONES al Premio Estrella de Mar 2025, la Compa\u00f1\u00eda Tango Furia presenta PIAZZOLLA TANGO WORLD, un espect\u00e1culo de danza y m\u00fasica que recorre la obra de \u00c1stor Piazzolla a trav\u00e9s de un despliegue coreogr\u00e1fico de gran virtuosismo, destreza y sensualidad.<\/p>\n\n\n\n<p class=\"wp-block-paragraph\">***<\/p>\n\n\n\n<p class=\"wp-block-paragraph\"><strong>Teatro Municipal Col\u00f3n<\/strong><br>Hip\u00f3lito Yrigoyen 1665 (Mar del Plata)<br>Boleter\u00eda: Lunes a viernes<br>de 10 a 14 y de 17 a 21<br>S\u00e1bados y domingos de 17 a 21<\/p>\n","protected":false},"excerpt":{"rendered":"<p>El Teatro Col\u00f3n de la ciudad bonaerense ser\u00e1 el principal espacio para los diversos espect\u00e1culos.<\/p>\n","protected":false},"author":1,"featured_media":4209,"comment_status":"open","ping_status":"open","sticky":false,"template":"","format":"standard","meta":{"footnotes":""},"categories":[122],"tags":[125,126,96],"class_list":["post-4208","post","type-post","status-publish","format-standard","has-post-thumbnail","hentry","category-radar-tango","tag-astor-piazzolla","tag-bandoneon","tag-conciertos"],"yoast_head":"<!-- This site is optimized with the Yoast SEO plugin v28.4 - https:\/\/yoast.com\/product\/yoast-seo-wordpress\/ -->\n<title>Mar del Plata en sinton\u00eda 2x4: comienza una nueva &quot;Semana del Tango&quot; &#187; Fractura Expuesta | Tango!<\/title>\n<meta name=\"description\" content=\"El Teatro Col\u00f3n de la ciudad bonaerense ser\u00e1 el principal espacio para los diversos espect\u00e1culos.\" \/>\n<meta name=\"robots\" content=\"index, follow, max-snippet:-1, max-image-preview:large, max-video-preview:-1\" \/>\n<link rel=\"canonical\" href=\"https:\/\/www.fracturaexpuesta.com.ar\/gotan\/el-teatro-colon-de-mar-del-plata-sera-el-epicentro-de-la-semana-del-tango\/\" \/>\n<meta property=\"og:locale\" content=\"es_ES\" \/>\n<meta property=\"og:type\" content=\"article\" \/>\n<meta property=\"og:title\" content=\"Mar del Plata en sinton\u00eda 2x4: comienza una nueva &quot;Semana del Tango&quot;\" \/>\n<meta property=\"og:description\" content=\"El Teatro Col\u00f3n de la ciudad bonaerense ser\u00e1 el principal espacio para los diversos espect\u00e1culos.\" \/>\n<meta property=\"og:url\" content=\"https:\/\/www.fracturaexpuesta.com.ar\/gotan\/el-teatro-colon-de-mar-del-plata-sera-el-epicentro-de-la-semana-del-tango\/\" \/>\n<meta property=\"og:site_name\" content=\"Fractura Expuesta | Tango!\" \/>\n<meta property=\"article:author\" content=\"https:\/\/www.facebook.com\/fracturaexpuestaok\" \/>\n<meta property=\"article:published_time\" content=\"2025-03-07T01:41:59+00:00\" \/>\n<meta property=\"article:modified_time\" content=\"2025-03-11T18:15:13+00:00\" \/>\n<meta property=\"og:image\" content=\"https:\/\/www.fracturaexpuesta.com.ar\/gotan\/wp-content\/uploads\/2025\/03\/astor-piazzolla-mar-del-plata.jpg\" \/>\n\t<meta property=\"og:image:width\" content=\"1186\" \/>\n\t<meta property=\"og:image:height\" content=\"770\" \/>\n\t<meta property=\"og:image:type\" content=\"image\/jpeg\" \/>\n<meta name=\"author\" content=\"Fractura Expuesta\" \/>\n<meta name=\"twitter:card\" content=\"summary_large_image\" \/>\n<meta name=\"twitter:title\" content=\"Mar del Plata en sinton\u00eda 2x4: comienza una nueva &quot;Semana del Tango&quot;\" \/>\n<meta name=\"twitter:description\" content=\"El Teatro Col\u00f3n de la ciudad bonaerense ser\u00e1 el principal espacio para los diversos espect\u00e1culos.\" \/>\n<meta name=\"twitter:image\" content=\"https:\/\/www.fracturaexpuesta.com.ar\/gotan\/wp-content\/uploads\/2025\/03\/astor-piazzolla-mar-del-plata.jpg\" \/>\n<meta name=\"twitter:creator\" content=\"@https:\/\/x.com\/fracturatango\" \/>\n<meta name=\"twitter:label1\" content=\"Escrito por\" \/>\n\t<meta name=\"twitter:data1\" content=\"Fractura Expuesta\" \/>\n\t<meta name=\"twitter:label2\" content=\"Tiempo de lectura\" \/>\n\t<meta name=\"twitter:data2\" content=\"3 minutos\" \/>\n<script type=\"application\/ld+json\" class=\"yoast-schema-graph\">{\"@context\":\"https:\\\/\\\/schema.org\",\"@graph\":[{\"@type\":\"Article\",\"@id\":\"https:\\\/\\\/www.fracturaexpuesta.com.ar\\\/gotan\\\/el-teatro-colon-de-mar-del-plata-sera-el-epicentro-de-la-semana-del-tango\\\/#article\",\"isPartOf\":{\"@id\":\"https:\\\/\\\/www.fracturaexpuesta.com.ar\\\/gotan\\\/el-teatro-colon-de-mar-del-plata-sera-el-epicentro-de-la-semana-del-tango\\\/\"},\"author\":{\"name\":\"Fractura Expuesta\",\"@id\":\"https:\\\/\\\/www.fracturaexpuesta.com.ar\\\/gotan\\\/#\\\/schema\\\/person\\\/d8266939f778485b13ad2174aa9e199e\"},\"headline\":\"Mar del Plata en sinton\u00eda 2&#215;4: comienza una nueva &#8220;Semana del Tango&#8221;\",\"datePublished\":\"2025-03-07T01:41:59+00:00\",\"dateModified\":\"2025-03-11T18:15:13+00:00\",\"mainEntityOfPage\":{\"@id\":\"https:\\\/\\\/www.fracturaexpuesta.com.ar\\\/gotan\\\/el-teatro-colon-de-mar-del-plata-sera-el-epicentro-de-la-semana-del-tango\\\/\"},\"wordCount\":473,\"commentCount\":0,\"publisher\":{\"@id\":\"https:\\\/\\\/www.fracturaexpuesta.com.ar\\\/gotan\\\/#organization\"},\"image\":{\"@id\":\"https:\\\/\\\/www.fracturaexpuesta.com.ar\\\/gotan\\\/el-teatro-colon-de-mar-del-plata-sera-el-epicentro-de-la-semana-del-tango\\\/#primaryimage\"},\"thumbnailUrl\":\"https:\\\/\\\/www.fracturaexpuesta.com.ar\\\/gotan\\\/wp-content\\\/uploads\\\/2025\\\/03\\\/astor-piazzolla-mar-del-plata.jpg\",\"keywords\":[\"astor piazzolla\",\"bandoneon\",\"conciertos\"],\"articleSection\":[\"Radar Tango\"],\"inLanguage\":\"es-AR\",\"potentialAction\":[{\"@type\":\"CommentAction\",\"name\":\"Comment\",\"target\":[\"https:\\\/\\\/www.fracturaexpuesta.com.ar\\\/gotan\\\/el-teatro-colon-de-mar-del-plata-sera-el-epicentro-de-la-semana-del-tango\\\/#respond\"]}]},{\"@type\":\"WebPage\",\"@id\":\"https:\\\/\\\/www.fracturaexpuesta.com.ar\\\/gotan\\\/el-teatro-colon-de-mar-del-plata-sera-el-epicentro-de-la-semana-del-tango\\\/\",\"url\":\"https:\\\/\\\/www.fracturaexpuesta.com.ar\\\/gotan\\\/el-teatro-colon-de-mar-del-plata-sera-el-epicentro-de-la-semana-del-tango\\\/\",\"name\":\"Mar del Plata en sinton\u00eda 2x4: comienza una nueva \\\"Semana del Tango\\\" &#187; Fractura Expuesta | Tango!\",\"isPartOf\":{\"@id\":\"https:\\\/\\\/www.fracturaexpuesta.com.ar\\\/gotan\\\/#website\"},\"primaryImageOfPage\":{\"@id\":\"https:\\\/\\\/www.fracturaexpuesta.com.ar\\\/gotan\\\/el-teatro-colon-de-mar-del-plata-sera-el-epicentro-de-la-semana-del-tango\\\/#primaryimage\"},\"image\":{\"@id\":\"https:\\\/\\\/www.fracturaexpuesta.com.ar\\\/gotan\\\/el-teatro-colon-de-mar-del-plata-sera-el-epicentro-de-la-semana-del-tango\\\/#primaryimage\"},\"thumbnailUrl\":\"https:\\\/\\\/www.fracturaexpuesta.com.ar\\\/gotan\\\/wp-content\\\/uploads\\\/2025\\\/03\\\/astor-piazzolla-mar-del-plata.jpg\",\"datePublished\":\"2025-03-07T01:41:59+00:00\",\"dateModified\":\"2025-03-11T18:15:13+00:00\",\"description\":\"El Teatro Col\u00f3n de la ciudad bonaerense ser\u00e1 el principal espacio para los diversos espect\u00e1culos.\",\"breadcrumb\":{\"@id\":\"https:\\\/\\\/www.fracturaexpuesta.com.ar\\\/gotan\\\/el-teatro-colon-de-mar-del-plata-sera-el-epicentro-de-la-semana-del-tango\\\/#breadcrumb\"},\"inLanguage\":\"es-AR\",\"potentialAction\":[{\"@type\":\"ReadAction\",\"target\":[\"https:\\\/\\\/www.fracturaexpuesta.com.ar\\\/gotan\\\/el-teatro-colon-de-mar-del-plata-sera-el-epicentro-de-la-semana-del-tango\\\/\"]}]},{\"@type\":\"ImageObject\",\"inLanguage\":\"es-AR\",\"@id\":\"https:\\\/\\\/www.fracturaexpuesta.com.ar\\\/gotan\\\/el-teatro-colon-de-mar-del-plata-sera-el-epicentro-de-la-semana-del-tango\\\/#primaryimage\",\"url\":\"https:\\\/\\\/www.fracturaexpuesta.com.ar\\\/gotan\\\/wp-content\\\/uploads\\\/2025\\\/03\\\/astor-piazzolla-mar-del-plata.jpg\",\"contentUrl\":\"https:\\\/\\\/www.fracturaexpuesta.com.ar\\\/gotan\\\/wp-content\\\/uploads\\\/2025\\\/03\\\/astor-piazzolla-mar-del-plata.jpg\",\"width\":1186,\"height\":770},{\"@type\":\"BreadcrumbList\",\"@id\":\"https:\\\/\\\/www.fracturaexpuesta.com.ar\\\/gotan\\\/el-teatro-colon-de-mar-del-plata-sera-el-epicentro-de-la-semana-del-tango\\\/#breadcrumb\",\"itemListElement\":[{\"@type\":\"ListItem\",\"position\":1,\"name\":\"Inicio\",\"item\":\"https:\\\/\\\/www.fracturaexpuesta.com.ar\\\/gotan\\\/\"},{\"@type\":\"ListItem\",\"position\":2,\"name\":\"Mar del Plata en sinton\u00eda 2&#215;4: comienza una nueva &#8220;Semana del Tango&#8221;\"}]},{\"@type\":\"WebSite\",\"@id\":\"https:\\\/\\\/www.fracturaexpuesta.com.ar\\\/gotan\\\/#website\",\"url\":\"https:\\\/\\\/www.fracturaexpuesta.com.ar\\\/gotan\\\/\",\"name\":\"Fractura Expuesta | Tango!\",\"description\":\"\",\"publisher\":{\"@id\":\"https:\\\/\\\/www.fracturaexpuesta.com.ar\\\/gotan\\\/#organization\"},\"potentialAction\":[{\"@type\":\"SearchAction\",\"target\":{\"@type\":\"EntryPoint\",\"urlTemplate\":\"https:\\\/\\\/www.fracturaexpuesta.com.ar\\\/gotan\\\/?s={search_term_string}\"},\"query-input\":{\"@type\":\"PropertyValueSpecification\",\"valueRequired\":true,\"valueName\":\"search_term_string\"}}],\"inLanguage\":\"es-AR\"},{\"@type\":\"Organization\",\"@id\":\"https:\\\/\\\/www.fracturaexpuesta.com.ar\\\/gotan\\\/#organization\",\"name\":\"Fractura Expuesta | Tango!\",\"url\":\"https:\\\/\\\/www.fracturaexpuesta.com.ar\\\/gotan\\\/\",\"logo\":{\"@type\":\"ImageObject\",\"inLanguage\":\"es-AR\",\"@id\":\"https:\\\/\\\/www.fracturaexpuesta.com.ar\\\/gotan\\\/#\\\/schema\\\/logo\\\/image\\\/\",\"url\":\"https:\\\/\\\/www.fracturaexpuesta.com.ar\\\/gotan\\\/wp-content\\\/uploads\\\/2025\\\/03\\\/avatar2centroOK.jpg\",\"contentUrl\":\"https:\\\/\\\/www.fracturaexpuesta.com.ar\\\/gotan\\\/wp-content\\\/uploads\\\/2025\\\/03\\\/avatar2centroOK.jpg\",\"width\":600,\"height\":600,\"caption\":\"Fractura Expuesta | Tango!\"},\"image\":{\"@id\":\"https:\\\/\\\/www.fracturaexpuesta.com.ar\\\/gotan\\\/#\\\/schema\\\/logo\\\/image\\\/\"}},{\"@type\":\"Person\",\"@id\":\"https:\\\/\\\/www.fracturaexpuesta.com.ar\\\/gotan\\\/#\\\/schema\\\/person\\\/d8266939f778485b13ad2174aa9e199e\",\"name\":\"Fractura Expuesta\",\"image\":{\"@type\":\"ImageObject\",\"inLanguage\":\"es-AR\",\"@id\":\"https:\\\/\\\/secure.gravatar.com\\\/avatar\\\/c4bad1eb9f93dd4a42df3aa8b8e8b882ff893fcea188ee15488a845db442d7ec?s=96&d=mm&r=g\",\"url\":\"https:\\\/\\\/secure.gravatar.com\\\/avatar\\\/c4bad1eb9f93dd4a42df3aa8b8e8b882ff893fcea188ee15488a845db442d7ec?s=96&d=mm&r=g\",\"contentUrl\":\"https:\\\/\\\/secure.gravatar.com\\\/avatar\\\/c4bad1eb9f93dd4a42df3aa8b8e8b882ff893fcea188ee15488a845db442d7ec?s=96&d=mm&r=g\",\"caption\":\"Fractura Expuesta\"},\"description\":\"Sitio de tango y noticias culturales. Desde 2003, el espacio referente del tango de estos tiempos.\",\"sameAs\":[\"https:\\\/\\\/www.fracturaexpuesta.com.ar\",\"https:\\\/\\\/www.facebook.com\\\/fracturaexpuestaok\",\"https:\\\/\\\/www.instagram.com\\\/fracturaexpuesta\",\"https:\\\/\\\/x.com\\\/https:\\\/\\\/x.com\\\/fracturatango\",\"https:\\\/\\\/www.youtube.com\\\/channel\\\/UCojA8Q0QDpnncOL8sfTHOHg\"],\"url\":\"https:\\\/\\\/www.fracturaexpuesta.com.ar\\\/gotan\\\/author\\\/fractura-expuesta\\\/\"}]}<\/script>\n<!-- \/ Yoast SEO plugin. -->","yoast_head_json":{"title":"Mar del Plata en sinton\u00eda 2x4: comienza una nueva \"Semana del Tango\" &#187; Fractura Expuesta | Tango!","description":"El Teatro Col\u00f3n de la ciudad bonaerense ser\u00e1 el principal espacio para los diversos espect\u00e1culos.","robots":{"index":"index","follow":"follow","max-snippet":"max-snippet:-1","max-image-preview":"max-image-preview:large","max-video-preview":"max-video-preview:-1"},"canonical":"https:\/\/www.fracturaexpuesta.com.ar\/gotan\/el-teatro-colon-de-mar-del-plata-sera-el-epicentro-de-la-semana-del-tango\/","og_locale":"es_ES","og_type":"article","og_title":"Mar del Plata en sinton\u00eda 2x4: comienza una nueva \"Semana del Tango\"","og_description":"El Teatro Col\u00f3n de la ciudad bonaerense ser\u00e1 el principal espacio para los diversos espect\u00e1culos.","og_url":"https:\/\/www.fracturaexpuesta.com.ar\/gotan\/el-teatro-colon-de-mar-del-plata-sera-el-epicentro-de-la-semana-del-tango\/","og_site_name":"Fractura Expuesta | Tango!","article_author":"https:\/\/www.facebook.com\/fracturaexpuestaok","article_published_time":"2025-03-07T01:41:59+00:00","article_modified_time":"2025-03-11T18:15:13+00:00","og_image":[{"width":1186,"height":770,"url":"https:\/\/www.fracturaexpuesta.com.ar\/gotan\/wp-content\/uploads\/2025\/03\/astor-piazzolla-mar-del-plata.jpg","type":"image\/jpeg"}],"author":"Fractura Expuesta","twitter_card":"summary_large_image","twitter_title":"Mar del Plata en sinton\u00eda 2x4: comienza una nueva \"Semana del Tango\"","twitter_description":"El Teatro Col\u00f3n de la ciudad bonaerense ser\u00e1 el principal espacio para los diversos espect\u00e1culos.","twitter_image":"https:\/\/www.fracturaexpuesta.com.ar\/gotan\/wp-content\/uploads\/2025\/03\/astor-piazzolla-mar-del-plata.jpg","twitter_creator":"@https:\/\/x.com\/fracturatango","twitter_misc":{"Escrito por":"Fractura Expuesta","Tiempo de lectura":"3 minutos"},"schema":{"@context":"https:\/\/schema.org","@graph":[{"@type":"Article","@id":"https:\/\/www.fracturaexpuesta.com.ar\/gotan\/el-teatro-colon-de-mar-del-plata-sera-el-epicentro-de-la-semana-del-tango\/#article","isPartOf":{"@id":"https:\/\/www.fracturaexpuesta.com.ar\/gotan\/el-teatro-colon-de-mar-del-plata-sera-el-epicentro-de-la-semana-del-tango\/"},"author":{"name":"Fractura Expuesta","@id":"https:\/\/www.fracturaexpuesta.com.ar\/gotan\/#\/schema\/person\/d8266939f778485b13ad2174aa9e199e"},"headline":"Mar del Plata en sinton\u00eda 2&#215;4: comienza una nueva &#8220;Semana del Tango&#8221;","datePublished":"2025-03-07T01:41:59+00:00","dateModified":"2025-03-11T18:15:13+00:00","mainEntityOfPage":{"@id":"https:\/\/www.fracturaexpuesta.com.ar\/gotan\/el-teatro-colon-de-mar-del-plata-sera-el-epicentro-de-la-semana-del-tango\/"},"wordCount":473,"commentCount":0,"publisher":{"@id":"https:\/\/www.fracturaexpuesta.com.ar\/gotan\/#organization"},"image":{"@id":"https:\/\/www.fracturaexpuesta.com.ar\/gotan\/el-teatro-colon-de-mar-del-plata-sera-el-epicentro-de-la-semana-del-tango\/#primaryimage"},"thumbnailUrl":"https:\/\/www.fracturaexpuesta.com.ar\/gotan\/wp-content\/uploads\/2025\/03\/astor-piazzolla-mar-del-plata.jpg","keywords":["astor piazzolla","bandoneon","conciertos"],"articleSection":["Radar Tango"],"inLanguage":"es-AR","potentialAction":[{"@type":"CommentAction","name":"Comment","target":["https:\/\/www.fracturaexpuesta.com.ar\/gotan\/el-teatro-colon-de-mar-del-plata-sera-el-epicentro-de-la-semana-del-tango\/#respond"]}]},{"@type":"WebPage","@id":"https:\/\/www.fracturaexpuesta.com.ar\/gotan\/el-teatro-colon-de-mar-del-plata-sera-el-epicentro-de-la-semana-del-tango\/","url":"https:\/\/www.fracturaexpuesta.com.ar\/gotan\/el-teatro-colon-de-mar-del-plata-sera-el-epicentro-de-la-semana-del-tango\/","name":"Mar del Plata en sinton\u00eda 2x4: comienza una nueva \"Semana del Tango\" &#187; Fractura Expuesta | Tango!","isPartOf":{"@id":"https:\/\/www.fracturaexpuesta.com.ar\/gotan\/#website"},"primaryImageOfPage":{"@id":"https:\/\/www.fracturaexpuesta.com.ar\/gotan\/el-teatro-colon-de-mar-del-plata-sera-el-epicentro-de-la-semana-del-tango\/#primaryimage"},"image":{"@id":"https:\/\/www.fracturaexpuesta.com.ar\/gotan\/el-teatro-colon-de-mar-del-plata-sera-el-epicentro-de-la-semana-del-tango\/#primaryimage"},"thumbnailUrl":"https:\/\/www.fracturaexpuesta.com.ar\/gotan\/wp-content\/uploads\/2025\/03\/astor-piazzolla-mar-del-plata.jpg","datePublished":"2025-03-07T01:41:59+00:00","dateModified":"2025-03-11T18:15:13+00:00","description":"El Teatro Col\u00f3n de la ciudad bonaerense ser\u00e1 el principal espacio para los diversos espect\u00e1culos.","breadcrumb":{"@id":"https:\/\/www.fracturaexpuesta.com.ar\/gotan\/el-teatro-colon-de-mar-del-plata-sera-el-epicentro-de-la-semana-del-tango\/#breadcrumb"},"inLanguage":"es-AR","potentialAction":[{"@type":"ReadAction","target":["https:\/\/www.fracturaexpuesta.com.ar\/gotan\/el-teatro-colon-de-mar-del-plata-sera-el-epicentro-de-la-semana-del-tango\/"]}]},{"@type":"ImageObject","inLanguage":"es-AR","@id":"https:\/\/www.fracturaexpuesta.com.ar\/gotan\/el-teatro-colon-de-mar-del-plata-sera-el-epicentro-de-la-semana-del-tango\/#primaryimage","url":"https:\/\/www.fracturaexpuesta.com.ar\/gotan\/wp-content\/uploads\/2025\/03\/astor-piazzolla-mar-del-plata.jpg","contentUrl":"https:\/\/www.fracturaexpuesta.com.ar\/gotan\/wp-content\/uploads\/2025\/03\/astor-piazzolla-mar-del-plata.jpg","width":1186,"height":770},{"@type":"BreadcrumbList","@id":"https:\/\/www.fracturaexpuesta.com.ar\/gotan\/el-teatro-colon-de-mar-del-plata-sera-el-epicentro-de-la-semana-del-tango\/#breadcrumb","itemListElement":[{"@type":"ListItem","position":1,"name":"Inicio","item":"https:\/\/www.fracturaexpuesta.com.ar\/gotan\/"},{"@type":"ListItem","position":2,"name":"Mar del Plata en sinton\u00eda 2&#215;4: comienza una nueva &#8220;Semana del Tango&#8221;"}]},{"@type":"WebSite","@id":"https:\/\/www.fracturaexpuesta.com.ar\/gotan\/#website","url":"https:\/\/www.fracturaexpuesta.com.ar\/gotan\/","name":"Fractura Expuesta | Tango!","description":"","publisher":{"@id":"https:\/\/www.fracturaexpuesta.com.ar\/gotan\/#organization"},"potentialAction":[{"@type":"SearchAction","target":{"@type":"EntryPoint","urlTemplate":"https:\/\/www.fracturaexpuesta.com.ar\/gotan\/?s={search_term_string}"},"query-input":{"@type":"PropertyValueSpecification","valueRequired":true,"valueName":"search_term_string"}}],"inLanguage":"es-AR"},{"@type":"Organization","@id":"https:\/\/www.fracturaexpuesta.com.ar\/gotan\/#organization","name":"Fractura Expuesta | Tango!","url":"https:\/\/www.fracturaexpuesta.com.ar\/gotan\/","logo":{"@type":"ImageObject","inLanguage":"es-AR","@id":"https:\/\/www.fracturaexpuesta.com.ar\/gotan\/#\/schema\/logo\/image\/","url":"https:\/\/www.fracturaexpuesta.com.ar\/gotan\/wp-content\/uploads\/2025\/03\/avatar2centroOK.jpg","contentUrl":"https:\/\/www.fracturaexpuesta.com.ar\/gotan\/wp-content\/uploads\/2025\/03\/avatar2centroOK.jpg","width":600,"height":600,"caption":"Fractura Expuesta | Tango!"},"image":{"@id":"https:\/\/www.fracturaexpuesta.com.ar\/gotan\/#\/schema\/logo\/image\/"}},{"@type":"Person","@id":"https:\/\/www.fracturaexpuesta.com.ar\/gotan\/#\/schema\/person\/d8266939f778485b13ad2174aa9e199e","name":"Fractura Expuesta","image":{"@type":"ImageObject","inLanguage":"es-AR","@id":"https:\/\/secure.gravatar.com\/avatar\/c4bad1eb9f93dd4a42df3aa8b8e8b882ff893fcea188ee15488a845db442d7ec?s=96&d=mm&r=g","url":"https:\/\/secure.gravatar.com\/avatar\/c4bad1eb9f93dd4a42df3aa8b8e8b882ff893fcea188ee15488a845db442d7ec?s=96&d=mm&r=g","contentUrl":"https:\/\/secure.gravatar.com\/avatar\/c4bad1eb9f93dd4a42df3aa8b8e8b882ff893fcea188ee15488a845db442d7ec?s=96&d=mm&r=g","caption":"Fractura Expuesta"},"description":"Sitio de tango y noticias culturales. Desde 2003, el espacio referente del tango de estos tiempos.","sameAs":["https:\/\/www.fracturaexpuesta.com.ar","https:\/\/www.facebook.com\/fracturaexpuestaok","https:\/\/www.instagram.com\/fracturaexpuesta","https:\/\/x.com\/https:\/\/x.com\/fracturatango","https:\/\/www.youtube.com\/channel\/UCojA8Q0QDpnncOL8sfTHOHg"],"url":"https:\/\/www.fracturaexpuesta.com.ar\/gotan\/author\/fractura-expuesta\/"}]}},"_links":{"self":[{"href":"https:\/\/www.fracturaexpuesta.com.ar\/gotan\/wp-json\/wp\/v2\/posts\/4208","targetHints":{"allow":["GET"]}}],"collection":[{"href":"https:\/\/www.fracturaexpuesta.com.ar\/gotan\/wp-json\/wp\/v2\/posts"}],"about":[{"href":"https:\/\/www.fracturaexpuesta.com.ar\/gotan\/wp-json\/wp\/v2\/types\/post"}],"author":[{"embeddable":true,"href":"https:\/\/www.fracturaexpuesta.com.ar\/gotan\/wp-json\/wp\/v2\/users\/1"}],"replies":[{"embeddable":true,"href":"https:\/\/www.fracturaexpuesta.com.ar\/gotan\/wp-json\/wp\/v2\/comments?post=4208"}],"version-history":[{"count":11,"href":"https:\/\/www.fracturaexpuesta.com.ar\/gotan\/wp-json\/wp\/v2\/posts\/4208\/revisions"}],"predecessor-version":[{"id":4329,"href":"https:\/\/www.fracturaexpuesta.com.ar\/gotan\/wp-json\/wp\/v2\/posts\/4208\/revisions\/4329"}],"wp:featuredmedia":[{"embeddable":true,"href":"https:\/\/www.fracturaexpuesta.com.ar\/gotan\/wp-json\/wp\/v2\/media\/4209"}],"wp:attachment":[{"href":"https:\/\/www.fracturaexpuesta.com.ar\/gotan\/wp-json\/wp\/v2\/media?parent=4208"}],"wp:term":[{"taxonomy":"category","embeddable":true,"href":"https:\/\/www.fracturaexpuesta.com.ar\/gotan\/wp-json\/wp\/v2\/categories?post=4208"},{"taxonomy":"post_tag","embeddable":true,"href":"https:\/\/www.fracturaexpuesta.com.ar\/gotan\/wp-json\/wp\/v2\/tags?post=4208"}],"curies":[{"name":"wp","href":"https:\/\/api.w.org\/{rel}","templated":true}]}}