{"id":4374,"date":"2025-03-18T12:49:05","date_gmt":"2025-03-18T15:49:05","guid":{"rendered":"https:\/\/www.fracturaexpuesta.com.ar\/gotan\/?p=4374"},"modified":"2025-03-18T12:54:25","modified_gmt":"2025-03-18T15:54:25","slug":"bailan-tango-frente-al-hospital-donde-esta-internado-el-papa-francisco","status":"publish","type":"post","link":"https:\/\/www.fracturaexpuesta.com.ar\/gotan\/bailan-tango-frente-al-hospital-donde-esta-internado-el-papa-francisco\/","title":{"rendered":"Bailan tango frente al hospital donde est\u00e1 internado el Papa Francisco"},"content":{"rendered":"\n<p class=\"wp-block-paragraph\">A poco de conocerse la primera foto del Papa Francisco tras su internaci\u00f3n de hace m\u00e1s de un mes por problemas respiratorios, un grupo de bailarines de tango radicados en Roma se congreg\u00f3 frente al hospital Gemelli para brindarle apoyo al Pont\u00edfice danzando al ritmo de un bandone\u00f3n.<\/p>\n\n\n\n<p class=\"wp-block-paragraph\">Impulsados por la bailarina <strong>Daiana Guspero<\/strong> -afincada en Italia-, una decena de parejas convirtieron a los alrededores del hospital en una pista de baile como acto simb\u00f3lico en sinton\u00eda con <strong>el gusto del Papa por el tango<\/strong>.<\/p>\n\n\n\n<p class=\"wp-block-paragraph\">\u201cQuiero que le llegue la energ\u00eda nuestra, el amor nuestro por el tango y por un papa argentino. Yo creo que le va a llegar\u201d, expres\u00f3 Guspero en las puertas del hospital.<\/p>\n\n\n\n<figure class=\"wp-block-embed is-type-video is-provider-youtube wp-block-embed-youtube wp-embed-aspect-16-9 wp-has-aspect-ratio\"><div class=\"wp-block-embed__wrapper\">\n<iframe loading=\"lazy\" title=\"PAPA FRANCISCO | Argentinos bailan tango de oraci\u00f3n fuera del hospital en favor del Papa | EL PA\u00cdS\" width=\"1170\" height=\"658\" src=\"https:\/\/www.youtube.com\/embed\/GC-az6hpiWU?feature=oembed\" frameborder=\"0\" allow=\"accelerometer; autoplay; clipboard-write; encrypted-media; gyroscope; picture-in-picture; web-share\" referrerpolicy=\"strict-origin-when-cross-origin\" allowfullscreen><\/iframe>\n<\/div><figcaption class=\"wp-element-caption\"><mark style=\"background-color:rgba(0, 0, 0, 0)\" class=\"has-inline-color has-cyan-bluish-gray-color\"><em>Fuente: El Pa\u00eds<\/em><\/mark><\/figcaption><\/figure>\n\n\n\n<p class=\"wp-block-paragraph\">En 2018, la bailarina argentina ya hab\u00eda tenido un encuentro con Francisco al realizar una exhibici\u00f3n de baile para \u00e9l. En esa ocasi\u00f3n, el Papa le hab\u00eda manifestado sus ganas de bailar tango.<\/p>\n\n\n\n<p class=\"wp-block-paragraph\">El tango, ahora alejado de la hist\u00f3rica condena como \u201cpecaminoso\u201d por parte del Vaticano, se reconvierte en gesto de apoyo a la m\u00e1xima autoridad del catolicismo.<\/p>\n\n\n\n<p class=\"wp-block-paragraph\"><\/p>\n","protected":false},"excerpt":{"rendered":"<p>Un grupo de bailarines y m\u00fasicos se reunieron en Roma para brindar, a ritmo de tango, su apoyo al Papa.<\/p>\n","protected":false},"author":1,"featured_media":4375,"comment_status":"open","ping_status":"open","sticky":false,"template":"","format":"standard","meta":{"footnotes":""},"categories":[122],"tags":[92,91,136,137],"class_list":["post-4374","post","type-post","status-publish","format-standard","has-post-thumbnail","hentry","category-radar-tango","tag-baile","tag-danza","tag-diana-guspero","tag-papa-francisco"],"yoast_head":"<!-- This site is optimized with the Yoast SEO plugin v28.4 - https:\/\/yoast.com\/product\/yoast-seo-wordpress\/ -->\n<title>Bailan tango frente al hospital donde est\u00e1 internado el Papa Francisco &#187; Fractura Expuesta | Tango!<\/title>\n<meta name=\"description\" content=\"Un grupo de bailarines y m\u00fasicos se reunieron en Roma para brindar, a ritmo de tango, su apoyo al Papa.\" \/>\n<meta name=\"robots\" content=\"index, follow, max-snippet:-1, max-image-preview:large, max-video-preview:-1\" \/>\n<link rel=\"canonical\" href=\"https:\/\/www.fracturaexpuesta.com.ar\/gotan\/bailan-tango-frente-al-hospital-donde-esta-internado-el-papa-francisco\/\" \/>\n<meta property=\"og:locale\" content=\"es_ES\" \/>\n<meta property=\"og:type\" content=\"article\" \/>\n<meta property=\"og:title\" content=\"Bailan tango frente al hospital donde est\u00e1 internado el Papa Francisco\" \/>\n<meta property=\"og:description\" content=\"Un grupo de bailarines y m\u00fasicos se reunieron en Roma para brindar, a ritmo de tango, su apoyo al Papa.\" \/>\n<meta property=\"og:url\" content=\"https:\/\/www.fracturaexpuesta.com.ar\/gotan\/bailan-tango-frente-al-hospital-donde-esta-internado-el-papa-francisco\/\" \/>\n<meta property=\"og:site_name\" content=\"Fractura Expuesta | Tango!\" \/>\n<meta property=\"article:author\" content=\"https:\/\/www.facebook.com\/fracturaexpuestaok\" \/>\n<meta property=\"article:published_time\" content=\"2025-03-18T15:49:05+00:00\" \/>\n<meta property=\"article:modified_time\" content=\"2025-03-18T15:54:25+00:00\" \/>\n<meta property=\"og:image\" content=\"https:\/\/www.fracturaexpuesta.com.ar\/gotan\/wp-content\/uploads\/2025\/03\/papa-francisco-tango-diana-guspero.jpg\" \/>\n\t<meta property=\"og:image:width\" content=\"1200\" \/>\n\t<meta property=\"og:image:height\" content=\"800\" \/>\n\t<meta property=\"og:image:type\" content=\"image\/jpeg\" \/>\n<meta name=\"author\" content=\"Fractura Expuesta\" \/>\n<meta name=\"twitter:card\" content=\"summary_large_image\" \/>\n<meta name=\"twitter:title\" content=\"Bailan tango frente al hospital donde est\u00e1 internado el Papa Francisco\" \/>\n<meta name=\"twitter:description\" content=\"Un grupo de bailarines y m\u00fasicos se reunieron en Roma para brindar, a ritmo de tango, su apoyo al Papa.\" \/>\n<meta name=\"twitter:image\" content=\"https:\/\/www.fracturaexpuesta.com.ar\/gotan\/wp-content\/uploads\/2025\/03\/papa-francisco-tango-diana-guspero.jpg\" \/>\n<meta name=\"twitter:creator\" content=\"@https:\/\/x.com\/fracturatango\" \/>\n<meta name=\"twitter:label1\" content=\"Escrito por\" \/>\n\t<meta name=\"twitter:data1\" content=\"Fractura Expuesta\" \/>\n\t<meta name=\"twitter:label2\" content=\"Tiempo de lectura\" \/>\n\t<meta name=\"twitter:data2\" content=\"2 minutos\" \/>\n<script type=\"application\/ld+json\" class=\"yoast-schema-graph\">{\"@context\":\"https:\\\/\\\/schema.org\",\"@graph\":[{\"@type\":\"Article\",\"@id\":\"https:\\\/\\\/www.fracturaexpuesta.com.ar\\\/gotan\\\/bailan-tango-frente-al-hospital-donde-esta-internado-el-papa-francisco\\\/#article\",\"isPartOf\":{\"@id\":\"https:\\\/\\\/www.fracturaexpuesta.com.ar\\\/gotan\\\/bailan-tango-frente-al-hospital-donde-esta-internado-el-papa-francisco\\\/\"},\"author\":{\"name\":\"Fractura Expuesta\",\"@id\":\"https:\\\/\\\/www.fracturaexpuesta.com.ar\\\/gotan\\\/#\\\/schema\\\/person\\\/d8266939f778485b13ad2174aa9e199e\"},\"headline\":\"Bailan tango frente al hospital donde est\u00e1 internado el Papa Francisco\",\"datePublished\":\"2025-03-18T15:49:05+00:00\",\"dateModified\":\"2025-03-18T15:54:25+00:00\",\"mainEntityOfPage\":{\"@id\":\"https:\\\/\\\/www.fracturaexpuesta.com.ar\\\/gotan\\\/bailan-tango-frente-al-hospital-donde-esta-internado-el-papa-francisco\\\/\"},\"wordCount\":211,\"commentCount\":0,\"publisher\":{\"@id\":\"https:\\\/\\\/www.fracturaexpuesta.com.ar\\\/gotan\\\/#organization\"},\"image\":{\"@id\":\"https:\\\/\\\/www.fracturaexpuesta.com.ar\\\/gotan\\\/bailan-tango-frente-al-hospital-donde-esta-internado-el-papa-francisco\\\/#primaryimage\"},\"thumbnailUrl\":\"https:\\\/\\\/www.fracturaexpuesta.com.ar\\\/gotan\\\/wp-content\\\/uploads\\\/2025\\\/03\\\/papa-francisco-tango-diana-guspero.jpg\",\"keywords\":[\"baile\",\"danza\",\"diana guspero\",\"papa francisco\"],\"articleSection\":[\"Radar Tango\"],\"inLanguage\":\"es-AR\",\"potentialAction\":[{\"@type\":\"CommentAction\",\"name\":\"Comment\",\"target\":[\"https:\\\/\\\/www.fracturaexpuesta.com.ar\\\/gotan\\\/bailan-tango-frente-al-hospital-donde-esta-internado-el-papa-francisco\\\/#respond\"]}]},{\"@type\":\"WebPage\",\"@id\":\"https:\\\/\\\/www.fracturaexpuesta.com.ar\\\/gotan\\\/bailan-tango-frente-al-hospital-donde-esta-internado-el-papa-francisco\\\/\",\"url\":\"https:\\\/\\\/www.fracturaexpuesta.com.ar\\\/gotan\\\/bailan-tango-frente-al-hospital-donde-esta-internado-el-papa-francisco\\\/\",\"name\":\"Bailan tango frente al hospital donde est\u00e1 internado el Papa Francisco &#187; Fractura Expuesta | Tango!\",\"isPartOf\":{\"@id\":\"https:\\\/\\\/www.fracturaexpuesta.com.ar\\\/gotan\\\/#website\"},\"primaryImageOfPage\":{\"@id\":\"https:\\\/\\\/www.fracturaexpuesta.com.ar\\\/gotan\\\/bailan-tango-frente-al-hospital-donde-esta-internado-el-papa-francisco\\\/#primaryimage\"},\"image\":{\"@id\":\"https:\\\/\\\/www.fracturaexpuesta.com.ar\\\/gotan\\\/bailan-tango-frente-al-hospital-donde-esta-internado-el-papa-francisco\\\/#primaryimage\"},\"thumbnailUrl\":\"https:\\\/\\\/www.fracturaexpuesta.com.ar\\\/gotan\\\/wp-content\\\/uploads\\\/2025\\\/03\\\/papa-francisco-tango-diana-guspero.jpg\",\"datePublished\":\"2025-03-18T15:49:05+00:00\",\"dateModified\":\"2025-03-18T15:54:25+00:00\",\"description\":\"Un grupo de bailarines y m\u00fasicos se reunieron en Roma para brindar, a ritmo de tango, su apoyo al Papa.\",\"breadcrumb\":{\"@id\":\"https:\\\/\\\/www.fracturaexpuesta.com.ar\\\/gotan\\\/bailan-tango-frente-al-hospital-donde-esta-internado-el-papa-francisco\\\/#breadcrumb\"},\"inLanguage\":\"es-AR\",\"potentialAction\":[{\"@type\":\"ReadAction\",\"target\":[\"https:\\\/\\\/www.fracturaexpuesta.com.ar\\\/gotan\\\/bailan-tango-frente-al-hospital-donde-esta-internado-el-papa-francisco\\\/\"]}]},{\"@type\":\"ImageObject\",\"inLanguage\":\"es-AR\",\"@id\":\"https:\\\/\\\/www.fracturaexpuesta.com.ar\\\/gotan\\\/bailan-tango-frente-al-hospital-donde-esta-internado-el-papa-francisco\\\/#primaryimage\",\"url\":\"https:\\\/\\\/www.fracturaexpuesta.com.ar\\\/gotan\\\/wp-content\\\/uploads\\\/2025\\\/03\\\/papa-francisco-tango-diana-guspero.jpg\",\"contentUrl\":\"https:\\\/\\\/www.fracturaexpuesta.com.ar\\\/gotan\\\/wp-content\\\/uploads\\\/2025\\\/03\\\/papa-francisco-tango-diana-guspero.jpg\",\"width\":1200,\"height\":800,\"caption\":\"papa francisco tango diana guspero\"},{\"@type\":\"BreadcrumbList\",\"@id\":\"https:\\\/\\\/www.fracturaexpuesta.com.ar\\\/gotan\\\/bailan-tango-frente-al-hospital-donde-esta-internado-el-papa-francisco\\\/#breadcrumb\",\"itemListElement\":[{\"@type\":\"ListItem\",\"position\":1,\"name\":\"Inicio\",\"item\":\"https:\\\/\\\/www.fracturaexpuesta.com.ar\\\/gotan\\\/\"},{\"@type\":\"ListItem\",\"position\":2,\"name\":\"Bailan tango frente al hospital donde est\u00e1 internado el Papa Francisco\"}]},{\"@type\":\"WebSite\",\"@id\":\"https:\\\/\\\/www.fracturaexpuesta.com.ar\\\/gotan\\\/#website\",\"url\":\"https:\\\/\\\/www.fracturaexpuesta.com.ar\\\/gotan\\\/\",\"name\":\"Fractura Expuesta | Tango!\",\"description\":\"\",\"publisher\":{\"@id\":\"https:\\\/\\\/www.fracturaexpuesta.com.ar\\\/gotan\\\/#organization\"},\"potentialAction\":[{\"@type\":\"SearchAction\",\"target\":{\"@type\":\"EntryPoint\",\"urlTemplate\":\"https:\\\/\\\/www.fracturaexpuesta.com.ar\\\/gotan\\\/?s={search_term_string}\"},\"query-input\":{\"@type\":\"PropertyValueSpecification\",\"valueRequired\":true,\"valueName\":\"search_term_string\"}}],\"inLanguage\":\"es-AR\"},{\"@type\":\"Organization\",\"@id\":\"https:\\\/\\\/www.fracturaexpuesta.com.ar\\\/gotan\\\/#organization\",\"name\":\"Fractura Expuesta | Tango!\",\"url\":\"https:\\\/\\\/www.fracturaexpuesta.com.ar\\\/gotan\\\/\",\"logo\":{\"@type\":\"ImageObject\",\"inLanguage\":\"es-AR\",\"@id\":\"https:\\\/\\\/www.fracturaexpuesta.com.ar\\\/gotan\\\/#\\\/schema\\\/logo\\\/image\\\/\",\"url\":\"https:\\\/\\\/www.fracturaexpuesta.com.ar\\\/gotan\\\/wp-content\\\/uploads\\\/2025\\\/03\\\/avatar2centroOK.jpg\",\"contentUrl\":\"https:\\\/\\\/www.fracturaexpuesta.com.ar\\\/gotan\\\/wp-content\\\/uploads\\\/2025\\\/03\\\/avatar2centroOK.jpg\",\"width\":600,\"height\":600,\"caption\":\"Fractura Expuesta | Tango!\"},\"image\":{\"@id\":\"https:\\\/\\\/www.fracturaexpuesta.com.ar\\\/gotan\\\/#\\\/schema\\\/logo\\\/image\\\/\"}},{\"@type\":\"Person\",\"@id\":\"https:\\\/\\\/www.fracturaexpuesta.com.ar\\\/gotan\\\/#\\\/schema\\\/person\\\/d8266939f778485b13ad2174aa9e199e\",\"name\":\"Fractura Expuesta\",\"image\":{\"@type\":\"ImageObject\",\"inLanguage\":\"es-AR\",\"@id\":\"https:\\\/\\\/secure.gravatar.com\\\/avatar\\\/c4bad1eb9f93dd4a42df3aa8b8e8b882ff893fcea188ee15488a845db442d7ec?s=96&d=mm&r=g\",\"url\":\"https:\\\/\\\/secure.gravatar.com\\\/avatar\\\/c4bad1eb9f93dd4a42df3aa8b8e8b882ff893fcea188ee15488a845db442d7ec?s=96&d=mm&r=g\",\"contentUrl\":\"https:\\\/\\\/secure.gravatar.com\\\/avatar\\\/c4bad1eb9f93dd4a42df3aa8b8e8b882ff893fcea188ee15488a845db442d7ec?s=96&d=mm&r=g\",\"caption\":\"Fractura Expuesta\"},\"description\":\"Sitio de tango y noticias culturales. Desde 2003, el espacio referente del tango de estos tiempos.\",\"sameAs\":[\"https:\\\/\\\/www.fracturaexpuesta.com.ar\",\"https:\\\/\\\/www.facebook.com\\\/fracturaexpuestaok\",\"https:\\\/\\\/www.instagram.com\\\/fracturaexpuesta\",\"https:\\\/\\\/x.com\\\/https:\\\/\\\/x.com\\\/fracturatango\",\"https:\\\/\\\/www.youtube.com\\\/channel\\\/UCojA8Q0QDpnncOL8sfTHOHg\"],\"url\":\"https:\\\/\\\/www.fracturaexpuesta.com.ar\\\/gotan\\\/author\\\/fractura-expuesta\\\/\"}]}<\/script>\n<!-- \/ Yoast SEO plugin. -->","yoast_head_json":{"title":"Bailan tango frente al hospital donde est\u00e1 internado el Papa Francisco &#187; Fractura Expuesta | Tango!","description":"Un grupo de bailarines y m\u00fasicos se reunieron en Roma para brindar, a ritmo de tango, su apoyo al Papa.","robots":{"index":"index","follow":"follow","max-snippet":"max-snippet:-1","max-image-preview":"max-image-preview:large","max-video-preview":"max-video-preview:-1"},"canonical":"https:\/\/www.fracturaexpuesta.com.ar\/gotan\/bailan-tango-frente-al-hospital-donde-esta-internado-el-papa-francisco\/","og_locale":"es_ES","og_type":"article","og_title":"Bailan tango frente al hospital donde est\u00e1 internado el Papa Francisco","og_description":"Un grupo de bailarines y m\u00fasicos se reunieron en Roma para brindar, a ritmo de tango, su apoyo al Papa.","og_url":"https:\/\/www.fracturaexpuesta.com.ar\/gotan\/bailan-tango-frente-al-hospital-donde-esta-internado-el-papa-francisco\/","og_site_name":"Fractura Expuesta | Tango!","article_author":"https:\/\/www.facebook.com\/fracturaexpuestaok","article_published_time":"2025-03-18T15:49:05+00:00","article_modified_time":"2025-03-18T15:54:25+00:00","og_image":[{"width":1200,"height":800,"url":"https:\/\/www.fracturaexpuesta.com.ar\/gotan\/wp-content\/uploads\/2025\/03\/papa-francisco-tango-diana-guspero.jpg","type":"image\/jpeg"}],"author":"Fractura Expuesta","twitter_card":"summary_large_image","twitter_title":"Bailan tango frente al hospital donde est\u00e1 internado el Papa Francisco","twitter_description":"Un grupo de bailarines y m\u00fasicos se reunieron en Roma para brindar, a ritmo de tango, su apoyo al Papa.","twitter_image":"https:\/\/www.fracturaexpuesta.com.ar\/gotan\/wp-content\/uploads\/2025\/03\/papa-francisco-tango-diana-guspero.jpg","twitter_creator":"@https:\/\/x.com\/fracturatango","twitter_misc":{"Escrito por":"Fractura Expuesta","Tiempo de lectura":"2 minutos"},"schema":{"@context":"https:\/\/schema.org","@graph":[{"@type":"Article","@id":"https:\/\/www.fracturaexpuesta.com.ar\/gotan\/bailan-tango-frente-al-hospital-donde-esta-internado-el-papa-francisco\/#article","isPartOf":{"@id":"https:\/\/www.fracturaexpuesta.com.ar\/gotan\/bailan-tango-frente-al-hospital-donde-esta-internado-el-papa-francisco\/"},"author":{"name":"Fractura Expuesta","@id":"https:\/\/www.fracturaexpuesta.com.ar\/gotan\/#\/schema\/person\/d8266939f778485b13ad2174aa9e199e"},"headline":"Bailan tango frente al hospital donde est\u00e1 internado el Papa Francisco","datePublished":"2025-03-18T15:49:05+00:00","dateModified":"2025-03-18T15:54:25+00:00","mainEntityOfPage":{"@id":"https:\/\/www.fracturaexpuesta.com.ar\/gotan\/bailan-tango-frente-al-hospital-donde-esta-internado-el-papa-francisco\/"},"wordCount":211,"commentCount":0,"publisher":{"@id":"https:\/\/www.fracturaexpuesta.com.ar\/gotan\/#organization"},"image":{"@id":"https:\/\/www.fracturaexpuesta.com.ar\/gotan\/bailan-tango-frente-al-hospital-donde-esta-internado-el-papa-francisco\/#primaryimage"},"thumbnailUrl":"https:\/\/www.fracturaexpuesta.com.ar\/gotan\/wp-content\/uploads\/2025\/03\/papa-francisco-tango-diana-guspero.jpg","keywords":["baile","danza","diana guspero","papa francisco"],"articleSection":["Radar Tango"],"inLanguage":"es-AR","potentialAction":[{"@type":"CommentAction","name":"Comment","target":["https:\/\/www.fracturaexpuesta.com.ar\/gotan\/bailan-tango-frente-al-hospital-donde-esta-internado-el-papa-francisco\/#respond"]}]},{"@type":"WebPage","@id":"https:\/\/www.fracturaexpuesta.com.ar\/gotan\/bailan-tango-frente-al-hospital-donde-esta-internado-el-papa-francisco\/","url":"https:\/\/www.fracturaexpuesta.com.ar\/gotan\/bailan-tango-frente-al-hospital-donde-esta-internado-el-papa-francisco\/","name":"Bailan tango frente al hospital donde est\u00e1 internado el Papa Francisco &#187; Fractura Expuesta | Tango!","isPartOf":{"@id":"https:\/\/www.fracturaexpuesta.com.ar\/gotan\/#website"},"primaryImageOfPage":{"@id":"https:\/\/www.fracturaexpuesta.com.ar\/gotan\/bailan-tango-frente-al-hospital-donde-esta-internado-el-papa-francisco\/#primaryimage"},"image":{"@id":"https:\/\/www.fracturaexpuesta.com.ar\/gotan\/bailan-tango-frente-al-hospital-donde-esta-internado-el-papa-francisco\/#primaryimage"},"thumbnailUrl":"https:\/\/www.fracturaexpuesta.com.ar\/gotan\/wp-content\/uploads\/2025\/03\/papa-francisco-tango-diana-guspero.jpg","datePublished":"2025-03-18T15:49:05+00:00","dateModified":"2025-03-18T15:54:25+00:00","description":"Un grupo de bailarines y m\u00fasicos se reunieron en Roma para brindar, a ritmo de tango, su apoyo al Papa.","breadcrumb":{"@id":"https:\/\/www.fracturaexpuesta.com.ar\/gotan\/bailan-tango-frente-al-hospital-donde-esta-internado-el-papa-francisco\/#breadcrumb"},"inLanguage":"es-AR","potentialAction":[{"@type":"ReadAction","target":["https:\/\/www.fracturaexpuesta.com.ar\/gotan\/bailan-tango-frente-al-hospital-donde-esta-internado-el-papa-francisco\/"]}]},{"@type":"ImageObject","inLanguage":"es-AR","@id":"https:\/\/www.fracturaexpuesta.com.ar\/gotan\/bailan-tango-frente-al-hospital-donde-esta-internado-el-papa-francisco\/#primaryimage","url":"https:\/\/www.fracturaexpuesta.com.ar\/gotan\/wp-content\/uploads\/2025\/03\/papa-francisco-tango-diana-guspero.jpg","contentUrl":"https:\/\/www.fracturaexpuesta.com.ar\/gotan\/wp-content\/uploads\/2025\/03\/papa-francisco-tango-diana-guspero.jpg","width":1200,"height":800,"caption":"papa francisco tango diana guspero"},{"@type":"BreadcrumbList","@id":"https:\/\/www.fracturaexpuesta.com.ar\/gotan\/bailan-tango-frente-al-hospital-donde-esta-internado-el-papa-francisco\/#breadcrumb","itemListElement":[{"@type":"ListItem","position":1,"name":"Inicio","item":"https:\/\/www.fracturaexpuesta.com.ar\/gotan\/"},{"@type":"ListItem","position":2,"name":"Bailan tango frente al hospital donde est\u00e1 internado el Papa Francisco"}]},{"@type":"WebSite","@id":"https:\/\/www.fracturaexpuesta.com.ar\/gotan\/#website","url":"https:\/\/www.fracturaexpuesta.com.ar\/gotan\/","name":"Fractura Expuesta | Tango!","description":"","publisher":{"@id":"https:\/\/www.fracturaexpuesta.com.ar\/gotan\/#organization"},"potentialAction":[{"@type":"SearchAction","target":{"@type":"EntryPoint","urlTemplate":"https:\/\/www.fracturaexpuesta.com.ar\/gotan\/?s={search_term_string}"},"query-input":{"@type":"PropertyValueSpecification","valueRequired":true,"valueName":"search_term_string"}}],"inLanguage":"es-AR"},{"@type":"Organization","@id":"https:\/\/www.fracturaexpuesta.com.ar\/gotan\/#organization","name":"Fractura Expuesta | Tango!","url":"https:\/\/www.fracturaexpuesta.com.ar\/gotan\/","logo":{"@type":"ImageObject","inLanguage":"es-AR","@id":"https:\/\/www.fracturaexpuesta.com.ar\/gotan\/#\/schema\/logo\/image\/","url":"https:\/\/www.fracturaexpuesta.com.ar\/gotan\/wp-content\/uploads\/2025\/03\/avatar2centroOK.jpg","contentUrl":"https:\/\/www.fracturaexpuesta.com.ar\/gotan\/wp-content\/uploads\/2025\/03\/avatar2centroOK.jpg","width":600,"height":600,"caption":"Fractura Expuesta | Tango!"},"image":{"@id":"https:\/\/www.fracturaexpuesta.com.ar\/gotan\/#\/schema\/logo\/image\/"}},{"@type":"Person","@id":"https:\/\/www.fracturaexpuesta.com.ar\/gotan\/#\/schema\/person\/d8266939f778485b13ad2174aa9e199e","name":"Fractura Expuesta","image":{"@type":"ImageObject","inLanguage":"es-AR","@id":"https:\/\/secure.gravatar.com\/avatar\/c4bad1eb9f93dd4a42df3aa8b8e8b882ff893fcea188ee15488a845db442d7ec?s=96&d=mm&r=g","url":"https:\/\/secure.gravatar.com\/avatar\/c4bad1eb9f93dd4a42df3aa8b8e8b882ff893fcea188ee15488a845db442d7ec?s=96&d=mm&r=g","contentUrl":"https:\/\/secure.gravatar.com\/avatar\/c4bad1eb9f93dd4a42df3aa8b8e8b882ff893fcea188ee15488a845db442d7ec?s=96&d=mm&r=g","caption":"Fractura Expuesta"},"description":"Sitio de tango y noticias culturales. Desde 2003, el espacio referente del tango de estos tiempos.","sameAs":["https:\/\/www.fracturaexpuesta.com.ar","https:\/\/www.facebook.com\/fracturaexpuestaok","https:\/\/www.instagram.com\/fracturaexpuesta","https:\/\/x.com\/https:\/\/x.com\/fracturatango","https:\/\/www.youtube.com\/channel\/UCojA8Q0QDpnncOL8sfTHOHg"],"url":"https:\/\/www.fracturaexpuesta.com.ar\/gotan\/author\/fractura-expuesta\/"}]}},"_links":{"self":[{"href":"https:\/\/www.fracturaexpuesta.com.ar\/gotan\/wp-json\/wp\/v2\/posts\/4374","targetHints":{"allow":["GET"]}}],"collection":[{"href":"https:\/\/www.fracturaexpuesta.com.ar\/gotan\/wp-json\/wp\/v2\/posts"}],"about":[{"href":"https:\/\/www.fracturaexpuesta.com.ar\/gotan\/wp-json\/wp\/v2\/types\/post"}],"author":[{"embeddable":true,"href":"https:\/\/www.fracturaexpuesta.com.ar\/gotan\/wp-json\/wp\/v2\/users\/1"}],"replies":[{"embeddable":true,"href":"https:\/\/www.fracturaexpuesta.com.ar\/gotan\/wp-json\/wp\/v2\/comments?post=4374"}],"version-history":[{"count":2,"href":"https:\/\/www.fracturaexpuesta.com.ar\/gotan\/wp-json\/wp\/v2\/posts\/4374\/revisions"}],"predecessor-version":[{"id":4377,"href":"https:\/\/www.fracturaexpuesta.com.ar\/gotan\/wp-json\/wp\/v2\/posts\/4374\/revisions\/4377"}],"wp:featuredmedia":[{"embeddable":true,"href":"https:\/\/www.fracturaexpuesta.com.ar\/gotan\/wp-json\/wp\/v2\/media\/4375"}],"wp:attachment":[{"href":"https:\/\/www.fracturaexpuesta.com.ar\/gotan\/wp-json\/wp\/v2\/media?parent=4374"}],"wp:term":[{"taxonomy":"category","embeddable":true,"href":"https:\/\/www.fracturaexpuesta.com.ar\/gotan\/wp-json\/wp\/v2\/categories?post=4374"},{"taxonomy":"post_tag","embeddable":true,"href":"https:\/\/www.fracturaexpuesta.com.ar\/gotan\/wp-json\/wp\/v2\/tags?post=4374"}],"curies":[{"name":"wp","href":"https:\/\/api.w.org\/{rel}","templated":true}]}}