{"id":4385,"date":"2025-03-22T17:19:52","date_gmt":"2025-03-22T20:19:52","guid":{"rendered":"https:\/\/www.fracturaexpuesta.com.ar\/gotan\/?p=4385"},"modified":"2025-03-23T10:15:54","modified_gmt":"2025-03-23T13:15:54","slug":"los-tangos-nuevos-e-ineditos-podran-tener-un-lugar-en-los-latin-grammy-2025","status":"publish","type":"post","link":"https:\/\/www.fracturaexpuesta.com.ar\/gotan\/los-tangos-nuevos-e-ineditos-podran-tener-un-lugar-en-los-latin-grammy-2025\/","title":{"rendered":"Los tangos nuevos podr\u00e1n tener un lugar en los Latin Grammy 2025"},"content":{"rendered":"\n<p class=\"wp-block-paragraph\">La Academia Latina de la Grabaci\u00f3n confirm\u00f3 recientemente <strong>la inclusi\u00f3n de una nueva categor\u00eda <\/strong>en la <strong>edici\u00f3n 2025 de los Latin Grammy<\/strong> que premiar\u00e1 temas in\u00e9ditos de g\u00e9neros como <strong>el tango, el flamenco y el folclore<\/strong>, entre otros estilos tradicionales.<\/p>\n\n\n\n<p class=\"wp-block-paragraph\">Con el nombre de <strong>\u201cMejor canci\u00f3n de ra\u00edces\u201d<\/strong>, en dicha categor\u00eda se reconocer\u00e1 al o los compositores de <strong>grabaciones nuevas e in\u00e9ditas<\/strong>, tanto vocal como instrumental, \u201cque reflejen las tradiciones y or\u00edgenes de varias comunidades, culturas o grupos sociales, especialmente aquellos de origen hispanoamericano\u201d, explic\u00f3 un comunicado.<\/p>\n\n\n\n<p class=\"wp-block-paragraph\">En el caso de la m\u00fasica vocal, la letra puede ser en espa\u00f1ol, portugu\u00e9s o en lenguas o dialectos ind\u00edgenas.<\/p>\n\n\n\n<p class=\"wp-block-paragraph\">Se ensancha as\u00ed la posibilidad para que las obras actuales de tango puedan tener un lugar m\u00e1s dentro de la premiaci\u00f3n.<\/p>\n\n\n\n<p class=\"wp-block-paragraph\">Por su parte, se estima que <strong>las nominaciones se conocer\u00e1n en septiembre<\/strong> mientras que <strong>el 30 de mayo se cierran las inscripciones<\/strong> para producciones musicales.<\/p>\n\n\n\n<p class=\"wp-block-paragraph\"><\/p>\n\n\n\n<h2 class=\"wp-block-heading\"><strong>Otros cambios para los Latin Grammy 2025<\/strong><\/h2>\n\n\n\n<p class=\"wp-block-paragraph\">Otra categor\u00eda que se suma es la de <strong>\u201cMejor M\u00fasica para Medios Visuales\u201d<\/strong> que premiar\u00e1 \u201cla creatividad y originalidad de las composiciones para pel\u00edculas, series de televisi\u00f3n, videojuegos y otros formatos audiovisuales\u201d, indic\u00f3 la Academia.<\/p>\n\n\n\n<p class=\"wp-block-paragraph\">Adem\u00e1s, se anunciaron cambios en otras categor\u00edas ya existentes como el premio a \u201cMejor \u00c1lbum Vocal Pop\u201d que ahora ser\u00e1 \u201cMejor \u00c1lbum de Pop Contempor\u00e1neo\u201d y \u201cMejor \u00c1lbum de M\u00fasica Latina para Ni\u00f1os\u201d que pasar\u00e1 a llamarse \u201cMejor \u00c1lbum de M\u00fasica para Ni\u00f1os\u201d.<\/p>\n\n\n\n<p class=\"wp-block-paragraph\">La categor\u00eda \u201cMejor Fusi\u00f3n\/Interpretaci\u00f3n Urbana\u201d se renombrar\u00e1 como \u201cMejor Interpretaci\u00f3n Urbana\/Fusi\u00f3n Urbana\u201d y tendr\u00e1 nuevos criterios de elegibilidad.<\/p>\n","protected":false},"excerpt":{"rendered":"<p>La aparici\u00f3n de una nueva categor\u00eda abre la posibilidad de reconocimiento a las obras contempor\u00e1neas de tango.<\/p>\n","protected":false},"author":1,"featured_media":4386,"comment_status":"open","ping_status":"open","sticky":false,"template":"","format":"standard","meta":{"footnotes":""},"categories":[7],"tags":[81,139,103],"class_list":["post-4385","post","type-post","status-publish","format-standard","has-post-thumbnail","hentry","category-noticias","tag-discos","tag-latin-grammy","tag-premios"],"yoast_head":"<!-- This site is optimized with the Yoast SEO plugin v28.4 - https:\/\/yoast.com\/product\/yoast-seo-wordpress\/ -->\n<title>Los tangos nuevos podr\u00e1n tener un lugar en los Latin Grammy 2025 &#187; Fractura Expuesta | Tango!<\/title>\n<meta name=\"description\" content=\"La aparici\u00f3n de una nueva categor\u00eda abre la posibilidad de reconocimiento a las obras contempor\u00e1neas de tango.\" \/>\n<meta name=\"robots\" content=\"index, follow, max-snippet:-1, max-image-preview:large, max-video-preview:-1\" \/>\n<link rel=\"canonical\" href=\"https:\/\/www.fracturaexpuesta.com.ar\/gotan\/los-tangos-nuevos-e-ineditos-podran-tener-un-lugar-en-los-latin-grammy-2025\/\" \/>\n<meta property=\"og:locale\" content=\"es_ES\" \/>\n<meta property=\"og:type\" content=\"article\" \/>\n<meta property=\"og:title\" content=\"Los tangos nuevos podr\u00e1n tener un lugar en los Latin Grammy 2025\" \/>\n<meta property=\"og:description\" content=\"La aparici\u00f3n de una nueva categor\u00eda abre la posibilidad de reconocimiento a las obras contempor\u00e1neas de tango.\" \/>\n<meta property=\"og:url\" content=\"https:\/\/www.fracturaexpuesta.com.ar\/gotan\/los-tangos-nuevos-e-ineditos-podran-tener-un-lugar-en-los-latin-grammy-2025\/\" \/>\n<meta property=\"og:site_name\" content=\"Fractura Expuesta | Tango!\" \/>\n<meta property=\"article:author\" content=\"https:\/\/www.facebook.com\/fracturaexpuestaok\" \/>\n<meta property=\"article:published_time\" content=\"2025-03-22T20:19:52+00:00\" \/>\n<meta property=\"article:modified_time\" content=\"2025-03-23T13:15:54+00:00\" \/>\n<meta property=\"og:image\" content=\"https:\/\/www.fracturaexpuesta.com.ar\/gotan\/wp-content\/uploads\/2025\/03\/image.webp\" \/>\n\t<meta property=\"og:image:width\" content=\"3840\" \/>\n\t<meta property=\"og:image:height\" content=\"2560\" \/>\n\t<meta property=\"og:image:type\" content=\"image\/webp\" \/>\n<meta name=\"author\" content=\"Fractura Expuesta\" \/>\n<meta name=\"twitter:card\" content=\"summary_large_image\" \/>\n<meta name=\"twitter:title\" content=\"Los tangos nuevos podr\u00e1n tener un lugar en los Latin Grammy 2025\" \/>\n<meta name=\"twitter:description\" content=\"La aparici\u00f3n de una nueva categor\u00eda abre la posibilidad de reconocimiento a las obras contempor\u00e1neas de tango.\" \/>\n<meta name=\"twitter:image\" content=\"https:\/\/www.fracturaexpuesta.com.ar\/gotan\/wp-content\/uploads\/2025\/03\/image.webp\" \/>\n<meta name=\"twitter:creator\" content=\"@https:\/\/x.com\/fracturatango\" \/>\n<meta name=\"twitter:label1\" content=\"Escrito por\" \/>\n\t<meta name=\"twitter:data1\" content=\"Fractura Expuesta\" \/>\n\t<meta name=\"twitter:label2\" content=\"Tiempo de lectura\" \/>\n\t<meta name=\"twitter:data2\" content=\"2 minutos\" \/>\n<script type=\"application\/ld+json\" class=\"yoast-schema-graph\">{\"@context\":\"https:\\\/\\\/schema.org\",\"@graph\":[{\"@type\":\"Article\",\"@id\":\"https:\\\/\\\/www.fracturaexpuesta.com.ar\\\/gotan\\\/los-tangos-nuevos-e-ineditos-podran-tener-un-lugar-en-los-latin-grammy-2025\\\/#article\",\"isPartOf\":{\"@id\":\"https:\\\/\\\/www.fracturaexpuesta.com.ar\\\/gotan\\\/los-tangos-nuevos-e-ineditos-podran-tener-un-lugar-en-los-latin-grammy-2025\\\/\"},\"author\":{\"name\":\"Fractura Expuesta\",\"@id\":\"https:\\\/\\\/www.fracturaexpuesta.com.ar\\\/gotan\\\/#\\\/schema\\\/person\\\/d8266939f778485b13ad2174aa9e199e\"},\"headline\":\"Los tangos nuevos podr\u00e1n tener un lugar en los Latin Grammy 2025\",\"datePublished\":\"2025-03-22T20:19:52+00:00\",\"dateModified\":\"2025-03-23T13:15:54+00:00\",\"mainEntityOfPage\":{\"@id\":\"https:\\\/\\\/www.fracturaexpuesta.com.ar\\\/gotan\\\/los-tangos-nuevos-e-ineditos-podran-tener-un-lugar-en-los-latin-grammy-2025\\\/\"},\"wordCount\":301,\"commentCount\":0,\"publisher\":{\"@id\":\"https:\\\/\\\/www.fracturaexpuesta.com.ar\\\/gotan\\\/#organization\"},\"image\":{\"@id\":\"https:\\\/\\\/www.fracturaexpuesta.com.ar\\\/gotan\\\/los-tangos-nuevos-e-ineditos-podran-tener-un-lugar-en-los-latin-grammy-2025\\\/#primaryimage\"},\"thumbnailUrl\":\"https:\\\/\\\/www.fracturaexpuesta.com.ar\\\/gotan\\\/wp-content\\\/uploads\\\/2025\\\/03\\\/image.webp\",\"keywords\":[\"discos\",\"latin grammy\",\"premios\"],\"articleSection\":[\"Noticias\"],\"inLanguage\":\"es-AR\",\"potentialAction\":[{\"@type\":\"CommentAction\",\"name\":\"Comment\",\"target\":[\"https:\\\/\\\/www.fracturaexpuesta.com.ar\\\/gotan\\\/los-tangos-nuevos-e-ineditos-podran-tener-un-lugar-en-los-latin-grammy-2025\\\/#respond\"]}]},{\"@type\":\"WebPage\",\"@id\":\"https:\\\/\\\/www.fracturaexpuesta.com.ar\\\/gotan\\\/los-tangos-nuevos-e-ineditos-podran-tener-un-lugar-en-los-latin-grammy-2025\\\/\",\"url\":\"https:\\\/\\\/www.fracturaexpuesta.com.ar\\\/gotan\\\/los-tangos-nuevos-e-ineditos-podran-tener-un-lugar-en-los-latin-grammy-2025\\\/\",\"name\":\"Los tangos nuevos podr\u00e1n tener un lugar en los Latin Grammy 2025 &#187; Fractura Expuesta | Tango!\",\"isPartOf\":{\"@id\":\"https:\\\/\\\/www.fracturaexpuesta.com.ar\\\/gotan\\\/#website\"},\"primaryImageOfPage\":{\"@id\":\"https:\\\/\\\/www.fracturaexpuesta.com.ar\\\/gotan\\\/los-tangos-nuevos-e-ineditos-podran-tener-un-lugar-en-los-latin-grammy-2025\\\/#primaryimage\"},\"image\":{\"@id\":\"https:\\\/\\\/www.fracturaexpuesta.com.ar\\\/gotan\\\/los-tangos-nuevos-e-ineditos-podran-tener-un-lugar-en-los-latin-grammy-2025\\\/#primaryimage\"},\"thumbnailUrl\":\"https:\\\/\\\/www.fracturaexpuesta.com.ar\\\/gotan\\\/wp-content\\\/uploads\\\/2025\\\/03\\\/image.webp\",\"datePublished\":\"2025-03-22T20:19:52+00:00\",\"dateModified\":\"2025-03-23T13:15:54+00:00\",\"description\":\"La aparici\u00f3n de una nueva categor\u00eda abre la posibilidad de reconocimiento a las obras contempor\u00e1neas de tango.\",\"breadcrumb\":{\"@id\":\"https:\\\/\\\/www.fracturaexpuesta.com.ar\\\/gotan\\\/los-tangos-nuevos-e-ineditos-podran-tener-un-lugar-en-los-latin-grammy-2025\\\/#breadcrumb\"},\"inLanguage\":\"es-AR\",\"potentialAction\":[{\"@type\":\"ReadAction\",\"target\":[\"https:\\\/\\\/www.fracturaexpuesta.com.ar\\\/gotan\\\/los-tangos-nuevos-e-ineditos-podran-tener-un-lugar-en-los-latin-grammy-2025\\\/\"]}]},{\"@type\":\"ImageObject\",\"inLanguage\":\"es-AR\",\"@id\":\"https:\\\/\\\/www.fracturaexpuesta.com.ar\\\/gotan\\\/los-tangos-nuevos-e-ineditos-podran-tener-un-lugar-en-los-latin-grammy-2025\\\/#primaryimage\",\"url\":\"https:\\\/\\\/www.fracturaexpuesta.com.ar\\\/gotan\\\/wp-content\\\/uploads\\\/2025\\\/03\\\/image.webp\",\"contentUrl\":\"https:\\\/\\\/www.fracturaexpuesta.com.ar\\\/gotan\\\/wp-content\\\/uploads\\\/2025\\\/03\\\/image.webp\",\"width\":3840,\"height\":2560,\"caption\":\"Latin Grammy\"},{\"@type\":\"BreadcrumbList\",\"@id\":\"https:\\\/\\\/www.fracturaexpuesta.com.ar\\\/gotan\\\/los-tangos-nuevos-e-ineditos-podran-tener-un-lugar-en-los-latin-grammy-2025\\\/#breadcrumb\",\"itemListElement\":[{\"@type\":\"ListItem\",\"position\":1,\"name\":\"Inicio\",\"item\":\"https:\\\/\\\/www.fracturaexpuesta.com.ar\\\/gotan\\\/\"},{\"@type\":\"ListItem\",\"position\":2,\"name\":\"Los tangos nuevos podr\u00e1n tener un lugar en los Latin Grammy 2025\"}]},{\"@type\":\"WebSite\",\"@id\":\"https:\\\/\\\/www.fracturaexpuesta.com.ar\\\/gotan\\\/#website\",\"url\":\"https:\\\/\\\/www.fracturaexpuesta.com.ar\\\/gotan\\\/\",\"name\":\"Fractura Expuesta | Tango!\",\"description\":\"\",\"publisher\":{\"@id\":\"https:\\\/\\\/www.fracturaexpuesta.com.ar\\\/gotan\\\/#organization\"},\"potentialAction\":[{\"@type\":\"SearchAction\",\"target\":{\"@type\":\"EntryPoint\",\"urlTemplate\":\"https:\\\/\\\/www.fracturaexpuesta.com.ar\\\/gotan\\\/?s={search_term_string}\"},\"query-input\":{\"@type\":\"PropertyValueSpecification\",\"valueRequired\":true,\"valueName\":\"search_term_string\"}}],\"inLanguage\":\"es-AR\"},{\"@type\":\"Organization\",\"@id\":\"https:\\\/\\\/www.fracturaexpuesta.com.ar\\\/gotan\\\/#organization\",\"name\":\"Fractura Expuesta | Tango!\",\"url\":\"https:\\\/\\\/www.fracturaexpuesta.com.ar\\\/gotan\\\/\",\"logo\":{\"@type\":\"ImageObject\",\"inLanguage\":\"es-AR\",\"@id\":\"https:\\\/\\\/www.fracturaexpuesta.com.ar\\\/gotan\\\/#\\\/schema\\\/logo\\\/image\\\/\",\"url\":\"https:\\\/\\\/www.fracturaexpuesta.com.ar\\\/gotan\\\/wp-content\\\/uploads\\\/2025\\\/03\\\/avatar2centroOK.jpg\",\"contentUrl\":\"https:\\\/\\\/www.fracturaexpuesta.com.ar\\\/gotan\\\/wp-content\\\/uploads\\\/2025\\\/03\\\/avatar2centroOK.jpg\",\"width\":600,\"height\":600,\"caption\":\"Fractura Expuesta | Tango!\"},\"image\":{\"@id\":\"https:\\\/\\\/www.fracturaexpuesta.com.ar\\\/gotan\\\/#\\\/schema\\\/logo\\\/image\\\/\"}},{\"@type\":\"Person\",\"@id\":\"https:\\\/\\\/www.fracturaexpuesta.com.ar\\\/gotan\\\/#\\\/schema\\\/person\\\/d8266939f778485b13ad2174aa9e199e\",\"name\":\"Fractura Expuesta\",\"image\":{\"@type\":\"ImageObject\",\"inLanguage\":\"es-AR\",\"@id\":\"https:\\\/\\\/secure.gravatar.com\\\/avatar\\\/c4bad1eb9f93dd4a42df3aa8b8e8b882ff893fcea188ee15488a845db442d7ec?s=96&d=mm&r=g\",\"url\":\"https:\\\/\\\/secure.gravatar.com\\\/avatar\\\/c4bad1eb9f93dd4a42df3aa8b8e8b882ff893fcea188ee15488a845db442d7ec?s=96&d=mm&r=g\",\"contentUrl\":\"https:\\\/\\\/secure.gravatar.com\\\/avatar\\\/c4bad1eb9f93dd4a42df3aa8b8e8b882ff893fcea188ee15488a845db442d7ec?s=96&d=mm&r=g\",\"caption\":\"Fractura Expuesta\"},\"description\":\"Sitio de tango y noticias culturales. Desde 2003, el espacio referente del tango de estos tiempos.\",\"sameAs\":[\"https:\\\/\\\/www.fracturaexpuesta.com.ar\",\"https:\\\/\\\/www.facebook.com\\\/fracturaexpuestaok\",\"https:\\\/\\\/www.instagram.com\\\/fracturaexpuesta\",\"https:\\\/\\\/x.com\\\/https:\\\/\\\/x.com\\\/fracturatango\",\"https:\\\/\\\/www.youtube.com\\\/channel\\\/UCojA8Q0QDpnncOL8sfTHOHg\"],\"url\":\"https:\\\/\\\/www.fracturaexpuesta.com.ar\\\/gotan\\\/author\\\/fractura-expuesta\\\/\"}]}<\/script>\n<!-- \/ Yoast SEO plugin. -->","yoast_head_json":{"title":"Los tangos nuevos podr\u00e1n tener un lugar en los Latin Grammy 2025 &#187; Fractura Expuesta | Tango!","description":"La aparici\u00f3n de una nueva categor\u00eda abre la posibilidad de reconocimiento a las obras contempor\u00e1neas de tango.","robots":{"index":"index","follow":"follow","max-snippet":"max-snippet:-1","max-image-preview":"max-image-preview:large","max-video-preview":"max-video-preview:-1"},"canonical":"https:\/\/www.fracturaexpuesta.com.ar\/gotan\/los-tangos-nuevos-e-ineditos-podran-tener-un-lugar-en-los-latin-grammy-2025\/","og_locale":"es_ES","og_type":"article","og_title":"Los tangos nuevos podr\u00e1n tener un lugar en los Latin Grammy 2025","og_description":"La aparici\u00f3n de una nueva categor\u00eda abre la posibilidad de reconocimiento a las obras contempor\u00e1neas de tango.","og_url":"https:\/\/www.fracturaexpuesta.com.ar\/gotan\/los-tangos-nuevos-e-ineditos-podran-tener-un-lugar-en-los-latin-grammy-2025\/","og_site_name":"Fractura Expuesta | Tango!","article_author":"https:\/\/www.facebook.com\/fracturaexpuestaok","article_published_time":"2025-03-22T20:19:52+00:00","article_modified_time":"2025-03-23T13:15:54+00:00","og_image":[{"width":3840,"height":2560,"url":"https:\/\/www.fracturaexpuesta.com.ar\/gotan\/wp-content\/uploads\/2025\/03\/image.webp","type":"image\/webp"}],"author":"Fractura Expuesta","twitter_card":"summary_large_image","twitter_title":"Los tangos nuevos podr\u00e1n tener un lugar en los Latin Grammy 2025","twitter_description":"La aparici\u00f3n de una nueva categor\u00eda abre la posibilidad de reconocimiento a las obras contempor\u00e1neas de tango.","twitter_image":"https:\/\/www.fracturaexpuesta.com.ar\/gotan\/wp-content\/uploads\/2025\/03\/image.webp","twitter_creator":"@https:\/\/x.com\/fracturatango","twitter_misc":{"Escrito por":"Fractura Expuesta","Tiempo de lectura":"2 minutos"},"schema":{"@context":"https:\/\/schema.org","@graph":[{"@type":"Article","@id":"https:\/\/www.fracturaexpuesta.com.ar\/gotan\/los-tangos-nuevos-e-ineditos-podran-tener-un-lugar-en-los-latin-grammy-2025\/#article","isPartOf":{"@id":"https:\/\/www.fracturaexpuesta.com.ar\/gotan\/los-tangos-nuevos-e-ineditos-podran-tener-un-lugar-en-los-latin-grammy-2025\/"},"author":{"name":"Fractura Expuesta","@id":"https:\/\/www.fracturaexpuesta.com.ar\/gotan\/#\/schema\/person\/d8266939f778485b13ad2174aa9e199e"},"headline":"Los tangos nuevos podr\u00e1n tener un lugar en los Latin Grammy 2025","datePublished":"2025-03-22T20:19:52+00:00","dateModified":"2025-03-23T13:15:54+00:00","mainEntityOfPage":{"@id":"https:\/\/www.fracturaexpuesta.com.ar\/gotan\/los-tangos-nuevos-e-ineditos-podran-tener-un-lugar-en-los-latin-grammy-2025\/"},"wordCount":301,"commentCount":0,"publisher":{"@id":"https:\/\/www.fracturaexpuesta.com.ar\/gotan\/#organization"},"image":{"@id":"https:\/\/www.fracturaexpuesta.com.ar\/gotan\/los-tangos-nuevos-e-ineditos-podran-tener-un-lugar-en-los-latin-grammy-2025\/#primaryimage"},"thumbnailUrl":"https:\/\/www.fracturaexpuesta.com.ar\/gotan\/wp-content\/uploads\/2025\/03\/image.webp","keywords":["discos","latin grammy","premios"],"articleSection":["Noticias"],"inLanguage":"es-AR","potentialAction":[{"@type":"CommentAction","name":"Comment","target":["https:\/\/www.fracturaexpuesta.com.ar\/gotan\/los-tangos-nuevos-e-ineditos-podran-tener-un-lugar-en-los-latin-grammy-2025\/#respond"]}]},{"@type":"WebPage","@id":"https:\/\/www.fracturaexpuesta.com.ar\/gotan\/los-tangos-nuevos-e-ineditos-podran-tener-un-lugar-en-los-latin-grammy-2025\/","url":"https:\/\/www.fracturaexpuesta.com.ar\/gotan\/los-tangos-nuevos-e-ineditos-podran-tener-un-lugar-en-los-latin-grammy-2025\/","name":"Los tangos nuevos podr\u00e1n tener un lugar en los Latin Grammy 2025 &#187; Fractura Expuesta | Tango!","isPartOf":{"@id":"https:\/\/www.fracturaexpuesta.com.ar\/gotan\/#website"},"primaryImageOfPage":{"@id":"https:\/\/www.fracturaexpuesta.com.ar\/gotan\/los-tangos-nuevos-e-ineditos-podran-tener-un-lugar-en-los-latin-grammy-2025\/#primaryimage"},"image":{"@id":"https:\/\/www.fracturaexpuesta.com.ar\/gotan\/los-tangos-nuevos-e-ineditos-podran-tener-un-lugar-en-los-latin-grammy-2025\/#primaryimage"},"thumbnailUrl":"https:\/\/www.fracturaexpuesta.com.ar\/gotan\/wp-content\/uploads\/2025\/03\/image.webp","datePublished":"2025-03-22T20:19:52+00:00","dateModified":"2025-03-23T13:15:54+00:00","description":"La aparici\u00f3n de una nueva categor\u00eda abre la posibilidad de reconocimiento a las obras contempor\u00e1neas de tango.","breadcrumb":{"@id":"https:\/\/www.fracturaexpuesta.com.ar\/gotan\/los-tangos-nuevos-e-ineditos-podran-tener-un-lugar-en-los-latin-grammy-2025\/#breadcrumb"},"inLanguage":"es-AR","potentialAction":[{"@type":"ReadAction","target":["https:\/\/www.fracturaexpuesta.com.ar\/gotan\/los-tangos-nuevos-e-ineditos-podran-tener-un-lugar-en-los-latin-grammy-2025\/"]}]},{"@type":"ImageObject","inLanguage":"es-AR","@id":"https:\/\/www.fracturaexpuesta.com.ar\/gotan\/los-tangos-nuevos-e-ineditos-podran-tener-un-lugar-en-los-latin-grammy-2025\/#primaryimage","url":"https:\/\/www.fracturaexpuesta.com.ar\/gotan\/wp-content\/uploads\/2025\/03\/image.webp","contentUrl":"https:\/\/www.fracturaexpuesta.com.ar\/gotan\/wp-content\/uploads\/2025\/03\/image.webp","width":3840,"height":2560,"caption":"Latin Grammy"},{"@type":"BreadcrumbList","@id":"https:\/\/www.fracturaexpuesta.com.ar\/gotan\/los-tangos-nuevos-e-ineditos-podran-tener-un-lugar-en-los-latin-grammy-2025\/#breadcrumb","itemListElement":[{"@type":"ListItem","position":1,"name":"Inicio","item":"https:\/\/www.fracturaexpuesta.com.ar\/gotan\/"},{"@type":"ListItem","position":2,"name":"Los tangos nuevos podr\u00e1n tener un lugar en los Latin Grammy 2025"}]},{"@type":"WebSite","@id":"https:\/\/www.fracturaexpuesta.com.ar\/gotan\/#website","url":"https:\/\/www.fracturaexpuesta.com.ar\/gotan\/","name":"Fractura Expuesta | Tango!","description":"","publisher":{"@id":"https:\/\/www.fracturaexpuesta.com.ar\/gotan\/#organization"},"potentialAction":[{"@type":"SearchAction","target":{"@type":"EntryPoint","urlTemplate":"https:\/\/www.fracturaexpuesta.com.ar\/gotan\/?s={search_term_string}"},"query-input":{"@type":"PropertyValueSpecification","valueRequired":true,"valueName":"search_term_string"}}],"inLanguage":"es-AR"},{"@type":"Organization","@id":"https:\/\/www.fracturaexpuesta.com.ar\/gotan\/#organization","name":"Fractura Expuesta | Tango!","url":"https:\/\/www.fracturaexpuesta.com.ar\/gotan\/","logo":{"@type":"ImageObject","inLanguage":"es-AR","@id":"https:\/\/www.fracturaexpuesta.com.ar\/gotan\/#\/schema\/logo\/image\/","url":"https:\/\/www.fracturaexpuesta.com.ar\/gotan\/wp-content\/uploads\/2025\/03\/avatar2centroOK.jpg","contentUrl":"https:\/\/www.fracturaexpuesta.com.ar\/gotan\/wp-content\/uploads\/2025\/03\/avatar2centroOK.jpg","width":600,"height":600,"caption":"Fractura Expuesta | Tango!"},"image":{"@id":"https:\/\/www.fracturaexpuesta.com.ar\/gotan\/#\/schema\/logo\/image\/"}},{"@type":"Person","@id":"https:\/\/www.fracturaexpuesta.com.ar\/gotan\/#\/schema\/person\/d8266939f778485b13ad2174aa9e199e","name":"Fractura Expuesta","image":{"@type":"ImageObject","inLanguage":"es-AR","@id":"https:\/\/secure.gravatar.com\/avatar\/c4bad1eb9f93dd4a42df3aa8b8e8b882ff893fcea188ee15488a845db442d7ec?s=96&d=mm&r=g","url":"https:\/\/secure.gravatar.com\/avatar\/c4bad1eb9f93dd4a42df3aa8b8e8b882ff893fcea188ee15488a845db442d7ec?s=96&d=mm&r=g","contentUrl":"https:\/\/secure.gravatar.com\/avatar\/c4bad1eb9f93dd4a42df3aa8b8e8b882ff893fcea188ee15488a845db442d7ec?s=96&d=mm&r=g","caption":"Fractura Expuesta"},"description":"Sitio de tango y noticias culturales. Desde 2003, el espacio referente del tango de estos tiempos.","sameAs":["https:\/\/www.fracturaexpuesta.com.ar","https:\/\/www.facebook.com\/fracturaexpuestaok","https:\/\/www.instagram.com\/fracturaexpuesta","https:\/\/x.com\/https:\/\/x.com\/fracturatango","https:\/\/www.youtube.com\/channel\/UCojA8Q0QDpnncOL8sfTHOHg"],"url":"https:\/\/www.fracturaexpuesta.com.ar\/gotan\/author\/fractura-expuesta\/"}]}},"_links":{"self":[{"href":"https:\/\/www.fracturaexpuesta.com.ar\/gotan\/wp-json\/wp\/v2\/posts\/4385","targetHints":{"allow":["GET"]}}],"collection":[{"href":"https:\/\/www.fracturaexpuesta.com.ar\/gotan\/wp-json\/wp\/v2\/posts"}],"about":[{"href":"https:\/\/www.fracturaexpuesta.com.ar\/gotan\/wp-json\/wp\/v2\/types\/post"}],"author":[{"embeddable":true,"href":"https:\/\/www.fracturaexpuesta.com.ar\/gotan\/wp-json\/wp\/v2\/users\/1"}],"replies":[{"embeddable":true,"href":"https:\/\/www.fracturaexpuesta.com.ar\/gotan\/wp-json\/wp\/v2\/comments?post=4385"}],"version-history":[{"count":7,"href":"https:\/\/www.fracturaexpuesta.com.ar\/gotan\/wp-json\/wp\/v2\/posts\/4385\/revisions"}],"predecessor-version":[{"id":4393,"href":"https:\/\/www.fracturaexpuesta.com.ar\/gotan\/wp-json\/wp\/v2\/posts\/4385\/revisions\/4393"}],"wp:featuredmedia":[{"embeddable":true,"href":"https:\/\/www.fracturaexpuesta.com.ar\/gotan\/wp-json\/wp\/v2\/media\/4386"}],"wp:attachment":[{"href":"https:\/\/www.fracturaexpuesta.com.ar\/gotan\/wp-json\/wp\/v2\/media?parent=4385"}],"wp:term":[{"taxonomy":"category","embeddable":true,"href":"https:\/\/www.fracturaexpuesta.com.ar\/gotan\/wp-json\/wp\/v2\/categories?post=4385"},{"taxonomy":"post_tag","embeddable":true,"href":"https:\/\/www.fracturaexpuesta.com.ar\/gotan\/wp-json\/wp\/v2\/tags?post=4385"}],"curies":[{"name":"wp","href":"https:\/\/api.w.org\/{rel}","templated":true}]}}