{"id":4404,"date":"2025-03-26T22:00:21","date_gmt":"2025-03-27T01:00:21","guid":{"rendered":"https:\/\/www.fracturaexpuesta.com.ar\/gotan\/?p=4404"},"modified":"2025-03-26T22:05:01","modified_gmt":"2025-03-27T01:05:01","slug":"lazaro-cocaro-el-tango-ha-vuelto-a-tener-esa-mirada-social-y-festiva-que-nos-interpela","status":"publish","type":"post","link":"https:\/\/www.fracturaexpuesta.com.ar\/gotan\/lazaro-cocaro-el-tango-ha-vuelto-a-tener-esa-mirada-social-y-festiva-que-nos-interpela\/","title":{"rendered":"L\u00e1zaro C\u00f3caro: \u201cEl tango ha vuelto a tener esa mirada social y festiva que nos interpela\u201d"},"content":{"rendered":"\n<p class=\"wp-block-paragraph\"><em>Por <strong>Jos\u00e9 Arenas<\/strong><br>Desde Uruguay (especial para Fractura Expuesta)<\/em><\/p>\n\n\n\n<p class=\"wp-block-paragraph\">La voz de un cantor sale del parlante. Bien plantada, segura. Lo acompa\u00f1an las guitarras que una vez acompa\u00f1aron a Gardel, a Zitarrosa o a Amalia de la Vega, de quien Zitarrosa afan\u00f3 el formato, digamos todo. Tabacosa, varona, va desde un repertorio criollo hasta algunos tangos de principios del siglo XX, luego vuelve a grupa de un vals de Jaime Roos y Mauricio Rosencof, se queda aqu\u00ed, entona una milonga, un gato. La voz vuela personal, con sello, como un ave inventada, como un p\u00e1jaro mitol\u00f3gico y arrabalero. Se posa en el umbral de una ventana de edificio y la convierte en patio profundo.<\/p>\n\n\n\n<p class=\"wp-block-paragraph\"><em><strong>Fauna tanguera<\/strong><\/em> es el nuevo disco de <strong>L\u00e1zaro C\u00f3caro<\/strong>. Un trabajo donde el cantor ha ido desde el repertorio gardeliano hasta algunas \u201ctangueces\u201d de la tradici\u00f3n uruguaya. Desde Homero Exp\u00f3sito y Enrique Cad\u00edcamo hasta Fabricio Breventano o Jaime Roos. Su estampa remite a la de los cantores tradicionales de patio, de vereda. Su voz suena como en una serenata orillera pero, al mismo tiempo, cuida muy bien la impronta de sus interpretaciones. No hay una ca\u00edda en el cantor amalevado y antiguo del grito pelado, hay una sensibilidad que permite un recorrido entre lo sentimental, lo pensativo o lo jocoso.<\/p>\n\n\n\n<p class=\"wp-block-paragraph\">Esta fauna es un divague del tiempo. Se produce una sincron\u00eda donde convive el hoy con el ayer y los tangos m\u00e1s viejos parecen tan recientes como los tangos contempor\u00e1neos que, aunque escasos, toman tonos de leyenda y po\u00e9tica de tradici\u00f3n.<\/p>\n\n\n\n<p class=\"wp-block-paragraph\">El disco trae puntos de verdadera inspiraci\u00f3n, lugares donde la voz y las guitarras se juntan para crear una atm\u00f3sfera melanc\u00f3lica y perfecta, recreativa de lo que significa cada tema. \u201cAdi\u00f3s a San Telmo\u201d es una muestra del poder interpretativo en el que C\u00f3caro baja decibeles y se entrega al ir de la milonga. Tambi\u00e9n se lo ve transitando con seguridad tangos como \u201cCapataz\u201d de Fabricio Breventano, donde crea un vuelo verdaderamente reo para una letra que lo requiere. \u201cGajito de cedr\u00f3n\u201d y \u201cMilonga madre\u201d le permiten explorar las canciones criollas y moverse con fraseos gardelianos, a veces demasiado imitativos pero siempre personales.<\/p>\n\n\n\n<p class=\"wp-block-paragraph\">Fauna Tanguera es un trabajo de mezcla de mundos, de animales con seis cuerdas, de voces de un tiempo y otro.<\/p>\n\n\n\n<p class=\"wp-block-paragraph\"><strong>Los tangos, la m\u00fasica criolla, los temas nuevos, \u00bfas\u00ed se forma una fauna tanguera?<\/strong><\/p>\n\n\n\n<p class=\"wp-block-paragraph\">As\u00ed es, es fabular justamente, con la idea de que todas las criaturas de estas geograf\u00edas configuramos una galer\u00eda de personajes pintorescos que se entrelazan, se influencian, atravesados por cien a\u00f1os de tango. Todo ese entramado social contin\u00faa siendo el recurso tem\u00e1tico de nuestro tango.&nbsp; Visto desde la actualidad, puede que el paisaje se haya modificado respecto a la \u00e9poca fermental del tango pero el \u201cbicho\u201d humano es el mismo; su naturaleza, su condici\u00f3n, su conducta, su existencia.<\/p>\n\n\n\n<blockquote class=\"wp-block-quote is-layout-flow wp-block-quote-is-layout-flow\">\n<p class=\"wp-block-paragraph\">&#8220;El cantor se predispone de diferente manera al interpretar obras con acompa\u00f1amiento de guitarras&#8221;<\/p>\n<\/blockquote>\n\n\n\n<p class=\"wp-block-paragraph\"><strong>\u00bfPor qu\u00e9 se elige el sonido de las guitarras?<\/strong><\/p>\n\n\n\n<p class=\"wp-block-paragraph\">Tengo cierta predilecci\u00f3n por la guitarra. El Uruguay tiene una tradici\u00f3n guitarr\u00edstica reconocida mundialmente y el lenguaje de la guitarra tango, que es un idioma en s\u00ed mismo, est\u00e1 en nuestra cotidianeidad. El tango en los boliches, milongas y chamarras en las ruedas de fog\u00f3n, cancioneros en los campamentos, valsecitos criollos al pie de un balc\u00f3n en las serenatas, candombes y murgas en el carnaval. En fin, as\u00ed es como en esta tierra de cantores, vemos que alguien se planta, como al pie del ca\u00f1\u00f3n, con sus versos, casi siempre acompa\u00f1ado de alguna guitarra. El tango en Uruguay mayormente se qued\u00f3 viviendo en los boliches, en los patios, lejos de la industria discogr\u00e1fica, cinematogr\u00e1fica y de las grandes orquestaciones.<\/p>\n\n\n\n<p class=\"wp-block-paragraph\"><strong>\u00bfLa voz se predispone y proyecta distinto con guitarras que con otra formaci\u00f3n?<\/strong><\/p>\n\n\n\n<p class=\"wp-block-paragraph\">Personalmente creo que s\u00ed, que el cantor se predispone de diferente manera al interpretar obras con acompa\u00f1amiento de guitarras. Que condiciona un poco, no s\u00f3lo la interpretaci\u00f3n, sino que adem\u00e1s uno advierte, si presta especial atenci\u00f3n, que por ejemplo el tango \u201cLas cuarenta\u201d fue concebido pulsando una guitarra, y de la misma manera nota, que, sentado al piano, se compusieron obras como \u201dLos Mareados\u201d, \u201cA media luz\u201d o \u201cCuartito azul\u201d. Por otra parte, en una orquesta, est\u00e1 todo previamente escrito, hasta el m\u00e1s m\u00ednimo detalle, la melod\u00eda y las armon\u00edas se alternan entre los instrumentos. En cambio, suele ocurrir que en las guitarras las contestaciones, los di\u00e1logos, las esperas, ocurren m\u00e1s en tiempo real. El propio Carlos Gardel, que de esto sabe y mucho, ten\u00eda una fuerte predilecci\u00f3n por \u201clas escobas\u201d.<\/p>\n\n\n\n<p class=\"wp-block-paragraph\"><strong>\u00bfC\u00f3mo se hace para elegir el repertorio?<\/strong><\/p>\n\n\n\n<p class=\"wp-block-paragraph\">El repertorio define al artista y puede ayudar a resaltar el estilo, sobre todo en cantores de propuesta, con voz propia. Con la elecci\u00f3n del repertorio uno trata de armar diferentes climas y atm\u00f3sferas. All\u00ed, en la selecci\u00f3n, es donde el cantor marca su impronta.<\/p>\n\n\n\n<p class=\"wp-block-paragraph\"><strong>En el trabajo como cantor, \u00bfhay una progresi\u00f3n hacia temas nuevos o menos conocidos?<\/strong><\/p>\n\n\n\n<p class=\"wp-block-paragraph\">Absolutamente. Como en toda disciplina que nos es legada por grandes exponentes, uno no puede desconocer los mayores cl\u00e1sicos del tango de todas las \u00e9pocas. Dicho esto, si se trata de un disco conceptual, como es el caso de Fauna Tanguera, el juego se abre adem\u00e1s entre los cl\u00e1sicos del g\u00e9nero y la frescura de las nuevas formas del tango.<\/p>\n\n\n\n<figure class=\"wp-block-image size-full\"><img loading=\"lazy\" decoding=\"async\" width=\"800\" height=\"800\" src=\"https:\/\/www.fracturaexpuesta.com.ar\/gotan\/wp-content\/uploads\/2025\/03\/lazaro-cocaro-1.jpg\" alt=\"\" class=\"wp-image-4410\" srcset=\"https:\/\/www.fracturaexpuesta.com.ar\/gotan\/wp-content\/uploads\/2025\/03\/lazaro-cocaro-1.jpg 800w, https:\/\/www.fracturaexpuesta.com.ar\/gotan\/wp-content\/uploads\/2025\/03\/lazaro-cocaro-1-300x300.jpg 300w, https:\/\/www.fracturaexpuesta.com.ar\/gotan\/wp-content\/uploads\/2025\/03\/lazaro-cocaro-1-150x150.jpg 150w, https:\/\/www.fracturaexpuesta.com.ar\/gotan\/wp-content\/uploads\/2025\/03\/lazaro-cocaro-1-768x768.jpg 768w, https:\/\/www.fracturaexpuesta.com.ar\/gotan\/wp-content\/uploads\/2025\/03\/lazaro-cocaro-1-60x60.jpg 60w, https:\/\/www.fracturaexpuesta.com.ar\/gotan\/wp-content\/uploads\/2025\/03\/lazaro-cocaro-1-480x480.jpg 480w\" sizes=\"auto, (max-width: 800px) 100vw, 800px\" \/><figcaption class=\"wp-element-caption\"><em><mark style=\"background-color:rgba(0, 0, 0, 0)\" class=\"has-inline-color has-cyan-bluish-gray-color\">C\u00f3caro: &#8220;Cuando uno propone una nueva versi\u00f3n de un cl\u00e1sico integra, en la propia ejecuci\u00f3n, una parte de s\u00ed&#8221;.<\/mark><\/em><\/figcaption><\/figure>\n\n\n\n<p class=\"wp-block-paragraph\"><strong>\u00bfC\u00f3mo se aborda un cl\u00e1sico mega trillado y c\u00f3mo uno que la gente conoce menos?<\/strong><\/p>\n\n\n\n<p class=\"wp-block-paragraph\">Generalmente un cl\u00e1sico suele ser una composici\u00f3n magistral e ineludible. Cuando uno elige un tango para su repertorio, indistintamente, si es un gran cl\u00e1sico o un tema a estrenar, lo que determina que est\u00e9 incluido, es si ha conmovido o si remueve algo en el int\u00e9rprete que lo pondr\u00e1 sobre el escenario. Pasado ese primer filtro, el artista adem\u00e1s contempla de qu\u00e9 manera ir\u00e1 desarroll\u00e1ndose la actuaci\u00f3n, en una <em>melange<\/em> de temas que ya son conocidos por el auditorio y los de vanguardia. Cuando uno propone una nueva versi\u00f3n de un cl\u00e1sico integra, en la propia ejecuci\u00f3n, una parte de s\u00ed, aport\u00e1ndole un nuevo sentir, que lo hace \u00fanico e irrepetible.<\/p>\n\n\n\n<p class=\"wp-block-paragraph\"><strong>\u00bfCu\u00e1les son los autores actuales que podr\u00edan llegar a ser elegidos en un futuro? \u00bfPor qu\u00e9?<\/strong><\/p>\n\n\n\n<p class=\"wp-block-paragraph\">Seguramente sean aquellos autores que logren traducir las problem\u00e1ticas actuales y la vor\u00e1gine de los tiempos, tal como ocurr\u00eda en el tango hasta la d\u00e9cada del \u201840. Tambi\u00e9n a aquellos autores que logren recuperar el esp\u00edritu festivo que supo lucir este g\u00e9nero en patios y conventillos. Fauna Tanguera es un proyecto a desarrollarse en distintos tiempos y espacios de la escena musical del R\u00edo de la Plata. Apunta justamente a ir sumando, en ese camino, a los protagonistas del tango nuevo, donde ir\u00e1n sucedi\u00e9ndose los encuentros de los instrumentistas y de los poetas, y de quienes, aunque crean estar por fuera del tango, est\u00e1n atravesados de manera transversal por una historia com\u00fan.<\/p>\n\n\n\n<p class=\"wp-block-paragraph\"><strong>Como cantor, \u00bfhay un trabajo de investigaci\u00f3n o los tangos y canciones llegan solos?<\/strong><\/p>\n\n\n\n<p class=\"wp-block-paragraph\">En mi caso, el tango ha estado desde siempre en mi vida. Entonces, la investigaci\u00f3n se ha dado de manera natural; en la convivencia con las distintas generaciones de tangueros, en las tertulias de los boliches, en los programas de radio y en las fiestas familiares, donde la m\u00fasica siempre estuvo presente. Respecto a las nuevas canciones, este oficio de cantor de tangos de hoy me ha permitido vincularme con los nuevos compositores, algunos muy consagrados y otros completamente desconocidos por el gran p\u00fablico.<\/p>\n\n\n\n<figure class=\"wp-block-embed is-type-video is-provider-youtube wp-block-embed-youtube wp-embed-aspect-16-9 wp-has-aspect-ratio\"><div class=\"wp-block-embed__wrapper\">\n<iframe loading=\"lazy\" title=\"L\u00e1zaro C\u00f3caro - Fauna Tanguera\" width=\"1170\" height=\"658\" src=\"https:\/\/www.youtube.com\/embed\/LmbnH11bKaI?feature=oembed\" frameborder=\"0\" allow=\"accelerometer; autoplay; clipboard-write; encrypted-media; gyroscope; picture-in-picture; web-share\" referrerpolicy=\"strict-origin-when-cross-origin\" allowfullscreen><\/iframe>\n<\/div><\/figure>\n\n\n\n<p class=\"wp-block-paragraph\"><strong>\u00bfQu\u00e9 canciones criollas o tangos de cualquier \u00e9poca a\u00fan est\u00e1n en el tintero?<\/strong><\/p>\n\n\n\n<p class=\"wp-block-paragraph\">A manera de ejemplo, por estos d\u00edas, me encontr\u00e9 con un vals de Enrique Cad\u00edcamo, \u201cCortando camino\u201d, muy criollo, de la \u00e9poca de los poetas costumbristas, que habla sobre los bueyes, el cansancio, lo brutal del trabajo de campo, atravesado por una historia de desdichado amor. Ahora bien, claramente Cad\u00edcamo no se refer\u00eda solamente al paisaje sino que en la descripci\u00f3n hay una referencia con profundas met\u00e1foras sobre la existencia del hombre, el cansancio de su propio destino, reflejados en las babas del \u201cbuey que tira picaniau\u2019 y triste y va rumiando el peso de su vida esclava\u201d, que trasciende cualquier \u00e9poca.<\/p>\n\n\n\n<p class=\"wp-block-paragraph\"><strong>\u00bfQu\u00e9 cosas le gustan del panorama tanguero actual en el R\u00edo de la Plata?<\/strong><\/p>\n\n\n\n<p class=\"wp-block-paragraph\">Me gusta que el tango ha vuelto a tener esa mirada social y festiva que nos interpela, algo que hab\u00eda perdido desde entrados los a\u00f1os \u201970, en donde se repet\u00eda, hasta el hartazgo, la historia tr\u00e1gica de la \u201cfrancesita\u201d que esperaba en el cabaret al \u201cbillet\u00f3n\u201d. Me gusta mucho ver c\u00f3mo ha recobrado el sentido cr\u00edtico de la sociedad de la que forma parte, revelando lo m\u00e1s profundo y removedor, y poni\u00e9ndonos de frente a los desaf\u00edos de la actualidad. Me gusta ver c\u00f3mo, aquellos que llegaron al tango a trav\u00e9s del baile en las milongas, hoy se sumergen en abordajes m\u00e1s amplios, para conocer la visi\u00f3n de los poetas, los m\u00fasicos y cantores del g\u00e9nero. Me gusta ver c\u00f3mo j\u00f3venes de todas las latitudes llegan al R\u00edo de la Plata atra\u00eddos, no s\u00f3lo por la m\u00fasica de Piazzolla, sino que tambi\u00e9n indagan en la po\u00e9tica de Ferrer y de tantos otros. Me gusta tambi\u00e9n ver como en cualquier parte del globo uno se puede encontrar con excelentes instrumentistas haciendo tango.<\/p>\n\n\n\n<p class=\"wp-block-paragraph\"><\/p>\n\n\n\n<p class=\"wp-block-paragraph\"><em>L\u00e1zaro C\u00f3caro se presentar\u00e1 en Buenos Aires el s\u00e1bado 19 de abril, a las 21, en el CAFF y el domingo 20, a las 19, en La Casa del Tango (Rosario).<\/em><\/p>\n","protected":false},"excerpt":{"rendered":"<p>El cantor uruguayo acaba de editar Fauna Tanguera, un disco \u201cde mezcla de mundos, de animales con seis cuerdas, de voces de un tiempo y otro\u201d.<\/p>\n","protected":false},"author":1,"featured_media":4406,"comment_status":"open","ping_status":"open","sticky":false,"template":"","format":"standard","meta":{"footnotes":""},"categories":[7],"tags":[142,141,143],"class_list":["post-4404","post","type-post","status-publish","format-standard","has-post-thumbnail","hentry","category-noticias","tag-jose-arenas","tag-lazaro-cocaro","tag-tango-uruguayo"],"yoast_head":"<!-- This site is optimized with the Yoast SEO plugin v28.4 - https:\/\/yoast.com\/product\/yoast-seo-wordpress\/ -->\n<title>L\u00e1zaro C\u00f3caro: \u201cEl tango ha vuelto a tener esa mirada social y festiva que nos interpela\u201d &#187; Fractura Expuesta | Tango!<\/title>\n<meta name=\"description\" content=\"El cantor uruguayo acaba de editar Fauna Tanguera, un disco \u201cde mezcla de mundos, de animales con seis cuerdas, de voces de un tiempo y otro\u201d.\" \/>\n<meta name=\"robots\" content=\"index, follow, max-snippet:-1, max-image-preview:large, max-video-preview:-1\" \/>\n<link rel=\"canonical\" href=\"https:\/\/www.fracturaexpuesta.com.ar\/gotan\/lazaro-cocaro-el-tango-ha-vuelto-a-tener-esa-mirada-social-y-festiva-que-nos-interpela\/\" \/>\n<meta property=\"og:locale\" content=\"es_ES\" \/>\n<meta property=\"og:type\" content=\"article\" \/>\n<meta property=\"og:title\" content=\"L\u00e1zaro C\u00f3caro: \u201cEl tango ha vuelto a tener esa mirada social y festiva que nos interpela\u201d &#187; Fractura Expuesta | Tango!\" \/>\n<meta property=\"og:description\" content=\"El cantor uruguayo acaba de editar Fauna Tanguera, un disco \u201cde mezcla de mundos, de animales con seis cuerdas, de voces de un tiempo y otro\u201d.\" \/>\n<meta property=\"og:url\" content=\"https:\/\/www.fracturaexpuesta.com.ar\/gotan\/lazaro-cocaro-el-tango-ha-vuelto-a-tener-esa-mirada-social-y-festiva-que-nos-interpela\/\" \/>\n<meta property=\"og:site_name\" content=\"Fractura Expuesta | Tango!\" \/>\n<meta property=\"article:author\" content=\"https:\/\/www.facebook.com\/fracturaexpuestaok\" \/>\n<meta property=\"article:published_time\" content=\"2025-03-27T01:00:21+00:00\" \/>\n<meta property=\"article:modified_time\" content=\"2025-03-27T01:05:01+00:00\" \/>\n<meta property=\"og:image\" content=\"https:\/\/www.fracturaexpuesta.com.ar\/gotan\/wp-content\/uploads\/2025\/03\/lazaro-cocaro.jpg\" \/>\n\t<meta property=\"og:image:width\" content=\"950\" \/>\n\t<meta property=\"og:image:height\" content=\"700\" \/>\n\t<meta property=\"og:image:type\" content=\"image\/jpeg\" \/>\n<meta name=\"author\" content=\"Fractura Expuesta\" \/>\n<meta name=\"twitter:card\" content=\"summary_large_image\" \/>\n<meta name=\"twitter:creator\" content=\"@https:\/\/x.com\/fracturatango\" \/>\n<meta name=\"twitter:label1\" content=\"Escrito por\" \/>\n\t<meta name=\"twitter:data1\" content=\"Fractura Expuesta\" \/>\n\t<meta name=\"twitter:label2\" content=\"Tiempo de lectura\" \/>\n\t<meta name=\"twitter:data2\" content=\"8 minutos\" \/>\n<script type=\"application\/ld+json\" class=\"yoast-schema-graph\">{\"@context\":\"https:\\\/\\\/schema.org\",\"@graph\":[{\"@type\":\"Article\",\"@id\":\"https:\\\/\\\/www.fracturaexpuesta.com.ar\\\/gotan\\\/lazaro-cocaro-el-tango-ha-vuelto-a-tener-esa-mirada-social-y-festiva-que-nos-interpela\\\/#article\",\"isPartOf\":{\"@id\":\"https:\\\/\\\/www.fracturaexpuesta.com.ar\\\/gotan\\\/lazaro-cocaro-el-tango-ha-vuelto-a-tener-esa-mirada-social-y-festiva-que-nos-interpela\\\/\"},\"author\":{\"name\":\"Fractura Expuesta\",\"@id\":\"https:\\\/\\\/www.fracturaexpuesta.com.ar\\\/gotan\\\/#\\\/schema\\\/person\\\/d8266939f778485b13ad2174aa9e199e\"},\"headline\":\"L\u00e1zaro C\u00f3caro: \u201cEl tango ha vuelto a tener esa mirada social y festiva que nos interpela\u201d\",\"datePublished\":\"2025-03-27T01:00:21+00:00\",\"dateModified\":\"2025-03-27T01:05:01+00:00\",\"mainEntityOfPage\":{\"@id\":\"https:\\\/\\\/www.fracturaexpuesta.com.ar\\\/gotan\\\/lazaro-cocaro-el-tango-ha-vuelto-a-tener-esa-mirada-social-y-festiva-que-nos-interpela\\\/\"},\"wordCount\":1742,\"commentCount\":0,\"publisher\":{\"@id\":\"https:\\\/\\\/www.fracturaexpuesta.com.ar\\\/gotan\\\/#organization\"},\"image\":{\"@id\":\"https:\\\/\\\/www.fracturaexpuesta.com.ar\\\/gotan\\\/lazaro-cocaro-el-tango-ha-vuelto-a-tener-esa-mirada-social-y-festiva-que-nos-interpela\\\/#primaryimage\"},\"thumbnailUrl\":\"https:\\\/\\\/www.fracturaexpuesta.com.ar\\\/gotan\\\/wp-content\\\/uploads\\\/2025\\\/03\\\/lazaro-cocaro.jpg\",\"keywords\":[\"jose arenas\",\"lazaro cocaro\",\"tango uruguayo\"],\"articleSection\":[\"Noticias\"],\"inLanguage\":\"es-AR\",\"potentialAction\":[{\"@type\":\"CommentAction\",\"name\":\"Comment\",\"target\":[\"https:\\\/\\\/www.fracturaexpuesta.com.ar\\\/gotan\\\/lazaro-cocaro-el-tango-ha-vuelto-a-tener-esa-mirada-social-y-festiva-que-nos-interpela\\\/#respond\"]}]},{\"@type\":\"WebPage\",\"@id\":\"https:\\\/\\\/www.fracturaexpuesta.com.ar\\\/gotan\\\/lazaro-cocaro-el-tango-ha-vuelto-a-tener-esa-mirada-social-y-festiva-que-nos-interpela\\\/\",\"url\":\"https:\\\/\\\/www.fracturaexpuesta.com.ar\\\/gotan\\\/lazaro-cocaro-el-tango-ha-vuelto-a-tener-esa-mirada-social-y-festiva-que-nos-interpela\\\/\",\"name\":\"L\u00e1zaro C\u00f3caro: \u201cEl tango ha vuelto a tener esa mirada social y festiva que nos interpela\u201d &#187; Fractura Expuesta | Tango!\",\"isPartOf\":{\"@id\":\"https:\\\/\\\/www.fracturaexpuesta.com.ar\\\/gotan\\\/#website\"},\"primaryImageOfPage\":{\"@id\":\"https:\\\/\\\/www.fracturaexpuesta.com.ar\\\/gotan\\\/lazaro-cocaro-el-tango-ha-vuelto-a-tener-esa-mirada-social-y-festiva-que-nos-interpela\\\/#primaryimage\"},\"image\":{\"@id\":\"https:\\\/\\\/www.fracturaexpuesta.com.ar\\\/gotan\\\/lazaro-cocaro-el-tango-ha-vuelto-a-tener-esa-mirada-social-y-festiva-que-nos-interpela\\\/#primaryimage\"},\"thumbnailUrl\":\"https:\\\/\\\/www.fracturaexpuesta.com.ar\\\/gotan\\\/wp-content\\\/uploads\\\/2025\\\/03\\\/lazaro-cocaro.jpg\",\"datePublished\":\"2025-03-27T01:00:21+00:00\",\"dateModified\":\"2025-03-27T01:05:01+00:00\",\"description\":\"El cantor uruguayo acaba de editar Fauna Tanguera, un disco \u201cde mezcla de mundos, de animales con seis cuerdas, de voces de un tiempo y otro\u201d.\",\"breadcrumb\":{\"@id\":\"https:\\\/\\\/www.fracturaexpuesta.com.ar\\\/gotan\\\/lazaro-cocaro-el-tango-ha-vuelto-a-tener-esa-mirada-social-y-festiva-que-nos-interpela\\\/#breadcrumb\"},\"inLanguage\":\"es-AR\",\"potentialAction\":[{\"@type\":\"ReadAction\",\"target\":[\"https:\\\/\\\/www.fracturaexpuesta.com.ar\\\/gotan\\\/lazaro-cocaro-el-tango-ha-vuelto-a-tener-esa-mirada-social-y-festiva-que-nos-interpela\\\/\"]}]},{\"@type\":\"ImageObject\",\"inLanguage\":\"es-AR\",\"@id\":\"https:\\\/\\\/www.fracturaexpuesta.com.ar\\\/gotan\\\/lazaro-cocaro-el-tango-ha-vuelto-a-tener-esa-mirada-social-y-festiva-que-nos-interpela\\\/#primaryimage\",\"url\":\"https:\\\/\\\/www.fracturaexpuesta.com.ar\\\/gotan\\\/wp-content\\\/uploads\\\/2025\\\/03\\\/lazaro-cocaro.jpg\",\"contentUrl\":\"https:\\\/\\\/www.fracturaexpuesta.com.ar\\\/gotan\\\/wp-content\\\/uploads\\\/2025\\\/03\\\/lazaro-cocaro.jpg\",\"width\":950,\"height\":700,\"caption\":\"L\u00e1zaro C\u00f3caro\"},{\"@type\":\"BreadcrumbList\",\"@id\":\"https:\\\/\\\/www.fracturaexpuesta.com.ar\\\/gotan\\\/lazaro-cocaro-el-tango-ha-vuelto-a-tener-esa-mirada-social-y-festiva-que-nos-interpela\\\/#breadcrumb\",\"itemListElement\":[{\"@type\":\"ListItem\",\"position\":1,\"name\":\"Inicio\",\"item\":\"https:\\\/\\\/www.fracturaexpuesta.com.ar\\\/gotan\\\/\"},{\"@type\":\"ListItem\",\"position\":2,\"name\":\"L\u00e1zaro C\u00f3caro: \u201cEl tango ha vuelto a tener esa mirada social y festiva que nos interpela\u201d\"}]},{\"@type\":\"WebSite\",\"@id\":\"https:\\\/\\\/www.fracturaexpuesta.com.ar\\\/gotan\\\/#website\",\"url\":\"https:\\\/\\\/www.fracturaexpuesta.com.ar\\\/gotan\\\/\",\"name\":\"Fractura Expuesta | Tango!\",\"description\":\"\",\"publisher\":{\"@id\":\"https:\\\/\\\/www.fracturaexpuesta.com.ar\\\/gotan\\\/#organization\"},\"potentialAction\":[{\"@type\":\"SearchAction\",\"target\":{\"@type\":\"EntryPoint\",\"urlTemplate\":\"https:\\\/\\\/www.fracturaexpuesta.com.ar\\\/gotan\\\/?s={search_term_string}\"},\"query-input\":{\"@type\":\"PropertyValueSpecification\",\"valueRequired\":true,\"valueName\":\"search_term_string\"}}],\"inLanguage\":\"es-AR\"},{\"@type\":\"Organization\",\"@id\":\"https:\\\/\\\/www.fracturaexpuesta.com.ar\\\/gotan\\\/#organization\",\"name\":\"Fractura Expuesta | Tango!\",\"url\":\"https:\\\/\\\/www.fracturaexpuesta.com.ar\\\/gotan\\\/\",\"logo\":{\"@type\":\"ImageObject\",\"inLanguage\":\"es-AR\",\"@id\":\"https:\\\/\\\/www.fracturaexpuesta.com.ar\\\/gotan\\\/#\\\/schema\\\/logo\\\/image\\\/\",\"url\":\"https:\\\/\\\/www.fracturaexpuesta.com.ar\\\/gotan\\\/wp-content\\\/uploads\\\/2025\\\/03\\\/avatar2centroOK.jpg\",\"contentUrl\":\"https:\\\/\\\/www.fracturaexpuesta.com.ar\\\/gotan\\\/wp-content\\\/uploads\\\/2025\\\/03\\\/avatar2centroOK.jpg\",\"width\":600,\"height\":600,\"caption\":\"Fractura Expuesta | Tango!\"},\"image\":{\"@id\":\"https:\\\/\\\/www.fracturaexpuesta.com.ar\\\/gotan\\\/#\\\/schema\\\/logo\\\/image\\\/\"}},{\"@type\":\"Person\",\"@id\":\"https:\\\/\\\/www.fracturaexpuesta.com.ar\\\/gotan\\\/#\\\/schema\\\/person\\\/d8266939f778485b13ad2174aa9e199e\",\"name\":\"Fractura Expuesta\",\"image\":{\"@type\":\"ImageObject\",\"inLanguage\":\"es-AR\",\"@id\":\"https:\\\/\\\/secure.gravatar.com\\\/avatar\\\/c4bad1eb9f93dd4a42df3aa8b8e8b882ff893fcea188ee15488a845db442d7ec?s=96&d=mm&r=g\",\"url\":\"https:\\\/\\\/secure.gravatar.com\\\/avatar\\\/c4bad1eb9f93dd4a42df3aa8b8e8b882ff893fcea188ee15488a845db442d7ec?s=96&d=mm&r=g\",\"contentUrl\":\"https:\\\/\\\/secure.gravatar.com\\\/avatar\\\/c4bad1eb9f93dd4a42df3aa8b8e8b882ff893fcea188ee15488a845db442d7ec?s=96&d=mm&r=g\",\"caption\":\"Fractura Expuesta\"},\"description\":\"Sitio de tango y noticias culturales. Desde 2003, el espacio referente del tango de estos tiempos.\",\"sameAs\":[\"https:\\\/\\\/www.fracturaexpuesta.com.ar\",\"https:\\\/\\\/www.facebook.com\\\/fracturaexpuestaok\",\"https:\\\/\\\/www.instagram.com\\\/fracturaexpuesta\",\"https:\\\/\\\/x.com\\\/https:\\\/\\\/x.com\\\/fracturatango\",\"https:\\\/\\\/www.youtube.com\\\/channel\\\/UCojA8Q0QDpnncOL8sfTHOHg\"],\"url\":\"https:\\\/\\\/www.fracturaexpuesta.com.ar\\\/gotan\\\/author\\\/fractura-expuesta\\\/\"}]}<\/script>\n<!-- \/ Yoast SEO plugin. -->","yoast_head_json":{"title":"L\u00e1zaro C\u00f3caro: \u201cEl tango ha vuelto a tener esa mirada social y festiva que nos interpela\u201d &#187; Fractura Expuesta | Tango!","description":"El cantor uruguayo acaba de editar Fauna Tanguera, un disco \u201cde mezcla de mundos, de animales con seis cuerdas, de voces de un tiempo y otro\u201d.","robots":{"index":"index","follow":"follow","max-snippet":"max-snippet:-1","max-image-preview":"max-image-preview:large","max-video-preview":"max-video-preview:-1"},"canonical":"https:\/\/www.fracturaexpuesta.com.ar\/gotan\/lazaro-cocaro-el-tango-ha-vuelto-a-tener-esa-mirada-social-y-festiva-que-nos-interpela\/","og_locale":"es_ES","og_type":"article","og_title":"L\u00e1zaro C\u00f3caro: \u201cEl tango ha vuelto a tener esa mirada social y festiva que nos interpela\u201d &#187; Fractura Expuesta | Tango!","og_description":"El cantor uruguayo acaba de editar Fauna Tanguera, un disco \u201cde mezcla de mundos, de animales con seis cuerdas, de voces de un tiempo y otro\u201d.","og_url":"https:\/\/www.fracturaexpuesta.com.ar\/gotan\/lazaro-cocaro-el-tango-ha-vuelto-a-tener-esa-mirada-social-y-festiva-que-nos-interpela\/","og_site_name":"Fractura Expuesta | Tango!","article_author":"https:\/\/www.facebook.com\/fracturaexpuestaok","article_published_time":"2025-03-27T01:00:21+00:00","article_modified_time":"2025-03-27T01:05:01+00:00","og_image":[{"width":950,"height":700,"url":"https:\/\/www.fracturaexpuesta.com.ar\/gotan\/wp-content\/uploads\/2025\/03\/lazaro-cocaro.jpg","type":"image\/jpeg"}],"author":"Fractura Expuesta","twitter_card":"summary_large_image","twitter_creator":"@https:\/\/x.com\/fracturatango","twitter_misc":{"Escrito por":"Fractura Expuesta","Tiempo de lectura":"8 minutos"},"schema":{"@context":"https:\/\/schema.org","@graph":[{"@type":"Article","@id":"https:\/\/www.fracturaexpuesta.com.ar\/gotan\/lazaro-cocaro-el-tango-ha-vuelto-a-tener-esa-mirada-social-y-festiva-que-nos-interpela\/#article","isPartOf":{"@id":"https:\/\/www.fracturaexpuesta.com.ar\/gotan\/lazaro-cocaro-el-tango-ha-vuelto-a-tener-esa-mirada-social-y-festiva-que-nos-interpela\/"},"author":{"name":"Fractura Expuesta","@id":"https:\/\/www.fracturaexpuesta.com.ar\/gotan\/#\/schema\/person\/d8266939f778485b13ad2174aa9e199e"},"headline":"L\u00e1zaro C\u00f3caro: \u201cEl tango ha vuelto a tener esa mirada social y festiva que nos interpela\u201d","datePublished":"2025-03-27T01:00:21+00:00","dateModified":"2025-03-27T01:05:01+00:00","mainEntityOfPage":{"@id":"https:\/\/www.fracturaexpuesta.com.ar\/gotan\/lazaro-cocaro-el-tango-ha-vuelto-a-tener-esa-mirada-social-y-festiva-que-nos-interpela\/"},"wordCount":1742,"commentCount":0,"publisher":{"@id":"https:\/\/www.fracturaexpuesta.com.ar\/gotan\/#organization"},"image":{"@id":"https:\/\/www.fracturaexpuesta.com.ar\/gotan\/lazaro-cocaro-el-tango-ha-vuelto-a-tener-esa-mirada-social-y-festiva-que-nos-interpela\/#primaryimage"},"thumbnailUrl":"https:\/\/www.fracturaexpuesta.com.ar\/gotan\/wp-content\/uploads\/2025\/03\/lazaro-cocaro.jpg","keywords":["jose arenas","lazaro cocaro","tango uruguayo"],"articleSection":["Noticias"],"inLanguage":"es-AR","potentialAction":[{"@type":"CommentAction","name":"Comment","target":["https:\/\/www.fracturaexpuesta.com.ar\/gotan\/lazaro-cocaro-el-tango-ha-vuelto-a-tener-esa-mirada-social-y-festiva-que-nos-interpela\/#respond"]}]},{"@type":"WebPage","@id":"https:\/\/www.fracturaexpuesta.com.ar\/gotan\/lazaro-cocaro-el-tango-ha-vuelto-a-tener-esa-mirada-social-y-festiva-que-nos-interpela\/","url":"https:\/\/www.fracturaexpuesta.com.ar\/gotan\/lazaro-cocaro-el-tango-ha-vuelto-a-tener-esa-mirada-social-y-festiva-que-nos-interpela\/","name":"L\u00e1zaro C\u00f3caro: \u201cEl tango ha vuelto a tener esa mirada social y festiva que nos interpela\u201d &#187; Fractura Expuesta | Tango!","isPartOf":{"@id":"https:\/\/www.fracturaexpuesta.com.ar\/gotan\/#website"},"primaryImageOfPage":{"@id":"https:\/\/www.fracturaexpuesta.com.ar\/gotan\/lazaro-cocaro-el-tango-ha-vuelto-a-tener-esa-mirada-social-y-festiva-que-nos-interpela\/#primaryimage"},"image":{"@id":"https:\/\/www.fracturaexpuesta.com.ar\/gotan\/lazaro-cocaro-el-tango-ha-vuelto-a-tener-esa-mirada-social-y-festiva-que-nos-interpela\/#primaryimage"},"thumbnailUrl":"https:\/\/www.fracturaexpuesta.com.ar\/gotan\/wp-content\/uploads\/2025\/03\/lazaro-cocaro.jpg","datePublished":"2025-03-27T01:00:21+00:00","dateModified":"2025-03-27T01:05:01+00:00","description":"El cantor uruguayo acaba de editar Fauna Tanguera, un disco \u201cde mezcla de mundos, de animales con seis cuerdas, de voces de un tiempo y otro\u201d.","breadcrumb":{"@id":"https:\/\/www.fracturaexpuesta.com.ar\/gotan\/lazaro-cocaro-el-tango-ha-vuelto-a-tener-esa-mirada-social-y-festiva-que-nos-interpela\/#breadcrumb"},"inLanguage":"es-AR","potentialAction":[{"@type":"ReadAction","target":["https:\/\/www.fracturaexpuesta.com.ar\/gotan\/lazaro-cocaro-el-tango-ha-vuelto-a-tener-esa-mirada-social-y-festiva-que-nos-interpela\/"]}]},{"@type":"ImageObject","inLanguage":"es-AR","@id":"https:\/\/www.fracturaexpuesta.com.ar\/gotan\/lazaro-cocaro-el-tango-ha-vuelto-a-tener-esa-mirada-social-y-festiva-que-nos-interpela\/#primaryimage","url":"https:\/\/www.fracturaexpuesta.com.ar\/gotan\/wp-content\/uploads\/2025\/03\/lazaro-cocaro.jpg","contentUrl":"https:\/\/www.fracturaexpuesta.com.ar\/gotan\/wp-content\/uploads\/2025\/03\/lazaro-cocaro.jpg","width":950,"height":700,"caption":"L\u00e1zaro C\u00f3caro"},{"@type":"BreadcrumbList","@id":"https:\/\/www.fracturaexpuesta.com.ar\/gotan\/lazaro-cocaro-el-tango-ha-vuelto-a-tener-esa-mirada-social-y-festiva-que-nos-interpela\/#breadcrumb","itemListElement":[{"@type":"ListItem","position":1,"name":"Inicio","item":"https:\/\/www.fracturaexpuesta.com.ar\/gotan\/"},{"@type":"ListItem","position":2,"name":"L\u00e1zaro C\u00f3caro: \u201cEl tango ha vuelto a tener esa mirada social y festiva que nos interpela\u201d"}]},{"@type":"WebSite","@id":"https:\/\/www.fracturaexpuesta.com.ar\/gotan\/#website","url":"https:\/\/www.fracturaexpuesta.com.ar\/gotan\/","name":"Fractura Expuesta | Tango!","description":"","publisher":{"@id":"https:\/\/www.fracturaexpuesta.com.ar\/gotan\/#organization"},"potentialAction":[{"@type":"SearchAction","target":{"@type":"EntryPoint","urlTemplate":"https:\/\/www.fracturaexpuesta.com.ar\/gotan\/?s={search_term_string}"},"query-input":{"@type":"PropertyValueSpecification","valueRequired":true,"valueName":"search_term_string"}}],"inLanguage":"es-AR"},{"@type":"Organization","@id":"https:\/\/www.fracturaexpuesta.com.ar\/gotan\/#organization","name":"Fractura Expuesta | Tango!","url":"https:\/\/www.fracturaexpuesta.com.ar\/gotan\/","logo":{"@type":"ImageObject","inLanguage":"es-AR","@id":"https:\/\/www.fracturaexpuesta.com.ar\/gotan\/#\/schema\/logo\/image\/","url":"https:\/\/www.fracturaexpuesta.com.ar\/gotan\/wp-content\/uploads\/2025\/03\/avatar2centroOK.jpg","contentUrl":"https:\/\/www.fracturaexpuesta.com.ar\/gotan\/wp-content\/uploads\/2025\/03\/avatar2centroOK.jpg","width":600,"height":600,"caption":"Fractura Expuesta | Tango!"},"image":{"@id":"https:\/\/www.fracturaexpuesta.com.ar\/gotan\/#\/schema\/logo\/image\/"}},{"@type":"Person","@id":"https:\/\/www.fracturaexpuesta.com.ar\/gotan\/#\/schema\/person\/d8266939f778485b13ad2174aa9e199e","name":"Fractura Expuesta","image":{"@type":"ImageObject","inLanguage":"es-AR","@id":"https:\/\/secure.gravatar.com\/avatar\/c4bad1eb9f93dd4a42df3aa8b8e8b882ff893fcea188ee15488a845db442d7ec?s=96&d=mm&r=g","url":"https:\/\/secure.gravatar.com\/avatar\/c4bad1eb9f93dd4a42df3aa8b8e8b882ff893fcea188ee15488a845db442d7ec?s=96&d=mm&r=g","contentUrl":"https:\/\/secure.gravatar.com\/avatar\/c4bad1eb9f93dd4a42df3aa8b8e8b882ff893fcea188ee15488a845db442d7ec?s=96&d=mm&r=g","caption":"Fractura Expuesta"},"description":"Sitio de tango y noticias culturales. Desde 2003, el espacio referente del tango de estos tiempos.","sameAs":["https:\/\/www.fracturaexpuesta.com.ar","https:\/\/www.facebook.com\/fracturaexpuestaok","https:\/\/www.instagram.com\/fracturaexpuesta","https:\/\/x.com\/https:\/\/x.com\/fracturatango","https:\/\/www.youtube.com\/channel\/UCojA8Q0QDpnncOL8sfTHOHg"],"url":"https:\/\/www.fracturaexpuesta.com.ar\/gotan\/author\/fractura-expuesta\/"}]}},"_links":{"self":[{"href":"https:\/\/www.fracturaexpuesta.com.ar\/gotan\/wp-json\/wp\/v2\/posts\/4404","targetHints":{"allow":["GET"]}}],"collection":[{"href":"https:\/\/www.fracturaexpuesta.com.ar\/gotan\/wp-json\/wp\/v2\/posts"}],"about":[{"href":"https:\/\/www.fracturaexpuesta.com.ar\/gotan\/wp-json\/wp\/v2\/types\/post"}],"author":[{"embeddable":true,"href":"https:\/\/www.fracturaexpuesta.com.ar\/gotan\/wp-json\/wp\/v2\/users\/1"}],"replies":[{"embeddable":true,"href":"https:\/\/www.fracturaexpuesta.com.ar\/gotan\/wp-json\/wp\/v2\/comments?post=4404"}],"version-history":[{"count":8,"href":"https:\/\/www.fracturaexpuesta.com.ar\/gotan\/wp-json\/wp\/v2\/posts\/4404\/revisions"}],"predecessor-version":[{"id":4414,"href":"https:\/\/www.fracturaexpuesta.com.ar\/gotan\/wp-json\/wp\/v2\/posts\/4404\/revisions\/4414"}],"wp:featuredmedia":[{"embeddable":true,"href":"https:\/\/www.fracturaexpuesta.com.ar\/gotan\/wp-json\/wp\/v2\/media\/4406"}],"wp:attachment":[{"href":"https:\/\/www.fracturaexpuesta.com.ar\/gotan\/wp-json\/wp\/v2\/media?parent=4404"}],"wp:term":[{"taxonomy":"category","embeddable":true,"href":"https:\/\/www.fracturaexpuesta.com.ar\/gotan\/wp-json\/wp\/v2\/categories?post=4404"},{"taxonomy":"post_tag","embeddable":true,"href":"https:\/\/www.fracturaexpuesta.com.ar\/gotan\/wp-json\/wp\/v2\/tags?post=4404"}],"curies":[{"name":"wp","href":"https:\/\/api.w.org\/{rel}","templated":true}]}}