{"id":4416,"date":"2025-03-30T20:45:52","date_gmt":"2025-03-30T23:45:52","guid":{"rendered":"https:\/\/www.fracturaexpuesta.com.ar\/gotan\/?p=4416"},"modified":"2025-03-30T22:27:31","modified_gmt":"2025-03-31T01:27:31","slug":"leonel-capitano-defiendo-desde-hace-mucho-el-tango-nuevo","status":"publish","type":"post","link":"https:\/\/www.fracturaexpuesta.com.ar\/gotan\/leonel-capitano-defiendo-desde-hace-mucho-el-tango-nuevo\/","title":{"rendered":"Leonel Capitano: \u201cDefiendo desde hace mucho el tango nuevo\u201d"},"content":{"rendered":"\n<p class=\"wp-block-paragraph\">\u201cTen\u00eda 16 a\u00f1os cuando empec\u00e9 a componer\u201d. <strong>Cantautor y bandoneonista, Leonel Capitano<\/strong> es una se\u00f1a conocida dentro del tango rosarino. Sus 13 discos como cantautor y bandoneonista as\u00ed lo demuestran.<\/p>\n\n\n\n<p class=\"wp-block-paragraph\">Una vasta trayectoria que el m\u00fasico despleg\u00f3 a trav\u00e9s de un trabajo perfilado por la obra propia y tambi\u00e9n por su forma de regenerar algunos cl\u00e1sicos.<\/p>\n\n\n\n<p class=\"wp-block-paragraph\">Para Capitano, su m\u00fasica es un \u201ctango de cercan\u00edas\u201d que siente y piensa desde su ciudad. \u201cEl lugar desde el cual yo proyecto mis cosas es <strong>Rosario<\/strong>. Es mi lugar, mi atm\u00f3sfera, mis letras y mis tangos. Muchos de ellos est\u00e1n enfocados en su geograf\u00eda, con sus personajes, sus circunstancias, sus problem\u00e1ticas, sus luchas. Y siempre me pens\u00e9 as\u00ed\u201d, comenta.<\/p>\n\n\n\n<p class=\"wp-block-paragraph\">Ahora Capitano desembarcar\u00e1 en Buenos Aires. No es que no lo haya hecho en ocasiones anteriores. No obstante, esta vez es especial porque ser\u00e1 su primer <strong>concierto solista<\/strong> en mucho tiempo. \u201cEs una primera experiencia solista, aunque yo me siento m\u00e1s c\u00f3modo pens\u00e1ndome siempre como parte de un proyecto, hasta cuando conformo un grupo solista siempre me pienso en el marco de un todo\u201d, reconoce el bandoneonista.<\/p>\n\n\n\n<p class=\"wp-block-paragraph\">\u201cEsto que me propuso<strong> Juan Pablo (Gallardo) <\/strong>es una nueva experiencia que me gusta mucho realmente\u201d, agrega. Es que Capitano ofrecer\u00e1 su concierto bajo la batuta y producci\u00f3n musical del pianista Juan Pablo Gallardo al tiempo que lo acompa\u00f1ar\u00e1n, entre otros, Dami\u00e1n Foretic y su coterr\u00e1nea, la cantante Noelia Moncada.<\/p>\n\n\n\n<p class=\"wp-block-paragraph\">El repertorio de la presentaci\u00f3n porte\u00f1a incluir\u00e1 cl\u00e1sicos y composiciones originales del bandoneonista rosarino. \u201cDefiendo desde hace mucho el tango nuevo. <strong>Mis primeros tangos son del a\u00f1o \u201895, \u201896<\/strong>. En todos mis conciertos llevo nuevas propuestas. Varios de esos temas los voy a tocar en una nueva versi\u00f3n con Juan Pablo\u201d, adelanta el rosarino.<\/p>\n\n\n\n<p class=\"wp-block-paragraph\"><\/p>\n\n\n\n<p class=\"wp-block-paragraph\"><em>Leonel Capitano en concierto: viernes 4 de abril en Rondeman (Lavalle 3177). A las 21.<\/em><\/p>\n\n\n\n<p class=\"wp-block-paragraph\"><\/p>\n","protected":false},"excerpt":{"rendered":"<p>El bandoneonista y cantautor rosarino llega a Buenos Aires para recrear sus tangos a trav\u00e9s de un encuentro de m\u00fasicos porte\u00f1os y santafesinos.<\/p>\n","protected":false},"author":1,"featured_media":4418,"comment_status":"open","ping_status":"open","sticky":false,"template":"","format":"standard","meta":{"footnotes":""},"categories":[7],"tags":[95,96,144,80],"class_list":["post-4416","post","type-post","status-publish","format-standard","has-post-thumbnail","hentry","category-noticias","tag-agenda","tag-conciertos","tag-leonel-capitano","tag-rosario"],"yoast_head":"<!-- This site is optimized with the Yoast SEO plugin v28.4 - https:\/\/yoast.com\/product\/yoast-seo-wordpress\/ -->\n<title>Leonel Capitano: \u201cDefiendo desde hace mucho el tango nuevo\u201d &#187; Fractura Expuesta | Tango!<\/title>\n<meta name=\"description\" content=\"El bandoneonista y cantautor rosarino llega a Buenos Aires para recrear sus tangos a trav\u00e9s de un encuentro de m\u00fasicos porte\u00f1os y santafesinos.\" \/>\n<meta name=\"robots\" content=\"index, follow, max-snippet:-1, max-image-preview:large, max-video-preview:-1\" \/>\n<link rel=\"canonical\" href=\"https:\/\/www.fracturaexpuesta.com.ar\/gotan\/leonel-capitano-defiendo-desde-hace-mucho-el-tango-nuevo\/\" \/>\n<meta property=\"og:locale\" content=\"es_ES\" \/>\n<meta property=\"og:type\" content=\"article\" \/>\n<meta property=\"og:title\" content=\"Leonel Capitano: \u201cDefiendo desde hace mucho el tango nuevo\u201d\" \/>\n<meta property=\"og:description\" content=\"El bandoneonista y cantautor rosarino llega a Buenos Aires para recrear sus tangos a trav\u00e9s de un encuentro de m\u00fasicos porte\u00f1os y santafesinos.\" \/>\n<meta property=\"og:url\" content=\"https:\/\/www.fracturaexpuesta.com.ar\/gotan\/leonel-capitano-defiendo-desde-hace-mucho-el-tango-nuevo\/\" \/>\n<meta property=\"og:site_name\" content=\"Fractura Expuesta | Tango!\" \/>\n<meta property=\"article:author\" content=\"https:\/\/www.facebook.com\/fracturaexpuestaok\" \/>\n<meta property=\"article:published_time\" content=\"2025-03-30T23:45:52+00:00\" \/>\n<meta property=\"article:modified_time\" content=\"2025-03-31T01:27:31+00:00\" \/>\n<meta property=\"og:image\" content=\"https:\/\/www.fracturaexpuesta.com.ar\/gotan\/wp-content\/uploads\/2025\/03\/leonel-capitano.jpg\" \/>\n\t<meta property=\"og:image:width\" content=\"950\" \/>\n\t<meta property=\"og:image:height\" content=\"700\" \/>\n\t<meta property=\"og:image:type\" content=\"image\/jpeg\" \/>\n<meta name=\"author\" content=\"Fractura Expuesta\" \/>\n<meta name=\"twitter:card\" content=\"summary_large_image\" \/>\n<meta name=\"twitter:title\" content=\"Leonel Capitano: \u201cDefiendo desde hace mucho el tango nuevo\u201d\" \/>\n<meta name=\"twitter:description\" content=\"El bandoneonista y cantautor rosarino llega a Buenos Aires para recrear sus tangos a trav\u00e9s de un encuentro de m\u00fasicos porte\u00f1os y santafesinos.\" \/>\n<meta name=\"twitter:image\" content=\"https:\/\/www.fracturaexpuesta.com.ar\/gotan\/wp-content\/uploads\/2025\/03\/leonel-capitano.jpg\" \/>\n<meta name=\"twitter:creator\" content=\"@https:\/\/x.com\/fracturatango\" \/>\n<meta name=\"twitter:label1\" content=\"Escrito por\" \/>\n\t<meta name=\"twitter:data1\" content=\"Fractura Expuesta\" \/>\n\t<meta name=\"twitter:label2\" content=\"Tiempo de lectura\" \/>\n\t<meta name=\"twitter:data2\" content=\"2 minutos\" \/>\n<script type=\"application\/ld+json\" class=\"yoast-schema-graph\">{\"@context\":\"https:\\\/\\\/schema.org\",\"@graph\":[{\"@type\":\"Article\",\"@id\":\"https:\\\/\\\/www.fracturaexpuesta.com.ar\\\/gotan\\\/leonel-capitano-defiendo-desde-hace-mucho-el-tango-nuevo\\\/#article\",\"isPartOf\":{\"@id\":\"https:\\\/\\\/www.fracturaexpuesta.com.ar\\\/gotan\\\/leonel-capitano-defiendo-desde-hace-mucho-el-tango-nuevo\\\/\"},\"author\":{\"name\":\"Fractura Expuesta\",\"@id\":\"https:\\\/\\\/www.fracturaexpuesta.com.ar\\\/gotan\\\/#\\\/schema\\\/person\\\/d8266939f778485b13ad2174aa9e199e\"},\"headline\":\"Leonel Capitano: \u201cDefiendo desde hace mucho el tango nuevo\u201d\",\"datePublished\":\"2025-03-30T23:45:52+00:00\",\"dateModified\":\"2025-03-31T01:27:31+00:00\",\"mainEntityOfPage\":{\"@id\":\"https:\\\/\\\/www.fracturaexpuesta.com.ar\\\/gotan\\\/leonel-capitano-defiendo-desde-hace-mucho-el-tango-nuevo\\\/\"},\"wordCount\":330,\"commentCount\":0,\"publisher\":{\"@id\":\"https:\\\/\\\/www.fracturaexpuesta.com.ar\\\/gotan\\\/#organization\"},\"image\":{\"@id\":\"https:\\\/\\\/www.fracturaexpuesta.com.ar\\\/gotan\\\/leonel-capitano-defiendo-desde-hace-mucho-el-tango-nuevo\\\/#primaryimage\"},\"thumbnailUrl\":\"https:\\\/\\\/www.fracturaexpuesta.com.ar\\\/gotan\\\/wp-content\\\/uploads\\\/2025\\\/03\\\/leonel-capitano.jpg\",\"keywords\":[\"agenda\",\"conciertos\",\"Leonel Capitano\",\"rosario\"],\"articleSection\":[\"Noticias\"],\"inLanguage\":\"es-AR\",\"potentialAction\":[{\"@type\":\"CommentAction\",\"name\":\"Comment\",\"target\":[\"https:\\\/\\\/www.fracturaexpuesta.com.ar\\\/gotan\\\/leonel-capitano-defiendo-desde-hace-mucho-el-tango-nuevo\\\/#respond\"]}]},{\"@type\":\"WebPage\",\"@id\":\"https:\\\/\\\/www.fracturaexpuesta.com.ar\\\/gotan\\\/leonel-capitano-defiendo-desde-hace-mucho-el-tango-nuevo\\\/\",\"url\":\"https:\\\/\\\/www.fracturaexpuesta.com.ar\\\/gotan\\\/leonel-capitano-defiendo-desde-hace-mucho-el-tango-nuevo\\\/\",\"name\":\"Leonel Capitano: \u201cDefiendo desde hace mucho el tango nuevo\u201d &#187; Fractura Expuesta | Tango!\",\"isPartOf\":{\"@id\":\"https:\\\/\\\/www.fracturaexpuesta.com.ar\\\/gotan\\\/#website\"},\"primaryImageOfPage\":{\"@id\":\"https:\\\/\\\/www.fracturaexpuesta.com.ar\\\/gotan\\\/leonel-capitano-defiendo-desde-hace-mucho-el-tango-nuevo\\\/#primaryimage\"},\"image\":{\"@id\":\"https:\\\/\\\/www.fracturaexpuesta.com.ar\\\/gotan\\\/leonel-capitano-defiendo-desde-hace-mucho-el-tango-nuevo\\\/#primaryimage\"},\"thumbnailUrl\":\"https:\\\/\\\/www.fracturaexpuesta.com.ar\\\/gotan\\\/wp-content\\\/uploads\\\/2025\\\/03\\\/leonel-capitano.jpg\",\"datePublished\":\"2025-03-30T23:45:52+00:00\",\"dateModified\":\"2025-03-31T01:27:31+00:00\",\"description\":\"El bandoneonista y cantautor rosarino llega a Buenos Aires para recrear sus tangos a trav\u00e9s de un encuentro de m\u00fasicos porte\u00f1os y santafesinos.\",\"breadcrumb\":{\"@id\":\"https:\\\/\\\/www.fracturaexpuesta.com.ar\\\/gotan\\\/leonel-capitano-defiendo-desde-hace-mucho-el-tango-nuevo\\\/#breadcrumb\"},\"inLanguage\":\"es-AR\",\"potentialAction\":[{\"@type\":\"ReadAction\",\"target\":[\"https:\\\/\\\/www.fracturaexpuesta.com.ar\\\/gotan\\\/leonel-capitano-defiendo-desde-hace-mucho-el-tango-nuevo\\\/\"]}]},{\"@type\":\"ImageObject\",\"inLanguage\":\"es-AR\",\"@id\":\"https:\\\/\\\/www.fracturaexpuesta.com.ar\\\/gotan\\\/leonel-capitano-defiendo-desde-hace-mucho-el-tango-nuevo\\\/#primaryimage\",\"url\":\"https:\\\/\\\/www.fracturaexpuesta.com.ar\\\/gotan\\\/wp-content\\\/uploads\\\/2025\\\/03\\\/leonel-capitano.jpg\",\"contentUrl\":\"https:\\\/\\\/www.fracturaexpuesta.com.ar\\\/gotan\\\/wp-content\\\/uploads\\\/2025\\\/03\\\/leonel-capitano.jpg\",\"width\":950,\"height\":700,\"caption\":\"Leonel Capitano\"},{\"@type\":\"BreadcrumbList\",\"@id\":\"https:\\\/\\\/www.fracturaexpuesta.com.ar\\\/gotan\\\/leonel-capitano-defiendo-desde-hace-mucho-el-tango-nuevo\\\/#breadcrumb\",\"itemListElement\":[{\"@type\":\"ListItem\",\"position\":1,\"name\":\"Inicio\",\"item\":\"https:\\\/\\\/www.fracturaexpuesta.com.ar\\\/gotan\\\/\"},{\"@type\":\"ListItem\",\"position\":2,\"name\":\"Leonel Capitano: \u201cDefiendo desde hace mucho el tango nuevo\u201d\"}]},{\"@type\":\"WebSite\",\"@id\":\"https:\\\/\\\/www.fracturaexpuesta.com.ar\\\/gotan\\\/#website\",\"url\":\"https:\\\/\\\/www.fracturaexpuesta.com.ar\\\/gotan\\\/\",\"name\":\"Fractura Expuesta | Tango!\",\"description\":\"\",\"publisher\":{\"@id\":\"https:\\\/\\\/www.fracturaexpuesta.com.ar\\\/gotan\\\/#organization\"},\"potentialAction\":[{\"@type\":\"SearchAction\",\"target\":{\"@type\":\"EntryPoint\",\"urlTemplate\":\"https:\\\/\\\/www.fracturaexpuesta.com.ar\\\/gotan\\\/?s={search_term_string}\"},\"query-input\":{\"@type\":\"PropertyValueSpecification\",\"valueRequired\":true,\"valueName\":\"search_term_string\"}}],\"inLanguage\":\"es-AR\"},{\"@type\":\"Organization\",\"@id\":\"https:\\\/\\\/www.fracturaexpuesta.com.ar\\\/gotan\\\/#organization\",\"name\":\"Fractura Expuesta | Tango!\",\"url\":\"https:\\\/\\\/www.fracturaexpuesta.com.ar\\\/gotan\\\/\",\"logo\":{\"@type\":\"ImageObject\",\"inLanguage\":\"es-AR\",\"@id\":\"https:\\\/\\\/www.fracturaexpuesta.com.ar\\\/gotan\\\/#\\\/schema\\\/logo\\\/image\\\/\",\"url\":\"https:\\\/\\\/www.fracturaexpuesta.com.ar\\\/gotan\\\/wp-content\\\/uploads\\\/2025\\\/03\\\/avatar2centroOK.jpg\",\"contentUrl\":\"https:\\\/\\\/www.fracturaexpuesta.com.ar\\\/gotan\\\/wp-content\\\/uploads\\\/2025\\\/03\\\/avatar2centroOK.jpg\",\"width\":600,\"height\":600,\"caption\":\"Fractura Expuesta | Tango!\"},\"image\":{\"@id\":\"https:\\\/\\\/www.fracturaexpuesta.com.ar\\\/gotan\\\/#\\\/schema\\\/logo\\\/image\\\/\"}},{\"@type\":\"Person\",\"@id\":\"https:\\\/\\\/www.fracturaexpuesta.com.ar\\\/gotan\\\/#\\\/schema\\\/person\\\/d8266939f778485b13ad2174aa9e199e\",\"name\":\"Fractura Expuesta\",\"image\":{\"@type\":\"ImageObject\",\"inLanguage\":\"es-AR\",\"@id\":\"https:\\\/\\\/secure.gravatar.com\\\/avatar\\\/c4bad1eb9f93dd4a42df3aa8b8e8b882ff893fcea188ee15488a845db442d7ec?s=96&d=mm&r=g\",\"url\":\"https:\\\/\\\/secure.gravatar.com\\\/avatar\\\/c4bad1eb9f93dd4a42df3aa8b8e8b882ff893fcea188ee15488a845db442d7ec?s=96&d=mm&r=g\",\"contentUrl\":\"https:\\\/\\\/secure.gravatar.com\\\/avatar\\\/c4bad1eb9f93dd4a42df3aa8b8e8b882ff893fcea188ee15488a845db442d7ec?s=96&d=mm&r=g\",\"caption\":\"Fractura Expuesta\"},\"description\":\"Sitio de tango y noticias culturales. Desde 2003, el espacio referente del tango de estos tiempos.\",\"sameAs\":[\"https:\\\/\\\/www.fracturaexpuesta.com.ar\",\"https:\\\/\\\/www.facebook.com\\\/fracturaexpuestaok\",\"https:\\\/\\\/www.instagram.com\\\/fracturaexpuesta\",\"https:\\\/\\\/x.com\\\/https:\\\/\\\/x.com\\\/fracturatango\",\"https:\\\/\\\/www.youtube.com\\\/channel\\\/UCojA8Q0QDpnncOL8sfTHOHg\"],\"url\":\"https:\\\/\\\/www.fracturaexpuesta.com.ar\\\/gotan\\\/author\\\/fractura-expuesta\\\/\"}]}<\/script>\n<!-- \/ Yoast SEO plugin. -->","yoast_head_json":{"title":"Leonel Capitano: \u201cDefiendo desde hace mucho el tango nuevo\u201d &#187; Fractura Expuesta | Tango!","description":"El bandoneonista y cantautor rosarino llega a Buenos Aires para recrear sus tangos a trav\u00e9s de un encuentro de m\u00fasicos porte\u00f1os y santafesinos.","robots":{"index":"index","follow":"follow","max-snippet":"max-snippet:-1","max-image-preview":"max-image-preview:large","max-video-preview":"max-video-preview:-1"},"canonical":"https:\/\/www.fracturaexpuesta.com.ar\/gotan\/leonel-capitano-defiendo-desde-hace-mucho-el-tango-nuevo\/","og_locale":"es_ES","og_type":"article","og_title":"Leonel Capitano: \u201cDefiendo desde hace mucho el tango nuevo\u201d","og_description":"El bandoneonista y cantautor rosarino llega a Buenos Aires para recrear sus tangos a trav\u00e9s de un encuentro de m\u00fasicos porte\u00f1os y santafesinos.","og_url":"https:\/\/www.fracturaexpuesta.com.ar\/gotan\/leonel-capitano-defiendo-desde-hace-mucho-el-tango-nuevo\/","og_site_name":"Fractura Expuesta | Tango!","article_author":"https:\/\/www.facebook.com\/fracturaexpuestaok","article_published_time":"2025-03-30T23:45:52+00:00","article_modified_time":"2025-03-31T01:27:31+00:00","og_image":[{"width":950,"height":700,"url":"https:\/\/www.fracturaexpuesta.com.ar\/gotan\/wp-content\/uploads\/2025\/03\/leonel-capitano.jpg","type":"image\/jpeg"}],"author":"Fractura Expuesta","twitter_card":"summary_large_image","twitter_title":"Leonel Capitano: \u201cDefiendo desde hace mucho el tango nuevo\u201d","twitter_description":"El bandoneonista y cantautor rosarino llega a Buenos Aires para recrear sus tangos a trav\u00e9s de un encuentro de m\u00fasicos porte\u00f1os y santafesinos.","twitter_image":"https:\/\/www.fracturaexpuesta.com.ar\/gotan\/wp-content\/uploads\/2025\/03\/leonel-capitano.jpg","twitter_creator":"@https:\/\/x.com\/fracturatango","twitter_misc":{"Escrito por":"Fractura Expuesta","Tiempo de lectura":"2 minutos"},"schema":{"@context":"https:\/\/schema.org","@graph":[{"@type":"Article","@id":"https:\/\/www.fracturaexpuesta.com.ar\/gotan\/leonel-capitano-defiendo-desde-hace-mucho-el-tango-nuevo\/#article","isPartOf":{"@id":"https:\/\/www.fracturaexpuesta.com.ar\/gotan\/leonel-capitano-defiendo-desde-hace-mucho-el-tango-nuevo\/"},"author":{"name":"Fractura Expuesta","@id":"https:\/\/www.fracturaexpuesta.com.ar\/gotan\/#\/schema\/person\/d8266939f778485b13ad2174aa9e199e"},"headline":"Leonel Capitano: \u201cDefiendo desde hace mucho el tango nuevo\u201d","datePublished":"2025-03-30T23:45:52+00:00","dateModified":"2025-03-31T01:27:31+00:00","mainEntityOfPage":{"@id":"https:\/\/www.fracturaexpuesta.com.ar\/gotan\/leonel-capitano-defiendo-desde-hace-mucho-el-tango-nuevo\/"},"wordCount":330,"commentCount":0,"publisher":{"@id":"https:\/\/www.fracturaexpuesta.com.ar\/gotan\/#organization"},"image":{"@id":"https:\/\/www.fracturaexpuesta.com.ar\/gotan\/leonel-capitano-defiendo-desde-hace-mucho-el-tango-nuevo\/#primaryimage"},"thumbnailUrl":"https:\/\/www.fracturaexpuesta.com.ar\/gotan\/wp-content\/uploads\/2025\/03\/leonel-capitano.jpg","keywords":["agenda","conciertos","Leonel Capitano","rosario"],"articleSection":["Noticias"],"inLanguage":"es-AR","potentialAction":[{"@type":"CommentAction","name":"Comment","target":["https:\/\/www.fracturaexpuesta.com.ar\/gotan\/leonel-capitano-defiendo-desde-hace-mucho-el-tango-nuevo\/#respond"]}]},{"@type":"WebPage","@id":"https:\/\/www.fracturaexpuesta.com.ar\/gotan\/leonel-capitano-defiendo-desde-hace-mucho-el-tango-nuevo\/","url":"https:\/\/www.fracturaexpuesta.com.ar\/gotan\/leonel-capitano-defiendo-desde-hace-mucho-el-tango-nuevo\/","name":"Leonel Capitano: \u201cDefiendo desde hace mucho el tango nuevo\u201d &#187; Fractura Expuesta | Tango!","isPartOf":{"@id":"https:\/\/www.fracturaexpuesta.com.ar\/gotan\/#website"},"primaryImageOfPage":{"@id":"https:\/\/www.fracturaexpuesta.com.ar\/gotan\/leonel-capitano-defiendo-desde-hace-mucho-el-tango-nuevo\/#primaryimage"},"image":{"@id":"https:\/\/www.fracturaexpuesta.com.ar\/gotan\/leonel-capitano-defiendo-desde-hace-mucho-el-tango-nuevo\/#primaryimage"},"thumbnailUrl":"https:\/\/www.fracturaexpuesta.com.ar\/gotan\/wp-content\/uploads\/2025\/03\/leonel-capitano.jpg","datePublished":"2025-03-30T23:45:52+00:00","dateModified":"2025-03-31T01:27:31+00:00","description":"El bandoneonista y cantautor rosarino llega a Buenos Aires para recrear sus tangos a trav\u00e9s de un encuentro de m\u00fasicos porte\u00f1os y santafesinos.","breadcrumb":{"@id":"https:\/\/www.fracturaexpuesta.com.ar\/gotan\/leonel-capitano-defiendo-desde-hace-mucho-el-tango-nuevo\/#breadcrumb"},"inLanguage":"es-AR","potentialAction":[{"@type":"ReadAction","target":["https:\/\/www.fracturaexpuesta.com.ar\/gotan\/leonel-capitano-defiendo-desde-hace-mucho-el-tango-nuevo\/"]}]},{"@type":"ImageObject","inLanguage":"es-AR","@id":"https:\/\/www.fracturaexpuesta.com.ar\/gotan\/leonel-capitano-defiendo-desde-hace-mucho-el-tango-nuevo\/#primaryimage","url":"https:\/\/www.fracturaexpuesta.com.ar\/gotan\/wp-content\/uploads\/2025\/03\/leonel-capitano.jpg","contentUrl":"https:\/\/www.fracturaexpuesta.com.ar\/gotan\/wp-content\/uploads\/2025\/03\/leonel-capitano.jpg","width":950,"height":700,"caption":"Leonel Capitano"},{"@type":"BreadcrumbList","@id":"https:\/\/www.fracturaexpuesta.com.ar\/gotan\/leonel-capitano-defiendo-desde-hace-mucho-el-tango-nuevo\/#breadcrumb","itemListElement":[{"@type":"ListItem","position":1,"name":"Inicio","item":"https:\/\/www.fracturaexpuesta.com.ar\/gotan\/"},{"@type":"ListItem","position":2,"name":"Leonel Capitano: \u201cDefiendo desde hace mucho el tango nuevo\u201d"}]},{"@type":"WebSite","@id":"https:\/\/www.fracturaexpuesta.com.ar\/gotan\/#website","url":"https:\/\/www.fracturaexpuesta.com.ar\/gotan\/","name":"Fractura Expuesta | Tango!","description":"","publisher":{"@id":"https:\/\/www.fracturaexpuesta.com.ar\/gotan\/#organization"},"potentialAction":[{"@type":"SearchAction","target":{"@type":"EntryPoint","urlTemplate":"https:\/\/www.fracturaexpuesta.com.ar\/gotan\/?s={search_term_string}"},"query-input":{"@type":"PropertyValueSpecification","valueRequired":true,"valueName":"search_term_string"}}],"inLanguage":"es-AR"},{"@type":"Organization","@id":"https:\/\/www.fracturaexpuesta.com.ar\/gotan\/#organization","name":"Fractura Expuesta | Tango!","url":"https:\/\/www.fracturaexpuesta.com.ar\/gotan\/","logo":{"@type":"ImageObject","inLanguage":"es-AR","@id":"https:\/\/www.fracturaexpuesta.com.ar\/gotan\/#\/schema\/logo\/image\/","url":"https:\/\/www.fracturaexpuesta.com.ar\/gotan\/wp-content\/uploads\/2025\/03\/avatar2centroOK.jpg","contentUrl":"https:\/\/www.fracturaexpuesta.com.ar\/gotan\/wp-content\/uploads\/2025\/03\/avatar2centroOK.jpg","width":600,"height":600,"caption":"Fractura Expuesta | Tango!"},"image":{"@id":"https:\/\/www.fracturaexpuesta.com.ar\/gotan\/#\/schema\/logo\/image\/"}},{"@type":"Person","@id":"https:\/\/www.fracturaexpuesta.com.ar\/gotan\/#\/schema\/person\/d8266939f778485b13ad2174aa9e199e","name":"Fractura Expuesta","image":{"@type":"ImageObject","inLanguage":"es-AR","@id":"https:\/\/secure.gravatar.com\/avatar\/c4bad1eb9f93dd4a42df3aa8b8e8b882ff893fcea188ee15488a845db442d7ec?s=96&d=mm&r=g","url":"https:\/\/secure.gravatar.com\/avatar\/c4bad1eb9f93dd4a42df3aa8b8e8b882ff893fcea188ee15488a845db442d7ec?s=96&d=mm&r=g","contentUrl":"https:\/\/secure.gravatar.com\/avatar\/c4bad1eb9f93dd4a42df3aa8b8e8b882ff893fcea188ee15488a845db442d7ec?s=96&d=mm&r=g","caption":"Fractura Expuesta"},"description":"Sitio de tango y noticias culturales. Desde 2003, el espacio referente del tango de estos tiempos.","sameAs":["https:\/\/www.fracturaexpuesta.com.ar","https:\/\/www.facebook.com\/fracturaexpuestaok","https:\/\/www.instagram.com\/fracturaexpuesta","https:\/\/x.com\/https:\/\/x.com\/fracturatango","https:\/\/www.youtube.com\/channel\/UCojA8Q0QDpnncOL8sfTHOHg"],"url":"https:\/\/www.fracturaexpuesta.com.ar\/gotan\/author\/fractura-expuesta\/"}]}},"_links":{"self":[{"href":"https:\/\/www.fracturaexpuesta.com.ar\/gotan\/wp-json\/wp\/v2\/posts\/4416","targetHints":{"allow":["GET"]}}],"collection":[{"href":"https:\/\/www.fracturaexpuesta.com.ar\/gotan\/wp-json\/wp\/v2\/posts"}],"about":[{"href":"https:\/\/www.fracturaexpuesta.com.ar\/gotan\/wp-json\/wp\/v2\/types\/post"}],"author":[{"embeddable":true,"href":"https:\/\/www.fracturaexpuesta.com.ar\/gotan\/wp-json\/wp\/v2\/users\/1"}],"replies":[{"embeddable":true,"href":"https:\/\/www.fracturaexpuesta.com.ar\/gotan\/wp-json\/wp\/v2\/comments?post=4416"}],"version-history":[{"count":6,"href":"https:\/\/www.fracturaexpuesta.com.ar\/gotan\/wp-json\/wp\/v2\/posts\/4416\/revisions"}],"predecessor-version":[{"id":4423,"href":"https:\/\/www.fracturaexpuesta.com.ar\/gotan\/wp-json\/wp\/v2\/posts\/4416\/revisions\/4423"}],"wp:featuredmedia":[{"embeddable":true,"href":"https:\/\/www.fracturaexpuesta.com.ar\/gotan\/wp-json\/wp\/v2\/media\/4418"}],"wp:attachment":[{"href":"https:\/\/www.fracturaexpuesta.com.ar\/gotan\/wp-json\/wp\/v2\/media?parent=4416"}],"wp:term":[{"taxonomy":"category","embeddable":true,"href":"https:\/\/www.fracturaexpuesta.com.ar\/gotan\/wp-json\/wp\/v2\/categories?post=4416"},{"taxonomy":"post_tag","embeddable":true,"href":"https:\/\/www.fracturaexpuesta.com.ar\/gotan\/wp-json\/wp\/v2\/tags?post=4416"}],"curies":[{"name":"wp","href":"https:\/\/api.w.org\/{rel}","templated":true}]}}