{"id":4453,"date":"2025-04-04T09:58:13","date_gmt":"2025-04-04T12:58:13","guid":{"rendered":"https:\/\/www.fracturaexpuesta.com.ar\/gotan\/?p=4453"},"modified":"2025-04-04T10:58:22","modified_gmt":"2025-04-04T13:58:22","slug":"con-la-version-de-fermin-spinettango-adelanta-su-proximo-album","status":"publish","type":"post","link":"https:\/\/www.fracturaexpuesta.com.ar\/gotan\/con-la-version-de-fermin-spinettango-adelanta-su-proximo-album\/","title":{"rendered":"Con la versi\u00f3n de \u201cFerm\u00edn\u201d, Spinettango adelanta su pr\u00f3ximo \u00e1lbum"},"content":{"rendered":"\n<p class=\"wp-block-paragraph\">El grupo que recrea las canciones de <strong>Luis Alberto Spinetta en sinton\u00eda tanguera <\/strong>dio a conocer \u201cFerm\u00edn\u201d, el simple que adelanta su segundo \u00e1lbum.<\/p>\n\n\n\n<p class=\"wp-block-paragraph\">Tras la exitosa aparici\u00f3n en 2022 de su disco debut, ahora <strong>Spinettango<\/strong> vuelve a tributar al cantautor argentino con la adaptaci\u00f3n de uno de los temas que form\u00f3 parte del primer disco de Almendra, un material fundacional del rock argentino.<\/p>\n\n\n\n<p class=\"wp-block-paragraph\">\u201cFerm\u00edn\u201d integrar\u00e1 pues el repertorio de <strong>Spinettango 2<\/strong>, una se\u00f1a en el t\u00edtulo que remite al \u00e1lbum 2 de Pescado Rabioso. El disco traer\u00e1 canciones interpretadas por el cantante Santiago Mu\u00f1iz y Dami\u00e1n Torres Quinteto quienes continuar\u00e1n buscando la resonancia tanguera de &#8220;El Flaco&#8221;.<\/p>\n\n\n\n<p class=\"wp-block-paragraph\">Seg\u00fan dieron a conocer, el segundo \u00e1lbum llegar\u00e1 con las participaciones de <strong>Litto Nebbia, Melingo, Mimi Maura, Pipi Piazzolla, Marcelo Torres y Nico Sor\u00edn<\/strong>, entre otros. La producci\u00f3n art\u00edstica continuar\u00e1 bajo la mirada de Hern\u00e1n \u201cDon Camel\u201d Sforzini.<\/p>\n\n\n<div class=\"wp-block-image\">\n<figure class=\"aligncenter size-full\"><img loading=\"lazy\" decoding=\"async\" width=\"800\" height=\"800\" src=\"https:\/\/www.fracturaexpuesta.com.ar\/gotan\/wp-content\/uploads\/2025\/04\/spinettango-2.jpg\" alt=\"\" class=\"wp-image-4456\" srcset=\"https:\/\/www.fracturaexpuesta.com.ar\/gotan\/wp-content\/uploads\/2025\/04\/spinettango-2.jpg 800w, https:\/\/www.fracturaexpuesta.com.ar\/gotan\/wp-content\/uploads\/2025\/04\/spinettango-2-300x300.jpg 300w, https:\/\/www.fracturaexpuesta.com.ar\/gotan\/wp-content\/uploads\/2025\/04\/spinettango-2-150x150.jpg 150w, https:\/\/www.fracturaexpuesta.com.ar\/gotan\/wp-content\/uploads\/2025\/04\/spinettango-2-768x768.jpg 768w, https:\/\/www.fracturaexpuesta.com.ar\/gotan\/wp-content\/uploads\/2025\/04\/spinettango-2-60x60.jpg 60w, https:\/\/www.fracturaexpuesta.com.ar\/gotan\/wp-content\/uploads\/2025\/04\/spinettango-2-480x480.jpg 480w\" sizes=\"auto, (max-width: 800px) 100vw, 800px\" \/><figcaption class=\"wp-element-caption\"><em><mark style=\"background-color:rgba(0, 0, 0, 0)\" class=\"has-inline-color has-cyan-bluish-gray-color\">La portada del pr\u00f3ximo disco de Spinettango.<\/mark><\/em><\/figcaption><\/figure>\n<\/div>\n\n\n<p class=\"wp-block-paragraph\">La portada del material es una intervenci\u00f3n digital pero, seg\u00fan aclararon, la foto pertenece al propio hogar natal de Luis, la emblem\u00e1tica casa de la calle Arribe\u00f1os al 2800 donde vive su hermano Gustavo.<\/p>\n\n\n\n<p class=\"wp-block-paragraph\">A mediados de abril se anunciar\u00e1 el listado completo de temas y se difundir\u00e1n nuevos cortes. El nuevo trabajo tendr\u00e1 formato vinilo, CD y estar\u00e1 disponible en plataformas digitales.<\/p>\n\n\n\n<p class=\"wp-block-paragraph\"><strong>\u201cFerm\u00edn\u201d por Spinettango:<\/strong><\/p>\n\n\n\n<figure class=\"wp-block-embed is-type-video is-provider-youtube wp-block-embed-youtube wp-embed-aspect-16-9 wp-has-aspect-ratio\"><div class=\"wp-block-embed__wrapper\">\n<iframe loading=\"lazy\" title=\"Spinettango - Ferm\u00edn\" width=\"1170\" height=\"658\" src=\"https:\/\/www.youtube.com\/embed\/mXZs6PM5jh8?feature=oembed\" frameborder=\"0\" allow=\"accelerometer; autoplay; clipboard-write; encrypted-media; gyroscope; picture-in-picture; web-share\" referrerpolicy=\"strict-origin-when-cross-origin\" allowfullscreen><\/iframe>\n<\/div><\/figure>\n","protected":false},"excerpt":{"rendered":"<p>Se acerca el segundo disco de la propuesta que interviene los temas de Spinetta y los convierte en tangos.<\/p>\n","protected":false},"author":1,"featured_media":4454,"comment_status":"open","ping_status":"open","sticky":false,"template":"","format":"standard","meta":{"footnotes":""},"categories":[83],"tags":[81,146,145],"class_list":["post-4453","post","type-post","status-publish","format-standard","has-post-thumbnail","hentry","category-discos","tag-discos","tag-spinetta","tag-spinettango"],"yoast_head":"<!-- This site is optimized with the Yoast SEO plugin v28.4 - https:\/\/yoast.com\/product\/yoast-seo-wordpress\/ -->\n<title>Con la versi\u00f3n de \u201cFerm\u00edn\u201d, Spinettango adelanta su pr\u00f3ximo \u00e1lbum &#187; Fractura Expuesta | Tango!<\/title>\n<meta name=\"description\" content=\"Se acerca el segundo disco de la propuesta que interviene los temas de Spinetta y los convierte en tangos.\" \/>\n<meta name=\"robots\" content=\"index, follow, max-snippet:-1, max-image-preview:large, max-video-preview:-1\" \/>\n<link rel=\"canonical\" href=\"https:\/\/www.fracturaexpuesta.com.ar\/gotan\/con-la-version-de-fermin-spinettango-adelanta-su-proximo-album\/\" \/>\n<meta property=\"og:locale\" content=\"es_ES\" \/>\n<meta property=\"og:type\" content=\"article\" \/>\n<meta property=\"og:title\" content=\"Con la versi\u00f3n de \u201cFerm\u00edn\u201d, Spinettango adelanta su pr\u00f3ximo \u00e1lbum\" \/>\n<meta property=\"og:description\" content=\"Se acerca el segundo disco de la propuesta que interviene los temas de Spinetta y los convierte en tangos.\" \/>\n<meta property=\"og:url\" content=\"https:\/\/www.fracturaexpuesta.com.ar\/gotan\/con-la-version-de-fermin-spinettango-adelanta-su-proximo-album\/\" \/>\n<meta property=\"og:site_name\" content=\"Fractura Expuesta | Tango!\" \/>\n<meta property=\"article:author\" content=\"https:\/\/www.facebook.com\/fracturaexpuestaok\" \/>\n<meta property=\"article:published_time\" content=\"2025-04-04T12:58:13+00:00\" \/>\n<meta property=\"article:modified_time\" content=\"2025-04-04T13:58:22+00:00\" \/>\n<meta property=\"og:image\" content=\"https:\/\/www.fracturaexpuesta.com.ar\/gotan\/wp-content\/uploads\/2025\/04\/spinettango-fermin.jpg\" \/>\n\t<meta property=\"og:image:width\" content=\"1280\" \/>\n\t<meta property=\"og:image:height\" content=\"720\" \/>\n\t<meta property=\"og:image:type\" content=\"image\/jpeg\" \/>\n<meta name=\"author\" content=\"Fractura Expuesta\" \/>\n<meta name=\"twitter:card\" content=\"summary_large_image\" \/>\n<meta name=\"twitter:title\" content=\"Con la versi\u00f3n de \u201cFerm\u00edn\u201d, Spinettango adelanta su pr\u00f3ximo \u00e1lbum\" \/>\n<meta name=\"twitter:description\" content=\"Se acerca el segundo disco de la propuesta que interviene los temas de Spinetta y los convierte en tangos.\" \/>\n<meta name=\"twitter:image\" content=\"https:\/\/www.fracturaexpuesta.com.ar\/gotan\/wp-content\/uploads\/2025\/04\/spinettango-fermin.jpg\" \/>\n<meta name=\"twitter:creator\" content=\"@https:\/\/x.com\/fracturatango\" \/>\n<meta name=\"twitter:label1\" content=\"Escrito por\" \/>\n\t<meta name=\"twitter:data1\" content=\"Fractura Expuesta\" \/>\n\t<meta name=\"twitter:label2\" content=\"Tiempo de lectura\" \/>\n\t<meta name=\"twitter:data2\" content=\"2 minutos\" \/>\n<script type=\"application\/ld+json\" class=\"yoast-schema-graph\">{\"@context\":\"https:\\\/\\\/schema.org\",\"@graph\":[{\"@type\":\"Article\",\"@id\":\"https:\\\/\\\/www.fracturaexpuesta.com.ar\\\/gotan\\\/con-la-version-de-fermin-spinettango-adelanta-su-proximo-album\\\/#article\",\"isPartOf\":{\"@id\":\"https:\\\/\\\/www.fracturaexpuesta.com.ar\\\/gotan\\\/con-la-version-de-fermin-spinettango-adelanta-su-proximo-album\\\/\"},\"author\":{\"name\":\"Fractura Expuesta\",\"@id\":\"https:\\\/\\\/www.fracturaexpuesta.com.ar\\\/gotan\\\/#\\\/schema\\\/person\\\/d8266939f778485b13ad2174aa9e199e\"},\"headline\":\"Con la versi\u00f3n de \u201cFerm\u00edn\u201d, Spinettango adelanta su pr\u00f3ximo \u00e1lbum\",\"datePublished\":\"2025-04-04T12:58:13+00:00\",\"dateModified\":\"2025-04-04T13:58:22+00:00\",\"mainEntityOfPage\":{\"@id\":\"https:\\\/\\\/www.fracturaexpuesta.com.ar\\\/gotan\\\/con-la-version-de-fermin-spinettango-adelanta-su-proximo-album\\\/\"},\"wordCount\":259,\"commentCount\":0,\"publisher\":{\"@id\":\"https:\\\/\\\/www.fracturaexpuesta.com.ar\\\/gotan\\\/#organization\"},\"image\":{\"@id\":\"https:\\\/\\\/www.fracturaexpuesta.com.ar\\\/gotan\\\/con-la-version-de-fermin-spinettango-adelanta-su-proximo-album\\\/#primaryimage\"},\"thumbnailUrl\":\"https:\\\/\\\/www.fracturaexpuesta.com.ar\\\/gotan\\\/wp-content\\\/uploads\\\/2025\\\/04\\\/spinettango-fermin.jpg\",\"keywords\":[\"discos\",\"spinetta\",\"spinettango\"],\"articleSection\":[\"Discos\"],\"inLanguage\":\"es-AR\",\"potentialAction\":[{\"@type\":\"CommentAction\",\"name\":\"Comment\",\"target\":[\"https:\\\/\\\/www.fracturaexpuesta.com.ar\\\/gotan\\\/con-la-version-de-fermin-spinettango-adelanta-su-proximo-album\\\/#respond\"]}]},{\"@type\":\"WebPage\",\"@id\":\"https:\\\/\\\/www.fracturaexpuesta.com.ar\\\/gotan\\\/con-la-version-de-fermin-spinettango-adelanta-su-proximo-album\\\/\",\"url\":\"https:\\\/\\\/www.fracturaexpuesta.com.ar\\\/gotan\\\/con-la-version-de-fermin-spinettango-adelanta-su-proximo-album\\\/\",\"name\":\"Con la versi\u00f3n de \u201cFerm\u00edn\u201d, Spinettango adelanta su pr\u00f3ximo \u00e1lbum &#187; Fractura Expuesta | Tango!\",\"isPartOf\":{\"@id\":\"https:\\\/\\\/www.fracturaexpuesta.com.ar\\\/gotan\\\/#website\"},\"primaryImageOfPage\":{\"@id\":\"https:\\\/\\\/www.fracturaexpuesta.com.ar\\\/gotan\\\/con-la-version-de-fermin-spinettango-adelanta-su-proximo-album\\\/#primaryimage\"},\"image\":{\"@id\":\"https:\\\/\\\/www.fracturaexpuesta.com.ar\\\/gotan\\\/con-la-version-de-fermin-spinettango-adelanta-su-proximo-album\\\/#primaryimage\"},\"thumbnailUrl\":\"https:\\\/\\\/www.fracturaexpuesta.com.ar\\\/gotan\\\/wp-content\\\/uploads\\\/2025\\\/04\\\/spinettango-fermin.jpg\",\"datePublished\":\"2025-04-04T12:58:13+00:00\",\"dateModified\":\"2025-04-04T13:58:22+00:00\",\"description\":\"Se acerca el segundo disco de la propuesta que interviene los temas de Spinetta y los convierte en tangos.\",\"breadcrumb\":{\"@id\":\"https:\\\/\\\/www.fracturaexpuesta.com.ar\\\/gotan\\\/con-la-version-de-fermin-spinettango-adelanta-su-proximo-album\\\/#breadcrumb\"},\"inLanguage\":\"es-AR\",\"potentialAction\":[{\"@type\":\"ReadAction\",\"target\":[\"https:\\\/\\\/www.fracturaexpuesta.com.ar\\\/gotan\\\/con-la-version-de-fermin-spinettango-adelanta-su-proximo-album\\\/\"]}]},{\"@type\":\"ImageObject\",\"inLanguage\":\"es-AR\",\"@id\":\"https:\\\/\\\/www.fracturaexpuesta.com.ar\\\/gotan\\\/con-la-version-de-fermin-spinettango-adelanta-su-proximo-album\\\/#primaryimage\",\"url\":\"https:\\\/\\\/www.fracturaexpuesta.com.ar\\\/gotan\\\/wp-content\\\/uploads\\\/2025\\\/04\\\/spinettango-fermin.jpg\",\"contentUrl\":\"https:\\\/\\\/www.fracturaexpuesta.com.ar\\\/gotan\\\/wp-content\\\/uploads\\\/2025\\\/04\\\/spinettango-fermin.jpg\",\"width\":1280,\"height\":720,\"caption\":\"Spinettango\"},{\"@type\":\"BreadcrumbList\",\"@id\":\"https:\\\/\\\/www.fracturaexpuesta.com.ar\\\/gotan\\\/con-la-version-de-fermin-spinettango-adelanta-su-proximo-album\\\/#breadcrumb\",\"itemListElement\":[{\"@type\":\"ListItem\",\"position\":1,\"name\":\"Inicio\",\"item\":\"https:\\\/\\\/www.fracturaexpuesta.com.ar\\\/gotan\\\/\"},{\"@type\":\"ListItem\",\"position\":2,\"name\":\"Con la versi\u00f3n de \u201cFerm\u00edn\u201d, Spinettango adelanta su pr\u00f3ximo \u00e1lbum\"}]},{\"@type\":\"WebSite\",\"@id\":\"https:\\\/\\\/www.fracturaexpuesta.com.ar\\\/gotan\\\/#website\",\"url\":\"https:\\\/\\\/www.fracturaexpuesta.com.ar\\\/gotan\\\/\",\"name\":\"Fractura Expuesta | Tango!\",\"description\":\"\",\"publisher\":{\"@id\":\"https:\\\/\\\/www.fracturaexpuesta.com.ar\\\/gotan\\\/#organization\"},\"potentialAction\":[{\"@type\":\"SearchAction\",\"target\":{\"@type\":\"EntryPoint\",\"urlTemplate\":\"https:\\\/\\\/www.fracturaexpuesta.com.ar\\\/gotan\\\/?s={search_term_string}\"},\"query-input\":{\"@type\":\"PropertyValueSpecification\",\"valueRequired\":true,\"valueName\":\"search_term_string\"}}],\"inLanguage\":\"es-AR\"},{\"@type\":\"Organization\",\"@id\":\"https:\\\/\\\/www.fracturaexpuesta.com.ar\\\/gotan\\\/#organization\",\"name\":\"Fractura Expuesta | Tango!\",\"url\":\"https:\\\/\\\/www.fracturaexpuesta.com.ar\\\/gotan\\\/\",\"logo\":{\"@type\":\"ImageObject\",\"inLanguage\":\"es-AR\",\"@id\":\"https:\\\/\\\/www.fracturaexpuesta.com.ar\\\/gotan\\\/#\\\/schema\\\/logo\\\/image\\\/\",\"url\":\"https:\\\/\\\/www.fracturaexpuesta.com.ar\\\/gotan\\\/wp-content\\\/uploads\\\/2025\\\/03\\\/avatar2centroOK.jpg\",\"contentUrl\":\"https:\\\/\\\/www.fracturaexpuesta.com.ar\\\/gotan\\\/wp-content\\\/uploads\\\/2025\\\/03\\\/avatar2centroOK.jpg\",\"width\":600,\"height\":600,\"caption\":\"Fractura Expuesta | Tango!\"},\"image\":{\"@id\":\"https:\\\/\\\/www.fracturaexpuesta.com.ar\\\/gotan\\\/#\\\/schema\\\/logo\\\/image\\\/\"}},{\"@type\":\"Person\",\"@id\":\"https:\\\/\\\/www.fracturaexpuesta.com.ar\\\/gotan\\\/#\\\/schema\\\/person\\\/d8266939f778485b13ad2174aa9e199e\",\"name\":\"Fractura Expuesta\",\"image\":{\"@type\":\"ImageObject\",\"inLanguage\":\"es-AR\",\"@id\":\"https:\\\/\\\/secure.gravatar.com\\\/avatar\\\/c4bad1eb9f93dd4a42df3aa8b8e8b882ff893fcea188ee15488a845db442d7ec?s=96&d=mm&r=g\",\"url\":\"https:\\\/\\\/secure.gravatar.com\\\/avatar\\\/c4bad1eb9f93dd4a42df3aa8b8e8b882ff893fcea188ee15488a845db442d7ec?s=96&d=mm&r=g\",\"contentUrl\":\"https:\\\/\\\/secure.gravatar.com\\\/avatar\\\/c4bad1eb9f93dd4a42df3aa8b8e8b882ff893fcea188ee15488a845db442d7ec?s=96&d=mm&r=g\",\"caption\":\"Fractura Expuesta\"},\"description\":\"Sitio de tango y noticias culturales. Desde 2003, el espacio referente del tango de estos tiempos.\",\"sameAs\":[\"https:\\\/\\\/www.fracturaexpuesta.com.ar\",\"https:\\\/\\\/www.facebook.com\\\/fracturaexpuestaok\",\"https:\\\/\\\/www.instagram.com\\\/fracturaexpuesta\",\"https:\\\/\\\/x.com\\\/https:\\\/\\\/x.com\\\/fracturatango\",\"https:\\\/\\\/www.youtube.com\\\/channel\\\/UCojA8Q0QDpnncOL8sfTHOHg\"],\"url\":\"https:\\\/\\\/www.fracturaexpuesta.com.ar\\\/gotan\\\/author\\\/fractura-expuesta\\\/\"}]}<\/script>\n<!-- \/ Yoast SEO plugin. -->","yoast_head_json":{"title":"Con la versi\u00f3n de \u201cFerm\u00edn\u201d, Spinettango adelanta su pr\u00f3ximo \u00e1lbum &#187; Fractura Expuesta | Tango!","description":"Se acerca el segundo disco de la propuesta que interviene los temas de Spinetta y los convierte en tangos.","robots":{"index":"index","follow":"follow","max-snippet":"max-snippet:-1","max-image-preview":"max-image-preview:large","max-video-preview":"max-video-preview:-1"},"canonical":"https:\/\/www.fracturaexpuesta.com.ar\/gotan\/con-la-version-de-fermin-spinettango-adelanta-su-proximo-album\/","og_locale":"es_ES","og_type":"article","og_title":"Con la versi\u00f3n de \u201cFerm\u00edn\u201d, Spinettango adelanta su pr\u00f3ximo \u00e1lbum","og_description":"Se acerca el segundo disco de la propuesta que interviene los temas de Spinetta y los convierte en tangos.","og_url":"https:\/\/www.fracturaexpuesta.com.ar\/gotan\/con-la-version-de-fermin-spinettango-adelanta-su-proximo-album\/","og_site_name":"Fractura Expuesta | Tango!","article_author":"https:\/\/www.facebook.com\/fracturaexpuestaok","article_published_time":"2025-04-04T12:58:13+00:00","article_modified_time":"2025-04-04T13:58:22+00:00","og_image":[{"width":1280,"height":720,"url":"https:\/\/www.fracturaexpuesta.com.ar\/gotan\/wp-content\/uploads\/2025\/04\/spinettango-fermin.jpg","type":"image\/jpeg"}],"author":"Fractura Expuesta","twitter_card":"summary_large_image","twitter_title":"Con la versi\u00f3n de \u201cFerm\u00edn\u201d, Spinettango adelanta su pr\u00f3ximo \u00e1lbum","twitter_description":"Se acerca el segundo disco de la propuesta que interviene los temas de Spinetta y los convierte en tangos.","twitter_image":"https:\/\/www.fracturaexpuesta.com.ar\/gotan\/wp-content\/uploads\/2025\/04\/spinettango-fermin.jpg","twitter_creator":"@https:\/\/x.com\/fracturatango","twitter_misc":{"Escrito por":"Fractura Expuesta","Tiempo de lectura":"2 minutos"},"schema":{"@context":"https:\/\/schema.org","@graph":[{"@type":"Article","@id":"https:\/\/www.fracturaexpuesta.com.ar\/gotan\/con-la-version-de-fermin-spinettango-adelanta-su-proximo-album\/#article","isPartOf":{"@id":"https:\/\/www.fracturaexpuesta.com.ar\/gotan\/con-la-version-de-fermin-spinettango-adelanta-su-proximo-album\/"},"author":{"name":"Fractura Expuesta","@id":"https:\/\/www.fracturaexpuesta.com.ar\/gotan\/#\/schema\/person\/d8266939f778485b13ad2174aa9e199e"},"headline":"Con la versi\u00f3n de \u201cFerm\u00edn\u201d, Spinettango adelanta su pr\u00f3ximo \u00e1lbum","datePublished":"2025-04-04T12:58:13+00:00","dateModified":"2025-04-04T13:58:22+00:00","mainEntityOfPage":{"@id":"https:\/\/www.fracturaexpuesta.com.ar\/gotan\/con-la-version-de-fermin-spinettango-adelanta-su-proximo-album\/"},"wordCount":259,"commentCount":0,"publisher":{"@id":"https:\/\/www.fracturaexpuesta.com.ar\/gotan\/#organization"},"image":{"@id":"https:\/\/www.fracturaexpuesta.com.ar\/gotan\/con-la-version-de-fermin-spinettango-adelanta-su-proximo-album\/#primaryimage"},"thumbnailUrl":"https:\/\/www.fracturaexpuesta.com.ar\/gotan\/wp-content\/uploads\/2025\/04\/spinettango-fermin.jpg","keywords":["discos","spinetta","spinettango"],"articleSection":["Discos"],"inLanguage":"es-AR","potentialAction":[{"@type":"CommentAction","name":"Comment","target":["https:\/\/www.fracturaexpuesta.com.ar\/gotan\/con-la-version-de-fermin-spinettango-adelanta-su-proximo-album\/#respond"]}]},{"@type":"WebPage","@id":"https:\/\/www.fracturaexpuesta.com.ar\/gotan\/con-la-version-de-fermin-spinettango-adelanta-su-proximo-album\/","url":"https:\/\/www.fracturaexpuesta.com.ar\/gotan\/con-la-version-de-fermin-spinettango-adelanta-su-proximo-album\/","name":"Con la versi\u00f3n de \u201cFerm\u00edn\u201d, Spinettango adelanta su pr\u00f3ximo \u00e1lbum &#187; Fractura Expuesta | Tango!","isPartOf":{"@id":"https:\/\/www.fracturaexpuesta.com.ar\/gotan\/#website"},"primaryImageOfPage":{"@id":"https:\/\/www.fracturaexpuesta.com.ar\/gotan\/con-la-version-de-fermin-spinettango-adelanta-su-proximo-album\/#primaryimage"},"image":{"@id":"https:\/\/www.fracturaexpuesta.com.ar\/gotan\/con-la-version-de-fermin-spinettango-adelanta-su-proximo-album\/#primaryimage"},"thumbnailUrl":"https:\/\/www.fracturaexpuesta.com.ar\/gotan\/wp-content\/uploads\/2025\/04\/spinettango-fermin.jpg","datePublished":"2025-04-04T12:58:13+00:00","dateModified":"2025-04-04T13:58:22+00:00","description":"Se acerca el segundo disco de la propuesta que interviene los temas de Spinetta y los convierte en tangos.","breadcrumb":{"@id":"https:\/\/www.fracturaexpuesta.com.ar\/gotan\/con-la-version-de-fermin-spinettango-adelanta-su-proximo-album\/#breadcrumb"},"inLanguage":"es-AR","potentialAction":[{"@type":"ReadAction","target":["https:\/\/www.fracturaexpuesta.com.ar\/gotan\/con-la-version-de-fermin-spinettango-adelanta-su-proximo-album\/"]}]},{"@type":"ImageObject","inLanguage":"es-AR","@id":"https:\/\/www.fracturaexpuesta.com.ar\/gotan\/con-la-version-de-fermin-spinettango-adelanta-su-proximo-album\/#primaryimage","url":"https:\/\/www.fracturaexpuesta.com.ar\/gotan\/wp-content\/uploads\/2025\/04\/spinettango-fermin.jpg","contentUrl":"https:\/\/www.fracturaexpuesta.com.ar\/gotan\/wp-content\/uploads\/2025\/04\/spinettango-fermin.jpg","width":1280,"height":720,"caption":"Spinettango"},{"@type":"BreadcrumbList","@id":"https:\/\/www.fracturaexpuesta.com.ar\/gotan\/con-la-version-de-fermin-spinettango-adelanta-su-proximo-album\/#breadcrumb","itemListElement":[{"@type":"ListItem","position":1,"name":"Inicio","item":"https:\/\/www.fracturaexpuesta.com.ar\/gotan\/"},{"@type":"ListItem","position":2,"name":"Con la versi\u00f3n de \u201cFerm\u00edn\u201d, Spinettango adelanta su pr\u00f3ximo \u00e1lbum"}]},{"@type":"WebSite","@id":"https:\/\/www.fracturaexpuesta.com.ar\/gotan\/#website","url":"https:\/\/www.fracturaexpuesta.com.ar\/gotan\/","name":"Fractura Expuesta | Tango!","description":"","publisher":{"@id":"https:\/\/www.fracturaexpuesta.com.ar\/gotan\/#organization"},"potentialAction":[{"@type":"SearchAction","target":{"@type":"EntryPoint","urlTemplate":"https:\/\/www.fracturaexpuesta.com.ar\/gotan\/?s={search_term_string}"},"query-input":{"@type":"PropertyValueSpecification","valueRequired":true,"valueName":"search_term_string"}}],"inLanguage":"es-AR"},{"@type":"Organization","@id":"https:\/\/www.fracturaexpuesta.com.ar\/gotan\/#organization","name":"Fractura Expuesta | Tango!","url":"https:\/\/www.fracturaexpuesta.com.ar\/gotan\/","logo":{"@type":"ImageObject","inLanguage":"es-AR","@id":"https:\/\/www.fracturaexpuesta.com.ar\/gotan\/#\/schema\/logo\/image\/","url":"https:\/\/www.fracturaexpuesta.com.ar\/gotan\/wp-content\/uploads\/2025\/03\/avatar2centroOK.jpg","contentUrl":"https:\/\/www.fracturaexpuesta.com.ar\/gotan\/wp-content\/uploads\/2025\/03\/avatar2centroOK.jpg","width":600,"height":600,"caption":"Fractura Expuesta | Tango!"},"image":{"@id":"https:\/\/www.fracturaexpuesta.com.ar\/gotan\/#\/schema\/logo\/image\/"}},{"@type":"Person","@id":"https:\/\/www.fracturaexpuesta.com.ar\/gotan\/#\/schema\/person\/d8266939f778485b13ad2174aa9e199e","name":"Fractura Expuesta","image":{"@type":"ImageObject","inLanguage":"es-AR","@id":"https:\/\/secure.gravatar.com\/avatar\/c4bad1eb9f93dd4a42df3aa8b8e8b882ff893fcea188ee15488a845db442d7ec?s=96&d=mm&r=g","url":"https:\/\/secure.gravatar.com\/avatar\/c4bad1eb9f93dd4a42df3aa8b8e8b882ff893fcea188ee15488a845db442d7ec?s=96&d=mm&r=g","contentUrl":"https:\/\/secure.gravatar.com\/avatar\/c4bad1eb9f93dd4a42df3aa8b8e8b882ff893fcea188ee15488a845db442d7ec?s=96&d=mm&r=g","caption":"Fractura Expuesta"},"description":"Sitio de tango y noticias culturales. Desde 2003, el espacio referente del tango de estos tiempos.","sameAs":["https:\/\/www.fracturaexpuesta.com.ar","https:\/\/www.facebook.com\/fracturaexpuestaok","https:\/\/www.instagram.com\/fracturaexpuesta","https:\/\/x.com\/https:\/\/x.com\/fracturatango","https:\/\/www.youtube.com\/channel\/UCojA8Q0QDpnncOL8sfTHOHg"],"url":"https:\/\/www.fracturaexpuesta.com.ar\/gotan\/author\/fractura-expuesta\/"}]}},"_links":{"self":[{"href":"https:\/\/www.fracturaexpuesta.com.ar\/gotan\/wp-json\/wp\/v2\/posts\/4453","targetHints":{"allow":["GET"]}}],"collection":[{"href":"https:\/\/www.fracturaexpuesta.com.ar\/gotan\/wp-json\/wp\/v2\/posts"}],"about":[{"href":"https:\/\/www.fracturaexpuesta.com.ar\/gotan\/wp-json\/wp\/v2\/types\/post"}],"author":[{"embeddable":true,"href":"https:\/\/www.fracturaexpuesta.com.ar\/gotan\/wp-json\/wp\/v2\/users\/1"}],"replies":[{"embeddable":true,"href":"https:\/\/www.fracturaexpuesta.com.ar\/gotan\/wp-json\/wp\/v2\/comments?post=4453"}],"version-history":[{"count":9,"href":"https:\/\/www.fracturaexpuesta.com.ar\/gotan\/wp-json\/wp\/v2\/posts\/4453\/revisions"}],"predecessor-version":[{"id":4468,"href":"https:\/\/www.fracturaexpuesta.com.ar\/gotan\/wp-json\/wp\/v2\/posts\/4453\/revisions\/4468"}],"wp:featuredmedia":[{"embeddable":true,"href":"https:\/\/www.fracturaexpuesta.com.ar\/gotan\/wp-json\/wp\/v2\/media\/4454"}],"wp:attachment":[{"href":"https:\/\/www.fracturaexpuesta.com.ar\/gotan\/wp-json\/wp\/v2\/media?parent=4453"}],"wp:term":[{"taxonomy":"category","embeddable":true,"href":"https:\/\/www.fracturaexpuesta.com.ar\/gotan\/wp-json\/wp\/v2\/categories?post=4453"},{"taxonomy":"post_tag","embeddable":true,"href":"https:\/\/www.fracturaexpuesta.com.ar\/gotan\/wp-json\/wp\/v2\/tags?post=4453"}],"curies":[{"name":"wp","href":"https:\/\/api.w.org\/{rel}","templated":true}]}}