{"id":4496,"date":"2025-04-07T18:04:42","date_gmt":"2025-04-07T21:04:42","guid":{"rendered":"https:\/\/www.fracturaexpuesta.com.ar\/gotan\/?p=4496"},"modified":"2025-04-08T10:48:00","modified_gmt":"2025-04-08T13:48:00","slug":"adam-tully-periplos-de-la-vida-en-forma-de-tango","status":"publish","type":"post","link":"https:\/\/www.fracturaexpuesta.com.ar\/gotan\/adam-tully-periplos-de-la-vida-en-forma-de-tango\/","title":{"rendered":"Adam Tully: periplos de la vida en forma de tango"},"content":{"rendered":"\n<p class=\"wp-block-paragraph\">Adam Tully es guitarrista y compositor. Naci\u00f3 en Nueva York pero eligi\u00f3 a Buenos Aires y al tango como sus coordenadas de expresi\u00f3n y refugio.<\/p>\n\n\n\n<p class=\"wp-block-paragraph\">\u201cEstoy muy agradecido a este pa\u00eds que me recibi\u00f3 con los brazos abiertos\u201d, dice el m\u00fasico que acaba de editar<strong> Idas y vueltas<\/strong>, su nuevo disco en el que sigue ofreciendo obra propia en tango.<\/p>\n\n\n\n<p class=\"wp-block-paragraph\">El material, construido con la sonoridad de un de tr\u00edo de guitarra, contrabajo y piano, presenta ocho composiciones en las que Tully deja entrever su historia porte\u00f1a .<\/p>\n\n\n\n<p class=\"wp-block-paragraph\">\u201cSon composiciones originales con muchos climas en cada uno, con tonalidades arraigadas en el tango, con sus pautas r\u00edtmicas y formales pero al mismo tiempo buscan traer otros lenguajes\u201d, dice el guitarrista neoyorkino. Se trata de un encuentro entre tango, m\u00fasica de c\u00e1mara, jazz, m\u00fasica criolla y la visi\u00f3n personal del compositor.<\/p>\n\n\n\n<figure class=\"wp-block-image size-large\"><img loading=\"lazy\" decoding=\"async\" width=\"1024\" height=\"742\" src=\"https:\/\/www.fracturaexpuesta.com.ar\/gotan\/wp-content\/uploads\/2025\/04\/AT-Trio--1024x742.jpeg\" alt=\"\" class=\"wp-image-4499\" srcset=\"https:\/\/www.fracturaexpuesta.com.ar\/gotan\/wp-content\/uploads\/2025\/04\/AT-Trio--1024x742.jpeg 1024w, https:\/\/www.fracturaexpuesta.com.ar\/gotan\/wp-content\/uploads\/2025\/04\/AT-Trio--300x218.jpeg 300w, https:\/\/www.fracturaexpuesta.com.ar\/gotan\/wp-content\/uploads\/2025\/04\/AT-Trio--768x557.jpeg 768w, https:\/\/www.fracturaexpuesta.com.ar\/gotan\/wp-content\/uploads\/2025\/04\/AT-Trio--60x44.jpeg 60w, https:\/\/www.fracturaexpuesta.com.ar\/gotan\/wp-content\/uploads\/2025\/04\/AT-Trio-.jpeg 1440w\" sizes=\"auto, (max-width: 1024px) 100vw, 1024px\" \/><figcaption class=\"wp-element-caption\"><em><mark style=\"background-color:rgba(0, 0, 0, 0)\" class=\"has-inline-color has-cyan-bluish-gray-color\">Shino Ohnaga (piano), Adam Tully y Patricio Cotella (contrabajo)<\/mark><\/em><\/figcaption><\/figure>\n\n\n\n<p class=\"wp-block-paragraph\">A Buenos Aires le dedica &#8220;Este cielo celeste&#8221;. Tambi\u00e9n muestra su &#8220;vuelo fantasioso&#8221; en valses como &#8220;La semilla&#8221; y &#8220;Cuento an\u00f3nimo&#8221;, que remiten al tango pero arrojan corrientes de romanticismo o modernismo del siglo pasado.<\/p>\n\n\n\n<p class=\"wp-block-paragraph\">Un poco m\u00e1s disruptivas son obras como \u201cFernando Otero\u201d -homenaje a un innovador de la m\u00fasica argentina contempor\u00e1nea y mentor de Tully- y \u201cComo llenar un vac\u00edo\u201d. Ambas acercan al o\u00eddo sonidos, tal vez, ajenos al tango. Escalas musicales que no suenan occidentales o gestos que son dignos de los jazzeros del &#8217;60 pero siempre entremezclados con la impronta de la m\u00fasica popular argentina.<\/p>\n\n\n\n<p class=\"wp-block-paragraph\">El tango \u201cDe ida y vuelta\u201d surge de un juego que se propuso el compositor. Una noche, al sacar la basura decidi\u00f3 crear una melod\u00eda durante el viaje de ida y otra en el viaje de vuelta. A base de las dos melod\u00edas termin\u00f3 construyendo ese tango. M\u00fasica nacida del desperdicio, transformaciones de la materia y el movimiento.<\/p>\n\n\n\n<p class=\"wp-block-paragraph\">Asimismo, cuenta Tully, el proceso de grabaci\u00f3n del \u00e1lbum \u201ctermin\u00f3 siendo una odisea, con interrupciones por pandemias, hijos que nac\u00edan, mudanzas y dem\u00e1s\u201d. Con ese panorama, Adam decidi\u00f3 bautizar su disco con el nombre \u201cIdas y vueltas\u201d, en sinton\u00eda a esa larga gestaci\u00f3n del proyecto y como un gui\u00f1o a su obra m\u00e1s l\u00fadica inspirada por su devenir porte\u00f1o.<\/p>\n\n\n\n<iframe style=\"border-radius:12px\" src=\"https:\/\/open.spotify.com\/embed\/album\/2pzEL5EFNw9ClH8E8wlFVS?utm_source=generator\" width=\"100%\" height=\"352\" frameBorder=\"0\" allowfullscreen=\"\" allow=\"autoplay; clipboard-write; encrypted-media; fullscreen; picture-in-picture\" loading=\"lazy\"><\/iframe>\n","protected":false},"excerpt":{"rendered":"<p>El guitarrista neoyorkino edit\u00f3 &#8220;Idas y vueltas&#8221;, un disco en el que vuelca sus vivencias personales en Argentina y su modo de entrecruzar al tango con otros sonidos.<\/p>\n","protected":false},"author":1,"featured_media":4497,"comment_status":"open","ping_status":"open","sticky":false,"template":"","format":"standard","meta":{"footnotes":""},"categories":[83],"tags":[147,81],"class_list":["post-4496","post","type-post","status-publish","format-standard","has-post-thumbnail","hentry","category-discos","tag-adam-tully","tag-discos"],"yoast_head":"<!-- This site is optimized with the Yoast SEO plugin v28.4 - https:\/\/yoast.com\/product\/yoast-seo-wordpress\/ -->\n<title>Adam Tully: periplos de la vida en forma de tango &#187; Fractura Expuesta | Tango!<\/title>\n<meta name=\"description\" content=\"El guitarrista neoyorkino edit\u00f3 &quot;Idas y vueltas&quot;, un disco en el que vuelca sus vivencias personales en Argentina y su modo de entrecruzar al tango con otros sonidos.\" \/>\n<meta name=\"robots\" content=\"index, follow, max-snippet:-1, max-image-preview:large, max-video-preview:-1\" \/>\n<link rel=\"canonical\" href=\"https:\/\/www.fracturaexpuesta.com.ar\/gotan\/adam-tully-periplos-de-la-vida-en-forma-de-tango\/\" \/>\n<meta property=\"og:locale\" content=\"es_ES\" \/>\n<meta property=\"og:type\" content=\"article\" \/>\n<meta property=\"og:title\" content=\"Adam Tully: periplos de la vida en forma de tango\" \/>\n<meta property=\"og:description\" content=\"El guitarrista neoyorkino edit\u00f3 &quot;Idas y vueltas&quot;, un disco en el que vuelca sus vivencias personales en Argentina y su modo de entrecruzar al tango con otros sonidos.\" \/>\n<meta property=\"og:url\" content=\"https:\/\/www.fracturaexpuesta.com.ar\/gotan\/adam-tully-periplos-de-la-vida-en-forma-de-tango\/\" \/>\n<meta property=\"og:site_name\" content=\"Fractura Expuesta | Tango!\" \/>\n<meta property=\"article:author\" content=\"https:\/\/www.facebook.com\/fracturaexpuestaok\" \/>\n<meta property=\"article:published_time\" content=\"2025-04-07T21:04:42+00:00\" \/>\n<meta property=\"article:modified_time\" content=\"2025-04-08T13:48:00+00:00\" \/>\n<meta property=\"og:image\" content=\"https:\/\/www.fracturaexpuesta.com.ar\/gotan\/wp-content\/uploads\/2025\/04\/Adam-Tully.png\" \/>\n\t<meta property=\"og:image:width\" content=\"950\" \/>\n\t<meta property=\"og:image:height\" content=\"700\" \/>\n\t<meta property=\"og:image:type\" content=\"image\/png\" \/>\n<meta name=\"author\" content=\"Fractura Expuesta\" \/>\n<meta name=\"twitter:card\" content=\"summary_large_image\" \/>\n<meta name=\"twitter:title\" content=\"Adam Tully: periplos de la vida en forma de tango\" \/>\n<meta name=\"twitter:description\" content=\"El guitarrista neoyorkino edit\u00f3 &quot;Idas y vueltas&quot;, un disco en el que vuelca sus vivencias personales en Argentina y su modo de entrecruzar al tango con otros sonidos.\" \/>\n<meta name=\"twitter:image\" content=\"https:\/\/www.fracturaexpuesta.com.ar\/gotan\/wp-content\/uploads\/2025\/04\/Adam-Tully.png\" \/>\n<meta name=\"twitter:creator\" content=\"@https:\/\/x.com\/fracturatango\" \/>\n<meta name=\"twitter:label1\" content=\"Escrito por\" \/>\n\t<meta name=\"twitter:data1\" content=\"Fractura Expuesta\" \/>\n\t<meta name=\"twitter:label2\" content=\"Tiempo de lectura\" \/>\n\t<meta name=\"twitter:data2\" content=\"3 minutos\" \/>\n<script type=\"application\/ld+json\" class=\"yoast-schema-graph\">{\"@context\":\"https:\\\/\\\/schema.org\",\"@graph\":[{\"@type\":\"Article\",\"@id\":\"https:\\\/\\\/www.fracturaexpuesta.com.ar\\\/gotan\\\/adam-tully-periplos-de-la-vida-en-forma-de-tango\\\/#article\",\"isPartOf\":{\"@id\":\"https:\\\/\\\/www.fracturaexpuesta.com.ar\\\/gotan\\\/adam-tully-periplos-de-la-vida-en-forma-de-tango\\\/\"},\"author\":{\"name\":\"Fractura Expuesta\",\"@id\":\"https:\\\/\\\/www.fracturaexpuesta.com.ar\\\/gotan\\\/#\\\/schema\\\/person\\\/d8266939f778485b13ad2174aa9e199e\"},\"headline\":\"Adam Tully: periplos de la vida en forma de tango\",\"datePublished\":\"2025-04-07T21:04:42+00:00\",\"dateModified\":\"2025-04-08T13:48:00+00:00\",\"mainEntityOfPage\":{\"@id\":\"https:\\\/\\\/www.fracturaexpuesta.com.ar\\\/gotan\\\/adam-tully-periplos-de-la-vida-en-forma-de-tango\\\/\"},\"wordCount\":403,\"commentCount\":0,\"publisher\":{\"@id\":\"https:\\\/\\\/www.fracturaexpuesta.com.ar\\\/gotan\\\/#organization\"},\"image\":{\"@id\":\"https:\\\/\\\/www.fracturaexpuesta.com.ar\\\/gotan\\\/adam-tully-periplos-de-la-vida-en-forma-de-tango\\\/#primaryimage\"},\"thumbnailUrl\":\"https:\\\/\\\/www.fracturaexpuesta.com.ar\\\/gotan\\\/wp-content\\\/uploads\\\/2025\\\/04\\\/Adam-Tully.png\",\"keywords\":[\"Adam Tully\",\"discos\"],\"articleSection\":[\"Discos\"],\"inLanguage\":\"es-AR\",\"potentialAction\":[{\"@type\":\"CommentAction\",\"name\":\"Comment\",\"target\":[\"https:\\\/\\\/www.fracturaexpuesta.com.ar\\\/gotan\\\/adam-tully-periplos-de-la-vida-en-forma-de-tango\\\/#respond\"]}]},{\"@type\":\"WebPage\",\"@id\":\"https:\\\/\\\/www.fracturaexpuesta.com.ar\\\/gotan\\\/adam-tully-periplos-de-la-vida-en-forma-de-tango\\\/\",\"url\":\"https:\\\/\\\/www.fracturaexpuesta.com.ar\\\/gotan\\\/adam-tully-periplos-de-la-vida-en-forma-de-tango\\\/\",\"name\":\"Adam Tully: periplos de la vida en forma de tango &#187; Fractura Expuesta | Tango!\",\"isPartOf\":{\"@id\":\"https:\\\/\\\/www.fracturaexpuesta.com.ar\\\/gotan\\\/#website\"},\"primaryImageOfPage\":{\"@id\":\"https:\\\/\\\/www.fracturaexpuesta.com.ar\\\/gotan\\\/adam-tully-periplos-de-la-vida-en-forma-de-tango\\\/#primaryimage\"},\"image\":{\"@id\":\"https:\\\/\\\/www.fracturaexpuesta.com.ar\\\/gotan\\\/adam-tully-periplos-de-la-vida-en-forma-de-tango\\\/#primaryimage\"},\"thumbnailUrl\":\"https:\\\/\\\/www.fracturaexpuesta.com.ar\\\/gotan\\\/wp-content\\\/uploads\\\/2025\\\/04\\\/Adam-Tully.png\",\"datePublished\":\"2025-04-07T21:04:42+00:00\",\"dateModified\":\"2025-04-08T13:48:00+00:00\",\"description\":\"El guitarrista neoyorkino edit\u00f3 \\\"Idas y vueltas\\\", un disco en el que vuelca sus vivencias personales en Argentina y su modo de entrecruzar al tango con otros sonidos.\",\"breadcrumb\":{\"@id\":\"https:\\\/\\\/www.fracturaexpuesta.com.ar\\\/gotan\\\/adam-tully-periplos-de-la-vida-en-forma-de-tango\\\/#breadcrumb\"},\"inLanguage\":\"es-AR\",\"potentialAction\":[{\"@type\":\"ReadAction\",\"target\":[\"https:\\\/\\\/www.fracturaexpuesta.com.ar\\\/gotan\\\/adam-tully-periplos-de-la-vida-en-forma-de-tango\\\/\"]}]},{\"@type\":\"ImageObject\",\"inLanguage\":\"es-AR\",\"@id\":\"https:\\\/\\\/www.fracturaexpuesta.com.ar\\\/gotan\\\/adam-tully-periplos-de-la-vida-en-forma-de-tango\\\/#primaryimage\",\"url\":\"https:\\\/\\\/www.fracturaexpuesta.com.ar\\\/gotan\\\/wp-content\\\/uploads\\\/2025\\\/04\\\/Adam-Tully.png\",\"contentUrl\":\"https:\\\/\\\/www.fracturaexpuesta.com.ar\\\/gotan\\\/wp-content\\\/uploads\\\/2025\\\/04\\\/Adam-Tully.png\",\"width\":950,\"height\":700,\"caption\":\"Adam Tully\"},{\"@type\":\"BreadcrumbList\",\"@id\":\"https:\\\/\\\/www.fracturaexpuesta.com.ar\\\/gotan\\\/adam-tully-periplos-de-la-vida-en-forma-de-tango\\\/#breadcrumb\",\"itemListElement\":[{\"@type\":\"ListItem\",\"position\":1,\"name\":\"Inicio\",\"item\":\"https:\\\/\\\/www.fracturaexpuesta.com.ar\\\/gotan\\\/\"},{\"@type\":\"ListItem\",\"position\":2,\"name\":\"Adam Tully: periplos de la vida en forma de tango\"}]},{\"@type\":\"WebSite\",\"@id\":\"https:\\\/\\\/www.fracturaexpuesta.com.ar\\\/gotan\\\/#website\",\"url\":\"https:\\\/\\\/www.fracturaexpuesta.com.ar\\\/gotan\\\/\",\"name\":\"Fractura Expuesta | Tango!\",\"description\":\"\",\"publisher\":{\"@id\":\"https:\\\/\\\/www.fracturaexpuesta.com.ar\\\/gotan\\\/#organization\"},\"potentialAction\":[{\"@type\":\"SearchAction\",\"target\":{\"@type\":\"EntryPoint\",\"urlTemplate\":\"https:\\\/\\\/www.fracturaexpuesta.com.ar\\\/gotan\\\/?s={search_term_string}\"},\"query-input\":{\"@type\":\"PropertyValueSpecification\",\"valueRequired\":true,\"valueName\":\"search_term_string\"}}],\"inLanguage\":\"es-AR\"},{\"@type\":\"Organization\",\"@id\":\"https:\\\/\\\/www.fracturaexpuesta.com.ar\\\/gotan\\\/#organization\",\"name\":\"Fractura Expuesta | Tango!\",\"url\":\"https:\\\/\\\/www.fracturaexpuesta.com.ar\\\/gotan\\\/\",\"logo\":{\"@type\":\"ImageObject\",\"inLanguage\":\"es-AR\",\"@id\":\"https:\\\/\\\/www.fracturaexpuesta.com.ar\\\/gotan\\\/#\\\/schema\\\/logo\\\/image\\\/\",\"url\":\"https:\\\/\\\/www.fracturaexpuesta.com.ar\\\/gotan\\\/wp-content\\\/uploads\\\/2025\\\/03\\\/avatar2centroOK.jpg\",\"contentUrl\":\"https:\\\/\\\/www.fracturaexpuesta.com.ar\\\/gotan\\\/wp-content\\\/uploads\\\/2025\\\/03\\\/avatar2centroOK.jpg\",\"width\":600,\"height\":600,\"caption\":\"Fractura Expuesta | Tango!\"},\"image\":{\"@id\":\"https:\\\/\\\/www.fracturaexpuesta.com.ar\\\/gotan\\\/#\\\/schema\\\/logo\\\/image\\\/\"}},{\"@type\":\"Person\",\"@id\":\"https:\\\/\\\/www.fracturaexpuesta.com.ar\\\/gotan\\\/#\\\/schema\\\/person\\\/d8266939f778485b13ad2174aa9e199e\",\"name\":\"Fractura Expuesta\",\"image\":{\"@type\":\"ImageObject\",\"inLanguage\":\"es-AR\",\"@id\":\"https:\\\/\\\/secure.gravatar.com\\\/avatar\\\/c4bad1eb9f93dd4a42df3aa8b8e8b882ff893fcea188ee15488a845db442d7ec?s=96&d=mm&r=g\",\"url\":\"https:\\\/\\\/secure.gravatar.com\\\/avatar\\\/c4bad1eb9f93dd4a42df3aa8b8e8b882ff893fcea188ee15488a845db442d7ec?s=96&d=mm&r=g\",\"contentUrl\":\"https:\\\/\\\/secure.gravatar.com\\\/avatar\\\/c4bad1eb9f93dd4a42df3aa8b8e8b882ff893fcea188ee15488a845db442d7ec?s=96&d=mm&r=g\",\"caption\":\"Fractura Expuesta\"},\"description\":\"Sitio de tango y noticias culturales. Desde 2003, el espacio referente del tango de estos tiempos.\",\"sameAs\":[\"https:\\\/\\\/www.fracturaexpuesta.com.ar\",\"https:\\\/\\\/www.facebook.com\\\/fracturaexpuestaok\",\"https:\\\/\\\/www.instagram.com\\\/fracturaexpuesta\",\"https:\\\/\\\/x.com\\\/https:\\\/\\\/x.com\\\/fracturatango\",\"https:\\\/\\\/www.youtube.com\\\/channel\\\/UCojA8Q0QDpnncOL8sfTHOHg\"],\"url\":\"https:\\\/\\\/www.fracturaexpuesta.com.ar\\\/gotan\\\/author\\\/fractura-expuesta\\\/\"}]}<\/script>\n<!-- \/ Yoast SEO plugin. -->","yoast_head_json":{"title":"Adam Tully: periplos de la vida en forma de tango &#187; Fractura Expuesta | Tango!","description":"El guitarrista neoyorkino edit\u00f3 \"Idas y vueltas\", un disco en el que vuelca sus vivencias personales en Argentina y su modo de entrecruzar al tango con otros sonidos.","robots":{"index":"index","follow":"follow","max-snippet":"max-snippet:-1","max-image-preview":"max-image-preview:large","max-video-preview":"max-video-preview:-1"},"canonical":"https:\/\/www.fracturaexpuesta.com.ar\/gotan\/adam-tully-periplos-de-la-vida-en-forma-de-tango\/","og_locale":"es_ES","og_type":"article","og_title":"Adam Tully: periplos de la vida en forma de tango","og_description":"El guitarrista neoyorkino edit\u00f3 \"Idas y vueltas\", un disco en el que vuelca sus vivencias personales en Argentina y su modo de entrecruzar al tango con otros sonidos.","og_url":"https:\/\/www.fracturaexpuesta.com.ar\/gotan\/adam-tully-periplos-de-la-vida-en-forma-de-tango\/","og_site_name":"Fractura Expuesta | Tango!","article_author":"https:\/\/www.facebook.com\/fracturaexpuestaok","article_published_time":"2025-04-07T21:04:42+00:00","article_modified_time":"2025-04-08T13:48:00+00:00","og_image":[{"width":950,"height":700,"url":"https:\/\/www.fracturaexpuesta.com.ar\/gotan\/wp-content\/uploads\/2025\/04\/Adam-Tully.png","type":"image\/png"}],"author":"Fractura Expuesta","twitter_card":"summary_large_image","twitter_title":"Adam Tully: periplos de la vida en forma de tango","twitter_description":"El guitarrista neoyorkino edit\u00f3 \"Idas y vueltas\", un disco en el que vuelca sus vivencias personales en Argentina y su modo de entrecruzar al tango con otros sonidos.","twitter_image":"https:\/\/www.fracturaexpuesta.com.ar\/gotan\/wp-content\/uploads\/2025\/04\/Adam-Tully.png","twitter_creator":"@https:\/\/x.com\/fracturatango","twitter_misc":{"Escrito por":"Fractura Expuesta","Tiempo de lectura":"3 minutos"},"schema":{"@context":"https:\/\/schema.org","@graph":[{"@type":"Article","@id":"https:\/\/www.fracturaexpuesta.com.ar\/gotan\/adam-tully-periplos-de-la-vida-en-forma-de-tango\/#article","isPartOf":{"@id":"https:\/\/www.fracturaexpuesta.com.ar\/gotan\/adam-tully-periplos-de-la-vida-en-forma-de-tango\/"},"author":{"name":"Fractura Expuesta","@id":"https:\/\/www.fracturaexpuesta.com.ar\/gotan\/#\/schema\/person\/d8266939f778485b13ad2174aa9e199e"},"headline":"Adam Tully: periplos de la vida en forma de tango","datePublished":"2025-04-07T21:04:42+00:00","dateModified":"2025-04-08T13:48:00+00:00","mainEntityOfPage":{"@id":"https:\/\/www.fracturaexpuesta.com.ar\/gotan\/adam-tully-periplos-de-la-vida-en-forma-de-tango\/"},"wordCount":403,"commentCount":0,"publisher":{"@id":"https:\/\/www.fracturaexpuesta.com.ar\/gotan\/#organization"},"image":{"@id":"https:\/\/www.fracturaexpuesta.com.ar\/gotan\/adam-tully-periplos-de-la-vida-en-forma-de-tango\/#primaryimage"},"thumbnailUrl":"https:\/\/www.fracturaexpuesta.com.ar\/gotan\/wp-content\/uploads\/2025\/04\/Adam-Tully.png","keywords":["Adam Tully","discos"],"articleSection":["Discos"],"inLanguage":"es-AR","potentialAction":[{"@type":"CommentAction","name":"Comment","target":["https:\/\/www.fracturaexpuesta.com.ar\/gotan\/adam-tully-periplos-de-la-vida-en-forma-de-tango\/#respond"]}]},{"@type":"WebPage","@id":"https:\/\/www.fracturaexpuesta.com.ar\/gotan\/adam-tully-periplos-de-la-vida-en-forma-de-tango\/","url":"https:\/\/www.fracturaexpuesta.com.ar\/gotan\/adam-tully-periplos-de-la-vida-en-forma-de-tango\/","name":"Adam Tully: periplos de la vida en forma de tango &#187; Fractura Expuesta | Tango!","isPartOf":{"@id":"https:\/\/www.fracturaexpuesta.com.ar\/gotan\/#website"},"primaryImageOfPage":{"@id":"https:\/\/www.fracturaexpuesta.com.ar\/gotan\/adam-tully-periplos-de-la-vida-en-forma-de-tango\/#primaryimage"},"image":{"@id":"https:\/\/www.fracturaexpuesta.com.ar\/gotan\/adam-tully-periplos-de-la-vida-en-forma-de-tango\/#primaryimage"},"thumbnailUrl":"https:\/\/www.fracturaexpuesta.com.ar\/gotan\/wp-content\/uploads\/2025\/04\/Adam-Tully.png","datePublished":"2025-04-07T21:04:42+00:00","dateModified":"2025-04-08T13:48:00+00:00","description":"El guitarrista neoyorkino edit\u00f3 \"Idas y vueltas\", un disco en el que vuelca sus vivencias personales en Argentina y su modo de entrecruzar al tango con otros sonidos.","breadcrumb":{"@id":"https:\/\/www.fracturaexpuesta.com.ar\/gotan\/adam-tully-periplos-de-la-vida-en-forma-de-tango\/#breadcrumb"},"inLanguage":"es-AR","potentialAction":[{"@type":"ReadAction","target":["https:\/\/www.fracturaexpuesta.com.ar\/gotan\/adam-tully-periplos-de-la-vida-en-forma-de-tango\/"]}]},{"@type":"ImageObject","inLanguage":"es-AR","@id":"https:\/\/www.fracturaexpuesta.com.ar\/gotan\/adam-tully-periplos-de-la-vida-en-forma-de-tango\/#primaryimage","url":"https:\/\/www.fracturaexpuesta.com.ar\/gotan\/wp-content\/uploads\/2025\/04\/Adam-Tully.png","contentUrl":"https:\/\/www.fracturaexpuesta.com.ar\/gotan\/wp-content\/uploads\/2025\/04\/Adam-Tully.png","width":950,"height":700,"caption":"Adam Tully"},{"@type":"BreadcrumbList","@id":"https:\/\/www.fracturaexpuesta.com.ar\/gotan\/adam-tully-periplos-de-la-vida-en-forma-de-tango\/#breadcrumb","itemListElement":[{"@type":"ListItem","position":1,"name":"Inicio","item":"https:\/\/www.fracturaexpuesta.com.ar\/gotan\/"},{"@type":"ListItem","position":2,"name":"Adam Tully: periplos de la vida en forma de tango"}]},{"@type":"WebSite","@id":"https:\/\/www.fracturaexpuesta.com.ar\/gotan\/#website","url":"https:\/\/www.fracturaexpuesta.com.ar\/gotan\/","name":"Fractura Expuesta | Tango!","description":"","publisher":{"@id":"https:\/\/www.fracturaexpuesta.com.ar\/gotan\/#organization"},"potentialAction":[{"@type":"SearchAction","target":{"@type":"EntryPoint","urlTemplate":"https:\/\/www.fracturaexpuesta.com.ar\/gotan\/?s={search_term_string}"},"query-input":{"@type":"PropertyValueSpecification","valueRequired":true,"valueName":"search_term_string"}}],"inLanguage":"es-AR"},{"@type":"Organization","@id":"https:\/\/www.fracturaexpuesta.com.ar\/gotan\/#organization","name":"Fractura Expuesta | Tango!","url":"https:\/\/www.fracturaexpuesta.com.ar\/gotan\/","logo":{"@type":"ImageObject","inLanguage":"es-AR","@id":"https:\/\/www.fracturaexpuesta.com.ar\/gotan\/#\/schema\/logo\/image\/","url":"https:\/\/www.fracturaexpuesta.com.ar\/gotan\/wp-content\/uploads\/2025\/03\/avatar2centroOK.jpg","contentUrl":"https:\/\/www.fracturaexpuesta.com.ar\/gotan\/wp-content\/uploads\/2025\/03\/avatar2centroOK.jpg","width":600,"height":600,"caption":"Fractura Expuesta | Tango!"},"image":{"@id":"https:\/\/www.fracturaexpuesta.com.ar\/gotan\/#\/schema\/logo\/image\/"}},{"@type":"Person","@id":"https:\/\/www.fracturaexpuesta.com.ar\/gotan\/#\/schema\/person\/d8266939f778485b13ad2174aa9e199e","name":"Fractura Expuesta","image":{"@type":"ImageObject","inLanguage":"es-AR","@id":"https:\/\/secure.gravatar.com\/avatar\/c4bad1eb9f93dd4a42df3aa8b8e8b882ff893fcea188ee15488a845db442d7ec?s=96&d=mm&r=g","url":"https:\/\/secure.gravatar.com\/avatar\/c4bad1eb9f93dd4a42df3aa8b8e8b882ff893fcea188ee15488a845db442d7ec?s=96&d=mm&r=g","contentUrl":"https:\/\/secure.gravatar.com\/avatar\/c4bad1eb9f93dd4a42df3aa8b8e8b882ff893fcea188ee15488a845db442d7ec?s=96&d=mm&r=g","caption":"Fractura Expuesta"},"description":"Sitio de tango y noticias culturales. Desde 2003, el espacio referente del tango de estos tiempos.","sameAs":["https:\/\/www.fracturaexpuesta.com.ar","https:\/\/www.facebook.com\/fracturaexpuestaok","https:\/\/www.instagram.com\/fracturaexpuesta","https:\/\/x.com\/https:\/\/x.com\/fracturatango","https:\/\/www.youtube.com\/channel\/UCojA8Q0QDpnncOL8sfTHOHg"],"url":"https:\/\/www.fracturaexpuesta.com.ar\/gotan\/author\/fractura-expuesta\/"}]}},"_links":{"self":[{"href":"https:\/\/www.fracturaexpuesta.com.ar\/gotan\/wp-json\/wp\/v2\/posts\/4496","targetHints":{"allow":["GET"]}}],"collection":[{"href":"https:\/\/www.fracturaexpuesta.com.ar\/gotan\/wp-json\/wp\/v2\/posts"}],"about":[{"href":"https:\/\/www.fracturaexpuesta.com.ar\/gotan\/wp-json\/wp\/v2\/types\/post"}],"author":[{"embeddable":true,"href":"https:\/\/www.fracturaexpuesta.com.ar\/gotan\/wp-json\/wp\/v2\/users\/1"}],"replies":[{"embeddable":true,"href":"https:\/\/www.fracturaexpuesta.com.ar\/gotan\/wp-json\/wp\/v2\/comments?post=4496"}],"version-history":[{"count":12,"href":"https:\/\/www.fracturaexpuesta.com.ar\/gotan\/wp-json\/wp\/v2\/posts\/4496\/revisions"}],"predecessor-version":[{"id":4521,"href":"https:\/\/www.fracturaexpuesta.com.ar\/gotan\/wp-json\/wp\/v2\/posts\/4496\/revisions\/4521"}],"wp:featuredmedia":[{"embeddable":true,"href":"https:\/\/www.fracturaexpuesta.com.ar\/gotan\/wp-json\/wp\/v2\/media\/4497"}],"wp:attachment":[{"href":"https:\/\/www.fracturaexpuesta.com.ar\/gotan\/wp-json\/wp\/v2\/media?parent=4496"}],"wp:term":[{"taxonomy":"category","embeddable":true,"href":"https:\/\/www.fracturaexpuesta.com.ar\/gotan\/wp-json\/wp\/v2\/categories?post=4496"},{"taxonomy":"post_tag","embeddable":true,"href":"https:\/\/www.fracturaexpuesta.com.ar\/gotan\/wp-json\/wp\/v2\/tags?post=4496"}],"curies":[{"name":"wp","href":"https:\/\/api.w.org\/{rel}","templated":true}]}}