{"id":4522,"date":"2025-04-09T04:56:00","date_gmt":"2025-04-09T07:56:00","guid":{"rendered":"https:\/\/www.fracturaexpuesta.com.ar\/gotan\/?p=4522"},"modified":"2025-04-08T17:04:32","modified_gmt":"2025-04-08T20:04:32","slug":"100-anos-de-eduardo-rovira-la-ambiciosa-conmemoracion-que-prepara-el-grupo-belga-sonico","status":"publish","type":"post","link":"https:\/\/www.fracturaexpuesta.com.ar\/gotan\/100-anos-de-eduardo-rovira-la-ambiciosa-conmemoracion-que-prepara-el-grupo-belga-sonico\/","title":{"rendered":"100 a\u00f1os de Eduardo Rovira: la ambiciosa conmemoraci\u00f3n que prepara el grupo belga S\u00f3nico"},"content":{"rendered":"\n<p class=\"wp-block-paragraph\">El 30 de abril se cumplen 100 a\u00f1os del nacimiento de <strong>Eduardo Rovira<\/strong>, el bandoneonista y compositor que dej\u00f3 una significativa huella est\u00e9tica en el tango del \u00faltimo tramo del siglo XX. Muri\u00f3 en 1980, a los 55 a\u00f1os.<\/p>\n\n\n\n<p class=\"wp-block-paragraph\">Desde hace varios a\u00f1os, el grupo belga <strong>S\u00f3nico<\/strong> -integrado por m\u00fasicos de B\u00e9lgica, Francia, EE.UU. y Argentina- revaloriza la figura de Rovira. Y ahora, a un siglo de su nacimiento lanz\u00f3 una ambiciosa propuesta de actividades que incluye <strong>una gira sudamericana<\/strong> -Argentina y Chile-, un <strong>nuevo \u00e1lbum<\/strong> grabado en Buenos Aires y una serie de <strong>eventos internacionales<\/strong>.<\/p>\n\n\n\n<p class=\"wp-block-paragraph\">Ser\u00e1 una confluencia de aniversarios, los 100 a\u00f1os del revolucionario compositor y los 10 a\u00f1os de trayectoria del grupo.<\/p>\n\n\n\n<h2 class=\"wp-block-heading\">La gira &#8220;Rovira100&#8221;<\/h2>\n\n\n\n<p class=\"wp-block-paragraph\">La conmemoraci\u00f3n comenzar\u00e1 con una gira que <strong>arrancar\u00e1 el 17 de abril<\/strong> con un concierto en el Aula Magna de la Universidad de Santiago de Chile. Ya en la Argentina, el recorrido nacional incluir\u00e1 varias provincias. El 18 de abril S\u00f3nico estar\u00e1 en el Teatro del Bicentenario (San Juan), el 19 en el Teatro del Libertador (C\u00f3rdoba), el 20 en el Teatro Municipal de R\u00edo Cuarto y cerrar\u00e1 el 23 del abril en el Mozarteum Argentino del Palacio Libertad (CABA).<\/p>\n\n\n\n<figure class=\"wp-block-image size-large\"><img loading=\"lazy\" decoding=\"async\" width=\"1024\" height=\"640\" src=\"https:\/\/www.fracturaexpuesta.com.ar\/gotan\/wp-content\/uploads\/2025\/04\/SONICO-Rovira-100_2025_1-1024x640.jpg\" alt=\"\" class=\"wp-image-4525\" srcset=\"https:\/\/www.fracturaexpuesta.com.ar\/gotan\/wp-content\/uploads\/2025\/04\/SONICO-Rovira-100_2025_1-1024x640.jpg 1024w, https:\/\/www.fracturaexpuesta.com.ar\/gotan\/wp-content\/uploads\/2025\/04\/SONICO-Rovira-100_2025_1-300x188.jpg 300w, https:\/\/www.fracturaexpuesta.com.ar\/gotan\/wp-content\/uploads\/2025\/04\/SONICO-Rovira-100_2025_1-768x480.jpg 768w, https:\/\/www.fracturaexpuesta.com.ar\/gotan\/wp-content\/uploads\/2025\/04\/SONICO-Rovira-100_2025_1-60x38.jpg 60w, https:\/\/www.fracturaexpuesta.com.ar\/gotan\/wp-content\/uploads\/2025\/04\/SONICO-Rovira-100_2025_1.jpg 1200w\" sizes=\"auto, (max-width: 1024px) 100vw, 1024px\" \/><figcaption class=\"wp-element-caption\"><em><mark style=\"background-color:rgba(0, 0, 0, 0)\" class=\"has-inline-color has-cyan-bluish-gray-color\">Sonico, resonancias de Rovira en di\u00e1logo con el presente<\/mark><\/em><\/figcaption><\/figure>\n\n\n\n<p class=\"wp-block-paragraph\">Durante la gira, el trabajo de recuperaci\u00f3n del patrimonio realizado por S\u00f3nico ser\u00e1 declarado de inter\u00e9s por la Legislatura Porte\u00f1a<\/p>\n\n\n\n<h2 class=\"wp-block-heading\">El disco <\/h2>\n\n\n\n<p class=\"wp-block-paragraph\">Desde su creaci\u00f3n,\u00a0la agrupaci\u00f3n ha rescatado y transcrito m\u00e1s de 70 obras de Rovira a partir de manuscritos y grabaciones no comerciales.<\/p>\n\n\n\n<p class=\"wp-block-paragraph\">Para fines de abril grabar\u00e1n en Buenos Aires <strong>su nuevo \u00e1lbum<\/strong>, material que se titular\u00e1 tambi\u00e9n <em>Rovira 100<\/em> y en el que revitalizar\u00e1n dos trabajos ic\u00f3nicos de Rovira, <em>S\u00f3nico<\/em> (1969) y <em>Que lo Paren<\/em> (1975).<\/p>\n\n\n\n<p class=\"wp-block-paragraph\">&#8220;Hubo un tiempo en que Rovira fue m\u00e1s revolucionario que yo&#8221;, dec\u00eda Piazzolla sobre la m\u00fasica del bandoneonista.<\/p>\n\n\n<div class=\"wp-block-image\">\n<figure class=\"aligncenter size-full\"><img loading=\"lazy\" decoding=\"async\" width=\"472\" height=\"600\" src=\"https:\/\/www.fracturaexpuesta.com.ar\/gotan\/wp-content\/uploads\/2025\/04\/eduardo-rovira.png\" alt=\"\" class=\"wp-image-4529\" srcset=\"https:\/\/www.fracturaexpuesta.com.ar\/gotan\/wp-content\/uploads\/2025\/04\/eduardo-rovira.png 472w, https:\/\/www.fracturaexpuesta.com.ar\/gotan\/wp-content\/uploads\/2025\/04\/eduardo-rovira-236x300.png 236w, https:\/\/www.fracturaexpuesta.com.ar\/gotan\/wp-content\/uploads\/2025\/04\/eduardo-rovira-60x76.png 60w\" sizes=\"auto, (max-width: 472px) 100vw, 472px\" \/><figcaption class=\"wp-element-caption\"><em><mark style=\"background-color:rgba(0, 0, 0, 0)\" class=\"has-inline-color has-cyan-bluish-gray-color\">Eduardo Rovira<\/mark><\/em><\/figcaption><\/figure>\n<\/div>\n\n\n<h2 class=\"wp-block-heading\">Un festejo global<\/h2>\n\n\n\n<p class=\"wp-block-paragraph\">M\u00e1s all\u00e1 del \u00e1lbum conmemorativo y la gira, Rovira 100 abarca adem\u00e1s un a\u00f1o de celebraciones con distintos programas. All\u00ed aparecen:<\/p>\n\n\n\n<p class=\"wp-block-paragraph\">&#8211; <strong>The Edge of Tango<\/strong>: un espect\u00e1culo que recorre los inicios del tango moderno uniendo las obras de Piazzolla y Rovira, a trav\u00e9s de sus primeras formaciones.<br>&#8211; <strong>Five, Six, Seven, Eight<\/strong>: puesta en escena del ballet &#8220;Tango Buenos Aires&#8221; de Rovira, influenciado por la m\u00fasica de Stravinsky.<br>&#8211; <strong>Residencia Creativa en Europa<\/strong>: desarrollo del espect\u00e1culo para la presentaci\u00f3n del quinto \u00e1lbum de SONICO en el Centro Cultural Strombeek Grimbergen (B\u00e9lgica), con estreno previsto para el 20 de noviembre de 2025.<br>&#8211; <strong>Sinfon\u00eda de Tango<\/strong>: estreno de una creaci\u00f3n de tango-sinf\u00f3nico junto a la Brussels Philharmonic en BOZAR Bruselas, previsto para el 7 de marzo de 2026.<br>&#8211; <strong>\u201cRovira Integral\u201d<\/strong>: retrospectiva \u00fanica que abarca toda la evoluci\u00f3n art\u00edstica de Rovira, con el estreno en el Antwerpen Spring Festival en mayo de 2026.<\/p>\n\n\n\n<figure class=\"wp-block-embed is-type-video is-provider-youtube wp-block-embed-youtube wp-embed-aspect-16-9 wp-has-aspect-ratio\"><div class=\"wp-block-embed__wrapper\">\n<iframe loading=\"lazy\" title=\"\ud835\uddd6\ud835\udddc\ud835\udde8\ud835\uddd7\ud835\uddd4\ud835\uddd7 \ud835\udde7\ud835\uddd4\ud835\udde1\ud835\uddda\ud835\udde2 (Eduardo Rovira)\" width=\"1170\" height=\"658\" src=\"https:\/\/www.youtube.com\/embed\/gmhFByuLwjo?feature=oembed\" frameborder=\"0\" allow=\"accelerometer; autoplay; clipboard-write; encrypted-media; gyroscope; picture-in-picture; web-share\" referrerpolicy=\"strict-origin-when-cross-origin\" allowfullscreen><\/iframe>\n<\/div><\/figure>\n","protected":false},"excerpt":{"rendered":"<p>El grupo que redescubre la obra de Eduardo Rovira lanz\u00f3 un extenso programa de actividades para celebrar los 100 a\u00f1os del bandoneonista argentino y los 10 a\u00f1os de la agrupaci\u00f3n.<\/p>\n","protected":false},"author":1,"featured_media":4523,"comment_status":"open","ping_status":"open","sticky":false,"template":"","format":"standard","meta":{"footnotes":""},"categories":[122],"tags":[81,149,148],"class_list":["post-4522","post","type-post","status-publish","format-standard","has-post-thumbnail","hentry","category-radar-tango","tag-discos","tag-eduardo-rovira","tag-sonico"],"yoast_head":"<!-- This site is optimized with the Yoast SEO plugin v28.4 - https:\/\/yoast.com\/product\/yoast-seo-wordpress\/ -->\n<title>100 a\u00f1os de Eduardo Rovira: la ambiciosa conmemoraci\u00f3n que prepara el grupo belga S\u00f3nico &#187; Fractura Expuesta | Tango!<\/title>\n<meta name=\"description\" content=\"El grupo que redescubre la obra de Eduardo Rovira lanz\u00f3 un extenso programa de actividades para celebrar los 100 a\u00f1os del bandoneonista argentino y los 10 a\u00f1os de la agrupaci\u00f3n.\" \/>\n<meta name=\"robots\" content=\"index, follow, max-snippet:-1, max-image-preview:large, max-video-preview:-1\" \/>\n<link rel=\"canonical\" href=\"https:\/\/www.fracturaexpuesta.com.ar\/gotan\/100-anos-de-eduardo-rovira-la-ambiciosa-conmemoracion-que-prepara-el-grupo-belga-sonico\/\" \/>\n<meta property=\"og:locale\" content=\"es_ES\" \/>\n<meta property=\"og:type\" content=\"article\" \/>\n<meta property=\"og:title\" content=\"100 a\u00f1os de Eduardo Rovira: la ambiciosa conmemoraci\u00f3n que prepara el grupo belga S\u00f3nico\" \/>\n<meta property=\"og:description\" content=\"El grupo que redescubre la obra de Eduardo Rovira lanz\u00f3 un extenso programa de actividades para celebrar los 100 a\u00f1os del bandoneonista argentino y los 10 a\u00f1os de la agrupaci\u00f3n.\" \/>\n<meta property=\"og:url\" content=\"https:\/\/www.fracturaexpuesta.com.ar\/gotan\/100-anos-de-eduardo-rovira-la-ambiciosa-conmemoracion-que-prepara-el-grupo-belga-sonico\/\" \/>\n<meta property=\"og:site_name\" content=\"Fractura Expuesta | Tango!\" \/>\n<meta property=\"article:author\" content=\"https:\/\/www.facebook.com\/fracturaexpuestaok\" \/>\n<meta property=\"article:published_time\" content=\"2025-04-09T07:56:00+00:00\" \/>\n<meta property=\"og:image\" content=\"https:\/\/www.fracturaexpuesta.com.ar\/gotan\/wp-content\/uploads\/2025\/04\/SONICO-Rovira-100_2025.jpg\" \/>\n\t<meta property=\"og:image:width\" content=\"1245\" \/>\n\t<meta property=\"og:image:height\" content=\"700\" \/>\n\t<meta property=\"og:image:type\" content=\"image\/jpeg\" \/>\n<meta name=\"author\" content=\"Fractura Expuesta\" \/>\n<meta name=\"twitter:card\" content=\"summary_large_image\" \/>\n<meta name=\"twitter:title\" content=\"100 a\u00f1os de Eduardo Rovira: la ambiciosa conmemoraci\u00f3n que prepara el grupo belga S\u00f3nico\" \/>\n<meta name=\"twitter:description\" content=\"El grupo que redescubre la obra de Eduardo Rovira lanz\u00f3 un extenso programa de actividades para celebrar los 100 a\u00f1os del bandoneonista argentino y los 10 a\u00f1os de la agrupaci\u00f3n.\" \/>\n<meta name=\"twitter:image\" content=\"https:\/\/www.fracturaexpuesta.com.ar\/gotan\/wp-content\/uploads\/2025\/04\/SONICO-Rovira-100_2025.jpg\" \/>\n<meta name=\"twitter:creator\" content=\"@https:\/\/x.com\/fracturatango\" \/>\n<meta name=\"twitter:label1\" content=\"Escrito por\" \/>\n\t<meta name=\"twitter:data1\" content=\"Fractura Expuesta\" \/>\n\t<meta name=\"twitter:label2\" content=\"Tiempo de lectura\" \/>\n\t<meta name=\"twitter:data2\" content=\"3 minutos\" \/>\n<script type=\"application\/ld+json\" class=\"yoast-schema-graph\">{\"@context\":\"https:\\\/\\\/schema.org\",\"@graph\":[{\"@type\":\"Article\",\"@id\":\"https:\\\/\\\/www.fracturaexpuesta.com.ar\\\/gotan\\\/100-anos-de-eduardo-rovira-la-ambiciosa-conmemoracion-que-prepara-el-grupo-belga-sonico\\\/#article\",\"isPartOf\":{\"@id\":\"https:\\\/\\\/www.fracturaexpuesta.com.ar\\\/gotan\\\/100-anos-de-eduardo-rovira-la-ambiciosa-conmemoracion-que-prepara-el-grupo-belga-sonico\\\/\"},\"author\":{\"name\":\"Fractura Expuesta\",\"@id\":\"https:\\\/\\\/www.fracturaexpuesta.com.ar\\\/gotan\\\/#\\\/schema\\\/person\\\/d8266939f778485b13ad2174aa9e199e\"},\"headline\":\"100 a\u00f1os de Eduardo Rovira: la ambiciosa conmemoraci\u00f3n que prepara el grupo belga S\u00f3nico\",\"datePublished\":\"2025-04-09T07:56:00+00:00\",\"mainEntityOfPage\":{\"@id\":\"https:\\\/\\\/www.fracturaexpuesta.com.ar\\\/gotan\\\/100-anos-de-eduardo-rovira-la-ambiciosa-conmemoracion-que-prepara-el-grupo-belga-sonico\\\/\"},\"wordCount\":509,\"commentCount\":0,\"publisher\":{\"@id\":\"https:\\\/\\\/www.fracturaexpuesta.com.ar\\\/gotan\\\/#organization\"},\"image\":{\"@id\":\"https:\\\/\\\/www.fracturaexpuesta.com.ar\\\/gotan\\\/100-anos-de-eduardo-rovira-la-ambiciosa-conmemoracion-que-prepara-el-grupo-belga-sonico\\\/#primaryimage\"},\"thumbnailUrl\":\"https:\\\/\\\/www.fracturaexpuesta.com.ar\\\/gotan\\\/wp-content\\\/uploads\\\/2025\\\/04\\\/SONICO-Rovira-100_2025.jpg\",\"keywords\":[\"discos\",\"Eduardo Rovira\",\"sonico\"],\"articleSection\":[\"Radar Tango\"],\"inLanguage\":\"es-AR\",\"potentialAction\":[{\"@type\":\"CommentAction\",\"name\":\"Comment\",\"target\":[\"https:\\\/\\\/www.fracturaexpuesta.com.ar\\\/gotan\\\/100-anos-de-eduardo-rovira-la-ambiciosa-conmemoracion-que-prepara-el-grupo-belga-sonico\\\/#respond\"]}]},{\"@type\":\"WebPage\",\"@id\":\"https:\\\/\\\/www.fracturaexpuesta.com.ar\\\/gotan\\\/100-anos-de-eduardo-rovira-la-ambiciosa-conmemoracion-que-prepara-el-grupo-belga-sonico\\\/\",\"url\":\"https:\\\/\\\/www.fracturaexpuesta.com.ar\\\/gotan\\\/100-anos-de-eduardo-rovira-la-ambiciosa-conmemoracion-que-prepara-el-grupo-belga-sonico\\\/\",\"name\":\"100 a\u00f1os de Eduardo Rovira: la ambiciosa conmemoraci\u00f3n que prepara el grupo belga S\u00f3nico &#187; Fractura Expuesta | Tango!\",\"isPartOf\":{\"@id\":\"https:\\\/\\\/www.fracturaexpuesta.com.ar\\\/gotan\\\/#website\"},\"primaryImageOfPage\":{\"@id\":\"https:\\\/\\\/www.fracturaexpuesta.com.ar\\\/gotan\\\/100-anos-de-eduardo-rovira-la-ambiciosa-conmemoracion-que-prepara-el-grupo-belga-sonico\\\/#primaryimage\"},\"image\":{\"@id\":\"https:\\\/\\\/www.fracturaexpuesta.com.ar\\\/gotan\\\/100-anos-de-eduardo-rovira-la-ambiciosa-conmemoracion-que-prepara-el-grupo-belga-sonico\\\/#primaryimage\"},\"thumbnailUrl\":\"https:\\\/\\\/www.fracturaexpuesta.com.ar\\\/gotan\\\/wp-content\\\/uploads\\\/2025\\\/04\\\/SONICO-Rovira-100_2025.jpg\",\"datePublished\":\"2025-04-09T07:56:00+00:00\",\"description\":\"El grupo que redescubre la obra de Eduardo Rovira lanz\u00f3 un extenso programa de actividades para celebrar los 100 a\u00f1os del bandoneonista argentino y los 10 a\u00f1os de la agrupaci\u00f3n.\",\"breadcrumb\":{\"@id\":\"https:\\\/\\\/www.fracturaexpuesta.com.ar\\\/gotan\\\/100-anos-de-eduardo-rovira-la-ambiciosa-conmemoracion-que-prepara-el-grupo-belga-sonico\\\/#breadcrumb\"},\"inLanguage\":\"es-AR\",\"potentialAction\":[{\"@type\":\"ReadAction\",\"target\":[\"https:\\\/\\\/www.fracturaexpuesta.com.ar\\\/gotan\\\/100-anos-de-eduardo-rovira-la-ambiciosa-conmemoracion-que-prepara-el-grupo-belga-sonico\\\/\"]}]},{\"@type\":\"ImageObject\",\"inLanguage\":\"es-AR\",\"@id\":\"https:\\\/\\\/www.fracturaexpuesta.com.ar\\\/gotan\\\/100-anos-de-eduardo-rovira-la-ambiciosa-conmemoracion-que-prepara-el-grupo-belga-sonico\\\/#primaryimage\",\"url\":\"https:\\\/\\\/www.fracturaexpuesta.com.ar\\\/gotan\\\/wp-content\\\/uploads\\\/2025\\\/04\\\/SONICO-Rovira-100_2025.jpg\",\"contentUrl\":\"https:\\\/\\\/www.fracturaexpuesta.com.ar\\\/gotan\\\/wp-content\\\/uploads\\\/2025\\\/04\\\/SONICO-Rovira-100_2025.jpg\",\"width\":1245,\"height\":700,\"caption\":\"Sonico\"},{\"@type\":\"BreadcrumbList\",\"@id\":\"https:\\\/\\\/www.fracturaexpuesta.com.ar\\\/gotan\\\/100-anos-de-eduardo-rovira-la-ambiciosa-conmemoracion-que-prepara-el-grupo-belga-sonico\\\/#breadcrumb\",\"itemListElement\":[{\"@type\":\"ListItem\",\"position\":1,\"name\":\"Inicio\",\"item\":\"https:\\\/\\\/www.fracturaexpuesta.com.ar\\\/gotan\\\/\"},{\"@type\":\"ListItem\",\"position\":2,\"name\":\"100 a\u00f1os de Eduardo Rovira: la ambiciosa conmemoraci\u00f3n que prepara el grupo belga S\u00f3nico\"}]},{\"@type\":\"WebSite\",\"@id\":\"https:\\\/\\\/www.fracturaexpuesta.com.ar\\\/gotan\\\/#website\",\"url\":\"https:\\\/\\\/www.fracturaexpuesta.com.ar\\\/gotan\\\/\",\"name\":\"Fractura Expuesta | Tango!\",\"description\":\"\",\"publisher\":{\"@id\":\"https:\\\/\\\/www.fracturaexpuesta.com.ar\\\/gotan\\\/#organization\"},\"potentialAction\":[{\"@type\":\"SearchAction\",\"target\":{\"@type\":\"EntryPoint\",\"urlTemplate\":\"https:\\\/\\\/www.fracturaexpuesta.com.ar\\\/gotan\\\/?s={search_term_string}\"},\"query-input\":{\"@type\":\"PropertyValueSpecification\",\"valueRequired\":true,\"valueName\":\"search_term_string\"}}],\"inLanguage\":\"es-AR\"},{\"@type\":\"Organization\",\"@id\":\"https:\\\/\\\/www.fracturaexpuesta.com.ar\\\/gotan\\\/#organization\",\"name\":\"Fractura Expuesta | Tango!\",\"url\":\"https:\\\/\\\/www.fracturaexpuesta.com.ar\\\/gotan\\\/\",\"logo\":{\"@type\":\"ImageObject\",\"inLanguage\":\"es-AR\",\"@id\":\"https:\\\/\\\/www.fracturaexpuesta.com.ar\\\/gotan\\\/#\\\/schema\\\/logo\\\/image\\\/\",\"url\":\"https:\\\/\\\/www.fracturaexpuesta.com.ar\\\/gotan\\\/wp-content\\\/uploads\\\/2025\\\/03\\\/avatar2centroOK.jpg\",\"contentUrl\":\"https:\\\/\\\/www.fracturaexpuesta.com.ar\\\/gotan\\\/wp-content\\\/uploads\\\/2025\\\/03\\\/avatar2centroOK.jpg\",\"width\":600,\"height\":600,\"caption\":\"Fractura Expuesta | Tango!\"},\"image\":{\"@id\":\"https:\\\/\\\/www.fracturaexpuesta.com.ar\\\/gotan\\\/#\\\/schema\\\/logo\\\/image\\\/\"}},{\"@type\":\"Person\",\"@id\":\"https:\\\/\\\/www.fracturaexpuesta.com.ar\\\/gotan\\\/#\\\/schema\\\/person\\\/d8266939f778485b13ad2174aa9e199e\",\"name\":\"Fractura Expuesta\",\"image\":{\"@type\":\"ImageObject\",\"inLanguage\":\"es-AR\",\"@id\":\"https:\\\/\\\/secure.gravatar.com\\\/avatar\\\/c4bad1eb9f93dd4a42df3aa8b8e8b882ff893fcea188ee15488a845db442d7ec?s=96&d=mm&r=g\",\"url\":\"https:\\\/\\\/secure.gravatar.com\\\/avatar\\\/c4bad1eb9f93dd4a42df3aa8b8e8b882ff893fcea188ee15488a845db442d7ec?s=96&d=mm&r=g\",\"contentUrl\":\"https:\\\/\\\/secure.gravatar.com\\\/avatar\\\/c4bad1eb9f93dd4a42df3aa8b8e8b882ff893fcea188ee15488a845db442d7ec?s=96&d=mm&r=g\",\"caption\":\"Fractura Expuesta\"},\"description\":\"Sitio de tango y noticias culturales. Desde 2003, el espacio referente del tango de estos tiempos.\",\"sameAs\":[\"https:\\\/\\\/www.fracturaexpuesta.com.ar\",\"https:\\\/\\\/www.facebook.com\\\/fracturaexpuestaok\",\"https:\\\/\\\/www.instagram.com\\\/fracturaexpuesta\",\"https:\\\/\\\/x.com\\\/https:\\\/\\\/x.com\\\/fracturatango\",\"https:\\\/\\\/www.youtube.com\\\/channel\\\/UCojA8Q0QDpnncOL8sfTHOHg\"],\"url\":\"https:\\\/\\\/www.fracturaexpuesta.com.ar\\\/gotan\\\/author\\\/fractura-expuesta\\\/\"}]}<\/script>\n<!-- \/ Yoast SEO plugin. -->","yoast_head_json":{"title":"100 a\u00f1os de Eduardo Rovira: la ambiciosa conmemoraci\u00f3n que prepara el grupo belga S\u00f3nico &#187; Fractura Expuesta | Tango!","description":"El grupo que redescubre la obra de Eduardo Rovira lanz\u00f3 un extenso programa de actividades para celebrar los 100 a\u00f1os del bandoneonista argentino y los 10 a\u00f1os de la agrupaci\u00f3n.","robots":{"index":"index","follow":"follow","max-snippet":"max-snippet:-1","max-image-preview":"max-image-preview:large","max-video-preview":"max-video-preview:-1"},"canonical":"https:\/\/www.fracturaexpuesta.com.ar\/gotan\/100-anos-de-eduardo-rovira-la-ambiciosa-conmemoracion-que-prepara-el-grupo-belga-sonico\/","og_locale":"es_ES","og_type":"article","og_title":"100 a\u00f1os de Eduardo Rovira: la ambiciosa conmemoraci\u00f3n que prepara el grupo belga S\u00f3nico","og_description":"El grupo que redescubre la obra de Eduardo Rovira lanz\u00f3 un extenso programa de actividades para celebrar los 100 a\u00f1os del bandoneonista argentino y los 10 a\u00f1os de la agrupaci\u00f3n.","og_url":"https:\/\/www.fracturaexpuesta.com.ar\/gotan\/100-anos-de-eduardo-rovira-la-ambiciosa-conmemoracion-que-prepara-el-grupo-belga-sonico\/","og_site_name":"Fractura Expuesta | Tango!","article_author":"https:\/\/www.facebook.com\/fracturaexpuestaok","article_published_time":"2025-04-09T07:56:00+00:00","og_image":[{"width":1245,"height":700,"url":"https:\/\/www.fracturaexpuesta.com.ar\/gotan\/wp-content\/uploads\/2025\/04\/SONICO-Rovira-100_2025.jpg","type":"image\/jpeg"}],"author":"Fractura Expuesta","twitter_card":"summary_large_image","twitter_title":"100 a\u00f1os de Eduardo Rovira: la ambiciosa conmemoraci\u00f3n que prepara el grupo belga S\u00f3nico","twitter_description":"El grupo que redescubre la obra de Eduardo Rovira lanz\u00f3 un extenso programa de actividades para celebrar los 100 a\u00f1os del bandoneonista argentino y los 10 a\u00f1os de la agrupaci\u00f3n.","twitter_image":"https:\/\/www.fracturaexpuesta.com.ar\/gotan\/wp-content\/uploads\/2025\/04\/SONICO-Rovira-100_2025.jpg","twitter_creator":"@https:\/\/x.com\/fracturatango","twitter_misc":{"Escrito por":"Fractura Expuesta","Tiempo de lectura":"3 minutos"},"schema":{"@context":"https:\/\/schema.org","@graph":[{"@type":"Article","@id":"https:\/\/www.fracturaexpuesta.com.ar\/gotan\/100-anos-de-eduardo-rovira-la-ambiciosa-conmemoracion-que-prepara-el-grupo-belga-sonico\/#article","isPartOf":{"@id":"https:\/\/www.fracturaexpuesta.com.ar\/gotan\/100-anos-de-eduardo-rovira-la-ambiciosa-conmemoracion-que-prepara-el-grupo-belga-sonico\/"},"author":{"name":"Fractura Expuesta","@id":"https:\/\/www.fracturaexpuesta.com.ar\/gotan\/#\/schema\/person\/d8266939f778485b13ad2174aa9e199e"},"headline":"100 a\u00f1os de Eduardo Rovira: la ambiciosa conmemoraci\u00f3n que prepara el grupo belga S\u00f3nico","datePublished":"2025-04-09T07:56:00+00:00","mainEntityOfPage":{"@id":"https:\/\/www.fracturaexpuesta.com.ar\/gotan\/100-anos-de-eduardo-rovira-la-ambiciosa-conmemoracion-que-prepara-el-grupo-belga-sonico\/"},"wordCount":509,"commentCount":0,"publisher":{"@id":"https:\/\/www.fracturaexpuesta.com.ar\/gotan\/#organization"},"image":{"@id":"https:\/\/www.fracturaexpuesta.com.ar\/gotan\/100-anos-de-eduardo-rovira-la-ambiciosa-conmemoracion-que-prepara-el-grupo-belga-sonico\/#primaryimage"},"thumbnailUrl":"https:\/\/www.fracturaexpuesta.com.ar\/gotan\/wp-content\/uploads\/2025\/04\/SONICO-Rovira-100_2025.jpg","keywords":["discos","Eduardo Rovira","sonico"],"articleSection":["Radar Tango"],"inLanguage":"es-AR","potentialAction":[{"@type":"CommentAction","name":"Comment","target":["https:\/\/www.fracturaexpuesta.com.ar\/gotan\/100-anos-de-eduardo-rovira-la-ambiciosa-conmemoracion-que-prepara-el-grupo-belga-sonico\/#respond"]}]},{"@type":"WebPage","@id":"https:\/\/www.fracturaexpuesta.com.ar\/gotan\/100-anos-de-eduardo-rovira-la-ambiciosa-conmemoracion-que-prepara-el-grupo-belga-sonico\/","url":"https:\/\/www.fracturaexpuesta.com.ar\/gotan\/100-anos-de-eduardo-rovira-la-ambiciosa-conmemoracion-que-prepara-el-grupo-belga-sonico\/","name":"100 a\u00f1os de Eduardo Rovira: la ambiciosa conmemoraci\u00f3n que prepara el grupo belga S\u00f3nico &#187; Fractura Expuesta | Tango!","isPartOf":{"@id":"https:\/\/www.fracturaexpuesta.com.ar\/gotan\/#website"},"primaryImageOfPage":{"@id":"https:\/\/www.fracturaexpuesta.com.ar\/gotan\/100-anos-de-eduardo-rovira-la-ambiciosa-conmemoracion-que-prepara-el-grupo-belga-sonico\/#primaryimage"},"image":{"@id":"https:\/\/www.fracturaexpuesta.com.ar\/gotan\/100-anos-de-eduardo-rovira-la-ambiciosa-conmemoracion-que-prepara-el-grupo-belga-sonico\/#primaryimage"},"thumbnailUrl":"https:\/\/www.fracturaexpuesta.com.ar\/gotan\/wp-content\/uploads\/2025\/04\/SONICO-Rovira-100_2025.jpg","datePublished":"2025-04-09T07:56:00+00:00","description":"El grupo que redescubre la obra de Eduardo Rovira lanz\u00f3 un extenso programa de actividades para celebrar los 100 a\u00f1os del bandoneonista argentino y los 10 a\u00f1os de la agrupaci\u00f3n.","breadcrumb":{"@id":"https:\/\/www.fracturaexpuesta.com.ar\/gotan\/100-anos-de-eduardo-rovira-la-ambiciosa-conmemoracion-que-prepara-el-grupo-belga-sonico\/#breadcrumb"},"inLanguage":"es-AR","potentialAction":[{"@type":"ReadAction","target":["https:\/\/www.fracturaexpuesta.com.ar\/gotan\/100-anos-de-eduardo-rovira-la-ambiciosa-conmemoracion-que-prepara-el-grupo-belga-sonico\/"]}]},{"@type":"ImageObject","inLanguage":"es-AR","@id":"https:\/\/www.fracturaexpuesta.com.ar\/gotan\/100-anos-de-eduardo-rovira-la-ambiciosa-conmemoracion-que-prepara-el-grupo-belga-sonico\/#primaryimage","url":"https:\/\/www.fracturaexpuesta.com.ar\/gotan\/wp-content\/uploads\/2025\/04\/SONICO-Rovira-100_2025.jpg","contentUrl":"https:\/\/www.fracturaexpuesta.com.ar\/gotan\/wp-content\/uploads\/2025\/04\/SONICO-Rovira-100_2025.jpg","width":1245,"height":700,"caption":"Sonico"},{"@type":"BreadcrumbList","@id":"https:\/\/www.fracturaexpuesta.com.ar\/gotan\/100-anos-de-eduardo-rovira-la-ambiciosa-conmemoracion-que-prepara-el-grupo-belga-sonico\/#breadcrumb","itemListElement":[{"@type":"ListItem","position":1,"name":"Inicio","item":"https:\/\/www.fracturaexpuesta.com.ar\/gotan\/"},{"@type":"ListItem","position":2,"name":"100 a\u00f1os de Eduardo Rovira: la ambiciosa conmemoraci\u00f3n que prepara el grupo belga S\u00f3nico"}]},{"@type":"WebSite","@id":"https:\/\/www.fracturaexpuesta.com.ar\/gotan\/#website","url":"https:\/\/www.fracturaexpuesta.com.ar\/gotan\/","name":"Fractura Expuesta | Tango!","description":"","publisher":{"@id":"https:\/\/www.fracturaexpuesta.com.ar\/gotan\/#organization"},"potentialAction":[{"@type":"SearchAction","target":{"@type":"EntryPoint","urlTemplate":"https:\/\/www.fracturaexpuesta.com.ar\/gotan\/?s={search_term_string}"},"query-input":{"@type":"PropertyValueSpecification","valueRequired":true,"valueName":"search_term_string"}}],"inLanguage":"es-AR"},{"@type":"Organization","@id":"https:\/\/www.fracturaexpuesta.com.ar\/gotan\/#organization","name":"Fractura Expuesta | Tango!","url":"https:\/\/www.fracturaexpuesta.com.ar\/gotan\/","logo":{"@type":"ImageObject","inLanguage":"es-AR","@id":"https:\/\/www.fracturaexpuesta.com.ar\/gotan\/#\/schema\/logo\/image\/","url":"https:\/\/www.fracturaexpuesta.com.ar\/gotan\/wp-content\/uploads\/2025\/03\/avatar2centroOK.jpg","contentUrl":"https:\/\/www.fracturaexpuesta.com.ar\/gotan\/wp-content\/uploads\/2025\/03\/avatar2centroOK.jpg","width":600,"height":600,"caption":"Fractura Expuesta | Tango!"},"image":{"@id":"https:\/\/www.fracturaexpuesta.com.ar\/gotan\/#\/schema\/logo\/image\/"}},{"@type":"Person","@id":"https:\/\/www.fracturaexpuesta.com.ar\/gotan\/#\/schema\/person\/d8266939f778485b13ad2174aa9e199e","name":"Fractura Expuesta","image":{"@type":"ImageObject","inLanguage":"es-AR","@id":"https:\/\/secure.gravatar.com\/avatar\/c4bad1eb9f93dd4a42df3aa8b8e8b882ff893fcea188ee15488a845db442d7ec?s=96&d=mm&r=g","url":"https:\/\/secure.gravatar.com\/avatar\/c4bad1eb9f93dd4a42df3aa8b8e8b882ff893fcea188ee15488a845db442d7ec?s=96&d=mm&r=g","contentUrl":"https:\/\/secure.gravatar.com\/avatar\/c4bad1eb9f93dd4a42df3aa8b8e8b882ff893fcea188ee15488a845db442d7ec?s=96&d=mm&r=g","caption":"Fractura Expuesta"},"description":"Sitio de tango y noticias culturales. Desde 2003, el espacio referente del tango de estos tiempos.","sameAs":["https:\/\/www.fracturaexpuesta.com.ar","https:\/\/www.facebook.com\/fracturaexpuestaok","https:\/\/www.instagram.com\/fracturaexpuesta","https:\/\/x.com\/https:\/\/x.com\/fracturatango","https:\/\/www.youtube.com\/channel\/UCojA8Q0QDpnncOL8sfTHOHg"],"url":"https:\/\/www.fracturaexpuesta.com.ar\/gotan\/author\/fractura-expuesta\/"}]}},"_links":{"self":[{"href":"https:\/\/www.fracturaexpuesta.com.ar\/gotan\/wp-json\/wp\/v2\/posts\/4522","targetHints":{"allow":["GET"]}}],"collection":[{"href":"https:\/\/www.fracturaexpuesta.com.ar\/gotan\/wp-json\/wp\/v2\/posts"}],"about":[{"href":"https:\/\/www.fracturaexpuesta.com.ar\/gotan\/wp-json\/wp\/v2\/types\/post"}],"author":[{"embeddable":true,"href":"https:\/\/www.fracturaexpuesta.com.ar\/gotan\/wp-json\/wp\/v2\/users\/1"}],"replies":[{"embeddable":true,"href":"https:\/\/www.fracturaexpuesta.com.ar\/gotan\/wp-json\/wp\/v2\/comments?post=4522"}],"version-history":[{"count":9,"href":"https:\/\/www.fracturaexpuesta.com.ar\/gotan\/wp-json\/wp\/v2\/posts\/4522\/revisions"}],"predecessor-version":[{"id":4535,"href":"https:\/\/www.fracturaexpuesta.com.ar\/gotan\/wp-json\/wp\/v2\/posts\/4522\/revisions\/4535"}],"wp:featuredmedia":[{"embeddable":true,"href":"https:\/\/www.fracturaexpuesta.com.ar\/gotan\/wp-json\/wp\/v2\/media\/4523"}],"wp:attachment":[{"href":"https:\/\/www.fracturaexpuesta.com.ar\/gotan\/wp-json\/wp\/v2\/media?parent=4522"}],"wp:term":[{"taxonomy":"category","embeddable":true,"href":"https:\/\/www.fracturaexpuesta.com.ar\/gotan\/wp-json\/wp\/v2\/categories?post=4522"},{"taxonomy":"post_tag","embeddable":true,"href":"https:\/\/www.fracturaexpuesta.com.ar\/gotan\/wp-json\/wp\/v2\/tags?post=4522"}],"curies":[{"name":"wp","href":"https:\/\/api.w.org\/{rel}","templated":true}]}}