{"id":4542,"date":"2025-04-10T12:53:24","date_gmt":"2025-04-10T15:53:24","guid":{"rendered":"https:\/\/www.fracturaexpuesta.com.ar\/gotan\/?p=4542"},"modified":"2025-04-10T15:00:47","modified_gmt":"2025-04-10T18:00:47","slug":"aqui-estan-estos-son-los-ganadores-de-los-premios-tango-siglo-xxi","status":"publish","type":"post","link":"https:\/\/www.fracturaexpuesta.com.ar\/gotan\/aqui-estan-estos-son-los-ganadores-de-los-premios-tango-siglo-xxi\/","title":{"rendered":"Aqu\u00ed est\u00e1n, \u00e9stos son: los ganadores de los Premios Tango Siglo XXI"},"content":{"rendered":"\n<p class=\"wp-block-paragraph\">La <strong>edici\u00f3n debut<\/strong> de los Premios Tango Siglo XXI ya tiene a los grupos y artistas ganadores.<\/p>\n\n\n\n<p class=\"wp-block-paragraph\">En una ceremonia que reuni\u00f3 a una parte importante del circuito contempor\u00e1neo del tango, los galardones reconocieron a lo m\u00e1s destacado de <strong>la producci\u00f3n discogr\u00e1fica 2024<\/strong>.<\/p>\n\n\n\n<p class=\"wp-block-paragraph\">Fueron <strong>12 categor\u00edas<\/strong> dise\u00f1adas por un jurado especial y un proceso de selecci\u00f3n que se obtuvo a trav\u00e9s de la votaci\u00f3n de cerca de un centenar de periodistas y comunicadores vinculados a la escena actual del tango.<\/p>\n\n\n\n<p class=\"wp-block-paragraph\">Adem\u00e1s de las categor\u00edas oficiales hubo <strong>reconocimientos especiales<\/strong> para el bandoneonista V\u00edctor Lavall\u00e9n, la bailarina y escritora Mariana Docampo y el Centro Educativo del Tango de Buenos Aires (CETBA).<\/p>\n\n\n\n<p class=\"wp-block-paragraph\">Entre los premiados, la pianista y compositora <strong>Noelia Sinkunas<\/strong> fue la artista que obtuvo dos reconocimientos.<\/p>\n\n\n\n<p class=\"wp-block-paragraph\">\u201cEn estos premios se juntan varias generaciones. Tenemos nominados a puentes generacionales que llegaron a tocar con las leyendas, tenemos a esos pioneros de los \u201990, y nominados que quiz\u00e1s no hab\u00edan siquiera terminado el preescolar cuando El Arranque se juntaba a ensayar por primera vez o cuando La Chicana lanzaba su primer disco. El esp\u00edritu de estos premios es juntarnos a todos\u201d, explic\u00f3 <strong>Andr\u00e9s Valenzuela<\/strong>, uno de los creadores del premio, durante la apertura de la ceremonia.<\/p>\n\n\n\n<figure class=\"wp-block-image size-large\"><img loading=\"lazy\" decoding=\"async\" width=\"1024\" height=\"683\" src=\"https:\/\/www.fracturaexpuesta.com.ar\/gotan\/wp-content\/uploads\/2025\/04\/03-PTXXI-Marina-Combis-y-Tandas-Nuevas-por-Ricardo-Valenzuela-1024x683.jpg\" alt=\"\" class=\"wp-image-4586\" srcset=\"https:\/\/www.fracturaexpuesta.com.ar\/gotan\/wp-content\/uploads\/2025\/04\/03-PTXXI-Marina-Combis-y-Tandas-Nuevas-por-Ricardo-Valenzuela-1024x683.jpg 1024w, https:\/\/www.fracturaexpuesta.com.ar\/gotan\/wp-content\/uploads\/2025\/04\/03-PTXXI-Marina-Combis-y-Tandas-Nuevas-por-Ricardo-Valenzuela-300x200.jpg 300w, https:\/\/www.fracturaexpuesta.com.ar\/gotan\/wp-content\/uploads\/2025\/04\/03-PTXXI-Marina-Combis-y-Tandas-Nuevas-por-Ricardo-Valenzuela-768x512.jpg 768w, https:\/\/www.fracturaexpuesta.com.ar\/gotan\/wp-content\/uploads\/2025\/04\/03-PTXXI-Marina-Combis-y-Tandas-Nuevas-por-Ricardo-Valenzuela-60x40.jpg 60w, https:\/\/www.fracturaexpuesta.com.ar\/gotan\/wp-content\/uploads\/2025\/04\/03-PTXXI-Marina-Combis-y-Tandas-Nuevas-por-Ricardo-Valenzuela-720x480.jpg 720w, https:\/\/www.fracturaexpuesta.com.ar\/gotan\/wp-content\/uploads\/2025\/04\/03-PTXXI-Marina-Combis-y-Tandas-Nuevas-por-Ricardo-Valenzuela.jpg 1125w\" sizes=\"auto, (max-width: 1024px) 100vw, 1024px\" \/><figcaption class=\"wp-element-caption\"><em><mark style=\"background-color:rgba(0, 0, 0, 0)\" class=\"has-inline-color has-cyan-bluish-gray-color\">Marina Combis y Andr\u00e9s Valenzuela en la ceremonia de entrega de los Premios Tango Siglo XXI<\/mark><\/em><\/figcaption><\/figure>\n\n\n\n<p class=\"wp-block-paragraph\">Por su parte, la cantante <strong>Lidia Borda<\/strong> sostuvo al recibir su reconocimiento: &#8220;Realmente me parece indispensable que haya surgido este premio porque en el marco de otras premiaciones, a pesar de llevar el nombre de Gardel, el tango siempre est\u00e1 relegado al \u00faltimo escal\u00f3n. Y es de una injusticia tremenda. El tango es el tango y nosotros somos eso. Nosotros somos fundamentalmente tango y folklore y despu\u00e9s eso se abre a otras m\u00fasicas. Es infrecuente que nos encontremos nosotros en un espacio as\u00ed y esto obliga a pensar e ir a buscar esos discos que est\u00e1n nominados hoy, escuchar y compartir&#8221;.<\/p>\n\n\n\n<p class=\"wp-block-paragraph\">Por su parte, otro de los premiados, el guitarrista <strong>Guido Iacoppetti <\/strong>del Sexteto Fantasma reconoci\u00f3 la vitalidad del movimiento de tango: \u201cEs muy loco saber que hay 107 discos, y seguramente hay m\u00e1s, estaba pensando en los \u00faltimos 25 a\u00f1os la cantidad de discos que debe haber, la cantidad de orquestas que hay, que hubo y que ya no est\u00e1n, qu\u00e9 lindo que est\u00e9n estos premios y qu\u00e9 l\u00e1stima que no estuvieran antes, por tantas orquestas que merec\u00edan ganar en tanto tiempo. Hay que celebrar esto\u201d.<\/p>\n\n\n\n<p class=\"wp-block-paragraph\">La ceremonia, conducida por Valenzuela y la periodista Marina Combis, cont\u00f3 con la transmisi\u00f3n radial de Doble A y el streaming del programa La Morada del Tango Nuevo.<\/p>\n\n\n\n<h2 class=\"wp-block-heading\">Los ganadores de los Premios Tango Siglo XXI<\/h2>\n\n\n\n<p class=\"wp-block-paragraph\"><strong>&#8211; DISCO ORQUESTA INSTRUMENTAL<\/strong><\/p>\n\n\n\n<p class=\"wp-block-paragraph\">Ganador: <strong>Neot\u00edpico \u2013 Ramiro Boero Orquesta<\/strong><\/p>\n\n\n<div class=\"wp-block-image\">\n<figure class=\"aligncenter size-full\"><img loading=\"lazy\" decoding=\"async\" width=\"640\" height=\"640\" src=\"https:\/\/www.fracturaexpuesta.com.ar\/gotan\/wp-content\/uploads\/2025\/04\/neotipico-ramiro-boero.jpg\" alt=\"\" class=\"wp-image-4545\" style=\"aspect-ratio:1;object-fit:cover\" srcset=\"https:\/\/www.fracturaexpuesta.com.ar\/gotan\/wp-content\/uploads\/2025\/04\/neotipico-ramiro-boero.jpg 640w, https:\/\/www.fracturaexpuesta.com.ar\/gotan\/wp-content\/uploads\/2025\/04\/neotipico-ramiro-boero-300x300.jpg 300w, https:\/\/www.fracturaexpuesta.com.ar\/gotan\/wp-content\/uploads\/2025\/04\/neotipico-ramiro-boero-150x150.jpg 150w, https:\/\/www.fracturaexpuesta.com.ar\/gotan\/wp-content\/uploads\/2025\/04\/neotipico-ramiro-boero-60x60.jpg 60w, https:\/\/www.fracturaexpuesta.com.ar\/gotan\/wp-content\/uploads\/2025\/04\/neotipico-ramiro-boero-480x480.jpg 480w\" sizes=\"auto, (max-width: 640px) 100vw, 640px\" \/><\/figure>\n<\/div>\n\n\n<p class=\"wp-block-paragraph\">Compart\u00eda categor\u00eda con: Contra las cuerdas \u2013 Nicol\u00e1s &amp; Alejandro Guerschberg \/ Piazzolla para orquesta t\u00edpica \u2013 Daniel Ruggiero \/ En vivo en el Col\u00f3n \u2013 N\u00e9stor Marconi y la Orquesta de Tango de Buenos Aires<\/p>\n\n\n\n<p class=\"wp-block-paragraph\"><strong>\u2013 DISCO GRUPO DE C\u00c1MARA INSTRUMENTAL<\/strong><\/p>\n\n\n\n<p class=\"wp-block-paragraph\">Ganador: <strong>Costero criollo \u2013 Noelia Sinkunas y Milagros Caliva<\/strong><\/p>\n\n\n<div class=\"wp-block-image\">\n<figure class=\"aligncenter size-full is-resized\"><img loading=\"lazy\" decoding=\"async\" width=\"640\" height=\"640\" src=\"https:\/\/www.fracturaexpuesta.com.ar\/gotan\/wp-content\/uploads\/2025\/04\/Costero-criollo-\u2013-Noelia-Sinkunas-y-Milagros-Caliva.jpg\" alt=\"\" class=\"wp-image-4548\" style=\"width:600px\" srcset=\"https:\/\/www.fracturaexpuesta.com.ar\/gotan\/wp-content\/uploads\/2025\/04\/Costero-criollo-\u2013-Noelia-Sinkunas-y-Milagros-Caliva.jpg 640w, https:\/\/www.fracturaexpuesta.com.ar\/gotan\/wp-content\/uploads\/2025\/04\/Costero-criollo-\u2013-Noelia-Sinkunas-y-Milagros-Caliva-300x300.jpg 300w, https:\/\/www.fracturaexpuesta.com.ar\/gotan\/wp-content\/uploads\/2025\/04\/Costero-criollo-\u2013-Noelia-Sinkunas-y-Milagros-Caliva-150x150.jpg 150w, https:\/\/www.fracturaexpuesta.com.ar\/gotan\/wp-content\/uploads\/2025\/04\/Costero-criollo-\u2013-Noelia-Sinkunas-y-Milagros-Caliva-60x60.jpg 60w, https:\/\/www.fracturaexpuesta.com.ar\/gotan\/wp-content\/uploads\/2025\/04\/Costero-criollo-\u2013-Noelia-Sinkunas-y-Milagros-Caliva-480x480.jpg 480w\" sizes=\"auto, (max-width: 640px) 100vw, 640px\" \/><\/figure>\n<\/div>\n\n\n<p class=\"wp-block-paragraph\">Compart\u00eda categor\u00eda con: Todas las cosas y el tiempo \u2013 Ramiro Gallo Quinteto \/ P\u00f3cima \u2013 Chapeau D\u00fao (Valeria Martin y Daniela Mercado)<\/p>\n\n\n\n<p class=\"wp-block-paragraph\"><strong>\u2013 DISCO CANTOR\/CANTORA<\/strong><\/p>\n\n\n\n<p class=\"wp-block-paragraph\">Ganador: <strong>La noche \u2013 Lidia Borda y Daniel Godfrid<\/strong><\/p>\n\n\n<div class=\"wp-block-image\">\n<figure class=\"aligncenter size-full is-resized\"><img loading=\"lazy\" decoding=\"async\" width=\"600\" height=\"600\" src=\"https:\/\/www.fracturaexpuesta.com.ar\/gotan\/wp-content\/uploads\/2025\/04\/La-noche-\u2013-Lidia-Borda-y-Daniel-Godfrid.jpg\" alt=\"\" class=\"wp-image-4550\" style=\"width:600px\" srcset=\"https:\/\/www.fracturaexpuesta.com.ar\/gotan\/wp-content\/uploads\/2025\/04\/La-noche-\u2013-Lidia-Borda-y-Daniel-Godfrid.jpg 600w, https:\/\/www.fracturaexpuesta.com.ar\/gotan\/wp-content\/uploads\/2025\/04\/La-noche-\u2013-Lidia-Borda-y-Daniel-Godfrid-300x300.jpg 300w, https:\/\/www.fracturaexpuesta.com.ar\/gotan\/wp-content\/uploads\/2025\/04\/La-noche-\u2013-Lidia-Borda-y-Daniel-Godfrid-150x150.jpg 150w, https:\/\/www.fracturaexpuesta.com.ar\/gotan\/wp-content\/uploads\/2025\/04\/La-noche-\u2013-Lidia-Borda-y-Daniel-Godfrid-60x60.jpg 60w, https:\/\/www.fracturaexpuesta.com.ar\/gotan\/wp-content\/uploads\/2025\/04\/La-noche-\u2013-Lidia-Borda-y-Daniel-Godfrid-480x480.jpg 480w\" sizes=\"auto, (max-width: 600px) 100vw, 600px\" \/><\/figure>\n<\/div>\n\n\n<p class=\"wp-block-paragraph\">Compart\u00eda categor\u00eda con: Manzi-Mores de c\u00e1mara \u2013 Flor Cozzani \/ Sembremos \u2013 Eliana Sosa<\/p>\n\n\n\n<p class=\"wp-block-paragraph\"><strong>\u2013 TANGO CANCI\u00d3N<\/strong><\/p>\n\n\n\n<p class=\"wp-block-paragraph\">Ganador: <strong>La inevitable tentaci\u00f3n de ir a contramano \u2013 Sexteto Fantasma<\/strong><\/p>\n\n\n<div class=\"wp-block-image\">\n<figure class=\"aligncenter size-large is-resized\"><img loading=\"lazy\" decoding=\"async\" width=\"1024\" height=\"1024\" src=\"https:\/\/www.fracturaexpuesta.com.ar\/gotan\/wp-content\/uploads\/2025\/04\/La-inevitable-tentacion-de-ir-a-contramano-\u2013-Sexteto-Fantasma-1024x1024.jpg\" alt=\"\" class=\"wp-image-4553\" style=\"width:600px\" srcset=\"https:\/\/www.fracturaexpuesta.com.ar\/gotan\/wp-content\/uploads\/2025\/04\/La-inevitable-tentacion-de-ir-a-contramano-\u2013-Sexteto-Fantasma-1024x1024.jpg 1024w, https:\/\/www.fracturaexpuesta.com.ar\/gotan\/wp-content\/uploads\/2025\/04\/La-inevitable-tentacion-de-ir-a-contramano-\u2013-Sexteto-Fantasma-300x300.jpg 300w, https:\/\/www.fracturaexpuesta.com.ar\/gotan\/wp-content\/uploads\/2025\/04\/La-inevitable-tentacion-de-ir-a-contramano-\u2013-Sexteto-Fantasma-150x150.jpg 150w, https:\/\/www.fracturaexpuesta.com.ar\/gotan\/wp-content\/uploads\/2025\/04\/La-inevitable-tentacion-de-ir-a-contramano-\u2013-Sexteto-Fantasma-768x768.jpg 768w, https:\/\/www.fracturaexpuesta.com.ar\/gotan\/wp-content\/uploads\/2025\/04\/La-inevitable-tentacion-de-ir-a-contramano-\u2013-Sexteto-Fantasma-60x60.jpg 60w, https:\/\/www.fracturaexpuesta.com.ar\/gotan\/wp-content\/uploads\/2025\/04\/La-inevitable-tentacion-de-ir-a-contramano-\u2013-Sexteto-Fantasma-480x480.jpg 480w, https:\/\/www.fracturaexpuesta.com.ar\/gotan\/wp-content\/uploads\/2025\/04\/La-inevitable-tentacion-de-ir-a-contramano-\u2013-Sexteto-Fantasma.jpg 1200w\" sizes=\"auto, (max-width: 1024px) 100vw, 1024px\" \/><\/figure>\n<\/div>\n\n\n<p class=\"wp-block-paragraph\">Compart\u00eda categor\u00eda con: Revuelo sur \u2013 Susy Shock \/ La banda calavera \u2013 Cinzarazi XL y Agua Sucia<\/p>\n\n\n\n<p class=\"wp-block-paragraph\"><strong>\u2013 DISCO SOLISTA INSTRUMENTAL<\/strong><\/p>\n\n\n\n<p class=\"wp-block-paragraph\">Ganador: <strong>Uni\u00f3n y perseverancia \u2013 Noelia Sinkunas<\/strong><\/p>\n\n\n<div class=\"wp-block-image\">\n<figure class=\"aligncenter size-large is-resized\"><img loading=\"lazy\" decoding=\"async\" width=\"1024\" height=\"1024\" src=\"https:\/\/www.fracturaexpuesta.com.ar\/gotan\/wp-content\/uploads\/2025\/04\/Union-y-perseverancia-\u2013-Noelia-Sinkunas-1024x1024.jpg\" alt=\"\" class=\"wp-image-4555\" style=\"width:600px\" srcset=\"https:\/\/www.fracturaexpuesta.com.ar\/gotan\/wp-content\/uploads\/2025\/04\/Union-y-perseverancia-\u2013-Noelia-Sinkunas-1024x1024.jpg 1024w, https:\/\/www.fracturaexpuesta.com.ar\/gotan\/wp-content\/uploads\/2025\/04\/Union-y-perseverancia-\u2013-Noelia-Sinkunas-300x300.jpg 300w, https:\/\/www.fracturaexpuesta.com.ar\/gotan\/wp-content\/uploads\/2025\/04\/Union-y-perseverancia-\u2013-Noelia-Sinkunas-150x150.jpg 150w, https:\/\/www.fracturaexpuesta.com.ar\/gotan\/wp-content\/uploads\/2025\/04\/Union-y-perseverancia-\u2013-Noelia-Sinkunas-768x768.jpg 768w, https:\/\/www.fracturaexpuesta.com.ar\/gotan\/wp-content\/uploads\/2025\/04\/Union-y-perseverancia-\u2013-Noelia-Sinkunas-60x60.jpg 60w, https:\/\/www.fracturaexpuesta.com.ar\/gotan\/wp-content\/uploads\/2025\/04\/Union-y-perseverancia-\u2013-Noelia-Sinkunas-480x480.jpg 480w, https:\/\/www.fracturaexpuesta.com.ar\/gotan\/wp-content\/uploads\/2025\/04\/Union-y-perseverancia-\u2013-Noelia-Sinkunas.jpg 1200w\" sizes=\"auto, (max-width: 1024px) 100vw, 1024px\" \/><\/figure>\n<\/div>\n\n\n<p class=\"wp-block-paragraph\">Compart\u00eda categor\u00eda con: Que Grrrande vol.2 \u2013 Dipi Kvitko \/ Instituciones: de la prima a la bordona \u2013 Nahuel Roth<\/p>\n\n\n\n<p class=\"wp-block-paragraph\"><strong>\u2013 TANGO CRIOLLO<\/strong><\/p>\n\n\n\n<p class=\"wp-block-paragraph\">Ganador:<strong> Chafalon\u00eda \u2013 Pira\u00f1a<\/strong><\/p>\n\n\n<div class=\"wp-block-image\">\n<figure class=\"aligncenter size-full is-resized\"><img loading=\"lazy\" decoding=\"async\" width=\"700\" height=\"700\" src=\"https:\/\/www.fracturaexpuesta.com.ar\/gotan\/wp-content\/uploads\/2025\/04\/Chafalonia-\u2013-Pirana.jpg\" alt=\"\" class=\"wp-image-4558\" style=\"width:600px\" srcset=\"https:\/\/www.fracturaexpuesta.com.ar\/gotan\/wp-content\/uploads\/2025\/04\/Chafalonia-\u2013-Pirana.jpg 700w, https:\/\/www.fracturaexpuesta.com.ar\/gotan\/wp-content\/uploads\/2025\/04\/Chafalonia-\u2013-Pirana-300x300.jpg 300w, https:\/\/www.fracturaexpuesta.com.ar\/gotan\/wp-content\/uploads\/2025\/04\/Chafalonia-\u2013-Pirana-150x150.jpg 150w, https:\/\/www.fracturaexpuesta.com.ar\/gotan\/wp-content\/uploads\/2025\/04\/Chafalonia-\u2013-Pirana-60x60.jpg 60w, https:\/\/www.fracturaexpuesta.com.ar\/gotan\/wp-content\/uploads\/2025\/04\/Chafalonia-\u2013-Pirana-480x480.jpg 480w\" sizes=\"auto, (max-width: 700px) 100vw, 700px\" \/><\/figure>\n<\/div>\n\n\n<p class=\"wp-block-paragraph\">Compart\u00eda categor\u00eda con: Cuartetos Guitarreros \u2013 Adam Tully \/ Lado B: tambi\u00e9n tocamos en milongas \u2013 La Llevada \/ Estafa piramidal \u2013 La Runfla<\/p>\n\n\n\n<p class=\"wp-block-paragraph\"><strong>\u2013 TANGO MILONGUERO<\/strong><\/p>\n\n\n\n<p class=\"wp-block-paragraph\">Ganador:<strong> D\u2019Arienzo Anticrisis \u2013 Tango Bardo<\/strong><\/p>\n\n\n<div class=\"wp-block-image\">\n<figure class=\"aligncenter size-full is-resized\"><img loading=\"lazy\" decoding=\"async\" width=\"700\" height=\"700\" src=\"https:\/\/www.fracturaexpuesta.com.ar\/gotan\/wp-content\/uploads\/2025\/04\/DArienzo-Anticrisis-\u2013-Tango-Bardo.jpg\" alt=\"\" class=\"wp-image-4559\" style=\"width:600px\" srcset=\"https:\/\/www.fracturaexpuesta.com.ar\/gotan\/wp-content\/uploads\/2025\/04\/DArienzo-Anticrisis-\u2013-Tango-Bardo.jpg 700w, https:\/\/www.fracturaexpuesta.com.ar\/gotan\/wp-content\/uploads\/2025\/04\/DArienzo-Anticrisis-\u2013-Tango-Bardo-300x300.jpg 300w, https:\/\/www.fracturaexpuesta.com.ar\/gotan\/wp-content\/uploads\/2025\/04\/DArienzo-Anticrisis-\u2013-Tango-Bardo-150x150.jpg 150w, https:\/\/www.fracturaexpuesta.com.ar\/gotan\/wp-content\/uploads\/2025\/04\/DArienzo-Anticrisis-\u2013-Tango-Bardo-60x60.jpg 60w, https:\/\/www.fracturaexpuesta.com.ar\/gotan\/wp-content\/uploads\/2025\/04\/DArienzo-Anticrisis-\u2013-Tango-Bardo-480x480.jpg 480w\" sizes=\"auto, (max-width: 700px) 100vw, 700px\" \/><\/figure>\n<\/div>\n\n\n<p class=\"wp-block-paragraph\">Compart\u00eda categor\u00eda con: Noches con Di Sarli \u2013 Orquesta DiSarliana \/ Cantoras \u2013 Orquesta T\u00edpica Pichuco<\/p>\n\n\n\n<p class=\"wp-block-paragraph\"><strong>\u2013 TANGO NUEVAS TENDENCIAS<\/strong><\/p>\n\n\n\n<p class=\"wp-block-paragraph\">Ganador:<strong> Noche random \u2013 Astillero<\/strong><\/p>\n\n\n<div class=\"wp-block-image\">\n<figure class=\"aligncenter size-full is-resized\"><img loading=\"lazy\" decoding=\"async\" width=\"700\" height=\"700\" src=\"https:\/\/www.fracturaexpuesta.com.ar\/gotan\/wp-content\/uploads\/2025\/04\/Noche-random-\u2013-Astillero.jpg\" alt=\"\" class=\"wp-image-4560\" style=\"width:600px\" srcset=\"https:\/\/www.fracturaexpuesta.com.ar\/gotan\/wp-content\/uploads\/2025\/04\/Noche-random-\u2013-Astillero.jpg 700w, https:\/\/www.fracturaexpuesta.com.ar\/gotan\/wp-content\/uploads\/2025\/04\/Noche-random-\u2013-Astillero-300x300.jpg 300w, https:\/\/www.fracturaexpuesta.com.ar\/gotan\/wp-content\/uploads\/2025\/04\/Noche-random-\u2013-Astillero-150x150.jpg 150w, https:\/\/www.fracturaexpuesta.com.ar\/gotan\/wp-content\/uploads\/2025\/04\/Noche-random-\u2013-Astillero-60x60.jpg 60w, https:\/\/www.fracturaexpuesta.com.ar\/gotan\/wp-content\/uploads\/2025\/04\/Noche-random-\u2013-Astillero-480x480.jpg 480w\" sizes=\"auto, (max-width: 700px) 100vw, 700px\" \/><\/figure>\n<\/div>\n\n\n<p class=\"wp-block-paragraph\">Compart\u00eda categor\u00eda con: Cosmof\u00f3nico \u2013 Bernardo Monk \/ Basta \u2013 Fern\u00e1ndez Fierro<\/p>\n\n\n\n<p class=\"wp-block-paragraph\"><strong>\u2013 TANGO FUSI\u00d3N<\/strong><\/p>\n\n\n\n<p class=\"wp-block-paragraph\">Ganador:<strong> Gardel \u2013 Hern\u00e1n Jacinto Tr\u00edo<\/strong><\/p>\n\n\n<div class=\"wp-block-image\">\n<figure class=\"aligncenter size-full is-resized\"><img loading=\"lazy\" decoding=\"async\" width=\"640\" height=\"640\" src=\"https:\/\/www.fracturaexpuesta.com.ar\/gotan\/wp-content\/uploads\/2025\/04\/Gardel-\u2013-Hernan-Jacinto-Trio.jpg\" alt=\"\" class=\"wp-image-4561\" style=\"width:600px\" srcset=\"https:\/\/www.fracturaexpuesta.com.ar\/gotan\/wp-content\/uploads\/2025\/04\/Gardel-\u2013-Hernan-Jacinto-Trio.jpg 640w, https:\/\/www.fracturaexpuesta.com.ar\/gotan\/wp-content\/uploads\/2025\/04\/Gardel-\u2013-Hernan-Jacinto-Trio-300x300.jpg 300w, https:\/\/www.fracturaexpuesta.com.ar\/gotan\/wp-content\/uploads\/2025\/04\/Gardel-\u2013-Hernan-Jacinto-Trio-150x150.jpg 150w, https:\/\/www.fracturaexpuesta.com.ar\/gotan\/wp-content\/uploads\/2025\/04\/Gardel-\u2013-Hernan-Jacinto-Trio-60x60.jpg 60w, https:\/\/www.fracturaexpuesta.com.ar\/gotan\/wp-content\/uploads\/2025\/04\/Gardel-\u2013-Hernan-Jacinto-Trio-480x480.jpg 480w\" sizes=\"auto, (max-width: 640px) 100vw, 640px\" \/><\/figure>\n<\/div>\n\n\n<p class=\"wp-block-paragraph\">Compart\u00eda categor\u00eda con: Potrero \u2013 Tangology \/ Despu\u00e9s de la tormenta \u2013 Pablo Gignoli<\/p>\n\n\n\n<p class=\"wp-block-paragraph\"><strong>\u2013 ELECTROTANGO<\/strong><\/p>\n\n\n\n<p class=\"wp-block-paragraph\">Ganador: <strong>Anarcolonga (en vivo) \u2013 Narcotango<\/strong><\/p>\n\n\n<div class=\"wp-block-image\">\n<figure class=\"aligncenter size-large is-resized\"><img loading=\"lazy\" decoding=\"async\" width=\"1024\" height=\"1024\" src=\"https:\/\/www.fracturaexpuesta.com.ar\/gotan\/wp-content\/uploads\/2025\/04\/Anarcolonga-en-vivo-\u2013-Narcotango-1024x1024.jpg\" alt=\"\" class=\"wp-image-4562\" style=\"width:600px\" srcset=\"https:\/\/www.fracturaexpuesta.com.ar\/gotan\/wp-content\/uploads\/2025\/04\/Anarcolonga-en-vivo-\u2013-Narcotango-1024x1024.jpg 1024w, https:\/\/www.fracturaexpuesta.com.ar\/gotan\/wp-content\/uploads\/2025\/04\/Anarcolonga-en-vivo-\u2013-Narcotango-300x300.jpg 300w, https:\/\/www.fracturaexpuesta.com.ar\/gotan\/wp-content\/uploads\/2025\/04\/Anarcolonga-en-vivo-\u2013-Narcotango-150x150.jpg 150w, https:\/\/www.fracturaexpuesta.com.ar\/gotan\/wp-content\/uploads\/2025\/04\/Anarcolonga-en-vivo-\u2013-Narcotango-768x768.jpg 768w, https:\/\/www.fracturaexpuesta.com.ar\/gotan\/wp-content\/uploads\/2025\/04\/Anarcolonga-en-vivo-\u2013-Narcotango-60x60.jpg 60w, https:\/\/www.fracturaexpuesta.com.ar\/gotan\/wp-content\/uploads\/2025\/04\/Anarcolonga-en-vivo-\u2013-Narcotango-480x480.jpg 480w, https:\/\/www.fracturaexpuesta.com.ar\/gotan\/wp-content\/uploads\/2025\/04\/Anarcolonga-en-vivo-\u2013-Narcotango.jpg 1200w\" sizes=\"auto, (max-width: 1024px) 100vw, 1024px\" \/><\/figure>\n<\/div>\n\n\n<p class=\"wp-block-paragraph\">Compart\u00eda categor\u00eda con: Cuore Griyo \u2013 Dock Sud \/ Milongueros \u2013 Tangorra y Eliana Sosa<\/p>\n\n\n\n<p class=\"wp-block-paragraph\"><strong>\u2013 EP OBRAS ORIGINALES<\/strong><\/p>\n\n\n\n<p class=\"wp-block-paragraph\">Ganador: <strong>Tangotr\u00f3pikas \u2013 Gisela Magri<\/strong><\/p>\n\n\n<div class=\"wp-block-image\">\n<figure class=\"aligncenter size-full is-resized\"><img loading=\"lazy\" decoding=\"async\" width=\"500\" height=\"500\" src=\"https:\/\/www.fracturaexpuesta.com.ar\/gotan\/wp-content\/uploads\/2025\/04\/Tangotropikas-\u2013-Gisela-Magri.jpg\" alt=\"\" class=\"wp-image-4563\" style=\"width:600px\" srcset=\"https:\/\/www.fracturaexpuesta.com.ar\/gotan\/wp-content\/uploads\/2025\/04\/Tangotropikas-\u2013-Gisela-Magri.jpg 500w, https:\/\/www.fracturaexpuesta.com.ar\/gotan\/wp-content\/uploads\/2025\/04\/Tangotropikas-\u2013-Gisela-Magri-300x300.jpg 300w, https:\/\/www.fracturaexpuesta.com.ar\/gotan\/wp-content\/uploads\/2025\/04\/Tangotropikas-\u2013-Gisela-Magri-150x150.jpg 150w, https:\/\/www.fracturaexpuesta.com.ar\/gotan\/wp-content\/uploads\/2025\/04\/Tangotropikas-\u2013-Gisela-Magri-60x60.jpg 60w, https:\/\/www.fracturaexpuesta.com.ar\/gotan\/wp-content\/uploads\/2025\/04\/Tangotropikas-\u2013-Gisela-Magri-480x480.jpg 480w\" sizes=\"auto, (max-width: 500px) 100vw, 500px\" \/><\/figure>\n<\/div>\n\n\n<p class=\"wp-block-paragraph\">Compart\u00eda categor\u00eda con: Ciudad Verdugo \u2013 Pablo Sensottera \/ Crash (vivo) \u2013 Siniestra<\/p>\n\n\n\n<p class=\"wp-block-paragraph\"><strong>\u2013 EP OBRAS CL\u00c1SICAS\/VERSIONES<\/strong><\/p>\n\n\n\n<p class=\"wp-block-paragraph\">Ganador: <strong>L\u2019art del tango. Vol 1 \u2013 Guyot, Gignoli, Delgado y Olalla<\/strong><\/p>\n\n\n<div class=\"wp-block-image\">\n<figure class=\"aligncenter size-large is-resized\"><img loading=\"lazy\" decoding=\"async\" width=\"1024\" height=\"1024\" src=\"https:\/\/www.fracturaexpuesta.com.ar\/gotan\/wp-content\/uploads\/2025\/04\/Lart-del-tango.-Vol-1-\u2013-Guyot-Gignoli-Delgado-y-Olalla-1024x1024.jpg\" alt=\"\" class=\"wp-image-4564\" style=\"width:600px\" srcset=\"https:\/\/www.fracturaexpuesta.com.ar\/gotan\/wp-content\/uploads\/2025\/04\/Lart-del-tango.-Vol-1-\u2013-Guyot-Gignoli-Delgado-y-Olalla-1024x1024.jpg 1024w, https:\/\/www.fracturaexpuesta.com.ar\/gotan\/wp-content\/uploads\/2025\/04\/Lart-del-tango.-Vol-1-\u2013-Guyot-Gignoli-Delgado-y-Olalla-300x300.jpg 300w, https:\/\/www.fracturaexpuesta.com.ar\/gotan\/wp-content\/uploads\/2025\/04\/Lart-del-tango.-Vol-1-\u2013-Guyot-Gignoli-Delgado-y-Olalla-150x150.jpg 150w, https:\/\/www.fracturaexpuesta.com.ar\/gotan\/wp-content\/uploads\/2025\/04\/Lart-del-tango.-Vol-1-\u2013-Guyot-Gignoli-Delgado-y-Olalla-768x768.jpg 768w, https:\/\/www.fracturaexpuesta.com.ar\/gotan\/wp-content\/uploads\/2025\/04\/Lart-del-tango.-Vol-1-\u2013-Guyot-Gignoli-Delgado-y-Olalla-60x60.jpg 60w, https:\/\/www.fracturaexpuesta.com.ar\/gotan\/wp-content\/uploads\/2025\/04\/Lart-del-tango.-Vol-1-\u2013-Guyot-Gignoli-Delgado-y-Olalla-480x480.jpg 480w, https:\/\/www.fracturaexpuesta.com.ar\/gotan\/wp-content\/uploads\/2025\/04\/Lart-del-tango.-Vol-1-\u2013-Guyot-Gignoli-Delgado-y-Olalla.jpg 1200w\" sizes=\"auto, (max-width: 1024px) 100vw, 1024px\" \/><\/figure>\n<\/div>\n\n\n<p class=\"wp-block-paragraph\">Compart\u00eda categor\u00eda con: Las canciones m\u00e1s bellas \u2013 Tango Ca\u00f1\u00f3n \/ Maleducado y milonguero \u2013 Cuarteto Extraordinario<\/p>\n","protected":false},"excerpt":{"rendered":"<p>Por primera vez se entreg\u00f3 un reconocimiento dedicado especialmente a la producci\u00f3n de tango en materia discogr\u00e1fica. Todos los rubros y sus ganadores.<\/p>\n","protected":false},"author":1,"featured_media":4567,"comment_status":"open","ping_status":"open","sticky":false,"template":"","format":"standard","meta":{"footnotes":""},"categories":[7],"tags":[100,81,150,151,152,115,103,98],"class_list":["post-4542","post","type-post","status-publish","format-standard","has-post-thumbnail","hentry","category-noticias","tag-andres-valenzuela","tag-discos","tag-guido-iacopetti","tag-lidia-borda","tag-marina-combis","tag-noelia-sinkunas","tag-premios","tag-premios-tango-siglo-xxi"],"yoast_head":"<!-- This site is optimized with the Yoast SEO plugin v28.4 - https:\/\/yoast.com\/product\/yoast-seo-wordpress\/ -->\n<title>Aqu\u00ed est\u00e1n, \u00e9stos son: los ganadores de los Premios Tango Siglo XXI &#187; Fractura Expuesta | Tango!<\/title>\n<meta name=\"description\" content=\"Por primera vez se entreg\u00f3 un reconocimiento dedicado especialmente a la producci\u00f3n de tango en materia discogr\u00e1fica. Todos los rubros y sus ganadores.\" \/>\n<meta name=\"robots\" content=\"index, follow, max-snippet:-1, max-image-preview:large, max-video-preview:-1\" \/>\n<link rel=\"canonical\" href=\"https:\/\/www.fracturaexpuesta.com.ar\/gotan\/aqui-estan-estos-son-los-ganadores-de-los-premios-tango-siglo-xxi\/\" \/>\n<meta property=\"og:locale\" content=\"es_ES\" \/>\n<meta property=\"og:type\" content=\"article\" \/>\n<meta property=\"og:title\" content=\"Aqu\u00ed est\u00e1n, \u00e9stos son: los ganadores de los Premios Tango Siglo XXI &#187; Fractura Expuesta | Tango!\" \/>\n<meta property=\"og:description\" content=\"Por primera vez se entreg\u00f3 un reconocimiento dedicado especialmente a la producci\u00f3n de tango en materia discogr\u00e1fica. Todos los rubros y sus ganadores.\" \/>\n<meta property=\"og:url\" content=\"https:\/\/www.fracturaexpuesta.com.ar\/gotan\/aqui-estan-estos-son-los-ganadores-de-los-premios-tango-siglo-xxi\/\" \/>\n<meta property=\"og:site_name\" content=\"Fractura Expuesta | Tango!\" \/>\n<meta property=\"article:author\" content=\"https:\/\/www.facebook.com\/fracturaexpuestaok\" \/>\n<meta property=\"article:published_time\" content=\"2025-04-10T15:53:24+00:00\" \/>\n<meta property=\"article:modified_time\" content=\"2025-04-10T18:00:47+00:00\" \/>\n<meta property=\"og:image\" content=\"https:\/\/www.fracturaexpuesta.com.ar\/gotan\/wp-content\/uploads\/2025\/04\/premios-tango-siglo-xxi.jpg\" \/>\n\t<meta property=\"og:image:width\" content=\"950\" \/>\n\t<meta property=\"og:image:height\" content=\"700\" \/>\n\t<meta property=\"og:image:type\" content=\"image\/jpeg\" \/>\n<meta name=\"author\" content=\"Fractura Expuesta\" \/>\n<meta name=\"twitter:card\" content=\"summary_large_image\" \/>\n<meta name=\"twitter:creator\" content=\"@https:\/\/x.com\/fracturatango\" \/>\n<meta name=\"twitter:label1\" content=\"Escrito por\" \/>\n\t<meta name=\"twitter:data1\" content=\"Fractura Expuesta\" \/>\n\t<meta name=\"twitter:label2\" content=\"Tiempo de lectura\" \/>\n\t<meta name=\"twitter:data2\" content=\"7 minutos\" \/>\n<script type=\"application\/ld+json\" class=\"yoast-schema-graph\">{\"@context\":\"https:\\\/\\\/schema.org\",\"@graph\":[{\"@type\":\"Article\",\"@id\":\"https:\\\/\\\/www.fracturaexpuesta.com.ar\\\/gotan\\\/aqui-estan-estos-son-los-ganadores-de-los-premios-tango-siglo-xxi\\\/#article\",\"isPartOf\":{\"@id\":\"https:\\\/\\\/www.fracturaexpuesta.com.ar\\\/gotan\\\/aqui-estan-estos-son-los-ganadores-de-los-premios-tango-siglo-xxi\\\/\"},\"author\":{\"name\":\"Fractura Expuesta\",\"@id\":\"https:\\\/\\\/www.fracturaexpuesta.com.ar\\\/gotan\\\/#\\\/schema\\\/person\\\/d8266939f778485b13ad2174aa9e199e\"},\"headline\":\"Aqu\u00ed est\u00e1n, \u00e9stos son: los ganadores de los Premios Tango Siglo XXI\",\"datePublished\":\"2025-04-10T15:53:24+00:00\",\"dateModified\":\"2025-04-10T18:00:47+00:00\",\"mainEntityOfPage\":{\"@id\":\"https:\\\/\\\/www.fracturaexpuesta.com.ar\\\/gotan\\\/aqui-estan-estos-son-los-ganadores-de-los-premios-tango-siglo-xxi\\\/\"},\"wordCount\":821,\"commentCount\":0,\"publisher\":{\"@id\":\"https:\\\/\\\/www.fracturaexpuesta.com.ar\\\/gotan\\\/#organization\"},\"image\":{\"@id\":\"https:\\\/\\\/www.fracturaexpuesta.com.ar\\\/gotan\\\/aqui-estan-estos-son-los-ganadores-de-los-premios-tango-siglo-xxi\\\/#primaryimage\"},\"thumbnailUrl\":\"https:\\\/\\\/www.fracturaexpuesta.com.ar\\\/gotan\\\/wp-content\\\/uploads\\\/2025\\\/04\\\/premios-tango-siglo-xxi.jpg\",\"keywords\":[\"andres valenzuela\",\"discos\",\"guido iacopetti\",\"lidia borda\",\"marina combis\",\"noelia sinkunas\",\"premios\",\"premios tango siglo XXI\"],\"articleSection\":[\"Noticias\"],\"inLanguage\":\"es-AR\",\"potentialAction\":[{\"@type\":\"CommentAction\",\"name\":\"Comment\",\"target\":[\"https:\\\/\\\/www.fracturaexpuesta.com.ar\\\/gotan\\\/aqui-estan-estos-son-los-ganadores-de-los-premios-tango-siglo-xxi\\\/#respond\"]}]},{\"@type\":\"WebPage\",\"@id\":\"https:\\\/\\\/www.fracturaexpuesta.com.ar\\\/gotan\\\/aqui-estan-estos-son-los-ganadores-de-los-premios-tango-siglo-xxi\\\/\",\"url\":\"https:\\\/\\\/www.fracturaexpuesta.com.ar\\\/gotan\\\/aqui-estan-estos-son-los-ganadores-de-los-premios-tango-siglo-xxi\\\/\",\"name\":\"Aqu\u00ed est\u00e1n, \u00e9stos son: los ganadores de los Premios Tango Siglo XXI &#187; Fractura Expuesta | Tango!\",\"isPartOf\":{\"@id\":\"https:\\\/\\\/www.fracturaexpuesta.com.ar\\\/gotan\\\/#website\"},\"primaryImageOfPage\":{\"@id\":\"https:\\\/\\\/www.fracturaexpuesta.com.ar\\\/gotan\\\/aqui-estan-estos-son-los-ganadores-de-los-premios-tango-siglo-xxi\\\/#primaryimage\"},\"image\":{\"@id\":\"https:\\\/\\\/www.fracturaexpuesta.com.ar\\\/gotan\\\/aqui-estan-estos-son-los-ganadores-de-los-premios-tango-siglo-xxi\\\/#primaryimage\"},\"thumbnailUrl\":\"https:\\\/\\\/www.fracturaexpuesta.com.ar\\\/gotan\\\/wp-content\\\/uploads\\\/2025\\\/04\\\/premios-tango-siglo-xxi.jpg\",\"datePublished\":\"2025-04-10T15:53:24+00:00\",\"dateModified\":\"2025-04-10T18:00:47+00:00\",\"description\":\"Por primera vez se entreg\u00f3 un reconocimiento dedicado especialmente a la producci\u00f3n de tango en materia discogr\u00e1fica. Todos los rubros y sus ganadores.\",\"breadcrumb\":{\"@id\":\"https:\\\/\\\/www.fracturaexpuesta.com.ar\\\/gotan\\\/aqui-estan-estos-son-los-ganadores-de-los-premios-tango-siglo-xxi\\\/#breadcrumb\"},\"inLanguage\":\"es-AR\",\"potentialAction\":[{\"@type\":\"ReadAction\",\"target\":[\"https:\\\/\\\/www.fracturaexpuesta.com.ar\\\/gotan\\\/aqui-estan-estos-son-los-ganadores-de-los-premios-tango-siglo-xxi\\\/\"]}]},{\"@type\":\"ImageObject\",\"inLanguage\":\"es-AR\",\"@id\":\"https:\\\/\\\/www.fracturaexpuesta.com.ar\\\/gotan\\\/aqui-estan-estos-son-los-ganadores-de-los-premios-tango-siglo-xxi\\\/#primaryimage\",\"url\":\"https:\\\/\\\/www.fracturaexpuesta.com.ar\\\/gotan\\\/wp-content\\\/uploads\\\/2025\\\/04\\\/premios-tango-siglo-xxi.jpg\",\"contentUrl\":\"https:\\\/\\\/www.fracturaexpuesta.com.ar\\\/gotan\\\/wp-content\\\/uploads\\\/2025\\\/04\\\/premios-tango-siglo-xxi.jpg\",\"width\":950,\"height\":700},{\"@type\":\"BreadcrumbList\",\"@id\":\"https:\\\/\\\/www.fracturaexpuesta.com.ar\\\/gotan\\\/aqui-estan-estos-son-los-ganadores-de-los-premios-tango-siglo-xxi\\\/#breadcrumb\",\"itemListElement\":[{\"@type\":\"ListItem\",\"position\":1,\"name\":\"Inicio\",\"item\":\"https:\\\/\\\/www.fracturaexpuesta.com.ar\\\/gotan\\\/\"},{\"@type\":\"ListItem\",\"position\":2,\"name\":\"Aqu\u00ed est\u00e1n, \u00e9stos son: los ganadores de los Premios Tango Siglo XXI\"}]},{\"@type\":\"WebSite\",\"@id\":\"https:\\\/\\\/www.fracturaexpuesta.com.ar\\\/gotan\\\/#website\",\"url\":\"https:\\\/\\\/www.fracturaexpuesta.com.ar\\\/gotan\\\/\",\"name\":\"Fractura Expuesta | Tango!\",\"description\":\"\",\"publisher\":{\"@id\":\"https:\\\/\\\/www.fracturaexpuesta.com.ar\\\/gotan\\\/#organization\"},\"potentialAction\":[{\"@type\":\"SearchAction\",\"target\":{\"@type\":\"EntryPoint\",\"urlTemplate\":\"https:\\\/\\\/www.fracturaexpuesta.com.ar\\\/gotan\\\/?s={search_term_string}\"},\"query-input\":{\"@type\":\"PropertyValueSpecification\",\"valueRequired\":true,\"valueName\":\"search_term_string\"}}],\"inLanguage\":\"es-AR\"},{\"@type\":\"Organization\",\"@id\":\"https:\\\/\\\/www.fracturaexpuesta.com.ar\\\/gotan\\\/#organization\",\"name\":\"Fractura Expuesta | Tango!\",\"url\":\"https:\\\/\\\/www.fracturaexpuesta.com.ar\\\/gotan\\\/\",\"logo\":{\"@type\":\"ImageObject\",\"inLanguage\":\"es-AR\",\"@id\":\"https:\\\/\\\/www.fracturaexpuesta.com.ar\\\/gotan\\\/#\\\/schema\\\/logo\\\/image\\\/\",\"url\":\"https:\\\/\\\/www.fracturaexpuesta.com.ar\\\/gotan\\\/wp-content\\\/uploads\\\/2025\\\/03\\\/avatar2centroOK.jpg\",\"contentUrl\":\"https:\\\/\\\/www.fracturaexpuesta.com.ar\\\/gotan\\\/wp-content\\\/uploads\\\/2025\\\/03\\\/avatar2centroOK.jpg\",\"width\":600,\"height\":600,\"caption\":\"Fractura Expuesta | Tango!\"},\"image\":{\"@id\":\"https:\\\/\\\/www.fracturaexpuesta.com.ar\\\/gotan\\\/#\\\/schema\\\/logo\\\/image\\\/\"}},{\"@type\":\"Person\",\"@id\":\"https:\\\/\\\/www.fracturaexpuesta.com.ar\\\/gotan\\\/#\\\/schema\\\/person\\\/d8266939f778485b13ad2174aa9e199e\",\"name\":\"Fractura Expuesta\",\"image\":{\"@type\":\"ImageObject\",\"inLanguage\":\"es-AR\",\"@id\":\"https:\\\/\\\/secure.gravatar.com\\\/avatar\\\/c4bad1eb9f93dd4a42df3aa8b8e8b882ff893fcea188ee15488a845db442d7ec?s=96&d=mm&r=g\",\"url\":\"https:\\\/\\\/secure.gravatar.com\\\/avatar\\\/c4bad1eb9f93dd4a42df3aa8b8e8b882ff893fcea188ee15488a845db442d7ec?s=96&d=mm&r=g\",\"contentUrl\":\"https:\\\/\\\/secure.gravatar.com\\\/avatar\\\/c4bad1eb9f93dd4a42df3aa8b8e8b882ff893fcea188ee15488a845db442d7ec?s=96&d=mm&r=g\",\"caption\":\"Fractura Expuesta\"},\"description\":\"Sitio de tango y noticias culturales. Desde 2003, el espacio referente del tango de estos tiempos.\",\"sameAs\":[\"https:\\\/\\\/www.fracturaexpuesta.com.ar\",\"https:\\\/\\\/www.facebook.com\\\/fracturaexpuestaok\",\"https:\\\/\\\/www.instagram.com\\\/fracturaexpuesta\",\"https:\\\/\\\/x.com\\\/https:\\\/\\\/x.com\\\/fracturatango\",\"https:\\\/\\\/www.youtube.com\\\/channel\\\/UCojA8Q0QDpnncOL8sfTHOHg\"],\"url\":\"https:\\\/\\\/www.fracturaexpuesta.com.ar\\\/gotan\\\/author\\\/fractura-expuesta\\\/\"}]}<\/script>\n<!-- \/ Yoast SEO plugin. -->","yoast_head_json":{"title":"Aqu\u00ed est\u00e1n, \u00e9stos son: los ganadores de los Premios Tango Siglo XXI &#187; Fractura Expuesta | Tango!","description":"Por primera vez se entreg\u00f3 un reconocimiento dedicado especialmente a la producci\u00f3n de tango en materia discogr\u00e1fica. Todos los rubros y sus ganadores.","robots":{"index":"index","follow":"follow","max-snippet":"max-snippet:-1","max-image-preview":"max-image-preview:large","max-video-preview":"max-video-preview:-1"},"canonical":"https:\/\/www.fracturaexpuesta.com.ar\/gotan\/aqui-estan-estos-son-los-ganadores-de-los-premios-tango-siglo-xxi\/","og_locale":"es_ES","og_type":"article","og_title":"Aqu\u00ed est\u00e1n, \u00e9stos son: los ganadores de los Premios Tango Siglo XXI &#187; Fractura Expuesta | Tango!","og_description":"Por primera vez se entreg\u00f3 un reconocimiento dedicado especialmente a la producci\u00f3n de tango en materia discogr\u00e1fica. Todos los rubros y sus ganadores.","og_url":"https:\/\/www.fracturaexpuesta.com.ar\/gotan\/aqui-estan-estos-son-los-ganadores-de-los-premios-tango-siglo-xxi\/","og_site_name":"Fractura Expuesta | Tango!","article_author":"https:\/\/www.facebook.com\/fracturaexpuestaok","article_published_time":"2025-04-10T15:53:24+00:00","article_modified_time":"2025-04-10T18:00:47+00:00","og_image":[{"width":950,"height":700,"url":"https:\/\/www.fracturaexpuesta.com.ar\/gotan\/wp-content\/uploads\/2025\/04\/premios-tango-siglo-xxi.jpg","type":"image\/jpeg"}],"author":"Fractura Expuesta","twitter_card":"summary_large_image","twitter_creator":"@https:\/\/x.com\/fracturatango","twitter_misc":{"Escrito por":"Fractura Expuesta","Tiempo de lectura":"7 minutos"},"schema":{"@context":"https:\/\/schema.org","@graph":[{"@type":"Article","@id":"https:\/\/www.fracturaexpuesta.com.ar\/gotan\/aqui-estan-estos-son-los-ganadores-de-los-premios-tango-siglo-xxi\/#article","isPartOf":{"@id":"https:\/\/www.fracturaexpuesta.com.ar\/gotan\/aqui-estan-estos-son-los-ganadores-de-los-premios-tango-siglo-xxi\/"},"author":{"name":"Fractura Expuesta","@id":"https:\/\/www.fracturaexpuesta.com.ar\/gotan\/#\/schema\/person\/d8266939f778485b13ad2174aa9e199e"},"headline":"Aqu\u00ed est\u00e1n, \u00e9stos son: los ganadores de los Premios Tango Siglo XXI","datePublished":"2025-04-10T15:53:24+00:00","dateModified":"2025-04-10T18:00:47+00:00","mainEntityOfPage":{"@id":"https:\/\/www.fracturaexpuesta.com.ar\/gotan\/aqui-estan-estos-son-los-ganadores-de-los-premios-tango-siglo-xxi\/"},"wordCount":821,"commentCount":0,"publisher":{"@id":"https:\/\/www.fracturaexpuesta.com.ar\/gotan\/#organization"},"image":{"@id":"https:\/\/www.fracturaexpuesta.com.ar\/gotan\/aqui-estan-estos-son-los-ganadores-de-los-premios-tango-siglo-xxi\/#primaryimage"},"thumbnailUrl":"https:\/\/www.fracturaexpuesta.com.ar\/gotan\/wp-content\/uploads\/2025\/04\/premios-tango-siglo-xxi.jpg","keywords":["andres valenzuela","discos","guido iacopetti","lidia borda","marina combis","noelia sinkunas","premios","premios tango siglo XXI"],"articleSection":["Noticias"],"inLanguage":"es-AR","potentialAction":[{"@type":"CommentAction","name":"Comment","target":["https:\/\/www.fracturaexpuesta.com.ar\/gotan\/aqui-estan-estos-son-los-ganadores-de-los-premios-tango-siglo-xxi\/#respond"]}]},{"@type":"WebPage","@id":"https:\/\/www.fracturaexpuesta.com.ar\/gotan\/aqui-estan-estos-son-los-ganadores-de-los-premios-tango-siglo-xxi\/","url":"https:\/\/www.fracturaexpuesta.com.ar\/gotan\/aqui-estan-estos-son-los-ganadores-de-los-premios-tango-siglo-xxi\/","name":"Aqu\u00ed est\u00e1n, \u00e9stos son: los ganadores de los Premios Tango Siglo XXI &#187; Fractura Expuesta | Tango!","isPartOf":{"@id":"https:\/\/www.fracturaexpuesta.com.ar\/gotan\/#website"},"primaryImageOfPage":{"@id":"https:\/\/www.fracturaexpuesta.com.ar\/gotan\/aqui-estan-estos-son-los-ganadores-de-los-premios-tango-siglo-xxi\/#primaryimage"},"image":{"@id":"https:\/\/www.fracturaexpuesta.com.ar\/gotan\/aqui-estan-estos-son-los-ganadores-de-los-premios-tango-siglo-xxi\/#primaryimage"},"thumbnailUrl":"https:\/\/www.fracturaexpuesta.com.ar\/gotan\/wp-content\/uploads\/2025\/04\/premios-tango-siglo-xxi.jpg","datePublished":"2025-04-10T15:53:24+00:00","dateModified":"2025-04-10T18:00:47+00:00","description":"Por primera vez se entreg\u00f3 un reconocimiento dedicado especialmente a la producci\u00f3n de tango en materia discogr\u00e1fica. Todos los rubros y sus ganadores.","breadcrumb":{"@id":"https:\/\/www.fracturaexpuesta.com.ar\/gotan\/aqui-estan-estos-son-los-ganadores-de-los-premios-tango-siglo-xxi\/#breadcrumb"},"inLanguage":"es-AR","potentialAction":[{"@type":"ReadAction","target":["https:\/\/www.fracturaexpuesta.com.ar\/gotan\/aqui-estan-estos-son-los-ganadores-de-los-premios-tango-siglo-xxi\/"]}]},{"@type":"ImageObject","inLanguage":"es-AR","@id":"https:\/\/www.fracturaexpuesta.com.ar\/gotan\/aqui-estan-estos-son-los-ganadores-de-los-premios-tango-siglo-xxi\/#primaryimage","url":"https:\/\/www.fracturaexpuesta.com.ar\/gotan\/wp-content\/uploads\/2025\/04\/premios-tango-siglo-xxi.jpg","contentUrl":"https:\/\/www.fracturaexpuesta.com.ar\/gotan\/wp-content\/uploads\/2025\/04\/premios-tango-siglo-xxi.jpg","width":950,"height":700},{"@type":"BreadcrumbList","@id":"https:\/\/www.fracturaexpuesta.com.ar\/gotan\/aqui-estan-estos-son-los-ganadores-de-los-premios-tango-siglo-xxi\/#breadcrumb","itemListElement":[{"@type":"ListItem","position":1,"name":"Inicio","item":"https:\/\/www.fracturaexpuesta.com.ar\/gotan\/"},{"@type":"ListItem","position":2,"name":"Aqu\u00ed est\u00e1n, \u00e9stos son: los ganadores de los Premios Tango Siglo XXI"}]},{"@type":"WebSite","@id":"https:\/\/www.fracturaexpuesta.com.ar\/gotan\/#website","url":"https:\/\/www.fracturaexpuesta.com.ar\/gotan\/","name":"Fractura Expuesta | Tango!","description":"","publisher":{"@id":"https:\/\/www.fracturaexpuesta.com.ar\/gotan\/#organization"},"potentialAction":[{"@type":"SearchAction","target":{"@type":"EntryPoint","urlTemplate":"https:\/\/www.fracturaexpuesta.com.ar\/gotan\/?s={search_term_string}"},"query-input":{"@type":"PropertyValueSpecification","valueRequired":true,"valueName":"search_term_string"}}],"inLanguage":"es-AR"},{"@type":"Organization","@id":"https:\/\/www.fracturaexpuesta.com.ar\/gotan\/#organization","name":"Fractura Expuesta | Tango!","url":"https:\/\/www.fracturaexpuesta.com.ar\/gotan\/","logo":{"@type":"ImageObject","inLanguage":"es-AR","@id":"https:\/\/www.fracturaexpuesta.com.ar\/gotan\/#\/schema\/logo\/image\/","url":"https:\/\/www.fracturaexpuesta.com.ar\/gotan\/wp-content\/uploads\/2025\/03\/avatar2centroOK.jpg","contentUrl":"https:\/\/www.fracturaexpuesta.com.ar\/gotan\/wp-content\/uploads\/2025\/03\/avatar2centroOK.jpg","width":600,"height":600,"caption":"Fractura Expuesta | Tango!"},"image":{"@id":"https:\/\/www.fracturaexpuesta.com.ar\/gotan\/#\/schema\/logo\/image\/"}},{"@type":"Person","@id":"https:\/\/www.fracturaexpuesta.com.ar\/gotan\/#\/schema\/person\/d8266939f778485b13ad2174aa9e199e","name":"Fractura Expuesta","image":{"@type":"ImageObject","inLanguage":"es-AR","@id":"https:\/\/secure.gravatar.com\/avatar\/c4bad1eb9f93dd4a42df3aa8b8e8b882ff893fcea188ee15488a845db442d7ec?s=96&d=mm&r=g","url":"https:\/\/secure.gravatar.com\/avatar\/c4bad1eb9f93dd4a42df3aa8b8e8b882ff893fcea188ee15488a845db442d7ec?s=96&d=mm&r=g","contentUrl":"https:\/\/secure.gravatar.com\/avatar\/c4bad1eb9f93dd4a42df3aa8b8e8b882ff893fcea188ee15488a845db442d7ec?s=96&d=mm&r=g","caption":"Fractura Expuesta"},"description":"Sitio de tango y noticias culturales. Desde 2003, el espacio referente del tango de estos tiempos.","sameAs":["https:\/\/www.fracturaexpuesta.com.ar","https:\/\/www.facebook.com\/fracturaexpuestaok","https:\/\/www.instagram.com\/fracturaexpuesta","https:\/\/x.com\/https:\/\/x.com\/fracturatango","https:\/\/www.youtube.com\/channel\/UCojA8Q0QDpnncOL8sfTHOHg"],"url":"https:\/\/www.fracturaexpuesta.com.ar\/gotan\/author\/fractura-expuesta\/"}]}},"_links":{"self":[{"href":"https:\/\/www.fracturaexpuesta.com.ar\/gotan\/wp-json\/wp\/v2\/posts\/4542","targetHints":{"allow":["GET"]}}],"collection":[{"href":"https:\/\/www.fracturaexpuesta.com.ar\/gotan\/wp-json\/wp\/v2\/posts"}],"about":[{"href":"https:\/\/www.fracturaexpuesta.com.ar\/gotan\/wp-json\/wp\/v2\/types\/post"}],"author":[{"embeddable":true,"href":"https:\/\/www.fracturaexpuesta.com.ar\/gotan\/wp-json\/wp\/v2\/users\/1"}],"replies":[{"embeddable":true,"href":"https:\/\/www.fracturaexpuesta.com.ar\/gotan\/wp-json\/wp\/v2\/comments?post=4542"}],"version-history":[{"count":25,"href":"https:\/\/www.fracturaexpuesta.com.ar\/gotan\/wp-json\/wp\/v2\/posts\/4542\/revisions"}],"predecessor-version":[{"id":4589,"href":"https:\/\/www.fracturaexpuesta.com.ar\/gotan\/wp-json\/wp\/v2\/posts\/4542\/revisions\/4589"}],"wp:featuredmedia":[{"embeddable":true,"href":"https:\/\/www.fracturaexpuesta.com.ar\/gotan\/wp-json\/wp\/v2\/media\/4567"}],"wp:attachment":[{"href":"https:\/\/www.fracturaexpuesta.com.ar\/gotan\/wp-json\/wp\/v2\/media?parent=4542"}],"wp:term":[{"taxonomy":"category","embeddable":true,"href":"https:\/\/www.fracturaexpuesta.com.ar\/gotan\/wp-json\/wp\/v2\/categories?post=4542"},{"taxonomy":"post_tag","embeddable":true,"href":"https:\/\/www.fracturaexpuesta.com.ar\/gotan\/wp-json\/wp\/v2\/tags?post=4542"}],"curies":[{"name":"wp","href":"https:\/\/api.w.org\/{rel}","templated":true}]}}