{"id":4613,"date":"2025-04-24T16:05:38","date_gmt":"2025-04-24T19:05:38","guid":{"rendered":"https:\/\/www.fracturaexpuesta.com.ar\/gotan\/?p=4613"},"modified":"2025-04-30T10:22:21","modified_gmt":"2025-04-30T13:22:21","slug":"pa-que-bailen-arranca-el-campeonato-de-tango-en-la-ciudad","status":"publish","type":"post","link":"https:\/\/www.fracturaexpuesta.com.ar\/gotan\/pa-que-bailen-arranca-el-campeonato-de-tango-en-la-ciudad\/","title":{"rendered":"&#8220;Pa\u2019 que bailen&#8221;: arranca el Campeonato de Tango en la ciudad"},"content":{"rendered":"\n<p class=\"wp-block-paragraph\">Al tiempo que transcurren las fases preliminares en diversas ciudades del pa\u00eds y del exterior, comienza en la Ciudad de Buenos Aires el Campeonato de Baile de tango 2025.<\/p>\n\n\n\n<p class=\"wp-block-paragraph\">Se trata de la 21\u00ba edici\u00f3n del certamen que se extender\u00e1 desde el<strong> mi\u00e9rcoles 30 de abril hasta el domingo 11 de mayo<\/strong>.<\/p>\n\n\n\n<p class=\"wp-block-paragraph\">El campeonato se desarrollar\u00e1 en<strong> milongas, espacios culturales y en la Usina del Arte<\/strong>, con entrada e <a href=\"https:\/\/tangoba.org\/wp-content\/uploads\/2025\/04\/REGLAMENTO-CAMPEONATO-DE-BAILE-DE-LA-CIUDAD-2025.pdf\" target=\"_blank\" rel=\"noreferrer noopener\">inscripci\u00f3n<\/a> gratuita para los participantes en todas las sedes.<\/p>\n\n\n\n<p class=\"wp-block-paragraph\">En esta instancia se buscar\u00e1 a quienes representar\u00e1n a la Ciudad de Buenos Aires como finalistas y semifinalistas del Mundial de baile.<\/p>\n\n\n\n<p class=\"wp-block-paragraph\">Adem\u00e1s de la competencia, <strong>habr\u00e1 conciertos y reconocimientos<\/strong>. La <strong>apertura del mi\u00e9rcoles 30<\/strong> en la Usina del Arte tendr\u00e1 un homenaje a Eduardo Arquimbau, referente del tango danza, bailar\u00edn y core\u00f3grafo. Ser\u00e1 con una exhibici\u00f3n de baile de Andr\u00e9s \u201cTanguito\u201d Cejas y Genoveva Fern\u00e1ndez.<\/p>\n\n\n\n<h2 class=\"wp-block-heading\"><strong>Etapas, premios y categor\u00edas<\/strong><\/h2>\n\n\n\n<p class=\"wp-block-paragraph\">El certamen comprende las categor\u00edas <strong>Tango de Pista, Milongueros del Mundo, Milonga, Vals, Tango de Pista S\u00e9nior y Milongueros del Mundo Senior<\/strong>.<\/p>\n\n\n\n<p class=\"wp-block-paragraph\">Se desarrollar\u00e1 en tres etapas de definici\u00f3n. <strong>Rondas Clasificatorias<\/strong>, del 30 de abril al 8 de mayo; <strong>semifinales<\/strong> el s\u00e1bado 10 de mayo y la <strong>\u201cGran Final\u201d<\/strong> del domingo 11 de mayo en la Usina del Arte.<\/p>\n\n\n\n<p class=\"wp-block-paragraph\">Las parejas de <strong>Tango de Pista Adulto y Tango de Pista S\u00e9nior<\/strong> que obtengan el primer puesto representar\u00e1n a la Ciudad Aut\u00f3noma de Buenos Aires en la Final del Tango BA Festival y Mundial 2025 y cada pareja recibir\u00e1 un premio de 700 mil pesos.<\/p>\n\n\n\n<p class=\"wp-block-paragraph\">En la categor\u00eda <strong>Milongueros del Mundo (S\u00e9nior y Adulto)<\/strong>, las parejas que obtengan el primer puesto recibir\u00e1n el pase a la Semifinal del Tango BA Festival y Mundial 2025 y un premio de 700 mil pesos.<\/p>\n\n\n\n<p class=\"wp-block-paragraph\">Las parejas ganadoras en la categor\u00eda<strong> Milonga y Vals <\/strong>obtendr\u00e1n un premio de 700 mil pesos.<\/p>\n\n\n\n<figure class=\"wp-block-image size-large\"><img loading=\"lazy\" decoding=\"async\" width=\"1024\" height=\"683\" src=\"https:\/\/www.fracturaexpuesta.com.ar\/gotan\/wp-content\/uploads\/2025\/04\/campeonato-de-tango-2025-1-1024x683.jpg\" alt=\"\" class=\"wp-image-4615\" srcset=\"https:\/\/www.fracturaexpuesta.com.ar\/gotan\/wp-content\/uploads\/2025\/04\/campeonato-de-tango-2025-1-1024x683.jpg 1024w, https:\/\/www.fracturaexpuesta.com.ar\/gotan\/wp-content\/uploads\/2025\/04\/campeonato-de-tango-2025-1-300x200.jpg 300w, https:\/\/www.fracturaexpuesta.com.ar\/gotan\/wp-content\/uploads\/2025\/04\/campeonato-de-tango-2025-1-768x512.jpg 768w, https:\/\/www.fracturaexpuesta.com.ar\/gotan\/wp-content\/uploads\/2025\/04\/campeonato-de-tango-2025-1-60x40.jpg 60w, https:\/\/www.fracturaexpuesta.com.ar\/gotan\/wp-content\/uploads\/2025\/04\/campeonato-de-tango-2025-1-720x480.jpg 720w, https:\/\/www.fracturaexpuesta.com.ar\/gotan\/wp-content\/uploads\/2025\/04\/campeonato-de-tango-2025-1.jpg 1050w\" sizes=\"auto, (max-width: 1024px) 100vw, 1024px\" \/><figcaption class=\"wp-element-caption\"><em><mark style=\"background-color:rgba(0, 0, 0, 0)\" class=\"has-inline-color has-cyan-bluish-gray-color\">Parejas de bailarines de tango en el Campeonato de la ciudad<\/mark><\/em><\/figcaption><\/figure>\n\n\n\n<p class=\"wp-block-paragraph\">Adem\u00e1s, habr\u00e1 <strong>dos conciertos en la Usina del Arte<\/strong>. El primero ser\u00e1 el s\u00e1bado 3 de mayo a las 20 y estar\u00e1 a cargo de la Banda Sinf\u00f3nica de la Ciudad, dirigida Nicol\u00e1s Kapustiansky, con un espect\u00e1culo especial dedicado a la obra de Mart\u00edn Darr\u00e9, hist\u00f3rico arreglador de Mariano Mores.<\/p>\n\n\n\n<p class=\"wp-block-paragraph\">El segundo concierto ser\u00e1 el viernes 9 de mayo, tambi\u00e9n a las 20, con la presentaci\u00f3n de la Orquesta del Tango de Buenos Aires dirigida por N\u00e9stor Marconi y Juan Carlos Cuacci. Ambos espect\u00e1culos ser\u00e1n sin costo y con reserva previa ingresando a <em>tangoba.org<\/em>.<\/p>\n\n\n\n<p class=\"wp-block-paragraph\">La Gran Final del Campeonato de baile en la Usina del Arte ser\u00e1 el domingo 11 de mayo y contar\u00e1 con la participaci\u00f3n de El <strong>Quinteto del \u00c1ngel dirigido por Humberto Ridolfi<\/strong>.<\/p>\n\n\n\n<figure class=\"wp-block-image size-full\"><img decoding=\"async\" src=\"https:\/\/www.fracturaexpuesta.com.ar\/gotan\/wp-content\/uploads\/2025\/04\/campeonato-de-tango-2025-2-1.jpg\" alt=\"\" class=\"wp-image-4620\"\/><\/figure>\n\n\n\n<h2 class=\"wp-block-heading\"><strong>Las clasificatorias: sedes y horarios<\/strong><\/h2>\n\n\n\n<p class=\"wp-block-paragraph\">30 de abril, a las 18: Usina del Arte (A. Caffarena 1)<br>2 de mayo, a las 21.30: Devoto Tango Club (Navarro 3974)<br>3 de mayo, a las 16: Usina del Arte (A. Caffarena 1)<br>4 de mayo, a las 20: La Porte\u00f1a (La Rioja 1180)<br>5 de mayo, a las 22: El Pial (Cnel. Ram\u00f3n L. Falc\u00f3n 2750)<br>6 de mayo, a las 17: Espacio Cultural Carlos Gardel (Olleros 3640)<br>7 de mayo, a las 23: La Viruta (Armenia 1366)<br>8 de mayo, a las 20: El Milongon de la Tradicional (Maip\u00fa 365)<\/p>\n\n\n\n<h2 class=\"wp-block-heading\"><strong>Semifinales<\/strong><\/h2>\n\n\n\n<p class=\"wp-block-paragraph\">10 de mayo, a las 16. Todas las categor\u00edas. Usina del Arte (Agust\u00edn Caffarena 1), entrada sin costo con reserva previa.<\/p>\n\n\n\n<h2 class=\"wp-block-heading\"><strong>La Final<\/strong><\/h2>\n\n\n\n<p class=\"wp-block-paragraph\">11 de mayo, a las 19. Todas las categor\u00edas. Usina del Arte (Agust\u00edn Caffarena 1), entrada sin costo con reserva previa.<\/p>\n\n\n\n<p class=\"wp-block-paragraph\"><\/p>\n\n\n\n<h2 class=\"wp-block-heading\">Sobre las entradas<\/h2>\n\n\n\n<p class=\"wp-block-paragraph\">En la Usina del Arte y Espacio Cultural Carlos Gardel, las entradas ser\u00e1n sin costo, sin reserva previa ypor orden de llegada hasta completar la capacidad del espacio.<\/p>\n\n\n\n<p class=\"wp-block-paragraph\">En las milongas del circuito de la ciudad, se deber\u00e1 abonar la entrada de acuerdo a lo estipulado por cada milonga.<\/p>\n\n\n\n<p class=\"wp-block-paragraph\">Las semifinales y la Gran Final requieren reserva previa. A partir del lunes 5 de mayo se podr\u00e1n adquirir en la p\u00e1gina <a href=\"http:\/\/www.tangoba.org\" target=\"_blank\" rel=\"noreferrer noopener\">tangoba<\/a><a href=\"http:\/\/www.tangoba.org\">.org<\/a>.<\/p>\n","protected":false},"excerpt":{"rendered":"<p>La Ciudad de Buenos Aires volver\u00e1 a desplegar el certamen dedicado a los bailarines de tango.<\/p>\n","protected":false},"author":1,"featured_media":4614,"comment_status":"open","ping_status":"open","sticky":false,"template":"","format":"standard","meta":{"footnotes":""},"categories":[122],"tags":[92,157,91,159,158,160],"class_list":["post-4613","post","type-post","status-publish","format-standard","has-post-thumbnail","hentry","category-radar-tango","tag-baile","tag-campeonato-de-tango","tag-danza","tag-festival-de-tango","tag-mundial-de-tango","tag-tangoba"],"yoast_head":"<!-- This site is optimized with the Yoast SEO plugin v28.4 - https:\/\/yoast.com\/product\/yoast-seo-wordpress\/ -->\n<title>&quot;Pa\u2019 que bailen&quot;: arranca el Campeonato de Tango en la ciudad &#187; Fractura Expuesta | Tango!<\/title>\n<meta name=\"description\" content=\"La Ciudad de Buenos Aires volver\u00e1 a desplegar el certamen dedicado a los bailarines de tango.\" \/>\n<meta name=\"robots\" content=\"index, follow, max-snippet:-1, max-image-preview:large, max-video-preview:-1\" \/>\n<link rel=\"canonical\" href=\"https:\/\/www.fracturaexpuesta.com.ar\/gotan\/pa-que-bailen-arranca-el-campeonato-de-tango-en-la-ciudad\/\" \/>\n<meta property=\"og:locale\" content=\"es_ES\" \/>\n<meta property=\"og:type\" content=\"article\" \/>\n<meta property=\"og:title\" content=\"&quot;Pa\u2019 que bailen&quot;: arranca el Campeonato de Tango en la ciudad\" \/>\n<meta property=\"og:description\" content=\"La Ciudad de Buenos Aires volver\u00e1 a desplegar el certamen dedicado a los bailarines de tango.\" \/>\n<meta property=\"og:url\" content=\"https:\/\/www.fracturaexpuesta.com.ar\/gotan\/pa-que-bailen-arranca-el-campeonato-de-tango-en-la-ciudad\/\" \/>\n<meta property=\"og:site_name\" content=\"Fractura Expuesta | Tango!\" \/>\n<meta property=\"article:author\" content=\"https:\/\/www.facebook.com\/fracturaexpuestaok\" \/>\n<meta property=\"article:published_time\" content=\"2025-04-24T19:05:38+00:00\" \/>\n<meta property=\"article:modified_time\" content=\"2025-04-30T13:22:21+00:00\" \/>\n<meta property=\"og:image\" content=\"https:\/\/www.fracturaexpuesta.com.ar\/gotan\/wp-content\/uploads\/2025\/04\/campeonato-de-tango-2025.jpg\" \/>\n\t<meta property=\"og:image:width\" content=\"950\" \/>\n\t<meta property=\"og:image:height\" content=\"700\" \/>\n\t<meta property=\"og:image:type\" content=\"image\/jpeg\" \/>\n<meta name=\"author\" content=\"Fractura Expuesta\" \/>\n<meta name=\"twitter:card\" content=\"summary_large_image\" \/>\n<meta name=\"twitter:title\" content=\"&quot;Pa\u2019 que bailen&quot;: arranca el Campeonato de Tango en la ciudad\" \/>\n<meta name=\"twitter:description\" content=\"La Ciudad de Buenos Aires volver\u00e1 a desplegar el certamen dedicado a los bailarines de tango. %\" \/>\n<meta name=\"twitter:image\" content=\"https:\/\/www.fracturaexpuesta.com.ar\/gotan\/wp-content\/uploads\/2025\/04\/campeonato-de-tango-2025-1.jpg\" \/>\n<meta name=\"twitter:creator\" content=\"@https:\/\/x.com\/fracturatango\" \/>\n<meta name=\"twitter:label1\" content=\"Escrito por\" \/>\n\t<meta name=\"twitter:data1\" content=\"Fractura Expuesta\" \/>\n\t<meta name=\"twitter:label2\" content=\"Tiempo de lectura\" \/>\n\t<meta name=\"twitter:data2\" content=\"4 minutos\" \/>\n<script type=\"application\/ld+json\" class=\"yoast-schema-graph\">{\"@context\":\"https:\\\/\\\/schema.org\",\"@graph\":[{\"@type\":\"Article\",\"@id\":\"https:\\\/\\\/www.fracturaexpuesta.com.ar\\\/gotan\\\/pa-que-bailen-arranca-el-campeonato-de-tango-en-la-ciudad\\\/#article\",\"isPartOf\":{\"@id\":\"https:\\\/\\\/www.fracturaexpuesta.com.ar\\\/gotan\\\/pa-que-bailen-arranca-el-campeonato-de-tango-en-la-ciudad\\\/\"},\"author\":{\"name\":\"Fractura Expuesta\",\"@id\":\"https:\\\/\\\/www.fracturaexpuesta.com.ar\\\/gotan\\\/#\\\/schema\\\/person\\\/d8266939f778485b13ad2174aa9e199e\"},\"headline\":\"&#8220;Pa\u2019 que bailen&#8221;: arranca el Campeonato de Tango en la ciudad\",\"datePublished\":\"2025-04-24T19:05:38+00:00\",\"dateModified\":\"2025-04-30T13:22:21+00:00\",\"mainEntityOfPage\":{\"@id\":\"https:\\\/\\\/www.fracturaexpuesta.com.ar\\\/gotan\\\/pa-que-bailen-arranca-el-campeonato-de-tango-en-la-ciudad\\\/\"},\"wordCount\":671,\"commentCount\":0,\"publisher\":{\"@id\":\"https:\\\/\\\/www.fracturaexpuesta.com.ar\\\/gotan\\\/#organization\"},\"image\":{\"@id\":\"https:\\\/\\\/www.fracturaexpuesta.com.ar\\\/gotan\\\/pa-que-bailen-arranca-el-campeonato-de-tango-en-la-ciudad\\\/#primaryimage\"},\"thumbnailUrl\":\"https:\\\/\\\/www.fracturaexpuesta.com.ar\\\/gotan\\\/wp-content\\\/uploads\\\/2025\\\/04\\\/campeonato-de-tango-2025.jpg\",\"keywords\":[\"baile\",\"campeonato de tango\",\"danza\",\"festival de tango\",\"mundial de tango\",\"tangoba\"],\"articleSection\":[\"Radar Tango\"],\"inLanguage\":\"es-AR\",\"potentialAction\":[{\"@type\":\"CommentAction\",\"name\":\"Comment\",\"target\":[\"https:\\\/\\\/www.fracturaexpuesta.com.ar\\\/gotan\\\/pa-que-bailen-arranca-el-campeonato-de-tango-en-la-ciudad\\\/#respond\"]}]},{\"@type\":\"WebPage\",\"@id\":\"https:\\\/\\\/www.fracturaexpuesta.com.ar\\\/gotan\\\/pa-que-bailen-arranca-el-campeonato-de-tango-en-la-ciudad\\\/\",\"url\":\"https:\\\/\\\/www.fracturaexpuesta.com.ar\\\/gotan\\\/pa-que-bailen-arranca-el-campeonato-de-tango-en-la-ciudad\\\/\",\"name\":\"\\\"Pa\u2019 que bailen\\\": arranca el Campeonato de Tango en la ciudad &#187; Fractura Expuesta | Tango!\",\"isPartOf\":{\"@id\":\"https:\\\/\\\/www.fracturaexpuesta.com.ar\\\/gotan\\\/#website\"},\"primaryImageOfPage\":{\"@id\":\"https:\\\/\\\/www.fracturaexpuesta.com.ar\\\/gotan\\\/pa-que-bailen-arranca-el-campeonato-de-tango-en-la-ciudad\\\/#primaryimage\"},\"image\":{\"@id\":\"https:\\\/\\\/www.fracturaexpuesta.com.ar\\\/gotan\\\/pa-que-bailen-arranca-el-campeonato-de-tango-en-la-ciudad\\\/#primaryimage\"},\"thumbnailUrl\":\"https:\\\/\\\/www.fracturaexpuesta.com.ar\\\/gotan\\\/wp-content\\\/uploads\\\/2025\\\/04\\\/campeonato-de-tango-2025.jpg\",\"datePublished\":\"2025-04-24T19:05:38+00:00\",\"dateModified\":\"2025-04-30T13:22:21+00:00\",\"description\":\"La Ciudad de Buenos Aires volver\u00e1 a desplegar el certamen dedicado a los bailarines de tango.\",\"breadcrumb\":{\"@id\":\"https:\\\/\\\/www.fracturaexpuesta.com.ar\\\/gotan\\\/pa-que-bailen-arranca-el-campeonato-de-tango-en-la-ciudad\\\/#breadcrumb\"},\"inLanguage\":\"es-AR\",\"potentialAction\":[{\"@type\":\"ReadAction\",\"target\":[\"https:\\\/\\\/www.fracturaexpuesta.com.ar\\\/gotan\\\/pa-que-bailen-arranca-el-campeonato-de-tango-en-la-ciudad\\\/\"]}]},{\"@type\":\"ImageObject\",\"inLanguage\":\"es-AR\",\"@id\":\"https:\\\/\\\/www.fracturaexpuesta.com.ar\\\/gotan\\\/pa-que-bailen-arranca-el-campeonato-de-tango-en-la-ciudad\\\/#primaryimage\",\"url\":\"https:\\\/\\\/www.fracturaexpuesta.com.ar\\\/gotan\\\/wp-content\\\/uploads\\\/2025\\\/04\\\/campeonato-de-tango-2025.jpg\",\"contentUrl\":\"https:\\\/\\\/www.fracturaexpuesta.com.ar\\\/gotan\\\/wp-content\\\/uploads\\\/2025\\\/04\\\/campeonato-de-tango-2025.jpg\",\"width\":950,\"height\":700},{\"@type\":\"BreadcrumbList\",\"@id\":\"https:\\\/\\\/www.fracturaexpuesta.com.ar\\\/gotan\\\/pa-que-bailen-arranca-el-campeonato-de-tango-en-la-ciudad\\\/#breadcrumb\",\"itemListElement\":[{\"@type\":\"ListItem\",\"position\":1,\"name\":\"Inicio\",\"item\":\"https:\\\/\\\/www.fracturaexpuesta.com.ar\\\/gotan\\\/\"},{\"@type\":\"ListItem\",\"position\":2,\"name\":\"&#8220;Pa\u2019 que bailen&#8221;: arranca el Campeonato de Tango en la ciudad\"}]},{\"@type\":\"WebSite\",\"@id\":\"https:\\\/\\\/www.fracturaexpuesta.com.ar\\\/gotan\\\/#website\",\"url\":\"https:\\\/\\\/www.fracturaexpuesta.com.ar\\\/gotan\\\/\",\"name\":\"Fractura Expuesta | Tango!\",\"description\":\"\",\"publisher\":{\"@id\":\"https:\\\/\\\/www.fracturaexpuesta.com.ar\\\/gotan\\\/#organization\"},\"potentialAction\":[{\"@type\":\"SearchAction\",\"target\":{\"@type\":\"EntryPoint\",\"urlTemplate\":\"https:\\\/\\\/www.fracturaexpuesta.com.ar\\\/gotan\\\/?s={search_term_string}\"},\"query-input\":{\"@type\":\"PropertyValueSpecification\",\"valueRequired\":true,\"valueName\":\"search_term_string\"}}],\"inLanguage\":\"es-AR\"},{\"@type\":\"Organization\",\"@id\":\"https:\\\/\\\/www.fracturaexpuesta.com.ar\\\/gotan\\\/#organization\",\"name\":\"Fractura Expuesta | Tango!\",\"url\":\"https:\\\/\\\/www.fracturaexpuesta.com.ar\\\/gotan\\\/\",\"logo\":{\"@type\":\"ImageObject\",\"inLanguage\":\"es-AR\",\"@id\":\"https:\\\/\\\/www.fracturaexpuesta.com.ar\\\/gotan\\\/#\\\/schema\\\/logo\\\/image\\\/\",\"url\":\"https:\\\/\\\/www.fracturaexpuesta.com.ar\\\/gotan\\\/wp-content\\\/uploads\\\/2025\\\/03\\\/avatar2centroOK.jpg\",\"contentUrl\":\"https:\\\/\\\/www.fracturaexpuesta.com.ar\\\/gotan\\\/wp-content\\\/uploads\\\/2025\\\/03\\\/avatar2centroOK.jpg\",\"width\":600,\"height\":600,\"caption\":\"Fractura Expuesta | Tango!\"},\"image\":{\"@id\":\"https:\\\/\\\/www.fracturaexpuesta.com.ar\\\/gotan\\\/#\\\/schema\\\/logo\\\/image\\\/\"}},{\"@type\":\"Person\",\"@id\":\"https:\\\/\\\/www.fracturaexpuesta.com.ar\\\/gotan\\\/#\\\/schema\\\/person\\\/d8266939f778485b13ad2174aa9e199e\",\"name\":\"Fractura Expuesta\",\"image\":{\"@type\":\"ImageObject\",\"inLanguage\":\"es-AR\",\"@id\":\"https:\\\/\\\/secure.gravatar.com\\\/avatar\\\/c4bad1eb9f93dd4a42df3aa8b8e8b882ff893fcea188ee15488a845db442d7ec?s=96&d=mm&r=g\",\"url\":\"https:\\\/\\\/secure.gravatar.com\\\/avatar\\\/c4bad1eb9f93dd4a42df3aa8b8e8b882ff893fcea188ee15488a845db442d7ec?s=96&d=mm&r=g\",\"contentUrl\":\"https:\\\/\\\/secure.gravatar.com\\\/avatar\\\/c4bad1eb9f93dd4a42df3aa8b8e8b882ff893fcea188ee15488a845db442d7ec?s=96&d=mm&r=g\",\"caption\":\"Fractura Expuesta\"},\"description\":\"Sitio de tango y noticias culturales. Desde 2003, el espacio referente del tango de estos tiempos.\",\"sameAs\":[\"https:\\\/\\\/www.fracturaexpuesta.com.ar\",\"https:\\\/\\\/www.facebook.com\\\/fracturaexpuestaok\",\"https:\\\/\\\/www.instagram.com\\\/fracturaexpuesta\",\"https:\\\/\\\/x.com\\\/https:\\\/\\\/x.com\\\/fracturatango\",\"https:\\\/\\\/www.youtube.com\\\/channel\\\/UCojA8Q0QDpnncOL8sfTHOHg\"],\"url\":\"https:\\\/\\\/www.fracturaexpuesta.com.ar\\\/gotan\\\/author\\\/fractura-expuesta\\\/\"}]}<\/script>\n<!-- \/ Yoast SEO plugin. -->","yoast_head_json":{"title":"\"Pa\u2019 que bailen\": arranca el Campeonato de Tango en la ciudad &#187; Fractura Expuesta | Tango!","description":"La Ciudad de Buenos Aires volver\u00e1 a desplegar el certamen dedicado a los bailarines de tango.","robots":{"index":"index","follow":"follow","max-snippet":"max-snippet:-1","max-image-preview":"max-image-preview:large","max-video-preview":"max-video-preview:-1"},"canonical":"https:\/\/www.fracturaexpuesta.com.ar\/gotan\/pa-que-bailen-arranca-el-campeonato-de-tango-en-la-ciudad\/","og_locale":"es_ES","og_type":"article","og_title":"\"Pa\u2019 que bailen\": arranca el Campeonato de Tango en la ciudad","og_description":"La Ciudad de Buenos Aires volver\u00e1 a desplegar el certamen dedicado a los bailarines de tango.","og_url":"https:\/\/www.fracturaexpuesta.com.ar\/gotan\/pa-que-bailen-arranca-el-campeonato-de-tango-en-la-ciudad\/","og_site_name":"Fractura Expuesta | Tango!","article_author":"https:\/\/www.facebook.com\/fracturaexpuestaok","article_published_time":"2025-04-24T19:05:38+00:00","article_modified_time":"2025-04-30T13:22:21+00:00","og_image":[{"width":950,"height":700,"url":"https:\/\/www.fracturaexpuesta.com.ar\/gotan\/wp-content\/uploads\/2025\/04\/campeonato-de-tango-2025.jpg","type":"image\/jpeg"}],"author":"Fractura Expuesta","twitter_card":"summary_large_image","twitter_title":"\"Pa\u2019 que bailen\": arranca el Campeonato de Tango en la ciudad","twitter_description":"La Ciudad de Buenos Aires volver\u00e1 a desplegar el certamen dedicado a los bailarines de tango. %","twitter_image":"https:\/\/www.fracturaexpuesta.com.ar\/gotan\/wp-content\/uploads\/2025\/04\/campeonato-de-tango-2025-1.jpg","twitter_creator":"@https:\/\/x.com\/fracturatango","twitter_misc":{"Escrito por":"Fractura Expuesta","Tiempo de lectura":"4 minutos"},"schema":{"@context":"https:\/\/schema.org","@graph":[{"@type":"Article","@id":"https:\/\/www.fracturaexpuesta.com.ar\/gotan\/pa-que-bailen-arranca-el-campeonato-de-tango-en-la-ciudad\/#article","isPartOf":{"@id":"https:\/\/www.fracturaexpuesta.com.ar\/gotan\/pa-que-bailen-arranca-el-campeonato-de-tango-en-la-ciudad\/"},"author":{"name":"Fractura Expuesta","@id":"https:\/\/www.fracturaexpuesta.com.ar\/gotan\/#\/schema\/person\/d8266939f778485b13ad2174aa9e199e"},"headline":"&#8220;Pa\u2019 que bailen&#8221;: arranca el Campeonato de Tango en la ciudad","datePublished":"2025-04-24T19:05:38+00:00","dateModified":"2025-04-30T13:22:21+00:00","mainEntityOfPage":{"@id":"https:\/\/www.fracturaexpuesta.com.ar\/gotan\/pa-que-bailen-arranca-el-campeonato-de-tango-en-la-ciudad\/"},"wordCount":671,"commentCount":0,"publisher":{"@id":"https:\/\/www.fracturaexpuesta.com.ar\/gotan\/#organization"},"image":{"@id":"https:\/\/www.fracturaexpuesta.com.ar\/gotan\/pa-que-bailen-arranca-el-campeonato-de-tango-en-la-ciudad\/#primaryimage"},"thumbnailUrl":"https:\/\/www.fracturaexpuesta.com.ar\/gotan\/wp-content\/uploads\/2025\/04\/campeonato-de-tango-2025.jpg","keywords":["baile","campeonato de tango","danza","festival de tango","mundial de tango","tangoba"],"articleSection":["Radar Tango"],"inLanguage":"es-AR","potentialAction":[{"@type":"CommentAction","name":"Comment","target":["https:\/\/www.fracturaexpuesta.com.ar\/gotan\/pa-que-bailen-arranca-el-campeonato-de-tango-en-la-ciudad\/#respond"]}]},{"@type":"WebPage","@id":"https:\/\/www.fracturaexpuesta.com.ar\/gotan\/pa-que-bailen-arranca-el-campeonato-de-tango-en-la-ciudad\/","url":"https:\/\/www.fracturaexpuesta.com.ar\/gotan\/pa-que-bailen-arranca-el-campeonato-de-tango-en-la-ciudad\/","name":"\"Pa\u2019 que bailen\": arranca el Campeonato de Tango en la ciudad &#187; Fractura Expuesta | Tango!","isPartOf":{"@id":"https:\/\/www.fracturaexpuesta.com.ar\/gotan\/#website"},"primaryImageOfPage":{"@id":"https:\/\/www.fracturaexpuesta.com.ar\/gotan\/pa-que-bailen-arranca-el-campeonato-de-tango-en-la-ciudad\/#primaryimage"},"image":{"@id":"https:\/\/www.fracturaexpuesta.com.ar\/gotan\/pa-que-bailen-arranca-el-campeonato-de-tango-en-la-ciudad\/#primaryimage"},"thumbnailUrl":"https:\/\/www.fracturaexpuesta.com.ar\/gotan\/wp-content\/uploads\/2025\/04\/campeonato-de-tango-2025.jpg","datePublished":"2025-04-24T19:05:38+00:00","dateModified":"2025-04-30T13:22:21+00:00","description":"La Ciudad de Buenos Aires volver\u00e1 a desplegar el certamen dedicado a los bailarines de tango.","breadcrumb":{"@id":"https:\/\/www.fracturaexpuesta.com.ar\/gotan\/pa-que-bailen-arranca-el-campeonato-de-tango-en-la-ciudad\/#breadcrumb"},"inLanguage":"es-AR","potentialAction":[{"@type":"ReadAction","target":["https:\/\/www.fracturaexpuesta.com.ar\/gotan\/pa-que-bailen-arranca-el-campeonato-de-tango-en-la-ciudad\/"]}]},{"@type":"ImageObject","inLanguage":"es-AR","@id":"https:\/\/www.fracturaexpuesta.com.ar\/gotan\/pa-que-bailen-arranca-el-campeonato-de-tango-en-la-ciudad\/#primaryimage","url":"https:\/\/www.fracturaexpuesta.com.ar\/gotan\/wp-content\/uploads\/2025\/04\/campeonato-de-tango-2025.jpg","contentUrl":"https:\/\/www.fracturaexpuesta.com.ar\/gotan\/wp-content\/uploads\/2025\/04\/campeonato-de-tango-2025.jpg","width":950,"height":700},{"@type":"BreadcrumbList","@id":"https:\/\/www.fracturaexpuesta.com.ar\/gotan\/pa-que-bailen-arranca-el-campeonato-de-tango-en-la-ciudad\/#breadcrumb","itemListElement":[{"@type":"ListItem","position":1,"name":"Inicio","item":"https:\/\/www.fracturaexpuesta.com.ar\/gotan\/"},{"@type":"ListItem","position":2,"name":"&#8220;Pa\u2019 que bailen&#8221;: arranca el Campeonato de Tango en la ciudad"}]},{"@type":"WebSite","@id":"https:\/\/www.fracturaexpuesta.com.ar\/gotan\/#website","url":"https:\/\/www.fracturaexpuesta.com.ar\/gotan\/","name":"Fractura Expuesta | Tango!","description":"","publisher":{"@id":"https:\/\/www.fracturaexpuesta.com.ar\/gotan\/#organization"},"potentialAction":[{"@type":"SearchAction","target":{"@type":"EntryPoint","urlTemplate":"https:\/\/www.fracturaexpuesta.com.ar\/gotan\/?s={search_term_string}"},"query-input":{"@type":"PropertyValueSpecification","valueRequired":true,"valueName":"search_term_string"}}],"inLanguage":"es-AR"},{"@type":"Organization","@id":"https:\/\/www.fracturaexpuesta.com.ar\/gotan\/#organization","name":"Fractura Expuesta | Tango!","url":"https:\/\/www.fracturaexpuesta.com.ar\/gotan\/","logo":{"@type":"ImageObject","inLanguage":"es-AR","@id":"https:\/\/www.fracturaexpuesta.com.ar\/gotan\/#\/schema\/logo\/image\/","url":"https:\/\/www.fracturaexpuesta.com.ar\/gotan\/wp-content\/uploads\/2025\/03\/avatar2centroOK.jpg","contentUrl":"https:\/\/www.fracturaexpuesta.com.ar\/gotan\/wp-content\/uploads\/2025\/03\/avatar2centroOK.jpg","width":600,"height":600,"caption":"Fractura Expuesta | Tango!"},"image":{"@id":"https:\/\/www.fracturaexpuesta.com.ar\/gotan\/#\/schema\/logo\/image\/"}},{"@type":"Person","@id":"https:\/\/www.fracturaexpuesta.com.ar\/gotan\/#\/schema\/person\/d8266939f778485b13ad2174aa9e199e","name":"Fractura Expuesta","image":{"@type":"ImageObject","inLanguage":"es-AR","@id":"https:\/\/secure.gravatar.com\/avatar\/c4bad1eb9f93dd4a42df3aa8b8e8b882ff893fcea188ee15488a845db442d7ec?s=96&d=mm&r=g","url":"https:\/\/secure.gravatar.com\/avatar\/c4bad1eb9f93dd4a42df3aa8b8e8b882ff893fcea188ee15488a845db442d7ec?s=96&d=mm&r=g","contentUrl":"https:\/\/secure.gravatar.com\/avatar\/c4bad1eb9f93dd4a42df3aa8b8e8b882ff893fcea188ee15488a845db442d7ec?s=96&d=mm&r=g","caption":"Fractura Expuesta"},"description":"Sitio de tango y noticias culturales. Desde 2003, el espacio referente del tango de estos tiempos.","sameAs":["https:\/\/www.fracturaexpuesta.com.ar","https:\/\/www.facebook.com\/fracturaexpuestaok","https:\/\/www.instagram.com\/fracturaexpuesta","https:\/\/x.com\/https:\/\/x.com\/fracturatango","https:\/\/www.youtube.com\/channel\/UCojA8Q0QDpnncOL8sfTHOHg"],"url":"https:\/\/www.fracturaexpuesta.com.ar\/gotan\/author\/fractura-expuesta\/"}]}},"_links":{"self":[{"href":"https:\/\/www.fracturaexpuesta.com.ar\/gotan\/wp-json\/wp\/v2\/posts\/4613","targetHints":{"allow":["GET"]}}],"collection":[{"href":"https:\/\/www.fracturaexpuesta.com.ar\/gotan\/wp-json\/wp\/v2\/posts"}],"about":[{"href":"https:\/\/www.fracturaexpuesta.com.ar\/gotan\/wp-json\/wp\/v2\/types\/post"}],"author":[{"embeddable":true,"href":"https:\/\/www.fracturaexpuesta.com.ar\/gotan\/wp-json\/wp\/v2\/users\/1"}],"replies":[{"embeddable":true,"href":"https:\/\/www.fracturaexpuesta.com.ar\/gotan\/wp-json\/wp\/v2\/comments?post=4613"}],"version-history":[{"count":10,"href":"https:\/\/www.fracturaexpuesta.com.ar\/gotan\/wp-json\/wp\/v2\/posts\/4613\/revisions"}],"predecessor-version":[{"id":4630,"href":"https:\/\/www.fracturaexpuesta.com.ar\/gotan\/wp-json\/wp\/v2\/posts\/4613\/revisions\/4630"}],"wp:featuredmedia":[{"embeddable":true,"href":"https:\/\/www.fracturaexpuesta.com.ar\/gotan\/wp-json\/wp\/v2\/media\/4614"}],"wp:attachment":[{"href":"https:\/\/www.fracturaexpuesta.com.ar\/gotan\/wp-json\/wp\/v2\/media?parent=4613"}],"wp:term":[{"taxonomy":"category","embeddable":true,"href":"https:\/\/www.fracturaexpuesta.com.ar\/gotan\/wp-json\/wp\/v2\/categories?post=4613"},{"taxonomy":"post_tag","embeddable":true,"href":"https:\/\/www.fracturaexpuesta.com.ar\/gotan\/wp-json\/wp\/v2\/tags?post=4613"}],"curies":[{"name":"wp","href":"https:\/\/api.w.org\/{rel}","templated":true}]}}