{"id":4632,"date":"2025-04-25T15:05:28","date_gmt":"2025-04-25T18:05:28","guid":{"rendered":"https:\/\/www.fracturaexpuesta.com.ar\/gotan\/?p=4632"},"modified":"2025-04-25T17:19:55","modified_gmt":"2025-04-25T20:19:55","slug":"los-premios-gardel-2025-ya-tienen-a-sus-nominados-en-las-categorias-de-tango","status":"publish","type":"post","link":"https:\/\/www.fracturaexpuesta.com.ar\/gotan\/los-premios-gardel-2025-ya-tienen-a-sus-nominados-en-las-categorias-de-tango\/","title":{"rendered":"Los Premios Gardel 2025 ya tienen a sus nominados en las categor\u00edas de tango"},"content":{"rendered":"\n<p class=\"wp-block-paragraph\">Una nueva edici\u00f3n de los Premios Gardel tendr\u00e1, como es habitual, al tango entre sus ternas.<\/p>\n\n\n\n<p class=\"wp-block-paragraph\">Los galardones que entrega la industria discogr\u00e1fica argentina desarrollar\u00e1n su ceremonia el <strong>mi\u00e9rcoles 28 de mayo<\/strong> en un recinto aun no confirmado. Son 51 categor\u00edas las propuestas para la edici\u00f3n 2025 del reconocimiento.<\/p>\n\n\n\n<p class=\"wp-block-paragraph\">Entre los m\u00faltiples rubros, tres est\u00e1n dedicados espec\u00edficamente al tango. Se trata de las categor\u00edas &#8220;<strong>Mejor \u00c1lbum Artista de Tango&#8221;, &#8220;Mejor \u00c1lbum Orquesta Y\/o Grupo De Tango Y\/o Instrumental&#8221; y &#8220;Mejor Canci\u00f3n de Tango&#8221;<\/strong>.<\/p>\n\n\n\n<p class=\"wp-block-paragraph\">Como sucede habitualmente, con cada entrega de los premios se renueva el <strong>reclamo de la comunidad del tango<\/strong> para que las categor\u00edas dedicadas al estilo musical tengan mayor visibilidad en la ceremonia principal.<\/p>\n\n\n\n<p class=\"wp-block-paragraph\">Este a\u00f1o, algunas de las sorpresas son la doble nominaci\u00f3n de la cantante <strong>Lidia Borda<\/strong> que, junto al pianista Daniel Godfrid, participan en las ternas de Mejor Canci\u00f3n de Tango y Mejor \u00c1lbum Instrumental-Fusi\u00f3n-World Music.<\/p>\n\n\n\n<p class=\"wp-block-paragraph\">Por su parte, la cantante <strong>Mariana Maz\u00fa<\/strong>, ganadora en 2021 del Premio Gardel en la categor\u00eda Mejor \u00c1lbum Artista de Tango por su disco debut <em>La bella indiferencia<\/em>, vuelve a estar nominada en la misma categor\u00eda, esta vez por su disco <em>\u00bfY el fin del amor?<\/em><\/p>\n\n\n\n<p class=\"wp-block-paragraph\">Asimismo, otra cantante, <strong>Mariana Quinteros<\/strong>, luego de estar nominada en 2022 en los Latin Grammy ahora llega a los premios argentinos con su disco <em>Contrapunto: Tangos de Eladia Bl\u00e1zquez y Astor Piazzolla<\/em>.<\/p>\n\n\n\n<p class=\"wp-block-paragraph\">Finalmente, aunque de modo lateral pero con conexiones tangueras, el pianista <strong>Hern\u00e1n Jacinto<\/strong> competir\u00e1 en Mejor \u00c1lbum de Jazz por su disco dedicado a la obra de Gardel y \u201cPity\u201d \u00c1lvarez, por su colaboraci\u00f3n en la canci\u00f3n de <strong>Melingo<\/strong> \u201cPesar\u201d, se encuentra ternado en el rubro Mejor Canci\u00f3n de Tango.<\/p>\n\n\n\n<h2 class=\"wp-block-heading\">Todos los artistas y \u00e1lbumes de tango nominados<\/h2>\n\n\n\n<p class=\"wp-block-paragraph\"><strong>Mejor \u00c1lbum Artista de Tango<\/strong><\/p>\n\n\n\n<ul class=\"wp-block-list\">\n<li><em>Contrapunto: Tangos de Eladia Bl\u00e1zquez y Astor Piazzolla<\/em> &#8211; Mariana Quinteros<\/li>\n<\/ul>\n\n\n\n<ul class=\"wp-block-list\">\n<li><em>\u00bfY el fin del amor?<\/em> &#8211; Mariana Maz\u00fa<\/li>\n<\/ul>\n\n\n\n<ul class=\"wp-block-list\">\n<li><em>Pratanguero: 3\u00ba Esquina, la que se alumbra<\/em> &#8211; Ariel Prat<\/li>\n<\/ul>\n\n\n\n<figure class=\"wp-block-image size-full\"><img loading=\"lazy\" decoding=\"async\" width=\"950\" height=\"560\" src=\"https:\/\/www.fracturaexpuesta.com.ar\/gotan\/wp-content\/uploads\/2025\/04\/Mariana-Mazu-3.jpg\" alt=\"\" class=\"wp-image-4635\" srcset=\"https:\/\/www.fracturaexpuesta.com.ar\/gotan\/wp-content\/uploads\/2025\/04\/Mariana-Mazu-3.jpg 950w, https:\/\/www.fracturaexpuesta.com.ar\/gotan\/wp-content\/uploads\/2025\/04\/Mariana-Mazu-3-300x177.jpg 300w, https:\/\/www.fracturaexpuesta.com.ar\/gotan\/wp-content\/uploads\/2025\/04\/Mariana-Mazu-3-768x453.jpg 768w, https:\/\/www.fracturaexpuesta.com.ar\/gotan\/wp-content\/uploads\/2025\/04\/Mariana-Mazu-3-60x35.jpg 60w\" sizes=\"auto, (max-width: 950px) 100vw, 950px\" \/><figcaption class=\"wp-element-caption\"><em><mark style=\"background-color:rgba(0, 0, 0, 0)\" class=\"has-inline-color has-cyan-bluish-gray-color\">La cantante Mariana Maz\u00fa, nuevamente nominada.<\/mark><\/em><\/figcaption><\/figure>\n\n\n\n<p class=\"wp-block-paragraph\"><strong>Mejor \u00c1lbum Orquesta Y\/o Grupo De Tango Y\/o Instrumental<\/strong><\/p>\n\n\n\n<ul class=\"wp-block-list\">\n<li><em>Costero Criollo<\/em> &#8211; Noelia Sinkunas y Milagros Caliva<\/li>\n<\/ul>\n\n\n\n<ul class=\"wp-block-list\">\n<li><em>La Marca<\/em> &#8211; Orquesta de Tango del Falla<\/li>\n<\/ul>\n\n\n\n<ul class=\"wp-block-list\">\n<li><em>Neot\u00edpico<\/em> &#8211; Ramiro Boero<\/li>\n<\/ul>\n\n\n\n<figure class=\"wp-block-image size-large\"><img loading=\"lazy\" decoding=\"async\" width=\"1024\" height=\"683\" src=\"https:\/\/www.fracturaexpuesta.com.ar\/gotan\/wp-content\/uploads\/2025\/04\/Noelia-Sinkunas-y-Milagros-Caliva-1024x683.jpg\" alt=\"\" class=\"wp-image-4641\" srcset=\"https:\/\/www.fracturaexpuesta.com.ar\/gotan\/wp-content\/uploads\/2025\/04\/Noelia-Sinkunas-y-Milagros-Caliva-1024x683.jpg 1024w, https:\/\/www.fracturaexpuesta.com.ar\/gotan\/wp-content\/uploads\/2025\/04\/Noelia-Sinkunas-y-Milagros-Caliva-300x200.jpg 300w, https:\/\/www.fracturaexpuesta.com.ar\/gotan\/wp-content\/uploads\/2025\/04\/Noelia-Sinkunas-y-Milagros-Caliva-768x512.jpg 768w, https:\/\/www.fracturaexpuesta.com.ar\/gotan\/wp-content\/uploads\/2025\/04\/Noelia-Sinkunas-y-Milagros-Caliva-60x40.jpg 60w, https:\/\/www.fracturaexpuesta.com.ar\/gotan\/wp-content\/uploads\/2025\/04\/Noelia-Sinkunas-y-Milagros-Caliva-720x480.jpg 720w, https:\/\/www.fracturaexpuesta.com.ar\/gotan\/wp-content\/uploads\/2025\/04\/Noelia-Sinkunas-y-Milagros-Caliva.jpg 1080w\" sizes=\"auto, (max-width: 1024px) 100vw, 1024px\" \/><figcaption class=\"wp-element-caption\"><em><mark style=\"background-color:rgba(0, 0, 0, 0)\" class=\"has-inline-color has-cyan-bluish-gray-color\">Milagros Caliva y Noelia Sinkunas<\/mark><\/em><\/figcaption><\/figure>\n\n\n\n<p class=\"wp-block-paragraph\"><strong>Mejor Canci\u00f3n de Tango<\/strong><\/p>\n\n\n\n<ul class=\"wp-block-list\">\n<li>&#8220;Pesar&#8221; &#8211; Melingo y Pity \u00c1lvarez<\/li>\n<\/ul>\n\n\n\n<ul class=\"wp-block-list\">\n<li>&#8220;Tormenta&#8221; &#8211; Lidia Borda y Daniel Godfrid<\/li>\n<\/ul>\n\n\n\n<ul class=\"wp-block-list\">\n<li>&#8220;La vida del brujo&#8221; &#8211; Sexteto Fantasma<\/li>\n<\/ul>\n\n\n<div class=\"wp-block-image\">\n<figure class=\"aligncenter size-full\"><img loading=\"lazy\" decoding=\"async\" width=\"580\" height=\"580\" src=\"https:\/\/www.fracturaexpuesta.com.ar\/gotan\/wp-content\/uploads\/2025\/04\/sexteto-fantasma-edited.jpg\" alt=\"Sexteto Fantasma\" class=\"wp-image-4643\" srcset=\"https:\/\/www.fracturaexpuesta.com.ar\/gotan\/wp-content\/uploads\/2025\/04\/sexteto-fantasma-edited.jpg 580w, https:\/\/www.fracturaexpuesta.com.ar\/gotan\/wp-content\/uploads\/2025\/04\/sexteto-fantasma-edited-300x300.jpg 300w, https:\/\/www.fracturaexpuesta.com.ar\/gotan\/wp-content\/uploads\/2025\/04\/sexteto-fantasma-edited-150x150.jpg 150w, https:\/\/www.fracturaexpuesta.com.ar\/gotan\/wp-content\/uploads\/2025\/04\/sexteto-fantasma-edited-60x60.jpg 60w, https:\/\/www.fracturaexpuesta.com.ar\/gotan\/wp-content\/uploads\/2025\/04\/sexteto-fantasma-edited-480x480.jpg 480w\" sizes=\"auto, (max-width: 580px) 100vw, 580px\" \/><figcaption class=\"wp-element-caption\"><em><mark style=\"background-color:rgba(0, 0, 0, 0)\" class=\"has-inline-color has-cyan-bluish-gray-color\">El Sexteto Fantasma<\/mark><\/em><\/figcaption><\/figure>\n<\/div>\n\n\n<p class=\"wp-block-paragraph\"><\/p>\n","protected":false},"excerpt":{"rendered":"<p>Todos los rubros y artistas de tango que competir\u00e1n en la pr\u00f3xima edici\u00f3n de los Premios Gardel.<\/p>\n","protected":false},"author":1,"featured_media":4637,"comment_status":"open","ping_status":"open","sticky":false,"template":"","format":"standard","meta":{"footnotes":""},"categories":[7],"tags":[81,103,161],"class_list":["post-4632","post","type-post","status-publish","format-standard","has-post-thumbnail","hentry","category-noticias","tag-discos","tag-premios","tag-premios-gardel"],"yoast_head":"<!-- This site is optimized with the Yoast SEO plugin v28.4 - https:\/\/yoast.com\/product\/yoast-seo-wordpress\/ -->\n<title>Los Premios Gardel 2025 ya tienen a sus nominados en las categor\u00edas de tango &#187; Fractura Expuesta | Tango!<\/title>\n<meta name=\"description\" content=\"Todos los rubros y artistas de tango que competir\u00e1n en la pr\u00f3xima edici\u00f3n de los Premios Gardel.\" \/>\n<meta name=\"robots\" content=\"index, follow, max-snippet:-1, max-image-preview:large, max-video-preview:-1\" \/>\n<link rel=\"canonical\" href=\"https:\/\/www.fracturaexpuesta.com.ar\/gotan\/los-premios-gardel-2025-ya-tienen-a-sus-nominados-en-las-categorias-de-tango\/\" \/>\n<meta property=\"og:locale\" content=\"es_ES\" \/>\n<meta property=\"og:type\" content=\"article\" \/>\n<meta property=\"og:title\" content=\"Los Premios Gardel 2025 ya tienen a sus nominados en las categor\u00edas de tango\" \/>\n<meta property=\"og:description\" content=\"Todos los rubros y artistas de tango que competir\u00e1n en la pr\u00f3xima edici\u00f3n de los Premios Gardel.\" \/>\n<meta property=\"og:url\" content=\"https:\/\/www.fracturaexpuesta.com.ar\/gotan\/los-premios-gardel-2025-ya-tienen-a-sus-nominados-en-las-categorias-de-tango\/\" \/>\n<meta property=\"og:site_name\" content=\"Fractura Expuesta | Tango!\" \/>\n<meta property=\"article:author\" content=\"https:\/\/www.facebook.com\/fracturaexpuestaok\" \/>\n<meta property=\"article:published_time\" content=\"2025-04-25T18:05:28+00:00\" \/>\n<meta property=\"article:modified_time\" content=\"2025-04-25T20:19:55+00:00\" \/>\n<meta property=\"og:image\" content=\"https:\/\/www.fracturaexpuesta.com.ar\/gotan\/wp-content\/uploads\/2025\/04\/premios-gardel-2025-tango.jpg\" \/>\n\t<meta property=\"og:image:width\" content=\"950\" \/>\n\t<meta property=\"og:image:height\" content=\"700\" \/>\n\t<meta property=\"og:image:type\" content=\"image\/jpeg\" \/>\n<meta name=\"author\" content=\"Fractura Expuesta\" \/>\n<meta name=\"twitter:card\" content=\"summary_large_image\" \/>\n<meta name=\"twitter:title\" content=\"Los Premios Gardel 2025 ya tienen a sus nominados en las categor\u00edas de tango\" \/>\n<meta name=\"twitter:description\" content=\"Todos los rubros y artistas de tango que competir\u00e1n en la pr\u00f3xima edici\u00f3n de los Premios Gardel.\" \/>\n<meta name=\"twitter:image\" content=\"https:\/\/www.fracturaexpuesta.com.ar\/gotan\/wp-content\/uploads\/2025\/04\/premios-gardel-2025-tango.jpg\" \/>\n<meta name=\"twitter:creator\" content=\"@https:\/\/x.com\/fracturatango\" \/>\n<meta name=\"twitter:label1\" content=\"Escrito por\" \/>\n\t<meta name=\"twitter:data1\" content=\"Fractura Expuesta\" \/>\n\t<meta name=\"twitter:label2\" content=\"Tiempo de lectura\" \/>\n\t<meta name=\"twitter:data2\" content=\"3 minutos\" \/>\n<script type=\"application\/ld+json\" class=\"yoast-schema-graph\">{\"@context\":\"https:\\\/\\\/schema.org\",\"@graph\":[{\"@type\":\"Article\",\"@id\":\"https:\\\/\\\/www.fracturaexpuesta.com.ar\\\/gotan\\\/los-premios-gardel-2025-ya-tienen-a-sus-nominados-en-las-categorias-de-tango\\\/#article\",\"isPartOf\":{\"@id\":\"https:\\\/\\\/www.fracturaexpuesta.com.ar\\\/gotan\\\/los-premios-gardel-2025-ya-tienen-a-sus-nominados-en-las-categorias-de-tango\\\/\"},\"author\":{\"name\":\"Fractura Expuesta\",\"@id\":\"https:\\\/\\\/www.fracturaexpuesta.com.ar\\\/gotan\\\/#\\\/schema\\\/person\\\/d8266939f778485b13ad2174aa9e199e\"},\"headline\":\"Los Premios Gardel 2025 ya tienen a sus nominados en las categor\u00edas de tango\",\"datePublished\":\"2025-04-25T18:05:28+00:00\",\"dateModified\":\"2025-04-25T20:19:55+00:00\",\"mainEntityOfPage\":{\"@id\":\"https:\\\/\\\/www.fracturaexpuesta.com.ar\\\/gotan\\\/los-premios-gardel-2025-ya-tienen-a-sus-nominados-en-las-categorias-de-tango\\\/\"},\"wordCount\":426,\"commentCount\":0,\"publisher\":{\"@id\":\"https:\\\/\\\/www.fracturaexpuesta.com.ar\\\/gotan\\\/#organization\"},\"image\":{\"@id\":\"https:\\\/\\\/www.fracturaexpuesta.com.ar\\\/gotan\\\/los-premios-gardel-2025-ya-tienen-a-sus-nominados-en-las-categorias-de-tango\\\/#primaryimage\"},\"thumbnailUrl\":\"https:\\\/\\\/www.fracturaexpuesta.com.ar\\\/gotan\\\/wp-content\\\/uploads\\\/2025\\\/04\\\/premios-gardel-2025-tango.jpg\",\"keywords\":[\"discos\",\"premios\",\"premios gardel\"],\"articleSection\":[\"Noticias\"],\"inLanguage\":\"es-AR\",\"potentialAction\":[{\"@type\":\"CommentAction\",\"name\":\"Comment\",\"target\":[\"https:\\\/\\\/www.fracturaexpuesta.com.ar\\\/gotan\\\/los-premios-gardel-2025-ya-tienen-a-sus-nominados-en-las-categorias-de-tango\\\/#respond\"]}]},{\"@type\":\"WebPage\",\"@id\":\"https:\\\/\\\/www.fracturaexpuesta.com.ar\\\/gotan\\\/los-premios-gardel-2025-ya-tienen-a-sus-nominados-en-las-categorias-de-tango\\\/\",\"url\":\"https:\\\/\\\/www.fracturaexpuesta.com.ar\\\/gotan\\\/los-premios-gardel-2025-ya-tienen-a-sus-nominados-en-las-categorias-de-tango\\\/\",\"name\":\"Los Premios Gardel 2025 ya tienen a sus nominados en las categor\u00edas de tango &#187; Fractura Expuesta | Tango!\",\"isPartOf\":{\"@id\":\"https:\\\/\\\/www.fracturaexpuesta.com.ar\\\/gotan\\\/#website\"},\"primaryImageOfPage\":{\"@id\":\"https:\\\/\\\/www.fracturaexpuesta.com.ar\\\/gotan\\\/los-premios-gardel-2025-ya-tienen-a-sus-nominados-en-las-categorias-de-tango\\\/#primaryimage\"},\"image\":{\"@id\":\"https:\\\/\\\/www.fracturaexpuesta.com.ar\\\/gotan\\\/los-premios-gardel-2025-ya-tienen-a-sus-nominados-en-las-categorias-de-tango\\\/#primaryimage\"},\"thumbnailUrl\":\"https:\\\/\\\/www.fracturaexpuesta.com.ar\\\/gotan\\\/wp-content\\\/uploads\\\/2025\\\/04\\\/premios-gardel-2025-tango.jpg\",\"datePublished\":\"2025-04-25T18:05:28+00:00\",\"dateModified\":\"2025-04-25T20:19:55+00:00\",\"description\":\"Todos los rubros y artistas de tango que competir\u00e1n en la pr\u00f3xima edici\u00f3n de los Premios Gardel.\",\"breadcrumb\":{\"@id\":\"https:\\\/\\\/www.fracturaexpuesta.com.ar\\\/gotan\\\/los-premios-gardel-2025-ya-tienen-a-sus-nominados-en-las-categorias-de-tango\\\/#breadcrumb\"},\"inLanguage\":\"es-AR\",\"potentialAction\":[{\"@type\":\"ReadAction\",\"target\":[\"https:\\\/\\\/www.fracturaexpuesta.com.ar\\\/gotan\\\/los-premios-gardel-2025-ya-tienen-a-sus-nominados-en-las-categorias-de-tango\\\/\"]}]},{\"@type\":\"ImageObject\",\"inLanguage\":\"es-AR\",\"@id\":\"https:\\\/\\\/www.fracturaexpuesta.com.ar\\\/gotan\\\/los-premios-gardel-2025-ya-tienen-a-sus-nominados-en-las-categorias-de-tango\\\/#primaryimage\",\"url\":\"https:\\\/\\\/www.fracturaexpuesta.com.ar\\\/gotan\\\/wp-content\\\/uploads\\\/2025\\\/04\\\/premios-gardel-2025-tango.jpg\",\"contentUrl\":\"https:\\\/\\\/www.fracturaexpuesta.com.ar\\\/gotan\\\/wp-content\\\/uploads\\\/2025\\\/04\\\/premios-gardel-2025-tango.jpg\",\"width\":950,\"height\":700,\"caption\":\"Premios Gardel 2025 Tango\"},{\"@type\":\"BreadcrumbList\",\"@id\":\"https:\\\/\\\/www.fracturaexpuesta.com.ar\\\/gotan\\\/los-premios-gardel-2025-ya-tienen-a-sus-nominados-en-las-categorias-de-tango\\\/#breadcrumb\",\"itemListElement\":[{\"@type\":\"ListItem\",\"position\":1,\"name\":\"Inicio\",\"item\":\"https:\\\/\\\/www.fracturaexpuesta.com.ar\\\/gotan\\\/\"},{\"@type\":\"ListItem\",\"position\":2,\"name\":\"Los Premios Gardel 2025 ya tienen a sus nominados en las categor\u00edas de tango\"}]},{\"@type\":\"WebSite\",\"@id\":\"https:\\\/\\\/www.fracturaexpuesta.com.ar\\\/gotan\\\/#website\",\"url\":\"https:\\\/\\\/www.fracturaexpuesta.com.ar\\\/gotan\\\/\",\"name\":\"Fractura Expuesta | Tango!\",\"description\":\"\",\"publisher\":{\"@id\":\"https:\\\/\\\/www.fracturaexpuesta.com.ar\\\/gotan\\\/#organization\"},\"potentialAction\":[{\"@type\":\"SearchAction\",\"target\":{\"@type\":\"EntryPoint\",\"urlTemplate\":\"https:\\\/\\\/www.fracturaexpuesta.com.ar\\\/gotan\\\/?s={search_term_string}\"},\"query-input\":{\"@type\":\"PropertyValueSpecification\",\"valueRequired\":true,\"valueName\":\"search_term_string\"}}],\"inLanguage\":\"es-AR\"},{\"@type\":\"Organization\",\"@id\":\"https:\\\/\\\/www.fracturaexpuesta.com.ar\\\/gotan\\\/#organization\",\"name\":\"Fractura Expuesta | Tango!\",\"url\":\"https:\\\/\\\/www.fracturaexpuesta.com.ar\\\/gotan\\\/\",\"logo\":{\"@type\":\"ImageObject\",\"inLanguage\":\"es-AR\",\"@id\":\"https:\\\/\\\/www.fracturaexpuesta.com.ar\\\/gotan\\\/#\\\/schema\\\/logo\\\/image\\\/\",\"url\":\"https:\\\/\\\/www.fracturaexpuesta.com.ar\\\/gotan\\\/wp-content\\\/uploads\\\/2025\\\/03\\\/avatar2centroOK.jpg\",\"contentUrl\":\"https:\\\/\\\/www.fracturaexpuesta.com.ar\\\/gotan\\\/wp-content\\\/uploads\\\/2025\\\/03\\\/avatar2centroOK.jpg\",\"width\":600,\"height\":600,\"caption\":\"Fractura Expuesta | Tango!\"},\"image\":{\"@id\":\"https:\\\/\\\/www.fracturaexpuesta.com.ar\\\/gotan\\\/#\\\/schema\\\/logo\\\/image\\\/\"}},{\"@type\":\"Person\",\"@id\":\"https:\\\/\\\/www.fracturaexpuesta.com.ar\\\/gotan\\\/#\\\/schema\\\/person\\\/d8266939f778485b13ad2174aa9e199e\",\"name\":\"Fractura Expuesta\",\"image\":{\"@type\":\"ImageObject\",\"inLanguage\":\"es-AR\",\"@id\":\"https:\\\/\\\/secure.gravatar.com\\\/avatar\\\/c4bad1eb9f93dd4a42df3aa8b8e8b882ff893fcea188ee15488a845db442d7ec?s=96&d=mm&r=g\",\"url\":\"https:\\\/\\\/secure.gravatar.com\\\/avatar\\\/c4bad1eb9f93dd4a42df3aa8b8e8b882ff893fcea188ee15488a845db442d7ec?s=96&d=mm&r=g\",\"contentUrl\":\"https:\\\/\\\/secure.gravatar.com\\\/avatar\\\/c4bad1eb9f93dd4a42df3aa8b8e8b882ff893fcea188ee15488a845db442d7ec?s=96&d=mm&r=g\",\"caption\":\"Fractura Expuesta\"},\"description\":\"Sitio de tango y noticias culturales. Desde 2003, el espacio referente del tango de estos tiempos.\",\"sameAs\":[\"https:\\\/\\\/www.fracturaexpuesta.com.ar\",\"https:\\\/\\\/www.facebook.com\\\/fracturaexpuestaok\",\"https:\\\/\\\/www.instagram.com\\\/fracturaexpuesta\",\"https:\\\/\\\/x.com\\\/https:\\\/\\\/x.com\\\/fracturatango\",\"https:\\\/\\\/www.youtube.com\\\/channel\\\/UCojA8Q0QDpnncOL8sfTHOHg\"],\"url\":\"https:\\\/\\\/www.fracturaexpuesta.com.ar\\\/gotan\\\/author\\\/fractura-expuesta\\\/\"}]}<\/script>\n<!-- \/ Yoast SEO plugin. -->","yoast_head_json":{"title":"Los Premios Gardel 2025 ya tienen a sus nominados en las categor\u00edas de tango &#187; Fractura Expuesta | Tango!","description":"Todos los rubros y artistas de tango que competir\u00e1n en la pr\u00f3xima edici\u00f3n de los Premios Gardel.","robots":{"index":"index","follow":"follow","max-snippet":"max-snippet:-1","max-image-preview":"max-image-preview:large","max-video-preview":"max-video-preview:-1"},"canonical":"https:\/\/www.fracturaexpuesta.com.ar\/gotan\/los-premios-gardel-2025-ya-tienen-a-sus-nominados-en-las-categorias-de-tango\/","og_locale":"es_ES","og_type":"article","og_title":"Los Premios Gardel 2025 ya tienen a sus nominados en las categor\u00edas de tango","og_description":"Todos los rubros y artistas de tango que competir\u00e1n en la pr\u00f3xima edici\u00f3n de los Premios Gardel.","og_url":"https:\/\/www.fracturaexpuesta.com.ar\/gotan\/los-premios-gardel-2025-ya-tienen-a-sus-nominados-en-las-categorias-de-tango\/","og_site_name":"Fractura Expuesta | Tango!","article_author":"https:\/\/www.facebook.com\/fracturaexpuestaok","article_published_time":"2025-04-25T18:05:28+00:00","article_modified_time":"2025-04-25T20:19:55+00:00","og_image":[{"width":950,"height":700,"url":"https:\/\/www.fracturaexpuesta.com.ar\/gotan\/wp-content\/uploads\/2025\/04\/premios-gardel-2025-tango.jpg","type":"image\/jpeg"}],"author":"Fractura Expuesta","twitter_card":"summary_large_image","twitter_title":"Los Premios Gardel 2025 ya tienen a sus nominados en las categor\u00edas de tango","twitter_description":"Todos los rubros y artistas de tango que competir\u00e1n en la pr\u00f3xima edici\u00f3n de los Premios Gardel.","twitter_image":"https:\/\/www.fracturaexpuesta.com.ar\/gotan\/wp-content\/uploads\/2025\/04\/premios-gardel-2025-tango.jpg","twitter_creator":"@https:\/\/x.com\/fracturatango","twitter_misc":{"Escrito por":"Fractura Expuesta","Tiempo de lectura":"3 minutos"},"schema":{"@context":"https:\/\/schema.org","@graph":[{"@type":"Article","@id":"https:\/\/www.fracturaexpuesta.com.ar\/gotan\/los-premios-gardel-2025-ya-tienen-a-sus-nominados-en-las-categorias-de-tango\/#article","isPartOf":{"@id":"https:\/\/www.fracturaexpuesta.com.ar\/gotan\/los-premios-gardel-2025-ya-tienen-a-sus-nominados-en-las-categorias-de-tango\/"},"author":{"name":"Fractura Expuesta","@id":"https:\/\/www.fracturaexpuesta.com.ar\/gotan\/#\/schema\/person\/d8266939f778485b13ad2174aa9e199e"},"headline":"Los Premios Gardel 2025 ya tienen a sus nominados en las categor\u00edas de tango","datePublished":"2025-04-25T18:05:28+00:00","dateModified":"2025-04-25T20:19:55+00:00","mainEntityOfPage":{"@id":"https:\/\/www.fracturaexpuesta.com.ar\/gotan\/los-premios-gardel-2025-ya-tienen-a-sus-nominados-en-las-categorias-de-tango\/"},"wordCount":426,"commentCount":0,"publisher":{"@id":"https:\/\/www.fracturaexpuesta.com.ar\/gotan\/#organization"},"image":{"@id":"https:\/\/www.fracturaexpuesta.com.ar\/gotan\/los-premios-gardel-2025-ya-tienen-a-sus-nominados-en-las-categorias-de-tango\/#primaryimage"},"thumbnailUrl":"https:\/\/www.fracturaexpuesta.com.ar\/gotan\/wp-content\/uploads\/2025\/04\/premios-gardel-2025-tango.jpg","keywords":["discos","premios","premios gardel"],"articleSection":["Noticias"],"inLanguage":"es-AR","potentialAction":[{"@type":"CommentAction","name":"Comment","target":["https:\/\/www.fracturaexpuesta.com.ar\/gotan\/los-premios-gardel-2025-ya-tienen-a-sus-nominados-en-las-categorias-de-tango\/#respond"]}]},{"@type":"WebPage","@id":"https:\/\/www.fracturaexpuesta.com.ar\/gotan\/los-premios-gardel-2025-ya-tienen-a-sus-nominados-en-las-categorias-de-tango\/","url":"https:\/\/www.fracturaexpuesta.com.ar\/gotan\/los-premios-gardel-2025-ya-tienen-a-sus-nominados-en-las-categorias-de-tango\/","name":"Los Premios Gardel 2025 ya tienen a sus nominados en las categor\u00edas de tango &#187; Fractura Expuesta | Tango!","isPartOf":{"@id":"https:\/\/www.fracturaexpuesta.com.ar\/gotan\/#website"},"primaryImageOfPage":{"@id":"https:\/\/www.fracturaexpuesta.com.ar\/gotan\/los-premios-gardel-2025-ya-tienen-a-sus-nominados-en-las-categorias-de-tango\/#primaryimage"},"image":{"@id":"https:\/\/www.fracturaexpuesta.com.ar\/gotan\/los-premios-gardel-2025-ya-tienen-a-sus-nominados-en-las-categorias-de-tango\/#primaryimage"},"thumbnailUrl":"https:\/\/www.fracturaexpuesta.com.ar\/gotan\/wp-content\/uploads\/2025\/04\/premios-gardel-2025-tango.jpg","datePublished":"2025-04-25T18:05:28+00:00","dateModified":"2025-04-25T20:19:55+00:00","description":"Todos los rubros y artistas de tango que competir\u00e1n en la pr\u00f3xima edici\u00f3n de los Premios Gardel.","breadcrumb":{"@id":"https:\/\/www.fracturaexpuesta.com.ar\/gotan\/los-premios-gardel-2025-ya-tienen-a-sus-nominados-en-las-categorias-de-tango\/#breadcrumb"},"inLanguage":"es-AR","potentialAction":[{"@type":"ReadAction","target":["https:\/\/www.fracturaexpuesta.com.ar\/gotan\/los-premios-gardel-2025-ya-tienen-a-sus-nominados-en-las-categorias-de-tango\/"]}]},{"@type":"ImageObject","inLanguage":"es-AR","@id":"https:\/\/www.fracturaexpuesta.com.ar\/gotan\/los-premios-gardel-2025-ya-tienen-a-sus-nominados-en-las-categorias-de-tango\/#primaryimage","url":"https:\/\/www.fracturaexpuesta.com.ar\/gotan\/wp-content\/uploads\/2025\/04\/premios-gardel-2025-tango.jpg","contentUrl":"https:\/\/www.fracturaexpuesta.com.ar\/gotan\/wp-content\/uploads\/2025\/04\/premios-gardel-2025-tango.jpg","width":950,"height":700,"caption":"Premios Gardel 2025 Tango"},{"@type":"BreadcrumbList","@id":"https:\/\/www.fracturaexpuesta.com.ar\/gotan\/los-premios-gardel-2025-ya-tienen-a-sus-nominados-en-las-categorias-de-tango\/#breadcrumb","itemListElement":[{"@type":"ListItem","position":1,"name":"Inicio","item":"https:\/\/www.fracturaexpuesta.com.ar\/gotan\/"},{"@type":"ListItem","position":2,"name":"Los Premios Gardel 2025 ya tienen a sus nominados en las categor\u00edas de tango"}]},{"@type":"WebSite","@id":"https:\/\/www.fracturaexpuesta.com.ar\/gotan\/#website","url":"https:\/\/www.fracturaexpuesta.com.ar\/gotan\/","name":"Fractura Expuesta | Tango!","description":"","publisher":{"@id":"https:\/\/www.fracturaexpuesta.com.ar\/gotan\/#organization"},"potentialAction":[{"@type":"SearchAction","target":{"@type":"EntryPoint","urlTemplate":"https:\/\/www.fracturaexpuesta.com.ar\/gotan\/?s={search_term_string}"},"query-input":{"@type":"PropertyValueSpecification","valueRequired":true,"valueName":"search_term_string"}}],"inLanguage":"es-AR"},{"@type":"Organization","@id":"https:\/\/www.fracturaexpuesta.com.ar\/gotan\/#organization","name":"Fractura Expuesta | Tango!","url":"https:\/\/www.fracturaexpuesta.com.ar\/gotan\/","logo":{"@type":"ImageObject","inLanguage":"es-AR","@id":"https:\/\/www.fracturaexpuesta.com.ar\/gotan\/#\/schema\/logo\/image\/","url":"https:\/\/www.fracturaexpuesta.com.ar\/gotan\/wp-content\/uploads\/2025\/03\/avatar2centroOK.jpg","contentUrl":"https:\/\/www.fracturaexpuesta.com.ar\/gotan\/wp-content\/uploads\/2025\/03\/avatar2centroOK.jpg","width":600,"height":600,"caption":"Fractura Expuesta | Tango!"},"image":{"@id":"https:\/\/www.fracturaexpuesta.com.ar\/gotan\/#\/schema\/logo\/image\/"}},{"@type":"Person","@id":"https:\/\/www.fracturaexpuesta.com.ar\/gotan\/#\/schema\/person\/d8266939f778485b13ad2174aa9e199e","name":"Fractura Expuesta","image":{"@type":"ImageObject","inLanguage":"es-AR","@id":"https:\/\/secure.gravatar.com\/avatar\/c4bad1eb9f93dd4a42df3aa8b8e8b882ff893fcea188ee15488a845db442d7ec?s=96&d=mm&r=g","url":"https:\/\/secure.gravatar.com\/avatar\/c4bad1eb9f93dd4a42df3aa8b8e8b882ff893fcea188ee15488a845db442d7ec?s=96&d=mm&r=g","contentUrl":"https:\/\/secure.gravatar.com\/avatar\/c4bad1eb9f93dd4a42df3aa8b8e8b882ff893fcea188ee15488a845db442d7ec?s=96&d=mm&r=g","caption":"Fractura Expuesta"},"description":"Sitio de tango y noticias culturales. Desde 2003, el espacio referente del tango de estos tiempos.","sameAs":["https:\/\/www.fracturaexpuesta.com.ar","https:\/\/www.facebook.com\/fracturaexpuestaok","https:\/\/www.instagram.com\/fracturaexpuesta","https:\/\/x.com\/https:\/\/x.com\/fracturatango","https:\/\/www.youtube.com\/channel\/UCojA8Q0QDpnncOL8sfTHOHg"],"url":"https:\/\/www.fracturaexpuesta.com.ar\/gotan\/author\/fractura-expuesta\/"}]}},"_links":{"self":[{"href":"https:\/\/www.fracturaexpuesta.com.ar\/gotan\/wp-json\/wp\/v2\/posts\/4632","targetHints":{"allow":["GET"]}}],"collection":[{"href":"https:\/\/www.fracturaexpuesta.com.ar\/gotan\/wp-json\/wp\/v2\/posts"}],"about":[{"href":"https:\/\/www.fracturaexpuesta.com.ar\/gotan\/wp-json\/wp\/v2\/types\/post"}],"author":[{"embeddable":true,"href":"https:\/\/www.fracturaexpuesta.com.ar\/gotan\/wp-json\/wp\/v2\/users\/1"}],"replies":[{"embeddable":true,"href":"https:\/\/www.fracturaexpuesta.com.ar\/gotan\/wp-json\/wp\/v2\/comments?post=4632"}],"version-history":[{"count":10,"href":"https:\/\/www.fracturaexpuesta.com.ar\/gotan\/wp-json\/wp\/v2\/posts\/4632\/revisions"}],"predecessor-version":[{"id":4648,"href":"https:\/\/www.fracturaexpuesta.com.ar\/gotan\/wp-json\/wp\/v2\/posts\/4632\/revisions\/4648"}],"wp:featuredmedia":[{"embeddable":true,"href":"https:\/\/www.fracturaexpuesta.com.ar\/gotan\/wp-json\/wp\/v2\/media\/4637"}],"wp:attachment":[{"href":"https:\/\/www.fracturaexpuesta.com.ar\/gotan\/wp-json\/wp\/v2\/media?parent=4632"}],"wp:term":[{"taxonomy":"category","embeddable":true,"href":"https:\/\/www.fracturaexpuesta.com.ar\/gotan\/wp-json\/wp\/v2\/categories?post=4632"},{"taxonomy":"post_tag","embeddable":true,"href":"https:\/\/www.fracturaexpuesta.com.ar\/gotan\/wp-json\/wp\/v2\/tags?post=4632"}],"curies":[{"name":"wp","href":"https:\/\/api.w.org\/{rel}","templated":true}]}}