{"id":4691,"date":"2025-05-06T16:58:48","date_gmt":"2025-05-06T19:58:48","guid":{"rendered":"https:\/\/www.fracturaexpuesta.com.ar\/gotan\/?p=4691"},"modified":"2025-05-06T17:12:28","modified_gmt":"2025-05-06T20:12:28","slug":"orquesta-victoria-la-formacion-que-dedica-nuevos-tangos-a-villa-crespo","status":"publish","type":"post","link":"https:\/\/www.fracturaexpuesta.com.ar\/gotan\/orquesta-victoria-la-formacion-que-dedica-nuevos-tangos-a-villa-crespo\/","title":{"rendered":"Orquesta Victoria: la formaci\u00f3n que dedica nuevos tangos a Villa Crespo"},"content":{"rendered":"\n<p class=\"wp-block-paragraph\"><em>Tangos Bohemios<\/em> es el nuevo disco de la <strong>Orquesta Victoria<\/strong>.<\/p>\n\n\n\n<p class=\"wp-block-paragraph\">Dedicado a Villa Crespo, el material re\u00fane obras nuevas creadas por la compositora y letrista <strong>D\u00e9bora Simcovich<\/strong> en homenaje a su lugar de pertenencia y a sus habitantes.<\/p>\n\n\n\n<p class=\"wp-block-paragraph\">\u201cVilla Crespo es mi barrio natal. <strong>Mi inspiraci\u00f3n musical <\/strong>naci\u00f3 de los sonidos y voces de los chicos del barrio volando con su imaginaci\u00f3n, las casas irradiando el calor de los vecinos y la gama musical de sus idiomas\u201d, cuenta Simcovich sobre el motivo que impuls\u00f3 el disco de la Orquesta Victoria.<\/p>\n\n\n\n<figure class=\"wp-block-image size-full\"><img loading=\"lazy\" decoding=\"async\" width=\"950\" height=\"700\" src=\"https:\/\/www.fracturaexpuesta.com.ar\/gotan\/wp-content\/uploads\/2025\/05\/Debora-Simcovich.jpg\" alt=\"\" class=\"wp-image-4693\" srcset=\"https:\/\/www.fracturaexpuesta.com.ar\/gotan\/wp-content\/uploads\/2025\/05\/Debora-Simcovich.jpg 950w, https:\/\/www.fracturaexpuesta.com.ar\/gotan\/wp-content\/uploads\/2025\/05\/Debora-Simcovich-300x221.jpg 300w, https:\/\/www.fracturaexpuesta.com.ar\/gotan\/wp-content\/uploads\/2025\/05\/Debora-Simcovich-768x566.jpg 768w, https:\/\/www.fracturaexpuesta.com.ar\/gotan\/wp-content\/uploads\/2025\/05\/Debora-Simcovich-60x44.jpg 60w\" sizes=\"auto, (max-width: 950px) 100vw, 950px\" \/><figcaption class=\"wp-element-caption\"><em><mark style=\"background-color:rgba(0, 0, 0, 0)\" class=\"has-inline-color has-cyan-bluish-gray-color\">D\u00e9bora Simcovich<\/mark><\/em><\/figcaption><\/figure>\n\n\n\n<p class=\"wp-block-paragraph\">\u201cLa vereda era nuestro campo de juego y la calle empedrada ten\u00eda su ritmo de percusi\u00f3n. El tango brotando de las radios, los gritos de Los Bohemios de nuestro Atlanta querido, todo era la m\u00fasica que me rodeaba\u201d, agrega la pianista y compositora sobre las canciones arregladas por el director <strong>Fernando Drago<\/strong>.<\/p>\n\n\n\n<p class=\"wp-block-paragraph\">Disponible en plataformas y formatos f\u00edsicos, <em>Tangos Bohemios<\/em> -con los cantantes Lucila Priotti y Santiago Vinelli- es el disco m\u00e1s reciente de una orquesta que ya lleva <strong>15 a\u00f1os en la escena del tango<\/strong>. Su propuesta musical recorre influencias del tango tradicional con elementos de la m\u00fasica cl\u00e1sica, el jazz y la m\u00fasica para cine.<\/p>\n\n\n\n<p class=\"wp-block-paragraph\">El domingo 18 de mayo, la Orquesta Victoria presentar\u00e1 en vivo su nueva producci\u00f3n con un concierto en Caf\u00e9 Berl\u00edn (Av. San Mart\u00edn 6656) desde las 20. <a href=\"https:\/\/www.fracturaexpuesta.com.ar\/gotan\/agenda-de-tango\/\" target=\"_blank\" rel=\"noreferrer noopener\">Consultar agenda<\/a><\/p>\n\n\n\n<figure class=\"wp-block-embed is-type-rich is-provider-spotify wp-block-embed-spotify wp-embed-aspect-21-9 wp-has-aspect-ratio\"><div class=\"wp-block-embed__wrapper\">\n<iframe title=\"Spotify Embed: Tangos Bohemios\" style=\"border-radius: 12px\" width=\"100%\" height=\"352\" frameborder=\"0\" allowfullscreen allow=\"autoplay; clipboard-write; encrypted-media; fullscreen; picture-in-picture\" loading=\"lazy\" src=\"https:\/\/open.spotify.com\/embed\/album\/4Dy7wmjoM0Oor0LSgXN8De?si=X_hD7IDoRt2RgMR-NJ8c7Q&#038;utm_source=oembed\"><\/iframe>\n<\/div><\/figure>\n","protected":false},"excerpt":{"rendered":"<p>Con el disco \u201cTangos Bohemios\u201d, el barrio porte\u00f1o rearma su fisonom\u00eda de tango a trav\u00e9s de la letrista D\u00e9bora Simcovich y la m\u00fasica de la Orquesta Victoria.<\/p>\n","protected":false},"author":1,"featured_media":4692,"comment_status":"open","ping_status":"open","sticky":false,"template":"","format":"standard","meta":{"footnotes":""},"categories":[122],"tags":[164,81,163],"class_list":["post-4691","post","type-post","status-publish","format-standard","has-post-thumbnail","hentry","category-radar-tango","tag-debora-simcovich","tag-discos","tag-orquesta-victoria"],"yoast_head":"<!-- This site is optimized with the Yoast SEO plugin v28.4 - https:\/\/yoast.com\/product\/yoast-seo-wordpress\/ -->\n<title>Orquesta Victoria: la formaci\u00f3n que dedica nuevos tangos a Villa Crespo &#187; Fractura Expuesta | Tango!<\/title>\n<meta name=\"description\" content=\"Con el disco \u201cTangos Bohemios\u201d, el barrio porte\u00f1o rearma su fisonom\u00eda de tango a trav\u00e9s de la letrista D\u00e9bora Simcovich y la m\u00fasica de la Orquesta Victoria.\" \/>\n<meta name=\"robots\" content=\"index, follow, max-snippet:-1, max-image-preview:large, max-video-preview:-1\" \/>\n<link rel=\"canonical\" href=\"https:\/\/www.fracturaexpuesta.com.ar\/gotan\/orquesta-victoria-la-formacion-que-dedica-nuevos-tangos-a-villa-crespo\/\" \/>\n<meta property=\"og:locale\" content=\"es_ES\" \/>\n<meta property=\"og:type\" content=\"article\" \/>\n<meta property=\"og:title\" content=\"Orquesta Victoria: la formaci\u00f3n que dedica nuevos tangos a Villa Crespo\" \/>\n<meta property=\"og:description\" content=\"Con el disco \u201cTangos Bohemios\u201d, el barrio porte\u00f1o rearma su fisonom\u00eda de tango a trav\u00e9s de la letrista D\u00e9bora Simcovich y la m\u00fasica de la Orquesta Victoria.\" \/>\n<meta property=\"og:url\" content=\"https:\/\/www.fracturaexpuesta.com.ar\/gotan\/orquesta-victoria-la-formacion-que-dedica-nuevos-tangos-a-villa-crespo\/\" \/>\n<meta property=\"og:site_name\" content=\"Fractura Expuesta | Tango!\" \/>\n<meta property=\"article:author\" content=\"https:\/\/www.facebook.com\/fracturaexpuestaok\" \/>\n<meta property=\"article:published_time\" content=\"2025-05-06T19:58:48+00:00\" \/>\n<meta property=\"article:modified_time\" content=\"2025-05-06T20:12:28+00:00\" \/>\n<meta property=\"og:image\" content=\"https:\/\/www.fracturaexpuesta.com.ar\/gotan\/wp-content\/uploads\/2025\/05\/ov-entera-fondo-real-scaled.jpg\" \/>\n\t<meta property=\"og:image:width\" content=\"2560\" \/>\n\t<meta property=\"og:image:height\" content=\"2182\" \/>\n\t<meta property=\"og:image:type\" content=\"image\/jpeg\" \/>\n<meta name=\"author\" content=\"Fractura Expuesta\" \/>\n<meta name=\"twitter:card\" content=\"summary_large_image\" \/>\n<meta name=\"twitter:title\" content=\"Orquesta Victoria: la formaci\u00f3n que dedica nuevos tangos a Villa Crespo\" \/>\n<meta name=\"twitter:description\" content=\"Con el disco \u201cTangos Bohemios\u201d, el barrio porte\u00f1o rearma su fisonom\u00eda de tango a trav\u00e9s de la letrista D\u00e9bora Simcovich y la m\u00fasica de la Orquesta Victoria.\" \/>\n<meta name=\"twitter:image\" content=\"https:\/\/www.fracturaexpuesta.com.ar\/gotan\/wp-content\/uploads\/2025\/05\/ov-entera-fondo-real-scaled.jpg\" \/>\n<meta name=\"twitter:creator\" content=\"@https:\/\/x.com\/fracturatango\" \/>\n<meta name=\"twitter:label1\" content=\"Escrito por\" \/>\n\t<meta name=\"twitter:data1\" content=\"Fractura Expuesta\" \/>\n\t<meta name=\"twitter:label2\" content=\"Tiempo de lectura\" \/>\n\t<meta name=\"twitter:data2\" content=\"2 minutos\" \/>\n<script type=\"application\/ld+json\" class=\"yoast-schema-graph\">{\"@context\":\"https:\\\/\\\/schema.org\",\"@graph\":[{\"@type\":\"Article\",\"@id\":\"https:\\\/\\\/www.fracturaexpuesta.com.ar\\\/gotan\\\/orquesta-victoria-la-formacion-que-dedica-nuevos-tangos-a-villa-crespo\\\/#article\",\"isPartOf\":{\"@id\":\"https:\\\/\\\/www.fracturaexpuesta.com.ar\\\/gotan\\\/orquesta-victoria-la-formacion-que-dedica-nuevos-tangos-a-villa-crespo\\\/\"},\"author\":{\"name\":\"Fractura Expuesta\",\"@id\":\"https:\\\/\\\/www.fracturaexpuesta.com.ar\\\/gotan\\\/#\\\/schema\\\/person\\\/d8266939f778485b13ad2174aa9e199e\"},\"headline\":\"Orquesta Victoria: la formaci\u00f3n que dedica nuevos tangos a Villa Crespo\",\"datePublished\":\"2025-05-06T19:58:48+00:00\",\"dateModified\":\"2025-05-06T20:12:28+00:00\",\"mainEntityOfPage\":{\"@id\":\"https:\\\/\\\/www.fracturaexpuesta.com.ar\\\/gotan\\\/orquesta-victoria-la-formacion-que-dedica-nuevos-tangos-a-villa-crespo\\\/\"},\"wordCount\":271,\"commentCount\":0,\"publisher\":{\"@id\":\"https:\\\/\\\/www.fracturaexpuesta.com.ar\\\/gotan\\\/#organization\"},\"image\":{\"@id\":\"https:\\\/\\\/www.fracturaexpuesta.com.ar\\\/gotan\\\/orquesta-victoria-la-formacion-que-dedica-nuevos-tangos-a-villa-crespo\\\/#primaryimage\"},\"thumbnailUrl\":\"https:\\\/\\\/www.fracturaexpuesta.com.ar\\\/gotan\\\/wp-content\\\/uploads\\\/2025\\\/05\\\/ov-entera-fondo-real-scaled.jpg\",\"keywords\":[\"D\u00e9bora Simcovich\",\"discos\",\"orquesta victoria\"],\"articleSection\":[\"Radar Tango\"],\"inLanguage\":\"es-AR\",\"potentialAction\":[{\"@type\":\"CommentAction\",\"name\":\"Comment\",\"target\":[\"https:\\\/\\\/www.fracturaexpuesta.com.ar\\\/gotan\\\/orquesta-victoria-la-formacion-que-dedica-nuevos-tangos-a-villa-crespo\\\/#respond\"]}]},{\"@type\":\"WebPage\",\"@id\":\"https:\\\/\\\/www.fracturaexpuesta.com.ar\\\/gotan\\\/orquesta-victoria-la-formacion-que-dedica-nuevos-tangos-a-villa-crespo\\\/\",\"url\":\"https:\\\/\\\/www.fracturaexpuesta.com.ar\\\/gotan\\\/orquesta-victoria-la-formacion-que-dedica-nuevos-tangos-a-villa-crespo\\\/\",\"name\":\"Orquesta Victoria: la formaci\u00f3n que dedica nuevos tangos a Villa Crespo &#187; Fractura Expuesta | Tango!\",\"isPartOf\":{\"@id\":\"https:\\\/\\\/www.fracturaexpuesta.com.ar\\\/gotan\\\/#website\"},\"primaryImageOfPage\":{\"@id\":\"https:\\\/\\\/www.fracturaexpuesta.com.ar\\\/gotan\\\/orquesta-victoria-la-formacion-que-dedica-nuevos-tangos-a-villa-crespo\\\/#primaryimage\"},\"image\":{\"@id\":\"https:\\\/\\\/www.fracturaexpuesta.com.ar\\\/gotan\\\/orquesta-victoria-la-formacion-que-dedica-nuevos-tangos-a-villa-crespo\\\/#primaryimage\"},\"thumbnailUrl\":\"https:\\\/\\\/www.fracturaexpuesta.com.ar\\\/gotan\\\/wp-content\\\/uploads\\\/2025\\\/05\\\/ov-entera-fondo-real-scaled.jpg\",\"datePublished\":\"2025-05-06T19:58:48+00:00\",\"dateModified\":\"2025-05-06T20:12:28+00:00\",\"description\":\"Con el disco \u201cTangos Bohemios\u201d, el barrio porte\u00f1o rearma su fisonom\u00eda de tango a trav\u00e9s de la letrista D\u00e9bora Simcovich y la m\u00fasica de la Orquesta Victoria.\",\"breadcrumb\":{\"@id\":\"https:\\\/\\\/www.fracturaexpuesta.com.ar\\\/gotan\\\/orquesta-victoria-la-formacion-que-dedica-nuevos-tangos-a-villa-crespo\\\/#breadcrumb\"},\"inLanguage\":\"es-AR\",\"potentialAction\":[{\"@type\":\"ReadAction\",\"target\":[\"https:\\\/\\\/www.fracturaexpuesta.com.ar\\\/gotan\\\/orquesta-victoria-la-formacion-que-dedica-nuevos-tangos-a-villa-crespo\\\/\"]}]},{\"@type\":\"ImageObject\",\"inLanguage\":\"es-AR\",\"@id\":\"https:\\\/\\\/www.fracturaexpuesta.com.ar\\\/gotan\\\/orquesta-victoria-la-formacion-que-dedica-nuevos-tangos-a-villa-crespo\\\/#primaryimage\",\"url\":\"https:\\\/\\\/www.fracturaexpuesta.com.ar\\\/gotan\\\/wp-content\\\/uploads\\\/2025\\\/05\\\/ov-entera-fondo-real-scaled.jpg\",\"contentUrl\":\"https:\\\/\\\/www.fracturaexpuesta.com.ar\\\/gotan\\\/wp-content\\\/uploads\\\/2025\\\/05\\\/ov-entera-fondo-real-scaled.jpg\",\"width\":2560,\"height\":2182,\"caption\":\"Orquesta Victoria\"},{\"@type\":\"BreadcrumbList\",\"@id\":\"https:\\\/\\\/www.fracturaexpuesta.com.ar\\\/gotan\\\/orquesta-victoria-la-formacion-que-dedica-nuevos-tangos-a-villa-crespo\\\/#breadcrumb\",\"itemListElement\":[{\"@type\":\"ListItem\",\"position\":1,\"name\":\"Inicio\",\"item\":\"https:\\\/\\\/www.fracturaexpuesta.com.ar\\\/gotan\\\/\"},{\"@type\":\"ListItem\",\"position\":2,\"name\":\"Orquesta Victoria: la formaci\u00f3n que dedica nuevos tangos a Villa Crespo\"}]},{\"@type\":\"WebSite\",\"@id\":\"https:\\\/\\\/www.fracturaexpuesta.com.ar\\\/gotan\\\/#website\",\"url\":\"https:\\\/\\\/www.fracturaexpuesta.com.ar\\\/gotan\\\/\",\"name\":\"Fractura Expuesta | Tango!\",\"description\":\"\",\"publisher\":{\"@id\":\"https:\\\/\\\/www.fracturaexpuesta.com.ar\\\/gotan\\\/#organization\"},\"potentialAction\":[{\"@type\":\"SearchAction\",\"target\":{\"@type\":\"EntryPoint\",\"urlTemplate\":\"https:\\\/\\\/www.fracturaexpuesta.com.ar\\\/gotan\\\/?s={search_term_string}\"},\"query-input\":{\"@type\":\"PropertyValueSpecification\",\"valueRequired\":true,\"valueName\":\"search_term_string\"}}],\"inLanguage\":\"es-AR\"},{\"@type\":\"Organization\",\"@id\":\"https:\\\/\\\/www.fracturaexpuesta.com.ar\\\/gotan\\\/#organization\",\"name\":\"Fractura Expuesta | Tango!\",\"url\":\"https:\\\/\\\/www.fracturaexpuesta.com.ar\\\/gotan\\\/\",\"logo\":{\"@type\":\"ImageObject\",\"inLanguage\":\"es-AR\",\"@id\":\"https:\\\/\\\/www.fracturaexpuesta.com.ar\\\/gotan\\\/#\\\/schema\\\/logo\\\/image\\\/\",\"url\":\"https:\\\/\\\/www.fracturaexpuesta.com.ar\\\/gotan\\\/wp-content\\\/uploads\\\/2025\\\/03\\\/avatar2centroOK.jpg\",\"contentUrl\":\"https:\\\/\\\/www.fracturaexpuesta.com.ar\\\/gotan\\\/wp-content\\\/uploads\\\/2025\\\/03\\\/avatar2centroOK.jpg\",\"width\":600,\"height\":600,\"caption\":\"Fractura Expuesta | Tango!\"},\"image\":{\"@id\":\"https:\\\/\\\/www.fracturaexpuesta.com.ar\\\/gotan\\\/#\\\/schema\\\/logo\\\/image\\\/\"}},{\"@type\":\"Person\",\"@id\":\"https:\\\/\\\/www.fracturaexpuesta.com.ar\\\/gotan\\\/#\\\/schema\\\/person\\\/d8266939f778485b13ad2174aa9e199e\",\"name\":\"Fractura Expuesta\",\"image\":{\"@type\":\"ImageObject\",\"inLanguage\":\"es-AR\",\"@id\":\"https:\\\/\\\/secure.gravatar.com\\\/avatar\\\/c4bad1eb9f93dd4a42df3aa8b8e8b882ff893fcea188ee15488a845db442d7ec?s=96&d=mm&r=g\",\"url\":\"https:\\\/\\\/secure.gravatar.com\\\/avatar\\\/c4bad1eb9f93dd4a42df3aa8b8e8b882ff893fcea188ee15488a845db442d7ec?s=96&d=mm&r=g\",\"contentUrl\":\"https:\\\/\\\/secure.gravatar.com\\\/avatar\\\/c4bad1eb9f93dd4a42df3aa8b8e8b882ff893fcea188ee15488a845db442d7ec?s=96&d=mm&r=g\",\"caption\":\"Fractura Expuesta\"},\"description\":\"Sitio de tango y noticias culturales. Desde 2003, el espacio referente del tango de estos tiempos.\",\"sameAs\":[\"https:\\\/\\\/www.fracturaexpuesta.com.ar\",\"https:\\\/\\\/www.facebook.com\\\/fracturaexpuestaok\",\"https:\\\/\\\/www.instagram.com\\\/fracturaexpuesta\",\"https:\\\/\\\/x.com\\\/https:\\\/\\\/x.com\\\/fracturatango\",\"https:\\\/\\\/www.youtube.com\\\/channel\\\/UCojA8Q0QDpnncOL8sfTHOHg\"],\"url\":\"https:\\\/\\\/www.fracturaexpuesta.com.ar\\\/gotan\\\/author\\\/fractura-expuesta\\\/\"}]}<\/script>\n<!-- \/ Yoast SEO plugin. -->","yoast_head_json":{"title":"Orquesta Victoria: la formaci\u00f3n que dedica nuevos tangos a Villa Crespo &#187; Fractura Expuesta | Tango!","description":"Con el disco \u201cTangos Bohemios\u201d, el barrio porte\u00f1o rearma su fisonom\u00eda de tango a trav\u00e9s de la letrista D\u00e9bora Simcovich y la m\u00fasica de la Orquesta Victoria.","robots":{"index":"index","follow":"follow","max-snippet":"max-snippet:-1","max-image-preview":"max-image-preview:large","max-video-preview":"max-video-preview:-1"},"canonical":"https:\/\/www.fracturaexpuesta.com.ar\/gotan\/orquesta-victoria-la-formacion-que-dedica-nuevos-tangos-a-villa-crespo\/","og_locale":"es_ES","og_type":"article","og_title":"Orquesta Victoria: la formaci\u00f3n que dedica nuevos tangos a Villa Crespo","og_description":"Con el disco \u201cTangos Bohemios\u201d, el barrio porte\u00f1o rearma su fisonom\u00eda de tango a trav\u00e9s de la letrista D\u00e9bora Simcovich y la m\u00fasica de la Orquesta Victoria.","og_url":"https:\/\/www.fracturaexpuesta.com.ar\/gotan\/orquesta-victoria-la-formacion-que-dedica-nuevos-tangos-a-villa-crespo\/","og_site_name":"Fractura Expuesta | Tango!","article_author":"https:\/\/www.facebook.com\/fracturaexpuestaok","article_published_time":"2025-05-06T19:58:48+00:00","article_modified_time":"2025-05-06T20:12:28+00:00","og_image":[{"width":2560,"height":2182,"url":"https:\/\/www.fracturaexpuesta.com.ar\/gotan\/wp-content\/uploads\/2025\/05\/ov-entera-fondo-real-scaled.jpg","type":"image\/jpeg"}],"author":"Fractura Expuesta","twitter_card":"summary_large_image","twitter_title":"Orquesta Victoria: la formaci\u00f3n que dedica nuevos tangos a Villa Crespo","twitter_description":"Con el disco \u201cTangos Bohemios\u201d, el barrio porte\u00f1o rearma su fisonom\u00eda de tango a trav\u00e9s de la letrista D\u00e9bora Simcovich y la m\u00fasica de la Orquesta Victoria.","twitter_image":"https:\/\/www.fracturaexpuesta.com.ar\/gotan\/wp-content\/uploads\/2025\/05\/ov-entera-fondo-real-scaled.jpg","twitter_creator":"@https:\/\/x.com\/fracturatango","twitter_misc":{"Escrito por":"Fractura Expuesta","Tiempo de lectura":"2 minutos"},"schema":{"@context":"https:\/\/schema.org","@graph":[{"@type":"Article","@id":"https:\/\/www.fracturaexpuesta.com.ar\/gotan\/orquesta-victoria-la-formacion-que-dedica-nuevos-tangos-a-villa-crespo\/#article","isPartOf":{"@id":"https:\/\/www.fracturaexpuesta.com.ar\/gotan\/orquesta-victoria-la-formacion-que-dedica-nuevos-tangos-a-villa-crespo\/"},"author":{"name":"Fractura Expuesta","@id":"https:\/\/www.fracturaexpuesta.com.ar\/gotan\/#\/schema\/person\/d8266939f778485b13ad2174aa9e199e"},"headline":"Orquesta Victoria: la formaci\u00f3n que dedica nuevos tangos a Villa Crespo","datePublished":"2025-05-06T19:58:48+00:00","dateModified":"2025-05-06T20:12:28+00:00","mainEntityOfPage":{"@id":"https:\/\/www.fracturaexpuesta.com.ar\/gotan\/orquesta-victoria-la-formacion-que-dedica-nuevos-tangos-a-villa-crespo\/"},"wordCount":271,"commentCount":0,"publisher":{"@id":"https:\/\/www.fracturaexpuesta.com.ar\/gotan\/#organization"},"image":{"@id":"https:\/\/www.fracturaexpuesta.com.ar\/gotan\/orquesta-victoria-la-formacion-que-dedica-nuevos-tangos-a-villa-crespo\/#primaryimage"},"thumbnailUrl":"https:\/\/www.fracturaexpuesta.com.ar\/gotan\/wp-content\/uploads\/2025\/05\/ov-entera-fondo-real-scaled.jpg","keywords":["D\u00e9bora Simcovich","discos","orquesta victoria"],"articleSection":["Radar Tango"],"inLanguage":"es-AR","potentialAction":[{"@type":"CommentAction","name":"Comment","target":["https:\/\/www.fracturaexpuesta.com.ar\/gotan\/orquesta-victoria-la-formacion-que-dedica-nuevos-tangos-a-villa-crespo\/#respond"]}]},{"@type":"WebPage","@id":"https:\/\/www.fracturaexpuesta.com.ar\/gotan\/orquesta-victoria-la-formacion-que-dedica-nuevos-tangos-a-villa-crespo\/","url":"https:\/\/www.fracturaexpuesta.com.ar\/gotan\/orquesta-victoria-la-formacion-que-dedica-nuevos-tangos-a-villa-crespo\/","name":"Orquesta Victoria: la formaci\u00f3n que dedica nuevos tangos a Villa Crespo &#187; Fractura Expuesta | Tango!","isPartOf":{"@id":"https:\/\/www.fracturaexpuesta.com.ar\/gotan\/#website"},"primaryImageOfPage":{"@id":"https:\/\/www.fracturaexpuesta.com.ar\/gotan\/orquesta-victoria-la-formacion-que-dedica-nuevos-tangos-a-villa-crespo\/#primaryimage"},"image":{"@id":"https:\/\/www.fracturaexpuesta.com.ar\/gotan\/orquesta-victoria-la-formacion-que-dedica-nuevos-tangos-a-villa-crespo\/#primaryimage"},"thumbnailUrl":"https:\/\/www.fracturaexpuesta.com.ar\/gotan\/wp-content\/uploads\/2025\/05\/ov-entera-fondo-real-scaled.jpg","datePublished":"2025-05-06T19:58:48+00:00","dateModified":"2025-05-06T20:12:28+00:00","description":"Con el disco \u201cTangos Bohemios\u201d, el barrio porte\u00f1o rearma su fisonom\u00eda de tango a trav\u00e9s de la letrista D\u00e9bora Simcovich y la m\u00fasica de la Orquesta Victoria.","breadcrumb":{"@id":"https:\/\/www.fracturaexpuesta.com.ar\/gotan\/orquesta-victoria-la-formacion-que-dedica-nuevos-tangos-a-villa-crespo\/#breadcrumb"},"inLanguage":"es-AR","potentialAction":[{"@type":"ReadAction","target":["https:\/\/www.fracturaexpuesta.com.ar\/gotan\/orquesta-victoria-la-formacion-que-dedica-nuevos-tangos-a-villa-crespo\/"]}]},{"@type":"ImageObject","inLanguage":"es-AR","@id":"https:\/\/www.fracturaexpuesta.com.ar\/gotan\/orquesta-victoria-la-formacion-que-dedica-nuevos-tangos-a-villa-crespo\/#primaryimage","url":"https:\/\/www.fracturaexpuesta.com.ar\/gotan\/wp-content\/uploads\/2025\/05\/ov-entera-fondo-real-scaled.jpg","contentUrl":"https:\/\/www.fracturaexpuesta.com.ar\/gotan\/wp-content\/uploads\/2025\/05\/ov-entera-fondo-real-scaled.jpg","width":2560,"height":2182,"caption":"Orquesta Victoria"},{"@type":"BreadcrumbList","@id":"https:\/\/www.fracturaexpuesta.com.ar\/gotan\/orquesta-victoria-la-formacion-que-dedica-nuevos-tangos-a-villa-crespo\/#breadcrumb","itemListElement":[{"@type":"ListItem","position":1,"name":"Inicio","item":"https:\/\/www.fracturaexpuesta.com.ar\/gotan\/"},{"@type":"ListItem","position":2,"name":"Orquesta Victoria: la formaci\u00f3n que dedica nuevos tangos a Villa Crespo"}]},{"@type":"WebSite","@id":"https:\/\/www.fracturaexpuesta.com.ar\/gotan\/#website","url":"https:\/\/www.fracturaexpuesta.com.ar\/gotan\/","name":"Fractura Expuesta | Tango!","description":"","publisher":{"@id":"https:\/\/www.fracturaexpuesta.com.ar\/gotan\/#organization"},"potentialAction":[{"@type":"SearchAction","target":{"@type":"EntryPoint","urlTemplate":"https:\/\/www.fracturaexpuesta.com.ar\/gotan\/?s={search_term_string}"},"query-input":{"@type":"PropertyValueSpecification","valueRequired":true,"valueName":"search_term_string"}}],"inLanguage":"es-AR"},{"@type":"Organization","@id":"https:\/\/www.fracturaexpuesta.com.ar\/gotan\/#organization","name":"Fractura Expuesta | Tango!","url":"https:\/\/www.fracturaexpuesta.com.ar\/gotan\/","logo":{"@type":"ImageObject","inLanguage":"es-AR","@id":"https:\/\/www.fracturaexpuesta.com.ar\/gotan\/#\/schema\/logo\/image\/","url":"https:\/\/www.fracturaexpuesta.com.ar\/gotan\/wp-content\/uploads\/2025\/03\/avatar2centroOK.jpg","contentUrl":"https:\/\/www.fracturaexpuesta.com.ar\/gotan\/wp-content\/uploads\/2025\/03\/avatar2centroOK.jpg","width":600,"height":600,"caption":"Fractura Expuesta | Tango!"},"image":{"@id":"https:\/\/www.fracturaexpuesta.com.ar\/gotan\/#\/schema\/logo\/image\/"}},{"@type":"Person","@id":"https:\/\/www.fracturaexpuesta.com.ar\/gotan\/#\/schema\/person\/d8266939f778485b13ad2174aa9e199e","name":"Fractura Expuesta","image":{"@type":"ImageObject","inLanguage":"es-AR","@id":"https:\/\/secure.gravatar.com\/avatar\/c4bad1eb9f93dd4a42df3aa8b8e8b882ff893fcea188ee15488a845db442d7ec?s=96&d=mm&r=g","url":"https:\/\/secure.gravatar.com\/avatar\/c4bad1eb9f93dd4a42df3aa8b8e8b882ff893fcea188ee15488a845db442d7ec?s=96&d=mm&r=g","contentUrl":"https:\/\/secure.gravatar.com\/avatar\/c4bad1eb9f93dd4a42df3aa8b8e8b882ff893fcea188ee15488a845db442d7ec?s=96&d=mm&r=g","caption":"Fractura Expuesta"},"description":"Sitio de tango y noticias culturales. Desde 2003, el espacio referente del tango de estos tiempos.","sameAs":["https:\/\/www.fracturaexpuesta.com.ar","https:\/\/www.facebook.com\/fracturaexpuestaok","https:\/\/www.instagram.com\/fracturaexpuesta","https:\/\/x.com\/https:\/\/x.com\/fracturatango","https:\/\/www.youtube.com\/channel\/UCojA8Q0QDpnncOL8sfTHOHg"],"url":"https:\/\/www.fracturaexpuesta.com.ar\/gotan\/author\/fractura-expuesta\/"}]}},"_links":{"self":[{"href":"https:\/\/www.fracturaexpuesta.com.ar\/gotan\/wp-json\/wp\/v2\/posts\/4691","targetHints":{"allow":["GET"]}}],"collection":[{"href":"https:\/\/www.fracturaexpuesta.com.ar\/gotan\/wp-json\/wp\/v2\/posts"}],"about":[{"href":"https:\/\/www.fracturaexpuesta.com.ar\/gotan\/wp-json\/wp\/v2\/types\/post"}],"author":[{"embeddable":true,"href":"https:\/\/www.fracturaexpuesta.com.ar\/gotan\/wp-json\/wp\/v2\/users\/1"}],"replies":[{"embeddable":true,"href":"https:\/\/www.fracturaexpuesta.com.ar\/gotan\/wp-json\/wp\/v2\/comments?post=4691"}],"version-history":[{"count":3,"href":"https:\/\/www.fracturaexpuesta.com.ar\/gotan\/wp-json\/wp\/v2\/posts\/4691\/revisions"}],"predecessor-version":[{"id":4696,"href":"https:\/\/www.fracturaexpuesta.com.ar\/gotan\/wp-json\/wp\/v2\/posts\/4691\/revisions\/4696"}],"wp:featuredmedia":[{"embeddable":true,"href":"https:\/\/www.fracturaexpuesta.com.ar\/gotan\/wp-json\/wp\/v2\/media\/4692"}],"wp:attachment":[{"href":"https:\/\/www.fracturaexpuesta.com.ar\/gotan\/wp-json\/wp\/v2\/media?parent=4691"}],"wp:term":[{"taxonomy":"category","embeddable":true,"href":"https:\/\/www.fracturaexpuesta.com.ar\/gotan\/wp-json\/wp\/v2\/categories?post=4691"},{"taxonomy":"post_tag","embeddable":true,"href":"https:\/\/www.fracturaexpuesta.com.ar\/gotan\/wp-json\/wp\/v2\/tags?post=4691"}],"curies":[{"name":"wp","href":"https:\/\/api.w.org\/{rel}","templated":true}]}}