{"id":4771,"date":"2025-05-14T17:15:32","date_gmt":"2025-05-14T20:15:32","guid":{"rendered":"https:\/\/www.fracturaexpuesta.com.ar\/gotan\/?p=4771"},"modified":"2025-06-01T23:01:05","modified_gmt":"2025-06-02T02:01:05","slug":"en-madrid-un-festival-con-epicentro-en-el-tango-y-el-filete-porteno","status":"publish","type":"post","link":"https:\/\/www.fracturaexpuesta.com.ar\/gotan\/en-madrid-un-festival-con-epicentro-en-el-tango-y-el-filete-porteno\/","title":{"rendered":"En Madrid: un festival con epicentro en el tango y el filete porte\u00f1o"},"content":{"rendered":"\n<p class=\"wp-block-paragraph\">El <strong>Festival Conexi\u00f3n Buenos Aires &#8211; Madrid <\/strong>ya est\u00e1 en marcha con su tercera edici\u00f3n y esta vez se despliega con actividades centrales dedicadas al<strong> tango y al filete porte\u00f1o<\/strong>, dos expresiones declaradas Patrimonio Cultural Inmaterial de la Humanidad por la UNESCO.<\/p>\n\n\n\n<p class=\"wp-block-paragraph\">La propuesta, que ya ofreci\u00f3 una exposici\u00f3n de filete en la Galer\u00eda i23, continuar\u00e1 del <strong>19 al 23 de mayo<\/strong> en <strong>Casa de Am\u00e9rica <\/strong>de Madrid.<\/p>\n\n\n\n<p class=\"wp-block-paragraph\">Habr\u00e1 conciertos, clases de baile, charlas de filete y espect\u00e1culos en un festival que se completa con otras muestras de la producci\u00f3n porte\u00f1a vinculadas al cine y las artes visuales, entre otras disciplinas.<\/p>\n\n\n\n<p class=\"wp-block-paragraph\">El festival es una iniciativa conjunta de las dos ciudades que busca fortalecer el di\u00e1logo cultural. Este a\u00f1o, se enmarca en la <strong>conmemoraci\u00f3n del d\u00e9cimo aniversario del reconocimiento del filete <\/strong>como patrimonio cultural global.<\/p>\n\n\n\n<p class=\"wp-block-paragraph\">Casa de Am\u00e9rica se encuentra en Plaza de la Cibeles de la ciudad de Madrid.<\/p>\n\n\n\n<h2 class=\"wp-block-heading\"><strong>La programaci\u00f3n en Casa de Am\u00e9rica:<\/strong><\/h2>\n\n\n\n<p class=\"wp-block-paragraph\"><strong>Lunes 19 de mayo, 18 hs.<\/strong><br>Charla | Conexi\u00f3n sonora: El valor y el impacto de la m\u00fasica de Buenos Aires en Espa\u00f1a. Con Sergio Chiappetta, Camilo Carballo, Gustavo Gonz\u00e1lez y Jaime Nieto<\/p>\n\n\n\n<p class=\"wp-block-paragraph\"><strong>Jueves 22 de mayo, 19 hs.<\/strong><br>Tango con humor: Hermanas Rub\u00ed. Con Ver\u00f3nika Silva, Daniela Horovitz y Hern\u00e1n Reinaudo.<\/p>\n\n\n\n<p class=\"wp-block-paragraph\"><strong>Viernes 23 de mayo, 19 hs.<\/strong><br>Tango y folklore: Sue\u00f1o al Sur. Con Marcelo Balsells, Claudio M\u00e9ndez, Gustavo Nardi y C\u00e9sar Angeleri<\/p>\n\n\n\n<figure class=\"wp-block-image size-full\"><img loading=\"lazy\" decoding=\"async\" width=\"992\" height=\"558\" src=\"https:\/\/www.fracturaexpuesta.com.ar\/gotan\/wp-content\/uploads\/2025\/05\/hermanas-rubi.jpg\" alt=\"\" class=\"wp-image-4776\" srcset=\"https:\/\/www.fracturaexpuesta.com.ar\/gotan\/wp-content\/uploads\/2025\/05\/hermanas-rubi.jpg 992w, https:\/\/www.fracturaexpuesta.com.ar\/gotan\/wp-content\/uploads\/2025\/05\/hermanas-rubi-300x169.jpg 300w, https:\/\/www.fracturaexpuesta.com.ar\/gotan\/wp-content\/uploads\/2025\/05\/hermanas-rubi-768x432.jpg 768w, https:\/\/www.fracturaexpuesta.com.ar\/gotan\/wp-content\/uploads\/2025\/05\/hermanas-rubi-60x34.jpg 60w\" sizes=\"auto, (max-width: 992px) 100vw, 992px\" \/><figcaption class=\"wp-element-caption\"><em><mark style=\"background-color:rgba(0, 0, 0, 0)\" class=\"has-inline-color has-cyan-bluish-gray-color\">Ver\u00f3nika Silva y Daniela Horovitz son las Hermanas Rub\u00ed<\/mark><\/em><\/figcaption><\/figure>\n\n\n\n<p class=\"wp-block-paragraph\"><strong>ARTE<\/strong><\/p>\n\n\n\n<p class=\"wp-block-paragraph\"><strong>19 al 23 de mayo, 11 a 19.30 hs.<\/strong><br>Exposici\u00f3n | Urbana BA III: Gente de mi ciudad 2000-2024<\/p>\n\n\n\n<p class=\"wp-block-paragraph\"><strong>Jueves 22 de mayo, 18 hs.<\/strong><br>Charla | Filete porte\u00f1o: pasado y presente<br>Con Ceci Calvet y Helena Ferronato<\/p>\n\n\n\n<p class=\"wp-block-paragraph\"><strong>CINE<\/strong><\/p>\n\n\n\n<p class=\"wp-block-paragraph\">Ciclo Buenos Aires Film Commission &#8211; BAFC 2025:<\/p>\n\n\n\n<p class=\"wp-block-paragraph\"><strong>Lunes 19 de mayo, 18.30 hs.<\/strong><br>Proyecci\u00f3n de La educaci\u00f3n de los cerdos, de Eduardo Pinto<\/p>\n\n\n\n<p class=\"wp-block-paragraph\"><strong>Martes 20 de mayo, 18.30 hs.<\/strong><br>Proyecci\u00f3n de Quinograf\u00eda, de Mariano Donoso y Federico Cardone<\/p>\n\n\n\n<p class=\"wp-block-paragraph\"><strong>Mi\u00e9rcoles 21 de mayo, 18.30 hs.<\/strong><br>Proyecci\u00f3n de Adulto, de Mariano Gonz\u00e1lez<\/p>\n\n\n\n<p class=\"wp-block-paragraph\">Jueves 22 de mayo, 18.30 hs.<br>Proyecci\u00f3n de Elijo creer: el camino del campe\u00f3n, de Mart\u00edn M\u00e9ndez y Sebasti\u00e1n Dietsch<\/p>\n\n\n\n<p class=\"wp-block-paragraph\"><strong>Viernes 23 de mayo, 18.30 hs.<\/strong><br>Proyecci\u00f3n de Camila, de Mar\u00eda Luisa Bemberg<\/p>\n\n\n\n<p class=\"wp-block-paragraph\"><strong>TEATRO<\/strong><\/p>\n\n\n\n<p class=\"wp-block-paragraph\"><strong>Mi\u00e9rcoles 21 de mayo, 18 hs.<\/strong><br>Lectura dramatizada de la obra de teatro Para\u00edso (Inmaculada Alvear), a cargo del actor Luciano C\u00e1ceres<\/p>\n\n\n\n<p class=\"wp-block-paragraph\"><strong>CLASES DE TANGO Y MILONGA<\/strong><\/p>\n\n\n\n<p class=\"wp-block-paragraph\"><strong>Jueves 22 de mayo, 17 hs.<\/strong><br>Clases de tango para todos los niveles. <\/p>\n\n\n\n<p class=\"wp-block-paragraph\"><strong>Viernes 23 de mayo, 17 hs.<\/strong><br>Clases de milonga para todos los niveles.<\/p>\n","protected":false},"excerpt":{"rendered":"<p>Una iniciativa conjunta entre la ciudad espa\u00f1ola y la capital porte\u00f1a.<\/p>\n","protected":false},"author":1,"featured_media":4773,"comment_status":"open","ping_status":"open","sticky":false,"template":"","format":"standard","meta":{"footnotes":""},"categories":[7,122],"tags":[159],"class_list":["post-4771","post","type-post","status-publish","format-standard","has-post-thumbnail","hentry","category-noticias","category-radar-tango","tag-festival-de-tango"],"yoast_head":"<!-- This site is optimized with the Yoast SEO plugin v28.4 - https:\/\/yoast.com\/product\/yoast-seo-wordpress\/ -->\n<title>En Madrid: un festival con epicentro en el tango y el filete porte\u00f1o &#187; Fractura Expuesta | Tango!<\/title>\n<meta name=\"robots\" content=\"index, follow, max-snippet:-1, max-image-preview:large, max-video-preview:-1\" \/>\n<link rel=\"canonical\" href=\"https:\/\/www.fracturaexpuesta.com.ar\/gotan\/en-madrid-un-festival-con-epicentro-en-el-tango-y-el-filete-porteno\/\" \/>\n<meta property=\"og:locale\" content=\"es_ES\" \/>\n<meta property=\"og:type\" content=\"article\" \/>\n<meta property=\"og:title\" content=\"En Madrid: un festival con epicentro en el tango y el filete porte\u00f1o\" \/>\n<meta property=\"og:description\" content=\"Una iniciativa conjunta entre la ciudad espa\u00f1ola y la capital porte\u00f1a.\" \/>\n<meta property=\"og:url\" content=\"https:\/\/www.fracturaexpuesta.com.ar\/gotan\/en-madrid-un-festival-con-epicentro-en-el-tango-y-el-filete-porteno\/\" \/>\n<meta property=\"og:site_name\" content=\"Fractura Expuesta | Tango!\" \/>\n<meta property=\"article:author\" content=\"https:\/\/www.facebook.com\/fracturaexpuestaok\" \/>\n<meta property=\"article:published_time\" content=\"2025-05-14T20:15:32+00:00\" \/>\n<meta property=\"article:modified_time\" content=\"2025-06-02T02:01:05+00:00\" \/>\n<meta property=\"og:image\" content=\"https:\/\/www.fracturaexpuesta.com.ar\/gotan\/wp-content\/uploads\/2025\/05\/Festival-Conexion-Buenos-Aires-Madrid.jpg\" \/>\n\t<meta property=\"og:image:width\" content=\"950\" \/>\n\t<meta property=\"og:image:height\" content=\"700\" \/>\n\t<meta property=\"og:image:type\" content=\"image\/jpeg\" \/>\n<meta name=\"author\" content=\"Fractura Expuesta\" \/>\n<meta name=\"twitter:card\" content=\"summary_large_image\" \/>\n<meta name=\"twitter:title\" content=\"En Madrid: un festival con epicentro en el tango y el filete porte\u00f1o\" \/>\n<meta name=\"twitter:description\" content=\"Una iniciativa conjunta entre la ciudad espa\u00f1ola y la capital porte\u00f1a.\" \/>\n<meta name=\"twitter:image\" content=\"https:\/\/www.fracturaexpuesta.com.ar\/gotan\/wp-content\/uploads\/2025\/05\/Festival-Conexion-Buenos-Aires-Madrid.jpg\" \/>\n<meta name=\"twitter:creator\" content=\"@https:\/\/x.com\/fracturatango\" \/>\n<meta name=\"twitter:label1\" content=\"Escrito por\" \/>\n\t<meta name=\"twitter:data1\" content=\"Fractura Expuesta\" \/>\n\t<meta name=\"twitter:label2\" content=\"Tiempo de lectura\" \/>\n\t<meta name=\"twitter:data2\" content=\"3 minutos\" \/>\n<script type=\"application\/ld+json\" class=\"yoast-schema-graph\">{\"@context\":\"https:\\\/\\\/schema.org\",\"@graph\":[{\"@type\":\"Article\",\"@id\":\"https:\\\/\\\/www.fracturaexpuesta.com.ar\\\/gotan\\\/en-madrid-un-festival-con-epicentro-en-el-tango-y-el-filete-porteno\\\/#article\",\"isPartOf\":{\"@id\":\"https:\\\/\\\/www.fracturaexpuesta.com.ar\\\/gotan\\\/en-madrid-un-festival-con-epicentro-en-el-tango-y-el-filete-porteno\\\/\"},\"author\":{\"name\":\"Fractura Expuesta\",\"@id\":\"https:\\\/\\\/www.fracturaexpuesta.com.ar\\\/gotan\\\/#\\\/schema\\\/person\\\/d8266939f778485b13ad2174aa9e199e\"},\"headline\":\"En Madrid: un festival con epicentro en el tango y el filete porte\u00f1o\",\"datePublished\":\"2025-05-14T20:15:32+00:00\",\"dateModified\":\"2025-06-02T02:01:05+00:00\",\"mainEntityOfPage\":{\"@id\":\"https:\\\/\\\/www.fracturaexpuesta.com.ar\\\/gotan\\\/en-madrid-un-festival-con-epicentro-en-el-tango-y-el-filete-porteno\\\/\"},\"wordCount\":441,\"commentCount\":0,\"publisher\":{\"@id\":\"https:\\\/\\\/www.fracturaexpuesta.com.ar\\\/gotan\\\/#organization\"},\"image\":{\"@id\":\"https:\\\/\\\/www.fracturaexpuesta.com.ar\\\/gotan\\\/en-madrid-un-festival-con-epicentro-en-el-tango-y-el-filete-porteno\\\/#primaryimage\"},\"thumbnailUrl\":\"https:\\\/\\\/www.fracturaexpuesta.com.ar\\\/gotan\\\/wp-content\\\/uploads\\\/2025\\\/05\\\/Festival-Conexion-Buenos-Aires-Madrid.jpg\",\"keywords\":[\"festival de tango\"],\"articleSection\":[\"Noticias\",\"Radar Tango\"],\"inLanguage\":\"es-AR\",\"potentialAction\":[{\"@type\":\"CommentAction\",\"name\":\"Comment\",\"target\":[\"https:\\\/\\\/www.fracturaexpuesta.com.ar\\\/gotan\\\/en-madrid-un-festival-con-epicentro-en-el-tango-y-el-filete-porteno\\\/#respond\"]}]},{\"@type\":\"WebPage\",\"@id\":\"https:\\\/\\\/www.fracturaexpuesta.com.ar\\\/gotan\\\/en-madrid-un-festival-con-epicentro-en-el-tango-y-el-filete-porteno\\\/\",\"url\":\"https:\\\/\\\/www.fracturaexpuesta.com.ar\\\/gotan\\\/en-madrid-un-festival-con-epicentro-en-el-tango-y-el-filete-porteno\\\/\",\"name\":\"En Madrid: un festival con epicentro en el tango y el filete porte\u00f1o &#187; Fractura Expuesta | Tango!\",\"isPartOf\":{\"@id\":\"https:\\\/\\\/www.fracturaexpuesta.com.ar\\\/gotan\\\/#website\"},\"primaryImageOfPage\":{\"@id\":\"https:\\\/\\\/www.fracturaexpuesta.com.ar\\\/gotan\\\/en-madrid-un-festival-con-epicentro-en-el-tango-y-el-filete-porteno\\\/#primaryimage\"},\"image\":{\"@id\":\"https:\\\/\\\/www.fracturaexpuesta.com.ar\\\/gotan\\\/en-madrid-un-festival-con-epicentro-en-el-tango-y-el-filete-porteno\\\/#primaryimage\"},\"thumbnailUrl\":\"https:\\\/\\\/www.fracturaexpuesta.com.ar\\\/gotan\\\/wp-content\\\/uploads\\\/2025\\\/05\\\/Festival-Conexion-Buenos-Aires-Madrid.jpg\",\"datePublished\":\"2025-05-14T20:15:32+00:00\",\"dateModified\":\"2025-06-02T02:01:05+00:00\",\"breadcrumb\":{\"@id\":\"https:\\\/\\\/www.fracturaexpuesta.com.ar\\\/gotan\\\/en-madrid-un-festival-con-epicentro-en-el-tango-y-el-filete-porteno\\\/#breadcrumb\"},\"inLanguage\":\"es-AR\",\"potentialAction\":[{\"@type\":\"ReadAction\",\"target\":[\"https:\\\/\\\/www.fracturaexpuesta.com.ar\\\/gotan\\\/en-madrid-un-festival-con-epicentro-en-el-tango-y-el-filete-porteno\\\/\"]}]},{\"@type\":\"ImageObject\",\"inLanguage\":\"es-AR\",\"@id\":\"https:\\\/\\\/www.fracturaexpuesta.com.ar\\\/gotan\\\/en-madrid-un-festival-con-epicentro-en-el-tango-y-el-filete-porteno\\\/#primaryimage\",\"url\":\"https:\\\/\\\/www.fracturaexpuesta.com.ar\\\/gotan\\\/wp-content\\\/uploads\\\/2025\\\/05\\\/Festival-Conexion-Buenos-Aires-Madrid.jpg\",\"contentUrl\":\"https:\\\/\\\/www.fracturaexpuesta.com.ar\\\/gotan\\\/wp-content\\\/uploads\\\/2025\\\/05\\\/Festival-Conexion-Buenos-Aires-Madrid.jpg\",\"width\":950,\"height\":700,\"caption\":\"Festival Conexi\u00f3n Buenos Aires - Madrid\"},{\"@type\":\"BreadcrumbList\",\"@id\":\"https:\\\/\\\/www.fracturaexpuesta.com.ar\\\/gotan\\\/en-madrid-un-festival-con-epicentro-en-el-tango-y-el-filete-porteno\\\/#breadcrumb\",\"itemListElement\":[{\"@type\":\"ListItem\",\"position\":1,\"name\":\"Inicio\",\"item\":\"https:\\\/\\\/www.fracturaexpuesta.com.ar\\\/gotan\\\/\"},{\"@type\":\"ListItem\",\"position\":2,\"name\":\"En Madrid: un festival con epicentro en el tango y el filete porte\u00f1o\"}]},{\"@type\":\"WebSite\",\"@id\":\"https:\\\/\\\/www.fracturaexpuesta.com.ar\\\/gotan\\\/#website\",\"url\":\"https:\\\/\\\/www.fracturaexpuesta.com.ar\\\/gotan\\\/\",\"name\":\"Fractura Expuesta | Tango!\",\"description\":\"\",\"publisher\":{\"@id\":\"https:\\\/\\\/www.fracturaexpuesta.com.ar\\\/gotan\\\/#organization\"},\"potentialAction\":[{\"@type\":\"SearchAction\",\"target\":{\"@type\":\"EntryPoint\",\"urlTemplate\":\"https:\\\/\\\/www.fracturaexpuesta.com.ar\\\/gotan\\\/?s={search_term_string}\"},\"query-input\":{\"@type\":\"PropertyValueSpecification\",\"valueRequired\":true,\"valueName\":\"search_term_string\"}}],\"inLanguage\":\"es-AR\"},{\"@type\":\"Organization\",\"@id\":\"https:\\\/\\\/www.fracturaexpuesta.com.ar\\\/gotan\\\/#organization\",\"name\":\"Fractura Expuesta | Tango!\",\"url\":\"https:\\\/\\\/www.fracturaexpuesta.com.ar\\\/gotan\\\/\",\"logo\":{\"@type\":\"ImageObject\",\"inLanguage\":\"es-AR\",\"@id\":\"https:\\\/\\\/www.fracturaexpuesta.com.ar\\\/gotan\\\/#\\\/schema\\\/logo\\\/image\\\/\",\"url\":\"https:\\\/\\\/www.fracturaexpuesta.com.ar\\\/gotan\\\/wp-content\\\/uploads\\\/2025\\\/03\\\/avatar2centroOK.jpg\",\"contentUrl\":\"https:\\\/\\\/www.fracturaexpuesta.com.ar\\\/gotan\\\/wp-content\\\/uploads\\\/2025\\\/03\\\/avatar2centroOK.jpg\",\"width\":600,\"height\":600,\"caption\":\"Fractura Expuesta | Tango!\"},\"image\":{\"@id\":\"https:\\\/\\\/www.fracturaexpuesta.com.ar\\\/gotan\\\/#\\\/schema\\\/logo\\\/image\\\/\"}},{\"@type\":\"Person\",\"@id\":\"https:\\\/\\\/www.fracturaexpuesta.com.ar\\\/gotan\\\/#\\\/schema\\\/person\\\/d8266939f778485b13ad2174aa9e199e\",\"name\":\"Fractura Expuesta\",\"image\":{\"@type\":\"ImageObject\",\"inLanguage\":\"es-AR\",\"@id\":\"https:\\\/\\\/secure.gravatar.com\\\/avatar\\\/c4bad1eb9f93dd4a42df3aa8b8e8b882ff893fcea188ee15488a845db442d7ec?s=96&d=mm&r=g\",\"url\":\"https:\\\/\\\/secure.gravatar.com\\\/avatar\\\/c4bad1eb9f93dd4a42df3aa8b8e8b882ff893fcea188ee15488a845db442d7ec?s=96&d=mm&r=g\",\"contentUrl\":\"https:\\\/\\\/secure.gravatar.com\\\/avatar\\\/c4bad1eb9f93dd4a42df3aa8b8e8b882ff893fcea188ee15488a845db442d7ec?s=96&d=mm&r=g\",\"caption\":\"Fractura Expuesta\"},\"description\":\"Sitio de tango y noticias culturales. Desde 2003, el espacio referente del tango de estos tiempos.\",\"sameAs\":[\"https:\\\/\\\/www.fracturaexpuesta.com.ar\",\"https:\\\/\\\/www.facebook.com\\\/fracturaexpuestaok\",\"https:\\\/\\\/www.instagram.com\\\/fracturaexpuesta\",\"https:\\\/\\\/x.com\\\/https:\\\/\\\/x.com\\\/fracturatango\",\"https:\\\/\\\/www.youtube.com\\\/channel\\\/UCojA8Q0QDpnncOL8sfTHOHg\"],\"url\":\"https:\\\/\\\/www.fracturaexpuesta.com.ar\\\/gotan\\\/author\\\/fractura-expuesta\\\/\"}]}<\/script>\n<!-- \/ Yoast SEO plugin. -->","yoast_head_json":{"title":"En Madrid: un festival con epicentro en el tango y el filete porte\u00f1o &#187; Fractura Expuesta | Tango!","robots":{"index":"index","follow":"follow","max-snippet":"max-snippet:-1","max-image-preview":"max-image-preview:large","max-video-preview":"max-video-preview:-1"},"canonical":"https:\/\/www.fracturaexpuesta.com.ar\/gotan\/en-madrid-un-festival-con-epicentro-en-el-tango-y-el-filete-porteno\/","og_locale":"es_ES","og_type":"article","og_title":"En Madrid: un festival con epicentro en el tango y el filete porte\u00f1o","og_description":"Una iniciativa conjunta entre la ciudad espa\u00f1ola y la capital porte\u00f1a.","og_url":"https:\/\/www.fracturaexpuesta.com.ar\/gotan\/en-madrid-un-festival-con-epicentro-en-el-tango-y-el-filete-porteno\/","og_site_name":"Fractura Expuesta | Tango!","article_author":"https:\/\/www.facebook.com\/fracturaexpuestaok","article_published_time":"2025-05-14T20:15:32+00:00","article_modified_time":"2025-06-02T02:01:05+00:00","og_image":[{"width":950,"height":700,"url":"https:\/\/www.fracturaexpuesta.com.ar\/gotan\/wp-content\/uploads\/2025\/05\/Festival-Conexion-Buenos-Aires-Madrid.jpg","type":"image\/jpeg"}],"author":"Fractura Expuesta","twitter_card":"summary_large_image","twitter_title":"En Madrid: un festival con epicentro en el tango y el filete porte\u00f1o","twitter_description":"Una iniciativa conjunta entre la ciudad espa\u00f1ola y la capital porte\u00f1a.","twitter_image":"https:\/\/www.fracturaexpuesta.com.ar\/gotan\/wp-content\/uploads\/2025\/05\/Festival-Conexion-Buenos-Aires-Madrid.jpg","twitter_creator":"@https:\/\/x.com\/fracturatango","twitter_misc":{"Escrito por":"Fractura Expuesta","Tiempo de lectura":"3 minutos"},"schema":{"@context":"https:\/\/schema.org","@graph":[{"@type":"Article","@id":"https:\/\/www.fracturaexpuesta.com.ar\/gotan\/en-madrid-un-festival-con-epicentro-en-el-tango-y-el-filete-porteno\/#article","isPartOf":{"@id":"https:\/\/www.fracturaexpuesta.com.ar\/gotan\/en-madrid-un-festival-con-epicentro-en-el-tango-y-el-filete-porteno\/"},"author":{"name":"Fractura Expuesta","@id":"https:\/\/www.fracturaexpuesta.com.ar\/gotan\/#\/schema\/person\/d8266939f778485b13ad2174aa9e199e"},"headline":"En Madrid: un festival con epicentro en el tango y el filete porte\u00f1o","datePublished":"2025-05-14T20:15:32+00:00","dateModified":"2025-06-02T02:01:05+00:00","mainEntityOfPage":{"@id":"https:\/\/www.fracturaexpuesta.com.ar\/gotan\/en-madrid-un-festival-con-epicentro-en-el-tango-y-el-filete-porteno\/"},"wordCount":441,"commentCount":0,"publisher":{"@id":"https:\/\/www.fracturaexpuesta.com.ar\/gotan\/#organization"},"image":{"@id":"https:\/\/www.fracturaexpuesta.com.ar\/gotan\/en-madrid-un-festival-con-epicentro-en-el-tango-y-el-filete-porteno\/#primaryimage"},"thumbnailUrl":"https:\/\/www.fracturaexpuesta.com.ar\/gotan\/wp-content\/uploads\/2025\/05\/Festival-Conexion-Buenos-Aires-Madrid.jpg","keywords":["festival de tango"],"articleSection":["Noticias","Radar Tango"],"inLanguage":"es-AR","potentialAction":[{"@type":"CommentAction","name":"Comment","target":["https:\/\/www.fracturaexpuesta.com.ar\/gotan\/en-madrid-un-festival-con-epicentro-en-el-tango-y-el-filete-porteno\/#respond"]}]},{"@type":"WebPage","@id":"https:\/\/www.fracturaexpuesta.com.ar\/gotan\/en-madrid-un-festival-con-epicentro-en-el-tango-y-el-filete-porteno\/","url":"https:\/\/www.fracturaexpuesta.com.ar\/gotan\/en-madrid-un-festival-con-epicentro-en-el-tango-y-el-filete-porteno\/","name":"En Madrid: un festival con epicentro en el tango y el filete porte\u00f1o &#187; Fractura Expuesta | Tango!","isPartOf":{"@id":"https:\/\/www.fracturaexpuesta.com.ar\/gotan\/#website"},"primaryImageOfPage":{"@id":"https:\/\/www.fracturaexpuesta.com.ar\/gotan\/en-madrid-un-festival-con-epicentro-en-el-tango-y-el-filete-porteno\/#primaryimage"},"image":{"@id":"https:\/\/www.fracturaexpuesta.com.ar\/gotan\/en-madrid-un-festival-con-epicentro-en-el-tango-y-el-filete-porteno\/#primaryimage"},"thumbnailUrl":"https:\/\/www.fracturaexpuesta.com.ar\/gotan\/wp-content\/uploads\/2025\/05\/Festival-Conexion-Buenos-Aires-Madrid.jpg","datePublished":"2025-05-14T20:15:32+00:00","dateModified":"2025-06-02T02:01:05+00:00","breadcrumb":{"@id":"https:\/\/www.fracturaexpuesta.com.ar\/gotan\/en-madrid-un-festival-con-epicentro-en-el-tango-y-el-filete-porteno\/#breadcrumb"},"inLanguage":"es-AR","potentialAction":[{"@type":"ReadAction","target":["https:\/\/www.fracturaexpuesta.com.ar\/gotan\/en-madrid-un-festival-con-epicentro-en-el-tango-y-el-filete-porteno\/"]}]},{"@type":"ImageObject","inLanguage":"es-AR","@id":"https:\/\/www.fracturaexpuesta.com.ar\/gotan\/en-madrid-un-festival-con-epicentro-en-el-tango-y-el-filete-porteno\/#primaryimage","url":"https:\/\/www.fracturaexpuesta.com.ar\/gotan\/wp-content\/uploads\/2025\/05\/Festival-Conexion-Buenos-Aires-Madrid.jpg","contentUrl":"https:\/\/www.fracturaexpuesta.com.ar\/gotan\/wp-content\/uploads\/2025\/05\/Festival-Conexion-Buenos-Aires-Madrid.jpg","width":950,"height":700,"caption":"Festival Conexi\u00f3n Buenos Aires - Madrid"},{"@type":"BreadcrumbList","@id":"https:\/\/www.fracturaexpuesta.com.ar\/gotan\/en-madrid-un-festival-con-epicentro-en-el-tango-y-el-filete-porteno\/#breadcrumb","itemListElement":[{"@type":"ListItem","position":1,"name":"Inicio","item":"https:\/\/www.fracturaexpuesta.com.ar\/gotan\/"},{"@type":"ListItem","position":2,"name":"En Madrid: un festival con epicentro en el tango y el filete porte\u00f1o"}]},{"@type":"WebSite","@id":"https:\/\/www.fracturaexpuesta.com.ar\/gotan\/#website","url":"https:\/\/www.fracturaexpuesta.com.ar\/gotan\/","name":"Fractura Expuesta | Tango!","description":"","publisher":{"@id":"https:\/\/www.fracturaexpuesta.com.ar\/gotan\/#organization"},"potentialAction":[{"@type":"SearchAction","target":{"@type":"EntryPoint","urlTemplate":"https:\/\/www.fracturaexpuesta.com.ar\/gotan\/?s={search_term_string}"},"query-input":{"@type":"PropertyValueSpecification","valueRequired":true,"valueName":"search_term_string"}}],"inLanguage":"es-AR"},{"@type":"Organization","@id":"https:\/\/www.fracturaexpuesta.com.ar\/gotan\/#organization","name":"Fractura Expuesta | Tango!","url":"https:\/\/www.fracturaexpuesta.com.ar\/gotan\/","logo":{"@type":"ImageObject","inLanguage":"es-AR","@id":"https:\/\/www.fracturaexpuesta.com.ar\/gotan\/#\/schema\/logo\/image\/","url":"https:\/\/www.fracturaexpuesta.com.ar\/gotan\/wp-content\/uploads\/2025\/03\/avatar2centroOK.jpg","contentUrl":"https:\/\/www.fracturaexpuesta.com.ar\/gotan\/wp-content\/uploads\/2025\/03\/avatar2centroOK.jpg","width":600,"height":600,"caption":"Fractura Expuesta | Tango!"},"image":{"@id":"https:\/\/www.fracturaexpuesta.com.ar\/gotan\/#\/schema\/logo\/image\/"}},{"@type":"Person","@id":"https:\/\/www.fracturaexpuesta.com.ar\/gotan\/#\/schema\/person\/d8266939f778485b13ad2174aa9e199e","name":"Fractura Expuesta","image":{"@type":"ImageObject","inLanguage":"es-AR","@id":"https:\/\/secure.gravatar.com\/avatar\/c4bad1eb9f93dd4a42df3aa8b8e8b882ff893fcea188ee15488a845db442d7ec?s=96&d=mm&r=g","url":"https:\/\/secure.gravatar.com\/avatar\/c4bad1eb9f93dd4a42df3aa8b8e8b882ff893fcea188ee15488a845db442d7ec?s=96&d=mm&r=g","contentUrl":"https:\/\/secure.gravatar.com\/avatar\/c4bad1eb9f93dd4a42df3aa8b8e8b882ff893fcea188ee15488a845db442d7ec?s=96&d=mm&r=g","caption":"Fractura Expuesta"},"description":"Sitio de tango y noticias culturales. Desde 2003, el espacio referente del tango de estos tiempos.","sameAs":["https:\/\/www.fracturaexpuesta.com.ar","https:\/\/www.facebook.com\/fracturaexpuestaok","https:\/\/www.instagram.com\/fracturaexpuesta","https:\/\/x.com\/https:\/\/x.com\/fracturatango","https:\/\/www.youtube.com\/channel\/UCojA8Q0QDpnncOL8sfTHOHg"],"url":"https:\/\/www.fracturaexpuesta.com.ar\/gotan\/author\/fractura-expuesta\/"}]}},"_links":{"self":[{"href":"https:\/\/www.fracturaexpuesta.com.ar\/gotan\/wp-json\/wp\/v2\/posts\/4771","targetHints":{"allow":["GET"]}}],"collection":[{"href":"https:\/\/www.fracturaexpuesta.com.ar\/gotan\/wp-json\/wp\/v2\/posts"}],"about":[{"href":"https:\/\/www.fracturaexpuesta.com.ar\/gotan\/wp-json\/wp\/v2\/types\/post"}],"author":[{"embeddable":true,"href":"https:\/\/www.fracturaexpuesta.com.ar\/gotan\/wp-json\/wp\/v2\/users\/1"}],"replies":[{"embeddable":true,"href":"https:\/\/www.fracturaexpuesta.com.ar\/gotan\/wp-json\/wp\/v2\/comments?post=4771"}],"version-history":[{"count":5,"href":"https:\/\/www.fracturaexpuesta.com.ar\/gotan\/wp-json\/wp\/v2\/posts\/4771\/revisions"}],"predecessor-version":[{"id":4778,"href":"https:\/\/www.fracturaexpuesta.com.ar\/gotan\/wp-json\/wp\/v2\/posts\/4771\/revisions\/4778"}],"wp:featuredmedia":[{"embeddable":true,"href":"https:\/\/www.fracturaexpuesta.com.ar\/gotan\/wp-json\/wp\/v2\/media\/4773"}],"wp:attachment":[{"href":"https:\/\/www.fracturaexpuesta.com.ar\/gotan\/wp-json\/wp\/v2\/media?parent=4771"}],"wp:term":[{"taxonomy":"category","embeddable":true,"href":"https:\/\/www.fracturaexpuesta.com.ar\/gotan\/wp-json\/wp\/v2\/categories?post=4771"},{"taxonomy":"post_tag","embeddable":true,"href":"https:\/\/www.fracturaexpuesta.com.ar\/gotan\/wp-json\/wp\/v2\/tags?post=4771"}],"curies":[{"name":"wp","href":"https:\/\/api.w.org\/{rel}","templated":true}]}}