{"id":4793,"date":"2025-05-19T17:55:27","date_gmt":"2025-05-19T20:55:27","guid":{"rendered":"https:\/\/www.fracturaexpuesta.com.ar\/gotan\/?p=4793"},"modified":"2026-01-20T16:36:39","modified_gmt":"2026-01-20T19:36:39","slug":"jose-arenas-el-tango-deberia-ser-algo-para-matar-o-morir","status":"publish","type":"post","link":"https:\/\/www.fracturaexpuesta.com.ar\/gotan\/jose-arenas-el-tango-deberia-ser-algo-para-matar-o-morir\/","title":{"rendered":"Jos\u00e9 Arenas: \u201cEl tango deber\u00eda ser algo para matar o morir\u201d"},"content":{"rendered":"\n<p class=\"wp-block-paragraph\">La escritura de Jos\u00e9 Arenas es multidimensional. Novelas, ensayos, poes\u00eda, letras, cr\u00f3nicas y rese\u00f1as son parte de un universo narrativo atravesado por diversas capas. Se puede decir que los temas tambi\u00e9n corren por ese carril.<\/p>\n\n\n\n<p class=\"wp-block-paragraph\">No obstante, en esa multiplicidad hay un elemento que persiste. Ese elemento -primordial, transversal en \u00e9l- es el tango. Desde sus escrituras iniciales, Jos\u00e9 modula en frecuencia de tango. \u00bfSer\u00e1 as\u00ed siempre? Qui\u00e9n sabe. En lo inmediato, hay un nuevo cap\u00edtulo de esa uni\u00f3n.<\/p>\n\n\n\n<p class=\"wp-block-paragraph\">Su nuevo libro es <em><strong>La otra orilla, antolog\u00eda comentada de la l\u00edrica del tango uruguayo (1927-2020)<\/strong><\/em>, un notable estudio acerca de la narrativa del tango en Uruguay encarado por una exploraci\u00f3n que no solo examina los aspectos formales de las obras sino que ofrece una visi\u00f3n acerca de c\u00f3mo el tango, al fin y al cabo, intenta darse un modo de sutura para la herida abierta del hombre y su circunstancia. En ese intento que es el riesgo de la vida, Arenas encuentra rituales, ceremonias, pensamientos y quimeras \u201cpara aguantar el dolor\u201d de esa herida. Una herida que siempre est\u00e1 abierta como signo de la corriente el\u00e9ctrica del hombre. Estamos vivos porque no nos hemos curado, o electrocutado del todo.<\/p>\n\n\n\n<p class=\"wp-block-paragraph\"><strong>\u201cLa poes\u00eda pura es da\u00f1ina, es malsana. Es lo m\u00e1s hermoso del mundo. Pero no sana nada\u201d,<\/strong> dir\u00e1 Arenas en charla con <em>Fractura Expuesta<\/em>. Una conversaci\u00f3n en la que el autor revaloriza la obra de las plumas tangueras del Uruguay, remarca la idea de la \u201ctanguez\u201d, habla de Montevideo como un \u201cterritorio desolador\u201d y apuesta por el \u201cdolor magistral del tango\u201d.<\/p>\n\n\n<div class=\"wp-block-image\">\n<figure class=\"aligncenter size-large\"><img loading=\"lazy\" decoding=\"async\" width=\"1024\" height=\"1024\" src=\"https:\/\/www.fracturaexpuesta.com.ar\/gotan\/wp-content\/uploads\/2025\/05\/La-otra-orilla-antologia-comentada-de-la-lirica-del-tango-uruguayo-1927-2020-1024x1024.jpg\" alt=\"\" class=\"wp-image-4796\" srcset=\"https:\/\/www.fracturaexpuesta.com.ar\/gotan\/wp-content\/uploads\/2025\/05\/La-otra-orilla-antologia-comentada-de-la-lirica-del-tango-uruguayo-1927-2020-1024x1024.jpg 1024w, https:\/\/www.fracturaexpuesta.com.ar\/gotan\/wp-content\/uploads\/2025\/05\/La-otra-orilla-antologia-comentada-de-la-lirica-del-tango-uruguayo-1927-2020-300x300.jpg 300w, https:\/\/www.fracturaexpuesta.com.ar\/gotan\/wp-content\/uploads\/2025\/05\/La-otra-orilla-antologia-comentada-de-la-lirica-del-tango-uruguayo-1927-2020-150x150.jpg 150w, https:\/\/www.fracturaexpuesta.com.ar\/gotan\/wp-content\/uploads\/2025\/05\/La-otra-orilla-antologia-comentada-de-la-lirica-del-tango-uruguayo-1927-2020-768x768.jpg 768w, https:\/\/www.fracturaexpuesta.com.ar\/gotan\/wp-content\/uploads\/2025\/05\/La-otra-orilla-antologia-comentada-de-la-lirica-del-tango-uruguayo-1927-2020-60x60.jpg 60w, https:\/\/www.fracturaexpuesta.com.ar\/gotan\/wp-content\/uploads\/2025\/05\/La-otra-orilla-antologia-comentada-de-la-lirica-del-tango-uruguayo-1927-2020-480x480.jpg 480w, https:\/\/www.fracturaexpuesta.com.ar\/gotan\/wp-content\/uploads\/2025\/05\/La-otra-orilla-antologia-comentada-de-la-lirica-del-tango-uruguayo-1927-2020.jpg 1080w\" sizes=\"auto, (max-width: 1024px) 100vw, 1024px\" \/><figcaption class=\"wp-element-caption\"><em><mark style=\"background-color:rgba(0, 0, 0, 0)\" class=\"has-inline-color has-cyan-bluish-gray-color\">La portada del nuevo libro de Arenas.<\/mark><\/em><\/figcaption><\/figure>\n<\/div>\n\n\n<p class=\"wp-block-paragraph\"><strong>En el libro hay un abordaje que se involucra de lleno con las l\u00edricas del tango uruguayo \u00bfla antolog\u00eda te permiti\u00f3 trazar alg\u00fan diagn\u00f3stico de conjunto de todo ese cuerpo de m\u00fasica y poes\u00eda?<\/strong><\/p>\n\n\n\n<p class=\"wp-block-paragraph\">En principio, lo que me permiti\u00f3 ver respecto a la l\u00edrica del tango oriental fue que no era tan escasa como pensaba. Claro, si la comparo con la producci\u00f3n del tango argentino, es muy breve. Pero <strong>las letras de tango uruguayo no son tan pocas ni tan malas<\/strong>, prejuicio que ten\u00eda en un principio y que fui disipando. Como siempre ocurre, han alcanzado enorme popularidad las letras m\u00e1s b\u00e1sicas y m\u00e1s pobres, as\u00ed como las melod\u00edas m\u00e1s lavadas. Si bien el tango uruguayo hizo aportes invalorables al g\u00e9nero desde obras particulares como con &#8220;La pu\u00f1alada&#8221;, &#8220;Desde el alma&#8221;, &#8220;Mi vieja viola&#8221;, la verdad es que los tangos uruguayos que se han colado en la masividad no han sido los m\u00e1s agraciados. &#8220;Hasta siempre amor&#8221; fue un mega \u00e9xito pero tap\u00f3 el nombre de Federico Silva, el autor de la letra, que compuso unas obras de gigantesca val\u00eda. Entrando en los autores uruguayos pude encontrar, sacando lo m\u00e1s mentado, obras realmente valiosas y otras de enorme curiosidad. Reencontr\u00e9 autores que a veces se olvidan como orientales: Jos\u00e9 R\u00f3tulo, Froil\u00e1n Aguilar, Juan Carlos Patr\u00f3n, el mismo Horacio Ferrer. Fui hacia lo hondo.<\/p>\n\n\n\n<blockquote class=\"wp-block-quote is-layout-flow wp-block-quote-is-layout-flow\">\n<p class=\"has-text-align-center wp-block-paragraph\"><em>\u201cQuiz\u00e1 ese sea el verdadero valor montevideano, un aire de tango. Lo nacido en Montevideo tiene colores de tango\u201d.<\/em><\/p>\n<\/blockquote>\n\n\n\n<p class=\"wp-block-paragraph\"><strong>Aparecen otros autores que no estar\u00edan, al menos inicialmente, incluidos en la etiqueta de tango.<\/strong><\/p>\n\n\n\n<p class=\"wp-block-paragraph\">Es otra cosa de la que me di cuenta en el proceso de la antolog\u00eda. En Uruguay hemos cosechado mucho m\u00e1s <strong>la &#8220;tanguez&#8221;<\/strong>, ese aire musical y po\u00e9tico de las canciones ciudadanas que no son estrictamente tango pero que andan cerca de tal expresi\u00f3n. Decid\u00ed que all\u00ed tambi\u00e9n estaba la l\u00edrica de nuestro g\u00e9nero, en Jorge Bonaldi, Daniel Amaro, Jaime Roos, Mauricio Rosencof, Ignacio Su\u00e1rez. Quiz\u00e1 ese sea el verdadero valor montevideano, un aire de tango. Lo nacido en Montevideo tiene colores de tango. Es como una maldici\u00f3n. No se puede huir del tango. A su vez, creo que se rescatan autores que estaban injustamente olvidados.<\/p>\n\n\n\n<p class=\"wp-block-paragraph\"><strong>Pareciera que los tangos reunidos en el libro se encuentran en un punto\u2026 En aquello que se transforma, en lo que revive, en lo que muere o ya no existe, en lo que se resiste a la idea de cierto progreso brutal \u00bfes ese el eje nodal del tango, su motivo, o su voz puede ser una voz m\u00e1s amplia que cante a todo el espectro de la condici\u00f3n humana?<\/strong><\/p>\n\n\n\n<p class=\"wp-block-paragraph\">Creo que <strong>el tango en general siempre le est\u00e1 cantando a lo mismo<\/strong>, que es eso que aqueja al ser humano. Me gusta decir, exagerando y compadreando, que la canci\u00f3n de \u00e9tica trascendente del siglo XX naci\u00f3 en el R\u00edo de la Plata y fue el tango. Y si nos fijamos, el ser humano siempre est\u00e1 preocupado por eso. Lo que se va, lo que perdi\u00f3, lo que vendr\u00e1, lo que ya no tiene, lo que ya no ser\u00e1. La muerte, en definitiva, ya sea metaf\u00f3rica o real. Los t\u00f3picos de la literatura medieval espa\u00f1ola no han cambiado porque las preocupaciones de fondo del ser humano no han cambiado. Quiz\u00e1 se han ido trastocando en cosas como la guita, el hambre, la opresi\u00f3n, pero <strong>detr\u00e1s de esas cuestiones, est\u00e1 la muerte<\/strong>. De eso hablan estos tangos porque de eso habla el tango, aun cuando hable de amor consolidado o de aventuras carnavaleras, al idilio de la noche le sigue la incertidumbre del d\u00eda, al amor rom\u00e1ntico lo acecha el fin. No niego que mis lecturas vayan siempre por ah\u00ed y eso quiz\u00e1 contamine un poco lo que despu\u00e9s pueda escucharse en cada tema, pero lo m\u00edo no es determinante. Como cr\u00edtico no explico lo que nos quiso decir el autor sino lo que yo leo. Propongo que el texto resiste una lectura desde tal o cual lugar. En particular, ahora que lo pienso, el tango uruguayo puede tender a lo pesimista. Si una de nuestras novelas fundacionales es <em>El pozo<\/em>, de Juan Carlos Onetti, es porque <strong>los uruguayos estamos en el fondo del aljibe<\/strong>, a lo oscuro.<\/p>\n\n\n<div class=\"wp-block-image\">\n<figure class=\"aligncenter size-large\"><img loading=\"lazy\" decoding=\"async\" width=\"1024\" height=\"683\" src=\"https:\/\/www.fracturaexpuesta.com.ar\/gotan\/wp-content\/uploads\/2025\/05\/jose-arenas-tango-fractura-expuesta-1-1536x1024-1-1024x683.jpg\" alt=\"\" class=\"wp-image-4799\" srcset=\"https:\/\/www.fracturaexpuesta.com.ar\/gotan\/wp-content\/uploads\/2025\/05\/jose-arenas-tango-fractura-expuesta-1-1536x1024-1-1024x683.jpg 1024w, https:\/\/www.fracturaexpuesta.com.ar\/gotan\/wp-content\/uploads\/2025\/05\/jose-arenas-tango-fractura-expuesta-1-1536x1024-1-300x200.jpg 300w, https:\/\/www.fracturaexpuesta.com.ar\/gotan\/wp-content\/uploads\/2025\/05\/jose-arenas-tango-fractura-expuesta-1-1536x1024-1-768x512.jpg 768w, https:\/\/www.fracturaexpuesta.com.ar\/gotan\/wp-content\/uploads\/2025\/05\/jose-arenas-tango-fractura-expuesta-1-1536x1024-1-60x40.jpg 60w, https:\/\/www.fracturaexpuesta.com.ar\/gotan\/wp-content\/uploads\/2025\/05\/jose-arenas-tango-fractura-expuesta-1-1536x1024-1-720x480.jpg 720w, https:\/\/www.fracturaexpuesta.com.ar\/gotan\/wp-content\/uploads\/2025\/05\/jose-arenas-tango-fractura-expuesta-1-1536x1024-1.jpg 1536w\" sizes=\"auto, (max-width: 1024px) 100vw, 1024px\" \/><figcaption class=\"wp-element-caption\"><em><mark style=\"background-color:rgba(0, 0, 0, 0)\" class=\"has-inline-color has-cyan-bluish-gray-color\">&#8220;Creo que el tango en general siempre le est\u00e1 cantando a lo mismo&#8221;.<\/mark><\/em><\/figcaption><\/figure>\n<\/div>\n\n\n<p class=\"wp-block-paragraph\"><strong>\u00bfHay un modo de sentir distintivo del tango uruguayo en funci\u00f3n del tango de la orilla argentina?<\/strong><\/p>\n\n\n\n<p class=\"wp-block-paragraph\">Bueno, en particular lo he observado respecto a <strong>un t\u00f3pico espec\u00edfico que es la ciudad<\/strong>. Buenos Aires y sus signos son casi omnipresentes en las letras argentinas de tango. Podr\u00edamos nombrar treinta tangos de memoria y ser\u00edan solo unos pocos. En cambio, el tango uruguayo se ha ocupado mucho menos de eso.<\/p>\n\n\n\n<p class=\"wp-block-paragraph\"><strong>\u00bfPor qu\u00e9?<\/strong><\/p>\n\n\n\n<p class=\"wp-block-paragraph\">No s\u00e9 bien por qu\u00e9. Pienso que Montevideo ha sido territorio del carnaval y de las canciones carnavaleras. Por otro lado, a partir de los a\u00f1os 60&#8242;, con obvias excepciones, los tangos de Eladia, Negro, Tavera, Ferrer, Casta\u00f1a, Novarro, <strong>le han cantado con amor y fascinaci\u00f3n a Buenos Aires<\/strong>. Ah\u00ed est\u00e1n &#8220;Por qu\u00e9 amo a Buenos Aires&#8221;, de Eladia, &#8220;Mi mundo es mi ciudad&#8221;, de Tavera, &#8220;Cantata a Buenos Aires&#8221;, de Chico Novarro y tantos m\u00e1s. Pero Montevideo, la mayor\u00eda de las veces es un territorio desolador en las letras uruguayas, salvo en las festivas del carnaval, como ya mencion\u00e9. Claro que para la fiesta de Momo, Montevideo es territorio de promesas y amores. <strong>Para el tango y las tangueces, la ciudad es ciudad de soledad, lucha, desaz\u00f3n<\/strong>. Pienso en &#8220;A la ciudad de Montevideo&#8221;, de Daniel Amaro, donde nacer aqu\u00ed es como un sino tr\u00e1gico, o &#8220;Tristecitas montevideanas&#8221; de Jorge Bonaldi, donde las calles son grises, terrenos para los \u00e1rboles cadav\u00e9ricos. Incluso en las canciones del rock uruguayo es gris Montevideo. Puede verse en &#8220;Mincho Bar&#8221; o &#8220;Llueve en Montevideo&#8221;. Si lo comparamos con &#8220;Buenos Aires&#8221;, de Fito P\u00e1ez, se da la misma relaci\u00f3n que en las letras de tango. Es muy interesante.<\/p>\n\n\n\n<p class=\"wp-block-paragraph\"><strong>\u00bfQu\u00e9 propone el disco que acompa\u00f1a al libro?<\/strong><\/p>\n\n\n\n<p class=\"wp-block-paragraph\">La idea del disco es doble. Primero ser una ilustraci\u00f3n de algunos de los tangos que est\u00e1n en el libro y que, o bien no est\u00e1n en redes o son dif\u00edciles de encontrar. Por otro lado, <strong>rescatar versiones que no est\u00e1n o no estaban en circulaci\u00f3n<\/strong> desde hac\u00eda mucho tiempo o no lo estuvieron nunca porque son material que voy recopilando como un chiflado.<\/p>\n\n\n\n<blockquote class=\"wp-block-quote is-layout-flow wp-block-quote-is-layout-flow\">\n<p class=\"has-text-align-center wp-block-paragraph\"><em>&#8220;El tango nos da un momento \u00edntimo de placer y belleza, pero no cura&#8221;<\/em><\/p>\n<\/blockquote>\n\n\n\n<p class=\"wp-block-paragraph\"><strong>\u00bfY qu\u00e9 encontraste en esa b\u00fasqueda y hallazgo?<\/strong><\/p>\n\n\n\n<p class=\"wp-block-paragraph\">Hay una versi\u00f3n de &#8220;Los boliches&#8221; que grab\u00f3 en vivo Gustavo Nocetti con la guitarra de Mario N\u00fa\u00f1ez, lo mismo que &#8220;Esquina gris al sur&#8221; cantada por Adriana Lapalma. Esas tomas se hicieron de un espect\u00e1culo que hac\u00edan juntos. Por magia de Marcelo Tr\u00edas -investigador y m\u00fasico- llegaron a mis manos. Despu\u00e9s, hay dos grabaciones de temas cantados por An\u00edbal Oberl\u00edn que tambi\u00e9n era un gran cantante y nunca m\u00e1s se editaron sus discos. Y creo que el broche de oro es un estreno, &#8220;Otra luna y otro abril&#8221;, un tango de Hugo Di Yorio, que le escuch\u00e9 cantar a Gabriela Morgare hace m\u00e1s de diez a\u00f1os acompa\u00f1ada por Horacio Di Yorio en piano, el hijo de Hugo. Ese tango me encant\u00f3 y siempre la anduve persiguiendo a Gabriela para que me cantara de a pedacitos. Cuando sali\u00f3 la posibilidad de hacer este libro les propuse grabarlo y les encant\u00f3 la idea. El CD ya es medio obsoleto dicen. Pero a m\u00ed me gusta. Igual va a estar en plataformas.<\/p>\n\n\n\n<p class=\"wp-block-paragraph\"><strong>\u00bfQu\u00e9 forma de sutura busca el tango para \u201cla herida abierta del mundo\u201d?<\/strong><\/p>\n\n\n\n<p class=\"wp-block-paragraph\">Me parece que ninguna. Creo que el tango es ese trago de po\u00e9tico, hermoso, venenoso whisky que se toma un malevo para aguantar el dolor de una herida, para ahogar un amor roto. <strong>No se puede curar nada con una m\u00fasica que es poes\u00eda pura<\/strong>. La poes\u00eda pura es da\u00f1ina, es malsana. Es lo m\u00e1s hermoso del mundo. Pero no sana nada. Nos da un momento \u00edntimo de placer y belleza, pero no cura. Me parece bien que no cure porque en algo tenemos que conservar el riesgo en esta sociedad de asepsia. El tango todav\u00eda deber\u00eda ser algo para matar o morir. Aunque no sea m\u00e1s que un dolor magistral, pero que conserve su m\u00edstica de cuchillo. Lo hermoso es de temer.<\/p>\n","protected":false},"excerpt":{"rendered":"<p>El escritor uruguayo tiene nuevo libro. Esta vez se trata de &#8220;La otra orilla, antolog\u00eda comentada de la l\u00edrica del tango uruguayo (1927-2020)&#8221;, un estudio para conocer la visi\u00f3n de mundo que ofrece el g\u00e9nero desde su costado oriental.<\/p>\n","protected":false},"author":2,"featured_media":4794,"comment_status":"open","ping_status":"open","sticky":false,"template":"","format":"standard","meta":{"footnotes":""},"categories":[7],"tags":[75,142,72,108,143],"class_list":["post-4793","post","type-post","status-publish","format-standard","has-post-thumbnail","hentry","category-noticias","tag-doble-a","tag-jose-arenas","tag-libros","tag-maxi-senkiw","tag-tango-uruguayo"],"yoast_head":"<!-- This site is optimized with the Yoast SEO plugin v28.4 - https:\/\/yoast.com\/product\/yoast-seo-wordpress\/ -->\n<title>Jos\u00e9 Arenas: \u201cEl tango deber\u00eda ser algo para matar o morir\u201d &#187; Fractura Expuesta | Tango!<\/title>\n<meta name=\"description\" content=\"El escritor uruguayo tiene nuevo libro. Esta vez se trata de &quot;La otra orilla, antolog\u00eda comentada de la l\u00edrica del tango uruguayo (1927-2020)&quot;, un estudio para conocer la visi\u00f3n de mundo que ofrece el g\u00e9nero desde su costado oriental.\" \/>\n<meta name=\"robots\" content=\"index, follow, max-snippet:-1, max-image-preview:large, max-video-preview:-1\" \/>\n<link rel=\"canonical\" href=\"https:\/\/www.fracturaexpuesta.com.ar\/gotan\/jose-arenas-el-tango-deberia-ser-algo-para-matar-o-morir\/\" \/>\n<meta property=\"og:locale\" content=\"es_ES\" \/>\n<meta property=\"og:type\" content=\"article\" \/>\n<meta property=\"og:title\" content=\"Jos\u00e9 Arenas: \u201cEl tango deber\u00eda ser algo para matar o morir\u201d\" \/>\n<meta property=\"og:description\" content=\"El escritor uruguayo tiene nuevo libro. Esta vez se trata de &quot;La otra orilla, antolog\u00eda comentada de la l\u00edrica del tango uruguayo (1927-2020)&quot;, un estudio para conocer la visi\u00f3n de mundo que ofrece el g\u00e9nero desde su costado oriental.\" \/>\n<meta property=\"og:url\" content=\"https:\/\/www.fracturaexpuesta.com.ar\/gotan\/jose-arenas-el-tango-deberia-ser-algo-para-matar-o-morir\/\" \/>\n<meta property=\"og:site_name\" content=\"Fractura Expuesta | Tango!\" \/>\n<meta property=\"article:published_time\" content=\"2025-05-19T20:55:27+00:00\" \/>\n<meta property=\"article:modified_time\" content=\"2026-01-20T19:36:39+00:00\" \/>\n<meta property=\"og:image\" content=\"https:\/\/www.fracturaexpuesta.com.ar\/gotan\/wp-content\/uploads\/2025\/05\/jose-arenas.jpg\" \/>\n\t<meta property=\"og:image:width\" content=\"950\" \/>\n\t<meta property=\"og:image:height\" content=\"700\" \/>\n\t<meta property=\"og:image:type\" content=\"image\/jpeg\" \/>\n<meta name=\"author\" content=\"Maxi Senkiw\" \/>\n<meta name=\"twitter:card\" content=\"summary_large_image\" \/>\n<meta name=\"twitter:title\" content=\"Jos\u00e9 Arenas: \u201cEl tango deber\u00eda ser algo para matar o morir\u201d\" \/>\n<meta name=\"twitter:description\" content=\"El escritor uruguayo tiene nuevo libro. Esta vez se trata de &quot;La otra orilla, antolog\u00eda comentada de la l\u00edrica del tango uruguayo (1927-2020)&quot;, un estudio para conocer la visi\u00f3n de mundo que ofrece el g\u00e9nero desde su costado oriental.\" \/>\n<meta name=\"twitter:image\" content=\"https:\/\/www.fracturaexpuesta.com.ar\/gotan\/wp-content\/uploads\/2025\/05\/jose-arenas.jpg\" \/>\n<meta name=\"twitter:label1\" content=\"Escrito por\" \/>\n\t<meta name=\"twitter:data1\" content=\"Maxi Senkiw\" \/>\n\t<meta name=\"twitter:label2\" content=\"Tiempo de lectura\" \/>\n\t<meta name=\"twitter:data2\" content=\"9 minutos\" \/>\n<script type=\"application\/ld+json\" class=\"yoast-schema-graph\">{\"@context\":\"https:\\\/\\\/schema.org\",\"@graph\":[{\"@type\":\"Article\",\"@id\":\"https:\\\/\\\/www.fracturaexpuesta.com.ar\\\/gotan\\\/jose-arenas-el-tango-deberia-ser-algo-para-matar-o-morir\\\/#article\",\"isPartOf\":{\"@id\":\"https:\\\/\\\/www.fracturaexpuesta.com.ar\\\/gotan\\\/jose-arenas-el-tango-deberia-ser-algo-para-matar-o-morir\\\/\"},\"author\":{\"name\":\"Maxi Senkiw\",\"@id\":\"https:\\\/\\\/www.fracturaexpuesta.com.ar\\\/gotan\\\/#\\\/schema\\\/person\\\/9ec50ad9580155d27a4650c784917b36\"},\"headline\":\"Jos\u00e9 Arenas: \u201cEl tango deber\u00eda ser algo para matar o morir\u201d\",\"datePublished\":\"2025-05-19T20:55:27+00:00\",\"dateModified\":\"2026-01-20T19:36:39+00:00\",\"mainEntityOfPage\":{\"@id\":\"https:\\\/\\\/www.fracturaexpuesta.com.ar\\\/gotan\\\/jose-arenas-el-tango-deberia-ser-algo-para-matar-o-morir\\\/\"},\"wordCount\":1779,\"commentCount\":0,\"publisher\":{\"@id\":\"https:\\\/\\\/www.fracturaexpuesta.com.ar\\\/gotan\\\/#organization\"},\"image\":{\"@id\":\"https:\\\/\\\/www.fracturaexpuesta.com.ar\\\/gotan\\\/jose-arenas-el-tango-deberia-ser-algo-para-matar-o-morir\\\/#primaryimage\"},\"thumbnailUrl\":\"https:\\\/\\\/www.fracturaexpuesta.com.ar\\\/gotan\\\/wp-content\\\/uploads\\\/2025\\\/05\\\/jose-arenas.jpg\",\"keywords\":[\"doble a\",\"jose arenas\",\"libros\",\"maxi senkiw\",\"tango uruguayo\"],\"articleSection\":[\"Noticias\"],\"inLanguage\":\"es-AR\",\"potentialAction\":[{\"@type\":\"CommentAction\",\"name\":\"Comment\",\"target\":[\"https:\\\/\\\/www.fracturaexpuesta.com.ar\\\/gotan\\\/jose-arenas-el-tango-deberia-ser-algo-para-matar-o-morir\\\/#respond\"]}]},{\"@type\":\"WebPage\",\"@id\":\"https:\\\/\\\/www.fracturaexpuesta.com.ar\\\/gotan\\\/jose-arenas-el-tango-deberia-ser-algo-para-matar-o-morir\\\/\",\"url\":\"https:\\\/\\\/www.fracturaexpuesta.com.ar\\\/gotan\\\/jose-arenas-el-tango-deberia-ser-algo-para-matar-o-morir\\\/\",\"name\":\"Jos\u00e9 Arenas: \u201cEl tango deber\u00eda ser algo para matar o morir\u201d &#187; Fractura Expuesta | Tango!\",\"isPartOf\":{\"@id\":\"https:\\\/\\\/www.fracturaexpuesta.com.ar\\\/gotan\\\/#website\"},\"primaryImageOfPage\":{\"@id\":\"https:\\\/\\\/www.fracturaexpuesta.com.ar\\\/gotan\\\/jose-arenas-el-tango-deberia-ser-algo-para-matar-o-morir\\\/#primaryimage\"},\"image\":{\"@id\":\"https:\\\/\\\/www.fracturaexpuesta.com.ar\\\/gotan\\\/jose-arenas-el-tango-deberia-ser-algo-para-matar-o-morir\\\/#primaryimage\"},\"thumbnailUrl\":\"https:\\\/\\\/www.fracturaexpuesta.com.ar\\\/gotan\\\/wp-content\\\/uploads\\\/2025\\\/05\\\/jose-arenas.jpg\",\"datePublished\":\"2025-05-19T20:55:27+00:00\",\"dateModified\":\"2026-01-20T19:36:39+00:00\",\"description\":\"El escritor uruguayo tiene nuevo libro. Esta vez se trata de \\\"La otra orilla, antolog\u00eda comentada de la l\u00edrica del tango uruguayo (1927-2020)\\\", un estudio para conocer la visi\u00f3n de mundo que ofrece el g\u00e9nero desde su costado oriental.\",\"breadcrumb\":{\"@id\":\"https:\\\/\\\/www.fracturaexpuesta.com.ar\\\/gotan\\\/jose-arenas-el-tango-deberia-ser-algo-para-matar-o-morir\\\/#breadcrumb\"},\"inLanguage\":\"es-AR\",\"potentialAction\":[{\"@type\":\"ReadAction\",\"target\":[\"https:\\\/\\\/www.fracturaexpuesta.com.ar\\\/gotan\\\/jose-arenas-el-tango-deberia-ser-algo-para-matar-o-morir\\\/\"]}]},{\"@type\":\"ImageObject\",\"inLanguage\":\"es-AR\",\"@id\":\"https:\\\/\\\/www.fracturaexpuesta.com.ar\\\/gotan\\\/jose-arenas-el-tango-deberia-ser-algo-para-matar-o-morir\\\/#primaryimage\",\"url\":\"https:\\\/\\\/www.fracturaexpuesta.com.ar\\\/gotan\\\/wp-content\\\/uploads\\\/2025\\\/05\\\/jose-arenas.jpg\",\"contentUrl\":\"https:\\\/\\\/www.fracturaexpuesta.com.ar\\\/gotan\\\/wp-content\\\/uploads\\\/2025\\\/05\\\/jose-arenas.jpg\",\"width\":950,\"height\":700,\"caption\":\"Jos\u00e9 Arenas\"},{\"@type\":\"BreadcrumbList\",\"@id\":\"https:\\\/\\\/www.fracturaexpuesta.com.ar\\\/gotan\\\/jose-arenas-el-tango-deberia-ser-algo-para-matar-o-morir\\\/#breadcrumb\",\"itemListElement\":[{\"@type\":\"ListItem\",\"position\":1,\"name\":\"Inicio\",\"item\":\"https:\\\/\\\/www.fracturaexpuesta.com.ar\\\/gotan\\\/\"},{\"@type\":\"ListItem\",\"position\":2,\"name\":\"Jos\u00e9 Arenas: \u201cEl tango deber\u00eda ser algo para matar o morir\u201d\"}]},{\"@type\":\"WebSite\",\"@id\":\"https:\\\/\\\/www.fracturaexpuesta.com.ar\\\/gotan\\\/#website\",\"url\":\"https:\\\/\\\/www.fracturaexpuesta.com.ar\\\/gotan\\\/\",\"name\":\"Fractura Expuesta | Tango!\",\"description\":\"\",\"publisher\":{\"@id\":\"https:\\\/\\\/www.fracturaexpuesta.com.ar\\\/gotan\\\/#organization\"},\"potentialAction\":[{\"@type\":\"SearchAction\",\"target\":{\"@type\":\"EntryPoint\",\"urlTemplate\":\"https:\\\/\\\/www.fracturaexpuesta.com.ar\\\/gotan\\\/?s={search_term_string}\"},\"query-input\":{\"@type\":\"PropertyValueSpecification\",\"valueRequired\":true,\"valueName\":\"search_term_string\"}}],\"inLanguage\":\"es-AR\"},{\"@type\":\"Organization\",\"@id\":\"https:\\\/\\\/www.fracturaexpuesta.com.ar\\\/gotan\\\/#organization\",\"name\":\"Fractura Expuesta | Tango!\",\"url\":\"https:\\\/\\\/www.fracturaexpuesta.com.ar\\\/gotan\\\/\",\"logo\":{\"@type\":\"ImageObject\",\"inLanguage\":\"es-AR\",\"@id\":\"https:\\\/\\\/www.fracturaexpuesta.com.ar\\\/gotan\\\/#\\\/schema\\\/logo\\\/image\\\/\",\"url\":\"https:\\\/\\\/www.fracturaexpuesta.com.ar\\\/gotan\\\/wp-content\\\/uploads\\\/2025\\\/03\\\/avatar2centroOK.jpg\",\"contentUrl\":\"https:\\\/\\\/www.fracturaexpuesta.com.ar\\\/gotan\\\/wp-content\\\/uploads\\\/2025\\\/03\\\/avatar2centroOK.jpg\",\"width\":600,\"height\":600,\"caption\":\"Fractura Expuesta | Tango!\"},\"image\":{\"@id\":\"https:\\\/\\\/www.fracturaexpuesta.com.ar\\\/gotan\\\/#\\\/schema\\\/logo\\\/image\\\/\"}},{\"@type\":\"Person\",\"@id\":\"https:\\\/\\\/www.fracturaexpuesta.com.ar\\\/gotan\\\/#\\\/schema\\\/person\\\/9ec50ad9580155d27a4650c784917b36\",\"name\":\"Maxi Senkiw\",\"image\":{\"@type\":\"ImageObject\",\"inLanguage\":\"es-AR\",\"@id\":\"https:\\\/\\\/secure.gravatar.com\\\/avatar\\\/d0f42944b7767ac85de40a4051e2c133886dc3130ee352f6dcac162b87cce3dd?s=96&d=mm&r=g\",\"url\":\"https:\\\/\\\/secure.gravatar.com\\\/avatar\\\/d0f42944b7767ac85de40a4051e2c133886dc3130ee352f6dcac162b87cce3dd?s=96&d=mm&r=g\",\"contentUrl\":\"https:\\\/\\\/secure.gravatar.com\\\/avatar\\\/d0f42944b7767ac85de40a4051e2c133886dc3130ee352f6dcac162b87cce3dd?s=96&d=mm&r=g\",\"caption\":\"Maxi Senkiw\"},\"description\":\"Coordinador general de Fractura Expuesta. Programador de Doble A (Radio Tango).\",\"sameAs\":[\"http:\\\/\\\/www.fracturaexpuesta.com.ar\"],\"url\":\"https:\\\/\\\/www.fracturaexpuesta.com.ar\\\/gotan\\\/author\\\/maxi-senkiw\\\/\"}]}<\/script>\n<!-- \/ Yoast SEO plugin. -->","yoast_head_json":{"title":"Jos\u00e9 Arenas: \u201cEl tango deber\u00eda ser algo para matar o morir\u201d &#187; Fractura Expuesta | Tango!","description":"El escritor uruguayo tiene nuevo libro. Esta vez se trata de \"La otra orilla, antolog\u00eda comentada de la l\u00edrica del tango uruguayo (1927-2020)\", un estudio para conocer la visi\u00f3n de mundo que ofrece el g\u00e9nero desde su costado oriental.","robots":{"index":"index","follow":"follow","max-snippet":"max-snippet:-1","max-image-preview":"max-image-preview:large","max-video-preview":"max-video-preview:-1"},"canonical":"https:\/\/www.fracturaexpuesta.com.ar\/gotan\/jose-arenas-el-tango-deberia-ser-algo-para-matar-o-morir\/","og_locale":"es_ES","og_type":"article","og_title":"Jos\u00e9 Arenas: \u201cEl tango deber\u00eda ser algo para matar o morir\u201d","og_description":"El escritor uruguayo tiene nuevo libro. Esta vez se trata de \"La otra orilla, antolog\u00eda comentada de la l\u00edrica del tango uruguayo (1927-2020)\", un estudio para conocer la visi\u00f3n de mundo que ofrece el g\u00e9nero desde su costado oriental.","og_url":"https:\/\/www.fracturaexpuesta.com.ar\/gotan\/jose-arenas-el-tango-deberia-ser-algo-para-matar-o-morir\/","og_site_name":"Fractura Expuesta | Tango!","article_published_time":"2025-05-19T20:55:27+00:00","article_modified_time":"2026-01-20T19:36:39+00:00","og_image":[{"width":950,"height":700,"url":"https:\/\/www.fracturaexpuesta.com.ar\/gotan\/wp-content\/uploads\/2025\/05\/jose-arenas.jpg","type":"image\/jpeg"}],"author":"Maxi Senkiw","twitter_card":"summary_large_image","twitter_title":"Jos\u00e9 Arenas: \u201cEl tango deber\u00eda ser algo para matar o morir\u201d","twitter_description":"El escritor uruguayo tiene nuevo libro. Esta vez se trata de \"La otra orilla, antolog\u00eda comentada de la l\u00edrica del tango uruguayo (1927-2020)\", un estudio para conocer la visi\u00f3n de mundo que ofrece el g\u00e9nero desde su costado oriental.","twitter_image":"https:\/\/www.fracturaexpuesta.com.ar\/gotan\/wp-content\/uploads\/2025\/05\/jose-arenas.jpg","twitter_misc":{"Escrito por":"Maxi Senkiw","Tiempo de lectura":"9 minutos"},"schema":{"@context":"https:\/\/schema.org","@graph":[{"@type":"Article","@id":"https:\/\/www.fracturaexpuesta.com.ar\/gotan\/jose-arenas-el-tango-deberia-ser-algo-para-matar-o-morir\/#article","isPartOf":{"@id":"https:\/\/www.fracturaexpuesta.com.ar\/gotan\/jose-arenas-el-tango-deberia-ser-algo-para-matar-o-morir\/"},"author":{"name":"Maxi Senkiw","@id":"https:\/\/www.fracturaexpuesta.com.ar\/gotan\/#\/schema\/person\/9ec50ad9580155d27a4650c784917b36"},"headline":"Jos\u00e9 Arenas: \u201cEl tango deber\u00eda ser algo para matar o morir\u201d","datePublished":"2025-05-19T20:55:27+00:00","dateModified":"2026-01-20T19:36:39+00:00","mainEntityOfPage":{"@id":"https:\/\/www.fracturaexpuesta.com.ar\/gotan\/jose-arenas-el-tango-deberia-ser-algo-para-matar-o-morir\/"},"wordCount":1779,"commentCount":0,"publisher":{"@id":"https:\/\/www.fracturaexpuesta.com.ar\/gotan\/#organization"},"image":{"@id":"https:\/\/www.fracturaexpuesta.com.ar\/gotan\/jose-arenas-el-tango-deberia-ser-algo-para-matar-o-morir\/#primaryimage"},"thumbnailUrl":"https:\/\/www.fracturaexpuesta.com.ar\/gotan\/wp-content\/uploads\/2025\/05\/jose-arenas.jpg","keywords":["doble a","jose arenas","libros","maxi senkiw","tango uruguayo"],"articleSection":["Noticias"],"inLanguage":"es-AR","potentialAction":[{"@type":"CommentAction","name":"Comment","target":["https:\/\/www.fracturaexpuesta.com.ar\/gotan\/jose-arenas-el-tango-deberia-ser-algo-para-matar-o-morir\/#respond"]}]},{"@type":"WebPage","@id":"https:\/\/www.fracturaexpuesta.com.ar\/gotan\/jose-arenas-el-tango-deberia-ser-algo-para-matar-o-morir\/","url":"https:\/\/www.fracturaexpuesta.com.ar\/gotan\/jose-arenas-el-tango-deberia-ser-algo-para-matar-o-morir\/","name":"Jos\u00e9 Arenas: \u201cEl tango deber\u00eda ser algo para matar o morir\u201d &#187; Fractura Expuesta | Tango!","isPartOf":{"@id":"https:\/\/www.fracturaexpuesta.com.ar\/gotan\/#website"},"primaryImageOfPage":{"@id":"https:\/\/www.fracturaexpuesta.com.ar\/gotan\/jose-arenas-el-tango-deberia-ser-algo-para-matar-o-morir\/#primaryimage"},"image":{"@id":"https:\/\/www.fracturaexpuesta.com.ar\/gotan\/jose-arenas-el-tango-deberia-ser-algo-para-matar-o-morir\/#primaryimage"},"thumbnailUrl":"https:\/\/www.fracturaexpuesta.com.ar\/gotan\/wp-content\/uploads\/2025\/05\/jose-arenas.jpg","datePublished":"2025-05-19T20:55:27+00:00","dateModified":"2026-01-20T19:36:39+00:00","description":"El escritor uruguayo tiene nuevo libro. Esta vez se trata de \"La otra orilla, antolog\u00eda comentada de la l\u00edrica del tango uruguayo (1927-2020)\", un estudio para conocer la visi\u00f3n de mundo que ofrece el g\u00e9nero desde su costado oriental.","breadcrumb":{"@id":"https:\/\/www.fracturaexpuesta.com.ar\/gotan\/jose-arenas-el-tango-deberia-ser-algo-para-matar-o-morir\/#breadcrumb"},"inLanguage":"es-AR","potentialAction":[{"@type":"ReadAction","target":["https:\/\/www.fracturaexpuesta.com.ar\/gotan\/jose-arenas-el-tango-deberia-ser-algo-para-matar-o-morir\/"]}]},{"@type":"ImageObject","inLanguage":"es-AR","@id":"https:\/\/www.fracturaexpuesta.com.ar\/gotan\/jose-arenas-el-tango-deberia-ser-algo-para-matar-o-morir\/#primaryimage","url":"https:\/\/www.fracturaexpuesta.com.ar\/gotan\/wp-content\/uploads\/2025\/05\/jose-arenas.jpg","contentUrl":"https:\/\/www.fracturaexpuesta.com.ar\/gotan\/wp-content\/uploads\/2025\/05\/jose-arenas.jpg","width":950,"height":700,"caption":"Jos\u00e9 Arenas"},{"@type":"BreadcrumbList","@id":"https:\/\/www.fracturaexpuesta.com.ar\/gotan\/jose-arenas-el-tango-deberia-ser-algo-para-matar-o-morir\/#breadcrumb","itemListElement":[{"@type":"ListItem","position":1,"name":"Inicio","item":"https:\/\/www.fracturaexpuesta.com.ar\/gotan\/"},{"@type":"ListItem","position":2,"name":"Jos\u00e9 Arenas: \u201cEl tango deber\u00eda ser algo para matar o morir\u201d"}]},{"@type":"WebSite","@id":"https:\/\/www.fracturaexpuesta.com.ar\/gotan\/#website","url":"https:\/\/www.fracturaexpuesta.com.ar\/gotan\/","name":"Fractura Expuesta | Tango!","description":"","publisher":{"@id":"https:\/\/www.fracturaexpuesta.com.ar\/gotan\/#organization"},"potentialAction":[{"@type":"SearchAction","target":{"@type":"EntryPoint","urlTemplate":"https:\/\/www.fracturaexpuesta.com.ar\/gotan\/?s={search_term_string}"},"query-input":{"@type":"PropertyValueSpecification","valueRequired":true,"valueName":"search_term_string"}}],"inLanguage":"es-AR"},{"@type":"Organization","@id":"https:\/\/www.fracturaexpuesta.com.ar\/gotan\/#organization","name":"Fractura Expuesta | Tango!","url":"https:\/\/www.fracturaexpuesta.com.ar\/gotan\/","logo":{"@type":"ImageObject","inLanguage":"es-AR","@id":"https:\/\/www.fracturaexpuesta.com.ar\/gotan\/#\/schema\/logo\/image\/","url":"https:\/\/www.fracturaexpuesta.com.ar\/gotan\/wp-content\/uploads\/2025\/03\/avatar2centroOK.jpg","contentUrl":"https:\/\/www.fracturaexpuesta.com.ar\/gotan\/wp-content\/uploads\/2025\/03\/avatar2centroOK.jpg","width":600,"height":600,"caption":"Fractura Expuesta | Tango!"},"image":{"@id":"https:\/\/www.fracturaexpuesta.com.ar\/gotan\/#\/schema\/logo\/image\/"}},{"@type":"Person","@id":"https:\/\/www.fracturaexpuesta.com.ar\/gotan\/#\/schema\/person\/9ec50ad9580155d27a4650c784917b36","name":"Maxi Senkiw","image":{"@type":"ImageObject","inLanguage":"es-AR","@id":"https:\/\/secure.gravatar.com\/avatar\/d0f42944b7767ac85de40a4051e2c133886dc3130ee352f6dcac162b87cce3dd?s=96&d=mm&r=g","url":"https:\/\/secure.gravatar.com\/avatar\/d0f42944b7767ac85de40a4051e2c133886dc3130ee352f6dcac162b87cce3dd?s=96&d=mm&r=g","contentUrl":"https:\/\/secure.gravatar.com\/avatar\/d0f42944b7767ac85de40a4051e2c133886dc3130ee352f6dcac162b87cce3dd?s=96&d=mm&r=g","caption":"Maxi Senkiw"},"description":"Coordinador general de Fractura Expuesta. Programador de Doble A (Radio Tango).","sameAs":["http:\/\/www.fracturaexpuesta.com.ar"],"url":"https:\/\/www.fracturaexpuesta.com.ar\/gotan\/author\/maxi-senkiw\/"}]}},"_links":{"self":[{"href":"https:\/\/www.fracturaexpuesta.com.ar\/gotan\/wp-json\/wp\/v2\/posts\/4793","targetHints":{"allow":["GET"]}}],"collection":[{"href":"https:\/\/www.fracturaexpuesta.com.ar\/gotan\/wp-json\/wp\/v2\/posts"}],"about":[{"href":"https:\/\/www.fracturaexpuesta.com.ar\/gotan\/wp-json\/wp\/v2\/types\/post"}],"author":[{"embeddable":true,"href":"https:\/\/www.fracturaexpuesta.com.ar\/gotan\/wp-json\/wp\/v2\/users\/2"}],"replies":[{"embeddable":true,"href":"https:\/\/www.fracturaexpuesta.com.ar\/gotan\/wp-json\/wp\/v2\/comments?post=4793"}],"version-history":[{"count":18,"href":"https:\/\/www.fracturaexpuesta.com.ar\/gotan\/wp-json\/wp\/v2\/posts\/4793\/revisions"}],"predecessor-version":[{"id":4818,"href":"https:\/\/www.fracturaexpuesta.com.ar\/gotan\/wp-json\/wp\/v2\/posts\/4793\/revisions\/4818"}],"wp:featuredmedia":[{"embeddable":true,"href":"https:\/\/www.fracturaexpuesta.com.ar\/gotan\/wp-json\/wp\/v2\/media\/4794"}],"wp:attachment":[{"href":"https:\/\/www.fracturaexpuesta.com.ar\/gotan\/wp-json\/wp\/v2\/media?parent=4793"}],"wp:term":[{"taxonomy":"category","embeddable":true,"href":"https:\/\/www.fracturaexpuesta.com.ar\/gotan\/wp-json\/wp\/v2\/categories?post=4793"},{"taxonomy":"post_tag","embeddable":true,"href":"https:\/\/www.fracturaexpuesta.com.ar\/gotan\/wp-json\/wp\/v2\/tags?post=4793"}],"curies":[{"name":"wp","href":"https:\/\/api.w.org\/{rel}","templated":true}]}}