{"id":4930,"date":"2025-06-18T21:59:37","date_gmt":"2025-06-19T00:59:37","guid":{"rendered":"https:\/\/www.fracturaexpuesta.com.ar\/gotan\/?p=4930"},"modified":"2025-06-22T10:45:08","modified_gmt":"2025-06-22T13:45:08","slug":"los-ganadores-en-los-rubros-de-tango-de-los-premios-gardel-2025","status":"publish","type":"post","link":"https:\/\/www.fracturaexpuesta.com.ar\/gotan\/los-ganadores-en-los-rubros-de-tango-de-los-premios-gardel-2025\/","title":{"rendered":"Los ganadores en los rubros de tango de los Premios Gardel 2025"},"content":{"rendered":"\n<p class=\"wp-block-paragraph\">La edici\u00f3n 2025 de los Premios Gardel consagr\u00f3 finalmente a los <strong>artistas de tango<\/strong> que obtuvieron la estatuilla impulsada por la industria discogr\u00e1fica argentina.<\/p>\n\n\n\n<p class=\"wp-block-paragraph\">En una ceremonia realizada en el Teatro Coliseo, el tango tuvo su espacio a trav\u00e9s de tres categor\u00edas: \u201cMejor \u00c1lbum Artista de Tango\u201d, \u201cMejor \u00c1lbum Orquesta Y\/o Grupo De Tango Y\/o Instrumental\u201d y \u201cMejor Canci\u00f3n de Tango\u201d.<\/p>\n\n\n\n<p class=\"wp-block-paragraph\">En el rubro <strong>Mejor \u00c1lbum Artista de Tango <\/strong>el ganador fue el cantautor <strong>Ariel Prat<\/strong> por su disco <em>Pratanguero: 3\u00ba Esquina, la que se alumbra<\/em>.<\/p>\n\n\n\n<p class=\"wp-block-paragraph\">Como <strong>Mejor \u00c1lbum Orquesta Y\/o Grupo De Tango Y\/o Instrumental<\/strong>, el reconocimiento fue para <em>Costero Criollo<\/em>, de la pianista <strong>Noelia Sinkunas <\/strong>y la bandoneonista <strong>Milagros Caliva<\/strong>.<\/p>\n\n\n\n<p class=\"wp-block-paragraph\">Finalmente, en <strong>Mejor Canci\u00f3n de Tango<\/strong> el premio fue para \u201cTormenta\u201d, tema que forma parte del disco <em>La Noche<\/em>, de <strong>Lidia Borda y Daniel Godfrid<\/strong>.<\/p>\n\n\n\n<p class=\"wp-block-paragraph\">\u201cSomos m\u00fasicos independientes, todo cuesta un mont\u00f3n y, en este contexto del pa\u00eds, todav\u00eda mucho m\u00e1s\u201d, manifest\u00f3 Borda al recibir su premio Gardel \u2013el \u00fanico de tango entregado en la ceremonia principal- junto al pianista Daniel Godfrid.<\/p>\n\n\n\n<p class=\"wp-block-paragraph\">\u201cSiento que hay algo de injusticia en el mundo entero y tambi\u00e9n entre nosotros\u201d, expres\u00f3 Borda al remarcar la cosmovisi\u00f3n de Disc\u00e9polo, autor de la obra premiada.<\/p>\n\n\n\n<p class=\"wp-block-paragraph\">La entrega general tuvo adem\u00e1s un n\u00famero especial que <strong>Ariel Ardit y Carolina Minella<\/strong> ofrecieron en ocasi\u00f3n de los 90 a\u00f1os del fallecimiento de Carlos Gardel.<\/p>\n","protected":false},"excerpt":{"rendered":"<p>El tango en los premios de la m\u00fasica argentina.<\/p>\n","protected":false},"author":1,"featured_media":4931,"comment_status":"open","ping_status":"open","sticky":false,"template":"","format":"standard","meta":{"footnotes":""},"categories":[7],"tags":[175,151,176,115,103,161],"class_list":["post-4930","post","type-post","status-publish","format-standard","has-post-thumbnail","hentry","category-noticias","tag-ariel-prat","tag-lidia-borda","tag-milagros-caliva","tag-noelia-sinkunas","tag-premios","tag-premios-gardel"],"yoast_head":"<!-- This site is optimized with the Yoast SEO plugin v28.4 - https:\/\/yoast.com\/product\/yoast-seo-wordpress\/ -->\n<title>Los ganadores en los rubros de tango de los Premios Gardel 2025 &#187; Fractura Expuesta | Tango!<\/title>\n<meta name=\"description\" content=\"El tango en los premios de la m\u00fasica argentina.\" \/>\n<meta name=\"robots\" content=\"index, follow, max-snippet:-1, max-image-preview:large, max-video-preview:-1\" \/>\n<link rel=\"canonical\" href=\"https:\/\/www.fracturaexpuesta.com.ar\/gotan\/los-ganadores-en-los-rubros-de-tango-de-los-premios-gardel-2025\/\" \/>\n<meta property=\"og:locale\" content=\"es_ES\" \/>\n<meta property=\"og:type\" content=\"article\" \/>\n<meta property=\"og:title\" content=\"Los ganadores en los rubros de tango de los Premios Gardel 2025\" \/>\n<meta property=\"og:description\" content=\"El tango en los premios de la m\u00fasica argentina.\" \/>\n<meta property=\"og:url\" content=\"https:\/\/www.fracturaexpuesta.com.ar\/gotan\/los-ganadores-en-los-rubros-de-tango-de-los-premios-gardel-2025\/\" \/>\n<meta property=\"og:site_name\" content=\"Fractura Expuesta | Tango!\" \/>\n<meta property=\"article:author\" content=\"https:\/\/www.facebook.com\/fracturaexpuestaok\" \/>\n<meta property=\"article:published_time\" content=\"2025-06-19T00:59:37+00:00\" \/>\n<meta property=\"article:modified_time\" content=\"2025-06-22T13:45:08+00:00\" \/>\n<meta property=\"og:image\" content=\"https:\/\/www.fracturaexpuesta.com.ar\/gotan\/wp-content\/uploads\/2025\/06\/premios-gardel-2025-tango.jpg\" \/>\n\t<meta property=\"og:image:width\" content=\"950\" \/>\n\t<meta property=\"og:image:height\" content=\"700\" \/>\n\t<meta property=\"og:image:type\" content=\"image\/jpeg\" \/>\n<meta name=\"author\" content=\"Fractura Expuesta\" \/>\n<meta name=\"twitter:card\" content=\"summary_large_image\" \/>\n<meta name=\"twitter:title\" content=\"Los ganadores en los rubros de tango de los Premios Gardel 2025\" \/>\n<meta name=\"twitter:description\" content=\"El tango en los premios de la m\u00fasica argentina.\" \/>\n<meta name=\"twitter:image\" content=\"https:\/\/www.fracturaexpuesta.com.ar\/gotan\/wp-content\/uploads\/2025\/06\/premios-gardel-2025-tango.jpg\" \/>\n<meta name=\"twitter:creator\" content=\"@https:\/\/x.com\/fracturatango\" \/>\n<meta name=\"twitter:label1\" content=\"Escrito por\" \/>\n\t<meta name=\"twitter:data1\" content=\"Fractura Expuesta\" \/>\n\t<meta name=\"twitter:label2\" content=\"Tiempo de lectura\" \/>\n\t<meta name=\"twitter:data2\" content=\"2 minutos\" \/>\n<script type=\"application\/ld+json\" class=\"yoast-schema-graph\">{\"@context\":\"https:\\\/\\\/schema.org\",\"@graph\":[{\"@type\":\"Article\",\"@id\":\"https:\\\/\\\/www.fracturaexpuesta.com.ar\\\/gotan\\\/los-ganadores-en-los-rubros-de-tango-de-los-premios-gardel-2025\\\/#article\",\"isPartOf\":{\"@id\":\"https:\\\/\\\/www.fracturaexpuesta.com.ar\\\/gotan\\\/los-ganadores-en-los-rubros-de-tango-de-los-premios-gardel-2025\\\/\"},\"author\":{\"name\":\"Fractura Expuesta\",\"@id\":\"https:\\\/\\\/www.fracturaexpuesta.com.ar\\\/gotan\\\/#\\\/schema\\\/person\\\/d8266939f778485b13ad2174aa9e199e\"},\"headline\":\"Los ganadores en los rubros de tango de los Premios Gardel 2025\",\"datePublished\":\"2025-06-19T00:59:37+00:00\",\"dateModified\":\"2025-06-22T13:45:08+00:00\",\"mainEntityOfPage\":{\"@id\":\"https:\\\/\\\/www.fracturaexpuesta.com.ar\\\/gotan\\\/los-ganadores-en-los-rubros-de-tango-de-los-premios-gardel-2025\\\/\"},\"wordCount\":257,\"commentCount\":0,\"publisher\":{\"@id\":\"https:\\\/\\\/www.fracturaexpuesta.com.ar\\\/gotan\\\/#organization\"},\"image\":{\"@id\":\"https:\\\/\\\/www.fracturaexpuesta.com.ar\\\/gotan\\\/los-ganadores-en-los-rubros-de-tango-de-los-premios-gardel-2025\\\/#primaryimage\"},\"thumbnailUrl\":\"https:\\\/\\\/www.fracturaexpuesta.com.ar\\\/gotan\\\/wp-content\\\/uploads\\\/2025\\\/06\\\/premios-gardel-2025-tango.jpg\",\"keywords\":[\"ariel prat\",\"lidia borda\",\"milagros caliva\",\"noelia sinkunas\",\"premios\",\"premios gardel\"],\"articleSection\":[\"Noticias\"],\"inLanguage\":\"es-AR\",\"potentialAction\":[{\"@type\":\"CommentAction\",\"name\":\"Comment\",\"target\":[\"https:\\\/\\\/www.fracturaexpuesta.com.ar\\\/gotan\\\/los-ganadores-en-los-rubros-de-tango-de-los-premios-gardel-2025\\\/#respond\"]}]},{\"@type\":\"WebPage\",\"@id\":\"https:\\\/\\\/www.fracturaexpuesta.com.ar\\\/gotan\\\/los-ganadores-en-los-rubros-de-tango-de-los-premios-gardel-2025\\\/\",\"url\":\"https:\\\/\\\/www.fracturaexpuesta.com.ar\\\/gotan\\\/los-ganadores-en-los-rubros-de-tango-de-los-premios-gardel-2025\\\/\",\"name\":\"Los ganadores en los rubros de tango de los Premios Gardel 2025 &#187; Fractura Expuesta | Tango!\",\"isPartOf\":{\"@id\":\"https:\\\/\\\/www.fracturaexpuesta.com.ar\\\/gotan\\\/#website\"},\"primaryImageOfPage\":{\"@id\":\"https:\\\/\\\/www.fracturaexpuesta.com.ar\\\/gotan\\\/los-ganadores-en-los-rubros-de-tango-de-los-premios-gardel-2025\\\/#primaryimage\"},\"image\":{\"@id\":\"https:\\\/\\\/www.fracturaexpuesta.com.ar\\\/gotan\\\/los-ganadores-en-los-rubros-de-tango-de-los-premios-gardel-2025\\\/#primaryimage\"},\"thumbnailUrl\":\"https:\\\/\\\/www.fracturaexpuesta.com.ar\\\/gotan\\\/wp-content\\\/uploads\\\/2025\\\/06\\\/premios-gardel-2025-tango.jpg\",\"datePublished\":\"2025-06-19T00:59:37+00:00\",\"dateModified\":\"2025-06-22T13:45:08+00:00\",\"description\":\"El tango en los premios de la m\u00fasica argentina.\",\"breadcrumb\":{\"@id\":\"https:\\\/\\\/www.fracturaexpuesta.com.ar\\\/gotan\\\/los-ganadores-en-los-rubros-de-tango-de-los-premios-gardel-2025\\\/#breadcrumb\"},\"inLanguage\":\"es-AR\",\"potentialAction\":[{\"@type\":\"ReadAction\",\"target\":[\"https:\\\/\\\/www.fracturaexpuesta.com.ar\\\/gotan\\\/los-ganadores-en-los-rubros-de-tango-de-los-premios-gardel-2025\\\/\"]}]},{\"@type\":\"ImageObject\",\"inLanguage\":\"es-AR\",\"@id\":\"https:\\\/\\\/www.fracturaexpuesta.com.ar\\\/gotan\\\/los-ganadores-en-los-rubros-de-tango-de-los-premios-gardel-2025\\\/#primaryimage\",\"url\":\"https:\\\/\\\/www.fracturaexpuesta.com.ar\\\/gotan\\\/wp-content\\\/uploads\\\/2025\\\/06\\\/premios-gardel-2025-tango.jpg\",\"contentUrl\":\"https:\\\/\\\/www.fracturaexpuesta.com.ar\\\/gotan\\\/wp-content\\\/uploads\\\/2025\\\/06\\\/premios-gardel-2025-tango.jpg\",\"width\":950,\"height\":700},{\"@type\":\"BreadcrumbList\",\"@id\":\"https:\\\/\\\/www.fracturaexpuesta.com.ar\\\/gotan\\\/los-ganadores-en-los-rubros-de-tango-de-los-premios-gardel-2025\\\/#breadcrumb\",\"itemListElement\":[{\"@type\":\"ListItem\",\"position\":1,\"name\":\"Inicio\",\"item\":\"https:\\\/\\\/www.fracturaexpuesta.com.ar\\\/gotan\\\/\"},{\"@type\":\"ListItem\",\"position\":2,\"name\":\"Los ganadores en los rubros de tango de los Premios Gardel 2025\"}]},{\"@type\":\"WebSite\",\"@id\":\"https:\\\/\\\/www.fracturaexpuesta.com.ar\\\/gotan\\\/#website\",\"url\":\"https:\\\/\\\/www.fracturaexpuesta.com.ar\\\/gotan\\\/\",\"name\":\"Fractura Expuesta | Tango!\",\"description\":\"\",\"publisher\":{\"@id\":\"https:\\\/\\\/www.fracturaexpuesta.com.ar\\\/gotan\\\/#organization\"},\"potentialAction\":[{\"@type\":\"SearchAction\",\"target\":{\"@type\":\"EntryPoint\",\"urlTemplate\":\"https:\\\/\\\/www.fracturaexpuesta.com.ar\\\/gotan\\\/?s={search_term_string}\"},\"query-input\":{\"@type\":\"PropertyValueSpecification\",\"valueRequired\":true,\"valueName\":\"search_term_string\"}}],\"inLanguage\":\"es-AR\"},{\"@type\":\"Organization\",\"@id\":\"https:\\\/\\\/www.fracturaexpuesta.com.ar\\\/gotan\\\/#organization\",\"name\":\"Fractura Expuesta | Tango!\",\"url\":\"https:\\\/\\\/www.fracturaexpuesta.com.ar\\\/gotan\\\/\",\"logo\":{\"@type\":\"ImageObject\",\"inLanguage\":\"es-AR\",\"@id\":\"https:\\\/\\\/www.fracturaexpuesta.com.ar\\\/gotan\\\/#\\\/schema\\\/logo\\\/image\\\/\",\"url\":\"https:\\\/\\\/www.fracturaexpuesta.com.ar\\\/gotan\\\/wp-content\\\/uploads\\\/2025\\\/03\\\/avatar2centroOK.jpg\",\"contentUrl\":\"https:\\\/\\\/www.fracturaexpuesta.com.ar\\\/gotan\\\/wp-content\\\/uploads\\\/2025\\\/03\\\/avatar2centroOK.jpg\",\"width\":600,\"height\":600,\"caption\":\"Fractura Expuesta | Tango!\"},\"image\":{\"@id\":\"https:\\\/\\\/www.fracturaexpuesta.com.ar\\\/gotan\\\/#\\\/schema\\\/logo\\\/image\\\/\"}},{\"@type\":\"Person\",\"@id\":\"https:\\\/\\\/www.fracturaexpuesta.com.ar\\\/gotan\\\/#\\\/schema\\\/person\\\/d8266939f778485b13ad2174aa9e199e\",\"name\":\"Fractura Expuesta\",\"image\":{\"@type\":\"ImageObject\",\"inLanguage\":\"es-AR\",\"@id\":\"https:\\\/\\\/secure.gravatar.com\\\/avatar\\\/c4bad1eb9f93dd4a42df3aa8b8e8b882ff893fcea188ee15488a845db442d7ec?s=96&d=mm&r=g\",\"url\":\"https:\\\/\\\/secure.gravatar.com\\\/avatar\\\/c4bad1eb9f93dd4a42df3aa8b8e8b882ff893fcea188ee15488a845db442d7ec?s=96&d=mm&r=g\",\"contentUrl\":\"https:\\\/\\\/secure.gravatar.com\\\/avatar\\\/c4bad1eb9f93dd4a42df3aa8b8e8b882ff893fcea188ee15488a845db442d7ec?s=96&d=mm&r=g\",\"caption\":\"Fractura Expuesta\"},\"description\":\"Sitio de tango y noticias culturales. Desde 2003, el espacio referente del tango de estos tiempos.\",\"sameAs\":[\"https:\\\/\\\/www.fracturaexpuesta.com.ar\",\"https:\\\/\\\/www.facebook.com\\\/fracturaexpuestaok\",\"https:\\\/\\\/www.instagram.com\\\/fracturaexpuesta\",\"https:\\\/\\\/x.com\\\/https:\\\/\\\/x.com\\\/fracturatango\",\"https:\\\/\\\/www.youtube.com\\\/channel\\\/UCojA8Q0QDpnncOL8sfTHOHg\"],\"url\":\"https:\\\/\\\/www.fracturaexpuesta.com.ar\\\/gotan\\\/author\\\/fractura-expuesta\\\/\"}]}<\/script>\n<!-- \/ Yoast SEO plugin. -->","yoast_head_json":{"title":"Los ganadores en los rubros de tango de los Premios Gardel 2025 &#187; Fractura Expuesta | Tango!","description":"El tango en los premios de la m\u00fasica argentina.","robots":{"index":"index","follow":"follow","max-snippet":"max-snippet:-1","max-image-preview":"max-image-preview:large","max-video-preview":"max-video-preview:-1"},"canonical":"https:\/\/www.fracturaexpuesta.com.ar\/gotan\/los-ganadores-en-los-rubros-de-tango-de-los-premios-gardel-2025\/","og_locale":"es_ES","og_type":"article","og_title":"Los ganadores en los rubros de tango de los Premios Gardel 2025","og_description":"El tango en los premios de la m\u00fasica argentina.","og_url":"https:\/\/www.fracturaexpuesta.com.ar\/gotan\/los-ganadores-en-los-rubros-de-tango-de-los-premios-gardel-2025\/","og_site_name":"Fractura Expuesta | Tango!","article_author":"https:\/\/www.facebook.com\/fracturaexpuestaok","article_published_time":"2025-06-19T00:59:37+00:00","article_modified_time":"2025-06-22T13:45:08+00:00","og_image":[{"width":950,"height":700,"url":"https:\/\/www.fracturaexpuesta.com.ar\/gotan\/wp-content\/uploads\/2025\/06\/premios-gardel-2025-tango.jpg","type":"image\/jpeg"}],"author":"Fractura Expuesta","twitter_card":"summary_large_image","twitter_title":"Los ganadores en los rubros de tango de los Premios Gardel 2025","twitter_description":"El tango en los premios de la m\u00fasica argentina.","twitter_image":"https:\/\/www.fracturaexpuesta.com.ar\/gotan\/wp-content\/uploads\/2025\/06\/premios-gardel-2025-tango.jpg","twitter_creator":"@https:\/\/x.com\/fracturatango","twitter_misc":{"Escrito por":"Fractura Expuesta","Tiempo de lectura":"2 minutos"},"schema":{"@context":"https:\/\/schema.org","@graph":[{"@type":"Article","@id":"https:\/\/www.fracturaexpuesta.com.ar\/gotan\/los-ganadores-en-los-rubros-de-tango-de-los-premios-gardel-2025\/#article","isPartOf":{"@id":"https:\/\/www.fracturaexpuesta.com.ar\/gotan\/los-ganadores-en-los-rubros-de-tango-de-los-premios-gardel-2025\/"},"author":{"name":"Fractura Expuesta","@id":"https:\/\/www.fracturaexpuesta.com.ar\/gotan\/#\/schema\/person\/d8266939f778485b13ad2174aa9e199e"},"headline":"Los ganadores en los rubros de tango de los Premios Gardel 2025","datePublished":"2025-06-19T00:59:37+00:00","dateModified":"2025-06-22T13:45:08+00:00","mainEntityOfPage":{"@id":"https:\/\/www.fracturaexpuesta.com.ar\/gotan\/los-ganadores-en-los-rubros-de-tango-de-los-premios-gardel-2025\/"},"wordCount":257,"commentCount":0,"publisher":{"@id":"https:\/\/www.fracturaexpuesta.com.ar\/gotan\/#organization"},"image":{"@id":"https:\/\/www.fracturaexpuesta.com.ar\/gotan\/los-ganadores-en-los-rubros-de-tango-de-los-premios-gardel-2025\/#primaryimage"},"thumbnailUrl":"https:\/\/www.fracturaexpuesta.com.ar\/gotan\/wp-content\/uploads\/2025\/06\/premios-gardel-2025-tango.jpg","keywords":["ariel prat","lidia borda","milagros caliva","noelia sinkunas","premios","premios gardel"],"articleSection":["Noticias"],"inLanguage":"es-AR","potentialAction":[{"@type":"CommentAction","name":"Comment","target":["https:\/\/www.fracturaexpuesta.com.ar\/gotan\/los-ganadores-en-los-rubros-de-tango-de-los-premios-gardel-2025\/#respond"]}]},{"@type":"WebPage","@id":"https:\/\/www.fracturaexpuesta.com.ar\/gotan\/los-ganadores-en-los-rubros-de-tango-de-los-premios-gardel-2025\/","url":"https:\/\/www.fracturaexpuesta.com.ar\/gotan\/los-ganadores-en-los-rubros-de-tango-de-los-premios-gardel-2025\/","name":"Los ganadores en los rubros de tango de los Premios Gardel 2025 &#187; Fractura Expuesta | Tango!","isPartOf":{"@id":"https:\/\/www.fracturaexpuesta.com.ar\/gotan\/#website"},"primaryImageOfPage":{"@id":"https:\/\/www.fracturaexpuesta.com.ar\/gotan\/los-ganadores-en-los-rubros-de-tango-de-los-premios-gardel-2025\/#primaryimage"},"image":{"@id":"https:\/\/www.fracturaexpuesta.com.ar\/gotan\/los-ganadores-en-los-rubros-de-tango-de-los-premios-gardel-2025\/#primaryimage"},"thumbnailUrl":"https:\/\/www.fracturaexpuesta.com.ar\/gotan\/wp-content\/uploads\/2025\/06\/premios-gardel-2025-tango.jpg","datePublished":"2025-06-19T00:59:37+00:00","dateModified":"2025-06-22T13:45:08+00:00","description":"El tango en los premios de la m\u00fasica argentina.","breadcrumb":{"@id":"https:\/\/www.fracturaexpuesta.com.ar\/gotan\/los-ganadores-en-los-rubros-de-tango-de-los-premios-gardel-2025\/#breadcrumb"},"inLanguage":"es-AR","potentialAction":[{"@type":"ReadAction","target":["https:\/\/www.fracturaexpuesta.com.ar\/gotan\/los-ganadores-en-los-rubros-de-tango-de-los-premios-gardel-2025\/"]}]},{"@type":"ImageObject","inLanguage":"es-AR","@id":"https:\/\/www.fracturaexpuesta.com.ar\/gotan\/los-ganadores-en-los-rubros-de-tango-de-los-premios-gardel-2025\/#primaryimage","url":"https:\/\/www.fracturaexpuesta.com.ar\/gotan\/wp-content\/uploads\/2025\/06\/premios-gardel-2025-tango.jpg","contentUrl":"https:\/\/www.fracturaexpuesta.com.ar\/gotan\/wp-content\/uploads\/2025\/06\/premios-gardel-2025-tango.jpg","width":950,"height":700},{"@type":"BreadcrumbList","@id":"https:\/\/www.fracturaexpuesta.com.ar\/gotan\/los-ganadores-en-los-rubros-de-tango-de-los-premios-gardel-2025\/#breadcrumb","itemListElement":[{"@type":"ListItem","position":1,"name":"Inicio","item":"https:\/\/www.fracturaexpuesta.com.ar\/gotan\/"},{"@type":"ListItem","position":2,"name":"Los ganadores en los rubros de tango de los Premios Gardel 2025"}]},{"@type":"WebSite","@id":"https:\/\/www.fracturaexpuesta.com.ar\/gotan\/#website","url":"https:\/\/www.fracturaexpuesta.com.ar\/gotan\/","name":"Fractura Expuesta | Tango!","description":"","publisher":{"@id":"https:\/\/www.fracturaexpuesta.com.ar\/gotan\/#organization"},"potentialAction":[{"@type":"SearchAction","target":{"@type":"EntryPoint","urlTemplate":"https:\/\/www.fracturaexpuesta.com.ar\/gotan\/?s={search_term_string}"},"query-input":{"@type":"PropertyValueSpecification","valueRequired":true,"valueName":"search_term_string"}}],"inLanguage":"es-AR"},{"@type":"Organization","@id":"https:\/\/www.fracturaexpuesta.com.ar\/gotan\/#organization","name":"Fractura Expuesta | Tango!","url":"https:\/\/www.fracturaexpuesta.com.ar\/gotan\/","logo":{"@type":"ImageObject","inLanguage":"es-AR","@id":"https:\/\/www.fracturaexpuesta.com.ar\/gotan\/#\/schema\/logo\/image\/","url":"https:\/\/www.fracturaexpuesta.com.ar\/gotan\/wp-content\/uploads\/2025\/03\/avatar2centroOK.jpg","contentUrl":"https:\/\/www.fracturaexpuesta.com.ar\/gotan\/wp-content\/uploads\/2025\/03\/avatar2centroOK.jpg","width":600,"height":600,"caption":"Fractura Expuesta | Tango!"},"image":{"@id":"https:\/\/www.fracturaexpuesta.com.ar\/gotan\/#\/schema\/logo\/image\/"}},{"@type":"Person","@id":"https:\/\/www.fracturaexpuesta.com.ar\/gotan\/#\/schema\/person\/d8266939f778485b13ad2174aa9e199e","name":"Fractura Expuesta","image":{"@type":"ImageObject","inLanguage":"es-AR","@id":"https:\/\/secure.gravatar.com\/avatar\/c4bad1eb9f93dd4a42df3aa8b8e8b882ff893fcea188ee15488a845db442d7ec?s=96&d=mm&r=g","url":"https:\/\/secure.gravatar.com\/avatar\/c4bad1eb9f93dd4a42df3aa8b8e8b882ff893fcea188ee15488a845db442d7ec?s=96&d=mm&r=g","contentUrl":"https:\/\/secure.gravatar.com\/avatar\/c4bad1eb9f93dd4a42df3aa8b8e8b882ff893fcea188ee15488a845db442d7ec?s=96&d=mm&r=g","caption":"Fractura Expuesta"},"description":"Sitio de tango y noticias culturales. Desde 2003, el espacio referente del tango de estos tiempos.","sameAs":["https:\/\/www.fracturaexpuesta.com.ar","https:\/\/www.facebook.com\/fracturaexpuestaok","https:\/\/www.instagram.com\/fracturaexpuesta","https:\/\/x.com\/https:\/\/x.com\/fracturatango","https:\/\/www.youtube.com\/channel\/UCojA8Q0QDpnncOL8sfTHOHg"],"url":"https:\/\/www.fracturaexpuesta.com.ar\/gotan\/author\/fractura-expuesta\/"}]}},"_links":{"self":[{"href":"https:\/\/www.fracturaexpuesta.com.ar\/gotan\/wp-json\/wp\/v2\/posts\/4930","targetHints":{"allow":["GET"]}}],"collection":[{"href":"https:\/\/www.fracturaexpuesta.com.ar\/gotan\/wp-json\/wp\/v2\/posts"}],"about":[{"href":"https:\/\/www.fracturaexpuesta.com.ar\/gotan\/wp-json\/wp\/v2\/types\/post"}],"author":[{"embeddable":true,"href":"https:\/\/www.fracturaexpuesta.com.ar\/gotan\/wp-json\/wp\/v2\/users\/1"}],"replies":[{"embeddable":true,"href":"https:\/\/www.fracturaexpuesta.com.ar\/gotan\/wp-json\/wp\/v2\/comments?post=4930"}],"version-history":[{"count":4,"href":"https:\/\/www.fracturaexpuesta.com.ar\/gotan\/wp-json\/wp\/v2\/posts\/4930\/revisions"}],"predecessor-version":[{"id":4936,"href":"https:\/\/www.fracturaexpuesta.com.ar\/gotan\/wp-json\/wp\/v2\/posts\/4930\/revisions\/4936"}],"wp:featuredmedia":[{"embeddable":true,"href":"https:\/\/www.fracturaexpuesta.com.ar\/gotan\/wp-json\/wp\/v2\/media\/4931"}],"wp:attachment":[{"href":"https:\/\/www.fracturaexpuesta.com.ar\/gotan\/wp-json\/wp\/v2\/media?parent=4930"}],"wp:term":[{"taxonomy":"category","embeddable":true,"href":"https:\/\/www.fracturaexpuesta.com.ar\/gotan\/wp-json\/wp\/v2\/categories?post=4930"},{"taxonomy":"post_tag","embeddable":true,"href":"https:\/\/www.fracturaexpuesta.com.ar\/gotan\/wp-json\/wp\/v2\/tags?post=4930"}],"curies":[{"name":"wp","href":"https:\/\/api.w.org\/{rel}","templated":true}]}}