{"id":4939,"date":"2025-06-22T21:52:44","date_gmt":"2025-06-23T00:52:44","guid":{"rendered":"https:\/\/www.fracturaexpuesta.com.ar\/gotan\/?p=4939"},"modified":"2025-06-22T22:11:26","modified_gmt":"2025-06-23T01:11:26","slug":"a-90-anos-de-su-muerte-buenos-aires-celebra-a-gardel-con-una-semana-de-multiples-actividades","status":"publish","type":"post","link":"https:\/\/www.fracturaexpuesta.com.ar\/gotan\/a-90-anos-de-su-muerte-buenos-aires-celebra-a-gardel-con-una-semana-de-multiples-actividades\/","title":{"rendered":"A 90 a\u00f1os de su muerte, Buenos Aires celebra a Gardel con una semana de m\u00faltiples actividades"},"content":{"rendered":"\n<p class=\"wp-block-paragraph\">En la Ciudad de Buenos Aires comienza una semana que tendr\u00e1 a Carlos Gardel como epicentro de numerosas actividades en ocasi\u00f3n de cumplirse, este 24 de junio,<strong> 90 a\u00f1os del tr\u00e1gico fallecimiento<\/strong> de una figura inigualable de la cultura argentina.<\/p>\n\n\n\n<p class=\"wp-block-paragraph\">Diversos espacios culturales ofrecer\u00e1n una variada gama de propuestas que incluyen conciertos, pel\u00edculas, charlas, exposiciones, milongas y visitas guiadas para una semana dedicada exclusivamente al &#8220;Zorzal&#8221;.<\/p>\n\n\n\n<h2 class=\"wp-block-heading\">La programaci\u00f3n completa<\/h2>\n\n\n\n<p class=\"wp-block-paragraph\">\u25aa\ufe0f <strong>CENTRO CULTURAL 25 DE MAYO<\/strong>: Av. Triunvirato 4444<br>Info y reserva de entradas en www.cc25.org<\/p>\n\n\n\n<p class=\"wp-block-paragraph\">Proyecci\u00f3n de Cuesta abajo de Louis J. Gasnier<br>Lunes 23\/6 a las 20 h.<\/p>\n\n\n\n<p class=\"wp-block-paragraph\">90 a\u00f1os no es nada: Homenaje a Carlos Gardel<br>En el mismo escenario donde cant\u00f3 Carlos Gardel y en el 90 aniversario de su muerte, Oscar Lajad y la Orquesta de Aeropuertos Argentina le rinden homenaje al Zorzal Criollo record\u00e1ndonos que\u2026 90 a\u00f1os no es nada.<br>Martes 24\/6 a las 20 h.<\/p>\n\n\n\n<p class=\"wp-block-paragraph\">Proyecci\u00f3n de El sonido de antes de Yael Szmulewicz<br>Mi\u00e9rcoles 25\/6 a las 20 h.<\/p>\n\n\n\n<p class=\"wp-block-paragraph\">Orquesta del Tango de Buenos Aires<br>La Orquesta del Tango de Buenos Aires se presenta junto al cantor invitado Guillermo Ferrn\u00e1ndez. Dirigen los maestros N\u00e9stor Marconi y Juan Carlos Cuacci.<br>Viernes 27\/6 a las 20 h.<\/p>\n\n\n\n<p class=\"wp-block-paragraph\">Agrupaci\u00f3n Urquiza Coral<br>La Agrupaci\u00f3n Urquiza Coral dirigida por el Maestro Jorge Aragona recibe a coros invitados.<br>Domingo 29\/6 a las 16 h.<\/p>\n\n\n\n<p class=\"wp-block-paragraph\">Milonga del 25 con la Orquesta del Plata<br>Coordinada por Julio Duplaa. Con la Orquesta del Plata en vivo.<br>Domingo 29\/6 a las 19 h.<\/p>\n\n\n\n<hr class=\"wp-block-separator has-alpha-channel-opacity\"\/>\n\n\n\n<p class=\"wp-block-paragraph\">\u25aa\ufe0f <strong>MUSEO CASA CARLOS GARDEL<\/strong>: Jean Jaures 735<\/p>\n\n\n\n<p class=\"wp-block-paragraph\">Ignacio Corsini, el pr\u00edncipe de la canci\u00f3n porte\u00f1a<br>La muestra repasa la trayectoria de Ignacio Corsini, uno de los cantores m\u00e1s populares de los a\u00f1os veinte, amigo y admirado por Carlos Gardel. Con el valioso aporte de coleccionistas y del archivo personal de su nieta Victoria Corsini, se exhiben fotograf\u00edas, partituras, prensa de \u00e9poca y objetos originales que reconstruyen su legado art\u00edstico. El abordaje curatorial destaca el v\u00ednculo de respeto mutuo y admiraci\u00f3n entre Corsini y Gardel.<\/p>\n\n\n\n<p class=\"wp-block-paragraph\">Actividades especiales:<br>Lunes 23<br>14 h: Visita guiada especial a cargo del equipo del museo<br>17 h: Encuentro de coleccionistas &#8211; Pablo Taboada, Ricardo Stockdale y Juan Cruz Rosas<\/p>\n\n\n\n<p class=\"wp-block-paragraph\">Martes 24<br>Todo el d\u00eda: transmisi\u00f3n en vivo de la radio La 2&#215;4. Conexi\u00f3n de Tango conducido por Paula Sterczek (12 a 15 h), Almac\u00e9n de Tango conducido por Rub\u00e9n Stella (15 a 17 h), Por la vuelta conducido por Luis Formento (17 a 20 h).<br>16 h: Show musical de Guitarras de Sandra Luna y las guitarras de Gardel. Gardel y Le Pera.<br>18 h: Show musical de Hugo Rivas Cuarteto con d\u00fao de cantores.<\/p>\n\n\n\n<p class=\"wp-block-paragraph\">Mi\u00e9rcoles 25<br>14 h: Visita guiada especial a cargo del equipo del museo.<br>18 h: Show musical de Enrique Espinosa canta a Gardel.<\/p>\n\n\n\n<p class=\"wp-block-paragraph\">Jueves 26<br>14 h: Visita guiada especial a cargo del equipo del museo.<br>16 h: Clase de canto con Hern\u00e1n Genovese.<br>18 h: Charla especial sobre Alfredo Le Pera, por Mat\u00edas Mauricio en conmemoraci\u00f3n del 125\u00ba aniversario de su nacimiento y 90\u00ba de su muerte.<\/p>\n\n\n\n<p class=\"wp-block-paragraph\">Viernes 27<br>14 h: Visita guiada especial a cargo del equipo del museo.<br>16:30 y 18 h: Performance teatral Biblia Lunfarda.<\/p>\n\n\n\n<p class=\"wp-block-paragraph\">S\u00e1bado 28<br>14 h: Visita guiada especial a cargo del equipo del museo.<br>16 h: Show de t\u00edteres: Los dos Carlitos. Un encuentro de pel\u00edcula &#8211; Laura Gutman.<\/p>\n\n\n\n<p class=\"wp-block-paragraph\">Domingo 29<br>14 h: Visita guiada especial a cargo del equipo del museo.<\/p>\n\n\n\n<hr class=\"wp-block-separator has-alpha-channel-opacity\"\/>\n\n\n\n<p class=\"wp-block-paragraph\">\u25aa\ufe0f <strong>CHARLAS Y RECORRIDAS<\/strong><\/p>\n\n\n\n<p class=\"wp-block-paragraph\">El morocho del Abasto<br>A cargo de Daniel Vega.<br>Carlos Gardel, el Francesito, el Morocho del Abasto, el Zorzal Criollo, el Mudo, la Voz\u2026 el Tango mismo hecho canci\u00f3n.<br>Martes 24\/6 a las 17 h.<br>Bar El Colonial, Av. Belgrano 599<\/p>\n\n\n\n<p class=\"wp-block-paragraph\">Tango en el Casco Hist\u00f3rico<br>Se recorrer\u00e1n diferentes tanguer\u00edas (por fuera) a lo largo de un circuito que comienza en el epicentro del tango en el Casco Hist\u00f3rico, la calle Balcarce, y concluye en la Av. de Mayo. Hablaremos de la historia de este baile, las distintas etapas por las cuales transit\u00f3, los arquetipos del arrabal porte\u00f1o y el idioma que estos hablaban en los arrabales, los escenarios en los cuales se bailaba y la m\u00fasica.<br>Con inscripci\u00f3n previa. Se suspende por lluvia.<br>Martes 24\/6 a las 10 h.<br>Punto de encuentro: Balcarce y Chile<\/p>\n\n\n\n<p class=\"wp-block-paragraph\">Presencia de Gardel<br>A cargo de Daniel Vega.<br>Esta caminata, de aproximadamente dos horas, propone un viaje por los sitios m\u00e1s emblem\u00e1ticos del Abasto vinculados al Zorzal Criollo para redescubrir los lugares m\u00e1s significativos del barrio ligados a la vida y obra de Gardel.<br>Mi\u00e9rcoles 25 a las 15 h.<br>Punto de encuentro: Ag\u00fcero y Humahuaca<\/p>\n\n\n\n<p class=\"wp-block-paragraph\">Tras los pasos de Gardel<br>A cargo de Horacio Spinetto.<br>Los pasos de Gardel en Buenos Aires desde su llegada a la Ciudad hasta su partida definitiva. Los lugares d\u00f3nde vivi\u00f3, sus escuelas, los bares, los sitios de sus primeras presentaciones, los cines y los teatros donde cant\u00f3.<br>Jueves 26\/6 a las 18 hs.<br>Bar La Poes\u00eda, Chile 502<\/p>\n\n\n\n<hr class=\"wp-block-separator has-alpha-channel-opacity\"\/>\n\n\n\n<p class=\"wp-block-paragraph\">\u25aa\ufe0f <strong>M\u00daSICA EN BARES NOTABLES<\/strong><\/p>\n\n\n\n<p class=\"wp-block-paragraph\">Mica Sancho<br>Due\u00f1a de una voz potente y \u00fanica, lleva consigo una impronta expresiva e intimista que la distingue en cada presentaci\u00f3n.<br>Interpretar\u00e1 los tangos &#8211; canci\u00f3n de Gardel y Le Pera, acompa\u00f1ada en guitarra por Federico Montenegro.<br>Martes 24\/6 a las 20.30 h.<br>Bar La Poes\u00eda, Chile 502<\/p>\n\n\n\n<p class=\"wp-block-paragraph\">Gardel vive en Nosotros<br>Este show \u00edntimo es un abrazo agradecido a la m\u00fasica y la poes\u00eda de Carlos Gardel. Con la interpretaci\u00f3n del cantante Marcelo Balsells acompa\u00f1ado en el piano por Oscar De El\u00eda (compositor, arreglador y director musical) recrear\u00e1n sus canciones que nos hablan de amores y desenga\u00f1os, nostalgia, sue\u00f1os, el arrabal y de su amada Buenos Aires.<br>Mi\u00e9rcoles 25\/6 a las 20 h.<br>Claridge&#8217;s Bar, Tucum\u00e1n 535<\/p>\n\n\n\n<p class=\"wp-block-paragraph\">Daisy Lombardo y Ariel Pirotti<br>Daisy Lombardo reconocida cantante nacida en Paraguay, due\u00f1a de un hermoso color de voz y un muy particular estilo e interpretaci\u00f3n. En esta oportunidad estar\u00e1 acompa\u00f1ada por el pianista, compositor, arreglador y director de orquesta Ariel Pirotti.<br>Jueves 26\/6 a las 21 h.<br>Las Violetas, Av. Rivadavia 3899<\/p>\n\n\n\n<p class=\"wp-block-paragraph\">Mirta \u00c1lvarez y Walter Castro<br>Mirta \u00c1lvarez presenta en este concierto junto a su guitarra solista y su voz un homenaje a la figura de Carlos Gardel. Como artista invitado: Walter Castro en bandone\u00f3n.<br>Viernes 27\/6 a las 20 h.<br>Confiter\u00eda Saint Moritz, Esmeralda 890<\/p>\n\n\n\n<p class=\"wp-block-paragraph\">Marina Ruiz Matta y Florencia Cozzani<br>Admiradora f\u00e9rrea de Gardel, Marina propone un concierto con fuerte impronta personal, homenajeando al cantor y compositor. Florencia Cozzani es la cantante invitada a ponerle voz y poes\u00eda al encuentro.<br>S\u00e1bado 28\/6 a las 21 h.<br>El Gato Negro, Av. Corrientes 1669<\/p>\n\n\n\n<p class=\"wp-block-paragraph\">Cardenal Dom\u00ednguez<br>Cardenal interpretar\u00e1 el repertorio de Gardel y Le Pera, el mismo que con asiduidad ha llevado a lo largo de su carrera a diversos escenarios.<br>S\u00e1bado 28\/6 a las 21 h.<br>La Orqu\u00eddea, Av. Corrientes 4101<\/p>\n\n\n\n<p class=\"wp-block-paragraph\">Abel Roggantini<br>En este homenaje Rogantini versionar\u00e1 en piano con su particular estilo renovador, los tangos &#8211; canci\u00f3n que cantaba el Zorzal Criollo. Artista invitado: Negro Fal\u00f3tico, quien interpreta los tangos- canci\u00f3n repertorio de Gardel y Le Pera.<br>Domingo 29\/6 a las 19h.<br>Bar Imperio | Hotel Savoy, Av. Callao 181<\/p>\n\n\n\n<figure class=\"wp-block-image size-full\"><img loading=\"lazy\" decoding=\"async\" width=\"831\" height=\"960\" src=\"https:\/\/www.fracturaexpuesta.com.ar\/gotan\/wp-content\/uploads\/2025\/06\/481051818_938179845133254_3137222552767599217_n.jpg\" alt=\"\" class=\"wp-image-4952\" srcset=\"https:\/\/www.fracturaexpuesta.com.ar\/gotan\/wp-content\/uploads\/2025\/06\/481051818_938179845133254_3137222552767599217_n.jpg 831w, https:\/\/www.fracturaexpuesta.com.ar\/gotan\/wp-content\/uploads\/2025\/06\/481051818_938179845133254_3137222552767599217_n-260x300.jpg 260w, https:\/\/www.fracturaexpuesta.com.ar\/gotan\/wp-content\/uploads\/2025\/06\/481051818_938179845133254_3137222552767599217_n-768x887.jpg 768w, https:\/\/www.fracturaexpuesta.com.ar\/gotan\/wp-content\/uploads\/2025\/06\/481051818_938179845133254_3137222552767599217_n-60x69.jpg 60w\" sizes=\"auto, (max-width: 831px) 100vw, 831px\" \/><figcaption class=\"wp-element-caption\"><em><mark style=\"background-color:rgba(0, 0, 0, 0)\" class=\"has-inline-color has-cyan-bluish-gray-color\">Gardel falleci\u00f3 el 24 de junio de 1935 en Medell\u00edn (Colombia).<\/mark><\/em><\/figcaption><\/figure>\n\n\n\n<hr class=\"wp-block-separator has-alpha-channel-opacity\"\/>\n\n\n\n<p class=\"wp-block-paragraph\">\u25aa\ufe0f <strong>CASA DEL HISTORIADOR<\/strong>: Bol\u00edvar 466<\/p>\n\n\n\n<p class=\"wp-block-paragraph\">Gardel Dibujado. Historietas e ilustraciones del Zorzal Criollo<br>Desde las primeras apariciones de Carlos Gardel, quien llev\u00f3 al tango a todas las clases sociales y a todo el mundo, fue una irresistible figura de los medios, en todas sus expresiones. As\u00ed la inextinguible sonrisa y la fina estampa result\u00f3 interpretada por decenas de historietistas e ilustradores, a partir de las m\u00edticas p\u00e1ginas de la revista Caras y Caretas. A trav\u00e9s de poco conocidas colecciones p\u00fablicas y privadas, se podr\u00e1 seguir el paso en cuadritos y vi\u00f1etas del popular int\u00e9rprete, a noventa a\u00f1os de su fallecimiento.<br>Inauguraci\u00f3n: Martes 24\/6 a las 16 h.<\/p>\n\n\n\n<p class=\"wp-block-paragraph\">Gardel en las Historietas<br>Luego de la inauguraci\u00f3n, Ana Tur\u00f3n ofrecer\u00e1 la charla \u201cGardel en las Historietas\u201d, en compa\u00f1\u00eda del historietista Jos\u00e9 Massaroli.<br>Martes 24\/6 a las 17 h.<\/p>\n\n\n\n<p class=\"wp-block-paragraph\">Gardel y los barrios<br>El cantor Roberto Minondi recorrer\u00e1 el repertorio de Carlos Gardel cant\u00e1ndole a los barrios de su Buenos Aires querido. Junto a Las guitarras de Gardel creadas por Rodrigo Albornoz y la participaci\u00f3n de Mariano Escobar, interpretar\u00e1n entre otras canciones \u201cMelod\u00eda de arrabal\u201d, \u201cAlmagro\u201d o \u201cBarrio viejo\u201d para homenajear al Zorzal.<br>Actividad con inscripci\u00f3n previa.<br>Jueves 26\/6 a las 18 h.<\/p>\n\n\n\n<hr class=\"wp-block-separator has-alpha-channel-opacity\"\/>\n\n\n\n<p class=\"wp-block-paragraph\">\u25aa\ufe0f <strong>TEATRO SAN MART\u00cdN<\/strong>: Av. Corrientes 1530<\/p>\n\n\n\n<p class=\"wp-block-paragraph\">Orquesta del Tango de Buenos Aires<br>La Orquesta del Tango de Buenos Aires ofrecer\u00e1 un concierto en el Hall Alfredo Alc\u00f3n del Teatro San Mart\u00edn con un repertorio dedicado al cantor.<br>Jueves 26\/6 a las 13 h.<\/p>\n\n\n\n<p class=\"wp-block-paragraph\">Ciclo Cada d\u00eda canta mejor<br>Tres pel\u00edculas de Carlos Gardel en el 90\u00b0 aniversario de su fallecimiento.<br>Del 24 al 26 de junio<\/p>\n\n\n\n<hr class=\"wp-block-separator has-alpha-channel-opacity\"\/>\n\n\n\n<p class=\"wp-block-paragraph\">\u25aa\ufe0f <strong>MUSEO FERN\u00c1NDEZ BLANCO<\/strong>: Suipacha 1422 (Sede Palacio Noel)<\/p>\n\n\n\n<p class=\"wp-block-paragraph\">Concierto \u201cEl Alma aferrada\u201d &#8211; Homenaje a Carlos Gardel<br>El d\u00fao Bernales Cativiela ofrecer\u00e1 un concierto especial evocando el c\u00e9lebre verso del tango Volver.<br>Actividad arancelada.<br>Domingo 29\/6 a las 17 h.<\/p>\n\n\n\n<hr class=\"wp-block-separator has-alpha-channel-opacity\"\/>\n\n\n\n<p class=\"wp-block-paragraph\">\u25aa\ufe0f <strong>MUSEO LARRETA<\/strong>: Av. Juramento 2291<\/p>\n\n\n\n<p class=\"wp-block-paragraph\">Exposici\u00f3n del libro Zogoibi<br>El libro Zogoibi, escrito por Enrique Larreta en 1926, hace referencia a la historia que se narra en el tango \u00a8Refucilos\u00a8, interpretado por Carlos Gardel. En el mismo, Zogoibi se debate entre el amor por Luc\u00eda y la pasi\u00f3n por Zita.<br>Desde el 23\/06 hasta el 1\/08<\/p>\n\n\n\n<hr class=\"wp-block-separator has-alpha-channel-opacity\"\/>\n\n\n\n<p class=\"wp-block-paragraph\">\u25aa\ufe0f <strong>MUSEO DEL CINE<\/strong>: Agust\u00edn R. Caffarena 51<\/p>\n\n\n\n<p class=\"wp-block-paragraph\">Proyecci\u00f3n de As\u00ed cantaba Carlos Gardel de Eduardo Morera<br>Una recopilaci\u00f3n de canciones interpretadas por Carlos Gardel, mostrando su carisma y talento que lo convirtieron en una leyenda del tango.<br>S\u00e1bado 28\/6 a las 15 h.<\/p>\n\n\n\n<p class=\"wp-block-paragraph\">Proyecci\u00f3n de Carlos Gardel, historia de un \u00eddolo de Solly Schroder.<br>Documental en blanco y negro sobre la vida de Carlos Gardel y la construcci\u00f3n del mito, con testimonios y material de archivo.<br>S\u00e1bado 28\/6 a las 16 h.<\/p>\n\n\n\n<p class=\"wp-block-paragraph\">Proyecci\u00f3n de Cuesta abajo de Louis J. Gasnier<br>Carlos Acosta, atado a una esposa coqueta y enamorado de otra muchacha, ve c\u00f3mo el destino elabora una soluci\u00f3n que le permite volver con su verdadero amor tras sendos viajes a Par\u00eds y Nueva York.<br>Domingo 29\/6 a las 16 h.<\/p>\n\n\n\n<p class=\"wp-block-paragraph\">Proyecci\u00f3n de Melod\u00eda de arrabal de Louis J. Gasnier<br>La vida de Roberto transcurre en un bar de suburbio entre canciones y letras. All\u00ed, junto a su socio, como estafador de vidas desprevenidas cae en la mesa. Una noche se cruza en su camino una joven profesora de piano que le oye cantar y le da la oportunidad de hacerlo profesionalmente.<br>Domingo 29\/6 a las 18 h.<\/p>\n\n\n\n<figure class=\"wp-block-embed is-type-video is-provider-youtube wp-block-embed-youtube wp-embed-aspect-16-9 wp-has-aspect-ratio\"><div class=\"wp-block-embed__wrapper\">\n<iframe loading=\"lazy\" title=\"MANO A MANO - CARLOS GARDEL Restauraci\u00f3n realizada por la Fundaci\u00f3n Cinemateca Argentina\" width=\"1170\" height=\"658\" src=\"https:\/\/www.youtube.com\/embed\/7x4j6ydB3Rg?feature=oembed\" frameborder=\"0\" allow=\"accelerometer; autoplay; clipboard-write; encrypted-media; gyroscope; picture-in-picture; web-share\" referrerpolicy=\"strict-origin-when-cross-origin\" allowfullscreen><\/iframe>\n<\/div><\/figure>\n\n\n\n<hr class=\"wp-block-separator has-alpha-channel-opacity\"\/>\n\n\n\n<p class=\"wp-block-paragraph\">\u25aa\ufe0f <strong>MUSEO DE LA CIUDAD<\/strong>: Defensa 187<\/p>\n\n\n\n<p class=\"wp-block-paragraph\">Fecha: 23\/06 al 29\/06 (Lunes, mi\u00e9rcoles, jueves y viernes de 11 a 19 h. S\u00e1bados, domingos y feriados de 11 a 20 h. Martes cerrado.)<\/p>\n\n\n\n<p class=\"wp-block-paragraph\">Agust\u00edn Magaldi. La voz sentimental de Buenos Aires<br>El Museo de la Ciudad se suma a la Semana Gardeliana con una intervenci\u00f3n expositiva dedicada a Agust\u00edn Magaldi, que incluye una cuidada selecci\u00f3n de piezas pertenecientes al acervo del museo. Se exhibir\u00e1n fotograf\u00edas, documentaci\u00f3n y piezas ic\u00f3nicas como la guitarra criolla que perteneci\u00f3 a Magaldi y el disco original con la grabaci\u00f3n del tango-canci\u00f3n \u201cPorque te fuiste hermano\u201d que testimonia la gran admiraci\u00f3n y respeto que sent\u00eda por Carlos Gardel.<\/p>\n\n\n\n<hr class=\"wp-block-separator has-alpha-channel-opacity\"\/>\n\n\n\n<p class=\"wp-block-paragraph\">\u25aa\ufe0f <strong>MUSEO PERLOTTI<\/strong>: Pujol 644<\/p>\n\n\n\n<p class=\"wp-block-paragraph\">En la planta baja del museo se exhibe el original en yeso del Monumento a Carlos Gardel, obra del escultor Mariano Pag\u00e9s.<br>En el primer piso, Sala C\u00e9sar A. Fioravanti, se presenta la instalaci\u00f3n Tango, que incluye los faroles \u201cTango\u201d de Luis Perlotti y una obra del artista Juan Carlos Ferraro.<\/p>\n\n\n\n<p class=\"wp-block-paragraph\">Adem\u00e1s, se llevar\u00e1n a cabo las siguientes actividades:<\/p>\n\n\n\n<p class=\"wp-block-paragraph\">Show de danza, concierto musical y clase abierta de tango<br>A cargo del Prof. Gerardo Bengochea.<br>Danza a cargo del curso vocacional de tango n\u00b026, Escuela de Danzas N\u00b01.<br>Concierto: Cantante Carlos Santoro y en piano Daniel Gustavo Donamar\u00eda.<br>Mi\u00e9rcoles 25\/6 de 15 a 17 h.<\/p>\n\n\n\n<p class=\"wp-block-paragraph\">Show de danza, concierto musical y clase abierta de tango<br>A cargo del Prof. Gerardo Bengochea.<br>Danza a cargo del curso vocacional n\u00b017, Escuela de Danzas N\u00b01.<br>Concierto: Piano Federico Osvaldo Siciliano. Piano y guitarra, Esteban Raffetto y Manuel Alejandro Sosa.<br>Jueves 26\/6 de 16 a 18 h.<\/p>\n\n\n\n<hr class=\"wp-block-separator has-alpha-channel-opacity\"\/>\n\n\n\n<p class=\"wp-block-paragraph\">\u25aa\ufe0f <strong>ESPACIOS CULTURALES<\/strong><\/p>\n\n\n\n<p class=\"wp-block-paragraph\">D\u00fao Cortelezzi C\u00e1seres<br>Interpretar\u00e1 un repertorio \u00edntegramente gardeliano.<br>Mi\u00e9rcoles 25\/6 a las 15 h.<br>Espacio Cultural Carlos Gardel, Olleros 3640<\/p>\n\n\n\n<p class=\"wp-block-paragraph\">Proyecci\u00f3n de Tango Bar<br>Mi\u00e9rcoles 25\/6 a las 16 h.<br>Espacio Cultural Carlos Gardel, Olleros 3640<\/p>\n\n\n\n<p class=\"wp-block-paragraph\">Flores para Gardel<br>Un homenaje con m\u00fasica en vivo.<br>S\u00e1bado 28\/6 a las 18.30 h.<br>Espacio Cultural Marc\u00f3 del Pont, Gral. Jos\u00e9 Gervasio Artigas 202<\/p>\n\n\n\n<p class=\"wp-block-paragraph\">Jornada especial en el Polo Bandone\u00f3n<br>11 h &#8211; Master class sobre las guitarras de Gardel a cargo de Armando de la Vega.<br>11 h &#8211; Ensamble orquestal y charla sobre la importancia de la melod\u00eda gardeliana a cargo de Leonardo Marconi.<br>13.30 h &#8211; Gardel int\u00e9rprete a cargo de Eduardo Pulis.<br>13.30 h &#8211; Gardel para ni\u00f1os, charla did\u00e1ctica a cargo de Amelia Jurado.<br>14 h &#8211; Master class sobre la melod\u00eda de Gardel con viol\u00edn solista, a cargo de Omar Randazzo, Cesar Rago y Rub\u00e9n Jurado.<br>S\u00e1bado 28\/6.<br>Polo Bandone\u00f3n, Av. S\u00e1enz 1480<\/p>\n\n\n\n<p class=\"wp-block-paragraph\">Tang\u00f3dromo gardeliano con la Orquesta Escuela de Tango Emilio Balcarce<br>Presentaci\u00f3n especial dentro del tradicional tang\u00f3dromo dominical con un repertorio en homenaje a Carlos Gardel.<br>Domingo 29\/6 a las 19 h.<br>Espacio Cultural Juli\u00e1n Centeya, Av. San Juan 3255<\/p>\n\n\n\n<p class=\"wp-block-paragraph\">Milonga gardeliana con la Orquesta del Plata<br>Milonga especial con la Orquesta del Plata y una performance de tango a cargo del profesor Pablo Ruiz y su pareja, con repertorio \u00edntegramente gardeliano.<br>Domingo 29\/6 a las 20 h.<br>Espacio Cultural Carlos Gardel, Olleros 3640<\/p>\n\n\n\n<p class=\"wp-block-paragraph\">Presentaci\u00f3n de la Orquesta Escuela de Tango Emilio Balcarce<br>La Orquesta Escuela de Tango Emilio Balcarce se presenta con Leo Fern\u00e1ndez como invitado.<br>Domingo 29\/6 a las 20 h.<br>Espacio Cultural Juli\u00e1n Centeya, Av. San Juan 3255<\/p>\n\n\n\n<hr class=\"wp-block-separator has-alpha-channel-opacity\"\/>\n\n\n\n<p class=\"wp-block-paragraph\">\u25aa\ufe0f <strong>ANFITEATRO PARQUE CENTENARIO<\/strong><\/p>\n\n\n\n<p class=\"wp-block-paragraph\">Tarde Gardeliana<br>Las Guitarras Sensibles de Flores junto a los cantores Jes\u00fas Hidalgo, Lautaro Mazza y Alfredo Pittis, har\u00e1n un repertorio de Gardel.<br>Domingo 29\/6 a las 16 h.<br>Anfiteatro del Parque Centenario, Leopoldo Marechal y Av. Lillo<\/p>\n\n\n\n<hr class=\"wp-block-separator has-alpha-channel-opacity\"\/>\n\n\n\n<p class=\"wp-block-paragraph\">\u25aa\ufe0f <strong>FERIA DE MATADEROS<\/strong>: Av. Lisandro de la Torre y Av. de los Corrales<\/p>\n\n\n\n<p class=\"wp-block-paragraph\">Concierto \u201cCortelezzi C\u00e1seres\u201d<br>De 11 a 18 h \u2013 Escenario principal de la Feria<br>Show con cinco m\u00fasicos en escena y un repertorio \u00edntegramente gardeliano.<\/p>\n","protected":false},"excerpt":{"rendered":"<p>Desde este lunes habr\u00e1 m\u00e1s de 50 propuestas que se desplegar\u00e1n en toda la ciudad para homenajear al \u00edcono de la cultura argentina.<\/p>\n","protected":false},"author":1,"featured_media":4950,"comment_status":"open","ping_status":"open","sticky":false,"template":"","format":"standard","meta":{"footnotes":""},"categories":[7],"tags":[95,177],"class_list":["post-4939","post","type-post","status-publish","format-standard","has-post-thumbnail","hentry","category-noticias","tag-agenda","tag-carlos-gardel"],"yoast_head":"<!-- This site is optimized with the Yoast SEO plugin v28.4 - https:\/\/yoast.com\/product\/yoast-seo-wordpress\/ -->\n<title>A 90 a\u00f1os de su muerte, Buenos Aires celebra a Gardel con una semana de m\u00faltiples actividades &#187; Fractura Expuesta | Tango!<\/title>\n<meta name=\"description\" content=\"Desde este lunes habr\u00e1 m\u00e1s de 50 propuestas que se desplegar\u00e1n en toda la ciudad para homenajear al \u00edcono de la cultura argentina.\" \/>\n<meta name=\"robots\" content=\"index, follow, max-snippet:-1, max-image-preview:large, max-video-preview:-1\" \/>\n<link rel=\"canonical\" href=\"https:\/\/www.fracturaexpuesta.com.ar\/gotan\/a-90-anos-de-su-muerte-buenos-aires-celebra-a-gardel-con-una-semana-de-multiples-actividades\/\" \/>\n<meta property=\"og:locale\" content=\"es_ES\" \/>\n<meta property=\"og:type\" content=\"article\" \/>\n<meta property=\"og:title\" content=\"A 90 a\u00f1os de su muerte, Buenos Aires celebra a Gardel con una semana de m\u00faltiples actividades\" \/>\n<meta property=\"og:description\" content=\"Desde este lunes habr\u00e1 m\u00e1s de 50 propuestas que se desplegar\u00e1n en toda la ciudad para homenajear al \u00edcono de la cultura argentina.\" \/>\n<meta property=\"og:url\" content=\"https:\/\/www.fracturaexpuesta.com.ar\/gotan\/a-90-anos-de-su-muerte-buenos-aires-celebra-a-gardel-con-una-semana-de-multiples-actividades\/\" \/>\n<meta property=\"og:site_name\" content=\"Fractura Expuesta | Tango!\" \/>\n<meta property=\"article:author\" content=\"https:\/\/www.facebook.com\/fracturaexpuestaok\" \/>\n<meta property=\"article:published_time\" content=\"2025-06-23T00:52:44+00:00\" \/>\n<meta property=\"article:modified_time\" content=\"2025-06-23T01:11:26+00:00\" \/>\n<meta property=\"og:image\" content=\"https:\/\/www.fracturaexpuesta.com.ar\/gotan\/wp-content\/uploads\/2025\/06\/IMG-20231110-WA0013-1-e1750640183611.jpg\" \/>\n\t<meta property=\"og:image:width\" content=\"1200\" \/>\n\t<meta property=\"og:image:height\" content=\"848\" \/>\n\t<meta property=\"og:image:type\" content=\"image\/jpeg\" \/>\n<meta name=\"author\" content=\"Fractura Expuesta\" \/>\n<meta name=\"twitter:card\" content=\"summary_large_image\" \/>\n<meta name=\"twitter:title\" content=\"A 90 a\u00f1os de su muerte, Buenos Aires celebra a Gardel con una semana de m\u00faltiples actividades\" \/>\n<meta name=\"twitter:description\" content=\"Desde este lunes habr\u00e1 m\u00e1s de 50 propuestas que se desplegar\u00e1n en toda la ciudad para homenajear al \u00edcono de la cultura argentina.\" \/>\n<meta name=\"twitter:image\" content=\"https:\/\/www.fracturaexpuesta.com.ar\/gotan\/wp-content\/uploads\/2025\/06\/IMG-20231110-WA0013-1-e1750640183611.jpg\" \/>\n<meta name=\"twitter:creator\" content=\"@https:\/\/x.com\/fracturatango\" \/>\n<meta name=\"twitter:label1\" content=\"Escrito por\" \/>\n\t<meta name=\"twitter:data1\" content=\"Fractura Expuesta\" \/>\n\t<meta name=\"twitter:label2\" content=\"Tiempo de lectura\" \/>\n\t<meta name=\"twitter:data2\" content=\"12 minutos\" \/>\n<script type=\"application\/ld+json\" class=\"yoast-schema-graph\">{\"@context\":\"https:\\\/\\\/schema.org\",\"@graph\":[{\"@type\":\"Article\",\"@id\":\"https:\\\/\\\/www.fracturaexpuesta.com.ar\\\/gotan\\\/a-90-anos-de-su-muerte-buenos-aires-celebra-a-gardel-con-una-semana-de-multiples-actividades\\\/#article\",\"isPartOf\":{\"@id\":\"https:\\\/\\\/www.fracturaexpuesta.com.ar\\\/gotan\\\/a-90-anos-de-su-muerte-buenos-aires-celebra-a-gardel-con-una-semana-de-multiples-actividades\\\/\"},\"author\":{\"name\":\"Fractura Expuesta\",\"@id\":\"https:\\\/\\\/www.fracturaexpuesta.com.ar\\\/gotan\\\/#\\\/schema\\\/person\\\/d8266939f778485b13ad2174aa9e199e\"},\"headline\":\"A 90 a\u00f1os de su muerte, Buenos Aires celebra a Gardel con una semana de m\u00faltiples actividades\",\"datePublished\":\"2025-06-23T00:52:44+00:00\",\"dateModified\":\"2025-06-23T01:11:26+00:00\",\"mainEntityOfPage\":{\"@id\":\"https:\\\/\\\/www.fracturaexpuesta.com.ar\\\/gotan\\\/a-90-anos-de-su-muerte-buenos-aires-celebra-a-gardel-con-una-semana-de-multiples-actividades\\\/\"},\"wordCount\":2389,\"commentCount\":0,\"publisher\":{\"@id\":\"https:\\\/\\\/www.fracturaexpuesta.com.ar\\\/gotan\\\/#organization\"},\"image\":{\"@id\":\"https:\\\/\\\/www.fracturaexpuesta.com.ar\\\/gotan\\\/a-90-anos-de-su-muerte-buenos-aires-celebra-a-gardel-con-una-semana-de-multiples-actividades\\\/#primaryimage\"},\"thumbnailUrl\":\"https:\\\/\\\/www.fracturaexpuesta.com.ar\\\/gotan\\\/wp-content\\\/uploads\\\/2025\\\/06\\\/IMG-20231110-WA0013-e1750640101989.jpg\",\"keywords\":[\"agenda\",\"carlos gardel\"],\"articleSection\":[\"Noticias\"],\"inLanguage\":\"es-AR\",\"potentialAction\":[{\"@type\":\"CommentAction\",\"name\":\"Comment\",\"target\":[\"https:\\\/\\\/www.fracturaexpuesta.com.ar\\\/gotan\\\/a-90-anos-de-su-muerte-buenos-aires-celebra-a-gardel-con-una-semana-de-multiples-actividades\\\/#respond\"]}]},{\"@type\":\"WebPage\",\"@id\":\"https:\\\/\\\/www.fracturaexpuesta.com.ar\\\/gotan\\\/a-90-anos-de-su-muerte-buenos-aires-celebra-a-gardel-con-una-semana-de-multiples-actividades\\\/\",\"url\":\"https:\\\/\\\/www.fracturaexpuesta.com.ar\\\/gotan\\\/a-90-anos-de-su-muerte-buenos-aires-celebra-a-gardel-con-una-semana-de-multiples-actividades\\\/\",\"name\":\"A 90 a\u00f1os de su muerte, Buenos Aires celebra a Gardel con una semana de m\u00faltiples actividades &#187; Fractura Expuesta | Tango!\",\"isPartOf\":{\"@id\":\"https:\\\/\\\/www.fracturaexpuesta.com.ar\\\/gotan\\\/#website\"},\"primaryImageOfPage\":{\"@id\":\"https:\\\/\\\/www.fracturaexpuesta.com.ar\\\/gotan\\\/a-90-anos-de-su-muerte-buenos-aires-celebra-a-gardel-con-una-semana-de-multiples-actividades\\\/#primaryimage\"},\"image\":{\"@id\":\"https:\\\/\\\/www.fracturaexpuesta.com.ar\\\/gotan\\\/a-90-anos-de-su-muerte-buenos-aires-celebra-a-gardel-con-una-semana-de-multiples-actividades\\\/#primaryimage\"},\"thumbnailUrl\":\"https:\\\/\\\/www.fracturaexpuesta.com.ar\\\/gotan\\\/wp-content\\\/uploads\\\/2025\\\/06\\\/IMG-20231110-WA0013-e1750640101989.jpg\",\"datePublished\":\"2025-06-23T00:52:44+00:00\",\"dateModified\":\"2025-06-23T01:11:26+00:00\",\"description\":\"Desde este lunes habr\u00e1 m\u00e1s de 50 propuestas que se desplegar\u00e1n en toda la ciudad para homenajear al \u00edcono de la cultura argentina.\",\"breadcrumb\":{\"@id\":\"https:\\\/\\\/www.fracturaexpuesta.com.ar\\\/gotan\\\/a-90-anos-de-su-muerte-buenos-aires-celebra-a-gardel-con-una-semana-de-multiples-actividades\\\/#breadcrumb\"},\"inLanguage\":\"es-AR\",\"potentialAction\":[{\"@type\":\"ReadAction\",\"target\":[\"https:\\\/\\\/www.fracturaexpuesta.com.ar\\\/gotan\\\/a-90-anos-de-su-muerte-buenos-aires-celebra-a-gardel-con-una-semana-de-multiples-actividades\\\/\"]}]},{\"@type\":\"ImageObject\",\"inLanguage\":\"es-AR\",\"@id\":\"https:\\\/\\\/www.fracturaexpuesta.com.ar\\\/gotan\\\/a-90-anos-de-su-muerte-buenos-aires-celebra-a-gardel-con-una-semana-de-multiples-actividades\\\/#primaryimage\",\"url\":\"https:\\\/\\\/www.fracturaexpuesta.com.ar\\\/gotan\\\/wp-content\\\/uploads\\\/2025\\\/06\\\/IMG-20231110-WA0013-e1750640101989.jpg\",\"contentUrl\":\"https:\\\/\\\/www.fracturaexpuesta.com.ar\\\/gotan\\\/wp-content\\\/uploads\\\/2025\\\/06\\\/IMG-20231110-WA0013-e1750640101989.jpg\",\"width\":1180,\"height\":1040},{\"@type\":\"BreadcrumbList\",\"@id\":\"https:\\\/\\\/www.fracturaexpuesta.com.ar\\\/gotan\\\/a-90-anos-de-su-muerte-buenos-aires-celebra-a-gardel-con-una-semana-de-multiples-actividades\\\/#breadcrumb\",\"itemListElement\":[{\"@type\":\"ListItem\",\"position\":1,\"name\":\"Inicio\",\"item\":\"https:\\\/\\\/www.fracturaexpuesta.com.ar\\\/gotan\\\/\"},{\"@type\":\"ListItem\",\"position\":2,\"name\":\"A 90 a\u00f1os de su muerte, Buenos Aires celebra a Gardel con una semana de m\u00faltiples actividades\"}]},{\"@type\":\"WebSite\",\"@id\":\"https:\\\/\\\/www.fracturaexpuesta.com.ar\\\/gotan\\\/#website\",\"url\":\"https:\\\/\\\/www.fracturaexpuesta.com.ar\\\/gotan\\\/\",\"name\":\"Fractura Expuesta | Tango!\",\"description\":\"\",\"publisher\":{\"@id\":\"https:\\\/\\\/www.fracturaexpuesta.com.ar\\\/gotan\\\/#organization\"},\"potentialAction\":[{\"@type\":\"SearchAction\",\"target\":{\"@type\":\"EntryPoint\",\"urlTemplate\":\"https:\\\/\\\/www.fracturaexpuesta.com.ar\\\/gotan\\\/?s={search_term_string}\"},\"query-input\":{\"@type\":\"PropertyValueSpecification\",\"valueRequired\":true,\"valueName\":\"search_term_string\"}}],\"inLanguage\":\"es-AR\"},{\"@type\":\"Organization\",\"@id\":\"https:\\\/\\\/www.fracturaexpuesta.com.ar\\\/gotan\\\/#organization\",\"name\":\"Fractura Expuesta | Tango!\",\"url\":\"https:\\\/\\\/www.fracturaexpuesta.com.ar\\\/gotan\\\/\",\"logo\":{\"@type\":\"ImageObject\",\"inLanguage\":\"es-AR\",\"@id\":\"https:\\\/\\\/www.fracturaexpuesta.com.ar\\\/gotan\\\/#\\\/schema\\\/logo\\\/image\\\/\",\"url\":\"https:\\\/\\\/www.fracturaexpuesta.com.ar\\\/gotan\\\/wp-content\\\/uploads\\\/2025\\\/03\\\/avatar2centroOK.jpg\",\"contentUrl\":\"https:\\\/\\\/www.fracturaexpuesta.com.ar\\\/gotan\\\/wp-content\\\/uploads\\\/2025\\\/03\\\/avatar2centroOK.jpg\",\"width\":600,\"height\":600,\"caption\":\"Fractura Expuesta | Tango!\"},\"image\":{\"@id\":\"https:\\\/\\\/www.fracturaexpuesta.com.ar\\\/gotan\\\/#\\\/schema\\\/logo\\\/image\\\/\"}},{\"@type\":\"Person\",\"@id\":\"https:\\\/\\\/www.fracturaexpuesta.com.ar\\\/gotan\\\/#\\\/schema\\\/person\\\/d8266939f778485b13ad2174aa9e199e\",\"name\":\"Fractura Expuesta\",\"image\":{\"@type\":\"ImageObject\",\"inLanguage\":\"es-AR\",\"@id\":\"https:\\\/\\\/secure.gravatar.com\\\/avatar\\\/c4bad1eb9f93dd4a42df3aa8b8e8b882ff893fcea188ee15488a845db442d7ec?s=96&d=mm&r=g\",\"url\":\"https:\\\/\\\/secure.gravatar.com\\\/avatar\\\/c4bad1eb9f93dd4a42df3aa8b8e8b882ff893fcea188ee15488a845db442d7ec?s=96&d=mm&r=g\",\"contentUrl\":\"https:\\\/\\\/secure.gravatar.com\\\/avatar\\\/c4bad1eb9f93dd4a42df3aa8b8e8b882ff893fcea188ee15488a845db442d7ec?s=96&d=mm&r=g\",\"caption\":\"Fractura Expuesta\"},\"description\":\"Sitio de tango y noticias culturales. Desde 2003, el espacio referente del tango de estos tiempos.\",\"sameAs\":[\"https:\\\/\\\/www.fracturaexpuesta.com.ar\",\"https:\\\/\\\/www.facebook.com\\\/fracturaexpuestaok\",\"https:\\\/\\\/www.instagram.com\\\/fracturaexpuesta\",\"https:\\\/\\\/x.com\\\/https:\\\/\\\/x.com\\\/fracturatango\",\"https:\\\/\\\/www.youtube.com\\\/channel\\\/UCojA8Q0QDpnncOL8sfTHOHg\"],\"url\":\"https:\\\/\\\/www.fracturaexpuesta.com.ar\\\/gotan\\\/author\\\/fractura-expuesta\\\/\"}]}<\/script>\n<!-- \/ Yoast SEO plugin. -->","yoast_head_json":{"title":"A 90 a\u00f1os de su muerte, Buenos Aires celebra a Gardel con una semana de m\u00faltiples actividades &#187; Fractura Expuesta | Tango!","description":"Desde este lunes habr\u00e1 m\u00e1s de 50 propuestas que se desplegar\u00e1n en toda la ciudad para homenajear al \u00edcono de la cultura argentina.","robots":{"index":"index","follow":"follow","max-snippet":"max-snippet:-1","max-image-preview":"max-image-preview:large","max-video-preview":"max-video-preview:-1"},"canonical":"https:\/\/www.fracturaexpuesta.com.ar\/gotan\/a-90-anos-de-su-muerte-buenos-aires-celebra-a-gardel-con-una-semana-de-multiples-actividades\/","og_locale":"es_ES","og_type":"article","og_title":"A 90 a\u00f1os de su muerte, Buenos Aires celebra a Gardel con una semana de m\u00faltiples actividades","og_description":"Desde este lunes habr\u00e1 m\u00e1s de 50 propuestas que se desplegar\u00e1n en toda la ciudad para homenajear al \u00edcono de la cultura argentina.","og_url":"https:\/\/www.fracturaexpuesta.com.ar\/gotan\/a-90-anos-de-su-muerte-buenos-aires-celebra-a-gardel-con-una-semana-de-multiples-actividades\/","og_site_name":"Fractura Expuesta | Tango!","article_author":"https:\/\/www.facebook.com\/fracturaexpuestaok","article_published_time":"2025-06-23T00:52:44+00:00","article_modified_time":"2025-06-23T01:11:26+00:00","og_image":[{"width":1200,"height":848,"url":"https:\/\/www.fracturaexpuesta.com.ar\/gotan\/wp-content\/uploads\/2025\/06\/IMG-20231110-WA0013-1-e1750640183611.jpg","type":"image\/jpeg"}],"author":"Fractura Expuesta","twitter_card":"summary_large_image","twitter_title":"A 90 a\u00f1os de su muerte, Buenos Aires celebra a Gardel con una semana de m\u00faltiples actividades","twitter_description":"Desde este lunes habr\u00e1 m\u00e1s de 50 propuestas que se desplegar\u00e1n en toda la ciudad para homenajear al \u00edcono de la cultura argentina.","twitter_image":"https:\/\/www.fracturaexpuesta.com.ar\/gotan\/wp-content\/uploads\/2025\/06\/IMG-20231110-WA0013-1-e1750640183611.jpg","twitter_creator":"@https:\/\/x.com\/fracturatango","twitter_misc":{"Escrito por":"Fractura Expuesta","Tiempo de lectura":"12 minutos"},"schema":{"@context":"https:\/\/schema.org","@graph":[{"@type":"Article","@id":"https:\/\/www.fracturaexpuesta.com.ar\/gotan\/a-90-anos-de-su-muerte-buenos-aires-celebra-a-gardel-con-una-semana-de-multiples-actividades\/#article","isPartOf":{"@id":"https:\/\/www.fracturaexpuesta.com.ar\/gotan\/a-90-anos-de-su-muerte-buenos-aires-celebra-a-gardel-con-una-semana-de-multiples-actividades\/"},"author":{"name":"Fractura Expuesta","@id":"https:\/\/www.fracturaexpuesta.com.ar\/gotan\/#\/schema\/person\/d8266939f778485b13ad2174aa9e199e"},"headline":"A 90 a\u00f1os de su muerte, Buenos Aires celebra a Gardel con una semana de m\u00faltiples actividades","datePublished":"2025-06-23T00:52:44+00:00","dateModified":"2025-06-23T01:11:26+00:00","mainEntityOfPage":{"@id":"https:\/\/www.fracturaexpuesta.com.ar\/gotan\/a-90-anos-de-su-muerte-buenos-aires-celebra-a-gardel-con-una-semana-de-multiples-actividades\/"},"wordCount":2389,"commentCount":0,"publisher":{"@id":"https:\/\/www.fracturaexpuesta.com.ar\/gotan\/#organization"},"image":{"@id":"https:\/\/www.fracturaexpuesta.com.ar\/gotan\/a-90-anos-de-su-muerte-buenos-aires-celebra-a-gardel-con-una-semana-de-multiples-actividades\/#primaryimage"},"thumbnailUrl":"https:\/\/www.fracturaexpuesta.com.ar\/gotan\/wp-content\/uploads\/2025\/06\/IMG-20231110-WA0013-e1750640101989.jpg","keywords":["agenda","carlos gardel"],"articleSection":["Noticias"],"inLanguage":"es-AR","potentialAction":[{"@type":"CommentAction","name":"Comment","target":["https:\/\/www.fracturaexpuesta.com.ar\/gotan\/a-90-anos-de-su-muerte-buenos-aires-celebra-a-gardel-con-una-semana-de-multiples-actividades\/#respond"]}]},{"@type":"WebPage","@id":"https:\/\/www.fracturaexpuesta.com.ar\/gotan\/a-90-anos-de-su-muerte-buenos-aires-celebra-a-gardel-con-una-semana-de-multiples-actividades\/","url":"https:\/\/www.fracturaexpuesta.com.ar\/gotan\/a-90-anos-de-su-muerte-buenos-aires-celebra-a-gardel-con-una-semana-de-multiples-actividades\/","name":"A 90 a\u00f1os de su muerte, Buenos Aires celebra a Gardel con una semana de m\u00faltiples actividades &#187; Fractura Expuesta | Tango!","isPartOf":{"@id":"https:\/\/www.fracturaexpuesta.com.ar\/gotan\/#website"},"primaryImageOfPage":{"@id":"https:\/\/www.fracturaexpuesta.com.ar\/gotan\/a-90-anos-de-su-muerte-buenos-aires-celebra-a-gardel-con-una-semana-de-multiples-actividades\/#primaryimage"},"image":{"@id":"https:\/\/www.fracturaexpuesta.com.ar\/gotan\/a-90-anos-de-su-muerte-buenos-aires-celebra-a-gardel-con-una-semana-de-multiples-actividades\/#primaryimage"},"thumbnailUrl":"https:\/\/www.fracturaexpuesta.com.ar\/gotan\/wp-content\/uploads\/2025\/06\/IMG-20231110-WA0013-e1750640101989.jpg","datePublished":"2025-06-23T00:52:44+00:00","dateModified":"2025-06-23T01:11:26+00:00","description":"Desde este lunes habr\u00e1 m\u00e1s de 50 propuestas que se desplegar\u00e1n en toda la ciudad para homenajear al \u00edcono de la cultura argentina.","breadcrumb":{"@id":"https:\/\/www.fracturaexpuesta.com.ar\/gotan\/a-90-anos-de-su-muerte-buenos-aires-celebra-a-gardel-con-una-semana-de-multiples-actividades\/#breadcrumb"},"inLanguage":"es-AR","potentialAction":[{"@type":"ReadAction","target":["https:\/\/www.fracturaexpuesta.com.ar\/gotan\/a-90-anos-de-su-muerte-buenos-aires-celebra-a-gardel-con-una-semana-de-multiples-actividades\/"]}]},{"@type":"ImageObject","inLanguage":"es-AR","@id":"https:\/\/www.fracturaexpuesta.com.ar\/gotan\/a-90-anos-de-su-muerte-buenos-aires-celebra-a-gardel-con-una-semana-de-multiples-actividades\/#primaryimage","url":"https:\/\/www.fracturaexpuesta.com.ar\/gotan\/wp-content\/uploads\/2025\/06\/IMG-20231110-WA0013-e1750640101989.jpg","contentUrl":"https:\/\/www.fracturaexpuesta.com.ar\/gotan\/wp-content\/uploads\/2025\/06\/IMG-20231110-WA0013-e1750640101989.jpg","width":1180,"height":1040},{"@type":"BreadcrumbList","@id":"https:\/\/www.fracturaexpuesta.com.ar\/gotan\/a-90-anos-de-su-muerte-buenos-aires-celebra-a-gardel-con-una-semana-de-multiples-actividades\/#breadcrumb","itemListElement":[{"@type":"ListItem","position":1,"name":"Inicio","item":"https:\/\/www.fracturaexpuesta.com.ar\/gotan\/"},{"@type":"ListItem","position":2,"name":"A 90 a\u00f1os de su muerte, Buenos Aires celebra a Gardel con una semana de m\u00faltiples actividades"}]},{"@type":"WebSite","@id":"https:\/\/www.fracturaexpuesta.com.ar\/gotan\/#website","url":"https:\/\/www.fracturaexpuesta.com.ar\/gotan\/","name":"Fractura Expuesta | Tango!","description":"","publisher":{"@id":"https:\/\/www.fracturaexpuesta.com.ar\/gotan\/#organization"},"potentialAction":[{"@type":"SearchAction","target":{"@type":"EntryPoint","urlTemplate":"https:\/\/www.fracturaexpuesta.com.ar\/gotan\/?s={search_term_string}"},"query-input":{"@type":"PropertyValueSpecification","valueRequired":true,"valueName":"search_term_string"}}],"inLanguage":"es-AR"},{"@type":"Organization","@id":"https:\/\/www.fracturaexpuesta.com.ar\/gotan\/#organization","name":"Fractura Expuesta | Tango!","url":"https:\/\/www.fracturaexpuesta.com.ar\/gotan\/","logo":{"@type":"ImageObject","inLanguage":"es-AR","@id":"https:\/\/www.fracturaexpuesta.com.ar\/gotan\/#\/schema\/logo\/image\/","url":"https:\/\/www.fracturaexpuesta.com.ar\/gotan\/wp-content\/uploads\/2025\/03\/avatar2centroOK.jpg","contentUrl":"https:\/\/www.fracturaexpuesta.com.ar\/gotan\/wp-content\/uploads\/2025\/03\/avatar2centroOK.jpg","width":600,"height":600,"caption":"Fractura Expuesta | Tango!"},"image":{"@id":"https:\/\/www.fracturaexpuesta.com.ar\/gotan\/#\/schema\/logo\/image\/"}},{"@type":"Person","@id":"https:\/\/www.fracturaexpuesta.com.ar\/gotan\/#\/schema\/person\/d8266939f778485b13ad2174aa9e199e","name":"Fractura Expuesta","image":{"@type":"ImageObject","inLanguage":"es-AR","@id":"https:\/\/secure.gravatar.com\/avatar\/c4bad1eb9f93dd4a42df3aa8b8e8b882ff893fcea188ee15488a845db442d7ec?s=96&d=mm&r=g","url":"https:\/\/secure.gravatar.com\/avatar\/c4bad1eb9f93dd4a42df3aa8b8e8b882ff893fcea188ee15488a845db442d7ec?s=96&d=mm&r=g","contentUrl":"https:\/\/secure.gravatar.com\/avatar\/c4bad1eb9f93dd4a42df3aa8b8e8b882ff893fcea188ee15488a845db442d7ec?s=96&d=mm&r=g","caption":"Fractura Expuesta"},"description":"Sitio de tango y noticias culturales. Desde 2003, el espacio referente del tango de estos tiempos.","sameAs":["https:\/\/www.fracturaexpuesta.com.ar","https:\/\/www.facebook.com\/fracturaexpuestaok","https:\/\/www.instagram.com\/fracturaexpuesta","https:\/\/x.com\/https:\/\/x.com\/fracturatango","https:\/\/www.youtube.com\/channel\/UCojA8Q0QDpnncOL8sfTHOHg"],"url":"https:\/\/www.fracturaexpuesta.com.ar\/gotan\/author\/fractura-expuesta\/"}]}},"_links":{"self":[{"href":"https:\/\/www.fracturaexpuesta.com.ar\/gotan\/wp-json\/wp\/v2\/posts\/4939","targetHints":{"allow":["GET"]}}],"collection":[{"href":"https:\/\/www.fracturaexpuesta.com.ar\/gotan\/wp-json\/wp\/v2\/posts"}],"about":[{"href":"https:\/\/www.fracturaexpuesta.com.ar\/gotan\/wp-json\/wp\/v2\/types\/post"}],"author":[{"embeddable":true,"href":"https:\/\/www.fracturaexpuesta.com.ar\/gotan\/wp-json\/wp\/v2\/users\/1"}],"replies":[{"embeddable":true,"href":"https:\/\/www.fracturaexpuesta.com.ar\/gotan\/wp-json\/wp\/v2\/comments?post=4939"}],"version-history":[{"count":18,"href":"https:\/\/www.fracturaexpuesta.com.ar\/gotan\/wp-json\/wp\/v2\/posts\/4939\/revisions"}],"predecessor-version":[{"id":4961,"href":"https:\/\/www.fracturaexpuesta.com.ar\/gotan\/wp-json\/wp\/v2\/posts\/4939\/revisions\/4961"}],"wp:featuredmedia":[{"embeddable":true,"href":"https:\/\/www.fracturaexpuesta.com.ar\/gotan\/wp-json\/wp\/v2\/media\/4950"}],"wp:attachment":[{"href":"https:\/\/www.fracturaexpuesta.com.ar\/gotan\/wp-json\/wp\/v2\/media?parent=4939"}],"wp:term":[{"taxonomy":"category","embeddable":true,"href":"https:\/\/www.fracturaexpuesta.com.ar\/gotan\/wp-json\/wp\/v2\/categories?post=4939"},{"taxonomy":"post_tag","embeddable":true,"href":"https:\/\/www.fracturaexpuesta.com.ar\/gotan\/wp-json\/wp\/v2\/tags?post=4939"}],"curies":[{"name":"wp","href":"https:\/\/api.w.org\/{rel}","templated":true}]}}