{"id":4963,"date":"2025-06-24T01:01:00","date_gmt":"2025-06-24T04:01:00","guid":{"rendered":"https:\/\/www.fracturaexpuesta.com.ar\/gotan\/?p=4963"},"modified":"2025-06-24T10:48:35","modified_gmt":"2025-06-24T13:48:35","slug":"gardel-10-datos-llamativos-de-una-leyenda-inabarcable","status":"publish","type":"post","link":"https:\/\/www.fracturaexpuesta.com.ar\/gotan\/gardel-10-datos-llamativos-de-una-leyenda-inabarcable\/","title":{"rendered":"Gardel: 10 datos llamativos de una leyenda inabarcable"},"content":{"rendered":"\n<p class=\"wp-block-paragraph\">Se cumplen 90 a\u00f1os del tr\u00e1gico final de Carlos Gardel, ocurrido en un accidente a\u00e9reo en Medell\u00edn. Fue el 24 de junio de 1935.<\/p>\n\n\n\n<p class=\"wp-block-paragraph\">A pesar de la temprana muerte, sucedida a los 44 a\u00f1os, su carrera extraordinaria forj\u00f3 un universo sorprendente de mitos, verdades y misterios.<\/p>\n\n\n\n<p class=\"wp-block-paragraph\">Aqu\u00ed una breve muestra de la extensa literatura de vida creada por el rayo misterioso de \u201cEl Morocho\u201d.<\/p>\n\n\n\n<p class=\"wp-block-paragraph\"><strong>1) \u201cTengo todos tus discos\u201d<\/strong><\/p>\n\n\n\n<p class=\"wp-block-paragraph\">Gardel es hijo del nacimiento y expansi\u00f3n de la industria cultural y el \u201cstar system\u201d. Discos, radio, fon\u00f3grafo, cine, giras y hasta videos. Se calcula que grab\u00f3 m\u00e1s de 950 obras y edit\u00f3 m\u00e1s de 30 discos que inclu\u00edan no solo tango sino otros ritmos como foxtrot, rancheras, pasodoble, canci\u00f3n francesa, tonadas, fado, marchas, valses y canciones criollas, entre muchos otros estilos. Su primera grabaci\u00f3n data de 1912 como parte del d\u00fao Gardel-Razzano. Cant\u00f3 adem\u00e1s en franc\u00e9s e ingl\u00e9s.<\/p>\n\n\n\n<p class=\"wp-block-paragraph\"><strong>2) Volver (de la muerte)<\/strong><\/p>\n\n\n\n<p class=\"wp-block-paragraph\">Sus restos fueron velados el 5 de febrero de 1936 en el estadio Luna Park de Buenos Aires, muchos meses despu\u00e9s del tr\u00e1gico accidente a\u00e9reo ocurrido en junio de 1935. Se hilvana una teor\u00eda vinculada al uso pol\u00edtico y propagand\u00edstico de la repatriaci\u00f3n a Buenos Aires que relaciona el accionar del entonces general-presidente Agust\u00edn P. Justo y a Natalio Botana del diario Cr\u00edtica.<\/p>\n\n\n\n<p class=\"wp-block-paragraph\"><strong>3) \u00daltimo tango<\/strong><\/p>\n\n\n\n<p class=\"wp-block-paragraph\">\u201cTomo y obligo\u201d fue la \u00faltima canci\u00f3n que cant\u00f3. Ocurri\u00f3 el 23 de junio de 1935, a las 10 de la noche en \u201cLa voz de V\u00edctor\u201d, en la ciudad colombiana de Bogot\u00e1.<\/p>\n\n\n\n<figure class=\"wp-block-image size-large\"><img loading=\"lazy\" decoding=\"async\" width=\"794\" height=\"1024\" src=\"https:\/\/www.fracturaexpuesta.com.ar\/gotan\/wp-content\/uploads\/2025\/06\/critica24junio1935-794x1024.jpg\" alt=\"\" class=\"wp-image-4966\" srcset=\"https:\/\/www.fracturaexpuesta.com.ar\/gotan\/wp-content\/uploads\/2025\/06\/critica24junio1935-794x1024.jpg 794w, https:\/\/www.fracturaexpuesta.com.ar\/gotan\/wp-content\/uploads\/2025\/06\/critica24junio1935-233x300.jpg 233w, https:\/\/www.fracturaexpuesta.com.ar\/gotan\/wp-content\/uploads\/2025\/06\/critica24junio1935-768x991.jpg 768w, https:\/\/www.fracturaexpuesta.com.ar\/gotan\/wp-content\/uploads\/2025\/06\/critica24junio1935-1190x1536.jpg 1190w, https:\/\/www.fracturaexpuesta.com.ar\/gotan\/wp-content\/uploads\/2025\/06\/critica24junio1935-60x77.jpg 60w, https:\/\/www.fracturaexpuesta.com.ar\/gotan\/wp-content\/uploads\/2025\/06\/critica24junio1935.jpg 1240w\" sizes=\"auto, (max-width: 794px) 100vw, 794px\" \/><figcaption class=\"wp-element-caption\"><mark style=\"background-color:rgba(0, 0, 0, 0)\" class=\"has-inline-color has-cyan-bluish-gray-color\"><em>Una de las p\u00e1ginas del diario Critica<\/em><\/mark><\/figcaption><\/figure>\n\n\n\n<p class=\"wp-block-paragraph\"><strong>4) Prontuario<\/strong><\/p>\n\n\n\n<p class=\"wp-block-paragraph\">Una investigaci\u00f3n realizada por los forenses Ra\u00fal Torre y Juan Jos\u00e9 Fenoglio indica que los cambios de identidad de Carlos Gardel ten\u00edan que ver con sus antecedentes en el delito. La modificaci\u00f3n de Gardes por Gardel o los vericuetos asociados a su documentaci\u00f3n de nacimiento estar\u00edan vinculados al prontuario del cantor, quien registraba aparentemente antecedentes penales por estafas bajo la modalidad del \u201ccuento del t\u00edo\u201d.<\/p>\n\n\n\n<p class=\"wp-block-paragraph\"><strong>5) Las viudas de Gardel<\/strong><\/p>\n\n\n\n<p class=\"wp-block-paragraph\">Numerosas son las especulaciones acerca de su vida \u00edntima y sus parejas. Algunas de las mujeres a las que se les atribuy\u00f3 alg\u00fan tipo de romance con Gardel son Madame Jaenne, Isabel del Valle, Mona Maris, Imperio Argentina, Mar\u00eda Esther Gamas, Sadie Bar\u00f3n Wakefield, Gaby Morlay, Perlita Greco o Magali de Herrera. Rumores del espect\u00e1culo.<\/p>\n\n\n\n<p class=\"wp-block-paragraph\"><strong>&nbsp;6) La moda del tango, \u201ctriunfo del desprecio\u201d<\/strong><\/p>\n\n\n\n<p class=\"wp-block-paragraph\">Un pensamiento atribuido a Gardel, a partir de un extracto de una entrevista. Dec\u00eda El Morocho: \u201cAl tango quisieron ahogarlo en Buenos Aires. Estaba prohibido por haber encontrado asilo prostibulario pero los \u2018ni\u00f1os bien\u2019, que ven\u00edan a tirar manteca al techo al Par\u00eds de ayer y de anteayer, se vengaron de que en Buenos Aires no les dejasen meter pierna y lo impusieron aqu\u00ed para que lo reimportasen despu\u00e9s a su cuna. La moda extranjera triunf\u00f3 del desprecio\u201d.<\/p>\n\n\n\n<figure class=\"wp-block-image size-large\"><img loading=\"lazy\" decoding=\"async\" width=\"1024\" height=\"1024\" src=\"https:\/\/www.fracturaexpuesta.com.ar\/gotan\/wp-content\/uploads\/2025\/06\/gardel-90-anos-1024x1024.png\" alt=\"\" class=\"wp-image-4968\" srcset=\"https:\/\/www.fracturaexpuesta.com.ar\/gotan\/wp-content\/uploads\/2025\/06\/gardel-90-anos-1024x1024.png 1024w, https:\/\/www.fracturaexpuesta.com.ar\/gotan\/wp-content\/uploads\/2025\/06\/gardel-90-anos-300x300.png 300w, https:\/\/www.fracturaexpuesta.com.ar\/gotan\/wp-content\/uploads\/2025\/06\/gardel-90-anos-150x150.png 150w, https:\/\/www.fracturaexpuesta.com.ar\/gotan\/wp-content\/uploads\/2025\/06\/gardel-90-anos-768x768.png 768w, https:\/\/www.fracturaexpuesta.com.ar\/gotan\/wp-content\/uploads\/2025\/06\/gardel-90-anos-60x60.png 60w, https:\/\/www.fracturaexpuesta.com.ar\/gotan\/wp-content\/uploads\/2025\/06\/gardel-90-anos-480x480.png 480w, https:\/\/www.fracturaexpuesta.com.ar\/gotan\/wp-content\/uploads\/2025\/06\/gardel-90-anos.png 1080w\" sizes=\"auto, (max-width: 1024px) 100vw, 1024px\" \/><figcaption class=\"wp-element-caption\"><em><mark style=\"background-color:rgba(0, 0, 0, 0)\" class=\"has-inline-color has-cyan-bluish-gray-color\">Gardel en una escena de sus pel\u00edculas.<\/mark><\/em><\/figcaption><\/figure>\n\n\n\n<p class=\"wp-block-paragraph\"><strong>7) La pinta \u00bfes lo de menos?<\/strong><\/p>\n\n\n\n<p class=\"wp-block-paragraph\">Gardel lleg\u00f3 a pesar cerca de 120 kilos en sus inicios de cantor. A ritmo de gimnasia, salto de soga, boxeo y juego de pelota al front\u00f3n, logr\u00f3 estabilizarse en 75 kilos. El ejercicio lo llevaba adelante en distintos lugares como el Club Policial, en Rinc\u00f3n 32, pegado al Caf\u00e9 de los Angelitos y en el gimnasio de la Asociaci\u00f3n Cristiana de J\u00f3venes.<\/p>\n\n\n\n<p class=\"wp-block-paragraph\"><strong>8) El f\u00fatbol, una pasi\u00f3n dividida<\/strong><\/p>\n\n\n\n<p class=\"wp-block-paragraph\">Gardel era hincha de Racing, se sabe. Sin embargo, otra parte de su coraz\u00f3n futbolero estaba en el Barcelona. El Zorzal era hincha del Bar\u00e7a. Forj\u00f3 su pasi\u00f3n, all\u00e1 por 1925, gracias a la amistad que tuvo con algunos jugadores, especialmente con \u201cPepe\u201d Samitier. Gardel le dedic\u00f3 el tango \u201cSami\u201d.<\/p>\n\n\n\n<p class=\"wp-block-paragraph\"><strong>9) Por si fuera poco<\/strong><\/p>\n\n\n\n<p class=\"wp-block-paragraph\">Inaugur\u00f3 el formato del videoclip en la Argentina, compuso m\u00e1s de 90 obras, cant\u00f3 para Charles Chaplin, ten\u00eda 8 caballos de carrera, una cuenta bancaria en el Bank of Boston de la calle Florida 99, una esquina en Los \u00c1ngeles (Estados Unidos), su voz fue declarada como \u201cmemoria del mundo\u201d por la Unesco y hasta dicen que un joven Arist\u00f3teles Onassis \u2013luego magnate mundial- le serv\u00eda caf\u00e9.<\/p>\n\n\n\n<p class=\"wp-block-paragraph\"><strong>10) \u2026<\/strong><\/p>\n\n\n\n<p class=\"wp-block-paragraph\">Cada d\u00eda canta mejor.<\/p>\n","protected":false},"excerpt":{"rendered":"<p>Entuertos, leyendas, especulaciones y datos reales de un personaje que no deja de movilizar el sentir de un pueblo. A 90 a\u00f1os de su muerte.<\/p>\n","protected":false},"author":1,"featured_media":4964,"comment_status":"open","ping_status":"open","sticky":false,"template":"","format":"standard","meta":{"footnotes":""},"categories":[7],"tags":[177,74],"class_list":["post-4963","post","type-post","status-publish","format-standard","has-post-thumbnail","hentry","category-noticias","tag-carlos-gardel","tag-gardel"],"yoast_head":"<!-- This site is optimized with the Yoast SEO plugin v28.4 - https:\/\/yoast.com\/product\/yoast-seo-wordpress\/ -->\n<title>Gardel: 10 datos llamativos de una leyenda inabarcable &#187; Fractura Expuesta | Tango!<\/title>\n<meta name=\"description\" content=\"Entuertos, leyendas, especulaciones y datos reales de un personaje que no deja de movilizar el sentir de un pueblo. A 90 a\u00f1os de su muerte.\" \/>\n<meta name=\"robots\" content=\"index, follow, max-snippet:-1, max-image-preview:large, max-video-preview:-1\" \/>\n<link rel=\"canonical\" href=\"https:\/\/www.fracturaexpuesta.com.ar\/gotan\/gardel-10-datos-llamativos-de-una-leyenda-inabarcable\/\" \/>\n<meta property=\"og:locale\" content=\"es_ES\" \/>\n<meta property=\"og:type\" content=\"article\" \/>\n<meta property=\"og:title\" content=\"Gardel: 10 datos llamativos de una leyenda inabarcable\" \/>\n<meta property=\"og:description\" content=\"Entuertos, leyendas, especulaciones y datos reales de un personaje que no deja de movilizar el sentir de un pueblo. A 90 a\u00f1os de su muerte.\" \/>\n<meta property=\"og:url\" content=\"https:\/\/www.fracturaexpuesta.com.ar\/gotan\/gardel-10-datos-llamativos-de-una-leyenda-inabarcable\/\" \/>\n<meta property=\"og:site_name\" content=\"Fractura Expuesta | Tango!\" \/>\n<meta property=\"article:author\" content=\"https:\/\/www.facebook.com\/fracturaexpuestaok\" \/>\n<meta property=\"article:published_time\" content=\"2025-06-24T04:01:00+00:00\" \/>\n<meta property=\"article:modified_time\" content=\"2025-06-24T13:48:35+00:00\" \/>\n<meta property=\"og:image\" content=\"https:\/\/www.fracturaexpuesta.com.ar\/gotan\/wp-content\/uploads\/2025\/06\/Gardel-a-90-anos-de-su-muerte.jpg\" \/>\n\t<meta property=\"og:image:width\" content=\"950\" \/>\n\t<meta property=\"og:image:height\" content=\"700\" \/>\n\t<meta property=\"og:image:type\" content=\"image\/jpeg\" \/>\n<meta name=\"author\" content=\"Fractura Expuesta\" \/>\n<meta name=\"twitter:card\" content=\"summary_large_image\" \/>\n<meta name=\"twitter:title\" content=\"Gardel: 10 datos llamativos de una leyenda inabarcable\" \/>\n<meta name=\"twitter:description\" content=\"Entuertos, leyendas, especulaciones y datos reales de un personaje que no deja de movilizar el sentir de un pueblo. A 90 a\u00f1os de su muerte.\" \/>\n<meta name=\"twitter:image\" content=\"https:\/\/www.fracturaexpuesta.com.ar\/gotan\/wp-content\/uploads\/2025\/06\/Gardel-a-90-anos-de-su-muerte.jpg\" \/>\n<meta name=\"twitter:creator\" content=\"@https:\/\/x.com\/fracturatango\" \/>\n<meta name=\"twitter:label1\" content=\"Escrito por\" \/>\n\t<meta name=\"twitter:data1\" content=\"Fractura Expuesta\" \/>\n\t<meta name=\"twitter:label2\" content=\"Tiempo de lectura\" \/>\n\t<meta name=\"twitter:data2\" content=\"4 minutos\" \/>\n<script type=\"application\/ld+json\" class=\"yoast-schema-graph\">{\"@context\":\"https:\\\/\\\/schema.org\",\"@graph\":[{\"@type\":\"Article\",\"@id\":\"https:\\\/\\\/www.fracturaexpuesta.com.ar\\\/gotan\\\/gardel-10-datos-llamativos-de-una-leyenda-inabarcable\\\/#article\",\"isPartOf\":{\"@id\":\"https:\\\/\\\/www.fracturaexpuesta.com.ar\\\/gotan\\\/gardel-10-datos-llamativos-de-una-leyenda-inabarcable\\\/\"},\"author\":{\"name\":\"Fractura Expuesta\",\"@id\":\"https:\\\/\\\/www.fracturaexpuesta.com.ar\\\/gotan\\\/#\\\/schema\\\/person\\\/d8266939f778485b13ad2174aa9e199e\"},\"headline\":\"Gardel: 10 datos llamativos de una leyenda inabarcable\",\"datePublished\":\"2025-06-24T04:01:00+00:00\",\"dateModified\":\"2025-06-24T13:48:35+00:00\",\"mainEntityOfPage\":{\"@id\":\"https:\\\/\\\/www.fracturaexpuesta.com.ar\\\/gotan\\\/gardel-10-datos-llamativos-de-una-leyenda-inabarcable\\\/\"},\"wordCount\":720,\"commentCount\":0,\"publisher\":{\"@id\":\"https:\\\/\\\/www.fracturaexpuesta.com.ar\\\/gotan\\\/#organization\"},\"image\":{\"@id\":\"https:\\\/\\\/www.fracturaexpuesta.com.ar\\\/gotan\\\/gardel-10-datos-llamativos-de-una-leyenda-inabarcable\\\/#primaryimage\"},\"thumbnailUrl\":\"https:\\\/\\\/www.fracturaexpuesta.com.ar\\\/gotan\\\/wp-content\\\/uploads\\\/2025\\\/06\\\/Gardel-a-90-anos-de-su-muerte.jpg\",\"keywords\":[\"carlos gardel\",\"gardel\"],\"articleSection\":[\"Noticias\"],\"inLanguage\":\"es-AR\",\"potentialAction\":[{\"@type\":\"CommentAction\",\"name\":\"Comment\",\"target\":[\"https:\\\/\\\/www.fracturaexpuesta.com.ar\\\/gotan\\\/gardel-10-datos-llamativos-de-una-leyenda-inabarcable\\\/#respond\"]}]},{\"@type\":\"WebPage\",\"@id\":\"https:\\\/\\\/www.fracturaexpuesta.com.ar\\\/gotan\\\/gardel-10-datos-llamativos-de-una-leyenda-inabarcable\\\/\",\"url\":\"https:\\\/\\\/www.fracturaexpuesta.com.ar\\\/gotan\\\/gardel-10-datos-llamativos-de-una-leyenda-inabarcable\\\/\",\"name\":\"Gardel: 10 datos llamativos de una leyenda inabarcable &#187; Fractura Expuesta | Tango!\",\"isPartOf\":{\"@id\":\"https:\\\/\\\/www.fracturaexpuesta.com.ar\\\/gotan\\\/#website\"},\"primaryImageOfPage\":{\"@id\":\"https:\\\/\\\/www.fracturaexpuesta.com.ar\\\/gotan\\\/gardel-10-datos-llamativos-de-una-leyenda-inabarcable\\\/#primaryimage\"},\"image\":{\"@id\":\"https:\\\/\\\/www.fracturaexpuesta.com.ar\\\/gotan\\\/gardel-10-datos-llamativos-de-una-leyenda-inabarcable\\\/#primaryimage\"},\"thumbnailUrl\":\"https:\\\/\\\/www.fracturaexpuesta.com.ar\\\/gotan\\\/wp-content\\\/uploads\\\/2025\\\/06\\\/Gardel-a-90-anos-de-su-muerte.jpg\",\"datePublished\":\"2025-06-24T04:01:00+00:00\",\"dateModified\":\"2025-06-24T13:48:35+00:00\",\"description\":\"Entuertos, leyendas, especulaciones y datos reales de un personaje que no deja de movilizar el sentir de un pueblo. A 90 a\u00f1os de su muerte.\",\"breadcrumb\":{\"@id\":\"https:\\\/\\\/www.fracturaexpuesta.com.ar\\\/gotan\\\/gardel-10-datos-llamativos-de-una-leyenda-inabarcable\\\/#breadcrumb\"},\"inLanguage\":\"es-AR\",\"potentialAction\":[{\"@type\":\"ReadAction\",\"target\":[\"https:\\\/\\\/www.fracturaexpuesta.com.ar\\\/gotan\\\/gardel-10-datos-llamativos-de-una-leyenda-inabarcable\\\/\"]}]},{\"@type\":\"ImageObject\",\"inLanguage\":\"es-AR\",\"@id\":\"https:\\\/\\\/www.fracturaexpuesta.com.ar\\\/gotan\\\/gardel-10-datos-llamativos-de-una-leyenda-inabarcable\\\/#primaryimage\",\"url\":\"https:\\\/\\\/www.fracturaexpuesta.com.ar\\\/gotan\\\/wp-content\\\/uploads\\\/2025\\\/06\\\/Gardel-a-90-anos-de-su-muerte.jpg\",\"contentUrl\":\"https:\\\/\\\/www.fracturaexpuesta.com.ar\\\/gotan\\\/wp-content\\\/uploads\\\/2025\\\/06\\\/Gardel-a-90-anos-de-su-muerte.jpg\",\"width\":950,\"height\":700},{\"@type\":\"BreadcrumbList\",\"@id\":\"https:\\\/\\\/www.fracturaexpuesta.com.ar\\\/gotan\\\/gardel-10-datos-llamativos-de-una-leyenda-inabarcable\\\/#breadcrumb\",\"itemListElement\":[{\"@type\":\"ListItem\",\"position\":1,\"name\":\"Inicio\",\"item\":\"https:\\\/\\\/www.fracturaexpuesta.com.ar\\\/gotan\\\/\"},{\"@type\":\"ListItem\",\"position\":2,\"name\":\"Gardel: 10 datos llamativos de una leyenda inabarcable\"}]},{\"@type\":\"WebSite\",\"@id\":\"https:\\\/\\\/www.fracturaexpuesta.com.ar\\\/gotan\\\/#website\",\"url\":\"https:\\\/\\\/www.fracturaexpuesta.com.ar\\\/gotan\\\/\",\"name\":\"Fractura Expuesta | Tango!\",\"description\":\"\",\"publisher\":{\"@id\":\"https:\\\/\\\/www.fracturaexpuesta.com.ar\\\/gotan\\\/#organization\"},\"potentialAction\":[{\"@type\":\"SearchAction\",\"target\":{\"@type\":\"EntryPoint\",\"urlTemplate\":\"https:\\\/\\\/www.fracturaexpuesta.com.ar\\\/gotan\\\/?s={search_term_string}\"},\"query-input\":{\"@type\":\"PropertyValueSpecification\",\"valueRequired\":true,\"valueName\":\"search_term_string\"}}],\"inLanguage\":\"es-AR\"},{\"@type\":\"Organization\",\"@id\":\"https:\\\/\\\/www.fracturaexpuesta.com.ar\\\/gotan\\\/#organization\",\"name\":\"Fractura Expuesta | Tango!\",\"url\":\"https:\\\/\\\/www.fracturaexpuesta.com.ar\\\/gotan\\\/\",\"logo\":{\"@type\":\"ImageObject\",\"inLanguage\":\"es-AR\",\"@id\":\"https:\\\/\\\/www.fracturaexpuesta.com.ar\\\/gotan\\\/#\\\/schema\\\/logo\\\/image\\\/\",\"url\":\"https:\\\/\\\/www.fracturaexpuesta.com.ar\\\/gotan\\\/wp-content\\\/uploads\\\/2025\\\/03\\\/avatar2centroOK.jpg\",\"contentUrl\":\"https:\\\/\\\/www.fracturaexpuesta.com.ar\\\/gotan\\\/wp-content\\\/uploads\\\/2025\\\/03\\\/avatar2centroOK.jpg\",\"width\":600,\"height\":600,\"caption\":\"Fractura Expuesta | Tango!\"},\"image\":{\"@id\":\"https:\\\/\\\/www.fracturaexpuesta.com.ar\\\/gotan\\\/#\\\/schema\\\/logo\\\/image\\\/\"}},{\"@type\":\"Person\",\"@id\":\"https:\\\/\\\/www.fracturaexpuesta.com.ar\\\/gotan\\\/#\\\/schema\\\/person\\\/d8266939f778485b13ad2174aa9e199e\",\"name\":\"Fractura Expuesta\",\"image\":{\"@type\":\"ImageObject\",\"inLanguage\":\"es-AR\",\"@id\":\"https:\\\/\\\/secure.gravatar.com\\\/avatar\\\/c4bad1eb9f93dd4a42df3aa8b8e8b882ff893fcea188ee15488a845db442d7ec?s=96&d=mm&r=g\",\"url\":\"https:\\\/\\\/secure.gravatar.com\\\/avatar\\\/c4bad1eb9f93dd4a42df3aa8b8e8b882ff893fcea188ee15488a845db442d7ec?s=96&d=mm&r=g\",\"contentUrl\":\"https:\\\/\\\/secure.gravatar.com\\\/avatar\\\/c4bad1eb9f93dd4a42df3aa8b8e8b882ff893fcea188ee15488a845db442d7ec?s=96&d=mm&r=g\",\"caption\":\"Fractura Expuesta\"},\"description\":\"Sitio de tango y noticias culturales. Desde 2003, el espacio referente del tango de estos tiempos.\",\"sameAs\":[\"https:\\\/\\\/www.fracturaexpuesta.com.ar\",\"https:\\\/\\\/www.facebook.com\\\/fracturaexpuestaok\",\"https:\\\/\\\/www.instagram.com\\\/fracturaexpuesta\",\"https:\\\/\\\/x.com\\\/https:\\\/\\\/x.com\\\/fracturatango\",\"https:\\\/\\\/www.youtube.com\\\/channel\\\/UCojA8Q0QDpnncOL8sfTHOHg\"],\"url\":\"https:\\\/\\\/www.fracturaexpuesta.com.ar\\\/gotan\\\/author\\\/fractura-expuesta\\\/\"}]}<\/script>\n<!-- \/ Yoast SEO plugin. -->","yoast_head_json":{"title":"Gardel: 10 datos llamativos de una leyenda inabarcable &#187; Fractura Expuesta | Tango!","description":"Entuertos, leyendas, especulaciones y datos reales de un personaje que no deja de movilizar el sentir de un pueblo. A 90 a\u00f1os de su muerte.","robots":{"index":"index","follow":"follow","max-snippet":"max-snippet:-1","max-image-preview":"max-image-preview:large","max-video-preview":"max-video-preview:-1"},"canonical":"https:\/\/www.fracturaexpuesta.com.ar\/gotan\/gardel-10-datos-llamativos-de-una-leyenda-inabarcable\/","og_locale":"es_ES","og_type":"article","og_title":"Gardel: 10 datos llamativos de una leyenda inabarcable","og_description":"Entuertos, leyendas, especulaciones y datos reales de un personaje que no deja de movilizar el sentir de un pueblo. A 90 a\u00f1os de su muerte.","og_url":"https:\/\/www.fracturaexpuesta.com.ar\/gotan\/gardel-10-datos-llamativos-de-una-leyenda-inabarcable\/","og_site_name":"Fractura Expuesta | Tango!","article_author":"https:\/\/www.facebook.com\/fracturaexpuestaok","article_published_time":"2025-06-24T04:01:00+00:00","article_modified_time":"2025-06-24T13:48:35+00:00","og_image":[{"width":950,"height":700,"url":"https:\/\/www.fracturaexpuesta.com.ar\/gotan\/wp-content\/uploads\/2025\/06\/Gardel-a-90-anos-de-su-muerte.jpg","type":"image\/jpeg"}],"author":"Fractura Expuesta","twitter_card":"summary_large_image","twitter_title":"Gardel: 10 datos llamativos de una leyenda inabarcable","twitter_description":"Entuertos, leyendas, especulaciones y datos reales de un personaje que no deja de movilizar el sentir de un pueblo. A 90 a\u00f1os de su muerte.","twitter_image":"https:\/\/www.fracturaexpuesta.com.ar\/gotan\/wp-content\/uploads\/2025\/06\/Gardel-a-90-anos-de-su-muerte.jpg","twitter_creator":"@https:\/\/x.com\/fracturatango","twitter_misc":{"Escrito por":"Fractura Expuesta","Tiempo de lectura":"4 minutos"},"schema":{"@context":"https:\/\/schema.org","@graph":[{"@type":"Article","@id":"https:\/\/www.fracturaexpuesta.com.ar\/gotan\/gardel-10-datos-llamativos-de-una-leyenda-inabarcable\/#article","isPartOf":{"@id":"https:\/\/www.fracturaexpuesta.com.ar\/gotan\/gardel-10-datos-llamativos-de-una-leyenda-inabarcable\/"},"author":{"name":"Fractura Expuesta","@id":"https:\/\/www.fracturaexpuesta.com.ar\/gotan\/#\/schema\/person\/d8266939f778485b13ad2174aa9e199e"},"headline":"Gardel: 10 datos llamativos de una leyenda inabarcable","datePublished":"2025-06-24T04:01:00+00:00","dateModified":"2025-06-24T13:48:35+00:00","mainEntityOfPage":{"@id":"https:\/\/www.fracturaexpuesta.com.ar\/gotan\/gardel-10-datos-llamativos-de-una-leyenda-inabarcable\/"},"wordCount":720,"commentCount":0,"publisher":{"@id":"https:\/\/www.fracturaexpuesta.com.ar\/gotan\/#organization"},"image":{"@id":"https:\/\/www.fracturaexpuesta.com.ar\/gotan\/gardel-10-datos-llamativos-de-una-leyenda-inabarcable\/#primaryimage"},"thumbnailUrl":"https:\/\/www.fracturaexpuesta.com.ar\/gotan\/wp-content\/uploads\/2025\/06\/Gardel-a-90-anos-de-su-muerte.jpg","keywords":["carlos gardel","gardel"],"articleSection":["Noticias"],"inLanguage":"es-AR","potentialAction":[{"@type":"CommentAction","name":"Comment","target":["https:\/\/www.fracturaexpuesta.com.ar\/gotan\/gardel-10-datos-llamativos-de-una-leyenda-inabarcable\/#respond"]}]},{"@type":"WebPage","@id":"https:\/\/www.fracturaexpuesta.com.ar\/gotan\/gardel-10-datos-llamativos-de-una-leyenda-inabarcable\/","url":"https:\/\/www.fracturaexpuesta.com.ar\/gotan\/gardel-10-datos-llamativos-de-una-leyenda-inabarcable\/","name":"Gardel: 10 datos llamativos de una leyenda inabarcable &#187; Fractura Expuesta | Tango!","isPartOf":{"@id":"https:\/\/www.fracturaexpuesta.com.ar\/gotan\/#website"},"primaryImageOfPage":{"@id":"https:\/\/www.fracturaexpuesta.com.ar\/gotan\/gardel-10-datos-llamativos-de-una-leyenda-inabarcable\/#primaryimage"},"image":{"@id":"https:\/\/www.fracturaexpuesta.com.ar\/gotan\/gardel-10-datos-llamativos-de-una-leyenda-inabarcable\/#primaryimage"},"thumbnailUrl":"https:\/\/www.fracturaexpuesta.com.ar\/gotan\/wp-content\/uploads\/2025\/06\/Gardel-a-90-anos-de-su-muerte.jpg","datePublished":"2025-06-24T04:01:00+00:00","dateModified":"2025-06-24T13:48:35+00:00","description":"Entuertos, leyendas, especulaciones y datos reales de un personaje que no deja de movilizar el sentir de un pueblo. A 90 a\u00f1os de su muerte.","breadcrumb":{"@id":"https:\/\/www.fracturaexpuesta.com.ar\/gotan\/gardel-10-datos-llamativos-de-una-leyenda-inabarcable\/#breadcrumb"},"inLanguage":"es-AR","potentialAction":[{"@type":"ReadAction","target":["https:\/\/www.fracturaexpuesta.com.ar\/gotan\/gardel-10-datos-llamativos-de-una-leyenda-inabarcable\/"]}]},{"@type":"ImageObject","inLanguage":"es-AR","@id":"https:\/\/www.fracturaexpuesta.com.ar\/gotan\/gardel-10-datos-llamativos-de-una-leyenda-inabarcable\/#primaryimage","url":"https:\/\/www.fracturaexpuesta.com.ar\/gotan\/wp-content\/uploads\/2025\/06\/Gardel-a-90-anos-de-su-muerte.jpg","contentUrl":"https:\/\/www.fracturaexpuesta.com.ar\/gotan\/wp-content\/uploads\/2025\/06\/Gardel-a-90-anos-de-su-muerte.jpg","width":950,"height":700},{"@type":"BreadcrumbList","@id":"https:\/\/www.fracturaexpuesta.com.ar\/gotan\/gardel-10-datos-llamativos-de-una-leyenda-inabarcable\/#breadcrumb","itemListElement":[{"@type":"ListItem","position":1,"name":"Inicio","item":"https:\/\/www.fracturaexpuesta.com.ar\/gotan\/"},{"@type":"ListItem","position":2,"name":"Gardel: 10 datos llamativos de una leyenda inabarcable"}]},{"@type":"WebSite","@id":"https:\/\/www.fracturaexpuesta.com.ar\/gotan\/#website","url":"https:\/\/www.fracturaexpuesta.com.ar\/gotan\/","name":"Fractura Expuesta | Tango!","description":"","publisher":{"@id":"https:\/\/www.fracturaexpuesta.com.ar\/gotan\/#organization"},"potentialAction":[{"@type":"SearchAction","target":{"@type":"EntryPoint","urlTemplate":"https:\/\/www.fracturaexpuesta.com.ar\/gotan\/?s={search_term_string}"},"query-input":{"@type":"PropertyValueSpecification","valueRequired":true,"valueName":"search_term_string"}}],"inLanguage":"es-AR"},{"@type":"Organization","@id":"https:\/\/www.fracturaexpuesta.com.ar\/gotan\/#organization","name":"Fractura Expuesta | Tango!","url":"https:\/\/www.fracturaexpuesta.com.ar\/gotan\/","logo":{"@type":"ImageObject","inLanguage":"es-AR","@id":"https:\/\/www.fracturaexpuesta.com.ar\/gotan\/#\/schema\/logo\/image\/","url":"https:\/\/www.fracturaexpuesta.com.ar\/gotan\/wp-content\/uploads\/2025\/03\/avatar2centroOK.jpg","contentUrl":"https:\/\/www.fracturaexpuesta.com.ar\/gotan\/wp-content\/uploads\/2025\/03\/avatar2centroOK.jpg","width":600,"height":600,"caption":"Fractura Expuesta | Tango!"},"image":{"@id":"https:\/\/www.fracturaexpuesta.com.ar\/gotan\/#\/schema\/logo\/image\/"}},{"@type":"Person","@id":"https:\/\/www.fracturaexpuesta.com.ar\/gotan\/#\/schema\/person\/d8266939f778485b13ad2174aa9e199e","name":"Fractura Expuesta","image":{"@type":"ImageObject","inLanguage":"es-AR","@id":"https:\/\/secure.gravatar.com\/avatar\/c4bad1eb9f93dd4a42df3aa8b8e8b882ff893fcea188ee15488a845db442d7ec?s=96&d=mm&r=g","url":"https:\/\/secure.gravatar.com\/avatar\/c4bad1eb9f93dd4a42df3aa8b8e8b882ff893fcea188ee15488a845db442d7ec?s=96&d=mm&r=g","contentUrl":"https:\/\/secure.gravatar.com\/avatar\/c4bad1eb9f93dd4a42df3aa8b8e8b882ff893fcea188ee15488a845db442d7ec?s=96&d=mm&r=g","caption":"Fractura Expuesta"},"description":"Sitio de tango y noticias culturales. Desde 2003, el espacio referente del tango de estos tiempos.","sameAs":["https:\/\/www.fracturaexpuesta.com.ar","https:\/\/www.facebook.com\/fracturaexpuestaok","https:\/\/www.instagram.com\/fracturaexpuesta","https:\/\/x.com\/https:\/\/x.com\/fracturatango","https:\/\/www.youtube.com\/channel\/UCojA8Q0QDpnncOL8sfTHOHg"],"url":"https:\/\/www.fracturaexpuesta.com.ar\/gotan\/author\/fractura-expuesta\/"}]}},"_links":{"self":[{"href":"https:\/\/www.fracturaexpuesta.com.ar\/gotan\/wp-json\/wp\/v2\/posts\/4963","targetHints":{"allow":["GET"]}}],"collection":[{"href":"https:\/\/www.fracturaexpuesta.com.ar\/gotan\/wp-json\/wp\/v2\/posts"}],"about":[{"href":"https:\/\/www.fracturaexpuesta.com.ar\/gotan\/wp-json\/wp\/v2\/types\/post"}],"author":[{"embeddable":true,"href":"https:\/\/www.fracturaexpuesta.com.ar\/gotan\/wp-json\/wp\/v2\/users\/1"}],"replies":[{"embeddable":true,"href":"https:\/\/www.fracturaexpuesta.com.ar\/gotan\/wp-json\/wp\/v2\/comments?post=4963"}],"version-history":[{"count":14,"href":"https:\/\/www.fracturaexpuesta.com.ar\/gotan\/wp-json\/wp\/v2\/posts\/4963\/revisions"}],"predecessor-version":[{"id":4982,"href":"https:\/\/www.fracturaexpuesta.com.ar\/gotan\/wp-json\/wp\/v2\/posts\/4963\/revisions\/4982"}],"wp:featuredmedia":[{"embeddable":true,"href":"https:\/\/www.fracturaexpuesta.com.ar\/gotan\/wp-json\/wp\/v2\/media\/4964"}],"wp:attachment":[{"href":"https:\/\/www.fracturaexpuesta.com.ar\/gotan\/wp-json\/wp\/v2\/media?parent=4963"}],"wp:term":[{"taxonomy":"category","embeddable":true,"href":"https:\/\/www.fracturaexpuesta.com.ar\/gotan\/wp-json\/wp\/v2\/categories?post=4963"},{"taxonomy":"post_tag","embeddable":true,"href":"https:\/\/www.fracturaexpuesta.com.ar\/gotan\/wp-json\/wp\/v2\/tags?post=4963"}],"curies":[{"name":"wp","href":"https:\/\/api.w.org\/{rel}","templated":true}]}}