{"id":5110,"date":"2025-07-28T14:56:53","date_gmt":"2025-07-28T17:56:53","guid":{"rendered":"https:\/\/www.fracturaexpuesta.com.ar\/gotan\/?p=5110"},"modified":"2025-07-28T15:14:42","modified_gmt":"2025-07-28T18:14:42","slug":"remasterizan-y-reeditan-el-disco-tango-en-hi-fi-de-astor-piazzolla","status":"publish","type":"post","link":"https:\/\/www.fracturaexpuesta.com.ar\/gotan\/remasterizan-y-reeditan-el-disco-tango-en-hi-fi-de-astor-piazzolla\/","title":{"rendered":"Remasterizan y reeditan el disco Tango en Hi-Fi de Astor Piazzolla"},"content":{"rendered":"\n<p class=\"wp-block-paragraph\">Grabado en 1957 y editado por primera vez en 1959, el \u00e1lbum <strong><em>Tango en Hi-Fi<\/em> de Astor Piazzolla<\/strong> anticipa el estilo singular que el bandoneonista desarroll\u00f3 en la d\u00e9cada siguiente.<\/p>\n\n\n\n<p class=\"wp-block-paragraph\">Ahora, como parte de la recuperaci\u00f3n del cat\u00e1logo del sello Music Hall que viene llevando adelante el Instituto Nacional de la M\u00fasica (INAMU), el disco reaparece <strong>remasterizado a partir de las cintas originales<\/strong>.<\/p>\n\n\n\n<p class=\"wp-block-paragraph\">La reedici\u00f3n, trabajada en el sonido por el productor e ingeniero de grabaci\u00f3n <strong>Gustavo Gauvry<\/strong>, incluye dos versiones <strong>instrumentales in\u00e9ditas<\/strong>: \u2018Fuimos\u2019 y \u2018Siempre Par\u00eds\u2019.<\/p>\n\n\n\n<p class=\"wp-block-paragraph\">El disco cont\u00f3 los arreglos y la direcci\u00f3n de Astor Piazzolla junto con una formaci\u00f3n que completaron Elvino Vardaro (viol\u00edn), Jaime Gosis (piano), Jos\u00e9 Bragato (cello) y Juan Vasallo (contrabajo).<\/p>\n\n\n\n<p class=\"wp-block-paragraph\">La nueva edici\u00f3n digital se puede<a href=\"https:\/\/music.youtube.com\/playlist?list=OLAK5uy_mVLWeoaUZR8YK0LPgzt8raCPZd0CMiFt4\" target=\"_blank\" rel=\"noreferrer noopener\"> escuchar en las principales plataformas musicales<\/a>.<\/p>\n\n\n\n<figure class=\"wp-block-image size-full is-resized\"><img loading=\"lazy\" decoding=\"async\" width=\"800\" height=\"437\" src=\"https:\/\/www.fracturaexpuesta.com.ar\/gotan\/wp-content\/uploads\/2025\/07\/astor-piazzolla-tango-en-hi-fi-1.jpg\" alt=\"\" class=\"wp-image-5114\" style=\"width:798px;height:auto\" srcset=\"https:\/\/www.fracturaexpuesta.com.ar\/gotan\/wp-content\/uploads\/2025\/07\/astor-piazzolla-tango-en-hi-fi-1.jpg 800w, https:\/\/www.fracturaexpuesta.com.ar\/gotan\/wp-content\/uploads\/2025\/07\/astor-piazzolla-tango-en-hi-fi-1-300x164.jpg 300w, https:\/\/www.fracturaexpuesta.com.ar\/gotan\/wp-content\/uploads\/2025\/07\/astor-piazzolla-tango-en-hi-fi-1-768x420.jpg 768w, https:\/\/www.fracturaexpuesta.com.ar\/gotan\/wp-content\/uploads\/2025\/07\/astor-piazzolla-tango-en-hi-fi-1-60x33.jpg 60w\" sizes=\"auto, (max-width: 800px) 100vw, 800px\" \/><figcaption class=\"wp-element-caption\"><em><mark style=\"background-color:rgba(0, 0, 0, 0)\" class=\"has-inline-color has-cyan-bluish-gray-color\">Las cintas originales del disco de Piazzolla.<\/mark><\/em><\/figcaption><\/figure>\n\n\n\n<h2 class=\"wp-block-heading\"><strong>Un disco de transici\u00f3n y discutido<\/strong><\/h2>\n\n\n\n<p class=\"wp-block-paragraph\"><em>Tango en Hi-Fi<\/em> es un documento sonoro que da cuenta de <strong>una transici\u00f3n en marcha<\/strong>. El tango cruzaba la frontera de la modernidad sin romper del todo con su tradici\u00f3n.\u00a0En los arreglos se puede apreciar al bandone\u00f3n como solista, con l\u00edneas mel\u00f3dicas y t\u00e9cnicas destacadas, mientras la orquesta de cuerdas acompa\u00f1a, dialoga o contrasta con \u00e9l, caracter\u00edstica novedosa y rupturista para la \u00e9poca.<\/p>\n\n\n\n<p class=\"wp-block-paragraph\">Se suma a eso el formato del proyecto que se aleja de la tradicional orquesta t\u00edpica, sirviendo de <strong>puente<\/strong> entre el experimentalismo del Octeto Buenos Aires (1955-58) y la formaci\u00f3n del Quinteto Nuevo Tango (a partir de 1960). La propuesta represent\u00f3 una verdadera innovaci\u00f3n para el g\u00e9nero y el momento.<\/p>\n\n\n\n<p class=\"wp-block-paragraph\">Un ejemplo es la versi\u00f3n de \u201cLa cumparsita\u201d donde queda demostrado el esp\u00edritu moderno sin abandonar lo tradicional. Sin embargo, <strong>la recepci\u00f3n fue dif\u00edcil<\/strong>, en especial para los tangueros tradicionales, que usaron este disco para profundizar su cr\u00edtica hacia Piazzolla como \u201casesino del tango\u201d, rechazando su influencia en la evoluci\u00f3n del g\u00e9nero en aquel tiempo.<\/p>\n\n\n\n<figure class=\"wp-block-image size-large\"><img loading=\"lazy\" decoding=\"async\" width=\"1024\" height=\"818\" src=\"https:\/\/www.fracturaexpuesta.com.ar\/gotan\/wp-content\/uploads\/2025\/03\/astor-piazzolla-1024x818.jpg\" alt=\"Astor Piazzolla\" class=\"wp-image-4314\" srcset=\"https:\/\/www.fracturaexpuesta.com.ar\/gotan\/wp-content\/uploads\/2025\/03\/astor-piazzolla-1024x818.jpg 1024w, https:\/\/www.fracturaexpuesta.com.ar\/gotan\/wp-content\/uploads\/2025\/03\/astor-piazzolla-300x240.jpg 300w, https:\/\/www.fracturaexpuesta.com.ar\/gotan\/wp-content\/uploads\/2025\/03\/astor-piazzolla-768x614.jpg 768w, https:\/\/www.fracturaexpuesta.com.ar\/gotan\/wp-content\/uploads\/2025\/03\/astor-piazzolla-60x48.jpg 60w, https:\/\/www.fracturaexpuesta.com.ar\/gotan\/wp-content\/uploads\/2025\/03\/astor-piazzolla-480x384.jpg 480w, https:\/\/www.fracturaexpuesta.com.ar\/gotan\/wp-content\/uploads\/2025\/03\/astor-piazzolla.jpg 1036w\" sizes=\"auto, (max-width: 1024px) 100vw, 1024px\" \/><figcaption class=\"wp-element-caption\"><em><mark style=\"background-color:rgba(0, 0, 0, 0)\" class=\"has-inline-color has-cyan-bluish-gray-color\">Astor Piazzolla<\/mark><\/em><\/figcaption><\/figure>\n\n\n\n<h2 class=\"wp-block-heading\">Los temas del disco<\/h2>\n\n\n\n<ol class=\"wp-block-list\">\n<li>Tango del \u00e1ngel (Astor Piazzolla)<\/li>\n\n\n\n<li>Melanc\u00f3lico Buenos Aires (Astor Piazzolla)<\/li>\n\n\n\n<li>Loca bohemia (Francisco De Caro &#8211; Dante A. Linyera)<\/li>\n\n\n\n<li>Siempre Par\u00eds (Virgilio y Homero Exp\u00f3sito) Canta: Jorge Sobral<\/li>\n\n\n\n<li>Tres minutos con la realidad (Astor Piazzolla)<\/li>\n\n\n\n<li>La cumparsita (Gerardo Hern\u00e1n Matos Rodr\u00edguez &#8211; Pascual Contursi &#8211; Enrique P. Maroni)<\/li>\n\n\n\n<li>Fuimos (Jos\u00e9 Dames &#8211; Homero Manzi) Canta: Jorge Sobral<\/li>\n\n\n\n<li>Del bajo fondo -tango- (Jos\u00e9 y Osvaldo Tarantino)<\/li>\n\n\n\n<li>Inspiraci\u00f3n (Peregrino Paulos &#8211; Luis Rubistein)<\/li>\n\n\n\n<li>Prep\u00e1rense (Astor Piazzolla)<\/li>\n<\/ol>\n","protected":false},"excerpt":{"rendered":"<p>Es una reedici\u00f3n digital remasterizada a partir de las cintas originales y con dos temas in\u00e9ditos.<\/p>\n","protected":false},"author":1,"featured_media":5111,"comment_status":"open","ping_status":"open","sticky":false,"template":"","format":"standard","meta":{"footnotes":""},"categories":[122],"tags":[125,81,192],"class_list":["post-5110","post","type-post","status-publish","format-standard","has-post-thumbnail","hentry","category-radar-tango","tag-astor-piazzolla","tag-discos","tag-inamu"],"yoast_head":"<!-- This site is optimized with the Yoast SEO plugin v28.4 - https:\/\/yoast.com\/product\/yoast-seo-wordpress\/ -->\n<title>Remasterizan y reeditan el disco Tango en Hi-Fi de Astor Piazzolla &#187; Fractura Expuesta | Tango!<\/title>\n<meta name=\"description\" content=\"Es una reedici\u00f3n digital remasterizada a partir de las cintas originales y con dos temas in\u00e9ditos.\" \/>\n<meta name=\"robots\" content=\"index, follow, max-snippet:-1, max-image-preview:large, max-video-preview:-1\" \/>\n<link rel=\"canonical\" href=\"https:\/\/www.fracturaexpuesta.com.ar\/gotan\/remasterizan-y-reeditan-el-disco-tango-en-hi-fi-de-astor-piazzolla\/\" \/>\n<meta property=\"og:locale\" content=\"es_ES\" \/>\n<meta property=\"og:type\" content=\"article\" \/>\n<meta property=\"og:title\" content=\"Remasterizan y reeditan el disco Tango en Hi-Fi de Astor Piazzolla &#187; Fractura Expuesta | Tango!\" \/>\n<meta property=\"og:description\" content=\"Es una reedici\u00f3n digital remasterizada a partir de las cintas originales y con dos temas in\u00e9ditos.\" \/>\n<meta property=\"og:url\" content=\"https:\/\/www.fracturaexpuesta.com.ar\/gotan\/remasterizan-y-reeditan-el-disco-tango-en-hi-fi-de-astor-piazzolla\/\" \/>\n<meta property=\"og:site_name\" content=\"Fractura Expuesta | Tango!\" \/>\n<meta property=\"article:author\" content=\"https:\/\/www.facebook.com\/fracturaexpuestaok\" \/>\n<meta property=\"article:published_time\" content=\"2025-07-28T17:56:53+00:00\" \/>\n<meta property=\"article:modified_time\" content=\"2025-07-28T18:14:42+00:00\" \/>\n<meta property=\"og:image\" content=\"https:\/\/www.fracturaexpuesta.com.ar\/gotan\/wp-content\/uploads\/2025\/07\/astor-piazzolla-tango-en-hi-fi.jpg\" \/>\n\t<meta property=\"og:image:width\" content=\"950\" \/>\n\t<meta property=\"og:image:height\" content=\"700\" \/>\n\t<meta property=\"og:image:type\" content=\"image\/jpeg\" \/>\n<meta name=\"author\" content=\"Fractura Expuesta\" \/>\n<meta name=\"twitter:card\" content=\"summary_large_image\" \/>\n<meta name=\"twitter:creator\" content=\"@https:\/\/x.com\/fracturatango\" \/>\n<meta name=\"twitter:label1\" content=\"Escrito por\" \/>\n\t<meta name=\"twitter:data1\" content=\"Fractura Expuesta\" \/>\n\t<meta name=\"twitter:label2\" content=\"Tiempo de lectura\" \/>\n\t<meta name=\"twitter:data2\" content=\"3 minutos\" \/>\n<script type=\"application\/ld+json\" class=\"yoast-schema-graph\">{\"@context\":\"https:\\\/\\\/schema.org\",\"@graph\":[{\"@type\":\"Article\",\"@id\":\"https:\\\/\\\/www.fracturaexpuesta.com.ar\\\/gotan\\\/remasterizan-y-reeditan-el-disco-tango-en-hi-fi-de-astor-piazzolla\\\/#article\",\"isPartOf\":{\"@id\":\"https:\\\/\\\/www.fracturaexpuesta.com.ar\\\/gotan\\\/remasterizan-y-reeditan-el-disco-tango-en-hi-fi-de-astor-piazzolla\\\/\"},\"author\":{\"name\":\"Fractura Expuesta\",\"@id\":\"https:\\\/\\\/www.fracturaexpuesta.com.ar\\\/gotan\\\/#\\\/schema\\\/person\\\/d8266939f778485b13ad2174aa9e199e\"},\"headline\":\"Remasterizan y reeditan el disco Tango en Hi-Fi de Astor Piazzolla\",\"datePublished\":\"2025-07-28T17:56:53+00:00\",\"dateModified\":\"2025-07-28T18:14:42+00:00\",\"mainEntityOfPage\":{\"@id\":\"https:\\\/\\\/www.fracturaexpuesta.com.ar\\\/gotan\\\/remasterizan-y-reeditan-el-disco-tango-en-hi-fi-de-astor-piazzolla\\\/\"},\"wordCount\":438,\"commentCount\":0,\"publisher\":{\"@id\":\"https:\\\/\\\/www.fracturaexpuesta.com.ar\\\/gotan\\\/#organization\"},\"image\":{\"@id\":\"https:\\\/\\\/www.fracturaexpuesta.com.ar\\\/gotan\\\/remasterizan-y-reeditan-el-disco-tango-en-hi-fi-de-astor-piazzolla\\\/#primaryimage\"},\"thumbnailUrl\":\"https:\\\/\\\/www.fracturaexpuesta.com.ar\\\/gotan\\\/wp-content\\\/uploads\\\/2025\\\/07\\\/astor-piazzolla-tango-en-hi-fi.jpg\",\"keywords\":[\"astor piazzolla\",\"discos\",\"INAMU\"],\"articleSection\":[\"Radar Tango\"],\"inLanguage\":\"es-AR\",\"potentialAction\":[{\"@type\":\"CommentAction\",\"name\":\"Comment\",\"target\":[\"https:\\\/\\\/www.fracturaexpuesta.com.ar\\\/gotan\\\/remasterizan-y-reeditan-el-disco-tango-en-hi-fi-de-astor-piazzolla\\\/#respond\"]}]},{\"@type\":\"WebPage\",\"@id\":\"https:\\\/\\\/www.fracturaexpuesta.com.ar\\\/gotan\\\/remasterizan-y-reeditan-el-disco-tango-en-hi-fi-de-astor-piazzolla\\\/\",\"url\":\"https:\\\/\\\/www.fracturaexpuesta.com.ar\\\/gotan\\\/remasterizan-y-reeditan-el-disco-tango-en-hi-fi-de-astor-piazzolla\\\/\",\"name\":\"Remasterizan y reeditan el disco Tango en Hi-Fi de Astor Piazzolla &#187; Fractura Expuesta | Tango!\",\"isPartOf\":{\"@id\":\"https:\\\/\\\/www.fracturaexpuesta.com.ar\\\/gotan\\\/#website\"},\"primaryImageOfPage\":{\"@id\":\"https:\\\/\\\/www.fracturaexpuesta.com.ar\\\/gotan\\\/remasterizan-y-reeditan-el-disco-tango-en-hi-fi-de-astor-piazzolla\\\/#primaryimage\"},\"image\":{\"@id\":\"https:\\\/\\\/www.fracturaexpuesta.com.ar\\\/gotan\\\/remasterizan-y-reeditan-el-disco-tango-en-hi-fi-de-astor-piazzolla\\\/#primaryimage\"},\"thumbnailUrl\":\"https:\\\/\\\/www.fracturaexpuesta.com.ar\\\/gotan\\\/wp-content\\\/uploads\\\/2025\\\/07\\\/astor-piazzolla-tango-en-hi-fi.jpg\",\"datePublished\":\"2025-07-28T17:56:53+00:00\",\"dateModified\":\"2025-07-28T18:14:42+00:00\",\"description\":\"Es una reedici\u00f3n digital remasterizada a partir de las cintas originales y con dos temas in\u00e9ditos.\",\"breadcrumb\":{\"@id\":\"https:\\\/\\\/www.fracturaexpuesta.com.ar\\\/gotan\\\/remasterizan-y-reeditan-el-disco-tango-en-hi-fi-de-astor-piazzolla\\\/#breadcrumb\"},\"inLanguage\":\"es-AR\",\"potentialAction\":[{\"@type\":\"ReadAction\",\"target\":[\"https:\\\/\\\/www.fracturaexpuesta.com.ar\\\/gotan\\\/remasterizan-y-reeditan-el-disco-tango-en-hi-fi-de-astor-piazzolla\\\/\"]}]},{\"@type\":\"ImageObject\",\"inLanguage\":\"es-AR\",\"@id\":\"https:\\\/\\\/www.fracturaexpuesta.com.ar\\\/gotan\\\/remasterizan-y-reeditan-el-disco-tango-en-hi-fi-de-astor-piazzolla\\\/#primaryimage\",\"url\":\"https:\\\/\\\/www.fracturaexpuesta.com.ar\\\/gotan\\\/wp-content\\\/uploads\\\/2025\\\/07\\\/astor-piazzolla-tango-en-hi-fi.jpg\",\"contentUrl\":\"https:\\\/\\\/www.fracturaexpuesta.com.ar\\\/gotan\\\/wp-content\\\/uploads\\\/2025\\\/07\\\/astor-piazzolla-tango-en-hi-fi.jpg\",\"width\":950,\"height\":700,\"caption\":\"La portada original del disco de 1959.\"},{\"@type\":\"BreadcrumbList\",\"@id\":\"https:\\\/\\\/www.fracturaexpuesta.com.ar\\\/gotan\\\/remasterizan-y-reeditan-el-disco-tango-en-hi-fi-de-astor-piazzolla\\\/#breadcrumb\",\"itemListElement\":[{\"@type\":\"ListItem\",\"position\":1,\"name\":\"Inicio\",\"item\":\"https:\\\/\\\/www.fracturaexpuesta.com.ar\\\/gotan\\\/\"},{\"@type\":\"ListItem\",\"position\":2,\"name\":\"Remasterizan y reeditan el disco Tango en Hi-Fi de Astor Piazzolla\"}]},{\"@type\":\"WebSite\",\"@id\":\"https:\\\/\\\/www.fracturaexpuesta.com.ar\\\/gotan\\\/#website\",\"url\":\"https:\\\/\\\/www.fracturaexpuesta.com.ar\\\/gotan\\\/\",\"name\":\"Fractura Expuesta | Tango!\",\"description\":\"\",\"publisher\":{\"@id\":\"https:\\\/\\\/www.fracturaexpuesta.com.ar\\\/gotan\\\/#organization\"},\"potentialAction\":[{\"@type\":\"SearchAction\",\"target\":{\"@type\":\"EntryPoint\",\"urlTemplate\":\"https:\\\/\\\/www.fracturaexpuesta.com.ar\\\/gotan\\\/?s={search_term_string}\"},\"query-input\":{\"@type\":\"PropertyValueSpecification\",\"valueRequired\":true,\"valueName\":\"search_term_string\"}}],\"inLanguage\":\"es-AR\"},{\"@type\":\"Organization\",\"@id\":\"https:\\\/\\\/www.fracturaexpuesta.com.ar\\\/gotan\\\/#organization\",\"name\":\"Fractura Expuesta | Tango!\",\"url\":\"https:\\\/\\\/www.fracturaexpuesta.com.ar\\\/gotan\\\/\",\"logo\":{\"@type\":\"ImageObject\",\"inLanguage\":\"es-AR\",\"@id\":\"https:\\\/\\\/www.fracturaexpuesta.com.ar\\\/gotan\\\/#\\\/schema\\\/logo\\\/image\\\/\",\"url\":\"https:\\\/\\\/www.fracturaexpuesta.com.ar\\\/gotan\\\/wp-content\\\/uploads\\\/2025\\\/03\\\/avatar2centroOK.jpg\",\"contentUrl\":\"https:\\\/\\\/www.fracturaexpuesta.com.ar\\\/gotan\\\/wp-content\\\/uploads\\\/2025\\\/03\\\/avatar2centroOK.jpg\",\"width\":600,\"height\":600,\"caption\":\"Fractura Expuesta | Tango!\"},\"image\":{\"@id\":\"https:\\\/\\\/www.fracturaexpuesta.com.ar\\\/gotan\\\/#\\\/schema\\\/logo\\\/image\\\/\"}},{\"@type\":\"Person\",\"@id\":\"https:\\\/\\\/www.fracturaexpuesta.com.ar\\\/gotan\\\/#\\\/schema\\\/person\\\/d8266939f778485b13ad2174aa9e199e\",\"name\":\"Fractura Expuesta\",\"image\":{\"@type\":\"ImageObject\",\"inLanguage\":\"es-AR\",\"@id\":\"https:\\\/\\\/secure.gravatar.com\\\/avatar\\\/c4bad1eb9f93dd4a42df3aa8b8e8b882ff893fcea188ee15488a845db442d7ec?s=96&d=mm&r=g\",\"url\":\"https:\\\/\\\/secure.gravatar.com\\\/avatar\\\/c4bad1eb9f93dd4a42df3aa8b8e8b882ff893fcea188ee15488a845db442d7ec?s=96&d=mm&r=g\",\"contentUrl\":\"https:\\\/\\\/secure.gravatar.com\\\/avatar\\\/c4bad1eb9f93dd4a42df3aa8b8e8b882ff893fcea188ee15488a845db442d7ec?s=96&d=mm&r=g\",\"caption\":\"Fractura Expuesta\"},\"description\":\"Sitio de tango y noticias culturales. Desde 2003, el espacio referente del tango de estos tiempos.\",\"sameAs\":[\"https:\\\/\\\/www.fracturaexpuesta.com.ar\",\"https:\\\/\\\/www.facebook.com\\\/fracturaexpuestaok\",\"https:\\\/\\\/www.instagram.com\\\/fracturaexpuesta\",\"https:\\\/\\\/x.com\\\/https:\\\/\\\/x.com\\\/fracturatango\",\"https:\\\/\\\/www.youtube.com\\\/channel\\\/UCojA8Q0QDpnncOL8sfTHOHg\"],\"url\":\"https:\\\/\\\/www.fracturaexpuesta.com.ar\\\/gotan\\\/author\\\/fractura-expuesta\\\/\"}]}<\/script>\n<!-- \/ Yoast SEO plugin. -->","yoast_head_json":{"title":"Remasterizan y reeditan el disco Tango en Hi-Fi de Astor Piazzolla &#187; Fractura Expuesta | Tango!","description":"Es una reedici\u00f3n digital remasterizada a partir de las cintas originales y con dos temas in\u00e9ditos.","robots":{"index":"index","follow":"follow","max-snippet":"max-snippet:-1","max-image-preview":"max-image-preview:large","max-video-preview":"max-video-preview:-1"},"canonical":"https:\/\/www.fracturaexpuesta.com.ar\/gotan\/remasterizan-y-reeditan-el-disco-tango-en-hi-fi-de-astor-piazzolla\/","og_locale":"es_ES","og_type":"article","og_title":"Remasterizan y reeditan el disco Tango en Hi-Fi de Astor Piazzolla &#187; Fractura Expuesta | Tango!","og_description":"Es una reedici\u00f3n digital remasterizada a partir de las cintas originales y con dos temas in\u00e9ditos.","og_url":"https:\/\/www.fracturaexpuesta.com.ar\/gotan\/remasterizan-y-reeditan-el-disco-tango-en-hi-fi-de-astor-piazzolla\/","og_site_name":"Fractura Expuesta | Tango!","article_author":"https:\/\/www.facebook.com\/fracturaexpuestaok","article_published_time":"2025-07-28T17:56:53+00:00","article_modified_time":"2025-07-28T18:14:42+00:00","og_image":[{"width":950,"height":700,"url":"https:\/\/www.fracturaexpuesta.com.ar\/gotan\/wp-content\/uploads\/2025\/07\/astor-piazzolla-tango-en-hi-fi.jpg","type":"image\/jpeg"}],"author":"Fractura Expuesta","twitter_card":"summary_large_image","twitter_creator":"@https:\/\/x.com\/fracturatango","twitter_misc":{"Escrito por":"Fractura Expuesta","Tiempo de lectura":"3 minutos"},"schema":{"@context":"https:\/\/schema.org","@graph":[{"@type":"Article","@id":"https:\/\/www.fracturaexpuesta.com.ar\/gotan\/remasterizan-y-reeditan-el-disco-tango-en-hi-fi-de-astor-piazzolla\/#article","isPartOf":{"@id":"https:\/\/www.fracturaexpuesta.com.ar\/gotan\/remasterizan-y-reeditan-el-disco-tango-en-hi-fi-de-astor-piazzolla\/"},"author":{"name":"Fractura Expuesta","@id":"https:\/\/www.fracturaexpuesta.com.ar\/gotan\/#\/schema\/person\/d8266939f778485b13ad2174aa9e199e"},"headline":"Remasterizan y reeditan el disco Tango en Hi-Fi de Astor Piazzolla","datePublished":"2025-07-28T17:56:53+00:00","dateModified":"2025-07-28T18:14:42+00:00","mainEntityOfPage":{"@id":"https:\/\/www.fracturaexpuesta.com.ar\/gotan\/remasterizan-y-reeditan-el-disco-tango-en-hi-fi-de-astor-piazzolla\/"},"wordCount":438,"commentCount":0,"publisher":{"@id":"https:\/\/www.fracturaexpuesta.com.ar\/gotan\/#organization"},"image":{"@id":"https:\/\/www.fracturaexpuesta.com.ar\/gotan\/remasterizan-y-reeditan-el-disco-tango-en-hi-fi-de-astor-piazzolla\/#primaryimage"},"thumbnailUrl":"https:\/\/www.fracturaexpuesta.com.ar\/gotan\/wp-content\/uploads\/2025\/07\/astor-piazzolla-tango-en-hi-fi.jpg","keywords":["astor piazzolla","discos","INAMU"],"articleSection":["Radar Tango"],"inLanguage":"es-AR","potentialAction":[{"@type":"CommentAction","name":"Comment","target":["https:\/\/www.fracturaexpuesta.com.ar\/gotan\/remasterizan-y-reeditan-el-disco-tango-en-hi-fi-de-astor-piazzolla\/#respond"]}]},{"@type":"WebPage","@id":"https:\/\/www.fracturaexpuesta.com.ar\/gotan\/remasterizan-y-reeditan-el-disco-tango-en-hi-fi-de-astor-piazzolla\/","url":"https:\/\/www.fracturaexpuesta.com.ar\/gotan\/remasterizan-y-reeditan-el-disco-tango-en-hi-fi-de-astor-piazzolla\/","name":"Remasterizan y reeditan el disco Tango en Hi-Fi de Astor Piazzolla &#187; Fractura Expuesta | Tango!","isPartOf":{"@id":"https:\/\/www.fracturaexpuesta.com.ar\/gotan\/#website"},"primaryImageOfPage":{"@id":"https:\/\/www.fracturaexpuesta.com.ar\/gotan\/remasterizan-y-reeditan-el-disco-tango-en-hi-fi-de-astor-piazzolla\/#primaryimage"},"image":{"@id":"https:\/\/www.fracturaexpuesta.com.ar\/gotan\/remasterizan-y-reeditan-el-disco-tango-en-hi-fi-de-astor-piazzolla\/#primaryimage"},"thumbnailUrl":"https:\/\/www.fracturaexpuesta.com.ar\/gotan\/wp-content\/uploads\/2025\/07\/astor-piazzolla-tango-en-hi-fi.jpg","datePublished":"2025-07-28T17:56:53+00:00","dateModified":"2025-07-28T18:14:42+00:00","description":"Es una reedici\u00f3n digital remasterizada a partir de las cintas originales y con dos temas in\u00e9ditos.","breadcrumb":{"@id":"https:\/\/www.fracturaexpuesta.com.ar\/gotan\/remasterizan-y-reeditan-el-disco-tango-en-hi-fi-de-astor-piazzolla\/#breadcrumb"},"inLanguage":"es-AR","potentialAction":[{"@type":"ReadAction","target":["https:\/\/www.fracturaexpuesta.com.ar\/gotan\/remasterizan-y-reeditan-el-disco-tango-en-hi-fi-de-astor-piazzolla\/"]}]},{"@type":"ImageObject","inLanguage":"es-AR","@id":"https:\/\/www.fracturaexpuesta.com.ar\/gotan\/remasterizan-y-reeditan-el-disco-tango-en-hi-fi-de-astor-piazzolla\/#primaryimage","url":"https:\/\/www.fracturaexpuesta.com.ar\/gotan\/wp-content\/uploads\/2025\/07\/astor-piazzolla-tango-en-hi-fi.jpg","contentUrl":"https:\/\/www.fracturaexpuesta.com.ar\/gotan\/wp-content\/uploads\/2025\/07\/astor-piazzolla-tango-en-hi-fi.jpg","width":950,"height":700,"caption":"La portada original del disco de 1959."},{"@type":"BreadcrumbList","@id":"https:\/\/www.fracturaexpuesta.com.ar\/gotan\/remasterizan-y-reeditan-el-disco-tango-en-hi-fi-de-astor-piazzolla\/#breadcrumb","itemListElement":[{"@type":"ListItem","position":1,"name":"Inicio","item":"https:\/\/www.fracturaexpuesta.com.ar\/gotan\/"},{"@type":"ListItem","position":2,"name":"Remasterizan y reeditan el disco Tango en Hi-Fi de Astor Piazzolla"}]},{"@type":"WebSite","@id":"https:\/\/www.fracturaexpuesta.com.ar\/gotan\/#website","url":"https:\/\/www.fracturaexpuesta.com.ar\/gotan\/","name":"Fractura Expuesta | Tango!","description":"","publisher":{"@id":"https:\/\/www.fracturaexpuesta.com.ar\/gotan\/#organization"},"potentialAction":[{"@type":"SearchAction","target":{"@type":"EntryPoint","urlTemplate":"https:\/\/www.fracturaexpuesta.com.ar\/gotan\/?s={search_term_string}"},"query-input":{"@type":"PropertyValueSpecification","valueRequired":true,"valueName":"search_term_string"}}],"inLanguage":"es-AR"},{"@type":"Organization","@id":"https:\/\/www.fracturaexpuesta.com.ar\/gotan\/#organization","name":"Fractura Expuesta | Tango!","url":"https:\/\/www.fracturaexpuesta.com.ar\/gotan\/","logo":{"@type":"ImageObject","inLanguage":"es-AR","@id":"https:\/\/www.fracturaexpuesta.com.ar\/gotan\/#\/schema\/logo\/image\/","url":"https:\/\/www.fracturaexpuesta.com.ar\/gotan\/wp-content\/uploads\/2025\/03\/avatar2centroOK.jpg","contentUrl":"https:\/\/www.fracturaexpuesta.com.ar\/gotan\/wp-content\/uploads\/2025\/03\/avatar2centroOK.jpg","width":600,"height":600,"caption":"Fractura Expuesta | Tango!"},"image":{"@id":"https:\/\/www.fracturaexpuesta.com.ar\/gotan\/#\/schema\/logo\/image\/"}},{"@type":"Person","@id":"https:\/\/www.fracturaexpuesta.com.ar\/gotan\/#\/schema\/person\/d8266939f778485b13ad2174aa9e199e","name":"Fractura Expuesta","image":{"@type":"ImageObject","inLanguage":"es-AR","@id":"https:\/\/secure.gravatar.com\/avatar\/c4bad1eb9f93dd4a42df3aa8b8e8b882ff893fcea188ee15488a845db442d7ec?s=96&d=mm&r=g","url":"https:\/\/secure.gravatar.com\/avatar\/c4bad1eb9f93dd4a42df3aa8b8e8b882ff893fcea188ee15488a845db442d7ec?s=96&d=mm&r=g","contentUrl":"https:\/\/secure.gravatar.com\/avatar\/c4bad1eb9f93dd4a42df3aa8b8e8b882ff893fcea188ee15488a845db442d7ec?s=96&d=mm&r=g","caption":"Fractura Expuesta"},"description":"Sitio de tango y noticias culturales. Desde 2003, el espacio referente del tango de estos tiempos.","sameAs":["https:\/\/www.fracturaexpuesta.com.ar","https:\/\/www.facebook.com\/fracturaexpuestaok","https:\/\/www.instagram.com\/fracturaexpuesta","https:\/\/x.com\/https:\/\/x.com\/fracturatango","https:\/\/www.youtube.com\/channel\/UCojA8Q0QDpnncOL8sfTHOHg"],"url":"https:\/\/www.fracturaexpuesta.com.ar\/gotan\/author\/fractura-expuesta\/"}]}},"_links":{"self":[{"href":"https:\/\/www.fracturaexpuesta.com.ar\/gotan\/wp-json\/wp\/v2\/posts\/5110","targetHints":{"allow":["GET"]}}],"collection":[{"href":"https:\/\/www.fracturaexpuesta.com.ar\/gotan\/wp-json\/wp\/v2\/posts"}],"about":[{"href":"https:\/\/www.fracturaexpuesta.com.ar\/gotan\/wp-json\/wp\/v2\/types\/post"}],"author":[{"embeddable":true,"href":"https:\/\/www.fracturaexpuesta.com.ar\/gotan\/wp-json\/wp\/v2\/users\/1"}],"replies":[{"embeddable":true,"href":"https:\/\/www.fracturaexpuesta.com.ar\/gotan\/wp-json\/wp\/v2\/comments?post=5110"}],"version-history":[{"count":8,"href":"https:\/\/www.fracturaexpuesta.com.ar\/gotan\/wp-json\/wp\/v2\/posts\/5110\/revisions"}],"predecessor-version":[{"id":5121,"href":"https:\/\/www.fracturaexpuesta.com.ar\/gotan\/wp-json\/wp\/v2\/posts\/5110\/revisions\/5121"}],"wp:featuredmedia":[{"embeddable":true,"href":"https:\/\/www.fracturaexpuesta.com.ar\/gotan\/wp-json\/wp\/v2\/media\/5111"}],"wp:attachment":[{"href":"https:\/\/www.fracturaexpuesta.com.ar\/gotan\/wp-json\/wp\/v2\/media?parent=5110"}],"wp:term":[{"taxonomy":"category","embeddable":true,"href":"https:\/\/www.fracturaexpuesta.com.ar\/gotan\/wp-json\/wp\/v2\/categories?post=5110"},{"taxonomy":"post_tag","embeddable":true,"href":"https:\/\/www.fracturaexpuesta.com.ar\/gotan\/wp-json\/wp\/v2\/tags?post=5110"}],"curies":[{"name":"wp","href":"https:\/\/api.w.org\/{rel}","templated":true}]}}