{"id":5142,"date":"2025-09-15T11:15:54","date_gmt":"2025-09-15T14:15:54","guid":{"rendered":"https:\/\/www.fracturaexpuesta.com.ar\/gotan\/?p=5142"},"modified":"2025-09-16T15:04:25","modified_gmt":"2025-09-16T18:04:25","slug":"escucha-la-edicion-de-septiembre-de-coleccion-doble-a","status":"publish","type":"post","link":"https:\/\/www.fracturaexpuesta.com.ar\/gotan\/escucha-la-edicion-de-septiembre-de-coleccion-doble-a\/","title":{"rendered":"Escuch\u00e1 la edici\u00f3n de septiembre de &#8220;Colecci\u00f3n Doble A&#8221;"},"content":{"rendered":"\n<p class=\"wp-block-paragraph\">Llega la nueva entrega de &#8220;Colecci\u00f3n Doble A&#8221;, una lista especial confeccionada por la radio con lo m\u00e1s destacado del tango de estos tiempos.<\/p>\n\n\n\n<p class=\"wp-block-paragraph\">Novedades recientes, cl\u00e1sicos contempor\u00e1neos, cruces estil\u00edsticos y joyas ocultas conforman la colecci\u00f3n de septiembre que ofrece Doble A.<\/p>\n\n\n\n<p class=\"wp-block-paragraph\">Una manera de conocer a los grupos y artistas que le ponen voz y melod\u00eda al tango actual.<\/p>\n\n\n\n<p class=\"wp-block-paragraph\">La lista de este mes incluye:<\/p>\n\n\n\n<ol class=\"wp-block-list\">\n<li>\u201cCon todo\u201d &#8211; Horacio Romo, Pablo Agri y Emiliano Messiez<\/li>\n\n\n\n<li>\u201cLa cachetada de Barsut \u2013 Fito P\u00e1ez<\/li>\n\n\n\n<li>\u201cDulces tormentos \/ Linterna sorda\u201d &#8211; Hagopi\u00e1n-Irigoyen-Arenas<\/li>\n\n\n\n<li>\u201cSan Pugliese\u201d &#8211; Orquesta T\u00edpica Misteriosa Buenos Aires (feat. Black Rodr\u00edguez M\u00e9ndez)<\/li>\n\n\n\n<li>\u201cQued\u00e1ndote o y\u00e9ndote\u201d &#8211; Mart\u00edn Cecconi<\/li>\n\n\n\n<li>\u201cSi dios no es un alien, no me interesa\u201d \u2013 Ciudad Baig\u00f3n<\/li>\n\n\n\n<li>\u201cLe Grand Tango\u201d &#8211; Esteban Fioroni y Javier Mas<\/li>\n\n\n\n<li>\u201cLa Sombra de Ponzio\u201d &#8211; Los Crayones + Luzia Anast\u00e1cio<\/li>\n\n\n\n<li>\u201cRawson\u201d \u2013 Anal\u00eda Goldberg<\/li>\n\n\n\n<li>\u201cGolondrinas\u201d \u2013 Hern\u00e1n Jacinto<\/li>\n<\/ol>\n\n\n\n<h2 class=\"wp-block-heading\">Colecci\u00f3n Doble A (septiembre 2025)<\/h2>\n\n\n\n<p class=\"wp-block-paragraph\">\ud83d\udd39 <strong>\u201cCon todo\u201d<\/strong><br><strong>Horacio Romo, Pablo Agri y Emiliano Messiez<\/strong><br>\u00c1lbum: Con todo<\/p>\n\n\n\n<figure class=\"wp-block-embed is-type-video is-provider-youtube wp-block-embed-youtube wp-embed-aspect-4-3 wp-has-aspect-ratio\"><div class=\"wp-block-embed__wrapper\">\n<iframe loading=\"lazy\" title=\"Con todo\" width=\"1170\" height=\"878\" src=\"https:\/\/www.youtube.com\/embed\/Q2qVY-DOKuM?feature=oembed\" frameborder=\"0\" allow=\"accelerometer; autoplay; clipboard-write; encrypted-media; gyroscope; picture-in-picture; web-share\" referrerpolicy=\"strict-origin-when-cross-origin\" allowfullscreen><\/iframe>\n<\/div><\/figure>\n\n\n\n<p class=\"has-text-align-center wp-block-paragraph\">***<\/p>\n\n\n\n<p class=\"wp-block-paragraph\">\ud83d\udd39<strong> \u201cLa cachetada de Barsut&#8221;<\/strong><br><strong>Fito P\u00e1ez<\/strong><br>\u00c1lbum: Futurolog\u00eda Arlt<\/p>\n\n\n\n<figure class=\"wp-block-embed is-type-video is-provider-youtube wp-block-embed-youtube wp-embed-aspect-16-9 wp-has-aspect-ratio\"><div class=\"wp-block-embed__wrapper\">\n<iframe loading=\"lazy\" title=\"Fito Paez - La Cachetada de Barsut (Official Audio)\" width=\"1170\" height=\"658\" src=\"https:\/\/www.youtube.com\/embed\/nWCfOr_pw-w?feature=oembed\" frameborder=\"0\" allow=\"accelerometer; autoplay; clipboard-write; encrypted-media; gyroscope; picture-in-picture; web-share\" referrerpolicy=\"strict-origin-when-cross-origin\" allowfullscreen><\/iframe>\n<\/div><\/figure>\n\n\n\n<p class=\"has-text-align-center wp-block-paragraph\">***<\/p>\n\n\n\n<p class=\"wp-block-paragraph\">\ud83d\udd39 <strong>\u201cDulces tormentos \/ Linterna sorda\u201d<\/strong><br><strong>Hagopi\u00e1n-Irigoyen-Arenas<\/strong><br>\u00c1lbum: Testamento tanguero<\/p>\n\n\n\n<figure class=\"wp-block-embed is-type-video is-provider-youtube wp-block-embed-youtube wp-embed-aspect-4-3 wp-has-aspect-ratio\"><div class=\"wp-block-embed__wrapper\">\n<iframe loading=\"lazy\" title=\"Dulces tormentos \/ Linterna sorda\" width=\"1170\" height=\"878\" src=\"https:\/\/www.youtube.com\/embed\/nhIc5q1psCw?feature=oembed\" frameborder=\"0\" allow=\"accelerometer; autoplay; clipboard-write; encrypted-media; gyroscope; picture-in-picture; web-share\" referrerpolicy=\"strict-origin-when-cross-origin\" allowfullscreen><\/iframe>\n<\/div><\/figure>\n\n\n\n<p class=\"has-text-align-center wp-block-paragraph\">***<\/p>\n\n\n\n<p class=\"wp-block-paragraph\">\ud83d\udd39 <strong>\u201cSan Pugliese\u201d<br>Orquesta T\u00edpica Misteriosa Buenos Aires (feat. Black Rodr\u00edguez M\u00e9ndez)<\/strong><br>Simple<\/p>\n\n\n\n<figure class=\"wp-block-embed is-type-video is-provider-youtube wp-block-embed-youtube wp-embed-aspect-16-9 wp-has-aspect-ratio\"><div class=\"wp-block-embed__wrapper\">\n<iframe loading=\"lazy\" title=\"Orquesta T\u00edpica Misteriosa Buenos Aires (feat. Black Rodr\u00edguez M\u00e9ndez) || SAN PUGLIESE (antimufa)\" width=\"1170\" height=\"658\" src=\"https:\/\/www.youtube.com\/embed\/dF58MeThff8?feature=oembed\" frameborder=\"0\" allow=\"accelerometer; autoplay; clipboard-write; encrypted-media; gyroscope; picture-in-picture; web-share\" referrerpolicy=\"strict-origin-when-cross-origin\" allowfullscreen><\/iframe>\n<\/div><\/figure>\n\n\n\n<p class=\"has-text-align-center wp-block-paragraph\">***<\/p>\n\n\n\n<p class=\"wp-block-paragraph\">\ud83d\udd39 <strong>\u201cQued\u00e1ndote o y\u00e9ndote\u201d<br>Mart\u00edn Cecconi<\/strong><br>\u00c1lbum: Qued\u00e1ndote o y\u00e9ndote (solos de bandone\u00f3n de rock nacional)<\/p>\n\n\n\n<figure class=\"wp-block-embed is-type-video is-provider-youtube wp-block-embed-youtube wp-embed-aspect-4-3 wp-has-aspect-ratio\"><div class=\"wp-block-embed__wrapper\">\n<iframe loading=\"lazy\" title=\"Qued\u00e1ndote o Y\u00e9ndote\" width=\"1170\" height=\"878\" src=\"https:\/\/www.youtube.com\/embed\/ljuVN42RpN4?feature=oembed\" frameborder=\"0\" allow=\"accelerometer; autoplay; clipboard-write; encrypted-media; gyroscope; picture-in-picture; web-share\" referrerpolicy=\"strict-origin-when-cross-origin\" allowfullscreen><\/iframe>\n<\/div><\/figure>\n\n\n\n<p class=\"has-text-align-center wp-block-paragraph\">***<\/p>\n\n\n\n<p class=\"wp-block-paragraph\">\ud83d\udd39 <strong>\u201cSi dios no es un alien, no me interesa\u201d<br>Ciudad Baig\u00f3n<\/strong><br>\u00c1lbum: Instrucciones para sobrevivir en una pecera<\/p>\n\n\n\n<figure class=\"wp-block-embed is-type-video is-provider-youtube wp-block-embed-youtube wp-embed-aspect-4-3 wp-has-aspect-ratio\"><div class=\"wp-block-embed__wrapper\">\n<iframe loading=\"lazy\" title=\"SI DIOS NO ES UN ALIEN, NO ME INTERESA\" width=\"1170\" height=\"878\" src=\"https:\/\/www.youtube.com\/embed\/stgFajmhdb0?feature=oembed\" frameborder=\"0\" allow=\"accelerometer; autoplay; clipboard-write; encrypted-media; gyroscope; picture-in-picture; web-share\" referrerpolicy=\"strict-origin-when-cross-origin\" allowfullscreen><\/iframe>\n<\/div><\/figure>\n\n\n\n<p class=\"has-text-align-center wp-block-paragraph\">***<\/p>\n\n\n\n<p class=\"wp-block-paragraph\">\ud83d\udd39 <strong>\u201cLe Grand Tango\u201d<\/strong><br><strong>Esteban Fioroni y Javier Mas<\/strong><br>\u00c1lbum: Calle Piazzolla<\/p>\n\n\n\n<figure class=\"wp-block-embed is-type-video is-provider-youtube wp-block-embed-youtube wp-embed-aspect-4-3 wp-has-aspect-ratio\"><div class=\"wp-block-embed__wrapper\">\n<iframe loading=\"lazy\" title=\"Soledad\" width=\"1170\" height=\"878\" src=\"https:\/\/www.youtube.com\/embed\/h_cI0w5qvX8?feature=oembed\" frameborder=\"0\" allow=\"accelerometer; autoplay; clipboard-write; encrypted-media; gyroscope; picture-in-picture; web-share\" referrerpolicy=\"strict-origin-when-cross-origin\" allowfullscreen><\/iframe>\n<\/div><\/figure>\n\n\n\n<p class=\"has-text-align-center wp-block-paragraph\">***<\/p>\n\n\n\n<p class=\"wp-block-paragraph\">\ud83d\udd39 <strong>\u201cLa Sombra de Ponzio\u201d<br>Los Crayones + Luzia Anast\u00e1cio<\/strong><br>\u00c1lbum: Concierto para Viol\u00edn y Orquesta de Tango. 2do movimiento<\/p>\n\n\n\n<figure class=\"wp-block-embed is-type-video is-provider-youtube wp-block-embed-youtube wp-embed-aspect-4-3 wp-has-aspect-ratio\"><div class=\"wp-block-embed__wrapper\">\n<iframe loading=\"lazy\" title=\"La Sombra de Ponzio (Concierto para Viol\u00edn y Orquesta de Tango. 2do movimiento)\" width=\"1170\" height=\"878\" src=\"https:\/\/www.youtube.com\/embed\/V0rKQNsnMg4?feature=oembed\" frameborder=\"0\" allow=\"accelerometer; autoplay; clipboard-write; encrypted-media; gyroscope; picture-in-picture; web-share\" referrerpolicy=\"strict-origin-when-cross-origin\" allowfullscreen><\/iframe>\n<\/div><\/figure>\n\n\n\n<p class=\"has-text-align-center wp-block-paragraph\">***<\/p>\n\n\n\n<p class=\"wp-block-paragraph\">\ud83d\udd39 <strong>\u201cRawson\u201d<br>Anal\u00eda Goldberg<\/strong><br>\u00c1lbum: Poliya, tangos para milonguear<\/p>\n\n\n\n<figure class=\"wp-block-embed is-type-video is-provider-youtube wp-block-embed-youtube wp-embed-aspect-4-3 wp-has-aspect-ratio\"><div class=\"wp-block-embed__wrapper\">\n<iframe loading=\"lazy\" title=\"Poliya (feat. Simone Marini, Christine Brebes &amp; Pablo Aslan)\" width=\"1170\" height=\"878\" src=\"https:\/\/www.youtube.com\/embed\/yq3Z09fgG70?feature=oembed\" frameborder=\"0\" allow=\"accelerometer; autoplay; clipboard-write; encrypted-media; gyroscope; picture-in-picture; web-share\" referrerpolicy=\"strict-origin-when-cross-origin\" allowfullscreen><\/iframe>\n<\/div><\/figure>\n\n\n\n<p class=\"has-text-align-center wp-block-paragraph\">***<\/p>\n\n\n\n<p class=\"wp-block-paragraph\">\ud83d\udd39 <strong>\u201cGolondrinas\u201d<br>Hern\u00e1n Jacinto<\/strong><br>Album: Gardel<\/p>\n\n\n\n<figure class=\"wp-block-embed is-type-video is-provider-youtube wp-block-embed-youtube wp-embed-aspect-4-3 wp-has-aspect-ratio\"><div class=\"wp-block-embed__wrapper\">\n<iframe loading=\"lazy\" title=\"Golondrinas\" width=\"1170\" height=\"878\" src=\"https:\/\/www.youtube.com\/embed\/_wtC2uDcObA?feature=oembed\" frameborder=\"0\" allow=\"accelerometer; autoplay; clipboard-write; encrypted-media; gyroscope; picture-in-picture; web-share\" referrerpolicy=\"strict-origin-when-cross-origin\" allowfullscreen><\/iframe>\n<\/div><\/figure>\n\n\n\n<div style=\"height:15px\" aria-hidden=\"true\" class=\"wp-block-spacer\"><\/div>\n","protected":false},"excerpt":{"rendered":"<p>Una nueva selecci\u00f3n de tangos con los artistas y grupos de la escena contempor\u00e1nea que suenan en la radio.<\/p>\n","protected":false},"author":1,"featured_media":5143,"comment_status":"open","ping_status":"open","sticky":false,"template":"","format":"standard","meta":{"footnotes":""},"categories":[82],"tags":[206,210,75,215,208,203,205,212,209,142,207,211,187,76],"class_list":["post-5142","post","type-post","status-publish","format-standard","has-post-thumbnail","hentry","category-doble-a","tag-analia-goldberg","tag-ciudad-baigon","tag-doble-a","tag-emiliano-messiez","tag-esteban-fiorini","tag-fito-paez","tag-hernan-jacinto","tag-horacio-romo","tag-javier-mas","tag-jose-arenas","tag-los-crayones","tag-martin-cecconi","tag-orquesta-misteriosa-buenos-aires","tag-radio"],"yoast_head":"<!-- This site is optimized with the Yoast SEO plugin v28.3 - https:\/\/yoast.com\/product\/yoast-seo-wordpress\/ -->\n<title>Escuch\u00e1 la edici\u00f3n de septiembre de &quot;Colecci\u00f3n Doble A&quot; &#187; Fractura Expuesta | Tango!<\/title>\n<meta name=\"description\" content=\"Una nueva selecci\u00f3n de tangos con los artistas y grupos de la escena contempor\u00e1nea que suenan en la radio.\" \/>\n<meta name=\"robots\" content=\"index, follow, max-snippet:-1, max-image-preview:large, max-video-preview:-1\" \/>\n<link rel=\"canonical\" href=\"https:\/\/www.fracturaexpuesta.com.ar\/gotan\/escucha-la-edicion-de-septiembre-de-coleccion-doble-a\/\" \/>\n<meta property=\"og:locale\" content=\"es_ES\" \/>\n<meta property=\"og:type\" content=\"article\" \/>\n<meta property=\"og:title\" content=\"Escuch\u00e1 la edici\u00f3n de septiembre de &quot;Colecci\u00f3n Doble A&quot;\" \/>\n<meta property=\"og:description\" content=\"Una nueva selecci\u00f3n de tangos con los artistas y grupos de la escena contempor\u00e1nea que suenan en la radio.\" \/>\n<meta property=\"og:url\" content=\"https:\/\/www.fracturaexpuesta.com.ar\/gotan\/escucha-la-edicion-de-septiembre-de-coleccion-doble-a\/\" \/>\n<meta property=\"og:site_name\" content=\"Fractura Expuesta | Tango!\" \/>\n<meta property=\"article:author\" content=\"https:\/\/www.facebook.com\/fracturaexpuestaok\" \/>\n<meta property=\"article:published_time\" content=\"2025-09-15T14:15:54+00:00\" \/>\n<meta property=\"article:modified_time\" content=\"2025-09-16T18:04:25+00:00\" \/>\n<meta property=\"og:image\" content=\"https:\/\/www.fracturaexpuesta.com.ar\/gotan\/wp-content\/uploads\/2025\/08\/Coleccion-Doble-A-agosto-2025.png\" \/>\n\t<meta property=\"og:image:width\" content=\"950\" \/>\n\t<meta property=\"og:image:height\" content=\"700\" \/>\n\t<meta property=\"og:image:type\" content=\"image\/png\" \/>\n<meta name=\"author\" content=\"Fractura Expuesta\" \/>\n<meta name=\"twitter:card\" content=\"summary_large_image\" \/>\n<meta name=\"twitter:title\" content=\"Escuch\u00e1 la edici\u00f3n de septiembre de &quot;Colecci\u00f3n Doble A&quot;\" \/>\n<meta name=\"twitter:description\" content=\"Una nueva selecci\u00f3n de tangos con los artistas y grupos de la escena contempor\u00e1nea que suenan en la radio.\" \/>\n<meta name=\"twitter:image\" content=\"https:\/\/www.fracturaexpuesta.com.ar\/gotan\/wp-content\/uploads\/2025\/08\/Coleccion-Doble-A-agosto-2025.png\" \/>\n<meta name=\"twitter:creator\" content=\"@https:\/\/x.com\/fracturatango\" \/>\n<meta name=\"twitter:label1\" content=\"Escrito por\" \/>\n\t<meta name=\"twitter:data1\" content=\"Fractura Expuesta\" \/>\n\t<meta name=\"twitter:label2\" content=\"Tiempo de lectura\" \/>\n\t<meta name=\"twitter:data2\" content=\"2 minutos\" \/>\n<script type=\"application\/ld+json\" class=\"yoast-schema-graph\">{\"@context\":\"https:\\\/\\\/schema.org\",\"@graph\":[{\"@type\":\"Article\",\"@id\":\"https:\\\/\\\/www.fracturaexpuesta.com.ar\\\/gotan\\\/escucha-la-edicion-de-septiembre-de-coleccion-doble-a\\\/#article\",\"isPartOf\":{\"@id\":\"https:\\\/\\\/www.fracturaexpuesta.com.ar\\\/gotan\\\/escucha-la-edicion-de-septiembre-de-coleccion-doble-a\\\/\"},\"author\":{\"name\":\"Fractura Expuesta\",\"@id\":\"https:\\\/\\\/www.fracturaexpuesta.com.ar\\\/gotan\\\/#\\\/schema\\\/person\\\/d8266939f778485b13ad2174aa9e199e\"},\"headline\":\"Escuch\u00e1 la edici\u00f3n de septiembre de &#8220;Colecci\u00f3n Doble A&#8221;\",\"datePublished\":\"2025-09-15T14:15:54+00:00\",\"dateModified\":\"2025-09-16T18:04:25+00:00\",\"mainEntityOfPage\":{\"@id\":\"https:\\\/\\\/www.fracturaexpuesta.com.ar\\\/gotan\\\/escucha-la-edicion-de-septiembre-de-coleccion-doble-a\\\/\"},\"wordCount\":382,\"commentCount\":0,\"publisher\":{\"@id\":\"https:\\\/\\\/www.fracturaexpuesta.com.ar\\\/gotan\\\/#organization\"},\"image\":{\"@id\":\"https:\\\/\\\/www.fracturaexpuesta.com.ar\\\/gotan\\\/escucha-la-edicion-de-septiembre-de-coleccion-doble-a\\\/#primaryimage\"},\"thumbnailUrl\":\"https:\\\/\\\/www.fracturaexpuesta.com.ar\\\/gotan\\\/wp-content\\\/uploads\\\/2025\\\/08\\\/Coleccion-Doble-A-agosto-2025.png\",\"keywords\":[\"analia goldberg\",\"ciudad baigon\",\"doble a\",\"emiliano messiez\",\"esteban fiorini\",\"Fito Paez\",\"hernan jacinto\",\"Horacio Romo\",\"javier mas\",\"jose arenas\",\"los crayones\",\"martin cecconi\",\"Orquesta Misteriosa Buenos Aires\",\"radio\"],\"articleSection\":[\"Doble A\"],\"inLanguage\":\"es-AR\",\"potentialAction\":[{\"@type\":\"CommentAction\",\"name\":\"Comment\",\"target\":[\"https:\\\/\\\/www.fracturaexpuesta.com.ar\\\/gotan\\\/escucha-la-edicion-de-septiembre-de-coleccion-doble-a\\\/#respond\"]}]},{\"@type\":\"WebPage\",\"@id\":\"https:\\\/\\\/www.fracturaexpuesta.com.ar\\\/gotan\\\/escucha-la-edicion-de-septiembre-de-coleccion-doble-a\\\/\",\"url\":\"https:\\\/\\\/www.fracturaexpuesta.com.ar\\\/gotan\\\/escucha-la-edicion-de-septiembre-de-coleccion-doble-a\\\/\",\"name\":\"Escuch\u00e1 la edici\u00f3n de septiembre de \\\"Colecci\u00f3n Doble A\\\" &#187; Fractura Expuesta | Tango!\",\"isPartOf\":{\"@id\":\"https:\\\/\\\/www.fracturaexpuesta.com.ar\\\/gotan\\\/#website\"},\"primaryImageOfPage\":{\"@id\":\"https:\\\/\\\/www.fracturaexpuesta.com.ar\\\/gotan\\\/escucha-la-edicion-de-septiembre-de-coleccion-doble-a\\\/#primaryimage\"},\"image\":{\"@id\":\"https:\\\/\\\/www.fracturaexpuesta.com.ar\\\/gotan\\\/escucha-la-edicion-de-septiembre-de-coleccion-doble-a\\\/#primaryimage\"},\"thumbnailUrl\":\"https:\\\/\\\/www.fracturaexpuesta.com.ar\\\/gotan\\\/wp-content\\\/uploads\\\/2025\\\/08\\\/Coleccion-Doble-A-agosto-2025.png\",\"datePublished\":\"2025-09-15T14:15:54+00:00\",\"dateModified\":\"2025-09-16T18:04:25+00:00\",\"description\":\"Una nueva selecci\u00f3n de tangos con los artistas y grupos de la escena contempor\u00e1nea que suenan en la radio.\",\"breadcrumb\":{\"@id\":\"https:\\\/\\\/www.fracturaexpuesta.com.ar\\\/gotan\\\/escucha-la-edicion-de-septiembre-de-coleccion-doble-a\\\/#breadcrumb\"},\"inLanguage\":\"es-AR\",\"potentialAction\":[{\"@type\":\"ReadAction\",\"target\":[\"https:\\\/\\\/www.fracturaexpuesta.com.ar\\\/gotan\\\/escucha-la-edicion-de-septiembre-de-coleccion-doble-a\\\/\"]}]},{\"@type\":\"ImageObject\",\"inLanguage\":\"es-AR\",\"@id\":\"https:\\\/\\\/www.fracturaexpuesta.com.ar\\\/gotan\\\/escucha-la-edicion-de-septiembre-de-coleccion-doble-a\\\/#primaryimage\",\"url\":\"https:\\\/\\\/www.fracturaexpuesta.com.ar\\\/gotan\\\/wp-content\\\/uploads\\\/2025\\\/08\\\/Coleccion-Doble-A-agosto-2025.png\",\"contentUrl\":\"https:\\\/\\\/www.fracturaexpuesta.com.ar\\\/gotan\\\/wp-content\\\/uploads\\\/2025\\\/08\\\/Coleccion-Doble-A-agosto-2025.png\",\"width\":950,\"height\":700,\"caption\":\"Un bandoneonista tocando junto a una radio\"},{\"@type\":\"BreadcrumbList\",\"@id\":\"https:\\\/\\\/www.fracturaexpuesta.com.ar\\\/gotan\\\/escucha-la-edicion-de-septiembre-de-coleccion-doble-a\\\/#breadcrumb\",\"itemListElement\":[{\"@type\":\"ListItem\",\"position\":1,\"name\":\"Inicio\",\"item\":\"https:\\\/\\\/www.fracturaexpuesta.com.ar\\\/gotan\\\/\"},{\"@type\":\"ListItem\",\"position\":2,\"name\":\"Escuch\u00e1 la edici\u00f3n de septiembre de &#8220;Colecci\u00f3n Doble A&#8221;\"}]},{\"@type\":\"WebSite\",\"@id\":\"https:\\\/\\\/www.fracturaexpuesta.com.ar\\\/gotan\\\/#website\",\"url\":\"https:\\\/\\\/www.fracturaexpuesta.com.ar\\\/gotan\\\/\",\"name\":\"Fractura Expuesta | Tango!\",\"description\":\"\",\"publisher\":{\"@id\":\"https:\\\/\\\/www.fracturaexpuesta.com.ar\\\/gotan\\\/#organization\"},\"potentialAction\":[{\"@type\":\"SearchAction\",\"target\":{\"@type\":\"EntryPoint\",\"urlTemplate\":\"https:\\\/\\\/www.fracturaexpuesta.com.ar\\\/gotan\\\/?s={search_term_string}\"},\"query-input\":{\"@type\":\"PropertyValueSpecification\",\"valueRequired\":true,\"valueName\":\"search_term_string\"}}],\"inLanguage\":\"es-AR\"},{\"@type\":\"Organization\",\"@id\":\"https:\\\/\\\/www.fracturaexpuesta.com.ar\\\/gotan\\\/#organization\",\"name\":\"Fractura Expuesta | Tango!\",\"url\":\"https:\\\/\\\/www.fracturaexpuesta.com.ar\\\/gotan\\\/\",\"logo\":{\"@type\":\"ImageObject\",\"inLanguage\":\"es-AR\",\"@id\":\"https:\\\/\\\/www.fracturaexpuesta.com.ar\\\/gotan\\\/#\\\/schema\\\/logo\\\/image\\\/\",\"url\":\"https:\\\/\\\/www.fracturaexpuesta.com.ar\\\/gotan\\\/wp-content\\\/uploads\\\/2025\\\/03\\\/avatar2centroOK.jpg\",\"contentUrl\":\"https:\\\/\\\/www.fracturaexpuesta.com.ar\\\/gotan\\\/wp-content\\\/uploads\\\/2025\\\/03\\\/avatar2centroOK.jpg\",\"width\":600,\"height\":600,\"caption\":\"Fractura Expuesta | Tango!\"},\"image\":{\"@id\":\"https:\\\/\\\/www.fracturaexpuesta.com.ar\\\/gotan\\\/#\\\/schema\\\/logo\\\/image\\\/\"}},{\"@type\":\"Person\",\"@id\":\"https:\\\/\\\/www.fracturaexpuesta.com.ar\\\/gotan\\\/#\\\/schema\\\/person\\\/d8266939f778485b13ad2174aa9e199e\",\"name\":\"Fractura Expuesta\",\"image\":{\"@type\":\"ImageObject\",\"inLanguage\":\"es-AR\",\"@id\":\"https:\\\/\\\/secure.gravatar.com\\\/avatar\\\/c4bad1eb9f93dd4a42df3aa8b8e8b882ff893fcea188ee15488a845db442d7ec?s=96&d=mm&r=g\",\"url\":\"https:\\\/\\\/secure.gravatar.com\\\/avatar\\\/c4bad1eb9f93dd4a42df3aa8b8e8b882ff893fcea188ee15488a845db442d7ec?s=96&d=mm&r=g\",\"contentUrl\":\"https:\\\/\\\/secure.gravatar.com\\\/avatar\\\/c4bad1eb9f93dd4a42df3aa8b8e8b882ff893fcea188ee15488a845db442d7ec?s=96&d=mm&r=g\",\"caption\":\"Fractura Expuesta\"},\"description\":\"Sitio de tango y noticias culturales. Desde 2003, el espacio referente del tango de estos tiempos.\",\"sameAs\":[\"https:\\\/\\\/www.fracturaexpuesta.com.ar\",\"https:\\\/\\\/www.facebook.com\\\/fracturaexpuestaok\",\"https:\\\/\\\/www.instagram.com\\\/fracturaexpuesta\",\"https:\\\/\\\/x.com\\\/https:\\\/\\\/x.com\\\/fracturatango\",\"https:\\\/\\\/www.youtube.com\\\/channel\\\/UCojA8Q0QDpnncOL8sfTHOHg\"],\"url\":\"https:\\\/\\\/www.fracturaexpuesta.com.ar\\\/gotan\\\/author\\\/fractura-expuesta\\\/\"}]}<\/script>\n<!-- \/ Yoast SEO plugin. -->","yoast_head_json":{"title":"Escuch\u00e1 la edici\u00f3n de septiembre de \"Colecci\u00f3n Doble A\" &#187; Fractura Expuesta | Tango!","description":"Una nueva selecci\u00f3n de tangos con los artistas y grupos de la escena contempor\u00e1nea que suenan en la radio.","robots":{"index":"index","follow":"follow","max-snippet":"max-snippet:-1","max-image-preview":"max-image-preview:large","max-video-preview":"max-video-preview:-1"},"canonical":"https:\/\/www.fracturaexpuesta.com.ar\/gotan\/escucha-la-edicion-de-septiembre-de-coleccion-doble-a\/","og_locale":"es_ES","og_type":"article","og_title":"Escuch\u00e1 la edici\u00f3n de septiembre de \"Colecci\u00f3n Doble A\"","og_description":"Una nueva selecci\u00f3n de tangos con los artistas y grupos de la escena contempor\u00e1nea que suenan en la radio.","og_url":"https:\/\/www.fracturaexpuesta.com.ar\/gotan\/escucha-la-edicion-de-septiembre-de-coleccion-doble-a\/","og_site_name":"Fractura Expuesta | Tango!","article_author":"https:\/\/www.facebook.com\/fracturaexpuestaok","article_published_time":"2025-09-15T14:15:54+00:00","article_modified_time":"2025-09-16T18:04:25+00:00","og_image":[{"width":950,"height":700,"url":"https:\/\/www.fracturaexpuesta.com.ar\/gotan\/wp-content\/uploads\/2025\/08\/Coleccion-Doble-A-agosto-2025.png","type":"image\/png"}],"author":"Fractura Expuesta","twitter_card":"summary_large_image","twitter_title":"Escuch\u00e1 la edici\u00f3n de septiembre de \"Colecci\u00f3n Doble A\"","twitter_description":"Una nueva selecci\u00f3n de tangos con los artistas y grupos de la escena contempor\u00e1nea que suenan en la radio.","twitter_image":"https:\/\/www.fracturaexpuesta.com.ar\/gotan\/wp-content\/uploads\/2025\/08\/Coleccion-Doble-A-agosto-2025.png","twitter_creator":"@https:\/\/x.com\/fracturatango","twitter_misc":{"Escrito por":"Fractura Expuesta","Tiempo de lectura":"2 minutos"},"schema":{"@context":"https:\/\/schema.org","@graph":[{"@type":"Article","@id":"https:\/\/www.fracturaexpuesta.com.ar\/gotan\/escucha-la-edicion-de-septiembre-de-coleccion-doble-a\/#article","isPartOf":{"@id":"https:\/\/www.fracturaexpuesta.com.ar\/gotan\/escucha-la-edicion-de-septiembre-de-coleccion-doble-a\/"},"author":{"name":"Fractura Expuesta","@id":"https:\/\/www.fracturaexpuesta.com.ar\/gotan\/#\/schema\/person\/d8266939f778485b13ad2174aa9e199e"},"headline":"Escuch\u00e1 la edici\u00f3n de septiembre de &#8220;Colecci\u00f3n Doble A&#8221;","datePublished":"2025-09-15T14:15:54+00:00","dateModified":"2025-09-16T18:04:25+00:00","mainEntityOfPage":{"@id":"https:\/\/www.fracturaexpuesta.com.ar\/gotan\/escucha-la-edicion-de-septiembre-de-coleccion-doble-a\/"},"wordCount":382,"commentCount":0,"publisher":{"@id":"https:\/\/www.fracturaexpuesta.com.ar\/gotan\/#organization"},"image":{"@id":"https:\/\/www.fracturaexpuesta.com.ar\/gotan\/escucha-la-edicion-de-septiembre-de-coleccion-doble-a\/#primaryimage"},"thumbnailUrl":"https:\/\/www.fracturaexpuesta.com.ar\/gotan\/wp-content\/uploads\/2025\/08\/Coleccion-Doble-A-agosto-2025.png","keywords":["analia goldberg","ciudad baigon","doble a","emiliano messiez","esteban fiorini","Fito Paez","hernan jacinto","Horacio Romo","javier mas","jose arenas","los crayones","martin cecconi","Orquesta Misteriosa Buenos Aires","radio"],"articleSection":["Doble A"],"inLanguage":"es-AR","potentialAction":[{"@type":"CommentAction","name":"Comment","target":["https:\/\/www.fracturaexpuesta.com.ar\/gotan\/escucha-la-edicion-de-septiembre-de-coleccion-doble-a\/#respond"]}]},{"@type":"WebPage","@id":"https:\/\/www.fracturaexpuesta.com.ar\/gotan\/escucha-la-edicion-de-septiembre-de-coleccion-doble-a\/","url":"https:\/\/www.fracturaexpuesta.com.ar\/gotan\/escucha-la-edicion-de-septiembre-de-coleccion-doble-a\/","name":"Escuch\u00e1 la edici\u00f3n de septiembre de \"Colecci\u00f3n Doble A\" &#187; Fractura Expuesta | Tango!","isPartOf":{"@id":"https:\/\/www.fracturaexpuesta.com.ar\/gotan\/#website"},"primaryImageOfPage":{"@id":"https:\/\/www.fracturaexpuesta.com.ar\/gotan\/escucha-la-edicion-de-septiembre-de-coleccion-doble-a\/#primaryimage"},"image":{"@id":"https:\/\/www.fracturaexpuesta.com.ar\/gotan\/escucha-la-edicion-de-septiembre-de-coleccion-doble-a\/#primaryimage"},"thumbnailUrl":"https:\/\/www.fracturaexpuesta.com.ar\/gotan\/wp-content\/uploads\/2025\/08\/Coleccion-Doble-A-agosto-2025.png","datePublished":"2025-09-15T14:15:54+00:00","dateModified":"2025-09-16T18:04:25+00:00","description":"Una nueva selecci\u00f3n de tangos con los artistas y grupos de la escena contempor\u00e1nea que suenan en la radio.","breadcrumb":{"@id":"https:\/\/www.fracturaexpuesta.com.ar\/gotan\/escucha-la-edicion-de-septiembre-de-coleccion-doble-a\/#breadcrumb"},"inLanguage":"es-AR","potentialAction":[{"@type":"ReadAction","target":["https:\/\/www.fracturaexpuesta.com.ar\/gotan\/escucha-la-edicion-de-septiembre-de-coleccion-doble-a\/"]}]},{"@type":"ImageObject","inLanguage":"es-AR","@id":"https:\/\/www.fracturaexpuesta.com.ar\/gotan\/escucha-la-edicion-de-septiembre-de-coleccion-doble-a\/#primaryimage","url":"https:\/\/www.fracturaexpuesta.com.ar\/gotan\/wp-content\/uploads\/2025\/08\/Coleccion-Doble-A-agosto-2025.png","contentUrl":"https:\/\/www.fracturaexpuesta.com.ar\/gotan\/wp-content\/uploads\/2025\/08\/Coleccion-Doble-A-agosto-2025.png","width":950,"height":700,"caption":"Un bandoneonista tocando junto a una radio"},{"@type":"BreadcrumbList","@id":"https:\/\/www.fracturaexpuesta.com.ar\/gotan\/escucha-la-edicion-de-septiembre-de-coleccion-doble-a\/#breadcrumb","itemListElement":[{"@type":"ListItem","position":1,"name":"Inicio","item":"https:\/\/www.fracturaexpuesta.com.ar\/gotan\/"},{"@type":"ListItem","position":2,"name":"Escuch\u00e1 la edici\u00f3n de septiembre de &#8220;Colecci\u00f3n Doble A&#8221;"}]},{"@type":"WebSite","@id":"https:\/\/www.fracturaexpuesta.com.ar\/gotan\/#website","url":"https:\/\/www.fracturaexpuesta.com.ar\/gotan\/","name":"Fractura Expuesta | Tango!","description":"","publisher":{"@id":"https:\/\/www.fracturaexpuesta.com.ar\/gotan\/#organization"},"potentialAction":[{"@type":"SearchAction","target":{"@type":"EntryPoint","urlTemplate":"https:\/\/www.fracturaexpuesta.com.ar\/gotan\/?s={search_term_string}"},"query-input":{"@type":"PropertyValueSpecification","valueRequired":true,"valueName":"search_term_string"}}],"inLanguage":"es-AR"},{"@type":"Organization","@id":"https:\/\/www.fracturaexpuesta.com.ar\/gotan\/#organization","name":"Fractura Expuesta | Tango!","url":"https:\/\/www.fracturaexpuesta.com.ar\/gotan\/","logo":{"@type":"ImageObject","inLanguage":"es-AR","@id":"https:\/\/www.fracturaexpuesta.com.ar\/gotan\/#\/schema\/logo\/image\/","url":"https:\/\/www.fracturaexpuesta.com.ar\/gotan\/wp-content\/uploads\/2025\/03\/avatar2centroOK.jpg","contentUrl":"https:\/\/www.fracturaexpuesta.com.ar\/gotan\/wp-content\/uploads\/2025\/03\/avatar2centroOK.jpg","width":600,"height":600,"caption":"Fractura Expuesta | Tango!"},"image":{"@id":"https:\/\/www.fracturaexpuesta.com.ar\/gotan\/#\/schema\/logo\/image\/"}},{"@type":"Person","@id":"https:\/\/www.fracturaexpuesta.com.ar\/gotan\/#\/schema\/person\/d8266939f778485b13ad2174aa9e199e","name":"Fractura Expuesta","image":{"@type":"ImageObject","inLanguage":"es-AR","@id":"https:\/\/secure.gravatar.com\/avatar\/c4bad1eb9f93dd4a42df3aa8b8e8b882ff893fcea188ee15488a845db442d7ec?s=96&d=mm&r=g","url":"https:\/\/secure.gravatar.com\/avatar\/c4bad1eb9f93dd4a42df3aa8b8e8b882ff893fcea188ee15488a845db442d7ec?s=96&d=mm&r=g","contentUrl":"https:\/\/secure.gravatar.com\/avatar\/c4bad1eb9f93dd4a42df3aa8b8e8b882ff893fcea188ee15488a845db442d7ec?s=96&d=mm&r=g","caption":"Fractura Expuesta"},"description":"Sitio de tango y noticias culturales. Desde 2003, el espacio referente del tango de estos tiempos.","sameAs":["https:\/\/www.fracturaexpuesta.com.ar","https:\/\/www.facebook.com\/fracturaexpuestaok","https:\/\/www.instagram.com\/fracturaexpuesta","https:\/\/x.com\/https:\/\/x.com\/fracturatango","https:\/\/www.youtube.com\/channel\/UCojA8Q0QDpnncOL8sfTHOHg"],"url":"https:\/\/www.fracturaexpuesta.com.ar\/gotan\/author\/fractura-expuesta\/"}]}},"_links":{"self":[{"href":"https:\/\/www.fracturaexpuesta.com.ar\/gotan\/wp-json\/wp\/v2\/posts\/5142","targetHints":{"allow":["GET"]}}],"collection":[{"href":"https:\/\/www.fracturaexpuesta.com.ar\/gotan\/wp-json\/wp\/v2\/posts"}],"about":[{"href":"https:\/\/www.fracturaexpuesta.com.ar\/gotan\/wp-json\/wp\/v2\/types\/post"}],"author":[{"embeddable":true,"href":"https:\/\/www.fracturaexpuesta.com.ar\/gotan\/wp-json\/wp\/v2\/users\/1"}],"replies":[{"embeddable":true,"href":"https:\/\/www.fracturaexpuesta.com.ar\/gotan\/wp-json\/wp\/v2\/comments?post=5142"}],"version-history":[{"count":27,"href":"https:\/\/www.fracturaexpuesta.com.ar\/gotan\/wp-json\/wp\/v2\/posts\/5142\/revisions"}],"predecessor-version":[{"id":5378,"href":"https:\/\/www.fracturaexpuesta.com.ar\/gotan\/wp-json\/wp\/v2\/posts\/5142\/revisions\/5378"}],"wp:featuredmedia":[{"embeddable":true,"href":"https:\/\/www.fracturaexpuesta.com.ar\/gotan\/wp-json\/wp\/v2\/media\/5143"}],"wp:attachment":[{"href":"https:\/\/www.fracturaexpuesta.com.ar\/gotan\/wp-json\/wp\/v2\/media?parent=5142"}],"wp:term":[{"taxonomy":"category","embeddable":true,"href":"https:\/\/www.fracturaexpuesta.com.ar\/gotan\/wp-json\/wp\/v2\/categories?post=5142"},{"taxonomy":"post_tag","embeddable":true,"href":"https:\/\/www.fracturaexpuesta.com.ar\/gotan\/wp-json\/wp\/v2\/tags?post=5142"}],"curies":[{"name":"wp","href":"https:\/\/api.w.org\/{rel}","templated":true}]}}