{"id":5224,"date":"2025-08-18T15:02:57","date_gmt":"2025-08-18T18:02:57","guid":{"rendered":"https:\/\/www.fracturaexpuesta.com.ar\/gotan\/?p=5224"},"modified":"2025-08-18T22:17:01","modified_gmt":"2025-08-19T01:17:01","slug":"festival-y-mundial-de-tango-2025-tango-ba","status":"publish","type":"post","link":"https:\/\/www.fracturaexpuesta.com.ar\/gotan\/festival-y-mundial-de-tango-2025-tango-ba\/","title":{"rendered":"Arranca Tango BA Festival y Mundial 2025, el encuentro m\u00e1s destacado de la cultura tanguera"},"content":{"rendered":"\n<p class=\"wp-block-paragraph\">Con m\u00e1s de 500 actividades, comienza la edici\u00f3n 2025 de <strong>Tango BA Festival y Mundial<\/strong>. <\/p>\n\n\n\n<p class=\"wp-block-paragraph\">El <strong>evento de mayor envergadura de la cultura tanguera<\/strong> se desarrollar\u00e1 desde este <strong>mi\u00e9rcoles 20 de agosto hasta el 2 septiembre<\/strong> en m\u00faltiples sedes distribuidas en la Ciudad de Buenos Aires. Habr\u00e1 2000 artistas congregados en 50 espacios.<\/p>\n\n\n\n<p class=\"wp-block-paragraph\">Como siempre, la iniciativa comenzar\u00e1 con el <strong>Festival<\/strong> de artistas, grupos, actividades especiales y espect\u00e1culos y cerrar\u00e1 con la instancia final del <strong>Mundial<\/strong> de baile que tendr\u00e1 lugar en el <strong>Teatro Gran Rex los d\u00edas 1 y 2 septiembre<\/strong>, a las 19.<\/p>\n\n\n\n<p class=\"wp-block-paragraph\">El festival desplegar\u00e1 conciertos, exhibiciones y clases de danza, milongas, encuentros de divulgaci\u00f3n, proyecciones, muestras y feria de productos.<\/p>\n\n\n\n<p class=\"wp-block-paragraph\">Entre los artistas y grupos programados para la edici\u00f3n actual se encuentran, entre otros, el Sexteto Mayor, Sandra Mihanovich, N\u00e9stor Marconi, Jos\u00e9 Col\u00e1ngelo, Lito Vitale y Juan Carlos Baglietto, Franco Luciani, Noelia Sinkunas, V\u00edctor Lavall\u00e9n, Melingo, Renato Venturini, Jairo, Miguel \u00c1ngel Zotto, Lidia Borda, Rodolfo Mederos, Pira\u00f1a, Ra\u00fal Lavi\u00e9, Milena Plebs, Adriana Varela, la Orquesta del Tango de la Ciudad, Tata Cedr\u00f3n, El Arranque, Guillermo Fern\u00e1ndez, Leo Masl\u00edah, Eduardo Arquimbau, Hugo Rivas, Minino Garay, Natalia Hills, Ariel Ardit y Vanina Bilous.<\/p>\n\n\n\n<h2 class=\"wp-block-heading\">Las principales sedes y propuestas<\/h2>\n\n\n\n<p class=\"wp-block-paragraph\"><strong>Teatro Presidente Alvear y Hall del San Mart\u00edn: \u201cTango en la calle Corrientes\u201d<\/strong><\/p>\n\n\n\n<p class=\"wp-block-paragraph\">En el Alvear, escenario de inmensa tradici\u00f3n tanguera, estar\u00e1n Sandra Mihanovich celebrando a Eladia Bl\u00e1zquez, la T\u00edpica Melingo, N\u00e9stor Marconi con un recorrido por todas sus formaciones, Jairo junto a la Camerata Argentina de Cuerdas y la gran orquesta de Pepe Col\u00e1ngelo. En el Hall del Teatro San Mart\u00edn, se presentar\u00e1n el D\u00fao Asato-Pais, el Cuarteto De Cot\u00e9 y Gabriel Merlino, entre otros.<\/p>\n\n\n\n<p class=\"wp-block-paragraph\"><strong>Usina del Arte: \u201cPunto de encuentro y polo milonguero\u201d<\/strong><\/p>\n\n\n\n<p class=\"wp-block-paragraph\">En los auditorios de la Usina del Arte se desplegar\u00e1 una gran panor\u00e1mica con Amores Tangos, Andr\u00e9s Linetzky Cuarteto, Hugo Rivas y Orquesta de Cuerdas, En Des\u00f3rbita y Federico Pereiro Quinteto. Habr\u00e1 un encuentro especial de Guillermo Fern\u00e1ndez con la Orquesta del Tango de Buenos Aires y un concierto solista de Leo Masl\u00edah. En el Sal\u00f3n Mayor funcionar\u00e1 un polo milonguero con orquestas en vivo, clases y exhibiciones de baile. En el auditorio principal de esta sede se desarrollar\u00e1n tambi\u00e9n las rondas clasificatorias, cuartos de final y semifinales del Mundial de Baile.<\/p>\n\n\n\n<p class=\"wp-block-paragraph\"><strong>Teatro Col\u00f3n: \u201cCiclo ac\u00fastico\u201d<\/strong><\/p>\n\n\n\n<p class=\"wp-block-paragraph\">En el Sal\u00f3n Dorado del Col\u00f3n actuar\u00e1n algunas de las m\u00e1s notables formaciones de c\u00e1mara del g\u00e9nero: Lavall\u00e9n-Cabarcos con cuerdas, Quinteto Lumi\u00e8re, Juan Pablo Navarro Septeto, Renato Venturini Cuarteto, Quinteto Revolucionario, Angeleri-Z\u00e1rate y cuarteto, Quinteto del \u00c1ngel, Agri-Pirotti-Sava, Bayres Horns plays Piazzolla, Tango Argentum.<\/p>\n\n\n\n<figure class=\"wp-block-image size-large\"><img loading=\"lazy\" decoding=\"async\" width=\"1024\" height=\"683\" src=\"https:\/\/www.fracturaexpuesta.com.ar\/gotan\/wp-content\/uploads\/2025\/08\/festival-y-mundial-de-tango-2025-2-1024x683.jpg\" alt=\"\" class=\"wp-image-5242\" srcset=\"https:\/\/www.fracturaexpuesta.com.ar\/gotan\/wp-content\/uploads\/2025\/08\/festival-y-mundial-de-tango-2025-2-1024x683.jpg 1024w, https:\/\/www.fracturaexpuesta.com.ar\/gotan\/wp-content\/uploads\/2025\/08\/festival-y-mundial-de-tango-2025-2-300x200.jpg 300w, https:\/\/www.fracturaexpuesta.com.ar\/gotan\/wp-content\/uploads\/2025\/08\/festival-y-mundial-de-tango-2025-2-768x512.jpg 768w, https:\/\/www.fracturaexpuesta.com.ar\/gotan\/wp-content\/uploads\/2025\/08\/festival-y-mundial-de-tango-2025-2-60x40.jpg 60w, https:\/\/www.fracturaexpuesta.com.ar\/gotan\/wp-content\/uploads\/2025\/08\/festival-y-mundial-de-tango-2025-2-720x480.jpg 720w, https:\/\/www.fracturaexpuesta.com.ar\/gotan\/wp-content\/uploads\/2025\/08\/festival-y-mundial-de-tango-2025-2.jpg 1050w\" sizes=\"auto, (max-width: 1024px) 100vw, 1024px\" \/><figcaption class=\"wp-element-caption\"><em><mark style=\"background-color:rgba(0, 0, 0, 0)\" class=\"has-inline-color has-cyan-bluish-gray-color\">&#8220;Pepe&#8221; Col\u00e1ngelo en lo que fue la presentaci\u00f3n de la edici\u00f3n 2025 del festival y el mundial en el Teatro Col\u00f3n.<\/mark><\/em><\/figcaption><\/figure>\n\n\n\n<p class=\"wp-block-paragraph\"><strong>Centro Cultural San Mart\u00edn: \u201cProyectos y proyecciones\u201d<\/strong><\/p>\n\n\n\n<p class=\"wp-block-paragraph\">En la sala de espect\u00e1culos del Cultural San Mart\u00edn se dar\u00e1 una selecci\u00f3n de proyectos conceptuales de tango alrededor de figuras, geograf\u00edas o tratamientos sonoros de fuerte impronta: Tablado de Tango, Speaking Tango, Dock Sud, Tango Furioso, Ju\u00e1rez compositor.<\/p>\n\n\n\n<p class=\"wp-block-paragraph\">En las salas de cine se ver\u00e1n los documentales Todo el mundo al Marab\u00fa, Corsini interpreta a Blomberg y Maciel (Llin\u00e1s), Susana Rinaldi, libre, Nito y Elba: nobleza de arrabal.<\/p>\n\n\n\n<p class=\"wp-block-paragraph\"><strong>Centro Cultural 25 de Mayo, Cine Teatro El Plata, Anfiteatro del Parque Centenario, Cine Teatro Gran Rivadavia, Auditorio Belgrano, Cine Teatro Devoto: \u201cCl\u00e1sicos y populares en los barrios\u201d<\/strong><\/p>\n\n\n\n<p class=\"wp-block-paragraph\">Ic\u00f3nicos espacios barriales, en Villa Urquiza, Mataderos, Caballito, Belgrano, Devoto y Floresta ofrecer\u00e1n una nutrida agenda de conciertos con algunos de los nombres m\u00e1s notables de la escena: Vitale-Baglietto, Julia Zenko, Adriana Varela, Ariel Ardit, Tanghetto, Rodolfo Mederos con el cuarteto italiano 4 Bellows 4 Tales, Amelita Baltar, Esteban Morgado, V\u00edctor Lavall\u00e9n, Lidia Borda, El Arranque, la Orquesta del Tango de Buenos Aires, Negro Fal\u00f3tico y la Orquesta Escuela de Tango. Adem\u00e1s, en el Centro Cultural 25 de Mayo habr\u00e1 tambi\u00e9n milongas con la Orquesta del Plata y funciones del entra\u00f1able espect\u00e1culo As\u00ed se baila el tango.<\/p>\n\n\n\n<p class=\"wp-block-paragraph\"><strong>Casa de la Cultura: \u201cCumbre de Orquestas T\u00edpicas\u201d<\/strong><\/p>\n\n\n\n<p class=\"wp-block-paragraph\">Instituci\u00f3n emblem\u00e1tica del tango, las orquestas t\u00edpicas brillar\u00e1n en el Sal\u00f3n Dorado de la Casa de la Cultura: O. T. Sans Souci, O. T. Victoria, O. T. Misteriosa Buenos Aires, Ramiro Boero Orquesta, O. T. Tango 64, San Osvaldo Orquesta, La Juan D\u2019Arienzo, Color Tango, O. T. Piazzolla por Daniel Ruggiero.<\/p>\n\n\n\n<figure class=\"wp-block-image size-large\"><img loading=\"lazy\" decoding=\"async\" width=\"1024\" height=\"624\" src=\"https:\/\/www.fracturaexpuesta.com.ar\/gotan\/wp-content\/uploads\/2025\/08\/festival-y-mundial-de-tango-2025-3-1024x624.jpg\" alt=\"\" class=\"wp-image-5244\" srcset=\"https:\/\/www.fracturaexpuesta.com.ar\/gotan\/wp-content\/uploads\/2025\/08\/festival-y-mundial-de-tango-2025-3-1024x624.jpg 1024w, https:\/\/www.fracturaexpuesta.com.ar\/gotan\/wp-content\/uploads\/2025\/08\/festival-y-mundial-de-tango-2025-3-300x183.jpg 300w, https:\/\/www.fracturaexpuesta.com.ar\/gotan\/wp-content\/uploads\/2025\/08\/festival-y-mundial-de-tango-2025-3-768x468.jpg 768w, https:\/\/www.fracturaexpuesta.com.ar\/gotan\/wp-content\/uploads\/2025\/08\/festival-y-mundial-de-tango-2025-3-60x37.jpg 60w, https:\/\/www.fracturaexpuesta.com.ar\/gotan\/wp-content\/uploads\/2025\/08\/festival-y-mundial-de-tango-2025-3.jpg 1149w\" sizes=\"auto, (max-width: 1024px) 100vw, 1024px\" \/><figcaption class=\"wp-element-caption\"><mark style=\"background-color:rgba(0, 0, 0, 0)\" class=\"has-inline-color has-cyan-bluish-gray-color\"><em>Gustavo Mozzi, &#8220;Pepe&#8221; Col\u00e1ngelo, N\u00e9stor Marconi, Gabriela Ricardes, Pablo Agri y Daniel Melingo<\/em>.<\/mark><\/figcaption><\/figure>\n\n\n\n<p class=\"wp-block-paragraph\"><strong>Centro Cultural Recoleta: \u201cTinta fresca, los nuevos repertorios\u201d<\/strong><\/p>\n\n\n\n<p class=\"wp-block-paragraph\">En el marco \u00edntimo y privilegiado de la capilla del Recoleta, sonar\u00e1n los nuevos cl\u00e1sicos: Quinteto Criollo Gonz\u00e1lez Calo y Juan Seren, Sexteto Fantasma, Tangology, Sonia Possetti, Adam Tully.<\/p>\n\n\n\n<p class=\"wp-block-paragraph\"><strong>Bares notables y Museo Casa de Carlos Gardel: \u201cEspacios patrimoniales\u201d<\/strong><\/p>\n\n\n\n<p class=\"wp-block-paragraph\">Mirta Alvarez, Mar\u00eda Jos\u00e9 Mentana, Villarreal-Crom y Paula Castignola son algunos de los artistas que se presentar\u00e1n en el circuito de bares tradicionales como el Claridge, la confirter\u00eda Saint Moritz, El Gato Negro, New Brighton y La Puerto Rico. Adem\u00e1s, en el Abasto, el Museo Casa de Carlos Gardel albergar\u00e1 un recital del cantor Alfredo S\u00e1ez y el espect\u00e1culo Gardel: historias de un artista eterno, con Eduardo Parise y Lucrecia Merico.<\/p>\n\n\n\n<p class=\"wp-block-paragraph\"><strong>Academia Nacional del Tango<\/strong><\/p>\n\n\n\n<p class=\"wp-block-paragraph\">En la sala principal del Palacio Carlos Gardel de la Academia, los periodistas y gestores culturales Andr\u00e9s Valenzuela, Ximena Pascutti e Ignacio Villabona, creadores de los Premios Tango Siglo XXI, analizar\u00e1n la escena actual en una charla p\u00fablica. Adem\u00e1s, Tango Siglo XXI dise\u00f1\u00f3 una secci\u00f3n especial del Festival, en distintos espacios (Noelia Sinkunas y Tangorra, en el Centro Cultural San Mart\u00edn, Pira\u00f1a y Florencia Cozzani Quarteto en el Centro Cultural Recoleta, Gisela Magri y Cinzarazi en la Academia Nacional del Tango).<\/p>\n\n\n\n<figure class=\"wp-block-image size-large\"><img loading=\"lazy\" decoding=\"async\" width=\"1024\" height=\"683\" src=\"https:\/\/www.fracturaexpuesta.com.ar\/gotan\/wp-content\/uploads\/2025\/08\/festival-y-mundial-de-tango-2025-5-1024x683.jpg\" alt=\"\" class=\"wp-image-5250\" srcset=\"https:\/\/www.fracturaexpuesta.com.ar\/gotan\/wp-content\/uploads\/2025\/08\/festival-y-mundial-de-tango-2025-5-1024x683.jpg 1024w, https:\/\/www.fracturaexpuesta.com.ar\/gotan\/wp-content\/uploads\/2025\/08\/festival-y-mundial-de-tango-2025-5-300x200.jpg 300w, https:\/\/www.fracturaexpuesta.com.ar\/gotan\/wp-content\/uploads\/2025\/08\/festival-y-mundial-de-tango-2025-5-768x512.jpg 768w, https:\/\/www.fracturaexpuesta.com.ar\/gotan\/wp-content\/uploads\/2025\/08\/festival-y-mundial-de-tango-2025-5-60x40.jpg 60w, https:\/\/www.fracturaexpuesta.com.ar\/gotan\/wp-content\/uploads\/2025\/08\/festival-y-mundial-de-tango-2025-5-720x480.jpg 720w, https:\/\/www.fracturaexpuesta.com.ar\/gotan\/wp-content\/uploads\/2025\/08\/festival-y-mundial-de-tango-2025-5.jpg 1049w\" sizes=\"auto, (max-width: 1024px) 100vw, 1024px\" \/><figcaption class=\"wp-element-caption\"><em><mark style=\"background-color:rgba(0, 0, 0, 0)\" class=\"has-inline-color has-cyan-bluish-gray-color\">Baile con clases abiertas, exhibiciones y m\u00fasica en vivo. En milongas y en la Usina del Arte.<\/mark><\/em><\/figcaption><\/figure>\n\n\n\n<p class=\"wp-block-paragraph\"><strong>Teatro Gran Rex: \u201cGrandes Finales del Campeonato Mundial de Baile\u201d<\/strong><\/p>\n\n\n\n<p class=\"wp-block-paragraph\">El Campeonato Mundial de Baile llegar\u00e1 a la calle Corrientes para definir las rondas finales de Tango Sal\u00f3n y Tango Escenario, en dos noches de emoci\u00f3n y adrenalina, con invitados especiales y la conducci\u00f3n de Fernando Bravo.<\/p>\n\n\n\n<p class=\"wp-block-paragraph\"><strong>El Bondi Tanguero<\/strong><\/p>\n\n\n\n<p class=\"wp-block-paragraph\">El Bondi Tanguero de la Academia Tango Club recorrer\u00e1 los barrios acompa\u00f1ando el despliegue territorial con propuestas de m\u00fasica y danza al aire libre.<\/p>\n\n\n\n<h2 class=\"wp-block-heading\">Toda la programaci\u00f3n completa<\/h2>\n\n\n<p>[pdf-embedder url=&#8221;https:\/\/www.fracturaexpuesta.com.ar\/gotan\/wp-content\/uploads\/2025\/08\/Tango25-Catalogo-6-1.pdf&#8221; toolbarfixed=&#8221;on&#8221;]<\/p>\n\n\n\n<p class=\"wp-block-paragraph\"><a href=\"https:\/\/www.fracturaexpuesta.com.ar\/gotan\/wp-content\/uploads\/2025\/08\/Tango25-Catalogo-6-1.pdf\" target=\"_blank\" rel=\"noreferrer noopener\">Descargar cat\u00e1logo completo<\/a><\/p>\n\n\n\n<h2 class=\"wp-block-heading\">Las entradas<\/h2>\n\n\n\n<p class=\"wp-block-paragraph\">Todas las <strong>entradas son gratuitas y se habilitan a partir de las 12<\/strong> durante cada uno de los d\u00edas de programaci\u00f3n. Las modalidades de acceso a las mismas son:<\/p>\n\n\n\n<ul class=\"wp-block-list\">\n<li>Entrada libre y gratuita, por orden de llegada, hasta agotar la capacidad de la sala. Se podr\u00e1 retirar desde 2 horas antes en la sede correspondiente.<\/li>\n\n\n\n<li>Entrada libre y gratuita, por orden de llegada hasta agotar la capacidad de la sala.<\/li>\n\n\n\n<li>Entrada libre y gratuita con reserva previa. Se podr\u00e1 adquirir desde 72 horas antes en tangoba.org. Las entradas se retiran desde 2 horas antes en la sede.<\/li>\n<\/ul>\n\n\n\n<p class=\"wp-block-paragraph\"><\/p>\n","protected":false},"excerpt":{"rendered":"<p>Se extender\u00e1 desde el 20 de agosto hasta el 2 de septiembre. Conciertos, baile, charlas, proyecciones, espect\u00e1culos y actividades especiales.<\/p>\n","protected":false},"author":1,"featured_media":5232,"comment_status":"open","ping_status":"open","sticky":false,"template":"","format":"standard","meta":{"footnotes":""},"categories":[7],"tags":[95,199,96,159,158,160],"class_list":["post-5224","post","type-post","status-publish","format-standard","has-post-thumbnail","hentry","category-noticias","tag-agenda","tag-agenda-de-tango","tag-conciertos","tag-festival-de-tango","tag-mundial-de-tango","tag-tangoba"],"yoast_head":"<!-- This site is optimized with the Yoast SEO plugin v28.3 - https:\/\/yoast.com\/product\/yoast-seo-wordpress\/ -->\n<title>Arranca Tango BA Festival y Mundial 2025, el encuentro m\u00e1s destacado de la cultura tanguera &#187; Fractura Expuesta | Tango!<\/title>\n<meta name=\"description\" content=\"Se extender\u00e1 desde el 20 de agosto hasta el 2 de septiembre. Conciertos, baile, charlas, proyecciones, espect\u00e1culos y actividades especiales.\" \/>\n<meta name=\"robots\" content=\"index, follow, max-snippet:-1, max-image-preview:large, max-video-preview:-1\" \/>\n<link rel=\"canonical\" href=\"https:\/\/www.fracturaexpuesta.com.ar\/gotan\/festival-y-mundial-de-tango-2025-tango-ba\/\" \/>\n<meta property=\"og:locale\" content=\"es_ES\" \/>\n<meta property=\"og:type\" content=\"article\" \/>\n<meta property=\"og:title\" content=\"Arranca Tango BA Festival y Mundial 2025, el encuentro m\u00e1s destacado de la cultura tanguera\" \/>\n<meta property=\"og:description\" content=\"Se extender\u00e1 desde el 20 de agosto hasta el 2 de septiembre. Conciertos, baile, charlas, proyecciones, espect\u00e1culos y actividades especiales.\" \/>\n<meta property=\"og:url\" content=\"https:\/\/www.fracturaexpuesta.com.ar\/gotan\/festival-y-mundial-de-tango-2025-tango-ba\/\" \/>\n<meta property=\"og:site_name\" content=\"Fractura Expuesta | Tango!\" \/>\n<meta property=\"article:author\" content=\"https:\/\/www.facebook.com\/fracturaexpuestaok\" \/>\n<meta property=\"article:published_time\" content=\"2025-08-18T18:02:57+00:00\" \/>\n<meta property=\"article:modified_time\" content=\"2025-08-19T01:17:01+00:00\" \/>\n<meta property=\"og:image\" content=\"https:\/\/www.fracturaexpuesta.com.ar\/gotan\/wp-content\/uploads\/2025\/08\/festival-y-mundial-de-tango-2025-2.jpg\" \/>\n\t<meta property=\"og:image:width\" content=\"1050\" \/>\n\t<meta property=\"og:image:height\" content=\"700\" \/>\n\t<meta property=\"og:image:type\" content=\"image\/jpeg\" \/>\n<meta name=\"author\" content=\"Fractura Expuesta\" \/>\n<meta name=\"twitter:card\" content=\"summary_large_image\" \/>\n<meta name=\"twitter:title\" content=\"Arranca Tango BA Festival y Mundial 2025, el encuentro m\u00e1s destacado de la cultura tanguera\" \/>\n<meta name=\"twitter:description\" content=\"Se extender\u00e1 desde el 20 de agosto hasta el 2 de septiembre. Conciertos, baile, charlas, proyecciones, espect\u00e1culos y actividades especiales.\" \/>\n<meta name=\"twitter:image\" content=\"https:\/\/www.fracturaexpuesta.com.ar\/gotan\/wp-content\/uploads\/2025\/08\/festival-y-mundial-de-tango-2025-2.jpg\" \/>\n<meta name=\"twitter:creator\" content=\"@https:\/\/x.com\/fracturatango\" \/>\n<meta name=\"twitter:label1\" content=\"Escrito por\" \/>\n\t<meta name=\"twitter:data1\" content=\"Fractura Expuesta\" \/>\n\t<meta name=\"twitter:label2\" content=\"Tiempo de lectura\" \/>\n\t<meta name=\"twitter:data2\" content=\"6 minutos\" \/>\n<script type=\"application\/ld+json\" class=\"yoast-schema-graph\">{\"@context\":\"https:\\\/\\\/schema.org\",\"@graph\":[{\"@type\":\"Article\",\"@id\":\"https:\\\/\\\/www.fracturaexpuesta.com.ar\\\/gotan\\\/festival-y-mundial-de-tango-2025-tango-ba\\\/#article\",\"isPartOf\":{\"@id\":\"https:\\\/\\\/www.fracturaexpuesta.com.ar\\\/gotan\\\/festival-y-mundial-de-tango-2025-tango-ba\\\/\"},\"author\":{\"name\":\"Fractura Expuesta\",\"@id\":\"https:\\\/\\\/www.fracturaexpuesta.com.ar\\\/gotan\\\/#\\\/schema\\\/person\\\/d8266939f778485b13ad2174aa9e199e\"},\"headline\":\"Arranca Tango BA Festival y Mundial 2025, el encuentro m\u00e1s destacado de la cultura tanguera\",\"datePublished\":\"2025-08-18T18:02:57+00:00\",\"dateModified\":\"2025-08-19T01:17:01+00:00\",\"mainEntityOfPage\":{\"@id\":\"https:\\\/\\\/www.fracturaexpuesta.com.ar\\\/gotan\\\/festival-y-mundial-de-tango-2025-tango-ba\\\/\"},\"wordCount\":1236,\"commentCount\":0,\"publisher\":{\"@id\":\"https:\\\/\\\/www.fracturaexpuesta.com.ar\\\/gotan\\\/#organization\"},\"image\":{\"@id\":\"https:\\\/\\\/www.fracturaexpuesta.com.ar\\\/gotan\\\/festival-y-mundial-de-tango-2025-tango-ba\\\/#primaryimage\"},\"thumbnailUrl\":\"https:\\\/\\\/www.fracturaexpuesta.com.ar\\\/gotan\\\/wp-content\\\/uploads\\\/2025\\\/08\\\/festival-y-mundial-de-tango-2025-1.jpg\",\"keywords\":[\"agenda\",\"agenda de tango\",\"conciertos\",\"festival de tango\",\"mundial de tango\",\"tangoba\"],\"articleSection\":[\"Noticias\"],\"inLanguage\":\"es-AR\",\"potentialAction\":[{\"@type\":\"CommentAction\",\"name\":\"Comment\",\"target\":[\"https:\\\/\\\/www.fracturaexpuesta.com.ar\\\/gotan\\\/festival-y-mundial-de-tango-2025-tango-ba\\\/#respond\"]}]},{\"@type\":\"WebPage\",\"@id\":\"https:\\\/\\\/www.fracturaexpuesta.com.ar\\\/gotan\\\/festival-y-mundial-de-tango-2025-tango-ba\\\/\",\"url\":\"https:\\\/\\\/www.fracturaexpuesta.com.ar\\\/gotan\\\/festival-y-mundial-de-tango-2025-tango-ba\\\/\",\"name\":\"Arranca Tango BA Festival y Mundial 2025, el encuentro m\u00e1s destacado de la cultura tanguera &#187; Fractura Expuesta | Tango!\",\"isPartOf\":{\"@id\":\"https:\\\/\\\/www.fracturaexpuesta.com.ar\\\/gotan\\\/#website\"},\"primaryImageOfPage\":{\"@id\":\"https:\\\/\\\/www.fracturaexpuesta.com.ar\\\/gotan\\\/festival-y-mundial-de-tango-2025-tango-ba\\\/#primaryimage\"},\"image\":{\"@id\":\"https:\\\/\\\/www.fracturaexpuesta.com.ar\\\/gotan\\\/festival-y-mundial-de-tango-2025-tango-ba\\\/#primaryimage\"},\"thumbnailUrl\":\"https:\\\/\\\/www.fracturaexpuesta.com.ar\\\/gotan\\\/wp-content\\\/uploads\\\/2025\\\/08\\\/festival-y-mundial-de-tango-2025-1.jpg\",\"datePublished\":\"2025-08-18T18:02:57+00:00\",\"dateModified\":\"2025-08-19T01:17:01+00:00\",\"description\":\"Se extender\u00e1 desde el 20 de agosto hasta el 2 de septiembre. Conciertos, baile, charlas, proyecciones, espect\u00e1culos y actividades especiales.\",\"breadcrumb\":{\"@id\":\"https:\\\/\\\/www.fracturaexpuesta.com.ar\\\/gotan\\\/festival-y-mundial-de-tango-2025-tango-ba\\\/#breadcrumb\"},\"inLanguage\":\"es-AR\",\"potentialAction\":[{\"@type\":\"ReadAction\",\"target\":[\"https:\\\/\\\/www.fracturaexpuesta.com.ar\\\/gotan\\\/festival-y-mundial-de-tango-2025-tango-ba\\\/\"]}]},{\"@type\":\"ImageObject\",\"inLanguage\":\"es-AR\",\"@id\":\"https:\\\/\\\/www.fracturaexpuesta.com.ar\\\/gotan\\\/festival-y-mundial-de-tango-2025-tango-ba\\\/#primaryimage\",\"url\":\"https:\\\/\\\/www.fracturaexpuesta.com.ar\\\/gotan\\\/wp-content\\\/uploads\\\/2025\\\/08\\\/festival-y-mundial-de-tango-2025-1.jpg\",\"contentUrl\":\"https:\\\/\\\/www.fracturaexpuesta.com.ar\\\/gotan\\\/wp-content\\\/uploads\\\/2025\\\/08\\\/festival-y-mundial-de-tango-2025-1.jpg\",\"width\":1050,\"height\":700,\"caption\":\"Festival y Mundial de tango 2025\"},{\"@type\":\"BreadcrumbList\",\"@id\":\"https:\\\/\\\/www.fracturaexpuesta.com.ar\\\/gotan\\\/festival-y-mundial-de-tango-2025-tango-ba\\\/#breadcrumb\",\"itemListElement\":[{\"@type\":\"ListItem\",\"position\":1,\"name\":\"Inicio\",\"item\":\"https:\\\/\\\/www.fracturaexpuesta.com.ar\\\/gotan\\\/\"},{\"@type\":\"ListItem\",\"position\":2,\"name\":\"Arranca Tango BA Festival y Mundial 2025, el encuentro m\u00e1s destacado de la cultura tanguera\"}]},{\"@type\":\"WebSite\",\"@id\":\"https:\\\/\\\/www.fracturaexpuesta.com.ar\\\/gotan\\\/#website\",\"url\":\"https:\\\/\\\/www.fracturaexpuesta.com.ar\\\/gotan\\\/\",\"name\":\"Fractura Expuesta | Tango!\",\"description\":\"\",\"publisher\":{\"@id\":\"https:\\\/\\\/www.fracturaexpuesta.com.ar\\\/gotan\\\/#organization\"},\"potentialAction\":[{\"@type\":\"SearchAction\",\"target\":{\"@type\":\"EntryPoint\",\"urlTemplate\":\"https:\\\/\\\/www.fracturaexpuesta.com.ar\\\/gotan\\\/?s={search_term_string}\"},\"query-input\":{\"@type\":\"PropertyValueSpecification\",\"valueRequired\":true,\"valueName\":\"search_term_string\"}}],\"inLanguage\":\"es-AR\"},{\"@type\":\"Organization\",\"@id\":\"https:\\\/\\\/www.fracturaexpuesta.com.ar\\\/gotan\\\/#organization\",\"name\":\"Fractura Expuesta | Tango!\",\"url\":\"https:\\\/\\\/www.fracturaexpuesta.com.ar\\\/gotan\\\/\",\"logo\":{\"@type\":\"ImageObject\",\"inLanguage\":\"es-AR\",\"@id\":\"https:\\\/\\\/www.fracturaexpuesta.com.ar\\\/gotan\\\/#\\\/schema\\\/logo\\\/image\\\/\",\"url\":\"https:\\\/\\\/www.fracturaexpuesta.com.ar\\\/gotan\\\/wp-content\\\/uploads\\\/2025\\\/03\\\/avatar2centroOK.jpg\",\"contentUrl\":\"https:\\\/\\\/www.fracturaexpuesta.com.ar\\\/gotan\\\/wp-content\\\/uploads\\\/2025\\\/03\\\/avatar2centroOK.jpg\",\"width\":600,\"height\":600,\"caption\":\"Fractura Expuesta | Tango!\"},\"image\":{\"@id\":\"https:\\\/\\\/www.fracturaexpuesta.com.ar\\\/gotan\\\/#\\\/schema\\\/logo\\\/image\\\/\"}},{\"@type\":\"Person\",\"@id\":\"https:\\\/\\\/www.fracturaexpuesta.com.ar\\\/gotan\\\/#\\\/schema\\\/person\\\/d8266939f778485b13ad2174aa9e199e\",\"name\":\"Fractura Expuesta\",\"image\":{\"@type\":\"ImageObject\",\"inLanguage\":\"es-AR\",\"@id\":\"https:\\\/\\\/secure.gravatar.com\\\/avatar\\\/c4bad1eb9f93dd4a42df3aa8b8e8b882ff893fcea188ee15488a845db442d7ec?s=96&d=mm&r=g\",\"url\":\"https:\\\/\\\/secure.gravatar.com\\\/avatar\\\/c4bad1eb9f93dd4a42df3aa8b8e8b882ff893fcea188ee15488a845db442d7ec?s=96&d=mm&r=g\",\"contentUrl\":\"https:\\\/\\\/secure.gravatar.com\\\/avatar\\\/c4bad1eb9f93dd4a42df3aa8b8e8b882ff893fcea188ee15488a845db442d7ec?s=96&d=mm&r=g\",\"caption\":\"Fractura Expuesta\"},\"description\":\"Sitio de tango y noticias culturales. Desde 2003, el espacio referente del tango de estos tiempos.\",\"sameAs\":[\"https:\\\/\\\/www.fracturaexpuesta.com.ar\",\"https:\\\/\\\/www.facebook.com\\\/fracturaexpuestaok\",\"https:\\\/\\\/www.instagram.com\\\/fracturaexpuesta\",\"https:\\\/\\\/x.com\\\/https:\\\/\\\/x.com\\\/fracturatango\",\"https:\\\/\\\/www.youtube.com\\\/channel\\\/UCojA8Q0QDpnncOL8sfTHOHg\"],\"url\":\"https:\\\/\\\/www.fracturaexpuesta.com.ar\\\/gotan\\\/author\\\/fractura-expuesta\\\/\"}]}<\/script>\n<!-- \/ Yoast SEO plugin. -->","yoast_head_json":{"title":"Arranca Tango BA Festival y Mundial 2025, el encuentro m\u00e1s destacado de la cultura tanguera &#187; Fractura Expuesta | Tango!","description":"Se extender\u00e1 desde el 20 de agosto hasta el 2 de septiembre. Conciertos, baile, charlas, proyecciones, espect\u00e1culos y actividades especiales.","robots":{"index":"index","follow":"follow","max-snippet":"max-snippet:-1","max-image-preview":"max-image-preview:large","max-video-preview":"max-video-preview:-1"},"canonical":"https:\/\/www.fracturaexpuesta.com.ar\/gotan\/festival-y-mundial-de-tango-2025-tango-ba\/","og_locale":"es_ES","og_type":"article","og_title":"Arranca Tango BA Festival y Mundial 2025, el encuentro m\u00e1s destacado de la cultura tanguera","og_description":"Se extender\u00e1 desde el 20 de agosto hasta el 2 de septiembre. Conciertos, baile, charlas, proyecciones, espect\u00e1culos y actividades especiales.","og_url":"https:\/\/www.fracturaexpuesta.com.ar\/gotan\/festival-y-mundial-de-tango-2025-tango-ba\/","og_site_name":"Fractura Expuesta | Tango!","article_author":"https:\/\/www.facebook.com\/fracturaexpuestaok","article_published_time":"2025-08-18T18:02:57+00:00","article_modified_time":"2025-08-19T01:17:01+00:00","og_image":[{"width":1050,"height":700,"url":"https:\/\/www.fracturaexpuesta.com.ar\/gotan\/wp-content\/uploads\/2025\/08\/festival-y-mundial-de-tango-2025-2.jpg","type":"image\/jpeg"}],"author":"Fractura Expuesta","twitter_card":"summary_large_image","twitter_title":"Arranca Tango BA Festival y Mundial 2025, el encuentro m\u00e1s destacado de la cultura tanguera","twitter_description":"Se extender\u00e1 desde el 20 de agosto hasta el 2 de septiembre. Conciertos, baile, charlas, proyecciones, espect\u00e1culos y actividades especiales.","twitter_image":"https:\/\/www.fracturaexpuesta.com.ar\/gotan\/wp-content\/uploads\/2025\/08\/festival-y-mundial-de-tango-2025-2.jpg","twitter_creator":"@https:\/\/x.com\/fracturatango","twitter_misc":{"Escrito por":"Fractura Expuesta","Tiempo de lectura":"6 minutos"},"schema":{"@context":"https:\/\/schema.org","@graph":[{"@type":"Article","@id":"https:\/\/www.fracturaexpuesta.com.ar\/gotan\/festival-y-mundial-de-tango-2025-tango-ba\/#article","isPartOf":{"@id":"https:\/\/www.fracturaexpuesta.com.ar\/gotan\/festival-y-mundial-de-tango-2025-tango-ba\/"},"author":{"name":"Fractura Expuesta","@id":"https:\/\/www.fracturaexpuesta.com.ar\/gotan\/#\/schema\/person\/d8266939f778485b13ad2174aa9e199e"},"headline":"Arranca Tango BA Festival y Mundial 2025, el encuentro m\u00e1s destacado de la cultura tanguera","datePublished":"2025-08-18T18:02:57+00:00","dateModified":"2025-08-19T01:17:01+00:00","mainEntityOfPage":{"@id":"https:\/\/www.fracturaexpuesta.com.ar\/gotan\/festival-y-mundial-de-tango-2025-tango-ba\/"},"wordCount":1236,"commentCount":0,"publisher":{"@id":"https:\/\/www.fracturaexpuesta.com.ar\/gotan\/#organization"},"image":{"@id":"https:\/\/www.fracturaexpuesta.com.ar\/gotan\/festival-y-mundial-de-tango-2025-tango-ba\/#primaryimage"},"thumbnailUrl":"https:\/\/www.fracturaexpuesta.com.ar\/gotan\/wp-content\/uploads\/2025\/08\/festival-y-mundial-de-tango-2025-1.jpg","keywords":["agenda","agenda de tango","conciertos","festival de tango","mundial de tango","tangoba"],"articleSection":["Noticias"],"inLanguage":"es-AR","potentialAction":[{"@type":"CommentAction","name":"Comment","target":["https:\/\/www.fracturaexpuesta.com.ar\/gotan\/festival-y-mundial-de-tango-2025-tango-ba\/#respond"]}]},{"@type":"WebPage","@id":"https:\/\/www.fracturaexpuesta.com.ar\/gotan\/festival-y-mundial-de-tango-2025-tango-ba\/","url":"https:\/\/www.fracturaexpuesta.com.ar\/gotan\/festival-y-mundial-de-tango-2025-tango-ba\/","name":"Arranca Tango BA Festival y Mundial 2025, el encuentro m\u00e1s destacado de la cultura tanguera &#187; Fractura Expuesta | Tango!","isPartOf":{"@id":"https:\/\/www.fracturaexpuesta.com.ar\/gotan\/#website"},"primaryImageOfPage":{"@id":"https:\/\/www.fracturaexpuesta.com.ar\/gotan\/festival-y-mundial-de-tango-2025-tango-ba\/#primaryimage"},"image":{"@id":"https:\/\/www.fracturaexpuesta.com.ar\/gotan\/festival-y-mundial-de-tango-2025-tango-ba\/#primaryimage"},"thumbnailUrl":"https:\/\/www.fracturaexpuesta.com.ar\/gotan\/wp-content\/uploads\/2025\/08\/festival-y-mundial-de-tango-2025-1.jpg","datePublished":"2025-08-18T18:02:57+00:00","dateModified":"2025-08-19T01:17:01+00:00","description":"Se extender\u00e1 desde el 20 de agosto hasta el 2 de septiembre. Conciertos, baile, charlas, proyecciones, espect\u00e1culos y actividades especiales.","breadcrumb":{"@id":"https:\/\/www.fracturaexpuesta.com.ar\/gotan\/festival-y-mundial-de-tango-2025-tango-ba\/#breadcrumb"},"inLanguage":"es-AR","potentialAction":[{"@type":"ReadAction","target":["https:\/\/www.fracturaexpuesta.com.ar\/gotan\/festival-y-mundial-de-tango-2025-tango-ba\/"]}]},{"@type":"ImageObject","inLanguage":"es-AR","@id":"https:\/\/www.fracturaexpuesta.com.ar\/gotan\/festival-y-mundial-de-tango-2025-tango-ba\/#primaryimage","url":"https:\/\/www.fracturaexpuesta.com.ar\/gotan\/wp-content\/uploads\/2025\/08\/festival-y-mundial-de-tango-2025-1.jpg","contentUrl":"https:\/\/www.fracturaexpuesta.com.ar\/gotan\/wp-content\/uploads\/2025\/08\/festival-y-mundial-de-tango-2025-1.jpg","width":1050,"height":700,"caption":"Festival y Mundial de tango 2025"},{"@type":"BreadcrumbList","@id":"https:\/\/www.fracturaexpuesta.com.ar\/gotan\/festival-y-mundial-de-tango-2025-tango-ba\/#breadcrumb","itemListElement":[{"@type":"ListItem","position":1,"name":"Inicio","item":"https:\/\/www.fracturaexpuesta.com.ar\/gotan\/"},{"@type":"ListItem","position":2,"name":"Arranca Tango BA Festival y Mundial 2025, el encuentro m\u00e1s destacado de la cultura tanguera"}]},{"@type":"WebSite","@id":"https:\/\/www.fracturaexpuesta.com.ar\/gotan\/#website","url":"https:\/\/www.fracturaexpuesta.com.ar\/gotan\/","name":"Fractura Expuesta | Tango!","description":"","publisher":{"@id":"https:\/\/www.fracturaexpuesta.com.ar\/gotan\/#organization"},"potentialAction":[{"@type":"SearchAction","target":{"@type":"EntryPoint","urlTemplate":"https:\/\/www.fracturaexpuesta.com.ar\/gotan\/?s={search_term_string}"},"query-input":{"@type":"PropertyValueSpecification","valueRequired":true,"valueName":"search_term_string"}}],"inLanguage":"es-AR"},{"@type":"Organization","@id":"https:\/\/www.fracturaexpuesta.com.ar\/gotan\/#organization","name":"Fractura Expuesta | Tango!","url":"https:\/\/www.fracturaexpuesta.com.ar\/gotan\/","logo":{"@type":"ImageObject","inLanguage":"es-AR","@id":"https:\/\/www.fracturaexpuesta.com.ar\/gotan\/#\/schema\/logo\/image\/","url":"https:\/\/www.fracturaexpuesta.com.ar\/gotan\/wp-content\/uploads\/2025\/03\/avatar2centroOK.jpg","contentUrl":"https:\/\/www.fracturaexpuesta.com.ar\/gotan\/wp-content\/uploads\/2025\/03\/avatar2centroOK.jpg","width":600,"height":600,"caption":"Fractura Expuesta | Tango!"},"image":{"@id":"https:\/\/www.fracturaexpuesta.com.ar\/gotan\/#\/schema\/logo\/image\/"}},{"@type":"Person","@id":"https:\/\/www.fracturaexpuesta.com.ar\/gotan\/#\/schema\/person\/d8266939f778485b13ad2174aa9e199e","name":"Fractura Expuesta","image":{"@type":"ImageObject","inLanguage":"es-AR","@id":"https:\/\/secure.gravatar.com\/avatar\/c4bad1eb9f93dd4a42df3aa8b8e8b882ff893fcea188ee15488a845db442d7ec?s=96&d=mm&r=g","url":"https:\/\/secure.gravatar.com\/avatar\/c4bad1eb9f93dd4a42df3aa8b8e8b882ff893fcea188ee15488a845db442d7ec?s=96&d=mm&r=g","contentUrl":"https:\/\/secure.gravatar.com\/avatar\/c4bad1eb9f93dd4a42df3aa8b8e8b882ff893fcea188ee15488a845db442d7ec?s=96&d=mm&r=g","caption":"Fractura Expuesta"},"description":"Sitio de tango y noticias culturales. Desde 2003, el espacio referente del tango de estos tiempos.","sameAs":["https:\/\/www.fracturaexpuesta.com.ar","https:\/\/www.facebook.com\/fracturaexpuestaok","https:\/\/www.instagram.com\/fracturaexpuesta","https:\/\/x.com\/https:\/\/x.com\/fracturatango","https:\/\/www.youtube.com\/channel\/UCojA8Q0QDpnncOL8sfTHOHg"],"url":"https:\/\/www.fracturaexpuesta.com.ar\/gotan\/author\/fractura-expuesta\/"}]}},"_links":{"self":[{"href":"https:\/\/www.fracturaexpuesta.com.ar\/gotan\/wp-json\/wp\/v2\/posts\/5224","targetHints":{"allow":["GET"]}}],"collection":[{"href":"https:\/\/www.fracturaexpuesta.com.ar\/gotan\/wp-json\/wp\/v2\/posts"}],"about":[{"href":"https:\/\/www.fracturaexpuesta.com.ar\/gotan\/wp-json\/wp\/v2\/types\/post"}],"author":[{"embeddable":true,"href":"https:\/\/www.fracturaexpuesta.com.ar\/gotan\/wp-json\/wp\/v2\/users\/1"}],"replies":[{"embeddable":true,"href":"https:\/\/www.fracturaexpuesta.com.ar\/gotan\/wp-json\/wp\/v2\/comments?post=5224"}],"version-history":[{"count":17,"href":"https:\/\/www.fracturaexpuesta.com.ar\/gotan\/wp-json\/wp\/v2\/posts\/5224\/revisions"}],"predecessor-version":[{"id":5254,"href":"https:\/\/www.fracturaexpuesta.com.ar\/gotan\/wp-json\/wp\/v2\/posts\/5224\/revisions\/5254"}],"wp:featuredmedia":[{"embeddable":true,"href":"https:\/\/www.fracturaexpuesta.com.ar\/gotan\/wp-json\/wp\/v2\/media\/5232"}],"wp:attachment":[{"href":"https:\/\/www.fracturaexpuesta.com.ar\/gotan\/wp-json\/wp\/v2\/media?parent=5224"}],"wp:term":[{"taxonomy":"category","embeddable":true,"href":"https:\/\/www.fracturaexpuesta.com.ar\/gotan\/wp-json\/wp\/v2\/categories?post=5224"},{"taxonomy":"post_tag","embeddable":true,"href":"https:\/\/www.fracturaexpuesta.com.ar\/gotan\/wp-json\/wp\/v2\/tags?post=5224"}],"curies":[{"name":"wp","href":"https:\/\/api.w.org\/{rel}","templated":true}]}}