{"id":5255,"date":"2025-08-19T14:36:51","date_gmt":"2025-08-19T17:36:51","guid":{"rendered":"https:\/\/www.fracturaexpuesta.com.ar\/gotan\/?p=5255"},"modified":"2025-08-19T16:31:11","modified_gmt":"2025-08-19T19:31:11","slug":"dia-por-dia-la-agenda-completa-de-conciertos-de-tango-ba-festival-y-mundial-2025","status":"publish","type":"post","link":"https:\/\/www.fracturaexpuesta.com.ar\/gotan\/dia-por-dia-la-agenda-completa-de-conciertos-de-tango-ba-festival-y-mundial-2025\/","title":{"rendered":"D\u00eda por d\u00eda, la agenda completa de conciertos de Tango BA Festival y Mundial 2025"},"content":{"rendered":"\n<h2 class=\"wp-block-heading\">Mi\u00e9rcoles 20 de agosto<\/h2>\n\n\n\n<p class=\"wp-block-paragraph\">17 hs. \/ <strong>SurdelSur Ensamble, V\u00edctor Lavall\u00e9n y Horacio Cabarcos presentan: Alquimia<\/strong> &#8211; Teatro Col\u00f3n<br>18 hs. \/ <strong>Silvio Zalambani &amp; Ensemble de Saxofones del Conservatorio de M\u00fasica Antonio Scontrino, de Italia<\/strong> &#8211; Teatro San Mart\u00edn<br>19 hs. \/ <strong>Veronika Silva y C\u00e9sar Angeleri: Sonidos nuestros<\/strong> &#8211; Centro Cultural 25 de Mayo<br>19 hs. \/ <strong>Dock Sud Tango presenta: Cuore Griyo<\/strong> &#8211; Cultural San Mart\u00edn<br>19 hs. \/ <strong>Rivano-Rogantini-Su\u00e1rez Tr\u00edo: Tangos del siglo XX y XXI<\/strong> &#8211; Centro Cultural Recoleta<br>19 hs. \/ <strong>Orquesta T\u00edpica Sans Souci<\/strong> &#8211; Casa de la Cultura<br>20 hs. \/ <strong>\u00c1ngel Gregorio Villoldo: El hito cero del tango<\/strong> (cine) &#8211; Cultural San Mart\u00edn<br>20 hs. \/ <strong>Mar\u00eda Jos\u00e9 Mentana: Mujer Tango<\/strong> &#8211; Claridge Bar<br>20 hs. \/ <strong>Rodolfo Mederos: Re5piraciones<\/strong> &#8211; Centro Cultural 25 de Mayo<br>20 hs. \/ <strong>Sexteto Mayor, Ra\u00fal Lavi\u00e9, Sandra Mihanovich, O.T. Pichuco, Miguel \u00c1ngel Zotto<\/strong> &#8211; Usina del Arte<\/p>\n\n\n\n<figure class=\"wp-block-image size-large\"><img loading=\"lazy\" decoding=\"async\" width=\"1024\" height=\"683\" src=\"https:\/\/www.fracturaexpuesta.com.ar\/gotan\/wp-content\/uploads\/2025\/07\/sur-del-sur-ensamble-1-1024x683.jpg\" alt=\"\" class=\"wp-image-5022\" srcset=\"https:\/\/www.fracturaexpuesta.com.ar\/gotan\/wp-content\/uploads\/2025\/07\/sur-del-sur-ensamble-1-1024x683.jpg 1024w, https:\/\/www.fracturaexpuesta.com.ar\/gotan\/wp-content\/uploads\/2025\/07\/sur-del-sur-ensamble-1-300x200.jpg 300w, https:\/\/www.fracturaexpuesta.com.ar\/gotan\/wp-content\/uploads\/2025\/07\/sur-del-sur-ensamble-1-768x512.jpg 768w, https:\/\/www.fracturaexpuesta.com.ar\/gotan\/wp-content\/uploads\/2025\/07\/sur-del-sur-ensamble-1-60x40.jpg 60w, https:\/\/www.fracturaexpuesta.com.ar\/gotan\/wp-content\/uploads\/2025\/07\/sur-del-sur-ensamble-1-720x480.jpg 720w, https:\/\/www.fracturaexpuesta.com.ar\/gotan\/wp-content\/uploads\/2025\/07\/sur-del-sur-ensamble-1.jpg 1050w\" sizes=\"auto, (max-width: 1024px) 100vw, 1024px\" \/><figcaption class=\"wp-element-caption\"><em><mark style=\"background-color:rgba(0, 0, 0, 0)\" class=\"has-inline-color has-cyan-bluish-gray-color\">SurdelSur Ensamble junto a Lavall\u00e9n y Cabarcos<\/mark><\/em><\/figcaption><\/figure>\n\n\n\n<h2 class=\"wp-block-heading\">Jueves 21 de agosto<\/h2>\n\n\n\n<p class=\"wp-block-paragraph\">17 hs. \/ <strong>D\u00fao Z\u00e1rate-Angeleri &amp; C\u00e9sar Angeleri Cuarteto<\/strong> &#8211; Teatro Col\u00f3n<br>17:30 hs. \/ <strong>Lucrecia Merico y Eduardo Parise: Gardel, historias de un artista eterno<\/strong> &#8211; Museo Casa Carlos Gardel<br>18 hs. \/ <strong>Graciela Novellino y Horacio Burgos: Nombres propios<\/strong> &#8211; Teatro San Mart\u00edn<br>19 hs. \/ <strong>Solo Tango Orquesta: 15 a\u00f1os<\/strong> &#8211; Usina del Arte<br>19 hs. \/ <strong>Hern\u00e1n Genovese: El cantor y sus guitarras<\/strong> &#8211; Centro Cultural 25 de Mayo<br>19 hs. \/ <strong>Daniel Ruggiero: Piazzolla para Orquesta T\u00edpica<\/strong> &#8211; Casa de la Cultura<br>19 hs. \/ <strong>Ju\u00e1rez compositor, por Juli\u00e1n Hermida<\/strong> &#8211; Cultural San Mart\u00edn<br>19 hs. \/ <strong>Quinteto TangoContempo &#8211; Centro Cultural Recoleta<br><\/strong>19 hs. \/ <strong>Mirta \u00c1lvarez: Tango en seis cuerdas<\/strong> &#8211; Saint Moritz<br>20 hs. \/ <strong>Compa\u00f1\u00eda Gotamb\u00f3 presenta: Tango Afrikano<\/strong> (danza) &#8211; Centro Cultural 25 de Mayo<br>20 hs. \/ <strong>Amores Tangos<\/strong> &#8211; Usina del Arte<br>20 hs. \/ <strong>Los archivos del Festival y el Mundial <\/strong>(cine) &#8211; Cultural San Mart\u00edn<\/p>\n\n\n\n<figure class=\"wp-block-image size-large\"><img loading=\"lazy\" decoding=\"async\" width=\"1024\" height=\"681\" src=\"https:\/\/www.fracturaexpuesta.com.ar\/gotan\/wp-content\/uploads\/2025\/08\/Amores-tangos-1024x681.jpg\" alt=\"\" class=\"wp-image-5264\" srcset=\"https:\/\/www.fracturaexpuesta.com.ar\/gotan\/wp-content\/uploads\/2025\/08\/Amores-tangos-1024x681.jpg 1024w, https:\/\/www.fracturaexpuesta.com.ar\/gotan\/wp-content\/uploads\/2025\/08\/Amores-tangos-300x200.jpg 300w, https:\/\/www.fracturaexpuesta.com.ar\/gotan\/wp-content\/uploads\/2025\/08\/Amores-tangos-768x511.jpg 768w, https:\/\/www.fracturaexpuesta.com.ar\/gotan\/wp-content\/uploads\/2025\/08\/Amores-tangos-60x40.jpg 60w, https:\/\/www.fracturaexpuesta.com.ar\/gotan\/wp-content\/uploads\/2025\/08\/Amores-tangos-720x480.jpg 720w, https:\/\/www.fracturaexpuesta.com.ar\/gotan\/wp-content\/uploads\/2025\/08\/Amores-tangos.jpg 1536w\" sizes=\"auto, (max-width: 1024px) 100vw, 1024px\" \/><figcaption class=\"wp-element-caption\"><em><mark style=\"background-color:rgba(0, 0, 0, 0)\" class=\"has-inline-color has-cyan-bluish-gray-color\">Amores Tangos<\/mark><\/em><\/figcaption><\/figure>\n\n\n\n<p class=\"has-background wp-block-paragraph\" style=\"background-color:#e3e3e3\"><strong>Modalidad de entradas x sede<br><\/strong><br>* Teatro Col\u00f3n &#8211; Teatro Presidente Alvear &#8211; Usina del Arte &#8211; Cultural San Mart\u00edn &#8211; Auditorio Belgrano &#8211; Teatro Gran Rivadavia y Teatro Devoto \/ <strong>Entrada libre y gratuita, con reserva previa desde 72 horas antes en tangoba.org. Se retiran 2 horas antes en la sede.<\/strong><br><br>* Centro Cultural 25 de Mayo &#8211; Centro Cultural Recoleta &#8211; Casa de la Cultura \/ <strong>Entrada libre y gratuita, con reserva previa desde 72 horas antes en tangoba.org<\/strong><br><br>* Anfiteatro del Parque Centenario &#8211; Teatro San Mart\u00edn &#8211; Cine Teatro El Plata &#8211; Teatro de la Ribera &#8211; Bares notables &#8211; Espacio Cultural Juli\u00e1n Centeya &#8211; Espacio Cultural Carlos Gardel &#8211; Espacio Cultural Ad\u00e1n Buenos Aires &#8211; Espacio Cultural El Resurgimiento &#8211; Museo Casa Carlos Gardel &#8211; Academia Nacional del Tango &#8211; La vidriera de la DGEART &#8211; Centro Educativo del Tango de Buenos Aires (CETBA) \/ <strong>Entrada libre y gratuita, por orden de llegada, hasta agotar la capacidad.<\/strong><br><\/p>\n\n\n\n<h2 class=\"wp-block-heading\">Viernes 22 de agosto<\/h2>\n\n\n\n<p class=\"wp-block-paragraph\">17 hs. \/ <strong>Lumi\u00e8re Quinteto<\/strong> &#8211; Teatro Col\u00f3n<br>18 hs. \/ <strong>Asato-Pais<\/strong> &#8211; Teatro San Mart\u00edn<br>19 hs. \/ <strong>Milonga en El Plata<\/strong> &#8211; Cine Teatro El Plata<br>19 hs. \/ <strong>Virgilio Exp\u00f3sito in\u00e9dito<\/strong> &#8211; Usina del Arte<br>19 hs. \/ <strong>Color Tango<\/strong> &#8211; Casa de la Cultura<br>19 hs. \/ <strong>Orquesta Cuerdas del Plata y Mariana Michi: La noche interminable<\/strong> &#8211; Cultural San Mart\u00edn<br>19 hs. \/ <strong>Especial Premios Tango Siglo XXI: Gisela Magri + D\u00fao Cinzarazi y Agua Sucia<\/strong> &#8211; Academia Nacional del Tango<br>19 hs. \/ <strong>Apolog\u00eda del Tango<\/strong> &#8211; Centro Cultural 25 de Mayo<br>19:30 hs. \/ <strong>Quinteto Criollo Gonz\u00e1lez Calo y Juan Seren: Escaleras, candilazos y bald\u00edos<\/strong> &#8211; Centro Cultural Recoleta<br>20 hs. \/ <strong>Orquesta Escuela de Tango Emilio Balcarce: 25 a\u00f1os<\/strong> &#8211; Centro Cultural 25 de Mayo<br>20 hs. \/ <strong>Todo el mundo al Marab\u00fa<\/strong> (cine) &#8211; Cultural San Mart\u00edn<br>20 hs. \/ <strong>Guillermo Fern\u00e1ndez y la Orquesta del Tango de Buenos Aires: 60 a\u00f1os con el tango<\/strong> &#8211; Usina del Arte<br>21 hs. \/ <strong>Piazzolla Profundo<\/strong> &#8211; El Gato Negro<\/p>\n\n\n\n<figure class=\"wp-block-image size-large\"><img loading=\"lazy\" decoding=\"async\" width=\"1024\" height=\"683\" src=\"https:\/\/www.fracturaexpuesta.com.ar\/gotan\/wp-content\/uploads\/2025\/08\/cuerdas-del-plata-mariana-michi-1024x683.jpg\" alt=\"\" class=\"wp-image-5265\" srcset=\"https:\/\/www.fracturaexpuesta.com.ar\/gotan\/wp-content\/uploads\/2025\/08\/cuerdas-del-plata-mariana-michi-1024x683.jpg 1024w, https:\/\/www.fracturaexpuesta.com.ar\/gotan\/wp-content\/uploads\/2025\/08\/cuerdas-del-plata-mariana-michi-300x200.jpg 300w, https:\/\/www.fracturaexpuesta.com.ar\/gotan\/wp-content\/uploads\/2025\/08\/cuerdas-del-plata-mariana-michi-768x512.jpg 768w, https:\/\/www.fracturaexpuesta.com.ar\/gotan\/wp-content\/uploads\/2025\/08\/cuerdas-del-plata-mariana-michi-60x40.jpg 60w, https:\/\/www.fracturaexpuesta.com.ar\/gotan\/wp-content\/uploads\/2025\/08\/cuerdas-del-plata-mariana-michi-720x480.jpg 720w, https:\/\/www.fracturaexpuesta.com.ar\/gotan\/wp-content\/uploads\/2025\/08\/cuerdas-del-plata-mariana-michi.jpg 1200w\" sizes=\"auto, (max-width: 1024px) 100vw, 1024px\" \/><figcaption class=\"wp-element-caption\"><em><mark style=\"background-color:rgba(0, 0, 0, 0)\" class=\"has-inline-color has-cyan-bluish-gray-color\">Orquesta Cuerdas del Plata y Mariana Michi<\/mark><\/em><\/figcaption><\/figure>\n\n\n\n<h2 class=\"wp-block-heading\">S\u00e1bado 23 de agosto<\/h2>\n\n\n\n<p class=\"wp-block-paragraph\">16 hs. \/ <strong>En Des\u00f3rbita presenta: Gardel 90<\/strong> &#8211; Usina del Arte<br>16 hs. \/ <strong>Orquesta del Plata<\/strong> &#8211; Anfiteatro del Parque Centenario<br>16 hs. \/ <strong>Metamorfosis del Quinteto Negro La Boca: Del tango al rock orillero + Orquesta de Tango de la UNA<\/strong> &#8211; Teatro de la Ribera<br>17 hs. \/ <strong>Quinteto Revolucionario<\/strong> &#8211; Teatro Col\u00f3n<br>18 hs. \/ <strong>Cuarteto D\u2019Cot\u00e9<\/strong> &#8211; Teatro San Mart\u00edn<br>18 hs. \/ <strong>Julio Coviello presenta a la Orquesta Invisible<\/strong> &#8211; Espacio Cultural Ad\u00e1n Buenosayres<br>19 hs. \/ <strong>Sexteto de Fabio Hager<\/strong> &#8211; Usina del Arte<br>19 hs. \/ <strong>Orquesta Victoria<\/strong> &#8211; Casa de la Cultura<br>19 hs. \/ <strong>Sexteto Mayor: Concierto de tango<\/strong> &#8211; Cine Teatro El Plata<br>19:30 hs. \/ <strong>Franco Bruschini Cuarteto presenta: Paisajes de Buenos Aires<\/strong> &#8211; Centro Cultural Recoleta<br>20 hs. \/ <strong>Esteban Morgado Cuarteto<\/strong> &#8211; Centro Cultural 25 de Mayo<br>20 hs. \/ <strong>Fain-Perkal Tr\u00edo<\/strong> &#8211; Lobby Bar Imperio (Hotel Savoy)<br>20 hs. \/ <strong>Nito y Elba: Nobleza de arrabal<\/strong> (cine) &#8211; Cultural San Mart\u00edn<br>20 hs. \/ <strong>Banda Sinf\u00f3nica de la Ciudad<\/strong> &#8211; Teatro Gran Rivadavia<\/p>\n\n\n\n<figure class=\"wp-block-image size-large\"><img loading=\"lazy\" decoding=\"async\" width=\"1024\" height=\"873\" src=\"https:\/\/www.fracturaexpuesta.com.ar\/gotan\/wp-content\/uploads\/2025\/05\/ov-entera-fondo-real-1024x873.jpg\" alt=\"Orquesta Victoria\" class=\"wp-image-4692\" srcset=\"https:\/\/www.fracturaexpuesta.com.ar\/gotan\/wp-content\/uploads\/2025\/05\/ov-entera-fondo-real-1024x873.jpg 1024w, https:\/\/www.fracturaexpuesta.com.ar\/gotan\/wp-content\/uploads\/2025\/05\/ov-entera-fondo-real-300x256.jpg 300w, https:\/\/www.fracturaexpuesta.com.ar\/gotan\/wp-content\/uploads\/2025\/05\/ov-entera-fondo-real-768x655.jpg 768w, https:\/\/www.fracturaexpuesta.com.ar\/gotan\/wp-content\/uploads\/2025\/05\/ov-entera-fondo-real-1536x1309.jpg 1536w, https:\/\/www.fracturaexpuesta.com.ar\/gotan\/wp-content\/uploads\/2025\/05\/ov-entera-fondo-real-2048x1746.jpg 2048w, https:\/\/www.fracturaexpuesta.com.ar\/gotan\/wp-content\/uploads\/2025\/05\/ov-entera-fondo-real-60x51.jpg 60w\" sizes=\"auto, (max-width: 1024px) 100vw, 1024px\" \/><figcaption class=\"wp-element-caption\"><em><mark style=\"background-color:rgba(0, 0, 0, 0)\" class=\"has-inline-color has-cyan-bluish-gray-color\">Orquesta Victoria<\/mark><\/em><\/figcaption><\/figure>\n\n\n\n<h2 class=\"wp-block-heading\">Domingo 24 de agosto<\/h2>\n\n\n\n<p class=\"wp-block-paragraph\">11 hs. \/ <strong>Los tangos de Victoria, por Mart\u00edn Leopoldo D\u00edaz<\/strong> &#8211; Teatro Col\u00f3n<br>16 hs. \/ <strong>Federico Pereiro Quinteto<\/strong> &#8211; Usina del Arte<br>16 hs. \/ <strong>La Academia Tango Club<\/strong> &#8211; Anfiteatro del Parque Centenario<br>18 hs. \/ <strong>Gabriel Merlino Ensamble: Un siglo de Doble A<\/strong> &#8211; Teatro San Mart\u00edn<br>18 hs. \/ <strong>Su\u00e1rez Paz-Marconi: El legado del tango<\/strong> &#8211; Academia Nacional del Tango<br>18 hs. \/ <strong>Nicol\u00e1s Ledesma Orquesta: Con Troilo en el alma<\/strong> &#8211; Cine Teatro El Plata<br>19 hs. \/ <strong>Leo Masl\u00edah: Piano solo<\/strong> &#8211; Usina del Arte<br>19 hs. \/ <strong>Orquesta Misteriosa Buenos Aires<\/strong> &#8211; Casa de la Cultura<br>19 hs. \/ <strong>Black Rodr\u00edguez M\u00e9ndez y Super Sioux Orquesta<\/strong> &#8211; Cultural San Mart\u00edn<br>19 hs. \/ <strong>La Milonga del CC25<\/strong> &#8211; Centro Cultural 25 de Mayo<br>19 hs. \/ <strong>Tang\u00f3dromo: Canciones Mestizas<\/strong> &#8211; Espacio Cultural Juli\u00e1n Centeya<br>19:30 hs. \/ <strong>Septeto de Anal\u00eda Goldberg<\/strong> &#8211; Centro Cultural Recoleta<br>20 hs. \/ <strong>Amelita Baltar<\/strong> &#8211; Centro Cultural 25 de Mayo<br>20 hs. \/ <strong>Corsini interpreta a Blomberg y Maciel<\/strong> (cine) &#8211; Cultural San Mart\u00edn<br>20 hs. \/ <strong>Villarreal Crom: 15 a\u00f1os<\/strong> &#8211; Caf\u00e9 de Garc\u00eda<br>20 hs. \/ <strong>Baglietto-Vitale: Pasionales<\/strong> &#8211; Auditorio Belgrano<\/p>\n\n\n\n<figure class=\"wp-block-image size-large\"><img loading=\"lazy\" decoding=\"async\" width=\"1024\" height=\"683\" src=\"https:\/\/www.fracturaexpuesta.com.ar\/gotan\/wp-content\/uploads\/2025\/08\/Amelita-Baltar-1024x683.jpg\" alt=\"\" class=\"wp-image-5267\" style=\"aspect-ratio:1;object-fit:cover\" srcset=\"https:\/\/www.fracturaexpuesta.com.ar\/gotan\/wp-content\/uploads\/2025\/08\/Amelita-Baltar-1024x683.jpg 1024w, https:\/\/www.fracturaexpuesta.com.ar\/gotan\/wp-content\/uploads\/2025\/08\/Amelita-Baltar-300x200.jpg 300w, https:\/\/www.fracturaexpuesta.com.ar\/gotan\/wp-content\/uploads\/2025\/08\/Amelita-Baltar-768x512.jpg 768w, https:\/\/www.fracturaexpuesta.com.ar\/gotan\/wp-content\/uploads\/2025\/08\/Amelita-Baltar-60x40.jpg 60w, https:\/\/www.fracturaexpuesta.com.ar\/gotan\/wp-content\/uploads\/2025\/08\/Amelita-Baltar-720x480.jpg 720w, https:\/\/www.fracturaexpuesta.com.ar\/gotan\/wp-content\/uploads\/2025\/08\/Amelita-Baltar.jpg 1200w\" sizes=\"auto, (max-width: 1024px) 100vw, 1024px\" \/><figcaption class=\"wp-element-caption\"><em><mark style=\"background-color:rgba(0, 0, 0, 0)\" class=\"has-inline-color has-cyan-bluish-gray-color\">Amelita Baltar<\/mark><\/em><\/figcaption><\/figure>\n\n\n\n<h2 class=\"wp-block-heading\">Lunes 25 de agosto<\/h2>\n\n\n\n<p class=\"wp-block-paragraph\">17 hs. \/ <strong>Alejandro Bruschini Octeto<\/strong> &#8211; Teatro Col\u00f3n<br>19 hs. \/ <strong>Roberto Calvo y Victoria De Paolo: Tango amigo<\/strong> &#8211; Centro Cultural 25 de Mayo<br>19 hs. \/ <strong>Orquesta T\u00edpica UNSAM<\/strong> &#8211; Casa de la Cultura<br>19 hs. \/ <strong>Hugo Rivas + Cuerdas<\/strong> &#8211; Usina del Arte<br>20 hs. \/ <strong>Paula Castignola y Joaqu\u00edn Benitez Kitegrovski: Voz y bandone\u00f3n<\/strong> &#8211; La Orqu\u00eddea<br>20 hs. \/ <strong>Susana Rinaldi, libre<\/strong> (cine) &#8211; Cultural San Mart\u00edn<br>20 hs. \/ <strong>Homenaje a Ra\u00fal Garello, con Guillermo Fern\u00e1ndez<\/strong> &#8211; Centro Cultural 25 de Mayo<\/p>\n\n\n\n<figure class=\"wp-block-image size-full\"><img loading=\"lazy\" decoding=\"async\" width=\"1024\" height=\"683\" src=\"https:\/\/www.fracturaexpuesta.com.ar\/gotan\/wp-content\/uploads\/2025\/08\/Paula-Castignola-y-Joaquin-Benitez-Kitegrovski.jpg\" alt=\"\" class=\"wp-image-5268\" style=\"aspect-ratio:1;object-fit:cover\" srcset=\"https:\/\/www.fracturaexpuesta.com.ar\/gotan\/wp-content\/uploads\/2025\/08\/Paula-Castignola-y-Joaquin-Benitez-Kitegrovski.jpg 1024w, https:\/\/www.fracturaexpuesta.com.ar\/gotan\/wp-content\/uploads\/2025\/08\/Paula-Castignola-y-Joaquin-Benitez-Kitegrovski-300x200.jpg 300w, https:\/\/www.fracturaexpuesta.com.ar\/gotan\/wp-content\/uploads\/2025\/08\/Paula-Castignola-y-Joaquin-Benitez-Kitegrovski-768x512.jpg 768w, https:\/\/www.fracturaexpuesta.com.ar\/gotan\/wp-content\/uploads\/2025\/08\/Paula-Castignola-y-Joaquin-Benitez-Kitegrovski-60x40.jpg 60w, https:\/\/www.fracturaexpuesta.com.ar\/gotan\/wp-content\/uploads\/2025\/08\/Paula-Castignola-y-Joaquin-Benitez-Kitegrovski-720x480.jpg 720w\" sizes=\"auto, (max-width: 1024px) 100vw, 1024px\" \/><figcaption class=\"wp-element-caption\"><em><mark style=\"background-color:rgba(0, 0, 0, 0)\" class=\"has-inline-color has-cyan-bluish-gray-color\">Paula Castignola y Joaqu\u00edn Benitez Kitegrovski<\/mark><\/em><\/figcaption><\/figure>\n\n\n\n<h2 class=\"wp-block-heading\">Martes 26 de agosto<\/h2>\n\n\n\n<p class=\"wp-block-paragraph\">17 hs. \/ <strong>Juan Pablo Navarro presenta: Visiones pand\u00e9micas<\/strong> &#8211; Teatro Col\u00f3n<br>18 hs. \/ <strong>7 perlas sobre el div\u00e1n (El tango de tu vida)<\/strong> &#8211; Academia Nacional del Tango<br>19 hs. \/ <strong>Quinteto Galv\u00e1n presenta: El latido del tango<\/strong> &#8211; Usina del Arte<br>19 hs. \/ <strong>Ramiro Boero Orquesta<\/strong> &#8211; Casa de la Cultura<br>19 hs. \/ <strong>Jimena G\u00f3mez y Pablo Ju\u00e1rez Levar Cuarteto presentan: A duelo criollo<\/strong> &#8211; Cultural San Mart\u00edn<br>19 hs. \/ <strong>Sexteto Fantasma<\/strong> &#8211; Centro Cultural Recoleta<br>20 hs. \/ <strong>Oscar Lajad. 90 a\u00f1os, no es nada. Homenaje a Carlos Gardel<\/strong>, acompa\u00f1ado de la orquesta Aeropuertos Argentina &#8211; Centro Cultural 25 de Mayo<br>20 hs. \/ <strong>\u00daltima tanda: Milongueras y milongueros de Buenos Aires<\/strong> (cine) &#8211; Cultural San Mart\u00edn<br>21 hs. \/ <strong>Amalia Escobar Tr\u00edo y Luisina Mathieu<\/strong> &#8211; The New Brighton<\/p>\n\n\n\n<figure class=\"wp-block-image size-full\"><img loading=\"lazy\" decoding=\"async\" width=\"580\" height=\"580\" src=\"https:\/\/www.fracturaexpuesta.com.ar\/gotan\/wp-content\/uploads\/2025\/04\/sexteto-fantasma-edited.jpg\" alt=\"Sexteto Fantasma\" class=\"wp-image-4643\" style=\"aspect-ratio:1;object-fit:cover\" srcset=\"https:\/\/www.fracturaexpuesta.com.ar\/gotan\/wp-content\/uploads\/2025\/04\/sexteto-fantasma-edited.jpg 580w, https:\/\/www.fracturaexpuesta.com.ar\/gotan\/wp-content\/uploads\/2025\/04\/sexteto-fantasma-edited-300x300.jpg 300w, https:\/\/www.fracturaexpuesta.com.ar\/gotan\/wp-content\/uploads\/2025\/04\/sexteto-fantasma-edited-150x150.jpg 150w, https:\/\/www.fracturaexpuesta.com.ar\/gotan\/wp-content\/uploads\/2025\/04\/sexteto-fantasma-edited-60x60.jpg 60w, https:\/\/www.fracturaexpuesta.com.ar\/gotan\/wp-content\/uploads\/2025\/04\/sexteto-fantasma-edited-480x480.jpg 480w\" sizes=\"auto, (max-width: 580px) 100vw, 580px\" \/><figcaption class=\"wp-element-caption\"><em><mark style=\"background-color:rgba(0, 0, 0, 0)\" class=\"has-inline-color has-cyan-bluish-gray-color\">Sexteto Fantasma<\/mark><\/em><\/figcaption><\/figure>\n\n\n\n<h2 class=\"wp-block-heading\">Mi\u00e9rcoles 27 de agosto<\/h2>\n\n\n\n<p class=\"wp-block-paragraph\">17 hs. \/<strong> Agri-Pirotti-Sava junto a la Orquesta Siete<\/strong> &#8211; Teatro Col\u00f3n<br>19 hs. \/ <strong>M\u00e1ximo Pujol Tr\u00edo <\/strong>&#8211; Centro Cultural 25 de Mayo<br>19 hs. \/ <strong>Orquesta La Mu\u00f1eca<\/strong> &#8211; Casa de la Cultura<br>19 hs. \/ <strong>Orquesta T\u00edpica Di Pasquale: \u00bfQu\u00e9 pasa con la m\u00fasica popular hoy?<\/strong> &#8211; Cultural San Mart\u00edn<br>19 hs. \/ <strong>Ana Font\u00e1n<\/strong> &#8211; Usina del Arte<br>19.30 hs. \/ <strong>Tangology<\/strong> &#8211; Centro Cultural Recoleta<br>20 hs. \/ <strong>Vera-Acedo: Tangos de ayer, de hoy y de siempre<\/strong> &#8211; Barbaro<br>20 hs. \/ <strong>Negro Fal\u00f3tico Tango<\/strong> &#8211; Centro Cultural 25 de Mayo<br>20 hs. \/ <strong>Sandra Mihanovich canta a Eladia Bl\u00e1zquez<\/strong> &#8211; Teatro Presidente Alvear<\/p>\n\n\n\n<figure class=\"wp-block-image size-full\"><img loading=\"lazy\" decoding=\"async\" width=\"1024\" height=\"512\" src=\"https:\/\/www.fracturaexpuesta.com.ar\/gotan\/wp-content\/uploads\/2025\/08\/SANDRA-mihanovich.jpg\" alt=\"\" class=\"wp-image-5270\" style=\"aspect-ratio:1;object-fit:cover\" srcset=\"https:\/\/www.fracturaexpuesta.com.ar\/gotan\/wp-content\/uploads\/2025\/08\/SANDRA-mihanovich.jpg 1024w, https:\/\/www.fracturaexpuesta.com.ar\/gotan\/wp-content\/uploads\/2025\/08\/SANDRA-mihanovich-300x150.jpg 300w, https:\/\/www.fracturaexpuesta.com.ar\/gotan\/wp-content\/uploads\/2025\/08\/SANDRA-mihanovich-768x384.jpg 768w, https:\/\/www.fracturaexpuesta.com.ar\/gotan\/wp-content\/uploads\/2025\/08\/SANDRA-mihanovich-60x30.jpg 60w\" sizes=\"auto, (max-width: 1024px) 100vw, 1024px\" \/><figcaption class=\"wp-element-caption\"><em><mark style=\"background-color:rgba(0, 0, 0, 0)\" class=\"has-inline-color has-cyan-bluish-gray-color\">Sandra Mihanovich canta a Eladia Bl\u00e1zquez<\/mark><\/em><\/figcaption><\/figure>\n\n\n\n<h2 class=\"wp-block-heading\">Jueves 28 de agosto<\/h2>\n\n\n\n<p class=\"wp-block-paragraph\">17 hs. \/ <strong>Tango Argentum<\/strong> &#8211; Teatro Col\u00f3n<br>17:30 hs. \/ <strong>Alfredo S\u00e1ez: 45 a\u00f1os con el tango y la m\u00fasica criolla<\/strong> &#8211; Museo Casa Carlos Gardel<br>18 hs. \/ <strong>Marcelo Balsells y Oscar De El\u00eda: Gardel vive en nosotros <\/strong>&#8211; Academia Nacional del Tango<br>19 hs. \/ <strong>Sandra Luna y Las Guitarras de Gardel en concierto<\/strong> &#8211; Usina del Arte<br>19 hs. \/ <strong>Pedro Chemes: Tangos y m\u00fasica de Buenos Aires<\/strong> &#8211; Centro Cultural 25 de Mayo<br>19 hs. \/ <strong>Tango 64 <\/strong>&#8211; Casa de la Cultura<br>19 hs. \/ <strong>Especial Premios Tango Siglo XXI: Noelia Sinkunas y Tangorra Orquesta<\/strong> &#8211; Cultural San Mart\u00edn<br>19 hs. \/ <strong>Gabriel Men\u00e9ndez: Homenaje a los grandes poetas del tango <\/strong>&#8211; El S\u00edmbolo<br>19 hs. \/ <strong>Orquestas de la Escuela Orlando Go\u00f1i<\/strong> &#8211; Centro Cultural Recoleta<br>20 hs. \/ <strong>La T\u00edpica Melingo<\/strong> &#8211; Teatro Presidente Alvear<br>20 hs. \/ <strong>Julia Zenko + Tangoloco Tr\u00edo<\/strong> &#8211; Auditorio Belgrano<br>20 hs. \/ <strong>Cuarteto Cedr\u00f3n: Cosas que no son olvido<\/strong> &#8211; Teatro Devoto<br>20 hs. \/ <strong>Orquesta del Tango de Buenos Aires <\/strong>&#8211; Centro Cultural 25 de Mayo<\/p>\n\n\n\n<figure class=\"wp-block-image size-large\"><img loading=\"lazy\" decoding=\"async\" width=\"1024\" height=\"683\" src=\"https:\/\/www.fracturaexpuesta.com.ar\/gotan\/wp-content\/uploads\/2025\/08\/daniel-melingo-1024x683.jpg\" alt=\"\" class=\"wp-image-5271\" style=\"aspect-ratio:1;object-fit:cover\" srcset=\"https:\/\/www.fracturaexpuesta.com.ar\/gotan\/wp-content\/uploads\/2025\/08\/daniel-melingo-1024x683.jpg 1024w, https:\/\/www.fracturaexpuesta.com.ar\/gotan\/wp-content\/uploads\/2025\/08\/daniel-melingo-300x200.jpg 300w, https:\/\/www.fracturaexpuesta.com.ar\/gotan\/wp-content\/uploads\/2025\/08\/daniel-melingo-768x512.jpg 768w, https:\/\/www.fracturaexpuesta.com.ar\/gotan\/wp-content\/uploads\/2025\/08\/daniel-melingo-60x40.jpg 60w, https:\/\/www.fracturaexpuesta.com.ar\/gotan\/wp-content\/uploads\/2025\/08\/daniel-melingo-720x480.jpg 720w, https:\/\/www.fracturaexpuesta.com.ar\/gotan\/wp-content\/uploads\/2025\/08\/daniel-melingo.jpg 1126w\" sizes=\"auto, (max-width: 1024px) 100vw, 1024px\" \/><figcaption class=\"wp-element-caption\"><em><mark style=\"background-color:rgba(0, 0, 0, 0)\" class=\"has-inline-color has-cyan-bluish-gray-color\">Daniel Melingo en formato orquesta t\u00edpica<\/mark><\/em><\/figcaption><\/figure>\n\n\n\n<h2 class=\"wp-block-heading\">Viernes 29 de agosto<\/h2>\n\n\n\n<p class=\"wp-block-paragraph\">17 hs. \/ <strong>Bayres Horns play Piazzolla<\/strong> &#8211; Teatro Col\u00f3n<br>18 hs. \/ <strong>Lautaro Mazza: 20 a\u00f1os con el tango<\/strong> &#8211; Academia Nacional del Tango<br>19 hs. \/ <strong>Chuecas y Locas presentan: Esencia Piazzolla<\/strong> &#8211; Centro Cultural 25 de Mayo<br>19 hs. \/ <strong>San Osvaldo Orquesta: Locura tanguera<\/strong> &#8211; Casa de la Cultura<br>19 hs. \/ <strong>Minino Garay: Speaking Tango<\/strong> &#8211; Cultural San Mart\u00edn<br>19 hs. \/ <strong>Tabar\u00e9 Leyton<\/strong> &#8211; Usina del Arte<br>19 hs. \/ <strong>Sonia Possetti &amp; conjunto de cuerdas<\/strong> &#8211; Centro Cultural Recoleta<br>19 hs. \/ <strong>Milonga en El Plata<\/strong> &#8211; Cine Teatro El Plata<br>20 hs. \/ <strong>Lidia Borda y Daniel Godfrid: La noche<\/strong> &#8211; Centro Cultural 25 de Mayo<br>20 hs. \/ <strong>Cortelezzi-C\u00e1seres-Nayar: Tangos cl\u00e1sicos con arreglos modernos<\/strong> &#8211; Las Violetas<br>20 hs. \/ <strong>Tanghetto<\/strong> &#8211; Teatro Gran Rivadavia<br>20 hs. \/ <strong>N\u00e9stor Marconi y la Camerata Argentina<\/strong> &#8211; Teatro Presidente Alvear<br>20 hs. \/ <strong>Ariel Ardit Quinteto <\/strong>&#8211; Auditorio Belgrano<\/p>\n\n\n\n<figure class=\"wp-block-image size-full\"><img loading=\"lazy\" decoding=\"async\" width=\"827\" height=\"586\" src=\"https:\/\/www.fracturaexpuesta.com.ar\/gotan\/wp-content\/uploads\/2025\/08\/nestor-marconi.jpg\" alt=\"\" class=\"wp-image-5273\" srcset=\"https:\/\/www.fracturaexpuesta.com.ar\/gotan\/wp-content\/uploads\/2025\/08\/nestor-marconi.jpg 827w, https:\/\/www.fracturaexpuesta.com.ar\/gotan\/wp-content\/uploads\/2025\/08\/nestor-marconi-300x213.jpg 300w, https:\/\/www.fracturaexpuesta.com.ar\/gotan\/wp-content\/uploads\/2025\/08\/nestor-marconi-768x544.jpg 768w, https:\/\/www.fracturaexpuesta.com.ar\/gotan\/wp-content\/uploads\/2025\/08\/nestor-marconi-60x43.jpg 60w\" sizes=\"auto, (max-width: 827px) 100vw, 827px\" \/><figcaption class=\"wp-element-caption\"><em><mark style=\"background-color:rgba(0, 0, 0, 0)\" class=\"has-inline-color has-cyan-bluish-gray-color\">N\u00e9stor Marconi<\/mark><\/em><\/figcaption><\/figure>\n\n\n\n<h2 class=\"wp-block-heading\">S\u00e1bado 30 de agosto<\/h2>\n\n\n\n<p class=\"wp-block-paragraph\">16 hs. \/ <strong>Cumbre de pianistas II<\/strong> &#8211; Usina del Arte<br>16 hs. \/ <strong>Aguafuertes<\/strong> &#8211; Anfiteatro del Parque Centenario<br>16 hs. \/ <strong>Danza: Obelisko Zero, por la compa\u00f1\u00eda Tangueros del Sur, de Natalia Hills<\/strong> &#8211; Teatro de la Ribera<br>17 hs. \/ <strong>Renato Venturini Cuarteto<\/strong> &#8211; Teatro Col\u00f3n<br>19 hs. \/ <strong>Walter R\u00edos: El duende de tu son<\/strong> &#8211; Usina del Arte<br>19 hs. \/ <strong>Danza: As\u00ed se baila el tango<\/strong> &#8211; Centro Cultural 25 de Mayo<br>19 hs. \/ <strong>La Juan D\u2019Arienzo<\/strong> &#8211; Casa de la Cultura<br>19 hs. \/ <strong>Tango Furioso presenta: Historia m\u00edtica de Buenos Aires<\/strong> &#8211; Cultural San Mart\u00edn<br>19 hs. \/ <strong>El Troesma, de Marcelo Mazzarello<\/strong> &#8211; Cine Teatro El Plata<br>19 hs. \/ <strong>Mica Sancho: Piazzolla, un camino de ida<\/strong> &#8211; La Puerto Rico<br>19:30 hs. \/ <strong>Adam Tully Tr\u00edo en concierto<\/strong> &#8211; Centro Cultural Recoleta<br>20 hs. \/ <strong>V\u00edctor Lavall\u00e9n Orquesta T\u00edpica<\/strong> &#8211; Centro Cultural 25 de Mayo<br>20 hs. \/ <strong>Jairo y la Camerata Argentina de Cuerdas<\/strong> &#8211; Teatro Presidente Alvear<br>20 hs. \/ <strong>Adriana Varela<\/strong> &#8211; Teatro Gran Rivadavia<\/p>\n\n\n\n<figure class=\"wp-block-image size-full\"><img loading=\"lazy\" decoding=\"async\" width=\"832\" height=\"580\" src=\"https:\/\/www.fracturaexpuesta.com.ar\/gotan\/wp-content\/uploads\/2025\/08\/adriana-varela.jpg\" alt=\"\" class=\"wp-image-5274\" style=\"aspect-ratio:1;object-fit:cover\" srcset=\"https:\/\/www.fracturaexpuesta.com.ar\/gotan\/wp-content\/uploads\/2025\/08\/adriana-varela.jpg 832w, https:\/\/www.fracturaexpuesta.com.ar\/gotan\/wp-content\/uploads\/2025\/08\/adriana-varela-300x209.jpg 300w, https:\/\/www.fracturaexpuesta.com.ar\/gotan\/wp-content\/uploads\/2025\/08\/adriana-varela-768x535.jpg 768w, https:\/\/www.fracturaexpuesta.com.ar\/gotan\/wp-content\/uploads\/2025\/08\/adriana-varela-60x42.jpg 60w\" sizes=\"auto, (max-width: 832px) 100vw, 832px\" \/><figcaption class=\"wp-element-caption\"><em><mark style=\"background-color:rgba(0, 0, 0, 0)\" class=\"has-inline-color has-cyan-bluish-gray-color\">Adriana Varela<\/mark><\/em><\/figcaption><\/figure>\n\n\n\n<h2 class=\"wp-block-heading\">Domingo 31 de agosto<\/h2>\n\n\n\n<p class=\"wp-block-paragraph\">11 hs. \/ <strong>Quinteto del \u00c1ngel <\/strong>&#8211; Teatro Col\u00f3n<br>16 hs. \/ <strong>Cuarteto de Andr\u00e9s Linetzky<\/strong> &#8211; Usina del Arte<br>16 hs. \/ <strong>Orquesta de Tango de la EMPA y Orquesta Juvenil de Tango Puente Sur <\/strong>&#8211; Anfiteatro del Parque Centenario<br>18 hs. \/ <strong>El Troesma, de Marcelo Mazzarello <\/strong>&#8211; Cine Teatro El Plata<br>18 hs. \/ <strong>La Milonga del Gardel. En vivo: Contrareloj<\/strong> &#8211; Espacio Cultural Carlos Gardel<br>19 hs. \/ <strong>Tr\u00edo ZAR<\/strong> &#8211; Usina del Arte<br>19 hs. \/ <strong>Chino Laborde, Franco Luciani y Moscato Luna: Tablao de tango<\/strong> &#8211; Cultural San Mart\u00edn<br>19 hs. \/ <strong>La Milonga del CC25<\/strong> &#8211; Centro Cultural 25 de Mayo<br>19:30 hs. \/ <strong>Especial Premios Tango Siglo XXI: Pira\u00f1a + Florencia Cozzani Quarteto<\/strong> &#8211; Centro Cultural Recoleta<br>20 hs. \/ <strong>Orquesta El Arranque<\/strong> &#8211; Centro Cultural 25 de Mayo<br>20 hs. \/ <strong>Jos\u00e9 Pepe Col\u00e1ngelo: Siempre Col\u00e1ngelo<\/strong> &#8211; Teatro Presidente Alvear<\/p>\n\n\n\n<figure class=\"wp-block-image size-large\"><img loading=\"lazy\" decoding=\"async\" width=\"1024\" height=\"683\" src=\"https:\/\/www.fracturaexpuesta.com.ar\/gotan\/wp-content\/uploads\/2025\/08\/festival-y-mundial-de-tango-2025-2-1024x683.jpg\" alt=\"\" class=\"wp-image-5242\" srcset=\"https:\/\/www.fracturaexpuesta.com.ar\/gotan\/wp-content\/uploads\/2025\/08\/festival-y-mundial-de-tango-2025-2-1024x683.jpg 1024w, https:\/\/www.fracturaexpuesta.com.ar\/gotan\/wp-content\/uploads\/2025\/08\/festival-y-mundial-de-tango-2025-2-300x200.jpg 300w, https:\/\/www.fracturaexpuesta.com.ar\/gotan\/wp-content\/uploads\/2025\/08\/festival-y-mundial-de-tango-2025-2-768x512.jpg 768w, https:\/\/www.fracturaexpuesta.com.ar\/gotan\/wp-content\/uploads\/2025\/08\/festival-y-mundial-de-tango-2025-2-60x40.jpg 60w, https:\/\/www.fracturaexpuesta.com.ar\/gotan\/wp-content\/uploads\/2025\/08\/festival-y-mundial-de-tango-2025-2-720x480.jpg 720w, https:\/\/www.fracturaexpuesta.com.ar\/gotan\/wp-content\/uploads\/2025\/08\/festival-y-mundial-de-tango-2025-2.jpg 1050w\" sizes=\"auto, (max-width: 1024px) 100vw, 1024px\" \/><figcaption class=\"wp-element-caption\"><em><mark style=\"background-color:rgba(0, 0, 0, 0)\" class=\"has-inline-color has-cyan-bluish-gray-color\">&#8220;Pepe&#8221; Col\u00e1ngelo en lo fue que la presentaci\u00f3n de la edici\u00f3n 2025 del festival y el mundial.<\/mark><\/em><\/figcaption><\/figure>\n\n\n\n<h2 class=\"wp-block-heading\">Lunes 1 de septiembre<\/h2>\n\n\n\n<p class=\"wp-block-paragraph\">19 hs. \/ <strong>Final Mundial de Baile: Tango de Pista<\/strong> <strong>+ Miguel \u00c1ngel Zotto<\/strong> &#8211; Teatro Gran Rex <\/p>\n\n\n\n<h2 class=\"wp-block-heading\">Lunes 2 de septiembre<\/h2>\n\n\n\n<p class=\"wp-block-paragraph\">19 hs. \/ <strong>Final Mundial de Baile: Tango Escenario<\/strong> &#8211; Teatro Gran Rex<\/p>\n\n\n\n<div style=\"height:53px\" aria-hidden=\"true\" class=\"wp-block-spacer\"><\/div>\n\n\n\n<p class=\"wp-block-paragraph\"><sup><em>Los conciertos publicados pueden estar sujetos a modificaciones por parte de la organizaci\u00f3n.<\/em><\/sup><\/p>\n","protected":false},"excerpt":{"rendered":"<p>Desde el 20 de agosto hasta el 2 de septiembre.<\/p>\n","protected":false},"author":1,"featured_media":5258,"comment_status":"open","ping_status":"open","sticky":false,"template":"","format":"standard","meta":{"footnotes":""},"categories":[7],"tags":[95,199,96,159,158,160],"class_list":["post-5255","post","type-post","status-publish","format-standard","has-post-thumbnail","hentry","category-noticias","tag-agenda","tag-agenda-de-tango","tag-conciertos","tag-festival-de-tango","tag-mundial-de-tango","tag-tangoba"],"yoast_head":"<!-- This site is optimized with the Yoast SEO plugin v28.3 - https:\/\/yoast.com\/product\/yoast-seo-wordpress\/ -->\n<title>D\u00eda por d\u00eda, la agenda completa de conciertos de Tango BA Festival y Mundial 2025 &#187; Fractura Expuesta | Tango!<\/title>\n<meta name=\"description\" content=\"Desde el 20 de agosto hasta el 2 de septiembre.\" \/>\n<meta name=\"robots\" content=\"index, follow, max-snippet:-1, max-image-preview:large, max-video-preview:-1\" \/>\n<link rel=\"canonical\" href=\"https:\/\/www.fracturaexpuesta.com.ar\/gotan\/dia-por-dia-la-agenda-completa-de-conciertos-de-tango-ba-festival-y-mundial-2025\/\" \/>\n<meta property=\"og:locale\" content=\"es_ES\" \/>\n<meta property=\"og:type\" content=\"article\" \/>\n<meta property=\"og:title\" content=\"D\u00eda por d\u00eda, la agenda completa de conciertos de Tango BA Festival y Mundial 2025\" \/>\n<meta property=\"og:description\" content=\"Desde el 20 de agosto hasta el 2 de septiembre.\" \/>\n<meta property=\"og:url\" content=\"https:\/\/www.fracturaexpuesta.com.ar\/gotan\/dia-por-dia-la-agenda-completa-de-conciertos-de-tango-ba-festival-y-mundial-2025\/\" \/>\n<meta property=\"og:site_name\" content=\"Fractura Expuesta | Tango!\" \/>\n<meta property=\"article:author\" content=\"https:\/\/www.facebook.com\/fracturaexpuestaok\" \/>\n<meta property=\"article:published_time\" content=\"2025-08-19T17:36:51+00:00\" \/>\n<meta property=\"article:modified_time\" content=\"2025-08-19T19:31:11+00:00\" \/>\n<meta property=\"og:image\" content=\"https:\/\/www.fracturaexpuesta.com.ar\/gotan\/wp-content\/uploads\/2025\/08\/Agenda-Tango-Festival-Y-Mundial-Tango-BA-2025.png\" \/>\n\t<meta property=\"og:image:width\" content=\"950\" \/>\n\t<meta property=\"og:image:height\" content=\"700\" \/>\n\t<meta property=\"og:image:type\" content=\"image\/png\" \/>\n<meta name=\"author\" content=\"Fractura Expuesta\" \/>\n<meta name=\"twitter:card\" content=\"summary_large_image\" \/>\n<meta name=\"twitter:title\" content=\"D\u00eda por d\u00eda, la agenda completa de conciertos de Tango BA Festival y Mundial 2025\" \/>\n<meta name=\"twitter:description\" content=\"Desde el 20 de agosto hasta el 2 de septiembre.\" \/>\n<meta name=\"twitter:image\" content=\"https:\/\/www.fracturaexpuesta.com.ar\/gotan\/wp-content\/uploads\/2025\/08\/Agenda-Tango-Festival-Y-Mundial-Tango-BA-2025.png\" \/>\n<meta name=\"twitter:creator\" content=\"@https:\/\/x.com\/fracturatango\" \/>\n<meta name=\"twitter:label1\" content=\"Escrito por\" \/>\n\t<meta name=\"twitter:data1\" content=\"Fractura Expuesta\" \/>\n\t<meta name=\"twitter:label2\" content=\"Tiempo de lectura\" \/>\n\t<meta name=\"twitter:data2\" content=\"12 minutos\" \/>\n<script type=\"application\/ld+json\" class=\"yoast-schema-graph\">{\"@context\":\"https:\\\/\\\/schema.org\",\"@graph\":[{\"@type\":\"Article\",\"@id\":\"https:\\\/\\\/www.fracturaexpuesta.com.ar\\\/gotan\\\/dia-por-dia-la-agenda-completa-de-conciertos-de-tango-ba-festival-y-mundial-2025\\\/#article\",\"isPartOf\":{\"@id\":\"https:\\\/\\\/www.fracturaexpuesta.com.ar\\\/gotan\\\/dia-por-dia-la-agenda-completa-de-conciertos-de-tango-ba-festival-y-mundial-2025\\\/\"},\"author\":{\"name\":\"Fractura Expuesta\",\"@id\":\"https:\\\/\\\/www.fracturaexpuesta.com.ar\\\/gotan\\\/#\\\/schema\\\/person\\\/d8266939f778485b13ad2174aa9e199e\"},\"headline\":\"D\u00eda por d\u00eda, la agenda completa de conciertos de Tango BA Festival y Mundial 2025\",\"datePublished\":\"2025-08-19T17:36:51+00:00\",\"dateModified\":\"2025-08-19T19:31:11+00:00\",\"mainEntityOfPage\":{\"@id\":\"https:\\\/\\\/www.fracturaexpuesta.com.ar\\\/gotan\\\/dia-por-dia-la-agenda-completa-de-conciertos-de-tango-ba-festival-y-mundial-2025\\\/\"},\"wordCount\":2004,\"commentCount\":0,\"publisher\":{\"@id\":\"https:\\\/\\\/www.fracturaexpuesta.com.ar\\\/gotan\\\/#organization\"},\"image\":{\"@id\":\"https:\\\/\\\/www.fracturaexpuesta.com.ar\\\/gotan\\\/dia-por-dia-la-agenda-completa-de-conciertos-de-tango-ba-festival-y-mundial-2025\\\/#primaryimage\"},\"thumbnailUrl\":\"https:\\\/\\\/www.fracturaexpuesta.com.ar\\\/gotan\\\/wp-content\\\/uploads\\\/2025\\\/08\\\/Agenda-Tango-Festival-Y-Mundial-Tango-BA-2025.png\",\"keywords\":[\"agenda\",\"agenda de tango\",\"conciertos\",\"festival de tango\",\"mundial de tango\",\"tangoba\"],\"articleSection\":[\"Noticias\"],\"inLanguage\":\"es-AR\",\"potentialAction\":[{\"@type\":\"CommentAction\",\"name\":\"Comment\",\"target\":[\"https:\\\/\\\/www.fracturaexpuesta.com.ar\\\/gotan\\\/dia-por-dia-la-agenda-completa-de-conciertos-de-tango-ba-festival-y-mundial-2025\\\/#respond\"]}]},{\"@type\":\"WebPage\",\"@id\":\"https:\\\/\\\/www.fracturaexpuesta.com.ar\\\/gotan\\\/dia-por-dia-la-agenda-completa-de-conciertos-de-tango-ba-festival-y-mundial-2025\\\/\",\"url\":\"https:\\\/\\\/www.fracturaexpuesta.com.ar\\\/gotan\\\/dia-por-dia-la-agenda-completa-de-conciertos-de-tango-ba-festival-y-mundial-2025\\\/\",\"name\":\"D\u00eda por d\u00eda, la agenda completa de conciertos de Tango BA Festival y Mundial 2025 &#187; Fractura Expuesta | Tango!\",\"isPartOf\":{\"@id\":\"https:\\\/\\\/www.fracturaexpuesta.com.ar\\\/gotan\\\/#website\"},\"primaryImageOfPage\":{\"@id\":\"https:\\\/\\\/www.fracturaexpuesta.com.ar\\\/gotan\\\/dia-por-dia-la-agenda-completa-de-conciertos-de-tango-ba-festival-y-mundial-2025\\\/#primaryimage\"},\"image\":{\"@id\":\"https:\\\/\\\/www.fracturaexpuesta.com.ar\\\/gotan\\\/dia-por-dia-la-agenda-completa-de-conciertos-de-tango-ba-festival-y-mundial-2025\\\/#primaryimage\"},\"thumbnailUrl\":\"https:\\\/\\\/www.fracturaexpuesta.com.ar\\\/gotan\\\/wp-content\\\/uploads\\\/2025\\\/08\\\/Agenda-Tango-Festival-Y-Mundial-Tango-BA-2025.png\",\"datePublished\":\"2025-08-19T17:36:51+00:00\",\"dateModified\":\"2025-08-19T19:31:11+00:00\",\"description\":\"Desde el 20 de agosto hasta el 2 de septiembre.\",\"breadcrumb\":{\"@id\":\"https:\\\/\\\/www.fracturaexpuesta.com.ar\\\/gotan\\\/dia-por-dia-la-agenda-completa-de-conciertos-de-tango-ba-festival-y-mundial-2025\\\/#breadcrumb\"},\"inLanguage\":\"es-AR\",\"potentialAction\":[{\"@type\":\"ReadAction\",\"target\":[\"https:\\\/\\\/www.fracturaexpuesta.com.ar\\\/gotan\\\/dia-por-dia-la-agenda-completa-de-conciertos-de-tango-ba-festival-y-mundial-2025\\\/\"]}]},{\"@type\":\"ImageObject\",\"inLanguage\":\"es-AR\",\"@id\":\"https:\\\/\\\/www.fracturaexpuesta.com.ar\\\/gotan\\\/dia-por-dia-la-agenda-completa-de-conciertos-de-tango-ba-festival-y-mundial-2025\\\/#primaryimage\",\"url\":\"https:\\\/\\\/www.fracturaexpuesta.com.ar\\\/gotan\\\/wp-content\\\/uploads\\\/2025\\\/08\\\/Agenda-Tango-Festival-Y-Mundial-Tango-BA-2025.png\",\"contentUrl\":\"https:\\\/\\\/www.fracturaexpuesta.com.ar\\\/gotan\\\/wp-content\\\/uploads\\\/2025\\\/08\\\/Agenda-Tango-Festival-Y-Mundial-Tango-BA-2025.png\",\"width\":950,\"height\":700},{\"@type\":\"BreadcrumbList\",\"@id\":\"https:\\\/\\\/www.fracturaexpuesta.com.ar\\\/gotan\\\/dia-por-dia-la-agenda-completa-de-conciertos-de-tango-ba-festival-y-mundial-2025\\\/#breadcrumb\",\"itemListElement\":[{\"@type\":\"ListItem\",\"position\":1,\"name\":\"Inicio\",\"item\":\"https:\\\/\\\/www.fracturaexpuesta.com.ar\\\/gotan\\\/\"},{\"@type\":\"ListItem\",\"position\":2,\"name\":\"D\u00eda por d\u00eda, la agenda completa de conciertos de Tango BA Festival y Mundial 2025\"}]},{\"@type\":\"WebSite\",\"@id\":\"https:\\\/\\\/www.fracturaexpuesta.com.ar\\\/gotan\\\/#website\",\"url\":\"https:\\\/\\\/www.fracturaexpuesta.com.ar\\\/gotan\\\/\",\"name\":\"Fractura Expuesta | Tango!\",\"description\":\"\",\"publisher\":{\"@id\":\"https:\\\/\\\/www.fracturaexpuesta.com.ar\\\/gotan\\\/#organization\"},\"potentialAction\":[{\"@type\":\"SearchAction\",\"target\":{\"@type\":\"EntryPoint\",\"urlTemplate\":\"https:\\\/\\\/www.fracturaexpuesta.com.ar\\\/gotan\\\/?s={search_term_string}\"},\"query-input\":{\"@type\":\"PropertyValueSpecification\",\"valueRequired\":true,\"valueName\":\"search_term_string\"}}],\"inLanguage\":\"es-AR\"},{\"@type\":\"Organization\",\"@id\":\"https:\\\/\\\/www.fracturaexpuesta.com.ar\\\/gotan\\\/#organization\",\"name\":\"Fractura Expuesta | Tango!\",\"url\":\"https:\\\/\\\/www.fracturaexpuesta.com.ar\\\/gotan\\\/\",\"logo\":{\"@type\":\"ImageObject\",\"inLanguage\":\"es-AR\",\"@id\":\"https:\\\/\\\/www.fracturaexpuesta.com.ar\\\/gotan\\\/#\\\/schema\\\/logo\\\/image\\\/\",\"url\":\"https:\\\/\\\/www.fracturaexpuesta.com.ar\\\/gotan\\\/wp-content\\\/uploads\\\/2025\\\/03\\\/avatar2centroOK.jpg\",\"contentUrl\":\"https:\\\/\\\/www.fracturaexpuesta.com.ar\\\/gotan\\\/wp-content\\\/uploads\\\/2025\\\/03\\\/avatar2centroOK.jpg\",\"width\":600,\"height\":600,\"caption\":\"Fractura Expuesta | Tango!\"},\"image\":{\"@id\":\"https:\\\/\\\/www.fracturaexpuesta.com.ar\\\/gotan\\\/#\\\/schema\\\/logo\\\/image\\\/\"}},{\"@type\":\"Person\",\"@id\":\"https:\\\/\\\/www.fracturaexpuesta.com.ar\\\/gotan\\\/#\\\/schema\\\/person\\\/d8266939f778485b13ad2174aa9e199e\",\"name\":\"Fractura Expuesta\",\"image\":{\"@type\":\"ImageObject\",\"inLanguage\":\"es-AR\",\"@id\":\"https:\\\/\\\/secure.gravatar.com\\\/avatar\\\/c4bad1eb9f93dd4a42df3aa8b8e8b882ff893fcea188ee15488a845db442d7ec?s=96&d=mm&r=g\",\"url\":\"https:\\\/\\\/secure.gravatar.com\\\/avatar\\\/c4bad1eb9f93dd4a42df3aa8b8e8b882ff893fcea188ee15488a845db442d7ec?s=96&d=mm&r=g\",\"contentUrl\":\"https:\\\/\\\/secure.gravatar.com\\\/avatar\\\/c4bad1eb9f93dd4a42df3aa8b8e8b882ff893fcea188ee15488a845db442d7ec?s=96&d=mm&r=g\",\"caption\":\"Fractura Expuesta\"},\"description\":\"Sitio de tango y noticias culturales. Desde 2003, el espacio referente del tango de estos tiempos.\",\"sameAs\":[\"https:\\\/\\\/www.fracturaexpuesta.com.ar\",\"https:\\\/\\\/www.facebook.com\\\/fracturaexpuestaok\",\"https:\\\/\\\/www.instagram.com\\\/fracturaexpuesta\",\"https:\\\/\\\/x.com\\\/https:\\\/\\\/x.com\\\/fracturatango\",\"https:\\\/\\\/www.youtube.com\\\/channel\\\/UCojA8Q0QDpnncOL8sfTHOHg\"],\"url\":\"https:\\\/\\\/www.fracturaexpuesta.com.ar\\\/gotan\\\/author\\\/fractura-expuesta\\\/\"}]}<\/script>\n<!-- \/ Yoast SEO plugin. -->","yoast_head_json":{"title":"D\u00eda por d\u00eda, la agenda completa de conciertos de Tango BA Festival y Mundial 2025 &#187; Fractura Expuesta | Tango!","description":"Desde el 20 de agosto hasta el 2 de septiembre.","robots":{"index":"index","follow":"follow","max-snippet":"max-snippet:-1","max-image-preview":"max-image-preview:large","max-video-preview":"max-video-preview:-1"},"canonical":"https:\/\/www.fracturaexpuesta.com.ar\/gotan\/dia-por-dia-la-agenda-completa-de-conciertos-de-tango-ba-festival-y-mundial-2025\/","og_locale":"es_ES","og_type":"article","og_title":"D\u00eda por d\u00eda, la agenda completa de conciertos de Tango BA Festival y Mundial 2025","og_description":"Desde el 20 de agosto hasta el 2 de septiembre.","og_url":"https:\/\/www.fracturaexpuesta.com.ar\/gotan\/dia-por-dia-la-agenda-completa-de-conciertos-de-tango-ba-festival-y-mundial-2025\/","og_site_name":"Fractura Expuesta | Tango!","article_author":"https:\/\/www.facebook.com\/fracturaexpuestaok","article_published_time":"2025-08-19T17:36:51+00:00","article_modified_time":"2025-08-19T19:31:11+00:00","og_image":[{"width":950,"height":700,"url":"https:\/\/www.fracturaexpuesta.com.ar\/gotan\/wp-content\/uploads\/2025\/08\/Agenda-Tango-Festival-Y-Mundial-Tango-BA-2025.png","type":"image\/png"}],"author":"Fractura Expuesta","twitter_card":"summary_large_image","twitter_title":"D\u00eda por d\u00eda, la agenda completa de conciertos de Tango BA Festival y Mundial 2025","twitter_description":"Desde el 20 de agosto hasta el 2 de septiembre.","twitter_image":"https:\/\/www.fracturaexpuesta.com.ar\/gotan\/wp-content\/uploads\/2025\/08\/Agenda-Tango-Festival-Y-Mundial-Tango-BA-2025.png","twitter_creator":"@https:\/\/x.com\/fracturatango","twitter_misc":{"Escrito por":"Fractura Expuesta","Tiempo de lectura":"12 minutos"},"schema":{"@context":"https:\/\/schema.org","@graph":[{"@type":"Article","@id":"https:\/\/www.fracturaexpuesta.com.ar\/gotan\/dia-por-dia-la-agenda-completa-de-conciertos-de-tango-ba-festival-y-mundial-2025\/#article","isPartOf":{"@id":"https:\/\/www.fracturaexpuesta.com.ar\/gotan\/dia-por-dia-la-agenda-completa-de-conciertos-de-tango-ba-festival-y-mundial-2025\/"},"author":{"name":"Fractura Expuesta","@id":"https:\/\/www.fracturaexpuesta.com.ar\/gotan\/#\/schema\/person\/d8266939f778485b13ad2174aa9e199e"},"headline":"D\u00eda por d\u00eda, la agenda completa de conciertos de Tango BA Festival y Mundial 2025","datePublished":"2025-08-19T17:36:51+00:00","dateModified":"2025-08-19T19:31:11+00:00","mainEntityOfPage":{"@id":"https:\/\/www.fracturaexpuesta.com.ar\/gotan\/dia-por-dia-la-agenda-completa-de-conciertos-de-tango-ba-festival-y-mundial-2025\/"},"wordCount":2004,"commentCount":0,"publisher":{"@id":"https:\/\/www.fracturaexpuesta.com.ar\/gotan\/#organization"},"image":{"@id":"https:\/\/www.fracturaexpuesta.com.ar\/gotan\/dia-por-dia-la-agenda-completa-de-conciertos-de-tango-ba-festival-y-mundial-2025\/#primaryimage"},"thumbnailUrl":"https:\/\/www.fracturaexpuesta.com.ar\/gotan\/wp-content\/uploads\/2025\/08\/Agenda-Tango-Festival-Y-Mundial-Tango-BA-2025.png","keywords":["agenda","agenda de tango","conciertos","festival de tango","mundial de tango","tangoba"],"articleSection":["Noticias"],"inLanguage":"es-AR","potentialAction":[{"@type":"CommentAction","name":"Comment","target":["https:\/\/www.fracturaexpuesta.com.ar\/gotan\/dia-por-dia-la-agenda-completa-de-conciertos-de-tango-ba-festival-y-mundial-2025\/#respond"]}]},{"@type":"WebPage","@id":"https:\/\/www.fracturaexpuesta.com.ar\/gotan\/dia-por-dia-la-agenda-completa-de-conciertos-de-tango-ba-festival-y-mundial-2025\/","url":"https:\/\/www.fracturaexpuesta.com.ar\/gotan\/dia-por-dia-la-agenda-completa-de-conciertos-de-tango-ba-festival-y-mundial-2025\/","name":"D\u00eda por d\u00eda, la agenda completa de conciertos de Tango BA Festival y Mundial 2025 &#187; Fractura Expuesta | Tango!","isPartOf":{"@id":"https:\/\/www.fracturaexpuesta.com.ar\/gotan\/#website"},"primaryImageOfPage":{"@id":"https:\/\/www.fracturaexpuesta.com.ar\/gotan\/dia-por-dia-la-agenda-completa-de-conciertos-de-tango-ba-festival-y-mundial-2025\/#primaryimage"},"image":{"@id":"https:\/\/www.fracturaexpuesta.com.ar\/gotan\/dia-por-dia-la-agenda-completa-de-conciertos-de-tango-ba-festival-y-mundial-2025\/#primaryimage"},"thumbnailUrl":"https:\/\/www.fracturaexpuesta.com.ar\/gotan\/wp-content\/uploads\/2025\/08\/Agenda-Tango-Festival-Y-Mundial-Tango-BA-2025.png","datePublished":"2025-08-19T17:36:51+00:00","dateModified":"2025-08-19T19:31:11+00:00","description":"Desde el 20 de agosto hasta el 2 de septiembre.","breadcrumb":{"@id":"https:\/\/www.fracturaexpuesta.com.ar\/gotan\/dia-por-dia-la-agenda-completa-de-conciertos-de-tango-ba-festival-y-mundial-2025\/#breadcrumb"},"inLanguage":"es-AR","potentialAction":[{"@type":"ReadAction","target":["https:\/\/www.fracturaexpuesta.com.ar\/gotan\/dia-por-dia-la-agenda-completa-de-conciertos-de-tango-ba-festival-y-mundial-2025\/"]}]},{"@type":"ImageObject","inLanguage":"es-AR","@id":"https:\/\/www.fracturaexpuesta.com.ar\/gotan\/dia-por-dia-la-agenda-completa-de-conciertos-de-tango-ba-festival-y-mundial-2025\/#primaryimage","url":"https:\/\/www.fracturaexpuesta.com.ar\/gotan\/wp-content\/uploads\/2025\/08\/Agenda-Tango-Festival-Y-Mundial-Tango-BA-2025.png","contentUrl":"https:\/\/www.fracturaexpuesta.com.ar\/gotan\/wp-content\/uploads\/2025\/08\/Agenda-Tango-Festival-Y-Mundial-Tango-BA-2025.png","width":950,"height":700},{"@type":"BreadcrumbList","@id":"https:\/\/www.fracturaexpuesta.com.ar\/gotan\/dia-por-dia-la-agenda-completa-de-conciertos-de-tango-ba-festival-y-mundial-2025\/#breadcrumb","itemListElement":[{"@type":"ListItem","position":1,"name":"Inicio","item":"https:\/\/www.fracturaexpuesta.com.ar\/gotan\/"},{"@type":"ListItem","position":2,"name":"D\u00eda por d\u00eda, la agenda completa de conciertos de Tango BA Festival y Mundial 2025"}]},{"@type":"WebSite","@id":"https:\/\/www.fracturaexpuesta.com.ar\/gotan\/#website","url":"https:\/\/www.fracturaexpuesta.com.ar\/gotan\/","name":"Fractura Expuesta | Tango!","description":"","publisher":{"@id":"https:\/\/www.fracturaexpuesta.com.ar\/gotan\/#organization"},"potentialAction":[{"@type":"SearchAction","target":{"@type":"EntryPoint","urlTemplate":"https:\/\/www.fracturaexpuesta.com.ar\/gotan\/?s={search_term_string}"},"query-input":{"@type":"PropertyValueSpecification","valueRequired":true,"valueName":"search_term_string"}}],"inLanguage":"es-AR"},{"@type":"Organization","@id":"https:\/\/www.fracturaexpuesta.com.ar\/gotan\/#organization","name":"Fractura Expuesta | Tango!","url":"https:\/\/www.fracturaexpuesta.com.ar\/gotan\/","logo":{"@type":"ImageObject","inLanguage":"es-AR","@id":"https:\/\/www.fracturaexpuesta.com.ar\/gotan\/#\/schema\/logo\/image\/","url":"https:\/\/www.fracturaexpuesta.com.ar\/gotan\/wp-content\/uploads\/2025\/03\/avatar2centroOK.jpg","contentUrl":"https:\/\/www.fracturaexpuesta.com.ar\/gotan\/wp-content\/uploads\/2025\/03\/avatar2centroOK.jpg","width":600,"height":600,"caption":"Fractura Expuesta | Tango!"},"image":{"@id":"https:\/\/www.fracturaexpuesta.com.ar\/gotan\/#\/schema\/logo\/image\/"}},{"@type":"Person","@id":"https:\/\/www.fracturaexpuesta.com.ar\/gotan\/#\/schema\/person\/d8266939f778485b13ad2174aa9e199e","name":"Fractura Expuesta","image":{"@type":"ImageObject","inLanguage":"es-AR","@id":"https:\/\/secure.gravatar.com\/avatar\/c4bad1eb9f93dd4a42df3aa8b8e8b882ff893fcea188ee15488a845db442d7ec?s=96&d=mm&r=g","url":"https:\/\/secure.gravatar.com\/avatar\/c4bad1eb9f93dd4a42df3aa8b8e8b882ff893fcea188ee15488a845db442d7ec?s=96&d=mm&r=g","contentUrl":"https:\/\/secure.gravatar.com\/avatar\/c4bad1eb9f93dd4a42df3aa8b8e8b882ff893fcea188ee15488a845db442d7ec?s=96&d=mm&r=g","caption":"Fractura Expuesta"},"description":"Sitio de tango y noticias culturales. Desde 2003, el espacio referente del tango de estos tiempos.","sameAs":["https:\/\/www.fracturaexpuesta.com.ar","https:\/\/www.facebook.com\/fracturaexpuestaok","https:\/\/www.instagram.com\/fracturaexpuesta","https:\/\/x.com\/https:\/\/x.com\/fracturatango","https:\/\/www.youtube.com\/channel\/UCojA8Q0QDpnncOL8sfTHOHg"],"url":"https:\/\/www.fracturaexpuesta.com.ar\/gotan\/author\/fractura-expuesta\/"}]}},"_links":{"self":[{"href":"https:\/\/www.fracturaexpuesta.com.ar\/gotan\/wp-json\/wp\/v2\/posts\/5255","targetHints":{"allow":["GET"]}}],"collection":[{"href":"https:\/\/www.fracturaexpuesta.com.ar\/gotan\/wp-json\/wp\/v2\/posts"}],"about":[{"href":"https:\/\/www.fracturaexpuesta.com.ar\/gotan\/wp-json\/wp\/v2\/types\/post"}],"author":[{"embeddable":true,"href":"https:\/\/www.fracturaexpuesta.com.ar\/gotan\/wp-json\/wp\/v2\/users\/1"}],"replies":[{"embeddable":true,"href":"https:\/\/www.fracturaexpuesta.com.ar\/gotan\/wp-json\/wp\/v2\/comments?post=5255"}],"version-history":[{"count":18,"href":"https:\/\/www.fracturaexpuesta.com.ar\/gotan\/wp-json\/wp\/v2\/posts\/5255\/revisions"}],"predecessor-version":[{"id":5287,"href":"https:\/\/www.fracturaexpuesta.com.ar\/gotan\/wp-json\/wp\/v2\/posts\/5255\/revisions\/5287"}],"wp:featuredmedia":[{"embeddable":true,"href":"https:\/\/www.fracturaexpuesta.com.ar\/gotan\/wp-json\/wp\/v2\/media\/5258"}],"wp:attachment":[{"href":"https:\/\/www.fracturaexpuesta.com.ar\/gotan\/wp-json\/wp\/v2\/media?parent=5255"}],"wp:term":[{"taxonomy":"category","embeddable":true,"href":"https:\/\/www.fracturaexpuesta.com.ar\/gotan\/wp-json\/wp\/v2\/categories?post=5255"},{"taxonomy":"post_tag","embeddable":true,"href":"https:\/\/www.fracturaexpuesta.com.ar\/gotan\/wp-json\/wp\/v2\/tags?post=5255"}],"curies":[{"name":"wp","href":"https:\/\/api.w.org\/{rel}","templated":true}]}}