{"id":5292,"date":"2025-09-01T17:12:55","date_gmt":"2025-09-01T20:12:55","guid":{"rendered":"https:\/\/www.fracturaexpuesta.com.ar\/gotan\/?p=5292"},"modified":"2025-09-01T17:46:58","modified_gmt":"2025-09-01T20:46:58","slug":"comienza-facaff-2025-el-festival-que-congrega-a-las-tendencias-actuales-del-tango","status":"publish","type":"post","link":"https:\/\/www.fracturaexpuesta.com.ar\/gotan\/comienza-facaff-2025-el-festival-que-congrega-a-las-tendencias-actuales-del-tango\/","title":{"rendered":"Comienza FACAFF 2025, el festival que congrega a las tendencias actuales del tango"},"content":{"rendered":"\n<p class=\"wp-block-paragraph\">Este mi\u00e9rcoles 3 arranca <strong>la s\u00e9ptima edici\u00f3n de FACAFF<\/strong> (Familia del Club Atl\u00e9tico Fern\u00e1ndez Fierro), el encuentro que ofrece una mirada sobre el tango actual.<\/p>\n\n\n\n<p class=\"wp-block-paragraph\">La propuesta re\u00fane a m\u00e1s de 30 agrupaciones y artistas que conforman la grilla de este festival autogestivo que abrir\u00e1 su primera jornada con los conciertos de Rodolfo Mederos &amp; Los Perros Ladran y los anfitriones Fern\u00e1ndez Fierro.<\/p>\n\n\n\n<p class=\"wp-block-paragraph\">\u201cApoyamos toda manifestaci\u00f3n que se encuentre fuera de los canales tradicionales de comunicaci\u00f3n masiva\u201d, reafirma Walter Coccaro, organizador del festival sobre el encuadre del festival.<\/p>\n\n\n\n<p class=\"wp-block-paragraph\">Desde sus inicios, hace m\u00e1s de media d\u00e9cada, FACAFF pone el foco de inter\u00e9s en<strong> las corrientes contempor\u00e1neas del tango<\/strong> \u201cque no cuentan con un circuito propio de difusi\u00f3n en el ambiente musical porte\u00f1o\u201d, sostiene Coccaro.<\/p>\n\n\n\n<p class=\"wp-block-paragraph\">Cuarteto La P\u00faa con Victoria Di Raimondo, Noelia Sinkunas, Umbrales Quinteto, Tangology y Walter Hidalgo son algunos de los artistas y grupos que estar\u00e1n subiendo al escenario porte\u00f1o del CAFF (S\u00e1nchez de Bustamante 772). Todos desde las 21.<\/p>\n\n\n\n<p class=\"wp-block-paragraph\">El cierre, por su parte, tendr\u00e1 lugar el s\u00e1bado 27 con el evento de clausura de la tercera edici\u00f3n del Festival del Bandone\u00f3n Osvaldo Ruggiero.<\/p>\n\n\n\n<p class=\"wp-block-paragraph\">Las entradas se consiguen en efectivo en la boleter\u00eda del club o por TicketHoy. Jubilados entrada sin cargo y promoci\u00f3n 2&#215;1 para estudiantes.<\/p>\n\n\n\n<h2 class=\"wp-block-heading\">La programaci\u00f3n completa<\/h2>\n\n\n\n<p class=\"wp-block-paragraph\"><strong>MI\u00c9RCOLES 3<\/strong><br>Los Perros Ladran<br>Fern\u00e1ndez Fierro<\/p>\n\n\n\n<p class=\"wp-block-paragraph\"><strong>JUEVES 4<\/strong><br>Manu Barrios Tr\u00edo<br>Olive Octeto<br>Quinteto Negro La Boca<\/p>\n\n\n\n<p class=\"wp-block-paragraph\"><strong>S\u00c1BADO 6<\/strong><br>Guitarras Sensibles de Flores<br>(presentan su primer disco \u201cPillos y Atentos\u201d)<\/p>\n\n\n\n<p class=\"wp-block-paragraph\"><strong>DOMINGO 7<\/strong><br>Guitarras del Once \/ Hugo Rivas<\/p>\n\n\n\n<p class=\"wp-block-paragraph\"><strong>MI\u00c9RCOLES 10<\/strong><br>Cuarteto La P\u00faa con Victoria Di Raimondo<br>Fern\u00e1ndez Fierro<\/p>\n\n\n\n<p class=\"wp-block-paragraph\"><strong>VIERNES 12<\/strong><br>La Gitana Tr\u00edo<br>(presenta La Fiesta del Conventillo)<\/p>\n\n\n\n<p class=\"wp-block-paragraph\"><strong>S\u00c1BADO 13<\/strong><br>Walter Hidalgo<br>(presenta su nuevo disco \u00c1ve F\u00e9nix)<\/p>\n\n\n\n<p class=\"wp-block-paragraph\"><strong>DOMINGO 14<\/strong><br>Gorriones<br>Cuarteto Extraordinario<\/p>\n\n\n\n<p class=\"wp-block-paragraph\"><strong>MI\u00c9RCOLES 17<\/strong><br>Noelia Sinkunas<br>Fern\u00e1ndez Fierro<\/p>\n\n\n\n<p class=\"wp-block-paragraph\"><strong>JUEVES 18<\/strong><br>Tangology<br>Marcos Larra\u00f1aga Tr\u00edo<br>Dema y El Maestro<br>Por nocaut (tango y a la lona)<\/p>\n\n\n\n<p class=\"wp-block-paragraph\"><strong>S\u00c1BADO 20<\/strong><br>Contrarreloj<br>Luisina Mathieu y Amalia Escobar<br>Murga-Lucente<\/p>\n\n\n\n<p class=\"wp-block-paragraph\"><strong>DOMINGO 21<\/strong><br>El Desarme Orquesta<br>Noct\u00e1mbula<br>Umbrales Quinteto<\/p>\n\n\n\n<p class=\"wp-block-paragraph\"><strong>MI\u00c9RCOLES 24<\/strong><br>Martines Tango &amp; Roll<br>Fern\u00e1ndez Fierro<\/p>\n\n\n\n<p class=\"wp-block-paragraph\"><strong>JUEVES 25<\/strong><br>Manga (Candombe y Milonga)<br>Tango Fiero<br>Cintia Trigo &amp; Bordonasnocromo<br>Electro-Arrabal<\/p>\n\n\n\n<p class=\"wp-block-paragraph\"><strong>VIERNES 26<\/strong><br>Quinteto del Rev\u00e9s (desde Chile)<br>Ruggiero Targo<br>El Arranque<\/p>\n\n\n\n<p class=\"wp-block-paragraph\"><strong>S\u00c1BADO 27<\/strong><br>Cierre del 3\u00b0 Festival del Bandone\u00f3n Osvaldo Ruggiero<\/p>\n\n\n\n<div style=\"height:30px\" aria-hidden=\"true\" class=\"wp-block-spacer\"><\/div>\n","protected":false},"excerpt":{"rendered":"<p>Se extender\u00e1 del 3 al 27 de septiembre. M\u00e1s de 30 grupos y artistas para conocer la escena contempor\u00e1nea del tango.<\/p>\n","protected":false},"author":1,"featured_media":5294,"comment_status":"open","ping_status":"open","sticky":false,"template":"","format":"standard","meta":{"footnotes":""},"categories":[7],"tags":[96,200,112,159],"class_list":["post-5292","post","type-post","status-publish","format-standard","has-post-thumbnail","hentry","category-noticias","tag-conciertos","tag-facaff","tag-fernandez-fierro","tag-festival-de-tango"],"yoast_head":"<!-- This site is optimized with the Yoast SEO plugin v28.4 - https:\/\/yoast.com\/product\/yoast-seo-wordpress\/ -->\n<title>Comienza FACAFF 2025, el festival que congrega a las tendencias actuales del tango &#187; Fractura Expuesta | Tango!<\/title>\n<meta name=\"description\" content=\"Se extender\u00e1 del 3 al 27 de septiembre. M\u00e1s de 30 grupos y artistas para conocer la escena contempor\u00e1nea del tango.\" \/>\n<meta name=\"robots\" content=\"index, follow, max-snippet:-1, max-image-preview:large, max-video-preview:-1\" \/>\n<link rel=\"canonical\" href=\"https:\/\/www.fracturaexpuesta.com.ar\/gotan\/comienza-facaff-2025-el-festival-que-congrega-a-las-tendencias-actuales-del-tango\/\" \/>\n<meta property=\"og:locale\" content=\"es_ES\" \/>\n<meta property=\"og:type\" content=\"article\" \/>\n<meta property=\"og:title\" content=\"Comienza FACAFF 2025, el festival que congrega a las tendencias actuales del tango\" \/>\n<meta property=\"og:description\" content=\"Se extender\u00e1 del 3 al 27 de septiembre. M\u00e1s de 30 grupos y artistas para conocer la escena contempor\u00e1nea del tango.\" \/>\n<meta property=\"og:url\" content=\"https:\/\/www.fracturaexpuesta.com.ar\/gotan\/comienza-facaff-2025-el-festival-que-congrega-a-las-tendencias-actuales-del-tango\/\" \/>\n<meta property=\"og:site_name\" content=\"Fractura Expuesta | Tango!\" \/>\n<meta property=\"article:author\" content=\"https:\/\/www.facebook.com\/fracturaexpuestaok\" \/>\n<meta property=\"article:published_time\" content=\"2025-09-01T20:12:55+00:00\" \/>\n<meta property=\"article:modified_time\" content=\"2025-09-01T20:46:58+00:00\" \/>\n<meta property=\"og:image\" content=\"https:\/\/www.fracturaexpuesta.com.ar\/gotan\/wp-content\/uploads\/2025\/09\/tango-la-fernandez-fierro.webp\" \/>\n\t<meta property=\"og:image:width\" content=\"1200\" \/>\n\t<meta property=\"og:image:height\" content=\"675\" \/>\n\t<meta property=\"og:image:type\" content=\"image\/webp\" \/>\n<meta name=\"author\" content=\"Fractura Expuesta\" \/>\n<meta name=\"twitter:card\" content=\"summary_large_image\" \/>\n<meta name=\"twitter:title\" content=\"Comienza FACAFF 2025, el festival que congrega a las tendencias actuales del tango\" \/>\n<meta name=\"twitter:description\" content=\"Se extender\u00e1 del 3 al 27 de septiembre. M\u00e1s de 30 grupos y artistas para conocer la escena contempor\u00e1nea del tango.\" \/>\n<meta name=\"twitter:image\" content=\"https:\/\/www.fracturaexpuesta.com.ar\/gotan\/wp-content\/uploads\/2025\/09\/tango-la-fernandez-fierro.webp\" \/>\n<meta name=\"twitter:creator\" content=\"@https:\/\/x.com\/fracturatango\" \/>\n<meta name=\"twitter:label1\" content=\"Escrito por\" \/>\n\t<meta name=\"twitter:data1\" content=\"Fractura Expuesta\" \/>\n\t<meta name=\"twitter:label2\" content=\"Tiempo de lectura\" \/>\n\t<meta name=\"twitter:data2\" content=\"2 minutos\" \/>\n<script type=\"application\/ld+json\" class=\"yoast-schema-graph\">{\"@context\":\"https:\\\/\\\/schema.org\",\"@graph\":[{\"@type\":\"Article\",\"@id\":\"https:\\\/\\\/www.fracturaexpuesta.com.ar\\\/gotan\\\/comienza-facaff-2025-el-festival-que-congrega-a-las-tendencias-actuales-del-tango\\\/#article\",\"isPartOf\":{\"@id\":\"https:\\\/\\\/www.fracturaexpuesta.com.ar\\\/gotan\\\/comienza-facaff-2025-el-festival-que-congrega-a-las-tendencias-actuales-del-tango\\\/\"},\"author\":{\"name\":\"Fractura Expuesta\",\"@id\":\"https:\\\/\\\/www.fracturaexpuesta.com.ar\\\/gotan\\\/#\\\/schema\\\/person\\\/d8266939f778485b13ad2174aa9e199e\"},\"headline\":\"Comienza FACAFF 2025, el festival que congrega a las tendencias actuales del tango\",\"datePublished\":\"2025-09-01T20:12:55+00:00\",\"dateModified\":\"2025-09-01T20:46:58+00:00\",\"mainEntityOfPage\":{\"@id\":\"https:\\\/\\\/www.fracturaexpuesta.com.ar\\\/gotan\\\/comienza-facaff-2025-el-festival-que-congrega-a-las-tendencias-actuales-del-tango\\\/\"},\"wordCount\":389,\"commentCount\":0,\"publisher\":{\"@id\":\"https:\\\/\\\/www.fracturaexpuesta.com.ar\\\/gotan\\\/#organization\"},\"image\":{\"@id\":\"https:\\\/\\\/www.fracturaexpuesta.com.ar\\\/gotan\\\/comienza-facaff-2025-el-festival-que-congrega-a-las-tendencias-actuales-del-tango\\\/#primaryimage\"},\"thumbnailUrl\":\"https:\\\/\\\/www.fracturaexpuesta.com.ar\\\/gotan\\\/wp-content\\\/uploads\\\/2025\\\/09\\\/tango-la-fernandez-fierro.webp\",\"keywords\":[\"conciertos\",\"FACAFF\",\"fernandez fierro\",\"festival de tango\"],\"articleSection\":[\"Noticias\"],\"inLanguage\":\"es-AR\",\"potentialAction\":[{\"@type\":\"CommentAction\",\"name\":\"Comment\",\"target\":[\"https:\\\/\\\/www.fracturaexpuesta.com.ar\\\/gotan\\\/comienza-facaff-2025-el-festival-que-congrega-a-las-tendencias-actuales-del-tango\\\/#respond\"]}]},{\"@type\":\"WebPage\",\"@id\":\"https:\\\/\\\/www.fracturaexpuesta.com.ar\\\/gotan\\\/comienza-facaff-2025-el-festival-que-congrega-a-las-tendencias-actuales-del-tango\\\/\",\"url\":\"https:\\\/\\\/www.fracturaexpuesta.com.ar\\\/gotan\\\/comienza-facaff-2025-el-festival-que-congrega-a-las-tendencias-actuales-del-tango\\\/\",\"name\":\"Comienza FACAFF 2025, el festival que congrega a las tendencias actuales del tango &#187; Fractura Expuesta | Tango!\",\"isPartOf\":{\"@id\":\"https:\\\/\\\/www.fracturaexpuesta.com.ar\\\/gotan\\\/#website\"},\"primaryImageOfPage\":{\"@id\":\"https:\\\/\\\/www.fracturaexpuesta.com.ar\\\/gotan\\\/comienza-facaff-2025-el-festival-que-congrega-a-las-tendencias-actuales-del-tango\\\/#primaryimage\"},\"image\":{\"@id\":\"https:\\\/\\\/www.fracturaexpuesta.com.ar\\\/gotan\\\/comienza-facaff-2025-el-festival-que-congrega-a-las-tendencias-actuales-del-tango\\\/#primaryimage\"},\"thumbnailUrl\":\"https:\\\/\\\/www.fracturaexpuesta.com.ar\\\/gotan\\\/wp-content\\\/uploads\\\/2025\\\/09\\\/tango-la-fernandez-fierro.webp\",\"datePublished\":\"2025-09-01T20:12:55+00:00\",\"dateModified\":\"2025-09-01T20:46:58+00:00\",\"description\":\"Se extender\u00e1 del 3 al 27 de septiembre. M\u00e1s de 30 grupos y artistas para conocer la escena contempor\u00e1nea del tango.\",\"breadcrumb\":{\"@id\":\"https:\\\/\\\/www.fracturaexpuesta.com.ar\\\/gotan\\\/comienza-facaff-2025-el-festival-que-congrega-a-las-tendencias-actuales-del-tango\\\/#breadcrumb\"},\"inLanguage\":\"es-AR\",\"potentialAction\":[{\"@type\":\"ReadAction\",\"target\":[\"https:\\\/\\\/www.fracturaexpuesta.com.ar\\\/gotan\\\/comienza-facaff-2025-el-festival-que-congrega-a-las-tendencias-actuales-del-tango\\\/\"]}]},{\"@type\":\"ImageObject\",\"inLanguage\":\"es-AR\",\"@id\":\"https:\\\/\\\/www.fracturaexpuesta.com.ar\\\/gotan\\\/comienza-facaff-2025-el-festival-que-congrega-a-las-tendencias-actuales-del-tango\\\/#primaryimage\",\"url\":\"https:\\\/\\\/www.fracturaexpuesta.com.ar\\\/gotan\\\/wp-content\\\/uploads\\\/2025\\\/09\\\/tango-la-fernandez-fierro.webp\",\"contentUrl\":\"https:\\\/\\\/www.fracturaexpuesta.com.ar\\\/gotan\\\/wp-content\\\/uploads\\\/2025\\\/09\\\/tango-la-fernandez-fierro.webp\",\"width\":1200,\"height\":675},{\"@type\":\"BreadcrumbList\",\"@id\":\"https:\\\/\\\/www.fracturaexpuesta.com.ar\\\/gotan\\\/comienza-facaff-2025-el-festival-que-congrega-a-las-tendencias-actuales-del-tango\\\/#breadcrumb\",\"itemListElement\":[{\"@type\":\"ListItem\",\"position\":1,\"name\":\"Inicio\",\"item\":\"https:\\\/\\\/www.fracturaexpuesta.com.ar\\\/gotan\\\/\"},{\"@type\":\"ListItem\",\"position\":2,\"name\":\"Comienza FACAFF 2025, el festival que congrega a las tendencias actuales del tango\"}]},{\"@type\":\"WebSite\",\"@id\":\"https:\\\/\\\/www.fracturaexpuesta.com.ar\\\/gotan\\\/#website\",\"url\":\"https:\\\/\\\/www.fracturaexpuesta.com.ar\\\/gotan\\\/\",\"name\":\"Fractura Expuesta | Tango!\",\"description\":\"\",\"publisher\":{\"@id\":\"https:\\\/\\\/www.fracturaexpuesta.com.ar\\\/gotan\\\/#organization\"},\"potentialAction\":[{\"@type\":\"SearchAction\",\"target\":{\"@type\":\"EntryPoint\",\"urlTemplate\":\"https:\\\/\\\/www.fracturaexpuesta.com.ar\\\/gotan\\\/?s={search_term_string}\"},\"query-input\":{\"@type\":\"PropertyValueSpecification\",\"valueRequired\":true,\"valueName\":\"search_term_string\"}}],\"inLanguage\":\"es-AR\"},{\"@type\":\"Organization\",\"@id\":\"https:\\\/\\\/www.fracturaexpuesta.com.ar\\\/gotan\\\/#organization\",\"name\":\"Fractura Expuesta | Tango!\",\"url\":\"https:\\\/\\\/www.fracturaexpuesta.com.ar\\\/gotan\\\/\",\"logo\":{\"@type\":\"ImageObject\",\"inLanguage\":\"es-AR\",\"@id\":\"https:\\\/\\\/www.fracturaexpuesta.com.ar\\\/gotan\\\/#\\\/schema\\\/logo\\\/image\\\/\",\"url\":\"https:\\\/\\\/www.fracturaexpuesta.com.ar\\\/gotan\\\/wp-content\\\/uploads\\\/2025\\\/03\\\/avatar2centroOK.jpg\",\"contentUrl\":\"https:\\\/\\\/www.fracturaexpuesta.com.ar\\\/gotan\\\/wp-content\\\/uploads\\\/2025\\\/03\\\/avatar2centroOK.jpg\",\"width\":600,\"height\":600,\"caption\":\"Fractura Expuesta | Tango!\"},\"image\":{\"@id\":\"https:\\\/\\\/www.fracturaexpuesta.com.ar\\\/gotan\\\/#\\\/schema\\\/logo\\\/image\\\/\"}},{\"@type\":\"Person\",\"@id\":\"https:\\\/\\\/www.fracturaexpuesta.com.ar\\\/gotan\\\/#\\\/schema\\\/person\\\/d8266939f778485b13ad2174aa9e199e\",\"name\":\"Fractura Expuesta\",\"image\":{\"@type\":\"ImageObject\",\"inLanguage\":\"es-AR\",\"@id\":\"https:\\\/\\\/secure.gravatar.com\\\/avatar\\\/c4bad1eb9f93dd4a42df3aa8b8e8b882ff893fcea188ee15488a845db442d7ec?s=96&d=mm&r=g\",\"url\":\"https:\\\/\\\/secure.gravatar.com\\\/avatar\\\/c4bad1eb9f93dd4a42df3aa8b8e8b882ff893fcea188ee15488a845db442d7ec?s=96&d=mm&r=g\",\"contentUrl\":\"https:\\\/\\\/secure.gravatar.com\\\/avatar\\\/c4bad1eb9f93dd4a42df3aa8b8e8b882ff893fcea188ee15488a845db442d7ec?s=96&d=mm&r=g\",\"caption\":\"Fractura Expuesta\"},\"description\":\"Sitio de tango y noticias culturales. Desde 2003, el espacio referente del tango de estos tiempos.\",\"sameAs\":[\"https:\\\/\\\/www.fracturaexpuesta.com.ar\",\"https:\\\/\\\/www.facebook.com\\\/fracturaexpuestaok\",\"https:\\\/\\\/www.instagram.com\\\/fracturaexpuesta\",\"https:\\\/\\\/x.com\\\/https:\\\/\\\/x.com\\\/fracturatango\",\"https:\\\/\\\/www.youtube.com\\\/channel\\\/UCojA8Q0QDpnncOL8sfTHOHg\"],\"url\":\"https:\\\/\\\/www.fracturaexpuesta.com.ar\\\/gotan\\\/author\\\/fractura-expuesta\\\/\"}]}<\/script>\n<!-- \/ Yoast SEO plugin. -->","yoast_head_json":{"title":"Comienza FACAFF 2025, el festival que congrega a las tendencias actuales del tango &#187; Fractura Expuesta | Tango!","description":"Se extender\u00e1 del 3 al 27 de septiembre. M\u00e1s de 30 grupos y artistas para conocer la escena contempor\u00e1nea del tango.","robots":{"index":"index","follow":"follow","max-snippet":"max-snippet:-1","max-image-preview":"max-image-preview:large","max-video-preview":"max-video-preview:-1"},"canonical":"https:\/\/www.fracturaexpuesta.com.ar\/gotan\/comienza-facaff-2025-el-festival-que-congrega-a-las-tendencias-actuales-del-tango\/","og_locale":"es_ES","og_type":"article","og_title":"Comienza FACAFF 2025, el festival que congrega a las tendencias actuales del tango","og_description":"Se extender\u00e1 del 3 al 27 de septiembre. M\u00e1s de 30 grupos y artistas para conocer la escena contempor\u00e1nea del tango.","og_url":"https:\/\/www.fracturaexpuesta.com.ar\/gotan\/comienza-facaff-2025-el-festival-que-congrega-a-las-tendencias-actuales-del-tango\/","og_site_name":"Fractura Expuesta | Tango!","article_author":"https:\/\/www.facebook.com\/fracturaexpuestaok","article_published_time":"2025-09-01T20:12:55+00:00","article_modified_time":"2025-09-01T20:46:58+00:00","og_image":[{"width":1200,"height":675,"url":"https:\/\/www.fracturaexpuesta.com.ar\/gotan\/wp-content\/uploads\/2025\/09\/tango-la-fernandez-fierro.webp","type":"image\/webp"}],"author":"Fractura Expuesta","twitter_card":"summary_large_image","twitter_title":"Comienza FACAFF 2025, el festival que congrega a las tendencias actuales del tango","twitter_description":"Se extender\u00e1 del 3 al 27 de septiembre. M\u00e1s de 30 grupos y artistas para conocer la escena contempor\u00e1nea del tango.","twitter_image":"https:\/\/www.fracturaexpuesta.com.ar\/gotan\/wp-content\/uploads\/2025\/09\/tango-la-fernandez-fierro.webp","twitter_creator":"@https:\/\/x.com\/fracturatango","twitter_misc":{"Escrito por":"Fractura Expuesta","Tiempo de lectura":"2 minutos"},"schema":{"@context":"https:\/\/schema.org","@graph":[{"@type":"Article","@id":"https:\/\/www.fracturaexpuesta.com.ar\/gotan\/comienza-facaff-2025-el-festival-que-congrega-a-las-tendencias-actuales-del-tango\/#article","isPartOf":{"@id":"https:\/\/www.fracturaexpuesta.com.ar\/gotan\/comienza-facaff-2025-el-festival-que-congrega-a-las-tendencias-actuales-del-tango\/"},"author":{"name":"Fractura Expuesta","@id":"https:\/\/www.fracturaexpuesta.com.ar\/gotan\/#\/schema\/person\/d8266939f778485b13ad2174aa9e199e"},"headline":"Comienza FACAFF 2025, el festival que congrega a las tendencias actuales del tango","datePublished":"2025-09-01T20:12:55+00:00","dateModified":"2025-09-01T20:46:58+00:00","mainEntityOfPage":{"@id":"https:\/\/www.fracturaexpuesta.com.ar\/gotan\/comienza-facaff-2025-el-festival-que-congrega-a-las-tendencias-actuales-del-tango\/"},"wordCount":389,"commentCount":0,"publisher":{"@id":"https:\/\/www.fracturaexpuesta.com.ar\/gotan\/#organization"},"image":{"@id":"https:\/\/www.fracturaexpuesta.com.ar\/gotan\/comienza-facaff-2025-el-festival-que-congrega-a-las-tendencias-actuales-del-tango\/#primaryimage"},"thumbnailUrl":"https:\/\/www.fracturaexpuesta.com.ar\/gotan\/wp-content\/uploads\/2025\/09\/tango-la-fernandez-fierro.webp","keywords":["conciertos","FACAFF","fernandez fierro","festival de tango"],"articleSection":["Noticias"],"inLanguage":"es-AR","potentialAction":[{"@type":"CommentAction","name":"Comment","target":["https:\/\/www.fracturaexpuesta.com.ar\/gotan\/comienza-facaff-2025-el-festival-que-congrega-a-las-tendencias-actuales-del-tango\/#respond"]}]},{"@type":"WebPage","@id":"https:\/\/www.fracturaexpuesta.com.ar\/gotan\/comienza-facaff-2025-el-festival-que-congrega-a-las-tendencias-actuales-del-tango\/","url":"https:\/\/www.fracturaexpuesta.com.ar\/gotan\/comienza-facaff-2025-el-festival-que-congrega-a-las-tendencias-actuales-del-tango\/","name":"Comienza FACAFF 2025, el festival que congrega a las tendencias actuales del tango &#187; Fractura Expuesta | Tango!","isPartOf":{"@id":"https:\/\/www.fracturaexpuesta.com.ar\/gotan\/#website"},"primaryImageOfPage":{"@id":"https:\/\/www.fracturaexpuesta.com.ar\/gotan\/comienza-facaff-2025-el-festival-que-congrega-a-las-tendencias-actuales-del-tango\/#primaryimage"},"image":{"@id":"https:\/\/www.fracturaexpuesta.com.ar\/gotan\/comienza-facaff-2025-el-festival-que-congrega-a-las-tendencias-actuales-del-tango\/#primaryimage"},"thumbnailUrl":"https:\/\/www.fracturaexpuesta.com.ar\/gotan\/wp-content\/uploads\/2025\/09\/tango-la-fernandez-fierro.webp","datePublished":"2025-09-01T20:12:55+00:00","dateModified":"2025-09-01T20:46:58+00:00","description":"Se extender\u00e1 del 3 al 27 de septiembre. M\u00e1s de 30 grupos y artistas para conocer la escena contempor\u00e1nea del tango.","breadcrumb":{"@id":"https:\/\/www.fracturaexpuesta.com.ar\/gotan\/comienza-facaff-2025-el-festival-que-congrega-a-las-tendencias-actuales-del-tango\/#breadcrumb"},"inLanguage":"es-AR","potentialAction":[{"@type":"ReadAction","target":["https:\/\/www.fracturaexpuesta.com.ar\/gotan\/comienza-facaff-2025-el-festival-que-congrega-a-las-tendencias-actuales-del-tango\/"]}]},{"@type":"ImageObject","inLanguage":"es-AR","@id":"https:\/\/www.fracturaexpuesta.com.ar\/gotan\/comienza-facaff-2025-el-festival-que-congrega-a-las-tendencias-actuales-del-tango\/#primaryimage","url":"https:\/\/www.fracturaexpuesta.com.ar\/gotan\/wp-content\/uploads\/2025\/09\/tango-la-fernandez-fierro.webp","contentUrl":"https:\/\/www.fracturaexpuesta.com.ar\/gotan\/wp-content\/uploads\/2025\/09\/tango-la-fernandez-fierro.webp","width":1200,"height":675},{"@type":"BreadcrumbList","@id":"https:\/\/www.fracturaexpuesta.com.ar\/gotan\/comienza-facaff-2025-el-festival-que-congrega-a-las-tendencias-actuales-del-tango\/#breadcrumb","itemListElement":[{"@type":"ListItem","position":1,"name":"Inicio","item":"https:\/\/www.fracturaexpuesta.com.ar\/gotan\/"},{"@type":"ListItem","position":2,"name":"Comienza FACAFF 2025, el festival que congrega a las tendencias actuales del tango"}]},{"@type":"WebSite","@id":"https:\/\/www.fracturaexpuesta.com.ar\/gotan\/#website","url":"https:\/\/www.fracturaexpuesta.com.ar\/gotan\/","name":"Fractura Expuesta | Tango!","description":"","publisher":{"@id":"https:\/\/www.fracturaexpuesta.com.ar\/gotan\/#organization"},"potentialAction":[{"@type":"SearchAction","target":{"@type":"EntryPoint","urlTemplate":"https:\/\/www.fracturaexpuesta.com.ar\/gotan\/?s={search_term_string}"},"query-input":{"@type":"PropertyValueSpecification","valueRequired":true,"valueName":"search_term_string"}}],"inLanguage":"es-AR"},{"@type":"Organization","@id":"https:\/\/www.fracturaexpuesta.com.ar\/gotan\/#organization","name":"Fractura Expuesta | Tango!","url":"https:\/\/www.fracturaexpuesta.com.ar\/gotan\/","logo":{"@type":"ImageObject","inLanguage":"es-AR","@id":"https:\/\/www.fracturaexpuesta.com.ar\/gotan\/#\/schema\/logo\/image\/","url":"https:\/\/www.fracturaexpuesta.com.ar\/gotan\/wp-content\/uploads\/2025\/03\/avatar2centroOK.jpg","contentUrl":"https:\/\/www.fracturaexpuesta.com.ar\/gotan\/wp-content\/uploads\/2025\/03\/avatar2centroOK.jpg","width":600,"height":600,"caption":"Fractura Expuesta | Tango!"},"image":{"@id":"https:\/\/www.fracturaexpuesta.com.ar\/gotan\/#\/schema\/logo\/image\/"}},{"@type":"Person","@id":"https:\/\/www.fracturaexpuesta.com.ar\/gotan\/#\/schema\/person\/d8266939f778485b13ad2174aa9e199e","name":"Fractura Expuesta","image":{"@type":"ImageObject","inLanguage":"es-AR","@id":"https:\/\/secure.gravatar.com\/avatar\/c4bad1eb9f93dd4a42df3aa8b8e8b882ff893fcea188ee15488a845db442d7ec?s=96&d=mm&r=g","url":"https:\/\/secure.gravatar.com\/avatar\/c4bad1eb9f93dd4a42df3aa8b8e8b882ff893fcea188ee15488a845db442d7ec?s=96&d=mm&r=g","contentUrl":"https:\/\/secure.gravatar.com\/avatar\/c4bad1eb9f93dd4a42df3aa8b8e8b882ff893fcea188ee15488a845db442d7ec?s=96&d=mm&r=g","caption":"Fractura Expuesta"},"description":"Sitio de tango y noticias culturales. Desde 2003, el espacio referente del tango de estos tiempos.","sameAs":["https:\/\/www.fracturaexpuesta.com.ar","https:\/\/www.facebook.com\/fracturaexpuestaok","https:\/\/www.instagram.com\/fracturaexpuesta","https:\/\/x.com\/https:\/\/x.com\/fracturatango","https:\/\/www.youtube.com\/channel\/UCojA8Q0QDpnncOL8sfTHOHg"],"url":"https:\/\/www.fracturaexpuesta.com.ar\/gotan\/author\/fractura-expuesta\/"}]}},"_links":{"self":[{"href":"https:\/\/www.fracturaexpuesta.com.ar\/gotan\/wp-json\/wp\/v2\/posts\/5292","targetHints":{"allow":["GET"]}}],"collection":[{"href":"https:\/\/www.fracturaexpuesta.com.ar\/gotan\/wp-json\/wp\/v2\/posts"}],"about":[{"href":"https:\/\/www.fracturaexpuesta.com.ar\/gotan\/wp-json\/wp\/v2\/types\/post"}],"author":[{"embeddable":true,"href":"https:\/\/www.fracturaexpuesta.com.ar\/gotan\/wp-json\/wp\/v2\/users\/1"}],"replies":[{"embeddable":true,"href":"https:\/\/www.fracturaexpuesta.com.ar\/gotan\/wp-json\/wp\/v2\/comments?post=5292"}],"version-history":[{"count":4,"href":"https:\/\/www.fracturaexpuesta.com.ar\/gotan\/wp-json\/wp\/v2\/posts\/5292\/revisions"}],"predecessor-version":[{"id":5297,"href":"https:\/\/www.fracturaexpuesta.com.ar\/gotan\/wp-json\/wp\/v2\/posts\/5292\/revisions\/5297"}],"wp:featuredmedia":[{"embeddable":true,"href":"https:\/\/www.fracturaexpuesta.com.ar\/gotan\/wp-json\/wp\/v2\/media\/5294"}],"wp:attachment":[{"href":"https:\/\/www.fracturaexpuesta.com.ar\/gotan\/wp-json\/wp\/v2\/media?parent=5292"}],"wp:term":[{"taxonomy":"category","embeddable":true,"href":"https:\/\/www.fracturaexpuesta.com.ar\/gotan\/wp-json\/wp\/v2\/categories?post=5292"},{"taxonomy":"post_tag","embeddable":true,"href":"https:\/\/www.fracturaexpuesta.com.ar\/gotan\/wp-json\/wp\/v2\/tags?post=5292"}],"curies":[{"name":"wp","href":"https:\/\/api.w.org\/{rel}","templated":true}]}}