{"id":5359,"date":"2025-09-10T16:06:41","date_gmt":"2025-09-10T19:06:41","guid":{"rendered":"https:\/\/www.fracturaexpuesta.com.ar\/gotan\/?p=5359"},"modified":"2025-09-10T16:31:52","modified_gmt":"2025-09-10T19:31:52","slug":"peke-dima-lo-primero-que-toque-cuando-agarre-un-bandoneon-fue-yo-vengo-a-ofrecer-mi-corazon","status":"publish","type":"post","link":"https:\/\/www.fracturaexpuesta.com.ar\/gotan\/peke-dima-lo-primero-que-toque-cuando-agarre-un-bandoneon-fue-yo-vengo-a-ofrecer-mi-corazon\/","title":{"rendered":"\u201cPeke\u201d Dima: \u201cLo primero que toqu\u00e9 cuando agarr\u00e9 un bandone\u00f3n fue \u2018Yo vengo a ofrecer mi coraz\u00f3n\u2019\u201d"},"content":{"rendered":"\n<p class=\"wp-block-paragraph\">Desde hace tiempo, en el <strong>tango contempor\u00e1neo los cruces con el rock nacional<\/strong> ofrecen diversos cap\u00edtulos de un maridaje. De canciones a discos completos, artistas y grupos de tango han reivindicado el peso espec\u00edfico del rock.<\/p>\n\n\n\n<p class=\"wp-block-paragraph\">Ahora, el bandoneonista <strong>Facundo \u201cPeke\u201d Dima<\/strong> refuerza con su nuevo \u00e1lbum ese v\u00ednculo. Es su primer disco solista, se llama <em>Para los d\u00edas de la vida<\/em> y llega con interpretaciones de obras ineludibles de tres faros como <strong>Luis Alberto Spinetta, Charly Garc\u00eda y Fito P\u00e1ez<\/strong>.<\/p>\n\n\n\n<p class=\"wp-block-paragraph\">\u201cGiros\u201d, \u201cDesarma y sangra\u201d, \u201cLas tardes del sol, las noches del agua\u201d, \u201cMuchacha ojos de papel\u201d o \u201cLos libros de la buena memoria\u201d son reinterpretadas en formato de <strong>bandone\u00f3n, piano y cello<\/strong>. Al fueye de Dima se suma la pianista Ariana Vilas y la cellista Luz Mur\u00faa.<\/p>\n\n\n\n<p class=\"wp-block-paragraph\">\u201cLo primero que toqu\u00e9 cuando agarr\u00e9 un bandone\u00f3n fue \u2018Yo vengo a ofrecer mi coraz\u00f3n\u2019\u201d, cuenta el Peke al hablar sobre los or\u00edgenes del disco. \u201cCreo que el disco ya estaba dentro de m\u00ed, era mi deseo de chico, de adolescente, de c\u00f3mo me gustar\u00eda tocar esta m\u00fasica con un bandone\u00f3n\u201d, recuerda.<\/p>\n\n\n\n<figure class=\"wp-block-image size-large\"><img loading=\"lazy\" decoding=\"async\" width=\"799\" height=\"1024\" src=\"https:\/\/www.fracturaexpuesta.com.ar\/gotan\/wp-content\/uploads\/2025\/09\/Peke-Dima-1-799x1024.jpg\" alt=\"\" class=\"wp-image-5362\" srcset=\"https:\/\/www.fracturaexpuesta.com.ar\/gotan\/wp-content\/uploads\/2025\/09\/Peke-Dima-1-799x1024.jpg 799w, https:\/\/www.fracturaexpuesta.com.ar\/gotan\/wp-content\/uploads\/2025\/09\/Peke-Dima-1-234x300.jpg 234w, https:\/\/www.fracturaexpuesta.com.ar\/gotan\/wp-content\/uploads\/2025\/09\/Peke-Dima-1-768x985.jpg 768w, https:\/\/www.fracturaexpuesta.com.ar\/gotan\/wp-content\/uploads\/2025\/09\/Peke-Dima-1-60x77.jpg 60w, https:\/\/www.fracturaexpuesta.com.ar\/gotan\/wp-content\/uploads\/2025\/09\/Peke-Dima-1.jpg 1000w\" sizes=\"auto, (max-width: 799px) 100vw, 799px\" \/><figcaption class=\"wp-element-caption\"><em><mark style=\"background-color:rgba(0, 0, 0, 0)\" class=\"has-inline-color has-cyan-bluish-gray-color\">Dima: \u201cDe chico el tango era la m\u00fasica que ven\u00eda de la casa de abajo, que era la de mis abuelos&#8221;<\/mark><\/em><\/figcaption><\/figure>\n\n\n\n<p class=\"wp-block-paragraph\">Sin embargo, durante alg\u00fan tiempo Dima confiesa que <strong>reneg\u00f3 del v\u00ednculo entre el bandone\u00f3n y los cl\u00e1sicos del rock nacional<\/strong>. \u201cMe llev\u00f3 un tiempo descubrir, o mejor dir\u00eda aceptar, que est\u00e1 todo junto, que las m\u00fasicas de Luis tienen tango, como las de Charly\u201d, plantea.<\/p>\n\n\n\n<p class=\"wp-block-paragraph\">\u201cPor ejemplo, \u2018Plegaria para un ni\u00f1o dormido\u2019 tiene cosas de \u201cChiquil\u00edn de bach\u00edn\u2019. Eso por no hablar de cosas m\u00e1s obvias, como el bandone\u00f3n y la melancol\u00eda de \u2018Giros\u2019\u201d, agrega Dima que integr\u00f3 formaciones como la Orquesta T\u00edpica Cambio de Frente, la Orquesta Criolla del Centenario, Sin Orsai y Golondrinas Tr\u00edo. Recientemente edit\u00f3 tambi\u00e9n <em>Corrientes y Esmeralda, <\/em>un \u00e1lbum a d\u00fao con el guitarrista Nicol\u00e1s P\u00e9rez.<\/p>\n\n\n\n<p class=\"wp-block-paragraph\">\u201cDe chico <strong>el tango era la m\u00fasica que ven\u00eda de la casa de abajo, que era la de mis abuelos<\/strong>, con quienes pr\u00e1cticamente me cri\u00e9. Era tango gran parte del d\u00eda. Una enciclopedia de la que fui aprendiendo. Y ah\u00ed su m\u00fasica se entrelazaba con lo que escuchaba en mi casa, arriba. <strong>Sub\u00eda tango, bajaba Charly<\/strong>\u201d, concluye el bandoneonista sobre los cimientos que sostienen su debut solista.<\/p>\n\n\n\n<p class=\"wp-block-paragraph\"><em>Para los d\u00edas de la vida<\/em> se puede escuchar en todas las plataformas musicales.<\/p>\n\n\n\n<p class=\"wp-block-paragraph\"><strong>&#8220;Las tardes del sol, las noches del agua&#8221;, por Peke Dima:<\/strong><\/p>\n\n\n\n<figure class=\"wp-block-embed is-type-video is-provider-youtube wp-block-embed-youtube wp-embed-aspect-4-3 wp-has-aspect-ratio\"><div class=\"wp-block-embed__wrapper\">\n<iframe loading=\"lazy\" title=\"Las tardes del sol las noches del agua\" width=\"1170\" height=\"878\" src=\"https:\/\/www.youtube.com\/embed\/LFGwEGEVJTA?feature=oembed\" frameborder=\"0\" allow=\"accelerometer; autoplay; clipboard-write; encrypted-media; gyroscope; picture-in-picture; web-share\" referrerpolicy=\"strict-origin-when-cross-origin\" allowfullscreen><\/iframe>\n<\/div><\/figure>\n\n\n\n<div style=\"height:20px\" aria-hidden=\"true\" class=\"wp-block-spacer\"><\/div>\n","protected":false},"excerpt":{"rendered":"<p>El bandoneonista presenta Para los d\u00edas de la vida, su debut solista en donde recrea canciones ineludibles de Spinetta, Garc\u00eda y P\u00e1ez.<\/p>\n","protected":false},"author":1,"featured_media":5360,"comment_status":"open","ping_status":"open","sticky":false,"template":"","format":"standard","meta":{"footnotes":""},"categories":[83],"tags":[202,81,203,204,201],"class_list":["post-5359","post","type-post","status-publish","format-standard","has-post-thumbnail","hentry","category-discos","tag-charly-garcia","tag-discos","tag-fito-paez","tag-luis-alberto-spinetta","tag-peke-dima"],"yoast_head":"<!-- This site is optimized with the Yoast SEO plugin v28.4 - https:\/\/yoast.com\/product\/yoast-seo-wordpress\/ -->\n<title>\u201cPeke\u201d Dima: \u201cLo primero que toqu\u00e9 cuando agarr\u00e9 un bandone\u00f3n fue \u2018Yo vengo a ofrecer mi coraz\u00f3n\u2019\u201d &#187; Fractura Expuesta | Tango!<\/title>\n<meta name=\"description\" content=\"El bandoneonista presenta Para los d\u00edas de la vida, su debut solista en donde recrea canciones ineludibles de Spinetta, Garc\u00eda y P\u00e1ez.\" \/>\n<meta name=\"robots\" content=\"index, follow, max-snippet:-1, max-image-preview:large, max-video-preview:-1\" \/>\n<link rel=\"canonical\" href=\"https:\/\/www.fracturaexpuesta.com.ar\/gotan\/peke-dima-lo-primero-que-toque-cuando-agarre-un-bandoneon-fue-yo-vengo-a-ofrecer-mi-corazon\/\" \/>\n<meta property=\"og:locale\" content=\"es_ES\" \/>\n<meta property=\"og:type\" content=\"article\" \/>\n<meta property=\"og:title\" content=\"\u201cPeke\u201d Dima: \u201cLo primero que toqu\u00e9 cuando agarr\u00e9 un bandone\u00f3n fue \u2018Yo vengo a ofrecer mi coraz\u00f3n\u2019\u201d\" \/>\n<meta property=\"og:description\" content=\"El bandoneonista presenta Para los d\u00edas de la vida, su debut solista en donde recrea canciones ineludibles de Spinetta, Garc\u00eda y P\u00e1ez.\" \/>\n<meta property=\"og:url\" content=\"https:\/\/www.fracturaexpuesta.com.ar\/gotan\/peke-dima-lo-primero-que-toque-cuando-agarre-un-bandoneon-fue-yo-vengo-a-ofrecer-mi-corazon\/\" \/>\n<meta property=\"og:site_name\" content=\"Fractura Expuesta | Tango!\" \/>\n<meta property=\"article:author\" content=\"https:\/\/www.facebook.com\/fracturaexpuestaok\" \/>\n<meta property=\"article:published_time\" content=\"2025-09-10T19:06:41+00:00\" \/>\n<meta property=\"article:modified_time\" content=\"2025-09-10T19:31:52+00:00\" \/>\n<meta property=\"og:image\" content=\"https:\/\/www.fracturaexpuesta.com.ar\/gotan\/wp-content\/uploads\/2025\/09\/Peke-Dima.jpg\" \/>\n\t<meta property=\"og:image:width\" content=\"1000\" \/>\n\t<meta property=\"og:image:height\" content=\"668\" \/>\n\t<meta property=\"og:image:type\" content=\"image\/jpeg\" \/>\n<meta name=\"author\" content=\"Fractura Expuesta\" \/>\n<meta name=\"twitter:card\" content=\"summary_large_image\" \/>\n<meta name=\"twitter:title\" content=\"\u201cPeke\u201d Dima: \u201cLo primero que toqu\u00e9 cuando agarr\u00e9 un bandone\u00f3n fue \u2018Yo vengo a ofrecer mi coraz\u00f3n\u2019\u201d\" \/>\n<meta name=\"twitter:description\" content=\"El bandoneonista presenta Para los d\u00edas de la vida, su debut solista en donde recrea canciones ineludibles de Spinetta, Garc\u00eda y P\u00e1ez.\" \/>\n<meta name=\"twitter:image\" content=\"https:\/\/www.fracturaexpuesta.com.ar\/gotan\/wp-content\/uploads\/2025\/09\/Peke-Dima.jpg\" \/>\n<meta name=\"twitter:creator\" content=\"@https:\/\/x.com\/fracturatango\" \/>\n<meta name=\"twitter:label1\" content=\"Escrito por\" \/>\n\t<meta name=\"twitter:data1\" content=\"Fractura Expuesta\" \/>\n\t<meta name=\"twitter:label2\" content=\"Tiempo de lectura\" \/>\n\t<meta name=\"twitter:data2\" content=\"3 minutos\" \/>\n<script type=\"application\/ld+json\" class=\"yoast-schema-graph\">{\"@context\":\"https:\\\/\\\/schema.org\",\"@graph\":[{\"@type\":\"Article\",\"@id\":\"https:\\\/\\\/www.fracturaexpuesta.com.ar\\\/gotan\\\/peke-dima-lo-primero-que-toque-cuando-agarre-un-bandoneon-fue-yo-vengo-a-ofrecer-mi-corazon\\\/#article\",\"isPartOf\":{\"@id\":\"https:\\\/\\\/www.fracturaexpuesta.com.ar\\\/gotan\\\/peke-dima-lo-primero-que-toque-cuando-agarre-un-bandoneon-fue-yo-vengo-a-ofrecer-mi-corazon\\\/\"},\"author\":{\"name\":\"Fractura Expuesta\",\"@id\":\"https:\\\/\\\/www.fracturaexpuesta.com.ar\\\/gotan\\\/#\\\/schema\\\/person\\\/d8266939f778485b13ad2174aa9e199e\"},\"headline\":\"\u201cPeke\u201d Dima: \u201cLo primero que toqu\u00e9 cuando agarr\u00e9 un bandone\u00f3n fue \u2018Yo vengo a ofrecer mi coraz\u00f3n\u2019\u201d\",\"datePublished\":\"2025-09-10T19:06:41+00:00\",\"dateModified\":\"2025-09-10T19:31:52+00:00\",\"mainEntityOfPage\":{\"@id\":\"https:\\\/\\\/www.fracturaexpuesta.com.ar\\\/gotan\\\/peke-dima-lo-primero-que-toque-cuando-agarre-un-bandoneon-fue-yo-vengo-a-ofrecer-mi-corazon\\\/\"},\"wordCount\":473,\"commentCount\":0,\"publisher\":{\"@id\":\"https:\\\/\\\/www.fracturaexpuesta.com.ar\\\/gotan\\\/#organization\"},\"image\":{\"@id\":\"https:\\\/\\\/www.fracturaexpuesta.com.ar\\\/gotan\\\/peke-dima-lo-primero-que-toque-cuando-agarre-un-bandoneon-fue-yo-vengo-a-ofrecer-mi-corazon\\\/#primaryimage\"},\"thumbnailUrl\":\"https:\\\/\\\/www.fracturaexpuesta.com.ar\\\/gotan\\\/wp-content\\\/uploads\\\/2025\\\/09\\\/Peke-Dima.jpg\",\"keywords\":[\"Charly Garcia\",\"discos\",\"Fito Paez\",\"Luis Alberto Spinetta\",\"Peke Dima\"],\"articleSection\":[\"Discos\"],\"inLanguage\":\"es-AR\",\"potentialAction\":[{\"@type\":\"CommentAction\",\"name\":\"Comment\",\"target\":[\"https:\\\/\\\/www.fracturaexpuesta.com.ar\\\/gotan\\\/peke-dima-lo-primero-que-toque-cuando-agarre-un-bandoneon-fue-yo-vengo-a-ofrecer-mi-corazon\\\/#respond\"]}]},{\"@type\":\"WebPage\",\"@id\":\"https:\\\/\\\/www.fracturaexpuesta.com.ar\\\/gotan\\\/peke-dima-lo-primero-que-toque-cuando-agarre-un-bandoneon-fue-yo-vengo-a-ofrecer-mi-corazon\\\/\",\"url\":\"https:\\\/\\\/www.fracturaexpuesta.com.ar\\\/gotan\\\/peke-dima-lo-primero-que-toque-cuando-agarre-un-bandoneon-fue-yo-vengo-a-ofrecer-mi-corazon\\\/\",\"name\":\"\u201cPeke\u201d Dima: \u201cLo primero que toqu\u00e9 cuando agarr\u00e9 un bandone\u00f3n fue \u2018Yo vengo a ofrecer mi coraz\u00f3n\u2019\u201d &#187; Fractura Expuesta | Tango!\",\"isPartOf\":{\"@id\":\"https:\\\/\\\/www.fracturaexpuesta.com.ar\\\/gotan\\\/#website\"},\"primaryImageOfPage\":{\"@id\":\"https:\\\/\\\/www.fracturaexpuesta.com.ar\\\/gotan\\\/peke-dima-lo-primero-que-toque-cuando-agarre-un-bandoneon-fue-yo-vengo-a-ofrecer-mi-corazon\\\/#primaryimage\"},\"image\":{\"@id\":\"https:\\\/\\\/www.fracturaexpuesta.com.ar\\\/gotan\\\/peke-dima-lo-primero-que-toque-cuando-agarre-un-bandoneon-fue-yo-vengo-a-ofrecer-mi-corazon\\\/#primaryimage\"},\"thumbnailUrl\":\"https:\\\/\\\/www.fracturaexpuesta.com.ar\\\/gotan\\\/wp-content\\\/uploads\\\/2025\\\/09\\\/Peke-Dima.jpg\",\"datePublished\":\"2025-09-10T19:06:41+00:00\",\"dateModified\":\"2025-09-10T19:31:52+00:00\",\"description\":\"El bandoneonista presenta Para los d\u00edas de la vida, su debut solista en donde recrea canciones ineludibles de Spinetta, Garc\u00eda y P\u00e1ez.\",\"breadcrumb\":{\"@id\":\"https:\\\/\\\/www.fracturaexpuesta.com.ar\\\/gotan\\\/peke-dima-lo-primero-que-toque-cuando-agarre-un-bandoneon-fue-yo-vengo-a-ofrecer-mi-corazon\\\/#breadcrumb\"},\"inLanguage\":\"es-AR\",\"potentialAction\":[{\"@type\":\"ReadAction\",\"target\":[\"https:\\\/\\\/www.fracturaexpuesta.com.ar\\\/gotan\\\/peke-dima-lo-primero-que-toque-cuando-agarre-un-bandoneon-fue-yo-vengo-a-ofrecer-mi-corazon\\\/\"]}]},{\"@type\":\"ImageObject\",\"inLanguage\":\"es-AR\",\"@id\":\"https:\\\/\\\/www.fracturaexpuesta.com.ar\\\/gotan\\\/peke-dima-lo-primero-que-toque-cuando-agarre-un-bandoneon-fue-yo-vengo-a-ofrecer-mi-corazon\\\/#primaryimage\",\"url\":\"https:\\\/\\\/www.fracturaexpuesta.com.ar\\\/gotan\\\/wp-content\\\/uploads\\\/2025\\\/09\\\/Peke-Dima.jpg\",\"contentUrl\":\"https:\\\/\\\/www.fracturaexpuesta.com.ar\\\/gotan\\\/wp-content\\\/uploads\\\/2025\\\/09\\\/Peke-Dima.jpg\",\"width\":1000,\"height\":668,\"caption\":\"El bandoneonista Facundo \\\"Peke\\\" Dima\"},{\"@type\":\"BreadcrumbList\",\"@id\":\"https:\\\/\\\/www.fracturaexpuesta.com.ar\\\/gotan\\\/peke-dima-lo-primero-que-toque-cuando-agarre-un-bandoneon-fue-yo-vengo-a-ofrecer-mi-corazon\\\/#breadcrumb\",\"itemListElement\":[{\"@type\":\"ListItem\",\"position\":1,\"name\":\"Inicio\",\"item\":\"https:\\\/\\\/www.fracturaexpuesta.com.ar\\\/gotan\\\/\"},{\"@type\":\"ListItem\",\"position\":2,\"name\":\"\u201cPeke\u201d Dima: \u201cLo primero que toqu\u00e9 cuando agarr\u00e9 un bandone\u00f3n fue \u2018Yo vengo a ofrecer mi coraz\u00f3n\u2019\u201d\"}]},{\"@type\":\"WebSite\",\"@id\":\"https:\\\/\\\/www.fracturaexpuesta.com.ar\\\/gotan\\\/#website\",\"url\":\"https:\\\/\\\/www.fracturaexpuesta.com.ar\\\/gotan\\\/\",\"name\":\"Fractura Expuesta | Tango!\",\"description\":\"\",\"publisher\":{\"@id\":\"https:\\\/\\\/www.fracturaexpuesta.com.ar\\\/gotan\\\/#organization\"},\"potentialAction\":[{\"@type\":\"SearchAction\",\"target\":{\"@type\":\"EntryPoint\",\"urlTemplate\":\"https:\\\/\\\/www.fracturaexpuesta.com.ar\\\/gotan\\\/?s={search_term_string}\"},\"query-input\":{\"@type\":\"PropertyValueSpecification\",\"valueRequired\":true,\"valueName\":\"search_term_string\"}}],\"inLanguage\":\"es-AR\"},{\"@type\":\"Organization\",\"@id\":\"https:\\\/\\\/www.fracturaexpuesta.com.ar\\\/gotan\\\/#organization\",\"name\":\"Fractura Expuesta | Tango!\",\"url\":\"https:\\\/\\\/www.fracturaexpuesta.com.ar\\\/gotan\\\/\",\"logo\":{\"@type\":\"ImageObject\",\"inLanguage\":\"es-AR\",\"@id\":\"https:\\\/\\\/www.fracturaexpuesta.com.ar\\\/gotan\\\/#\\\/schema\\\/logo\\\/image\\\/\",\"url\":\"https:\\\/\\\/www.fracturaexpuesta.com.ar\\\/gotan\\\/wp-content\\\/uploads\\\/2025\\\/03\\\/avatar2centroOK.jpg\",\"contentUrl\":\"https:\\\/\\\/www.fracturaexpuesta.com.ar\\\/gotan\\\/wp-content\\\/uploads\\\/2025\\\/03\\\/avatar2centroOK.jpg\",\"width\":600,\"height\":600,\"caption\":\"Fractura Expuesta | Tango!\"},\"image\":{\"@id\":\"https:\\\/\\\/www.fracturaexpuesta.com.ar\\\/gotan\\\/#\\\/schema\\\/logo\\\/image\\\/\"}},{\"@type\":\"Person\",\"@id\":\"https:\\\/\\\/www.fracturaexpuesta.com.ar\\\/gotan\\\/#\\\/schema\\\/person\\\/d8266939f778485b13ad2174aa9e199e\",\"name\":\"Fractura Expuesta\",\"image\":{\"@type\":\"ImageObject\",\"inLanguage\":\"es-AR\",\"@id\":\"https:\\\/\\\/secure.gravatar.com\\\/avatar\\\/c4bad1eb9f93dd4a42df3aa8b8e8b882ff893fcea188ee15488a845db442d7ec?s=96&d=mm&r=g\",\"url\":\"https:\\\/\\\/secure.gravatar.com\\\/avatar\\\/c4bad1eb9f93dd4a42df3aa8b8e8b882ff893fcea188ee15488a845db442d7ec?s=96&d=mm&r=g\",\"contentUrl\":\"https:\\\/\\\/secure.gravatar.com\\\/avatar\\\/c4bad1eb9f93dd4a42df3aa8b8e8b882ff893fcea188ee15488a845db442d7ec?s=96&d=mm&r=g\",\"caption\":\"Fractura Expuesta\"},\"description\":\"Sitio de tango y noticias culturales. Desde 2003, el espacio referente del tango de estos tiempos.\",\"sameAs\":[\"https:\\\/\\\/www.fracturaexpuesta.com.ar\",\"https:\\\/\\\/www.facebook.com\\\/fracturaexpuestaok\",\"https:\\\/\\\/www.instagram.com\\\/fracturaexpuesta\",\"https:\\\/\\\/x.com\\\/https:\\\/\\\/x.com\\\/fracturatango\",\"https:\\\/\\\/www.youtube.com\\\/channel\\\/UCojA8Q0QDpnncOL8sfTHOHg\"],\"url\":\"https:\\\/\\\/www.fracturaexpuesta.com.ar\\\/gotan\\\/author\\\/fractura-expuesta\\\/\"}]}<\/script>\n<!-- \/ Yoast SEO plugin. -->","yoast_head_json":{"title":"\u201cPeke\u201d Dima: \u201cLo primero que toqu\u00e9 cuando agarr\u00e9 un bandone\u00f3n fue \u2018Yo vengo a ofrecer mi coraz\u00f3n\u2019\u201d &#187; Fractura Expuesta | Tango!","description":"El bandoneonista presenta Para los d\u00edas de la vida, su debut solista en donde recrea canciones ineludibles de Spinetta, Garc\u00eda y P\u00e1ez.","robots":{"index":"index","follow":"follow","max-snippet":"max-snippet:-1","max-image-preview":"max-image-preview:large","max-video-preview":"max-video-preview:-1"},"canonical":"https:\/\/www.fracturaexpuesta.com.ar\/gotan\/peke-dima-lo-primero-que-toque-cuando-agarre-un-bandoneon-fue-yo-vengo-a-ofrecer-mi-corazon\/","og_locale":"es_ES","og_type":"article","og_title":"\u201cPeke\u201d Dima: \u201cLo primero que toqu\u00e9 cuando agarr\u00e9 un bandone\u00f3n fue \u2018Yo vengo a ofrecer mi coraz\u00f3n\u2019\u201d","og_description":"El bandoneonista presenta Para los d\u00edas de la vida, su debut solista en donde recrea canciones ineludibles de Spinetta, Garc\u00eda y P\u00e1ez.","og_url":"https:\/\/www.fracturaexpuesta.com.ar\/gotan\/peke-dima-lo-primero-que-toque-cuando-agarre-un-bandoneon-fue-yo-vengo-a-ofrecer-mi-corazon\/","og_site_name":"Fractura Expuesta | Tango!","article_author":"https:\/\/www.facebook.com\/fracturaexpuestaok","article_published_time":"2025-09-10T19:06:41+00:00","article_modified_time":"2025-09-10T19:31:52+00:00","og_image":[{"width":1000,"height":668,"url":"https:\/\/www.fracturaexpuesta.com.ar\/gotan\/wp-content\/uploads\/2025\/09\/Peke-Dima.jpg","type":"image\/jpeg"}],"author":"Fractura Expuesta","twitter_card":"summary_large_image","twitter_title":"\u201cPeke\u201d Dima: \u201cLo primero que toqu\u00e9 cuando agarr\u00e9 un bandone\u00f3n fue \u2018Yo vengo a ofrecer mi coraz\u00f3n\u2019\u201d","twitter_description":"El bandoneonista presenta Para los d\u00edas de la vida, su debut solista en donde recrea canciones ineludibles de Spinetta, Garc\u00eda y P\u00e1ez.","twitter_image":"https:\/\/www.fracturaexpuesta.com.ar\/gotan\/wp-content\/uploads\/2025\/09\/Peke-Dima.jpg","twitter_creator":"@https:\/\/x.com\/fracturatango","twitter_misc":{"Escrito por":"Fractura Expuesta","Tiempo de lectura":"3 minutos"},"schema":{"@context":"https:\/\/schema.org","@graph":[{"@type":"Article","@id":"https:\/\/www.fracturaexpuesta.com.ar\/gotan\/peke-dima-lo-primero-que-toque-cuando-agarre-un-bandoneon-fue-yo-vengo-a-ofrecer-mi-corazon\/#article","isPartOf":{"@id":"https:\/\/www.fracturaexpuesta.com.ar\/gotan\/peke-dima-lo-primero-que-toque-cuando-agarre-un-bandoneon-fue-yo-vengo-a-ofrecer-mi-corazon\/"},"author":{"name":"Fractura Expuesta","@id":"https:\/\/www.fracturaexpuesta.com.ar\/gotan\/#\/schema\/person\/d8266939f778485b13ad2174aa9e199e"},"headline":"\u201cPeke\u201d Dima: \u201cLo primero que toqu\u00e9 cuando agarr\u00e9 un bandone\u00f3n fue \u2018Yo vengo a ofrecer mi coraz\u00f3n\u2019\u201d","datePublished":"2025-09-10T19:06:41+00:00","dateModified":"2025-09-10T19:31:52+00:00","mainEntityOfPage":{"@id":"https:\/\/www.fracturaexpuesta.com.ar\/gotan\/peke-dima-lo-primero-que-toque-cuando-agarre-un-bandoneon-fue-yo-vengo-a-ofrecer-mi-corazon\/"},"wordCount":473,"commentCount":0,"publisher":{"@id":"https:\/\/www.fracturaexpuesta.com.ar\/gotan\/#organization"},"image":{"@id":"https:\/\/www.fracturaexpuesta.com.ar\/gotan\/peke-dima-lo-primero-que-toque-cuando-agarre-un-bandoneon-fue-yo-vengo-a-ofrecer-mi-corazon\/#primaryimage"},"thumbnailUrl":"https:\/\/www.fracturaexpuesta.com.ar\/gotan\/wp-content\/uploads\/2025\/09\/Peke-Dima.jpg","keywords":["Charly Garcia","discos","Fito Paez","Luis Alberto Spinetta","Peke Dima"],"articleSection":["Discos"],"inLanguage":"es-AR","potentialAction":[{"@type":"CommentAction","name":"Comment","target":["https:\/\/www.fracturaexpuesta.com.ar\/gotan\/peke-dima-lo-primero-que-toque-cuando-agarre-un-bandoneon-fue-yo-vengo-a-ofrecer-mi-corazon\/#respond"]}]},{"@type":"WebPage","@id":"https:\/\/www.fracturaexpuesta.com.ar\/gotan\/peke-dima-lo-primero-que-toque-cuando-agarre-un-bandoneon-fue-yo-vengo-a-ofrecer-mi-corazon\/","url":"https:\/\/www.fracturaexpuesta.com.ar\/gotan\/peke-dima-lo-primero-que-toque-cuando-agarre-un-bandoneon-fue-yo-vengo-a-ofrecer-mi-corazon\/","name":"\u201cPeke\u201d Dima: \u201cLo primero que toqu\u00e9 cuando agarr\u00e9 un bandone\u00f3n fue \u2018Yo vengo a ofrecer mi coraz\u00f3n\u2019\u201d &#187; Fractura Expuesta | Tango!","isPartOf":{"@id":"https:\/\/www.fracturaexpuesta.com.ar\/gotan\/#website"},"primaryImageOfPage":{"@id":"https:\/\/www.fracturaexpuesta.com.ar\/gotan\/peke-dima-lo-primero-que-toque-cuando-agarre-un-bandoneon-fue-yo-vengo-a-ofrecer-mi-corazon\/#primaryimage"},"image":{"@id":"https:\/\/www.fracturaexpuesta.com.ar\/gotan\/peke-dima-lo-primero-que-toque-cuando-agarre-un-bandoneon-fue-yo-vengo-a-ofrecer-mi-corazon\/#primaryimage"},"thumbnailUrl":"https:\/\/www.fracturaexpuesta.com.ar\/gotan\/wp-content\/uploads\/2025\/09\/Peke-Dima.jpg","datePublished":"2025-09-10T19:06:41+00:00","dateModified":"2025-09-10T19:31:52+00:00","description":"El bandoneonista presenta Para los d\u00edas de la vida, su debut solista en donde recrea canciones ineludibles de Spinetta, Garc\u00eda y P\u00e1ez.","breadcrumb":{"@id":"https:\/\/www.fracturaexpuesta.com.ar\/gotan\/peke-dima-lo-primero-que-toque-cuando-agarre-un-bandoneon-fue-yo-vengo-a-ofrecer-mi-corazon\/#breadcrumb"},"inLanguage":"es-AR","potentialAction":[{"@type":"ReadAction","target":["https:\/\/www.fracturaexpuesta.com.ar\/gotan\/peke-dima-lo-primero-que-toque-cuando-agarre-un-bandoneon-fue-yo-vengo-a-ofrecer-mi-corazon\/"]}]},{"@type":"ImageObject","inLanguage":"es-AR","@id":"https:\/\/www.fracturaexpuesta.com.ar\/gotan\/peke-dima-lo-primero-que-toque-cuando-agarre-un-bandoneon-fue-yo-vengo-a-ofrecer-mi-corazon\/#primaryimage","url":"https:\/\/www.fracturaexpuesta.com.ar\/gotan\/wp-content\/uploads\/2025\/09\/Peke-Dima.jpg","contentUrl":"https:\/\/www.fracturaexpuesta.com.ar\/gotan\/wp-content\/uploads\/2025\/09\/Peke-Dima.jpg","width":1000,"height":668,"caption":"El bandoneonista Facundo \"Peke\" Dima"},{"@type":"BreadcrumbList","@id":"https:\/\/www.fracturaexpuesta.com.ar\/gotan\/peke-dima-lo-primero-que-toque-cuando-agarre-un-bandoneon-fue-yo-vengo-a-ofrecer-mi-corazon\/#breadcrumb","itemListElement":[{"@type":"ListItem","position":1,"name":"Inicio","item":"https:\/\/www.fracturaexpuesta.com.ar\/gotan\/"},{"@type":"ListItem","position":2,"name":"\u201cPeke\u201d Dima: \u201cLo primero que toqu\u00e9 cuando agarr\u00e9 un bandone\u00f3n fue \u2018Yo vengo a ofrecer mi coraz\u00f3n\u2019\u201d"}]},{"@type":"WebSite","@id":"https:\/\/www.fracturaexpuesta.com.ar\/gotan\/#website","url":"https:\/\/www.fracturaexpuesta.com.ar\/gotan\/","name":"Fractura Expuesta | Tango!","description":"","publisher":{"@id":"https:\/\/www.fracturaexpuesta.com.ar\/gotan\/#organization"},"potentialAction":[{"@type":"SearchAction","target":{"@type":"EntryPoint","urlTemplate":"https:\/\/www.fracturaexpuesta.com.ar\/gotan\/?s={search_term_string}"},"query-input":{"@type":"PropertyValueSpecification","valueRequired":true,"valueName":"search_term_string"}}],"inLanguage":"es-AR"},{"@type":"Organization","@id":"https:\/\/www.fracturaexpuesta.com.ar\/gotan\/#organization","name":"Fractura Expuesta | Tango!","url":"https:\/\/www.fracturaexpuesta.com.ar\/gotan\/","logo":{"@type":"ImageObject","inLanguage":"es-AR","@id":"https:\/\/www.fracturaexpuesta.com.ar\/gotan\/#\/schema\/logo\/image\/","url":"https:\/\/www.fracturaexpuesta.com.ar\/gotan\/wp-content\/uploads\/2025\/03\/avatar2centroOK.jpg","contentUrl":"https:\/\/www.fracturaexpuesta.com.ar\/gotan\/wp-content\/uploads\/2025\/03\/avatar2centroOK.jpg","width":600,"height":600,"caption":"Fractura Expuesta | Tango!"},"image":{"@id":"https:\/\/www.fracturaexpuesta.com.ar\/gotan\/#\/schema\/logo\/image\/"}},{"@type":"Person","@id":"https:\/\/www.fracturaexpuesta.com.ar\/gotan\/#\/schema\/person\/d8266939f778485b13ad2174aa9e199e","name":"Fractura Expuesta","image":{"@type":"ImageObject","inLanguage":"es-AR","@id":"https:\/\/secure.gravatar.com\/avatar\/c4bad1eb9f93dd4a42df3aa8b8e8b882ff893fcea188ee15488a845db442d7ec?s=96&d=mm&r=g","url":"https:\/\/secure.gravatar.com\/avatar\/c4bad1eb9f93dd4a42df3aa8b8e8b882ff893fcea188ee15488a845db442d7ec?s=96&d=mm&r=g","contentUrl":"https:\/\/secure.gravatar.com\/avatar\/c4bad1eb9f93dd4a42df3aa8b8e8b882ff893fcea188ee15488a845db442d7ec?s=96&d=mm&r=g","caption":"Fractura Expuesta"},"description":"Sitio de tango y noticias culturales. Desde 2003, el espacio referente del tango de estos tiempos.","sameAs":["https:\/\/www.fracturaexpuesta.com.ar","https:\/\/www.facebook.com\/fracturaexpuestaok","https:\/\/www.instagram.com\/fracturaexpuesta","https:\/\/x.com\/https:\/\/x.com\/fracturatango","https:\/\/www.youtube.com\/channel\/UCojA8Q0QDpnncOL8sfTHOHg"],"url":"https:\/\/www.fracturaexpuesta.com.ar\/gotan\/author\/fractura-expuesta\/"}]}},"_links":{"self":[{"href":"https:\/\/www.fracturaexpuesta.com.ar\/gotan\/wp-json\/wp\/v2\/posts\/5359","targetHints":{"allow":["GET"]}}],"collection":[{"href":"https:\/\/www.fracturaexpuesta.com.ar\/gotan\/wp-json\/wp\/v2\/posts"}],"about":[{"href":"https:\/\/www.fracturaexpuesta.com.ar\/gotan\/wp-json\/wp\/v2\/types\/post"}],"author":[{"embeddable":true,"href":"https:\/\/www.fracturaexpuesta.com.ar\/gotan\/wp-json\/wp\/v2\/users\/1"}],"replies":[{"embeddable":true,"href":"https:\/\/www.fracturaexpuesta.com.ar\/gotan\/wp-json\/wp\/v2\/comments?post=5359"}],"version-history":[{"count":11,"href":"https:\/\/www.fracturaexpuesta.com.ar\/gotan\/wp-json\/wp\/v2\/posts\/5359\/revisions"}],"predecessor-version":[{"id":5373,"href":"https:\/\/www.fracturaexpuesta.com.ar\/gotan\/wp-json\/wp\/v2\/posts\/5359\/revisions\/5373"}],"wp:featuredmedia":[{"embeddable":true,"href":"https:\/\/www.fracturaexpuesta.com.ar\/gotan\/wp-json\/wp\/v2\/media\/5360"}],"wp:attachment":[{"href":"https:\/\/www.fracturaexpuesta.com.ar\/gotan\/wp-json\/wp\/v2\/media?parent=5359"}],"wp:term":[{"taxonomy":"category","embeddable":true,"href":"https:\/\/www.fracturaexpuesta.com.ar\/gotan\/wp-json\/wp\/v2\/categories?post=5359"},{"taxonomy":"post_tag","embeddable":true,"href":"https:\/\/www.fracturaexpuesta.com.ar\/gotan\/wp-json\/wp\/v2\/tags?post=5359"}],"curies":[{"name":"wp","href":"https:\/\/api.w.org\/{rel}","templated":true}]}}