{"id":5386,"date":"2025-09-16T15:45:57","date_gmt":"2025-09-16T18:45:57","guid":{"rendered":"https:\/\/www.fracturaexpuesta.com.ar\/gotan\/?p=5386"},"modified":"2025-09-16T15:45:59","modified_gmt":"2025-09-16T18:45:59","slug":"que-hablen-los-fueyes-comienza-el-iii-festival-de-bandoneon-osvaldo-ruggiero","status":"publish","type":"post","link":"https:\/\/www.fracturaexpuesta.com.ar\/gotan\/que-hablen-los-fueyes-comienza-el-iii-festival-de-bandoneon-osvaldo-ruggiero\/","title":{"rendered":"Que hablen los fueyes: comienza el III Festival de Bandone\u00f3n Osvaldo Ruggiero"},"content":{"rendered":"\n<p class=\"wp-block-paragraph\">Desde este <strong>viernes 19 y hasta el s\u00e1bado 27<\/strong> de septiembre se pondr\u00e1 en marcha la tercera edici\u00f3n del Festival de Bandone\u00f3n Osvaldo Ruggiero, una propuesta que pone en primer plano al instrumento, sus estilos y ejecutantes.<\/p>\n\n\n\n<p class=\"wp-block-paragraph\">\u201cLa escena del bandonde\u00f3n est\u00e1 en un punto muy alto, de grandes m\u00fasicos, con alto vuelo t\u00e9cnico y el instrumento est\u00e1 siendo utilizado para diferentes estilos, diferentes enfoques musicales y con lugares que a veces difieren del que nosotros le asignamos a ese instrumento en el tango, as\u00ed que a<strong> la escena actual la veo m\u00e1s que promisoria<\/strong>\u201d, destaca el bandoneonista <strong>Daniel Ruggiero<\/strong>, uno de los hijos del legendario Osvaldo Ruggiero y tambi\u00e9n, junto con su hermano Adri\u00e1n, uno de los organizadores del Festival. <\/p>\n\n\n\n<p class=\"wp-block-paragraph\">\u201cEl Festival excede ya a la figura de mi padre, pero tambi\u00e9n la realza, ya que fueron bandoneonistas como \u00e9l los que crearon estilo y escuelas de interpretaci\u00f3n que ahora forman nuevos m\u00fasicos. Aunque excede a su figura es en nombre de \u00e9l un homenaje tambi\u00e9n a todos los grandes maestros del instrumento\u201d, agrega Daniel.<\/p>\n\n\n\n<figure class=\"wp-block-image size-large is-resized\"><img loading=\"lazy\" decoding=\"async\" width=\"819\" height=\"1024\" src=\"https:\/\/www.fracturaexpuesta.com.ar\/gotan\/wp-content\/uploads\/2025\/09\/Daniel-Ruggiero-819x1024.jpg\" alt=\"\" class=\"wp-image-5389\" style=\"width:840px;height:auto\" srcset=\"https:\/\/www.fracturaexpuesta.com.ar\/gotan\/wp-content\/uploads\/2025\/09\/Daniel-Ruggiero-819x1024.jpg 819w, https:\/\/www.fracturaexpuesta.com.ar\/gotan\/wp-content\/uploads\/2025\/09\/Daniel-Ruggiero-240x300.jpg 240w, https:\/\/www.fracturaexpuesta.com.ar\/gotan\/wp-content\/uploads\/2025\/09\/Daniel-Ruggiero-768x960.jpg 768w, https:\/\/www.fracturaexpuesta.com.ar\/gotan\/wp-content\/uploads\/2025\/09\/Daniel-Ruggiero-1229x1536.jpg 1229w, https:\/\/www.fracturaexpuesta.com.ar\/gotan\/wp-content\/uploads\/2025\/09\/Daniel-Ruggiero-60x75.jpg 60w, https:\/\/www.fracturaexpuesta.com.ar\/gotan\/wp-content\/uploads\/2025\/09\/Daniel-Ruggiero-480x600.jpg 480w, https:\/\/www.fracturaexpuesta.com.ar\/gotan\/wp-content\/uploads\/2025\/09\/Daniel-Ruggiero.jpg 1265w\" sizes=\"auto, (max-width: 819px) 100vw, 819px\" \/><figcaption class=\"wp-element-caption\"><em><mark style=\"background-color:rgba(0, 0, 0, 0)\" class=\"has-inline-color has-cyan-bluish-gray-color\">Daniel Ruggiero: &#8220;El bandone\u00f3n es nuestro lunfardo sin palabras&#8221;<\/mark><\/em><\/figcaption><\/figure>\n\n\n\n<p class=\"wp-block-paragraph\">El festival contar\u00e1 con <strong>conciertos, presentaciones de discos, talleres, mesas de debate y un streaming<\/strong>. Esta edici\u00f3n tendr\u00e1 su sede principal en el <strong>Palacio Libertad <\/strong>y sumar\u00e1 actividades en la Escuela de M\u00fasica Popular de Avellaneda, el Club Atl\u00e9tico Fern\u00e1ndez Fierro, el Taller Bilbao y el canal de Youtube de la F\u00e1brica Argentina de Tango.<\/p>\n\n\n\n<p class=\"wp-block-paragraph\">\u201cEl bandone\u00f3n tiene unas cualidades que lo convierten en un instrumento realmente \u00fanico\u201d, se\u00f1ala Juan L\u00f3pez, tambi\u00e9n parte de la organizaci\u00f3n del festival. \u201cEs un instrumento que se acopla muy bien a los malos tiempos y a los buenos tambi\u00e9n, y si bien tiene toda la nostalgia y la melancol\u00eda del tango arrabalero, tambi\u00e9n tiene toda la potencia y la fuerza de la resistencia cultural\u201d.<\/p>\n\n\n\n<p class=\"wp-block-paragraph\"><strong>Juli\u00e1n Peralta y Mariano Gonz\u00e1lez Calo, Julio Coviello, el regreso a los escenarios porte\u00f1os de Violentago y charlas como &#8220;La mujer y el bandone\u00f3n&#8221;<\/strong> ser\u00e1n parte de las distintas actividades que tendr\u00e1 el encuentro.<\/p>\n\n\n\n<p class=\"wp-block-paragraph\">\u201cEl tango y el bandone\u00f3n siempre hablan del presente, del pasado y del futuro. De nosotros. <strong>Es nuestro lunfardo sin palabras<\/strong>. As\u00ed que lo que tenga para decir siempre va a ser actual, siempre va a ser real, y ese sonido siempre suena a Buenos Aires&#8221;, concluye Ruggiero a poco de comenzar el festival en donde los fueyes tendr\u00e1n el foco de la escena.<\/p>\n\n\n\n<figure class=\"wp-block-image size-full\"><img loading=\"lazy\" decoding=\"async\" width=\"950\" height=\"750\" src=\"https:\/\/www.fracturaexpuesta.com.ar\/gotan\/wp-content\/uploads\/2025\/09\/ayelen-pais.jpg\" alt=\"\" class=\"wp-image-5391\" srcset=\"https:\/\/www.fracturaexpuesta.com.ar\/gotan\/wp-content\/uploads\/2025\/09\/ayelen-pais.jpg 950w, https:\/\/www.fracturaexpuesta.com.ar\/gotan\/wp-content\/uploads\/2025\/09\/ayelen-pais-300x237.jpg 300w, https:\/\/www.fracturaexpuesta.com.ar\/gotan\/wp-content\/uploads\/2025\/09\/ayelen-pais-768x606.jpg 768w, https:\/\/www.fracturaexpuesta.com.ar\/gotan\/wp-content\/uploads\/2025\/09\/ayelen-pais-60x47.jpg 60w\" sizes=\"auto, (max-width: 950px) 100vw, 950px\" \/><figcaption class=\"wp-element-caption\"><em><mark style=\"background-color:rgba(0, 0, 0, 0)\" class=\"has-inline-color has-cyan-bluish-gray-color\">Ayel\u00e9n Pais, una de las bandoneonistas que participar\u00e1 del festival<\/mark><\/em><\/figcaption><\/figure>\n\n\n\n<h2 class=\"wp-block-heading\">La programaci\u00f3n completa<\/h2>\n\n\n\n<p class=\"wp-block-paragraph\"><strong>Vie 19\/09<\/strong> \u2013 18.00 \u2013 Violentango.<br>Palacio Libertad (Sarmiento 151, CABA)<\/p>\n\n\n\n<p class=\"wp-block-paragraph\"><strong>S\u00e1b 20\/09<\/strong> \u2013 18.00 \u2013 Charla: La mujer y el bandone\u00f3n. Participan Ayel\u00e9n Pais, Eleonora Ferreyra y Milagros Caliva. Modera Mariana Fossati. Palacio Libertad (Sarmiento 151, CABA).<\/p>\n\n\n\n<p class=\"wp-block-paragraph\"><strong>S\u00e1b 20\/09<\/strong> \u2013 20.00 \u2013 Taller de luther\u00eda para bandoneonistas. A cargo del Taller Bilbao Bandoneones.<\/p>\n\n\n\n<p class=\"wp-block-paragraph\"><strong>S\u00e1b 20\/09<\/strong> \u2013 19.00 \u2013 Julio Coviello presenta \u201cMusetta y la Peste. Scarlatti en bandone\u00f3n\u201d. Natsuki Nishihara presenta \u201cCamino\u201d. Palacio Libertad (Sarmiento 151, CABA).<\/p>\n\n\n\n<p class=\"wp-block-paragraph\"><strong>S\u00e1b 20\/09<\/strong> \u2013 23.00 \u2013 Juli\u00e1n Peralta y Mariano Gonz\u00e1lez Calo presentan la suite \u201cSof\u00eda y los sue\u00f1os\u201d junto a Cuerdas del Plata. Hasta Trilce (Maza 177, CABA).<\/p>\n\n\n\n<p class=\"wp-block-paragraph\"><strong>Dom 21\/09<\/strong> \u2013 18.00 \u2013 Concierto. Daniel Ruggiero Cuarteto. Palacio Libertad (Sarmiento 151, CABA).<\/p>\n\n\n\n<p class=\"wp-block-paragraph\"><strong>Mi\u00e9 24\/09<\/strong> \u2013 A partir de las 00.00 \u2013 Jornada virtual desde el canal de Youtube de la Asociaci\u00f3n Civil F\u00e1brica Argentina de Tango. Participan Juan Jos\u00e9 Mosalini, Paolo Russo, Federico Biraben, Daniel Ruggiero, Danielle Bonaventura y otros. Maestros del bandonde\u00f3n del mundo compartir\u00e1n sus materiales. <em>https:\/\/www.youtube.com\/@tango.fabrica<\/em><\/p>\n\n\n\n<p class=\"wp-block-paragraph\"><strong>Jue 25\/09<\/strong> \u2013 19.30 \u2013 Concierto. Bien Campero Cuarteto. EMPA (V\u00e9lez S\u00e1rsfield 680, Avellaneda).<\/p>\n\n\n\n<p class=\"wp-block-paragraph\"><strong>Vie 26\/09<\/strong> \u2013 21.30 \u2013 Presentaci\u00f3n de \u201cTango y rock, unidos por el bandone\u00f3n\u201d. Con Federico Biraben y Mart\u00edn Ceconni. Je suis Lacan (Balcarce 749, CABA).<\/p>\n\n\n\n<p class=\"wp-block-paragraph\"><strong>S\u00e1b 27\/09<\/strong> \u2013 21.00 \u2013 Cierre del festival con la Orquesta T\u00edpica Sentimental y Canyengue y la Orquesta T\u00edpica Daniel Ruggiero. En el Club Atl\u00e9tico Fern\u00e1ndez Fierro (S\u00e1nchez de Bustamante 772, CABA).<\/p>\n","protected":false},"excerpt":{"rendered":"<p>Un espacio para conocer la escena del bandone\u00f3n. Del 19 al 27 de septiembre en el Palacio Libertad, la EMPA y el CAFF.<\/p>\n","protected":false},"author":1,"featured_media":5387,"comment_status":"open","ping_status":"open","sticky":false,"template":"","format":"standard","meta":{"footnotes":""},"categories":[122],"tags":[223,221,220,159],"class_list":["post-5386","post","type-post","status-publish","format-standard","has-post-thumbnail","hentry","category-radar-tango","tag-ayelen-pais","tag-daniel-ruggiero","tag-festival-de-bandoneon-osvaldo-ruggiero","tag-festival-de-tango"],"yoast_head":"<!-- This site is optimized with the Yoast SEO plugin v28.3 - https:\/\/yoast.com\/product\/yoast-seo-wordpress\/ -->\n<title>Que hablen los fueyes: comienza el III Festival de Bandone\u00f3n Osvaldo Ruggiero &#187; Fractura Expuesta | Tango!<\/title>\n<meta name=\"description\" content=\"Un espacio para conocer la escena del bandone\u00f3n. Del 19 al 27 de septiembre en el Palacio Libertad, la EMPA y el CAFF.\" \/>\n<meta name=\"robots\" content=\"index, follow, max-snippet:-1, max-image-preview:large, max-video-preview:-1\" \/>\n<link rel=\"canonical\" href=\"https:\/\/www.fracturaexpuesta.com.ar\/gotan\/que-hablen-los-fueyes-comienza-el-iii-festival-de-bandoneon-osvaldo-ruggiero\/\" \/>\n<meta property=\"og:locale\" content=\"es_ES\" \/>\n<meta property=\"og:type\" content=\"article\" \/>\n<meta property=\"og:title\" content=\"Que hablen los fueyes: comienza el III Festival de Bandone\u00f3n Osvaldo Ruggiero\" \/>\n<meta property=\"og:description\" content=\"Un espacio para conocer la escena del bandone\u00f3n. Del 19 al 27 de septiembre en el Palacio Libertad, la EMPA y el CAFF.\" \/>\n<meta property=\"og:url\" content=\"https:\/\/www.fracturaexpuesta.com.ar\/gotan\/que-hablen-los-fueyes-comienza-el-iii-festival-de-bandoneon-osvaldo-ruggiero\/\" \/>\n<meta property=\"og:site_name\" content=\"Fractura Expuesta | Tango!\" \/>\n<meta property=\"article:author\" content=\"https:\/\/www.facebook.com\/fracturaexpuestaok\" \/>\n<meta property=\"article:published_time\" content=\"2025-09-16T18:45:57+00:00\" \/>\n<meta property=\"article:modified_time\" content=\"2025-09-16T18:45:59+00:00\" \/>\n<meta property=\"og:image\" content=\"https:\/\/www.fracturaexpuesta.com.ar\/gotan\/wp-content\/uploads\/2025\/09\/Festival-de-bandoneon-Osvaldo-Ruggiero.jpg\" \/>\n\t<meta property=\"og:image:width\" content=\"950\" \/>\n\t<meta property=\"og:image:height\" content=\"750\" \/>\n\t<meta property=\"og:image:type\" content=\"image\/jpeg\" \/>\n<meta name=\"author\" content=\"Fractura Expuesta\" \/>\n<meta name=\"twitter:card\" content=\"summary_large_image\" \/>\n<meta name=\"twitter:title\" content=\"Que hablen los fueyes: comienza el III Festival de Bandone\u00f3n Osvaldo Ruggiero\" \/>\n<meta name=\"twitter:description\" content=\"Un espacio para conocer la escena del bandone\u00f3n. Del 19 al 27 de septiembre en el Palacio Libertad, la EMPA y el CAFF.\" \/>\n<meta name=\"twitter:image\" content=\"https:\/\/www.fracturaexpuesta.com.ar\/gotan\/wp-content\/uploads\/2025\/09\/Festival-de-bandoneon-Osvaldo-Ruggiero.jpg\" \/>\n<meta name=\"twitter:creator\" content=\"@https:\/\/x.com\/fracturatango\" \/>\n<meta name=\"twitter:label1\" content=\"Escrito por\" \/>\n\t<meta name=\"twitter:data1\" content=\"Fractura Expuesta\" \/>\n\t<meta name=\"twitter:label2\" content=\"Tiempo de lectura\" \/>\n\t<meta name=\"twitter:data2\" content=\"4 minutos\" \/>\n<script type=\"application\/ld+json\" class=\"yoast-schema-graph\">{\"@context\":\"https:\\\/\\\/schema.org\",\"@graph\":[{\"@type\":\"Article\",\"@id\":\"https:\\\/\\\/www.fracturaexpuesta.com.ar\\\/gotan\\\/que-hablen-los-fueyes-comienza-el-iii-festival-de-bandoneon-osvaldo-ruggiero\\\/#article\",\"isPartOf\":{\"@id\":\"https:\\\/\\\/www.fracturaexpuesta.com.ar\\\/gotan\\\/que-hablen-los-fueyes-comienza-el-iii-festival-de-bandoneon-osvaldo-ruggiero\\\/\"},\"author\":{\"name\":\"Fractura Expuesta\",\"@id\":\"https:\\\/\\\/www.fracturaexpuesta.com.ar\\\/gotan\\\/#\\\/schema\\\/person\\\/d8266939f778485b13ad2174aa9e199e\"},\"headline\":\"Que hablen los fueyes: comienza el III Festival de Bandone\u00f3n Osvaldo Ruggiero\",\"datePublished\":\"2025-09-16T18:45:57+00:00\",\"dateModified\":\"2025-09-16T18:45:59+00:00\",\"mainEntityOfPage\":{\"@id\":\"https:\\\/\\\/www.fracturaexpuesta.com.ar\\\/gotan\\\/que-hablen-los-fueyes-comienza-el-iii-festival-de-bandoneon-osvaldo-ruggiero\\\/\"},\"wordCount\":686,\"commentCount\":0,\"publisher\":{\"@id\":\"https:\\\/\\\/www.fracturaexpuesta.com.ar\\\/gotan\\\/#organization\"},\"image\":{\"@id\":\"https:\\\/\\\/www.fracturaexpuesta.com.ar\\\/gotan\\\/que-hablen-los-fueyes-comienza-el-iii-festival-de-bandoneon-osvaldo-ruggiero\\\/#primaryimage\"},\"thumbnailUrl\":\"https:\\\/\\\/www.fracturaexpuesta.com.ar\\\/gotan\\\/wp-content\\\/uploads\\\/2025\\\/09\\\/Festival-de-bandoneon-Osvaldo-Ruggiero.jpg\",\"keywords\":[\"ayelen pais\",\"daniel ruggiero\",\"Festival de Bandone\u00f3n Osvaldo Ruggiero\",\"festival de tango\"],\"articleSection\":[\"Radar Tango\"],\"inLanguage\":\"es-AR\",\"potentialAction\":[{\"@type\":\"CommentAction\",\"name\":\"Comment\",\"target\":[\"https:\\\/\\\/www.fracturaexpuesta.com.ar\\\/gotan\\\/que-hablen-los-fueyes-comienza-el-iii-festival-de-bandoneon-osvaldo-ruggiero\\\/#respond\"]}]},{\"@type\":\"WebPage\",\"@id\":\"https:\\\/\\\/www.fracturaexpuesta.com.ar\\\/gotan\\\/que-hablen-los-fueyes-comienza-el-iii-festival-de-bandoneon-osvaldo-ruggiero\\\/\",\"url\":\"https:\\\/\\\/www.fracturaexpuesta.com.ar\\\/gotan\\\/que-hablen-los-fueyes-comienza-el-iii-festival-de-bandoneon-osvaldo-ruggiero\\\/\",\"name\":\"Que hablen los fueyes: comienza el III Festival de Bandone\u00f3n Osvaldo Ruggiero &#187; Fractura Expuesta | Tango!\",\"isPartOf\":{\"@id\":\"https:\\\/\\\/www.fracturaexpuesta.com.ar\\\/gotan\\\/#website\"},\"primaryImageOfPage\":{\"@id\":\"https:\\\/\\\/www.fracturaexpuesta.com.ar\\\/gotan\\\/que-hablen-los-fueyes-comienza-el-iii-festival-de-bandoneon-osvaldo-ruggiero\\\/#primaryimage\"},\"image\":{\"@id\":\"https:\\\/\\\/www.fracturaexpuesta.com.ar\\\/gotan\\\/que-hablen-los-fueyes-comienza-el-iii-festival-de-bandoneon-osvaldo-ruggiero\\\/#primaryimage\"},\"thumbnailUrl\":\"https:\\\/\\\/www.fracturaexpuesta.com.ar\\\/gotan\\\/wp-content\\\/uploads\\\/2025\\\/09\\\/Festival-de-bandoneon-Osvaldo-Ruggiero.jpg\",\"datePublished\":\"2025-09-16T18:45:57+00:00\",\"dateModified\":\"2025-09-16T18:45:59+00:00\",\"description\":\"Un espacio para conocer la escena del bandone\u00f3n. Del 19 al 27 de septiembre en el Palacio Libertad, la EMPA y el CAFF.\",\"breadcrumb\":{\"@id\":\"https:\\\/\\\/www.fracturaexpuesta.com.ar\\\/gotan\\\/que-hablen-los-fueyes-comienza-el-iii-festival-de-bandoneon-osvaldo-ruggiero\\\/#breadcrumb\"},\"inLanguage\":\"es-AR\",\"potentialAction\":[{\"@type\":\"ReadAction\",\"target\":[\"https:\\\/\\\/www.fracturaexpuesta.com.ar\\\/gotan\\\/que-hablen-los-fueyes-comienza-el-iii-festival-de-bandoneon-osvaldo-ruggiero\\\/\"]}]},{\"@type\":\"ImageObject\",\"inLanguage\":\"es-AR\",\"@id\":\"https:\\\/\\\/www.fracturaexpuesta.com.ar\\\/gotan\\\/que-hablen-los-fueyes-comienza-el-iii-festival-de-bandoneon-osvaldo-ruggiero\\\/#primaryimage\",\"url\":\"https:\\\/\\\/www.fracturaexpuesta.com.ar\\\/gotan\\\/wp-content\\\/uploads\\\/2025\\\/09\\\/Festival-de-bandoneon-Osvaldo-Ruggiero.jpg\",\"contentUrl\":\"https:\\\/\\\/www.fracturaexpuesta.com.ar\\\/gotan\\\/wp-content\\\/uploads\\\/2025\\\/09\\\/Festival-de-bandoneon-Osvaldo-Ruggiero.jpg\",\"width\":950,\"height\":750,\"caption\":\"FESTIVAL DE BANDONE\u00d3N OSVALDO RUGGIERO\"},{\"@type\":\"BreadcrumbList\",\"@id\":\"https:\\\/\\\/www.fracturaexpuesta.com.ar\\\/gotan\\\/que-hablen-los-fueyes-comienza-el-iii-festival-de-bandoneon-osvaldo-ruggiero\\\/#breadcrumb\",\"itemListElement\":[{\"@type\":\"ListItem\",\"position\":1,\"name\":\"Inicio\",\"item\":\"https:\\\/\\\/www.fracturaexpuesta.com.ar\\\/gotan\\\/\"},{\"@type\":\"ListItem\",\"position\":2,\"name\":\"Que hablen los fueyes: comienza el III Festival de Bandone\u00f3n Osvaldo Ruggiero\"}]},{\"@type\":\"WebSite\",\"@id\":\"https:\\\/\\\/www.fracturaexpuesta.com.ar\\\/gotan\\\/#website\",\"url\":\"https:\\\/\\\/www.fracturaexpuesta.com.ar\\\/gotan\\\/\",\"name\":\"Fractura Expuesta | Tango!\",\"description\":\"\",\"publisher\":{\"@id\":\"https:\\\/\\\/www.fracturaexpuesta.com.ar\\\/gotan\\\/#organization\"},\"potentialAction\":[{\"@type\":\"SearchAction\",\"target\":{\"@type\":\"EntryPoint\",\"urlTemplate\":\"https:\\\/\\\/www.fracturaexpuesta.com.ar\\\/gotan\\\/?s={search_term_string}\"},\"query-input\":{\"@type\":\"PropertyValueSpecification\",\"valueRequired\":true,\"valueName\":\"search_term_string\"}}],\"inLanguage\":\"es-AR\"},{\"@type\":\"Organization\",\"@id\":\"https:\\\/\\\/www.fracturaexpuesta.com.ar\\\/gotan\\\/#organization\",\"name\":\"Fractura Expuesta | Tango!\",\"url\":\"https:\\\/\\\/www.fracturaexpuesta.com.ar\\\/gotan\\\/\",\"logo\":{\"@type\":\"ImageObject\",\"inLanguage\":\"es-AR\",\"@id\":\"https:\\\/\\\/www.fracturaexpuesta.com.ar\\\/gotan\\\/#\\\/schema\\\/logo\\\/image\\\/\",\"url\":\"https:\\\/\\\/www.fracturaexpuesta.com.ar\\\/gotan\\\/wp-content\\\/uploads\\\/2025\\\/03\\\/avatar2centroOK.jpg\",\"contentUrl\":\"https:\\\/\\\/www.fracturaexpuesta.com.ar\\\/gotan\\\/wp-content\\\/uploads\\\/2025\\\/03\\\/avatar2centroOK.jpg\",\"width\":600,\"height\":600,\"caption\":\"Fractura Expuesta | Tango!\"},\"image\":{\"@id\":\"https:\\\/\\\/www.fracturaexpuesta.com.ar\\\/gotan\\\/#\\\/schema\\\/logo\\\/image\\\/\"}},{\"@type\":\"Person\",\"@id\":\"https:\\\/\\\/www.fracturaexpuesta.com.ar\\\/gotan\\\/#\\\/schema\\\/person\\\/d8266939f778485b13ad2174aa9e199e\",\"name\":\"Fractura Expuesta\",\"image\":{\"@type\":\"ImageObject\",\"inLanguage\":\"es-AR\",\"@id\":\"https:\\\/\\\/secure.gravatar.com\\\/avatar\\\/c4bad1eb9f93dd4a42df3aa8b8e8b882ff893fcea188ee15488a845db442d7ec?s=96&d=mm&r=g\",\"url\":\"https:\\\/\\\/secure.gravatar.com\\\/avatar\\\/c4bad1eb9f93dd4a42df3aa8b8e8b882ff893fcea188ee15488a845db442d7ec?s=96&d=mm&r=g\",\"contentUrl\":\"https:\\\/\\\/secure.gravatar.com\\\/avatar\\\/c4bad1eb9f93dd4a42df3aa8b8e8b882ff893fcea188ee15488a845db442d7ec?s=96&d=mm&r=g\",\"caption\":\"Fractura Expuesta\"},\"description\":\"Sitio de tango y noticias culturales. Desde 2003, el espacio referente del tango de estos tiempos.\",\"sameAs\":[\"https:\\\/\\\/www.fracturaexpuesta.com.ar\",\"https:\\\/\\\/www.facebook.com\\\/fracturaexpuestaok\",\"https:\\\/\\\/www.instagram.com\\\/fracturaexpuesta\",\"https:\\\/\\\/x.com\\\/https:\\\/\\\/x.com\\\/fracturatango\",\"https:\\\/\\\/www.youtube.com\\\/channel\\\/UCojA8Q0QDpnncOL8sfTHOHg\"],\"url\":\"https:\\\/\\\/www.fracturaexpuesta.com.ar\\\/gotan\\\/author\\\/fractura-expuesta\\\/\"}]}<\/script>\n<!-- \/ Yoast SEO plugin. -->","yoast_head_json":{"title":"Que hablen los fueyes: comienza el III Festival de Bandone\u00f3n Osvaldo Ruggiero &#187; Fractura Expuesta | Tango!","description":"Un espacio para conocer la escena del bandone\u00f3n. Del 19 al 27 de septiembre en el Palacio Libertad, la EMPA y el CAFF.","robots":{"index":"index","follow":"follow","max-snippet":"max-snippet:-1","max-image-preview":"max-image-preview:large","max-video-preview":"max-video-preview:-1"},"canonical":"https:\/\/www.fracturaexpuesta.com.ar\/gotan\/que-hablen-los-fueyes-comienza-el-iii-festival-de-bandoneon-osvaldo-ruggiero\/","og_locale":"es_ES","og_type":"article","og_title":"Que hablen los fueyes: comienza el III Festival de Bandone\u00f3n Osvaldo Ruggiero","og_description":"Un espacio para conocer la escena del bandone\u00f3n. Del 19 al 27 de septiembre en el Palacio Libertad, la EMPA y el CAFF.","og_url":"https:\/\/www.fracturaexpuesta.com.ar\/gotan\/que-hablen-los-fueyes-comienza-el-iii-festival-de-bandoneon-osvaldo-ruggiero\/","og_site_name":"Fractura Expuesta | Tango!","article_author":"https:\/\/www.facebook.com\/fracturaexpuestaok","article_published_time":"2025-09-16T18:45:57+00:00","article_modified_time":"2025-09-16T18:45:59+00:00","og_image":[{"width":950,"height":750,"url":"https:\/\/www.fracturaexpuesta.com.ar\/gotan\/wp-content\/uploads\/2025\/09\/Festival-de-bandoneon-Osvaldo-Ruggiero.jpg","type":"image\/jpeg"}],"author":"Fractura Expuesta","twitter_card":"summary_large_image","twitter_title":"Que hablen los fueyes: comienza el III Festival de Bandone\u00f3n Osvaldo Ruggiero","twitter_description":"Un espacio para conocer la escena del bandone\u00f3n. Del 19 al 27 de septiembre en el Palacio Libertad, la EMPA y el CAFF.","twitter_image":"https:\/\/www.fracturaexpuesta.com.ar\/gotan\/wp-content\/uploads\/2025\/09\/Festival-de-bandoneon-Osvaldo-Ruggiero.jpg","twitter_creator":"@https:\/\/x.com\/fracturatango","twitter_misc":{"Escrito por":"Fractura Expuesta","Tiempo de lectura":"4 minutos"},"schema":{"@context":"https:\/\/schema.org","@graph":[{"@type":"Article","@id":"https:\/\/www.fracturaexpuesta.com.ar\/gotan\/que-hablen-los-fueyes-comienza-el-iii-festival-de-bandoneon-osvaldo-ruggiero\/#article","isPartOf":{"@id":"https:\/\/www.fracturaexpuesta.com.ar\/gotan\/que-hablen-los-fueyes-comienza-el-iii-festival-de-bandoneon-osvaldo-ruggiero\/"},"author":{"name":"Fractura Expuesta","@id":"https:\/\/www.fracturaexpuesta.com.ar\/gotan\/#\/schema\/person\/d8266939f778485b13ad2174aa9e199e"},"headline":"Que hablen los fueyes: comienza el III Festival de Bandone\u00f3n Osvaldo Ruggiero","datePublished":"2025-09-16T18:45:57+00:00","dateModified":"2025-09-16T18:45:59+00:00","mainEntityOfPage":{"@id":"https:\/\/www.fracturaexpuesta.com.ar\/gotan\/que-hablen-los-fueyes-comienza-el-iii-festival-de-bandoneon-osvaldo-ruggiero\/"},"wordCount":686,"commentCount":0,"publisher":{"@id":"https:\/\/www.fracturaexpuesta.com.ar\/gotan\/#organization"},"image":{"@id":"https:\/\/www.fracturaexpuesta.com.ar\/gotan\/que-hablen-los-fueyes-comienza-el-iii-festival-de-bandoneon-osvaldo-ruggiero\/#primaryimage"},"thumbnailUrl":"https:\/\/www.fracturaexpuesta.com.ar\/gotan\/wp-content\/uploads\/2025\/09\/Festival-de-bandoneon-Osvaldo-Ruggiero.jpg","keywords":["ayelen pais","daniel ruggiero","Festival de Bandone\u00f3n Osvaldo Ruggiero","festival de tango"],"articleSection":["Radar Tango"],"inLanguage":"es-AR","potentialAction":[{"@type":"CommentAction","name":"Comment","target":["https:\/\/www.fracturaexpuesta.com.ar\/gotan\/que-hablen-los-fueyes-comienza-el-iii-festival-de-bandoneon-osvaldo-ruggiero\/#respond"]}]},{"@type":"WebPage","@id":"https:\/\/www.fracturaexpuesta.com.ar\/gotan\/que-hablen-los-fueyes-comienza-el-iii-festival-de-bandoneon-osvaldo-ruggiero\/","url":"https:\/\/www.fracturaexpuesta.com.ar\/gotan\/que-hablen-los-fueyes-comienza-el-iii-festival-de-bandoneon-osvaldo-ruggiero\/","name":"Que hablen los fueyes: comienza el III Festival de Bandone\u00f3n Osvaldo Ruggiero &#187; Fractura Expuesta | Tango!","isPartOf":{"@id":"https:\/\/www.fracturaexpuesta.com.ar\/gotan\/#website"},"primaryImageOfPage":{"@id":"https:\/\/www.fracturaexpuesta.com.ar\/gotan\/que-hablen-los-fueyes-comienza-el-iii-festival-de-bandoneon-osvaldo-ruggiero\/#primaryimage"},"image":{"@id":"https:\/\/www.fracturaexpuesta.com.ar\/gotan\/que-hablen-los-fueyes-comienza-el-iii-festival-de-bandoneon-osvaldo-ruggiero\/#primaryimage"},"thumbnailUrl":"https:\/\/www.fracturaexpuesta.com.ar\/gotan\/wp-content\/uploads\/2025\/09\/Festival-de-bandoneon-Osvaldo-Ruggiero.jpg","datePublished":"2025-09-16T18:45:57+00:00","dateModified":"2025-09-16T18:45:59+00:00","description":"Un espacio para conocer la escena del bandone\u00f3n. Del 19 al 27 de septiembre en el Palacio Libertad, la EMPA y el CAFF.","breadcrumb":{"@id":"https:\/\/www.fracturaexpuesta.com.ar\/gotan\/que-hablen-los-fueyes-comienza-el-iii-festival-de-bandoneon-osvaldo-ruggiero\/#breadcrumb"},"inLanguage":"es-AR","potentialAction":[{"@type":"ReadAction","target":["https:\/\/www.fracturaexpuesta.com.ar\/gotan\/que-hablen-los-fueyes-comienza-el-iii-festival-de-bandoneon-osvaldo-ruggiero\/"]}]},{"@type":"ImageObject","inLanguage":"es-AR","@id":"https:\/\/www.fracturaexpuesta.com.ar\/gotan\/que-hablen-los-fueyes-comienza-el-iii-festival-de-bandoneon-osvaldo-ruggiero\/#primaryimage","url":"https:\/\/www.fracturaexpuesta.com.ar\/gotan\/wp-content\/uploads\/2025\/09\/Festival-de-bandoneon-Osvaldo-Ruggiero.jpg","contentUrl":"https:\/\/www.fracturaexpuesta.com.ar\/gotan\/wp-content\/uploads\/2025\/09\/Festival-de-bandoneon-Osvaldo-Ruggiero.jpg","width":950,"height":750,"caption":"FESTIVAL DE BANDONE\u00d3N OSVALDO RUGGIERO"},{"@type":"BreadcrumbList","@id":"https:\/\/www.fracturaexpuesta.com.ar\/gotan\/que-hablen-los-fueyes-comienza-el-iii-festival-de-bandoneon-osvaldo-ruggiero\/#breadcrumb","itemListElement":[{"@type":"ListItem","position":1,"name":"Inicio","item":"https:\/\/www.fracturaexpuesta.com.ar\/gotan\/"},{"@type":"ListItem","position":2,"name":"Que hablen los fueyes: comienza el III Festival de Bandone\u00f3n Osvaldo Ruggiero"}]},{"@type":"WebSite","@id":"https:\/\/www.fracturaexpuesta.com.ar\/gotan\/#website","url":"https:\/\/www.fracturaexpuesta.com.ar\/gotan\/","name":"Fractura Expuesta | Tango!","description":"","publisher":{"@id":"https:\/\/www.fracturaexpuesta.com.ar\/gotan\/#organization"},"potentialAction":[{"@type":"SearchAction","target":{"@type":"EntryPoint","urlTemplate":"https:\/\/www.fracturaexpuesta.com.ar\/gotan\/?s={search_term_string}"},"query-input":{"@type":"PropertyValueSpecification","valueRequired":true,"valueName":"search_term_string"}}],"inLanguage":"es-AR"},{"@type":"Organization","@id":"https:\/\/www.fracturaexpuesta.com.ar\/gotan\/#organization","name":"Fractura Expuesta | Tango!","url":"https:\/\/www.fracturaexpuesta.com.ar\/gotan\/","logo":{"@type":"ImageObject","inLanguage":"es-AR","@id":"https:\/\/www.fracturaexpuesta.com.ar\/gotan\/#\/schema\/logo\/image\/","url":"https:\/\/www.fracturaexpuesta.com.ar\/gotan\/wp-content\/uploads\/2025\/03\/avatar2centroOK.jpg","contentUrl":"https:\/\/www.fracturaexpuesta.com.ar\/gotan\/wp-content\/uploads\/2025\/03\/avatar2centroOK.jpg","width":600,"height":600,"caption":"Fractura Expuesta | Tango!"},"image":{"@id":"https:\/\/www.fracturaexpuesta.com.ar\/gotan\/#\/schema\/logo\/image\/"}},{"@type":"Person","@id":"https:\/\/www.fracturaexpuesta.com.ar\/gotan\/#\/schema\/person\/d8266939f778485b13ad2174aa9e199e","name":"Fractura Expuesta","image":{"@type":"ImageObject","inLanguage":"es-AR","@id":"https:\/\/secure.gravatar.com\/avatar\/c4bad1eb9f93dd4a42df3aa8b8e8b882ff893fcea188ee15488a845db442d7ec?s=96&d=mm&r=g","url":"https:\/\/secure.gravatar.com\/avatar\/c4bad1eb9f93dd4a42df3aa8b8e8b882ff893fcea188ee15488a845db442d7ec?s=96&d=mm&r=g","contentUrl":"https:\/\/secure.gravatar.com\/avatar\/c4bad1eb9f93dd4a42df3aa8b8e8b882ff893fcea188ee15488a845db442d7ec?s=96&d=mm&r=g","caption":"Fractura Expuesta"},"description":"Sitio de tango y noticias culturales. Desde 2003, el espacio referente del tango de estos tiempos.","sameAs":["https:\/\/www.fracturaexpuesta.com.ar","https:\/\/www.facebook.com\/fracturaexpuestaok","https:\/\/www.instagram.com\/fracturaexpuesta","https:\/\/x.com\/https:\/\/x.com\/fracturatango","https:\/\/www.youtube.com\/channel\/UCojA8Q0QDpnncOL8sfTHOHg"],"url":"https:\/\/www.fracturaexpuesta.com.ar\/gotan\/author\/fractura-expuesta\/"}]}},"_links":{"self":[{"href":"https:\/\/www.fracturaexpuesta.com.ar\/gotan\/wp-json\/wp\/v2\/posts\/5386","targetHints":{"allow":["GET"]}}],"collection":[{"href":"https:\/\/www.fracturaexpuesta.com.ar\/gotan\/wp-json\/wp\/v2\/posts"}],"about":[{"href":"https:\/\/www.fracturaexpuesta.com.ar\/gotan\/wp-json\/wp\/v2\/types\/post"}],"author":[{"embeddable":true,"href":"https:\/\/www.fracturaexpuesta.com.ar\/gotan\/wp-json\/wp\/v2\/users\/1"}],"replies":[{"embeddable":true,"href":"https:\/\/www.fracturaexpuesta.com.ar\/gotan\/wp-json\/wp\/v2\/comments?post=5386"}],"version-history":[{"count":6,"href":"https:\/\/www.fracturaexpuesta.com.ar\/gotan\/wp-json\/wp\/v2\/posts\/5386\/revisions"}],"predecessor-version":[{"id":5395,"href":"https:\/\/www.fracturaexpuesta.com.ar\/gotan\/wp-json\/wp\/v2\/posts\/5386\/revisions\/5395"}],"wp:featuredmedia":[{"embeddable":true,"href":"https:\/\/www.fracturaexpuesta.com.ar\/gotan\/wp-json\/wp\/v2\/media\/5387"}],"wp:attachment":[{"href":"https:\/\/www.fracturaexpuesta.com.ar\/gotan\/wp-json\/wp\/v2\/media?parent=5386"}],"wp:term":[{"taxonomy":"category","embeddable":true,"href":"https:\/\/www.fracturaexpuesta.com.ar\/gotan\/wp-json\/wp\/v2\/categories?post=5386"},{"taxonomy":"post_tag","embeddable":true,"href":"https:\/\/www.fracturaexpuesta.com.ar\/gotan\/wp-json\/wp\/v2\/tags?post=5386"}],"curies":[{"name":"wp","href":"https:\/\/api.w.org\/{rel}","templated":true}]}}