{"id":5397,"date":"2025-09-18T11:13:03","date_gmt":"2025-09-18T14:13:03","guid":{"rendered":"https:\/\/www.fracturaexpuesta.com.ar\/gotan\/?p=5397"},"modified":"2025-09-18T14:18:48","modified_gmt":"2025-09-18T17:18:48","slug":"quienes-son-los-artistas-y-grupos-de-tango-nominados-para-los-latin-grammy-2025","status":"publish","type":"post","link":"https:\/\/www.fracturaexpuesta.com.ar\/gotan\/quienes-son-los-artistas-y-grupos-de-tango-nominados-para-los-latin-grammy-2025\/","title":{"rendered":"\u00bfQui\u00e9nes son los artistas y grupos de tango nominados para los Latin Grammy 2025?"},"content":{"rendered":"\n<p class=\"wp-block-paragraph\">El pr\u00f3ximo <strong>13 de noviembre<\/strong>, en el MGM Grand Garden Arena de Las Vegas, se entregar\u00e1n los <strong>Latin Grammy 2025<\/strong>, los premios que reconocen a la producci\u00f3n discogr\u00e1fica de la regi\u00f3n.<\/p>\n\n\n\n<p class=\"wp-block-paragraph\">Este a\u00f1o, la categor\u00eda de <strong>Mejor \u00c1lbum de Tango<\/strong> est\u00e1 integrada por 6 trabajos discogr\u00e1ficos creados, en su mayor\u00eda, por grupos y artistas argentinos y una formaci\u00f3n colombiana (Giovanni Parra Quinteto).<\/p>\n\n\n\n<p class=\"wp-block-paragraph\">En algunos casos, como el de <strong>Tanghetto y Giovanni Parra Quinteto<\/strong>, vuelven a participar como ternados en lo que es <strong>la 26\u00ba edici\u00f3n<\/strong>. Se contemplan las grabaciones realizadas entre el 1 de junio de 2024 al 31 de mayo de 2025.<\/p>\n\n\n\n<p class=\"wp-block-paragraph\">Ca7riel &amp; Paco Amoroso (los argentinos de mayor presencia con 10 nominaciones), Fito P\u00e1ez, Bandalos Chinos, Yami Safdie, Zoe Gotusso, Conociendo Rusia, Marilina Bertoldi y Eruca Sativa son los grupos y artistas nacionales que tambi\u00e9n aparecen en la edici\u00f3n 2025 de los Latin Grammy.<\/p>\n\n\n\n<h2 class=\"wp-block-heading\">Los nominados en \u201cMejor \u00c1lbum de Tango\u201d<\/h2>\n\n\n\n<ul class=\"wp-block-list\">\n<li><strong>Orquesta T\u00edpica Daniel Ruggiero<\/strong><br><em>Piazzolla Para Orquesta T\u00edpica<\/em><br><br><\/li>\n\n\n\n<li><strong>Jos\u00e9 Col\u00e1ngelo<\/strong><br><em>Col\u00e1ngelo\u2026 Tango<\/em><br><br><\/li>\n\n\n\n<li><strong>Giovanni Parra Quinteto<\/strong><br><em>Milongu\u00edn<\/em><br><br><\/li>\n\n\n\n<li><strong>Sexteto Fantasma<\/strong><br><em>La inevitable tentaci\u00f3n de ir a contramano<\/em><br><br><\/li>\n\n\n\n<li><strong>Richard Scofano &amp; Alfredo Minetti<\/strong><br><em>Shin-Urayasu<\/em><br><br><\/li>\n\n\n\n<li><strong>Tanghetto<\/strong><br><em>En Vivo 20 A\u00f1os<\/em><\/li>\n<\/ul>\n\n\n\n<div style=\"height:10px\" aria-hidden=\"true\" class=\"wp-block-spacer\"><\/div>\n","protected":false},"excerpt":{"rendered":"<p>El tango tiene su lugar en los Grammy latinos. Conoc\u00e9 a los ternados.<\/p>\n","protected":false},"author":1,"featured_media":5399,"comment_status":"open","ping_status":"open","sticky":false,"template":"","format":"standard","meta":{"footnotes":""},"categories":[7],"tags":[221,224,139,103,227,226],"class_list":["post-5397","post","type-post","status-publish","format-standard","has-post-thumbnail","hentry","category-noticias","tag-daniel-ruggiero","tag-jose-colangelo","tag-latin-grammy","tag-premios","tag-richard-scofano","tag-tanghetto"],"yoast_head":"<!-- This site is optimized with the Yoast SEO plugin v28.4 - https:\/\/yoast.com\/product\/yoast-seo-wordpress\/ -->\n<title>\u00bfQui\u00e9nes son los artistas y grupos de tango nominados para los Latin Grammy 2025? &#187; Fractura Expuesta | Tango!<\/title>\n<meta name=\"description\" content=\"El tango tiene su lugar en los Grammy latinos. Conoc\u00e9 a los ternados.\" \/>\n<meta name=\"robots\" content=\"index, follow, max-snippet:-1, max-image-preview:large, max-video-preview:-1\" \/>\n<link rel=\"canonical\" href=\"https:\/\/www.fracturaexpuesta.com.ar\/gotan\/quienes-son-los-artistas-y-grupos-de-tango-nominados-para-los-latin-grammy-2025\/\" \/>\n<meta property=\"og:locale\" content=\"es_ES\" \/>\n<meta property=\"og:type\" content=\"article\" \/>\n<meta property=\"og:title\" content=\"\u00bfQui\u00e9nes son los artistas y grupos de tango nominados para los Latin Grammy 2025?\" \/>\n<meta property=\"og:description\" content=\"El tango tiene su lugar en los Grammy latinos. Conoc\u00e9 a los ternados.\" \/>\n<meta property=\"og:url\" content=\"https:\/\/www.fracturaexpuesta.com.ar\/gotan\/quienes-son-los-artistas-y-grupos-de-tango-nominados-para-los-latin-grammy-2025\/\" \/>\n<meta property=\"og:site_name\" content=\"Fractura Expuesta | Tango!\" \/>\n<meta property=\"article:author\" content=\"https:\/\/www.facebook.com\/fracturaexpuestaok\" \/>\n<meta property=\"article:published_time\" content=\"2025-09-18T14:13:03+00:00\" \/>\n<meta property=\"article:modified_time\" content=\"2025-09-18T17:18:48+00:00\" \/>\n<meta property=\"og:image\" content=\"https:\/\/www.fracturaexpuesta.com.ar\/gotan\/wp-content\/uploads\/2025\/09\/grammys-2025.webp\" \/>\n\t<meta property=\"og:image:width\" content=\"1920\" \/>\n\t<meta property=\"og:image:height\" content=\"1280\" \/>\n\t<meta property=\"og:image:type\" content=\"image\/webp\" \/>\n<meta name=\"author\" content=\"Fractura Expuesta\" \/>\n<meta name=\"twitter:card\" content=\"summary_large_image\" \/>\n<meta name=\"twitter:title\" content=\"\u00bfQui\u00e9nes son los artistas y grupos de tango nominados para los Latin Grammy 2025?\" \/>\n<meta name=\"twitter:description\" content=\"El tango tiene su lugar en los Grammy latinos. Conoc\u00e9 a los ternados.\" \/>\n<meta name=\"twitter:image\" content=\"https:\/\/www.fracturaexpuesta.com.ar\/gotan\/wp-content\/uploads\/2025\/09\/grammys-2025.webp\" \/>\n<meta name=\"twitter:creator\" content=\"@https:\/\/x.com\/fracturatango\" \/>\n<meta name=\"twitter:label1\" content=\"Escrito por\" \/>\n\t<meta name=\"twitter:data1\" content=\"Fractura Expuesta\" \/>\n\t<meta name=\"twitter:label2\" content=\"Tiempo de lectura\" \/>\n\t<meta name=\"twitter:data2\" content=\"2 minutos\" \/>\n<script type=\"application\/ld+json\" class=\"yoast-schema-graph\">{\"@context\":\"https:\\\/\\\/schema.org\",\"@graph\":[{\"@type\":\"Article\",\"@id\":\"https:\\\/\\\/www.fracturaexpuesta.com.ar\\\/gotan\\\/quienes-son-los-artistas-y-grupos-de-tango-nominados-para-los-latin-grammy-2025\\\/#article\",\"isPartOf\":{\"@id\":\"https:\\\/\\\/www.fracturaexpuesta.com.ar\\\/gotan\\\/quienes-son-los-artistas-y-grupos-de-tango-nominados-para-los-latin-grammy-2025\\\/\"},\"author\":{\"name\":\"Fractura Expuesta\",\"@id\":\"https:\\\/\\\/www.fracturaexpuesta.com.ar\\\/gotan\\\/#\\\/schema\\\/person\\\/d8266939f778485b13ad2174aa9e199e\"},\"headline\":\"\u00bfQui\u00e9nes son los artistas y grupos de tango nominados para los Latin Grammy 2025?\",\"datePublished\":\"2025-09-18T14:13:03+00:00\",\"dateModified\":\"2025-09-18T17:18:48+00:00\",\"mainEntityOfPage\":{\"@id\":\"https:\\\/\\\/www.fracturaexpuesta.com.ar\\\/gotan\\\/quienes-son-los-artistas-y-grupos-de-tango-nominados-para-los-latin-grammy-2025\\\/\"},\"wordCount\":215,\"commentCount\":0,\"publisher\":{\"@id\":\"https:\\\/\\\/www.fracturaexpuesta.com.ar\\\/gotan\\\/#organization\"},\"image\":{\"@id\":\"https:\\\/\\\/www.fracturaexpuesta.com.ar\\\/gotan\\\/quienes-son-los-artistas-y-grupos-de-tango-nominados-para-los-latin-grammy-2025\\\/#primaryimage\"},\"thumbnailUrl\":\"https:\\\/\\\/www.fracturaexpuesta.com.ar\\\/gotan\\\/wp-content\\\/uploads\\\/2025\\\/09\\\/grammys-2025.webp\",\"keywords\":[\"daniel ruggiero\",\"jose colangelo\",\"latin grammy\",\"premios\",\"Richard Scofano\",\"tanghetto\"],\"articleSection\":[\"Noticias\"],\"inLanguage\":\"es-AR\",\"potentialAction\":[{\"@type\":\"CommentAction\",\"name\":\"Comment\",\"target\":[\"https:\\\/\\\/www.fracturaexpuesta.com.ar\\\/gotan\\\/quienes-son-los-artistas-y-grupos-de-tango-nominados-para-los-latin-grammy-2025\\\/#respond\"]}]},{\"@type\":\"WebPage\",\"@id\":\"https:\\\/\\\/www.fracturaexpuesta.com.ar\\\/gotan\\\/quienes-son-los-artistas-y-grupos-de-tango-nominados-para-los-latin-grammy-2025\\\/\",\"url\":\"https:\\\/\\\/www.fracturaexpuesta.com.ar\\\/gotan\\\/quienes-son-los-artistas-y-grupos-de-tango-nominados-para-los-latin-grammy-2025\\\/\",\"name\":\"\u00bfQui\u00e9nes son los artistas y grupos de tango nominados para los Latin Grammy 2025? &#187; Fractura Expuesta | Tango!\",\"isPartOf\":{\"@id\":\"https:\\\/\\\/www.fracturaexpuesta.com.ar\\\/gotan\\\/#website\"},\"primaryImageOfPage\":{\"@id\":\"https:\\\/\\\/www.fracturaexpuesta.com.ar\\\/gotan\\\/quienes-son-los-artistas-y-grupos-de-tango-nominados-para-los-latin-grammy-2025\\\/#primaryimage\"},\"image\":{\"@id\":\"https:\\\/\\\/www.fracturaexpuesta.com.ar\\\/gotan\\\/quienes-son-los-artistas-y-grupos-de-tango-nominados-para-los-latin-grammy-2025\\\/#primaryimage\"},\"thumbnailUrl\":\"https:\\\/\\\/www.fracturaexpuesta.com.ar\\\/gotan\\\/wp-content\\\/uploads\\\/2025\\\/09\\\/grammys-2025.webp\",\"datePublished\":\"2025-09-18T14:13:03+00:00\",\"dateModified\":\"2025-09-18T17:18:48+00:00\",\"description\":\"El tango tiene su lugar en los Grammy latinos. Conoc\u00e9 a los ternados.\",\"breadcrumb\":{\"@id\":\"https:\\\/\\\/www.fracturaexpuesta.com.ar\\\/gotan\\\/quienes-son-los-artistas-y-grupos-de-tango-nominados-para-los-latin-grammy-2025\\\/#breadcrumb\"},\"inLanguage\":\"es-AR\",\"potentialAction\":[{\"@type\":\"ReadAction\",\"target\":[\"https:\\\/\\\/www.fracturaexpuesta.com.ar\\\/gotan\\\/quienes-son-los-artistas-y-grupos-de-tango-nominados-para-los-latin-grammy-2025\\\/\"]}]},{\"@type\":\"ImageObject\",\"inLanguage\":\"es-AR\",\"@id\":\"https:\\\/\\\/www.fracturaexpuesta.com.ar\\\/gotan\\\/quienes-son-los-artistas-y-grupos-de-tango-nominados-para-los-latin-grammy-2025\\\/#primaryimage\",\"url\":\"https:\\\/\\\/www.fracturaexpuesta.com.ar\\\/gotan\\\/wp-content\\\/uploads\\\/2025\\\/09\\\/grammys-2025.webp\",\"contentUrl\":\"https:\\\/\\\/www.fracturaexpuesta.com.ar\\\/gotan\\\/wp-content\\\/uploads\\\/2025\\\/09\\\/grammys-2025.webp\",\"width\":1920,\"height\":1280,\"caption\":\"El tango en los Latin Grammy.\"},{\"@type\":\"BreadcrumbList\",\"@id\":\"https:\\\/\\\/www.fracturaexpuesta.com.ar\\\/gotan\\\/quienes-son-los-artistas-y-grupos-de-tango-nominados-para-los-latin-grammy-2025\\\/#breadcrumb\",\"itemListElement\":[{\"@type\":\"ListItem\",\"position\":1,\"name\":\"Inicio\",\"item\":\"https:\\\/\\\/www.fracturaexpuesta.com.ar\\\/gotan\\\/\"},{\"@type\":\"ListItem\",\"position\":2,\"name\":\"\u00bfQui\u00e9nes son los artistas y grupos de tango nominados para los Latin Grammy 2025?\"}]},{\"@type\":\"WebSite\",\"@id\":\"https:\\\/\\\/www.fracturaexpuesta.com.ar\\\/gotan\\\/#website\",\"url\":\"https:\\\/\\\/www.fracturaexpuesta.com.ar\\\/gotan\\\/\",\"name\":\"Fractura Expuesta | Tango!\",\"description\":\"\",\"publisher\":{\"@id\":\"https:\\\/\\\/www.fracturaexpuesta.com.ar\\\/gotan\\\/#organization\"},\"potentialAction\":[{\"@type\":\"SearchAction\",\"target\":{\"@type\":\"EntryPoint\",\"urlTemplate\":\"https:\\\/\\\/www.fracturaexpuesta.com.ar\\\/gotan\\\/?s={search_term_string}\"},\"query-input\":{\"@type\":\"PropertyValueSpecification\",\"valueRequired\":true,\"valueName\":\"search_term_string\"}}],\"inLanguage\":\"es-AR\"},{\"@type\":\"Organization\",\"@id\":\"https:\\\/\\\/www.fracturaexpuesta.com.ar\\\/gotan\\\/#organization\",\"name\":\"Fractura Expuesta | Tango!\",\"url\":\"https:\\\/\\\/www.fracturaexpuesta.com.ar\\\/gotan\\\/\",\"logo\":{\"@type\":\"ImageObject\",\"inLanguage\":\"es-AR\",\"@id\":\"https:\\\/\\\/www.fracturaexpuesta.com.ar\\\/gotan\\\/#\\\/schema\\\/logo\\\/image\\\/\",\"url\":\"https:\\\/\\\/www.fracturaexpuesta.com.ar\\\/gotan\\\/wp-content\\\/uploads\\\/2025\\\/03\\\/avatar2centroOK.jpg\",\"contentUrl\":\"https:\\\/\\\/www.fracturaexpuesta.com.ar\\\/gotan\\\/wp-content\\\/uploads\\\/2025\\\/03\\\/avatar2centroOK.jpg\",\"width\":600,\"height\":600,\"caption\":\"Fractura Expuesta | Tango!\"},\"image\":{\"@id\":\"https:\\\/\\\/www.fracturaexpuesta.com.ar\\\/gotan\\\/#\\\/schema\\\/logo\\\/image\\\/\"}},{\"@type\":\"Person\",\"@id\":\"https:\\\/\\\/www.fracturaexpuesta.com.ar\\\/gotan\\\/#\\\/schema\\\/person\\\/d8266939f778485b13ad2174aa9e199e\",\"name\":\"Fractura Expuesta\",\"image\":{\"@type\":\"ImageObject\",\"inLanguage\":\"es-AR\",\"@id\":\"https:\\\/\\\/secure.gravatar.com\\\/avatar\\\/c4bad1eb9f93dd4a42df3aa8b8e8b882ff893fcea188ee15488a845db442d7ec?s=96&d=mm&r=g\",\"url\":\"https:\\\/\\\/secure.gravatar.com\\\/avatar\\\/c4bad1eb9f93dd4a42df3aa8b8e8b882ff893fcea188ee15488a845db442d7ec?s=96&d=mm&r=g\",\"contentUrl\":\"https:\\\/\\\/secure.gravatar.com\\\/avatar\\\/c4bad1eb9f93dd4a42df3aa8b8e8b882ff893fcea188ee15488a845db442d7ec?s=96&d=mm&r=g\",\"caption\":\"Fractura Expuesta\"},\"description\":\"Sitio de tango y noticias culturales. Desde 2003, el espacio referente del tango de estos tiempos.\",\"sameAs\":[\"https:\\\/\\\/www.fracturaexpuesta.com.ar\",\"https:\\\/\\\/www.facebook.com\\\/fracturaexpuestaok\",\"https:\\\/\\\/www.instagram.com\\\/fracturaexpuesta\",\"https:\\\/\\\/x.com\\\/https:\\\/\\\/x.com\\\/fracturatango\",\"https:\\\/\\\/www.youtube.com\\\/channel\\\/UCojA8Q0QDpnncOL8sfTHOHg\"],\"url\":\"https:\\\/\\\/www.fracturaexpuesta.com.ar\\\/gotan\\\/author\\\/fractura-expuesta\\\/\"}]}<\/script>\n<!-- \/ Yoast SEO plugin. -->","yoast_head_json":{"title":"\u00bfQui\u00e9nes son los artistas y grupos de tango nominados para los Latin Grammy 2025? &#187; Fractura Expuesta | Tango!","description":"El tango tiene su lugar en los Grammy latinos. Conoc\u00e9 a los ternados.","robots":{"index":"index","follow":"follow","max-snippet":"max-snippet:-1","max-image-preview":"max-image-preview:large","max-video-preview":"max-video-preview:-1"},"canonical":"https:\/\/www.fracturaexpuesta.com.ar\/gotan\/quienes-son-los-artistas-y-grupos-de-tango-nominados-para-los-latin-grammy-2025\/","og_locale":"es_ES","og_type":"article","og_title":"\u00bfQui\u00e9nes son los artistas y grupos de tango nominados para los Latin Grammy 2025?","og_description":"El tango tiene su lugar en los Grammy latinos. Conoc\u00e9 a los ternados.","og_url":"https:\/\/www.fracturaexpuesta.com.ar\/gotan\/quienes-son-los-artistas-y-grupos-de-tango-nominados-para-los-latin-grammy-2025\/","og_site_name":"Fractura Expuesta | Tango!","article_author":"https:\/\/www.facebook.com\/fracturaexpuestaok","article_published_time":"2025-09-18T14:13:03+00:00","article_modified_time":"2025-09-18T17:18:48+00:00","og_image":[{"width":1920,"height":1280,"url":"https:\/\/www.fracturaexpuesta.com.ar\/gotan\/wp-content\/uploads\/2025\/09\/grammys-2025.webp","type":"image\/webp"}],"author":"Fractura Expuesta","twitter_card":"summary_large_image","twitter_title":"\u00bfQui\u00e9nes son los artistas y grupos de tango nominados para los Latin Grammy 2025?","twitter_description":"El tango tiene su lugar en los Grammy latinos. Conoc\u00e9 a los ternados.","twitter_image":"https:\/\/www.fracturaexpuesta.com.ar\/gotan\/wp-content\/uploads\/2025\/09\/grammys-2025.webp","twitter_creator":"@https:\/\/x.com\/fracturatango","twitter_misc":{"Escrito por":"Fractura Expuesta","Tiempo de lectura":"2 minutos"},"schema":{"@context":"https:\/\/schema.org","@graph":[{"@type":"Article","@id":"https:\/\/www.fracturaexpuesta.com.ar\/gotan\/quienes-son-los-artistas-y-grupos-de-tango-nominados-para-los-latin-grammy-2025\/#article","isPartOf":{"@id":"https:\/\/www.fracturaexpuesta.com.ar\/gotan\/quienes-son-los-artistas-y-grupos-de-tango-nominados-para-los-latin-grammy-2025\/"},"author":{"name":"Fractura Expuesta","@id":"https:\/\/www.fracturaexpuesta.com.ar\/gotan\/#\/schema\/person\/d8266939f778485b13ad2174aa9e199e"},"headline":"\u00bfQui\u00e9nes son los artistas y grupos de tango nominados para los Latin Grammy 2025?","datePublished":"2025-09-18T14:13:03+00:00","dateModified":"2025-09-18T17:18:48+00:00","mainEntityOfPage":{"@id":"https:\/\/www.fracturaexpuesta.com.ar\/gotan\/quienes-son-los-artistas-y-grupos-de-tango-nominados-para-los-latin-grammy-2025\/"},"wordCount":215,"commentCount":0,"publisher":{"@id":"https:\/\/www.fracturaexpuesta.com.ar\/gotan\/#organization"},"image":{"@id":"https:\/\/www.fracturaexpuesta.com.ar\/gotan\/quienes-son-los-artistas-y-grupos-de-tango-nominados-para-los-latin-grammy-2025\/#primaryimage"},"thumbnailUrl":"https:\/\/www.fracturaexpuesta.com.ar\/gotan\/wp-content\/uploads\/2025\/09\/grammys-2025.webp","keywords":["daniel ruggiero","jose colangelo","latin grammy","premios","Richard Scofano","tanghetto"],"articleSection":["Noticias"],"inLanguage":"es-AR","potentialAction":[{"@type":"CommentAction","name":"Comment","target":["https:\/\/www.fracturaexpuesta.com.ar\/gotan\/quienes-son-los-artistas-y-grupos-de-tango-nominados-para-los-latin-grammy-2025\/#respond"]}]},{"@type":"WebPage","@id":"https:\/\/www.fracturaexpuesta.com.ar\/gotan\/quienes-son-los-artistas-y-grupos-de-tango-nominados-para-los-latin-grammy-2025\/","url":"https:\/\/www.fracturaexpuesta.com.ar\/gotan\/quienes-son-los-artistas-y-grupos-de-tango-nominados-para-los-latin-grammy-2025\/","name":"\u00bfQui\u00e9nes son los artistas y grupos de tango nominados para los Latin Grammy 2025? &#187; Fractura Expuesta | Tango!","isPartOf":{"@id":"https:\/\/www.fracturaexpuesta.com.ar\/gotan\/#website"},"primaryImageOfPage":{"@id":"https:\/\/www.fracturaexpuesta.com.ar\/gotan\/quienes-son-los-artistas-y-grupos-de-tango-nominados-para-los-latin-grammy-2025\/#primaryimage"},"image":{"@id":"https:\/\/www.fracturaexpuesta.com.ar\/gotan\/quienes-son-los-artistas-y-grupos-de-tango-nominados-para-los-latin-grammy-2025\/#primaryimage"},"thumbnailUrl":"https:\/\/www.fracturaexpuesta.com.ar\/gotan\/wp-content\/uploads\/2025\/09\/grammys-2025.webp","datePublished":"2025-09-18T14:13:03+00:00","dateModified":"2025-09-18T17:18:48+00:00","description":"El tango tiene su lugar en los Grammy latinos. Conoc\u00e9 a los ternados.","breadcrumb":{"@id":"https:\/\/www.fracturaexpuesta.com.ar\/gotan\/quienes-son-los-artistas-y-grupos-de-tango-nominados-para-los-latin-grammy-2025\/#breadcrumb"},"inLanguage":"es-AR","potentialAction":[{"@type":"ReadAction","target":["https:\/\/www.fracturaexpuesta.com.ar\/gotan\/quienes-son-los-artistas-y-grupos-de-tango-nominados-para-los-latin-grammy-2025\/"]}]},{"@type":"ImageObject","inLanguage":"es-AR","@id":"https:\/\/www.fracturaexpuesta.com.ar\/gotan\/quienes-son-los-artistas-y-grupos-de-tango-nominados-para-los-latin-grammy-2025\/#primaryimage","url":"https:\/\/www.fracturaexpuesta.com.ar\/gotan\/wp-content\/uploads\/2025\/09\/grammys-2025.webp","contentUrl":"https:\/\/www.fracturaexpuesta.com.ar\/gotan\/wp-content\/uploads\/2025\/09\/grammys-2025.webp","width":1920,"height":1280,"caption":"El tango en los Latin Grammy."},{"@type":"BreadcrumbList","@id":"https:\/\/www.fracturaexpuesta.com.ar\/gotan\/quienes-son-los-artistas-y-grupos-de-tango-nominados-para-los-latin-grammy-2025\/#breadcrumb","itemListElement":[{"@type":"ListItem","position":1,"name":"Inicio","item":"https:\/\/www.fracturaexpuesta.com.ar\/gotan\/"},{"@type":"ListItem","position":2,"name":"\u00bfQui\u00e9nes son los artistas y grupos de tango nominados para los Latin Grammy 2025?"}]},{"@type":"WebSite","@id":"https:\/\/www.fracturaexpuesta.com.ar\/gotan\/#website","url":"https:\/\/www.fracturaexpuesta.com.ar\/gotan\/","name":"Fractura Expuesta | Tango!","description":"","publisher":{"@id":"https:\/\/www.fracturaexpuesta.com.ar\/gotan\/#organization"},"potentialAction":[{"@type":"SearchAction","target":{"@type":"EntryPoint","urlTemplate":"https:\/\/www.fracturaexpuesta.com.ar\/gotan\/?s={search_term_string}"},"query-input":{"@type":"PropertyValueSpecification","valueRequired":true,"valueName":"search_term_string"}}],"inLanguage":"es-AR"},{"@type":"Organization","@id":"https:\/\/www.fracturaexpuesta.com.ar\/gotan\/#organization","name":"Fractura Expuesta | Tango!","url":"https:\/\/www.fracturaexpuesta.com.ar\/gotan\/","logo":{"@type":"ImageObject","inLanguage":"es-AR","@id":"https:\/\/www.fracturaexpuesta.com.ar\/gotan\/#\/schema\/logo\/image\/","url":"https:\/\/www.fracturaexpuesta.com.ar\/gotan\/wp-content\/uploads\/2025\/03\/avatar2centroOK.jpg","contentUrl":"https:\/\/www.fracturaexpuesta.com.ar\/gotan\/wp-content\/uploads\/2025\/03\/avatar2centroOK.jpg","width":600,"height":600,"caption":"Fractura Expuesta | Tango!"},"image":{"@id":"https:\/\/www.fracturaexpuesta.com.ar\/gotan\/#\/schema\/logo\/image\/"}},{"@type":"Person","@id":"https:\/\/www.fracturaexpuesta.com.ar\/gotan\/#\/schema\/person\/d8266939f778485b13ad2174aa9e199e","name":"Fractura Expuesta","image":{"@type":"ImageObject","inLanguage":"es-AR","@id":"https:\/\/secure.gravatar.com\/avatar\/c4bad1eb9f93dd4a42df3aa8b8e8b882ff893fcea188ee15488a845db442d7ec?s=96&d=mm&r=g","url":"https:\/\/secure.gravatar.com\/avatar\/c4bad1eb9f93dd4a42df3aa8b8e8b882ff893fcea188ee15488a845db442d7ec?s=96&d=mm&r=g","contentUrl":"https:\/\/secure.gravatar.com\/avatar\/c4bad1eb9f93dd4a42df3aa8b8e8b882ff893fcea188ee15488a845db442d7ec?s=96&d=mm&r=g","caption":"Fractura Expuesta"},"description":"Sitio de tango y noticias culturales. Desde 2003, el espacio referente del tango de estos tiempos.","sameAs":["https:\/\/www.fracturaexpuesta.com.ar","https:\/\/www.facebook.com\/fracturaexpuestaok","https:\/\/www.instagram.com\/fracturaexpuesta","https:\/\/x.com\/https:\/\/x.com\/fracturatango","https:\/\/www.youtube.com\/channel\/UCojA8Q0QDpnncOL8sfTHOHg"],"url":"https:\/\/www.fracturaexpuesta.com.ar\/gotan\/author\/fractura-expuesta\/"}]}},"_links":{"self":[{"href":"https:\/\/www.fracturaexpuesta.com.ar\/gotan\/wp-json\/wp\/v2\/posts\/5397","targetHints":{"allow":["GET"]}}],"collection":[{"href":"https:\/\/www.fracturaexpuesta.com.ar\/gotan\/wp-json\/wp\/v2\/posts"}],"about":[{"href":"https:\/\/www.fracturaexpuesta.com.ar\/gotan\/wp-json\/wp\/v2\/types\/post"}],"author":[{"embeddable":true,"href":"https:\/\/www.fracturaexpuesta.com.ar\/gotan\/wp-json\/wp\/v2\/users\/1"}],"replies":[{"embeddable":true,"href":"https:\/\/www.fracturaexpuesta.com.ar\/gotan\/wp-json\/wp\/v2\/comments?post=5397"}],"version-history":[{"count":11,"href":"https:\/\/www.fracturaexpuesta.com.ar\/gotan\/wp-json\/wp\/v2\/posts\/5397\/revisions"}],"predecessor-version":[{"id":5413,"href":"https:\/\/www.fracturaexpuesta.com.ar\/gotan\/wp-json\/wp\/v2\/posts\/5397\/revisions\/5413"}],"wp:featuredmedia":[{"embeddable":true,"href":"https:\/\/www.fracturaexpuesta.com.ar\/gotan\/wp-json\/wp\/v2\/media\/5399"}],"wp:attachment":[{"href":"https:\/\/www.fracturaexpuesta.com.ar\/gotan\/wp-json\/wp\/v2\/media?parent=5397"}],"wp:term":[{"taxonomy":"category","embeddable":true,"href":"https:\/\/www.fracturaexpuesta.com.ar\/gotan\/wp-json\/wp\/v2\/categories?post=5397"},{"taxonomy":"post_tag","embeddable":true,"href":"https:\/\/www.fracturaexpuesta.com.ar\/gotan\/wp-json\/wp\/v2\/tags?post=5397"}],"curies":[{"name":"wp","href":"https:\/\/api.w.org\/{rel}","templated":true}]}}