{"id":5415,"date":"2025-09-28T18:19:48","date_gmt":"2025-09-28T21:19:48","guid":{"rendered":"https:\/\/www.fracturaexpuesta.com.ar\/gotan\/?p=5415"},"modified":"2026-01-20T16:36:01","modified_gmt":"2026-01-20T19:36:01","slug":"cucuza-castiello-tener-tradicion-y-raiz-no-implica-no-tener-riesgo","status":"publish","type":"post","link":"https:\/\/www.fracturaexpuesta.com.ar\/gotan\/cucuza-castiello-tener-tradicion-y-raiz-no-implica-no-tener-riesgo\/","title":{"rendered":"Cucuza Castiello: \u201cTener tradici\u00f3n y ra\u00edz no implica no tener riesgo\u201d"},"content":{"rendered":"\n<p class=\"wp-block-paragraph\">\u201cSoy consciente del paso del tiempo\u201d, confiesa Hern\u00e1n \u201cCucuza\u201d Castiello en la charla que mantuvo recientemente con <a href=\"https:\/\/www.fracturaexpuesta.com.ar\/doblearadio\/\" target=\"_blank\" rel=\"noreferrer noopener\">Doble A<\/a>, la radio de tango de <em>fracturaexpuesta.com.ar<\/em>.<\/p>\n\n\n\n<p class=\"wp-block-paragraph\">Nacido hace 56 a\u00f1os en Villa Ort\u00fazar y una referencia intergeneracional entre las voces del tango contempor\u00e1neo, el cantor prepara un concierto especial para <strong>el 16 de octubre en La Trastienda<\/strong> que tendr\u00e1 como eje su medio siglo de \u201camistad\u201d y \u201ccompincher\u00eda\u201d con el tango. Medio siglo, nada despreciable.<\/p>\n\n\n\n<p class=\"wp-block-paragraph\">El tiempo transcurre y Cucuza no esquiva ese asunto, sabe abordarlo con cierta distancia prudencial. \u201cNo voy a volver a festejar 50 a\u00f1os de cantor. Eso me empuja a <strong>pensar en el tiempo que se acaba<\/strong>\u201d, reflexiona Castiello sin dramatizar.<\/p>\n\n\n\n<p class=\"wp-block-paragraph\">\u201cNo es un tema que me atormente \u2013el paso del tiempo- pero ahora que tengo 56 lo voy sintiendo como <strong>una sombra que se va acercando<\/strong>. Creo que no va a ser una sombra feliz, creo que me va a ganar m\u00e1s la melancol\u00eda y la tristeza de la p\u00e9rdida de la juventud\u201d, proyecta el cantor sobre un futuro posible en di\u00e1logo con Doble A.<\/p>\n\n\n\n<p class=\"wp-block-paragraph\">Una de cal y una arena. A pesar de los naturales \u201cachaques\u201d, Cucuza equilibra la balanza y dice: \u201c<strong>No voy a ser un viejo feliz<\/strong> de ser viejo pero si voy a ser un viejo agradecid\u00edsimo. Pensando si tiene que pasar algo extremo de vida o muerte, siento que \u2018estoy hecho\u2019 hace much\u00edsimos a\u00f1os. Todas las cosas que me han pasado con la m\u00fasica, con la familia, con el f\u00fatbol y con los amigos, estoy recontra hecho. Por ese lado estoy muy feliz\u201d, aclara.<\/p>\n\n\n\n<h2 class=\"wp-block-heading\">Un ni\u00f1o aprende a hablar en tango<\/h2>\n\n\n\n<p class=\"wp-block-paragraph\">La temprana conexi\u00f3n de Cucuza con el tango ha sido su modo de identidad. Un ni\u00f1o que adquir\u00eda forma a trav\u00e9s del canto y el lenguaje del tango mientras, en simult\u00e1neo, aprend\u00eda lo que era el lenguaje en s\u00ed. \u201cNo tengo separado el tango en mi memoria. <strong>No recuerdo haber empezado a hablar antes o despu\u00e9s de cantar tango<\/strong>. Definitivamente ya somos como uno. Mi apodo es mi nombre y mi nombre se lo debo a un tango (Cucusita)\u201d, revela.<\/p>\n\n\n\n<figure class=\"wp-block-image size-full\"><img loading=\"lazy\" decoding=\"async\" width=\"650\" height=\"946\" src=\"https:\/\/www.fracturaexpuesta.com.ar\/gotan\/wp-content\/uploads\/2025\/09\/cucuza-castiello-50-anos.jpg\" alt=\"\" class=\"wp-image-5418\" srcset=\"https:\/\/www.fracturaexpuesta.com.ar\/gotan\/wp-content\/uploads\/2025\/09\/cucuza-castiello-50-anos.jpg 650w, https:\/\/www.fracturaexpuesta.com.ar\/gotan\/wp-content\/uploads\/2025\/09\/cucuza-castiello-50-anos-206x300.jpg 206w, https:\/\/www.fracturaexpuesta.com.ar\/gotan\/wp-content\/uploads\/2025\/09\/cucuza-castiello-50-anos-60x87.jpg 60w\" sizes=\"auto, (max-width: 650px) 100vw, 650px\" \/><figcaption class=\"wp-element-caption\"><em><mark style=\"background-color:rgba(0, 0, 0, 0)\" class=\"has-inline-color has-cyan-bluish-gray-color\">Cucuza, de ni\u00f1o.<\/mark><\/em><\/figcaption><\/figure>\n\n\n\n<p class=\"wp-block-paragraph\">\u201cFui afortunado. <strong>Desde mis 5 a\u00f1os sent\u00ed que quer\u00eda jugar a la pelota y que quer\u00eda cantar<\/strong>. Es una suerte tener a muy corta edad eso, poder concretarlo. Eso me predispone bien en la vida, pase lo que pase en adelante\u201d, expresa el cantor en la entrevista con Doble A.<\/p>\n\n\n\n<h2 class=\"wp-block-heading\">Deseo y ra\u00edz, una amalgama<\/h2>\n\n\n\n<p class=\"wp-block-paragraph\">Cucuza pudo \u201czafar de la imitaci\u00f3n\u201d. Logr\u00f3 darse un estilo haciendo conversar al legado con su deseo como artista. De all\u00ed que reconfirme a la intuici\u00f3n y el sentir como motor de su despliegue art\u00edstico. Es ah\u00ed donde completa su deseo, donde pone su parte y le busca la vuelta al tango.<\/p>\n\n\n\n<p class=\"wp-block-paragraph\">As\u00ed es Cucuza, un cantor de conciliaciones, de encuentro, de cercan\u00eda, un eslab\u00f3n que supo construir con, para y por el tango, humildemente pero sin pedir permiso. \u201c<strong>Tener tradici\u00f3n y ra\u00edz no implica no tener riesgo<\/strong>. No implica no ser sincero con la \u00e9poca\u201d, afirma.<\/p>\n\n\n\n<p class=\"wp-block-paragraph\">\u201cY con uno\u201d, valdr\u00eda agregar a esa sentencia.<\/p>\n\n\n\n<p class=\"wp-block-paragraph\"><strong>Escuchar la entrevista completa con Cucuza Castiello:<\/strong><\/p>\n\n\n\n<figure class=\"wp-block-embed is-type-video is-provider-youtube wp-block-embed-youtube wp-embed-aspect-16-9 wp-has-aspect-ratio\"><div class=\"wp-block-embed__wrapper\">\n<iframe loading=\"lazy\" title=\"Entrevista a Cucuza Castiello - 50 a\u00f1os con el tango\" width=\"1170\" height=\"658\" src=\"https:\/\/www.youtube.com\/embed\/XUt2pCp4PTM?feature=oembed\" frameborder=\"0\" allow=\"accelerometer; autoplay; clipboard-write; encrypted-media; gyroscope; picture-in-picture; web-share\" referrerpolicy=\"strict-origin-when-cross-origin\" allowfullscreen><\/iframe>\n<\/div><\/figure>\n","protected":false},"excerpt":{"rendered":"<p>Una charla con el cantor que est\u00e1 celebrando 50 a\u00f1os con el tango. Una conversaci\u00f3n en torno al paso del tiempo, el oficio y su estilo de cantor, el lugar del tango en la actualidad, \u201csentirse Gardel\u201d y el concierto especial que prepara para el 16 de octubre, entre otros asuntos.<\/p>\n","protected":false},"author":2,"featured_media":5416,"comment_status":"open","ping_status":"open","sticky":false,"template":"","format":"standard","meta":{"footnotes":""},"categories":[82],"tags":[96,218,75,108],"class_list":["post-5415","post","type-post","status-publish","format-standard","has-post-thumbnail","hentry","category-doble-a","tag-conciertos","tag-cucuza-castiello","tag-doble-a","tag-maxi-senkiw"],"yoast_head":"<!-- This site is optimized with the Yoast SEO plugin v28.3 - https:\/\/yoast.com\/product\/yoast-seo-wordpress\/ -->\n<title>Cucuza Castiello: \u201cTener tradici\u00f3n y ra\u00edz no implica no tener riesgo\u201d &#187; Fractura Expuesta | Tango!<\/title>\n<meta name=\"description\" content=\"Una charla con el cantor que est\u00e1 celebrando 50 a\u00f1os con el tango. Una conversaci\u00f3n en torno al paso del tiempo, el oficio y su estilo de cantor, el lugar del tango en la actualidad, \u201csentirse Gardel\u201d y el concierto especial que prepara para el 16 de octubre, entre otros asuntos.\" \/>\n<meta name=\"robots\" content=\"index, follow, max-snippet:-1, max-image-preview:large, max-video-preview:-1\" \/>\n<link rel=\"canonical\" href=\"https:\/\/www.fracturaexpuesta.com.ar\/gotan\/cucuza-castiello-tener-tradicion-y-raiz-no-implica-no-tener-riesgo\/\" \/>\n<meta property=\"og:locale\" content=\"es_ES\" \/>\n<meta property=\"og:type\" content=\"article\" \/>\n<meta property=\"og:title\" content=\"Cucuza Castiello: \u201cTener tradici\u00f3n y ra\u00edz no implica no tener riesgo\u201d\" \/>\n<meta property=\"og:description\" content=\"Una charla con el cantor que est\u00e1 celebrando 50 a\u00f1os con el tango. Una conversaci\u00f3n en torno al paso del tiempo, el oficio y su estilo de cantor, el lugar del tango en la actualidad, \u201csentirse Gardel\u201d y el concierto especial que prepara para el 16 de octubre, entre otros asuntos.\" \/>\n<meta property=\"og:url\" content=\"https:\/\/www.fracturaexpuesta.com.ar\/gotan\/cucuza-castiello-tener-tradicion-y-raiz-no-implica-no-tener-riesgo\/\" \/>\n<meta property=\"og:site_name\" content=\"Fractura Expuesta | Tango!\" \/>\n<meta property=\"article:published_time\" content=\"2025-09-28T21:19:48+00:00\" \/>\n<meta property=\"article:modified_time\" content=\"2026-01-20T19:36:01+00:00\" \/>\n<meta property=\"og:image\" content=\"https:\/\/www.fracturaexpuesta.com.ar\/gotan\/wp-content\/uploads\/2025\/09\/cucuza-castiello-yael-smulewicz.jpg.png\" \/>\n\t<meta property=\"og:image:width\" content=\"1311\" \/>\n\t<meta property=\"og:image:height\" content=\"840\" \/>\n\t<meta property=\"og:image:type\" content=\"image\/png\" \/>\n<meta name=\"author\" content=\"Maxi Senkiw\" \/>\n<meta name=\"twitter:card\" content=\"summary_large_image\" \/>\n<meta name=\"twitter:title\" content=\"Cucuza Castiello: \u201cTener tradici\u00f3n y ra\u00edz no implica no tener riesgo\u201d\" \/>\n<meta name=\"twitter:description\" content=\"Una charla con el cantor que est\u00e1 celebrando 50 a\u00f1os con el tango. Una conversaci\u00f3n en torno al paso del tiempo, el oficio y su estilo de cantor, el lugar del tango en la actualidad, \u201csentirse Gardel\u201d y el concierto especial que prepara para el 16 de octubre, entre otros asuntos.\" \/>\n<meta name=\"twitter:image\" content=\"https:\/\/www.fracturaexpuesta.com.ar\/gotan\/wp-content\/uploads\/2025\/09\/cucuza-castiello-yael-smulewicz.jpg.png\" \/>\n<meta name=\"twitter:label1\" content=\"Escrito por\" \/>\n\t<meta name=\"twitter:data1\" content=\"Maxi Senkiw\" \/>\n\t<meta name=\"twitter:label2\" content=\"Tiempo de lectura\" \/>\n\t<meta name=\"twitter:data2\" content=\"3 minutos\" \/>\n<script type=\"application\/ld+json\" class=\"yoast-schema-graph\">{\"@context\":\"https:\\\/\\\/schema.org\",\"@graph\":[{\"@type\":\"Article\",\"@id\":\"https:\\\/\\\/www.fracturaexpuesta.com.ar\\\/gotan\\\/cucuza-castiello-tener-tradicion-y-raiz-no-implica-no-tener-riesgo\\\/#article\",\"isPartOf\":{\"@id\":\"https:\\\/\\\/www.fracturaexpuesta.com.ar\\\/gotan\\\/cucuza-castiello-tener-tradicion-y-raiz-no-implica-no-tener-riesgo\\\/\"},\"author\":{\"name\":\"Maxi Senkiw\",\"@id\":\"https:\\\/\\\/www.fracturaexpuesta.com.ar\\\/gotan\\\/#\\\/schema\\\/person\\\/9ec50ad9580155d27a4650c784917b36\"},\"headline\":\"Cucuza Castiello: \u201cTener tradici\u00f3n y ra\u00edz no implica no tener riesgo\u201d\",\"datePublished\":\"2025-09-28T21:19:48+00:00\",\"dateModified\":\"2026-01-20T19:36:01+00:00\",\"mainEntityOfPage\":{\"@id\":\"https:\\\/\\\/www.fracturaexpuesta.com.ar\\\/gotan\\\/cucuza-castiello-tener-tradicion-y-raiz-no-implica-no-tener-riesgo\\\/\"},\"wordCount\":573,\"commentCount\":0,\"publisher\":{\"@id\":\"https:\\\/\\\/www.fracturaexpuesta.com.ar\\\/gotan\\\/#organization\"},\"image\":{\"@id\":\"https:\\\/\\\/www.fracturaexpuesta.com.ar\\\/gotan\\\/cucuza-castiello-tener-tradicion-y-raiz-no-implica-no-tener-riesgo\\\/#primaryimage\"},\"thumbnailUrl\":\"https:\\\/\\\/www.fracturaexpuesta.com.ar\\\/gotan\\\/wp-content\\\/uploads\\\/2025\\\/09\\\/cucuza-castiello-yael-smulewicz.jpg.png\",\"keywords\":[\"conciertos\",\"cucuza castiello\",\"doble a\",\"maxi senkiw\"],\"articleSection\":[\"Doble A\"],\"inLanguage\":\"es-AR\",\"potentialAction\":[{\"@type\":\"CommentAction\",\"name\":\"Comment\",\"target\":[\"https:\\\/\\\/www.fracturaexpuesta.com.ar\\\/gotan\\\/cucuza-castiello-tener-tradicion-y-raiz-no-implica-no-tener-riesgo\\\/#respond\"]}]},{\"@type\":\"WebPage\",\"@id\":\"https:\\\/\\\/www.fracturaexpuesta.com.ar\\\/gotan\\\/cucuza-castiello-tener-tradicion-y-raiz-no-implica-no-tener-riesgo\\\/\",\"url\":\"https:\\\/\\\/www.fracturaexpuesta.com.ar\\\/gotan\\\/cucuza-castiello-tener-tradicion-y-raiz-no-implica-no-tener-riesgo\\\/\",\"name\":\"Cucuza Castiello: \u201cTener tradici\u00f3n y ra\u00edz no implica no tener riesgo\u201d &#187; Fractura Expuesta | Tango!\",\"isPartOf\":{\"@id\":\"https:\\\/\\\/www.fracturaexpuesta.com.ar\\\/gotan\\\/#website\"},\"primaryImageOfPage\":{\"@id\":\"https:\\\/\\\/www.fracturaexpuesta.com.ar\\\/gotan\\\/cucuza-castiello-tener-tradicion-y-raiz-no-implica-no-tener-riesgo\\\/#primaryimage\"},\"image\":{\"@id\":\"https:\\\/\\\/www.fracturaexpuesta.com.ar\\\/gotan\\\/cucuza-castiello-tener-tradicion-y-raiz-no-implica-no-tener-riesgo\\\/#primaryimage\"},\"thumbnailUrl\":\"https:\\\/\\\/www.fracturaexpuesta.com.ar\\\/gotan\\\/wp-content\\\/uploads\\\/2025\\\/09\\\/cucuza-castiello-yael-smulewicz.jpg.png\",\"datePublished\":\"2025-09-28T21:19:48+00:00\",\"dateModified\":\"2026-01-20T19:36:01+00:00\",\"description\":\"Una charla con el cantor que est\u00e1 celebrando 50 a\u00f1os con el tango. Una conversaci\u00f3n en torno al paso del tiempo, el oficio y su estilo de cantor, el lugar del tango en la actualidad, \u201csentirse Gardel\u201d y el concierto especial que prepara para el 16 de octubre, entre otros asuntos.\",\"breadcrumb\":{\"@id\":\"https:\\\/\\\/www.fracturaexpuesta.com.ar\\\/gotan\\\/cucuza-castiello-tener-tradicion-y-raiz-no-implica-no-tener-riesgo\\\/#breadcrumb\"},\"inLanguage\":\"es-AR\",\"potentialAction\":[{\"@type\":\"ReadAction\",\"target\":[\"https:\\\/\\\/www.fracturaexpuesta.com.ar\\\/gotan\\\/cucuza-castiello-tener-tradicion-y-raiz-no-implica-no-tener-riesgo\\\/\"]}]},{\"@type\":\"ImageObject\",\"inLanguage\":\"es-AR\",\"@id\":\"https:\\\/\\\/www.fracturaexpuesta.com.ar\\\/gotan\\\/cucuza-castiello-tener-tradicion-y-raiz-no-implica-no-tener-riesgo\\\/#primaryimage\",\"url\":\"https:\\\/\\\/www.fracturaexpuesta.com.ar\\\/gotan\\\/wp-content\\\/uploads\\\/2025\\\/09\\\/cucuza-castiello-yael-smulewicz.jpg.png\",\"contentUrl\":\"https:\\\/\\\/www.fracturaexpuesta.com.ar\\\/gotan\\\/wp-content\\\/uploads\\\/2025\\\/09\\\/cucuza-castiello-yael-smulewicz.jpg.png\",\"width\":1311,\"height\":840,\"caption\":\"Foto: gentileza Yael Smulewicz\"},{\"@type\":\"BreadcrumbList\",\"@id\":\"https:\\\/\\\/www.fracturaexpuesta.com.ar\\\/gotan\\\/cucuza-castiello-tener-tradicion-y-raiz-no-implica-no-tener-riesgo\\\/#breadcrumb\",\"itemListElement\":[{\"@type\":\"ListItem\",\"position\":1,\"name\":\"Inicio\",\"item\":\"https:\\\/\\\/www.fracturaexpuesta.com.ar\\\/gotan\\\/\"},{\"@type\":\"ListItem\",\"position\":2,\"name\":\"Cucuza Castiello: \u201cTener tradici\u00f3n y ra\u00edz no implica no tener riesgo\u201d\"}]},{\"@type\":\"WebSite\",\"@id\":\"https:\\\/\\\/www.fracturaexpuesta.com.ar\\\/gotan\\\/#website\",\"url\":\"https:\\\/\\\/www.fracturaexpuesta.com.ar\\\/gotan\\\/\",\"name\":\"Fractura Expuesta | Tango!\",\"description\":\"\",\"publisher\":{\"@id\":\"https:\\\/\\\/www.fracturaexpuesta.com.ar\\\/gotan\\\/#organization\"},\"potentialAction\":[{\"@type\":\"SearchAction\",\"target\":{\"@type\":\"EntryPoint\",\"urlTemplate\":\"https:\\\/\\\/www.fracturaexpuesta.com.ar\\\/gotan\\\/?s={search_term_string}\"},\"query-input\":{\"@type\":\"PropertyValueSpecification\",\"valueRequired\":true,\"valueName\":\"search_term_string\"}}],\"inLanguage\":\"es-AR\"},{\"@type\":\"Organization\",\"@id\":\"https:\\\/\\\/www.fracturaexpuesta.com.ar\\\/gotan\\\/#organization\",\"name\":\"Fractura Expuesta | Tango!\",\"url\":\"https:\\\/\\\/www.fracturaexpuesta.com.ar\\\/gotan\\\/\",\"logo\":{\"@type\":\"ImageObject\",\"inLanguage\":\"es-AR\",\"@id\":\"https:\\\/\\\/www.fracturaexpuesta.com.ar\\\/gotan\\\/#\\\/schema\\\/logo\\\/image\\\/\",\"url\":\"https:\\\/\\\/www.fracturaexpuesta.com.ar\\\/gotan\\\/wp-content\\\/uploads\\\/2025\\\/03\\\/avatar2centroOK.jpg\",\"contentUrl\":\"https:\\\/\\\/www.fracturaexpuesta.com.ar\\\/gotan\\\/wp-content\\\/uploads\\\/2025\\\/03\\\/avatar2centroOK.jpg\",\"width\":600,\"height\":600,\"caption\":\"Fractura Expuesta | Tango!\"},\"image\":{\"@id\":\"https:\\\/\\\/www.fracturaexpuesta.com.ar\\\/gotan\\\/#\\\/schema\\\/logo\\\/image\\\/\"}},{\"@type\":\"Person\",\"@id\":\"https:\\\/\\\/www.fracturaexpuesta.com.ar\\\/gotan\\\/#\\\/schema\\\/person\\\/9ec50ad9580155d27a4650c784917b36\",\"name\":\"Maxi Senkiw\",\"image\":{\"@type\":\"ImageObject\",\"inLanguage\":\"es-AR\",\"@id\":\"https:\\\/\\\/secure.gravatar.com\\\/avatar\\\/d0f42944b7767ac85de40a4051e2c133886dc3130ee352f6dcac162b87cce3dd?s=96&d=mm&r=g\",\"url\":\"https:\\\/\\\/secure.gravatar.com\\\/avatar\\\/d0f42944b7767ac85de40a4051e2c133886dc3130ee352f6dcac162b87cce3dd?s=96&d=mm&r=g\",\"contentUrl\":\"https:\\\/\\\/secure.gravatar.com\\\/avatar\\\/d0f42944b7767ac85de40a4051e2c133886dc3130ee352f6dcac162b87cce3dd?s=96&d=mm&r=g\",\"caption\":\"Maxi Senkiw\"},\"description\":\"Coordinador general de Fractura Expuesta. Programador de Doble A (Radio Tango).\",\"sameAs\":[\"http:\\\/\\\/www.fracturaexpuesta.com.ar\"],\"url\":\"https:\\\/\\\/www.fracturaexpuesta.com.ar\\\/gotan\\\/author\\\/maxi-senkiw\\\/\"}]}<\/script>\n<!-- \/ Yoast SEO plugin. -->","yoast_head_json":{"title":"Cucuza Castiello: \u201cTener tradici\u00f3n y ra\u00edz no implica no tener riesgo\u201d &#187; Fractura Expuesta | Tango!","description":"Una charla con el cantor que est\u00e1 celebrando 50 a\u00f1os con el tango. Una conversaci\u00f3n en torno al paso del tiempo, el oficio y su estilo de cantor, el lugar del tango en la actualidad, \u201csentirse Gardel\u201d y el concierto especial que prepara para el 16 de octubre, entre otros asuntos.","robots":{"index":"index","follow":"follow","max-snippet":"max-snippet:-1","max-image-preview":"max-image-preview:large","max-video-preview":"max-video-preview:-1"},"canonical":"https:\/\/www.fracturaexpuesta.com.ar\/gotan\/cucuza-castiello-tener-tradicion-y-raiz-no-implica-no-tener-riesgo\/","og_locale":"es_ES","og_type":"article","og_title":"Cucuza Castiello: \u201cTener tradici\u00f3n y ra\u00edz no implica no tener riesgo\u201d","og_description":"Una charla con el cantor que est\u00e1 celebrando 50 a\u00f1os con el tango. Una conversaci\u00f3n en torno al paso del tiempo, el oficio y su estilo de cantor, el lugar del tango en la actualidad, \u201csentirse Gardel\u201d y el concierto especial que prepara para el 16 de octubre, entre otros asuntos.","og_url":"https:\/\/www.fracturaexpuesta.com.ar\/gotan\/cucuza-castiello-tener-tradicion-y-raiz-no-implica-no-tener-riesgo\/","og_site_name":"Fractura Expuesta | Tango!","article_published_time":"2025-09-28T21:19:48+00:00","article_modified_time":"2026-01-20T19:36:01+00:00","og_image":[{"width":1311,"height":840,"url":"https:\/\/www.fracturaexpuesta.com.ar\/gotan\/wp-content\/uploads\/2025\/09\/cucuza-castiello-yael-smulewicz.jpg.png","type":"image\/png"}],"author":"Maxi Senkiw","twitter_card":"summary_large_image","twitter_title":"Cucuza Castiello: \u201cTener tradici\u00f3n y ra\u00edz no implica no tener riesgo\u201d","twitter_description":"Una charla con el cantor que est\u00e1 celebrando 50 a\u00f1os con el tango. Una conversaci\u00f3n en torno al paso del tiempo, el oficio y su estilo de cantor, el lugar del tango en la actualidad, \u201csentirse Gardel\u201d y el concierto especial que prepara para el 16 de octubre, entre otros asuntos.","twitter_image":"https:\/\/www.fracturaexpuesta.com.ar\/gotan\/wp-content\/uploads\/2025\/09\/cucuza-castiello-yael-smulewicz.jpg.png","twitter_misc":{"Escrito por":"Maxi Senkiw","Tiempo de lectura":"3 minutos"},"schema":{"@context":"https:\/\/schema.org","@graph":[{"@type":"Article","@id":"https:\/\/www.fracturaexpuesta.com.ar\/gotan\/cucuza-castiello-tener-tradicion-y-raiz-no-implica-no-tener-riesgo\/#article","isPartOf":{"@id":"https:\/\/www.fracturaexpuesta.com.ar\/gotan\/cucuza-castiello-tener-tradicion-y-raiz-no-implica-no-tener-riesgo\/"},"author":{"name":"Maxi Senkiw","@id":"https:\/\/www.fracturaexpuesta.com.ar\/gotan\/#\/schema\/person\/9ec50ad9580155d27a4650c784917b36"},"headline":"Cucuza Castiello: \u201cTener tradici\u00f3n y ra\u00edz no implica no tener riesgo\u201d","datePublished":"2025-09-28T21:19:48+00:00","dateModified":"2026-01-20T19:36:01+00:00","mainEntityOfPage":{"@id":"https:\/\/www.fracturaexpuesta.com.ar\/gotan\/cucuza-castiello-tener-tradicion-y-raiz-no-implica-no-tener-riesgo\/"},"wordCount":573,"commentCount":0,"publisher":{"@id":"https:\/\/www.fracturaexpuesta.com.ar\/gotan\/#organization"},"image":{"@id":"https:\/\/www.fracturaexpuesta.com.ar\/gotan\/cucuza-castiello-tener-tradicion-y-raiz-no-implica-no-tener-riesgo\/#primaryimage"},"thumbnailUrl":"https:\/\/www.fracturaexpuesta.com.ar\/gotan\/wp-content\/uploads\/2025\/09\/cucuza-castiello-yael-smulewicz.jpg.png","keywords":["conciertos","cucuza castiello","doble a","maxi senkiw"],"articleSection":["Doble A"],"inLanguage":"es-AR","potentialAction":[{"@type":"CommentAction","name":"Comment","target":["https:\/\/www.fracturaexpuesta.com.ar\/gotan\/cucuza-castiello-tener-tradicion-y-raiz-no-implica-no-tener-riesgo\/#respond"]}]},{"@type":"WebPage","@id":"https:\/\/www.fracturaexpuesta.com.ar\/gotan\/cucuza-castiello-tener-tradicion-y-raiz-no-implica-no-tener-riesgo\/","url":"https:\/\/www.fracturaexpuesta.com.ar\/gotan\/cucuza-castiello-tener-tradicion-y-raiz-no-implica-no-tener-riesgo\/","name":"Cucuza Castiello: \u201cTener tradici\u00f3n y ra\u00edz no implica no tener riesgo\u201d &#187; Fractura Expuesta | Tango!","isPartOf":{"@id":"https:\/\/www.fracturaexpuesta.com.ar\/gotan\/#website"},"primaryImageOfPage":{"@id":"https:\/\/www.fracturaexpuesta.com.ar\/gotan\/cucuza-castiello-tener-tradicion-y-raiz-no-implica-no-tener-riesgo\/#primaryimage"},"image":{"@id":"https:\/\/www.fracturaexpuesta.com.ar\/gotan\/cucuza-castiello-tener-tradicion-y-raiz-no-implica-no-tener-riesgo\/#primaryimage"},"thumbnailUrl":"https:\/\/www.fracturaexpuesta.com.ar\/gotan\/wp-content\/uploads\/2025\/09\/cucuza-castiello-yael-smulewicz.jpg.png","datePublished":"2025-09-28T21:19:48+00:00","dateModified":"2026-01-20T19:36:01+00:00","description":"Una charla con el cantor que est\u00e1 celebrando 50 a\u00f1os con el tango. Una conversaci\u00f3n en torno al paso del tiempo, el oficio y su estilo de cantor, el lugar del tango en la actualidad, \u201csentirse Gardel\u201d y el concierto especial que prepara para el 16 de octubre, entre otros asuntos.","breadcrumb":{"@id":"https:\/\/www.fracturaexpuesta.com.ar\/gotan\/cucuza-castiello-tener-tradicion-y-raiz-no-implica-no-tener-riesgo\/#breadcrumb"},"inLanguage":"es-AR","potentialAction":[{"@type":"ReadAction","target":["https:\/\/www.fracturaexpuesta.com.ar\/gotan\/cucuza-castiello-tener-tradicion-y-raiz-no-implica-no-tener-riesgo\/"]}]},{"@type":"ImageObject","inLanguage":"es-AR","@id":"https:\/\/www.fracturaexpuesta.com.ar\/gotan\/cucuza-castiello-tener-tradicion-y-raiz-no-implica-no-tener-riesgo\/#primaryimage","url":"https:\/\/www.fracturaexpuesta.com.ar\/gotan\/wp-content\/uploads\/2025\/09\/cucuza-castiello-yael-smulewicz.jpg.png","contentUrl":"https:\/\/www.fracturaexpuesta.com.ar\/gotan\/wp-content\/uploads\/2025\/09\/cucuza-castiello-yael-smulewicz.jpg.png","width":1311,"height":840,"caption":"Foto: gentileza Yael Smulewicz"},{"@type":"BreadcrumbList","@id":"https:\/\/www.fracturaexpuesta.com.ar\/gotan\/cucuza-castiello-tener-tradicion-y-raiz-no-implica-no-tener-riesgo\/#breadcrumb","itemListElement":[{"@type":"ListItem","position":1,"name":"Inicio","item":"https:\/\/www.fracturaexpuesta.com.ar\/gotan\/"},{"@type":"ListItem","position":2,"name":"Cucuza Castiello: \u201cTener tradici\u00f3n y ra\u00edz no implica no tener riesgo\u201d"}]},{"@type":"WebSite","@id":"https:\/\/www.fracturaexpuesta.com.ar\/gotan\/#website","url":"https:\/\/www.fracturaexpuesta.com.ar\/gotan\/","name":"Fractura Expuesta | Tango!","description":"","publisher":{"@id":"https:\/\/www.fracturaexpuesta.com.ar\/gotan\/#organization"},"potentialAction":[{"@type":"SearchAction","target":{"@type":"EntryPoint","urlTemplate":"https:\/\/www.fracturaexpuesta.com.ar\/gotan\/?s={search_term_string}"},"query-input":{"@type":"PropertyValueSpecification","valueRequired":true,"valueName":"search_term_string"}}],"inLanguage":"es-AR"},{"@type":"Organization","@id":"https:\/\/www.fracturaexpuesta.com.ar\/gotan\/#organization","name":"Fractura Expuesta | Tango!","url":"https:\/\/www.fracturaexpuesta.com.ar\/gotan\/","logo":{"@type":"ImageObject","inLanguage":"es-AR","@id":"https:\/\/www.fracturaexpuesta.com.ar\/gotan\/#\/schema\/logo\/image\/","url":"https:\/\/www.fracturaexpuesta.com.ar\/gotan\/wp-content\/uploads\/2025\/03\/avatar2centroOK.jpg","contentUrl":"https:\/\/www.fracturaexpuesta.com.ar\/gotan\/wp-content\/uploads\/2025\/03\/avatar2centroOK.jpg","width":600,"height":600,"caption":"Fractura Expuesta | Tango!"},"image":{"@id":"https:\/\/www.fracturaexpuesta.com.ar\/gotan\/#\/schema\/logo\/image\/"}},{"@type":"Person","@id":"https:\/\/www.fracturaexpuesta.com.ar\/gotan\/#\/schema\/person\/9ec50ad9580155d27a4650c784917b36","name":"Maxi Senkiw","image":{"@type":"ImageObject","inLanguage":"es-AR","@id":"https:\/\/secure.gravatar.com\/avatar\/d0f42944b7767ac85de40a4051e2c133886dc3130ee352f6dcac162b87cce3dd?s=96&d=mm&r=g","url":"https:\/\/secure.gravatar.com\/avatar\/d0f42944b7767ac85de40a4051e2c133886dc3130ee352f6dcac162b87cce3dd?s=96&d=mm&r=g","contentUrl":"https:\/\/secure.gravatar.com\/avatar\/d0f42944b7767ac85de40a4051e2c133886dc3130ee352f6dcac162b87cce3dd?s=96&d=mm&r=g","caption":"Maxi Senkiw"},"description":"Coordinador general de Fractura Expuesta. Programador de Doble A (Radio Tango).","sameAs":["http:\/\/www.fracturaexpuesta.com.ar"],"url":"https:\/\/www.fracturaexpuesta.com.ar\/gotan\/author\/maxi-senkiw\/"}]}},"_links":{"self":[{"href":"https:\/\/www.fracturaexpuesta.com.ar\/gotan\/wp-json\/wp\/v2\/posts\/5415","targetHints":{"allow":["GET"]}}],"collection":[{"href":"https:\/\/www.fracturaexpuesta.com.ar\/gotan\/wp-json\/wp\/v2\/posts"}],"about":[{"href":"https:\/\/www.fracturaexpuesta.com.ar\/gotan\/wp-json\/wp\/v2\/types\/post"}],"author":[{"embeddable":true,"href":"https:\/\/www.fracturaexpuesta.com.ar\/gotan\/wp-json\/wp\/v2\/users\/2"}],"replies":[{"embeddable":true,"href":"https:\/\/www.fracturaexpuesta.com.ar\/gotan\/wp-json\/wp\/v2\/comments?post=5415"}],"version-history":[{"count":5,"href":"https:\/\/www.fracturaexpuesta.com.ar\/gotan\/wp-json\/wp\/v2\/posts\/5415\/revisions"}],"predecessor-version":[{"id":5422,"href":"https:\/\/www.fracturaexpuesta.com.ar\/gotan\/wp-json\/wp\/v2\/posts\/5415\/revisions\/5422"}],"wp:featuredmedia":[{"embeddable":true,"href":"https:\/\/www.fracturaexpuesta.com.ar\/gotan\/wp-json\/wp\/v2\/media\/5416"}],"wp:attachment":[{"href":"https:\/\/www.fracturaexpuesta.com.ar\/gotan\/wp-json\/wp\/v2\/media?parent=5415"}],"wp:term":[{"taxonomy":"category","embeddable":true,"href":"https:\/\/www.fracturaexpuesta.com.ar\/gotan\/wp-json\/wp\/v2\/categories?post=5415"},{"taxonomy":"post_tag","embeddable":true,"href":"https:\/\/www.fracturaexpuesta.com.ar\/gotan\/wp-json\/wp\/v2\/tags?post=5415"}],"curies":[{"name":"wp","href":"https:\/\/api.w.org\/{rel}","templated":true}]}}