{"id":5445,"date":"2025-10-02T15:04:48","date_gmt":"2025-10-02T18:04:48","guid":{"rendered":"https:\/\/www.fracturaexpuesta.com.ar\/gotan\/?p=5445"},"modified":"2025-10-02T15:17:36","modified_gmt":"2025-10-02T18:17:36","slug":"llega-en-octubre-el-7-festival-porteno-de-fado-y-tango","status":"publish","type":"post","link":"https:\/\/www.fracturaexpuesta.com.ar\/gotan\/llega-en-octubre-el-7-festival-porteno-de-fado-y-tango\/","title":{"rendered":"Llega en octubre el 7\u00b0 Festival Porte\u00f1o de Fado y Tango"},"content":{"rendered":"\n<p class=\"wp-block-paragraph\">La s\u00e9ptima edici\u00f3n del <strong>Festival Porte\u00f1o de Fado y Tango<\/strong> se realizar\u00e1 los d\u00edas <strong>viernes 17, s\u00e1bado 18 y domingo 19<\/strong> de octubre. <\/p>\n\n\n\n<p class=\"wp-block-paragraph\">La iniciativa, impulsada por la productora y cantante argentina <strong>Karina Beorlegui<\/strong>, contar\u00e1 con conciertos, masterclass de guitarra de fado y exhibici\u00f3n de baile. Las sedes ser\u00e1n el Galp\u00f3n B, Sanata Bar, Rondeman Abasto y Centro Cultural Recoleta.<\/p>\n\n\n\n<p class=\"wp-block-paragraph\">Tango y Fado han sido declarados <strong>Patrimonio Intangible de la Humanidad<\/strong> por la Unesco y se encuentran &#8220;estrechamente vinculados por ser, en esencia, m\u00fasicas de ciudades de puerto con influencias de las distintas migraciones y por seguir su legado de generaci\u00f3n en generaci\u00f3n hasta el presente&#8221;, remarcan desde la organizaci\u00f3n sobre los puntos de conexi\u00f3n del festival.<\/p>\n\n\n\n<p class=\"wp-block-paragraph\">Desde 2012, esta iniciativa promueve un espacio de pertenencia e intercambio entre artistas de ambos g\u00e9neros musicales. En la edici\u00f3n actual, adem\u00e1s de los participantes argentinos, la iniciativa recibir\u00e1 desde Portugal a <strong>Helena Sarmento y Ricardo J. Martins<\/strong>, que llevan el legado del fado en versiones de cl\u00e1sicos y aportan tambi\u00e9n, con sus nuevas composiciones, al patrimonio del fado del Siglo XXI.<\/p>\n\n\n\n<h2 class=\"wp-block-heading\">La grilla del festival<\/h2>\n\n\n\n<p class=\"wp-block-paragraph\"><strong>VIERNES 17.10 \u2013 21 hs<\/strong>.| Galp\u00f3n B (Cochabamba 2536)<br>Puerta 20 hs. (Entrada gratuita por orden de llegada hasta agotar la capacidad de la sala) <\/p>\n\n\n\n<ul class=\"wp-block-list\">\n<li>Fadeiros (fado y canciones de Portugal)<\/li>\n\n\n\n<li>Karina Beorlegui Cuarteto (Bordas,Cabello, Larisgoit\u00eda) (Tango y fado, adelantan temas de su disco \u00abAqu\u00ed y ahora\u00bb )<\/li>\n\n\n\n<li>Ricardo J. Martins (Fado. artista Invitado desde Loule Portugal, guitarra portuguesa) Bailan: Cecilia Capello y Diego Amorin<\/li>\n<\/ul>\n\n\n\n<p class=\"wp-block-paragraph\"><strong>S\u00c1BADO 18.10 \u2013 15 a 17 hs<\/strong>. | Sanata Bar (Sarmiento 3501)<br>15 a 17 hs. (Actividad libre y gratuita)<\/p>\n\n\n\n<ul class=\"wp-block-list\">\n<li>Master Class de \u00abGuitarra portuguesa y guitarra de fado\u00bb a cargo de Ricardo J. Martins (Artista invitado desde Loul\u00e9, Portugal). Para m\u00fasicos y cantantes. No requiere inscripci\u00f3n previa. Se puede llevar instrumento.<br>El objetivo es acercar las t\u00e9cnicas espec\u00edficas de la guitarra portuguesa y dar nociones b\u00e1sicas o responder inquietudes de los m\u00fasicos o cantantes asistentes con ejemplos en vivo de las formas y estilos propios del fado.<\/li>\n<\/ul>\n\n\n\n<p class=\"wp-block-paragraph\"><strong>S\u00c1BADO 18.10 \u2013 21 hs. <\/strong>| Rondeman (Lavalle 3177)<br>Puerta 20 hs. (Entrada Gratuita por orden de llegada hasta agotar capacidad)<\/p>\n\n\n\n<ul class=\"wp-block-list\">\n<li>Ariel Altieri y Graciela Viegas Ruivo (fado y tango)<\/li>\n\n\n\n<li>Fado Trio (fado)<\/li>\n\n\n\n<li>Mariana Accinelli Tr\u00edo (Fado y Tango)<\/li>\n\n\n\n<li>Almalusa (Fado y canciones de portugal)<\/li>\n\n\n\n<li>Alfredo Piro Rinaldi (Tango)<\/li>\n<\/ul>\n\n\n\n<p class=\"wp-block-paragraph\"><strong>DOMINGO 19.10 \u2013 18 hs. |<\/strong> Centro Cultural Recoleta (Jun\u00edn 1930)<br>Concierto Cierre del Festival<\/p>\n\n\n\n<ul class=\"wp-block-list\">\n<li>Helena Sarmento (Fado, artista de honor desde Portugal)<\/li>\n<\/ul>\n","protected":false},"excerpt":{"rendered":"<p>Del 17 al 19 de octubre y con la presencia de importantes artistas de Argentina y Portugal.<\/p>\n","protected":false},"author":1,"featured_media":5446,"comment_status":"open","ping_status":"open","sticky":false,"template":"","format":"standard","meta":{"footnotes":""},"categories":[122],"tags":[96,228,159,230,229],"class_list":["post-5445","post","type-post","status-publish","format-standard","has-post-thumbnail","hentry","category-radar-tango","tag-conciertos","tag-fado","tag-festival-de-tango","tag-helena-sarmento","tag-karina-beorlegui"],"yoast_head":"<!-- This site is optimized with the Yoast SEO plugin v28.3 - https:\/\/yoast.com\/product\/yoast-seo-wordpress\/ -->\n<title>Llega en octubre el 7\u00b0 Festival Porte\u00f1o de Fado y Tango &#187; Fractura Expuesta | Tango!<\/title>\n<meta name=\"robots\" content=\"index, follow, max-snippet:-1, max-image-preview:large, max-video-preview:-1\" \/>\n<link rel=\"canonical\" href=\"https:\/\/www.fracturaexpuesta.com.ar\/gotan\/llega-en-octubre-el-7-festival-porteno-de-fado-y-tango\/\" \/>\n<meta property=\"og:locale\" content=\"es_ES\" \/>\n<meta property=\"og:type\" content=\"article\" \/>\n<meta property=\"og:title\" content=\"Llega en octubre el 7\u00b0 Festival Porte\u00f1o de Fado y Tango\" \/>\n<meta property=\"og:description\" content=\"Del 17 al 19 de octubre y con la presencia de importantes artistas de Argentina y Portugal.\" \/>\n<meta property=\"og:url\" content=\"https:\/\/www.fracturaexpuesta.com.ar\/gotan\/llega-en-octubre-el-7-festival-porteno-de-fado-y-tango\/\" \/>\n<meta property=\"og:site_name\" content=\"Fractura Expuesta | Tango!\" \/>\n<meta property=\"article:author\" content=\"https:\/\/www.facebook.com\/fracturaexpuestaok\" \/>\n<meta property=\"article:published_time\" content=\"2025-10-02T18:04:48+00:00\" \/>\n<meta property=\"article:modified_time\" content=\"2025-10-02T18:17:36+00:00\" \/>\n<meta property=\"og:image\" content=\"https:\/\/www.fracturaexpuesta.com.ar\/gotan\/wp-content\/uploads\/2025\/10\/Helena-Sarmento.jpg\" \/>\n\t<meta property=\"og:image:width\" content=\"2048\" \/>\n\t<meta property=\"og:image:height\" content=\"1406\" \/>\n\t<meta property=\"og:image:type\" content=\"image\/jpeg\" \/>\n<meta name=\"author\" content=\"Fractura Expuesta\" \/>\n<meta name=\"twitter:card\" content=\"summary_large_image\" \/>\n<meta name=\"twitter:title\" content=\"Llega en octubre el 7\u00b0 Festival Porte\u00f1o de Fado y Tango\" \/>\n<meta name=\"twitter:description\" content=\"Del 17 al 19 de octubre y con la presencia de importantes artistas de Argentina y Portugal.\" \/>\n<meta name=\"twitter:image\" content=\"https:\/\/www.fracturaexpuesta.com.ar\/gotan\/wp-content\/uploads\/2025\/10\/Helena-Sarmento.jpg\" \/>\n<meta name=\"twitter:creator\" content=\"@https:\/\/x.com\/fracturatango\" \/>\n<meta name=\"twitter:label1\" content=\"Escrito por\" \/>\n\t<meta name=\"twitter:data1\" content=\"Fractura Expuesta\" \/>\n\t<meta name=\"twitter:label2\" content=\"Tiempo de lectura\" \/>\n\t<meta name=\"twitter:data2\" content=\"3 minutos\" \/>\n<script type=\"application\/ld+json\" class=\"yoast-schema-graph\">{\"@context\":\"https:\\\/\\\/schema.org\",\"@graph\":[{\"@type\":\"Article\",\"@id\":\"https:\\\/\\\/www.fracturaexpuesta.com.ar\\\/gotan\\\/llega-en-octubre-el-7-festival-porteno-de-fado-y-tango\\\/#article\",\"isPartOf\":{\"@id\":\"https:\\\/\\\/www.fracturaexpuesta.com.ar\\\/gotan\\\/llega-en-octubre-el-7-festival-porteno-de-fado-y-tango\\\/\"},\"author\":{\"name\":\"Fractura Expuesta\",\"@id\":\"https:\\\/\\\/www.fracturaexpuesta.com.ar\\\/gotan\\\/#\\\/schema\\\/person\\\/d8266939f778485b13ad2174aa9e199e\"},\"headline\":\"Llega en octubre el 7\u00b0 Festival Porte\u00f1o de Fado y Tango\",\"datePublished\":\"2025-10-02T18:04:48+00:00\",\"dateModified\":\"2025-10-02T18:17:36+00:00\",\"mainEntityOfPage\":{\"@id\":\"https:\\\/\\\/www.fracturaexpuesta.com.ar\\\/gotan\\\/llega-en-octubre-el-7-festival-porteno-de-fado-y-tango\\\/\"},\"wordCount\":421,\"commentCount\":0,\"publisher\":{\"@id\":\"https:\\\/\\\/www.fracturaexpuesta.com.ar\\\/gotan\\\/#organization\"},\"image\":{\"@id\":\"https:\\\/\\\/www.fracturaexpuesta.com.ar\\\/gotan\\\/llega-en-octubre-el-7-festival-porteno-de-fado-y-tango\\\/#primaryimage\"},\"thumbnailUrl\":\"https:\\\/\\\/www.fracturaexpuesta.com.ar\\\/gotan\\\/wp-content\\\/uploads\\\/2025\\\/10\\\/Helena-Sarmento.jpg\",\"keywords\":[\"conciertos\",\"Fado\",\"festival de tango\",\"Helena Sarmento\",\"Karina Beorlegui\"],\"articleSection\":[\"Radar Tango\"],\"inLanguage\":\"es-AR\",\"potentialAction\":[{\"@type\":\"CommentAction\",\"name\":\"Comment\",\"target\":[\"https:\\\/\\\/www.fracturaexpuesta.com.ar\\\/gotan\\\/llega-en-octubre-el-7-festival-porteno-de-fado-y-tango\\\/#respond\"]}]},{\"@type\":\"WebPage\",\"@id\":\"https:\\\/\\\/www.fracturaexpuesta.com.ar\\\/gotan\\\/llega-en-octubre-el-7-festival-porteno-de-fado-y-tango\\\/\",\"url\":\"https:\\\/\\\/www.fracturaexpuesta.com.ar\\\/gotan\\\/llega-en-octubre-el-7-festival-porteno-de-fado-y-tango\\\/\",\"name\":\"Llega en octubre el 7\u00b0 Festival Porte\u00f1o de Fado y Tango &#187; Fractura Expuesta | Tango!\",\"isPartOf\":{\"@id\":\"https:\\\/\\\/www.fracturaexpuesta.com.ar\\\/gotan\\\/#website\"},\"primaryImageOfPage\":{\"@id\":\"https:\\\/\\\/www.fracturaexpuesta.com.ar\\\/gotan\\\/llega-en-octubre-el-7-festival-porteno-de-fado-y-tango\\\/#primaryimage\"},\"image\":{\"@id\":\"https:\\\/\\\/www.fracturaexpuesta.com.ar\\\/gotan\\\/llega-en-octubre-el-7-festival-porteno-de-fado-y-tango\\\/#primaryimage\"},\"thumbnailUrl\":\"https:\\\/\\\/www.fracturaexpuesta.com.ar\\\/gotan\\\/wp-content\\\/uploads\\\/2025\\\/10\\\/Helena-Sarmento.jpg\",\"datePublished\":\"2025-10-02T18:04:48+00:00\",\"dateModified\":\"2025-10-02T18:17:36+00:00\",\"breadcrumb\":{\"@id\":\"https:\\\/\\\/www.fracturaexpuesta.com.ar\\\/gotan\\\/llega-en-octubre-el-7-festival-porteno-de-fado-y-tango\\\/#breadcrumb\"},\"inLanguage\":\"es-AR\",\"potentialAction\":[{\"@type\":\"ReadAction\",\"target\":[\"https:\\\/\\\/www.fracturaexpuesta.com.ar\\\/gotan\\\/llega-en-octubre-el-7-festival-porteno-de-fado-y-tango\\\/\"]}]},{\"@type\":\"ImageObject\",\"inLanguage\":\"es-AR\",\"@id\":\"https:\\\/\\\/www.fracturaexpuesta.com.ar\\\/gotan\\\/llega-en-octubre-el-7-festival-porteno-de-fado-y-tango\\\/#primaryimage\",\"url\":\"https:\\\/\\\/www.fracturaexpuesta.com.ar\\\/gotan\\\/wp-content\\\/uploads\\\/2025\\\/10\\\/Helena-Sarmento.jpg\",\"contentUrl\":\"https:\\\/\\\/www.fracturaexpuesta.com.ar\\\/gotan\\\/wp-content\\\/uploads\\\/2025\\\/10\\\/Helena-Sarmento.jpg\",\"width\":2048,\"height\":1406,\"caption\":\"Helena Sarmento, desde Portugal, llegar\u00e1 al festival.\"},{\"@type\":\"BreadcrumbList\",\"@id\":\"https:\\\/\\\/www.fracturaexpuesta.com.ar\\\/gotan\\\/llega-en-octubre-el-7-festival-porteno-de-fado-y-tango\\\/#breadcrumb\",\"itemListElement\":[{\"@type\":\"ListItem\",\"position\":1,\"name\":\"Inicio\",\"item\":\"https:\\\/\\\/www.fracturaexpuesta.com.ar\\\/gotan\\\/\"},{\"@type\":\"ListItem\",\"position\":2,\"name\":\"Llega en octubre el 7\u00b0 Festival Porte\u00f1o de Fado y Tango\"}]},{\"@type\":\"WebSite\",\"@id\":\"https:\\\/\\\/www.fracturaexpuesta.com.ar\\\/gotan\\\/#website\",\"url\":\"https:\\\/\\\/www.fracturaexpuesta.com.ar\\\/gotan\\\/\",\"name\":\"Fractura Expuesta | Tango!\",\"description\":\"\",\"publisher\":{\"@id\":\"https:\\\/\\\/www.fracturaexpuesta.com.ar\\\/gotan\\\/#organization\"},\"potentialAction\":[{\"@type\":\"SearchAction\",\"target\":{\"@type\":\"EntryPoint\",\"urlTemplate\":\"https:\\\/\\\/www.fracturaexpuesta.com.ar\\\/gotan\\\/?s={search_term_string}\"},\"query-input\":{\"@type\":\"PropertyValueSpecification\",\"valueRequired\":true,\"valueName\":\"search_term_string\"}}],\"inLanguage\":\"es-AR\"},{\"@type\":\"Organization\",\"@id\":\"https:\\\/\\\/www.fracturaexpuesta.com.ar\\\/gotan\\\/#organization\",\"name\":\"Fractura Expuesta | Tango!\",\"url\":\"https:\\\/\\\/www.fracturaexpuesta.com.ar\\\/gotan\\\/\",\"logo\":{\"@type\":\"ImageObject\",\"inLanguage\":\"es-AR\",\"@id\":\"https:\\\/\\\/www.fracturaexpuesta.com.ar\\\/gotan\\\/#\\\/schema\\\/logo\\\/image\\\/\",\"url\":\"https:\\\/\\\/www.fracturaexpuesta.com.ar\\\/gotan\\\/wp-content\\\/uploads\\\/2025\\\/03\\\/avatar2centroOK.jpg\",\"contentUrl\":\"https:\\\/\\\/www.fracturaexpuesta.com.ar\\\/gotan\\\/wp-content\\\/uploads\\\/2025\\\/03\\\/avatar2centroOK.jpg\",\"width\":600,\"height\":600,\"caption\":\"Fractura Expuesta | Tango!\"},\"image\":{\"@id\":\"https:\\\/\\\/www.fracturaexpuesta.com.ar\\\/gotan\\\/#\\\/schema\\\/logo\\\/image\\\/\"}},{\"@type\":\"Person\",\"@id\":\"https:\\\/\\\/www.fracturaexpuesta.com.ar\\\/gotan\\\/#\\\/schema\\\/person\\\/d8266939f778485b13ad2174aa9e199e\",\"name\":\"Fractura Expuesta\",\"image\":{\"@type\":\"ImageObject\",\"inLanguage\":\"es-AR\",\"@id\":\"https:\\\/\\\/secure.gravatar.com\\\/avatar\\\/c4bad1eb9f93dd4a42df3aa8b8e8b882ff893fcea188ee15488a845db442d7ec?s=96&d=mm&r=g\",\"url\":\"https:\\\/\\\/secure.gravatar.com\\\/avatar\\\/c4bad1eb9f93dd4a42df3aa8b8e8b882ff893fcea188ee15488a845db442d7ec?s=96&d=mm&r=g\",\"contentUrl\":\"https:\\\/\\\/secure.gravatar.com\\\/avatar\\\/c4bad1eb9f93dd4a42df3aa8b8e8b882ff893fcea188ee15488a845db442d7ec?s=96&d=mm&r=g\",\"caption\":\"Fractura Expuesta\"},\"description\":\"Sitio de tango y noticias culturales. Desde 2003, el espacio referente del tango de estos tiempos.\",\"sameAs\":[\"https:\\\/\\\/www.fracturaexpuesta.com.ar\",\"https:\\\/\\\/www.facebook.com\\\/fracturaexpuestaok\",\"https:\\\/\\\/www.instagram.com\\\/fracturaexpuesta\",\"https:\\\/\\\/x.com\\\/https:\\\/\\\/x.com\\\/fracturatango\",\"https:\\\/\\\/www.youtube.com\\\/channel\\\/UCojA8Q0QDpnncOL8sfTHOHg\"],\"url\":\"https:\\\/\\\/www.fracturaexpuesta.com.ar\\\/gotan\\\/author\\\/fractura-expuesta\\\/\"}]}<\/script>\n<!-- \/ Yoast SEO plugin. -->","yoast_head_json":{"title":"Llega en octubre el 7\u00b0 Festival Porte\u00f1o de Fado y Tango &#187; Fractura Expuesta | Tango!","robots":{"index":"index","follow":"follow","max-snippet":"max-snippet:-1","max-image-preview":"max-image-preview:large","max-video-preview":"max-video-preview:-1"},"canonical":"https:\/\/www.fracturaexpuesta.com.ar\/gotan\/llega-en-octubre-el-7-festival-porteno-de-fado-y-tango\/","og_locale":"es_ES","og_type":"article","og_title":"Llega en octubre el 7\u00b0 Festival Porte\u00f1o de Fado y Tango","og_description":"Del 17 al 19 de octubre y con la presencia de importantes artistas de Argentina y Portugal.","og_url":"https:\/\/www.fracturaexpuesta.com.ar\/gotan\/llega-en-octubre-el-7-festival-porteno-de-fado-y-tango\/","og_site_name":"Fractura Expuesta | Tango!","article_author":"https:\/\/www.facebook.com\/fracturaexpuestaok","article_published_time":"2025-10-02T18:04:48+00:00","article_modified_time":"2025-10-02T18:17:36+00:00","og_image":[{"width":2048,"height":1406,"url":"https:\/\/www.fracturaexpuesta.com.ar\/gotan\/wp-content\/uploads\/2025\/10\/Helena-Sarmento.jpg","type":"image\/jpeg"}],"author":"Fractura Expuesta","twitter_card":"summary_large_image","twitter_title":"Llega en octubre el 7\u00b0 Festival Porte\u00f1o de Fado y Tango","twitter_description":"Del 17 al 19 de octubre y con la presencia de importantes artistas de Argentina y Portugal.","twitter_image":"https:\/\/www.fracturaexpuesta.com.ar\/gotan\/wp-content\/uploads\/2025\/10\/Helena-Sarmento.jpg","twitter_creator":"@https:\/\/x.com\/fracturatango","twitter_misc":{"Escrito por":"Fractura Expuesta","Tiempo de lectura":"3 minutos"},"schema":{"@context":"https:\/\/schema.org","@graph":[{"@type":"Article","@id":"https:\/\/www.fracturaexpuesta.com.ar\/gotan\/llega-en-octubre-el-7-festival-porteno-de-fado-y-tango\/#article","isPartOf":{"@id":"https:\/\/www.fracturaexpuesta.com.ar\/gotan\/llega-en-octubre-el-7-festival-porteno-de-fado-y-tango\/"},"author":{"name":"Fractura Expuesta","@id":"https:\/\/www.fracturaexpuesta.com.ar\/gotan\/#\/schema\/person\/d8266939f778485b13ad2174aa9e199e"},"headline":"Llega en octubre el 7\u00b0 Festival Porte\u00f1o de Fado y Tango","datePublished":"2025-10-02T18:04:48+00:00","dateModified":"2025-10-02T18:17:36+00:00","mainEntityOfPage":{"@id":"https:\/\/www.fracturaexpuesta.com.ar\/gotan\/llega-en-octubre-el-7-festival-porteno-de-fado-y-tango\/"},"wordCount":421,"commentCount":0,"publisher":{"@id":"https:\/\/www.fracturaexpuesta.com.ar\/gotan\/#organization"},"image":{"@id":"https:\/\/www.fracturaexpuesta.com.ar\/gotan\/llega-en-octubre-el-7-festival-porteno-de-fado-y-tango\/#primaryimage"},"thumbnailUrl":"https:\/\/www.fracturaexpuesta.com.ar\/gotan\/wp-content\/uploads\/2025\/10\/Helena-Sarmento.jpg","keywords":["conciertos","Fado","festival de tango","Helena Sarmento","Karina Beorlegui"],"articleSection":["Radar Tango"],"inLanguage":"es-AR","potentialAction":[{"@type":"CommentAction","name":"Comment","target":["https:\/\/www.fracturaexpuesta.com.ar\/gotan\/llega-en-octubre-el-7-festival-porteno-de-fado-y-tango\/#respond"]}]},{"@type":"WebPage","@id":"https:\/\/www.fracturaexpuesta.com.ar\/gotan\/llega-en-octubre-el-7-festival-porteno-de-fado-y-tango\/","url":"https:\/\/www.fracturaexpuesta.com.ar\/gotan\/llega-en-octubre-el-7-festival-porteno-de-fado-y-tango\/","name":"Llega en octubre el 7\u00b0 Festival Porte\u00f1o de Fado y Tango &#187; Fractura Expuesta | Tango!","isPartOf":{"@id":"https:\/\/www.fracturaexpuesta.com.ar\/gotan\/#website"},"primaryImageOfPage":{"@id":"https:\/\/www.fracturaexpuesta.com.ar\/gotan\/llega-en-octubre-el-7-festival-porteno-de-fado-y-tango\/#primaryimage"},"image":{"@id":"https:\/\/www.fracturaexpuesta.com.ar\/gotan\/llega-en-octubre-el-7-festival-porteno-de-fado-y-tango\/#primaryimage"},"thumbnailUrl":"https:\/\/www.fracturaexpuesta.com.ar\/gotan\/wp-content\/uploads\/2025\/10\/Helena-Sarmento.jpg","datePublished":"2025-10-02T18:04:48+00:00","dateModified":"2025-10-02T18:17:36+00:00","breadcrumb":{"@id":"https:\/\/www.fracturaexpuesta.com.ar\/gotan\/llega-en-octubre-el-7-festival-porteno-de-fado-y-tango\/#breadcrumb"},"inLanguage":"es-AR","potentialAction":[{"@type":"ReadAction","target":["https:\/\/www.fracturaexpuesta.com.ar\/gotan\/llega-en-octubre-el-7-festival-porteno-de-fado-y-tango\/"]}]},{"@type":"ImageObject","inLanguage":"es-AR","@id":"https:\/\/www.fracturaexpuesta.com.ar\/gotan\/llega-en-octubre-el-7-festival-porteno-de-fado-y-tango\/#primaryimage","url":"https:\/\/www.fracturaexpuesta.com.ar\/gotan\/wp-content\/uploads\/2025\/10\/Helena-Sarmento.jpg","contentUrl":"https:\/\/www.fracturaexpuesta.com.ar\/gotan\/wp-content\/uploads\/2025\/10\/Helena-Sarmento.jpg","width":2048,"height":1406,"caption":"Helena Sarmento, desde Portugal, llegar\u00e1 al festival."},{"@type":"BreadcrumbList","@id":"https:\/\/www.fracturaexpuesta.com.ar\/gotan\/llega-en-octubre-el-7-festival-porteno-de-fado-y-tango\/#breadcrumb","itemListElement":[{"@type":"ListItem","position":1,"name":"Inicio","item":"https:\/\/www.fracturaexpuesta.com.ar\/gotan\/"},{"@type":"ListItem","position":2,"name":"Llega en octubre el 7\u00b0 Festival Porte\u00f1o de Fado y Tango"}]},{"@type":"WebSite","@id":"https:\/\/www.fracturaexpuesta.com.ar\/gotan\/#website","url":"https:\/\/www.fracturaexpuesta.com.ar\/gotan\/","name":"Fractura Expuesta | Tango!","description":"","publisher":{"@id":"https:\/\/www.fracturaexpuesta.com.ar\/gotan\/#organization"},"potentialAction":[{"@type":"SearchAction","target":{"@type":"EntryPoint","urlTemplate":"https:\/\/www.fracturaexpuesta.com.ar\/gotan\/?s={search_term_string}"},"query-input":{"@type":"PropertyValueSpecification","valueRequired":true,"valueName":"search_term_string"}}],"inLanguage":"es-AR"},{"@type":"Organization","@id":"https:\/\/www.fracturaexpuesta.com.ar\/gotan\/#organization","name":"Fractura Expuesta | Tango!","url":"https:\/\/www.fracturaexpuesta.com.ar\/gotan\/","logo":{"@type":"ImageObject","inLanguage":"es-AR","@id":"https:\/\/www.fracturaexpuesta.com.ar\/gotan\/#\/schema\/logo\/image\/","url":"https:\/\/www.fracturaexpuesta.com.ar\/gotan\/wp-content\/uploads\/2025\/03\/avatar2centroOK.jpg","contentUrl":"https:\/\/www.fracturaexpuesta.com.ar\/gotan\/wp-content\/uploads\/2025\/03\/avatar2centroOK.jpg","width":600,"height":600,"caption":"Fractura Expuesta | Tango!"},"image":{"@id":"https:\/\/www.fracturaexpuesta.com.ar\/gotan\/#\/schema\/logo\/image\/"}},{"@type":"Person","@id":"https:\/\/www.fracturaexpuesta.com.ar\/gotan\/#\/schema\/person\/d8266939f778485b13ad2174aa9e199e","name":"Fractura Expuesta","image":{"@type":"ImageObject","inLanguage":"es-AR","@id":"https:\/\/secure.gravatar.com\/avatar\/c4bad1eb9f93dd4a42df3aa8b8e8b882ff893fcea188ee15488a845db442d7ec?s=96&d=mm&r=g","url":"https:\/\/secure.gravatar.com\/avatar\/c4bad1eb9f93dd4a42df3aa8b8e8b882ff893fcea188ee15488a845db442d7ec?s=96&d=mm&r=g","contentUrl":"https:\/\/secure.gravatar.com\/avatar\/c4bad1eb9f93dd4a42df3aa8b8e8b882ff893fcea188ee15488a845db442d7ec?s=96&d=mm&r=g","caption":"Fractura Expuesta"},"description":"Sitio de tango y noticias culturales. Desde 2003, el espacio referente del tango de estos tiempos.","sameAs":["https:\/\/www.fracturaexpuesta.com.ar","https:\/\/www.facebook.com\/fracturaexpuestaok","https:\/\/www.instagram.com\/fracturaexpuesta","https:\/\/x.com\/https:\/\/x.com\/fracturatango","https:\/\/www.youtube.com\/channel\/UCojA8Q0QDpnncOL8sfTHOHg"],"url":"https:\/\/www.fracturaexpuesta.com.ar\/gotan\/author\/fractura-expuesta\/"}]}},"_links":{"self":[{"href":"https:\/\/www.fracturaexpuesta.com.ar\/gotan\/wp-json\/wp\/v2\/posts\/5445","targetHints":{"allow":["GET"]}}],"collection":[{"href":"https:\/\/www.fracturaexpuesta.com.ar\/gotan\/wp-json\/wp\/v2\/posts"}],"about":[{"href":"https:\/\/www.fracturaexpuesta.com.ar\/gotan\/wp-json\/wp\/v2\/types\/post"}],"author":[{"embeddable":true,"href":"https:\/\/www.fracturaexpuesta.com.ar\/gotan\/wp-json\/wp\/v2\/users\/1"}],"replies":[{"embeddable":true,"href":"https:\/\/www.fracturaexpuesta.com.ar\/gotan\/wp-json\/wp\/v2\/comments?post=5445"}],"version-history":[{"count":4,"href":"https:\/\/www.fracturaexpuesta.com.ar\/gotan\/wp-json\/wp\/v2\/posts\/5445\/revisions"}],"predecessor-version":[{"id":5450,"href":"https:\/\/www.fracturaexpuesta.com.ar\/gotan\/wp-json\/wp\/v2\/posts\/5445\/revisions\/5450"}],"wp:featuredmedia":[{"embeddable":true,"href":"https:\/\/www.fracturaexpuesta.com.ar\/gotan\/wp-json\/wp\/v2\/media\/5446"}],"wp:attachment":[{"href":"https:\/\/www.fracturaexpuesta.com.ar\/gotan\/wp-json\/wp\/v2\/media?parent=5445"}],"wp:term":[{"taxonomy":"category","embeddable":true,"href":"https:\/\/www.fracturaexpuesta.com.ar\/gotan\/wp-json\/wp\/v2\/categories?post=5445"},{"taxonomy":"post_tag","embeddable":true,"href":"https:\/\/www.fracturaexpuesta.com.ar\/gotan\/wp-json\/wp\/v2\/tags?post=5445"}],"curies":[{"name":"wp","href":"https:\/\/api.w.org\/{rel}","templated":true}]}}