{"id":5451,"date":"2025-10-03T09:33:00","date_gmt":"2025-10-03T12:33:00","guid":{"rendered":"https:\/\/www.fracturaexpuesta.com.ar\/gotan\/?p=5451"},"modified":"2025-10-02T15:45:05","modified_gmt":"2025-10-02T18:45:05","slug":"desde-francia-deleones-tango-orquesta-lanza-placebo-su-disco-debut","status":"publish","type":"post","link":"https:\/\/www.fracturaexpuesta.com.ar\/gotan\/desde-francia-deleones-tango-orquesta-lanza-placebo-su-disco-debut\/","title":{"rendered":"Desde Francia, DeLeones Tango Orquesta lanza &#8220;Placebo&#8221;, su disco debut"},"content":{"rendered":"\n<p class=\"wp-block-paragraph\">Desde la ciudad francesa de Lyon, la orquesta de tango dio a conocer su disco debut titulado <strong>Placebo<\/strong>.<\/p>\n\n\n\n<p class=\"wp-block-paragraph\">La formaci\u00f3n, compuesta por m\u00fasicos franceses y argentinos, presenta un material que re\u00fane reelaboraciones de tangos comprendidos por el periodo que va desde 1910 hasta 1970.<\/p>\n\n\n\n<p class=\"wp-block-paragraph\">El disco llega luego de m\u00e1s de cinco a\u00f1os de trabajo de interpretaci\u00f3n y conciertos que la orquesta lleva adelante en Francia.<\/p>\n\n\n\n<p class=\"wp-block-paragraph\">&#8220;La Mariposa&#8221;, &#8220;Zum&#8221; o &#8220;Negracha&#8221; forman parte del repertorio de un \u00e1lbum con tangos de la \u00e9poca dorada interpretados con la energ\u00eda actual.<\/p>\n\n\n\n<iframe style=\"border: 0; width: 350px; height: 470px;\" src=\"https:\/\/bandcamp.com\/EmbeddedPlayer\/album=1776918234\/size=large\/bgcol=ffffff\/linkcol=0687f5\/tracklist=false\/track=2499633452\/transparent=true\/\" seamless><a href=\"https:\/\/deleonestangoorquesta.bandcamp.com\/album\/placebo-2\">Placebo de DeLeones Tango Orquesta<\/a><\/iframe>\n\n\n\n<div style=\"height:10px\" aria-hidden=\"true\" class=\"wp-block-spacer\"><\/div>\n","protected":false},"excerpt":{"rendered":"<p>Tangos de la \u00e9poca dorada con la energ\u00eda actual.<\/p>\n","protected":false},"author":1,"featured_media":5452,"comment_status":"open","ping_status":"open","sticky":false,"template":"","format":"standard","meta":{"footnotes":""},"categories":[83],"tags":[231,81],"class_list":["post-5451","post","type-post","status-publish","format-standard","has-post-thumbnail","hentry","category-discos","tag-deleones-tango-orquesta","tag-discos"],"yoast_head":"<!-- This site is optimized with the Yoast SEO plugin v28.4 - https:\/\/yoast.com\/product\/yoast-seo-wordpress\/ -->\n<title>Desde Francia, DeLeones Tango Orquesta lanza &quot;Placebo&quot;, su disco debut &#187; Fractura Expuesta | Tango!<\/title>\n<meta name=\"description\" content=\"Tangos de la \u00e9poca dorada con la energ\u00eda actual.\" \/>\n<meta name=\"robots\" content=\"index, follow, max-snippet:-1, max-image-preview:large, max-video-preview:-1\" \/>\n<link rel=\"canonical\" href=\"https:\/\/www.fracturaexpuesta.com.ar\/gotan\/desde-francia-deleones-tango-orquesta-lanza-placebo-su-disco-debut\/\" \/>\n<meta property=\"og:locale\" content=\"es_ES\" \/>\n<meta property=\"og:type\" content=\"article\" \/>\n<meta property=\"og:title\" content=\"Desde Francia, DeLeones Tango Orquesta lanza &quot;Placebo&quot;, su disco debut\" \/>\n<meta property=\"og:description\" content=\"Tangos de la \u00e9poca dorada con la energ\u00eda actual.\" \/>\n<meta property=\"og:url\" content=\"https:\/\/www.fracturaexpuesta.com.ar\/gotan\/desde-francia-deleones-tango-orquesta-lanza-placebo-su-disco-debut\/\" \/>\n<meta property=\"og:site_name\" content=\"Fractura Expuesta | Tango!\" \/>\n<meta property=\"article:author\" content=\"https:\/\/www.facebook.com\/fracturaexpuestaok\" \/>\n<meta property=\"article:published_time\" content=\"2025-10-03T12:33:00+00:00\" \/>\n<meta property=\"og:image\" content=\"https:\/\/www.fracturaexpuesta.com.ar\/gotan\/wp-content\/uploads\/2025\/10\/deleones-tango-orquesta.jpg\" \/>\n\t<meta property=\"og:image:width\" content=\"1200\" \/>\n\t<meta property=\"og:image:height\" content=\"1200\" \/>\n\t<meta property=\"og:image:type\" content=\"image\/jpeg\" \/>\n<meta name=\"author\" content=\"Fractura Expuesta\" \/>\n<meta name=\"twitter:card\" content=\"summary_large_image\" \/>\n<meta name=\"twitter:title\" content=\"Desde Francia, DeLeones Tango Orquesta lanza &quot;Placebo&quot;, su disco debut\" \/>\n<meta name=\"twitter:description\" content=\"Tangos de la \u00e9poca dorada con la energ\u00eda actual.\" \/>\n<meta name=\"twitter:image\" content=\"https:\/\/www.fracturaexpuesta.com.ar\/gotan\/wp-content\/uploads\/2025\/10\/deleones-tango-orquesta.jpg\" \/>\n<meta name=\"twitter:creator\" content=\"@https:\/\/x.com\/fracturatango\" \/>\n<meta name=\"twitter:label1\" content=\"Escrito por\" \/>\n\t<meta name=\"twitter:data1\" content=\"Fractura Expuesta\" \/>\n\t<meta name=\"twitter:label2\" content=\"Tiempo de lectura\" \/>\n\t<meta name=\"twitter:data2\" content=\"1 minuto\" \/>\n<script type=\"application\/ld+json\" class=\"yoast-schema-graph\">{\"@context\":\"https:\\\/\\\/schema.org\",\"@graph\":[{\"@type\":\"Article\",\"@id\":\"https:\\\/\\\/www.fracturaexpuesta.com.ar\\\/gotan\\\/desde-francia-deleones-tango-orquesta-lanza-placebo-su-disco-debut\\\/#article\",\"isPartOf\":{\"@id\":\"https:\\\/\\\/www.fracturaexpuesta.com.ar\\\/gotan\\\/desde-francia-deleones-tango-orquesta-lanza-placebo-su-disco-debut\\\/\"},\"author\":{\"name\":\"Fractura Expuesta\",\"@id\":\"https:\\\/\\\/www.fracturaexpuesta.com.ar\\\/gotan\\\/#\\\/schema\\\/person\\\/d8266939f778485b13ad2174aa9e199e\"},\"headline\":\"Desde Francia, DeLeones Tango Orquesta lanza &#8220;Placebo&#8221;, su disco debut\",\"datePublished\":\"2025-10-03T12:33:00+00:00\",\"mainEntityOfPage\":{\"@id\":\"https:\\\/\\\/www.fracturaexpuesta.com.ar\\\/gotan\\\/desde-francia-deleones-tango-orquesta-lanza-placebo-su-disco-debut\\\/\"},\"wordCount\":109,\"commentCount\":1,\"publisher\":{\"@id\":\"https:\\\/\\\/www.fracturaexpuesta.com.ar\\\/gotan\\\/#organization\"},\"image\":{\"@id\":\"https:\\\/\\\/www.fracturaexpuesta.com.ar\\\/gotan\\\/desde-francia-deleones-tango-orquesta-lanza-placebo-su-disco-debut\\\/#primaryimage\"},\"thumbnailUrl\":\"https:\\\/\\\/www.fracturaexpuesta.com.ar\\\/gotan\\\/wp-content\\\/uploads\\\/2025\\\/10\\\/deleones-tango-orquesta.jpg\",\"keywords\":[\"DeLeones Tango Orquesta\",\"discos\"],\"articleSection\":[\"Discos\"],\"inLanguage\":\"es-AR\",\"potentialAction\":[{\"@type\":\"CommentAction\",\"name\":\"Comment\",\"target\":[\"https:\\\/\\\/www.fracturaexpuesta.com.ar\\\/gotan\\\/desde-francia-deleones-tango-orquesta-lanza-placebo-su-disco-debut\\\/#respond\"]}]},{\"@type\":\"WebPage\",\"@id\":\"https:\\\/\\\/www.fracturaexpuesta.com.ar\\\/gotan\\\/desde-francia-deleones-tango-orquesta-lanza-placebo-su-disco-debut\\\/\",\"url\":\"https:\\\/\\\/www.fracturaexpuesta.com.ar\\\/gotan\\\/desde-francia-deleones-tango-orquesta-lanza-placebo-su-disco-debut\\\/\",\"name\":\"Desde Francia, DeLeones Tango Orquesta lanza \\\"Placebo\\\", su disco debut &#187; Fractura Expuesta | Tango!\",\"isPartOf\":{\"@id\":\"https:\\\/\\\/www.fracturaexpuesta.com.ar\\\/gotan\\\/#website\"},\"primaryImageOfPage\":{\"@id\":\"https:\\\/\\\/www.fracturaexpuesta.com.ar\\\/gotan\\\/desde-francia-deleones-tango-orquesta-lanza-placebo-su-disco-debut\\\/#primaryimage\"},\"image\":{\"@id\":\"https:\\\/\\\/www.fracturaexpuesta.com.ar\\\/gotan\\\/desde-francia-deleones-tango-orquesta-lanza-placebo-su-disco-debut\\\/#primaryimage\"},\"thumbnailUrl\":\"https:\\\/\\\/www.fracturaexpuesta.com.ar\\\/gotan\\\/wp-content\\\/uploads\\\/2025\\\/10\\\/deleones-tango-orquesta.jpg\",\"datePublished\":\"2025-10-03T12:33:00+00:00\",\"description\":\"Tangos de la \u00e9poca dorada con la energ\u00eda actual.\",\"breadcrumb\":{\"@id\":\"https:\\\/\\\/www.fracturaexpuesta.com.ar\\\/gotan\\\/desde-francia-deleones-tango-orquesta-lanza-placebo-su-disco-debut\\\/#breadcrumb\"},\"inLanguage\":\"es-AR\",\"potentialAction\":[{\"@type\":\"ReadAction\",\"target\":[\"https:\\\/\\\/www.fracturaexpuesta.com.ar\\\/gotan\\\/desde-francia-deleones-tango-orquesta-lanza-placebo-su-disco-debut\\\/\"]}]},{\"@type\":\"ImageObject\",\"inLanguage\":\"es-AR\",\"@id\":\"https:\\\/\\\/www.fracturaexpuesta.com.ar\\\/gotan\\\/desde-francia-deleones-tango-orquesta-lanza-placebo-su-disco-debut\\\/#primaryimage\",\"url\":\"https:\\\/\\\/www.fracturaexpuesta.com.ar\\\/gotan\\\/wp-content\\\/uploads\\\/2025\\\/10\\\/deleones-tango-orquesta.jpg\",\"contentUrl\":\"https:\\\/\\\/www.fracturaexpuesta.com.ar\\\/gotan\\\/wp-content\\\/uploads\\\/2025\\\/10\\\/deleones-tango-orquesta.jpg\",\"width\":1200,\"height\":1200},{\"@type\":\"BreadcrumbList\",\"@id\":\"https:\\\/\\\/www.fracturaexpuesta.com.ar\\\/gotan\\\/desde-francia-deleones-tango-orquesta-lanza-placebo-su-disco-debut\\\/#breadcrumb\",\"itemListElement\":[{\"@type\":\"ListItem\",\"position\":1,\"name\":\"Inicio\",\"item\":\"https:\\\/\\\/www.fracturaexpuesta.com.ar\\\/gotan\\\/\"},{\"@type\":\"ListItem\",\"position\":2,\"name\":\"Desde Francia, DeLeones Tango Orquesta lanza &#8220;Placebo&#8221;, su disco debut\"}]},{\"@type\":\"WebSite\",\"@id\":\"https:\\\/\\\/www.fracturaexpuesta.com.ar\\\/gotan\\\/#website\",\"url\":\"https:\\\/\\\/www.fracturaexpuesta.com.ar\\\/gotan\\\/\",\"name\":\"Fractura Expuesta | Tango!\",\"description\":\"\",\"publisher\":{\"@id\":\"https:\\\/\\\/www.fracturaexpuesta.com.ar\\\/gotan\\\/#organization\"},\"potentialAction\":[{\"@type\":\"SearchAction\",\"target\":{\"@type\":\"EntryPoint\",\"urlTemplate\":\"https:\\\/\\\/www.fracturaexpuesta.com.ar\\\/gotan\\\/?s={search_term_string}\"},\"query-input\":{\"@type\":\"PropertyValueSpecification\",\"valueRequired\":true,\"valueName\":\"search_term_string\"}}],\"inLanguage\":\"es-AR\"},{\"@type\":\"Organization\",\"@id\":\"https:\\\/\\\/www.fracturaexpuesta.com.ar\\\/gotan\\\/#organization\",\"name\":\"Fractura Expuesta | Tango!\",\"url\":\"https:\\\/\\\/www.fracturaexpuesta.com.ar\\\/gotan\\\/\",\"logo\":{\"@type\":\"ImageObject\",\"inLanguage\":\"es-AR\",\"@id\":\"https:\\\/\\\/www.fracturaexpuesta.com.ar\\\/gotan\\\/#\\\/schema\\\/logo\\\/image\\\/\",\"url\":\"https:\\\/\\\/www.fracturaexpuesta.com.ar\\\/gotan\\\/wp-content\\\/uploads\\\/2025\\\/03\\\/avatar2centroOK.jpg\",\"contentUrl\":\"https:\\\/\\\/www.fracturaexpuesta.com.ar\\\/gotan\\\/wp-content\\\/uploads\\\/2025\\\/03\\\/avatar2centroOK.jpg\",\"width\":600,\"height\":600,\"caption\":\"Fractura Expuesta | Tango!\"},\"image\":{\"@id\":\"https:\\\/\\\/www.fracturaexpuesta.com.ar\\\/gotan\\\/#\\\/schema\\\/logo\\\/image\\\/\"}},{\"@type\":\"Person\",\"@id\":\"https:\\\/\\\/www.fracturaexpuesta.com.ar\\\/gotan\\\/#\\\/schema\\\/person\\\/d8266939f778485b13ad2174aa9e199e\",\"name\":\"Fractura Expuesta\",\"image\":{\"@type\":\"ImageObject\",\"inLanguage\":\"es-AR\",\"@id\":\"https:\\\/\\\/secure.gravatar.com\\\/avatar\\\/c4bad1eb9f93dd4a42df3aa8b8e8b882ff893fcea188ee15488a845db442d7ec?s=96&d=mm&r=g\",\"url\":\"https:\\\/\\\/secure.gravatar.com\\\/avatar\\\/c4bad1eb9f93dd4a42df3aa8b8e8b882ff893fcea188ee15488a845db442d7ec?s=96&d=mm&r=g\",\"contentUrl\":\"https:\\\/\\\/secure.gravatar.com\\\/avatar\\\/c4bad1eb9f93dd4a42df3aa8b8e8b882ff893fcea188ee15488a845db442d7ec?s=96&d=mm&r=g\",\"caption\":\"Fractura Expuesta\"},\"description\":\"Sitio de tango y noticias culturales. Desde 2003, el espacio referente del tango de estos tiempos.\",\"sameAs\":[\"https:\\\/\\\/www.fracturaexpuesta.com.ar\",\"https:\\\/\\\/www.facebook.com\\\/fracturaexpuestaok\",\"https:\\\/\\\/www.instagram.com\\\/fracturaexpuesta\",\"https:\\\/\\\/x.com\\\/https:\\\/\\\/x.com\\\/fracturatango\",\"https:\\\/\\\/www.youtube.com\\\/channel\\\/UCojA8Q0QDpnncOL8sfTHOHg\"],\"url\":\"https:\\\/\\\/www.fracturaexpuesta.com.ar\\\/gotan\\\/author\\\/fractura-expuesta\\\/\"}]}<\/script>\n<!-- \/ Yoast SEO plugin. -->","yoast_head_json":{"title":"Desde Francia, DeLeones Tango Orquesta lanza \"Placebo\", su disco debut &#187; Fractura Expuesta | Tango!","description":"Tangos de la \u00e9poca dorada con la energ\u00eda actual.","robots":{"index":"index","follow":"follow","max-snippet":"max-snippet:-1","max-image-preview":"max-image-preview:large","max-video-preview":"max-video-preview:-1"},"canonical":"https:\/\/www.fracturaexpuesta.com.ar\/gotan\/desde-francia-deleones-tango-orquesta-lanza-placebo-su-disco-debut\/","og_locale":"es_ES","og_type":"article","og_title":"Desde Francia, DeLeones Tango Orquesta lanza \"Placebo\", su disco debut","og_description":"Tangos de la \u00e9poca dorada con la energ\u00eda actual.","og_url":"https:\/\/www.fracturaexpuesta.com.ar\/gotan\/desde-francia-deleones-tango-orquesta-lanza-placebo-su-disco-debut\/","og_site_name":"Fractura Expuesta | Tango!","article_author":"https:\/\/www.facebook.com\/fracturaexpuestaok","article_published_time":"2025-10-03T12:33:00+00:00","og_image":[{"width":1200,"height":1200,"url":"https:\/\/www.fracturaexpuesta.com.ar\/gotan\/wp-content\/uploads\/2025\/10\/deleones-tango-orquesta.jpg","type":"image\/jpeg"}],"author":"Fractura Expuesta","twitter_card":"summary_large_image","twitter_title":"Desde Francia, DeLeones Tango Orquesta lanza \"Placebo\", su disco debut","twitter_description":"Tangos de la \u00e9poca dorada con la energ\u00eda actual.","twitter_image":"https:\/\/www.fracturaexpuesta.com.ar\/gotan\/wp-content\/uploads\/2025\/10\/deleones-tango-orquesta.jpg","twitter_creator":"@https:\/\/x.com\/fracturatango","twitter_misc":{"Escrito por":"Fractura Expuesta","Tiempo de lectura":"1 minuto"},"schema":{"@context":"https:\/\/schema.org","@graph":[{"@type":"Article","@id":"https:\/\/www.fracturaexpuesta.com.ar\/gotan\/desde-francia-deleones-tango-orquesta-lanza-placebo-su-disco-debut\/#article","isPartOf":{"@id":"https:\/\/www.fracturaexpuesta.com.ar\/gotan\/desde-francia-deleones-tango-orquesta-lanza-placebo-su-disco-debut\/"},"author":{"name":"Fractura Expuesta","@id":"https:\/\/www.fracturaexpuesta.com.ar\/gotan\/#\/schema\/person\/d8266939f778485b13ad2174aa9e199e"},"headline":"Desde Francia, DeLeones Tango Orquesta lanza &#8220;Placebo&#8221;, su disco debut","datePublished":"2025-10-03T12:33:00+00:00","mainEntityOfPage":{"@id":"https:\/\/www.fracturaexpuesta.com.ar\/gotan\/desde-francia-deleones-tango-orquesta-lanza-placebo-su-disco-debut\/"},"wordCount":109,"commentCount":1,"publisher":{"@id":"https:\/\/www.fracturaexpuesta.com.ar\/gotan\/#organization"},"image":{"@id":"https:\/\/www.fracturaexpuesta.com.ar\/gotan\/desde-francia-deleones-tango-orquesta-lanza-placebo-su-disco-debut\/#primaryimage"},"thumbnailUrl":"https:\/\/www.fracturaexpuesta.com.ar\/gotan\/wp-content\/uploads\/2025\/10\/deleones-tango-orquesta.jpg","keywords":["DeLeones Tango Orquesta","discos"],"articleSection":["Discos"],"inLanguage":"es-AR","potentialAction":[{"@type":"CommentAction","name":"Comment","target":["https:\/\/www.fracturaexpuesta.com.ar\/gotan\/desde-francia-deleones-tango-orquesta-lanza-placebo-su-disco-debut\/#respond"]}]},{"@type":"WebPage","@id":"https:\/\/www.fracturaexpuesta.com.ar\/gotan\/desde-francia-deleones-tango-orquesta-lanza-placebo-su-disco-debut\/","url":"https:\/\/www.fracturaexpuesta.com.ar\/gotan\/desde-francia-deleones-tango-orquesta-lanza-placebo-su-disco-debut\/","name":"Desde Francia, DeLeones Tango Orquesta lanza \"Placebo\", su disco debut &#187; Fractura Expuesta | Tango!","isPartOf":{"@id":"https:\/\/www.fracturaexpuesta.com.ar\/gotan\/#website"},"primaryImageOfPage":{"@id":"https:\/\/www.fracturaexpuesta.com.ar\/gotan\/desde-francia-deleones-tango-orquesta-lanza-placebo-su-disco-debut\/#primaryimage"},"image":{"@id":"https:\/\/www.fracturaexpuesta.com.ar\/gotan\/desde-francia-deleones-tango-orquesta-lanza-placebo-su-disco-debut\/#primaryimage"},"thumbnailUrl":"https:\/\/www.fracturaexpuesta.com.ar\/gotan\/wp-content\/uploads\/2025\/10\/deleones-tango-orquesta.jpg","datePublished":"2025-10-03T12:33:00+00:00","description":"Tangos de la \u00e9poca dorada con la energ\u00eda actual.","breadcrumb":{"@id":"https:\/\/www.fracturaexpuesta.com.ar\/gotan\/desde-francia-deleones-tango-orquesta-lanza-placebo-su-disco-debut\/#breadcrumb"},"inLanguage":"es-AR","potentialAction":[{"@type":"ReadAction","target":["https:\/\/www.fracturaexpuesta.com.ar\/gotan\/desde-francia-deleones-tango-orquesta-lanza-placebo-su-disco-debut\/"]}]},{"@type":"ImageObject","inLanguage":"es-AR","@id":"https:\/\/www.fracturaexpuesta.com.ar\/gotan\/desde-francia-deleones-tango-orquesta-lanza-placebo-su-disco-debut\/#primaryimage","url":"https:\/\/www.fracturaexpuesta.com.ar\/gotan\/wp-content\/uploads\/2025\/10\/deleones-tango-orquesta.jpg","contentUrl":"https:\/\/www.fracturaexpuesta.com.ar\/gotan\/wp-content\/uploads\/2025\/10\/deleones-tango-orquesta.jpg","width":1200,"height":1200},{"@type":"BreadcrumbList","@id":"https:\/\/www.fracturaexpuesta.com.ar\/gotan\/desde-francia-deleones-tango-orquesta-lanza-placebo-su-disco-debut\/#breadcrumb","itemListElement":[{"@type":"ListItem","position":1,"name":"Inicio","item":"https:\/\/www.fracturaexpuesta.com.ar\/gotan\/"},{"@type":"ListItem","position":2,"name":"Desde Francia, DeLeones Tango Orquesta lanza &#8220;Placebo&#8221;, su disco debut"}]},{"@type":"WebSite","@id":"https:\/\/www.fracturaexpuesta.com.ar\/gotan\/#website","url":"https:\/\/www.fracturaexpuesta.com.ar\/gotan\/","name":"Fractura Expuesta | Tango!","description":"","publisher":{"@id":"https:\/\/www.fracturaexpuesta.com.ar\/gotan\/#organization"},"potentialAction":[{"@type":"SearchAction","target":{"@type":"EntryPoint","urlTemplate":"https:\/\/www.fracturaexpuesta.com.ar\/gotan\/?s={search_term_string}"},"query-input":{"@type":"PropertyValueSpecification","valueRequired":true,"valueName":"search_term_string"}}],"inLanguage":"es-AR"},{"@type":"Organization","@id":"https:\/\/www.fracturaexpuesta.com.ar\/gotan\/#organization","name":"Fractura Expuesta | Tango!","url":"https:\/\/www.fracturaexpuesta.com.ar\/gotan\/","logo":{"@type":"ImageObject","inLanguage":"es-AR","@id":"https:\/\/www.fracturaexpuesta.com.ar\/gotan\/#\/schema\/logo\/image\/","url":"https:\/\/www.fracturaexpuesta.com.ar\/gotan\/wp-content\/uploads\/2025\/03\/avatar2centroOK.jpg","contentUrl":"https:\/\/www.fracturaexpuesta.com.ar\/gotan\/wp-content\/uploads\/2025\/03\/avatar2centroOK.jpg","width":600,"height":600,"caption":"Fractura Expuesta | Tango!"},"image":{"@id":"https:\/\/www.fracturaexpuesta.com.ar\/gotan\/#\/schema\/logo\/image\/"}},{"@type":"Person","@id":"https:\/\/www.fracturaexpuesta.com.ar\/gotan\/#\/schema\/person\/d8266939f778485b13ad2174aa9e199e","name":"Fractura Expuesta","image":{"@type":"ImageObject","inLanguage":"es-AR","@id":"https:\/\/secure.gravatar.com\/avatar\/c4bad1eb9f93dd4a42df3aa8b8e8b882ff893fcea188ee15488a845db442d7ec?s=96&d=mm&r=g","url":"https:\/\/secure.gravatar.com\/avatar\/c4bad1eb9f93dd4a42df3aa8b8e8b882ff893fcea188ee15488a845db442d7ec?s=96&d=mm&r=g","contentUrl":"https:\/\/secure.gravatar.com\/avatar\/c4bad1eb9f93dd4a42df3aa8b8e8b882ff893fcea188ee15488a845db442d7ec?s=96&d=mm&r=g","caption":"Fractura Expuesta"},"description":"Sitio de tango y noticias culturales. Desde 2003, el espacio referente del tango de estos tiempos.","sameAs":["https:\/\/www.fracturaexpuesta.com.ar","https:\/\/www.facebook.com\/fracturaexpuestaok","https:\/\/www.instagram.com\/fracturaexpuesta","https:\/\/x.com\/https:\/\/x.com\/fracturatango","https:\/\/www.youtube.com\/channel\/UCojA8Q0QDpnncOL8sfTHOHg"],"url":"https:\/\/www.fracturaexpuesta.com.ar\/gotan\/author\/fractura-expuesta\/"}]}},"_links":{"self":[{"href":"https:\/\/www.fracturaexpuesta.com.ar\/gotan\/wp-json\/wp\/v2\/posts\/5451","targetHints":{"allow":["GET"]}}],"collection":[{"href":"https:\/\/www.fracturaexpuesta.com.ar\/gotan\/wp-json\/wp\/v2\/posts"}],"about":[{"href":"https:\/\/www.fracturaexpuesta.com.ar\/gotan\/wp-json\/wp\/v2\/types\/post"}],"author":[{"embeddable":true,"href":"https:\/\/www.fracturaexpuesta.com.ar\/gotan\/wp-json\/wp\/v2\/users\/1"}],"replies":[{"embeddable":true,"href":"https:\/\/www.fracturaexpuesta.com.ar\/gotan\/wp-json\/wp\/v2\/comments?post=5451"}],"version-history":[{"count":6,"href":"https:\/\/www.fracturaexpuesta.com.ar\/gotan\/wp-json\/wp\/v2\/posts\/5451\/revisions"}],"predecessor-version":[{"id":5461,"href":"https:\/\/www.fracturaexpuesta.com.ar\/gotan\/wp-json\/wp\/v2\/posts\/5451\/revisions\/5461"}],"wp:featuredmedia":[{"embeddable":true,"href":"https:\/\/www.fracturaexpuesta.com.ar\/gotan\/wp-json\/wp\/v2\/media\/5452"}],"wp:attachment":[{"href":"https:\/\/www.fracturaexpuesta.com.ar\/gotan\/wp-json\/wp\/v2\/media?parent=5451"}],"wp:term":[{"taxonomy":"category","embeddable":true,"href":"https:\/\/www.fracturaexpuesta.com.ar\/gotan\/wp-json\/wp\/v2\/categories?post=5451"},{"taxonomy":"post_tag","embeddable":true,"href":"https:\/\/www.fracturaexpuesta.com.ar\/gotan\/wp-json\/wp\/v2\/tags?post=5451"}],"curies":[{"name":"wp","href":"https:\/\/api.w.org\/{rel}","templated":true}]}}