{"id":5462,"date":"2025-10-03T15:55:52","date_gmt":"2025-10-03T18:55:52","guid":{"rendered":"https:\/\/www.fracturaexpuesta.com.ar\/gotan\/?p=5462"},"modified":"2025-10-27T14:46:02","modified_gmt":"2025-10-27T17:46:02","slug":"gardel-revive-con-la-inteligencia-artificial-en-un-mediometraje-animado-producido-por-la-uba","status":"publish","type":"post","link":"https:\/\/www.fracturaexpuesta.com.ar\/gotan\/gardel-revive-con-la-inteligencia-artificial-en-un-mediometraje-animado-producido-por-la-uba\/","title":{"rendered":"Gardel revive con la inteligencia artificial en la primera pel\u00edcula de animaci\u00f3n producida desde la UBA"},"content":{"rendered":"\n<p class=\"wp-block-paragraph\"><em>El d\u00eda que me quieras. El viaje de Gardel<\/em> se estren\u00f3 recientemente en Buenos Aires durante la tercera edici\u00f3n del Festival Internacional de Cine de la UBA.<\/p>\n\n\n\n<p class=\"wp-block-paragraph\">El film, dirigido por Mat\u00edas Mera, es la primera pel\u00edcula de animaci\u00f3n producida desde la Universidad de Buenos Aires y fue construida mediante <strong>inteligencia artificial generativa<\/strong>.<\/p>\n\n\n\n<p class=\"wp-block-paragraph\">El material, da cuenta de la vida y obra del m\u00edtico cantante, un \u00edcono por excelencia de la cultura argentina.<\/p>\n\n\n\n<p class=\"wp-block-paragraph\">Se trata de un mediometraje que dura 32 minutos y relata la aventura que cambi\u00f3 la historia de la m\u00fasica y dio origen al primer mito del siglo XX. De la pobreza al esmoquin, del arrabal a Manhattan y m\u00e1s.<\/p>\n\n\n\n<p class=\"wp-block-paragraph\">&#8220;Detr\u00e1s de la leyenda hubo un hombre que desafi\u00f3 su destino&#8221;, asegura el trailer del film.<\/p>\n\n\n\n<iframe loading=\"lazy\" width=\"560\" height=\"315\" src=\"https:\/\/www.youtube.com\/embed\/XBDE2HTAuU8?si=2aXBWp6F1o_1MeaA\" title=\"YouTube video player\" frameborder=\"0\" allow=\"accelerometer; autoplay; clipboard-write; encrypted-media; gyroscope; picture-in-picture; web-share\" referrerpolicy=\"strict-origin-when-cross-origin\" allowfullscreen><\/iframe>\n\n\n\n<p class=\"wp-block-paragraph\"><\/p>\n\n\n\n<p class=\"wp-block-paragraph\">El proyecto cont\u00f3 adem\u00e1s con la producci\u00f3n ejecutiva de Mat\u00edas Rojo y Ricardo Alfons\u00edn, mientras que Leandro Mera ocup\u00f3 el rol de realizador de IA.<\/p>\n\n\n\n<p class=\"wp-block-paragraph\">El guion y el sonido estuvieron a cargo de Sebasti\u00e1n Cort\u00e9s y Gaspar Benegas (Los Fundamentalistas del Aire Acondicionado) al tiempo que la investigaci\u00f3n y archivo en el que se bas\u00f3 el material tuvieron a Paula \u00c1lvarez y Florencia Nolazco como encargadas.<\/p>\n\n\n\n<div style=\"height:10px\" aria-hidden=\"true\" class=\"wp-block-spacer\"><\/div>\n","protected":false},"excerpt":{"rendered":"<p>Se trata de &#8220;El d\u00eda que me quieras. El viaje de Gardel&#8221; que da cuenta de la vida y obra del m\u00edtico cantante.<\/p>\n","protected":false},"author":1,"featured_media":5464,"comment_status":"open","ping_status":"open","sticky":false,"template":"","format":"standard","meta":{"footnotes":""},"categories":[122],"tags":[177,74],"class_list":["post-5462","post","type-post","status-publish","format-standard","has-post-thumbnail","hentry","category-radar-tango","tag-carlos-gardel","tag-gardel"],"yoast_head":"<!-- This site is optimized with the Yoast SEO plugin v28.3 - https:\/\/yoast.com\/product\/yoast-seo-wordpress\/ -->\n<title>Gardel revive con la inteligencia artificial en la primera pel\u00edcula de animaci\u00f3n producida desde la UBA &#187; Fractura Expuesta | Tango!<\/title>\n<meta name=\"description\" content=\"Se trata de &quot;El d\u00eda que me quieras. El viaje de Gardel&quot; que da cuenta de la vida y obra del m\u00edtico cantante.\" \/>\n<meta name=\"robots\" content=\"index, follow, max-snippet:-1, max-image-preview:large, max-video-preview:-1\" \/>\n<link rel=\"canonical\" href=\"https:\/\/www.fracturaexpuesta.com.ar\/gotan\/gardel-revive-con-la-inteligencia-artificial-en-un-mediometraje-animado-producido-por-la-uba\/\" \/>\n<meta property=\"og:locale\" content=\"es_ES\" \/>\n<meta property=\"og:type\" content=\"article\" \/>\n<meta property=\"og:title\" content=\"Gardel revive con la inteligencia artificial en la primera pel\u00edcula de animaci\u00f3n producida desde la UBA\" \/>\n<meta property=\"og:description\" content=\"Se trata de &quot;El d\u00eda que me quieras. El viaje de Gardel&quot; que da cuenta de la vida y obra del m\u00edtico cantante.\" \/>\n<meta property=\"og:url\" content=\"https:\/\/www.fracturaexpuesta.com.ar\/gotan\/gardel-revive-con-la-inteligencia-artificial-en-un-mediometraje-animado-producido-por-la-uba\/\" \/>\n<meta property=\"og:site_name\" content=\"Fractura Expuesta | Tango!\" \/>\n<meta property=\"article:author\" content=\"https:\/\/www.facebook.com\/fracturaexpuestaok\" \/>\n<meta property=\"article:published_time\" content=\"2025-10-03T18:55:52+00:00\" \/>\n<meta property=\"article:modified_time\" content=\"2025-10-27T17:46:02+00:00\" \/>\n<meta property=\"og:image\" content=\"https:\/\/www.fracturaexpuesta.com.ar\/gotan\/wp-content\/uploads\/2025\/10\/Gardel-animado.jpg\" \/>\n\t<meta property=\"og:image:width\" content=\"1536\" \/>\n\t<meta property=\"og:image:height\" content=\"864\" \/>\n\t<meta property=\"og:image:type\" content=\"image\/jpeg\" \/>\n<meta name=\"author\" content=\"Fractura Expuesta\" \/>\n<meta name=\"twitter:card\" content=\"summary_large_image\" \/>\n<meta name=\"twitter:title\" content=\"Gardel revive con la inteligencia artificial en la primera pel\u00edcula de animaci\u00f3n producida desde la UBA\" \/>\n<meta name=\"twitter:description\" content=\"Se trata de &quot;El d\u00eda que me quieras. El viaje de Gardel&quot; que da cuenta de la vida y obra del m\u00edtico cantante.\" \/>\n<meta name=\"twitter:image\" content=\"https:\/\/www.fracturaexpuesta.com.ar\/gotan\/wp-content\/uploads\/2025\/10\/Gardel-animado.jpg\" \/>\n<meta name=\"twitter:creator\" content=\"@https:\/\/x.com\/fracturatango\" \/>\n<meta name=\"twitter:label1\" content=\"Escrito por\" \/>\n\t<meta name=\"twitter:data1\" content=\"Fractura Expuesta\" \/>\n\t<meta name=\"twitter:label2\" content=\"Tiempo de lectura\" \/>\n\t<meta name=\"twitter:data2\" content=\"2 minutos\" \/>\n<script type=\"application\/ld+json\" class=\"yoast-schema-graph\">{\"@context\":\"https:\\\/\\\/schema.org\",\"@graph\":[{\"@type\":\"Article\",\"@id\":\"https:\\\/\\\/www.fracturaexpuesta.com.ar\\\/gotan\\\/gardel-revive-con-la-inteligencia-artificial-en-un-mediometraje-animado-producido-por-la-uba\\\/#article\",\"isPartOf\":{\"@id\":\"https:\\\/\\\/www.fracturaexpuesta.com.ar\\\/gotan\\\/gardel-revive-con-la-inteligencia-artificial-en-un-mediometraje-animado-producido-por-la-uba\\\/\"},\"author\":{\"name\":\"Fractura Expuesta\",\"@id\":\"https:\\\/\\\/www.fracturaexpuesta.com.ar\\\/gotan\\\/#\\\/schema\\\/person\\\/d8266939f778485b13ad2174aa9e199e\"},\"headline\":\"Gardel revive con la inteligencia artificial en la primera pel\u00edcula de animaci\u00f3n producida desde la UBA\",\"datePublished\":\"2025-10-03T18:55:52+00:00\",\"dateModified\":\"2025-10-27T17:46:02+00:00\",\"mainEntityOfPage\":{\"@id\":\"https:\\\/\\\/www.fracturaexpuesta.com.ar\\\/gotan\\\/gardel-revive-con-la-inteligencia-artificial-en-un-mediometraje-animado-producido-por-la-uba\\\/\"},\"wordCount\":229,\"commentCount\":0,\"publisher\":{\"@id\":\"https:\\\/\\\/www.fracturaexpuesta.com.ar\\\/gotan\\\/#organization\"},\"image\":{\"@id\":\"https:\\\/\\\/www.fracturaexpuesta.com.ar\\\/gotan\\\/gardel-revive-con-la-inteligencia-artificial-en-un-mediometraje-animado-producido-por-la-uba\\\/#primaryimage\"},\"thumbnailUrl\":\"https:\\\/\\\/www.fracturaexpuesta.com.ar\\\/gotan\\\/wp-content\\\/uploads\\\/2025\\\/10\\\/Gardel-animado.jpg\",\"keywords\":[\"carlos gardel\",\"gardel\"],\"articleSection\":[\"Radar Tango\"],\"inLanguage\":\"es-AR\",\"potentialAction\":[{\"@type\":\"CommentAction\",\"name\":\"Comment\",\"target\":[\"https:\\\/\\\/www.fracturaexpuesta.com.ar\\\/gotan\\\/gardel-revive-con-la-inteligencia-artificial-en-un-mediometraje-animado-producido-por-la-uba\\\/#respond\"]}]},{\"@type\":\"WebPage\",\"@id\":\"https:\\\/\\\/www.fracturaexpuesta.com.ar\\\/gotan\\\/gardel-revive-con-la-inteligencia-artificial-en-un-mediometraje-animado-producido-por-la-uba\\\/\",\"url\":\"https:\\\/\\\/www.fracturaexpuesta.com.ar\\\/gotan\\\/gardel-revive-con-la-inteligencia-artificial-en-un-mediometraje-animado-producido-por-la-uba\\\/\",\"name\":\"Gardel revive con la inteligencia artificial en la primera pel\u00edcula de animaci\u00f3n producida desde la UBA &#187; Fractura Expuesta | Tango!\",\"isPartOf\":{\"@id\":\"https:\\\/\\\/www.fracturaexpuesta.com.ar\\\/gotan\\\/#website\"},\"primaryImageOfPage\":{\"@id\":\"https:\\\/\\\/www.fracturaexpuesta.com.ar\\\/gotan\\\/gardel-revive-con-la-inteligencia-artificial-en-un-mediometraje-animado-producido-por-la-uba\\\/#primaryimage\"},\"image\":{\"@id\":\"https:\\\/\\\/www.fracturaexpuesta.com.ar\\\/gotan\\\/gardel-revive-con-la-inteligencia-artificial-en-un-mediometraje-animado-producido-por-la-uba\\\/#primaryimage\"},\"thumbnailUrl\":\"https:\\\/\\\/www.fracturaexpuesta.com.ar\\\/gotan\\\/wp-content\\\/uploads\\\/2025\\\/10\\\/Gardel-animado.jpg\",\"datePublished\":\"2025-10-03T18:55:52+00:00\",\"dateModified\":\"2025-10-27T17:46:02+00:00\",\"description\":\"Se trata de \\\"El d\u00eda que me quieras. El viaje de Gardel\\\" que da cuenta de la vida y obra del m\u00edtico cantante.\",\"breadcrumb\":{\"@id\":\"https:\\\/\\\/www.fracturaexpuesta.com.ar\\\/gotan\\\/gardel-revive-con-la-inteligencia-artificial-en-un-mediometraje-animado-producido-por-la-uba\\\/#breadcrumb\"},\"inLanguage\":\"es-AR\",\"potentialAction\":[{\"@type\":\"ReadAction\",\"target\":[\"https:\\\/\\\/www.fracturaexpuesta.com.ar\\\/gotan\\\/gardel-revive-con-la-inteligencia-artificial-en-un-mediometraje-animado-producido-por-la-uba\\\/\"]}]},{\"@type\":\"ImageObject\",\"inLanguage\":\"es-AR\",\"@id\":\"https:\\\/\\\/www.fracturaexpuesta.com.ar\\\/gotan\\\/gardel-revive-con-la-inteligencia-artificial-en-un-mediometraje-animado-producido-por-la-uba\\\/#primaryimage\",\"url\":\"https:\\\/\\\/www.fracturaexpuesta.com.ar\\\/gotan\\\/wp-content\\\/uploads\\\/2025\\\/10\\\/Gardel-animado.jpg\",\"contentUrl\":\"https:\\\/\\\/www.fracturaexpuesta.com.ar\\\/gotan\\\/wp-content\\\/uploads\\\/2025\\\/10\\\/Gardel-animado.jpg\",\"width\":1536,\"height\":864,\"caption\":\"Gardel animado con IA\"},{\"@type\":\"BreadcrumbList\",\"@id\":\"https:\\\/\\\/www.fracturaexpuesta.com.ar\\\/gotan\\\/gardel-revive-con-la-inteligencia-artificial-en-un-mediometraje-animado-producido-por-la-uba\\\/#breadcrumb\",\"itemListElement\":[{\"@type\":\"ListItem\",\"position\":1,\"name\":\"Inicio\",\"item\":\"https:\\\/\\\/www.fracturaexpuesta.com.ar\\\/gotan\\\/\"},{\"@type\":\"ListItem\",\"position\":2,\"name\":\"Gardel revive con la inteligencia artificial en la primera pel\u00edcula de animaci\u00f3n producida desde la UBA\"}]},{\"@type\":\"WebSite\",\"@id\":\"https:\\\/\\\/www.fracturaexpuesta.com.ar\\\/gotan\\\/#website\",\"url\":\"https:\\\/\\\/www.fracturaexpuesta.com.ar\\\/gotan\\\/\",\"name\":\"Fractura Expuesta | Tango!\",\"description\":\"\",\"publisher\":{\"@id\":\"https:\\\/\\\/www.fracturaexpuesta.com.ar\\\/gotan\\\/#organization\"},\"potentialAction\":[{\"@type\":\"SearchAction\",\"target\":{\"@type\":\"EntryPoint\",\"urlTemplate\":\"https:\\\/\\\/www.fracturaexpuesta.com.ar\\\/gotan\\\/?s={search_term_string}\"},\"query-input\":{\"@type\":\"PropertyValueSpecification\",\"valueRequired\":true,\"valueName\":\"search_term_string\"}}],\"inLanguage\":\"es-AR\"},{\"@type\":\"Organization\",\"@id\":\"https:\\\/\\\/www.fracturaexpuesta.com.ar\\\/gotan\\\/#organization\",\"name\":\"Fractura Expuesta | Tango!\",\"url\":\"https:\\\/\\\/www.fracturaexpuesta.com.ar\\\/gotan\\\/\",\"logo\":{\"@type\":\"ImageObject\",\"inLanguage\":\"es-AR\",\"@id\":\"https:\\\/\\\/www.fracturaexpuesta.com.ar\\\/gotan\\\/#\\\/schema\\\/logo\\\/image\\\/\",\"url\":\"https:\\\/\\\/www.fracturaexpuesta.com.ar\\\/gotan\\\/wp-content\\\/uploads\\\/2025\\\/03\\\/avatar2centroOK.jpg\",\"contentUrl\":\"https:\\\/\\\/www.fracturaexpuesta.com.ar\\\/gotan\\\/wp-content\\\/uploads\\\/2025\\\/03\\\/avatar2centroOK.jpg\",\"width\":600,\"height\":600,\"caption\":\"Fractura Expuesta | Tango!\"},\"image\":{\"@id\":\"https:\\\/\\\/www.fracturaexpuesta.com.ar\\\/gotan\\\/#\\\/schema\\\/logo\\\/image\\\/\"}},{\"@type\":\"Person\",\"@id\":\"https:\\\/\\\/www.fracturaexpuesta.com.ar\\\/gotan\\\/#\\\/schema\\\/person\\\/d8266939f778485b13ad2174aa9e199e\",\"name\":\"Fractura Expuesta\",\"image\":{\"@type\":\"ImageObject\",\"inLanguage\":\"es-AR\",\"@id\":\"https:\\\/\\\/secure.gravatar.com\\\/avatar\\\/c4bad1eb9f93dd4a42df3aa8b8e8b882ff893fcea188ee15488a845db442d7ec?s=96&d=mm&r=g\",\"url\":\"https:\\\/\\\/secure.gravatar.com\\\/avatar\\\/c4bad1eb9f93dd4a42df3aa8b8e8b882ff893fcea188ee15488a845db442d7ec?s=96&d=mm&r=g\",\"contentUrl\":\"https:\\\/\\\/secure.gravatar.com\\\/avatar\\\/c4bad1eb9f93dd4a42df3aa8b8e8b882ff893fcea188ee15488a845db442d7ec?s=96&d=mm&r=g\",\"caption\":\"Fractura Expuesta\"},\"description\":\"Sitio de tango y noticias culturales. Desde 2003, el espacio referente del tango de estos tiempos.\",\"sameAs\":[\"https:\\\/\\\/www.fracturaexpuesta.com.ar\",\"https:\\\/\\\/www.facebook.com\\\/fracturaexpuestaok\",\"https:\\\/\\\/www.instagram.com\\\/fracturaexpuesta\",\"https:\\\/\\\/x.com\\\/https:\\\/\\\/x.com\\\/fracturatango\",\"https:\\\/\\\/www.youtube.com\\\/channel\\\/UCojA8Q0QDpnncOL8sfTHOHg\"],\"url\":\"https:\\\/\\\/www.fracturaexpuesta.com.ar\\\/gotan\\\/author\\\/fractura-expuesta\\\/\"}]}<\/script>\n<!-- \/ Yoast SEO plugin. -->","yoast_head_json":{"title":"Gardel revive con la inteligencia artificial en la primera pel\u00edcula de animaci\u00f3n producida desde la UBA &#187; Fractura Expuesta | Tango!","description":"Se trata de \"El d\u00eda que me quieras. El viaje de Gardel\" que da cuenta de la vida y obra del m\u00edtico cantante.","robots":{"index":"index","follow":"follow","max-snippet":"max-snippet:-1","max-image-preview":"max-image-preview:large","max-video-preview":"max-video-preview:-1"},"canonical":"https:\/\/www.fracturaexpuesta.com.ar\/gotan\/gardel-revive-con-la-inteligencia-artificial-en-un-mediometraje-animado-producido-por-la-uba\/","og_locale":"es_ES","og_type":"article","og_title":"Gardel revive con la inteligencia artificial en la primera pel\u00edcula de animaci\u00f3n producida desde la UBA","og_description":"Se trata de \"El d\u00eda que me quieras. El viaje de Gardel\" que da cuenta de la vida y obra del m\u00edtico cantante.","og_url":"https:\/\/www.fracturaexpuesta.com.ar\/gotan\/gardel-revive-con-la-inteligencia-artificial-en-un-mediometraje-animado-producido-por-la-uba\/","og_site_name":"Fractura Expuesta | Tango!","article_author":"https:\/\/www.facebook.com\/fracturaexpuestaok","article_published_time":"2025-10-03T18:55:52+00:00","article_modified_time":"2025-10-27T17:46:02+00:00","og_image":[{"width":1536,"height":864,"url":"https:\/\/www.fracturaexpuesta.com.ar\/gotan\/wp-content\/uploads\/2025\/10\/Gardel-animado.jpg","type":"image\/jpeg"}],"author":"Fractura Expuesta","twitter_card":"summary_large_image","twitter_title":"Gardel revive con la inteligencia artificial en la primera pel\u00edcula de animaci\u00f3n producida desde la UBA","twitter_description":"Se trata de \"El d\u00eda que me quieras. El viaje de Gardel\" que da cuenta de la vida y obra del m\u00edtico cantante.","twitter_image":"https:\/\/www.fracturaexpuesta.com.ar\/gotan\/wp-content\/uploads\/2025\/10\/Gardel-animado.jpg","twitter_creator":"@https:\/\/x.com\/fracturatango","twitter_misc":{"Escrito por":"Fractura Expuesta","Tiempo de lectura":"2 minutos"},"schema":{"@context":"https:\/\/schema.org","@graph":[{"@type":"Article","@id":"https:\/\/www.fracturaexpuesta.com.ar\/gotan\/gardel-revive-con-la-inteligencia-artificial-en-un-mediometraje-animado-producido-por-la-uba\/#article","isPartOf":{"@id":"https:\/\/www.fracturaexpuesta.com.ar\/gotan\/gardel-revive-con-la-inteligencia-artificial-en-un-mediometraje-animado-producido-por-la-uba\/"},"author":{"name":"Fractura Expuesta","@id":"https:\/\/www.fracturaexpuesta.com.ar\/gotan\/#\/schema\/person\/d8266939f778485b13ad2174aa9e199e"},"headline":"Gardel revive con la inteligencia artificial en la primera pel\u00edcula de animaci\u00f3n producida desde la UBA","datePublished":"2025-10-03T18:55:52+00:00","dateModified":"2025-10-27T17:46:02+00:00","mainEntityOfPage":{"@id":"https:\/\/www.fracturaexpuesta.com.ar\/gotan\/gardel-revive-con-la-inteligencia-artificial-en-un-mediometraje-animado-producido-por-la-uba\/"},"wordCount":229,"commentCount":0,"publisher":{"@id":"https:\/\/www.fracturaexpuesta.com.ar\/gotan\/#organization"},"image":{"@id":"https:\/\/www.fracturaexpuesta.com.ar\/gotan\/gardel-revive-con-la-inteligencia-artificial-en-un-mediometraje-animado-producido-por-la-uba\/#primaryimage"},"thumbnailUrl":"https:\/\/www.fracturaexpuesta.com.ar\/gotan\/wp-content\/uploads\/2025\/10\/Gardel-animado.jpg","keywords":["carlos gardel","gardel"],"articleSection":["Radar Tango"],"inLanguage":"es-AR","potentialAction":[{"@type":"CommentAction","name":"Comment","target":["https:\/\/www.fracturaexpuesta.com.ar\/gotan\/gardel-revive-con-la-inteligencia-artificial-en-un-mediometraje-animado-producido-por-la-uba\/#respond"]}]},{"@type":"WebPage","@id":"https:\/\/www.fracturaexpuesta.com.ar\/gotan\/gardel-revive-con-la-inteligencia-artificial-en-un-mediometraje-animado-producido-por-la-uba\/","url":"https:\/\/www.fracturaexpuesta.com.ar\/gotan\/gardel-revive-con-la-inteligencia-artificial-en-un-mediometraje-animado-producido-por-la-uba\/","name":"Gardel revive con la inteligencia artificial en la primera pel\u00edcula de animaci\u00f3n producida desde la UBA &#187; Fractura Expuesta | Tango!","isPartOf":{"@id":"https:\/\/www.fracturaexpuesta.com.ar\/gotan\/#website"},"primaryImageOfPage":{"@id":"https:\/\/www.fracturaexpuesta.com.ar\/gotan\/gardel-revive-con-la-inteligencia-artificial-en-un-mediometraje-animado-producido-por-la-uba\/#primaryimage"},"image":{"@id":"https:\/\/www.fracturaexpuesta.com.ar\/gotan\/gardel-revive-con-la-inteligencia-artificial-en-un-mediometraje-animado-producido-por-la-uba\/#primaryimage"},"thumbnailUrl":"https:\/\/www.fracturaexpuesta.com.ar\/gotan\/wp-content\/uploads\/2025\/10\/Gardel-animado.jpg","datePublished":"2025-10-03T18:55:52+00:00","dateModified":"2025-10-27T17:46:02+00:00","description":"Se trata de \"El d\u00eda que me quieras. El viaje de Gardel\" que da cuenta de la vida y obra del m\u00edtico cantante.","breadcrumb":{"@id":"https:\/\/www.fracturaexpuesta.com.ar\/gotan\/gardel-revive-con-la-inteligencia-artificial-en-un-mediometraje-animado-producido-por-la-uba\/#breadcrumb"},"inLanguage":"es-AR","potentialAction":[{"@type":"ReadAction","target":["https:\/\/www.fracturaexpuesta.com.ar\/gotan\/gardel-revive-con-la-inteligencia-artificial-en-un-mediometraje-animado-producido-por-la-uba\/"]}]},{"@type":"ImageObject","inLanguage":"es-AR","@id":"https:\/\/www.fracturaexpuesta.com.ar\/gotan\/gardel-revive-con-la-inteligencia-artificial-en-un-mediometraje-animado-producido-por-la-uba\/#primaryimage","url":"https:\/\/www.fracturaexpuesta.com.ar\/gotan\/wp-content\/uploads\/2025\/10\/Gardel-animado.jpg","contentUrl":"https:\/\/www.fracturaexpuesta.com.ar\/gotan\/wp-content\/uploads\/2025\/10\/Gardel-animado.jpg","width":1536,"height":864,"caption":"Gardel animado con IA"},{"@type":"BreadcrumbList","@id":"https:\/\/www.fracturaexpuesta.com.ar\/gotan\/gardel-revive-con-la-inteligencia-artificial-en-un-mediometraje-animado-producido-por-la-uba\/#breadcrumb","itemListElement":[{"@type":"ListItem","position":1,"name":"Inicio","item":"https:\/\/www.fracturaexpuesta.com.ar\/gotan\/"},{"@type":"ListItem","position":2,"name":"Gardel revive con la inteligencia artificial en la primera pel\u00edcula de animaci\u00f3n producida desde la UBA"}]},{"@type":"WebSite","@id":"https:\/\/www.fracturaexpuesta.com.ar\/gotan\/#website","url":"https:\/\/www.fracturaexpuesta.com.ar\/gotan\/","name":"Fractura Expuesta | Tango!","description":"","publisher":{"@id":"https:\/\/www.fracturaexpuesta.com.ar\/gotan\/#organization"},"potentialAction":[{"@type":"SearchAction","target":{"@type":"EntryPoint","urlTemplate":"https:\/\/www.fracturaexpuesta.com.ar\/gotan\/?s={search_term_string}"},"query-input":{"@type":"PropertyValueSpecification","valueRequired":true,"valueName":"search_term_string"}}],"inLanguage":"es-AR"},{"@type":"Organization","@id":"https:\/\/www.fracturaexpuesta.com.ar\/gotan\/#organization","name":"Fractura Expuesta | Tango!","url":"https:\/\/www.fracturaexpuesta.com.ar\/gotan\/","logo":{"@type":"ImageObject","inLanguage":"es-AR","@id":"https:\/\/www.fracturaexpuesta.com.ar\/gotan\/#\/schema\/logo\/image\/","url":"https:\/\/www.fracturaexpuesta.com.ar\/gotan\/wp-content\/uploads\/2025\/03\/avatar2centroOK.jpg","contentUrl":"https:\/\/www.fracturaexpuesta.com.ar\/gotan\/wp-content\/uploads\/2025\/03\/avatar2centroOK.jpg","width":600,"height":600,"caption":"Fractura Expuesta | Tango!"},"image":{"@id":"https:\/\/www.fracturaexpuesta.com.ar\/gotan\/#\/schema\/logo\/image\/"}},{"@type":"Person","@id":"https:\/\/www.fracturaexpuesta.com.ar\/gotan\/#\/schema\/person\/d8266939f778485b13ad2174aa9e199e","name":"Fractura Expuesta","image":{"@type":"ImageObject","inLanguage":"es-AR","@id":"https:\/\/secure.gravatar.com\/avatar\/c4bad1eb9f93dd4a42df3aa8b8e8b882ff893fcea188ee15488a845db442d7ec?s=96&d=mm&r=g","url":"https:\/\/secure.gravatar.com\/avatar\/c4bad1eb9f93dd4a42df3aa8b8e8b882ff893fcea188ee15488a845db442d7ec?s=96&d=mm&r=g","contentUrl":"https:\/\/secure.gravatar.com\/avatar\/c4bad1eb9f93dd4a42df3aa8b8e8b882ff893fcea188ee15488a845db442d7ec?s=96&d=mm&r=g","caption":"Fractura Expuesta"},"description":"Sitio de tango y noticias culturales. Desde 2003, el espacio referente del tango de estos tiempos.","sameAs":["https:\/\/www.fracturaexpuesta.com.ar","https:\/\/www.facebook.com\/fracturaexpuestaok","https:\/\/www.instagram.com\/fracturaexpuesta","https:\/\/x.com\/https:\/\/x.com\/fracturatango","https:\/\/www.youtube.com\/channel\/UCojA8Q0QDpnncOL8sfTHOHg"],"url":"https:\/\/www.fracturaexpuesta.com.ar\/gotan\/author\/fractura-expuesta\/"}]}},"_links":{"self":[{"href":"https:\/\/www.fracturaexpuesta.com.ar\/gotan\/wp-json\/wp\/v2\/posts\/5462","targetHints":{"allow":["GET"]}}],"collection":[{"href":"https:\/\/www.fracturaexpuesta.com.ar\/gotan\/wp-json\/wp\/v2\/posts"}],"about":[{"href":"https:\/\/www.fracturaexpuesta.com.ar\/gotan\/wp-json\/wp\/v2\/types\/post"}],"author":[{"embeddable":true,"href":"https:\/\/www.fracturaexpuesta.com.ar\/gotan\/wp-json\/wp\/v2\/users\/1"}],"replies":[{"embeddable":true,"href":"https:\/\/www.fracturaexpuesta.com.ar\/gotan\/wp-json\/wp\/v2\/comments?post=5462"}],"version-history":[{"count":13,"href":"https:\/\/www.fracturaexpuesta.com.ar\/gotan\/wp-json\/wp\/v2\/posts\/5462\/revisions"}],"predecessor-version":[{"id":5482,"href":"https:\/\/www.fracturaexpuesta.com.ar\/gotan\/wp-json\/wp\/v2\/posts\/5462\/revisions\/5482"}],"wp:featuredmedia":[{"embeddable":true,"href":"https:\/\/www.fracturaexpuesta.com.ar\/gotan\/wp-json\/wp\/v2\/media\/5464"}],"wp:attachment":[{"href":"https:\/\/www.fracturaexpuesta.com.ar\/gotan\/wp-json\/wp\/v2\/media?parent=5462"}],"wp:term":[{"taxonomy":"category","embeddable":true,"href":"https:\/\/www.fracturaexpuesta.com.ar\/gotan\/wp-json\/wp\/v2\/categories?post=5462"},{"taxonomy":"post_tag","embeddable":true,"href":"https:\/\/www.fracturaexpuesta.com.ar\/gotan\/wp-json\/wp\/v2\/tags?post=5462"}],"curies":[{"name":"wp","href":"https:\/\/api.w.org\/{rel}","templated":true}]}}