{"id":5532,"date":"2025-10-26T10:11:00","date_gmt":"2025-10-26T13:11:00","guid":{"rendered":"https:\/\/www.fracturaexpuesta.com.ar\/gotan\/?p=5532"},"modified":"2025-10-27T15:20:28","modified_gmt":"2025-10-27T18:20:28","slug":"murio-cholo-montironi-un-emblema-del-bandoneon-y-el-tango-en-santa-fe","status":"publish","type":"post","link":"https:\/\/www.fracturaexpuesta.com.ar\/gotan\/murio-cholo-montironi-un-emblema-del-bandoneon-y-el-tango-en-santa-fe\/","title":{"rendered":"Muri\u00f3 &#8220;Cholo&#8221; Montironi, un emblema del bandone\u00f3n y el tango en Santa Fe"},"content":{"rendered":"\n<p class=\"wp-block-paragraph\">El bandoneonista, director y compositor <strong>Rodolfo \u201cCholo\u201d Montironi<\/strong>, una de las figuras m\u00e1s destacadas del tango argentino, falleci\u00f3 el s\u00e1bado<strong> a los 93 a\u00f1os<\/strong> en su casa de <strong>Granadero Baigorria<\/strong>, la localidad donde vivi\u00f3 toda su vida.<\/p>\n\n\n\n<p class=\"wp-block-paragraph\">Nacido <strong>en Rosario el 4 de diciembre de 1931<\/strong>, Montironi creci\u00f3 en el antiguo Pueblo Paganini, hoy Granadero Baigorria. Desde muy joven mostr\u00f3 una sensibilidad especial por la m\u00fasica: a los ocho a\u00f1os se present\u00f3 en el programa radial <em>La hora de todos<\/em>, de LT3 Radio Cerealista, y comenz\u00f3 a estudiar bandone\u00f3n con Jes\u00fas \u00c1ngel Videla, un vecino de su barrio. Poco despu\u00e9s continu\u00f3 su formaci\u00f3n con Julio Barbosa, uno de los grandes bandoneonistas rosarinos de la \u00e9poca.<\/p>\n\n\n\n<p class=\"wp-block-paragraph\">A lo largo de su extensa carrera, Montironi integr\u00f3 orquestas memorables, como las de <strong>Antonio R\u00edos, Jos\u00e9 Sala, Jorge Arduh, Domingo Federico y Francini-Stamponi<\/strong>. Su estilo refinado, preciso y profundamente emotivo lo llev\u00f3 a los escenarios m\u00e1s prestigiosos de Argentina y del mundo, con m\u00e1s de 60 giras internacionales que incluyeron presentaciones en Europa, Am\u00e9rica y Asia.<\/p>\n\n\n\n<p class=\"wp-block-paragraph\">Adem\u00e1s de int\u00e9rprete, fue un prol\u00edfico compositor y arreglador. Entre sus obras m\u00e1s recordadas se destacan &#8220;Sublime fantas\u00eda&#8221;, &#8220;Sembrando milonga&#8221;, &#8220;Aves ciegas&#8221;, &#8220;Petichango&#8221; y &#8220;Libertad yo te canto&#8221;, piezas que reflejan su sensibilidad art\u00edstica y su compromiso con la tradici\u00f3n del tango.<\/p>\n\n\n\n<p class=\"wp-block-paragraph\">Su legado tambi\u00e9n est\u00e1 ligado a la docencia y al amor por su tierra. En 2002 fue declarado Ciudadano Ilustre de Granadero Baigorria, y m\u00e1s tarde reconocido como Artista Distinguido de Rosario. En Pichincha, barrio donde dio sus primeros pasos, una esquina lleva su nombre como homenaje permanente.<\/p>\n\n\n\n<p class=\"wp-block-paragraph\"><\/p>\n\n\n\n<p class=\"wp-block-paragraph\"><em><sup><mark style=\"background-color:rgba(0, 0, 0, 0)\" class=\"has-inline-color has-cyan-bluish-gray-color\">Fuente: Web\/Cadena3<\/mark><\/sup><\/em><\/p>\n\n\n\n<div style=\"height:10px\" aria-hidden=\"true\" class=\"wp-block-spacer\"><\/div>\n","protected":false},"excerpt":{"rendered":"<p>El m\u00fasico, oriundo de Granadero Baigorria, falleci\u00f3 a los 93 a\u00f1os.<\/p>\n","protected":false},"author":1,"featured_media":5533,"comment_status":"open","ping_status":"open","sticky":false,"template":"","format":"standard","meta":{"footnotes":""},"categories":[122],"tags":[126,237],"class_list":["post-5532","post","type-post","status-publish","format-standard","has-post-thumbnail","hentry","category-radar-tango","tag-bandoneon","tag-cholo-montironi"],"yoast_head":"<!-- This site is optimized with the Yoast SEO plugin v28.4 - https:\/\/yoast.com\/product\/yoast-seo-wordpress\/ -->\n<title>Muri\u00f3 &quot;Cholo&quot; Montironi, un emblema del bandone\u00f3n y el tango en Santa Fe &#187; Fractura Expuesta | Tango!<\/title>\n<meta name=\"description\" content=\"El m\u00fasico, oriundo de Granadero Baigorria, falleci\u00f3 a los 93 a\u00f1os.\" \/>\n<meta name=\"robots\" content=\"index, follow, max-snippet:-1, max-image-preview:large, max-video-preview:-1\" \/>\n<link rel=\"canonical\" href=\"https:\/\/www.fracturaexpuesta.com.ar\/gotan\/murio-cholo-montironi-un-emblema-del-bandoneon-y-el-tango-en-santa-fe\/\" \/>\n<meta property=\"og:locale\" content=\"es_ES\" \/>\n<meta property=\"og:type\" content=\"article\" \/>\n<meta property=\"og:title\" content=\"Muri\u00f3 &quot;Cholo&quot; Montironi, un emblema del bandone\u00f3n y el tango en Santa Fe\" \/>\n<meta property=\"og:description\" content=\"El m\u00fasico, oriundo de Granadero Baigorria, falleci\u00f3 a los 93 a\u00f1os.\" \/>\n<meta property=\"og:url\" content=\"https:\/\/www.fracturaexpuesta.com.ar\/gotan\/murio-cholo-montironi-un-emblema-del-bandoneon-y-el-tango-en-santa-fe\/\" \/>\n<meta property=\"og:site_name\" content=\"Fractura Expuesta | Tango!\" \/>\n<meta property=\"article:author\" content=\"https:\/\/www.facebook.com\/fracturaexpuestaok\" \/>\n<meta property=\"article:published_time\" content=\"2025-10-26T13:11:00+00:00\" \/>\n<meta property=\"article:modified_time\" content=\"2025-10-27T18:20:28+00:00\" \/>\n<meta property=\"og:image\" content=\"https:\/\/www.fracturaexpuesta.com.ar\/gotan\/wp-content\/uploads\/2025\/10\/montironi.webp\" \/>\n\t<meta property=\"og:image:width\" content=\"642\" \/>\n\t<meta property=\"og:image:height\" content=\"463\" \/>\n\t<meta property=\"og:image:type\" content=\"image\/webp\" \/>\n<meta name=\"author\" content=\"Fractura Expuesta\" \/>\n<meta name=\"twitter:card\" content=\"summary_large_image\" \/>\n<meta name=\"twitter:title\" content=\"Muri\u00f3 &quot;Cholo&quot; Montironi, un emblema del bandone\u00f3n y el tango en Santa Fe\" \/>\n<meta name=\"twitter:description\" content=\"El m\u00fasico, oriundo de Granadero Baigorria, falleci\u00f3 a los 93 a\u00f1os.\" \/>\n<meta name=\"twitter:image\" content=\"https:\/\/www.fracturaexpuesta.com.ar\/gotan\/wp-content\/uploads\/2025\/10\/montironi.webp\" \/>\n<meta name=\"twitter:creator\" content=\"@https:\/\/x.com\/fracturatango\" \/>\n<meta name=\"twitter:label1\" content=\"Escrito por\" \/>\n\t<meta name=\"twitter:data1\" content=\"Fractura Expuesta\" \/>\n\t<meta name=\"twitter:label2\" content=\"Tiempo de lectura\" \/>\n\t<meta name=\"twitter:data2\" content=\"2 minutos\" \/>\n<script type=\"application\/ld+json\" class=\"yoast-schema-graph\">{\"@context\":\"https:\\\/\\\/schema.org\",\"@graph\":[{\"@type\":\"Article\",\"@id\":\"https:\\\/\\\/www.fracturaexpuesta.com.ar\\\/gotan\\\/murio-cholo-montironi-un-emblema-del-bandoneon-y-el-tango-en-santa-fe\\\/#article\",\"isPartOf\":{\"@id\":\"https:\\\/\\\/www.fracturaexpuesta.com.ar\\\/gotan\\\/murio-cholo-montironi-un-emblema-del-bandoneon-y-el-tango-en-santa-fe\\\/\"},\"author\":{\"name\":\"Fractura Expuesta\",\"@id\":\"https:\\\/\\\/www.fracturaexpuesta.com.ar\\\/gotan\\\/#\\\/schema\\\/person\\\/d8266939f778485b13ad2174aa9e199e\"},\"headline\":\"Muri\u00f3 &#8220;Cholo&#8221; Montironi, un emblema del bandone\u00f3n y el tango en Santa Fe\",\"datePublished\":\"2025-10-26T13:11:00+00:00\",\"dateModified\":\"2025-10-27T18:20:28+00:00\",\"mainEntityOfPage\":{\"@id\":\"https:\\\/\\\/www.fracturaexpuesta.com.ar\\\/gotan\\\/murio-cholo-montironi-un-emblema-del-bandoneon-y-el-tango-en-santa-fe\\\/\"},\"wordCount\":296,\"commentCount\":0,\"publisher\":{\"@id\":\"https:\\\/\\\/www.fracturaexpuesta.com.ar\\\/gotan\\\/#organization\"},\"image\":{\"@id\":\"https:\\\/\\\/www.fracturaexpuesta.com.ar\\\/gotan\\\/murio-cholo-montironi-un-emblema-del-bandoneon-y-el-tango-en-santa-fe\\\/#primaryimage\"},\"thumbnailUrl\":\"https:\\\/\\\/www.fracturaexpuesta.com.ar\\\/gotan\\\/wp-content\\\/uploads\\\/2025\\\/10\\\/montironi.webp\",\"keywords\":[\"bandoneon\",\"cholo montironi\"],\"articleSection\":[\"Radar Tango\"],\"inLanguage\":\"es-AR\",\"potentialAction\":[{\"@type\":\"CommentAction\",\"name\":\"Comment\",\"target\":[\"https:\\\/\\\/www.fracturaexpuesta.com.ar\\\/gotan\\\/murio-cholo-montironi-un-emblema-del-bandoneon-y-el-tango-en-santa-fe\\\/#respond\"]}]},{\"@type\":\"WebPage\",\"@id\":\"https:\\\/\\\/www.fracturaexpuesta.com.ar\\\/gotan\\\/murio-cholo-montironi-un-emblema-del-bandoneon-y-el-tango-en-santa-fe\\\/\",\"url\":\"https:\\\/\\\/www.fracturaexpuesta.com.ar\\\/gotan\\\/murio-cholo-montironi-un-emblema-del-bandoneon-y-el-tango-en-santa-fe\\\/\",\"name\":\"Muri\u00f3 \\\"Cholo\\\" Montironi, un emblema del bandone\u00f3n y el tango en Santa Fe &#187; Fractura Expuesta | Tango!\",\"isPartOf\":{\"@id\":\"https:\\\/\\\/www.fracturaexpuesta.com.ar\\\/gotan\\\/#website\"},\"primaryImageOfPage\":{\"@id\":\"https:\\\/\\\/www.fracturaexpuesta.com.ar\\\/gotan\\\/murio-cholo-montironi-un-emblema-del-bandoneon-y-el-tango-en-santa-fe\\\/#primaryimage\"},\"image\":{\"@id\":\"https:\\\/\\\/www.fracturaexpuesta.com.ar\\\/gotan\\\/murio-cholo-montironi-un-emblema-del-bandoneon-y-el-tango-en-santa-fe\\\/#primaryimage\"},\"thumbnailUrl\":\"https:\\\/\\\/www.fracturaexpuesta.com.ar\\\/gotan\\\/wp-content\\\/uploads\\\/2025\\\/10\\\/montironi.webp\",\"datePublished\":\"2025-10-26T13:11:00+00:00\",\"dateModified\":\"2025-10-27T18:20:28+00:00\",\"description\":\"El m\u00fasico, oriundo de Granadero Baigorria, falleci\u00f3 a los 93 a\u00f1os.\",\"breadcrumb\":{\"@id\":\"https:\\\/\\\/www.fracturaexpuesta.com.ar\\\/gotan\\\/murio-cholo-montironi-un-emblema-del-bandoneon-y-el-tango-en-santa-fe\\\/#breadcrumb\"},\"inLanguage\":\"es-AR\",\"potentialAction\":[{\"@type\":\"ReadAction\",\"target\":[\"https:\\\/\\\/www.fracturaexpuesta.com.ar\\\/gotan\\\/murio-cholo-montironi-un-emblema-del-bandoneon-y-el-tango-en-santa-fe\\\/\"]}]},{\"@type\":\"ImageObject\",\"inLanguage\":\"es-AR\",\"@id\":\"https:\\\/\\\/www.fracturaexpuesta.com.ar\\\/gotan\\\/murio-cholo-montironi-un-emblema-del-bandoneon-y-el-tango-en-santa-fe\\\/#primaryimage\",\"url\":\"https:\\\/\\\/www.fracturaexpuesta.com.ar\\\/gotan\\\/wp-content\\\/uploads\\\/2025\\\/10\\\/montironi.webp\",\"contentUrl\":\"https:\\\/\\\/www.fracturaexpuesta.com.ar\\\/gotan\\\/wp-content\\\/uploads\\\/2025\\\/10\\\/montironi.webp\",\"width\":642,\"height\":463},{\"@type\":\"BreadcrumbList\",\"@id\":\"https:\\\/\\\/www.fracturaexpuesta.com.ar\\\/gotan\\\/murio-cholo-montironi-un-emblema-del-bandoneon-y-el-tango-en-santa-fe\\\/#breadcrumb\",\"itemListElement\":[{\"@type\":\"ListItem\",\"position\":1,\"name\":\"Inicio\",\"item\":\"https:\\\/\\\/www.fracturaexpuesta.com.ar\\\/gotan\\\/\"},{\"@type\":\"ListItem\",\"position\":2,\"name\":\"Muri\u00f3 &#8220;Cholo&#8221; Montironi, un emblema del bandone\u00f3n y el tango en Santa Fe\"}]},{\"@type\":\"WebSite\",\"@id\":\"https:\\\/\\\/www.fracturaexpuesta.com.ar\\\/gotan\\\/#website\",\"url\":\"https:\\\/\\\/www.fracturaexpuesta.com.ar\\\/gotan\\\/\",\"name\":\"Fractura Expuesta | Tango!\",\"description\":\"\",\"publisher\":{\"@id\":\"https:\\\/\\\/www.fracturaexpuesta.com.ar\\\/gotan\\\/#organization\"},\"potentialAction\":[{\"@type\":\"SearchAction\",\"target\":{\"@type\":\"EntryPoint\",\"urlTemplate\":\"https:\\\/\\\/www.fracturaexpuesta.com.ar\\\/gotan\\\/?s={search_term_string}\"},\"query-input\":{\"@type\":\"PropertyValueSpecification\",\"valueRequired\":true,\"valueName\":\"search_term_string\"}}],\"inLanguage\":\"es-AR\"},{\"@type\":\"Organization\",\"@id\":\"https:\\\/\\\/www.fracturaexpuesta.com.ar\\\/gotan\\\/#organization\",\"name\":\"Fractura Expuesta | Tango!\",\"url\":\"https:\\\/\\\/www.fracturaexpuesta.com.ar\\\/gotan\\\/\",\"logo\":{\"@type\":\"ImageObject\",\"inLanguage\":\"es-AR\",\"@id\":\"https:\\\/\\\/www.fracturaexpuesta.com.ar\\\/gotan\\\/#\\\/schema\\\/logo\\\/image\\\/\",\"url\":\"https:\\\/\\\/www.fracturaexpuesta.com.ar\\\/gotan\\\/wp-content\\\/uploads\\\/2025\\\/03\\\/avatar2centroOK.jpg\",\"contentUrl\":\"https:\\\/\\\/www.fracturaexpuesta.com.ar\\\/gotan\\\/wp-content\\\/uploads\\\/2025\\\/03\\\/avatar2centroOK.jpg\",\"width\":600,\"height\":600,\"caption\":\"Fractura Expuesta | Tango!\"},\"image\":{\"@id\":\"https:\\\/\\\/www.fracturaexpuesta.com.ar\\\/gotan\\\/#\\\/schema\\\/logo\\\/image\\\/\"}},{\"@type\":\"Person\",\"@id\":\"https:\\\/\\\/www.fracturaexpuesta.com.ar\\\/gotan\\\/#\\\/schema\\\/person\\\/d8266939f778485b13ad2174aa9e199e\",\"name\":\"Fractura Expuesta\",\"image\":{\"@type\":\"ImageObject\",\"inLanguage\":\"es-AR\",\"@id\":\"https:\\\/\\\/secure.gravatar.com\\\/avatar\\\/c4bad1eb9f93dd4a42df3aa8b8e8b882ff893fcea188ee15488a845db442d7ec?s=96&d=mm&r=g\",\"url\":\"https:\\\/\\\/secure.gravatar.com\\\/avatar\\\/c4bad1eb9f93dd4a42df3aa8b8e8b882ff893fcea188ee15488a845db442d7ec?s=96&d=mm&r=g\",\"contentUrl\":\"https:\\\/\\\/secure.gravatar.com\\\/avatar\\\/c4bad1eb9f93dd4a42df3aa8b8e8b882ff893fcea188ee15488a845db442d7ec?s=96&d=mm&r=g\",\"caption\":\"Fractura Expuesta\"},\"description\":\"Sitio de tango y noticias culturales. Desde 2003, el espacio referente del tango de estos tiempos.\",\"sameAs\":[\"https:\\\/\\\/www.fracturaexpuesta.com.ar\",\"https:\\\/\\\/www.facebook.com\\\/fracturaexpuestaok\",\"https:\\\/\\\/www.instagram.com\\\/fracturaexpuesta\",\"https:\\\/\\\/x.com\\\/https:\\\/\\\/x.com\\\/fracturatango\",\"https:\\\/\\\/www.youtube.com\\\/channel\\\/UCojA8Q0QDpnncOL8sfTHOHg\"],\"url\":\"https:\\\/\\\/www.fracturaexpuesta.com.ar\\\/gotan\\\/author\\\/fractura-expuesta\\\/\"}]}<\/script>\n<!-- \/ Yoast SEO plugin. -->","yoast_head_json":{"title":"Muri\u00f3 \"Cholo\" Montironi, un emblema del bandone\u00f3n y el tango en Santa Fe &#187; Fractura Expuesta | Tango!","description":"El m\u00fasico, oriundo de Granadero Baigorria, falleci\u00f3 a los 93 a\u00f1os.","robots":{"index":"index","follow":"follow","max-snippet":"max-snippet:-1","max-image-preview":"max-image-preview:large","max-video-preview":"max-video-preview:-1"},"canonical":"https:\/\/www.fracturaexpuesta.com.ar\/gotan\/murio-cholo-montironi-un-emblema-del-bandoneon-y-el-tango-en-santa-fe\/","og_locale":"es_ES","og_type":"article","og_title":"Muri\u00f3 \"Cholo\" Montironi, un emblema del bandone\u00f3n y el tango en Santa Fe","og_description":"El m\u00fasico, oriundo de Granadero Baigorria, falleci\u00f3 a los 93 a\u00f1os.","og_url":"https:\/\/www.fracturaexpuesta.com.ar\/gotan\/murio-cholo-montironi-un-emblema-del-bandoneon-y-el-tango-en-santa-fe\/","og_site_name":"Fractura Expuesta | Tango!","article_author":"https:\/\/www.facebook.com\/fracturaexpuestaok","article_published_time":"2025-10-26T13:11:00+00:00","article_modified_time":"2025-10-27T18:20:28+00:00","og_image":[{"width":642,"height":463,"url":"https:\/\/www.fracturaexpuesta.com.ar\/gotan\/wp-content\/uploads\/2025\/10\/montironi.webp","type":"image\/webp"}],"author":"Fractura Expuesta","twitter_card":"summary_large_image","twitter_title":"Muri\u00f3 \"Cholo\" Montironi, un emblema del bandone\u00f3n y el tango en Santa Fe","twitter_description":"El m\u00fasico, oriundo de Granadero Baigorria, falleci\u00f3 a los 93 a\u00f1os.","twitter_image":"https:\/\/www.fracturaexpuesta.com.ar\/gotan\/wp-content\/uploads\/2025\/10\/montironi.webp","twitter_creator":"@https:\/\/x.com\/fracturatango","twitter_misc":{"Escrito por":"Fractura Expuesta","Tiempo de lectura":"2 minutos"},"schema":{"@context":"https:\/\/schema.org","@graph":[{"@type":"Article","@id":"https:\/\/www.fracturaexpuesta.com.ar\/gotan\/murio-cholo-montironi-un-emblema-del-bandoneon-y-el-tango-en-santa-fe\/#article","isPartOf":{"@id":"https:\/\/www.fracturaexpuesta.com.ar\/gotan\/murio-cholo-montironi-un-emblema-del-bandoneon-y-el-tango-en-santa-fe\/"},"author":{"name":"Fractura Expuesta","@id":"https:\/\/www.fracturaexpuesta.com.ar\/gotan\/#\/schema\/person\/d8266939f778485b13ad2174aa9e199e"},"headline":"Muri\u00f3 &#8220;Cholo&#8221; Montironi, un emblema del bandone\u00f3n y el tango en Santa Fe","datePublished":"2025-10-26T13:11:00+00:00","dateModified":"2025-10-27T18:20:28+00:00","mainEntityOfPage":{"@id":"https:\/\/www.fracturaexpuesta.com.ar\/gotan\/murio-cholo-montironi-un-emblema-del-bandoneon-y-el-tango-en-santa-fe\/"},"wordCount":296,"commentCount":0,"publisher":{"@id":"https:\/\/www.fracturaexpuesta.com.ar\/gotan\/#organization"},"image":{"@id":"https:\/\/www.fracturaexpuesta.com.ar\/gotan\/murio-cholo-montironi-un-emblema-del-bandoneon-y-el-tango-en-santa-fe\/#primaryimage"},"thumbnailUrl":"https:\/\/www.fracturaexpuesta.com.ar\/gotan\/wp-content\/uploads\/2025\/10\/montironi.webp","keywords":["bandoneon","cholo montironi"],"articleSection":["Radar Tango"],"inLanguage":"es-AR","potentialAction":[{"@type":"CommentAction","name":"Comment","target":["https:\/\/www.fracturaexpuesta.com.ar\/gotan\/murio-cholo-montironi-un-emblema-del-bandoneon-y-el-tango-en-santa-fe\/#respond"]}]},{"@type":"WebPage","@id":"https:\/\/www.fracturaexpuesta.com.ar\/gotan\/murio-cholo-montironi-un-emblema-del-bandoneon-y-el-tango-en-santa-fe\/","url":"https:\/\/www.fracturaexpuesta.com.ar\/gotan\/murio-cholo-montironi-un-emblema-del-bandoneon-y-el-tango-en-santa-fe\/","name":"Muri\u00f3 \"Cholo\" Montironi, un emblema del bandone\u00f3n y el tango en Santa Fe &#187; Fractura Expuesta | Tango!","isPartOf":{"@id":"https:\/\/www.fracturaexpuesta.com.ar\/gotan\/#website"},"primaryImageOfPage":{"@id":"https:\/\/www.fracturaexpuesta.com.ar\/gotan\/murio-cholo-montironi-un-emblema-del-bandoneon-y-el-tango-en-santa-fe\/#primaryimage"},"image":{"@id":"https:\/\/www.fracturaexpuesta.com.ar\/gotan\/murio-cholo-montironi-un-emblema-del-bandoneon-y-el-tango-en-santa-fe\/#primaryimage"},"thumbnailUrl":"https:\/\/www.fracturaexpuesta.com.ar\/gotan\/wp-content\/uploads\/2025\/10\/montironi.webp","datePublished":"2025-10-26T13:11:00+00:00","dateModified":"2025-10-27T18:20:28+00:00","description":"El m\u00fasico, oriundo de Granadero Baigorria, falleci\u00f3 a los 93 a\u00f1os.","breadcrumb":{"@id":"https:\/\/www.fracturaexpuesta.com.ar\/gotan\/murio-cholo-montironi-un-emblema-del-bandoneon-y-el-tango-en-santa-fe\/#breadcrumb"},"inLanguage":"es-AR","potentialAction":[{"@type":"ReadAction","target":["https:\/\/www.fracturaexpuesta.com.ar\/gotan\/murio-cholo-montironi-un-emblema-del-bandoneon-y-el-tango-en-santa-fe\/"]}]},{"@type":"ImageObject","inLanguage":"es-AR","@id":"https:\/\/www.fracturaexpuesta.com.ar\/gotan\/murio-cholo-montironi-un-emblema-del-bandoneon-y-el-tango-en-santa-fe\/#primaryimage","url":"https:\/\/www.fracturaexpuesta.com.ar\/gotan\/wp-content\/uploads\/2025\/10\/montironi.webp","contentUrl":"https:\/\/www.fracturaexpuesta.com.ar\/gotan\/wp-content\/uploads\/2025\/10\/montironi.webp","width":642,"height":463},{"@type":"BreadcrumbList","@id":"https:\/\/www.fracturaexpuesta.com.ar\/gotan\/murio-cholo-montironi-un-emblema-del-bandoneon-y-el-tango-en-santa-fe\/#breadcrumb","itemListElement":[{"@type":"ListItem","position":1,"name":"Inicio","item":"https:\/\/www.fracturaexpuesta.com.ar\/gotan\/"},{"@type":"ListItem","position":2,"name":"Muri\u00f3 &#8220;Cholo&#8221; Montironi, un emblema del bandone\u00f3n y el tango en Santa Fe"}]},{"@type":"WebSite","@id":"https:\/\/www.fracturaexpuesta.com.ar\/gotan\/#website","url":"https:\/\/www.fracturaexpuesta.com.ar\/gotan\/","name":"Fractura Expuesta | Tango!","description":"","publisher":{"@id":"https:\/\/www.fracturaexpuesta.com.ar\/gotan\/#organization"},"potentialAction":[{"@type":"SearchAction","target":{"@type":"EntryPoint","urlTemplate":"https:\/\/www.fracturaexpuesta.com.ar\/gotan\/?s={search_term_string}"},"query-input":{"@type":"PropertyValueSpecification","valueRequired":true,"valueName":"search_term_string"}}],"inLanguage":"es-AR"},{"@type":"Organization","@id":"https:\/\/www.fracturaexpuesta.com.ar\/gotan\/#organization","name":"Fractura Expuesta | Tango!","url":"https:\/\/www.fracturaexpuesta.com.ar\/gotan\/","logo":{"@type":"ImageObject","inLanguage":"es-AR","@id":"https:\/\/www.fracturaexpuesta.com.ar\/gotan\/#\/schema\/logo\/image\/","url":"https:\/\/www.fracturaexpuesta.com.ar\/gotan\/wp-content\/uploads\/2025\/03\/avatar2centroOK.jpg","contentUrl":"https:\/\/www.fracturaexpuesta.com.ar\/gotan\/wp-content\/uploads\/2025\/03\/avatar2centroOK.jpg","width":600,"height":600,"caption":"Fractura Expuesta | Tango!"},"image":{"@id":"https:\/\/www.fracturaexpuesta.com.ar\/gotan\/#\/schema\/logo\/image\/"}},{"@type":"Person","@id":"https:\/\/www.fracturaexpuesta.com.ar\/gotan\/#\/schema\/person\/d8266939f778485b13ad2174aa9e199e","name":"Fractura Expuesta","image":{"@type":"ImageObject","inLanguage":"es-AR","@id":"https:\/\/secure.gravatar.com\/avatar\/c4bad1eb9f93dd4a42df3aa8b8e8b882ff893fcea188ee15488a845db442d7ec?s=96&d=mm&r=g","url":"https:\/\/secure.gravatar.com\/avatar\/c4bad1eb9f93dd4a42df3aa8b8e8b882ff893fcea188ee15488a845db442d7ec?s=96&d=mm&r=g","contentUrl":"https:\/\/secure.gravatar.com\/avatar\/c4bad1eb9f93dd4a42df3aa8b8e8b882ff893fcea188ee15488a845db442d7ec?s=96&d=mm&r=g","caption":"Fractura Expuesta"},"description":"Sitio de tango y noticias culturales. Desde 2003, el espacio referente del tango de estos tiempos.","sameAs":["https:\/\/www.fracturaexpuesta.com.ar","https:\/\/www.facebook.com\/fracturaexpuestaok","https:\/\/www.instagram.com\/fracturaexpuesta","https:\/\/x.com\/https:\/\/x.com\/fracturatango","https:\/\/www.youtube.com\/channel\/UCojA8Q0QDpnncOL8sfTHOHg"],"url":"https:\/\/www.fracturaexpuesta.com.ar\/gotan\/author\/fractura-expuesta\/"}]}},"_links":{"self":[{"href":"https:\/\/www.fracturaexpuesta.com.ar\/gotan\/wp-json\/wp\/v2\/posts\/5532","targetHints":{"allow":["GET"]}}],"collection":[{"href":"https:\/\/www.fracturaexpuesta.com.ar\/gotan\/wp-json\/wp\/v2\/posts"}],"about":[{"href":"https:\/\/www.fracturaexpuesta.com.ar\/gotan\/wp-json\/wp\/v2\/types\/post"}],"author":[{"embeddable":true,"href":"https:\/\/www.fracturaexpuesta.com.ar\/gotan\/wp-json\/wp\/v2\/users\/1"}],"replies":[{"embeddable":true,"href":"https:\/\/www.fracturaexpuesta.com.ar\/gotan\/wp-json\/wp\/v2\/comments?post=5532"}],"version-history":[{"count":4,"href":"https:\/\/www.fracturaexpuesta.com.ar\/gotan\/wp-json\/wp\/v2\/posts\/5532\/revisions"}],"predecessor-version":[{"id":5537,"href":"https:\/\/www.fracturaexpuesta.com.ar\/gotan\/wp-json\/wp\/v2\/posts\/5532\/revisions\/5537"}],"wp:featuredmedia":[{"embeddable":true,"href":"https:\/\/www.fracturaexpuesta.com.ar\/gotan\/wp-json\/wp\/v2\/media\/5533"}],"wp:attachment":[{"href":"https:\/\/www.fracturaexpuesta.com.ar\/gotan\/wp-json\/wp\/v2\/media?parent=5532"}],"wp:term":[{"taxonomy":"category","embeddable":true,"href":"https:\/\/www.fracturaexpuesta.com.ar\/gotan\/wp-json\/wp\/v2\/categories?post=5532"},{"taxonomy":"post_tag","embeddable":true,"href":"https:\/\/www.fracturaexpuesta.com.ar\/gotan\/wp-json\/wp\/v2\/tags?post=5532"}],"curies":[{"name":"wp","href":"https:\/\/api.w.org\/{rel}","templated":true}]}}