{"id":5560,"date":"2025-11-10T14:56:30","date_gmt":"2025-11-10T17:56:30","guid":{"rendered":"https:\/\/www.fracturaexpuesta.com.ar\/gotan\/?p=5560"},"modified":"2025-11-10T15:06:52","modified_gmt":"2025-11-10T18:06:52","slug":"carolina-winograd-y-un-album-que-busca-conciencia","status":"publish","type":"post","link":"https:\/\/www.fracturaexpuesta.com.ar\/gotan\/carolina-winograd-y-un-album-que-busca-conciencia\/","title":{"rendered":"Carolina Winograd y un \u00e1lbum que busca conciencia"},"content":{"rendered":"\n<p class=\"wp-block-paragraph\">Carolina Winograd renueva su camino en el formato de disco de tango luego de Despu\u00e9s (2020). La cantante presenta ahora <em><strong>Hoy m\u00e1s que ayer<\/strong><\/em>, un material que tiene la particularidad de continuar la conversaci\u00f3n que abri\u00f3 su libro Vivir sin fecha de vencimiento (Editorial Planeta, 2025).<\/p>\n\n\n\n<p class=\"wp-block-paragraph\">A trav\u00e9s del tango, Winograd atraviesa los grandes temas de la vida adulta: el deseo, la p\u00e9rdida, la culpa, la lealtad, la libertad y el tiempo. No desde el drama sino desde la lucidez de quien entendi\u00f3 que el dolor puede ser un lugar de paso y no de residencia.<\/p>\n\n\n\n<p class=\"wp-block-paragraph\">Hoy m\u00e1s que ayer<em> <\/em>es un \u00e1lbum enfocado al tiempo y al deseo. \u201cNos pasamos la vida temiendo envejecer, cuando <strong>lo \u00fanico que envejece es lo que dejamos de hacer<\/strong>, de sentir, de so\u00f1ar. Por eso el tango no tiene fecha de vencimiento\u201d, asegura Carolina.<\/p>\n\n\n\n<p class=\"wp-block-paragraph\">Su nuevo trabajo discogr\u00e1fico <strong>no parece buscar nostalgia sino conciencia<\/strong>. Es un puente entre la artista y la mujer que hoy elige cantarse viva, sin condicionamientos ni estereotipos.<\/p>\n\n\n\n<p class=\"wp-block-paragraph\">\u201cEn cada tango hay una mujer que se reconoce y que puede <strong>elegir seguir atada al pasado o capitalizarlo<\/strong> entendiendo que el ayer no tiene por qu\u00e9 definirnos ni condicionarnos toda la vida\u201d, sostiene la cantante acerca de un repertorio que incluye tangos como \u201cLa \u00faltima grela\u201d, \u201cQue buena fe\u201d o \u201cGar\u00faa\u201d.<\/p>\n\n\n\n<p class=\"wp-block-paragraph\">Es un disco en el que Winograd reafirma su faceta de artista integral. Escritora, cantante y creadora, en Hoy m\u00e1s que ayer se condensa <strong>una mirada sobre lo vital<\/strong>. \u201cLa verdadera revoluci\u00f3n no est\u00e1 en mantenerse joven, lisa y firme sino en poder vivir con coherencia, libertad, menos cr\u00edtica y m\u00e1s permiso. Como el tango, sin fecha de vencimiento\u201d, manifiesta.<\/p>\n\n\n\n<p class=\"wp-block-paragraph\">&#8220;La \u00faltima grela&#8221; es el primer adelanto del nuevo disco.<\/p>\n\n\n\n<figure class=\"wp-block-embed is-type-video is-provider-youtube wp-block-embed-youtube wp-embed-aspect-16-9 wp-has-aspect-ratio\"><div class=\"wp-block-embed__wrapper\">\n<iframe loading=\"lazy\" title=\"Carolina Winograd - La \u00faltima grela\" width=\"1170\" height=\"658\" src=\"https:\/\/www.youtube.com\/embed\/R3MH3mdCPac?feature=oembed\" frameborder=\"0\" allow=\"accelerometer; autoplay; clipboard-write; encrypted-media; gyroscope; picture-in-picture; web-share\" referrerpolicy=\"strict-origin-when-cross-origin\" allowfullscreen><\/iframe>\n<\/div><\/figure>\n\n\n\n<div style=\"height:10px\" aria-hidden=\"true\" class=\"wp-block-spacer\"><\/div>\n","protected":false},"excerpt":{"rendered":"<p>La cantante y escritora est\u00e1 presentando Hoy m\u00e1s que ayer, un disco sobre el tiempo, la libertad y el deseo femenino.<\/p>\n","protected":false},"author":1,"featured_media":5561,"comment_status":"open","ping_status":"open","sticky":false,"template":"","format":"standard","meta":{"footnotes":""},"categories":[83],"tags":[240,81],"class_list":["post-5560","post","type-post","status-publish","format-standard","has-post-thumbnail","hentry","category-discos","tag-carolina-winograd","tag-discos"],"yoast_head":"<!-- This site is optimized with the Yoast SEO plugin v28.4 - https:\/\/yoast.com\/product\/yoast-seo-wordpress\/ -->\n<title>Carolina Winograd y un \u00e1lbum que busca conciencia &#187; Fractura Expuesta | Tango!<\/title>\n<meta name=\"description\" content=\"La cantante y escritora est\u00e1 presentando Hoy m\u00e1s que ayer, un disco sobre el tiempo, la libertad y el deseo femenino.\" \/>\n<meta name=\"robots\" content=\"index, follow, max-snippet:-1, max-image-preview:large, max-video-preview:-1\" \/>\n<link rel=\"canonical\" href=\"https:\/\/www.fracturaexpuesta.com.ar\/gotan\/carolina-winograd-y-un-album-que-busca-conciencia\/\" \/>\n<meta property=\"og:locale\" content=\"es_ES\" \/>\n<meta property=\"og:type\" content=\"article\" \/>\n<meta property=\"og:title\" content=\"Carolina Winograd y un \u00e1lbum que busca conciencia\" \/>\n<meta property=\"og:description\" content=\"La cantante y escritora est\u00e1 presentando Hoy m\u00e1s que ayer, un disco sobre el tiempo, la libertad y el deseo femenino.\" \/>\n<meta property=\"og:url\" content=\"https:\/\/www.fracturaexpuesta.com.ar\/gotan\/carolina-winograd-y-un-album-que-busca-conciencia\/\" \/>\n<meta property=\"og:site_name\" content=\"Fractura Expuesta | Tango!\" \/>\n<meta property=\"article:author\" content=\"https:\/\/www.facebook.com\/fracturaexpuestaok\" \/>\n<meta property=\"article:published_time\" content=\"2025-11-10T17:56:30+00:00\" \/>\n<meta property=\"article:modified_time\" content=\"2025-11-10T18:06:52+00:00\" \/>\n<meta property=\"og:image\" content=\"https:\/\/www.fracturaexpuesta.com.ar\/gotan\/wp-content\/uploads\/2025\/11\/Carolina-Winograd-presenta-su-disco-de-tangos-Hoy-mas-que-ayer.jpg\" \/>\n\t<meta property=\"og:image:width\" content=\"1136\" \/>\n\t<meta property=\"og:image:height\" content=\"700\" \/>\n\t<meta property=\"og:image:type\" content=\"image\/jpeg\" \/>\n<meta name=\"author\" content=\"Fractura Expuesta\" \/>\n<meta name=\"twitter:card\" content=\"summary_large_image\" \/>\n<meta name=\"twitter:title\" content=\"Carolina Winograd y un \u00e1lbum que busca conciencia\" \/>\n<meta name=\"twitter:description\" content=\"La cantante y escritora est\u00e1 presentando Hoy m\u00e1s que ayer, un disco sobre el tiempo, la libertad y el deseo femenino.\" \/>\n<meta name=\"twitter:image\" content=\"https:\/\/www.fracturaexpuesta.com.ar\/gotan\/wp-content\/uploads\/2025\/11\/Carolina-Winograd-presenta-su-disco-de-tangos-Hoy-mas-que-ayer.jpg\" \/>\n<meta name=\"twitter:creator\" content=\"@https:\/\/x.com\/fracturatango\" \/>\n<meta name=\"twitter:label1\" content=\"Escrito por\" \/>\n\t<meta name=\"twitter:data1\" content=\"Fractura Expuesta\" \/>\n\t<meta name=\"twitter:label2\" content=\"Tiempo de lectura\" \/>\n\t<meta name=\"twitter:data2\" content=\"2 minutos\" \/>\n<script type=\"application\/ld+json\" class=\"yoast-schema-graph\">{\"@context\":\"https:\\\/\\\/schema.org\",\"@graph\":[{\"@type\":\"Article\",\"@id\":\"https:\\\/\\\/www.fracturaexpuesta.com.ar\\\/gotan\\\/carolina-winograd-y-un-album-que-busca-conciencia\\\/#article\",\"isPartOf\":{\"@id\":\"https:\\\/\\\/www.fracturaexpuesta.com.ar\\\/gotan\\\/carolina-winograd-y-un-album-que-busca-conciencia\\\/\"},\"author\":{\"name\":\"Fractura Expuesta\",\"@id\":\"https:\\\/\\\/www.fracturaexpuesta.com.ar\\\/gotan\\\/#\\\/schema\\\/person\\\/d8266939f778485b13ad2174aa9e199e\"},\"headline\":\"Carolina Winograd y un \u00e1lbum que busca conciencia\",\"datePublished\":\"2025-11-10T17:56:30+00:00\",\"dateModified\":\"2025-11-10T18:06:52+00:00\",\"mainEntityOfPage\":{\"@id\":\"https:\\\/\\\/www.fracturaexpuesta.com.ar\\\/gotan\\\/carolina-winograd-y-un-album-que-busca-conciencia\\\/\"},\"wordCount\":319,\"commentCount\":0,\"publisher\":{\"@id\":\"https:\\\/\\\/www.fracturaexpuesta.com.ar\\\/gotan\\\/#organization\"},\"image\":{\"@id\":\"https:\\\/\\\/www.fracturaexpuesta.com.ar\\\/gotan\\\/carolina-winograd-y-un-album-que-busca-conciencia\\\/#primaryimage\"},\"thumbnailUrl\":\"https:\\\/\\\/www.fracturaexpuesta.com.ar\\\/gotan\\\/wp-content\\\/uploads\\\/2025\\\/11\\\/Carolina-Winograd-presenta-su-disco-de-tangos-Hoy-mas-que-ayer.jpg\",\"keywords\":[\"Carolina Winograd\",\"discos\"],\"articleSection\":[\"Discos\"],\"inLanguage\":\"es-AR\",\"potentialAction\":[{\"@type\":\"CommentAction\",\"name\":\"Comment\",\"target\":[\"https:\\\/\\\/www.fracturaexpuesta.com.ar\\\/gotan\\\/carolina-winograd-y-un-album-que-busca-conciencia\\\/#respond\"]}]},{\"@type\":\"WebPage\",\"@id\":\"https:\\\/\\\/www.fracturaexpuesta.com.ar\\\/gotan\\\/carolina-winograd-y-un-album-que-busca-conciencia\\\/\",\"url\":\"https:\\\/\\\/www.fracturaexpuesta.com.ar\\\/gotan\\\/carolina-winograd-y-un-album-que-busca-conciencia\\\/\",\"name\":\"Carolina Winograd y un \u00e1lbum que busca conciencia &#187; Fractura Expuesta | Tango!\",\"isPartOf\":{\"@id\":\"https:\\\/\\\/www.fracturaexpuesta.com.ar\\\/gotan\\\/#website\"},\"primaryImageOfPage\":{\"@id\":\"https:\\\/\\\/www.fracturaexpuesta.com.ar\\\/gotan\\\/carolina-winograd-y-un-album-que-busca-conciencia\\\/#primaryimage\"},\"image\":{\"@id\":\"https:\\\/\\\/www.fracturaexpuesta.com.ar\\\/gotan\\\/carolina-winograd-y-un-album-que-busca-conciencia\\\/#primaryimage\"},\"thumbnailUrl\":\"https:\\\/\\\/www.fracturaexpuesta.com.ar\\\/gotan\\\/wp-content\\\/uploads\\\/2025\\\/11\\\/Carolina-Winograd-presenta-su-disco-de-tangos-Hoy-mas-que-ayer.jpg\",\"datePublished\":\"2025-11-10T17:56:30+00:00\",\"dateModified\":\"2025-11-10T18:06:52+00:00\",\"description\":\"La cantante y escritora est\u00e1 presentando Hoy m\u00e1s que ayer, un disco sobre el tiempo, la libertad y el deseo femenino.\",\"breadcrumb\":{\"@id\":\"https:\\\/\\\/www.fracturaexpuesta.com.ar\\\/gotan\\\/carolina-winograd-y-un-album-que-busca-conciencia\\\/#breadcrumb\"},\"inLanguage\":\"es-AR\",\"potentialAction\":[{\"@type\":\"ReadAction\",\"target\":[\"https:\\\/\\\/www.fracturaexpuesta.com.ar\\\/gotan\\\/carolina-winograd-y-un-album-que-busca-conciencia\\\/\"]}]},{\"@type\":\"ImageObject\",\"inLanguage\":\"es-AR\",\"@id\":\"https:\\\/\\\/www.fracturaexpuesta.com.ar\\\/gotan\\\/carolina-winograd-y-un-album-que-busca-conciencia\\\/#primaryimage\",\"url\":\"https:\\\/\\\/www.fracturaexpuesta.com.ar\\\/gotan\\\/wp-content\\\/uploads\\\/2025\\\/11\\\/Carolina-Winograd-presenta-su-disco-de-tangos-Hoy-mas-que-ayer.jpg\",\"contentUrl\":\"https:\\\/\\\/www.fracturaexpuesta.com.ar\\\/gotan\\\/wp-content\\\/uploads\\\/2025\\\/11\\\/Carolina-Winograd-presenta-su-disco-de-tangos-Hoy-mas-que-ayer.jpg\",\"width\":1136,\"height\":700},{\"@type\":\"BreadcrumbList\",\"@id\":\"https:\\\/\\\/www.fracturaexpuesta.com.ar\\\/gotan\\\/carolina-winograd-y-un-album-que-busca-conciencia\\\/#breadcrumb\",\"itemListElement\":[{\"@type\":\"ListItem\",\"position\":1,\"name\":\"Inicio\",\"item\":\"https:\\\/\\\/www.fracturaexpuesta.com.ar\\\/gotan\\\/\"},{\"@type\":\"ListItem\",\"position\":2,\"name\":\"Carolina Winograd y un \u00e1lbum que busca conciencia\"}]},{\"@type\":\"WebSite\",\"@id\":\"https:\\\/\\\/www.fracturaexpuesta.com.ar\\\/gotan\\\/#website\",\"url\":\"https:\\\/\\\/www.fracturaexpuesta.com.ar\\\/gotan\\\/\",\"name\":\"Fractura Expuesta | Tango!\",\"description\":\"\",\"publisher\":{\"@id\":\"https:\\\/\\\/www.fracturaexpuesta.com.ar\\\/gotan\\\/#organization\"},\"potentialAction\":[{\"@type\":\"SearchAction\",\"target\":{\"@type\":\"EntryPoint\",\"urlTemplate\":\"https:\\\/\\\/www.fracturaexpuesta.com.ar\\\/gotan\\\/?s={search_term_string}\"},\"query-input\":{\"@type\":\"PropertyValueSpecification\",\"valueRequired\":true,\"valueName\":\"search_term_string\"}}],\"inLanguage\":\"es-AR\"},{\"@type\":\"Organization\",\"@id\":\"https:\\\/\\\/www.fracturaexpuesta.com.ar\\\/gotan\\\/#organization\",\"name\":\"Fractura Expuesta | Tango!\",\"url\":\"https:\\\/\\\/www.fracturaexpuesta.com.ar\\\/gotan\\\/\",\"logo\":{\"@type\":\"ImageObject\",\"inLanguage\":\"es-AR\",\"@id\":\"https:\\\/\\\/www.fracturaexpuesta.com.ar\\\/gotan\\\/#\\\/schema\\\/logo\\\/image\\\/\",\"url\":\"https:\\\/\\\/www.fracturaexpuesta.com.ar\\\/gotan\\\/wp-content\\\/uploads\\\/2025\\\/03\\\/avatar2centroOK.jpg\",\"contentUrl\":\"https:\\\/\\\/www.fracturaexpuesta.com.ar\\\/gotan\\\/wp-content\\\/uploads\\\/2025\\\/03\\\/avatar2centroOK.jpg\",\"width\":600,\"height\":600,\"caption\":\"Fractura Expuesta | Tango!\"},\"image\":{\"@id\":\"https:\\\/\\\/www.fracturaexpuesta.com.ar\\\/gotan\\\/#\\\/schema\\\/logo\\\/image\\\/\"}},{\"@type\":\"Person\",\"@id\":\"https:\\\/\\\/www.fracturaexpuesta.com.ar\\\/gotan\\\/#\\\/schema\\\/person\\\/d8266939f778485b13ad2174aa9e199e\",\"name\":\"Fractura Expuesta\",\"image\":{\"@type\":\"ImageObject\",\"inLanguage\":\"es-AR\",\"@id\":\"https:\\\/\\\/secure.gravatar.com\\\/avatar\\\/c4bad1eb9f93dd4a42df3aa8b8e8b882ff893fcea188ee15488a845db442d7ec?s=96&d=mm&r=g\",\"url\":\"https:\\\/\\\/secure.gravatar.com\\\/avatar\\\/c4bad1eb9f93dd4a42df3aa8b8e8b882ff893fcea188ee15488a845db442d7ec?s=96&d=mm&r=g\",\"contentUrl\":\"https:\\\/\\\/secure.gravatar.com\\\/avatar\\\/c4bad1eb9f93dd4a42df3aa8b8e8b882ff893fcea188ee15488a845db442d7ec?s=96&d=mm&r=g\",\"caption\":\"Fractura Expuesta\"},\"description\":\"Sitio de tango y noticias culturales. Desde 2003, el espacio referente del tango de estos tiempos.\",\"sameAs\":[\"https:\\\/\\\/www.fracturaexpuesta.com.ar\",\"https:\\\/\\\/www.facebook.com\\\/fracturaexpuestaok\",\"https:\\\/\\\/www.instagram.com\\\/fracturaexpuesta\",\"https:\\\/\\\/x.com\\\/https:\\\/\\\/x.com\\\/fracturatango\",\"https:\\\/\\\/www.youtube.com\\\/channel\\\/UCojA8Q0QDpnncOL8sfTHOHg\"],\"url\":\"https:\\\/\\\/www.fracturaexpuesta.com.ar\\\/gotan\\\/author\\\/fractura-expuesta\\\/\"}]}<\/script>\n<!-- \/ Yoast SEO plugin. -->","yoast_head_json":{"title":"Carolina Winograd y un \u00e1lbum que busca conciencia &#187; Fractura Expuesta | Tango!","description":"La cantante y escritora est\u00e1 presentando Hoy m\u00e1s que ayer, un disco sobre el tiempo, la libertad y el deseo femenino.","robots":{"index":"index","follow":"follow","max-snippet":"max-snippet:-1","max-image-preview":"max-image-preview:large","max-video-preview":"max-video-preview:-1"},"canonical":"https:\/\/www.fracturaexpuesta.com.ar\/gotan\/carolina-winograd-y-un-album-que-busca-conciencia\/","og_locale":"es_ES","og_type":"article","og_title":"Carolina Winograd y un \u00e1lbum que busca conciencia","og_description":"La cantante y escritora est\u00e1 presentando Hoy m\u00e1s que ayer, un disco sobre el tiempo, la libertad y el deseo femenino.","og_url":"https:\/\/www.fracturaexpuesta.com.ar\/gotan\/carolina-winograd-y-un-album-que-busca-conciencia\/","og_site_name":"Fractura Expuesta | Tango!","article_author":"https:\/\/www.facebook.com\/fracturaexpuestaok","article_published_time":"2025-11-10T17:56:30+00:00","article_modified_time":"2025-11-10T18:06:52+00:00","og_image":[{"width":1136,"height":700,"url":"https:\/\/www.fracturaexpuesta.com.ar\/gotan\/wp-content\/uploads\/2025\/11\/Carolina-Winograd-presenta-su-disco-de-tangos-Hoy-mas-que-ayer.jpg","type":"image\/jpeg"}],"author":"Fractura Expuesta","twitter_card":"summary_large_image","twitter_title":"Carolina Winograd y un \u00e1lbum que busca conciencia","twitter_description":"La cantante y escritora est\u00e1 presentando Hoy m\u00e1s que ayer, un disco sobre el tiempo, la libertad y el deseo femenino.","twitter_image":"https:\/\/www.fracturaexpuesta.com.ar\/gotan\/wp-content\/uploads\/2025\/11\/Carolina-Winograd-presenta-su-disco-de-tangos-Hoy-mas-que-ayer.jpg","twitter_creator":"@https:\/\/x.com\/fracturatango","twitter_misc":{"Escrito por":"Fractura Expuesta","Tiempo de lectura":"2 minutos"},"schema":{"@context":"https:\/\/schema.org","@graph":[{"@type":"Article","@id":"https:\/\/www.fracturaexpuesta.com.ar\/gotan\/carolina-winograd-y-un-album-que-busca-conciencia\/#article","isPartOf":{"@id":"https:\/\/www.fracturaexpuesta.com.ar\/gotan\/carolina-winograd-y-un-album-que-busca-conciencia\/"},"author":{"name":"Fractura Expuesta","@id":"https:\/\/www.fracturaexpuesta.com.ar\/gotan\/#\/schema\/person\/d8266939f778485b13ad2174aa9e199e"},"headline":"Carolina Winograd y un \u00e1lbum que busca conciencia","datePublished":"2025-11-10T17:56:30+00:00","dateModified":"2025-11-10T18:06:52+00:00","mainEntityOfPage":{"@id":"https:\/\/www.fracturaexpuesta.com.ar\/gotan\/carolina-winograd-y-un-album-que-busca-conciencia\/"},"wordCount":319,"commentCount":0,"publisher":{"@id":"https:\/\/www.fracturaexpuesta.com.ar\/gotan\/#organization"},"image":{"@id":"https:\/\/www.fracturaexpuesta.com.ar\/gotan\/carolina-winograd-y-un-album-que-busca-conciencia\/#primaryimage"},"thumbnailUrl":"https:\/\/www.fracturaexpuesta.com.ar\/gotan\/wp-content\/uploads\/2025\/11\/Carolina-Winograd-presenta-su-disco-de-tangos-Hoy-mas-que-ayer.jpg","keywords":["Carolina Winograd","discos"],"articleSection":["Discos"],"inLanguage":"es-AR","potentialAction":[{"@type":"CommentAction","name":"Comment","target":["https:\/\/www.fracturaexpuesta.com.ar\/gotan\/carolina-winograd-y-un-album-que-busca-conciencia\/#respond"]}]},{"@type":"WebPage","@id":"https:\/\/www.fracturaexpuesta.com.ar\/gotan\/carolina-winograd-y-un-album-que-busca-conciencia\/","url":"https:\/\/www.fracturaexpuesta.com.ar\/gotan\/carolina-winograd-y-un-album-que-busca-conciencia\/","name":"Carolina Winograd y un \u00e1lbum que busca conciencia &#187; Fractura Expuesta | Tango!","isPartOf":{"@id":"https:\/\/www.fracturaexpuesta.com.ar\/gotan\/#website"},"primaryImageOfPage":{"@id":"https:\/\/www.fracturaexpuesta.com.ar\/gotan\/carolina-winograd-y-un-album-que-busca-conciencia\/#primaryimage"},"image":{"@id":"https:\/\/www.fracturaexpuesta.com.ar\/gotan\/carolina-winograd-y-un-album-que-busca-conciencia\/#primaryimage"},"thumbnailUrl":"https:\/\/www.fracturaexpuesta.com.ar\/gotan\/wp-content\/uploads\/2025\/11\/Carolina-Winograd-presenta-su-disco-de-tangos-Hoy-mas-que-ayer.jpg","datePublished":"2025-11-10T17:56:30+00:00","dateModified":"2025-11-10T18:06:52+00:00","description":"La cantante y escritora est\u00e1 presentando Hoy m\u00e1s que ayer, un disco sobre el tiempo, la libertad y el deseo femenino.","breadcrumb":{"@id":"https:\/\/www.fracturaexpuesta.com.ar\/gotan\/carolina-winograd-y-un-album-que-busca-conciencia\/#breadcrumb"},"inLanguage":"es-AR","potentialAction":[{"@type":"ReadAction","target":["https:\/\/www.fracturaexpuesta.com.ar\/gotan\/carolina-winograd-y-un-album-que-busca-conciencia\/"]}]},{"@type":"ImageObject","inLanguage":"es-AR","@id":"https:\/\/www.fracturaexpuesta.com.ar\/gotan\/carolina-winograd-y-un-album-que-busca-conciencia\/#primaryimage","url":"https:\/\/www.fracturaexpuesta.com.ar\/gotan\/wp-content\/uploads\/2025\/11\/Carolina-Winograd-presenta-su-disco-de-tangos-Hoy-mas-que-ayer.jpg","contentUrl":"https:\/\/www.fracturaexpuesta.com.ar\/gotan\/wp-content\/uploads\/2025\/11\/Carolina-Winograd-presenta-su-disco-de-tangos-Hoy-mas-que-ayer.jpg","width":1136,"height":700},{"@type":"BreadcrumbList","@id":"https:\/\/www.fracturaexpuesta.com.ar\/gotan\/carolina-winograd-y-un-album-que-busca-conciencia\/#breadcrumb","itemListElement":[{"@type":"ListItem","position":1,"name":"Inicio","item":"https:\/\/www.fracturaexpuesta.com.ar\/gotan\/"},{"@type":"ListItem","position":2,"name":"Carolina Winograd y un \u00e1lbum que busca conciencia"}]},{"@type":"WebSite","@id":"https:\/\/www.fracturaexpuesta.com.ar\/gotan\/#website","url":"https:\/\/www.fracturaexpuesta.com.ar\/gotan\/","name":"Fractura Expuesta | Tango!","description":"","publisher":{"@id":"https:\/\/www.fracturaexpuesta.com.ar\/gotan\/#organization"},"potentialAction":[{"@type":"SearchAction","target":{"@type":"EntryPoint","urlTemplate":"https:\/\/www.fracturaexpuesta.com.ar\/gotan\/?s={search_term_string}"},"query-input":{"@type":"PropertyValueSpecification","valueRequired":true,"valueName":"search_term_string"}}],"inLanguage":"es-AR"},{"@type":"Organization","@id":"https:\/\/www.fracturaexpuesta.com.ar\/gotan\/#organization","name":"Fractura Expuesta | Tango!","url":"https:\/\/www.fracturaexpuesta.com.ar\/gotan\/","logo":{"@type":"ImageObject","inLanguage":"es-AR","@id":"https:\/\/www.fracturaexpuesta.com.ar\/gotan\/#\/schema\/logo\/image\/","url":"https:\/\/www.fracturaexpuesta.com.ar\/gotan\/wp-content\/uploads\/2025\/03\/avatar2centroOK.jpg","contentUrl":"https:\/\/www.fracturaexpuesta.com.ar\/gotan\/wp-content\/uploads\/2025\/03\/avatar2centroOK.jpg","width":600,"height":600,"caption":"Fractura Expuesta | Tango!"},"image":{"@id":"https:\/\/www.fracturaexpuesta.com.ar\/gotan\/#\/schema\/logo\/image\/"}},{"@type":"Person","@id":"https:\/\/www.fracturaexpuesta.com.ar\/gotan\/#\/schema\/person\/d8266939f778485b13ad2174aa9e199e","name":"Fractura Expuesta","image":{"@type":"ImageObject","inLanguage":"es-AR","@id":"https:\/\/secure.gravatar.com\/avatar\/c4bad1eb9f93dd4a42df3aa8b8e8b882ff893fcea188ee15488a845db442d7ec?s=96&d=mm&r=g","url":"https:\/\/secure.gravatar.com\/avatar\/c4bad1eb9f93dd4a42df3aa8b8e8b882ff893fcea188ee15488a845db442d7ec?s=96&d=mm&r=g","contentUrl":"https:\/\/secure.gravatar.com\/avatar\/c4bad1eb9f93dd4a42df3aa8b8e8b882ff893fcea188ee15488a845db442d7ec?s=96&d=mm&r=g","caption":"Fractura Expuesta"},"description":"Sitio de tango y noticias culturales. Desde 2003, el espacio referente del tango de estos tiempos.","sameAs":["https:\/\/www.fracturaexpuesta.com.ar","https:\/\/www.facebook.com\/fracturaexpuestaok","https:\/\/www.instagram.com\/fracturaexpuesta","https:\/\/x.com\/https:\/\/x.com\/fracturatango","https:\/\/www.youtube.com\/channel\/UCojA8Q0QDpnncOL8sfTHOHg"],"url":"https:\/\/www.fracturaexpuesta.com.ar\/gotan\/author\/fractura-expuesta\/"}]}},"_links":{"self":[{"href":"https:\/\/www.fracturaexpuesta.com.ar\/gotan\/wp-json\/wp\/v2\/posts\/5560","targetHints":{"allow":["GET"]}}],"collection":[{"href":"https:\/\/www.fracturaexpuesta.com.ar\/gotan\/wp-json\/wp\/v2\/posts"}],"about":[{"href":"https:\/\/www.fracturaexpuesta.com.ar\/gotan\/wp-json\/wp\/v2\/types\/post"}],"author":[{"embeddable":true,"href":"https:\/\/www.fracturaexpuesta.com.ar\/gotan\/wp-json\/wp\/v2\/users\/1"}],"replies":[{"embeddable":true,"href":"https:\/\/www.fracturaexpuesta.com.ar\/gotan\/wp-json\/wp\/v2\/comments?post=5560"}],"version-history":[{"count":6,"href":"https:\/\/www.fracturaexpuesta.com.ar\/gotan\/wp-json\/wp\/v2\/posts\/5560\/revisions"}],"predecessor-version":[{"id":5568,"href":"https:\/\/www.fracturaexpuesta.com.ar\/gotan\/wp-json\/wp\/v2\/posts\/5560\/revisions\/5568"}],"wp:featuredmedia":[{"embeddable":true,"href":"https:\/\/www.fracturaexpuesta.com.ar\/gotan\/wp-json\/wp\/v2\/media\/5561"}],"wp:attachment":[{"href":"https:\/\/www.fracturaexpuesta.com.ar\/gotan\/wp-json\/wp\/v2\/media?parent=5560"}],"wp:term":[{"taxonomy":"category","embeddable":true,"href":"https:\/\/www.fracturaexpuesta.com.ar\/gotan\/wp-json\/wp\/v2\/categories?post=5560"},{"taxonomy":"post_tag","embeddable":true,"href":"https:\/\/www.fracturaexpuesta.com.ar\/gotan\/wp-json\/wp\/v2\/tags?post=5560"}],"curies":[{"name":"wp","href":"https:\/\/api.w.org\/{rel}","templated":true}]}}