{"id":5694,"date":"2025-12-27T20:03:57","date_gmt":"2025-12-27T23:03:57","guid":{"rendered":"https:\/\/www.fracturaexpuesta.com.ar\/gotan\/?p=5694"},"modified":"2026-01-12T17:17:46","modified_gmt":"2026-01-12T20:17:46","slug":"fallecio-daniel-hugo-piazzolla-el-hijo-de-astor-que-fue-parte-del-octeto-electronico-y-mantuvo-el-legado-de-una-familia-musical","status":"publish","type":"post","link":"https:\/\/www.fracturaexpuesta.com.ar\/gotan\/fallecio-daniel-hugo-piazzolla-el-hijo-de-astor-que-fue-parte-del-octeto-electronico-y-mantuvo-el-legado-de-una-familia-musical\/","title":{"rendered":"Falleci\u00f3 Daniel Hugo Piazzolla, el hijo de Astor que fue parte del Octeto Electr\u00f3nico y mantuvo el legado de una familia musical"},"content":{"rendered":"\n<p class=\"wp-block-paragraph\">Daniel Hugo Piazzolla, m\u00fasico e hijo de Astor Piazzolla, falleci\u00f3 este viernes <strong>a los 80 a\u00f1os<\/strong> en la ciudad de Villa La Angostura, Neuqu\u00e9n, lugar donde resid\u00eda desde 2010.<\/p>\n\n\n\n<p class=\"wp-block-paragraph\">Nacido en Buenos Aires el 28 de febrero de 1945, Daniel fue hijo del reconocido bandoneonista y de <strong>Ded\u00e9 Wolff<\/strong>, as\u00ed como padre de <strong>Daniel \u201cPipi\u201d Piazzolla<\/strong>, el destacado baterista.<\/p>\n\n\n\n<p class=\"wp-block-paragraph\">Daniel Hugo muri\u00f3 tras las complicaciones derivadas de una <strong>enfermedad pulmonar<\/strong>.<\/p>\n\n\n\n<p class=\"wp-block-paragraph\"><strong>Su hijo &#8220;Pipi&#8221; lo despidi\u00f3 en redes sociales<\/strong> con un escrito en el que mencion\u00f3 que su padre le dio &#8220;libertad para decidir&#8221; y le &#8220;ense\u00f1\u00f3 que la familia est\u00e1 primero&#8221;.<\/p>\n\n\n\n<p class=\"wp-block-paragraph\">\u201cHoy se fue mi pap\u00e1, el que siempre me apoy\u00f3, el amigo de mis amigos, el que me dio la libertad de decidir, el que me ense\u00f1\u00f3 que la familia est\u00e1 primero, el de las bromas pesadas, el que hizo de todo (m\u00fasico, pintor de casas, afinador de pianos, instalador de alfombras, el que te estaciona el auto en un garage del microcentro, gastron\u00f3mico, mec\u00e1nico dental, astr\u00f3nomo, motoquero, aventurero, divertido, ocurrente, r\u00e1pido en las respuestas, excelente padre y esposo)&#8221;, relat\u00f3 el baterista en su posteo.<\/p>\n\n\n\n<p class=\"wp-block-paragraph\">Y agreg\u00f3: &#8220;Todo el mundo te quiso y te recordar\u00e1n por siempre. Acompa\u00f1o esta publicaci\u00f3n con la canci\u00f3n que te compuse. Te voy a extra\u00f1ar mucho. Buen viaje y que te encuentres con los tuyos, que no ves hace rato. Te amo\u201d.<\/p>\n\n\n\n<figure class=\"wp-block-image size-full\"><img loading=\"lazy\" decoding=\"async\" width=\"960\" height=\"772\" src=\"https:\/\/www.fracturaexpuesta.com.ar\/gotan\/wp-content\/uploads\/2025\/12\/465288657_8727867700609834_3477369198148921192_n.jpg\" alt=\"\" class=\"wp-image-5695\" srcset=\"https:\/\/www.fracturaexpuesta.com.ar\/gotan\/wp-content\/uploads\/2025\/12\/465288657_8727867700609834_3477369198148921192_n.jpg 960w, https:\/\/www.fracturaexpuesta.com.ar\/gotan\/wp-content\/uploads\/2025\/12\/465288657_8727867700609834_3477369198148921192_n-300x241.jpg 300w, https:\/\/www.fracturaexpuesta.com.ar\/gotan\/wp-content\/uploads\/2025\/12\/465288657_8727867700609834_3477369198148921192_n-768x618.jpg 768w, https:\/\/www.fracturaexpuesta.com.ar\/gotan\/wp-content\/uploads\/2025\/12\/465288657_8727867700609834_3477369198148921192_n-60x48.jpg 60w\" sizes=\"auto, (max-width: 960px) 100vw, 960px\" \/><figcaption class=\"wp-element-caption\"><em><mark style=\"background-color:rgba(0, 0, 0, 0)\" class=\"has-inline-color has-cyan-bluish-gray-color\">Santiago Giacobbe, Daniel Piazzolla y Astor Piazzolla en Nueva York en 1976.<\/mark><\/em><\/figcaption><\/figure>\n\n\n\n<p class=\"wp-block-paragraph\">Daniel Hugo Piazzolla traz\u00f3 su vinculo con la m\u00fasica desde su infancia. Creci\u00f3 en un hogar rodeado de arte y viajes. Su carrera como music\u00f3 se consolid\u00f3 hacia mediados de la d\u00e9cada del &#8217;70 cuando form\u00f3 parte del <strong>Octeto Electr\u00f3nico<\/strong> de Astor Piazzolla, un conjunto emblema de la renovaci\u00f3n en el tango.<\/p>\n\n\n\n<p class=\"wp-block-paragraph\">El 1996 repuso en el Teatro Opera al octeto tocando con figuras como <strong>Chick Corea y Gary Burton<\/strong> en un homenaje que se prolong\u00f3 durante tres noches porte\u00f1as.<\/p>\n\n\n\n<figure class=\"wp-block-embed is-type-video is-provider-youtube wp-block-embed-youtube wp-embed-aspect-4-3 wp-has-aspect-ratio\"><div class=\"wp-block-embed__wrapper\">\n<iframe loading=\"lazy\" title=\"&quot;Violentango&quot; Astortango 1996 - Octeto Piazzolla\" width=\"1170\" height=\"878\" src=\"https:\/\/www.youtube.com\/embed\/04opu8E8kUw?feature=oembed\" frameborder=\"0\" allow=\"accelerometer; autoplay; clipboard-write; encrypted-media; gyroscope; picture-in-picture; web-share\" referrerpolicy=\"strict-origin-when-cross-origin\" allowfullscreen><\/iframe>\n<\/div><\/figure>\n\n\n\n<p class=\"wp-block-paragraph\">Siempre con una mirada atenta al legado transformador de su padre y fuera de la nostalgia, Daniel Piazzolla represent\u00f3 un eslab\u00f3n valioso que permiti\u00f3 fortalecer <strong>la visi\u00f3n contempor\u00e1nea <\/strong>y renovadora del tango y ser un puente para prolongar la tradici\u00f3n art\u00edstica de una familia musical. <\/p>\n\n\n\n<div style=\"height:10px\" aria-hidden=\"true\" class=\"wp-block-spacer\"><\/div>\n","protected":false},"excerpt":{"rendered":"<p>El hijo de Astor, que fue parte del legendario Octeto Electr\u00f3nico, muri\u00f3 a los 80 a\u00f1os en Villa La Angostura. &#8220;Me dio la libertad de decidir&#8221;, dijo su hijo &#8220;Pipi&#8221;.<\/p>\n","protected":false},"author":1,"featured_media":5696,"comment_status":"open","ping_status":"open","sticky":false,"template":"","format":"standard","meta":{"footnotes":""},"categories":[122],"tags":[125,242,173],"class_list":["post-5694","post","type-post","status-publish","format-standard","has-post-thumbnail","hentry","category-radar-tango","tag-astor-piazzolla","tag-daniel-piazzolla","tag-pipi-piazzolla"],"yoast_head":"<!-- This site is optimized with the Yoast SEO plugin v28.4 - https:\/\/yoast.com\/product\/yoast-seo-wordpress\/ -->\n<title>Falleci\u00f3 Daniel Hugo Piazzolla, el hijo de Astor que fue parte del Octeto Electr\u00f3nico y mantuvo el legado de una familia musical &#187; Fractura Expuesta | Tango!<\/title>\n<meta name=\"description\" content=\"El hijo de Astor, que fue parte del legendario Octeto Electr\u00f3nico, muri\u00f3 a los 80 a\u00f1os en Villa La Angostura. &quot;Me dio la libertad de decidir&quot;, dijo su hijo &quot;Pipi&quot;.\" \/>\n<meta name=\"robots\" content=\"index, follow, max-snippet:-1, max-image-preview:large, max-video-preview:-1\" \/>\n<link rel=\"canonical\" href=\"https:\/\/www.fracturaexpuesta.com.ar\/gotan\/fallecio-daniel-hugo-piazzolla-el-hijo-de-astor-que-fue-parte-del-octeto-electronico-y-mantuvo-el-legado-de-una-familia-musical\/\" \/>\n<meta property=\"og:locale\" content=\"es_ES\" \/>\n<meta property=\"og:type\" content=\"article\" \/>\n<meta property=\"og:title\" content=\"Falleci\u00f3 Daniel Hugo Piazzolla, el hijo de Astor que fue parte del Octeto Electr\u00f3nico y mantuvo el legado de una familia musical\" \/>\n<meta property=\"og:description\" content=\"El hijo de Astor, que fue parte del legendario Octeto Electr\u00f3nico, muri\u00f3 a los 80 a\u00f1os en Villa La Angostura. &quot;Me dio la libertad de decidir&quot;, dijo su hijo &quot;Pipi&quot;.\" \/>\n<meta property=\"og:url\" content=\"https:\/\/www.fracturaexpuesta.com.ar\/gotan\/fallecio-daniel-hugo-piazzolla-el-hijo-de-astor-que-fue-parte-del-octeto-electronico-y-mantuvo-el-legado-de-una-familia-musical\/\" \/>\n<meta property=\"og:site_name\" content=\"Fractura Expuesta | Tango!\" \/>\n<meta property=\"article:author\" content=\"https:\/\/www.facebook.com\/fracturaexpuestaok\" \/>\n<meta property=\"article:published_time\" content=\"2025-12-27T23:03:57+00:00\" \/>\n<meta property=\"article:modified_time\" content=\"2026-01-12T20:17:46+00:00\" \/>\n<meta property=\"og:image\" content=\"https:\/\/www.fracturaexpuesta.com.ar\/gotan\/wp-content\/uploads\/2025\/12\/daniel-hugo-piazzolla.jpg\" \/>\n\t<meta property=\"og:image:width\" content=\"950\" \/>\n\t<meta property=\"og:image:height\" content=\"700\" \/>\n\t<meta property=\"og:image:type\" content=\"image\/jpeg\" \/>\n<meta name=\"author\" content=\"Fractura Expuesta\" \/>\n<meta name=\"twitter:card\" content=\"summary_large_image\" \/>\n<meta name=\"twitter:title\" content=\"Falleci\u00f3 Daniel Hugo Piazzolla, el hijo de Astor que fue parte del Octeto Electr\u00f3nico y mantuvo el legado de una familia musical\" \/>\n<meta name=\"twitter:description\" content=\"El hijo de Astor, que fue parte del legendario Octeto Electr\u00f3nico, muri\u00f3 a los 80 a\u00f1os en Villa La Angostura. &quot;Me dio la libertad de decidir&quot;, dijo su hijo &quot;Pipi&quot;.\" \/>\n<meta name=\"twitter:image\" content=\"https:\/\/www.fracturaexpuesta.com.ar\/gotan\/wp-content\/uploads\/2025\/12\/daniel-hugo-piazzolla.jpg\" \/>\n<meta name=\"twitter:creator\" content=\"@https:\/\/x.com\/fracturatango\" \/>\n<meta name=\"twitter:label1\" content=\"Escrito por\" \/>\n\t<meta name=\"twitter:data1\" content=\"Fractura Expuesta\" \/>\n\t<meta name=\"twitter:label2\" content=\"Tiempo de lectura\" \/>\n\t<meta name=\"twitter:data2\" content=\"3 minutos\" \/>\n<script type=\"application\/ld+json\" class=\"yoast-schema-graph\">{\"@context\":\"https:\\\/\\\/schema.org\",\"@graph\":[{\"@type\":\"Article\",\"@id\":\"https:\\\/\\\/www.fracturaexpuesta.com.ar\\\/gotan\\\/fallecio-daniel-hugo-piazzolla-el-hijo-de-astor-que-fue-parte-del-octeto-electronico-y-mantuvo-el-legado-de-una-familia-musical\\\/#article\",\"isPartOf\":{\"@id\":\"https:\\\/\\\/www.fracturaexpuesta.com.ar\\\/gotan\\\/fallecio-daniel-hugo-piazzolla-el-hijo-de-astor-que-fue-parte-del-octeto-electronico-y-mantuvo-el-legado-de-una-familia-musical\\\/\"},\"author\":{\"name\":\"Fractura Expuesta\",\"@id\":\"https:\\\/\\\/www.fracturaexpuesta.com.ar\\\/gotan\\\/#\\\/schema\\\/person\\\/d8266939f778485b13ad2174aa9e199e\"},\"headline\":\"Falleci\u00f3 Daniel Hugo Piazzolla, el hijo de Astor que fue parte del Octeto Electr\u00f3nico y mantuvo el legado de una familia musical\",\"datePublished\":\"2025-12-27T23:03:57+00:00\",\"dateModified\":\"2026-01-12T20:17:46+00:00\",\"mainEntityOfPage\":{\"@id\":\"https:\\\/\\\/www.fracturaexpuesta.com.ar\\\/gotan\\\/fallecio-daniel-hugo-piazzolla-el-hijo-de-astor-que-fue-parte-del-octeto-electronico-y-mantuvo-el-legado-de-una-familia-musical\\\/\"},\"wordCount\":423,\"commentCount\":0,\"publisher\":{\"@id\":\"https:\\\/\\\/www.fracturaexpuesta.com.ar\\\/gotan\\\/#organization\"},\"image\":{\"@id\":\"https:\\\/\\\/www.fracturaexpuesta.com.ar\\\/gotan\\\/fallecio-daniel-hugo-piazzolla-el-hijo-de-astor-que-fue-parte-del-octeto-electronico-y-mantuvo-el-legado-de-una-familia-musical\\\/#primaryimage\"},\"thumbnailUrl\":\"https:\\\/\\\/www.fracturaexpuesta.com.ar\\\/gotan\\\/wp-content\\\/uploads\\\/2025\\\/12\\\/daniel-hugo-piazzolla.jpg\",\"keywords\":[\"astor piazzolla\",\"daniel piazzolla\",\"pipi piazzolla\"],\"articleSection\":[\"Radar Tango\"],\"inLanguage\":\"es-AR\",\"potentialAction\":[{\"@type\":\"CommentAction\",\"name\":\"Comment\",\"target\":[\"https:\\\/\\\/www.fracturaexpuesta.com.ar\\\/gotan\\\/fallecio-daniel-hugo-piazzolla-el-hijo-de-astor-que-fue-parte-del-octeto-electronico-y-mantuvo-el-legado-de-una-familia-musical\\\/#respond\"]}]},{\"@type\":\"WebPage\",\"@id\":\"https:\\\/\\\/www.fracturaexpuesta.com.ar\\\/gotan\\\/fallecio-daniel-hugo-piazzolla-el-hijo-de-astor-que-fue-parte-del-octeto-electronico-y-mantuvo-el-legado-de-una-familia-musical\\\/\",\"url\":\"https:\\\/\\\/www.fracturaexpuesta.com.ar\\\/gotan\\\/fallecio-daniel-hugo-piazzolla-el-hijo-de-astor-que-fue-parte-del-octeto-electronico-y-mantuvo-el-legado-de-una-familia-musical\\\/\",\"name\":\"Falleci\u00f3 Daniel Hugo Piazzolla, el hijo de Astor que fue parte del Octeto Electr\u00f3nico y mantuvo el legado de una familia musical &#187; Fractura Expuesta | Tango!\",\"isPartOf\":{\"@id\":\"https:\\\/\\\/www.fracturaexpuesta.com.ar\\\/gotan\\\/#website\"},\"primaryImageOfPage\":{\"@id\":\"https:\\\/\\\/www.fracturaexpuesta.com.ar\\\/gotan\\\/fallecio-daniel-hugo-piazzolla-el-hijo-de-astor-que-fue-parte-del-octeto-electronico-y-mantuvo-el-legado-de-una-familia-musical\\\/#primaryimage\"},\"image\":{\"@id\":\"https:\\\/\\\/www.fracturaexpuesta.com.ar\\\/gotan\\\/fallecio-daniel-hugo-piazzolla-el-hijo-de-astor-que-fue-parte-del-octeto-electronico-y-mantuvo-el-legado-de-una-familia-musical\\\/#primaryimage\"},\"thumbnailUrl\":\"https:\\\/\\\/www.fracturaexpuesta.com.ar\\\/gotan\\\/wp-content\\\/uploads\\\/2025\\\/12\\\/daniel-hugo-piazzolla.jpg\",\"datePublished\":\"2025-12-27T23:03:57+00:00\",\"dateModified\":\"2026-01-12T20:17:46+00:00\",\"description\":\"El hijo de Astor, que fue parte del legendario Octeto Electr\u00f3nico, muri\u00f3 a los 80 a\u00f1os en Villa La Angostura. \\\"Me dio la libertad de decidir\\\", dijo su hijo \\\"Pipi\\\".\",\"breadcrumb\":{\"@id\":\"https:\\\/\\\/www.fracturaexpuesta.com.ar\\\/gotan\\\/fallecio-daniel-hugo-piazzolla-el-hijo-de-astor-que-fue-parte-del-octeto-electronico-y-mantuvo-el-legado-de-una-familia-musical\\\/#breadcrumb\"},\"inLanguage\":\"es-AR\",\"potentialAction\":[{\"@type\":\"ReadAction\",\"target\":[\"https:\\\/\\\/www.fracturaexpuesta.com.ar\\\/gotan\\\/fallecio-daniel-hugo-piazzolla-el-hijo-de-astor-que-fue-parte-del-octeto-electronico-y-mantuvo-el-legado-de-una-familia-musical\\\/\"]}]},{\"@type\":\"ImageObject\",\"inLanguage\":\"es-AR\",\"@id\":\"https:\\\/\\\/www.fracturaexpuesta.com.ar\\\/gotan\\\/fallecio-daniel-hugo-piazzolla-el-hijo-de-astor-que-fue-parte-del-octeto-electronico-y-mantuvo-el-legado-de-una-familia-musical\\\/#primaryimage\",\"url\":\"https:\\\/\\\/www.fracturaexpuesta.com.ar\\\/gotan\\\/wp-content\\\/uploads\\\/2025\\\/12\\\/daniel-hugo-piazzolla.jpg\",\"contentUrl\":\"https:\\\/\\\/www.fracturaexpuesta.com.ar\\\/gotan\\\/wp-content\\\/uploads\\\/2025\\\/12\\\/daniel-hugo-piazzolla.jpg\",\"width\":950,\"height\":700},{\"@type\":\"BreadcrumbList\",\"@id\":\"https:\\\/\\\/www.fracturaexpuesta.com.ar\\\/gotan\\\/fallecio-daniel-hugo-piazzolla-el-hijo-de-astor-que-fue-parte-del-octeto-electronico-y-mantuvo-el-legado-de-una-familia-musical\\\/#breadcrumb\",\"itemListElement\":[{\"@type\":\"ListItem\",\"position\":1,\"name\":\"Inicio\",\"item\":\"https:\\\/\\\/www.fracturaexpuesta.com.ar\\\/gotan\\\/\"},{\"@type\":\"ListItem\",\"position\":2,\"name\":\"Falleci\u00f3 Daniel Hugo Piazzolla, el hijo de Astor que fue parte del Octeto Electr\u00f3nico y mantuvo el legado de una familia musical\"}]},{\"@type\":\"WebSite\",\"@id\":\"https:\\\/\\\/www.fracturaexpuesta.com.ar\\\/gotan\\\/#website\",\"url\":\"https:\\\/\\\/www.fracturaexpuesta.com.ar\\\/gotan\\\/\",\"name\":\"Fractura Expuesta | Tango!\",\"description\":\"\",\"publisher\":{\"@id\":\"https:\\\/\\\/www.fracturaexpuesta.com.ar\\\/gotan\\\/#organization\"},\"potentialAction\":[{\"@type\":\"SearchAction\",\"target\":{\"@type\":\"EntryPoint\",\"urlTemplate\":\"https:\\\/\\\/www.fracturaexpuesta.com.ar\\\/gotan\\\/?s={search_term_string}\"},\"query-input\":{\"@type\":\"PropertyValueSpecification\",\"valueRequired\":true,\"valueName\":\"search_term_string\"}}],\"inLanguage\":\"es-AR\"},{\"@type\":\"Organization\",\"@id\":\"https:\\\/\\\/www.fracturaexpuesta.com.ar\\\/gotan\\\/#organization\",\"name\":\"Fractura Expuesta | Tango!\",\"url\":\"https:\\\/\\\/www.fracturaexpuesta.com.ar\\\/gotan\\\/\",\"logo\":{\"@type\":\"ImageObject\",\"inLanguage\":\"es-AR\",\"@id\":\"https:\\\/\\\/www.fracturaexpuesta.com.ar\\\/gotan\\\/#\\\/schema\\\/logo\\\/image\\\/\",\"url\":\"https:\\\/\\\/www.fracturaexpuesta.com.ar\\\/gotan\\\/wp-content\\\/uploads\\\/2025\\\/03\\\/avatar2centroOK.jpg\",\"contentUrl\":\"https:\\\/\\\/www.fracturaexpuesta.com.ar\\\/gotan\\\/wp-content\\\/uploads\\\/2025\\\/03\\\/avatar2centroOK.jpg\",\"width\":600,\"height\":600,\"caption\":\"Fractura Expuesta | Tango!\"},\"image\":{\"@id\":\"https:\\\/\\\/www.fracturaexpuesta.com.ar\\\/gotan\\\/#\\\/schema\\\/logo\\\/image\\\/\"}},{\"@type\":\"Person\",\"@id\":\"https:\\\/\\\/www.fracturaexpuesta.com.ar\\\/gotan\\\/#\\\/schema\\\/person\\\/d8266939f778485b13ad2174aa9e199e\",\"name\":\"Fractura Expuesta\",\"image\":{\"@type\":\"ImageObject\",\"inLanguage\":\"es-AR\",\"@id\":\"https:\\\/\\\/secure.gravatar.com\\\/avatar\\\/c4bad1eb9f93dd4a42df3aa8b8e8b882ff893fcea188ee15488a845db442d7ec?s=96&d=mm&r=g\",\"url\":\"https:\\\/\\\/secure.gravatar.com\\\/avatar\\\/c4bad1eb9f93dd4a42df3aa8b8e8b882ff893fcea188ee15488a845db442d7ec?s=96&d=mm&r=g\",\"contentUrl\":\"https:\\\/\\\/secure.gravatar.com\\\/avatar\\\/c4bad1eb9f93dd4a42df3aa8b8e8b882ff893fcea188ee15488a845db442d7ec?s=96&d=mm&r=g\",\"caption\":\"Fractura Expuesta\"},\"description\":\"Sitio de tango y noticias culturales. Desde 2003, el espacio referente del tango de estos tiempos.\",\"sameAs\":[\"https:\\\/\\\/www.fracturaexpuesta.com.ar\",\"https:\\\/\\\/www.facebook.com\\\/fracturaexpuestaok\",\"https:\\\/\\\/www.instagram.com\\\/fracturaexpuesta\",\"https:\\\/\\\/x.com\\\/https:\\\/\\\/x.com\\\/fracturatango\",\"https:\\\/\\\/www.youtube.com\\\/channel\\\/UCojA8Q0QDpnncOL8sfTHOHg\"],\"url\":\"https:\\\/\\\/www.fracturaexpuesta.com.ar\\\/gotan\\\/author\\\/fractura-expuesta\\\/\"}]}<\/script>\n<!-- \/ Yoast SEO plugin. -->","yoast_head_json":{"title":"Falleci\u00f3 Daniel Hugo Piazzolla, el hijo de Astor que fue parte del Octeto Electr\u00f3nico y mantuvo el legado de una familia musical &#187; Fractura Expuesta | Tango!","description":"El hijo de Astor, que fue parte del legendario Octeto Electr\u00f3nico, muri\u00f3 a los 80 a\u00f1os en Villa La Angostura. \"Me dio la libertad de decidir\", dijo su hijo \"Pipi\".","robots":{"index":"index","follow":"follow","max-snippet":"max-snippet:-1","max-image-preview":"max-image-preview:large","max-video-preview":"max-video-preview:-1"},"canonical":"https:\/\/www.fracturaexpuesta.com.ar\/gotan\/fallecio-daniel-hugo-piazzolla-el-hijo-de-astor-que-fue-parte-del-octeto-electronico-y-mantuvo-el-legado-de-una-familia-musical\/","og_locale":"es_ES","og_type":"article","og_title":"Falleci\u00f3 Daniel Hugo Piazzolla, el hijo de Astor que fue parte del Octeto Electr\u00f3nico y mantuvo el legado de una familia musical","og_description":"El hijo de Astor, que fue parte del legendario Octeto Electr\u00f3nico, muri\u00f3 a los 80 a\u00f1os en Villa La Angostura. \"Me dio la libertad de decidir\", dijo su hijo \"Pipi\".","og_url":"https:\/\/www.fracturaexpuesta.com.ar\/gotan\/fallecio-daniel-hugo-piazzolla-el-hijo-de-astor-que-fue-parte-del-octeto-electronico-y-mantuvo-el-legado-de-una-familia-musical\/","og_site_name":"Fractura Expuesta | Tango!","article_author":"https:\/\/www.facebook.com\/fracturaexpuestaok","article_published_time":"2025-12-27T23:03:57+00:00","article_modified_time":"2026-01-12T20:17:46+00:00","og_image":[{"width":950,"height":700,"url":"https:\/\/www.fracturaexpuesta.com.ar\/gotan\/wp-content\/uploads\/2025\/12\/daniel-hugo-piazzolla.jpg","type":"image\/jpeg"}],"author":"Fractura Expuesta","twitter_card":"summary_large_image","twitter_title":"Falleci\u00f3 Daniel Hugo Piazzolla, el hijo de Astor que fue parte del Octeto Electr\u00f3nico y mantuvo el legado de una familia musical","twitter_description":"El hijo de Astor, que fue parte del legendario Octeto Electr\u00f3nico, muri\u00f3 a los 80 a\u00f1os en Villa La Angostura. \"Me dio la libertad de decidir\", dijo su hijo \"Pipi\".","twitter_image":"https:\/\/www.fracturaexpuesta.com.ar\/gotan\/wp-content\/uploads\/2025\/12\/daniel-hugo-piazzolla.jpg","twitter_creator":"@https:\/\/x.com\/fracturatango","twitter_misc":{"Escrito por":"Fractura Expuesta","Tiempo de lectura":"3 minutos"},"schema":{"@context":"https:\/\/schema.org","@graph":[{"@type":"Article","@id":"https:\/\/www.fracturaexpuesta.com.ar\/gotan\/fallecio-daniel-hugo-piazzolla-el-hijo-de-astor-que-fue-parte-del-octeto-electronico-y-mantuvo-el-legado-de-una-familia-musical\/#article","isPartOf":{"@id":"https:\/\/www.fracturaexpuesta.com.ar\/gotan\/fallecio-daniel-hugo-piazzolla-el-hijo-de-astor-que-fue-parte-del-octeto-electronico-y-mantuvo-el-legado-de-una-familia-musical\/"},"author":{"name":"Fractura Expuesta","@id":"https:\/\/www.fracturaexpuesta.com.ar\/gotan\/#\/schema\/person\/d8266939f778485b13ad2174aa9e199e"},"headline":"Falleci\u00f3 Daniel Hugo Piazzolla, el hijo de Astor que fue parte del Octeto Electr\u00f3nico y mantuvo el legado de una familia musical","datePublished":"2025-12-27T23:03:57+00:00","dateModified":"2026-01-12T20:17:46+00:00","mainEntityOfPage":{"@id":"https:\/\/www.fracturaexpuesta.com.ar\/gotan\/fallecio-daniel-hugo-piazzolla-el-hijo-de-astor-que-fue-parte-del-octeto-electronico-y-mantuvo-el-legado-de-una-familia-musical\/"},"wordCount":423,"commentCount":0,"publisher":{"@id":"https:\/\/www.fracturaexpuesta.com.ar\/gotan\/#organization"},"image":{"@id":"https:\/\/www.fracturaexpuesta.com.ar\/gotan\/fallecio-daniel-hugo-piazzolla-el-hijo-de-astor-que-fue-parte-del-octeto-electronico-y-mantuvo-el-legado-de-una-familia-musical\/#primaryimage"},"thumbnailUrl":"https:\/\/www.fracturaexpuesta.com.ar\/gotan\/wp-content\/uploads\/2025\/12\/daniel-hugo-piazzolla.jpg","keywords":["astor piazzolla","daniel piazzolla","pipi piazzolla"],"articleSection":["Radar Tango"],"inLanguage":"es-AR","potentialAction":[{"@type":"CommentAction","name":"Comment","target":["https:\/\/www.fracturaexpuesta.com.ar\/gotan\/fallecio-daniel-hugo-piazzolla-el-hijo-de-astor-que-fue-parte-del-octeto-electronico-y-mantuvo-el-legado-de-una-familia-musical\/#respond"]}]},{"@type":"WebPage","@id":"https:\/\/www.fracturaexpuesta.com.ar\/gotan\/fallecio-daniel-hugo-piazzolla-el-hijo-de-astor-que-fue-parte-del-octeto-electronico-y-mantuvo-el-legado-de-una-familia-musical\/","url":"https:\/\/www.fracturaexpuesta.com.ar\/gotan\/fallecio-daniel-hugo-piazzolla-el-hijo-de-astor-que-fue-parte-del-octeto-electronico-y-mantuvo-el-legado-de-una-familia-musical\/","name":"Falleci\u00f3 Daniel Hugo Piazzolla, el hijo de Astor que fue parte del Octeto Electr\u00f3nico y mantuvo el legado de una familia musical &#187; Fractura Expuesta | Tango!","isPartOf":{"@id":"https:\/\/www.fracturaexpuesta.com.ar\/gotan\/#website"},"primaryImageOfPage":{"@id":"https:\/\/www.fracturaexpuesta.com.ar\/gotan\/fallecio-daniel-hugo-piazzolla-el-hijo-de-astor-que-fue-parte-del-octeto-electronico-y-mantuvo-el-legado-de-una-familia-musical\/#primaryimage"},"image":{"@id":"https:\/\/www.fracturaexpuesta.com.ar\/gotan\/fallecio-daniel-hugo-piazzolla-el-hijo-de-astor-que-fue-parte-del-octeto-electronico-y-mantuvo-el-legado-de-una-familia-musical\/#primaryimage"},"thumbnailUrl":"https:\/\/www.fracturaexpuesta.com.ar\/gotan\/wp-content\/uploads\/2025\/12\/daniel-hugo-piazzolla.jpg","datePublished":"2025-12-27T23:03:57+00:00","dateModified":"2026-01-12T20:17:46+00:00","description":"El hijo de Astor, que fue parte del legendario Octeto Electr\u00f3nico, muri\u00f3 a los 80 a\u00f1os en Villa La Angostura. \"Me dio la libertad de decidir\", dijo su hijo \"Pipi\".","breadcrumb":{"@id":"https:\/\/www.fracturaexpuesta.com.ar\/gotan\/fallecio-daniel-hugo-piazzolla-el-hijo-de-astor-que-fue-parte-del-octeto-electronico-y-mantuvo-el-legado-de-una-familia-musical\/#breadcrumb"},"inLanguage":"es-AR","potentialAction":[{"@type":"ReadAction","target":["https:\/\/www.fracturaexpuesta.com.ar\/gotan\/fallecio-daniel-hugo-piazzolla-el-hijo-de-astor-que-fue-parte-del-octeto-electronico-y-mantuvo-el-legado-de-una-familia-musical\/"]}]},{"@type":"ImageObject","inLanguage":"es-AR","@id":"https:\/\/www.fracturaexpuesta.com.ar\/gotan\/fallecio-daniel-hugo-piazzolla-el-hijo-de-astor-que-fue-parte-del-octeto-electronico-y-mantuvo-el-legado-de-una-familia-musical\/#primaryimage","url":"https:\/\/www.fracturaexpuesta.com.ar\/gotan\/wp-content\/uploads\/2025\/12\/daniel-hugo-piazzolla.jpg","contentUrl":"https:\/\/www.fracturaexpuesta.com.ar\/gotan\/wp-content\/uploads\/2025\/12\/daniel-hugo-piazzolla.jpg","width":950,"height":700},{"@type":"BreadcrumbList","@id":"https:\/\/www.fracturaexpuesta.com.ar\/gotan\/fallecio-daniel-hugo-piazzolla-el-hijo-de-astor-que-fue-parte-del-octeto-electronico-y-mantuvo-el-legado-de-una-familia-musical\/#breadcrumb","itemListElement":[{"@type":"ListItem","position":1,"name":"Inicio","item":"https:\/\/www.fracturaexpuesta.com.ar\/gotan\/"},{"@type":"ListItem","position":2,"name":"Falleci\u00f3 Daniel Hugo Piazzolla, el hijo de Astor que fue parte del Octeto Electr\u00f3nico y mantuvo el legado de una familia musical"}]},{"@type":"WebSite","@id":"https:\/\/www.fracturaexpuesta.com.ar\/gotan\/#website","url":"https:\/\/www.fracturaexpuesta.com.ar\/gotan\/","name":"Fractura Expuesta | Tango!","description":"","publisher":{"@id":"https:\/\/www.fracturaexpuesta.com.ar\/gotan\/#organization"},"potentialAction":[{"@type":"SearchAction","target":{"@type":"EntryPoint","urlTemplate":"https:\/\/www.fracturaexpuesta.com.ar\/gotan\/?s={search_term_string}"},"query-input":{"@type":"PropertyValueSpecification","valueRequired":true,"valueName":"search_term_string"}}],"inLanguage":"es-AR"},{"@type":"Organization","@id":"https:\/\/www.fracturaexpuesta.com.ar\/gotan\/#organization","name":"Fractura Expuesta | Tango!","url":"https:\/\/www.fracturaexpuesta.com.ar\/gotan\/","logo":{"@type":"ImageObject","inLanguage":"es-AR","@id":"https:\/\/www.fracturaexpuesta.com.ar\/gotan\/#\/schema\/logo\/image\/","url":"https:\/\/www.fracturaexpuesta.com.ar\/gotan\/wp-content\/uploads\/2025\/03\/avatar2centroOK.jpg","contentUrl":"https:\/\/www.fracturaexpuesta.com.ar\/gotan\/wp-content\/uploads\/2025\/03\/avatar2centroOK.jpg","width":600,"height":600,"caption":"Fractura Expuesta | Tango!"},"image":{"@id":"https:\/\/www.fracturaexpuesta.com.ar\/gotan\/#\/schema\/logo\/image\/"}},{"@type":"Person","@id":"https:\/\/www.fracturaexpuesta.com.ar\/gotan\/#\/schema\/person\/d8266939f778485b13ad2174aa9e199e","name":"Fractura Expuesta","image":{"@type":"ImageObject","inLanguage":"es-AR","@id":"https:\/\/secure.gravatar.com\/avatar\/c4bad1eb9f93dd4a42df3aa8b8e8b882ff893fcea188ee15488a845db442d7ec?s=96&d=mm&r=g","url":"https:\/\/secure.gravatar.com\/avatar\/c4bad1eb9f93dd4a42df3aa8b8e8b882ff893fcea188ee15488a845db442d7ec?s=96&d=mm&r=g","contentUrl":"https:\/\/secure.gravatar.com\/avatar\/c4bad1eb9f93dd4a42df3aa8b8e8b882ff893fcea188ee15488a845db442d7ec?s=96&d=mm&r=g","caption":"Fractura Expuesta"},"description":"Sitio de tango y noticias culturales. Desde 2003, el espacio referente del tango de estos tiempos.","sameAs":["https:\/\/www.fracturaexpuesta.com.ar","https:\/\/www.facebook.com\/fracturaexpuestaok","https:\/\/www.instagram.com\/fracturaexpuesta","https:\/\/x.com\/https:\/\/x.com\/fracturatango","https:\/\/www.youtube.com\/channel\/UCojA8Q0QDpnncOL8sfTHOHg"],"url":"https:\/\/www.fracturaexpuesta.com.ar\/gotan\/author\/fractura-expuesta\/"}]}},"_links":{"self":[{"href":"https:\/\/www.fracturaexpuesta.com.ar\/gotan\/wp-json\/wp\/v2\/posts\/5694","targetHints":{"allow":["GET"]}}],"collection":[{"href":"https:\/\/www.fracturaexpuesta.com.ar\/gotan\/wp-json\/wp\/v2\/posts"}],"about":[{"href":"https:\/\/www.fracturaexpuesta.com.ar\/gotan\/wp-json\/wp\/v2\/types\/post"}],"author":[{"embeddable":true,"href":"https:\/\/www.fracturaexpuesta.com.ar\/gotan\/wp-json\/wp\/v2\/users\/1"}],"replies":[{"embeddable":true,"href":"https:\/\/www.fracturaexpuesta.com.ar\/gotan\/wp-json\/wp\/v2\/comments?post=5694"}],"version-history":[{"count":8,"href":"https:\/\/www.fracturaexpuesta.com.ar\/gotan\/wp-json\/wp\/v2\/posts\/5694\/revisions"}],"predecessor-version":[{"id":5708,"href":"https:\/\/www.fracturaexpuesta.com.ar\/gotan\/wp-json\/wp\/v2\/posts\/5694\/revisions\/5708"}],"wp:featuredmedia":[{"embeddable":true,"href":"https:\/\/www.fracturaexpuesta.com.ar\/gotan\/wp-json\/wp\/v2\/media\/5696"}],"wp:attachment":[{"href":"https:\/\/www.fracturaexpuesta.com.ar\/gotan\/wp-json\/wp\/v2\/media?parent=5694"}],"wp:term":[{"taxonomy":"category","embeddable":true,"href":"https:\/\/www.fracturaexpuesta.com.ar\/gotan\/wp-json\/wp\/v2\/categories?post=5694"},{"taxonomy":"post_tag","embeddable":true,"href":"https:\/\/www.fracturaexpuesta.com.ar\/gotan\/wp-json\/wp\/v2\/tags?post=5694"}],"curies":[{"name":"wp","href":"https:\/\/api.w.org\/{rel}","templated":true}]}}