{"id":5710,"date":"2026-01-12T17:14:43","date_gmt":"2026-01-12T20:14:43","guid":{"rendered":"https:\/\/www.fracturaexpuesta.com.ar\/gotan\/?p=5710"},"modified":"2026-01-12T17:25:07","modified_gmt":"2026-01-12T20:25:07","slug":"los-estados-volcanicos-de-un-cantor-de-tangos-los-poemas-de-julio-sosa","status":"publish","type":"post","link":"https:\/\/www.fracturaexpuesta.com.ar\/gotan\/los-estados-volcanicos-de-un-cantor-de-tangos-los-poemas-de-julio-sosa\/","title":{"rendered":"\u201cLos estados volc\u00e1nicos\u201d de un cantor de tangos: los poemas de Julio Sosa"},"content":{"rendered":"\n<p class=\"wp-block-paragraph\">En 1964, poco antes de su tr\u00e1gico fallecimiento en un accidente de tr\u00e1nsito, el cantor Julio Sosa present\u00f3 su \u00fanico libro.<\/p>\n\n\n\n<p class=\"wp-block-paragraph\">Se trata de <strong><em>Dos horas antes del alba<\/em><\/strong>, un poemario que contiene una veintena de escritos que Sosa compuso para, seg\u00fan \u00e9l, activar una v\u00e1lvula de escape al dolor o contener \u201cel mandato de la alegr\u00eda\u201d (\u00bfla fama, la farra?).<\/p>\n\n\n\n<p class=\"wp-block-paragraph\">El amor, la naturaleza, el desencanto, la madrugada y una marcada vertiente er\u00f3tica configuran el paisaje de un libro que muestra \u201clos estados volc\u00e1nicos\u201d del cantor nacido en Uruguay.<\/p>\n\n\n<div class=\"wp-block-image\">\n<figure class=\"aligncenter size-full is-resized\"><img loading=\"lazy\" decoding=\"async\" width=\"326\" height=\"539\" src=\"https:\/\/www.fracturaexpuesta.com.ar\/gotan\/wp-content\/uploads\/2026\/01\/Julio-Sosa-Dos-Horas-Antes-del-Alba-poemas.jpg\" alt=\"\" class=\"wp-image-5712\" style=\"width:457px;height:auto\" srcset=\"https:\/\/www.fracturaexpuesta.com.ar\/gotan\/wp-content\/uploads\/2026\/01\/Julio-Sosa-Dos-Horas-Antes-del-Alba-poemas.jpg 326w, https:\/\/www.fracturaexpuesta.com.ar\/gotan\/wp-content\/uploads\/2026\/01\/Julio-Sosa-Dos-Horas-Antes-del-Alba-poemas-181x300.jpg 181w, https:\/\/www.fracturaexpuesta.com.ar\/gotan\/wp-content\/uploads\/2026\/01\/Julio-Sosa-Dos-Horas-Antes-del-Alba-poemas-60x99.jpg 60w\" sizes=\"auto, (max-width: 326px) 100vw, 326px\" \/><figcaption class=\"wp-element-caption\"><em><mark style=\"background-color:rgba(0, 0, 0, 0)\" class=\"has-inline-color has-cyan-bluish-gray-color\"><sup>La portada del libro de poemas de Julio Sosa<\/sup><\/mark><\/em><\/figcaption><\/figure>\n<\/div>\n\n\n<p class=\"wp-block-paragraph\">En su nota preliminar, Sosa dice:<\/p>\n\n\n\n<p class=\"wp-block-paragraph\">\u201cPoder escribir ha sido siempre <strong>una v\u00e1lvula que alivi\u00f3 la tensi\u00f3n de volc\u00e1nicos estados an\u00edmicos<\/strong> o mortales depresiones morales.<\/p>\n\n\n\n<p class=\"wp-block-paragraph\">Cuando mi alma a punto de asfixiarse o mi coraz\u00f3n a punto de estallar bajo el mandato de la alegr\u00eda o el lapidario peso del dolor (m\u00e1s por \u00e9ste que por aquellos), necesit\u00f3 de la sangr\u00eda que la aliviara, <strong>mi pluma obr\u00f3 el milagro de devolverme la paz<\/strong>, me ense\u00f1\u00f3 a enfrentar la vida con m\u00e1s valor y a mirar a mis semejantes con ojos m\u00e1s buenos\u201d.<\/p>\n\n\n\n<p class=\"wp-block-paragraph\">Y concluye: \u201cTampoco puedo afirmar si est\u00e1 bien o mal escrito; pero puedo jurar, en cambio, que es un libro sincero\u201d.<\/p>\n\n\n\n<h2 class=\"wp-block-heading\">El error<\/h2>\n\n\n\n<p class=\"wp-block-paragraph\">El er\u00f3tico error de mis padres<br>me dio luz, yo me llamo Fracaso\u2026<br>es mentira que tengo otro nombre<br>por m\u00e1s que lo diga, lo grite o lo ladre<br>el severo y absurdo papel de un juzgado\u2026<\/p>\n\n\n\n<p class=\"wp-block-paragraph\">Fui un orgasmo fatal de un momento<br>fui un instinto morboso y malsano<br>y pas\u00e9 de mi padre a mi madre<br>por un tubo convulso y enfermo<br>una noche, hace ya treinta a\u00f1os\u2026<br>Pude estar encerrado en el vidrio<br>de la feria brutal de alg\u00fan sabio.<\/p>\n\n\n\n<p class=\"wp-block-paragraph\">Por error he nacido y existo<br>sin poder ayudar a la ciencia<br>conservado en el fondo de un frasco\u2026<\/p>\n\n\n\n<p class=\"wp-block-paragraph\">Pude ser una obra suprema<br>de monstruosa fealdad, una bestia,<br>pero tengo un defecto que impide<br>consumar tan macabra belleza\u2026<\/p>\n\n\n\n<p class=\"wp-block-paragraph\">Y es que en m\u00ed, tan deforme y enfermo<br>puso Dios con crueldad manifiesta<br>la espantosa salud de un cerebro\u2026<\/p>\n\n\n\n<h2 class=\"wp-block-heading\"><strong>Soledad<\/strong><\/h2>\n\n\n\n<p class=\"wp-block-paragraph\">Hoy el sol ha golpeado con sus c\u00e1lidos dedos<br>los cristales opacos de mi vieja ventana.<br>Dos gotas temblorosas del nocturno roc\u00edo<br>desde el vidrio me miran en la tibia ma\u00f1ana.<\/p>\n\n\n\n<p class=\"wp-block-paragraph\">Todo es luz y alegr\u00eda, y color y sonido,<br>todo es vida en el campo. Precursora de est\u00edo<br>Primavera ha llegado con dorados pinceles<br>decorando las flores, alegrando los nidos.<br>Derraman los panales el amor de sus mieles<br>que acechan cautelosos zagales escondidos.<\/p>\n\n\n\n<p class=\"wp-block-paragraph\">Vuela rauda una alondra transportando en el pico<br>la raz\u00f3n de su vida hacia el verde follaje<br>y vibrando hacia el cielo su invisible cordaje<br>se oye grave y sonora la garganta del r\u00edo.<\/p>\n\n\n\n<p class=\"wp-block-paragraph\">Dos cachorros lebreles se disputan la presa<br>matizando la lucha con viriles gru\u00f1idos<br>todo es luz y alegr\u00eda y color y sonido,<br>Primavera ha llegado y al entrar en mi pieza<br>se detuvo indecisa; la ahuyent\u00f3 mi tristeza.<\/p>\n\n\n\n<p class=\"wp-block-paragraph\">M\u00e1s all\u00e1 de mi puerta ya no hay m\u00e1s flores mustias.<br>Primavera ha llegado pero entrar no ha querido<br>porque ha visto, en mi angustia, que t\u00fa ya te hab\u00edas ido\u2026<\/p>\n\n\n\n<h2 class=\"wp-block-heading\"><strong>La b\u00fasqueda<\/strong><\/h2>\n\n\n\n<p class=\"wp-block-paragraph\">Otra vez el ag\u00f3nico beso<br>semejante y distinto en cien bocas.<br>Otra vez el orgasmo demente<br>y una nueva esperanza que aborta.<br>Otra vez el cad\u00e1ver de un sue\u00f1o<br>naufragado en un lago de esperma.<br>Lujurioso y sediento, el cerebro<br>sublimiza las frases obscenas.<br>Otra vez la caricia crispada<br>en la m\u00f3rbida carne de seda.<br>Nuevamente las mismas palabras<br>siempre iguales mintiendo promesas.<br>Otra vez el temblor convulsivo<br>precursor del abismo adorado.<br>Siento en m\u00ed la presi\u00f3n de tus muslos<br>un inmenso collar nacarado\u2026<br>El marfil estatuario del vientre<br>es testigo del h\u00famedo beso<br>que palpita en mi boca afiebrada<br>y en la seda sin par de su sexo.<br>Y un violento hurac\u00e1n de lujuria<br>convulsiona sus manos de lirio<br>y su monte de Venus se agita<br>bajo el beso que es dicha y martirio.<br>Luego aplasta mi pecho jadeante<br>la armoniosa esbeltez de sus senos<br>y penetro su carne, y su boca<br>se hace beso en el grito supremo.<\/p>\n\n\n\n<p class=\"wp-block-paragraph\">Despu\u00e9s, siempre es igual, sin palabras<br>crece el gran malhumor del cansancio<br>y qu\u00e9 fr\u00edo y ausente es el beso<br>un instante despu\u00e9s del orgasmo\u2026<br>Otra vez el in\u00fatil intento<br>por creer que el amor est\u00e1 cerca<br>y dejar pesaroso la almohada<br>con el alma m\u00e1s vieja y enferma\u2026<\/p>\n\n\n\n<h2 class=\"wp-block-heading\"><strong>Desde mi sill\u00f3n<\/strong><\/h2>\n\n\n\n<p class=\"wp-block-paragraph\">He arrimado mi sill\u00f3n a la ventana<br>y all\u00e1 abajo a mis pies adormecidos<br>la viscosa serpiente de la calle<br>se retuerce en su gris tinte sombr\u00edo.<\/p>\n\n\n\n<p class=\"wp-block-paragraph\">Un bostezo de noche la protege<br>un borracho babeante la atraviesa<br>y su paso de plomo tropezante<br>muerde en ecos la sombra de mi pieza<\/p>\n\n\n\n<p class=\"wp-block-paragraph\">Con sus ojos de l\u00e1mparas el\u00e9ctricas<br>derramando fulgores enfermizos<br>parpadeando la calle despereza<br>su amarillo fulgor de oro ficticio.<\/p>\n\n\n\n<p class=\"wp-block-paragraph\">Ense\u00f1ando en su cuerpo lacerado<br>la herej\u00eda morbosa de la infancia<br>cruza escu\u00e1lido un perro abandonado<br>las gastadas baldosas de la plaza.<\/p>\n\n\n\n<p class=\"wp-block-paragraph\">Va golpeando su palo un vigilante<br>en la reja dormida de una casa<br>mientras hieren sus ojos penetrantes<br>los oscuros galpones de la f\u00e1brica.<\/p>\n\n\n\n<p class=\"wp-block-paragraph\">Se despierta un letrero luminoso<br>pregonando estridencias de colores<br>y, alumbrado su rostro maquillado,<br>miente ya el cabaret dicha y amores.<\/p>\n\n\n\n<p class=\"wp-block-paragraph\">Tenebroso pante\u00f3n del hambre eterna<br>que alimenta su est\u00f3mago vicioso<br>con los muertos que acuden noche a noche<br>a fingir que est\u00e1n vivos y dichosos.<\/p>\n\n\n\n<p class=\"wp-block-paragraph\">Por sus fauces desfilan inconscientes<br>macilentos los rostros y las almas<br>y en la cueva brumosa de su boca<br>asesina ilusiones, y las traga.<\/p>\n\n\n\n<p class=\"wp-block-paragraph\">Y vomita en la fr\u00eda madrugada<br>la locura ojerosa y elocuente<br>de sus seres que muertos est\u00e1n vivos<br>y est\u00e1n vivos reci\u00e9n cuando se mueren.<\/p>\n\n\n\n<p class=\"wp-block-paragraph\">Los espectros dolientes de la org\u00eda<br>llorar\u00e1n en la calle somnolienta<br>y debajo del traje de princesa<br>morder\u00e1 su embriaguez la cenicienta.<\/p>\n\n\n\n<p class=\"wp-block-paragraph\">A la fr\u00eda pobreza de sus cuartos<br>correr\u00e1n los robots desheredados<br>y tambi\u00e9n llevar\u00e1n los opulentos<br>a su lujoso lecho igual cansancio.<\/p>\n\n\n\n<p class=\"wp-block-paragraph\">Llora el rico de su alma la pobreza<br>y de enorme tesoro el pobre es due\u00f1o<br>pues al pobre le queda una riqueza:<br>la cuantiosa fortuna de sus sue\u00f1os.<\/p>\n\n\n\n<p class=\"wp-block-paragraph\">Y despu\u00e9s, cuando el sol brilla en el cielo<br>y enrojece los grises edificios<br>es el cruel cabaret inocente abuelo<br>con su aspecto de viejo consumido.<\/p>\n\n\n\n<p class=\"wp-block-paragraph\">Con qu\u00e9 gusto volcar\u00eda entre sus fauces<br>las est\u00e9riles noches que me quedan<br>si pudiera lograr que no me abrace<br>este duro y fatal sill\u00f3n de ruedas\u2026<\/p>\n\n\n\n<h2 class=\"wp-block-heading\"><strong>Tormenta<\/strong><\/h2>\n\n\n\n<p class=\"wp-block-paragraph\">Como una enorme gata amarillenta<br>se acurruca la tarde en el ocaso<br>y dorando la tierra en un bostezo<br>guarda el sol oto\u00f1al sus rojos brazos.<\/p>\n\n\n\n<p class=\"wp-block-paragraph\">Una nube se acerca amenazante<br>jineteando en el viento su arrogancia<br>y al galope de mil potros gigantes<br>ruge el trueno iracundo en la monta\u00f1a.<\/p>\n\n\n\n<p class=\"wp-block-paragraph\">La majada obedece temerosa<br>al ladrido del perro blanco y negro<br>que la empuja al galp\u00f3n tibio y seguro<br>que recuesta su flanco junto al cerro.<\/p>\n\n\n\n<p class=\"wp-block-paragraph\">El murmullo inocente del arroyo<br>es un grito de guerra adulto y bravo<br>y transforma su cauce cari\u00f1oso<br>en un r\u00edo furioso y desatado.<\/p>\n\n\n\n<p class=\"wp-block-paragraph\">Hasta el lobo que corre tras la oveja<br>con fulgor asesino en la mirada<br>se detiene espantado por la aurora<br>breve y blanca de un rayo en la quebrada.<\/p>\n\n\n\n<p class=\"wp-block-paragraph\">El cuchillo de fuego parte un \u00e1rbol<br>con certera y caliente pu\u00f1alada<br>y cubriendo su cuerpo agonizante<br>tiende el viento con humo la mortaja.<\/p>\n\n\n\n<p class=\"wp-block-paragraph\">Tras el crimen terrible y alevoso<br>borda el cielo su pena lastimera<br>llora el agua que brota de sus ojos<br>sobre el negro cad\u00e1ver de madera\u2026<\/p>\n\n\n\n<h2 class=\"wp-block-heading\"><strong>Cansancio<\/strong><\/h2>\n\n\n\n<p class=\"wp-block-paragraph\">Sombra gris de un pasado no lejano<br>que se aferra al recuerdo permanente<br>con la ausencia de un rostro y unas manos<br>que no encuentro en las horas del presente.<\/p>\n\n\n\n<p class=\"wp-block-paragraph\">Padre, madre, novia, hermana y amistades<br>se diluyen en la bruma triste y fr\u00eda<br>de distancia inevitable que me empuja<br>por un mundo de callejas sin salida.<\/p>\n\n\n\n<p class=\"wp-block-paragraph\">Cual bandera de adi\u00f3s tr\u00e1gica y muda<br>un pa\u00f1uelo flameando en el espacio<br>bautizado con llanto de unos ojos<br>plenos siempre de amor, vejez, cansancio\u2026<\/p>\n\n\n\n<p class=\"wp-block-paragraph\">Y partieron mis pasos presurosos<br>tras el dulce espejismo envenenado<br>con promesas de cielos venturosos<br>amor f\u00e1cil, placer, dinero, halagos\u2026<\/p>\n\n\n\n<p class=\"wp-block-paragraph\">Medio siglo me ordena que regrese<br>y no s\u00e9 a ciencia cierta si he llegado<br>s\u00f3lo s\u00e9 que de lucha tan est\u00e9ril<br>he logrado un trofeo: mi fracaso.<\/p>\n\n\n\n<p class=\"wp-block-paragraph\">Hoy sin fuerzas al borde del sendero<br>me he tirado en el pasto del hast\u00edo<br>y mordiendo un bostezo de impotencia<br>he querido dormir y no he podido.<\/p>\n\n\n\n<p class=\"wp-block-paragraph\">Me desvela el recuerdo de mi madre<br>que mantiene mi ser siempre despierto<br>la paloma cautiva de un pa\u00f1uelo<br>que solloza un adi\u00f3s y un sue\u00f1o muerto\u2026<\/p>\n\n\n\n<div style=\"height:10px\" aria-hidden=\"true\" class=\"wp-block-spacer\"><\/div>\n","protected":false},"excerpt":{"rendered":"<p>Una selecci\u00f3n de los poemas que escribi\u00f3 Sosa y que dio a conocer en Dos horas antes del alba, el \u00fanico libro que el cantor public\u00f3 a mediados de la d\u00e9cada del \u201960, meses antes de su fallecimiento.<\/p>\n","protected":false},"author":1,"featured_media":5742,"comment_status":"open","ping_status":"open","sticky":false,"template":"","format":"standard","meta":{"footnotes":""},"categories":[122],"tags":[243,72,71,143],"class_list":["post-5710","post","type-post","status-publish","format-standard","has-post-thumbnail","hentry","category-radar-tango","tag-julio-sosa","tag-libros","tag-poesia","tag-tango-uruguayo"],"yoast_head":"<!-- This site is optimized with the Yoast SEO plugin v28.4 - https:\/\/yoast.com\/product\/yoast-seo-wordpress\/ -->\n<title>\u201cLos estados volc\u00e1nicos\u201d de un cantor de tangos: los poemas de Julio Sosa &#187; Fractura Expuesta | Tango!<\/title>\n<meta name=\"description\" content=\"Una selecci\u00f3n de los poemas que escribi\u00f3 Sosa y que dio a conocer en Dos horas antes del alba, el \u00fanico libro que el cantor public\u00f3 a mediados de la d\u00e9cada del \u201960, meses antes de su fallecimiento.\" \/>\n<meta name=\"robots\" content=\"index, follow, max-snippet:-1, max-image-preview:large, max-video-preview:-1\" \/>\n<link rel=\"canonical\" href=\"https:\/\/www.fracturaexpuesta.com.ar\/gotan\/los-estados-volcanicos-de-un-cantor-de-tangos-los-poemas-de-julio-sosa\/\" \/>\n<meta property=\"og:locale\" content=\"es_ES\" \/>\n<meta property=\"og:type\" content=\"article\" \/>\n<meta property=\"og:title\" content=\"\u201cLos estados volc\u00e1nicos\u201d de un cantor de tangos: los poemas de Julio Sosa\" \/>\n<meta property=\"og:description\" content=\"Una selecci\u00f3n de los poemas que escribi\u00f3 Sosa y que dio a conocer en Dos horas antes del alba, el \u00fanico libro que el cantor public\u00f3 a mediados de la d\u00e9cada del \u201960, meses antes de su fallecimiento.\" \/>\n<meta property=\"og:url\" content=\"https:\/\/www.fracturaexpuesta.com.ar\/gotan\/los-estados-volcanicos-de-un-cantor-de-tangos-los-poemas-de-julio-sosa\/\" \/>\n<meta property=\"og:site_name\" content=\"Fractura Expuesta | Tango!\" \/>\n<meta property=\"article:author\" content=\"https:\/\/www.facebook.com\/fracturaexpuestaok\" \/>\n<meta property=\"article:published_time\" content=\"2026-01-12T20:14:43+00:00\" \/>\n<meta property=\"article:modified_time\" content=\"2026-01-12T20:25:07+00:00\" \/>\n<meta property=\"og:image\" content=\"https:\/\/www.fracturaexpuesta.com.ar\/gotan\/wp-content\/uploads\/2026\/01\/julio-sosa-poemas.jpg\" \/>\n\t<meta property=\"og:image:width\" content=\"956\" \/>\n\t<meta property=\"og:image:height\" content=\"780\" \/>\n\t<meta property=\"og:image:type\" content=\"image\/jpeg\" \/>\n<meta name=\"author\" content=\"Fractura Expuesta\" \/>\n<meta name=\"twitter:card\" content=\"summary_large_image\" \/>\n<meta name=\"twitter:title\" content=\"\u201cLos estados volc\u00e1nicos\u201d de un cantor de tangos: los poemas de Julio Sosa\" \/>\n<meta name=\"twitter:description\" content=\"Una selecci\u00f3n de los poemas que escribi\u00f3 Sosa y que dio a conocer en Dos horas antes del alba, el \u00fanico libro que el cantor public\u00f3 a mediados de la d\u00e9cada del \u201960, meses antes de su fallecimiento.\" \/>\n<meta name=\"twitter:image\" content=\"https:\/\/www.fracturaexpuesta.com.ar\/gotan\/wp-content\/uploads\/2026\/01\/julio-sosa-poemas.jpg\" \/>\n<meta name=\"twitter:creator\" content=\"@https:\/\/x.com\/fracturatango\" \/>\n<meta name=\"twitter:label1\" content=\"Escrito por\" \/>\n\t<meta name=\"twitter:data1\" content=\"Fractura Expuesta\" \/>\n\t<meta name=\"twitter:label2\" content=\"Tiempo de lectura\" \/>\n\t<meta name=\"twitter:data2\" content=\"8 minutos\" \/>\n<script type=\"application\/ld+json\" class=\"yoast-schema-graph\">{\"@context\":\"https:\\\/\\\/schema.org\",\"@graph\":[{\"@type\":\"Article\",\"@id\":\"https:\\\/\\\/www.fracturaexpuesta.com.ar\\\/gotan\\\/los-estados-volcanicos-de-un-cantor-de-tangos-los-poemas-de-julio-sosa\\\/#article\",\"isPartOf\":{\"@id\":\"https:\\\/\\\/www.fracturaexpuesta.com.ar\\\/gotan\\\/los-estados-volcanicos-de-un-cantor-de-tangos-los-poemas-de-julio-sosa\\\/\"},\"author\":{\"name\":\"Fractura Expuesta\",\"@id\":\"https:\\\/\\\/www.fracturaexpuesta.com.ar\\\/gotan\\\/#\\\/schema\\\/person\\\/d8266939f778485b13ad2174aa9e199e\"},\"headline\":\"\u201cLos estados volc\u00e1nicos\u201d de un cantor de tangos: los poemas de Julio Sosa\",\"datePublished\":\"2026-01-12T20:14:43+00:00\",\"dateModified\":\"2026-01-12T20:25:07+00:00\",\"mainEntityOfPage\":{\"@id\":\"https:\\\/\\\/www.fracturaexpuesta.com.ar\\\/gotan\\\/los-estados-volcanicos-de-un-cantor-de-tangos-los-poemas-de-julio-sosa\\\/\"},\"wordCount\":1427,\"commentCount\":0,\"publisher\":{\"@id\":\"https:\\\/\\\/www.fracturaexpuesta.com.ar\\\/gotan\\\/#organization\"},\"image\":{\"@id\":\"https:\\\/\\\/www.fracturaexpuesta.com.ar\\\/gotan\\\/los-estados-volcanicos-de-un-cantor-de-tangos-los-poemas-de-julio-sosa\\\/#primaryimage\"},\"thumbnailUrl\":\"https:\\\/\\\/www.fracturaexpuesta.com.ar\\\/gotan\\\/wp-content\\\/uploads\\\/2026\\\/01\\\/julio-sosa-poemas.jpg\",\"keywords\":[\"julio sosa\",\"libros\",\"poesia\",\"tango uruguayo\"],\"articleSection\":[\"Radar Tango\"],\"inLanguage\":\"es-AR\",\"potentialAction\":[{\"@type\":\"CommentAction\",\"name\":\"Comment\",\"target\":[\"https:\\\/\\\/www.fracturaexpuesta.com.ar\\\/gotan\\\/los-estados-volcanicos-de-un-cantor-de-tangos-los-poemas-de-julio-sosa\\\/#respond\"]}]},{\"@type\":\"WebPage\",\"@id\":\"https:\\\/\\\/www.fracturaexpuesta.com.ar\\\/gotan\\\/los-estados-volcanicos-de-un-cantor-de-tangos-los-poemas-de-julio-sosa\\\/\",\"url\":\"https:\\\/\\\/www.fracturaexpuesta.com.ar\\\/gotan\\\/los-estados-volcanicos-de-un-cantor-de-tangos-los-poemas-de-julio-sosa\\\/\",\"name\":\"\u201cLos estados volc\u00e1nicos\u201d de un cantor de tangos: los poemas de Julio Sosa &#187; Fractura Expuesta | Tango!\",\"isPartOf\":{\"@id\":\"https:\\\/\\\/www.fracturaexpuesta.com.ar\\\/gotan\\\/#website\"},\"primaryImageOfPage\":{\"@id\":\"https:\\\/\\\/www.fracturaexpuesta.com.ar\\\/gotan\\\/los-estados-volcanicos-de-un-cantor-de-tangos-los-poemas-de-julio-sosa\\\/#primaryimage\"},\"image\":{\"@id\":\"https:\\\/\\\/www.fracturaexpuesta.com.ar\\\/gotan\\\/los-estados-volcanicos-de-un-cantor-de-tangos-los-poemas-de-julio-sosa\\\/#primaryimage\"},\"thumbnailUrl\":\"https:\\\/\\\/www.fracturaexpuesta.com.ar\\\/gotan\\\/wp-content\\\/uploads\\\/2026\\\/01\\\/julio-sosa-poemas.jpg\",\"datePublished\":\"2026-01-12T20:14:43+00:00\",\"dateModified\":\"2026-01-12T20:25:07+00:00\",\"description\":\"Una selecci\u00f3n de los poemas que escribi\u00f3 Sosa y que dio a conocer en Dos horas antes del alba, el \u00fanico libro que el cantor public\u00f3 a mediados de la d\u00e9cada del \u201960, meses antes de su fallecimiento.\",\"breadcrumb\":{\"@id\":\"https:\\\/\\\/www.fracturaexpuesta.com.ar\\\/gotan\\\/los-estados-volcanicos-de-un-cantor-de-tangos-los-poemas-de-julio-sosa\\\/#breadcrumb\"},\"inLanguage\":\"es-AR\",\"potentialAction\":[{\"@type\":\"ReadAction\",\"target\":[\"https:\\\/\\\/www.fracturaexpuesta.com.ar\\\/gotan\\\/los-estados-volcanicos-de-un-cantor-de-tangos-los-poemas-de-julio-sosa\\\/\"]}]},{\"@type\":\"ImageObject\",\"inLanguage\":\"es-AR\",\"@id\":\"https:\\\/\\\/www.fracturaexpuesta.com.ar\\\/gotan\\\/los-estados-volcanicos-de-un-cantor-de-tangos-los-poemas-de-julio-sosa\\\/#primaryimage\",\"url\":\"https:\\\/\\\/www.fracturaexpuesta.com.ar\\\/gotan\\\/wp-content\\\/uploads\\\/2026\\\/01\\\/julio-sosa-poemas.jpg\",\"contentUrl\":\"https:\\\/\\\/www.fracturaexpuesta.com.ar\\\/gotan\\\/wp-content\\\/uploads\\\/2026\\\/01\\\/julio-sosa-poemas.jpg\",\"width\":956,\"height\":780},{\"@type\":\"BreadcrumbList\",\"@id\":\"https:\\\/\\\/www.fracturaexpuesta.com.ar\\\/gotan\\\/los-estados-volcanicos-de-un-cantor-de-tangos-los-poemas-de-julio-sosa\\\/#breadcrumb\",\"itemListElement\":[{\"@type\":\"ListItem\",\"position\":1,\"name\":\"Inicio\",\"item\":\"https:\\\/\\\/www.fracturaexpuesta.com.ar\\\/gotan\\\/\"},{\"@type\":\"ListItem\",\"position\":2,\"name\":\"\u201cLos estados volc\u00e1nicos\u201d de un cantor de tangos: los poemas de Julio Sosa\"}]},{\"@type\":\"WebSite\",\"@id\":\"https:\\\/\\\/www.fracturaexpuesta.com.ar\\\/gotan\\\/#website\",\"url\":\"https:\\\/\\\/www.fracturaexpuesta.com.ar\\\/gotan\\\/\",\"name\":\"Fractura Expuesta | Tango!\",\"description\":\"\",\"publisher\":{\"@id\":\"https:\\\/\\\/www.fracturaexpuesta.com.ar\\\/gotan\\\/#organization\"},\"potentialAction\":[{\"@type\":\"SearchAction\",\"target\":{\"@type\":\"EntryPoint\",\"urlTemplate\":\"https:\\\/\\\/www.fracturaexpuesta.com.ar\\\/gotan\\\/?s={search_term_string}\"},\"query-input\":{\"@type\":\"PropertyValueSpecification\",\"valueRequired\":true,\"valueName\":\"search_term_string\"}}],\"inLanguage\":\"es-AR\"},{\"@type\":\"Organization\",\"@id\":\"https:\\\/\\\/www.fracturaexpuesta.com.ar\\\/gotan\\\/#organization\",\"name\":\"Fractura Expuesta | Tango!\",\"url\":\"https:\\\/\\\/www.fracturaexpuesta.com.ar\\\/gotan\\\/\",\"logo\":{\"@type\":\"ImageObject\",\"inLanguage\":\"es-AR\",\"@id\":\"https:\\\/\\\/www.fracturaexpuesta.com.ar\\\/gotan\\\/#\\\/schema\\\/logo\\\/image\\\/\",\"url\":\"https:\\\/\\\/www.fracturaexpuesta.com.ar\\\/gotan\\\/wp-content\\\/uploads\\\/2025\\\/03\\\/avatar2centroOK.jpg\",\"contentUrl\":\"https:\\\/\\\/www.fracturaexpuesta.com.ar\\\/gotan\\\/wp-content\\\/uploads\\\/2025\\\/03\\\/avatar2centroOK.jpg\",\"width\":600,\"height\":600,\"caption\":\"Fractura Expuesta | Tango!\"},\"image\":{\"@id\":\"https:\\\/\\\/www.fracturaexpuesta.com.ar\\\/gotan\\\/#\\\/schema\\\/logo\\\/image\\\/\"}},{\"@type\":\"Person\",\"@id\":\"https:\\\/\\\/www.fracturaexpuesta.com.ar\\\/gotan\\\/#\\\/schema\\\/person\\\/d8266939f778485b13ad2174aa9e199e\",\"name\":\"Fractura Expuesta\",\"image\":{\"@type\":\"ImageObject\",\"inLanguage\":\"es-AR\",\"@id\":\"https:\\\/\\\/secure.gravatar.com\\\/avatar\\\/c4bad1eb9f93dd4a42df3aa8b8e8b882ff893fcea188ee15488a845db442d7ec?s=96&d=mm&r=g\",\"url\":\"https:\\\/\\\/secure.gravatar.com\\\/avatar\\\/c4bad1eb9f93dd4a42df3aa8b8e8b882ff893fcea188ee15488a845db442d7ec?s=96&d=mm&r=g\",\"contentUrl\":\"https:\\\/\\\/secure.gravatar.com\\\/avatar\\\/c4bad1eb9f93dd4a42df3aa8b8e8b882ff893fcea188ee15488a845db442d7ec?s=96&d=mm&r=g\",\"caption\":\"Fractura Expuesta\"},\"description\":\"Sitio de tango y noticias culturales. Desde 2003, el espacio referente del tango de estos tiempos.\",\"sameAs\":[\"https:\\\/\\\/www.fracturaexpuesta.com.ar\",\"https:\\\/\\\/www.facebook.com\\\/fracturaexpuestaok\",\"https:\\\/\\\/www.instagram.com\\\/fracturaexpuesta\",\"https:\\\/\\\/x.com\\\/https:\\\/\\\/x.com\\\/fracturatango\",\"https:\\\/\\\/www.youtube.com\\\/channel\\\/UCojA8Q0QDpnncOL8sfTHOHg\"],\"url\":\"https:\\\/\\\/www.fracturaexpuesta.com.ar\\\/gotan\\\/author\\\/fractura-expuesta\\\/\"}]}<\/script>\n<!-- \/ Yoast SEO plugin. -->","yoast_head_json":{"title":"\u201cLos estados volc\u00e1nicos\u201d de un cantor de tangos: los poemas de Julio Sosa &#187; Fractura Expuesta | Tango!","description":"Una selecci\u00f3n de los poemas que escribi\u00f3 Sosa y que dio a conocer en Dos horas antes del alba, el \u00fanico libro que el cantor public\u00f3 a mediados de la d\u00e9cada del \u201960, meses antes de su fallecimiento.","robots":{"index":"index","follow":"follow","max-snippet":"max-snippet:-1","max-image-preview":"max-image-preview:large","max-video-preview":"max-video-preview:-1"},"canonical":"https:\/\/www.fracturaexpuesta.com.ar\/gotan\/los-estados-volcanicos-de-un-cantor-de-tangos-los-poemas-de-julio-sosa\/","og_locale":"es_ES","og_type":"article","og_title":"\u201cLos estados volc\u00e1nicos\u201d de un cantor de tangos: los poemas de Julio Sosa","og_description":"Una selecci\u00f3n de los poemas que escribi\u00f3 Sosa y que dio a conocer en Dos horas antes del alba, el \u00fanico libro que el cantor public\u00f3 a mediados de la d\u00e9cada del \u201960, meses antes de su fallecimiento.","og_url":"https:\/\/www.fracturaexpuesta.com.ar\/gotan\/los-estados-volcanicos-de-un-cantor-de-tangos-los-poemas-de-julio-sosa\/","og_site_name":"Fractura Expuesta | Tango!","article_author":"https:\/\/www.facebook.com\/fracturaexpuestaok","article_published_time":"2026-01-12T20:14:43+00:00","article_modified_time":"2026-01-12T20:25:07+00:00","og_image":[{"width":956,"height":780,"url":"https:\/\/www.fracturaexpuesta.com.ar\/gotan\/wp-content\/uploads\/2026\/01\/julio-sosa-poemas.jpg","type":"image\/jpeg"}],"author":"Fractura Expuesta","twitter_card":"summary_large_image","twitter_title":"\u201cLos estados volc\u00e1nicos\u201d de un cantor de tangos: los poemas de Julio Sosa","twitter_description":"Una selecci\u00f3n de los poemas que escribi\u00f3 Sosa y que dio a conocer en Dos horas antes del alba, el \u00fanico libro que el cantor public\u00f3 a mediados de la d\u00e9cada del \u201960, meses antes de su fallecimiento.","twitter_image":"https:\/\/www.fracturaexpuesta.com.ar\/gotan\/wp-content\/uploads\/2026\/01\/julio-sosa-poemas.jpg","twitter_creator":"@https:\/\/x.com\/fracturatango","twitter_misc":{"Escrito por":"Fractura Expuesta","Tiempo de lectura":"8 minutos"},"schema":{"@context":"https:\/\/schema.org","@graph":[{"@type":"Article","@id":"https:\/\/www.fracturaexpuesta.com.ar\/gotan\/los-estados-volcanicos-de-un-cantor-de-tangos-los-poemas-de-julio-sosa\/#article","isPartOf":{"@id":"https:\/\/www.fracturaexpuesta.com.ar\/gotan\/los-estados-volcanicos-de-un-cantor-de-tangos-los-poemas-de-julio-sosa\/"},"author":{"name":"Fractura Expuesta","@id":"https:\/\/www.fracturaexpuesta.com.ar\/gotan\/#\/schema\/person\/d8266939f778485b13ad2174aa9e199e"},"headline":"\u201cLos estados volc\u00e1nicos\u201d de un cantor de tangos: los poemas de Julio Sosa","datePublished":"2026-01-12T20:14:43+00:00","dateModified":"2026-01-12T20:25:07+00:00","mainEntityOfPage":{"@id":"https:\/\/www.fracturaexpuesta.com.ar\/gotan\/los-estados-volcanicos-de-un-cantor-de-tangos-los-poemas-de-julio-sosa\/"},"wordCount":1427,"commentCount":0,"publisher":{"@id":"https:\/\/www.fracturaexpuesta.com.ar\/gotan\/#organization"},"image":{"@id":"https:\/\/www.fracturaexpuesta.com.ar\/gotan\/los-estados-volcanicos-de-un-cantor-de-tangos-los-poemas-de-julio-sosa\/#primaryimage"},"thumbnailUrl":"https:\/\/www.fracturaexpuesta.com.ar\/gotan\/wp-content\/uploads\/2026\/01\/julio-sosa-poemas.jpg","keywords":["julio sosa","libros","poesia","tango uruguayo"],"articleSection":["Radar Tango"],"inLanguage":"es-AR","potentialAction":[{"@type":"CommentAction","name":"Comment","target":["https:\/\/www.fracturaexpuesta.com.ar\/gotan\/los-estados-volcanicos-de-un-cantor-de-tangos-los-poemas-de-julio-sosa\/#respond"]}]},{"@type":"WebPage","@id":"https:\/\/www.fracturaexpuesta.com.ar\/gotan\/los-estados-volcanicos-de-un-cantor-de-tangos-los-poemas-de-julio-sosa\/","url":"https:\/\/www.fracturaexpuesta.com.ar\/gotan\/los-estados-volcanicos-de-un-cantor-de-tangos-los-poemas-de-julio-sosa\/","name":"\u201cLos estados volc\u00e1nicos\u201d de un cantor de tangos: los poemas de Julio Sosa &#187; Fractura Expuesta | Tango!","isPartOf":{"@id":"https:\/\/www.fracturaexpuesta.com.ar\/gotan\/#website"},"primaryImageOfPage":{"@id":"https:\/\/www.fracturaexpuesta.com.ar\/gotan\/los-estados-volcanicos-de-un-cantor-de-tangos-los-poemas-de-julio-sosa\/#primaryimage"},"image":{"@id":"https:\/\/www.fracturaexpuesta.com.ar\/gotan\/los-estados-volcanicos-de-un-cantor-de-tangos-los-poemas-de-julio-sosa\/#primaryimage"},"thumbnailUrl":"https:\/\/www.fracturaexpuesta.com.ar\/gotan\/wp-content\/uploads\/2026\/01\/julio-sosa-poemas.jpg","datePublished":"2026-01-12T20:14:43+00:00","dateModified":"2026-01-12T20:25:07+00:00","description":"Una selecci\u00f3n de los poemas que escribi\u00f3 Sosa y que dio a conocer en Dos horas antes del alba, el \u00fanico libro que el cantor public\u00f3 a mediados de la d\u00e9cada del \u201960, meses antes de su fallecimiento.","breadcrumb":{"@id":"https:\/\/www.fracturaexpuesta.com.ar\/gotan\/los-estados-volcanicos-de-un-cantor-de-tangos-los-poemas-de-julio-sosa\/#breadcrumb"},"inLanguage":"es-AR","potentialAction":[{"@type":"ReadAction","target":["https:\/\/www.fracturaexpuesta.com.ar\/gotan\/los-estados-volcanicos-de-un-cantor-de-tangos-los-poemas-de-julio-sosa\/"]}]},{"@type":"ImageObject","inLanguage":"es-AR","@id":"https:\/\/www.fracturaexpuesta.com.ar\/gotan\/los-estados-volcanicos-de-un-cantor-de-tangos-los-poemas-de-julio-sosa\/#primaryimage","url":"https:\/\/www.fracturaexpuesta.com.ar\/gotan\/wp-content\/uploads\/2026\/01\/julio-sosa-poemas.jpg","contentUrl":"https:\/\/www.fracturaexpuesta.com.ar\/gotan\/wp-content\/uploads\/2026\/01\/julio-sosa-poemas.jpg","width":956,"height":780},{"@type":"BreadcrumbList","@id":"https:\/\/www.fracturaexpuesta.com.ar\/gotan\/los-estados-volcanicos-de-un-cantor-de-tangos-los-poemas-de-julio-sosa\/#breadcrumb","itemListElement":[{"@type":"ListItem","position":1,"name":"Inicio","item":"https:\/\/www.fracturaexpuesta.com.ar\/gotan\/"},{"@type":"ListItem","position":2,"name":"\u201cLos estados volc\u00e1nicos\u201d de un cantor de tangos: los poemas de Julio Sosa"}]},{"@type":"WebSite","@id":"https:\/\/www.fracturaexpuesta.com.ar\/gotan\/#website","url":"https:\/\/www.fracturaexpuesta.com.ar\/gotan\/","name":"Fractura Expuesta | Tango!","description":"","publisher":{"@id":"https:\/\/www.fracturaexpuesta.com.ar\/gotan\/#organization"},"potentialAction":[{"@type":"SearchAction","target":{"@type":"EntryPoint","urlTemplate":"https:\/\/www.fracturaexpuesta.com.ar\/gotan\/?s={search_term_string}"},"query-input":{"@type":"PropertyValueSpecification","valueRequired":true,"valueName":"search_term_string"}}],"inLanguage":"es-AR"},{"@type":"Organization","@id":"https:\/\/www.fracturaexpuesta.com.ar\/gotan\/#organization","name":"Fractura Expuesta | Tango!","url":"https:\/\/www.fracturaexpuesta.com.ar\/gotan\/","logo":{"@type":"ImageObject","inLanguage":"es-AR","@id":"https:\/\/www.fracturaexpuesta.com.ar\/gotan\/#\/schema\/logo\/image\/","url":"https:\/\/www.fracturaexpuesta.com.ar\/gotan\/wp-content\/uploads\/2025\/03\/avatar2centroOK.jpg","contentUrl":"https:\/\/www.fracturaexpuesta.com.ar\/gotan\/wp-content\/uploads\/2025\/03\/avatar2centroOK.jpg","width":600,"height":600,"caption":"Fractura Expuesta | Tango!"},"image":{"@id":"https:\/\/www.fracturaexpuesta.com.ar\/gotan\/#\/schema\/logo\/image\/"}},{"@type":"Person","@id":"https:\/\/www.fracturaexpuesta.com.ar\/gotan\/#\/schema\/person\/d8266939f778485b13ad2174aa9e199e","name":"Fractura Expuesta","image":{"@type":"ImageObject","inLanguage":"es-AR","@id":"https:\/\/secure.gravatar.com\/avatar\/c4bad1eb9f93dd4a42df3aa8b8e8b882ff893fcea188ee15488a845db442d7ec?s=96&d=mm&r=g","url":"https:\/\/secure.gravatar.com\/avatar\/c4bad1eb9f93dd4a42df3aa8b8e8b882ff893fcea188ee15488a845db442d7ec?s=96&d=mm&r=g","contentUrl":"https:\/\/secure.gravatar.com\/avatar\/c4bad1eb9f93dd4a42df3aa8b8e8b882ff893fcea188ee15488a845db442d7ec?s=96&d=mm&r=g","caption":"Fractura Expuesta"},"description":"Sitio de tango y noticias culturales. Desde 2003, el espacio referente del tango de estos tiempos.","sameAs":["https:\/\/www.fracturaexpuesta.com.ar","https:\/\/www.facebook.com\/fracturaexpuestaok","https:\/\/www.instagram.com\/fracturaexpuesta","https:\/\/x.com\/https:\/\/x.com\/fracturatango","https:\/\/www.youtube.com\/channel\/UCojA8Q0QDpnncOL8sfTHOHg"],"url":"https:\/\/www.fracturaexpuesta.com.ar\/gotan\/author\/fractura-expuesta\/"}]}},"_links":{"self":[{"href":"https:\/\/www.fracturaexpuesta.com.ar\/gotan\/wp-json\/wp\/v2\/posts\/5710","targetHints":{"allow":["GET"]}}],"collection":[{"href":"https:\/\/www.fracturaexpuesta.com.ar\/gotan\/wp-json\/wp\/v2\/posts"}],"about":[{"href":"https:\/\/www.fracturaexpuesta.com.ar\/gotan\/wp-json\/wp\/v2\/types\/post"}],"author":[{"embeddable":true,"href":"https:\/\/www.fracturaexpuesta.com.ar\/gotan\/wp-json\/wp\/v2\/users\/1"}],"replies":[{"embeddable":true,"href":"https:\/\/www.fracturaexpuesta.com.ar\/gotan\/wp-json\/wp\/v2\/comments?post=5710"}],"version-history":[{"count":6,"href":"https:\/\/www.fracturaexpuesta.com.ar\/gotan\/wp-json\/wp\/v2\/posts\/5710\/revisions"}],"predecessor-version":[{"id":5743,"href":"https:\/\/www.fracturaexpuesta.com.ar\/gotan\/wp-json\/wp\/v2\/posts\/5710\/revisions\/5743"}],"wp:featuredmedia":[{"embeddable":true,"href":"https:\/\/www.fracturaexpuesta.com.ar\/gotan\/wp-json\/wp\/v2\/media\/5742"}],"wp:attachment":[{"href":"https:\/\/www.fracturaexpuesta.com.ar\/gotan\/wp-json\/wp\/v2\/media?parent=5710"}],"wp:term":[{"taxonomy":"category","embeddable":true,"href":"https:\/\/www.fracturaexpuesta.com.ar\/gotan\/wp-json\/wp\/v2\/categories?post=5710"},{"taxonomy":"post_tag","embeddable":true,"href":"https:\/\/www.fracturaexpuesta.com.ar\/gotan\/wp-json\/wp\/v2\/tags?post=5710"}],"curies":[{"name":"wp","href":"https:\/\/api.w.org\/{rel}","templated":true}]}}