{"id":5824,"date":"2026-02-05T17:15:29","date_gmt":"2026-02-05T20:15:29","guid":{"rendered":"https:\/\/www.fracturaexpuesta.com.ar\/gotan\/?p=5824"},"modified":"2026-02-05T17:20:09","modified_gmt":"2026-02-05T20:20:09","slug":"sandro-y-el-tango-10-pensamientos-de-un-muchacho-con-cuna-de-arrabal","status":"publish","type":"post","link":"https:\/\/www.fracturaexpuesta.com.ar\/gotan\/sandro-y-el-tango-10-pensamientos-de-un-muchacho-con-cuna-de-arrabal\/","title":{"rendered":"Sandro y el tango: 10 pensamientos de un muchacho con cuna de arrabal"},"content":{"rendered":"\n<p class=\"wp-block-paragraph\">Lector de Walt Whitman, estudioso de temas religiosos y filos\u00f3ficos y oyente de Bach, Sandro aseguraba que el tango fue una esencia y un trasfondo en toda su vida.<\/p>\n\n\n\n<p class=\"wp-block-paragraph\">El &#8220;gitano&#8221;, criado en Valent\u00edn Alsina, manifestaba siempre su respeto por los artistas y las canciones del g\u00e9nero. \u201cPasional\u201d era uno de sus tangos preferidos.<\/p>\n\n\n\n<p class=\"wp-block-paragraph\"><strong>1) Tangos perfectos<\/strong><\/p>\n\n\n\n<p class=\"wp-block-paragraph\">\u201cSi escuchamos con detenimiento las primeras canciones que yo empec\u00e9 a grabar, ya como Sandro solista, yo te las pongo en 2&#215;4 y son unos tangos perfectos\u201d.<\/p>\n\n\n\n<p class=\"wp-block-paragraph\"><strong>2) Subconsciente tanguero<\/strong><\/p>\n\n\n\n<p class=\"wp-block-paragraph\">\u201cNac\u00ed en Parque Patricios y me cri\u00e9 en Valent\u00edn Alsina. Es una constante, un subconsciente de tango. Sin querer, por m\u00e1s que adoptes ritmos modernos, hay una esencia, un trasfondo. Yo escucho un tango y veo las calles, veo lo que est\u00e1 diciendo, lo comprendo (\u2026) est\u00e1 metido en mi\u201d.<\/p>\n\n\n\n<p class=\"wp-block-paragraph\"><strong>3) Cada argentino\u2026<\/strong><\/p>\n\n\n\n<p class=\"wp-block-paragraph\">\u201cCada argentino tiene un tango, \u00bfcu\u00e1l es el tuyo?\u201d.<\/p>\n\n\n\n<p class=\"wp-block-paragraph\"><strong>4) El \u201cbarrio\u201d, la cuna de la infancia<\/strong><\/p>\n\n\n\n<p class=\"wp-block-paragraph\">\u201cVan muriendo seres dentro nuestro y van naciendo otros, es como si fuese una especie de pueblo (\u2026) Recuerdo que ten\u00eda una mirada muy clara y muy transparente cuando ten\u00eda 16 o 17 a\u00f1os. Y de repente ahora la mirada me ha cambiado. \u00bfImaginate cu\u00e1ntos chicos se me fueron muriendo adentro? \u00bfCuantos adultos han nacido? Muchos de ellos no los quiero, los tengo que soportar. Uno sale mentalmente por las calles de su barrio a buscar a aquel chico o, como dec\u00eda Borges, a buscar a mi ni\u00f1o en los balcones. Eso es muy cierto, eso es lo que nos pasa y lo que le pasa a la vida, nos va matando a los chicos y no tenemos dejar que se mueran\u201d.<\/p>\n\n\n\n<figure class=\"wp-block-image size-full\"><img loading=\"lazy\" decoding=\"async\" width=\"800\" height=\"698\" src=\"https:\/\/www.fracturaexpuesta.com.ar\/gotan\/wp-content\/uploads\/2026\/02\/30.-Sandro.-1986.jpg\" alt=\"\" class=\"wp-image-5831\" srcset=\"https:\/\/www.fracturaexpuesta.com.ar\/gotan\/wp-content\/uploads\/2026\/02\/30.-Sandro.-1986.jpg 800w, https:\/\/www.fracturaexpuesta.com.ar\/gotan\/wp-content\/uploads\/2026\/02\/30.-Sandro.-1986-300x262.jpg 300w, https:\/\/www.fracturaexpuesta.com.ar\/gotan\/wp-content\/uploads\/2026\/02\/30.-Sandro.-1986-768x670.jpg 768w, https:\/\/www.fracturaexpuesta.com.ar\/gotan\/wp-content\/uploads\/2026\/02\/30.-Sandro.-1986-60x52.jpg 60w\" sizes=\"auto, (max-width: 800px) 100vw, 800px\" \/><figcaption class=\"wp-element-caption\"><em><sup><mark style=\"background-color:rgba(0, 0, 0, 0)\" class=\"has-inline-color has-black-color\">Sandro, &#8220;un tono oscuro de callej\u00f3n&#8221;.<\/mark><\/sup><\/em><\/figcaption><\/figure>\n\n\n\n<p class=\"wp-block-paragraph\"><strong>5) El bar de Pancho, Mor\u00e1n y Pugliese<\/strong><\/p>\n\n\n\n<p class=\"wp-block-paragraph\">\u201cEmpec\u00e9 a ir al Bar Pancho a los 10 a\u00f1os, porque tuve un desarrollo prematuro impresionante y parec\u00eda de 14 o 15. Enrique (Irigoyt\u00eda) me ense\u00f1\u00f3 a tocar la guitarra ah\u00ed. En los altos del caf\u00e9 viv\u00eda Alberto Mor\u00e1n y tambi\u00e9n paraba el &#8220;Negro&#8221; Luis Medina Castro; cada tanto aparec\u00edan Los Andariegos, que eran muy amigos del due\u00f1o. En mi barrio hab\u00eda un ambiente musical tremendo, mucho rock and roll y mucho tango, una fusi\u00f3n extra\u00f1\u00edsima. Alberto Mor\u00e1n, gran cantor de tangos, fue mi maestro, siempre digo que \u00e9l fue el primer \u00eddolo con tanto arrastre con las mujeres, yo era chico todav\u00eda, ten\u00eda 12 o 13 a\u00f1os, e \u00edbamos a bailar donde tocaba la orquesta de Pugliese\u201d.<\/p>\n\n\n\n<p class=\"wp-block-paragraph\"><strong>6) Tango y rock and roll<\/strong><\/p>\n\n\n\n<p class=\"wp-block-paragraph\">\u201cSomos un cacho de tango y un cacho de rock and roll. Cuando \u00e9ramos pibes, llegaba el rock and roll, tuvimos el placer de crecer con las dos cosas. Las dos cosas vienen bien cuando vas viendo tu crecimiento. En la medida en la que avanzan los a\u00f1os \u00bfqui\u00e9n impera? Impera el tango\u201d.<\/p>\n\n\n\n<p class=\"wp-block-paragraph\"><strong>7) Sobre Manzi<\/strong><\/p>\n\n\n\n<p class=\"wp-block-paragraph\">\u201cMe gusta Manzi por las met\u00e1foras incre\u00edbles que puede llegar a lograr. &#8216;Sus manos dos criaturas abandonadas&#8217; (sic), yo me muero con eso. Son esas cosas que uno trata permanentemente de escribir a ver si uno se puede parecer un poquito. Y si yo puedo llegar un d\u00eda a parecerme un poquitito, ese es el m\u00e1s grande de todos los premios\u201d.<\/p>\n\n\n\n<figure class=\"wp-block-image size-large\"><img loading=\"lazy\" decoding=\"async\" width=\"1024\" height=\"768\" src=\"https:\/\/www.fracturaexpuesta.com.ar\/gotan\/wp-content\/uploads\/2026\/02\/sandro_2_-1024x768.jpg\" alt=\"\" class=\"wp-image-5832\" srcset=\"https:\/\/www.fracturaexpuesta.com.ar\/gotan\/wp-content\/uploads\/2026\/02\/sandro_2_-1024x768.jpg 1024w, https:\/\/www.fracturaexpuesta.com.ar\/gotan\/wp-content\/uploads\/2026\/02\/sandro_2_-300x225.jpg 300w, https:\/\/www.fracturaexpuesta.com.ar\/gotan\/wp-content\/uploads\/2026\/02\/sandro_2_-768x576.jpg 768w, https:\/\/www.fracturaexpuesta.com.ar\/gotan\/wp-content\/uploads\/2026\/02\/sandro_2_-60x45.jpg 60w, https:\/\/www.fracturaexpuesta.com.ar\/gotan\/wp-content\/uploads\/2026\/02\/sandro_2_.jpg 1200w\" sizes=\"auto, (max-width: 1024px) 100vw, 1024px\" \/><figcaption class=\"wp-element-caption\"><sup><em><mark style=\"background-color:rgba(0, 0, 0, 0)\" class=\"has-inline-color has-black-color\">Sandro falleci\u00f3 el 4 de enero de 2010 a los 64 a\u00f1os en el Hospital Italiano de Mendoza.<\/mark><\/em><\/sup><\/figcaption><\/figure>\n\n\n\n<p class=\"wp-block-paragraph\"><strong>8) Respeto<\/strong><\/p>\n\n\n\n<p class=\"wp-block-paragraph\">\u201cLe tengo tanto respeto al tango que por eso no me he metido (\u2026) Hay gente que lo ha hecho tan bien que, entonces, vamos a quedarnos con lo que tenemos que ya es mucho\u201d.<\/p>\n\n\n\n<p class=\"wp-block-paragraph\"><strong>9) Voces femeninas<\/strong><\/p>\n\n\n\n<p class=\"wp-block-paragraph\">\u201cA m\u00ed me suceden dos cosas con dos personas, as\u00ed cuando escucho voces, que son Nelly Omar y la portuguesa Amalia Rodr\u00edguez. Para m\u00ed son las grandes voces femeninas. Ah\u00ed no hay exageraci\u00f3n, no hay sofisticaci\u00f3n para cantar. Sencillamente cantan y te la ponen. Ah\u00ed no hay ning\u00fan rebusque, ni nada, es simplemente la garganta y vamos a cantar. Como se debe cantar\u201d.<\/p>\n\n\n\n<p class=\"wp-block-paragraph\"><strong>10) Empujados<\/strong><\/p>\n\n\n\n<p class=\"wp-block-paragraph\">\u201cTenemos una cultura de empuje, le llamo yo. Te viven empujando y en la medida en la que te van empujando se te van cayendo cosas\u201d.<\/p>\n\n\n\n<figure class=\"wp-block-embed is-type-video is-provider-youtube wp-block-embed-youtube wp-embed-aspect-16-9 wp-has-aspect-ratio\"><div class=\"wp-block-embed__wrapper\">\n<iframe loading=\"lazy\" title=\"Sandro - Sus Ojos Se Cerraron (Official Audio)\" width=\"1170\" height=\"658\" src=\"https:\/\/www.youtube.com\/embed\/5GLN1WWaOqU?feature=oembed\" frameborder=\"0\" allow=\"accelerometer; autoplay; clipboard-write; encrypted-media; gyroscope; picture-in-picture; web-share\" referrerpolicy=\"strict-origin-when-cross-origin\" allowfullscreen><\/iframe>\n<\/div><\/figure>\n\n\n\n<p class=\"wp-block-paragraph\"><strong>Bonus track: el caballo, el carro y la vida<\/strong><\/p>\n\n\n\n<p class=\"wp-block-paragraph\">\u201cSemejante casa\u2026 en alg\u00fan momento dado a m\u00ed el sistema me hab\u00eda metido en la cabeza que as\u00ed viv\u00edan los \u00eddolos. Comet\u00ed uno de los errores m\u00e1s grandes de toda mi vida porque me di cuenta que preciso nada m\u00e1s que una mesa, una cama, mis libros y mis herramientas de trabajo. Lo dem\u00e1s no sirve para nada. \u00bfPara qu\u00e9 quiero tres o cuatro comedores? Alguno de ellos muy lujosos que los habr\u00e9 usado no m\u00e1s de 10 veces en 10 a\u00f1os (\u2026) \u00bfPara qu\u00e9? \u00bfPara qu\u00e9 cargarse el carrito si cuando ten\u00e9s que subir la cuesta de la vida despu\u00e9s el caballo tira, tira y no lo puede llevar? Entonces le empez\u00e1s a sacar cosas al carrito. Hasta el momento dado en el que tambi\u00e9n ten\u00e9s que decir: tambi\u00e9n tengo que sacar el carro\u201d.<\/p>\n\n\n\n<div style=\"height:10px\" aria-hidden=\"true\" class=\"wp-block-spacer\"><\/div>\n\n\n\n<p class=\"wp-block-paragraph\"><\/p>\n","protected":false},"excerpt":{"rendered":"<p>Un repaso por el sentir de un artista que reconoc\u00eda al tango como esencia de su linaje musical.<\/p>\n","protected":false},"author":1,"featured_media":5825,"comment_status":"open","ping_status":"open","sticky":false,"template":"","format":"standard","meta":{"footnotes":""},"categories":[7],"tags":[257,258,190,256],"class_list":["post-5824","post","type-post","status-publish","format-standard","has-post-thumbnail","hentry","category-noticias","tag-alberto-moran","tag-nelly-omar","tag-osvaldo-pugliese","tag-sandro"],"yoast_head":"<!-- This site is optimized with the Yoast SEO plugin v28.3 - https:\/\/yoast.com\/product\/yoast-seo-wordpress\/ -->\n<title>Sandro y el tango: 10 pensamientos de un muchacho con cuna de arrabal &#187; Fractura Expuesta | Tango!<\/title>\n<meta name=\"description\" content=\"Un repaso por el sentir de un artista que reconoc\u00eda al tango como esencia de su linaje musical.\" \/>\n<meta name=\"robots\" content=\"index, follow, max-snippet:-1, max-image-preview:large, max-video-preview:-1\" \/>\n<link rel=\"canonical\" href=\"https:\/\/www.fracturaexpuesta.com.ar\/gotan\/sandro-y-el-tango-10-pensamientos-de-un-muchacho-con-cuna-de-arrabal\/\" \/>\n<meta property=\"og:locale\" content=\"es_ES\" \/>\n<meta property=\"og:type\" content=\"article\" \/>\n<meta property=\"og:title\" content=\"Sandro y el tango: 10 pensamientos de un muchacho con cuna de arrabal\" \/>\n<meta property=\"og:description\" content=\"Un repaso por el sentir de un artista que reconoc\u00eda al tango como esencia de su linaje musical.\" \/>\n<meta property=\"og:url\" content=\"https:\/\/www.fracturaexpuesta.com.ar\/gotan\/sandro-y-el-tango-10-pensamientos-de-un-muchacho-con-cuna-de-arrabal\/\" \/>\n<meta property=\"og:site_name\" content=\"Fractura Expuesta | Tango!\" \/>\n<meta property=\"article:author\" content=\"https:\/\/www.facebook.com\/fracturaexpuestaok\" \/>\n<meta property=\"article:published_time\" content=\"2026-02-05T20:15:29+00:00\" \/>\n<meta property=\"article:modified_time\" content=\"2026-02-05T20:20:09+00:00\" \/>\n<meta property=\"og:image\" content=\"https:\/\/www.fracturaexpuesta.com.ar\/gotan\/wp-content\/uploads\/2026\/02\/sandro-tango.jpg\" \/>\n\t<meta property=\"og:image:width\" content=\"1116\" \/>\n\t<meta property=\"og:image:height\" content=\"675\" \/>\n\t<meta property=\"og:image:type\" content=\"image\/jpeg\" \/>\n<meta name=\"author\" content=\"Fractura Expuesta\" \/>\n<meta name=\"twitter:card\" content=\"summary_large_image\" \/>\n<meta name=\"twitter:title\" content=\"Sandro y el tango: 10 pensamientos de un muchacho con cuna de arrabal\" \/>\n<meta name=\"twitter:description\" content=\"Un repaso por el sentir de un artista que reconoc\u00eda al tango como esencia de su linaje musical.\" \/>\n<meta name=\"twitter:image\" content=\"https:\/\/www.fracturaexpuesta.com.ar\/gotan\/wp-content\/uploads\/2026\/02\/sandro-tango.jpg\" \/>\n<meta name=\"twitter:creator\" content=\"@https:\/\/x.com\/fracturatango\" \/>\n<meta name=\"twitter:label1\" content=\"Escrito por\" \/>\n\t<meta name=\"twitter:data1\" content=\"Fractura Expuesta\" \/>\n\t<meta name=\"twitter:label2\" content=\"Tiempo de lectura\" \/>\n\t<meta name=\"twitter:data2\" content=\"5 minutos\" \/>\n<script type=\"application\/ld+json\" class=\"yoast-schema-graph\">{\"@context\":\"https:\\\/\\\/schema.org\",\"@graph\":[{\"@type\":\"Article\",\"@id\":\"https:\\\/\\\/www.fracturaexpuesta.com.ar\\\/gotan\\\/sandro-y-el-tango-10-pensamientos-de-un-muchacho-con-cuna-de-arrabal\\\/#article\",\"isPartOf\":{\"@id\":\"https:\\\/\\\/www.fracturaexpuesta.com.ar\\\/gotan\\\/sandro-y-el-tango-10-pensamientos-de-un-muchacho-con-cuna-de-arrabal\\\/\"},\"author\":{\"name\":\"Fractura Expuesta\",\"@id\":\"https:\\\/\\\/www.fracturaexpuesta.com.ar\\\/gotan\\\/#\\\/schema\\\/person\\\/d8266939f778485b13ad2174aa9e199e\"},\"headline\":\"Sandro y el tango: 10 pensamientos de un muchacho con cuna de arrabal\",\"datePublished\":\"2026-02-05T20:15:29+00:00\",\"dateModified\":\"2026-02-05T20:20:09+00:00\",\"mainEntityOfPage\":{\"@id\":\"https:\\\/\\\/www.fracturaexpuesta.com.ar\\\/gotan\\\/sandro-y-el-tango-10-pensamientos-de-un-muchacho-con-cuna-de-arrabal\\\/\"},\"wordCount\":875,\"commentCount\":0,\"publisher\":{\"@id\":\"https:\\\/\\\/www.fracturaexpuesta.com.ar\\\/gotan\\\/#organization\"},\"image\":{\"@id\":\"https:\\\/\\\/www.fracturaexpuesta.com.ar\\\/gotan\\\/sandro-y-el-tango-10-pensamientos-de-un-muchacho-con-cuna-de-arrabal\\\/#primaryimage\"},\"thumbnailUrl\":\"https:\\\/\\\/www.fracturaexpuesta.com.ar\\\/gotan\\\/wp-content\\\/uploads\\\/2026\\\/02\\\/sandro-tango.jpg\",\"keywords\":[\"alberto moran\",\"nelly omar\",\"Osvaldo Pugliese\",\"sandro\"],\"articleSection\":[\"Noticias\"],\"inLanguage\":\"es-AR\",\"potentialAction\":[{\"@type\":\"CommentAction\",\"name\":\"Comment\",\"target\":[\"https:\\\/\\\/www.fracturaexpuesta.com.ar\\\/gotan\\\/sandro-y-el-tango-10-pensamientos-de-un-muchacho-con-cuna-de-arrabal\\\/#respond\"]}]},{\"@type\":\"WebPage\",\"@id\":\"https:\\\/\\\/www.fracturaexpuesta.com.ar\\\/gotan\\\/sandro-y-el-tango-10-pensamientos-de-un-muchacho-con-cuna-de-arrabal\\\/\",\"url\":\"https:\\\/\\\/www.fracturaexpuesta.com.ar\\\/gotan\\\/sandro-y-el-tango-10-pensamientos-de-un-muchacho-con-cuna-de-arrabal\\\/\",\"name\":\"Sandro y el tango: 10 pensamientos de un muchacho con cuna de arrabal &#187; Fractura Expuesta | Tango!\",\"isPartOf\":{\"@id\":\"https:\\\/\\\/www.fracturaexpuesta.com.ar\\\/gotan\\\/#website\"},\"primaryImageOfPage\":{\"@id\":\"https:\\\/\\\/www.fracturaexpuesta.com.ar\\\/gotan\\\/sandro-y-el-tango-10-pensamientos-de-un-muchacho-con-cuna-de-arrabal\\\/#primaryimage\"},\"image\":{\"@id\":\"https:\\\/\\\/www.fracturaexpuesta.com.ar\\\/gotan\\\/sandro-y-el-tango-10-pensamientos-de-un-muchacho-con-cuna-de-arrabal\\\/#primaryimage\"},\"thumbnailUrl\":\"https:\\\/\\\/www.fracturaexpuesta.com.ar\\\/gotan\\\/wp-content\\\/uploads\\\/2026\\\/02\\\/sandro-tango.jpg\",\"datePublished\":\"2026-02-05T20:15:29+00:00\",\"dateModified\":\"2026-02-05T20:20:09+00:00\",\"description\":\"Un repaso por el sentir de un artista que reconoc\u00eda al tango como esencia de su linaje musical.\",\"breadcrumb\":{\"@id\":\"https:\\\/\\\/www.fracturaexpuesta.com.ar\\\/gotan\\\/sandro-y-el-tango-10-pensamientos-de-un-muchacho-con-cuna-de-arrabal\\\/#breadcrumb\"},\"inLanguage\":\"es-AR\",\"potentialAction\":[{\"@type\":\"ReadAction\",\"target\":[\"https:\\\/\\\/www.fracturaexpuesta.com.ar\\\/gotan\\\/sandro-y-el-tango-10-pensamientos-de-un-muchacho-con-cuna-de-arrabal\\\/\"]}]},{\"@type\":\"ImageObject\",\"inLanguage\":\"es-AR\",\"@id\":\"https:\\\/\\\/www.fracturaexpuesta.com.ar\\\/gotan\\\/sandro-y-el-tango-10-pensamientos-de-un-muchacho-con-cuna-de-arrabal\\\/#primaryimage\",\"url\":\"https:\\\/\\\/www.fracturaexpuesta.com.ar\\\/gotan\\\/wp-content\\\/uploads\\\/2026\\\/02\\\/sandro-tango.jpg\",\"contentUrl\":\"https:\\\/\\\/www.fracturaexpuesta.com.ar\\\/gotan\\\/wp-content\\\/uploads\\\/2026\\\/02\\\/sandro-tango.jpg\",\"width\":1116,\"height\":675},{\"@type\":\"BreadcrumbList\",\"@id\":\"https:\\\/\\\/www.fracturaexpuesta.com.ar\\\/gotan\\\/sandro-y-el-tango-10-pensamientos-de-un-muchacho-con-cuna-de-arrabal\\\/#breadcrumb\",\"itemListElement\":[{\"@type\":\"ListItem\",\"position\":1,\"name\":\"Inicio\",\"item\":\"https:\\\/\\\/www.fracturaexpuesta.com.ar\\\/gotan\\\/\"},{\"@type\":\"ListItem\",\"position\":2,\"name\":\"Sandro y el tango: 10 pensamientos de un muchacho con cuna de arrabal\"}]},{\"@type\":\"WebSite\",\"@id\":\"https:\\\/\\\/www.fracturaexpuesta.com.ar\\\/gotan\\\/#website\",\"url\":\"https:\\\/\\\/www.fracturaexpuesta.com.ar\\\/gotan\\\/\",\"name\":\"Fractura Expuesta | Tango!\",\"description\":\"\",\"publisher\":{\"@id\":\"https:\\\/\\\/www.fracturaexpuesta.com.ar\\\/gotan\\\/#organization\"},\"potentialAction\":[{\"@type\":\"SearchAction\",\"target\":{\"@type\":\"EntryPoint\",\"urlTemplate\":\"https:\\\/\\\/www.fracturaexpuesta.com.ar\\\/gotan\\\/?s={search_term_string}\"},\"query-input\":{\"@type\":\"PropertyValueSpecification\",\"valueRequired\":true,\"valueName\":\"search_term_string\"}}],\"inLanguage\":\"es-AR\"},{\"@type\":\"Organization\",\"@id\":\"https:\\\/\\\/www.fracturaexpuesta.com.ar\\\/gotan\\\/#organization\",\"name\":\"Fractura Expuesta | Tango!\",\"url\":\"https:\\\/\\\/www.fracturaexpuesta.com.ar\\\/gotan\\\/\",\"logo\":{\"@type\":\"ImageObject\",\"inLanguage\":\"es-AR\",\"@id\":\"https:\\\/\\\/www.fracturaexpuesta.com.ar\\\/gotan\\\/#\\\/schema\\\/logo\\\/image\\\/\",\"url\":\"https:\\\/\\\/www.fracturaexpuesta.com.ar\\\/gotan\\\/wp-content\\\/uploads\\\/2025\\\/03\\\/avatar2centroOK.jpg\",\"contentUrl\":\"https:\\\/\\\/www.fracturaexpuesta.com.ar\\\/gotan\\\/wp-content\\\/uploads\\\/2025\\\/03\\\/avatar2centroOK.jpg\",\"width\":600,\"height\":600,\"caption\":\"Fractura Expuesta | Tango!\"},\"image\":{\"@id\":\"https:\\\/\\\/www.fracturaexpuesta.com.ar\\\/gotan\\\/#\\\/schema\\\/logo\\\/image\\\/\"}},{\"@type\":\"Person\",\"@id\":\"https:\\\/\\\/www.fracturaexpuesta.com.ar\\\/gotan\\\/#\\\/schema\\\/person\\\/d8266939f778485b13ad2174aa9e199e\",\"name\":\"Fractura Expuesta\",\"image\":{\"@type\":\"ImageObject\",\"inLanguage\":\"es-AR\",\"@id\":\"https:\\\/\\\/secure.gravatar.com\\\/avatar\\\/c4bad1eb9f93dd4a42df3aa8b8e8b882ff893fcea188ee15488a845db442d7ec?s=96&d=mm&r=g\",\"url\":\"https:\\\/\\\/secure.gravatar.com\\\/avatar\\\/c4bad1eb9f93dd4a42df3aa8b8e8b882ff893fcea188ee15488a845db442d7ec?s=96&d=mm&r=g\",\"contentUrl\":\"https:\\\/\\\/secure.gravatar.com\\\/avatar\\\/c4bad1eb9f93dd4a42df3aa8b8e8b882ff893fcea188ee15488a845db442d7ec?s=96&d=mm&r=g\",\"caption\":\"Fractura Expuesta\"},\"description\":\"Sitio de tango y noticias culturales. Desde 2003, el espacio referente del tango de estos tiempos.\",\"sameAs\":[\"https:\\\/\\\/www.fracturaexpuesta.com.ar\",\"https:\\\/\\\/www.facebook.com\\\/fracturaexpuestaok\",\"https:\\\/\\\/www.instagram.com\\\/fracturaexpuesta\",\"https:\\\/\\\/x.com\\\/https:\\\/\\\/x.com\\\/fracturatango\",\"https:\\\/\\\/www.youtube.com\\\/channel\\\/UCojA8Q0QDpnncOL8sfTHOHg\"],\"url\":\"https:\\\/\\\/www.fracturaexpuesta.com.ar\\\/gotan\\\/author\\\/fractura-expuesta\\\/\"}]}<\/script>\n<!-- \/ Yoast SEO plugin. -->","yoast_head_json":{"title":"Sandro y el tango: 10 pensamientos de un muchacho con cuna de arrabal &#187; Fractura Expuesta | Tango!","description":"Un repaso por el sentir de un artista que reconoc\u00eda al tango como esencia de su linaje musical.","robots":{"index":"index","follow":"follow","max-snippet":"max-snippet:-1","max-image-preview":"max-image-preview:large","max-video-preview":"max-video-preview:-1"},"canonical":"https:\/\/www.fracturaexpuesta.com.ar\/gotan\/sandro-y-el-tango-10-pensamientos-de-un-muchacho-con-cuna-de-arrabal\/","og_locale":"es_ES","og_type":"article","og_title":"Sandro y el tango: 10 pensamientos de un muchacho con cuna de arrabal","og_description":"Un repaso por el sentir de un artista que reconoc\u00eda al tango como esencia de su linaje musical.","og_url":"https:\/\/www.fracturaexpuesta.com.ar\/gotan\/sandro-y-el-tango-10-pensamientos-de-un-muchacho-con-cuna-de-arrabal\/","og_site_name":"Fractura Expuesta | Tango!","article_author":"https:\/\/www.facebook.com\/fracturaexpuestaok","article_published_time":"2026-02-05T20:15:29+00:00","article_modified_time":"2026-02-05T20:20:09+00:00","og_image":[{"width":1116,"height":675,"url":"https:\/\/www.fracturaexpuesta.com.ar\/gotan\/wp-content\/uploads\/2026\/02\/sandro-tango.jpg","type":"image\/jpeg"}],"author":"Fractura Expuesta","twitter_card":"summary_large_image","twitter_title":"Sandro y el tango: 10 pensamientos de un muchacho con cuna de arrabal","twitter_description":"Un repaso por el sentir de un artista que reconoc\u00eda al tango como esencia de su linaje musical.","twitter_image":"https:\/\/www.fracturaexpuesta.com.ar\/gotan\/wp-content\/uploads\/2026\/02\/sandro-tango.jpg","twitter_creator":"@https:\/\/x.com\/fracturatango","twitter_misc":{"Escrito por":"Fractura Expuesta","Tiempo de lectura":"5 minutos"},"schema":{"@context":"https:\/\/schema.org","@graph":[{"@type":"Article","@id":"https:\/\/www.fracturaexpuesta.com.ar\/gotan\/sandro-y-el-tango-10-pensamientos-de-un-muchacho-con-cuna-de-arrabal\/#article","isPartOf":{"@id":"https:\/\/www.fracturaexpuesta.com.ar\/gotan\/sandro-y-el-tango-10-pensamientos-de-un-muchacho-con-cuna-de-arrabal\/"},"author":{"name":"Fractura Expuesta","@id":"https:\/\/www.fracturaexpuesta.com.ar\/gotan\/#\/schema\/person\/d8266939f778485b13ad2174aa9e199e"},"headline":"Sandro y el tango: 10 pensamientos de un muchacho con cuna de arrabal","datePublished":"2026-02-05T20:15:29+00:00","dateModified":"2026-02-05T20:20:09+00:00","mainEntityOfPage":{"@id":"https:\/\/www.fracturaexpuesta.com.ar\/gotan\/sandro-y-el-tango-10-pensamientos-de-un-muchacho-con-cuna-de-arrabal\/"},"wordCount":875,"commentCount":0,"publisher":{"@id":"https:\/\/www.fracturaexpuesta.com.ar\/gotan\/#organization"},"image":{"@id":"https:\/\/www.fracturaexpuesta.com.ar\/gotan\/sandro-y-el-tango-10-pensamientos-de-un-muchacho-con-cuna-de-arrabal\/#primaryimage"},"thumbnailUrl":"https:\/\/www.fracturaexpuesta.com.ar\/gotan\/wp-content\/uploads\/2026\/02\/sandro-tango.jpg","keywords":["alberto moran","nelly omar","Osvaldo Pugliese","sandro"],"articleSection":["Noticias"],"inLanguage":"es-AR","potentialAction":[{"@type":"CommentAction","name":"Comment","target":["https:\/\/www.fracturaexpuesta.com.ar\/gotan\/sandro-y-el-tango-10-pensamientos-de-un-muchacho-con-cuna-de-arrabal\/#respond"]}]},{"@type":"WebPage","@id":"https:\/\/www.fracturaexpuesta.com.ar\/gotan\/sandro-y-el-tango-10-pensamientos-de-un-muchacho-con-cuna-de-arrabal\/","url":"https:\/\/www.fracturaexpuesta.com.ar\/gotan\/sandro-y-el-tango-10-pensamientos-de-un-muchacho-con-cuna-de-arrabal\/","name":"Sandro y el tango: 10 pensamientos de un muchacho con cuna de arrabal &#187; Fractura Expuesta | Tango!","isPartOf":{"@id":"https:\/\/www.fracturaexpuesta.com.ar\/gotan\/#website"},"primaryImageOfPage":{"@id":"https:\/\/www.fracturaexpuesta.com.ar\/gotan\/sandro-y-el-tango-10-pensamientos-de-un-muchacho-con-cuna-de-arrabal\/#primaryimage"},"image":{"@id":"https:\/\/www.fracturaexpuesta.com.ar\/gotan\/sandro-y-el-tango-10-pensamientos-de-un-muchacho-con-cuna-de-arrabal\/#primaryimage"},"thumbnailUrl":"https:\/\/www.fracturaexpuesta.com.ar\/gotan\/wp-content\/uploads\/2026\/02\/sandro-tango.jpg","datePublished":"2026-02-05T20:15:29+00:00","dateModified":"2026-02-05T20:20:09+00:00","description":"Un repaso por el sentir de un artista que reconoc\u00eda al tango como esencia de su linaje musical.","breadcrumb":{"@id":"https:\/\/www.fracturaexpuesta.com.ar\/gotan\/sandro-y-el-tango-10-pensamientos-de-un-muchacho-con-cuna-de-arrabal\/#breadcrumb"},"inLanguage":"es-AR","potentialAction":[{"@type":"ReadAction","target":["https:\/\/www.fracturaexpuesta.com.ar\/gotan\/sandro-y-el-tango-10-pensamientos-de-un-muchacho-con-cuna-de-arrabal\/"]}]},{"@type":"ImageObject","inLanguage":"es-AR","@id":"https:\/\/www.fracturaexpuesta.com.ar\/gotan\/sandro-y-el-tango-10-pensamientos-de-un-muchacho-con-cuna-de-arrabal\/#primaryimage","url":"https:\/\/www.fracturaexpuesta.com.ar\/gotan\/wp-content\/uploads\/2026\/02\/sandro-tango.jpg","contentUrl":"https:\/\/www.fracturaexpuesta.com.ar\/gotan\/wp-content\/uploads\/2026\/02\/sandro-tango.jpg","width":1116,"height":675},{"@type":"BreadcrumbList","@id":"https:\/\/www.fracturaexpuesta.com.ar\/gotan\/sandro-y-el-tango-10-pensamientos-de-un-muchacho-con-cuna-de-arrabal\/#breadcrumb","itemListElement":[{"@type":"ListItem","position":1,"name":"Inicio","item":"https:\/\/www.fracturaexpuesta.com.ar\/gotan\/"},{"@type":"ListItem","position":2,"name":"Sandro y el tango: 10 pensamientos de un muchacho con cuna de arrabal"}]},{"@type":"WebSite","@id":"https:\/\/www.fracturaexpuesta.com.ar\/gotan\/#website","url":"https:\/\/www.fracturaexpuesta.com.ar\/gotan\/","name":"Fractura Expuesta | Tango!","description":"","publisher":{"@id":"https:\/\/www.fracturaexpuesta.com.ar\/gotan\/#organization"},"potentialAction":[{"@type":"SearchAction","target":{"@type":"EntryPoint","urlTemplate":"https:\/\/www.fracturaexpuesta.com.ar\/gotan\/?s={search_term_string}"},"query-input":{"@type":"PropertyValueSpecification","valueRequired":true,"valueName":"search_term_string"}}],"inLanguage":"es-AR"},{"@type":"Organization","@id":"https:\/\/www.fracturaexpuesta.com.ar\/gotan\/#organization","name":"Fractura Expuesta | Tango!","url":"https:\/\/www.fracturaexpuesta.com.ar\/gotan\/","logo":{"@type":"ImageObject","inLanguage":"es-AR","@id":"https:\/\/www.fracturaexpuesta.com.ar\/gotan\/#\/schema\/logo\/image\/","url":"https:\/\/www.fracturaexpuesta.com.ar\/gotan\/wp-content\/uploads\/2025\/03\/avatar2centroOK.jpg","contentUrl":"https:\/\/www.fracturaexpuesta.com.ar\/gotan\/wp-content\/uploads\/2025\/03\/avatar2centroOK.jpg","width":600,"height":600,"caption":"Fractura Expuesta | Tango!"},"image":{"@id":"https:\/\/www.fracturaexpuesta.com.ar\/gotan\/#\/schema\/logo\/image\/"}},{"@type":"Person","@id":"https:\/\/www.fracturaexpuesta.com.ar\/gotan\/#\/schema\/person\/d8266939f778485b13ad2174aa9e199e","name":"Fractura Expuesta","image":{"@type":"ImageObject","inLanguage":"es-AR","@id":"https:\/\/secure.gravatar.com\/avatar\/c4bad1eb9f93dd4a42df3aa8b8e8b882ff893fcea188ee15488a845db442d7ec?s=96&d=mm&r=g","url":"https:\/\/secure.gravatar.com\/avatar\/c4bad1eb9f93dd4a42df3aa8b8e8b882ff893fcea188ee15488a845db442d7ec?s=96&d=mm&r=g","contentUrl":"https:\/\/secure.gravatar.com\/avatar\/c4bad1eb9f93dd4a42df3aa8b8e8b882ff893fcea188ee15488a845db442d7ec?s=96&d=mm&r=g","caption":"Fractura Expuesta"},"description":"Sitio de tango y noticias culturales. Desde 2003, el espacio referente del tango de estos tiempos.","sameAs":["https:\/\/www.fracturaexpuesta.com.ar","https:\/\/www.facebook.com\/fracturaexpuestaok","https:\/\/www.instagram.com\/fracturaexpuesta","https:\/\/x.com\/https:\/\/x.com\/fracturatango","https:\/\/www.youtube.com\/channel\/UCojA8Q0QDpnncOL8sfTHOHg"],"url":"https:\/\/www.fracturaexpuesta.com.ar\/gotan\/author\/fractura-expuesta\/"}]}},"_links":{"self":[{"href":"https:\/\/www.fracturaexpuesta.com.ar\/gotan\/wp-json\/wp\/v2\/posts\/5824","targetHints":{"allow":["GET"]}}],"collection":[{"href":"https:\/\/www.fracturaexpuesta.com.ar\/gotan\/wp-json\/wp\/v2\/posts"}],"about":[{"href":"https:\/\/www.fracturaexpuesta.com.ar\/gotan\/wp-json\/wp\/v2\/types\/post"}],"author":[{"embeddable":true,"href":"https:\/\/www.fracturaexpuesta.com.ar\/gotan\/wp-json\/wp\/v2\/users\/1"}],"replies":[{"embeddable":true,"href":"https:\/\/www.fracturaexpuesta.com.ar\/gotan\/wp-json\/wp\/v2\/comments?post=5824"}],"version-history":[{"count":10,"href":"https:\/\/www.fracturaexpuesta.com.ar\/gotan\/wp-json\/wp\/v2\/posts\/5824\/revisions"}],"predecessor-version":[{"id":5837,"href":"https:\/\/www.fracturaexpuesta.com.ar\/gotan\/wp-json\/wp\/v2\/posts\/5824\/revisions\/5837"}],"wp:featuredmedia":[{"embeddable":true,"href":"https:\/\/www.fracturaexpuesta.com.ar\/gotan\/wp-json\/wp\/v2\/media\/5825"}],"wp:attachment":[{"href":"https:\/\/www.fracturaexpuesta.com.ar\/gotan\/wp-json\/wp\/v2\/media?parent=5824"}],"wp:term":[{"taxonomy":"category","embeddable":true,"href":"https:\/\/www.fracturaexpuesta.com.ar\/gotan\/wp-json\/wp\/v2\/categories?post=5824"},{"taxonomy":"post_tag","embeddable":true,"href":"https:\/\/www.fracturaexpuesta.com.ar\/gotan\/wp-json\/wp\/v2\/tags?post=5824"}],"curies":[{"name":"wp","href":"https:\/\/api.w.org\/{rel}","templated":true}]}}