{"id":5846,"date":"2026-02-23T15:18:48","date_gmt":"2026-02-23T18:18:48","guid":{"rendered":"https:\/\/www.fracturaexpuesta.com.ar\/gotan\/?p=5846"},"modified":"2026-02-23T15:26:52","modified_gmt":"2026-02-23T18:26:52","slug":"el-tango-al-ritmo-de-la-sociedad-en-el-nuevo-libro-de-sergio-pujol","status":"publish","type":"post","link":"https:\/\/www.fracturaexpuesta.com.ar\/gotan\/el-tango-al-ritmo-de-la-sociedad-en-el-nuevo-libro-de-sergio-pujol\/","title":{"rendered":"El tango al ritmo de la sociedad en el nuevo libro de Sergio Pujol"},"content":{"rendered":"\n<p class=\"wp-block-paragraph\">Pol\u00edtica, sociedad y tango podr\u00edan ser los tres pilares sobre los que se sostiene <em>Las edades del tango, de 1897 al siglo XXI<\/em> (Planeta), el nuevo libro del ensayista y docente <strong>Sergio Pujol<\/strong>.<\/p>\n\n\n\n<p class=\"wp-block-paragraph\">En un extenso trabajo, y como procesamiento de sus elaboraciones previas en CONICET, Pujol conecta <strong>la narrativa art\u00edstica del tango y la historia social de la Argentina<\/strong> para hablar de las \u201cedades\u201d del g\u00e9nero.<\/p>\n\n\n\n<p class=\"wp-block-paragraph\">Bajo esa relaci\u00f3n principal transcurren La edad del deseo (entre 1897 y 1916), la del sentimiento (1917-1935), la de la prosperidad (1936-1955), la de la ruptura (1955-1982) y la de la memoria (1983-2009).<\/p>\n\n\n\n<p class=\"wp-block-paragraph\">Su pretensi\u00f3n es una historia general, una articulaci\u00f3n amplia para establecer un recorrido de larga data y sistematicidad.<\/p>\n\n\n\n<p class=\"wp-block-paragraph\">En el libro de Pujol, el tango se mueve al ritmo del pa\u00eds pendular. Avances, retrocesos, empates y transformaciones. Un material que cuenta las edades de un organismo siempre presente, c\u00e9lula vital para divisar los modos de crear y sentir en una sociedad.<\/p>\n\n\n\n<div style=\"height:10px\" aria-hidden=\"true\" class=\"wp-block-spacer\"><\/div>\n","protected":false},"excerpt":{"rendered":"<p>\u201cLas edades del tango, de 1897 al siglo XXI\u201d ahonda en el di\u00e1logo de la expresi\u00f3n cultural con los procesos sociales y pol\u00edticos.<\/p>\n","protected":false},"author":1,"featured_media":5847,"comment_status":"open","ping_status":"open","sticky":false,"template":"","format":"standard","meta":{"footnotes":""},"categories":[122],"tags":[72,259],"class_list":["post-5846","post","type-post","status-publish","format-standard","has-post-thumbnail","hentry","category-radar-tango","tag-libros","tag-sergio-pujol"],"yoast_head":"<!-- This site is optimized with the Yoast SEO plugin v28.4 - https:\/\/yoast.com\/product\/yoast-seo-wordpress\/ -->\n<title>El tango al ritmo de la sociedad en el nuevo libro de Sergio Pujol &#187; Fractura Expuesta | Tango!<\/title>\n<meta name=\"description\" content=\"\u201cLas edades del tango, de 1897 al siglo XXI\u201d ahonda en el di\u00e1logo de la expresi\u00f3n cultural con los procesos sociales y pol\u00edticos.\" \/>\n<meta name=\"robots\" content=\"index, follow, max-snippet:-1, max-image-preview:large, max-video-preview:-1\" \/>\n<link rel=\"canonical\" href=\"https:\/\/www.fracturaexpuesta.com.ar\/gotan\/el-tango-al-ritmo-de-la-sociedad-en-el-nuevo-libro-de-sergio-pujol\/\" \/>\n<meta property=\"og:locale\" content=\"es_ES\" \/>\n<meta property=\"og:type\" content=\"article\" \/>\n<meta property=\"og:title\" content=\"El tango al ritmo de la sociedad en el nuevo libro de Sergio Pujol\" \/>\n<meta property=\"og:description\" content=\"\u201cLas edades del tango, de 1897 al siglo XXI\u201d ahonda en el di\u00e1logo de la expresi\u00f3n cultural con los procesos sociales y pol\u00edticos.\" \/>\n<meta property=\"og:url\" content=\"https:\/\/www.fracturaexpuesta.com.ar\/gotan\/el-tango-al-ritmo-de-la-sociedad-en-el-nuevo-libro-de-sergio-pujol\/\" \/>\n<meta property=\"og:site_name\" content=\"Fractura Expuesta | Tango!\" \/>\n<meta property=\"article:author\" content=\"https:\/\/www.facebook.com\/fracturaexpuestaok\" \/>\n<meta property=\"article:published_time\" content=\"2026-02-23T18:18:48+00:00\" \/>\n<meta property=\"article:modified_time\" content=\"2026-02-23T18:26:52+00:00\" \/>\n<meta property=\"og:image\" content=\"https:\/\/www.fracturaexpuesta.com.ar\/gotan\/wp-content\/uploads\/2026\/02\/las-edades-del-tango-Sergio-Pujol.jpg\" \/>\n\t<meta property=\"og:image:width\" content=\"950\" \/>\n\t<meta property=\"og:image:height\" content=\"700\" \/>\n\t<meta property=\"og:image:type\" content=\"image\/jpeg\" \/>\n<meta name=\"author\" content=\"Fractura Expuesta\" \/>\n<meta name=\"twitter:card\" content=\"summary_large_image\" \/>\n<meta name=\"twitter:title\" content=\"Fractura Expuesta | Tango!\" \/>\n<meta name=\"twitter:description\" content=\"\u201cLas edades del tango, de 1897 al siglo XXI\u201d ahonda en el di\u00e1logo de la expresi\u00f3n cultural con los procesos sociales y pol\u00edticos.\" \/>\n<meta name=\"twitter:image\" content=\"https:\/\/www.fracturaexpuesta.com.ar\/gotan\/wp-content\/uploads\/2026\/02\/las-edades-del-tango-Sergio-Pujol.jpg\" \/>\n<meta name=\"twitter:creator\" content=\"@https:\/\/x.com\/fracturatango\" \/>\n<meta name=\"twitter:label1\" content=\"Escrito por\" \/>\n\t<meta name=\"twitter:data1\" content=\"Fractura Expuesta\" \/>\n\t<meta name=\"twitter:label2\" content=\"Tiempo de lectura\" \/>\n\t<meta name=\"twitter:data2\" content=\"1 minuto\" \/>\n<script type=\"application\/ld+json\" class=\"yoast-schema-graph\">{\"@context\":\"https:\\\/\\\/schema.org\",\"@graph\":[{\"@type\":\"Article\",\"@id\":\"https:\\\/\\\/www.fracturaexpuesta.com.ar\\\/gotan\\\/el-tango-al-ritmo-de-la-sociedad-en-el-nuevo-libro-de-sergio-pujol\\\/#article\",\"isPartOf\":{\"@id\":\"https:\\\/\\\/www.fracturaexpuesta.com.ar\\\/gotan\\\/el-tango-al-ritmo-de-la-sociedad-en-el-nuevo-libro-de-sergio-pujol\\\/\"},\"author\":{\"name\":\"Fractura Expuesta\",\"@id\":\"https:\\\/\\\/www.fracturaexpuesta.com.ar\\\/gotan\\\/#\\\/schema\\\/person\\\/d8266939f778485b13ad2174aa9e199e\"},\"headline\":\"El tango al ritmo de la sociedad en el nuevo libro de Sergio Pujol\",\"datePublished\":\"2026-02-23T18:18:48+00:00\",\"dateModified\":\"2026-02-23T18:26:52+00:00\",\"mainEntityOfPage\":{\"@id\":\"https:\\\/\\\/www.fracturaexpuesta.com.ar\\\/gotan\\\/el-tango-al-ritmo-de-la-sociedad-en-el-nuevo-libro-de-sergio-pujol\\\/\"},\"wordCount\":181,\"commentCount\":0,\"publisher\":{\"@id\":\"https:\\\/\\\/www.fracturaexpuesta.com.ar\\\/gotan\\\/#organization\"},\"image\":{\"@id\":\"https:\\\/\\\/www.fracturaexpuesta.com.ar\\\/gotan\\\/el-tango-al-ritmo-de-la-sociedad-en-el-nuevo-libro-de-sergio-pujol\\\/#primaryimage\"},\"thumbnailUrl\":\"https:\\\/\\\/www.fracturaexpuesta.com.ar\\\/gotan\\\/wp-content\\\/uploads\\\/2026\\\/02\\\/las-edades-del-tango-Sergio-Pujol.jpg\",\"keywords\":[\"libros\",\"sergio pujol\"],\"articleSection\":[\"Radar Tango\"],\"inLanguage\":\"es-AR\",\"potentialAction\":[{\"@type\":\"CommentAction\",\"name\":\"Comment\",\"target\":[\"https:\\\/\\\/www.fracturaexpuesta.com.ar\\\/gotan\\\/el-tango-al-ritmo-de-la-sociedad-en-el-nuevo-libro-de-sergio-pujol\\\/#respond\"]}]},{\"@type\":\"WebPage\",\"@id\":\"https:\\\/\\\/www.fracturaexpuesta.com.ar\\\/gotan\\\/el-tango-al-ritmo-de-la-sociedad-en-el-nuevo-libro-de-sergio-pujol\\\/\",\"url\":\"https:\\\/\\\/www.fracturaexpuesta.com.ar\\\/gotan\\\/el-tango-al-ritmo-de-la-sociedad-en-el-nuevo-libro-de-sergio-pujol\\\/\",\"name\":\"El tango al ritmo de la sociedad en el nuevo libro de Sergio Pujol &#187; Fractura Expuesta | Tango!\",\"isPartOf\":{\"@id\":\"https:\\\/\\\/www.fracturaexpuesta.com.ar\\\/gotan\\\/#website\"},\"primaryImageOfPage\":{\"@id\":\"https:\\\/\\\/www.fracturaexpuesta.com.ar\\\/gotan\\\/el-tango-al-ritmo-de-la-sociedad-en-el-nuevo-libro-de-sergio-pujol\\\/#primaryimage\"},\"image\":{\"@id\":\"https:\\\/\\\/www.fracturaexpuesta.com.ar\\\/gotan\\\/el-tango-al-ritmo-de-la-sociedad-en-el-nuevo-libro-de-sergio-pujol\\\/#primaryimage\"},\"thumbnailUrl\":\"https:\\\/\\\/www.fracturaexpuesta.com.ar\\\/gotan\\\/wp-content\\\/uploads\\\/2026\\\/02\\\/las-edades-del-tango-Sergio-Pujol.jpg\",\"datePublished\":\"2026-02-23T18:18:48+00:00\",\"dateModified\":\"2026-02-23T18:26:52+00:00\",\"description\":\"\u201cLas edades del tango, de 1897 al siglo XXI\u201d ahonda en el di\u00e1logo de la expresi\u00f3n cultural con los procesos sociales y pol\u00edticos.\",\"breadcrumb\":{\"@id\":\"https:\\\/\\\/www.fracturaexpuesta.com.ar\\\/gotan\\\/el-tango-al-ritmo-de-la-sociedad-en-el-nuevo-libro-de-sergio-pujol\\\/#breadcrumb\"},\"inLanguage\":\"es-AR\",\"potentialAction\":[{\"@type\":\"ReadAction\",\"target\":[\"https:\\\/\\\/www.fracturaexpuesta.com.ar\\\/gotan\\\/el-tango-al-ritmo-de-la-sociedad-en-el-nuevo-libro-de-sergio-pujol\\\/\"]}]},{\"@type\":\"ImageObject\",\"inLanguage\":\"es-AR\",\"@id\":\"https:\\\/\\\/www.fracturaexpuesta.com.ar\\\/gotan\\\/el-tango-al-ritmo-de-la-sociedad-en-el-nuevo-libro-de-sergio-pujol\\\/#primaryimage\",\"url\":\"https:\\\/\\\/www.fracturaexpuesta.com.ar\\\/gotan\\\/wp-content\\\/uploads\\\/2026\\\/02\\\/las-edades-del-tango-Sergio-Pujol.jpg\",\"contentUrl\":\"https:\\\/\\\/www.fracturaexpuesta.com.ar\\\/gotan\\\/wp-content\\\/uploads\\\/2026\\\/02\\\/las-edades-del-tango-Sergio-Pujol.jpg\",\"width\":950,\"height\":700},{\"@type\":\"BreadcrumbList\",\"@id\":\"https:\\\/\\\/www.fracturaexpuesta.com.ar\\\/gotan\\\/el-tango-al-ritmo-de-la-sociedad-en-el-nuevo-libro-de-sergio-pujol\\\/#breadcrumb\",\"itemListElement\":[{\"@type\":\"ListItem\",\"position\":1,\"name\":\"Inicio\",\"item\":\"https:\\\/\\\/www.fracturaexpuesta.com.ar\\\/gotan\\\/\"},{\"@type\":\"ListItem\",\"position\":2,\"name\":\"El tango al ritmo de la sociedad en el nuevo libro de Sergio Pujol\"}]},{\"@type\":\"WebSite\",\"@id\":\"https:\\\/\\\/www.fracturaexpuesta.com.ar\\\/gotan\\\/#website\",\"url\":\"https:\\\/\\\/www.fracturaexpuesta.com.ar\\\/gotan\\\/\",\"name\":\"Fractura Expuesta | Tango!\",\"description\":\"\",\"publisher\":{\"@id\":\"https:\\\/\\\/www.fracturaexpuesta.com.ar\\\/gotan\\\/#organization\"},\"potentialAction\":[{\"@type\":\"SearchAction\",\"target\":{\"@type\":\"EntryPoint\",\"urlTemplate\":\"https:\\\/\\\/www.fracturaexpuesta.com.ar\\\/gotan\\\/?s={search_term_string}\"},\"query-input\":{\"@type\":\"PropertyValueSpecification\",\"valueRequired\":true,\"valueName\":\"search_term_string\"}}],\"inLanguage\":\"es-AR\"},{\"@type\":\"Organization\",\"@id\":\"https:\\\/\\\/www.fracturaexpuesta.com.ar\\\/gotan\\\/#organization\",\"name\":\"Fractura Expuesta | Tango!\",\"url\":\"https:\\\/\\\/www.fracturaexpuesta.com.ar\\\/gotan\\\/\",\"logo\":{\"@type\":\"ImageObject\",\"inLanguage\":\"es-AR\",\"@id\":\"https:\\\/\\\/www.fracturaexpuesta.com.ar\\\/gotan\\\/#\\\/schema\\\/logo\\\/image\\\/\",\"url\":\"https:\\\/\\\/www.fracturaexpuesta.com.ar\\\/gotan\\\/wp-content\\\/uploads\\\/2025\\\/03\\\/avatar2centroOK.jpg\",\"contentUrl\":\"https:\\\/\\\/www.fracturaexpuesta.com.ar\\\/gotan\\\/wp-content\\\/uploads\\\/2025\\\/03\\\/avatar2centroOK.jpg\",\"width\":600,\"height\":600,\"caption\":\"Fractura Expuesta | Tango!\"},\"image\":{\"@id\":\"https:\\\/\\\/www.fracturaexpuesta.com.ar\\\/gotan\\\/#\\\/schema\\\/logo\\\/image\\\/\"}},{\"@type\":\"Person\",\"@id\":\"https:\\\/\\\/www.fracturaexpuesta.com.ar\\\/gotan\\\/#\\\/schema\\\/person\\\/d8266939f778485b13ad2174aa9e199e\",\"name\":\"Fractura Expuesta\",\"image\":{\"@type\":\"ImageObject\",\"inLanguage\":\"es-AR\",\"@id\":\"https:\\\/\\\/secure.gravatar.com\\\/avatar\\\/c4bad1eb9f93dd4a42df3aa8b8e8b882ff893fcea188ee15488a845db442d7ec?s=96&d=mm&r=g\",\"url\":\"https:\\\/\\\/secure.gravatar.com\\\/avatar\\\/c4bad1eb9f93dd4a42df3aa8b8e8b882ff893fcea188ee15488a845db442d7ec?s=96&d=mm&r=g\",\"contentUrl\":\"https:\\\/\\\/secure.gravatar.com\\\/avatar\\\/c4bad1eb9f93dd4a42df3aa8b8e8b882ff893fcea188ee15488a845db442d7ec?s=96&d=mm&r=g\",\"caption\":\"Fractura Expuesta\"},\"description\":\"Sitio de tango y noticias culturales. Desde 2003, el espacio referente del tango de estos tiempos.\",\"sameAs\":[\"https:\\\/\\\/www.fracturaexpuesta.com.ar\",\"https:\\\/\\\/www.facebook.com\\\/fracturaexpuestaok\",\"https:\\\/\\\/www.instagram.com\\\/fracturaexpuesta\",\"https:\\\/\\\/x.com\\\/https:\\\/\\\/x.com\\\/fracturatango\",\"https:\\\/\\\/www.youtube.com\\\/channel\\\/UCojA8Q0QDpnncOL8sfTHOHg\"],\"url\":\"https:\\\/\\\/www.fracturaexpuesta.com.ar\\\/gotan\\\/author\\\/fractura-expuesta\\\/\"}]}<\/script>\n<!-- \/ Yoast SEO plugin. -->","yoast_head_json":{"title":"El tango al ritmo de la sociedad en el nuevo libro de Sergio Pujol &#187; Fractura Expuesta | Tango!","description":"\u201cLas edades del tango, de 1897 al siglo XXI\u201d ahonda en el di\u00e1logo de la expresi\u00f3n cultural con los procesos sociales y pol\u00edticos.","robots":{"index":"index","follow":"follow","max-snippet":"max-snippet:-1","max-image-preview":"max-image-preview:large","max-video-preview":"max-video-preview:-1"},"canonical":"https:\/\/www.fracturaexpuesta.com.ar\/gotan\/el-tango-al-ritmo-de-la-sociedad-en-el-nuevo-libro-de-sergio-pujol\/","og_locale":"es_ES","og_type":"article","og_title":"El tango al ritmo de la sociedad en el nuevo libro de Sergio Pujol","og_description":"\u201cLas edades del tango, de 1897 al siglo XXI\u201d ahonda en el di\u00e1logo de la expresi\u00f3n cultural con los procesos sociales y pol\u00edticos.","og_url":"https:\/\/www.fracturaexpuesta.com.ar\/gotan\/el-tango-al-ritmo-de-la-sociedad-en-el-nuevo-libro-de-sergio-pujol\/","og_site_name":"Fractura Expuesta | Tango!","article_author":"https:\/\/www.facebook.com\/fracturaexpuestaok","article_published_time":"2026-02-23T18:18:48+00:00","article_modified_time":"2026-02-23T18:26:52+00:00","og_image":[{"width":950,"height":700,"url":"https:\/\/www.fracturaexpuesta.com.ar\/gotan\/wp-content\/uploads\/2026\/02\/las-edades-del-tango-Sergio-Pujol.jpg","type":"image\/jpeg"}],"author":"Fractura Expuesta","twitter_card":"summary_large_image","twitter_title":"Fractura Expuesta | Tango!","twitter_description":"\u201cLas edades del tango, de 1897 al siglo XXI\u201d ahonda en el di\u00e1logo de la expresi\u00f3n cultural con los procesos sociales y pol\u00edticos.","twitter_image":"https:\/\/www.fracturaexpuesta.com.ar\/gotan\/wp-content\/uploads\/2026\/02\/las-edades-del-tango-Sergio-Pujol.jpg","twitter_creator":"@https:\/\/x.com\/fracturatango","twitter_misc":{"Escrito por":"Fractura Expuesta","Tiempo de lectura":"1 minuto"},"schema":{"@context":"https:\/\/schema.org","@graph":[{"@type":"Article","@id":"https:\/\/www.fracturaexpuesta.com.ar\/gotan\/el-tango-al-ritmo-de-la-sociedad-en-el-nuevo-libro-de-sergio-pujol\/#article","isPartOf":{"@id":"https:\/\/www.fracturaexpuesta.com.ar\/gotan\/el-tango-al-ritmo-de-la-sociedad-en-el-nuevo-libro-de-sergio-pujol\/"},"author":{"name":"Fractura Expuesta","@id":"https:\/\/www.fracturaexpuesta.com.ar\/gotan\/#\/schema\/person\/d8266939f778485b13ad2174aa9e199e"},"headline":"El tango al ritmo de la sociedad en el nuevo libro de Sergio Pujol","datePublished":"2026-02-23T18:18:48+00:00","dateModified":"2026-02-23T18:26:52+00:00","mainEntityOfPage":{"@id":"https:\/\/www.fracturaexpuesta.com.ar\/gotan\/el-tango-al-ritmo-de-la-sociedad-en-el-nuevo-libro-de-sergio-pujol\/"},"wordCount":181,"commentCount":0,"publisher":{"@id":"https:\/\/www.fracturaexpuesta.com.ar\/gotan\/#organization"},"image":{"@id":"https:\/\/www.fracturaexpuesta.com.ar\/gotan\/el-tango-al-ritmo-de-la-sociedad-en-el-nuevo-libro-de-sergio-pujol\/#primaryimage"},"thumbnailUrl":"https:\/\/www.fracturaexpuesta.com.ar\/gotan\/wp-content\/uploads\/2026\/02\/las-edades-del-tango-Sergio-Pujol.jpg","keywords":["libros","sergio pujol"],"articleSection":["Radar Tango"],"inLanguage":"es-AR","potentialAction":[{"@type":"CommentAction","name":"Comment","target":["https:\/\/www.fracturaexpuesta.com.ar\/gotan\/el-tango-al-ritmo-de-la-sociedad-en-el-nuevo-libro-de-sergio-pujol\/#respond"]}]},{"@type":"WebPage","@id":"https:\/\/www.fracturaexpuesta.com.ar\/gotan\/el-tango-al-ritmo-de-la-sociedad-en-el-nuevo-libro-de-sergio-pujol\/","url":"https:\/\/www.fracturaexpuesta.com.ar\/gotan\/el-tango-al-ritmo-de-la-sociedad-en-el-nuevo-libro-de-sergio-pujol\/","name":"El tango al ritmo de la sociedad en el nuevo libro de Sergio Pujol &#187; Fractura Expuesta | Tango!","isPartOf":{"@id":"https:\/\/www.fracturaexpuesta.com.ar\/gotan\/#website"},"primaryImageOfPage":{"@id":"https:\/\/www.fracturaexpuesta.com.ar\/gotan\/el-tango-al-ritmo-de-la-sociedad-en-el-nuevo-libro-de-sergio-pujol\/#primaryimage"},"image":{"@id":"https:\/\/www.fracturaexpuesta.com.ar\/gotan\/el-tango-al-ritmo-de-la-sociedad-en-el-nuevo-libro-de-sergio-pujol\/#primaryimage"},"thumbnailUrl":"https:\/\/www.fracturaexpuesta.com.ar\/gotan\/wp-content\/uploads\/2026\/02\/las-edades-del-tango-Sergio-Pujol.jpg","datePublished":"2026-02-23T18:18:48+00:00","dateModified":"2026-02-23T18:26:52+00:00","description":"\u201cLas edades del tango, de 1897 al siglo XXI\u201d ahonda en el di\u00e1logo de la expresi\u00f3n cultural con los procesos sociales y pol\u00edticos.","breadcrumb":{"@id":"https:\/\/www.fracturaexpuesta.com.ar\/gotan\/el-tango-al-ritmo-de-la-sociedad-en-el-nuevo-libro-de-sergio-pujol\/#breadcrumb"},"inLanguage":"es-AR","potentialAction":[{"@type":"ReadAction","target":["https:\/\/www.fracturaexpuesta.com.ar\/gotan\/el-tango-al-ritmo-de-la-sociedad-en-el-nuevo-libro-de-sergio-pujol\/"]}]},{"@type":"ImageObject","inLanguage":"es-AR","@id":"https:\/\/www.fracturaexpuesta.com.ar\/gotan\/el-tango-al-ritmo-de-la-sociedad-en-el-nuevo-libro-de-sergio-pujol\/#primaryimage","url":"https:\/\/www.fracturaexpuesta.com.ar\/gotan\/wp-content\/uploads\/2026\/02\/las-edades-del-tango-Sergio-Pujol.jpg","contentUrl":"https:\/\/www.fracturaexpuesta.com.ar\/gotan\/wp-content\/uploads\/2026\/02\/las-edades-del-tango-Sergio-Pujol.jpg","width":950,"height":700},{"@type":"BreadcrumbList","@id":"https:\/\/www.fracturaexpuesta.com.ar\/gotan\/el-tango-al-ritmo-de-la-sociedad-en-el-nuevo-libro-de-sergio-pujol\/#breadcrumb","itemListElement":[{"@type":"ListItem","position":1,"name":"Inicio","item":"https:\/\/www.fracturaexpuesta.com.ar\/gotan\/"},{"@type":"ListItem","position":2,"name":"El tango al ritmo de la sociedad en el nuevo libro de Sergio Pujol"}]},{"@type":"WebSite","@id":"https:\/\/www.fracturaexpuesta.com.ar\/gotan\/#website","url":"https:\/\/www.fracturaexpuesta.com.ar\/gotan\/","name":"Fractura Expuesta | Tango!","description":"","publisher":{"@id":"https:\/\/www.fracturaexpuesta.com.ar\/gotan\/#organization"},"potentialAction":[{"@type":"SearchAction","target":{"@type":"EntryPoint","urlTemplate":"https:\/\/www.fracturaexpuesta.com.ar\/gotan\/?s={search_term_string}"},"query-input":{"@type":"PropertyValueSpecification","valueRequired":true,"valueName":"search_term_string"}}],"inLanguage":"es-AR"},{"@type":"Organization","@id":"https:\/\/www.fracturaexpuesta.com.ar\/gotan\/#organization","name":"Fractura Expuesta | Tango!","url":"https:\/\/www.fracturaexpuesta.com.ar\/gotan\/","logo":{"@type":"ImageObject","inLanguage":"es-AR","@id":"https:\/\/www.fracturaexpuesta.com.ar\/gotan\/#\/schema\/logo\/image\/","url":"https:\/\/www.fracturaexpuesta.com.ar\/gotan\/wp-content\/uploads\/2025\/03\/avatar2centroOK.jpg","contentUrl":"https:\/\/www.fracturaexpuesta.com.ar\/gotan\/wp-content\/uploads\/2025\/03\/avatar2centroOK.jpg","width":600,"height":600,"caption":"Fractura Expuesta | Tango!"},"image":{"@id":"https:\/\/www.fracturaexpuesta.com.ar\/gotan\/#\/schema\/logo\/image\/"}},{"@type":"Person","@id":"https:\/\/www.fracturaexpuesta.com.ar\/gotan\/#\/schema\/person\/d8266939f778485b13ad2174aa9e199e","name":"Fractura Expuesta","image":{"@type":"ImageObject","inLanguage":"es-AR","@id":"https:\/\/secure.gravatar.com\/avatar\/c4bad1eb9f93dd4a42df3aa8b8e8b882ff893fcea188ee15488a845db442d7ec?s=96&d=mm&r=g","url":"https:\/\/secure.gravatar.com\/avatar\/c4bad1eb9f93dd4a42df3aa8b8e8b882ff893fcea188ee15488a845db442d7ec?s=96&d=mm&r=g","contentUrl":"https:\/\/secure.gravatar.com\/avatar\/c4bad1eb9f93dd4a42df3aa8b8e8b882ff893fcea188ee15488a845db442d7ec?s=96&d=mm&r=g","caption":"Fractura Expuesta"},"description":"Sitio de tango y noticias culturales. Desde 2003, el espacio referente del tango de estos tiempos.","sameAs":["https:\/\/www.fracturaexpuesta.com.ar","https:\/\/www.facebook.com\/fracturaexpuestaok","https:\/\/www.instagram.com\/fracturaexpuesta","https:\/\/x.com\/https:\/\/x.com\/fracturatango","https:\/\/www.youtube.com\/channel\/UCojA8Q0QDpnncOL8sfTHOHg"],"url":"https:\/\/www.fracturaexpuesta.com.ar\/gotan\/author\/fractura-expuesta\/"}]}},"_links":{"self":[{"href":"https:\/\/www.fracturaexpuesta.com.ar\/gotan\/wp-json\/wp\/v2\/posts\/5846","targetHints":{"allow":["GET"]}}],"collection":[{"href":"https:\/\/www.fracturaexpuesta.com.ar\/gotan\/wp-json\/wp\/v2\/posts"}],"about":[{"href":"https:\/\/www.fracturaexpuesta.com.ar\/gotan\/wp-json\/wp\/v2\/types\/post"}],"author":[{"embeddable":true,"href":"https:\/\/www.fracturaexpuesta.com.ar\/gotan\/wp-json\/wp\/v2\/users\/1"}],"replies":[{"embeddable":true,"href":"https:\/\/www.fracturaexpuesta.com.ar\/gotan\/wp-json\/wp\/v2\/comments?post=5846"}],"version-history":[{"count":4,"href":"https:\/\/www.fracturaexpuesta.com.ar\/gotan\/wp-json\/wp\/v2\/posts\/5846\/revisions"}],"predecessor-version":[{"id":5852,"href":"https:\/\/www.fracturaexpuesta.com.ar\/gotan\/wp-json\/wp\/v2\/posts\/5846\/revisions\/5852"}],"wp:featuredmedia":[{"embeddable":true,"href":"https:\/\/www.fracturaexpuesta.com.ar\/gotan\/wp-json\/wp\/v2\/media\/5847"}],"wp:attachment":[{"href":"https:\/\/www.fracturaexpuesta.com.ar\/gotan\/wp-json\/wp\/v2\/media?parent=5846"}],"wp:term":[{"taxonomy":"category","embeddable":true,"href":"https:\/\/www.fracturaexpuesta.com.ar\/gotan\/wp-json\/wp\/v2\/categories?post=5846"},{"taxonomy":"post_tag","embeddable":true,"href":"https:\/\/www.fracturaexpuesta.com.ar\/gotan\/wp-json\/wp\/v2\/tags?post=5846"}],"curies":[{"name":"wp","href":"https:\/\/api.w.org\/{rel}","templated":true}]}}