{"id":5958,"date":"2026-03-17T10:17:54","date_gmt":"2026-03-17T13:17:54","guid":{"rendered":"https:\/\/www.fracturaexpuesta.com.ar\/gotan\/?p=5958"},"modified":"2026-03-17T10:55:14","modified_gmt":"2026-03-17T13:55:14","slug":"se-conocieron-los-nominados-a-la-segunda-edicion-de-los-premios-tango-siglo-xxi","status":"publish","type":"post","link":"https:\/\/www.fracturaexpuesta.com.ar\/gotan\/se-conocieron-los-nominados-a-la-segunda-edicion-de-los-premios-tango-siglo-xxi\/","title":{"rendered":"Se conocieron los nominados a la segunda edici\u00f3n de los Premios Tango Siglo XXI"},"content":{"rendered":"\n<p class=\"wp-block-paragraph\">Los Premios Tango Siglo XXI anunciaron recientemente <strong>las categor\u00edas y discos nominados<\/strong> que competir\u00e1n en la segunda edici\u00f3n del reconocimiento otorgado e impulsado por la prensa especializada.<\/p>\n\n\n\n<p class=\"wp-block-paragraph\">El galard\u00f3n que destaca puntualmente a la producci\u00f3n discogr\u00e1fica de tango reuni\u00f3 esta vez <strong>cerca de 200 discos editados en 2025<\/strong> que fueron la base para conformar las diferentes ternas.<\/p>\n\n\n\n<p class=\"wp-block-paragraph\">Son <strong>14 categor\u00edas<\/strong> que incluyen, entre otras, Disco Solista Instrumental, Disco Electrotango, Disco Tango Canci\u00f3n, Disco Cantor o Cantora y Nuevas tendencias.<\/p>\n\n\n\n<p class=\"wp-block-paragraph\">Seg\u00fan informaron sus organizadores, \u201cel esp\u00edritu es que entren todos los estilos del tango que se hacen actualmente\u201d. Asimismo, indicaron que este a\u00f1o se sumaron nuevas categor\u00edas -como Disco de Tango en Vivo y el de Invocaci\u00f3n (relectura)- que buscan capturar con mayor precisi\u00f3n las corrientes de lanzamientos de 2025.<\/p>\n\n\n\n<p class=\"wp-block-paragraph\">Por otra parte, tras la preselecci\u00f3n del jurado, resta ahora el proceso de votaci\u00f3n en las categor\u00edas -hecho por diversos actores de la escena del tango actual- que terminar\u00e1 de ratificar a los grupos y artistas que ser\u00e1n premiados.<\/p>\n\n\n\n<p class=\"wp-block-paragraph\">La entrega est\u00e1 prevista para <strong>el mi\u00e9rcoles 20 de mayo<\/strong>, a las 19, en la sala Hasta Trilce. All\u00ed se otorgar\u00e1n los premios principales y se sumar\u00e1n menciones especiales.<\/p>\n\n\n\n<p class=\"wp-block-paragraph\">A continuaci\u00f3n, las categor\u00edas, discos y artistas y grupos nominados.<\/p>\n\n\n\n<p class=\"wp-block-paragraph\"><strong>Mejor Disco Grupo de C\u00e1mara instrumental<\/strong><\/p>\n\n\n\n<p class=\"wp-block-paragraph\">\u25cf \u201cCon todo\u201d &#8211; Horacio Romo, Pablo Agri y Emiliano Messiez<br>\u25cf \u201cPaisajes de Buenos Aires\u201d &#8211; Franco Bruschini Quinteto<br>\u25cf \u201c500 Motivaciones\u201d &#8211; Luis Ceravolo 4<\/p>\n\n\n\n<p class=\"wp-block-paragraph\"><strong>Mejor Disco Orquesta Instrumental \/ Orquesta de Concierto<\/strong><\/p>\n\n\n\n<p class=\"wp-block-paragraph\">\u25cf \u201cLegado Pane\u201d &#8211; Orquesta T\u00edpica Julio Pane (disco p\u00f3stumo)<br>\u25cf \u201cPinceladas del tiempo\u201d &#8211; Orquesta de Tango de la UNA. Dir. Andr\u00e9s Pirotti<br>\u25cf \u201cAlquimia\u201d &#8211; Sur del Sur Ensamble, V\u00edctor Lavall\u00e9n y Horacio Cabarcos<\/p>\n\n\n\n<p class=\"wp-block-paragraph\"><strong>Mejor Disco Solista Instrumental<\/strong><\/p>\n\n\n\n<p class=\"wp-block-paragraph\">\u25cf \u201cSur (como respuesta a todas las preguntas)\u201d &#8211; Adri\u00e1n Iaies<br>\u25cf \u201cCamino\u201d &#8211; Natsuki Nishihara<br>\u25cf \u201cLas cuatro estaciones\u201d &#8211; Noelia Sinkunas<br>\u25cf \u201cThe still unknown (&amp; unfinished) album recording name\u201d &#8211; Marcelo Nisinman<\/p>\n\n\n\n<p class=\"wp-block-paragraph\"><strong>Mejor Disco Cantor o Cantora \/ Disco Vocal Instrumental<\/strong><\/p>\n\n\n\n<p class=\"wp-block-paragraph\">\u25cf \u201cMensaje 50\u201d &#8211; Daisy Lombardo y Ramiro Gallo Quinteto<br>\u25cf \u201cPratanguero: 4\u00ba Esquina Final\u201d &#8211; Ariel Prat<br>\u25cf \u201cCanciones en el estudio\u201d &#8211; Mica Sancho<br>\u25cf \u201cToma I\u201d &#8211; Lautaro Mazza Y Oscar De El\u00eda<\/p>\n\n\n\n<p class=\"wp-block-paragraph\"><strong>Mejor Disco Electrotango<\/strong><\/p>\n\n\n\n<p class=\"wp-block-paragraph\">\u25cf \u201cRe\u201d &#8211; Otros Aires<br>\u25cf \u201cDoscerodosx\u201d &#8211; D\u2019Amico<br>\u25cf \u201cNontango\u201d &#8211; Godoy<\/p>\n\n\n\n<p class=\"wp-block-paragraph\"><strong>Mejor Disco Tango Fusi\u00f3n<\/strong><\/p>\n\n\n\n<p class=\"wp-block-paragraph\">\u25cf \u201cEl viejo Caminante\u201d &#8211; Dino Saluzzi, Jacob Young y Jos\u00e9 Mar\u00eda Saluzzi<br>\u25cf \u201cTangomorphosis\u201d &#8211; Pablo Estigarribia<br>\u25cf \u201cSaga\u201d &#8211; Yamandu Costa con Mart\u00edn Sued &amp; Orquesta Assintom\u00e1tica<\/p>\n\n\n\n<p class=\"wp-block-paragraph\"><strong>Mejor Disco Milonguero<\/strong><\/p>\n\n\n\n<p class=\"wp-block-paragraph\">\u25cf \u201cIc\u00f3nico y barrial\u201d &#8211; Orquesta T\u00edpica Misteriosa Buenos Aires<br>\u25cf \u201cSanto Milonguero\u201d &#8211; Orquesta T\u00edpica Andariega<br>\u25cf \u201cLos 3 temores de Tango Bardo\u201d &#8211; Tango Bardo con Cucuza Castiello, Chino Laborde y Roberto Minondi<\/p>\n\n\n\n<p class=\"wp-block-paragraph\"><strong>Mejor Disco Tango Criollo<\/strong><\/p>\n\n\n\n<p class=\"wp-block-paragraph\">\u25cf \u201cCanto mi canto\u201d &#8211; Nahuel Roht<br>\u25cf \u201cEscaleras, candilazos y bald\u00edos\u201d &#8211; Quinteto Criollo Gonz\u00e1lez Calo y Juan Seren<br>\u25cf \u201cPillos y atentos\u201d &#8211; Las Guitarras Sensibles De Flores<\/p>\n\n\n\n<p class=\"wp-block-paragraph\"><strong>Mejor Disco Tango Canci\u00f3n<\/strong><\/p>\n\n\n\n<p class=\"wp-block-paragraph\">\u25cf \u201cLa noche interminable\u201d &#8211; Orquesta Cuerdas del Plata y Mariana Michi<br>\u25cf \u201cTiempo de amar o morir\u201d &#8211; La Martino Orquesta T\u00edpica<br>\u25cf \u201cFronda\u201d &#8211; Madreselva<\/p>\n\n\n\n<p class=\"wp-block-paragraph\"><strong>Mejor Disco Nuevas Tendencias<\/strong><\/p>\n\n\n\n<p class=\"wp-block-paragraph\">\u25cf \u201cUn mar de niebla\u201d &#8211; D\u00fao Tello-Echeveste<br>\u25cf \u201cDance me to the end of noise\u201d &#8211; El Cachivache Quinteto<br>\u25cf \u201cJuli\u00e1n Peralta: Sof\u00eda y los sue\u00f1os\u201d &#8211; Mariano Gonz\u00e1lez Calo, Juli\u00e1n Peralta y Orquesta Cuerdas del Plata<\/p>\n\n\n\n<p class=\"wp-block-paragraph\"><strong>Mejor Disco En Vivo<\/strong><\/p>\n\n\n\n<p class=\"wp-block-paragraph\">\u25cf \u201cCanciones de dos puertos\u201d &#8211; Alfredo Piro Rinaldi<br>\u25cf \u201cVivo Veinte\u201d &#8211; Quiero 24<br>\u25cf \u201cPuro tango\u201d &#8211; La Chicana<br>\u25cf \u201cEn Vivo 20 A\u00f1os\u201d &#8211; Tanghetto<\/p>\n\n\n\n<p class=\"wp-block-paragraph\"><strong>Mejor Disco Invocaci\u00f3n [Relectura de obra]<\/strong><\/p>\n\n\n\n<p class=\"wp-block-paragraph\">\u25cf \u201cZorzal eterno\u201d &#8211; Las Bordonas<br>\u25cf \u201cRovira 100\u201d &#8211; S\u00f3nico<br>\u25cf \u201cTribute to Juan Carlos C\u00e1ceres\u201d &#8211; Le Collectif Tango Negro Ensemble<\/p>\n\n\n\n<p class=\"wp-block-paragraph\"><strong>Mejor EP Tango Instrumental<\/strong><\/p>\n\n\n\n<p class=\"wp-block-paragraph\">\u25cf \u201cCiudad Tango\u201d &#8211; Fabio Hager Sexteto<br>\u25cf \u201cLos perros ladran\u201d &#8211; Los Perros Ladran y Rodolfo Mederos<br>\u25cf \u201cPeriferia Vol. I\u201d &#8211; Arcano Tango<\/p>\n\n\n\n<p class=\"wp-block-paragraph\"><strong>Mejor EP Tango Cantado<\/strong><\/p>\n\n\n\n<p class=\"wp-block-paragraph\">\u25cf \u201cTroilo\u201d &#8211; Cucuza Castiello y Tango Bardo<br>\u25cf \u201cTirando pa\u00b4 no aflojar\u201d &#8211; Elis Roig<br>\u25cf \u201cSesi\u00f3n Parque Leloir\u201d &#8211; Julieta Laso<\/p>\n\n\n\n<div style=\"height:10px\" aria-hidden=\"true\" class=\"wp-block-spacer\"><\/div>\n","protected":false},"excerpt":{"rendered":"<p>El reconocimiento que destaca a la producci\u00f3n discogr\u00e1fica de tango contempor\u00e1neo present\u00f3 a los grupos y artistas nominados para la entrega 2026.<\/p>\n","protected":false},"author":1,"featured_media":3958,"comment_status":"open","ping_status":"open","sticky":false,"template":"","format":"standard","meta":{"footnotes":""},"categories":[7],"tags":[81,98],"class_list":["post-5958","post","type-post","status-publish","format-standard","has-post-thumbnail","hentry","category-noticias","tag-discos","tag-premios-tango-siglo-xxi"],"yoast_head":"<!-- This site is optimized with the Yoast SEO plugin v28.3 - https:\/\/yoast.com\/product\/yoast-seo-wordpress\/ -->\n<title>Se conocieron los nominados a la segunda edici\u00f3n de los Premios Tango Siglo XXI &#187; Fractura Expuesta | Tango!<\/title>\n<meta name=\"description\" content=\"El reconocimiento que destaca a la producci\u00f3n discogr\u00e1fica de tango contempor\u00e1neo present\u00f3 a los grupos y artistas nominados para la entrega 2026.\" \/>\n<meta name=\"robots\" content=\"index, follow, max-snippet:-1, max-image-preview:large, max-video-preview:-1\" \/>\n<link rel=\"canonical\" href=\"https:\/\/www.fracturaexpuesta.com.ar\/gotan\/se-conocieron-los-nominados-a-la-segunda-edicion-de-los-premios-tango-siglo-xxi\/\" \/>\n<meta property=\"og:locale\" content=\"es_ES\" \/>\n<meta property=\"og:type\" content=\"article\" \/>\n<meta property=\"og:title\" content=\"Se conocieron los nominados a la segunda edici\u00f3n de los Premios Tango Siglo XXI\" \/>\n<meta property=\"og:description\" content=\"El reconocimiento que destaca a la producci\u00f3n discogr\u00e1fica de tango contempor\u00e1neo present\u00f3 a los grupos y artistas nominados para la entrega 2026.\" \/>\n<meta property=\"og:url\" content=\"https:\/\/www.fracturaexpuesta.com.ar\/gotan\/se-conocieron-los-nominados-a-la-segunda-edicion-de-los-premios-tango-siglo-xxi\/\" \/>\n<meta property=\"og:site_name\" content=\"Fractura Expuesta | Tango!\" \/>\n<meta property=\"article:author\" content=\"https:\/\/www.facebook.com\/fracturaexpuestaok\" \/>\n<meta property=\"article:published_time\" content=\"2026-03-17T13:17:54+00:00\" \/>\n<meta property=\"article:modified_time\" content=\"2026-03-17T13:55:14+00:00\" \/>\n<meta property=\"og:image\" content=\"https:\/\/www.fracturaexpuesta.com.ar\/gotan\/wp-content\/uploads\/2025\/03\/premios-tango-siglo-XXI.jpg\" \/>\n\t<meta property=\"og:image:width\" content=\"950\" \/>\n\t<meta property=\"og:image:height\" content=\"650\" \/>\n\t<meta property=\"og:image:type\" content=\"image\/jpeg\" \/>\n<meta name=\"author\" content=\"Fractura Expuesta\" \/>\n<meta name=\"twitter:card\" content=\"summary_large_image\" \/>\n<meta name=\"twitter:title\" content=\"Se conocieron los nominados a la segunda edici\u00f3n de los Premios Tango Siglo XXI\" \/>\n<meta name=\"twitter:description\" content=\"El reconocimiento que destaca a la producci\u00f3n discogr\u00e1fica de tango contempor\u00e1neo present\u00f3 a los grupos y artistas nominados para la entrega 2026.\" \/>\n<meta name=\"twitter:image\" content=\"https:\/\/www.fracturaexpuesta.com.ar\/gotan\/wp-content\/uploads\/2025\/03\/premios-tango-siglo-XXI.jpg\" \/>\n<meta name=\"twitter:creator\" content=\"@https:\/\/x.com\/fracturatango\" \/>\n<meta name=\"twitter:label1\" content=\"Escrito por\" \/>\n\t<meta name=\"twitter:data1\" content=\"Fractura Expuesta\" \/>\n\t<meta name=\"twitter:label2\" content=\"Tiempo de lectura\" \/>\n\t<meta name=\"twitter:data2\" content=\"4 minutos\" \/>\n<script type=\"application\/ld+json\" class=\"yoast-schema-graph\">{\"@context\":\"https:\\\/\\\/schema.org\",\"@graph\":[{\"@type\":\"Article\",\"@id\":\"https:\\\/\\\/www.fracturaexpuesta.com.ar\\\/gotan\\\/se-conocieron-los-nominados-a-la-segunda-edicion-de-los-premios-tango-siglo-xxi\\\/#article\",\"isPartOf\":{\"@id\":\"https:\\\/\\\/www.fracturaexpuesta.com.ar\\\/gotan\\\/se-conocieron-los-nominados-a-la-segunda-edicion-de-los-premios-tango-siglo-xxi\\\/\"},\"author\":{\"name\":\"Fractura Expuesta\",\"@id\":\"https:\\\/\\\/www.fracturaexpuesta.com.ar\\\/gotan\\\/#\\\/schema\\\/person\\\/d8266939f778485b13ad2174aa9e199e\"},\"headline\":\"Se conocieron los nominados a la segunda edici\u00f3n de los Premios Tango Siglo XXI\",\"datePublished\":\"2026-03-17T13:17:54+00:00\",\"dateModified\":\"2026-03-17T13:55:14+00:00\",\"mainEntityOfPage\":{\"@id\":\"https:\\\/\\\/www.fracturaexpuesta.com.ar\\\/gotan\\\/se-conocieron-los-nominados-a-la-segunda-edicion-de-los-premios-tango-siglo-xxi\\\/\"},\"wordCount\":688,\"commentCount\":0,\"publisher\":{\"@id\":\"https:\\\/\\\/www.fracturaexpuesta.com.ar\\\/gotan\\\/#organization\"},\"image\":{\"@id\":\"https:\\\/\\\/www.fracturaexpuesta.com.ar\\\/gotan\\\/se-conocieron-los-nominados-a-la-segunda-edicion-de-los-premios-tango-siglo-xxi\\\/#primaryimage\"},\"thumbnailUrl\":\"https:\\\/\\\/www.fracturaexpuesta.com.ar\\\/gotan\\\/wp-content\\\/uploads\\\/2025\\\/03\\\/premios-tango-siglo-XXI.jpg\",\"keywords\":[\"discos\",\"premios tango siglo XXI\"],\"articleSection\":[\"Noticias\"],\"inLanguage\":\"es-AR\",\"potentialAction\":[{\"@type\":\"CommentAction\",\"name\":\"Comment\",\"target\":[\"https:\\\/\\\/www.fracturaexpuesta.com.ar\\\/gotan\\\/se-conocieron-los-nominados-a-la-segunda-edicion-de-los-premios-tango-siglo-xxi\\\/#respond\"]}]},{\"@type\":\"WebPage\",\"@id\":\"https:\\\/\\\/www.fracturaexpuesta.com.ar\\\/gotan\\\/se-conocieron-los-nominados-a-la-segunda-edicion-de-los-premios-tango-siglo-xxi\\\/\",\"url\":\"https:\\\/\\\/www.fracturaexpuesta.com.ar\\\/gotan\\\/se-conocieron-los-nominados-a-la-segunda-edicion-de-los-premios-tango-siglo-xxi\\\/\",\"name\":\"Se conocieron los nominados a la segunda edici\u00f3n de los Premios Tango Siglo XXI &#187; Fractura Expuesta | Tango!\",\"isPartOf\":{\"@id\":\"https:\\\/\\\/www.fracturaexpuesta.com.ar\\\/gotan\\\/#website\"},\"primaryImageOfPage\":{\"@id\":\"https:\\\/\\\/www.fracturaexpuesta.com.ar\\\/gotan\\\/se-conocieron-los-nominados-a-la-segunda-edicion-de-los-premios-tango-siglo-xxi\\\/#primaryimage\"},\"image\":{\"@id\":\"https:\\\/\\\/www.fracturaexpuesta.com.ar\\\/gotan\\\/se-conocieron-los-nominados-a-la-segunda-edicion-de-los-premios-tango-siglo-xxi\\\/#primaryimage\"},\"thumbnailUrl\":\"https:\\\/\\\/www.fracturaexpuesta.com.ar\\\/gotan\\\/wp-content\\\/uploads\\\/2025\\\/03\\\/premios-tango-siglo-XXI.jpg\",\"datePublished\":\"2026-03-17T13:17:54+00:00\",\"dateModified\":\"2026-03-17T13:55:14+00:00\",\"description\":\"El reconocimiento que destaca a la producci\u00f3n discogr\u00e1fica de tango contempor\u00e1neo present\u00f3 a los grupos y artistas nominados para la entrega 2026.\",\"breadcrumb\":{\"@id\":\"https:\\\/\\\/www.fracturaexpuesta.com.ar\\\/gotan\\\/se-conocieron-los-nominados-a-la-segunda-edicion-de-los-premios-tango-siglo-xxi\\\/#breadcrumb\"},\"inLanguage\":\"es-AR\",\"potentialAction\":[{\"@type\":\"ReadAction\",\"target\":[\"https:\\\/\\\/www.fracturaexpuesta.com.ar\\\/gotan\\\/se-conocieron-los-nominados-a-la-segunda-edicion-de-los-premios-tango-siglo-xxi\\\/\"]}]},{\"@type\":\"ImageObject\",\"inLanguage\":\"es-AR\",\"@id\":\"https:\\\/\\\/www.fracturaexpuesta.com.ar\\\/gotan\\\/se-conocieron-los-nominados-a-la-segunda-edicion-de-los-premios-tango-siglo-xxi\\\/#primaryimage\",\"url\":\"https:\\\/\\\/www.fracturaexpuesta.com.ar\\\/gotan\\\/wp-content\\\/uploads\\\/2025\\\/03\\\/premios-tango-siglo-XXI.jpg\",\"contentUrl\":\"https:\\\/\\\/www.fracturaexpuesta.com.ar\\\/gotan\\\/wp-content\\\/uploads\\\/2025\\\/03\\\/premios-tango-siglo-XXI.jpg\",\"width\":950,\"height\":650,\"caption\":\"Premios Tango Siglo XXI\"},{\"@type\":\"BreadcrumbList\",\"@id\":\"https:\\\/\\\/www.fracturaexpuesta.com.ar\\\/gotan\\\/se-conocieron-los-nominados-a-la-segunda-edicion-de-los-premios-tango-siglo-xxi\\\/#breadcrumb\",\"itemListElement\":[{\"@type\":\"ListItem\",\"position\":1,\"name\":\"Inicio\",\"item\":\"https:\\\/\\\/www.fracturaexpuesta.com.ar\\\/gotan\\\/\"},{\"@type\":\"ListItem\",\"position\":2,\"name\":\"Se conocieron los nominados a la segunda edici\u00f3n de los Premios Tango Siglo XXI\"}]},{\"@type\":\"WebSite\",\"@id\":\"https:\\\/\\\/www.fracturaexpuesta.com.ar\\\/gotan\\\/#website\",\"url\":\"https:\\\/\\\/www.fracturaexpuesta.com.ar\\\/gotan\\\/\",\"name\":\"Fractura Expuesta | Tango!\",\"description\":\"\",\"publisher\":{\"@id\":\"https:\\\/\\\/www.fracturaexpuesta.com.ar\\\/gotan\\\/#organization\"},\"potentialAction\":[{\"@type\":\"SearchAction\",\"target\":{\"@type\":\"EntryPoint\",\"urlTemplate\":\"https:\\\/\\\/www.fracturaexpuesta.com.ar\\\/gotan\\\/?s={search_term_string}\"},\"query-input\":{\"@type\":\"PropertyValueSpecification\",\"valueRequired\":true,\"valueName\":\"search_term_string\"}}],\"inLanguage\":\"es-AR\"},{\"@type\":\"Organization\",\"@id\":\"https:\\\/\\\/www.fracturaexpuesta.com.ar\\\/gotan\\\/#organization\",\"name\":\"Fractura Expuesta | Tango!\",\"url\":\"https:\\\/\\\/www.fracturaexpuesta.com.ar\\\/gotan\\\/\",\"logo\":{\"@type\":\"ImageObject\",\"inLanguage\":\"es-AR\",\"@id\":\"https:\\\/\\\/www.fracturaexpuesta.com.ar\\\/gotan\\\/#\\\/schema\\\/logo\\\/image\\\/\",\"url\":\"https:\\\/\\\/www.fracturaexpuesta.com.ar\\\/gotan\\\/wp-content\\\/uploads\\\/2025\\\/03\\\/avatar2centroOK.jpg\",\"contentUrl\":\"https:\\\/\\\/www.fracturaexpuesta.com.ar\\\/gotan\\\/wp-content\\\/uploads\\\/2025\\\/03\\\/avatar2centroOK.jpg\",\"width\":600,\"height\":600,\"caption\":\"Fractura Expuesta | Tango!\"},\"image\":{\"@id\":\"https:\\\/\\\/www.fracturaexpuesta.com.ar\\\/gotan\\\/#\\\/schema\\\/logo\\\/image\\\/\"}},{\"@type\":\"Person\",\"@id\":\"https:\\\/\\\/www.fracturaexpuesta.com.ar\\\/gotan\\\/#\\\/schema\\\/person\\\/d8266939f778485b13ad2174aa9e199e\",\"name\":\"Fractura Expuesta\",\"image\":{\"@type\":\"ImageObject\",\"inLanguage\":\"es-AR\",\"@id\":\"https:\\\/\\\/secure.gravatar.com\\\/avatar\\\/c4bad1eb9f93dd4a42df3aa8b8e8b882ff893fcea188ee15488a845db442d7ec?s=96&d=mm&r=g\",\"url\":\"https:\\\/\\\/secure.gravatar.com\\\/avatar\\\/c4bad1eb9f93dd4a42df3aa8b8e8b882ff893fcea188ee15488a845db442d7ec?s=96&d=mm&r=g\",\"contentUrl\":\"https:\\\/\\\/secure.gravatar.com\\\/avatar\\\/c4bad1eb9f93dd4a42df3aa8b8e8b882ff893fcea188ee15488a845db442d7ec?s=96&d=mm&r=g\",\"caption\":\"Fractura Expuesta\"},\"description\":\"Sitio de tango y noticias culturales. Desde 2003, el espacio referente del tango de estos tiempos.\",\"sameAs\":[\"https:\\\/\\\/www.fracturaexpuesta.com.ar\",\"https:\\\/\\\/www.facebook.com\\\/fracturaexpuestaok\",\"https:\\\/\\\/www.instagram.com\\\/fracturaexpuesta\",\"https:\\\/\\\/x.com\\\/https:\\\/\\\/x.com\\\/fracturatango\",\"https:\\\/\\\/www.youtube.com\\\/channel\\\/UCojA8Q0QDpnncOL8sfTHOHg\"],\"url\":\"https:\\\/\\\/www.fracturaexpuesta.com.ar\\\/gotan\\\/author\\\/fractura-expuesta\\\/\"}]}<\/script>\n<!-- \/ Yoast SEO plugin. -->","yoast_head_json":{"title":"Se conocieron los nominados a la segunda edici\u00f3n de los Premios Tango Siglo XXI &#187; Fractura Expuesta | Tango!","description":"El reconocimiento que destaca a la producci\u00f3n discogr\u00e1fica de tango contempor\u00e1neo present\u00f3 a los grupos y artistas nominados para la entrega 2026.","robots":{"index":"index","follow":"follow","max-snippet":"max-snippet:-1","max-image-preview":"max-image-preview:large","max-video-preview":"max-video-preview:-1"},"canonical":"https:\/\/www.fracturaexpuesta.com.ar\/gotan\/se-conocieron-los-nominados-a-la-segunda-edicion-de-los-premios-tango-siglo-xxi\/","og_locale":"es_ES","og_type":"article","og_title":"Se conocieron los nominados a la segunda edici\u00f3n de los Premios Tango Siglo XXI","og_description":"El reconocimiento que destaca a la producci\u00f3n discogr\u00e1fica de tango contempor\u00e1neo present\u00f3 a los grupos y artistas nominados para la entrega 2026.","og_url":"https:\/\/www.fracturaexpuesta.com.ar\/gotan\/se-conocieron-los-nominados-a-la-segunda-edicion-de-los-premios-tango-siglo-xxi\/","og_site_name":"Fractura Expuesta | Tango!","article_author":"https:\/\/www.facebook.com\/fracturaexpuestaok","article_published_time":"2026-03-17T13:17:54+00:00","article_modified_time":"2026-03-17T13:55:14+00:00","og_image":[{"width":950,"height":650,"url":"https:\/\/www.fracturaexpuesta.com.ar\/gotan\/wp-content\/uploads\/2025\/03\/premios-tango-siglo-XXI.jpg","type":"image\/jpeg"}],"author":"Fractura Expuesta","twitter_card":"summary_large_image","twitter_title":"Se conocieron los nominados a la segunda edici\u00f3n de los Premios Tango Siglo XXI","twitter_description":"El reconocimiento que destaca a la producci\u00f3n discogr\u00e1fica de tango contempor\u00e1neo present\u00f3 a los grupos y artistas nominados para la entrega 2026.","twitter_image":"https:\/\/www.fracturaexpuesta.com.ar\/gotan\/wp-content\/uploads\/2025\/03\/premios-tango-siglo-XXI.jpg","twitter_creator":"@https:\/\/x.com\/fracturatango","twitter_misc":{"Escrito por":"Fractura Expuesta","Tiempo de lectura":"4 minutos"},"schema":{"@context":"https:\/\/schema.org","@graph":[{"@type":"Article","@id":"https:\/\/www.fracturaexpuesta.com.ar\/gotan\/se-conocieron-los-nominados-a-la-segunda-edicion-de-los-premios-tango-siglo-xxi\/#article","isPartOf":{"@id":"https:\/\/www.fracturaexpuesta.com.ar\/gotan\/se-conocieron-los-nominados-a-la-segunda-edicion-de-los-premios-tango-siglo-xxi\/"},"author":{"name":"Fractura Expuesta","@id":"https:\/\/www.fracturaexpuesta.com.ar\/gotan\/#\/schema\/person\/d8266939f778485b13ad2174aa9e199e"},"headline":"Se conocieron los nominados a la segunda edici\u00f3n de los Premios Tango Siglo XXI","datePublished":"2026-03-17T13:17:54+00:00","dateModified":"2026-03-17T13:55:14+00:00","mainEntityOfPage":{"@id":"https:\/\/www.fracturaexpuesta.com.ar\/gotan\/se-conocieron-los-nominados-a-la-segunda-edicion-de-los-premios-tango-siglo-xxi\/"},"wordCount":688,"commentCount":0,"publisher":{"@id":"https:\/\/www.fracturaexpuesta.com.ar\/gotan\/#organization"},"image":{"@id":"https:\/\/www.fracturaexpuesta.com.ar\/gotan\/se-conocieron-los-nominados-a-la-segunda-edicion-de-los-premios-tango-siglo-xxi\/#primaryimage"},"thumbnailUrl":"https:\/\/www.fracturaexpuesta.com.ar\/gotan\/wp-content\/uploads\/2025\/03\/premios-tango-siglo-XXI.jpg","keywords":["discos","premios tango siglo XXI"],"articleSection":["Noticias"],"inLanguage":"es-AR","potentialAction":[{"@type":"CommentAction","name":"Comment","target":["https:\/\/www.fracturaexpuesta.com.ar\/gotan\/se-conocieron-los-nominados-a-la-segunda-edicion-de-los-premios-tango-siglo-xxi\/#respond"]}]},{"@type":"WebPage","@id":"https:\/\/www.fracturaexpuesta.com.ar\/gotan\/se-conocieron-los-nominados-a-la-segunda-edicion-de-los-premios-tango-siglo-xxi\/","url":"https:\/\/www.fracturaexpuesta.com.ar\/gotan\/se-conocieron-los-nominados-a-la-segunda-edicion-de-los-premios-tango-siglo-xxi\/","name":"Se conocieron los nominados a la segunda edici\u00f3n de los Premios Tango Siglo XXI &#187; Fractura Expuesta | Tango!","isPartOf":{"@id":"https:\/\/www.fracturaexpuesta.com.ar\/gotan\/#website"},"primaryImageOfPage":{"@id":"https:\/\/www.fracturaexpuesta.com.ar\/gotan\/se-conocieron-los-nominados-a-la-segunda-edicion-de-los-premios-tango-siglo-xxi\/#primaryimage"},"image":{"@id":"https:\/\/www.fracturaexpuesta.com.ar\/gotan\/se-conocieron-los-nominados-a-la-segunda-edicion-de-los-premios-tango-siglo-xxi\/#primaryimage"},"thumbnailUrl":"https:\/\/www.fracturaexpuesta.com.ar\/gotan\/wp-content\/uploads\/2025\/03\/premios-tango-siglo-XXI.jpg","datePublished":"2026-03-17T13:17:54+00:00","dateModified":"2026-03-17T13:55:14+00:00","description":"El reconocimiento que destaca a la producci\u00f3n discogr\u00e1fica de tango contempor\u00e1neo present\u00f3 a los grupos y artistas nominados para la entrega 2026.","breadcrumb":{"@id":"https:\/\/www.fracturaexpuesta.com.ar\/gotan\/se-conocieron-los-nominados-a-la-segunda-edicion-de-los-premios-tango-siglo-xxi\/#breadcrumb"},"inLanguage":"es-AR","potentialAction":[{"@type":"ReadAction","target":["https:\/\/www.fracturaexpuesta.com.ar\/gotan\/se-conocieron-los-nominados-a-la-segunda-edicion-de-los-premios-tango-siglo-xxi\/"]}]},{"@type":"ImageObject","inLanguage":"es-AR","@id":"https:\/\/www.fracturaexpuesta.com.ar\/gotan\/se-conocieron-los-nominados-a-la-segunda-edicion-de-los-premios-tango-siglo-xxi\/#primaryimage","url":"https:\/\/www.fracturaexpuesta.com.ar\/gotan\/wp-content\/uploads\/2025\/03\/premios-tango-siglo-XXI.jpg","contentUrl":"https:\/\/www.fracturaexpuesta.com.ar\/gotan\/wp-content\/uploads\/2025\/03\/premios-tango-siglo-XXI.jpg","width":950,"height":650,"caption":"Premios Tango Siglo XXI"},{"@type":"BreadcrumbList","@id":"https:\/\/www.fracturaexpuesta.com.ar\/gotan\/se-conocieron-los-nominados-a-la-segunda-edicion-de-los-premios-tango-siglo-xxi\/#breadcrumb","itemListElement":[{"@type":"ListItem","position":1,"name":"Inicio","item":"https:\/\/www.fracturaexpuesta.com.ar\/gotan\/"},{"@type":"ListItem","position":2,"name":"Se conocieron los nominados a la segunda edici\u00f3n de los Premios Tango Siglo XXI"}]},{"@type":"WebSite","@id":"https:\/\/www.fracturaexpuesta.com.ar\/gotan\/#website","url":"https:\/\/www.fracturaexpuesta.com.ar\/gotan\/","name":"Fractura Expuesta | Tango!","description":"","publisher":{"@id":"https:\/\/www.fracturaexpuesta.com.ar\/gotan\/#organization"},"potentialAction":[{"@type":"SearchAction","target":{"@type":"EntryPoint","urlTemplate":"https:\/\/www.fracturaexpuesta.com.ar\/gotan\/?s={search_term_string}"},"query-input":{"@type":"PropertyValueSpecification","valueRequired":true,"valueName":"search_term_string"}}],"inLanguage":"es-AR"},{"@type":"Organization","@id":"https:\/\/www.fracturaexpuesta.com.ar\/gotan\/#organization","name":"Fractura Expuesta | Tango!","url":"https:\/\/www.fracturaexpuesta.com.ar\/gotan\/","logo":{"@type":"ImageObject","inLanguage":"es-AR","@id":"https:\/\/www.fracturaexpuesta.com.ar\/gotan\/#\/schema\/logo\/image\/","url":"https:\/\/www.fracturaexpuesta.com.ar\/gotan\/wp-content\/uploads\/2025\/03\/avatar2centroOK.jpg","contentUrl":"https:\/\/www.fracturaexpuesta.com.ar\/gotan\/wp-content\/uploads\/2025\/03\/avatar2centroOK.jpg","width":600,"height":600,"caption":"Fractura Expuesta | Tango!"},"image":{"@id":"https:\/\/www.fracturaexpuesta.com.ar\/gotan\/#\/schema\/logo\/image\/"}},{"@type":"Person","@id":"https:\/\/www.fracturaexpuesta.com.ar\/gotan\/#\/schema\/person\/d8266939f778485b13ad2174aa9e199e","name":"Fractura Expuesta","image":{"@type":"ImageObject","inLanguage":"es-AR","@id":"https:\/\/secure.gravatar.com\/avatar\/c4bad1eb9f93dd4a42df3aa8b8e8b882ff893fcea188ee15488a845db442d7ec?s=96&d=mm&r=g","url":"https:\/\/secure.gravatar.com\/avatar\/c4bad1eb9f93dd4a42df3aa8b8e8b882ff893fcea188ee15488a845db442d7ec?s=96&d=mm&r=g","contentUrl":"https:\/\/secure.gravatar.com\/avatar\/c4bad1eb9f93dd4a42df3aa8b8e8b882ff893fcea188ee15488a845db442d7ec?s=96&d=mm&r=g","caption":"Fractura Expuesta"},"description":"Sitio de tango y noticias culturales. Desde 2003, el espacio referente del tango de estos tiempos.","sameAs":["https:\/\/www.fracturaexpuesta.com.ar","https:\/\/www.facebook.com\/fracturaexpuestaok","https:\/\/www.instagram.com\/fracturaexpuesta","https:\/\/x.com\/https:\/\/x.com\/fracturatango","https:\/\/www.youtube.com\/channel\/UCojA8Q0QDpnncOL8sfTHOHg"],"url":"https:\/\/www.fracturaexpuesta.com.ar\/gotan\/author\/fractura-expuesta\/"}]}},"_links":{"self":[{"href":"https:\/\/www.fracturaexpuesta.com.ar\/gotan\/wp-json\/wp\/v2\/posts\/5958","targetHints":{"allow":["GET"]}}],"collection":[{"href":"https:\/\/www.fracturaexpuesta.com.ar\/gotan\/wp-json\/wp\/v2\/posts"}],"about":[{"href":"https:\/\/www.fracturaexpuesta.com.ar\/gotan\/wp-json\/wp\/v2\/types\/post"}],"author":[{"embeddable":true,"href":"https:\/\/www.fracturaexpuesta.com.ar\/gotan\/wp-json\/wp\/v2\/users\/1"}],"replies":[{"embeddable":true,"href":"https:\/\/www.fracturaexpuesta.com.ar\/gotan\/wp-json\/wp\/v2\/comments?post=5958"}],"version-history":[{"count":11,"href":"https:\/\/www.fracturaexpuesta.com.ar\/gotan\/wp-json\/wp\/v2\/posts\/5958\/revisions"}],"predecessor-version":[{"id":5969,"href":"https:\/\/www.fracturaexpuesta.com.ar\/gotan\/wp-json\/wp\/v2\/posts\/5958\/revisions\/5969"}],"wp:featuredmedia":[{"embeddable":true,"href":"https:\/\/www.fracturaexpuesta.com.ar\/gotan\/wp-json\/wp\/v2\/media\/3958"}],"wp:attachment":[{"href":"https:\/\/www.fracturaexpuesta.com.ar\/gotan\/wp-json\/wp\/v2\/media?parent=5958"}],"wp:term":[{"taxonomy":"category","embeddable":true,"href":"https:\/\/www.fracturaexpuesta.com.ar\/gotan\/wp-json\/wp\/v2\/categories?post=5958"},{"taxonomy":"post_tag","embeddable":true,"href":"https:\/\/www.fracturaexpuesta.com.ar\/gotan\/wp-json\/wp\/v2\/tags?post=5958"}],"curies":[{"name":"wp","href":"https:\/\/api.w.org\/{rel}","templated":true}]}}