{"id":5974,"date":"2026-03-24T19:18:51","date_gmt":"2026-03-24T22:18:51","guid":{"rendered":"https:\/\/www.fracturaexpuesta.com.ar\/gotan\/?p=5974"},"modified":"2026-03-26T22:50:00","modified_gmt":"2026-03-27T01:50:00","slug":"carolina-minella-adelanta-su-proximo-disco-con-la-salida-de-una-pieza-emblematica-de-piazzolla-ferrer-y-baltar","status":"publish","type":"post","link":"https:\/\/www.fracturaexpuesta.com.ar\/gotan\/carolina-minella-adelanta-su-proximo-disco-con-la-salida-de-una-pieza-emblematica-de-piazzolla-ferrer-y-baltar\/","title":{"rendered":"Carolina Minella adelanta su pr\u00f3ximo disco con la salida de una pieza emblem\u00e1tica de Piazzolla, Ferrer y Baltar"},"content":{"rendered":"\n<p class=\"wp-block-paragraph\">La cantante Carolina Minella present\u00f3 el adelanto de su pr\u00f3ximo trabajo discogr\u00e1fico con una versi\u00f3n de \u201cPreludio para el a\u00f1o 3001\u201d, pieza representativa del repertorio creado por Astor Piazzolla, Horacio Ferrer y Amelita Baltar.<\/p>\n\n\n\n<p class=\"wp-block-paragraph\">El lanzamiento cuenta con la participaci\u00f3n especial de Baltar, voz original de la obra, y funciona como anticipo del quinto \u00e1lbum de estudio de la artista, previsto para mayo bajo el sello Acqua Records y que llevar\u00e1 por t\u00edtulo <em>Besar\u00e9 la memoria<\/em>.<\/p>\n\n\n\n<p class=\"wp-block-paragraph\">Reconocida por tender puentes entre el tango tradicional y las nuevas generaciones, Minella propone en este single una lectura contempor\u00e1nea del cl\u00e1sico. La interpretaci\u00f3n, junto con los arreglos de Chino Asensio, recupera la intensidad del universo urbano planteado por Ferrer y musicalizado por Piazzolla, mientras que el recitado de Baltar aporta un cierre que dialoga con la versi\u00f3n original.<\/p>\n\n\n\n<p class=\"wp-block-paragraph\">Sobre esta colaboraci\u00f3n, Minella expres\u00f3 que trabajar con Baltar \u201ces una experiencia y oportunidad incre\u00edble y un verdadero honor\u201d, al tiempo que destac\u00f3 el valor simb\u00f3lico de compartir la obra con una de sus int\u00e9rpretes hist\u00f3ricas.<\/p>\n\n\n\n<p class=\"wp-block-paragraph\">En relaci\u00f3n con la elecci\u00f3n del tema, la cantante se\u00f1al\u00f3 que su motivaci\u00f3n radica en \u201cel deseo poderoso de que nuestro tango y nuestra m\u00fasica ciudadana se perpet\u00fae en el tiempo\u201d y en la posibilidad de recrear una Buenos Aires atemporal a trav\u00e9s de la m\u00fasica, como un espacio de renovaci\u00f3n art\u00edstica y emocional.<\/p>\n\n\n\n<p class=\"wp-block-paragraph\">El lanzamiento forma parte de una serie de adelantos de \u201cBesar\u00e9 la memoria\u201d, un material que contar\u00e1 con arreglos de C\u00e9sar Angeleri y el propio Asensio, adem\u00e1s de la participaci\u00f3n de destacados invitados.<\/p>\n\n\n\n<figure class=\"wp-block-embed is-type-video is-provider-youtube wp-block-embed-youtube wp-embed-aspect-16-9 wp-has-aspect-ratio\"><div class=\"wp-block-embed__wrapper\">\n<iframe loading=\"lazy\" title=\"Carolina Minella Feat. Amelita Baltar -  Preludio para el a\u00f1o 3001 \" width=\"1170\" height=\"658\" src=\"https:\/\/www.youtube.com\/embed\/rzoKDQrI9wE?feature=oembed\" frameborder=\"0\" allow=\"accelerometer; autoplay; clipboard-write; encrypted-media; gyroscope; picture-in-picture; web-share\" referrerpolicy=\"strict-origin-when-cross-origin\" allowfullscreen><\/iframe>\n<\/div><\/figure>\n\n\n\n<div style=\"height:10px\" aria-hidden=\"true\" class=\"wp-block-spacer\"><\/div>\n","protected":false},"excerpt":{"rendered":"<p>El tango lanzado hace pocos d\u00edas integrar\u00e1 el disco Besar\u00e9 la memoria, quinto \u00e1lbum de estudio de la cantante.<\/p>\n","protected":false},"author":1,"featured_media":5975,"comment_status":"open","ping_status":"open","sticky":false,"template":"","format":"standard","meta":{"footnotes":""},"categories":[83],"tags":[262,81],"class_list":["post-5974","post","type-post","status-publish","format-standard","has-post-thumbnail","hentry","category-discos","tag-carolina-minella","tag-discos"],"yoast_head":"<!-- This site is optimized with the Yoast SEO plugin v28.4 - https:\/\/yoast.com\/product\/yoast-seo-wordpress\/ -->\n<title>Carolina Minella adelanta su pr\u00f3ximo disco con la salida de una pieza emblem\u00e1tica de Piazzolla, Ferrer y Baltar &#187; Fractura Expuesta | Tango!<\/title>\n<meta name=\"description\" content=\"El tango lanzado hace pocos d\u00edas integrar\u00e1 el disco Besar\u00e9 la memoria, quinto \u00e1lbum de estudio de la cantante.\" \/>\n<meta name=\"robots\" content=\"index, follow, max-snippet:-1, max-image-preview:large, max-video-preview:-1\" \/>\n<link rel=\"canonical\" href=\"https:\/\/www.fracturaexpuesta.com.ar\/gotan\/carolina-minella-adelanta-su-proximo-disco-con-la-salida-de-una-pieza-emblematica-de-piazzolla-ferrer-y-baltar\/\" \/>\n<meta property=\"og:locale\" content=\"es_ES\" \/>\n<meta property=\"og:type\" content=\"article\" \/>\n<meta property=\"og:title\" content=\"Carolina Minella adelanta su pr\u00f3ximo disco con la salida de una pieza emblem\u00e1tica de Piazzolla, Ferrer y Baltar\" \/>\n<meta property=\"og:description\" content=\"El tango lanzado hace pocos d\u00edas integrar\u00e1 el disco Besar\u00e9 la memoria, quinto \u00e1lbum de estudio de la cantante.\" \/>\n<meta property=\"og:url\" content=\"https:\/\/www.fracturaexpuesta.com.ar\/gotan\/carolina-minella-adelanta-su-proximo-disco-con-la-salida-de-una-pieza-emblematica-de-piazzolla-ferrer-y-baltar\/\" \/>\n<meta property=\"og:site_name\" content=\"Fractura Expuesta | Tango!\" \/>\n<meta property=\"article:author\" content=\"https:\/\/www.facebook.com\/fracturaexpuestaok\" \/>\n<meta property=\"article:published_time\" content=\"2026-03-24T22:18:51+00:00\" \/>\n<meta property=\"article:modified_time\" content=\"2026-03-27T01:50:00+00:00\" \/>\n<meta property=\"og:image\" content=\"https:\/\/www.fracturaexpuesta.com.ar\/gotan\/wp-content\/uploads\/2026\/03\/CarolinaMinella.jpg\" \/>\n\t<meta property=\"og:image:width\" content=\"1000\" \/>\n\t<meta property=\"og:image:height\" content=\"667\" \/>\n\t<meta property=\"og:image:type\" content=\"image\/jpeg\" \/>\n<meta name=\"author\" content=\"Fractura Expuesta\" \/>\n<meta name=\"twitter:card\" content=\"summary_large_image\" \/>\n<meta name=\"twitter:title\" content=\"Fractura Expuesta | Tango!\" \/>\n<meta name=\"twitter:description\" content=\"El tango lanzado hace pocos d\u00edas integrar\u00e1 el disco Besar\u00e9 la memoria, quinto \u00e1lbum de estudio de la cantante.\" \/>\n<meta name=\"twitter:image\" content=\"https:\/\/www.fracturaexpuesta.com.ar\/gotan\/wp-content\/uploads\/2026\/03\/CarolinaMinella.jpg\" \/>\n<meta name=\"twitter:creator\" content=\"@https:\/\/x.com\/fracturatango\" \/>\n<meta name=\"twitter:label1\" content=\"Escrito por\" \/>\n\t<meta name=\"twitter:data1\" content=\"Fractura Expuesta\" \/>\n\t<meta name=\"twitter:label2\" content=\"Tiempo de lectura\" \/>\n\t<meta name=\"twitter:data2\" content=\"2 minutos\" \/>\n<script type=\"application\/ld+json\" class=\"yoast-schema-graph\">{\"@context\":\"https:\\\/\\\/schema.org\",\"@graph\":[{\"@type\":\"Article\",\"@id\":\"https:\\\/\\\/www.fracturaexpuesta.com.ar\\\/gotan\\\/carolina-minella-adelanta-su-proximo-disco-con-la-salida-de-una-pieza-emblematica-de-piazzolla-ferrer-y-baltar\\\/#article\",\"isPartOf\":{\"@id\":\"https:\\\/\\\/www.fracturaexpuesta.com.ar\\\/gotan\\\/carolina-minella-adelanta-su-proximo-disco-con-la-salida-de-una-pieza-emblematica-de-piazzolla-ferrer-y-baltar\\\/\"},\"author\":{\"name\":\"Fractura Expuesta\",\"@id\":\"https:\\\/\\\/www.fracturaexpuesta.com.ar\\\/gotan\\\/#\\\/schema\\\/person\\\/d8266939f778485b13ad2174aa9e199e\"},\"headline\":\"Carolina Minella adelanta su pr\u00f3ximo disco con la salida de una pieza emblem\u00e1tica de Piazzolla, Ferrer y Baltar\",\"datePublished\":\"2026-03-24T22:18:51+00:00\",\"dateModified\":\"2026-03-27T01:50:00+00:00\",\"mainEntityOfPage\":{\"@id\":\"https:\\\/\\\/www.fracturaexpuesta.com.ar\\\/gotan\\\/carolina-minella-adelanta-su-proximo-disco-con-la-salida-de-una-pieza-emblematica-de-piazzolla-ferrer-y-baltar\\\/\"},\"wordCount\":315,\"commentCount\":0,\"publisher\":{\"@id\":\"https:\\\/\\\/www.fracturaexpuesta.com.ar\\\/gotan\\\/#organization\"},\"image\":{\"@id\":\"https:\\\/\\\/www.fracturaexpuesta.com.ar\\\/gotan\\\/carolina-minella-adelanta-su-proximo-disco-con-la-salida-de-una-pieza-emblematica-de-piazzolla-ferrer-y-baltar\\\/#primaryimage\"},\"thumbnailUrl\":\"https:\\\/\\\/www.fracturaexpuesta.com.ar\\\/gotan\\\/wp-content\\\/uploads\\\/2026\\\/03\\\/CarolinaMinella.jpg\",\"keywords\":[\"carolina minella\",\"discos\"],\"articleSection\":[\"Discos\"],\"inLanguage\":\"es-AR\",\"potentialAction\":[{\"@type\":\"CommentAction\",\"name\":\"Comment\",\"target\":[\"https:\\\/\\\/www.fracturaexpuesta.com.ar\\\/gotan\\\/carolina-minella-adelanta-su-proximo-disco-con-la-salida-de-una-pieza-emblematica-de-piazzolla-ferrer-y-baltar\\\/#respond\"]}]},{\"@type\":\"WebPage\",\"@id\":\"https:\\\/\\\/www.fracturaexpuesta.com.ar\\\/gotan\\\/carolina-minella-adelanta-su-proximo-disco-con-la-salida-de-una-pieza-emblematica-de-piazzolla-ferrer-y-baltar\\\/\",\"url\":\"https:\\\/\\\/www.fracturaexpuesta.com.ar\\\/gotan\\\/carolina-minella-adelanta-su-proximo-disco-con-la-salida-de-una-pieza-emblematica-de-piazzolla-ferrer-y-baltar\\\/\",\"name\":\"Carolina Minella adelanta su pr\u00f3ximo disco con la salida de una pieza emblem\u00e1tica de Piazzolla, Ferrer y Baltar &#187; Fractura Expuesta | Tango!\",\"isPartOf\":{\"@id\":\"https:\\\/\\\/www.fracturaexpuesta.com.ar\\\/gotan\\\/#website\"},\"primaryImageOfPage\":{\"@id\":\"https:\\\/\\\/www.fracturaexpuesta.com.ar\\\/gotan\\\/carolina-minella-adelanta-su-proximo-disco-con-la-salida-de-una-pieza-emblematica-de-piazzolla-ferrer-y-baltar\\\/#primaryimage\"},\"image\":{\"@id\":\"https:\\\/\\\/www.fracturaexpuesta.com.ar\\\/gotan\\\/carolina-minella-adelanta-su-proximo-disco-con-la-salida-de-una-pieza-emblematica-de-piazzolla-ferrer-y-baltar\\\/#primaryimage\"},\"thumbnailUrl\":\"https:\\\/\\\/www.fracturaexpuesta.com.ar\\\/gotan\\\/wp-content\\\/uploads\\\/2026\\\/03\\\/CarolinaMinella.jpg\",\"datePublished\":\"2026-03-24T22:18:51+00:00\",\"dateModified\":\"2026-03-27T01:50:00+00:00\",\"description\":\"El tango lanzado hace pocos d\u00edas integrar\u00e1 el disco Besar\u00e9 la memoria, quinto \u00e1lbum de estudio de la cantante.\",\"breadcrumb\":{\"@id\":\"https:\\\/\\\/www.fracturaexpuesta.com.ar\\\/gotan\\\/carolina-minella-adelanta-su-proximo-disco-con-la-salida-de-una-pieza-emblematica-de-piazzolla-ferrer-y-baltar\\\/#breadcrumb\"},\"inLanguage\":\"es-AR\",\"potentialAction\":[{\"@type\":\"ReadAction\",\"target\":[\"https:\\\/\\\/www.fracturaexpuesta.com.ar\\\/gotan\\\/carolina-minella-adelanta-su-proximo-disco-con-la-salida-de-una-pieza-emblematica-de-piazzolla-ferrer-y-baltar\\\/\"]}]},{\"@type\":\"ImageObject\",\"inLanguage\":\"es-AR\",\"@id\":\"https:\\\/\\\/www.fracturaexpuesta.com.ar\\\/gotan\\\/carolina-minella-adelanta-su-proximo-disco-con-la-salida-de-una-pieza-emblematica-de-piazzolla-ferrer-y-baltar\\\/#primaryimage\",\"url\":\"https:\\\/\\\/www.fracturaexpuesta.com.ar\\\/gotan\\\/wp-content\\\/uploads\\\/2026\\\/03\\\/CarolinaMinella.jpg\",\"contentUrl\":\"https:\\\/\\\/www.fracturaexpuesta.com.ar\\\/gotan\\\/wp-content\\\/uploads\\\/2026\\\/03\\\/CarolinaMinella.jpg\",\"width\":1000,\"height\":667,\"caption\":\"Carolina Minella\"},{\"@type\":\"BreadcrumbList\",\"@id\":\"https:\\\/\\\/www.fracturaexpuesta.com.ar\\\/gotan\\\/carolina-minella-adelanta-su-proximo-disco-con-la-salida-de-una-pieza-emblematica-de-piazzolla-ferrer-y-baltar\\\/#breadcrumb\",\"itemListElement\":[{\"@type\":\"ListItem\",\"position\":1,\"name\":\"Inicio\",\"item\":\"https:\\\/\\\/www.fracturaexpuesta.com.ar\\\/gotan\\\/\"},{\"@type\":\"ListItem\",\"position\":2,\"name\":\"Carolina Minella adelanta su pr\u00f3ximo disco con la salida de una pieza emblem\u00e1tica de Piazzolla, Ferrer y Baltar\"}]},{\"@type\":\"WebSite\",\"@id\":\"https:\\\/\\\/www.fracturaexpuesta.com.ar\\\/gotan\\\/#website\",\"url\":\"https:\\\/\\\/www.fracturaexpuesta.com.ar\\\/gotan\\\/\",\"name\":\"Fractura Expuesta | Tango!\",\"description\":\"\",\"publisher\":{\"@id\":\"https:\\\/\\\/www.fracturaexpuesta.com.ar\\\/gotan\\\/#organization\"},\"potentialAction\":[{\"@type\":\"SearchAction\",\"target\":{\"@type\":\"EntryPoint\",\"urlTemplate\":\"https:\\\/\\\/www.fracturaexpuesta.com.ar\\\/gotan\\\/?s={search_term_string}\"},\"query-input\":{\"@type\":\"PropertyValueSpecification\",\"valueRequired\":true,\"valueName\":\"search_term_string\"}}],\"inLanguage\":\"es-AR\"},{\"@type\":\"Organization\",\"@id\":\"https:\\\/\\\/www.fracturaexpuesta.com.ar\\\/gotan\\\/#organization\",\"name\":\"Fractura Expuesta | Tango!\",\"url\":\"https:\\\/\\\/www.fracturaexpuesta.com.ar\\\/gotan\\\/\",\"logo\":{\"@type\":\"ImageObject\",\"inLanguage\":\"es-AR\",\"@id\":\"https:\\\/\\\/www.fracturaexpuesta.com.ar\\\/gotan\\\/#\\\/schema\\\/logo\\\/image\\\/\",\"url\":\"https:\\\/\\\/www.fracturaexpuesta.com.ar\\\/gotan\\\/wp-content\\\/uploads\\\/2025\\\/03\\\/avatar2centroOK.jpg\",\"contentUrl\":\"https:\\\/\\\/www.fracturaexpuesta.com.ar\\\/gotan\\\/wp-content\\\/uploads\\\/2025\\\/03\\\/avatar2centroOK.jpg\",\"width\":600,\"height\":600,\"caption\":\"Fractura Expuesta | Tango!\"},\"image\":{\"@id\":\"https:\\\/\\\/www.fracturaexpuesta.com.ar\\\/gotan\\\/#\\\/schema\\\/logo\\\/image\\\/\"}},{\"@type\":\"Person\",\"@id\":\"https:\\\/\\\/www.fracturaexpuesta.com.ar\\\/gotan\\\/#\\\/schema\\\/person\\\/d8266939f778485b13ad2174aa9e199e\",\"name\":\"Fractura Expuesta\",\"image\":{\"@type\":\"ImageObject\",\"inLanguage\":\"es-AR\",\"@id\":\"https:\\\/\\\/secure.gravatar.com\\\/avatar\\\/c4bad1eb9f93dd4a42df3aa8b8e8b882ff893fcea188ee15488a845db442d7ec?s=96&d=mm&r=g\",\"url\":\"https:\\\/\\\/secure.gravatar.com\\\/avatar\\\/c4bad1eb9f93dd4a42df3aa8b8e8b882ff893fcea188ee15488a845db442d7ec?s=96&d=mm&r=g\",\"contentUrl\":\"https:\\\/\\\/secure.gravatar.com\\\/avatar\\\/c4bad1eb9f93dd4a42df3aa8b8e8b882ff893fcea188ee15488a845db442d7ec?s=96&d=mm&r=g\",\"caption\":\"Fractura Expuesta\"},\"description\":\"Sitio de tango y noticias culturales. Desde 2003, el espacio referente del tango de estos tiempos.\",\"sameAs\":[\"https:\\\/\\\/www.fracturaexpuesta.com.ar\",\"https:\\\/\\\/www.facebook.com\\\/fracturaexpuestaok\",\"https:\\\/\\\/www.instagram.com\\\/fracturaexpuesta\",\"https:\\\/\\\/x.com\\\/https:\\\/\\\/x.com\\\/fracturatango\",\"https:\\\/\\\/www.youtube.com\\\/channel\\\/UCojA8Q0QDpnncOL8sfTHOHg\"],\"url\":\"https:\\\/\\\/www.fracturaexpuesta.com.ar\\\/gotan\\\/author\\\/fractura-expuesta\\\/\"}]}<\/script>\n<!-- \/ Yoast SEO plugin. -->","yoast_head_json":{"title":"Carolina Minella adelanta su pr\u00f3ximo disco con la salida de una pieza emblem\u00e1tica de Piazzolla, Ferrer y Baltar &#187; Fractura Expuesta | Tango!","description":"El tango lanzado hace pocos d\u00edas integrar\u00e1 el disco Besar\u00e9 la memoria, quinto \u00e1lbum de estudio de la cantante.","robots":{"index":"index","follow":"follow","max-snippet":"max-snippet:-1","max-image-preview":"max-image-preview:large","max-video-preview":"max-video-preview:-1"},"canonical":"https:\/\/www.fracturaexpuesta.com.ar\/gotan\/carolina-minella-adelanta-su-proximo-disco-con-la-salida-de-una-pieza-emblematica-de-piazzolla-ferrer-y-baltar\/","og_locale":"es_ES","og_type":"article","og_title":"Carolina Minella adelanta su pr\u00f3ximo disco con la salida de una pieza emblem\u00e1tica de Piazzolla, Ferrer y Baltar","og_description":"El tango lanzado hace pocos d\u00edas integrar\u00e1 el disco Besar\u00e9 la memoria, quinto \u00e1lbum de estudio de la cantante.","og_url":"https:\/\/www.fracturaexpuesta.com.ar\/gotan\/carolina-minella-adelanta-su-proximo-disco-con-la-salida-de-una-pieza-emblematica-de-piazzolla-ferrer-y-baltar\/","og_site_name":"Fractura Expuesta | Tango!","article_author":"https:\/\/www.facebook.com\/fracturaexpuestaok","article_published_time":"2026-03-24T22:18:51+00:00","article_modified_time":"2026-03-27T01:50:00+00:00","og_image":[{"width":1000,"height":667,"url":"https:\/\/www.fracturaexpuesta.com.ar\/gotan\/wp-content\/uploads\/2026\/03\/CarolinaMinella.jpg","type":"image\/jpeg"}],"author":"Fractura Expuesta","twitter_card":"summary_large_image","twitter_title":"Fractura Expuesta | Tango!","twitter_description":"El tango lanzado hace pocos d\u00edas integrar\u00e1 el disco Besar\u00e9 la memoria, quinto \u00e1lbum de estudio de la cantante.","twitter_image":"https:\/\/www.fracturaexpuesta.com.ar\/gotan\/wp-content\/uploads\/2026\/03\/CarolinaMinella.jpg","twitter_creator":"@https:\/\/x.com\/fracturatango","twitter_misc":{"Escrito por":"Fractura Expuesta","Tiempo de lectura":"2 minutos"},"schema":{"@context":"https:\/\/schema.org","@graph":[{"@type":"Article","@id":"https:\/\/www.fracturaexpuesta.com.ar\/gotan\/carolina-minella-adelanta-su-proximo-disco-con-la-salida-de-una-pieza-emblematica-de-piazzolla-ferrer-y-baltar\/#article","isPartOf":{"@id":"https:\/\/www.fracturaexpuesta.com.ar\/gotan\/carolina-minella-adelanta-su-proximo-disco-con-la-salida-de-una-pieza-emblematica-de-piazzolla-ferrer-y-baltar\/"},"author":{"name":"Fractura Expuesta","@id":"https:\/\/www.fracturaexpuesta.com.ar\/gotan\/#\/schema\/person\/d8266939f778485b13ad2174aa9e199e"},"headline":"Carolina Minella adelanta su pr\u00f3ximo disco con la salida de una pieza emblem\u00e1tica de Piazzolla, Ferrer y Baltar","datePublished":"2026-03-24T22:18:51+00:00","dateModified":"2026-03-27T01:50:00+00:00","mainEntityOfPage":{"@id":"https:\/\/www.fracturaexpuesta.com.ar\/gotan\/carolina-minella-adelanta-su-proximo-disco-con-la-salida-de-una-pieza-emblematica-de-piazzolla-ferrer-y-baltar\/"},"wordCount":315,"commentCount":0,"publisher":{"@id":"https:\/\/www.fracturaexpuesta.com.ar\/gotan\/#organization"},"image":{"@id":"https:\/\/www.fracturaexpuesta.com.ar\/gotan\/carolina-minella-adelanta-su-proximo-disco-con-la-salida-de-una-pieza-emblematica-de-piazzolla-ferrer-y-baltar\/#primaryimage"},"thumbnailUrl":"https:\/\/www.fracturaexpuesta.com.ar\/gotan\/wp-content\/uploads\/2026\/03\/CarolinaMinella.jpg","keywords":["carolina minella","discos"],"articleSection":["Discos"],"inLanguage":"es-AR","potentialAction":[{"@type":"CommentAction","name":"Comment","target":["https:\/\/www.fracturaexpuesta.com.ar\/gotan\/carolina-minella-adelanta-su-proximo-disco-con-la-salida-de-una-pieza-emblematica-de-piazzolla-ferrer-y-baltar\/#respond"]}]},{"@type":"WebPage","@id":"https:\/\/www.fracturaexpuesta.com.ar\/gotan\/carolina-minella-adelanta-su-proximo-disco-con-la-salida-de-una-pieza-emblematica-de-piazzolla-ferrer-y-baltar\/","url":"https:\/\/www.fracturaexpuesta.com.ar\/gotan\/carolina-minella-adelanta-su-proximo-disco-con-la-salida-de-una-pieza-emblematica-de-piazzolla-ferrer-y-baltar\/","name":"Carolina Minella adelanta su pr\u00f3ximo disco con la salida de una pieza emblem\u00e1tica de Piazzolla, Ferrer y Baltar &#187; Fractura Expuesta | Tango!","isPartOf":{"@id":"https:\/\/www.fracturaexpuesta.com.ar\/gotan\/#website"},"primaryImageOfPage":{"@id":"https:\/\/www.fracturaexpuesta.com.ar\/gotan\/carolina-minella-adelanta-su-proximo-disco-con-la-salida-de-una-pieza-emblematica-de-piazzolla-ferrer-y-baltar\/#primaryimage"},"image":{"@id":"https:\/\/www.fracturaexpuesta.com.ar\/gotan\/carolina-minella-adelanta-su-proximo-disco-con-la-salida-de-una-pieza-emblematica-de-piazzolla-ferrer-y-baltar\/#primaryimage"},"thumbnailUrl":"https:\/\/www.fracturaexpuesta.com.ar\/gotan\/wp-content\/uploads\/2026\/03\/CarolinaMinella.jpg","datePublished":"2026-03-24T22:18:51+00:00","dateModified":"2026-03-27T01:50:00+00:00","description":"El tango lanzado hace pocos d\u00edas integrar\u00e1 el disco Besar\u00e9 la memoria, quinto \u00e1lbum de estudio de la cantante.","breadcrumb":{"@id":"https:\/\/www.fracturaexpuesta.com.ar\/gotan\/carolina-minella-adelanta-su-proximo-disco-con-la-salida-de-una-pieza-emblematica-de-piazzolla-ferrer-y-baltar\/#breadcrumb"},"inLanguage":"es-AR","potentialAction":[{"@type":"ReadAction","target":["https:\/\/www.fracturaexpuesta.com.ar\/gotan\/carolina-minella-adelanta-su-proximo-disco-con-la-salida-de-una-pieza-emblematica-de-piazzolla-ferrer-y-baltar\/"]}]},{"@type":"ImageObject","inLanguage":"es-AR","@id":"https:\/\/www.fracturaexpuesta.com.ar\/gotan\/carolina-minella-adelanta-su-proximo-disco-con-la-salida-de-una-pieza-emblematica-de-piazzolla-ferrer-y-baltar\/#primaryimage","url":"https:\/\/www.fracturaexpuesta.com.ar\/gotan\/wp-content\/uploads\/2026\/03\/CarolinaMinella.jpg","contentUrl":"https:\/\/www.fracturaexpuesta.com.ar\/gotan\/wp-content\/uploads\/2026\/03\/CarolinaMinella.jpg","width":1000,"height":667,"caption":"Carolina Minella"},{"@type":"BreadcrumbList","@id":"https:\/\/www.fracturaexpuesta.com.ar\/gotan\/carolina-minella-adelanta-su-proximo-disco-con-la-salida-de-una-pieza-emblematica-de-piazzolla-ferrer-y-baltar\/#breadcrumb","itemListElement":[{"@type":"ListItem","position":1,"name":"Inicio","item":"https:\/\/www.fracturaexpuesta.com.ar\/gotan\/"},{"@type":"ListItem","position":2,"name":"Carolina Minella adelanta su pr\u00f3ximo disco con la salida de una pieza emblem\u00e1tica de Piazzolla, Ferrer y Baltar"}]},{"@type":"WebSite","@id":"https:\/\/www.fracturaexpuesta.com.ar\/gotan\/#website","url":"https:\/\/www.fracturaexpuesta.com.ar\/gotan\/","name":"Fractura Expuesta | Tango!","description":"","publisher":{"@id":"https:\/\/www.fracturaexpuesta.com.ar\/gotan\/#organization"},"potentialAction":[{"@type":"SearchAction","target":{"@type":"EntryPoint","urlTemplate":"https:\/\/www.fracturaexpuesta.com.ar\/gotan\/?s={search_term_string}"},"query-input":{"@type":"PropertyValueSpecification","valueRequired":true,"valueName":"search_term_string"}}],"inLanguage":"es-AR"},{"@type":"Organization","@id":"https:\/\/www.fracturaexpuesta.com.ar\/gotan\/#organization","name":"Fractura Expuesta | Tango!","url":"https:\/\/www.fracturaexpuesta.com.ar\/gotan\/","logo":{"@type":"ImageObject","inLanguage":"es-AR","@id":"https:\/\/www.fracturaexpuesta.com.ar\/gotan\/#\/schema\/logo\/image\/","url":"https:\/\/www.fracturaexpuesta.com.ar\/gotan\/wp-content\/uploads\/2025\/03\/avatar2centroOK.jpg","contentUrl":"https:\/\/www.fracturaexpuesta.com.ar\/gotan\/wp-content\/uploads\/2025\/03\/avatar2centroOK.jpg","width":600,"height":600,"caption":"Fractura Expuesta | Tango!"},"image":{"@id":"https:\/\/www.fracturaexpuesta.com.ar\/gotan\/#\/schema\/logo\/image\/"}},{"@type":"Person","@id":"https:\/\/www.fracturaexpuesta.com.ar\/gotan\/#\/schema\/person\/d8266939f778485b13ad2174aa9e199e","name":"Fractura Expuesta","image":{"@type":"ImageObject","inLanguage":"es-AR","@id":"https:\/\/secure.gravatar.com\/avatar\/c4bad1eb9f93dd4a42df3aa8b8e8b882ff893fcea188ee15488a845db442d7ec?s=96&d=mm&r=g","url":"https:\/\/secure.gravatar.com\/avatar\/c4bad1eb9f93dd4a42df3aa8b8e8b882ff893fcea188ee15488a845db442d7ec?s=96&d=mm&r=g","contentUrl":"https:\/\/secure.gravatar.com\/avatar\/c4bad1eb9f93dd4a42df3aa8b8e8b882ff893fcea188ee15488a845db442d7ec?s=96&d=mm&r=g","caption":"Fractura Expuesta"},"description":"Sitio de tango y noticias culturales. Desde 2003, el espacio referente del tango de estos tiempos.","sameAs":["https:\/\/www.fracturaexpuesta.com.ar","https:\/\/www.facebook.com\/fracturaexpuestaok","https:\/\/www.instagram.com\/fracturaexpuesta","https:\/\/x.com\/https:\/\/x.com\/fracturatango","https:\/\/www.youtube.com\/channel\/UCojA8Q0QDpnncOL8sfTHOHg"],"url":"https:\/\/www.fracturaexpuesta.com.ar\/gotan\/author\/fractura-expuesta\/"}]}},"_links":{"self":[{"href":"https:\/\/www.fracturaexpuesta.com.ar\/gotan\/wp-json\/wp\/v2\/posts\/5974","targetHints":{"allow":["GET"]}}],"collection":[{"href":"https:\/\/www.fracturaexpuesta.com.ar\/gotan\/wp-json\/wp\/v2\/posts"}],"about":[{"href":"https:\/\/www.fracturaexpuesta.com.ar\/gotan\/wp-json\/wp\/v2\/types\/post"}],"author":[{"embeddable":true,"href":"https:\/\/www.fracturaexpuesta.com.ar\/gotan\/wp-json\/wp\/v2\/users\/1"}],"replies":[{"embeddable":true,"href":"https:\/\/www.fracturaexpuesta.com.ar\/gotan\/wp-json\/wp\/v2\/comments?post=5974"}],"version-history":[{"count":2,"href":"https:\/\/www.fracturaexpuesta.com.ar\/gotan\/wp-json\/wp\/v2\/posts\/5974\/revisions"}],"predecessor-version":[{"id":5977,"href":"https:\/\/www.fracturaexpuesta.com.ar\/gotan\/wp-json\/wp\/v2\/posts\/5974\/revisions\/5977"}],"wp:featuredmedia":[{"embeddable":true,"href":"https:\/\/www.fracturaexpuesta.com.ar\/gotan\/wp-json\/wp\/v2\/media\/5975"}],"wp:attachment":[{"href":"https:\/\/www.fracturaexpuesta.com.ar\/gotan\/wp-json\/wp\/v2\/media?parent=5974"}],"wp:term":[{"taxonomy":"category","embeddable":true,"href":"https:\/\/www.fracturaexpuesta.com.ar\/gotan\/wp-json\/wp\/v2\/categories?post=5974"},{"taxonomy":"post_tag","embeddable":true,"href":"https:\/\/www.fracturaexpuesta.com.ar\/gotan\/wp-json\/wp\/v2\/tags?post=5974"}],"curies":[{"name":"wp","href":"https:\/\/api.w.org\/{rel}","templated":true}]}}