{"id":5978,"date":"2026-03-24T22:15:30","date_gmt":"2026-03-25T01:15:30","guid":{"rendered":"https:\/\/www.fracturaexpuesta.com.ar\/gotan\/?p=5978"},"modified":"2026-04-19T17:05:58","modified_gmt":"2026-04-19T20:05:58","slug":"fueyerias-el-proximo-disco-de-pablo-jaurena-que-reunira-a-mas-de-30-bandoneonistas","status":"publish","type":"post","link":"https:\/\/www.fracturaexpuesta.com.ar\/gotan\/fueyerias-el-proximo-disco-de-pablo-jaurena-que-reunira-a-mas-de-30-bandoneonistas\/","title":{"rendered":"&#8220;Fueyer\u00edas&#8221;, el pr\u00f3ximo disco de Pablo Jaurena que reunir\u00e1 a m\u00e1s de 30 bandoneonistas"},"content":{"rendered":"\n<p class=\"wp-block-paragraph\">El bandoneonista y compositor Pablo Jaurena present\u00f3 el single <strong>\u201cLoca bohemia\u201d<\/strong>, obra de Francisco De Caro, en una versi\u00f3n con arreglos de Roberto Pansera y la <strong>participaci\u00f3n de los bandoneonistas Daniel Binelli, Santiago Segret, Daniel Ruggiero y el propio Jaurena.<\/strong><\/p>\n\n\n\n<p class=\"wp-block-paragraph\">El lanzamiento integra <strong><em>Fueyer\u00edas<\/em><\/strong>, el pr\u00f3ximo \u00e1lbum del m\u00fasico cordob\u00e9s, quien adem\u00e1s se desempe\u00f1a como investigador y productor.<\/p>\n\n\n\n<p class=\"wp-block-paragraph\">El proyecto cuenta con la producci\u00f3n musical de Ignacio Varchausky y propone un homenaje al bandone\u00f3n mediante la participaci\u00f3n de <strong>31 int\u00e9rpretes de distintas generaciones y estilos<\/strong>. El repertorio combina rescates hist\u00f3ricos, nuevas composiciones y arreglos originales registrados en ciudades como Buenos Aires, C\u00f3rdoba, Tokio, Par\u00eds, Madrid y Medell\u00edn.<\/p>\n\n\n\n<p class=\"wp-block-paragraph\">Entre los invitados se encuentran figuras consagradas como V\u00edctor Lavall\u00e9n, Rodolfo Mederos, N\u00e9stor Marconi, Lisandro Adrover y Daniel Binelli junto a referentes de generaciones posteriores como Juanjo Mosalini, Ryota Komatsu, Claudio Constantini, Ramiro Boero, Lysandre Donoso, Fabrizio Colombo, Santiago Segret, Dami\u00e1n Torres, Jun Hayakawa, Camilo Ferrero, Ayel\u00e9n Pais, Gaspar Tati\u00e1n, Giovanni Parra, Satoshi Kitamura, Marco Bland\u00f3n, Carmela Delgado, Daniel Ruggiero, Juan Pablo Jofre, Natsuki Nishihara, Leandro Yoyo Pane, Franco Bruschini, Astor Cuquejo, Takatoki Susuki y Felipe Etkin.<\/p>\n\n\n\n<figure class=\"wp-block-embed is-type-video is-provider-youtube wp-block-embed-youtube wp-embed-aspect-4-3 wp-has-aspect-ratio\"><div class=\"wp-block-embed__wrapper\">\n<iframe loading=\"lazy\" title=\"Loca Bohemia\" width=\"1170\" height=\"878\" src=\"https:\/\/www.youtube.com\/embed\/ELejWCieQYU?feature=oembed\" frameborder=\"0\" allow=\"accelerometer; autoplay; clipboard-write; encrypted-media; gyroscope; picture-in-picture; web-share\" referrerpolicy=\"strict-origin-when-cross-origin\" allowfullscreen><\/iframe>\n<\/div><\/figure>\n\n\n\n<p class=\"wp-block-paragraph\">El \u00e1lbum suma adem\u00e1s la participaci\u00f3n de los contrabajistas Horacio Cabarcos, Ignacio Varchausky y Lucas Eubel Frontini. Con ellos se eleva a 36 el total de m\u00fasicos involucrados en la producci\u00f3n.<\/p>\n\n\n\n<p class=\"wp-block-paragraph\">La presentaci\u00f3n de \u201cLoca bohemia\u201d recupera adem\u00e1s <strong>un antecedente hist\u00f3rico<\/strong>. El arreglo de Pansera fue interpretado por primera vez en 1986 en el programa televisivo Bad\u00eda y Compa\u00f1\u00eda durante un homenaje a Astor Piazzolla, con su presencia en estudio. En aquella ocasi\u00f3n, los bandoneonistas Leopoldo Federico, Dino Saluzzi, Daniel Binelli y Rodolfo Mederos estrenaron la obra en formato de cuarteto.<\/p>\n\n\n\n<p class=\"wp-block-paragraph\">Para <em>Fueyer\u00edas<\/em>, se realiz\u00f3 <strong>la primera grabaci\u00f3n de estudio de esta pieza <\/strong>con cuatro bandoneones en interpretaci\u00f3n en vivo. La nueva versi\u00f3n re\u00fane a Binelli \u2014uno de los participantes del estreno original\u2014 junto a Segret, Ruggiero y Jaurena. Fue Binelli quien aport\u00f3 los manuscritos originales del arreglo mientras que Jaurena llev\u00f3 adelante la reconstrucci\u00f3n de las secciones improvisadas y otros ajustes, incluyendo un pasaje previsto en la versi\u00f3n de 1986 que no hab\u00eda sido ejecutado. La grabaci\u00f3n se concret\u00f3 en Buenos Aires en junio de 2024.<\/p>\n\n\n\n<figure class=\"wp-block-embed is-type-video is-provider-youtube wp-block-embed-youtube wp-embed-aspect-16-9 wp-has-aspect-ratio\"><div class=\"wp-block-embed__wrapper\">\n<iframe loading=\"lazy\" title=\"LOCA BOHEMIA | Pablo Jaurena feat. Daniel Binelli, Santiago Segret, Daniel Ruggiero\" width=\"1170\" height=\"658\" src=\"https:\/\/www.youtube.com\/embed\/3N8vtiv-Rtc?feature=oembed\" frameborder=\"0\" allow=\"accelerometer; autoplay; clipboard-write; encrypted-media; gyroscope; picture-in-picture; web-share\" referrerpolicy=\"strict-origin-when-cross-origin\" allowfullscreen><\/iframe>\n<\/div><\/figure>\n\n\n\n<p class=\"wp-block-paragraph\">Sobre el lanzamiento, Jaurena se\u00f1al\u00f3 que el proyecto demand\u00f3 m\u00e1s de dos a\u00f1os de trabajo y destac\u00f3 el valor simb\u00f3lico de la obra elegida como primer adelanto. Subray\u00f3 adem\u00e1s la relevancia de haber registrado la pieza junto a Binelli y con int\u00e9rpretes de su generaci\u00f3n.<\/p>\n\n\n\n<p class=\"wp-block-paragraph\">&#8220;Creo que esta versi\u00f3n sintetiza el esp\u00edritu del proyecto que es poner en valor el bandone\u00f3n y su repertorio espec\u00edfico para ensambles, y hacer de la interpretaci\u00f3n un espacio de encuentro y disfrute entre colegas\u201d, detall\u00f3 Jaurena el sobre el adelanto y su nuevo \u00e1lbum.<\/p>\n\n\n\n<div style=\"height:10px\" aria-hidden=\"true\" class=\"wp-block-spacer\"><\/div>\n","protected":false},"excerpt":{"rendered":"<p>El m\u00fasico cordob\u00e9s present\u00f3 el adelanto de un ambicioso disco que congrega a bandoneonistas de diferentes generaciones y estilos.<\/p>\n","protected":false},"author":1,"featured_media":5979,"comment_status":"open","ping_status":"open","sticky":false,"template":"","format":"standard","meta":{"footnotes":""},"categories":[83],"tags":[265,221,81,263,264],"class_list":["post-5978","post","type-post","status-publish","format-standard","has-post-thumbnail","hentry","category-discos","tag-daniel-binelli","tag-daniel-ruggiero","tag-discos","tag-pablo-jaurena","tag-santiago-segret"],"yoast_head":"<!-- This site is optimized with the Yoast SEO plugin v28.3 - https:\/\/yoast.com\/product\/yoast-seo-wordpress\/ -->\n<title>&quot;Fueyer\u00edas&quot;, el pr\u00f3ximo disco de Pablo Jaurena que reunir\u00e1 a m\u00e1s de 30 bandoneonistas &#187; Fractura Expuesta | Tango!<\/title>\n<meta name=\"description\" content=\"El m\u00fasico cordob\u00e9s present\u00f3 el adelanto de un ambicioso disco que congrega a bandoneonistas de diferentes generaciones y estilos.\" \/>\n<meta name=\"robots\" content=\"index, follow, max-snippet:-1, max-image-preview:large, max-video-preview:-1\" \/>\n<link rel=\"canonical\" href=\"https:\/\/www.fracturaexpuesta.com.ar\/gotan\/fueyerias-el-proximo-disco-de-pablo-jaurena-que-reunira-a-mas-de-30-bandoneonistas\/\" \/>\n<meta property=\"og:locale\" content=\"es_ES\" \/>\n<meta property=\"og:type\" content=\"article\" \/>\n<meta property=\"og:title\" content=\"&quot;Fueyer\u00edas&quot;, el pr\u00f3ximo disco de Pablo Jaurena que reunir\u00e1 a m\u00e1s de 30 bandoneonistas\" \/>\n<meta property=\"og:description\" content=\"El m\u00fasico cordob\u00e9s present\u00f3 el adelanto de un ambicioso disco que congrega a bandoneonistas de diferentes generaciones y estilos.\" \/>\n<meta property=\"og:url\" content=\"https:\/\/www.fracturaexpuesta.com.ar\/gotan\/fueyerias-el-proximo-disco-de-pablo-jaurena-que-reunira-a-mas-de-30-bandoneonistas\/\" \/>\n<meta property=\"og:site_name\" content=\"Fractura Expuesta | Tango!\" \/>\n<meta property=\"article:author\" content=\"https:\/\/www.facebook.com\/fracturaexpuestaok\" \/>\n<meta property=\"article:published_time\" content=\"2026-03-25T01:15:30+00:00\" \/>\n<meta property=\"article:modified_time\" content=\"2026-04-19T20:05:58+00:00\" \/>\n<meta property=\"og:image\" content=\"https:\/\/www.fracturaexpuesta.com.ar\/gotan\/wp-content\/uploads\/2026\/03\/Pablo-Jaurena-Fueyerias.jpg\" \/>\n\t<meta property=\"og:image:width\" content=\"733\" \/>\n\t<meta property=\"og:image:height\" content=\"501\" \/>\n\t<meta property=\"og:image:type\" content=\"image\/jpeg\" \/>\n<meta name=\"author\" content=\"Fractura Expuesta\" \/>\n<meta name=\"twitter:card\" content=\"summary_large_image\" \/>\n<meta name=\"twitter:title\" content=\"&quot;Fueyer\u00edas&quot;, el pr\u00f3ximo disco de Pablo Jaurena que reunir\u00e1 a m\u00e1s de 30 bandoneonistas\" \/>\n<meta name=\"twitter:description\" content=\"El m\u00fasico cordob\u00e9s present\u00f3 el adelanto de un ambicioso disco que congrega a bandoneonistas de diferentes generaciones y estilos.\" \/>\n<meta name=\"twitter:image\" content=\"https:\/\/www.fracturaexpuesta.com.ar\/gotan\/wp-content\/uploads\/2026\/03\/Pablo-Jaurena-Fueyerias.jpg\" \/>\n<meta name=\"twitter:creator\" content=\"@https:\/\/x.com\/fracturatango\" \/>\n<meta name=\"twitter:label1\" content=\"Escrito por\" \/>\n\t<meta name=\"twitter:data1\" content=\"Fractura Expuesta\" \/>\n\t<meta name=\"twitter:label2\" content=\"Tiempo de lectura\" \/>\n\t<meta name=\"twitter:data2\" content=\"3 minutos\" \/>\n<script type=\"application\/ld+json\" class=\"yoast-schema-graph\">{\"@context\":\"https:\\\/\\\/schema.org\",\"@graph\":[{\"@type\":\"Article\",\"@id\":\"https:\\\/\\\/www.fracturaexpuesta.com.ar\\\/gotan\\\/fueyerias-el-proximo-disco-de-pablo-jaurena-que-reunira-a-mas-de-30-bandoneonistas\\\/#article\",\"isPartOf\":{\"@id\":\"https:\\\/\\\/www.fracturaexpuesta.com.ar\\\/gotan\\\/fueyerias-el-proximo-disco-de-pablo-jaurena-que-reunira-a-mas-de-30-bandoneonistas\\\/\"},\"author\":{\"name\":\"Fractura Expuesta\",\"@id\":\"https:\\\/\\\/www.fracturaexpuesta.com.ar\\\/gotan\\\/#\\\/schema\\\/person\\\/d8266939f778485b13ad2174aa9e199e\"},\"headline\":\"&#8220;Fueyer\u00edas&#8221;, el pr\u00f3ximo disco de Pablo Jaurena que reunir\u00e1 a m\u00e1s de 30 bandoneonistas\",\"datePublished\":\"2026-03-25T01:15:30+00:00\",\"dateModified\":\"2026-04-19T20:05:58+00:00\",\"mainEntityOfPage\":{\"@id\":\"https:\\\/\\\/www.fracturaexpuesta.com.ar\\\/gotan\\\/fueyerias-el-proximo-disco-de-pablo-jaurena-que-reunira-a-mas-de-30-bandoneonistas\\\/\"},\"wordCount\":539,\"commentCount\":0,\"publisher\":{\"@id\":\"https:\\\/\\\/www.fracturaexpuesta.com.ar\\\/gotan\\\/#organization\"},\"image\":{\"@id\":\"https:\\\/\\\/www.fracturaexpuesta.com.ar\\\/gotan\\\/fueyerias-el-proximo-disco-de-pablo-jaurena-que-reunira-a-mas-de-30-bandoneonistas\\\/#primaryimage\"},\"thumbnailUrl\":\"https:\\\/\\\/www.fracturaexpuesta.com.ar\\\/gotan\\\/wp-content\\\/uploads\\\/2026\\\/03\\\/Pablo-Jaurena-Fueyerias.jpg\",\"keywords\":[\"Daniel Binelli\",\"daniel ruggiero\",\"discos\",\"pablo jaurena\",\"Santiago Segret\"],\"articleSection\":[\"Discos\"],\"inLanguage\":\"es-AR\",\"potentialAction\":[{\"@type\":\"CommentAction\",\"name\":\"Comment\",\"target\":[\"https:\\\/\\\/www.fracturaexpuesta.com.ar\\\/gotan\\\/fueyerias-el-proximo-disco-de-pablo-jaurena-que-reunira-a-mas-de-30-bandoneonistas\\\/#respond\"]}]},{\"@type\":\"WebPage\",\"@id\":\"https:\\\/\\\/www.fracturaexpuesta.com.ar\\\/gotan\\\/fueyerias-el-proximo-disco-de-pablo-jaurena-que-reunira-a-mas-de-30-bandoneonistas\\\/\",\"url\":\"https:\\\/\\\/www.fracturaexpuesta.com.ar\\\/gotan\\\/fueyerias-el-proximo-disco-de-pablo-jaurena-que-reunira-a-mas-de-30-bandoneonistas\\\/\",\"name\":\"\\\"Fueyer\u00edas\\\", el pr\u00f3ximo disco de Pablo Jaurena que reunir\u00e1 a m\u00e1s de 30 bandoneonistas &#187; Fractura Expuesta | Tango!\",\"isPartOf\":{\"@id\":\"https:\\\/\\\/www.fracturaexpuesta.com.ar\\\/gotan\\\/#website\"},\"primaryImageOfPage\":{\"@id\":\"https:\\\/\\\/www.fracturaexpuesta.com.ar\\\/gotan\\\/fueyerias-el-proximo-disco-de-pablo-jaurena-que-reunira-a-mas-de-30-bandoneonistas\\\/#primaryimage\"},\"image\":{\"@id\":\"https:\\\/\\\/www.fracturaexpuesta.com.ar\\\/gotan\\\/fueyerias-el-proximo-disco-de-pablo-jaurena-que-reunira-a-mas-de-30-bandoneonistas\\\/#primaryimage\"},\"thumbnailUrl\":\"https:\\\/\\\/www.fracturaexpuesta.com.ar\\\/gotan\\\/wp-content\\\/uploads\\\/2026\\\/03\\\/Pablo-Jaurena-Fueyerias.jpg\",\"datePublished\":\"2026-03-25T01:15:30+00:00\",\"dateModified\":\"2026-04-19T20:05:58+00:00\",\"description\":\"El m\u00fasico cordob\u00e9s present\u00f3 el adelanto de un ambicioso disco que congrega a bandoneonistas de diferentes generaciones y estilos.\",\"breadcrumb\":{\"@id\":\"https:\\\/\\\/www.fracturaexpuesta.com.ar\\\/gotan\\\/fueyerias-el-proximo-disco-de-pablo-jaurena-que-reunira-a-mas-de-30-bandoneonistas\\\/#breadcrumb\"},\"inLanguage\":\"es-AR\",\"potentialAction\":[{\"@type\":\"ReadAction\",\"target\":[\"https:\\\/\\\/www.fracturaexpuesta.com.ar\\\/gotan\\\/fueyerias-el-proximo-disco-de-pablo-jaurena-que-reunira-a-mas-de-30-bandoneonistas\\\/\"]}]},{\"@type\":\"ImageObject\",\"inLanguage\":\"es-AR\",\"@id\":\"https:\\\/\\\/www.fracturaexpuesta.com.ar\\\/gotan\\\/fueyerias-el-proximo-disco-de-pablo-jaurena-que-reunira-a-mas-de-30-bandoneonistas\\\/#primaryimage\",\"url\":\"https:\\\/\\\/www.fracturaexpuesta.com.ar\\\/gotan\\\/wp-content\\\/uploads\\\/2026\\\/03\\\/Pablo-Jaurena-Fueyerias.jpg\",\"contentUrl\":\"https:\\\/\\\/www.fracturaexpuesta.com.ar\\\/gotan\\\/wp-content\\\/uploads\\\/2026\\\/03\\\/Pablo-Jaurena-Fueyerias.jpg\",\"width\":733,\"height\":501,\"caption\":\"Binelli, Jaurena, Segret y Ruggiero.\"},{\"@type\":\"BreadcrumbList\",\"@id\":\"https:\\\/\\\/www.fracturaexpuesta.com.ar\\\/gotan\\\/fueyerias-el-proximo-disco-de-pablo-jaurena-que-reunira-a-mas-de-30-bandoneonistas\\\/#breadcrumb\",\"itemListElement\":[{\"@type\":\"ListItem\",\"position\":1,\"name\":\"Inicio\",\"item\":\"https:\\\/\\\/www.fracturaexpuesta.com.ar\\\/gotan\\\/\"},{\"@type\":\"ListItem\",\"position\":2,\"name\":\"&#8220;Fueyer\u00edas&#8221;, el pr\u00f3ximo disco de Pablo Jaurena que reunir\u00e1 a m\u00e1s de 30 bandoneonistas\"}]},{\"@type\":\"WebSite\",\"@id\":\"https:\\\/\\\/www.fracturaexpuesta.com.ar\\\/gotan\\\/#website\",\"url\":\"https:\\\/\\\/www.fracturaexpuesta.com.ar\\\/gotan\\\/\",\"name\":\"Fractura Expuesta | Tango!\",\"description\":\"\",\"publisher\":{\"@id\":\"https:\\\/\\\/www.fracturaexpuesta.com.ar\\\/gotan\\\/#organization\"},\"potentialAction\":[{\"@type\":\"SearchAction\",\"target\":{\"@type\":\"EntryPoint\",\"urlTemplate\":\"https:\\\/\\\/www.fracturaexpuesta.com.ar\\\/gotan\\\/?s={search_term_string}\"},\"query-input\":{\"@type\":\"PropertyValueSpecification\",\"valueRequired\":true,\"valueName\":\"search_term_string\"}}],\"inLanguage\":\"es-AR\"},{\"@type\":\"Organization\",\"@id\":\"https:\\\/\\\/www.fracturaexpuesta.com.ar\\\/gotan\\\/#organization\",\"name\":\"Fractura Expuesta | Tango!\",\"url\":\"https:\\\/\\\/www.fracturaexpuesta.com.ar\\\/gotan\\\/\",\"logo\":{\"@type\":\"ImageObject\",\"inLanguage\":\"es-AR\",\"@id\":\"https:\\\/\\\/www.fracturaexpuesta.com.ar\\\/gotan\\\/#\\\/schema\\\/logo\\\/image\\\/\",\"url\":\"https:\\\/\\\/www.fracturaexpuesta.com.ar\\\/gotan\\\/wp-content\\\/uploads\\\/2025\\\/03\\\/avatar2centroOK.jpg\",\"contentUrl\":\"https:\\\/\\\/www.fracturaexpuesta.com.ar\\\/gotan\\\/wp-content\\\/uploads\\\/2025\\\/03\\\/avatar2centroOK.jpg\",\"width\":600,\"height\":600,\"caption\":\"Fractura Expuesta | Tango!\"},\"image\":{\"@id\":\"https:\\\/\\\/www.fracturaexpuesta.com.ar\\\/gotan\\\/#\\\/schema\\\/logo\\\/image\\\/\"}},{\"@type\":\"Person\",\"@id\":\"https:\\\/\\\/www.fracturaexpuesta.com.ar\\\/gotan\\\/#\\\/schema\\\/person\\\/d8266939f778485b13ad2174aa9e199e\",\"name\":\"Fractura Expuesta\",\"image\":{\"@type\":\"ImageObject\",\"inLanguage\":\"es-AR\",\"@id\":\"https:\\\/\\\/secure.gravatar.com\\\/avatar\\\/c4bad1eb9f93dd4a42df3aa8b8e8b882ff893fcea188ee15488a845db442d7ec?s=96&d=mm&r=g\",\"url\":\"https:\\\/\\\/secure.gravatar.com\\\/avatar\\\/c4bad1eb9f93dd4a42df3aa8b8e8b882ff893fcea188ee15488a845db442d7ec?s=96&d=mm&r=g\",\"contentUrl\":\"https:\\\/\\\/secure.gravatar.com\\\/avatar\\\/c4bad1eb9f93dd4a42df3aa8b8e8b882ff893fcea188ee15488a845db442d7ec?s=96&d=mm&r=g\",\"caption\":\"Fractura Expuesta\"},\"description\":\"Sitio de tango y noticias culturales. Desde 2003, el espacio referente del tango de estos tiempos.\",\"sameAs\":[\"https:\\\/\\\/www.fracturaexpuesta.com.ar\",\"https:\\\/\\\/www.facebook.com\\\/fracturaexpuestaok\",\"https:\\\/\\\/www.instagram.com\\\/fracturaexpuesta\",\"https:\\\/\\\/x.com\\\/https:\\\/\\\/x.com\\\/fracturatango\",\"https:\\\/\\\/www.youtube.com\\\/channel\\\/UCojA8Q0QDpnncOL8sfTHOHg\"],\"url\":\"https:\\\/\\\/www.fracturaexpuesta.com.ar\\\/gotan\\\/author\\\/fractura-expuesta\\\/\"}]}<\/script>\n<!-- \/ Yoast SEO plugin. -->","yoast_head_json":{"title":"\"Fueyer\u00edas\", el pr\u00f3ximo disco de Pablo Jaurena que reunir\u00e1 a m\u00e1s de 30 bandoneonistas &#187; Fractura Expuesta | Tango!","description":"El m\u00fasico cordob\u00e9s present\u00f3 el adelanto de un ambicioso disco que congrega a bandoneonistas de diferentes generaciones y estilos.","robots":{"index":"index","follow":"follow","max-snippet":"max-snippet:-1","max-image-preview":"max-image-preview:large","max-video-preview":"max-video-preview:-1"},"canonical":"https:\/\/www.fracturaexpuesta.com.ar\/gotan\/fueyerias-el-proximo-disco-de-pablo-jaurena-que-reunira-a-mas-de-30-bandoneonistas\/","og_locale":"es_ES","og_type":"article","og_title":"\"Fueyer\u00edas\", el pr\u00f3ximo disco de Pablo Jaurena que reunir\u00e1 a m\u00e1s de 30 bandoneonistas","og_description":"El m\u00fasico cordob\u00e9s present\u00f3 el adelanto de un ambicioso disco que congrega a bandoneonistas de diferentes generaciones y estilos.","og_url":"https:\/\/www.fracturaexpuesta.com.ar\/gotan\/fueyerias-el-proximo-disco-de-pablo-jaurena-que-reunira-a-mas-de-30-bandoneonistas\/","og_site_name":"Fractura Expuesta | Tango!","article_author":"https:\/\/www.facebook.com\/fracturaexpuestaok","article_published_time":"2026-03-25T01:15:30+00:00","article_modified_time":"2026-04-19T20:05:58+00:00","og_image":[{"width":733,"height":501,"url":"https:\/\/www.fracturaexpuesta.com.ar\/gotan\/wp-content\/uploads\/2026\/03\/Pablo-Jaurena-Fueyerias.jpg","type":"image\/jpeg"}],"author":"Fractura Expuesta","twitter_card":"summary_large_image","twitter_title":"\"Fueyer\u00edas\", el pr\u00f3ximo disco de Pablo Jaurena que reunir\u00e1 a m\u00e1s de 30 bandoneonistas","twitter_description":"El m\u00fasico cordob\u00e9s present\u00f3 el adelanto de un ambicioso disco que congrega a bandoneonistas de diferentes generaciones y estilos.","twitter_image":"https:\/\/www.fracturaexpuesta.com.ar\/gotan\/wp-content\/uploads\/2026\/03\/Pablo-Jaurena-Fueyerias.jpg","twitter_creator":"@https:\/\/x.com\/fracturatango","twitter_misc":{"Escrito por":"Fractura Expuesta","Tiempo de lectura":"3 minutos"},"schema":{"@context":"https:\/\/schema.org","@graph":[{"@type":"Article","@id":"https:\/\/www.fracturaexpuesta.com.ar\/gotan\/fueyerias-el-proximo-disco-de-pablo-jaurena-que-reunira-a-mas-de-30-bandoneonistas\/#article","isPartOf":{"@id":"https:\/\/www.fracturaexpuesta.com.ar\/gotan\/fueyerias-el-proximo-disco-de-pablo-jaurena-que-reunira-a-mas-de-30-bandoneonistas\/"},"author":{"name":"Fractura Expuesta","@id":"https:\/\/www.fracturaexpuesta.com.ar\/gotan\/#\/schema\/person\/d8266939f778485b13ad2174aa9e199e"},"headline":"&#8220;Fueyer\u00edas&#8221;, el pr\u00f3ximo disco de Pablo Jaurena que reunir\u00e1 a m\u00e1s de 30 bandoneonistas","datePublished":"2026-03-25T01:15:30+00:00","dateModified":"2026-04-19T20:05:58+00:00","mainEntityOfPage":{"@id":"https:\/\/www.fracturaexpuesta.com.ar\/gotan\/fueyerias-el-proximo-disco-de-pablo-jaurena-que-reunira-a-mas-de-30-bandoneonistas\/"},"wordCount":539,"commentCount":0,"publisher":{"@id":"https:\/\/www.fracturaexpuesta.com.ar\/gotan\/#organization"},"image":{"@id":"https:\/\/www.fracturaexpuesta.com.ar\/gotan\/fueyerias-el-proximo-disco-de-pablo-jaurena-que-reunira-a-mas-de-30-bandoneonistas\/#primaryimage"},"thumbnailUrl":"https:\/\/www.fracturaexpuesta.com.ar\/gotan\/wp-content\/uploads\/2026\/03\/Pablo-Jaurena-Fueyerias.jpg","keywords":["Daniel Binelli","daniel ruggiero","discos","pablo jaurena","Santiago Segret"],"articleSection":["Discos"],"inLanguage":"es-AR","potentialAction":[{"@type":"CommentAction","name":"Comment","target":["https:\/\/www.fracturaexpuesta.com.ar\/gotan\/fueyerias-el-proximo-disco-de-pablo-jaurena-que-reunira-a-mas-de-30-bandoneonistas\/#respond"]}]},{"@type":"WebPage","@id":"https:\/\/www.fracturaexpuesta.com.ar\/gotan\/fueyerias-el-proximo-disco-de-pablo-jaurena-que-reunira-a-mas-de-30-bandoneonistas\/","url":"https:\/\/www.fracturaexpuesta.com.ar\/gotan\/fueyerias-el-proximo-disco-de-pablo-jaurena-que-reunira-a-mas-de-30-bandoneonistas\/","name":"\"Fueyer\u00edas\", el pr\u00f3ximo disco de Pablo Jaurena que reunir\u00e1 a m\u00e1s de 30 bandoneonistas &#187; Fractura Expuesta | Tango!","isPartOf":{"@id":"https:\/\/www.fracturaexpuesta.com.ar\/gotan\/#website"},"primaryImageOfPage":{"@id":"https:\/\/www.fracturaexpuesta.com.ar\/gotan\/fueyerias-el-proximo-disco-de-pablo-jaurena-que-reunira-a-mas-de-30-bandoneonistas\/#primaryimage"},"image":{"@id":"https:\/\/www.fracturaexpuesta.com.ar\/gotan\/fueyerias-el-proximo-disco-de-pablo-jaurena-que-reunira-a-mas-de-30-bandoneonistas\/#primaryimage"},"thumbnailUrl":"https:\/\/www.fracturaexpuesta.com.ar\/gotan\/wp-content\/uploads\/2026\/03\/Pablo-Jaurena-Fueyerias.jpg","datePublished":"2026-03-25T01:15:30+00:00","dateModified":"2026-04-19T20:05:58+00:00","description":"El m\u00fasico cordob\u00e9s present\u00f3 el adelanto de un ambicioso disco que congrega a bandoneonistas de diferentes generaciones y estilos.","breadcrumb":{"@id":"https:\/\/www.fracturaexpuesta.com.ar\/gotan\/fueyerias-el-proximo-disco-de-pablo-jaurena-que-reunira-a-mas-de-30-bandoneonistas\/#breadcrumb"},"inLanguage":"es-AR","potentialAction":[{"@type":"ReadAction","target":["https:\/\/www.fracturaexpuesta.com.ar\/gotan\/fueyerias-el-proximo-disco-de-pablo-jaurena-que-reunira-a-mas-de-30-bandoneonistas\/"]}]},{"@type":"ImageObject","inLanguage":"es-AR","@id":"https:\/\/www.fracturaexpuesta.com.ar\/gotan\/fueyerias-el-proximo-disco-de-pablo-jaurena-que-reunira-a-mas-de-30-bandoneonistas\/#primaryimage","url":"https:\/\/www.fracturaexpuesta.com.ar\/gotan\/wp-content\/uploads\/2026\/03\/Pablo-Jaurena-Fueyerias.jpg","contentUrl":"https:\/\/www.fracturaexpuesta.com.ar\/gotan\/wp-content\/uploads\/2026\/03\/Pablo-Jaurena-Fueyerias.jpg","width":733,"height":501,"caption":"Binelli, Jaurena, Segret y Ruggiero."},{"@type":"BreadcrumbList","@id":"https:\/\/www.fracturaexpuesta.com.ar\/gotan\/fueyerias-el-proximo-disco-de-pablo-jaurena-que-reunira-a-mas-de-30-bandoneonistas\/#breadcrumb","itemListElement":[{"@type":"ListItem","position":1,"name":"Inicio","item":"https:\/\/www.fracturaexpuesta.com.ar\/gotan\/"},{"@type":"ListItem","position":2,"name":"&#8220;Fueyer\u00edas&#8221;, el pr\u00f3ximo disco de Pablo Jaurena que reunir\u00e1 a m\u00e1s de 30 bandoneonistas"}]},{"@type":"WebSite","@id":"https:\/\/www.fracturaexpuesta.com.ar\/gotan\/#website","url":"https:\/\/www.fracturaexpuesta.com.ar\/gotan\/","name":"Fractura Expuesta | Tango!","description":"","publisher":{"@id":"https:\/\/www.fracturaexpuesta.com.ar\/gotan\/#organization"},"potentialAction":[{"@type":"SearchAction","target":{"@type":"EntryPoint","urlTemplate":"https:\/\/www.fracturaexpuesta.com.ar\/gotan\/?s={search_term_string}"},"query-input":{"@type":"PropertyValueSpecification","valueRequired":true,"valueName":"search_term_string"}}],"inLanguage":"es-AR"},{"@type":"Organization","@id":"https:\/\/www.fracturaexpuesta.com.ar\/gotan\/#organization","name":"Fractura Expuesta | Tango!","url":"https:\/\/www.fracturaexpuesta.com.ar\/gotan\/","logo":{"@type":"ImageObject","inLanguage":"es-AR","@id":"https:\/\/www.fracturaexpuesta.com.ar\/gotan\/#\/schema\/logo\/image\/","url":"https:\/\/www.fracturaexpuesta.com.ar\/gotan\/wp-content\/uploads\/2025\/03\/avatar2centroOK.jpg","contentUrl":"https:\/\/www.fracturaexpuesta.com.ar\/gotan\/wp-content\/uploads\/2025\/03\/avatar2centroOK.jpg","width":600,"height":600,"caption":"Fractura Expuesta | Tango!"},"image":{"@id":"https:\/\/www.fracturaexpuesta.com.ar\/gotan\/#\/schema\/logo\/image\/"}},{"@type":"Person","@id":"https:\/\/www.fracturaexpuesta.com.ar\/gotan\/#\/schema\/person\/d8266939f778485b13ad2174aa9e199e","name":"Fractura Expuesta","image":{"@type":"ImageObject","inLanguage":"es-AR","@id":"https:\/\/secure.gravatar.com\/avatar\/c4bad1eb9f93dd4a42df3aa8b8e8b882ff893fcea188ee15488a845db442d7ec?s=96&d=mm&r=g","url":"https:\/\/secure.gravatar.com\/avatar\/c4bad1eb9f93dd4a42df3aa8b8e8b882ff893fcea188ee15488a845db442d7ec?s=96&d=mm&r=g","contentUrl":"https:\/\/secure.gravatar.com\/avatar\/c4bad1eb9f93dd4a42df3aa8b8e8b882ff893fcea188ee15488a845db442d7ec?s=96&d=mm&r=g","caption":"Fractura Expuesta"},"description":"Sitio de tango y noticias culturales. Desde 2003, el espacio referente del tango de estos tiempos.","sameAs":["https:\/\/www.fracturaexpuesta.com.ar","https:\/\/www.facebook.com\/fracturaexpuestaok","https:\/\/www.instagram.com\/fracturaexpuesta","https:\/\/x.com\/https:\/\/x.com\/fracturatango","https:\/\/www.youtube.com\/channel\/UCojA8Q0QDpnncOL8sfTHOHg"],"url":"https:\/\/www.fracturaexpuesta.com.ar\/gotan\/author\/fractura-expuesta\/"}]}},"_links":{"self":[{"href":"https:\/\/www.fracturaexpuesta.com.ar\/gotan\/wp-json\/wp\/v2\/posts\/5978","targetHints":{"allow":["GET"]}}],"collection":[{"href":"https:\/\/www.fracturaexpuesta.com.ar\/gotan\/wp-json\/wp\/v2\/posts"}],"about":[{"href":"https:\/\/www.fracturaexpuesta.com.ar\/gotan\/wp-json\/wp\/v2\/types\/post"}],"author":[{"embeddable":true,"href":"https:\/\/www.fracturaexpuesta.com.ar\/gotan\/wp-json\/wp\/v2\/users\/1"}],"replies":[{"embeddable":true,"href":"https:\/\/www.fracturaexpuesta.com.ar\/gotan\/wp-json\/wp\/v2\/comments?post=5978"}],"version-history":[{"count":9,"href":"https:\/\/www.fracturaexpuesta.com.ar\/gotan\/wp-json\/wp\/v2\/posts\/5978\/revisions"}],"predecessor-version":[{"id":5988,"href":"https:\/\/www.fracturaexpuesta.com.ar\/gotan\/wp-json\/wp\/v2\/posts\/5978\/revisions\/5988"}],"wp:featuredmedia":[{"embeddable":true,"href":"https:\/\/www.fracturaexpuesta.com.ar\/gotan\/wp-json\/wp\/v2\/media\/5979"}],"wp:attachment":[{"href":"https:\/\/www.fracturaexpuesta.com.ar\/gotan\/wp-json\/wp\/v2\/media?parent=5978"}],"wp:term":[{"taxonomy":"category","embeddable":true,"href":"https:\/\/www.fracturaexpuesta.com.ar\/gotan\/wp-json\/wp\/v2\/categories?post=5978"},{"taxonomy":"post_tag","embeddable":true,"href":"https:\/\/www.fracturaexpuesta.com.ar\/gotan\/wp-json\/wp\/v2\/tags?post=5978"}],"curies":[{"name":"wp","href":"https:\/\/api.w.org\/{rel}","templated":true}]}}