{"id":6053,"date":"2026-04-19T14:24:55","date_gmt":"2026-04-19T17:24:55","guid":{"rendered":"https:\/\/www.fracturaexpuesta.com.ar\/gotan\/?p=6053"},"modified":"2026-05-12T22:48:33","modified_gmt":"2026-05-13T01:48:33","slug":"murio-maria-nieves-icono-indiscutido-del-baile-de-tango","status":"publish","type":"post","link":"https:\/\/www.fracturaexpuesta.com.ar\/gotan\/murio-maria-nieves-icono-indiscutido-del-baile-de-tango\/","title":{"rendered":"A los 91 a\u00f1os: muri\u00f3 Mar\u00eda Nieves, \u00edcono indiscutido del baile de tango"},"content":{"rendered":"\n<p class=\"wp-block-paragraph\">La reconocida bailarina, core\u00f3grafa y milonguera Mar\u00eda Nieves, figura emblem\u00e1tica del tango a nivel mundial, falleci\u00f3 este domingo a los 91 a\u00f1os, seg\u00fan confirmaron fuentes cercanas a su entorno art\u00edstico.<\/p>\n\n\n\n<p class=\"wp-block-paragraph\">Nacida en Buenos Aires en el barrio de Saavedra, Mar\u00eda Nieves Rego construy\u00f3 una carrera extraordinaria que trascendi\u00f3 generaciones. Su estilo apasionado, elegante y profundamente expresivo la convirti\u00f3 en una de las m\u00e1ximas referentes del tango danza, tanto en Argentina como en los principales escenarios internacionales. Durante d\u00e9cadas, fue sin\u00f3nimo de intensidad esc\u00e9nica y autenticidad.<\/p>\n\n\n\n<blockquote class=\"wp-block-quote has-medium-font-size is-layout-flow wp-block-quote-is-layout-flow\">\n<p class=\"wp-block-paragraph\"><em>Tambi\u00e9n pod\u00e9s leer: <a href=\"https:\/\/www.fracturaexpuesta.com.ar\/tango\/maria-nieves-10-frases-de-la-mujer-con-corazon-de-tango\/\"><strong>Mar\u00eda Nieves: 10 frases de la mujer con coraz\u00f3n de tango<\/strong><\/a><\/em><\/p>\n<\/blockquote>\n\n\n\n<figure class=\"wp-block-image size-full\"><img loading=\"lazy\" decoding=\"async\" width=\"950\" height=\"650\" src=\"https:\/\/www.fracturaexpuesta.com.ar\/gotan\/wp-content\/uploads\/2026\/04\/nieves-maria-tango.jpg\" alt=\"\" class=\"wp-image-6067\" srcset=\"https:\/\/www.fracturaexpuesta.com.ar\/gotan\/wp-content\/uploads\/2026\/04\/nieves-maria-tango.jpg 950w, https:\/\/www.fracturaexpuesta.com.ar\/gotan\/wp-content\/uploads\/2026\/04\/nieves-maria-tango-300x205.jpg 300w, https:\/\/www.fracturaexpuesta.com.ar\/gotan\/wp-content\/uploads\/2026\/04\/nieves-maria-tango-768x525.jpg 768w, https:\/\/www.fracturaexpuesta.com.ar\/gotan\/wp-content\/uploads\/2026\/04\/nieves-maria-tango-60x41.jpg 60w\" sizes=\"auto, (max-width: 950px) 100vw, 950px\" \/><\/figure>\n\n\n\n<p class=\"wp-block-paragraph\">Su historia estuvo marcada por su c\u00e9lebre dupla art\u00edstica y sentimental con Juan Carlos Copes, con quien revolucion\u00f3 el tango coreogr\u00e1fico y llev\u00f3 esta danza a escenarios como Broadway, consolidando su proyecci\u00f3n global. A lo largo de su trayectoria, Nieves no solo interpret\u00f3 el tango, lo reinvent\u00f3, aportando una impronta personal que influy\u00f3 en innumerables bailarines.<\/p>\n\n\n\n<p class=\"wp-block-paragraph\">Todos los 6 de septiembre se celebra en la Argentina el D\u00eda de la Bailarina de Tango para conmemorar su nacimiento.<\/p>\n\n\n\n<p class=\"wp-block-paragraph\">En los \u00faltimos a\u00f1os, su vida y legado fueron redescubiertos por nuevas generaciones gracias al documental \u201cUn tango m\u00e1s\u201d, donde se retrata su historia de amor, lucha y resiliencia dentro del mundo art\u00edstico.<\/p>\n\n\n\n<p class=\"wp-block-paragraph\">\u201cYo sufr\u00ed mucho pero tambi\u00e9n pienso que toda mujer sufre, todo hombre sufre en la vida, a la larga o a la corta. Recuerdo todo lo malo pero lo recuerdo con felicidad. Y perdonando. Porque yo ahora soy yo. Mal o bien soy Mar\u00eda Nieves\u201d, dec\u00eda la artista y milonguera.<\/p>\n\n\n\n<figure class=\"wp-block-image size-full is-resized\"><img loading=\"lazy\" decoding=\"async\" width=\"500\" height=\"734\" src=\"https:\/\/www.fracturaexpuesta.com.ar\/gotan\/wp-content\/uploads\/2026\/04\/Maria_Nieves_y_Juan_Carlos_Copes.jpg\" alt=\"\" class=\"wp-image-6068\" style=\"width:500px;height:auto\" srcset=\"https:\/\/www.fracturaexpuesta.com.ar\/gotan\/wp-content\/uploads\/2026\/04\/Maria_Nieves_y_Juan_Carlos_Copes.jpg 500w, https:\/\/www.fracturaexpuesta.com.ar\/gotan\/wp-content\/uploads\/2026\/04\/Maria_Nieves_y_Juan_Carlos_Copes-204x300.jpg 204w, https:\/\/www.fracturaexpuesta.com.ar\/gotan\/wp-content\/uploads\/2026\/04\/Maria_Nieves_y_Juan_Carlos_Copes-60x88.jpg 60w\" sizes=\"auto, (max-width: 500px) 100vw, 500px\" \/><figcaption class=\"wp-element-caption\"><em><sup><mark style=\"background-color:rgba(0, 0, 0, 0)\" class=\"has-inline-color has-cyan-bluish-gray-color\">Mar\u00eda Nieves y Juan Carlos Copes<\/mark><\/sup><\/em><\/figcaption><\/figure>\n\n\n\n<p class=\"wp-block-paragraph\">Referentes de la cultura, asociaciones de bailarines, colegas y admiradores, entre otros, despidieron a Mar\u00eda en redes sociales. Su autenticidad, su fuerza, su car\u00e1cter indomable y su aporte invaluable al patrimonio cultural argentino, son algunos de sus m\u00e9ritos. Una artista con coraz\u00f3n de tango.<\/p>\n\n\n\n<div style=\"height:10px\" aria-hidden=\"true\" class=\"wp-block-spacer\"><\/div>\n","protected":false},"excerpt":{"rendered":"<p>La bailarina y milonguera construy\u00f3 una carrera extraordinaria que trascendi\u00f3 generaciones. Apasionada y aut\u00e9ntica, dej\u00f3 una notable huella en el tango.<\/p>\n","protected":false},"author":1,"featured_media":6054,"comment_status":"open","ping_status":"open","sticky":false,"template":"","format":"standard","meta":{"footnotes":""},"categories":[122],"tags":[92,91,267],"class_list":["post-6053","post","type-post","status-publish","format-standard","has-post-thumbnail","hentry","category-radar-tango","tag-baile","tag-danza","tag-maria-nieves"],"yoast_head":"<!-- This site is optimized with the Yoast SEO plugin v28.3 - https:\/\/yoast.com\/product\/yoast-seo-wordpress\/ -->\n<title>A los 91 a\u00f1os: muri\u00f3 Mar\u00eda Nieves, \u00edcono indiscutido del baile de tango &#187; Fractura Expuesta | Tango!<\/title>\n<meta name=\"description\" content=\"La bailarina y milonguera construy\u00f3 una carrera extraordinaria que trascendi\u00f3 generaciones. Apasionada y aut\u00e9ntica, dej\u00f3 una notable huella en el tango.\" \/>\n<meta name=\"robots\" content=\"index, follow, max-snippet:-1, max-image-preview:large, max-video-preview:-1\" \/>\n<link rel=\"canonical\" href=\"https:\/\/www.fracturaexpuesta.com.ar\/gotan\/murio-maria-nieves-icono-indiscutido-del-baile-de-tango\/\" \/>\n<meta property=\"og:locale\" content=\"es_ES\" \/>\n<meta property=\"og:type\" content=\"article\" \/>\n<meta property=\"og:title\" content=\"A los 91 a\u00f1os: muri\u00f3 Mar\u00eda Nieves, \u00edcono indiscutido del baile de tango\" \/>\n<meta property=\"og:description\" content=\"La bailarina y milonguera construy\u00f3 una carrera extraordinaria que trascendi\u00f3 generaciones. Apasionada y aut\u00e9ntica, dej\u00f3 una notable huella en el tango.\" \/>\n<meta property=\"og:url\" content=\"https:\/\/www.fracturaexpuesta.com.ar\/gotan\/murio-maria-nieves-icono-indiscutido-del-baile-de-tango\/\" \/>\n<meta property=\"og:site_name\" content=\"Fractura Expuesta | Tango!\" \/>\n<meta property=\"article:author\" content=\"https:\/\/www.facebook.com\/fracturaexpuestaok\" \/>\n<meta property=\"article:published_time\" content=\"2026-04-19T17:24:55+00:00\" \/>\n<meta property=\"article:modified_time\" content=\"2026-05-13T01:48:33+00:00\" \/>\n<meta property=\"og:image\" content=\"https:\/\/www.fracturaexpuesta.com.ar\/gotan\/wp-content\/uploads\/2026\/04\/maria-nieves-tango.jpg\" \/>\n\t<meta property=\"og:image:width\" content=\"950\" \/>\n\t<meta property=\"og:image:height\" content=\"650\" \/>\n\t<meta property=\"og:image:type\" content=\"image\/jpeg\" \/>\n<meta name=\"author\" content=\"Fractura Expuesta\" \/>\n<meta name=\"twitter:card\" content=\"summary_large_image\" \/>\n<meta name=\"twitter:title\" content=\"A los 91 a\u00f1os: muri\u00f3 Mar\u00eda Nieves, \u00edcono indiscutido del baile de tango\" \/>\n<meta name=\"twitter:description\" content=\"La bailarina y milonguera construy\u00f3 una carrera extraordinaria que trascendi\u00f3 generaciones. Apasionada y aut\u00e9ntica, dej\u00f3 una notable huella en el tango.\" \/>\n<meta name=\"twitter:image\" content=\"https:\/\/www.fracturaexpuesta.com.ar\/gotan\/wp-content\/uploads\/2026\/04\/maria-nieves-tango.jpg\" \/>\n<meta name=\"twitter:creator\" content=\"@https:\/\/x.com\/fracturatango\" \/>\n<meta name=\"twitter:label1\" content=\"Escrito por\" \/>\n\t<meta name=\"twitter:data1\" content=\"Fractura Expuesta\" \/>\n\t<meta name=\"twitter:label2\" content=\"Tiempo de lectura\" \/>\n\t<meta name=\"twitter:data2\" content=\"2 minutos\" \/>\n<script type=\"application\/ld+json\" class=\"yoast-schema-graph\">{\"@context\":\"https:\\\/\\\/schema.org\",\"@graph\":[{\"@type\":\"Article\",\"@id\":\"https:\\\/\\\/www.fracturaexpuesta.com.ar\\\/gotan\\\/murio-maria-nieves-icono-indiscutido-del-baile-de-tango\\\/#article\",\"isPartOf\":{\"@id\":\"https:\\\/\\\/www.fracturaexpuesta.com.ar\\\/gotan\\\/murio-maria-nieves-icono-indiscutido-del-baile-de-tango\\\/\"},\"author\":{\"name\":\"Fractura Expuesta\",\"@id\":\"https:\\\/\\\/www.fracturaexpuesta.com.ar\\\/gotan\\\/#\\\/schema\\\/person\\\/d8266939f778485b13ad2174aa9e199e\"},\"headline\":\"A los 91 a\u00f1os: muri\u00f3 Mar\u00eda Nieves, \u00edcono indiscutido del baile de tango\",\"datePublished\":\"2026-04-19T17:24:55+00:00\",\"dateModified\":\"2026-05-13T01:48:33+00:00\",\"mainEntityOfPage\":{\"@id\":\"https:\\\/\\\/www.fracturaexpuesta.com.ar\\\/gotan\\\/murio-maria-nieves-icono-indiscutido-del-baile-de-tango\\\/\"},\"wordCount\":351,\"commentCount\":0,\"publisher\":{\"@id\":\"https:\\\/\\\/www.fracturaexpuesta.com.ar\\\/gotan\\\/#organization\"},\"image\":{\"@id\":\"https:\\\/\\\/www.fracturaexpuesta.com.ar\\\/gotan\\\/murio-maria-nieves-icono-indiscutido-del-baile-de-tango\\\/#primaryimage\"},\"thumbnailUrl\":\"https:\\\/\\\/www.fracturaexpuesta.com.ar\\\/gotan\\\/wp-content\\\/uploads\\\/2026\\\/04\\\/maria-nieves-tango.jpg\",\"keywords\":[\"baile\",\"danza\",\"maria nieves\"],\"articleSection\":[\"Radar Tango\"],\"inLanguage\":\"es-AR\",\"potentialAction\":[{\"@type\":\"CommentAction\",\"name\":\"Comment\",\"target\":[\"https:\\\/\\\/www.fracturaexpuesta.com.ar\\\/gotan\\\/murio-maria-nieves-icono-indiscutido-del-baile-de-tango\\\/#respond\"]}]},{\"@type\":\"WebPage\",\"@id\":\"https:\\\/\\\/www.fracturaexpuesta.com.ar\\\/gotan\\\/murio-maria-nieves-icono-indiscutido-del-baile-de-tango\\\/\",\"url\":\"https:\\\/\\\/www.fracturaexpuesta.com.ar\\\/gotan\\\/murio-maria-nieves-icono-indiscutido-del-baile-de-tango\\\/\",\"name\":\"A los 91 a\u00f1os: muri\u00f3 Mar\u00eda Nieves, \u00edcono indiscutido del baile de tango &#187; Fractura Expuesta | Tango!\",\"isPartOf\":{\"@id\":\"https:\\\/\\\/www.fracturaexpuesta.com.ar\\\/gotan\\\/#website\"},\"primaryImageOfPage\":{\"@id\":\"https:\\\/\\\/www.fracturaexpuesta.com.ar\\\/gotan\\\/murio-maria-nieves-icono-indiscutido-del-baile-de-tango\\\/#primaryimage\"},\"image\":{\"@id\":\"https:\\\/\\\/www.fracturaexpuesta.com.ar\\\/gotan\\\/murio-maria-nieves-icono-indiscutido-del-baile-de-tango\\\/#primaryimage\"},\"thumbnailUrl\":\"https:\\\/\\\/www.fracturaexpuesta.com.ar\\\/gotan\\\/wp-content\\\/uploads\\\/2026\\\/04\\\/maria-nieves-tango.jpg\",\"datePublished\":\"2026-04-19T17:24:55+00:00\",\"dateModified\":\"2026-05-13T01:48:33+00:00\",\"description\":\"La bailarina y milonguera construy\u00f3 una carrera extraordinaria que trascendi\u00f3 generaciones. Apasionada y aut\u00e9ntica, dej\u00f3 una notable huella en el tango.\",\"breadcrumb\":{\"@id\":\"https:\\\/\\\/www.fracturaexpuesta.com.ar\\\/gotan\\\/murio-maria-nieves-icono-indiscutido-del-baile-de-tango\\\/#breadcrumb\"},\"inLanguage\":\"es-AR\",\"potentialAction\":[{\"@type\":\"ReadAction\",\"target\":[\"https:\\\/\\\/www.fracturaexpuesta.com.ar\\\/gotan\\\/murio-maria-nieves-icono-indiscutido-del-baile-de-tango\\\/\"]}]},{\"@type\":\"ImageObject\",\"inLanguage\":\"es-AR\",\"@id\":\"https:\\\/\\\/www.fracturaexpuesta.com.ar\\\/gotan\\\/murio-maria-nieves-icono-indiscutido-del-baile-de-tango\\\/#primaryimage\",\"url\":\"https:\\\/\\\/www.fracturaexpuesta.com.ar\\\/gotan\\\/wp-content\\\/uploads\\\/2026\\\/04\\\/maria-nieves-tango.jpg\",\"contentUrl\":\"https:\\\/\\\/www.fracturaexpuesta.com.ar\\\/gotan\\\/wp-content\\\/uploads\\\/2026\\\/04\\\/maria-nieves-tango.jpg\",\"width\":950,\"height\":650,\"caption\":\"Mar\u00eda Nieves Rego\"},{\"@type\":\"BreadcrumbList\",\"@id\":\"https:\\\/\\\/www.fracturaexpuesta.com.ar\\\/gotan\\\/murio-maria-nieves-icono-indiscutido-del-baile-de-tango\\\/#breadcrumb\",\"itemListElement\":[{\"@type\":\"ListItem\",\"position\":1,\"name\":\"Inicio\",\"item\":\"https:\\\/\\\/www.fracturaexpuesta.com.ar\\\/gotan\\\/\"},{\"@type\":\"ListItem\",\"position\":2,\"name\":\"A los 91 a\u00f1os: muri\u00f3 Mar\u00eda Nieves, \u00edcono indiscutido del baile de tango\"}]},{\"@type\":\"WebSite\",\"@id\":\"https:\\\/\\\/www.fracturaexpuesta.com.ar\\\/gotan\\\/#website\",\"url\":\"https:\\\/\\\/www.fracturaexpuesta.com.ar\\\/gotan\\\/\",\"name\":\"Fractura Expuesta | Tango!\",\"description\":\"\",\"publisher\":{\"@id\":\"https:\\\/\\\/www.fracturaexpuesta.com.ar\\\/gotan\\\/#organization\"},\"potentialAction\":[{\"@type\":\"SearchAction\",\"target\":{\"@type\":\"EntryPoint\",\"urlTemplate\":\"https:\\\/\\\/www.fracturaexpuesta.com.ar\\\/gotan\\\/?s={search_term_string}\"},\"query-input\":{\"@type\":\"PropertyValueSpecification\",\"valueRequired\":true,\"valueName\":\"search_term_string\"}}],\"inLanguage\":\"es-AR\"},{\"@type\":\"Organization\",\"@id\":\"https:\\\/\\\/www.fracturaexpuesta.com.ar\\\/gotan\\\/#organization\",\"name\":\"Fractura Expuesta | Tango!\",\"url\":\"https:\\\/\\\/www.fracturaexpuesta.com.ar\\\/gotan\\\/\",\"logo\":{\"@type\":\"ImageObject\",\"inLanguage\":\"es-AR\",\"@id\":\"https:\\\/\\\/www.fracturaexpuesta.com.ar\\\/gotan\\\/#\\\/schema\\\/logo\\\/image\\\/\",\"url\":\"https:\\\/\\\/www.fracturaexpuesta.com.ar\\\/gotan\\\/wp-content\\\/uploads\\\/2025\\\/03\\\/avatar2centroOK.jpg\",\"contentUrl\":\"https:\\\/\\\/www.fracturaexpuesta.com.ar\\\/gotan\\\/wp-content\\\/uploads\\\/2025\\\/03\\\/avatar2centroOK.jpg\",\"width\":600,\"height\":600,\"caption\":\"Fractura Expuesta | Tango!\"},\"image\":{\"@id\":\"https:\\\/\\\/www.fracturaexpuesta.com.ar\\\/gotan\\\/#\\\/schema\\\/logo\\\/image\\\/\"}},{\"@type\":\"Person\",\"@id\":\"https:\\\/\\\/www.fracturaexpuesta.com.ar\\\/gotan\\\/#\\\/schema\\\/person\\\/d8266939f778485b13ad2174aa9e199e\",\"name\":\"Fractura Expuesta\",\"image\":{\"@type\":\"ImageObject\",\"inLanguage\":\"es-AR\",\"@id\":\"https:\\\/\\\/secure.gravatar.com\\\/avatar\\\/c4bad1eb9f93dd4a42df3aa8b8e8b882ff893fcea188ee15488a845db442d7ec?s=96&d=mm&r=g\",\"url\":\"https:\\\/\\\/secure.gravatar.com\\\/avatar\\\/c4bad1eb9f93dd4a42df3aa8b8e8b882ff893fcea188ee15488a845db442d7ec?s=96&d=mm&r=g\",\"contentUrl\":\"https:\\\/\\\/secure.gravatar.com\\\/avatar\\\/c4bad1eb9f93dd4a42df3aa8b8e8b882ff893fcea188ee15488a845db442d7ec?s=96&d=mm&r=g\",\"caption\":\"Fractura Expuesta\"},\"description\":\"Sitio de tango y noticias culturales. Desde 2003, el espacio referente del tango de estos tiempos.\",\"sameAs\":[\"https:\\\/\\\/www.fracturaexpuesta.com.ar\",\"https:\\\/\\\/www.facebook.com\\\/fracturaexpuestaok\",\"https:\\\/\\\/www.instagram.com\\\/fracturaexpuesta\",\"https:\\\/\\\/x.com\\\/https:\\\/\\\/x.com\\\/fracturatango\",\"https:\\\/\\\/www.youtube.com\\\/channel\\\/UCojA8Q0QDpnncOL8sfTHOHg\"],\"url\":\"https:\\\/\\\/www.fracturaexpuesta.com.ar\\\/gotan\\\/author\\\/fractura-expuesta\\\/\"}]}<\/script>\n<!-- \/ Yoast SEO plugin. -->","yoast_head_json":{"title":"A los 91 a\u00f1os: muri\u00f3 Mar\u00eda Nieves, \u00edcono indiscutido del baile de tango &#187; Fractura Expuesta | Tango!","description":"La bailarina y milonguera construy\u00f3 una carrera extraordinaria que trascendi\u00f3 generaciones. Apasionada y aut\u00e9ntica, dej\u00f3 una notable huella en el tango.","robots":{"index":"index","follow":"follow","max-snippet":"max-snippet:-1","max-image-preview":"max-image-preview:large","max-video-preview":"max-video-preview:-1"},"canonical":"https:\/\/www.fracturaexpuesta.com.ar\/gotan\/murio-maria-nieves-icono-indiscutido-del-baile-de-tango\/","og_locale":"es_ES","og_type":"article","og_title":"A los 91 a\u00f1os: muri\u00f3 Mar\u00eda Nieves, \u00edcono indiscutido del baile de tango","og_description":"La bailarina y milonguera construy\u00f3 una carrera extraordinaria que trascendi\u00f3 generaciones. Apasionada y aut\u00e9ntica, dej\u00f3 una notable huella en el tango.","og_url":"https:\/\/www.fracturaexpuesta.com.ar\/gotan\/murio-maria-nieves-icono-indiscutido-del-baile-de-tango\/","og_site_name":"Fractura Expuesta | Tango!","article_author":"https:\/\/www.facebook.com\/fracturaexpuestaok","article_published_time":"2026-04-19T17:24:55+00:00","article_modified_time":"2026-05-13T01:48:33+00:00","og_image":[{"width":950,"height":650,"url":"https:\/\/www.fracturaexpuesta.com.ar\/gotan\/wp-content\/uploads\/2026\/04\/maria-nieves-tango.jpg","type":"image\/jpeg"}],"author":"Fractura Expuesta","twitter_card":"summary_large_image","twitter_title":"A los 91 a\u00f1os: muri\u00f3 Mar\u00eda Nieves, \u00edcono indiscutido del baile de tango","twitter_description":"La bailarina y milonguera construy\u00f3 una carrera extraordinaria que trascendi\u00f3 generaciones. Apasionada y aut\u00e9ntica, dej\u00f3 una notable huella en el tango.","twitter_image":"https:\/\/www.fracturaexpuesta.com.ar\/gotan\/wp-content\/uploads\/2026\/04\/maria-nieves-tango.jpg","twitter_creator":"@https:\/\/x.com\/fracturatango","twitter_misc":{"Escrito por":"Fractura Expuesta","Tiempo de lectura":"2 minutos"},"schema":{"@context":"https:\/\/schema.org","@graph":[{"@type":"Article","@id":"https:\/\/www.fracturaexpuesta.com.ar\/gotan\/murio-maria-nieves-icono-indiscutido-del-baile-de-tango\/#article","isPartOf":{"@id":"https:\/\/www.fracturaexpuesta.com.ar\/gotan\/murio-maria-nieves-icono-indiscutido-del-baile-de-tango\/"},"author":{"name":"Fractura Expuesta","@id":"https:\/\/www.fracturaexpuesta.com.ar\/gotan\/#\/schema\/person\/d8266939f778485b13ad2174aa9e199e"},"headline":"A los 91 a\u00f1os: muri\u00f3 Mar\u00eda Nieves, \u00edcono indiscutido del baile de tango","datePublished":"2026-04-19T17:24:55+00:00","dateModified":"2026-05-13T01:48:33+00:00","mainEntityOfPage":{"@id":"https:\/\/www.fracturaexpuesta.com.ar\/gotan\/murio-maria-nieves-icono-indiscutido-del-baile-de-tango\/"},"wordCount":351,"commentCount":0,"publisher":{"@id":"https:\/\/www.fracturaexpuesta.com.ar\/gotan\/#organization"},"image":{"@id":"https:\/\/www.fracturaexpuesta.com.ar\/gotan\/murio-maria-nieves-icono-indiscutido-del-baile-de-tango\/#primaryimage"},"thumbnailUrl":"https:\/\/www.fracturaexpuesta.com.ar\/gotan\/wp-content\/uploads\/2026\/04\/maria-nieves-tango.jpg","keywords":["baile","danza","maria nieves"],"articleSection":["Radar Tango"],"inLanguage":"es-AR","potentialAction":[{"@type":"CommentAction","name":"Comment","target":["https:\/\/www.fracturaexpuesta.com.ar\/gotan\/murio-maria-nieves-icono-indiscutido-del-baile-de-tango\/#respond"]}]},{"@type":"WebPage","@id":"https:\/\/www.fracturaexpuesta.com.ar\/gotan\/murio-maria-nieves-icono-indiscutido-del-baile-de-tango\/","url":"https:\/\/www.fracturaexpuesta.com.ar\/gotan\/murio-maria-nieves-icono-indiscutido-del-baile-de-tango\/","name":"A los 91 a\u00f1os: muri\u00f3 Mar\u00eda Nieves, \u00edcono indiscutido del baile de tango &#187; Fractura Expuesta | Tango!","isPartOf":{"@id":"https:\/\/www.fracturaexpuesta.com.ar\/gotan\/#website"},"primaryImageOfPage":{"@id":"https:\/\/www.fracturaexpuesta.com.ar\/gotan\/murio-maria-nieves-icono-indiscutido-del-baile-de-tango\/#primaryimage"},"image":{"@id":"https:\/\/www.fracturaexpuesta.com.ar\/gotan\/murio-maria-nieves-icono-indiscutido-del-baile-de-tango\/#primaryimage"},"thumbnailUrl":"https:\/\/www.fracturaexpuesta.com.ar\/gotan\/wp-content\/uploads\/2026\/04\/maria-nieves-tango.jpg","datePublished":"2026-04-19T17:24:55+00:00","dateModified":"2026-05-13T01:48:33+00:00","description":"La bailarina y milonguera construy\u00f3 una carrera extraordinaria que trascendi\u00f3 generaciones. Apasionada y aut\u00e9ntica, dej\u00f3 una notable huella en el tango.","breadcrumb":{"@id":"https:\/\/www.fracturaexpuesta.com.ar\/gotan\/murio-maria-nieves-icono-indiscutido-del-baile-de-tango\/#breadcrumb"},"inLanguage":"es-AR","potentialAction":[{"@type":"ReadAction","target":["https:\/\/www.fracturaexpuesta.com.ar\/gotan\/murio-maria-nieves-icono-indiscutido-del-baile-de-tango\/"]}]},{"@type":"ImageObject","inLanguage":"es-AR","@id":"https:\/\/www.fracturaexpuesta.com.ar\/gotan\/murio-maria-nieves-icono-indiscutido-del-baile-de-tango\/#primaryimage","url":"https:\/\/www.fracturaexpuesta.com.ar\/gotan\/wp-content\/uploads\/2026\/04\/maria-nieves-tango.jpg","contentUrl":"https:\/\/www.fracturaexpuesta.com.ar\/gotan\/wp-content\/uploads\/2026\/04\/maria-nieves-tango.jpg","width":950,"height":650,"caption":"Mar\u00eda Nieves Rego"},{"@type":"BreadcrumbList","@id":"https:\/\/www.fracturaexpuesta.com.ar\/gotan\/murio-maria-nieves-icono-indiscutido-del-baile-de-tango\/#breadcrumb","itemListElement":[{"@type":"ListItem","position":1,"name":"Inicio","item":"https:\/\/www.fracturaexpuesta.com.ar\/gotan\/"},{"@type":"ListItem","position":2,"name":"A los 91 a\u00f1os: muri\u00f3 Mar\u00eda Nieves, \u00edcono indiscutido del baile de tango"}]},{"@type":"WebSite","@id":"https:\/\/www.fracturaexpuesta.com.ar\/gotan\/#website","url":"https:\/\/www.fracturaexpuesta.com.ar\/gotan\/","name":"Fractura Expuesta | Tango!","description":"","publisher":{"@id":"https:\/\/www.fracturaexpuesta.com.ar\/gotan\/#organization"},"potentialAction":[{"@type":"SearchAction","target":{"@type":"EntryPoint","urlTemplate":"https:\/\/www.fracturaexpuesta.com.ar\/gotan\/?s={search_term_string}"},"query-input":{"@type":"PropertyValueSpecification","valueRequired":true,"valueName":"search_term_string"}}],"inLanguage":"es-AR"},{"@type":"Organization","@id":"https:\/\/www.fracturaexpuesta.com.ar\/gotan\/#organization","name":"Fractura Expuesta | Tango!","url":"https:\/\/www.fracturaexpuesta.com.ar\/gotan\/","logo":{"@type":"ImageObject","inLanguage":"es-AR","@id":"https:\/\/www.fracturaexpuesta.com.ar\/gotan\/#\/schema\/logo\/image\/","url":"https:\/\/www.fracturaexpuesta.com.ar\/gotan\/wp-content\/uploads\/2025\/03\/avatar2centroOK.jpg","contentUrl":"https:\/\/www.fracturaexpuesta.com.ar\/gotan\/wp-content\/uploads\/2025\/03\/avatar2centroOK.jpg","width":600,"height":600,"caption":"Fractura Expuesta | Tango!"},"image":{"@id":"https:\/\/www.fracturaexpuesta.com.ar\/gotan\/#\/schema\/logo\/image\/"}},{"@type":"Person","@id":"https:\/\/www.fracturaexpuesta.com.ar\/gotan\/#\/schema\/person\/d8266939f778485b13ad2174aa9e199e","name":"Fractura Expuesta","image":{"@type":"ImageObject","inLanguage":"es-AR","@id":"https:\/\/secure.gravatar.com\/avatar\/c4bad1eb9f93dd4a42df3aa8b8e8b882ff893fcea188ee15488a845db442d7ec?s=96&d=mm&r=g","url":"https:\/\/secure.gravatar.com\/avatar\/c4bad1eb9f93dd4a42df3aa8b8e8b882ff893fcea188ee15488a845db442d7ec?s=96&d=mm&r=g","contentUrl":"https:\/\/secure.gravatar.com\/avatar\/c4bad1eb9f93dd4a42df3aa8b8e8b882ff893fcea188ee15488a845db442d7ec?s=96&d=mm&r=g","caption":"Fractura Expuesta"},"description":"Sitio de tango y noticias culturales. Desde 2003, el espacio referente del tango de estos tiempos.","sameAs":["https:\/\/www.fracturaexpuesta.com.ar","https:\/\/www.facebook.com\/fracturaexpuestaok","https:\/\/www.instagram.com\/fracturaexpuesta","https:\/\/x.com\/https:\/\/x.com\/fracturatango","https:\/\/www.youtube.com\/channel\/UCojA8Q0QDpnncOL8sfTHOHg"],"url":"https:\/\/www.fracturaexpuesta.com.ar\/gotan\/author\/fractura-expuesta\/"}]}},"_links":{"self":[{"href":"https:\/\/www.fracturaexpuesta.com.ar\/gotan\/wp-json\/wp\/v2\/posts\/6053","targetHints":{"allow":["GET"]}}],"collection":[{"href":"https:\/\/www.fracturaexpuesta.com.ar\/gotan\/wp-json\/wp\/v2\/posts"}],"about":[{"href":"https:\/\/www.fracturaexpuesta.com.ar\/gotan\/wp-json\/wp\/v2\/types\/post"}],"author":[{"embeddable":true,"href":"https:\/\/www.fracturaexpuesta.com.ar\/gotan\/wp-json\/wp\/v2\/users\/1"}],"replies":[{"embeddable":true,"href":"https:\/\/www.fracturaexpuesta.com.ar\/gotan\/wp-json\/wp\/v2\/comments?post=6053"}],"version-history":[{"count":18,"href":"https:\/\/www.fracturaexpuesta.com.ar\/gotan\/wp-json\/wp\/v2\/posts\/6053\/revisions"}],"predecessor-version":[{"id":6085,"href":"https:\/\/www.fracturaexpuesta.com.ar\/gotan\/wp-json\/wp\/v2\/posts\/6053\/revisions\/6085"}],"wp:featuredmedia":[{"embeddable":true,"href":"https:\/\/www.fracturaexpuesta.com.ar\/gotan\/wp-json\/wp\/v2\/media\/6054"}],"wp:attachment":[{"href":"https:\/\/www.fracturaexpuesta.com.ar\/gotan\/wp-json\/wp\/v2\/media?parent=6053"}],"wp:term":[{"taxonomy":"category","embeddable":true,"href":"https:\/\/www.fracturaexpuesta.com.ar\/gotan\/wp-json\/wp\/v2\/categories?post=6053"},{"taxonomy":"post_tag","embeddable":true,"href":"https:\/\/www.fracturaexpuesta.com.ar\/gotan\/wp-json\/wp\/v2\/tags?post=6053"}],"curies":[{"name":"wp","href":"https:\/\/api.w.org\/{rel}","templated":true}]}}