{"id":6127,"date":"2026-05-17T12:16:15","date_gmt":"2026-05-17T15:16:15","guid":{"rendered":"https:\/\/www.fracturaexpuesta.com.ar\/gotan\/?p=6127"},"modified":"2026-05-17T12:16:27","modified_gmt":"2026-05-17T15:16:27","slug":"coleccion-doble-a-mayo-2026-una-seleccion-destacada-del-tango-de-hoy","status":"publish","type":"post","link":"https:\/\/www.fracturaexpuesta.com.ar\/gotan\/coleccion-doble-a-mayo-2026-una-seleccion-destacada-del-tango-de-hoy\/","title":{"rendered":"&#8220;Colecci\u00f3n Doble A&#8221; (mayo 2026): una selecci\u00f3n destacada del tango de hoy"},"content":{"rendered":"\n<p class=\"wp-block-paragraph\">La colecci\u00f3n de mayo de <strong>Doble A<\/strong> presenta esta vez una selecci\u00f3n de novedades recientes, cl\u00e1sicos contempor\u00e1neos, fusiones estil\u00edsticas y perlas cl\u00e1sicas.<\/p>\n\n\n\n<p class=\"wp-block-paragraph\">Una nueva oportunidad para descubrir a los grupos y artistas que est\u00e1n dando forma al tango de hoy.<\/p>\n\n\n\n<p class=\"wp-block-paragraph\">La selecci\u00f3n de esta edici\u00f3n incluye:<\/p>\n\n\n\n<ol class=\"wp-block-list\">\n<li><strong>Odisea Tango XXII<\/strong> \u2013 \u201cY nosotros lo hemos matado\u201d<\/li>\n\n\n\n<li><strong>Josefina Ilundain<\/strong> \u2013 \u201cMilonga para el domingo\u201d<\/li>\n\n\n\n<li><strong>Desalmar<\/strong> \u2013 \u201cDesalmar\u201d<\/li>\n\n\n\n<li><strong>Orquesta T\u00edpica Di Pasquale + Carmen S\u00e1nchez Viamonte<\/strong> &#8211; \u201cElectricidad\u201d<\/li>\n\n\n\n<li><strong>Juan Sebasti\u00e1n Delgado + Marcelo Nisinman<\/strong> \u2013 \u201cJeanne y Paul\u201d<\/li>\n\n\n\n<li><strong>Bajofondo<\/strong> \u2013 \u201cSwitched On Milonga\u201d<\/li>\n\n\n\n<li><strong>D\u00fao Ranas + Chino Laborde<\/strong> \u2013 \u201cEsa estrella era mi lujo\u201d<\/li>\n\n\n\n<li><strong>Karina Beorlegui<\/strong> \u2013 \u201cHoy como ayer\u201d<\/li>\n\n\n\n<li><strong>Lakes<\/strong> \u2013 \u201cIntentos del abrigo\u201d<\/li>\n\n\n\n<li><strong>Susana Rinaldi + Osvaldo Piro<\/strong> \u2013 \u201cComo dos extra\u00f1os\u201d<\/li>\n<\/ol>\n\n\n\n<div class=\"spotify-audio-card\">\n\n    <img decoding=\"async\" class=\"cover\" \n         src=\"https:\/\/f4.bcbits.com\/img\/a0495218290_2.jpg\" \n         alt=\"Portada\">\n\n    <div class=\"content\">\n\n        <span class=\"tag\">&#8220;Avant tango&#8221;<\/span>\n\n        <h2>Odisea Tango XXII<\/h2>\n\n        <p>\n            \u201cY nosotros lo hemos matado\u201d\n        <\/p>\n\n        <div class=\"custom-player\">\n            <audio class=\"wp-audio-shortcode\" id=\"audio-6127-1\" preload=\"none\" style=\"width: 100%;\" controls=\"controls\"><source type=\"audio\/mpeg\" src=\"https:\/\/archive.org\/download\/coleccion-doble-radio-tango-mayo-2026\/01-%20ODISEA%20TANGO%20XXII%20-%20Y%20nosotros%20lo%20hemos%20matado.mp3?_=1\" \/><a href=\"https:\/\/archive.org\/download\/coleccion-doble-radio-tango-mayo-2026\/01-%20ODISEA%20TANGO%20XXII%20-%20Y%20nosotros%20lo%20hemos%20matado.mp3\">https:\/\/archive.org\/download\/coleccion-doble-radio-tango-mayo-2026\/01-%20ODISEA%20TANGO%20XXII%20-%20Y%20nosotros%20lo%20hemos%20matado.mp3<\/a><\/audio>\n        <\/div>\n\n    <\/div>\n\n<\/div>\n\n<style>\n\n.spotify-audio-card{\n    background:#121212;\n    color:white;\n    border-radius:24px;\n    padding:25px;\n    max-width:420px;\n    margin:auto;\n    box-shadow:0 10px 40px rgba(0,0,0,0.5);\n    overflow:hidden;\n    text-align:center;\n}\n\n\/* PORTADA ARRIBA *\/\n\n.spotify-audio-card .cover{\n    width:100%;\n    aspect-ratio:1\/1;\n    object-fit:cover;\n    border-radius:18px;\n    margin-bottom:20px;\n    box-shadow:0 8px 25px rgba(0,0,0,0.6);\n}\n\n.spotify-audio-card .tag{\n    display:inline-block;\n    background:#FFD600;\n    color:#000;\n    padding:6px 14px;\n    border-radius:30px;\n    font-size:12px;\n    font-weight:700;\n    margin-bottom:15px;\n    letter-spacing:1px;\n}\n\n.spotify-audio-card h2{\n    margin:0 0 12px;\n    font-size:30px;\n    font-weight:800;\n}\n\n.spotify-audio-card p{\n    color:#b3b3b3;\n    line-height:1.7;\n    margin-bottom:25px;\n    font-size:15px;\n}\n\n\/* PLAYER *\/\n\n.custom-player audio{\n    width:100%;\n    border-radius:50px;\n    overflow:hidden;\n    background:#FFD600;\n    accent-color:#FFD600;\n}\n\n\/* Chrome *\/\n\n.custom-player audio::-webkit-media-controls-panel{\n    background:#FFD600;\n}\n\n\/* Hover *\/\n\n.spotify-audio-card:hover{\n    transform:translateY(-4px);\n    transition:0.3s ease;\n    box-shadow:0 15px 45px rgba(0,0,0,0.7);\n}\n\n<\/style>\n\n\n\n<p class=\"wp-block-paragraph\"><\/p>\n\n\n\n<div class=\"spotify-audio-card\">\n\n    <img decoding=\"async\" class=\"cover\" \n         src=\"https:\/\/f4.bcbits.com\/img\/a1090409891_2.jpg\" \n         alt=\"Portada\">\n\n    <div class=\"content\">\n\n        <span class=\"tag\">&#8220;Intima y cadenciosa&#8221;<\/span>\n\n        <h2>Josefina Ilundain<\/h2>\n\n        <p>\n            \u201cMilonga para el domingo\u201d\n        <\/p>\n\n        <div class=\"custom-player\">\n            <audio class=\"wp-audio-shortcode\" id=\"audio-6127-2\" preload=\"none\" style=\"width: 100%;\" controls=\"controls\"><source type=\"audio\/mpeg\" src=\"https:\/\/archive.org\/download\/coleccion-doble-radio-tango-mayo-2026\/02-%20JOSEFINA%20ILUNDAIN%20-%20Milonga%20para%20el%20domingo.mp3?_=2\" \/><a href=\"https:\/\/archive.org\/download\/coleccion-doble-radio-tango-mayo-2026\/02-%20JOSEFINA%20ILUNDAIN%20-%20Milonga%20para%20el%20domingo.mp3\">https:\/\/archive.org\/download\/coleccion-doble-radio-tango-mayo-2026\/02-%20JOSEFINA%20ILUNDAIN%20-%20Milonga%20para%20el%20domingo.mp3<\/a><\/audio>\n        <\/div>\n\n    <\/div>\n\n<\/div>\n\n<style>\n\n.spotify-audio-card{\n    background:#121212;\n    color:white;\n    border-radius:24px;\n    padding:25px;\n    max-width:420px;\n    margin:auto;\n    box-shadow:0 10px 40px rgba(0,0,0,0.5);\n    overflow:hidden;\n    text-align:center;\n}\n\n\/* PORTADA ARRIBA *\/\n\n.spotify-audio-card .cover{\n    width:100%;\n    aspect-ratio:1\/1;\n    object-fit:cover;\n    border-radius:18px;\n    margin-bottom:20px;\n    box-shadow:0 8px 25px rgba(0,0,0,0.6);\n}\n\n.spotify-audio-card .tag{\n    display:inline-block;\n    background:#FFD600;\n    color:#000;\n    padding:6px 14px;\n    border-radius:30px;\n    font-size:12px;\n    font-weight:700;\n    margin-bottom:15px;\n    letter-spacing:1px;\n}\n\n.spotify-audio-card h2{\n    margin:0 0 12px;\n    font-size:30px;\n    font-weight:800;\n}\n\n.spotify-audio-card p{\n    color:#b3b3b3;\n    line-height:1.7;\n    margin-bottom:25px;\n    font-size:15px;\n}\n\n\/* PLAYER *\/\n\n.custom-player audio{\n    width:100%;\n    border-radius:50px;\n    overflow:hidden;\n    background:#FFD600;\n    accent-color:#FFD600;\n}\n\n\/* Chrome *\/\n\n.custom-player audio::-webkit-media-controls-panel{\n    background:#FFD600;\n}\n\n\/* Hover *\/\n\n.spotify-audio-card:hover{\n    transform:translateY(-4px);\n    transition:0.3s ease;\n    box-shadow:0 15px 45px rgba(0,0,0,0.7);\n}\n\n<\/style>\n\n\n\n<p class=\"wp-block-paragraph\"><\/p>\n\n\n\n<div class=\"spotify-audio-card\">\n\n    <img decoding=\"async\" class=\"cover\" \n         src=\"https:\/\/encrypted-tbn0.gstatic.com\/images?q=tbn:ANd9GcSZY-aMmRnXl69pdxZLokpNGapme6pSB7-F8w&#038;s\" \n         alt=\"Portada\">\n\n    <div class=\"content\">\n\n        <span class=\"tag\">&#8220;Nuevo tango instrumental&#8221;<\/span>\n\n        <h2>Desalmar<\/h2>\n\n        <p>\n            \u201cDesalmar\u201d\n        <\/p>\n\n        <div class=\"custom-player\">\n            <audio class=\"wp-audio-shortcode\" id=\"audio-6127-3\" preload=\"none\" style=\"width: 100%;\" controls=\"controls\"><source type=\"audio\/mpeg\" src=\"https:\/\/archive.org\/download\/coleccion-doble-radio-tango-mayo-2026\/03-%20DESALMAR%20-%20Desalmar.mp3?_=3\" \/><a href=\"https:\/\/archive.org\/download\/coleccion-doble-radio-tango-mayo-2026\/03-%20DESALMAR%20-%20Desalmar.mp3\">https:\/\/archive.org\/download\/coleccion-doble-radio-tango-mayo-2026\/03-%20DESALMAR%20-%20Desalmar.mp3<\/a><\/audio>\n        <\/div>\n\n    <\/div>\n\n<\/div>\n\n<style>\n\n.spotify-audio-card{\n    background:#121212;\n    color:white;\n    border-radius:24px;\n    padding:25px;\n    max-width:420px;\n    margin:auto;\n    box-shadow:0 10px 40px rgba(0,0,0,0.5);\n    overflow:hidden;\n    text-align:center;\n}\n\n\/* PORTADA ARRIBA *\/\n\n.spotify-audio-card .cover{\n    width:100%;\n    aspect-ratio:1\/1;\n    object-fit:cover;\n    border-radius:18px;\n    margin-bottom:20px;\n    box-shadow:0 8px 25px rgba(0,0,0,0.6);\n}\n\n.spotify-audio-card .tag{\n    display:inline-block;\n    background:#FFD600;\n    color:#000;\n    padding:6px 14px;\n    border-radius:30px;\n    font-size:12px;\n    font-weight:700;\n    margin-bottom:15px;\n    letter-spacing:1px;\n}\n\n.spotify-audio-card h2{\n    margin:0 0 12px;\n    font-size:30px;\n    font-weight:800;\n}\n\n.spotify-audio-card p{\n    color:#b3b3b3;\n    line-height:1.7;\n    margin-bottom:25px;\n    font-size:15px;\n}\n\n\/* PLAYER *\/\n\n.custom-player audio{\n    width:100%;\n    border-radius:50px;\n    overflow:hidden;\n    background:#FFD600;\n    accent-color:#FFD600;\n}\n\n\/* Chrome *\/\n\n.custom-player audio::-webkit-media-controls-panel{\n    background:#FFD600;\n}\n\n\/* Hover *\/\n\n.spotify-audio-card:hover{\n    transform:translateY(-4px);\n    transition:0.3s ease;\n    box-shadow:0 15px 45px rgba(0,0,0,0.7);\n}\n\n<\/style>\n\n\n\n<p class=\"wp-block-paragraph\"><\/p>\n\n\n\n<div class=\"spotify-audio-card\">\n\n    <img decoding=\"async\" class=\"cover\" \n         src=\"https:\/\/convivimos.naranjax.com\/wp-content\/uploads\/z-Orquesta-Tipica-Di-Pascuale-2-1536x1534.jpg\">\n\n    <div class=\"content\">\n\n        <span class=\"tag\">&#8220;Orquestazo&#8221;<\/span>\n\n        <h2>Orquesta T\u00edpica Di Pasquale + Carmen S\u00e1nchez Viamonte<\/h2>\n\n        <p>\n            \u201cElectricidad\u201d\n        <\/p>\n\n        <div class=\"custom-player\">\n            <audio class=\"wp-audio-shortcode\" id=\"audio-6127-4\" preload=\"none\" style=\"width: 100%;\" controls=\"controls\"><source type=\"audio\/mpeg\" src=\"https:\/\/archive.org\/download\/coleccion-doble-radio-tango-mayo-2026\/04-%20ORQ.%20TIPICA%20DI%20PASQUALE%20Y%20CARMEN%20SANCHEZ%20VIAMONTE%20-%20Electricidad.mp3?_=4\" \/><a href=\"https:\/\/archive.org\/download\/coleccion-doble-radio-tango-mayo-2026\/04-%20ORQ.%20TIPICA%20DI%20PASQUALE%20Y%20CARMEN%20SANCHEZ%20VIAMONTE%20-%20Electricidad.mp3\">https:\/\/archive.org\/download\/coleccion-doble-radio-tango-mayo-2026\/04-%20ORQ.%20TIPICA%20DI%20PASQUALE%20Y%20CARMEN%20SANCHEZ%20VIAMONTE%20-%20Electricidad.mp3<\/a><\/audio>\n        <\/div>\n\n    <\/div>\n\n<\/div>\n\n<style>\n\n.spotify-audio-card{\n    background:#121212;\n    color:white;\n    border-radius:24px;\n    padding:25px;\n    max-width:420px;\n    margin:auto;\n    box-shadow:0 10px 40px rgba(0,0,0,0.5);\n    overflow:hidden;\n    text-align:center;\n}\n\n\/* PORTADA ARRIBA *\/\n\n.spotify-audio-card .cover{\n    width:100%;\n    aspect-ratio:1\/1;\n    object-fit:cover;\n    border-radius:18px;\n    margin-bottom:20px;\n    box-shadow:0 8px 25px rgba(0,0,0,0.6);\n}\n\n.spotify-audio-card .tag{\n    display:inline-block;\n    background:#FFD600;\n    color:#000;\n    padding:6px 14px;\n    border-radius:30px;\n    font-size:12px;\n    font-weight:700;\n    margin-bottom:15px;\n    letter-spacing:1px;\n}\n\n.spotify-audio-card h2{\n    margin:0 0 12px;\n    font-size:30px;\n    font-weight:800;\n}\n\n.spotify-audio-card p{\n    color:#b3b3b3;\n    line-height:1.7;\n    margin-bottom:25px;\n    font-size:15px;\n}\n\n\/* PLAYER *\/\n\n.custom-player audio{\n    width:100%;\n    border-radius:50px;\n    overflow:hidden;\n    background:#FFD600;\n    accent-color:#FFD600;\n}\n\n\/* Chrome *\/\n\n.custom-player audio::-webkit-media-controls-panel{\n    background:#FFD600;\n}\n\n\/* Hover *\/\n\n.spotify-audio-card:hover{\n    transform:translateY(-4px);\n    transition:0.3s ease;\n    box-shadow:0 15px 45px rgba(0,0,0,0.7);\n}\n\n<\/style>\n\n\n\n<p class=\"wp-block-paragraph\"><\/p>\n\n\n\n<div class=\"spotify-audio-card\">\n\n    <img decoding=\"async\" class=\"cover\" \n         src=\"https:\/\/www.fracturaexpuesta.com.ar\/gotan\/wp-content\/uploads\/2026\/05\/Tangos-Imaginarios_album_cover.jpg\">\n\n    <div class=\"content\">\n\n        <span class=\"tag\">&#8220;Tango neocl\u00e1sico&#8221;<\/span>\n\n        <h2>Juan Sebasti\u00e1n Delgado + Marcelo Nisinman<\/h2>\n\n        <p>\n            \u201cJeanne y Paul\u201d\n        <\/p>\n\n        <div class=\"custom-player\">\n            <audio class=\"wp-audio-shortcode\" id=\"audio-6127-5\" preload=\"none\" style=\"width: 100%;\" controls=\"controls\"><source type=\"audio\/mpeg\" src=\"https:\/\/archive.org\/download\/coleccion-doble-radio-tango-mayo-2026\/05-%20JUAN%20SEBASTIAN%20DELGADO%20%2B%20MARCELO%20NISINMAN%20-%20Jeanne%20y%20Paul.mp3?_=5\" \/><a href=\"https:\/\/archive.org\/download\/coleccion-doble-radio-tango-mayo-2026\/05-%20JUAN%20SEBASTIAN%20DELGADO%20%2B%20MARCELO%20NISINMAN%20-%20Jeanne%20y%20Paul.mp3\">https:\/\/archive.org\/download\/coleccion-doble-radio-tango-mayo-2026\/05-%20JUAN%20SEBASTIAN%20DELGADO%20%2B%20MARCELO%20NISINMAN%20-%20Jeanne%20y%20Paul.mp3<\/a><\/audio>\n        <\/div>\n\n    <\/div>\n\n<\/div>\n\n<style>\n\n.spotify-audio-card{\n    background:#121212;\n    color:white;\n    border-radius:24px;\n    padding:25px;\n    max-width:420px;\n    margin:auto;\n    box-shadow:0 10px 40px rgba(0,0,0,0.5);\n    overflow:hidden;\n    text-align:center;\n}\n\n\/* PORTADA ARRIBA *\/\n\n.spotify-audio-card .cover{\n    width:100%;\n    aspect-ratio:1\/1;\n    object-fit:cover;\n    border-radius:18px;\n    margin-bottom:20px;\n    box-shadow:0 8px 25px rgba(0,0,0,0.6);\n}\n\n.spotify-audio-card .tag{\n    display:inline-block;\n    background:#FFD600;\n    color:#000;\n    padding:6px 14px;\n    border-radius:30px;\n    font-size:12px;\n    font-weight:700;\n    margin-bottom:15px;\n    letter-spacing:1px;\n}\n\n.spotify-audio-card h2{\n    margin:0 0 12px;\n    font-size:30px;\n    font-weight:800;\n}\n\n.spotify-audio-card p{\n    color:#b3b3b3;\n    line-height:1.7;\n    margin-bottom:25px;\n    font-size:15px;\n}\n\n\/* PLAYER *\/\n\n.custom-player audio{\n    width:100%;\n    border-radius:50px;\n    overflow:hidden;\n    background:#FFD600;\n    accent-color:#FFD600;\n}\n\n\/* Chrome *\/\n\n.custom-player audio::-webkit-media-controls-panel{\n    background:#FFD600;\n}\n\n\/* Hover *\/\n\n.spotify-audio-card:hover{\n    transform:translateY(-4px);\n    transition:0.3s ease;\n    box-shadow:0 15px 45px rgba(0,0,0,0.7);\n}\n\n<\/style>\n\n\n\n<p class=\"wp-block-paragraph\"><\/p>\n\n\n\n<div class=\"spotify-audio-card\">\n\n    <img decoding=\"async\" class=\"cover\" \n         src=\"https:\/\/i0.wp.com\/elplanetaurbano.com\/wp-content\/uploads\/2026\/03\/ohm2920426981280530450.jpeg?resize=640%2C640&#038;ssl=1\">\n\n    <div class=\"content\">\n\n        <span class=\"tag\">&#8220;Electro&#8221;<\/span>\n\n        <h2>Bajofondo<\/h2>\n\n        <p>\n            \u201cSwitched On Milonga\u201d\n        <\/p>\n\n        <div class=\"custom-player\">\n            <audio class=\"wp-audio-shortcode\" id=\"audio-6127-6\" preload=\"none\" style=\"width: 100%;\" controls=\"controls\"><source type=\"audio\/mpeg\" src=\"https:\/\/archive.org\/download\/coleccion-doble-radio-tango-mayo-2026\/06-%20BAJOFONDO%20-%20Switched%20On%20Milonga.mp3?_=6\" \/><a href=\"https:\/\/archive.org\/download\/coleccion-doble-radio-tango-mayo-2026\/06-%20BAJOFONDO%20-%20Switched%20On%20Milonga.mp3\">https:\/\/archive.org\/download\/coleccion-doble-radio-tango-mayo-2026\/06-%20BAJOFONDO%20-%20Switched%20On%20Milonga.mp3<\/a><\/audio>\n        <\/div>\n\n    <\/div>\n\n<\/div>\n\n<style>\n\n.spotify-audio-card{\n    background:#121212;\n    color:white;\n    border-radius:24px;\n    padding:25px;\n    max-width:420px;\n    margin:auto;\n    box-shadow:0 10px 40px rgba(0,0,0,0.5);\n    overflow:hidden;\n    text-align:center;\n}\n\n\/* PORTADA ARRIBA *\/\n\n.spotify-audio-card .cover{\n    width:100%;\n    aspect-ratio:1\/1;\n    object-fit:cover;\n    border-radius:18px;\n    margin-bottom:20px;\n    box-shadow:0 8px 25px rgba(0,0,0,0.6);\n}\n\n.spotify-audio-card .tag{\n    display:inline-block;\n    background:#FFD600;\n    color:#000;\n    padding:6px 14px;\n    border-radius:30px;\n    font-size:12px;\n    font-weight:700;\n    margin-bottom:15px;\n    letter-spacing:1px;\n}\n\n.spotify-audio-card h2{\n    margin:0 0 12px;\n    font-size:30px;\n    font-weight:800;\n}\n\n.spotify-audio-card p{\n    color:#b3b3b3;\n    line-height:1.7;\n    margin-bottom:25px;\n    font-size:15px;\n}\n\n\/* PLAYER *\/\n\n.custom-player audio{\n    width:100%;\n    border-radius:50px;\n    overflow:hidden;\n    background:#FFD600;\n    accent-color:#FFD600;\n}\n\n\/* Chrome *\/\n\n.custom-player audio::-webkit-media-controls-panel{\n    background:#FFD600;\n}\n\n\/* Hover *\/\n\n.spotify-audio-card:hover{\n    transform:translateY(-4px);\n    transition:0.3s ease;\n    box-shadow:0 15px 45px rgba(0,0,0,0.7);\n}\n\n<\/style>\n\n\n\n<p class=\"wp-block-paragraph\"><\/p>\n\n\n\n<div class=\"spotify-audio-card\">\n\n    <img decoding=\"async\" class=\"cover\" \n         src=\"https:\/\/is1-ssl.mzstatic.com\/image\/thumb\/Music221\/v4\/0a\/12\/f4\/0a12f43b-6b7e-67f2-b090-bbc34997b7ac\/199806605455.jpg\/316x316bb.webp\">\n\n    <div class=\"content\">\n\n        <span class=\"tag\">&#8220;Tango y rock&#8221;<\/span>\n\n        <h2>D\u00fao Ranas + Chino Laborde <\/h2>\n\n        <p>\n            \u201cEsa estrella era mi lujo\u201d\n        <\/p>\n\n        <div class=\"custom-player\">\n            <audio class=\"wp-audio-shortcode\" id=\"audio-6127-7\" preload=\"none\" style=\"width: 100%;\" controls=\"controls\"><source type=\"audio\/mpeg\" src=\"https:\/\/archive.org\/download\/coleccion-doble-radio-tango-mayo-2026\/07-%20DUO%20RANAS%20%2B%20CHINO%20LABORDE%20-%20Esa%20estrella%20era%20mi%20lujo.mp3?_=7\" \/><a href=\"https:\/\/archive.org\/download\/coleccion-doble-radio-tango-mayo-2026\/07-%20DUO%20RANAS%20%2B%20CHINO%20LABORDE%20-%20Esa%20estrella%20era%20mi%20lujo.mp3\">https:\/\/archive.org\/download\/coleccion-doble-radio-tango-mayo-2026\/07-%20DUO%20RANAS%20%2B%20CHINO%20LABORDE%20-%20Esa%20estrella%20era%20mi%20lujo.mp3<\/a><\/audio>\n        <\/div>\n\n    <\/div>\n\n<\/div>\n\n<style>\n\n.spotify-audio-card{\n    background:#121212;\n    color:white;\n    border-radius:24px;\n    padding:25px;\n    max-width:420px;\n    margin:auto;\n    box-shadow:0 10px 40px rgba(0,0,0,0.5);\n    overflow:hidden;\n    text-align:center;\n}\n\n\/* PORTADA ARRIBA *\/\n\n.spotify-audio-card .cover{\n    width:100%;\n    aspect-ratio:1\/1;\n    object-fit:cover;\n    border-radius:18px;\n    margin-bottom:20px;\n    box-shadow:0 8px 25px rgba(0,0,0,0.6);\n}\n\n.spotify-audio-card .tag{\n    display:inline-block;\n    background:#FFD600;\n    color:#000;\n    padding:6px 14px;\n    border-radius:30px;\n    font-size:12px;\n    font-weight:700;\n    margin-bottom:15px;\n    letter-spacing:1px;\n}\n\n.spotify-audio-card h2{\n    margin:0 0 12px;\n    font-size:30px;\n    font-weight:800;\n}\n\n.spotify-audio-card p{\n    color:#b3b3b3;\n    line-height:1.7;\n    margin-bottom:25px;\n    font-size:15px;\n}\n\n\/* PLAYER *\/\n\n.custom-player audio{\n    width:100%;\n    border-radius:50px;\n    overflow:hidden;\n    background:#FFD600;\n    accent-color:#FFD600;\n}\n\n\/* Chrome *\/\n\n.custom-player audio::-webkit-media-controls-panel{\n    background:#FFD600;\n}\n\n\/* Hover *\/\n\n.spotify-audio-card:hover{\n    transform:translateY(-4px);\n    transition:0.3s ease;\n    box-shadow:0 15px 45px rgba(0,0,0,0.7);\n}\n\n<\/style>\n\n\n\n<p class=\"wp-block-paragraph\"><\/p>\n\n\n\n<div class=\"spotify-audio-card\">\n\n    <img decoding=\"async\" class=\"cover\" \n         src=\"https:\/\/i.scdn.co\/image\/ab67616d0000b2734e302d023952d7e2cb7d90d3\">\n\n    <div class=\"content\">\n\n        <span class=\"tag\">&#8220;Criollismo&#8221;<\/span>\n\n        <h2>Karina Beorlegui<\/h2>\n\n        <p>\n            \u201cHoy como ayer\u201d\n        <\/p>\n\n        <div class=\"custom-player\">\n            <audio class=\"wp-audio-shortcode\" id=\"audio-6127-8\" preload=\"none\" style=\"width: 100%;\" controls=\"controls\"><source type=\"audio\/mpeg\" src=\"https:\/\/archive.org\/download\/coleccion-doble-radio-tango-mayo-2026\/08-%20KARINA%20BEORLEGUI%20-%20Hoy%20como%20ayer.mp3?_=8\" \/><a href=\"https:\/\/archive.org\/download\/coleccion-doble-radio-tango-mayo-2026\/08-%20KARINA%20BEORLEGUI%20-%20Hoy%20como%20ayer.mp3\">https:\/\/archive.org\/download\/coleccion-doble-radio-tango-mayo-2026\/08-%20KARINA%20BEORLEGUI%20-%20Hoy%20como%20ayer.mp3<\/a><\/audio>\n        <\/div>\n\n    <\/div>\n\n<\/div>\n\n<style>\n\n.spotify-audio-card{\n    background:#121212;\n    color:white;\n    border-radius:24px;\n    padding:25px;\n    max-width:420px;\n    margin:auto;\n    box-shadow:0 10px 40px rgba(0,0,0,0.5);\n    overflow:hidden;\n    text-align:center;\n}\n\n\/* PORTADA ARRIBA *\/\n\n.spotify-audio-card .cover{\n    width:100%;\n    aspect-ratio:1\/1;\n    object-fit:cover;\n    border-radius:18px;\n    margin-bottom:20px;\n    box-shadow:0 8px 25px rgba(0,0,0,0.6);\n}\n\n.spotify-audio-card .tag{\n    display:inline-block;\n    background:#FFD600;\n    color:#000;\n    padding:6px 14px;\n    border-radius:30px;\n    font-size:12px;\n    font-weight:700;\n    margin-bottom:15px;\n    letter-spacing:1px;\n}\n\n.spotify-audio-card h2{\n    margin:0 0 12px;\n    font-size:30px;\n    font-weight:800;\n}\n\n.spotify-audio-card p{\n    color:#b3b3b3;\n    line-height:1.7;\n    margin-bottom:25px;\n    font-size:15px;\n}\n\n\/* PLAYER *\/\n\n.custom-player audio{\n    width:100%;\n    border-radius:50px;\n    overflow:hidden;\n    background:#FFD600;\n    accent-color:#FFD600;\n}\n\n\/* Chrome *\/\n\n.custom-player audio::-webkit-media-controls-panel{\n    background:#FFD600;\n}\n\n\/* Hover *\/\n\n.spotify-audio-card:hover{\n    transform:translateY(-4px);\n    transition:0.3s ease;\n    box-shadow:0 15px 45px rgba(0,0,0,0.7);\n}\n\n<\/style>\n\n\n\n<p class=\"wp-block-paragraph\"><\/p>\n\n\n\n<div class=\"spotify-audio-card\">\n\n    <img decoding=\"async\" class=\"cover\" \n         src=\"https:\/\/www.fracturaexpuesta.com.ar\/gotan\/wp-content\/uploads\/2026\/05\/lakes.png\">\n\n    <div class=\"content\">\n\n        <span class=\"tag\">&#8220;Fueye y voz&#8221;<\/span>\n\n        <h2>Lakes<\/h2>\n\n        <p>\n            \u201cIntentos del abrigo\u201d\n        <\/p>\n\n        <div class=\"custom-player\">\n            <audio class=\"wp-audio-shortcode\" id=\"audio-6127-9\" preload=\"none\" style=\"width: 100%;\" controls=\"controls\"><source type=\"audio\/mpeg\" src=\"https:\/\/archive.org\/download\/coleccion-doble-radio-tango-mayo-2026\/09-%20LAKES%20-%20Intentos%20del%20abrigo.mp3?_=9\" \/><a href=\"https:\/\/archive.org\/download\/coleccion-doble-radio-tango-mayo-2026\/09-%20LAKES%20-%20Intentos%20del%20abrigo.mp3\">https:\/\/archive.org\/download\/coleccion-doble-radio-tango-mayo-2026\/09-%20LAKES%20-%20Intentos%20del%20abrigo.mp3<\/a><\/audio>\n        <\/div>\n\n    <\/div>\n\n<\/div>\n\n<style>\n\n.spotify-audio-card{\n    background:#121212;\n    color:white;\n    border-radius:24px;\n    padding:25px;\n    max-width:420px;\n    margin:auto;\n    box-shadow:0 10px 40px rgba(0,0,0,0.5);\n    overflow:hidden;\n    text-align:center;\n}\n\n\/* PORTADA ARRIBA *\/\n\n.spotify-audio-card .cover{\n    width:100%;\n    aspect-ratio:1\/1;\n    object-fit:cover;\n    border-radius:18px;\n    margin-bottom:20px;\n    box-shadow:0 8px 25px rgba(0,0,0,0.6);\n}\n\n.spotify-audio-card .tag{\n    display:inline-block;\n    background:#FFD600;\n    color:#000;\n    padding:6px 14px;\n    border-radius:30px;\n    font-size:12px;\n    font-weight:700;\n    margin-bottom:15px;\n    letter-spacing:1px;\n}\n\n.spotify-audio-card h2{\n    margin:0 0 12px;\n    font-size:30px;\n    font-weight:800;\n}\n\n.spotify-audio-card p{\n    color:#b3b3b3;\n    line-height:1.7;\n    margin-bottom:25px;\n    font-size:15px;\n}\n\n\/* PLAYER *\/\n\n.custom-player audio{\n    width:100%;\n    border-radius:50px;\n    overflow:hidden;\n    background:#FFD600;\n    accent-color:#FFD600;\n}\n\n\/* Chrome *\/\n\n.custom-player audio::-webkit-media-controls-panel{\n    background:#FFD600;\n}\n\n\/* Hover *\/\n\n.spotify-audio-card:hover{\n    transform:translateY(-4px);\n    transition:0.3s ease;\n    box-shadow:0 15px 45px rgba(0,0,0,0.7);\n}\n\n<\/style>\n\n\n\n<p class=\"wp-block-paragraph\"><\/p>\n\n\n\n<div class=\"spotify-audio-card\">\n\n    <img decoding=\"async\" class=\"cover\" \n         src=\"https:\/\/contentv2.tap-commerce.com\/cover\/large\/196588246029_1.jpg?id_com=1156\">\n\n    <div class=\"content\">\n\n        <span class=\"tag\">Cl\u00e1sico y reencuentro<\/span>\n\n        <h2>Susana Rinaldi + Osvaldo Piro<\/h2>\n\n        <p>\n            \u201cComo dos extra\u00f1os\u201d\n        <\/p>\n\n        <div class=\"custom-player\">\n            <audio class=\"wp-audio-shortcode\" id=\"audio-6127-10\" preload=\"none\" style=\"width: 100%;\" controls=\"controls\"><source type=\"audio\/mpeg\" src=\"https:\/\/archive.org\/download\/coleccion-doble-radio-tango-mayo-2026\/10-%20SUSANA%20RINALDI%20y%20OSVALDO%20PIRO%20-%20Como%20Dos%20Extra%C3%B1os.mp3?_=10\" \/><a href=\"https:\/\/archive.org\/download\/coleccion-doble-radio-tango-mayo-2026\/10-%20SUSANA%20RINALDI%20y%20OSVALDO%20PIRO%20-%20Como%20Dos%20Extra%C3%B1os.mp3\">https:\/\/archive.org\/download\/coleccion-doble-radio-tango-mayo-2026\/10-%20SUSANA%20RINALDI%20y%20OSVALDO%20PIRO%20-%20Como%20Dos%20Extra%C3%B1os.mp3<\/a><\/audio>\n        <\/div>\n\n    <\/div>\n\n<\/div>\n\n<style>\n\n.spotify-audio-card{\n    background:#121212;\n    color:white;\n    border-radius:24px;\n    padding:25px;\n    max-width:420px;\n    margin:auto;\n    box-shadow:0 10px 40px rgba(0,0,0,0.5);\n    overflow:hidden;\n    text-align:center;\n}\n\n\/* PORTADA ARRIBA *\/\n\n.spotify-audio-card .cover{\n    width:100%;\n    aspect-ratio:1\/1;\n    object-fit:cover;\n    border-radius:18px;\n    margin-bottom:20px;\n    box-shadow:0 8px 25px rgba(0,0,0,0.6);\n}\n\n.spotify-audio-card .tag{\n    display:inline-block;\n    background:#FFD600;\n    color:#000;\n    padding:6px 14px;\n    border-radius:30px;\n    font-size:12px;\n    font-weight:700;\n    margin-bottom:15px;\n    letter-spacing:1px;\n}\n\n.spotify-audio-card h2{\n    margin:0 0 12px;\n    font-size:30px;\n    font-weight:800;\n}\n\n.spotify-audio-card p{\n    color:#b3b3b3;\n    line-height:1.7;\n    margin-bottom:25px;\n    font-size:15px;\n}\n\n\/* PLAYER *\/\n\n.custom-player audio{\n    width:100%;\n    border-radius:50px;\n    overflow:hidden;\n    background:#FFD600;\n    accent-color:#FFD600;\n}\n\n\/* Chrome *\/\n\n.custom-player audio::-webkit-media-controls-panel{\n    background:#FFD600;\n}\n\n\/* Hover *\/\n\n.spotify-audio-card:hover{\n    transform:translateY(-4px);\n    transition:0.3s ease;\n    box-shadow:0 15px 45px rgba(0,0,0,0.7);\n}\n\n<\/style>\n\n\n\n<div style=\"height:10px\" aria-hidden=\"true\" class=\"wp-block-spacer\"><\/div>\n\n\n\n<p class=\"wp-block-paragraph\"><\/p>\n","protected":false},"excerpt":{"rendered":"<p>Una nueva edici\u00f3n del compilado de Doble A para descubrir a los artistas y grupos del tango de estos tiempos.<\/p>\n","protected":false},"author":1,"featured_media":6239,"comment_status":"open","ping_status":"open","sticky":false,"template":"","format":"standard","meta":{"footnotes":""},"categories":[82],"tags":[289,286,290,284,75,291,285,287,229,275,288,283,271,196],"class_list":["post-6127","post","type-post","status-publish","format-standard","has-post-thumbnail","hentry","category-doble-a","tag-bajofondo","tag-carmen-sanchez-viamonte","tag-chino-laborde","tag-desalmar","tag-doble-a","tag-duo-ranas","tag-josefina-ilundain","tag-juan-sebastian-delgado-2","tag-karina-beorlegui","tag-lakes","tag-marcelo-nisinman","tag-odisea-tango-xxii","tag-orquesta-tipica-di-pasquale","tag-susana-rinaldi"],"yoast_head":"<!-- This site is optimized with the Yoast SEO plugin v28.3 - https:\/\/yoast.com\/product\/yoast-seo-wordpress\/ -->\n<title>&quot;Colecci\u00f3n Doble A&quot; (mayo 2026): una selecci\u00f3n destacada del tango de hoy &#187; Fractura Expuesta | Tango!<\/title>\n<meta name=\"description\" content=\"Una nueva edici\u00f3n del compilado de Doble A para descubrir a los artistas y grupos del tango de estos tiempos.\" \/>\n<meta name=\"robots\" content=\"index, follow, max-snippet:-1, max-image-preview:large, max-video-preview:-1\" \/>\n<link rel=\"canonical\" href=\"https:\/\/www.fracturaexpuesta.com.ar\/gotan\/coleccion-doble-a-mayo-2026-una-seleccion-destacada-del-tango-de-hoy\/\" \/>\n<meta property=\"og:locale\" content=\"es_ES\" \/>\n<meta property=\"og:type\" content=\"article\" \/>\n<meta property=\"og:title\" content=\"&quot;Colecci\u00f3n Doble A&quot; (mayo 2026): una selecci\u00f3n destacada del tango de hoy\" \/>\n<meta property=\"og:description\" content=\"Una nueva edici\u00f3n del compilado de Doble A para descubrir a los artistas y grupos del tango de estos tiempos.\" \/>\n<meta property=\"og:url\" content=\"https:\/\/www.fracturaexpuesta.com.ar\/gotan\/coleccion-doble-a-mayo-2026-una-seleccion-destacada-del-tango-de-hoy\/\" \/>\n<meta property=\"og:site_name\" content=\"Fractura Expuesta | Tango!\" \/>\n<meta property=\"article:author\" content=\"https:\/\/www.facebook.com\/fracturaexpuestaok\" \/>\n<meta property=\"article:published_time\" content=\"2026-05-17T15:16:15+00:00\" \/>\n<meta property=\"article:modified_time\" content=\"2026-05-17T15:16:27+00:00\" \/>\n<meta property=\"og:image\" content=\"https:\/\/www.fracturaexpuesta.com.ar\/gotan\/wp-content\/uploads\/2026\/04\/coleccion-doble-a-mayo-2026.jpg\" \/>\n\t<meta property=\"og:image:width\" content=\"1000\" \/>\n\t<meta property=\"og:image:height\" content=\"667\" \/>\n\t<meta property=\"og:image:type\" content=\"image\/jpeg\" \/>\n<meta name=\"author\" content=\"Fractura Expuesta\" \/>\n<meta name=\"twitter:card\" content=\"summary_large_image\" \/>\n<meta name=\"twitter:title\" content=\"&quot;Colecci\u00f3n Doble A&quot; (mayo 2026): una selecci\u00f3n destacada del tango de hoy\" \/>\n<meta name=\"twitter:description\" content=\"Una nueva edici\u00f3n del compilado de Doble A para descubrir a los artistas y grupos del tango de estos tiempos.\" \/>\n<meta name=\"twitter:image\" content=\"https:\/\/www.fracturaexpuesta.com.ar\/gotan\/wp-content\/uploads\/2026\/04\/coleccion-doble-a-mayo-2026.jpg\" \/>\n<meta name=\"twitter:creator\" content=\"@https:\/\/x.com\/fracturatango\" \/>\n<meta name=\"twitter:label1\" content=\"Escrito por\" \/>\n\t<meta name=\"twitter:data1\" content=\"Fractura Expuesta\" \/>\n\t<meta name=\"twitter:label2\" content=\"Tiempo de lectura\" \/>\n\t<meta name=\"twitter:data2\" content=\"4 minutos\" \/>\n<script type=\"application\/ld+json\" class=\"yoast-schema-graph\">{\"@context\":\"https:\\\/\\\/schema.org\",\"@graph\":[{\"@type\":\"Article\",\"@id\":\"https:\\\/\\\/www.fracturaexpuesta.com.ar\\\/gotan\\\/coleccion-doble-a-mayo-2026-una-seleccion-destacada-del-tango-de-hoy\\\/#article\",\"isPartOf\":{\"@id\":\"https:\\\/\\\/www.fracturaexpuesta.com.ar\\\/gotan\\\/coleccion-doble-a-mayo-2026-una-seleccion-destacada-del-tango-de-hoy\\\/\"},\"author\":{\"name\":\"Fractura Expuesta\",\"@id\":\"https:\\\/\\\/www.fracturaexpuesta.com.ar\\\/gotan\\\/#\\\/schema\\\/person\\\/d8266939f778485b13ad2174aa9e199e\"},\"headline\":\"&#8220;Colecci\u00f3n Doble A&#8221; (mayo 2026): una selecci\u00f3n destacada del tango de hoy\",\"datePublished\":\"2026-05-17T15:16:15+00:00\",\"dateModified\":\"2026-05-17T15:16:27+00:00\",\"mainEntityOfPage\":{\"@id\":\"https:\\\/\\\/www.fracturaexpuesta.com.ar\\\/gotan\\\/coleccion-doble-a-mayo-2026-una-seleccion-destacada-del-tango-de-hoy\\\/\"},\"wordCount\":403,\"commentCount\":0,\"publisher\":{\"@id\":\"https:\\\/\\\/www.fracturaexpuesta.com.ar\\\/gotan\\\/#organization\"},\"image\":{\"@id\":\"https:\\\/\\\/www.fracturaexpuesta.com.ar\\\/gotan\\\/coleccion-doble-a-mayo-2026-una-seleccion-destacada-del-tango-de-hoy\\\/#primaryimage\"},\"thumbnailUrl\":\"https:\\\/\\\/www.fracturaexpuesta.com.ar\\\/gotan\\\/wp-content\\\/uploads\\\/2026\\\/04\\\/coleccion-doble-a-mayo-2026.jpg\",\"keywords\":[\"Bajofondo\",\"Carmen S\u00e1nchez Viamonte\",\"Chino Laborde\",\"Desalmar\",\"doble a\",\"Duo Ranas\",\"Josefina Ilundain\",\"Juan Sebasti\u00e1n Delgado\",\"Karina Beorlegui\",\"Lakes\",\"Marcelo Nisinman\",\"Odisea Tango XXII\",\"Orquesta T\u00edpica Di Pasquale\",\"Susana Rinaldi\"],\"articleSection\":[\"Doble A\"],\"inLanguage\":\"es-AR\",\"potentialAction\":[{\"@type\":\"CommentAction\",\"name\":\"Comment\",\"target\":[\"https:\\\/\\\/www.fracturaexpuesta.com.ar\\\/gotan\\\/coleccion-doble-a-mayo-2026-una-seleccion-destacada-del-tango-de-hoy\\\/#respond\"]}]},{\"@type\":\"WebPage\",\"@id\":\"https:\\\/\\\/www.fracturaexpuesta.com.ar\\\/gotan\\\/coleccion-doble-a-mayo-2026-una-seleccion-destacada-del-tango-de-hoy\\\/\",\"url\":\"https:\\\/\\\/www.fracturaexpuesta.com.ar\\\/gotan\\\/coleccion-doble-a-mayo-2026-una-seleccion-destacada-del-tango-de-hoy\\\/\",\"name\":\"\\\"Colecci\u00f3n Doble A\\\" (mayo 2026): una selecci\u00f3n destacada del tango de hoy &#187; Fractura Expuesta | Tango!\",\"isPartOf\":{\"@id\":\"https:\\\/\\\/www.fracturaexpuesta.com.ar\\\/gotan\\\/#website\"},\"primaryImageOfPage\":{\"@id\":\"https:\\\/\\\/www.fracturaexpuesta.com.ar\\\/gotan\\\/coleccion-doble-a-mayo-2026-una-seleccion-destacada-del-tango-de-hoy\\\/#primaryimage\"},\"image\":{\"@id\":\"https:\\\/\\\/www.fracturaexpuesta.com.ar\\\/gotan\\\/coleccion-doble-a-mayo-2026-una-seleccion-destacada-del-tango-de-hoy\\\/#primaryimage\"},\"thumbnailUrl\":\"https:\\\/\\\/www.fracturaexpuesta.com.ar\\\/gotan\\\/wp-content\\\/uploads\\\/2026\\\/04\\\/coleccion-doble-a-mayo-2026.jpg\",\"datePublished\":\"2026-05-17T15:16:15+00:00\",\"dateModified\":\"2026-05-17T15:16:27+00:00\",\"description\":\"Una nueva edici\u00f3n del compilado de Doble A para descubrir a los artistas y grupos del tango de estos tiempos.\",\"breadcrumb\":{\"@id\":\"https:\\\/\\\/www.fracturaexpuesta.com.ar\\\/gotan\\\/coleccion-doble-a-mayo-2026-una-seleccion-destacada-del-tango-de-hoy\\\/#breadcrumb\"},\"inLanguage\":\"es-AR\",\"potentialAction\":[{\"@type\":\"ReadAction\",\"target\":[\"https:\\\/\\\/www.fracturaexpuesta.com.ar\\\/gotan\\\/coleccion-doble-a-mayo-2026-una-seleccion-destacada-del-tango-de-hoy\\\/\"]}]},{\"@type\":\"ImageObject\",\"inLanguage\":\"es-AR\",\"@id\":\"https:\\\/\\\/www.fracturaexpuesta.com.ar\\\/gotan\\\/coleccion-doble-a-mayo-2026-una-seleccion-destacada-del-tango-de-hoy\\\/#primaryimage\",\"url\":\"https:\\\/\\\/www.fracturaexpuesta.com.ar\\\/gotan\\\/wp-content\\\/uploads\\\/2026\\\/04\\\/coleccion-doble-a-mayo-2026.jpg\",\"contentUrl\":\"https:\\\/\\\/www.fracturaexpuesta.com.ar\\\/gotan\\\/wp-content\\\/uploads\\\/2026\\\/04\\\/coleccion-doble-a-mayo-2026.jpg\",\"width\":1000,\"height\":667},{\"@type\":\"BreadcrumbList\",\"@id\":\"https:\\\/\\\/www.fracturaexpuesta.com.ar\\\/gotan\\\/coleccion-doble-a-mayo-2026-una-seleccion-destacada-del-tango-de-hoy\\\/#breadcrumb\",\"itemListElement\":[{\"@type\":\"ListItem\",\"position\":1,\"name\":\"Inicio\",\"item\":\"https:\\\/\\\/www.fracturaexpuesta.com.ar\\\/gotan\\\/\"},{\"@type\":\"ListItem\",\"position\":2,\"name\":\"&#8220;Colecci\u00f3n Doble A&#8221; (mayo 2026): una selecci\u00f3n destacada del tango de hoy\"}]},{\"@type\":\"WebSite\",\"@id\":\"https:\\\/\\\/www.fracturaexpuesta.com.ar\\\/gotan\\\/#website\",\"url\":\"https:\\\/\\\/www.fracturaexpuesta.com.ar\\\/gotan\\\/\",\"name\":\"Fractura Expuesta | Tango!\",\"description\":\"\",\"publisher\":{\"@id\":\"https:\\\/\\\/www.fracturaexpuesta.com.ar\\\/gotan\\\/#organization\"},\"potentialAction\":[{\"@type\":\"SearchAction\",\"target\":{\"@type\":\"EntryPoint\",\"urlTemplate\":\"https:\\\/\\\/www.fracturaexpuesta.com.ar\\\/gotan\\\/?s={search_term_string}\"},\"query-input\":{\"@type\":\"PropertyValueSpecification\",\"valueRequired\":true,\"valueName\":\"search_term_string\"}}],\"inLanguage\":\"es-AR\"},{\"@type\":\"Organization\",\"@id\":\"https:\\\/\\\/www.fracturaexpuesta.com.ar\\\/gotan\\\/#organization\",\"name\":\"Fractura Expuesta | Tango!\",\"url\":\"https:\\\/\\\/www.fracturaexpuesta.com.ar\\\/gotan\\\/\",\"logo\":{\"@type\":\"ImageObject\",\"inLanguage\":\"es-AR\",\"@id\":\"https:\\\/\\\/www.fracturaexpuesta.com.ar\\\/gotan\\\/#\\\/schema\\\/logo\\\/image\\\/\",\"url\":\"https:\\\/\\\/www.fracturaexpuesta.com.ar\\\/gotan\\\/wp-content\\\/uploads\\\/2025\\\/03\\\/avatar2centroOK.jpg\",\"contentUrl\":\"https:\\\/\\\/www.fracturaexpuesta.com.ar\\\/gotan\\\/wp-content\\\/uploads\\\/2025\\\/03\\\/avatar2centroOK.jpg\",\"width\":600,\"height\":600,\"caption\":\"Fractura Expuesta | Tango!\"},\"image\":{\"@id\":\"https:\\\/\\\/www.fracturaexpuesta.com.ar\\\/gotan\\\/#\\\/schema\\\/logo\\\/image\\\/\"}},{\"@type\":\"Person\",\"@id\":\"https:\\\/\\\/www.fracturaexpuesta.com.ar\\\/gotan\\\/#\\\/schema\\\/person\\\/d8266939f778485b13ad2174aa9e199e\",\"name\":\"Fractura Expuesta\",\"image\":{\"@type\":\"ImageObject\",\"inLanguage\":\"es-AR\",\"@id\":\"https:\\\/\\\/secure.gravatar.com\\\/avatar\\\/c4bad1eb9f93dd4a42df3aa8b8e8b882ff893fcea188ee15488a845db442d7ec?s=96&d=mm&r=g\",\"url\":\"https:\\\/\\\/secure.gravatar.com\\\/avatar\\\/c4bad1eb9f93dd4a42df3aa8b8e8b882ff893fcea188ee15488a845db442d7ec?s=96&d=mm&r=g\",\"contentUrl\":\"https:\\\/\\\/secure.gravatar.com\\\/avatar\\\/c4bad1eb9f93dd4a42df3aa8b8e8b882ff893fcea188ee15488a845db442d7ec?s=96&d=mm&r=g\",\"caption\":\"Fractura Expuesta\"},\"description\":\"Sitio de tango y noticias culturales. Desde 2003, el espacio referente del tango de estos tiempos.\",\"sameAs\":[\"https:\\\/\\\/www.fracturaexpuesta.com.ar\",\"https:\\\/\\\/www.facebook.com\\\/fracturaexpuestaok\",\"https:\\\/\\\/www.instagram.com\\\/fracturaexpuesta\",\"https:\\\/\\\/x.com\\\/https:\\\/\\\/x.com\\\/fracturatango\",\"https:\\\/\\\/www.youtube.com\\\/channel\\\/UCojA8Q0QDpnncOL8sfTHOHg\"],\"url\":\"https:\\\/\\\/www.fracturaexpuesta.com.ar\\\/gotan\\\/author\\\/fractura-expuesta\\\/\"}]}<\/script>\n<!-- \/ Yoast SEO plugin. -->","yoast_head_json":{"title":"\"Colecci\u00f3n Doble A\" (mayo 2026): una selecci\u00f3n destacada del tango de hoy &#187; Fractura Expuesta | Tango!","description":"Una nueva edici\u00f3n del compilado de Doble A para descubrir a los artistas y grupos del tango de estos tiempos.","robots":{"index":"index","follow":"follow","max-snippet":"max-snippet:-1","max-image-preview":"max-image-preview:large","max-video-preview":"max-video-preview:-1"},"canonical":"https:\/\/www.fracturaexpuesta.com.ar\/gotan\/coleccion-doble-a-mayo-2026-una-seleccion-destacada-del-tango-de-hoy\/","og_locale":"es_ES","og_type":"article","og_title":"\"Colecci\u00f3n Doble A\" (mayo 2026): una selecci\u00f3n destacada del tango de hoy","og_description":"Una nueva edici\u00f3n del compilado de Doble A para descubrir a los artistas y grupos del tango de estos tiempos.","og_url":"https:\/\/www.fracturaexpuesta.com.ar\/gotan\/coleccion-doble-a-mayo-2026-una-seleccion-destacada-del-tango-de-hoy\/","og_site_name":"Fractura Expuesta | Tango!","article_author":"https:\/\/www.facebook.com\/fracturaexpuestaok","article_published_time":"2026-05-17T15:16:15+00:00","article_modified_time":"2026-05-17T15:16:27+00:00","og_image":[{"width":1000,"height":667,"url":"https:\/\/www.fracturaexpuesta.com.ar\/gotan\/wp-content\/uploads\/2026\/04\/coleccion-doble-a-mayo-2026.jpg","type":"image\/jpeg"}],"author":"Fractura Expuesta","twitter_card":"summary_large_image","twitter_title":"\"Colecci\u00f3n Doble A\" (mayo 2026): una selecci\u00f3n destacada del tango de hoy","twitter_description":"Una nueva edici\u00f3n del compilado de Doble A para descubrir a los artistas y grupos del tango de estos tiempos.","twitter_image":"https:\/\/www.fracturaexpuesta.com.ar\/gotan\/wp-content\/uploads\/2026\/04\/coleccion-doble-a-mayo-2026.jpg","twitter_creator":"@https:\/\/x.com\/fracturatango","twitter_misc":{"Escrito por":"Fractura Expuesta","Tiempo de lectura":"4 minutos"},"schema":{"@context":"https:\/\/schema.org","@graph":[{"@type":"Article","@id":"https:\/\/www.fracturaexpuesta.com.ar\/gotan\/coleccion-doble-a-mayo-2026-una-seleccion-destacada-del-tango-de-hoy\/#article","isPartOf":{"@id":"https:\/\/www.fracturaexpuesta.com.ar\/gotan\/coleccion-doble-a-mayo-2026-una-seleccion-destacada-del-tango-de-hoy\/"},"author":{"name":"Fractura Expuesta","@id":"https:\/\/www.fracturaexpuesta.com.ar\/gotan\/#\/schema\/person\/d8266939f778485b13ad2174aa9e199e"},"headline":"&#8220;Colecci\u00f3n Doble A&#8221; (mayo 2026): una selecci\u00f3n destacada del tango de hoy","datePublished":"2026-05-17T15:16:15+00:00","dateModified":"2026-05-17T15:16:27+00:00","mainEntityOfPage":{"@id":"https:\/\/www.fracturaexpuesta.com.ar\/gotan\/coleccion-doble-a-mayo-2026-una-seleccion-destacada-del-tango-de-hoy\/"},"wordCount":403,"commentCount":0,"publisher":{"@id":"https:\/\/www.fracturaexpuesta.com.ar\/gotan\/#organization"},"image":{"@id":"https:\/\/www.fracturaexpuesta.com.ar\/gotan\/coleccion-doble-a-mayo-2026-una-seleccion-destacada-del-tango-de-hoy\/#primaryimage"},"thumbnailUrl":"https:\/\/www.fracturaexpuesta.com.ar\/gotan\/wp-content\/uploads\/2026\/04\/coleccion-doble-a-mayo-2026.jpg","keywords":["Bajofondo","Carmen S\u00e1nchez Viamonte","Chino Laborde","Desalmar","doble a","Duo Ranas","Josefina Ilundain","Juan Sebasti\u00e1n Delgado","Karina Beorlegui","Lakes","Marcelo Nisinman","Odisea Tango XXII","Orquesta T\u00edpica Di Pasquale","Susana Rinaldi"],"articleSection":["Doble A"],"inLanguage":"es-AR","potentialAction":[{"@type":"CommentAction","name":"Comment","target":["https:\/\/www.fracturaexpuesta.com.ar\/gotan\/coleccion-doble-a-mayo-2026-una-seleccion-destacada-del-tango-de-hoy\/#respond"]}]},{"@type":"WebPage","@id":"https:\/\/www.fracturaexpuesta.com.ar\/gotan\/coleccion-doble-a-mayo-2026-una-seleccion-destacada-del-tango-de-hoy\/","url":"https:\/\/www.fracturaexpuesta.com.ar\/gotan\/coleccion-doble-a-mayo-2026-una-seleccion-destacada-del-tango-de-hoy\/","name":"\"Colecci\u00f3n Doble A\" (mayo 2026): una selecci\u00f3n destacada del tango de hoy &#187; Fractura Expuesta | Tango!","isPartOf":{"@id":"https:\/\/www.fracturaexpuesta.com.ar\/gotan\/#website"},"primaryImageOfPage":{"@id":"https:\/\/www.fracturaexpuesta.com.ar\/gotan\/coleccion-doble-a-mayo-2026-una-seleccion-destacada-del-tango-de-hoy\/#primaryimage"},"image":{"@id":"https:\/\/www.fracturaexpuesta.com.ar\/gotan\/coleccion-doble-a-mayo-2026-una-seleccion-destacada-del-tango-de-hoy\/#primaryimage"},"thumbnailUrl":"https:\/\/www.fracturaexpuesta.com.ar\/gotan\/wp-content\/uploads\/2026\/04\/coleccion-doble-a-mayo-2026.jpg","datePublished":"2026-05-17T15:16:15+00:00","dateModified":"2026-05-17T15:16:27+00:00","description":"Una nueva edici\u00f3n del compilado de Doble A para descubrir a los artistas y grupos del tango de estos tiempos.","breadcrumb":{"@id":"https:\/\/www.fracturaexpuesta.com.ar\/gotan\/coleccion-doble-a-mayo-2026-una-seleccion-destacada-del-tango-de-hoy\/#breadcrumb"},"inLanguage":"es-AR","potentialAction":[{"@type":"ReadAction","target":["https:\/\/www.fracturaexpuesta.com.ar\/gotan\/coleccion-doble-a-mayo-2026-una-seleccion-destacada-del-tango-de-hoy\/"]}]},{"@type":"ImageObject","inLanguage":"es-AR","@id":"https:\/\/www.fracturaexpuesta.com.ar\/gotan\/coleccion-doble-a-mayo-2026-una-seleccion-destacada-del-tango-de-hoy\/#primaryimage","url":"https:\/\/www.fracturaexpuesta.com.ar\/gotan\/wp-content\/uploads\/2026\/04\/coleccion-doble-a-mayo-2026.jpg","contentUrl":"https:\/\/www.fracturaexpuesta.com.ar\/gotan\/wp-content\/uploads\/2026\/04\/coleccion-doble-a-mayo-2026.jpg","width":1000,"height":667},{"@type":"BreadcrumbList","@id":"https:\/\/www.fracturaexpuesta.com.ar\/gotan\/coleccion-doble-a-mayo-2026-una-seleccion-destacada-del-tango-de-hoy\/#breadcrumb","itemListElement":[{"@type":"ListItem","position":1,"name":"Inicio","item":"https:\/\/www.fracturaexpuesta.com.ar\/gotan\/"},{"@type":"ListItem","position":2,"name":"&#8220;Colecci\u00f3n Doble A&#8221; (mayo 2026): una selecci\u00f3n destacada del tango de hoy"}]},{"@type":"WebSite","@id":"https:\/\/www.fracturaexpuesta.com.ar\/gotan\/#website","url":"https:\/\/www.fracturaexpuesta.com.ar\/gotan\/","name":"Fractura Expuesta | Tango!","description":"","publisher":{"@id":"https:\/\/www.fracturaexpuesta.com.ar\/gotan\/#organization"},"potentialAction":[{"@type":"SearchAction","target":{"@type":"EntryPoint","urlTemplate":"https:\/\/www.fracturaexpuesta.com.ar\/gotan\/?s={search_term_string}"},"query-input":{"@type":"PropertyValueSpecification","valueRequired":true,"valueName":"search_term_string"}}],"inLanguage":"es-AR"},{"@type":"Organization","@id":"https:\/\/www.fracturaexpuesta.com.ar\/gotan\/#organization","name":"Fractura Expuesta | Tango!","url":"https:\/\/www.fracturaexpuesta.com.ar\/gotan\/","logo":{"@type":"ImageObject","inLanguage":"es-AR","@id":"https:\/\/www.fracturaexpuesta.com.ar\/gotan\/#\/schema\/logo\/image\/","url":"https:\/\/www.fracturaexpuesta.com.ar\/gotan\/wp-content\/uploads\/2025\/03\/avatar2centroOK.jpg","contentUrl":"https:\/\/www.fracturaexpuesta.com.ar\/gotan\/wp-content\/uploads\/2025\/03\/avatar2centroOK.jpg","width":600,"height":600,"caption":"Fractura Expuesta | Tango!"},"image":{"@id":"https:\/\/www.fracturaexpuesta.com.ar\/gotan\/#\/schema\/logo\/image\/"}},{"@type":"Person","@id":"https:\/\/www.fracturaexpuesta.com.ar\/gotan\/#\/schema\/person\/d8266939f778485b13ad2174aa9e199e","name":"Fractura Expuesta","image":{"@type":"ImageObject","inLanguage":"es-AR","@id":"https:\/\/secure.gravatar.com\/avatar\/c4bad1eb9f93dd4a42df3aa8b8e8b882ff893fcea188ee15488a845db442d7ec?s=96&d=mm&r=g","url":"https:\/\/secure.gravatar.com\/avatar\/c4bad1eb9f93dd4a42df3aa8b8e8b882ff893fcea188ee15488a845db442d7ec?s=96&d=mm&r=g","contentUrl":"https:\/\/secure.gravatar.com\/avatar\/c4bad1eb9f93dd4a42df3aa8b8e8b882ff893fcea188ee15488a845db442d7ec?s=96&d=mm&r=g","caption":"Fractura Expuesta"},"description":"Sitio de tango y noticias culturales. Desde 2003, el espacio referente del tango de estos tiempos.","sameAs":["https:\/\/www.fracturaexpuesta.com.ar","https:\/\/www.facebook.com\/fracturaexpuestaok","https:\/\/www.instagram.com\/fracturaexpuesta","https:\/\/x.com\/https:\/\/x.com\/fracturatango","https:\/\/www.youtube.com\/channel\/UCojA8Q0QDpnncOL8sfTHOHg"],"url":"https:\/\/www.fracturaexpuesta.com.ar\/gotan\/author\/fractura-expuesta\/"}]}},"_links":{"self":[{"href":"https:\/\/www.fracturaexpuesta.com.ar\/gotan\/wp-json\/wp\/v2\/posts\/6127","targetHints":{"allow":["GET"]}}],"collection":[{"href":"https:\/\/www.fracturaexpuesta.com.ar\/gotan\/wp-json\/wp\/v2\/posts"}],"about":[{"href":"https:\/\/www.fracturaexpuesta.com.ar\/gotan\/wp-json\/wp\/v2\/types\/post"}],"author":[{"embeddable":true,"href":"https:\/\/www.fracturaexpuesta.com.ar\/gotan\/wp-json\/wp\/v2\/users\/1"}],"replies":[{"embeddable":true,"href":"https:\/\/www.fracturaexpuesta.com.ar\/gotan\/wp-json\/wp\/v2\/comments?post=6127"}],"version-history":[{"count":55,"href":"https:\/\/www.fracturaexpuesta.com.ar\/gotan\/wp-json\/wp\/v2\/posts\/6127\/revisions"}],"predecessor-version":[{"id":6282,"href":"https:\/\/www.fracturaexpuesta.com.ar\/gotan\/wp-json\/wp\/v2\/posts\/6127\/revisions\/6282"}],"wp:featuredmedia":[{"embeddable":true,"href":"https:\/\/www.fracturaexpuesta.com.ar\/gotan\/wp-json\/wp\/v2\/media\/6239"}],"wp:attachment":[{"href":"https:\/\/www.fracturaexpuesta.com.ar\/gotan\/wp-json\/wp\/v2\/media?parent=6127"}],"wp:term":[{"taxonomy":"category","embeddable":true,"href":"https:\/\/www.fracturaexpuesta.com.ar\/gotan\/wp-json\/wp\/v2\/categories?post=6127"},{"taxonomy":"post_tag","embeddable":true,"href":"https:\/\/www.fracturaexpuesta.com.ar\/gotan\/wp-json\/wp\/v2\/tags?post=6127"}],"curies":[{"name":"wp","href":"https:\/\/api.w.org\/{rel}","templated":true}]}}