{"id":6179,"date":"2026-05-04T22:06:52","date_gmt":"2026-05-05T01:06:52","guid":{"rendered":"https:\/\/www.fracturaexpuesta.com.ar\/gotan\/?p=6179"},"modified":"2026-05-04T22:21:51","modified_gmt":"2026-05-05T01:21:51","slug":"quienes-son-los-artistas-y-grupos-de-tango-nominados-para-los-premios-gardel-2026","status":"publish","type":"post","link":"https:\/\/www.fracturaexpuesta.com.ar\/gotan\/quienes-son-los-artistas-y-grupos-de-tango-nominados-para-los-premios-gardel-2026\/","title":{"rendered":"\u00bfQui\u00e9nes son los artistas y grupos de tango nominados para los Premios Gardel 2026?"},"content":{"rendered":"\n<p class=\"wp-block-paragraph\">Los Premios Gardel 2026 ya tienen a sus nominados en las categor\u00edas dedicadas al tango. Con una considerable presencia de artistas que ya registran participaciones anteriores, la selecci\u00f3n de tango de este a\u00f1o parece poner en relieve un recorrido m\u00e1s acotado en el proceso de selecci\u00f3n.<\/p>\n\n\n\n<p class=\"wp-block-paragraph\">En la categor\u00eda <strong>Mejor \u00c1lbum Artista de Tango<\/strong>, los discos nominados son Canciones de dos puertos, de Alfredo Piro Rinaldi; Pratanguero: 4\u00ba Esquina Final, de Ariel Prat; y Actos de gentileza, de Florian. Tres trabajos que dialogan con aspectos de la tradici\u00f3n y los cruces estil\u00edsticos.<\/p>\n\n\n\n<p class=\"wp-block-paragraph\">Por su parte, la categor\u00eda <strong>Mejor Canci\u00f3n de Tango<\/strong> presenta colaboraciones destacadas y reinterpretaciones. Compiten \u201cLa Marcha de la Bronca\u201d, del Quinteto Negro La Boca junto a Le\u00f3n Gieco, Miguel Cantilo, Ivonne Guzm\u00e1n, Miss Bolivia, Willy Bronca y Julieta Laso; \u201cLa Guitarra\u201d, de Melingo junto a Fito P\u00e1ez; y \u201cNada\u201d, interpretada por Ariel Ardit y Lidia Borda.<\/p>\n\n\n\n<p class=\"wp-block-paragraph\">En Mejor <strong>\u00c1lbum Orquesta y\/o Grupo de Tango y\/o Instrumental<\/strong>, la competencia re\u00fane a una formacion orquestal y a dos pianistas. Los nominados son la EMPA Orquesta de Tango (Escuela de M\u00fasica Popular de Avellaneda) con su trabajo EMPA Orquesta de Tango; Tangomorphosis, de Pablo Estigarribia; y Tango, de Jos\u00e9 Col\u00e1ngelo.<\/p>\n\n\n\n<p class=\"wp-block-paragraph\">Adem\u00e1s de las categor\u00edas espec\u00edficas de tango, esta edici\u00f3n cuenta tambi\u00e9n con artistas que, de forma tangencial, abordan aspectos del g\u00e9nero en sus propuestas. Es el caso de <strong>Sof\u00eda de Ciervo, Cazzu o lo nuevo de Noelia Sinkunas<\/strong>, ampliando el alcance del tango sobre artistas de distintas magnitudes y recorridos.<\/p>\n\n\n\n<p class=\"wp-block-paragraph\">Finalmente, cabe se\u00f1alar que algunos de los nominados de este a\u00f1o ya cuentan con antecedentes recientes en los premios. <strong>Ariel Prat, Noelia Sinkunas y Lidia Borda <\/strong>participaron y resultaron ganadores en la edici\u00f3n 2025. Sucede lo mismo con artistas como el <strong>Quinteto Negro La Boca, Daniel Melingo, Pablo Estigarribia o Ariel Ardit<\/strong> que formaron parte de ternas de nominados en otras ediciones.<\/p>\n\n\n\n<p class=\"wp-block-paragraph\">La ceremonia de entrega se realizar\u00e1 el pr\u00f3ximo <strong>martes 26 de mayo<\/strong>.<\/p>\n\n\n\n<h2 class=\"wp-block-heading\">Los nominados en tango de los Premios Gardel 2026<\/h2>\n\n\n\n<p class=\"wp-block-paragraph\"><strong>Mejor \u00c1lbum Artista de Tango<\/strong><\/p>\n\n\n\n<ul class=\"wp-block-list\">\n<li><strong>Canciones de dos puertos<\/strong> \u2014 Alfredo Piro Rinaldi<\/li>\n\n\n\n<li><strong>Pratanguero: 4\u00ba Esquina Final<\/strong> \u2014 Ariel Prat<\/li>\n\n\n\n<li><strong>Actos de gentileza<\/strong> \u2014 Florian<\/li>\n<\/ul>\n\n\n\n<p class=\"wp-block-paragraph\"><strong>Mejor Canci\u00f3n de Tango<\/strong><\/p>\n\n\n\n<ul class=\"wp-block-list\">\n<li><strong>\u201cLa Marcha de la Bronca\u201d<\/strong> \u2013 Quinteto Negro La Boca con Le\u00f3n Gieco, Miguel Cantilo, Ivonne Guzm\u00e1n, Miss Bolivia, Willy Bronca y Julieta Laso<\/li>\n\n\n\n<li><strong>\u201cLa Guitarra\u201d<\/strong> \u2013 Melingo &amp; Fito P\u00e1ez<\/li>\n\n\n\n<li><strong>\u201cNada\u201d<\/strong> \u2013 Ariel Ardit y Lidia Borda<\/li>\n<\/ul>\n\n\n\n<p class=\"wp-block-paragraph\"><strong>Mejor \u00c1lbum Orquesta y\/o Grupo de Tango y\/o Instrumental<\/strong><\/p>\n\n\n\n<ul class=\"wp-block-list\">\n<li><strong>EMPA<\/strong> (Escuela de M\u00fasica Popular de Avellaneda) Orquesta de Tango \u2013 EMPA Orquesta de Tango<\/li>\n\n\n\n<li><strong>Tangomorphosis<\/strong> \u2013 Pablo Estigarribia<\/li>\n\n\n\n<li><strong>Tango <\/strong>\u2013 Jos\u00e9 Col\u00e1ngelo<\/li>\n<\/ul>\n\n\n\n<div style=\"height:10px\" aria-hidden=\"true\" class=\"wp-block-spacer\"><\/div>\n","protected":false},"excerpt":{"rendered":"<p>Las categor\u00edas son Mejor \u00c1lbum Artista de Tango, Mejor Canci\u00f3n de Tango y \u00c1lbum Orquesta y\/o Grupo de Tango y\/o Instrumental.<\/p>\n","protected":false},"author":1,"featured_media":6181,"comment_status":"open","ping_status":"open","sticky":false,"template":"","format":"standard","meta":{"footnotes":""},"categories":[122],"tags":[103,161],"class_list":["post-6179","post","type-post","status-publish","format-standard","has-post-thumbnail","hentry","category-radar-tango","tag-premios","tag-premios-gardel"],"yoast_head":"<!-- This site is optimized with the Yoast SEO plugin v28.3 - https:\/\/yoast.com\/product\/yoast-seo-wordpress\/ -->\n<title>\u00bfQui\u00e9nes son los artistas y grupos de tango nominados para los Premios Gardel 2026? &#187; Fractura Expuesta | Tango!<\/title>\n<meta name=\"description\" content=\"Las categor\u00edas son Mejor \u00c1lbum Artista de Tango, Mejor Canci\u00f3n de Tango y \u00c1lbum Orquesta y\/o Grupo de Tango y\/o Instrumental.\" \/>\n<meta name=\"robots\" content=\"index, follow, max-snippet:-1, max-image-preview:large, max-video-preview:-1\" \/>\n<link rel=\"canonical\" href=\"https:\/\/www.fracturaexpuesta.com.ar\/gotan\/quienes-son-los-artistas-y-grupos-de-tango-nominados-para-los-premios-gardel-2026\/\" \/>\n<meta property=\"og:locale\" content=\"es_ES\" \/>\n<meta property=\"og:type\" content=\"article\" \/>\n<meta property=\"og:title\" content=\"\u00bfQui\u00e9nes son los artistas y grupos de tango nominados para los Premios Gardel 2026?\" \/>\n<meta property=\"og:description\" content=\"Las categor\u00edas son Mejor \u00c1lbum Artista de Tango, Mejor Canci\u00f3n de Tango y \u00c1lbum Orquesta y\/o Grupo de Tango y\/o Instrumental.\" \/>\n<meta property=\"og:url\" content=\"https:\/\/www.fracturaexpuesta.com.ar\/gotan\/quienes-son-los-artistas-y-grupos-de-tango-nominados-para-los-premios-gardel-2026\/\" \/>\n<meta property=\"og:site_name\" content=\"Fractura Expuesta | Tango!\" \/>\n<meta property=\"article:author\" content=\"https:\/\/www.facebook.com\/fracturaexpuestaok\" \/>\n<meta property=\"article:published_time\" content=\"2026-05-05T01:06:52+00:00\" \/>\n<meta property=\"article:modified_time\" content=\"2026-05-05T01:21:51+00:00\" \/>\n<meta property=\"og:image\" content=\"https:\/\/www.fracturaexpuesta.com.ar\/gotan\/wp-content\/uploads\/2026\/05\/Premios-Gardel-2026-Tango.png\" \/>\n\t<meta property=\"og:image:width\" content=\"1000\" \/>\n\t<meta property=\"og:image:height\" content=\"800\" \/>\n\t<meta property=\"og:image:type\" content=\"image\/png\" \/>\n<meta name=\"author\" content=\"Fractura Expuesta\" \/>\n<meta name=\"twitter:card\" content=\"summary_large_image\" \/>\n<meta name=\"twitter:title\" content=\"\u00bfQui\u00e9nes son los artistas y grupos de tango nominados para los Premios Gardel 2026?\" \/>\n<meta name=\"twitter:description\" content=\"Las categor\u00edas son Mejor \u00c1lbum Artista de Tango, Mejor Canci\u00f3n de Tango y \u00c1lbum Orquesta y\/o Grupo de Tango y\/o Instrumental.\" \/>\n<meta name=\"twitter:image\" content=\"https:\/\/www.fracturaexpuesta.com.ar\/gotan\/wp-content\/uploads\/2026\/05\/Premios-Gardel-2026-Tango.png\" \/>\n<meta name=\"twitter:creator\" content=\"@https:\/\/x.com\/fracturatango\" \/>\n<meta name=\"twitter:label1\" content=\"Escrito por\" \/>\n\t<meta name=\"twitter:data1\" content=\"Fractura Expuesta\" \/>\n\t<meta name=\"twitter:label2\" content=\"Tiempo de lectura\" \/>\n\t<meta name=\"twitter:data2\" content=\"3 minutos\" \/>\n<script type=\"application\/ld+json\" class=\"yoast-schema-graph\">{\"@context\":\"https:\\\/\\\/schema.org\",\"@graph\":[{\"@type\":\"Article\",\"@id\":\"https:\\\/\\\/www.fracturaexpuesta.com.ar\\\/gotan\\\/quienes-son-los-artistas-y-grupos-de-tango-nominados-para-los-premios-gardel-2026\\\/#article\",\"isPartOf\":{\"@id\":\"https:\\\/\\\/www.fracturaexpuesta.com.ar\\\/gotan\\\/quienes-son-los-artistas-y-grupos-de-tango-nominados-para-los-premios-gardel-2026\\\/\"},\"author\":{\"name\":\"Fractura Expuesta\",\"@id\":\"https:\\\/\\\/www.fracturaexpuesta.com.ar\\\/gotan\\\/#\\\/schema\\\/person\\\/d8266939f778485b13ad2174aa9e199e\"},\"headline\":\"\u00bfQui\u00e9nes son los artistas y grupos de tango nominados para los Premios Gardel 2026?\",\"datePublished\":\"2026-05-05T01:06:52+00:00\",\"dateModified\":\"2026-05-05T01:21:51+00:00\",\"mainEntityOfPage\":{\"@id\":\"https:\\\/\\\/www.fracturaexpuesta.com.ar\\\/gotan\\\/quienes-son-los-artistas-y-grupos-de-tango-nominados-para-los-premios-gardel-2026\\\/\"},\"wordCount\":468,\"commentCount\":0,\"publisher\":{\"@id\":\"https:\\\/\\\/www.fracturaexpuesta.com.ar\\\/gotan\\\/#organization\"},\"image\":{\"@id\":\"https:\\\/\\\/www.fracturaexpuesta.com.ar\\\/gotan\\\/quienes-son-los-artistas-y-grupos-de-tango-nominados-para-los-premios-gardel-2026\\\/#primaryimage\"},\"thumbnailUrl\":\"https:\\\/\\\/www.fracturaexpuesta.com.ar\\\/gotan\\\/wp-content\\\/uploads\\\/2026\\\/05\\\/Premios-Gardel-2026-Tango.png\",\"keywords\":[\"premios\",\"premios gardel\"],\"articleSection\":[\"Radar Tango\"],\"inLanguage\":\"es-AR\",\"potentialAction\":[{\"@type\":\"CommentAction\",\"name\":\"Comment\",\"target\":[\"https:\\\/\\\/www.fracturaexpuesta.com.ar\\\/gotan\\\/quienes-son-los-artistas-y-grupos-de-tango-nominados-para-los-premios-gardel-2026\\\/#respond\"]}]},{\"@type\":\"WebPage\",\"@id\":\"https:\\\/\\\/www.fracturaexpuesta.com.ar\\\/gotan\\\/quienes-son-los-artistas-y-grupos-de-tango-nominados-para-los-premios-gardel-2026\\\/\",\"url\":\"https:\\\/\\\/www.fracturaexpuesta.com.ar\\\/gotan\\\/quienes-son-los-artistas-y-grupos-de-tango-nominados-para-los-premios-gardel-2026\\\/\",\"name\":\"\u00bfQui\u00e9nes son los artistas y grupos de tango nominados para los Premios Gardel 2026? &#187; Fractura Expuesta | Tango!\",\"isPartOf\":{\"@id\":\"https:\\\/\\\/www.fracturaexpuesta.com.ar\\\/gotan\\\/#website\"},\"primaryImageOfPage\":{\"@id\":\"https:\\\/\\\/www.fracturaexpuesta.com.ar\\\/gotan\\\/quienes-son-los-artistas-y-grupos-de-tango-nominados-para-los-premios-gardel-2026\\\/#primaryimage\"},\"image\":{\"@id\":\"https:\\\/\\\/www.fracturaexpuesta.com.ar\\\/gotan\\\/quienes-son-los-artistas-y-grupos-de-tango-nominados-para-los-premios-gardel-2026\\\/#primaryimage\"},\"thumbnailUrl\":\"https:\\\/\\\/www.fracturaexpuesta.com.ar\\\/gotan\\\/wp-content\\\/uploads\\\/2026\\\/05\\\/Premios-Gardel-2026-Tango.png\",\"datePublished\":\"2026-05-05T01:06:52+00:00\",\"dateModified\":\"2026-05-05T01:21:51+00:00\",\"description\":\"Las categor\u00edas son Mejor \u00c1lbum Artista de Tango, Mejor Canci\u00f3n de Tango y \u00c1lbum Orquesta y\\\/o Grupo de Tango y\\\/o Instrumental.\",\"breadcrumb\":{\"@id\":\"https:\\\/\\\/www.fracturaexpuesta.com.ar\\\/gotan\\\/quienes-son-los-artistas-y-grupos-de-tango-nominados-para-los-premios-gardel-2026\\\/#breadcrumb\"},\"inLanguage\":\"es-AR\",\"potentialAction\":[{\"@type\":\"ReadAction\",\"target\":[\"https:\\\/\\\/www.fracturaexpuesta.com.ar\\\/gotan\\\/quienes-son-los-artistas-y-grupos-de-tango-nominados-para-los-premios-gardel-2026\\\/\"]}]},{\"@type\":\"ImageObject\",\"inLanguage\":\"es-AR\",\"@id\":\"https:\\\/\\\/www.fracturaexpuesta.com.ar\\\/gotan\\\/quienes-son-los-artistas-y-grupos-de-tango-nominados-para-los-premios-gardel-2026\\\/#primaryimage\",\"url\":\"https:\\\/\\\/www.fracturaexpuesta.com.ar\\\/gotan\\\/wp-content\\\/uploads\\\/2026\\\/05\\\/Premios-Gardel-2026-Tango.png\",\"contentUrl\":\"https:\\\/\\\/www.fracturaexpuesta.com.ar\\\/gotan\\\/wp-content\\\/uploads\\\/2026\\\/05\\\/Premios-Gardel-2026-Tango.png\",\"width\":1000,\"height\":800},{\"@type\":\"BreadcrumbList\",\"@id\":\"https:\\\/\\\/www.fracturaexpuesta.com.ar\\\/gotan\\\/quienes-son-los-artistas-y-grupos-de-tango-nominados-para-los-premios-gardel-2026\\\/#breadcrumb\",\"itemListElement\":[{\"@type\":\"ListItem\",\"position\":1,\"name\":\"Inicio\",\"item\":\"https:\\\/\\\/www.fracturaexpuesta.com.ar\\\/gotan\\\/\"},{\"@type\":\"ListItem\",\"position\":2,\"name\":\"\u00bfQui\u00e9nes son los artistas y grupos de tango nominados para los Premios Gardel 2026?\"}]},{\"@type\":\"WebSite\",\"@id\":\"https:\\\/\\\/www.fracturaexpuesta.com.ar\\\/gotan\\\/#website\",\"url\":\"https:\\\/\\\/www.fracturaexpuesta.com.ar\\\/gotan\\\/\",\"name\":\"Fractura Expuesta | Tango!\",\"description\":\"\",\"publisher\":{\"@id\":\"https:\\\/\\\/www.fracturaexpuesta.com.ar\\\/gotan\\\/#organization\"},\"potentialAction\":[{\"@type\":\"SearchAction\",\"target\":{\"@type\":\"EntryPoint\",\"urlTemplate\":\"https:\\\/\\\/www.fracturaexpuesta.com.ar\\\/gotan\\\/?s={search_term_string}\"},\"query-input\":{\"@type\":\"PropertyValueSpecification\",\"valueRequired\":true,\"valueName\":\"search_term_string\"}}],\"inLanguage\":\"es-AR\"},{\"@type\":\"Organization\",\"@id\":\"https:\\\/\\\/www.fracturaexpuesta.com.ar\\\/gotan\\\/#organization\",\"name\":\"Fractura Expuesta | Tango!\",\"url\":\"https:\\\/\\\/www.fracturaexpuesta.com.ar\\\/gotan\\\/\",\"logo\":{\"@type\":\"ImageObject\",\"inLanguage\":\"es-AR\",\"@id\":\"https:\\\/\\\/www.fracturaexpuesta.com.ar\\\/gotan\\\/#\\\/schema\\\/logo\\\/image\\\/\",\"url\":\"https:\\\/\\\/www.fracturaexpuesta.com.ar\\\/gotan\\\/wp-content\\\/uploads\\\/2025\\\/03\\\/avatar2centroOK.jpg\",\"contentUrl\":\"https:\\\/\\\/www.fracturaexpuesta.com.ar\\\/gotan\\\/wp-content\\\/uploads\\\/2025\\\/03\\\/avatar2centroOK.jpg\",\"width\":600,\"height\":600,\"caption\":\"Fractura Expuesta | Tango!\"},\"image\":{\"@id\":\"https:\\\/\\\/www.fracturaexpuesta.com.ar\\\/gotan\\\/#\\\/schema\\\/logo\\\/image\\\/\"}},{\"@type\":\"Person\",\"@id\":\"https:\\\/\\\/www.fracturaexpuesta.com.ar\\\/gotan\\\/#\\\/schema\\\/person\\\/d8266939f778485b13ad2174aa9e199e\",\"name\":\"Fractura Expuesta\",\"image\":{\"@type\":\"ImageObject\",\"inLanguage\":\"es-AR\",\"@id\":\"https:\\\/\\\/secure.gravatar.com\\\/avatar\\\/c4bad1eb9f93dd4a42df3aa8b8e8b882ff893fcea188ee15488a845db442d7ec?s=96&d=mm&r=g\",\"url\":\"https:\\\/\\\/secure.gravatar.com\\\/avatar\\\/c4bad1eb9f93dd4a42df3aa8b8e8b882ff893fcea188ee15488a845db442d7ec?s=96&d=mm&r=g\",\"contentUrl\":\"https:\\\/\\\/secure.gravatar.com\\\/avatar\\\/c4bad1eb9f93dd4a42df3aa8b8e8b882ff893fcea188ee15488a845db442d7ec?s=96&d=mm&r=g\",\"caption\":\"Fractura Expuesta\"},\"description\":\"Sitio de tango y noticias culturales. Desde 2003, el espacio referente del tango de estos tiempos.\",\"sameAs\":[\"https:\\\/\\\/www.fracturaexpuesta.com.ar\",\"https:\\\/\\\/www.facebook.com\\\/fracturaexpuestaok\",\"https:\\\/\\\/www.instagram.com\\\/fracturaexpuesta\",\"https:\\\/\\\/x.com\\\/https:\\\/\\\/x.com\\\/fracturatango\",\"https:\\\/\\\/www.youtube.com\\\/channel\\\/UCojA8Q0QDpnncOL8sfTHOHg\"],\"url\":\"https:\\\/\\\/www.fracturaexpuesta.com.ar\\\/gotan\\\/author\\\/fractura-expuesta\\\/\"}]}<\/script>\n<!-- \/ Yoast SEO plugin. -->","yoast_head_json":{"title":"\u00bfQui\u00e9nes son los artistas y grupos de tango nominados para los Premios Gardel 2026? &#187; Fractura Expuesta | Tango!","description":"Las categor\u00edas son Mejor \u00c1lbum Artista de Tango, Mejor Canci\u00f3n de Tango y \u00c1lbum Orquesta y\/o Grupo de Tango y\/o Instrumental.","robots":{"index":"index","follow":"follow","max-snippet":"max-snippet:-1","max-image-preview":"max-image-preview:large","max-video-preview":"max-video-preview:-1"},"canonical":"https:\/\/www.fracturaexpuesta.com.ar\/gotan\/quienes-son-los-artistas-y-grupos-de-tango-nominados-para-los-premios-gardel-2026\/","og_locale":"es_ES","og_type":"article","og_title":"\u00bfQui\u00e9nes son los artistas y grupos de tango nominados para los Premios Gardel 2026?","og_description":"Las categor\u00edas son Mejor \u00c1lbum Artista de Tango, Mejor Canci\u00f3n de Tango y \u00c1lbum Orquesta y\/o Grupo de Tango y\/o Instrumental.","og_url":"https:\/\/www.fracturaexpuesta.com.ar\/gotan\/quienes-son-los-artistas-y-grupos-de-tango-nominados-para-los-premios-gardel-2026\/","og_site_name":"Fractura Expuesta | Tango!","article_author":"https:\/\/www.facebook.com\/fracturaexpuestaok","article_published_time":"2026-05-05T01:06:52+00:00","article_modified_time":"2026-05-05T01:21:51+00:00","og_image":[{"width":1000,"height":800,"url":"https:\/\/www.fracturaexpuesta.com.ar\/gotan\/wp-content\/uploads\/2026\/05\/Premios-Gardel-2026-Tango.png","type":"image\/png"}],"author":"Fractura Expuesta","twitter_card":"summary_large_image","twitter_title":"\u00bfQui\u00e9nes son los artistas y grupos de tango nominados para los Premios Gardel 2026?","twitter_description":"Las categor\u00edas son Mejor \u00c1lbum Artista de Tango, Mejor Canci\u00f3n de Tango y \u00c1lbum Orquesta y\/o Grupo de Tango y\/o Instrumental.","twitter_image":"https:\/\/www.fracturaexpuesta.com.ar\/gotan\/wp-content\/uploads\/2026\/05\/Premios-Gardel-2026-Tango.png","twitter_creator":"@https:\/\/x.com\/fracturatango","twitter_misc":{"Escrito por":"Fractura Expuesta","Tiempo de lectura":"3 minutos"},"schema":{"@context":"https:\/\/schema.org","@graph":[{"@type":"Article","@id":"https:\/\/www.fracturaexpuesta.com.ar\/gotan\/quienes-son-los-artistas-y-grupos-de-tango-nominados-para-los-premios-gardel-2026\/#article","isPartOf":{"@id":"https:\/\/www.fracturaexpuesta.com.ar\/gotan\/quienes-son-los-artistas-y-grupos-de-tango-nominados-para-los-premios-gardel-2026\/"},"author":{"name":"Fractura Expuesta","@id":"https:\/\/www.fracturaexpuesta.com.ar\/gotan\/#\/schema\/person\/d8266939f778485b13ad2174aa9e199e"},"headline":"\u00bfQui\u00e9nes son los artistas y grupos de tango nominados para los Premios Gardel 2026?","datePublished":"2026-05-05T01:06:52+00:00","dateModified":"2026-05-05T01:21:51+00:00","mainEntityOfPage":{"@id":"https:\/\/www.fracturaexpuesta.com.ar\/gotan\/quienes-son-los-artistas-y-grupos-de-tango-nominados-para-los-premios-gardel-2026\/"},"wordCount":468,"commentCount":0,"publisher":{"@id":"https:\/\/www.fracturaexpuesta.com.ar\/gotan\/#organization"},"image":{"@id":"https:\/\/www.fracturaexpuesta.com.ar\/gotan\/quienes-son-los-artistas-y-grupos-de-tango-nominados-para-los-premios-gardel-2026\/#primaryimage"},"thumbnailUrl":"https:\/\/www.fracturaexpuesta.com.ar\/gotan\/wp-content\/uploads\/2026\/05\/Premios-Gardel-2026-Tango.png","keywords":["premios","premios gardel"],"articleSection":["Radar Tango"],"inLanguage":"es-AR","potentialAction":[{"@type":"CommentAction","name":"Comment","target":["https:\/\/www.fracturaexpuesta.com.ar\/gotan\/quienes-son-los-artistas-y-grupos-de-tango-nominados-para-los-premios-gardel-2026\/#respond"]}]},{"@type":"WebPage","@id":"https:\/\/www.fracturaexpuesta.com.ar\/gotan\/quienes-son-los-artistas-y-grupos-de-tango-nominados-para-los-premios-gardel-2026\/","url":"https:\/\/www.fracturaexpuesta.com.ar\/gotan\/quienes-son-los-artistas-y-grupos-de-tango-nominados-para-los-premios-gardel-2026\/","name":"\u00bfQui\u00e9nes son los artistas y grupos de tango nominados para los Premios Gardel 2026? &#187; Fractura Expuesta | Tango!","isPartOf":{"@id":"https:\/\/www.fracturaexpuesta.com.ar\/gotan\/#website"},"primaryImageOfPage":{"@id":"https:\/\/www.fracturaexpuesta.com.ar\/gotan\/quienes-son-los-artistas-y-grupos-de-tango-nominados-para-los-premios-gardel-2026\/#primaryimage"},"image":{"@id":"https:\/\/www.fracturaexpuesta.com.ar\/gotan\/quienes-son-los-artistas-y-grupos-de-tango-nominados-para-los-premios-gardel-2026\/#primaryimage"},"thumbnailUrl":"https:\/\/www.fracturaexpuesta.com.ar\/gotan\/wp-content\/uploads\/2026\/05\/Premios-Gardel-2026-Tango.png","datePublished":"2026-05-05T01:06:52+00:00","dateModified":"2026-05-05T01:21:51+00:00","description":"Las categor\u00edas son Mejor \u00c1lbum Artista de Tango, Mejor Canci\u00f3n de Tango y \u00c1lbum Orquesta y\/o Grupo de Tango y\/o Instrumental.","breadcrumb":{"@id":"https:\/\/www.fracturaexpuesta.com.ar\/gotan\/quienes-son-los-artistas-y-grupos-de-tango-nominados-para-los-premios-gardel-2026\/#breadcrumb"},"inLanguage":"es-AR","potentialAction":[{"@type":"ReadAction","target":["https:\/\/www.fracturaexpuesta.com.ar\/gotan\/quienes-son-los-artistas-y-grupos-de-tango-nominados-para-los-premios-gardel-2026\/"]}]},{"@type":"ImageObject","inLanguage":"es-AR","@id":"https:\/\/www.fracturaexpuesta.com.ar\/gotan\/quienes-son-los-artistas-y-grupos-de-tango-nominados-para-los-premios-gardel-2026\/#primaryimage","url":"https:\/\/www.fracturaexpuesta.com.ar\/gotan\/wp-content\/uploads\/2026\/05\/Premios-Gardel-2026-Tango.png","contentUrl":"https:\/\/www.fracturaexpuesta.com.ar\/gotan\/wp-content\/uploads\/2026\/05\/Premios-Gardel-2026-Tango.png","width":1000,"height":800},{"@type":"BreadcrumbList","@id":"https:\/\/www.fracturaexpuesta.com.ar\/gotan\/quienes-son-los-artistas-y-grupos-de-tango-nominados-para-los-premios-gardel-2026\/#breadcrumb","itemListElement":[{"@type":"ListItem","position":1,"name":"Inicio","item":"https:\/\/www.fracturaexpuesta.com.ar\/gotan\/"},{"@type":"ListItem","position":2,"name":"\u00bfQui\u00e9nes son los artistas y grupos de tango nominados para los Premios Gardel 2026?"}]},{"@type":"WebSite","@id":"https:\/\/www.fracturaexpuesta.com.ar\/gotan\/#website","url":"https:\/\/www.fracturaexpuesta.com.ar\/gotan\/","name":"Fractura Expuesta | Tango!","description":"","publisher":{"@id":"https:\/\/www.fracturaexpuesta.com.ar\/gotan\/#organization"},"potentialAction":[{"@type":"SearchAction","target":{"@type":"EntryPoint","urlTemplate":"https:\/\/www.fracturaexpuesta.com.ar\/gotan\/?s={search_term_string}"},"query-input":{"@type":"PropertyValueSpecification","valueRequired":true,"valueName":"search_term_string"}}],"inLanguage":"es-AR"},{"@type":"Organization","@id":"https:\/\/www.fracturaexpuesta.com.ar\/gotan\/#organization","name":"Fractura Expuesta | Tango!","url":"https:\/\/www.fracturaexpuesta.com.ar\/gotan\/","logo":{"@type":"ImageObject","inLanguage":"es-AR","@id":"https:\/\/www.fracturaexpuesta.com.ar\/gotan\/#\/schema\/logo\/image\/","url":"https:\/\/www.fracturaexpuesta.com.ar\/gotan\/wp-content\/uploads\/2025\/03\/avatar2centroOK.jpg","contentUrl":"https:\/\/www.fracturaexpuesta.com.ar\/gotan\/wp-content\/uploads\/2025\/03\/avatar2centroOK.jpg","width":600,"height":600,"caption":"Fractura Expuesta | Tango!"},"image":{"@id":"https:\/\/www.fracturaexpuesta.com.ar\/gotan\/#\/schema\/logo\/image\/"}},{"@type":"Person","@id":"https:\/\/www.fracturaexpuesta.com.ar\/gotan\/#\/schema\/person\/d8266939f778485b13ad2174aa9e199e","name":"Fractura Expuesta","image":{"@type":"ImageObject","inLanguage":"es-AR","@id":"https:\/\/secure.gravatar.com\/avatar\/c4bad1eb9f93dd4a42df3aa8b8e8b882ff893fcea188ee15488a845db442d7ec?s=96&d=mm&r=g","url":"https:\/\/secure.gravatar.com\/avatar\/c4bad1eb9f93dd4a42df3aa8b8e8b882ff893fcea188ee15488a845db442d7ec?s=96&d=mm&r=g","contentUrl":"https:\/\/secure.gravatar.com\/avatar\/c4bad1eb9f93dd4a42df3aa8b8e8b882ff893fcea188ee15488a845db442d7ec?s=96&d=mm&r=g","caption":"Fractura Expuesta"},"description":"Sitio de tango y noticias culturales. Desde 2003, el espacio referente del tango de estos tiempos.","sameAs":["https:\/\/www.fracturaexpuesta.com.ar","https:\/\/www.facebook.com\/fracturaexpuestaok","https:\/\/www.instagram.com\/fracturaexpuesta","https:\/\/x.com\/https:\/\/x.com\/fracturatango","https:\/\/www.youtube.com\/channel\/UCojA8Q0QDpnncOL8sfTHOHg"],"url":"https:\/\/www.fracturaexpuesta.com.ar\/gotan\/author\/fractura-expuesta\/"}]}},"_links":{"self":[{"href":"https:\/\/www.fracturaexpuesta.com.ar\/gotan\/wp-json\/wp\/v2\/posts\/6179","targetHints":{"allow":["GET"]}}],"collection":[{"href":"https:\/\/www.fracturaexpuesta.com.ar\/gotan\/wp-json\/wp\/v2\/posts"}],"about":[{"href":"https:\/\/www.fracturaexpuesta.com.ar\/gotan\/wp-json\/wp\/v2\/types\/post"}],"author":[{"embeddable":true,"href":"https:\/\/www.fracturaexpuesta.com.ar\/gotan\/wp-json\/wp\/v2\/users\/1"}],"replies":[{"embeddable":true,"href":"https:\/\/www.fracturaexpuesta.com.ar\/gotan\/wp-json\/wp\/v2\/comments?post=6179"}],"version-history":[{"count":5,"href":"https:\/\/www.fracturaexpuesta.com.ar\/gotan\/wp-json\/wp\/v2\/posts\/6179\/revisions"}],"predecessor-version":[{"id":6190,"href":"https:\/\/www.fracturaexpuesta.com.ar\/gotan\/wp-json\/wp\/v2\/posts\/6179\/revisions\/6190"}],"wp:featuredmedia":[{"embeddable":true,"href":"https:\/\/www.fracturaexpuesta.com.ar\/gotan\/wp-json\/wp\/v2\/media\/6181"}],"wp:attachment":[{"href":"https:\/\/www.fracturaexpuesta.com.ar\/gotan\/wp-json\/wp\/v2\/media?parent=6179"}],"wp:term":[{"taxonomy":"category","embeddable":true,"href":"https:\/\/www.fracturaexpuesta.com.ar\/gotan\/wp-json\/wp\/v2\/categories?post=6179"},{"taxonomy":"post_tag","embeddable":true,"href":"https:\/\/www.fracturaexpuesta.com.ar\/gotan\/wp-json\/wp\/v2\/tags?post=6179"}],"curies":[{"name":"wp","href":"https:\/\/api.w.org\/{rel}","templated":true}]}}