{"id":6191,"date":"2026-05-06T21:52:37","date_gmt":"2026-05-07T00:52:37","guid":{"rendered":"https:\/\/www.fracturaexpuesta.com.ar\/gotan\/?p=6191"},"modified":"2026-05-27T10:11:28","modified_gmt":"2026-05-27T13:11:28","slug":"di-pasquale-y-su-orquesta-un-viaje-del-tango-hacia-otros-horizontes","status":"publish","type":"post","link":"https:\/\/www.fracturaexpuesta.com.ar\/gotan\/di-pasquale-y-su-orquesta-un-viaje-del-tango-hacia-otros-horizontes\/","title":{"rendered":"Di Pasquale y su orquesta: un viaje del tango hacia otros horizontes"},"content":{"rendered":"\n<p class=\"wp-block-paragraph\">Nacido al calor de un ciclo musical que se extendi\u00f3 durante tres a\u00f1os, el reciente \u00e1lbum de la Orquesta T\u00edpica Di Pasquale sale a la luz para reflejar aquel lugar de encuentro de la formaci\u00f3n con distintos m\u00fasicos invitados.<\/p>\n\n\n\n<p class=\"wp-block-paragraph\">Un disco que re\u00fane el trabajo del pianista y director Juan Ignacio Di Pasquale sobre composiciones readaptadas de referentes de g\u00e9neros como el chamam\u00e9, el folklore, el huayno, el jazz, el rock o el candombe, entre otros.<\/p>\n\n\n\n<p class=\"wp-block-paragraph\"><a href=\"https:\/\/music.youtube.com\/playlist?list=OLAK5uy_klZvXvvqtNiSwdhvq6nYh8XGUJgCqrUL0\">\u201c\u00bfQu\u00e9 pasa con la m\u00fasica popular hoy?\u201d <\/a>es el t\u00edtulo de un \u00e1lbum que busca un di\u00e1logo profundo entre la orquesta t\u00edpica de tango y otros sonidos. Una manera de juego doble en el que el tango se impregna de otros horizontes y otros estilos se disponen al ambiente del 2&#215;4.<\/p>\n\n\n\n<figure class=\"wp-block-image size-full\"><img loading=\"lazy\" decoding=\"async\" width=\"768\" height=\"768\" src=\"https:\/\/www.fracturaexpuesta.com.ar\/gotan\/wp-content\/uploads\/2026\/05\/Portada-768x768-1.jpg\" alt=\"\" class=\"wp-image-6193\" srcset=\"https:\/\/www.fracturaexpuesta.com.ar\/gotan\/wp-content\/uploads\/2026\/05\/Portada-768x768-1.jpg 768w, https:\/\/www.fracturaexpuesta.com.ar\/gotan\/wp-content\/uploads\/2026\/05\/Portada-768x768-1-300x300.jpg 300w, https:\/\/www.fracturaexpuesta.com.ar\/gotan\/wp-content\/uploads\/2026\/05\/Portada-768x768-1-150x150.jpg 150w, https:\/\/www.fracturaexpuesta.com.ar\/gotan\/wp-content\/uploads\/2026\/05\/Portada-768x768-1-60x60.jpg 60w, https:\/\/www.fracturaexpuesta.com.ar\/gotan\/wp-content\/uploads\/2026\/05\/Portada-768x768-1-480x480.jpg 480w\" sizes=\"auto, (max-width: 768px) 100vw, 768px\" \/><figcaption class=\"wp-element-caption\"><mark style=\"background-color:rgba(0, 0, 0, 0)\" class=\"has-inline-color has-cyan-bluish-gray-color\"><em>La portada del nuevo disco<\/em><\/mark><\/figcaption><\/figure>\n\n\n\n<p class=\"wp-block-paragraph\">Un disco en el que se abren cajas musicales para Di Pasquale y su orquesta. La posibilidad de encontrar, aprender o expandir su propio paisaje como compositor y arreglador. Sobre todo aprender, remarca Di Pasquale.<\/p>\n\n\n\n<p class=\"wp-block-paragraph\">Los invitados del disco son referentes de la m\u00fasica popular argentina actual: Pipi Piazzolla, Daniel Maza, Marcelo Moguilevsky, Sebasti\u00e1n Esp\u00f3sito, Abel Tesoriere, In\u00e9s Cuello, Eliana Zarabozo, Flor Bobadilla Oliva, Luciana Jury, Carlos Moscardini, Nadia Larcher, Andr\u00e9s Pilar, Mar\u00eda Pien, Carmen S\u00e1nchez Viamonte y Nacho Mozetic.<\/p>\n\n\n\n<figure class=\"wp-block-image size-large\"><img loading=\"lazy\" decoding=\"async\" width=\"1024\" height=\"685\" src=\"https:\/\/www.fracturaexpuesta.com.ar\/gotan\/wp-content\/uploads\/2026\/05\/Juan-Ignacion-Di-Pasquale-1024x685.jpg\" alt=\"\" class=\"wp-image-6194\" srcset=\"https:\/\/www.fracturaexpuesta.com.ar\/gotan\/wp-content\/uploads\/2026\/05\/Juan-Ignacion-Di-Pasquale-1024x685.jpg 1024w, https:\/\/www.fracturaexpuesta.com.ar\/gotan\/wp-content\/uploads\/2026\/05\/Juan-Ignacion-Di-Pasquale-300x201.jpg 300w, https:\/\/www.fracturaexpuesta.com.ar\/gotan\/wp-content\/uploads\/2026\/05\/Juan-Ignacion-Di-Pasquale-768x514.jpg 768w, https:\/\/www.fracturaexpuesta.com.ar\/gotan\/wp-content\/uploads\/2026\/05\/Juan-Ignacion-Di-Pasquale-60x40.jpg 60w, https:\/\/www.fracturaexpuesta.com.ar\/gotan\/wp-content\/uploads\/2026\/05\/Juan-Ignacion-Di-Pasquale.jpg 1300w\" sizes=\"auto, (max-width: 1024px) 100vw, 1024px\" \/><figcaption class=\"wp-element-caption\"><mark style=\"background-color:rgba(0, 0, 0, 0)\" class=\"has-inline-color has-cyan-bluish-gray-color\"><em>Juan Ignacio Di P<\/em>asquale<\/mark><\/figcaption><\/figure>\n\n\n\n<p class=\"wp-block-paragraph\">El material se presentar\u00e1 en vivo durante tres fechas en La Carbonera (martes 12, 19 y 26 de mayo) y contar\u00e1 con la participaci\u00f3n de los artistas invitados.<\/p>\n\n\n\n<p class=\"wp-block-paragraph\"><strong>&#8220;Electricidad&#8221; \/ Orquesta T\u00edpica Di Pasquale y Carmen S\u00e1nchez Viamonte<\/strong>:<\/p>\n\n\n\n<figure class=\"wp-block-embed is-type-video is-provider-youtube wp-block-embed-youtube wp-embed-aspect-4-3 wp-has-aspect-ratio\"><div class=\"wp-block-embed__wrapper\">\n<iframe loading=\"lazy\" title=\"Electricidad\" width=\"1170\" height=\"878\" src=\"https:\/\/www.youtube.com\/embed\/Lq2PtRMZowU?feature=oembed\" frameborder=\"0\" allow=\"accelerometer; autoplay; clipboard-write; encrypted-media; gyroscope; picture-in-picture; web-share\" referrerpolicy=\"strict-origin-when-cross-origin\" allowfullscreen><\/iframe>\n<\/div><\/figure>\n","protected":false},"excerpt":{"rendered":"<p>La Orquesta T\u00edpica Di Pasquale dio a conocer su nuevo \u00e1lbum titulado \u201c\u00bfQu\u00e9 pasa con la m\u00fasica popular hoy?\u201d, un registro en el que el tango promueve una alquimia con artistas y estilos de otras escenas.<\/p>\n","protected":false},"author":1,"featured_media":6192,"comment_status":"open","ping_status":"open","sticky":false,"template":"","format":"standard","meta":{"footnotes":""},"categories":[82],"tags":[81,271],"class_list":["post-6191","post","type-post","status-publish","format-standard","has-post-thumbnail","hentry","category-doble-a","tag-discos","tag-orquesta-tipica-di-pasquale"],"yoast_head":"<!-- This site is optimized with the Yoast SEO plugin v28.3 - https:\/\/yoast.com\/product\/yoast-seo-wordpress\/ -->\n<title>Di Pasquale y su orquesta: un viaje del tango hacia otros horizontes &#187; Fractura Expuesta | Tango!<\/title>\n<meta name=\"description\" content=\"La Orquesta T\u00edpica Di Pasquale dio a conocer su nuevo \u00e1lbum titulado \u201c\u00bfQu\u00e9 pasa con la m\u00fasica popular hoy?\u201d, un registro en el que el tango promueve una alquimia con artistas y estilos de otras escenas.\" \/>\n<meta name=\"robots\" content=\"index, follow, max-snippet:-1, max-image-preview:large, max-video-preview:-1\" \/>\n<link rel=\"canonical\" href=\"https:\/\/www.fracturaexpuesta.com.ar\/gotan\/di-pasquale-y-su-orquesta-un-viaje-del-tango-hacia-otros-horizontes\/\" \/>\n<meta property=\"og:locale\" content=\"es_ES\" \/>\n<meta property=\"og:type\" content=\"article\" \/>\n<meta property=\"og:title\" content=\"Di Pasquale y su orquesta: un viaje del tango hacia otros horizontes\" \/>\n<meta property=\"og:description\" content=\"La Orquesta T\u00edpica Di Pasquale dio a conocer su nuevo \u00e1lbum titulado \u201c\u00bfQu\u00e9 pasa con la m\u00fasica popular hoy?\u201d, un registro en el que el tango promueve una alquimia con artistas y estilos de otras escenas.\" \/>\n<meta property=\"og:url\" content=\"https:\/\/www.fracturaexpuesta.com.ar\/gotan\/di-pasquale-y-su-orquesta-un-viaje-del-tango-hacia-otros-horizontes\/\" \/>\n<meta property=\"og:site_name\" content=\"Fractura Expuesta | Tango!\" \/>\n<meta property=\"article:author\" content=\"https:\/\/www.facebook.com\/fracturaexpuestaok\" \/>\n<meta property=\"article:published_time\" content=\"2026-05-07T00:52:37+00:00\" \/>\n<meta property=\"article:modified_time\" content=\"2026-05-27T13:11:28+00:00\" \/>\n<meta property=\"og:image\" content=\"https:\/\/www.fracturaexpuesta.com.ar\/gotan\/wp-content\/uploads\/2026\/05\/Portada-768x768-1.png\" \/>\n\t<meta property=\"og:image:width\" content=\"696\" \/>\n\t<meta property=\"og:image:height\" content=\"540\" \/>\n\t<meta property=\"og:image:type\" content=\"image\/png\" \/>\n<meta name=\"author\" content=\"Fractura Expuesta\" \/>\n<meta name=\"twitter:card\" content=\"summary_large_image\" \/>\n<meta name=\"twitter:title\" content=\"Di Pasquale y su orquesta: un viaje del tango hacia otros horizontes\" \/>\n<meta name=\"twitter:description\" content=\"La Orquesta T\u00edpica Di Pasquale dio a conocer su nuevo \u00e1lbum titulado \u201c\u00bfQu\u00e9 pasa con la m\u00fasica popular hoy?\u201d, un registro en el que el tango promueve una alquimia con artistas y estilos de otras escenas.\" \/>\n<meta name=\"twitter:image\" content=\"https:\/\/www.fracturaexpuesta.com.ar\/gotan\/wp-content\/uploads\/2026\/05\/Portada-768x768-1.png\" \/>\n<meta name=\"twitter:creator\" content=\"@https:\/\/x.com\/fracturatango\" \/>\n<meta name=\"twitter:label1\" content=\"Escrito por\" \/>\n\t<meta name=\"twitter:data1\" content=\"Fractura Expuesta\" \/>\n\t<meta name=\"twitter:label2\" content=\"Tiempo de lectura\" \/>\n\t<meta name=\"twitter:data2\" content=\"2 minutos\" \/>\n<script type=\"application\/ld+json\" class=\"yoast-schema-graph\">{\"@context\":\"https:\\\/\\\/schema.org\",\"@graph\":[{\"@type\":\"Article\",\"@id\":\"https:\\\/\\\/www.fracturaexpuesta.com.ar\\\/gotan\\\/di-pasquale-y-su-orquesta-un-viaje-del-tango-hacia-otros-horizontes\\\/#article\",\"isPartOf\":{\"@id\":\"https:\\\/\\\/www.fracturaexpuesta.com.ar\\\/gotan\\\/di-pasquale-y-su-orquesta-un-viaje-del-tango-hacia-otros-horizontes\\\/\"},\"author\":{\"name\":\"Fractura Expuesta\",\"@id\":\"https:\\\/\\\/www.fracturaexpuesta.com.ar\\\/gotan\\\/#\\\/schema\\\/person\\\/d8266939f778485b13ad2174aa9e199e\"},\"headline\":\"Di Pasquale y su orquesta: un viaje del tango hacia otros horizontes\",\"datePublished\":\"2026-05-07T00:52:37+00:00\",\"dateModified\":\"2026-05-27T13:11:28+00:00\",\"mainEntityOfPage\":{\"@id\":\"https:\\\/\\\/www.fracturaexpuesta.com.ar\\\/gotan\\\/di-pasquale-y-su-orquesta-un-viaje-del-tango-hacia-otros-horizontes\\\/\"},\"wordCount\":290,\"commentCount\":0,\"publisher\":{\"@id\":\"https:\\\/\\\/www.fracturaexpuesta.com.ar\\\/gotan\\\/#organization\"},\"image\":{\"@id\":\"https:\\\/\\\/www.fracturaexpuesta.com.ar\\\/gotan\\\/di-pasquale-y-su-orquesta-un-viaje-del-tango-hacia-otros-horizontes\\\/#primaryimage\"},\"thumbnailUrl\":\"https:\\\/\\\/www.fracturaexpuesta.com.ar\\\/gotan\\\/wp-content\\\/uploads\\\/2026\\\/05\\\/Portada-768x768-1.png\",\"keywords\":[\"discos\",\"Orquesta T\u00edpica Di Pasquale\"],\"articleSection\":[\"Doble A\"],\"inLanguage\":\"es-AR\",\"potentialAction\":[{\"@type\":\"CommentAction\",\"name\":\"Comment\",\"target\":[\"https:\\\/\\\/www.fracturaexpuesta.com.ar\\\/gotan\\\/di-pasquale-y-su-orquesta-un-viaje-del-tango-hacia-otros-horizontes\\\/#respond\"]}]},{\"@type\":\"WebPage\",\"@id\":\"https:\\\/\\\/www.fracturaexpuesta.com.ar\\\/gotan\\\/di-pasquale-y-su-orquesta-un-viaje-del-tango-hacia-otros-horizontes\\\/\",\"url\":\"https:\\\/\\\/www.fracturaexpuesta.com.ar\\\/gotan\\\/di-pasquale-y-su-orquesta-un-viaje-del-tango-hacia-otros-horizontes\\\/\",\"name\":\"Di Pasquale y su orquesta: un viaje del tango hacia otros horizontes &#187; Fractura Expuesta | Tango!\",\"isPartOf\":{\"@id\":\"https:\\\/\\\/www.fracturaexpuesta.com.ar\\\/gotan\\\/#website\"},\"primaryImageOfPage\":{\"@id\":\"https:\\\/\\\/www.fracturaexpuesta.com.ar\\\/gotan\\\/di-pasquale-y-su-orquesta-un-viaje-del-tango-hacia-otros-horizontes\\\/#primaryimage\"},\"image\":{\"@id\":\"https:\\\/\\\/www.fracturaexpuesta.com.ar\\\/gotan\\\/di-pasquale-y-su-orquesta-un-viaje-del-tango-hacia-otros-horizontes\\\/#primaryimage\"},\"thumbnailUrl\":\"https:\\\/\\\/www.fracturaexpuesta.com.ar\\\/gotan\\\/wp-content\\\/uploads\\\/2026\\\/05\\\/Portada-768x768-1.png\",\"datePublished\":\"2026-05-07T00:52:37+00:00\",\"dateModified\":\"2026-05-27T13:11:28+00:00\",\"description\":\"La Orquesta T\u00edpica Di Pasquale dio a conocer su nuevo \u00e1lbum titulado \u201c\u00bfQu\u00e9 pasa con la m\u00fasica popular hoy?\u201d, un registro en el que el tango promueve una alquimia con artistas y estilos de otras escenas.\",\"breadcrumb\":{\"@id\":\"https:\\\/\\\/www.fracturaexpuesta.com.ar\\\/gotan\\\/di-pasquale-y-su-orquesta-un-viaje-del-tango-hacia-otros-horizontes\\\/#breadcrumb\"},\"inLanguage\":\"es-AR\",\"potentialAction\":[{\"@type\":\"ReadAction\",\"target\":[\"https:\\\/\\\/www.fracturaexpuesta.com.ar\\\/gotan\\\/di-pasquale-y-su-orquesta-un-viaje-del-tango-hacia-otros-horizontes\\\/\"]}]},{\"@type\":\"ImageObject\",\"inLanguage\":\"es-AR\",\"@id\":\"https:\\\/\\\/www.fracturaexpuesta.com.ar\\\/gotan\\\/di-pasquale-y-su-orquesta-un-viaje-del-tango-hacia-otros-horizontes\\\/#primaryimage\",\"url\":\"https:\\\/\\\/www.fracturaexpuesta.com.ar\\\/gotan\\\/wp-content\\\/uploads\\\/2026\\\/05\\\/Portada-768x768-1.png\",\"contentUrl\":\"https:\\\/\\\/www.fracturaexpuesta.com.ar\\\/gotan\\\/wp-content\\\/uploads\\\/2026\\\/05\\\/Portada-768x768-1.png\",\"width\":696,\"height\":540,\"caption\":\"Orquesta T\u00edpica Di Pasquale: \u00bfQu\u00e9 pasa con la m\u00fasica popular hoy?\"},{\"@type\":\"BreadcrumbList\",\"@id\":\"https:\\\/\\\/www.fracturaexpuesta.com.ar\\\/gotan\\\/di-pasquale-y-su-orquesta-un-viaje-del-tango-hacia-otros-horizontes\\\/#breadcrumb\",\"itemListElement\":[{\"@type\":\"ListItem\",\"position\":1,\"name\":\"Inicio\",\"item\":\"https:\\\/\\\/www.fracturaexpuesta.com.ar\\\/gotan\\\/\"},{\"@type\":\"ListItem\",\"position\":2,\"name\":\"Di Pasquale y su orquesta: un viaje del tango hacia otros horizontes\"}]},{\"@type\":\"WebSite\",\"@id\":\"https:\\\/\\\/www.fracturaexpuesta.com.ar\\\/gotan\\\/#website\",\"url\":\"https:\\\/\\\/www.fracturaexpuesta.com.ar\\\/gotan\\\/\",\"name\":\"Fractura Expuesta | Tango!\",\"description\":\"\",\"publisher\":{\"@id\":\"https:\\\/\\\/www.fracturaexpuesta.com.ar\\\/gotan\\\/#organization\"},\"potentialAction\":[{\"@type\":\"SearchAction\",\"target\":{\"@type\":\"EntryPoint\",\"urlTemplate\":\"https:\\\/\\\/www.fracturaexpuesta.com.ar\\\/gotan\\\/?s={search_term_string}\"},\"query-input\":{\"@type\":\"PropertyValueSpecification\",\"valueRequired\":true,\"valueName\":\"search_term_string\"}}],\"inLanguage\":\"es-AR\"},{\"@type\":\"Organization\",\"@id\":\"https:\\\/\\\/www.fracturaexpuesta.com.ar\\\/gotan\\\/#organization\",\"name\":\"Fractura Expuesta | Tango!\",\"url\":\"https:\\\/\\\/www.fracturaexpuesta.com.ar\\\/gotan\\\/\",\"logo\":{\"@type\":\"ImageObject\",\"inLanguage\":\"es-AR\",\"@id\":\"https:\\\/\\\/www.fracturaexpuesta.com.ar\\\/gotan\\\/#\\\/schema\\\/logo\\\/image\\\/\",\"url\":\"https:\\\/\\\/www.fracturaexpuesta.com.ar\\\/gotan\\\/wp-content\\\/uploads\\\/2025\\\/03\\\/avatar2centroOK.jpg\",\"contentUrl\":\"https:\\\/\\\/www.fracturaexpuesta.com.ar\\\/gotan\\\/wp-content\\\/uploads\\\/2025\\\/03\\\/avatar2centroOK.jpg\",\"width\":600,\"height\":600,\"caption\":\"Fractura Expuesta | Tango!\"},\"image\":{\"@id\":\"https:\\\/\\\/www.fracturaexpuesta.com.ar\\\/gotan\\\/#\\\/schema\\\/logo\\\/image\\\/\"}},{\"@type\":\"Person\",\"@id\":\"https:\\\/\\\/www.fracturaexpuesta.com.ar\\\/gotan\\\/#\\\/schema\\\/person\\\/d8266939f778485b13ad2174aa9e199e\",\"name\":\"Fractura Expuesta\",\"image\":{\"@type\":\"ImageObject\",\"inLanguage\":\"es-AR\",\"@id\":\"https:\\\/\\\/secure.gravatar.com\\\/avatar\\\/c4bad1eb9f93dd4a42df3aa8b8e8b882ff893fcea188ee15488a845db442d7ec?s=96&d=mm&r=g\",\"url\":\"https:\\\/\\\/secure.gravatar.com\\\/avatar\\\/c4bad1eb9f93dd4a42df3aa8b8e8b882ff893fcea188ee15488a845db442d7ec?s=96&d=mm&r=g\",\"contentUrl\":\"https:\\\/\\\/secure.gravatar.com\\\/avatar\\\/c4bad1eb9f93dd4a42df3aa8b8e8b882ff893fcea188ee15488a845db442d7ec?s=96&d=mm&r=g\",\"caption\":\"Fractura Expuesta\"},\"description\":\"Sitio de tango y noticias culturales. Desde 2003, el espacio referente del tango de estos tiempos.\",\"sameAs\":[\"https:\\\/\\\/www.fracturaexpuesta.com.ar\",\"https:\\\/\\\/www.facebook.com\\\/fracturaexpuestaok\",\"https:\\\/\\\/www.instagram.com\\\/fracturaexpuesta\",\"https:\\\/\\\/x.com\\\/https:\\\/\\\/x.com\\\/fracturatango\",\"https:\\\/\\\/www.youtube.com\\\/channel\\\/UCojA8Q0QDpnncOL8sfTHOHg\"],\"url\":\"https:\\\/\\\/www.fracturaexpuesta.com.ar\\\/gotan\\\/author\\\/fractura-expuesta\\\/\"}]}<\/script>\n<!-- \/ Yoast SEO plugin. -->","yoast_head_json":{"title":"Di Pasquale y su orquesta: un viaje del tango hacia otros horizontes &#187; Fractura Expuesta | Tango!","description":"La Orquesta T\u00edpica Di Pasquale dio a conocer su nuevo \u00e1lbum titulado \u201c\u00bfQu\u00e9 pasa con la m\u00fasica popular hoy?\u201d, un registro en el que el tango promueve una alquimia con artistas y estilos de otras escenas.","robots":{"index":"index","follow":"follow","max-snippet":"max-snippet:-1","max-image-preview":"max-image-preview:large","max-video-preview":"max-video-preview:-1"},"canonical":"https:\/\/www.fracturaexpuesta.com.ar\/gotan\/di-pasquale-y-su-orquesta-un-viaje-del-tango-hacia-otros-horizontes\/","og_locale":"es_ES","og_type":"article","og_title":"Di Pasquale y su orquesta: un viaje del tango hacia otros horizontes","og_description":"La Orquesta T\u00edpica Di Pasquale dio a conocer su nuevo \u00e1lbum titulado \u201c\u00bfQu\u00e9 pasa con la m\u00fasica popular hoy?\u201d, un registro en el que el tango promueve una alquimia con artistas y estilos de otras escenas.","og_url":"https:\/\/www.fracturaexpuesta.com.ar\/gotan\/di-pasquale-y-su-orquesta-un-viaje-del-tango-hacia-otros-horizontes\/","og_site_name":"Fractura Expuesta | Tango!","article_author":"https:\/\/www.facebook.com\/fracturaexpuestaok","article_published_time":"2026-05-07T00:52:37+00:00","article_modified_time":"2026-05-27T13:11:28+00:00","og_image":[{"width":696,"height":540,"url":"https:\/\/www.fracturaexpuesta.com.ar\/gotan\/wp-content\/uploads\/2026\/05\/Portada-768x768-1.png","type":"image\/png"}],"author":"Fractura Expuesta","twitter_card":"summary_large_image","twitter_title":"Di Pasquale y su orquesta: un viaje del tango hacia otros horizontes","twitter_description":"La Orquesta T\u00edpica Di Pasquale dio a conocer su nuevo \u00e1lbum titulado \u201c\u00bfQu\u00e9 pasa con la m\u00fasica popular hoy?\u201d, un registro en el que el tango promueve una alquimia con artistas y estilos de otras escenas.","twitter_image":"https:\/\/www.fracturaexpuesta.com.ar\/gotan\/wp-content\/uploads\/2026\/05\/Portada-768x768-1.png","twitter_creator":"@https:\/\/x.com\/fracturatango","twitter_misc":{"Escrito por":"Fractura Expuesta","Tiempo de lectura":"2 minutos"},"schema":{"@context":"https:\/\/schema.org","@graph":[{"@type":"Article","@id":"https:\/\/www.fracturaexpuesta.com.ar\/gotan\/di-pasquale-y-su-orquesta-un-viaje-del-tango-hacia-otros-horizontes\/#article","isPartOf":{"@id":"https:\/\/www.fracturaexpuesta.com.ar\/gotan\/di-pasquale-y-su-orquesta-un-viaje-del-tango-hacia-otros-horizontes\/"},"author":{"name":"Fractura Expuesta","@id":"https:\/\/www.fracturaexpuesta.com.ar\/gotan\/#\/schema\/person\/d8266939f778485b13ad2174aa9e199e"},"headline":"Di Pasquale y su orquesta: un viaje del tango hacia otros horizontes","datePublished":"2026-05-07T00:52:37+00:00","dateModified":"2026-05-27T13:11:28+00:00","mainEntityOfPage":{"@id":"https:\/\/www.fracturaexpuesta.com.ar\/gotan\/di-pasquale-y-su-orquesta-un-viaje-del-tango-hacia-otros-horizontes\/"},"wordCount":290,"commentCount":0,"publisher":{"@id":"https:\/\/www.fracturaexpuesta.com.ar\/gotan\/#organization"},"image":{"@id":"https:\/\/www.fracturaexpuesta.com.ar\/gotan\/di-pasquale-y-su-orquesta-un-viaje-del-tango-hacia-otros-horizontes\/#primaryimage"},"thumbnailUrl":"https:\/\/www.fracturaexpuesta.com.ar\/gotan\/wp-content\/uploads\/2026\/05\/Portada-768x768-1.png","keywords":["discos","Orquesta T\u00edpica Di Pasquale"],"articleSection":["Doble A"],"inLanguage":"es-AR","potentialAction":[{"@type":"CommentAction","name":"Comment","target":["https:\/\/www.fracturaexpuesta.com.ar\/gotan\/di-pasquale-y-su-orquesta-un-viaje-del-tango-hacia-otros-horizontes\/#respond"]}]},{"@type":"WebPage","@id":"https:\/\/www.fracturaexpuesta.com.ar\/gotan\/di-pasquale-y-su-orquesta-un-viaje-del-tango-hacia-otros-horizontes\/","url":"https:\/\/www.fracturaexpuesta.com.ar\/gotan\/di-pasquale-y-su-orquesta-un-viaje-del-tango-hacia-otros-horizontes\/","name":"Di Pasquale y su orquesta: un viaje del tango hacia otros horizontes &#187; Fractura Expuesta | Tango!","isPartOf":{"@id":"https:\/\/www.fracturaexpuesta.com.ar\/gotan\/#website"},"primaryImageOfPage":{"@id":"https:\/\/www.fracturaexpuesta.com.ar\/gotan\/di-pasquale-y-su-orquesta-un-viaje-del-tango-hacia-otros-horizontes\/#primaryimage"},"image":{"@id":"https:\/\/www.fracturaexpuesta.com.ar\/gotan\/di-pasquale-y-su-orquesta-un-viaje-del-tango-hacia-otros-horizontes\/#primaryimage"},"thumbnailUrl":"https:\/\/www.fracturaexpuesta.com.ar\/gotan\/wp-content\/uploads\/2026\/05\/Portada-768x768-1.png","datePublished":"2026-05-07T00:52:37+00:00","dateModified":"2026-05-27T13:11:28+00:00","description":"La Orquesta T\u00edpica Di Pasquale dio a conocer su nuevo \u00e1lbum titulado \u201c\u00bfQu\u00e9 pasa con la m\u00fasica popular hoy?\u201d, un registro en el que el tango promueve una alquimia con artistas y estilos de otras escenas.","breadcrumb":{"@id":"https:\/\/www.fracturaexpuesta.com.ar\/gotan\/di-pasquale-y-su-orquesta-un-viaje-del-tango-hacia-otros-horizontes\/#breadcrumb"},"inLanguage":"es-AR","potentialAction":[{"@type":"ReadAction","target":["https:\/\/www.fracturaexpuesta.com.ar\/gotan\/di-pasquale-y-su-orquesta-un-viaje-del-tango-hacia-otros-horizontes\/"]}]},{"@type":"ImageObject","inLanguage":"es-AR","@id":"https:\/\/www.fracturaexpuesta.com.ar\/gotan\/di-pasquale-y-su-orquesta-un-viaje-del-tango-hacia-otros-horizontes\/#primaryimage","url":"https:\/\/www.fracturaexpuesta.com.ar\/gotan\/wp-content\/uploads\/2026\/05\/Portada-768x768-1.png","contentUrl":"https:\/\/www.fracturaexpuesta.com.ar\/gotan\/wp-content\/uploads\/2026\/05\/Portada-768x768-1.png","width":696,"height":540,"caption":"Orquesta T\u00edpica Di Pasquale: \u00bfQu\u00e9 pasa con la m\u00fasica popular hoy?"},{"@type":"BreadcrumbList","@id":"https:\/\/www.fracturaexpuesta.com.ar\/gotan\/di-pasquale-y-su-orquesta-un-viaje-del-tango-hacia-otros-horizontes\/#breadcrumb","itemListElement":[{"@type":"ListItem","position":1,"name":"Inicio","item":"https:\/\/www.fracturaexpuesta.com.ar\/gotan\/"},{"@type":"ListItem","position":2,"name":"Di Pasquale y su orquesta: un viaje del tango hacia otros horizontes"}]},{"@type":"WebSite","@id":"https:\/\/www.fracturaexpuesta.com.ar\/gotan\/#website","url":"https:\/\/www.fracturaexpuesta.com.ar\/gotan\/","name":"Fractura Expuesta | Tango!","description":"","publisher":{"@id":"https:\/\/www.fracturaexpuesta.com.ar\/gotan\/#organization"},"potentialAction":[{"@type":"SearchAction","target":{"@type":"EntryPoint","urlTemplate":"https:\/\/www.fracturaexpuesta.com.ar\/gotan\/?s={search_term_string}"},"query-input":{"@type":"PropertyValueSpecification","valueRequired":true,"valueName":"search_term_string"}}],"inLanguage":"es-AR"},{"@type":"Organization","@id":"https:\/\/www.fracturaexpuesta.com.ar\/gotan\/#organization","name":"Fractura Expuesta | Tango!","url":"https:\/\/www.fracturaexpuesta.com.ar\/gotan\/","logo":{"@type":"ImageObject","inLanguage":"es-AR","@id":"https:\/\/www.fracturaexpuesta.com.ar\/gotan\/#\/schema\/logo\/image\/","url":"https:\/\/www.fracturaexpuesta.com.ar\/gotan\/wp-content\/uploads\/2025\/03\/avatar2centroOK.jpg","contentUrl":"https:\/\/www.fracturaexpuesta.com.ar\/gotan\/wp-content\/uploads\/2025\/03\/avatar2centroOK.jpg","width":600,"height":600,"caption":"Fractura Expuesta | Tango!"},"image":{"@id":"https:\/\/www.fracturaexpuesta.com.ar\/gotan\/#\/schema\/logo\/image\/"}},{"@type":"Person","@id":"https:\/\/www.fracturaexpuesta.com.ar\/gotan\/#\/schema\/person\/d8266939f778485b13ad2174aa9e199e","name":"Fractura Expuesta","image":{"@type":"ImageObject","inLanguage":"es-AR","@id":"https:\/\/secure.gravatar.com\/avatar\/c4bad1eb9f93dd4a42df3aa8b8e8b882ff893fcea188ee15488a845db442d7ec?s=96&d=mm&r=g","url":"https:\/\/secure.gravatar.com\/avatar\/c4bad1eb9f93dd4a42df3aa8b8e8b882ff893fcea188ee15488a845db442d7ec?s=96&d=mm&r=g","contentUrl":"https:\/\/secure.gravatar.com\/avatar\/c4bad1eb9f93dd4a42df3aa8b8e8b882ff893fcea188ee15488a845db442d7ec?s=96&d=mm&r=g","caption":"Fractura Expuesta"},"description":"Sitio de tango y noticias culturales. Desde 2003, el espacio referente del tango de estos tiempos.","sameAs":["https:\/\/www.fracturaexpuesta.com.ar","https:\/\/www.facebook.com\/fracturaexpuestaok","https:\/\/www.instagram.com\/fracturaexpuesta","https:\/\/x.com\/https:\/\/x.com\/fracturatango","https:\/\/www.youtube.com\/channel\/UCojA8Q0QDpnncOL8sfTHOHg"],"url":"https:\/\/www.fracturaexpuesta.com.ar\/gotan\/author\/fractura-expuesta\/"}]}},"_links":{"self":[{"href":"https:\/\/www.fracturaexpuesta.com.ar\/gotan\/wp-json\/wp\/v2\/posts\/6191","targetHints":{"allow":["GET"]}}],"collection":[{"href":"https:\/\/www.fracturaexpuesta.com.ar\/gotan\/wp-json\/wp\/v2\/posts"}],"about":[{"href":"https:\/\/www.fracturaexpuesta.com.ar\/gotan\/wp-json\/wp\/v2\/types\/post"}],"author":[{"embeddable":true,"href":"https:\/\/www.fracturaexpuesta.com.ar\/gotan\/wp-json\/wp\/v2\/users\/1"}],"replies":[{"embeddable":true,"href":"https:\/\/www.fracturaexpuesta.com.ar\/gotan\/wp-json\/wp\/v2\/comments?post=6191"}],"version-history":[{"count":4,"href":"https:\/\/www.fracturaexpuesta.com.ar\/gotan\/wp-json\/wp\/v2\/posts\/6191\/revisions"}],"predecessor-version":[{"id":6220,"href":"https:\/\/www.fracturaexpuesta.com.ar\/gotan\/wp-json\/wp\/v2\/posts\/6191\/revisions\/6220"}],"wp:featuredmedia":[{"embeddable":true,"href":"https:\/\/www.fracturaexpuesta.com.ar\/gotan\/wp-json\/wp\/v2\/media\/6192"}],"wp:attachment":[{"href":"https:\/\/www.fracturaexpuesta.com.ar\/gotan\/wp-json\/wp\/v2\/media?parent=6191"}],"wp:term":[{"taxonomy":"category","embeddable":true,"href":"https:\/\/www.fracturaexpuesta.com.ar\/gotan\/wp-json\/wp\/v2\/categories?post=6191"},{"taxonomy":"post_tag","embeddable":true,"href":"https:\/\/www.fracturaexpuesta.com.ar\/gotan\/wp-json\/wp\/v2\/tags?post=6191"}],"curies":[{"name":"wp","href":"https:\/\/api.w.org\/{rel}","templated":true}]}}