{"id":6206,"date":"2026-05-11T22:24:00","date_gmt":"2026-05-12T01:24:00","guid":{"rendered":"https:\/\/www.fracturaexpuesta.com.ar\/gotan\/?p=6206"},"modified":"2026-05-12T22:43:00","modified_gmt":"2026-05-13T01:43:00","slug":"tradicion-y-revolucion-del-tango-unidos-desde-el-cello-juan-sebastian-delgado","status":"publish","type":"post","link":"https:\/\/www.fracturaexpuesta.com.ar\/gotan\/tradicion-y-revolucion-del-tango-unidos-desde-el-cello-juan-sebastian-delgado\/","title":{"rendered":"Tradici\u00f3n y revoluci\u00f3n del tango, unidos desde el cello"},"content":{"rendered":"\n<p class=\"wp-block-paragraph\">El violonchelista y arreglador mendocino Juan Sebasti\u00e1n Delgado, radicado en Canad\u00e1, present\u00f3 T<em>angos imaginarios<\/em>, un \u00e1lbum que recopila dos corrientes tangueras ineludibles y que re\u00fane a destacadas figuras del g\u00e9nero como Gustavo Beytelmann, Daniel \u201cPipi\u201d Piazzolla, Marcelo Nisinman, Philippe Cohen Solal \u2014integrante de Gotan Project\u2014 y Federico D\u00edaz.<\/p>\n\n\n\n<p class=\"wp-block-paragraph\">La nueva producci\u00f3n de este instrumentista propone una mirada innovadora y sofisticada alrededor de la obra de Carlos Gardel y Astor Piazzolla. Su apuesta es una combinatoria de tradici\u00f3n y modernidad a trav\u00e9s de arreglos originales y una atenta instrumentaci\u00f3n.<\/p>\n\n\n\n<figure class=\"wp-block-image size-large\"><img loading=\"lazy\" decoding=\"async\" width=\"1024\" height=\"683\" src=\"https:\/\/www.fracturaexpuesta.com.ar\/gotan\/wp-content\/uploads\/2026\/05\/Juan-Sebastian-Delgado-3-1024x683.jpg\" alt=\"\" class=\"wp-image-6207\" srcset=\"https:\/\/www.fracturaexpuesta.com.ar\/gotan\/wp-content\/uploads\/2026\/05\/Juan-Sebastian-Delgado-3-1024x683.jpg 1024w, https:\/\/www.fracturaexpuesta.com.ar\/gotan\/wp-content\/uploads\/2026\/05\/Juan-Sebastian-Delgado-3-300x200.jpg 300w, https:\/\/www.fracturaexpuesta.com.ar\/gotan\/wp-content\/uploads\/2026\/05\/Juan-Sebastian-Delgado-3-768x512.jpg 768w, https:\/\/www.fracturaexpuesta.com.ar\/gotan\/wp-content\/uploads\/2026\/05\/Juan-Sebastian-Delgado-3-60x40.jpg 60w, https:\/\/www.fracturaexpuesta.com.ar\/gotan\/wp-content\/uploads\/2026\/05\/Juan-Sebastian-Delgado-3-720x480.jpg 720w, https:\/\/www.fracturaexpuesta.com.ar\/gotan\/wp-content\/uploads\/2026\/05\/Juan-Sebastian-Delgado-3.jpg 1200w\" sizes=\"auto, (max-width: 1024px) 100vw, 1024px\" \/><figcaption class=\"wp-element-caption\"><em><mark style=\"background-color:rgba(0, 0, 0, 0)\" class=\"has-inline-color has-cyan-bluish-gray-color\">Juan Sebasti\u00e1n Delgado<\/mark><\/em><\/figcaption><\/figure>\n\n\n\n<p class=\"wp-block-paragraph\">En cada pieza del \u00e1lbum sobresale la impronta art\u00edstica de Delgado. El cellista despliega una s\u00f3lida capacidad interpretativa y creativa para resignificar a dos grandes universos del tango. \u201cPiazzolla por la influencia del jazz y la m\u00fasica experimental y Gardel por ese lado ic\u00f3nico que tambi\u00e9n tiene. Los quise pasar por mi tamiz\u201d, dijo recientemente el m\u00fasico, en un medio argentino, sobre la elecci\u00f3n de ambos t\u00f3tems tangueros.<\/p>\n\n\n\n<p class=\"wp-block-paragraph\">Reconocido por su versatilidad, Juan Sebasti\u00e1n Delgado se ha consolidado como una de las figuras j\u00f3venes con mayor proyecci\u00f3n dentro de la m\u00fasica argentina en el exterior. Su trayectoria -toca desde los 9 a\u00f1os y su nombre remite nada m\u00e1s y nada menos que a Bach- incluye una intensa actividad en escenarios acad\u00e9micos y musicales de Estados Unidos, Europa y Canad\u00e1, donde ha recibido m\u00faltiples distinciones.<\/p>\n\n\n\n<p class=\"wp-block-paragraph\"><strong>&#8220;Jeanne y Paul&#8221; (Piazzolla) &#8211; Juan Sebasti\u00e1n Delgado y Marcelo Nisinman:<\/strong><\/p>\n\n\n\n<figure class=\"wp-block-embed is-type-video is-provider-youtube wp-block-embed-youtube wp-embed-aspect-4-3 wp-has-aspect-ratio\"><div class=\"wp-block-embed__wrapper\">\n<iframe loading=\"lazy\" title=\"Jeanne y Paul\" width=\"1170\" height=\"878\" src=\"https:\/\/www.youtube.com\/embed\/6nG9Q3XLiKk?feature=oembed\" frameborder=\"0\" allow=\"accelerometer; autoplay; clipboard-write; encrypted-media; gyroscope; picture-in-picture; web-share\" referrerpolicy=\"strict-origin-when-cross-origin\" allowfullscreen><\/iframe>\n<\/div><\/figure>\n","protected":false},"excerpt":{"rendered":"<p>Juan Sebasti\u00e1n Delgado edit\u00f3 recientemente Tangos imaginarios, una mirada sobre la obra de Gardel y Piazzolla acompa\u00f1ada por importantes m\u00fasicos.<\/p>\n","protected":false},"author":1,"featured_media":6208,"comment_status":"open","ping_status":"open","sticky":false,"template":"","format":"standard","meta":{"footnotes":""},"categories":[83],"tags":[125,177,81,272,173],"class_list":["post-6206","post","type-post","status-publish","format-standard","has-post-thumbnail","hentry","category-discos","tag-astor-piazzolla","tag-carlos-gardel","tag-discos","tag-juan-sebastian-delgado","tag-pipi-piazzolla"],"yoast_head":"<!-- This site is optimized with the Yoast SEO plugin v28.3 - https:\/\/yoast.com\/product\/yoast-seo-wordpress\/ -->\n<title>Tradici\u00f3n y revoluci\u00f3n del tango, unidos desde el cello &#187; Fractura Expuesta | Tango!<\/title>\n<meta name=\"description\" content=\"Juan Sebasti\u00e1n Delgado edit\u00f3 recientemente Tangos imaginarios, una mirada sobre la obra de Gardel y Piazzolla acompa\u00f1ada por importantes m\u00fasicos.\" \/>\n<meta name=\"robots\" content=\"index, follow, max-snippet:-1, max-image-preview:large, max-video-preview:-1\" \/>\n<link rel=\"canonical\" href=\"https:\/\/www.fracturaexpuesta.com.ar\/gotan\/tradicion-y-revolucion-del-tango-unidos-desde-el-cello-juan-sebastian-delgado\/\" \/>\n<meta property=\"og:locale\" content=\"es_ES\" \/>\n<meta property=\"og:type\" content=\"article\" \/>\n<meta property=\"og:title\" content=\"Tradici\u00f3n y revoluci\u00f3n del tango, unidos desde el cello\" \/>\n<meta property=\"og:description\" content=\"Juan Sebasti\u00e1n Delgado edit\u00f3 recientemente Tangos imaginarios, una mirada sobre la obra de Gardel y Piazzolla acompa\u00f1ada por importantes m\u00fasicos.\" \/>\n<meta property=\"og:url\" content=\"https:\/\/www.fracturaexpuesta.com.ar\/gotan\/tradicion-y-revolucion-del-tango-unidos-desde-el-cello-juan-sebastian-delgado\/\" \/>\n<meta property=\"og:site_name\" content=\"Fractura Expuesta | Tango!\" \/>\n<meta property=\"article:author\" content=\"https:\/\/www.facebook.com\/fracturaexpuestaok\" \/>\n<meta property=\"article:published_time\" content=\"2026-05-12T01:24:00+00:00\" \/>\n<meta property=\"article:modified_time\" content=\"2026-05-13T01:43:00+00:00\" \/>\n<meta property=\"og:image\" content=\"https:\/\/www.fracturaexpuesta.com.ar\/gotan\/wp-content\/uploads\/2026\/05\/Tangos-Imaginarios_album_cover.jpg\" \/>\n\t<meta property=\"og:image:width\" content=\"640\" \/>\n\t<meta property=\"og:image:height\" content=\"640\" \/>\n\t<meta property=\"og:image:type\" content=\"image\/jpeg\" \/>\n<meta name=\"author\" content=\"Fractura Expuesta\" \/>\n<meta name=\"twitter:card\" content=\"summary_large_image\" \/>\n<meta name=\"twitter:title\" content=\"Tradici\u00f3n y revoluci\u00f3n del tango, unidos desde el cello\" \/>\n<meta name=\"twitter:description\" content=\"Juan Sebasti\u00e1n Delgado edit\u00f3 recientemente Tangos imaginarios, una mirada sobre la obra de Gardel y Piazzolla acompa\u00f1ada por importantes m\u00fasicos.\" \/>\n<meta name=\"twitter:image\" content=\"https:\/\/www.fracturaexpuesta.com.ar\/gotan\/wp-content\/uploads\/2026\/05\/Tangos-Imaginarios_album_cover.jpg\" \/>\n<meta name=\"twitter:creator\" content=\"@https:\/\/x.com\/fracturatango\" \/>\n<meta name=\"twitter:label1\" content=\"Escrito por\" \/>\n\t<meta name=\"twitter:data1\" content=\"Fractura Expuesta\" \/>\n\t<meta name=\"twitter:label2\" content=\"Tiempo de lectura\" \/>\n\t<meta name=\"twitter:data2\" content=\"2 minutos\" \/>\n<script type=\"application\/ld+json\" class=\"yoast-schema-graph\">{\"@context\":\"https:\\\/\\\/schema.org\",\"@graph\":[{\"@type\":\"Article\",\"@id\":\"https:\\\/\\\/www.fracturaexpuesta.com.ar\\\/gotan\\\/tradicion-y-revolucion-del-tango-unidos-desde-el-cello-juan-sebastian-delgado\\\/#article\",\"isPartOf\":{\"@id\":\"https:\\\/\\\/www.fracturaexpuesta.com.ar\\\/gotan\\\/tradicion-y-revolucion-del-tango-unidos-desde-el-cello-juan-sebastian-delgado\\\/\"},\"author\":{\"name\":\"Fractura Expuesta\",\"@id\":\"https:\\\/\\\/www.fracturaexpuesta.com.ar\\\/gotan\\\/#\\\/schema\\\/person\\\/d8266939f778485b13ad2174aa9e199e\"},\"headline\":\"Tradici\u00f3n y revoluci\u00f3n del tango, unidos desde el cello\",\"datePublished\":\"2026-05-12T01:24:00+00:00\",\"dateModified\":\"2026-05-13T01:43:00+00:00\",\"mainEntityOfPage\":{\"@id\":\"https:\\\/\\\/www.fracturaexpuesta.com.ar\\\/gotan\\\/tradicion-y-revolucion-del-tango-unidos-desde-el-cello-juan-sebastian-delgado\\\/\"},\"wordCount\":282,\"commentCount\":0,\"publisher\":{\"@id\":\"https:\\\/\\\/www.fracturaexpuesta.com.ar\\\/gotan\\\/#organization\"},\"image\":{\"@id\":\"https:\\\/\\\/www.fracturaexpuesta.com.ar\\\/gotan\\\/tradicion-y-revolucion-del-tango-unidos-desde-el-cello-juan-sebastian-delgado\\\/#primaryimage\"},\"thumbnailUrl\":\"https:\\\/\\\/www.fracturaexpuesta.com.ar\\\/gotan\\\/wp-content\\\/uploads\\\/2026\\\/05\\\/Tangos-Imaginarios_album_cover.jpg\",\"keywords\":[\"astor piazzolla\",\"carlos gardel\",\"discos\",\"Juan Sebastian Delgado\",\"pipi piazzolla\"],\"articleSection\":[\"Discos\"],\"inLanguage\":\"es-AR\",\"potentialAction\":[{\"@type\":\"CommentAction\",\"name\":\"Comment\",\"target\":[\"https:\\\/\\\/www.fracturaexpuesta.com.ar\\\/gotan\\\/tradicion-y-revolucion-del-tango-unidos-desde-el-cello-juan-sebastian-delgado\\\/#respond\"]}]},{\"@type\":\"WebPage\",\"@id\":\"https:\\\/\\\/www.fracturaexpuesta.com.ar\\\/gotan\\\/tradicion-y-revolucion-del-tango-unidos-desde-el-cello-juan-sebastian-delgado\\\/\",\"url\":\"https:\\\/\\\/www.fracturaexpuesta.com.ar\\\/gotan\\\/tradicion-y-revolucion-del-tango-unidos-desde-el-cello-juan-sebastian-delgado\\\/\",\"name\":\"Tradici\u00f3n y revoluci\u00f3n del tango, unidos desde el cello &#187; Fractura Expuesta | Tango!\",\"isPartOf\":{\"@id\":\"https:\\\/\\\/www.fracturaexpuesta.com.ar\\\/gotan\\\/#website\"},\"primaryImageOfPage\":{\"@id\":\"https:\\\/\\\/www.fracturaexpuesta.com.ar\\\/gotan\\\/tradicion-y-revolucion-del-tango-unidos-desde-el-cello-juan-sebastian-delgado\\\/#primaryimage\"},\"image\":{\"@id\":\"https:\\\/\\\/www.fracturaexpuesta.com.ar\\\/gotan\\\/tradicion-y-revolucion-del-tango-unidos-desde-el-cello-juan-sebastian-delgado\\\/#primaryimage\"},\"thumbnailUrl\":\"https:\\\/\\\/www.fracturaexpuesta.com.ar\\\/gotan\\\/wp-content\\\/uploads\\\/2026\\\/05\\\/Tangos-Imaginarios_album_cover.jpg\",\"datePublished\":\"2026-05-12T01:24:00+00:00\",\"dateModified\":\"2026-05-13T01:43:00+00:00\",\"description\":\"Juan Sebasti\u00e1n Delgado edit\u00f3 recientemente Tangos imaginarios, una mirada sobre la obra de Gardel y Piazzolla acompa\u00f1ada por importantes m\u00fasicos.\",\"breadcrumb\":{\"@id\":\"https:\\\/\\\/www.fracturaexpuesta.com.ar\\\/gotan\\\/tradicion-y-revolucion-del-tango-unidos-desde-el-cello-juan-sebastian-delgado\\\/#breadcrumb\"},\"inLanguage\":\"es-AR\",\"potentialAction\":[{\"@type\":\"ReadAction\",\"target\":[\"https:\\\/\\\/www.fracturaexpuesta.com.ar\\\/gotan\\\/tradicion-y-revolucion-del-tango-unidos-desde-el-cello-juan-sebastian-delgado\\\/\"]}]},{\"@type\":\"ImageObject\",\"inLanguage\":\"es-AR\",\"@id\":\"https:\\\/\\\/www.fracturaexpuesta.com.ar\\\/gotan\\\/tradicion-y-revolucion-del-tango-unidos-desde-el-cello-juan-sebastian-delgado\\\/#primaryimage\",\"url\":\"https:\\\/\\\/www.fracturaexpuesta.com.ar\\\/gotan\\\/wp-content\\\/uploads\\\/2026\\\/05\\\/Tangos-Imaginarios_album_cover.jpg\",\"contentUrl\":\"https:\\\/\\\/www.fracturaexpuesta.com.ar\\\/gotan\\\/wp-content\\\/uploads\\\/2026\\\/05\\\/Tangos-Imaginarios_album_cover.jpg\",\"width\":640,\"height\":640},{\"@type\":\"BreadcrumbList\",\"@id\":\"https:\\\/\\\/www.fracturaexpuesta.com.ar\\\/gotan\\\/tradicion-y-revolucion-del-tango-unidos-desde-el-cello-juan-sebastian-delgado\\\/#breadcrumb\",\"itemListElement\":[{\"@type\":\"ListItem\",\"position\":1,\"name\":\"Inicio\",\"item\":\"https:\\\/\\\/www.fracturaexpuesta.com.ar\\\/gotan\\\/\"},{\"@type\":\"ListItem\",\"position\":2,\"name\":\"Tradici\u00f3n y revoluci\u00f3n del tango, unidos desde el cello\"}]},{\"@type\":\"WebSite\",\"@id\":\"https:\\\/\\\/www.fracturaexpuesta.com.ar\\\/gotan\\\/#website\",\"url\":\"https:\\\/\\\/www.fracturaexpuesta.com.ar\\\/gotan\\\/\",\"name\":\"Fractura Expuesta | Tango!\",\"description\":\"\",\"publisher\":{\"@id\":\"https:\\\/\\\/www.fracturaexpuesta.com.ar\\\/gotan\\\/#organization\"},\"potentialAction\":[{\"@type\":\"SearchAction\",\"target\":{\"@type\":\"EntryPoint\",\"urlTemplate\":\"https:\\\/\\\/www.fracturaexpuesta.com.ar\\\/gotan\\\/?s={search_term_string}\"},\"query-input\":{\"@type\":\"PropertyValueSpecification\",\"valueRequired\":true,\"valueName\":\"search_term_string\"}}],\"inLanguage\":\"es-AR\"},{\"@type\":\"Organization\",\"@id\":\"https:\\\/\\\/www.fracturaexpuesta.com.ar\\\/gotan\\\/#organization\",\"name\":\"Fractura Expuesta | Tango!\",\"url\":\"https:\\\/\\\/www.fracturaexpuesta.com.ar\\\/gotan\\\/\",\"logo\":{\"@type\":\"ImageObject\",\"inLanguage\":\"es-AR\",\"@id\":\"https:\\\/\\\/www.fracturaexpuesta.com.ar\\\/gotan\\\/#\\\/schema\\\/logo\\\/image\\\/\",\"url\":\"https:\\\/\\\/www.fracturaexpuesta.com.ar\\\/gotan\\\/wp-content\\\/uploads\\\/2025\\\/03\\\/avatar2centroOK.jpg\",\"contentUrl\":\"https:\\\/\\\/www.fracturaexpuesta.com.ar\\\/gotan\\\/wp-content\\\/uploads\\\/2025\\\/03\\\/avatar2centroOK.jpg\",\"width\":600,\"height\":600,\"caption\":\"Fractura Expuesta | Tango!\"},\"image\":{\"@id\":\"https:\\\/\\\/www.fracturaexpuesta.com.ar\\\/gotan\\\/#\\\/schema\\\/logo\\\/image\\\/\"}},{\"@type\":\"Person\",\"@id\":\"https:\\\/\\\/www.fracturaexpuesta.com.ar\\\/gotan\\\/#\\\/schema\\\/person\\\/d8266939f778485b13ad2174aa9e199e\",\"name\":\"Fractura Expuesta\",\"image\":{\"@type\":\"ImageObject\",\"inLanguage\":\"es-AR\",\"@id\":\"https:\\\/\\\/secure.gravatar.com\\\/avatar\\\/c4bad1eb9f93dd4a42df3aa8b8e8b882ff893fcea188ee15488a845db442d7ec?s=96&d=mm&r=g\",\"url\":\"https:\\\/\\\/secure.gravatar.com\\\/avatar\\\/c4bad1eb9f93dd4a42df3aa8b8e8b882ff893fcea188ee15488a845db442d7ec?s=96&d=mm&r=g\",\"contentUrl\":\"https:\\\/\\\/secure.gravatar.com\\\/avatar\\\/c4bad1eb9f93dd4a42df3aa8b8e8b882ff893fcea188ee15488a845db442d7ec?s=96&d=mm&r=g\",\"caption\":\"Fractura Expuesta\"},\"description\":\"Sitio de tango y noticias culturales. Desde 2003, el espacio referente del tango de estos tiempos.\",\"sameAs\":[\"https:\\\/\\\/www.fracturaexpuesta.com.ar\",\"https:\\\/\\\/www.facebook.com\\\/fracturaexpuestaok\",\"https:\\\/\\\/www.instagram.com\\\/fracturaexpuesta\",\"https:\\\/\\\/x.com\\\/https:\\\/\\\/x.com\\\/fracturatango\",\"https:\\\/\\\/www.youtube.com\\\/channel\\\/UCojA8Q0QDpnncOL8sfTHOHg\"],\"url\":\"https:\\\/\\\/www.fracturaexpuesta.com.ar\\\/gotan\\\/author\\\/fractura-expuesta\\\/\"}]}<\/script>\n<!-- \/ Yoast SEO plugin. -->","yoast_head_json":{"title":"Tradici\u00f3n y revoluci\u00f3n del tango, unidos desde el cello &#187; Fractura Expuesta | Tango!","description":"Juan Sebasti\u00e1n Delgado edit\u00f3 recientemente Tangos imaginarios, una mirada sobre la obra de Gardel y Piazzolla acompa\u00f1ada por importantes m\u00fasicos.","robots":{"index":"index","follow":"follow","max-snippet":"max-snippet:-1","max-image-preview":"max-image-preview:large","max-video-preview":"max-video-preview:-1"},"canonical":"https:\/\/www.fracturaexpuesta.com.ar\/gotan\/tradicion-y-revolucion-del-tango-unidos-desde-el-cello-juan-sebastian-delgado\/","og_locale":"es_ES","og_type":"article","og_title":"Tradici\u00f3n y revoluci\u00f3n del tango, unidos desde el cello","og_description":"Juan Sebasti\u00e1n Delgado edit\u00f3 recientemente Tangos imaginarios, una mirada sobre la obra de Gardel y Piazzolla acompa\u00f1ada por importantes m\u00fasicos.","og_url":"https:\/\/www.fracturaexpuesta.com.ar\/gotan\/tradicion-y-revolucion-del-tango-unidos-desde-el-cello-juan-sebastian-delgado\/","og_site_name":"Fractura Expuesta | Tango!","article_author":"https:\/\/www.facebook.com\/fracturaexpuestaok","article_published_time":"2026-05-12T01:24:00+00:00","article_modified_time":"2026-05-13T01:43:00+00:00","og_image":[{"width":640,"height":640,"url":"https:\/\/www.fracturaexpuesta.com.ar\/gotan\/wp-content\/uploads\/2026\/05\/Tangos-Imaginarios_album_cover.jpg","type":"image\/jpeg"}],"author":"Fractura Expuesta","twitter_card":"summary_large_image","twitter_title":"Tradici\u00f3n y revoluci\u00f3n del tango, unidos desde el cello","twitter_description":"Juan Sebasti\u00e1n Delgado edit\u00f3 recientemente Tangos imaginarios, una mirada sobre la obra de Gardel y Piazzolla acompa\u00f1ada por importantes m\u00fasicos.","twitter_image":"https:\/\/www.fracturaexpuesta.com.ar\/gotan\/wp-content\/uploads\/2026\/05\/Tangos-Imaginarios_album_cover.jpg","twitter_creator":"@https:\/\/x.com\/fracturatango","twitter_misc":{"Escrito por":"Fractura Expuesta","Tiempo de lectura":"2 minutos"},"schema":{"@context":"https:\/\/schema.org","@graph":[{"@type":"Article","@id":"https:\/\/www.fracturaexpuesta.com.ar\/gotan\/tradicion-y-revolucion-del-tango-unidos-desde-el-cello-juan-sebastian-delgado\/#article","isPartOf":{"@id":"https:\/\/www.fracturaexpuesta.com.ar\/gotan\/tradicion-y-revolucion-del-tango-unidos-desde-el-cello-juan-sebastian-delgado\/"},"author":{"name":"Fractura Expuesta","@id":"https:\/\/www.fracturaexpuesta.com.ar\/gotan\/#\/schema\/person\/d8266939f778485b13ad2174aa9e199e"},"headline":"Tradici\u00f3n y revoluci\u00f3n del tango, unidos desde el cello","datePublished":"2026-05-12T01:24:00+00:00","dateModified":"2026-05-13T01:43:00+00:00","mainEntityOfPage":{"@id":"https:\/\/www.fracturaexpuesta.com.ar\/gotan\/tradicion-y-revolucion-del-tango-unidos-desde-el-cello-juan-sebastian-delgado\/"},"wordCount":282,"commentCount":0,"publisher":{"@id":"https:\/\/www.fracturaexpuesta.com.ar\/gotan\/#organization"},"image":{"@id":"https:\/\/www.fracturaexpuesta.com.ar\/gotan\/tradicion-y-revolucion-del-tango-unidos-desde-el-cello-juan-sebastian-delgado\/#primaryimage"},"thumbnailUrl":"https:\/\/www.fracturaexpuesta.com.ar\/gotan\/wp-content\/uploads\/2026\/05\/Tangos-Imaginarios_album_cover.jpg","keywords":["astor piazzolla","carlos gardel","discos","Juan Sebastian Delgado","pipi piazzolla"],"articleSection":["Discos"],"inLanguage":"es-AR","potentialAction":[{"@type":"CommentAction","name":"Comment","target":["https:\/\/www.fracturaexpuesta.com.ar\/gotan\/tradicion-y-revolucion-del-tango-unidos-desde-el-cello-juan-sebastian-delgado\/#respond"]}]},{"@type":"WebPage","@id":"https:\/\/www.fracturaexpuesta.com.ar\/gotan\/tradicion-y-revolucion-del-tango-unidos-desde-el-cello-juan-sebastian-delgado\/","url":"https:\/\/www.fracturaexpuesta.com.ar\/gotan\/tradicion-y-revolucion-del-tango-unidos-desde-el-cello-juan-sebastian-delgado\/","name":"Tradici\u00f3n y revoluci\u00f3n del tango, unidos desde el cello &#187; Fractura Expuesta | Tango!","isPartOf":{"@id":"https:\/\/www.fracturaexpuesta.com.ar\/gotan\/#website"},"primaryImageOfPage":{"@id":"https:\/\/www.fracturaexpuesta.com.ar\/gotan\/tradicion-y-revolucion-del-tango-unidos-desde-el-cello-juan-sebastian-delgado\/#primaryimage"},"image":{"@id":"https:\/\/www.fracturaexpuesta.com.ar\/gotan\/tradicion-y-revolucion-del-tango-unidos-desde-el-cello-juan-sebastian-delgado\/#primaryimage"},"thumbnailUrl":"https:\/\/www.fracturaexpuesta.com.ar\/gotan\/wp-content\/uploads\/2026\/05\/Tangos-Imaginarios_album_cover.jpg","datePublished":"2026-05-12T01:24:00+00:00","dateModified":"2026-05-13T01:43:00+00:00","description":"Juan Sebasti\u00e1n Delgado edit\u00f3 recientemente Tangos imaginarios, una mirada sobre la obra de Gardel y Piazzolla acompa\u00f1ada por importantes m\u00fasicos.","breadcrumb":{"@id":"https:\/\/www.fracturaexpuesta.com.ar\/gotan\/tradicion-y-revolucion-del-tango-unidos-desde-el-cello-juan-sebastian-delgado\/#breadcrumb"},"inLanguage":"es-AR","potentialAction":[{"@type":"ReadAction","target":["https:\/\/www.fracturaexpuesta.com.ar\/gotan\/tradicion-y-revolucion-del-tango-unidos-desde-el-cello-juan-sebastian-delgado\/"]}]},{"@type":"ImageObject","inLanguage":"es-AR","@id":"https:\/\/www.fracturaexpuesta.com.ar\/gotan\/tradicion-y-revolucion-del-tango-unidos-desde-el-cello-juan-sebastian-delgado\/#primaryimage","url":"https:\/\/www.fracturaexpuesta.com.ar\/gotan\/wp-content\/uploads\/2026\/05\/Tangos-Imaginarios_album_cover.jpg","contentUrl":"https:\/\/www.fracturaexpuesta.com.ar\/gotan\/wp-content\/uploads\/2026\/05\/Tangos-Imaginarios_album_cover.jpg","width":640,"height":640},{"@type":"BreadcrumbList","@id":"https:\/\/www.fracturaexpuesta.com.ar\/gotan\/tradicion-y-revolucion-del-tango-unidos-desde-el-cello-juan-sebastian-delgado\/#breadcrumb","itemListElement":[{"@type":"ListItem","position":1,"name":"Inicio","item":"https:\/\/www.fracturaexpuesta.com.ar\/gotan\/"},{"@type":"ListItem","position":2,"name":"Tradici\u00f3n y revoluci\u00f3n del tango, unidos desde el cello"}]},{"@type":"WebSite","@id":"https:\/\/www.fracturaexpuesta.com.ar\/gotan\/#website","url":"https:\/\/www.fracturaexpuesta.com.ar\/gotan\/","name":"Fractura Expuesta | Tango!","description":"","publisher":{"@id":"https:\/\/www.fracturaexpuesta.com.ar\/gotan\/#organization"},"potentialAction":[{"@type":"SearchAction","target":{"@type":"EntryPoint","urlTemplate":"https:\/\/www.fracturaexpuesta.com.ar\/gotan\/?s={search_term_string}"},"query-input":{"@type":"PropertyValueSpecification","valueRequired":true,"valueName":"search_term_string"}}],"inLanguage":"es-AR"},{"@type":"Organization","@id":"https:\/\/www.fracturaexpuesta.com.ar\/gotan\/#organization","name":"Fractura Expuesta | Tango!","url":"https:\/\/www.fracturaexpuesta.com.ar\/gotan\/","logo":{"@type":"ImageObject","inLanguage":"es-AR","@id":"https:\/\/www.fracturaexpuesta.com.ar\/gotan\/#\/schema\/logo\/image\/","url":"https:\/\/www.fracturaexpuesta.com.ar\/gotan\/wp-content\/uploads\/2025\/03\/avatar2centroOK.jpg","contentUrl":"https:\/\/www.fracturaexpuesta.com.ar\/gotan\/wp-content\/uploads\/2025\/03\/avatar2centroOK.jpg","width":600,"height":600,"caption":"Fractura Expuesta | Tango!"},"image":{"@id":"https:\/\/www.fracturaexpuesta.com.ar\/gotan\/#\/schema\/logo\/image\/"}},{"@type":"Person","@id":"https:\/\/www.fracturaexpuesta.com.ar\/gotan\/#\/schema\/person\/d8266939f778485b13ad2174aa9e199e","name":"Fractura Expuesta","image":{"@type":"ImageObject","inLanguage":"es-AR","@id":"https:\/\/secure.gravatar.com\/avatar\/c4bad1eb9f93dd4a42df3aa8b8e8b882ff893fcea188ee15488a845db442d7ec?s=96&d=mm&r=g","url":"https:\/\/secure.gravatar.com\/avatar\/c4bad1eb9f93dd4a42df3aa8b8e8b882ff893fcea188ee15488a845db442d7ec?s=96&d=mm&r=g","contentUrl":"https:\/\/secure.gravatar.com\/avatar\/c4bad1eb9f93dd4a42df3aa8b8e8b882ff893fcea188ee15488a845db442d7ec?s=96&d=mm&r=g","caption":"Fractura Expuesta"},"description":"Sitio de tango y noticias culturales. Desde 2003, el espacio referente del tango de estos tiempos.","sameAs":["https:\/\/www.fracturaexpuesta.com.ar","https:\/\/www.facebook.com\/fracturaexpuestaok","https:\/\/www.instagram.com\/fracturaexpuesta","https:\/\/x.com\/https:\/\/x.com\/fracturatango","https:\/\/www.youtube.com\/channel\/UCojA8Q0QDpnncOL8sfTHOHg"],"url":"https:\/\/www.fracturaexpuesta.com.ar\/gotan\/author\/fractura-expuesta\/"}]}},"_links":{"self":[{"href":"https:\/\/www.fracturaexpuesta.com.ar\/gotan\/wp-json\/wp\/v2\/posts\/6206","targetHints":{"allow":["GET"]}}],"collection":[{"href":"https:\/\/www.fracturaexpuesta.com.ar\/gotan\/wp-json\/wp\/v2\/posts"}],"about":[{"href":"https:\/\/www.fracturaexpuesta.com.ar\/gotan\/wp-json\/wp\/v2\/types\/post"}],"author":[{"embeddable":true,"href":"https:\/\/www.fracturaexpuesta.com.ar\/gotan\/wp-json\/wp\/v2\/users\/1"}],"replies":[{"embeddable":true,"href":"https:\/\/www.fracturaexpuesta.com.ar\/gotan\/wp-json\/wp\/v2\/comments?post=6206"}],"version-history":[{"count":5,"href":"https:\/\/www.fracturaexpuesta.com.ar\/gotan\/wp-json\/wp\/v2\/posts\/6206\/revisions"}],"predecessor-version":[{"id":6219,"href":"https:\/\/www.fracturaexpuesta.com.ar\/gotan\/wp-json\/wp\/v2\/posts\/6206\/revisions\/6219"}],"wp:featuredmedia":[{"embeddable":true,"href":"https:\/\/www.fracturaexpuesta.com.ar\/gotan\/wp-json\/wp\/v2\/media\/6208"}],"wp:attachment":[{"href":"https:\/\/www.fracturaexpuesta.com.ar\/gotan\/wp-json\/wp\/v2\/media?parent=6206"}],"wp:term":[{"taxonomy":"category","embeddable":true,"href":"https:\/\/www.fracturaexpuesta.com.ar\/gotan\/wp-json\/wp\/v2\/categories?post=6206"},{"taxonomy":"post_tag","embeddable":true,"href":"https:\/\/www.fracturaexpuesta.com.ar\/gotan\/wp-json\/wp\/v2\/tags?post=6206"}],"curies":[{"name":"wp","href":"https:\/\/api.w.org\/{rel}","templated":true}]}}