{"id":6288,"date":"2026-05-20T16:09:00","date_gmt":"2026-05-20T19:09:00","guid":{"rendered":"https:\/\/www.fracturaexpuesta.com.ar\/gotan\/?p=6288"},"modified":"2026-05-20T16:14:26","modified_gmt":"2026-05-20T19:14:26","slug":"encuentro-metropolitano-de-tango-2026-el-tango-rosarino-en-primer-plano","status":"publish","type":"post","link":"https:\/\/www.fracturaexpuesta.com.ar\/gotan\/encuentro-metropolitano-de-tango-2026-el-tango-rosarino-en-primer-plano\/","title":{"rendered":"Encuentro Metropolitano de Tango 2026: el tango rosarino en primer plano"},"content":{"rendered":"\n<p class=\"wp-block-paragraph\">El tango volver\u00e1 a ocupar un lugar central en la agenda cultural rosarina con una nueva edici\u00f3n del <strong>Encuentro Metropolitano de Tango 2026<\/strong> que se desarrollar\u00e1 del <strong>21 al 25 de mayo <\/strong>en distintos espacios de la ciudad.<\/p>\n\n\n\n<p class=\"wp-block-paragraph\">La propuesta reunir\u00e1 a m\u00e1s de 200 artistas en 12 sedes y ofrecer\u00e1 una programaci\u00f3n que combinar\u00e1 m\u00fasica, danza, formaci\u00f3n y actividades abiertas al p\u00fablico.<\/p>\n\n\n\n<p class=\"wp-block-paragraph\">En esta edici\u00f3n, el tradicional encuentro adopta el nombre de <strong>Rodolfo \u201cCholo\u201d Montironi<\/strong>, en homenaje al emblem\u00e1tico bandoneonista rosarino y referente del g\u00e9nero. La decisi\u00f3n busca reconocer el legado art\u00edstico de uno de los grandes int\u00e9rpretes del fueye rosarino y su influencia en la historia del tango.<\/p>\n\n\n\n<p class=\"wp-block-paragraph\">La programaci\u00f3n incluir\u00e1 <strong>conciertos, milongas, clases, seminarios y presentaciones especiales <\/strong>en espacios culturales y escenarios p\u00fablicos de la ciudad. Entre las sedes participantes se encuentran el <strong>Centro Cultural La Casa del Tango, Galp\u00f3n 11, el Teatro Municipal La Comedia, Calle Recreativa y la pista a cielo abierto \u201cVictoria Colosio\u201d, adem\u00e1s de las tradicionales milongas Malena, La Casona, PerCanta, Nuevo Palais de Glace, Del Ovni y La Maga<\/strong>.<\/p>\n\n\n\n<p class=\"wp-block-paragraph\"><strong>R\u00edo Sur y Escolaso Tango Tr\u00edo, Malacara Tangoperro, Agust\u00edn Priotto, Madreselva, Masm\u00e9dula, Lucas Querini, Camiletti-Breventano, Los cosos de al lao, Flammarion o Lengua Sangre<\/strong> son algunos de los artistas y grupos que forman parte de una programaci\u00f3n musical diversa.<\/p>\n\n\n\n<p class=\"wp-block-paragraph\">El encuentro tambi\u00e9n ofrecer\u00e1<strong> instancias de formaci\u00f3n y reflexi\u00f3n<\/strong>. En ese marco, el historiador y ensayista <strong>Sergio Pujol<\/strong> presentar\u00e1 su libro m\u00e1s reciente, Las edades del Tango, una obra dedicada a recorrer las distintas etapas hist\u00f3ricas y culturales del g\u00e9nero.<\/p>\n\n\n\n<h2 class=\"wp-block-heading\">Rosario, el tango y el Encuentro Metropolitano<\/h2>\n\n\n\n<p class=\"wp-block-paragraph\">La relaci\u00f3n entre Rosario y el tango forma parte de una tradici\u00f3n profundamente arraigada en la identidad cultural de la ciudad. Sin embargo, el Encuentro Metropolitano no solo celebra esa historia sino tambi\u00e9n la vitalidad de una escena contempor\u00e1nea integrada por m\u00fasicos, cantantes, bailarines, docentes, gestores culturales y difusores que contin\u00faan renovando el g\u00e9nero.<\/p>\n\n\n\n<p class=\"wp-block-paragraph\">Desde su creaci\u00f3n, el evento se consolid\u00f3 como uno de los principales espacios de encuentro para la comunidad tanguera de la regi\u00f3n. La iniciativa <strong>surgi\u00f3 en 2006 <\/strong>como uno de los primeros proyectos impulsados por el Centro Cultural La Casa del Tango, dependiente de la Secretar\u00eda de Cultura y Educaci\u00f3n, con el objetivo de promover y ampliar el acceso a la cultura tanguera en toda la ciudad.<\/p>\n\n\n\n<p class=\"wp-block-paragraph\">Aquel primer encuentro reuni\u00f3 a m\u00e1s de 100 artistas en diferentes espacios culturales rosarinos y marc\u00f3 el inicio de un ciclo que, con el paso de los a\u00f1os, se transform\u00f3 en <strong>una referencia regional<\/strong> para la difusi\u00f3n y el fortalecimiento del tango en todas sus expresiones.<\/p>\n\n\n\n<div style=\"height:10px\" aria-hidden=\"true\" class=\"wp-block-spacer\"><\/div>\n","protected":false},"excerpt":{"rendered":"<p>La iniciativa que cumple 10 a\u00f1os se extender\u00e1 desde el 21 y hasta el 25 de mayo. Son m\u00e1s de 200 artistas que dan cuenta de uno de los epicentros regionales que tiene el tango.<\/p>\n","protected":false},"author":1,"featured_media":6289,"comment_status":"open","ping_status":"open","sticky":false,"template":"","format":"standard","meta":{"footnotes":""},"categories":[122],"tags":[297,296,301,300,299,294,298,292,295,293,80],"class_list":["post-6288","post","type-post","status-publish","format-standard","has-post-thumbnail","hentry","category-radar-tango","tag-agustin-priotto","tag-camiletti-breventano","tag-encuentro-metropolitano-de-tango","tag-flammarionlengua-sangre","tag-los-cosos-de-al-lao","tag-lucas-querini","tag-madreselva","tag-malacara-tangoperro","tag-masmedula","tag-rio-sur-y-escolaso-tango-trio","tag-rosario"],"yoast_head":"<!-- This site is optimized with the Yoast SEO plugin v28.3 - https:\/\/yoast.com\/product\/yoast-seo-wordpress\/ -->\n<title>Encuentro Metropolitano de Tango 2026: el tango rosarino en primer plano &#187; Fractura Expuesta | Tango!<\/title>\n<meta name=\"description\" content=\"La iniciativa que cumple 10 a\u00f1os se extender\u00e1 desde el 21 y hasta el 25 de mayo. Son m\u00e1s de 200 artistas que dan cuenta de uno de los epicentros regionales que tiene el tango.\" \/>\n<meta name=\"robots\" content=\"index, follow, max-snippet:-1, max-image-preview:large, max-video-preview:-1\" \/>\n<link rel=\"canonical\" href=\"https:\/\/www.fracturaexpuesta.com.ar\/gotan\/encuentro-metropolitano-de-tango-2026-el-tango-rosarino-en-primer-plano\/\" \/>\n<meta property=\"og:locale\" content=\"es_ES\" \/>\n<meta property=\"og:type\" content=\"article\" \/>\n<meta property=\"og:title\" content=\"Encuentro Metropolitano de Tango 2026: el tango rosarino en primer plano\" \/>\n<meta property=\"og:description\" content=\"La iniciativa que cumple 10 a\u00f1os se extender\u00e1 desde el 21 y hasta el 25 de mayo. Son m\u00e1s de 200 artistas que dan cuenta de uno de los epicentros regionales que tiene el tango.\" \/>\n<meta property=\"og:url\" content=\"https:\/\/www.fracturaexpuesta.com.ar\/gotan\/encuentro-metropolitano-de-tango-2026-el-tango-rosarino-en-primer-plano\/\" \/>\n<meta property=\"og:site_name\" content=\"Fractura Expuesta | Tango!\" \/>\n<meta property=\"article:author\" content=\"https:\/\/www.facebook.com\/fracturaexpuestaok\" \/>\n<meta property=\"article:published_time\" content=\"2026-05-20T19:09:00+00:00\" \/>\n<meta property=\"article:modified_time\" content=\"2026-05-20T19:14:26+00:00\" \/>\n<meta property=\"og:image\" content=\"https:\/\/www.fracturaexpuesta.com.ar\/gotan\/wp-content\/uploads\/2026\/05\/masmedula-tango.png\" \/>\n\t<meta property=\"og:image:width\" content=\"1080\" \/>\n\t<meta property=\"og:image:height\" content=\"657\" \/>\n\t<meta property=\"og:image:type\" content=\"image\/png\" \/>\n<meta name=\"author\" content=\"Fractura Expuesta\" \/>\n<meta name=\"twitter:card\" content=\"summary_large_image\" \/>\n<meta name=\"twitter:title\" content=\"Encuentro Metropolitano de Tango 2026: el tango rosarino en primer plano\" \/>\n<meta name=\"twitter:description\" content=\"La iniciativa que cumple 10 a\u00f1os se extender\u00e1 desde el 21 y hasta el 25 de mayo. Son m\u00e1s de 200 artistas que dan cuenta de uno de los epicentros regionales que tiene el tango.\" \/>\n<meta name=\"twitter:image\" content=\"https:\/\/www.fracturaexpuesta.com.ar\/gotan\/wp-content\/uploads\/2026\/05\/masmedula-tango.png\" \/>\n<meta name=\"twitter:creator\" content=\"@https:\/\/x.com\/fracturatango\" \/>\n<meta name=\"twitter:label1\" content=\"Escrito por\" \/>\n\t<meta name=\"twitter:data1\" content=\"Fractura Expuesta\" \/>\n\t<meta name=\"twitter:label2\" content=\"Tiempo de lectura\" \/>\n\t<meta name=\"twitter:data2\" content=\"3 minutos\" \/>\n<script type=\"application\/ld+json\" class=\"yoast-schema-graph\">{\"@context\":\"https:\\\/\\\/schema.org\",\"@graph\":[{\"@type\":\"Article\",\"@id\":\"https:\\\/\\\/www.fracturaexpuesta.com.ar\\\/gotan\\\/encuentro-metropolitano-de-tango-2026-el-tango-rosarino-en-primer-plano\\\/#article\",\"isPartOf\":{\"@id\":\"https:\\\/\\\/www.fracturaexpuesta.com.ar\\\/gotan\\\/encuentro-metropolitano-de-tango-2026-el-tango-rosarino-en-primer-plano\\\/\"},\"author\":{\"name\":\"Fractura Expuesta\",\"@id\":\"https:\\\/\\\/www.fracturaexpuesta.com.ar\\\/gotan\\\/#\\\/schema\\\/person\\\/d8266939f778485b13ad2174aa9e199e\"},\"headline\":\"Encuentro Metropolitano de Tango 2026: el tango rosarino en primer plano\",\"datePublished\":\"2026-05-20T19:09:00+00:00\",\"dateModified\":\"2026-05-20T19:14:26+00:00\",\"mainEntityOfPage\":{\"@id\":\"https:\\\/\\\/www.fracturaexpuesta.com.ar\\\/gotan\\\/encuentro-metropolitano-de-tango-2026-el-tango-rosarino-en-primer-plano\\\/\"},\"wordCount\":473,\"commentCount\":0,\"publisher\":{\"@id\":\"https:\\\/\\\/www.fracturaexpuesta.com.ar\\\/gotan\\\/#organization\"},\"image\":{\"@id\":\"https:\\\/\\\/www.fracturaexpuesta.com.ar\\\/gotan\\\/encuentro-metropolitano-de-tango-2026-el-tango-rosarino-en-primer-plano\\\/#primaryimage\"},\"thumbnailUrl\":\"https:\\\/\\\/www.fracturaexpuesta.com.ar\\\/gotan\\\/wp-content\\\/uploads\\\/2026\\\/05\\\/masmedula-tango.png\",\"keywords\":[\"Agust\u00edn Priotto\",\"Camiletti-Breventano\",\"Encuentro Metropolitano de Tango\",\"FlammarionLengua Sangre\",\"Los cosos de al lao\",\"Lucas Querini\",\"Madreselva\",\"Malacara Tangoperro\",\"Masm\u00e9dula\",\"R\u00edo Sur y Escolaso Tango Tr\u00edo\",\"rosario\"],\"articleSection\":[\"Radar Tango\"],\"inLanguage\":\"es-AR\",\"potentialAction\":[{\"@type\":\"CommentAction\",\"name\":\"Comment\",\"target\":[\"https:\\\/\\\/www.fracturaexpuesta.com.ar\\\/gotan\\\/encuentro-metropolitano-de-tango-2026-el-tango-rosarino-en-primer-plano\\\/#respond\"]}]},{\"@type\":\"WebPage\",\"@id\":\"https:\\\/\\\/www.fracturaexpuesta.com.ar\\\/gotan\\\/encuentro-metropolitano-de-tango-2026-el-tango-rosarino-en-primer-plano\\\/\",\"url\":\"https:\\\/\\\/www.fracturaexpuesta.com.ar\\\/gotan\\\/encuentro-metropolitano-de-tango-2026-el-tango-rosarino-en-primer-plano\\\/\",\"name\":\"Encuentro Metropolitano de Tango 2026: el tango rosarino en primer plano &#187; Fractura Expuesta | Tango!\",\"isPartOf\":{\"@id\":\"https:\\\/\\\/www.fracturaexpuesta.com.ar\\\/gotan\\\/#website\"},\"primaryImageOfPage\":{\"@id\":\"https:\\\/\\\/www.fracturaexpuesta.com.ar\\\/gotan\\\/encuentro-metropolitano-de-tango-2026-el-tango-rosarino-en-primer-plano\\\/#primaryimage\"},\"image\":{\"@id\":\"https:\\\/\\\/www.fracturaexpuesta.com.ar\\\/gotan\\\/encuentro-metropolitano-de-tango-2026-el-tango-rosarino-en-primer-plano\\\/#primaryimage\"},\"thumbnailUrl\":\"https:\\\/\\\/www.fracturaexpuesta.com.ar\\\/gotan\\\/wp-content\\\/uploads\\\/2026\\\/05\\\/masmedula-tango.png\",\"datePublished\":\"2026-05-20T19:09:00+00:00\",\"dateModified\":\"2026-05-20T19:14:26+00:00\",\"description\":\"La iniciativa que cumple 10 a\u00f1os se extender\u00e1 desde el 21 y hasta el 25 de mayo. Son m\u00e1s de 200 artistas que dan cuenta de uno de los epicentros regionales que tiene el tango.\",\"breadcrumb\":{\"@id\":\"https:\\\/\\\/www.fracturaexpuesta.com.ar\\\/gotan\\\/encuentro-metropolitano-de-tango-2026-el-tango-rosarino-en-primer-plano\\\/#breadcrumb\"},\"inLanguage\":\"es-AR\",\"potentialAction\":[{\"@type\":\"ReadAction\",\"target\":[\"https:\\\/\\\/www.fracturaexpuesta.com.ar\\\/gotan\\\/encuentro-metropolitano-de-tango-2026-el-tango-rosarino-en-primer-plano\\\/\"]}]},{\"@type\":\"ImageObject\",\"inLanguage\":\"es-AR\",\"@id\":\"https:\\\/\\\/www.fracturaexpuesta.com.ar\\\/gotan\\\/encuentro-metropolitano-de-tango-2026-el-tango-rosarino-en-primer-plano\\\/#primaryimage\",\"url\":\"https:\\\/\\\/www.fracturaexpuesta.com.ar\\\/gotan\\\/wp-content\\\/uploads\\\/2026\\\/05\\\/masmedula-tango.png\",\"contentUrl\":\"https:\\\/\\\/www.fracturaexpuesta.com.ar\\\/gotan\\\/wp-content\\\/uploads\\\/2026\\\/05\\\/masmedula-tango.png\",\"width\":1080,\"height\":657,\"caption\":\"Masmedula tango\"},{\"@type\":\"BreadcrumbList\",\"@id\":\"https:\\\/\\\/www.fracturaexpuesta.com.ar\\\/gotan\\\/encuentro-metropolitano-de-tango-2026-el-tango-rosarino-en-primer-plano\\\/#breadcrumb\",\"itemListElement\":[{\"@type\":\"ListItem\",\"position\":1,\"name\":\"Inicio\",\"item\":\"https:\\\/\\\/www.fracturaexpuesta.com.ar\\\/gotan\\\/\"},{\"@type\":\"ListItem\",\"position\":2,\"name\":\"Encuentro Metropolitano de Tango 2026: el tango rosarino en primer plano\"}]},{\"@type\":\"WebSite\",\"@id\":\"https:\\\/\\\/www.fracturaexpuesta.com.ar\\\/gotan\\\/#website\",\"url\":\"https:\\\/\\\/www.fracturaexpuesta.com.ar\\\/gotan\\\/\",\"name\":\"Fractura Expuesta | Tango!\",\"description\":\"\",\"publisher\":{\"@id\":\"https:\\\/\\\/www.fracturaexpuesta.com.ar\\\/gotan\\\/#organization\"},\"potentialAction\":[{\"@type\":\"SearchAction\",\"target\":{\"@type\":\"EntryPoint\",\"urlTemplate\":\"https:\\\/\\\/www.fracturaexpuesta.com.ar\\\/gotan\\\/?s={search_term_string}\"},\"query-input\":{\"@type\":\"PropertyValueSpecification\",\"valueRequired\":true,\"valueName\":\"search_term_string\"}}],\"inLanguage\":\"es-AR\"},{\"@type\":\"Organization\",\"@id\":\"https:\\\/\\\/www.fracturaexpuesta.com.ar\\\/gotan\\\/#organization\",\"name\":\"Fractura Expuesta | Tango!\",\"url\":\"https:\\\/\\\/www.fracturaexpuesta.com.ar\\\/gotan\\\/\",\"logo\":{\"@type\":\"ImageObject\",\"inLanguage\":\"es-AR\",\"@id\":\"https:\\\/\\\/www.fracturaexpuesta.com.ar\\\/gotan\\\/#\\\/schema\\\/logo\\\/image\\\/\",\"url\":\"https:\\\/\\\/www.fracturaexpuesta.com.ar\\\/gotan\\\/wp-content\\\/uploads\\\/2025\\\/03\\\/avatar2centroOK.jpg\",\"contentUrl\":\"https:\\\/\\\/www.fracturaexpuesta.com.ar\\\/gotan\\\/wp-content\\\/uploads\\\/2025\\\/03\\\/avatar2centroOK.jpg\",\"width\":600,\"height\":600,\"caption\":\"Fractura Expuesta | Tango!\"},\"image\":{\"@id\":\"https:\\\/\\\/www.fracturaexpuesta.com.ar\\\/gotan\\\/#\\\/schema\\\/logo\\\/image\\\/\"}},{\"@type\":\"Person\",\"@id\":\"https:\\\/\\\/www.fracturaexpuesta.com.ar\\\/gotan\\\/#\\\/schema\\\/person\\\/d8266939f778485b13ad2174aa9e199e\",\"name\":\"Fractura Expuesta\",\"image\":{\"@type\":\"ImageObject\",\"inLanguage\":\"es-AR\",\"@id\":\"https:\\\/\\\/secure.gravatar.com\\\/avatar\\\/c4bad1eb9f93dd4a42df3aa8b8e8b882ff893fcea188ee15488a845db442d7ec?s=96&d=mm&r=g\",\"url\":\"https:\\\/\\\/secure.gravatar.com\\\/avatar\\\/c4bad1eb9f93dd4a42df3aa8b8e8b882ff893fcea188ee15488a845db442d7ec?s=96&d=mm&r=g\",\"contentUrl\":\"https:\\\/\\\/secure.gravatar.com\\\/avatar\\\/c4bad1eb9f93dd4a42df3aa8b8e8b882ff893fcea188ee15488a845db442d7ec?s=96&d=mm&r=g\",\"caption\":\"Fractura Expuesta\"},\"description\":\"Sitio de tango y noticias culturales. Desde 2003, el espacio referente del tango de estos tiempos.\",\"sameAs\":[\"https:\\\/\\\/www.fracturaexpuesta.com.ar\",\"https:\\\/\\\/www.facebook.com\\\/fracturaexpuestaok\",\"https:\\\/\\\/www.instagram.com\\\/fracturaexpuesta\",\"https:\\\/\\\/x.com\\\/https:\\\/\\\/x.com\\\/fracturatango\",\"https:\\\/\\\/www.youtube.com\\\/channel\\\/UCojA8Q0QDpnncOL8sfTHOHg\"],\"url\":\"https:\\\/\\\/www.fracturaexpuesta.com.ar\\\/gotan\\\/author\\\/fractura-expuesta\\\/\"}]}<\/script>\n<!-- \/ Yoast SEO plugin. -->","yoast_head_json":{"title":"Encuentro Metropolitano de Tango 2026: el tango rosarino en primer plano &#187; Fractura Expuesta | Tango!","description":"La iniciativa que cumple 10 a\u00f1os se extender\u00e1 desde el 21 y hasta el 25 de mayo. Son m\u00e1s de 200 artistas que dan cuenta de uno de los epicentros regionales que tiene el tango.","robots":{"index":"index","follow":"follow","max-snippet":"max-snippet:-1","max-image-preview":"max-image-preview:large","max-video-preview":"max-video-preview:-1"},"canonical":"https:\/\/www.fracturaexpuesta.com.ar\/gotan\/encuentro-metropolitano-de-tango-2026-el-tango-rosarino-en-primer-plano\/","og_locale":"es_ES","og_type":"article","og_title":"Encuentro Metropolitano de Tango 2026: el tango rosarino en primer plano","og_description":"La iniciativa que cumple 10 a\u00f1os se extender\u00e1 desde el 21 y hasta el 25 de mayo. Son m\u00e1s de 200 artistas que dan cuenta de uno de los epicentros regionales que tiene el tango.","og_url":"https:\/\/www.fracturaexpuesta.com.ar\/gotan\/encuentro-metropolitano-de-tango-2026-el-tango-rosarino-en-primer-plano\/","og_site_name":"Fractura Expuesta | Tango!","article_author":"https:\/\/www.facebook.com\/fracturaexpuestaok","article_published_time":"2026-05-20T19:09:00+00:00","article_modified_time":"2026-05-20T19:14:26+00:00","og_image":[{"width":1080,"height":657,"url":"https:\/\/www.fracturaexpuesta.com.ar\/gotan\/wp-content\/uploads\/2026\/05\/masmedula-tango.png","type":"image\/png"}],"author":"Fractura Expuesta","twitter_card":"summary_large_image","twitter_title":"Encuentro Metropolitano de Tango 2026: el tango rosarino en primer plano","twitter_description":"La iniciativa que cumple 10 a\u00f1os se extender\u00e1 desde el 21 y hasta el 25 de mayo. Son m\u00e1s de 200 artistas que dan cuenta de uno de los epicentros regionales que tiene el tango.","twitter_image":"https:\/\/www.fracturaexpuesta.com.ar\/gotan\/wp-content\/uploads\/2026\/05\/masmedula-tango.png","twitter_creator":"@https:\/\/x.com\/fracturatango","twitter_misc":{"Escrito por":"Fractura Expuesta","Tiempo de lectura":"3 minutos"},"schema":{"@context":"https:\/\/schema.org","@graph":[{"@type":"Article","@id":"https:\/\/www.fracturaexpuesta.com.ar\/gotan\/encuentro-metropolitano-de-tango-2026-el-tango-rosarino-en-primer-plano\/#article","isPartOf":{"@id":"https:\/\/www.fracturaexpuesta.com.ar\/gotan\/encuentro-metropolitano-de-tango-2026-el-tango-rosarino-en-primer-plano\/"},"author":{"name":"Fractura Expuesta","@id":"https:\/\/www.fracturaexpuesta.com.ar\/gotan\/#\/schema\/person\/d8266939f778485b13ad2174aa9e199e"},"headline":"Encuentro Metropolitano de Tango 2026: el tango rosarino en primer plano","datePublished":"2026-05-20T19:09:00+00:00","dateModified":"2026-05-20T19:14:26+00:00","mainEntityOfPage":{"@id":"https:\/\/www.fracturaexpuesta.com.ar\/gotan\/encuentro-metropolitano-de-tango-2026-el-tango-rosarino-en-primer-plano\/"},"wordCount":473,"commentCount":0,"publisher":{"@id":"https:\/\/www.fracturaexpuesta.com.ar\/gotan\/#organization"},"image":{"@id":"https:\/\/www.fracturaexpuesta.com.ar\/gotan\/encuentro-metropolitano-de-tango-2026-el-tango-rosarino-en-primer-plano\/#primaryimage"},"thumbnailUrl":"https:\/\/www.fracturaexpuesta.com.ar\/gotan\/wp-content\/uploads\/2026\/05\/masmedula-tango.png","keywords":["Agust\u00edn Priotto","Camiletti-Breventano","Encuentro Metropolitano de Tango","FlammarionLengua Sangre","Los cosos de al lao","Lucas Querini","Madreselva","Malacara Tangoperro","Masm\u00e9dula","R\u00edo Sur y Escolaso Tango Tr\u00edo","rosario"],"articleSection":["Radar Tango"],"inLanguage":"es-AR","potentialAction":[{"@type":"CommentAction","name":"Comment","target":["https:\/\/www.fracturaexpuesta.com.ar\/gotan\/encuentro-metropolitano-de-tango-2026-el-tango-rosarino-en-primer-plano\/#respond"]}]},{"@type":"WebPage","@id":"https:\/\/www.fracturaexpuesta.com.ar\/gotan\/encuentro-metropolitano-de-tango-2026-el-tango-rosarino-en-primer-plano\/","url":"https:\/\/www.fracturaexpuesta.com.ar\/gotan\/encuentro-metropolitano-de-tango-2026-el-tango-rosarino-en-primer-plano\/","name":"Encuentro Metropolitano de Tango 2026: el tango rosarino en primer plano &#187; Fractura Expuesta | Tango!","isPartOf":{"@id":"https:\/\/www.fracturaexpuesta.com.ar\/gotan\/#website"},"primaryImageOfPage":{"@id":"https:\/\/www.fracturaexpuesta.com.ar\/gotan\/encuentro-metropolitano-de-tango-2026-el-tango-rosarino-en-primer-plano\/#primaryimage"},"image":{"@id":"https:\/\/www.fracturaexpuesta.com.ar\/gotan\/encuentro-metropolitano-de-tango-2026-el-tango-rosarino-en-primer-plano\/#primaryimage"},"thumbnailUrl":"https:\/\/www.fracturaexpuesta.com.ar\/gotan\/wp-content\/uploads\/2026\/05\/masmedula-tango.png","datePublished":"2026-05-20T19:09:00+00:00","dateModified":"2026-05-20T19:14:26+00:00","description":"La iniciativa que cumple 10 a\u00f1os se extender\u00e1 desde el 21 y hasta el 25 de mayo. Son m\u00e1s de 200 artistas que dan cuenta de uno de los epicentros regionales que tiene el tango.","breadcrumb":{"@id":"https:\/\/www.fracturaexpuesta.com.ar\/gotan\/encuentro-metropolitano-de-tango-2026-el-tango-rosarino-en-primer-plano\/#breadcrumb"},"inLanguage":"es-AR","potentialAction":[{"@type":"ReadAction","target":["https:\/\/www.fracturaexpuesta.com.ar\/gotan\/encuentro-metropolitano-de-tango-2026-el-tango-rosarino-en-primer-plano\/"]}]},{"@type":"ImageObject","inLanguage":"es-AR","@id":"https:\/\/www.fracturaexpuesta.com.ar\/gotan\/encuentro-metropolitano-de-tango-2026-el-tango-rosarino-en-primer-plano\/#primaryimage","url":"https:\/\/www.fracturaexpuesta.com.ar\/gotan\/wp-content\/uploads\/2026\/05\/masmedula-tango.png","contentUrl":"https:\/\/www.fracturaexpuesta.com.ar\/gotan\/wp-content\/uploads\/2026\/05\/masmedula-tango.png","width":1080,"height":657,"caption":"Masmedula tango"},{"@type":"BreadcrumbList","@id":"https:\/\/www.fracturaexpuesta.com.ar\/gotan\/encuentro-metropolitano-de-tango-2026-el-tango-rosarino-en-primer-plano\/#breadcrumb","itemListElement":[{"@type":"ListItem","position":1,"name":"Inicio","item":"https:\/\/www.fracturaexpuesta.com.ar\/gotan\/"},{"@type":"ListItem","position":2,"name":"Encuentro Metropolitano de Tango 2026: el tango rosarino en primer plano"}]},{"@type":"WebSite","@id":"https:\/\/www.fracturaexpuesta.com.ar\/gotan\/#website","url":"https:\/\/www.fracturaexpuesta.com.ar\/gotan\/","name":"Fractura Expuesta | Tango!","description":"","publisher":{"@id":"https:\/\/www.fracturaexpuesta.com.ar\/gotan\/#organization"},"potentialAction":[{"@type":"SearchAction","target":{"@type":"EntryPoint","urlTemplate":"https:\/\/www.fracturaexpuesta.com.ar\/gotan\/?s={search_term_string}"},"query-input":{"@type":"PropertyValueSpecification","valueRequired":true,"valueName":"search_term_string"}}],"inLanguage":"es-AR"},{"@type":"Organization","@id":"https:\/\/www.fracturaexpuesta.com.ar\/gotan\/#organization","name":"Fractura Expuesta | Tango!","url":"https:\/\/www.fracturaexpuesta.com.ar\/gotan\/","logo":{"@type":"ImageObject","inLanguage":"es-AR","@id":"https:\/\/www.fracturaexpuesta.com.ar\/gotan\/#\/schema\/logo\/image\/","url":"https:\/\/www.fracturaexpuesta.com.ar\/gotan\/wp-content\/uploads\/2025\/03\/avatar2centroOK.jpg","contentUrl":"https:\/\/www.fracturaexpuesta.com.ar\/gotan\/wp-content\/uploads\/2025\/03\/avatar2centroOK.jpg","width":600,"height":600,"caption":"Fractura Expuesta | Tango!"},"image":{"@id":"https:\/\/www.fracturaexpuesta.com.ar\/gotan\/#\/schema\/logo\/image\/"}},{"@type":"Person","@id":"https:\/\/www.fracturaexpuesta.com.ar\/gotan\/#\/schema\/person\/d8266939f778485b13ad2174aa9e199e","name":"Fractura Expuesta","image":{"@type":"ImageObject","inLanguage":"es-AR","@id":"https:\/\/secure.gravatar.com\/avatar\/c4bad1eb9f93dd4a42df3aa8b8e8b882ff893fcea188ee15488a845db442d7ec?s=96&d=mm&r=g","url":"https:\/\/secure.gravatar.com\/avatar\/c4bad1eb9f93dd4a42df3aa8b8e8b882ff893fcea188ee15488a845db442d7ec?s=96&d=mm&r=g","contentUrl":"https:\/\/secure.gravatar.com\/avatar\/c4bad1eb9f93dd4a42df3aa8b8e8b882ff893fcea188ee15488a845db442d7ec?s=96&d=mm&r=g","caption":"Fractura Expuesta"},"description":"Sitio de tango y noticias culturales. Desde 2003, el espacio referente del tango de estos tiempos.","sameAs":["https:\/\/www.fracturaexpuesta.com.ar","https:\/\/www.facebook.com\/fracturaexpuestaok","https:\/\/www.instagram.com\/fracturaexpuesta","https:\/\/x.com\/https:\/\/x.com\/fracturatango","https:\/\/www.youtube.com\/channel\/UCojA8Q0QDpnncOL8sfTHOHg"],"url":"https:\/\/www.fracturaexpuesta.com.ar\/gotan\/author\/fractura-expuesta\/"}]}},"_links":{"self":[{"href":"https:\/\/www.fracturaexpuesta.com.ar\/gotan\/wp-json\/wp\/v2\/posts\/6288","targetHints":{"allow":["GET"]}}],"collection":[{"href":"https:\/\/www.fracturaexpuesta.com.ar\/gotan\/wp-json\/wp\/v2\/posts"}],"about":[{"href":"https:\/\/www.fracturaexpuesta.com.ar\/gotan\/wp-json\/wp\/v2\/types\/post"}],"author":[{"embeddable":true,"href":"https:\/\/www.fracturaexpuesta.com.ar\/gotan\/wp-json\/wp\/v2\/users\/1"}],"replies":[{"embeddable":true,"href":"https:\/\/www.fracturaexpuesta.com.ar\/gotan\/wp-json\/wp\/v2\/comments?post=6288"}],"version-history":[{"count":7,"href":"https:\/\/www.fracturaexpuesta.com.ar\/gotan\/wp-json\/wp\/v2\/posts\/6288\/revisions"}],"predecessor-version":[{"id":6298,"href":"https:\/\/www.fracturaexpuesta.com.ar\/gotan\/wp-json\/wp\/v2\/posts\/6288\/revisions\/6298"}],"wp:featuredmedia":[{"embeddable":true,"href":"https:\/\/www.fracturaexpuesta.com.ar\/gotan\/wp-json\/wp\/v2\/media\/6289"}],"wp:attachment":[{"href":"https:\/\/www.fracturaexpuesta.com.ar\/gotan\/wp-json\/wp\/v2\/media?parent=6288"}],"wp:term":[{"taxonomy":"category","embeddable":true,"href":"https:\/\/www.fracturaexpuesta.com.ar\/gotan\/wp-json\/wp\/v2\/categories?post=6288"},{"taxonomy":"post_tag","embeddable":true,"href":"https:\/\/www.fracturaexpuesta.com.ar\/gotan\/wp-json\/wp\/v2\/tags?post=6288"}],"curies":[{"name":"wp","href":"https:\/\/api.w.org\/{rel}","templated":true}]}}